{"id":63371,"date":"2024-11-11T20:10:11","date_gmt":"2024-11-11T19:10:11","guid":{"rendered":"https:\/\/www.revistarambla.com\/?p=63371"},"modified":"2024-11-12T21:01:53","modified_gmt":"2024-11-12T20:01:53","slug":"europa-y-el-dilema-de-la-guerra-o-la-paz","status":"publish","type":"post","link":"https:\/\/www.revistarambla.com\/en\/europa-y-el-dilema-de-la-guerra-o-la-paz\/","title":{"rendered":"Europa y el dilema de la guerra o la paz"},"content":{"rendered":"<p class=\"x_1561021495ydpd360d0c9yiv0152724283ydp23f42b55yiv8548641509ydp21c8f209yiv1980424246ydp1596fb5aMsoNormal\"><b><span lang=\"ES\">El acelerado proceso de militarizaci\u00f3n de Europa en las \u00faltimas d\u00e9cadas encamina al continente hacia un callej\u00f3n sin salida. La guerra Rusia-Ucrania potencializa a\u00fan m\u00e1s esta tendencia, multiplica la espiral b\u00e9lica ascendente y esboza riesgos de consecuencias inimaginables, como el recurso a medios nucleares. Voces de la sociedad civil se alzan para exigir la b\u00fasqueda de opciones pac\u00edficas. \u201cHay que superar las pol\u00edticas belicistas hegem\u00f3nicas en la Uni\u00f3n Europea hoy, y para ello es necesario un cambio de enfoque en la seguridad continental\u201d, afirma en entrevista exclusiva Jordi Calvo Rufanges, investigador, profesor y coordinador del Centro Del\u00e0s de Estudios por la Paz, con sede en Barcelona, Espa\u00f1a. Para quien el resultado electoral en Estados Unidos del martes pasado no anticipa perspectivas positivas.<\/span><\/b><b><span lang=\"ES\">\u00a0<\/span><\/b><\/p>\n<p class=\"x_1561021495ydpd360d0c9yiv0152724283ydp23f42b55yiv8548641509ydp21c8f209yiv1980424246ydp1596fb5aMsoNormal\"><span lang=\"ES\">Las cifras de los \u00faltimos quince a\u00f1os son elocuentes: entre 2007 y el presente, el presupuesto comunitario de la Uni\u00f3n Europea para la seguridad y la defensa se ha triplicado. El programa para 2021-2027 contempla 19.500 millones de euros anuales (21.250 millones de d\u00f3lares). Sin contar los sucesivos aumentos debido a la guerra en Ucrania y el apoyo militar a Kiev, que en septiembre de 2024 alcanz\u00f3 los 39.000 millones de euros (42.500 millones de d\u00f3lares).<\/span><\/p>\n<p class=\"x_1561021495ydpd360d0c9yiv0152724283ydp23f42b55yiv8548641509ydp21c8f209yiv1980424246ydp1596fb5aMsoNormal\"><b><span lang=\"ES\">El fracaso de la opci\u00f3n b\u00e9lica<\/span><\/b><\/p>\n<p class=\"x_1561021495ydpd360d0c9yiv0152724283ydp23f42b55yiv8548641509ydp21c8f209yiv1980424246ydp1596fb5aMsoNormal\"><span lang=\"ES\">El proceso de militarizaci\u00f3n de la Uni\u00f3n Europea, sin embargo, \u201cse viene cocinando a fuego lento desde hace varios lustros y va de la mano con la propuesta de convertir al continente en un actor militar y de poder de primer nivel mundial\u201d, explica Calvo, uno de los cinco investigadores del Centro Del\u00e0s que produjeron juntamente con la Red Europea contra el Comercio de Armas (ENNAT, su sigla en ingl\u00e9s), el informe Por una pol\u00edtica de paz y desarme en Europa<i>. Propuestas para una Europa de la distensi<\/i>\u00f3n<i>, la paz y la seguridad compartida. <\/i>Dicha publicaci\u00f3n sali\u00f3 a la luz p\u00fablica la segunda quincena de octubre del a\u00f1o en curso (<\/span><i><span lang=\"ES\"><a href=\"https:\/\/centredelas.org\/publicacions\/peaceanddisarmamentineurope\/?lang=es\" target=\"_blank\" rel=\"nofollow noopener\">https:\/\/centredelas.org\/publicacions\/peaceanddisarmamentineurope\/?lang=es<\/a><\/span><\/i><span lang=\"ES\">).<\/span><\/p>\n<p class=\"x_1561021495ydpd360d0c9yiv0152724283ydp23f42b55yiv8548641509ydp21c8f209yiv1980424246ydp1596fb5aMsoNormal\"><span lang=\"ES\">Es parad\u00f3jico, reflexiona Calvo, que este proceso que pretend\u00eda reforzar la defensa y la seguridad del continente no haya logrado evitar la guerra en la propia Europa. Y en paralelo, \u201ceste gran fracaso se ve acompa\u00f1ado de una preocupante amenaza contra la democracia, como es el crecimiento de la extrema derecha, con su lenguaje de odio, xenofobia y racismo y sus propuestas de levantar nuevas fronteras y expulsar a los migrantes\u201d.<\/span><\/p>\n<p class=\"x_1561021495ydpd360d0c9yiv0152724283ydp23f42b55yiv8548641509ydp21c8f209yiv1980424246ydp1596fb5aMsoNormal\"><span lang=\"ES\">Para Jordi Calvo, la decisi\u00f3n de militarizar cada pa\u00eds del continente y la Uni\u00f3n Europea en su conjunto crea un marco que se asemeja mucho al contexto hist\u00f3rico que luego desemboc\u00f3 en la Segunda Guerra Mundial, \u201ccon argumentos y slogans de intolerancia y rechazo al ser humano diferente que abrieron las puertas a ese tremendo conflicto b\u00e9lico\u201d. <\/span><\/p>\n<p class=\"x_1561021495ydpd360d0c9yiv0152724283ydp23f42b55yiv8548641509ydp21c8f209yiv1980424246ydp1596fb5aMsoNormal\"><span lang=\"ES\">En la actualidad se da en un escenario pol\u00edtico continental marcado por el ascenso de fuerzas de extrema derecha que llegan al gobierno como en Italia, Hungr\u00eda y otros pa\u00edses o bien que se consolidan como alternativa posible de gobierno, como [Marine] Le Pen en Francia, o que se proyectan como oposici\u00f3n <i>anti-todo<\/i>, al estilo de Vox en Espa\u00f1a. Al mismo tiempo, los partidos de centro y de izquierda, gubernamentales o no, han sido arrastrados hacia posiciones conservadoras y llegan a aplicar, de igual forma que la derecha, pol\u00edticas que atentan contra los servicios p\u00fablicos y el Estado social (como la salud y la educaci\u00f3n p\u00fablicas) as\u00ed como de reducci\u00f3n de la cooperaci\u00f3n al desarrollo. Es decir, se percibe que los sectores m\u00e1s b\u00e9licos y reaccionarios de nuestras sociedades son los que por el momento se imponen en el debate cultural y el relato ideol\u00f3gico predominante y determinan d\u00f3nde colocar el cursor pol\u00edtico. \u201cComo que estuvieran preparando todo para una hipot\u00e9tica nueva guerra. Me pregunto si, en realidad, no ser\u00e1 ese el objetivo \u00faltimo al que quieren llegar\u201d, comenta Calvo con preocupaci\u00f3n.<b><\/b><\/span><\/p>\n<p class=\"x_1561021495ydpd360d0c9yiv0152724283ydp23f42b55yiv8548641509ydp21c8f209yiv1980424246ydp1596fb5aMsoNormal\"><b><span lang=\"ES\">M\u00e1s armas, menos autonom\u00eda<\/span><\/b><\/p>\n<p class=\"x_1561021495ydpd360d0c9yiv0152724283ydp23f42b55yiv8548641509ydp21c8f209yiv1980424246ydp1596fb5aMsoNormal\"><span lang=\"ES\">En su an\u00e1lisis, el militante pacifista identifica un segundo elemento clave: el hecho de que las doctrinas de seguridad y de defensa se desarrollaron bajo el precepto de conseguir mayor autonom\u00eda para Europa. Sin embargo, \u201cla actual propuesta de la Uni\u00f3n Europea no habla de ninguna autonom\u00eda real en materia de seguridad con respecto a Estados Unidos, m\u00e1s all\u00e1 de lo que aparentemente pueda mostrar un presupuesto comunitario y el de cada uno de sus estados miembros, cada vez mayor\u201d.\u00a0 <\/span><\/p>\n<p class=\"x_1561021495ydpd360d0c9yiv0152724283ydp23f42b55yiv8548641509ydp21c8f209yiv1980424246ydp1596fb5aMsoNormal\"><span lang=\"ES\">Seg\u00fan Calvo, la influencia de Estados Unidos y de la OTAN no ha facilitado la construcci\u00f3n de la paz en el Viejo Mundo. Por el contrario, la militarizaci\u00f3n ilimitada del bloque occidental promovida por la OTAN ha aumentado la percepci\u00f3n de amenaza de parte de sus hipot\u00e9ticos rivales, como Rusia o China. Como resultado, argumenta, \u201cel aumento del presupuesto militar comunitario multiplica los beneficios de empresas de armas a ambos lados del Atl\u00e1ntico\u201d.<\/span><\/p>\n<p class=\"x_1561021495ydpd360d0c9yiv0152724283ydp23f42b55yiv8548641509ydp21c8f209yiv1980424246ydp1596fb5aMsoNormal\"><span lang=\"ES\">Por otra parte, sostiene el informe, el Nuevo Concepto Estrat\u00e9gico de la OTAN aprobado en 2022 actualiza el concepto militar de disuasi\u00f3n y enumera los medios que hay que desarrollar para aplicarlo: \u201cLa postura de disuasi\u00f3n y defensa de la OTAN se basa en una adecuada combinaci\u00f3n de medios de defensa nuclear, convencional y antimisiles, complementada con medios espaciales y cibern\u00e9ticos\u201d. La OTAN anticipa que \u201cReforzaremos significativamente nuestra postura de disuasi\u00f3n y defensa para privar a cualquier adversario en potencia de cualquier oportunidad de agresi\u00f3n. A tal fin, nos aseguraremos una presencia significativa y persistente en tierra, mar y aire, incluso mediante una defensa antia\u00e9rea y antimisiles integrada y reforzada\u201d. <\/span><\/p>\n<p class=\"x_1561021495ydpd360d0c9yiv0152724283ydp23f42b55yiv8548641509ydp21c8f209yiv1980424246ydp1596fb5aMsoNormal\"><span lang=\"ES\">La impresionante fortaleza militar europea sigue en construcci\u00f3n, aunque la permeabilidad de sus fronteras terrestres y marinas, as\u00ed como la proximidad de escenarios de guerra &#8211;ll\u00e1mese Ucrania o Medio Oriente&#8211; desnudan su fragilidad. Espec\u00edficamente con respecto a Palestina, el Centro Del\u00e0s public\u00f3 hace unos meses su informe <\/span><i><span lang=\"ES\">La Banca Armada y su corresponsabilidad en el genocidio en Gaza. La financiaci\u00f3n de las empresas que fabrican las armas usadas en las masacres contra la poblaci\u00f3n palestina<\/span><\/i><span lang=\"ES\">. El mismo pone <\/span><span lang=\"ES\">el foco en el negocio de los bancos y las empresas de armas que est\u00e1n lucrando gracias a la ofensiva israel\u00ed contra Gaza (<\/span><i><span lang=\"ES\"><a href=\"https:\/\/centredelas.org\/publicacions\/bancaarmadaigenocidi\/?lang=en\" target=\"_blank\" rel=\"nofollow noopener\">https:\/\/centredelas.org\/publicacions\/bancaarmadaigenocidi\/?lang=en<\/a><\/span><\/i><span lang=\"ES\">).<\/span><\/p>\n<p class=\"x_1561021495ydpd360d0c9yiv0152724283ydp23f42b55yiv8548641509ydp21c8f209yiv1980424246ydp1596fb5aMsoNormal\"><b><span lang=\"ES\">Promover el paradigma de paz con justicia<\/span><\/b><\/p>\n<p class=\"x_1561021495ydpd360d0c9yiv0152724283ydp23f42b55yiv8548641509ydp21c8f209yiv1980424246ydp1596fb5aMsoNormal\"><span lang=\"ES\">La seguridad del continente europeo ha estado en manos de la OTAN desde el final de la Segunda Guerra Mundial. Pero este modelo no ha logrado crear un marco real de seguridad, reitera Jordi Calvo. Quien subraya que, tras una la disoluci\u00f3n de la Uni\u00f3n Sovi\u00e9tica, la OTAN aprovech\u00f3 la debilidad de su enemigo tradicional para incorporar a antiguos aliados de Rusia a la organizaci\u00f3n militar atl\u00e1ntica, \u201celiminando as\u00ed cualquier posibilidad de avanzar hacia la construcci\u00f3n de la Casa Com\u00fan Europea de la cual hablaba Mija\u00edl Gorbachov, el \u00faltimo l\u00edder sovi\u00e9tico y promotor de la disoluci\u00f3n de la URSS\u201d. Y de esta manera \u201cse desaprovech\u00f3 ese que hubiera sido el mejor momento de dibujar consensualmente un escenario de paz\u201d. <\/span><\/p>\n<p class=\"x_1561021495ydpd360d0c9yiv0152724283ydp23f42b55yiv8548641509ydp21c8f209yiv1980424246ydp1596fb5aMsoNormal\"><span lang=\"ES\">En ese sentido, asegura el coordinador del Centro Del\u00e0s, seguir apostando a intensificar los medios militares para alcanzar la paz en Europa no supondr\u00eda ninguna diferencia con el modelo propuesto hasta hoy bajo la tutela de la OTAN. Si bien la autonom\u00eda europea es esencial, el actual paradigma defensivo de la Uni\u00f3n Europea no propone ninguna autonom\u00eda militar real respecto de los Estados Unidos. <\/span><\/p>\n<p class=\"x_1561021495ydpd360d0c9yiv0152724283ydp23f42b55yiv8548641509ydp21c8f209yiv1980424246ydp1596fb5aMsoNormal\"><span lang=\"ES\">La reciente victoria electoral de Donald Trump, \u201cseguramente servir\u00e1 para justificar mayores aumentos en los presupuestos militares europeos bajo la premisa de una improbable ruptura de Trump con sus aliados de la OTAN\u201d, afirma Calvo. Con el posible resultado de que \u201cuna parte considerable de dichos aumentos se destine a la adquisici\u00f3n de armamento estadounidense. Este ha sido, quiz\u00e1s, el objetivo principal de los presidentes norteamericanos que han exigido reiteradamente que los Estados europeos asignen el 2% de sus respectivos PIB al gasto militar\u201d, completa.<\/span><b><\/b><\/p>\n<p class=\"x_1561021495ydpd360d0c9yiv0152724283ydp23f42b55yiv8548641509ydp21c8f209yiv1980424246ydp1596fb5aMsoNormal\"><span lang=\"ES\">A pesar de los oscuros nubarrones que marcan hoy la geopol\u00edtica mundial, la b\u00fasqueda de opciones se convierte casi en una obsesi\u00f3n para amplios sectores de la sociedad civil europea &#8211;y mundial&#8211; que creen que existen alternativas pac\u00edficas posibles y necesarias. Como las 300 organizaciones espa\u00f1olas part\u00edcipes en la Campa\u00f1a <i>No a la militarizaci\u00f3n, no a la guerra<\/i>, movimiento que procura extenderse al resto del continente. Dentro de este mismo contexto, el Centro Del\u00e0s aclara a trav\u00e9s de su coordinador que \u201csomos pacifistas, lo venimos demostrando desde hace 25 a\u00f1os. Estamos contra cualquier guerra, de igual forma que nos expresamos contra la agresi\u00f3n de Rusia a Ucrania\u201d.<\/span><\/p>\n<p>Jordi Calvo sostiene que existen posibilidades de una visi\u00f3n diferente de seguridad para Europa. Por ejemplo, implicar\u00eda promover el enfoque de Seguridad Humana que propone una seguridad centrada en el desarrollo de las personas, no en la seguridad nacional (de Estado). El mismo, debe basarse en la cooperaci\u00f3n, el multilateralismo, los derechos humanos y la construcci\u00f3n de la paz.\u00a0 O bien el enfoque de Seguridad feminista, que propone acabar con la marginaci\u00f3n de las mujeres, agregando el g\u00e9nero como categor\u00eda de an\u00e1lisis para construir seguridad a partir de los principios del cuidado y respeto en un marco inclusivo y ecofeminista. Sin subestimar, adem\u00e1s, la seguridad verde para Europa, que busca superar el antropocentrismo hacia una protecci\u00f3n del medio ambiente en su conjunto, de la biosfera, ecol\u00f3gicamente sostenible\u201d.<\/p>\n<p class=\"x_1561021495ydpd360d0c9yiv0152724283ydp23f42b55yiv8548641509ydp21c8f209yiv1980424246ydp1596fb5aMsoNormal\"><span lang=\"ES\">\u00bfSe trata solo de conceptos o constituyen pistas concretas para un cambio de fondo del paradigma militarista actual?, preguntamos. Calvo responde enf\u00e1ticamente: \u201cNecesitamos voluntad pol\u00edtica y un cambio de enfoque en la seguridad europea, [la cual] debe incorporar una visi\u00f3n de cultura de paz que permita superar la seguridad belicista y militarizada actual\u201d. En el horizonte, y como desaf\u00edo, tanto para el Centro Del\u00e0s como para muchos otros movimientos pacifistas continentales, se trata de apostar a una paz positiva, con justicia estructural, que promueva una nueva cultura no violenta y que logre el fin de los conflictos por medios pac\u00edficos. Calvo sugiere la mejor manera de lograrlo: \u201cEn la pr\u00e1ctica, significa alejarse de la dominaci\u00f3n y la hegemon\u00eda del poder y en potenciar la comunicaci\u00f3n, la coordinaci\u00f3n y la empat\u00eda entre los pueblos, con justicia global, internacionalismo, cooperaci\u00f3n, intercambios comerciales justos y descolonizaci\u00f3n real, sin patriarcado\u201d. <\/span><\/p>\n<p class=\"x_1561021495ydpd360d0c9yiv0152724283ydp23f42b55yiv8548641509ydp21c8f209yiv1980424246ydp1596fb5aMsoNormal\"><span lang=\"ES\">En cuanto a las relaciones internacionales concretas, la tarea de construir la paz, explica Calvo, significa \u201cromper esquemas, volver a hablar de la Gran Europa, abandonar las v\u00edas militares y construir un proyecto de convivencia que incluya a todos, incluso a Rusia\u201d. Lo que est\u00e1 en juego, concluye el militante pacifista valenciano, \u201ces la sobrevivencia misma del continente y del planeta y en poder ofrecerles a nuestros hijas, hijos, nietas y nietos una perspectiva de vida sin guerra\u201d.<\/span><\/p>\n","protected":false},"excerpt":{"rendered":"<p>Entrevista con el militante pacifista espa\u00f1ol Jordi Calvo<\/p>","protected":false},"author":24,"featured_media":63372,"comment_status":"closed","ping_status":"closed","sticky":false,"template":"","format":"standard","meta":{"footnotes":""},"categories":[4108],"tags":[],"class_list":["post-63371","post","type-post","status-publish","format-standard","has-post-thumbnail","hentry","category-el-apunte-de-sergio-ferrari"],"yoast_head":"<!-- This site is optimized with the Yoast SEO plugin v27.5 - https:\/\/yoast.com\/product\/yoast-seo-wordpress\/ -->\n<title>Europa y el dilema de la guerra o la paz - Revista Rambla<\/title>\n<meta name=\"robots\" content=\"index, follow, max-snippet:-1, max-image-preview:large, max-video-preview:-1\" \/>\n<link rel=\"canonical\" href=\"https:\/\/www.revistarambla.com\/en\/europa-y-el-dilema-de-la-guerra-o-la-paz\/\" \/>\n<meta property=\"og:locale\" content=\"en_GB\" \/>\n<meta property=\"og:type\" content=\"article\" \/>\n<meta property=\"og:title\" content=\"Europa y el dilema de la guerra o la paz - Revista Rambla\" \/>\n<meta property=\"og:description\" content=\"Entrevista con el militante pacifista espa\u00f1ol Jordi Calvo\" \/>\n<meta property=\"og:url\" content=\"https:\/\/www.revistarambla.com\/en\/europa-y-el-dilema-de-la-guerra-o-la-paz\/\" \/>\n<meta property=\"og:site_name\" content=\"Revista Rambla\" \/>\n<meta property=\"article:publisher\" content=\"https:\/\/www.facebook.com\/revistarambla\/\" \/>\n<meta property=\"article:author\" content=\"https:\/\/www.facebook.com\/sergio.ferrari.9655\" \/>\n<meta property=\"article:published_time\" content=\"2024-11-11T19:10:11+00:00\" \/>\n<meta property=\"article:modified_time\" content=\"2024-11-12T20:01:53+00:00\" \/>\n<meta property=\"og:image\" content=\"https:\/\/www.revistarambla.com\/wp-content\/uploads\/2024\/11\/Jordi-Calvo-coordina-el-Centro-Delas-asi-como-la-Global-Campaign-on-Military-Spending.-Foto-Dentro-Delas.jpg\" \/>\n\t<meta property=\"og:image:width\" content=\"962\" \/>\n\t<meta property=\"og:image:height\" content=\"768\" \/>\n\t<meta property=\"og:image:type\" content=\"image\/jpeg\" \/>\n<meta name=\"author\" content=\"Sergio Ferrari\" \/>\n<meta name=\"twitter:card\" content=\"summary_large_image\" \/>\n<meta name=\"twitter:creator\" content=\"@SergiooFerrari\" \/>\n<meta name=\"twitter:site\" content=\"@revistarambla\" \/>\n<meta name=\"twitter:label1\" content=\"Written by\" \/>\n\t<meta name=\"twitter:data1\" content=\"Sergio Ferrari\" \/>\n\t<meta name=\"twitter:label2\" content=\"Estimated reading time\" \/>\n\t<meta name=\"twitter:data2\" content=\"9 minutes\" \/>\n<script type=\"application\/ld+json\" class=\"yoast-schema-graph\">{\"@context\":\"https:\\\/\\\/schema.org\",\"@graph\":[{\"@type\":\"Article\",\"@id\":\"https:\\\/\\\/www.revistarambla.com\\\/europa-y-el-dilema-de-la-guerra-o-la-paz\\\/#article\",\"isPartOf\":{\"@id\":\"https:\\\/\\\/www.revistarambla.com\\\/europa-y-el-dilema-de-la-guerra-o-la-paz\\\/\"},\"author\":{\"name\":\"Sergio Ferrari\",\"@id\":\"https:\\\/\\\/www.revistarambla.com\\\/#\\\/schema\\\/person\\\/339e2410a25811f9912d8a8551fa5d96\"},\"headline\":\"Europa y el dilema de la guerra o la paz\",\"datePublished\":\"2024-11-11T19:10:11+00:00\",\"dateModified\":\"2024-11-12T20:01:53+00:00\",\"mainEntityOfPage\":{\"@id\":\"https:\\\/\\\/www.revistarambla.com\\\/europa-y-el-dilema-de-la-guerra-o-la-paz\\\/\"},\"wordCount\":1877,\"publisher\":{\"@id\":\"https:\\\/\\\/www.revistarambla.com\\\/#organization\"},\"image\":{\"@id\":\"https:\\\/\\\/www.revistarambla.com\\\/europa-y-el-dilema-de-la-guerra-o-la-paz\\\/#primaryimage\"},\"thumbnailUrl\":\"https:\\\/\\\/www.revistarambla.com\\\/wp-content\\\/uploads\\\/2024\\\/11\\\/Jordi-Calvo-coordina-el-Centro-Delas-asi-como-la-Global-Campaign-on-Military-Spending.-Foto-Dentro-Delas.jpg\",\"articleSection\":[\"El Apunte\"],\"inLanguage\":\"en-GB\"},{\"@type\":\"WebPage\",\"@id\":\"https:\\\/\\\/www.revistarambla.com\\\/europa-y-el-dilema-de-la-guerra-o-la-paz\\\/\",\"url\":\"https:\\\/\\\/www.revistarambla.com\\\/europa-y-el-dilema-de-la-guerra-o-la-paz\\\/\",\"name\":\"Europa y el dilema de la guerra o la paz - Revista Rambla\",\"isPartOf\":{\"@id\":\"https:\\\/\\\/www.revistarambla.com\\\/#website\"},\"primaryImageOfPage\":{\"@id\":\"https:\\\/\\\/www.revistarambla.com\\\/europa-y-el-dilema-de-la-guerra-o-la-paz\\\/#primaryimage\"},\"image\":{\"@id\":\"https:\\\/\\\/www.revistarambla.com\\\/europa-y-el-dilema-de-la-guerra-o-la-paz\\\/#primaryimage\"},\"thumbnailUrl\":\"https:\\\/\\\/www.revistarambla.com\\\/wp-content\\\/uploads\\\/2024\\\/11\\\/Jordi-Calvo-coordina-el-Centro-Delas-asi-como-la-Global-Campaign-on-Military-Spending.-Foto-Dentro-Delas.jpg\",\"datePublished\":\"2024-11-11T19:10:11+00:00\",\"dateModified\":\"2024-11-12T20:01:53+00:00\",\"breadcrumb\":{\"@id\":\"https:\\\/\\\/www.revistarambla.com\\\/europa-y-el-dilema-de-la-guerra-o-la-paz\\\/#breadcrumb\"},\"inLanguage\":\"en-GB\",\"potentialAction\":[{\"@type\":\"ReadAction\",\"target\":[\"https:\\\/\\\/www.revistarambla.com\\\/europa-y-el-dilema-de-la-guerra-o-la-paz\\\/\"]}]},{\"@type\":\"ImageObject\",\"inLanguage\":\"en-GB\",\"@id\":\"https:\\\/\\\/www.revistarambla.com\\\/europa-y-el-dilema-de-la-guerra-o-la-paz\\\/#primaryimage\",\"url\":\"https:\\\/\\\/www.revistarambla.com\\\/wp-content\\\/uploads\\\/2024\\\/11\\\/Jordi-Calvo-coordina-el-Centro-Delas-asi-como-la-Global-Campaign-on-Military-Spending.-Foto-Dentro-Delas.jpg\",\"contentUrl\":\"https:\\\/\\\/www.revistarambla.com\\\/wp-content\\\/uploads\\\/2024\\\/11\\\/Jordi-Calvo-coordina-el-Centro-Delas-asi-como-la-Global-Campaign-on-Military-Spending.-Foto-Dentro-Delas.jpg\",\"width\":962,\"height\":768,\"caption\":\"Jordi Calvo\"},{\"@type\":\"BreadcrumbList\",\"@id\":\"https:\\\/\\\/www.revistarambla.com\\\/europa-y-el-dilema-de-la-guerra-o-la-paz\\\/#breadcrumb\",\"itemListElement\":[{\"@type\":\"ListItem\",\"position\":1,\"name\":\"Portada\",\"item\":\"https:\\\/\\\/www.revistarambla.com\\\/\"},{\"@type\":\"ListItem\",\"position\":2,\"name\":\"Europa y el dilema de la guerra o la paz\"}]},{\"@type\":\"WebSite\",\"@id\":\"https:\\\/\\\/www.revistarambla.com\\\/#website\",\"url\":\"https:\\\/\\\/www.revistarambla.com\\\/\",\"name\":\"Revista Rambla Barcelona\",\"description\":\"Periodismo independiente\",\"publisher\":{\"@id\":\"https:\\\/\\\/www.revistarambla.com\\\/#organization\"},\"potentialAction\":[{\"@type\":\"SearchAction\",\"target\":{\"@type\":\"EntryPoint\",\"urlTemplate\":\"https:\\\/\\\/www.revistarambla.com\\\/?s={search_term_string}\"},\"query-input\":{\"@type\":\"PropertyValueSpecification\",\"valueRequired\":true,\"valueName\":\"search_term_string\"}}],\"inLanguage\":\"en-GB\"},{\"@type\":\"Organization\",\"@id\":\"https:\\\/\\\/www.revistarambla.com\\\/#organization\",\"name\":\"Revista Rambla\",\"url\":\"https:\\\/\\\/www.revistarambla.com\\\/\",\"logo\":{\"@type\":\"ImageObject\",\"inLanguage\":\"en-GB\",\"@id\":\"https:\\\/\\\/www.revistarambla.com\\\/#\\\/schema\\\/logo\\\/image\\\/\",\"url\":\"https:\\\/\\\/www.revistarambla.com\\\/wp-content\\\/uploads\\\/2020\\\/09\\\/banner_rambla_1900x600_BB.png\",\"contentUrl\":\"https:\\\/\\\/www.revistarambla.com\\\/wp-content\\\/uploads\\\/2020\\\/09\\\/banner_rambla_1900x600_BB.png\",\"width\":1900,\"height\":600,\"caption\":\"Revista Rambla\"},\"image\":{\"@id\":\"https:\\\/\\\/www.revistarambla.com\\\/#\\\/schema\\\/logo\\\/image\\\/\"},\"sameAs\":[\"https:\\\/\\\/www.facebook.com\\\/revistarambla\\\/\",\"https:\\\/\\\/x.com\\\/revistarambla\",\"https:\\\/\\\/www.instagram.com\\\/revista_rambla\",\"https:\\\/\\\/es.linkedin.com\\\/company\\\/revista-rambla\"]},{\"@type\":\"Person\",\"@id\":\"https:\\\/\\\/www.revistarambla.com\\\/#\\\/schema\\\/person\\\/339e2410a25811f9912d8a8551fa5d96\",\"name\":\"Sergio Ferrari\",\"description\":\"Periodista argentino radicado en Berna, Suiza. Acreditado ante el Gobierno suizo. Colaborador regular de numerosos medios latinoamericanos y europeos.\",\"sameAs\":[\"https:\\\/\\\/www.voltairenet.org\\\/auteur120173.html?lang=es\",\"https:\\\/\\\/www.facebook.com\\\/sergio.ferrari.9655\",\"https:\\\/\\\/x.com\\\/SergiooFerrari\"]}]}<\/script>\n<!-- \/ Yoast SEO plugin. -->","yoast_head_json":{"title":"Europa y el dilema de la guerra o la paz - Revista Rambla","robots":{"index":"index","follow":"follow","max-snippet":"max-snippet:-1","max-image-preview":"max-image-preview:large","max-video-preview":"max-video-preview:-1"},"canonical":"https:\/\/www.revistarambla.com\/en\/europa-y-el-dilema-de-la-guerra-o-la-paz\/","og_locale":"en_GB","og_type":"article","og_title":"Europa y el dilema de la guerra o la paz - Revista Rambla","og_description":"Entrevista con el militante pacifista espa\u00f1ol Jordi Calvo","og_url":"https:\/\/www.revistarambla.com\/en\/europa-y-el-dilema-de-la-guerra-o-la-paz\/","og_site_name":"Revista Rambla","article_publisher":"https:\/\/www.facebook.com\/revistarambla\/","article_author":"https:\/\/www.facebook.com\/sergio.ferrari.9655","article_published_time":"2024-11-11T19:10:11+00:00","article_modified_time":"2024-11-12T20:01:53+00:00","og_image":[{"width":962,"height":768,"url":"https:\/\/www.revistarambla.com\/wp-content\/uploads\/2024\/11\/Jordi-Calvo-coordina-el-Centro-Delas-asi-como-la-Global-Campaign-on-Military-Spending.-Foto-Dentro-Delas.jpg","type":"image\/jpeg"}],"author":"Sergio Ferrari","twitter_card":"summary_large_image","twitter_creator":"@SergiooFerrari","twitter_site":"@revistarambla","twitter_misc":{"Written by":"Sergio Ferrari","Estimated reading time":"9 minutes"},"schema":{"@context":"https:\/\/schema.org","@graph":[{"@type":"Article","@id":"https:\/\/www.revistarambla.com\/europa-y-el-dilema-de-la-guerra-o-la-paz\/#article","isPartOf":{"@id":"https:\/\/www.revistarambla.com\/europa-y-el-dilema-de-la-guerra-o-la-paz\/"},"author":{"name":"Sergio Ferrari","@id":"https:\/\/www.revistarambla.com\/#\/schema\/person\/339e2410a25811f9912d8a8551fa5d96"},"headline":"Europa y el dilema de la guerra o la paz","datePublished":"2024-11-11T19:10:11+00:00","dateModified":"2024-11-12T20:01:53+00:00","mainEntityOfPage":{"@id":"https:\/\/www.revistarambla.com\/europa-y-el-dilema-de-la-guerra-o-la-paz\/"},"wordCount":1877,"publisher":{"@id":"https:\/\/www.revistarambla.com\/#organization"},"image":{"@id":"https:\/\/www.revistarambla.com\/europa-y-el-dilema-de-la-guerra-o-la-paz\/#primaryimage"},"thumbnailUrl":"https:\/\/www.revistarambla.com\/wp-content\/uploads\/2024\/11\/Jordi-Calvo-coordina-el-Centro-Delas-asi-como-la-Global-Campaign-on-Military-Spending.-Foto-Dentro-Delas.jpg","articleSection":["El Apunte"],"inLanguage":"en-GB"},{"@type":"WebPage","@id":"https:\/\/www.revistarambla.com\/europa-y-el-dilema-de-la-guerra-o-la-paz\/","url":"https:\/\/www.revistarambla.com\/europa-y-el-dilema-de-la-guerra-o-la-paz\/","name":"Europa y el dilema de la guerra o la paz - Revista Rambla","isPartOf":{"@id":"https:\/\/www.revistarambla.com\/#website"},"primaryImageOfPage":{"@id":"https:\/\/www.revistarambla.com\/europa-y-el-dilema-de-la-guerra-o-la-paz\/#primaryimage"},"image":{"@id":"https:\/\/www.revistarambla.com\/europa-y-el-dilema-de-la-guerra-o-la-paz\/#primaryimage"},"thumbnailUrl":"https:\/\/www.revistarambla.com\/wp-content\/uploads\/2024\/11\/Jordi-Calvo-coordina-el-Centro-Delas-asi-como-la-Global-Campaign-on-Military-Spending.-Foto-Dentro-Delas.jpg","datePublished":"2024-11-11T19:10:11+00:00","dateModified":"2024-11-12T20:01:53+00:00","breadcrumb":{"@id":"https:\/\/www.revistarambla.com\/europa-y-el-dilema-de-la-guerra-o-la-paz\/#breadcrumb"},"inLanguage":"en-GB","potentialAction":[{"@type":"ReadAction","target":["https:\/\/www.revistarambla.com\/europa-y-el-dilema-de-la-guerra-o-la-paz\/"]}]},{"@type":"ImageObject","inLanguage":"en-GB","@id":"https:\/\/www.revistarambla.com\/europa-y-el-dilema-de-la-guerra-o-la-paz\/#primaryimage","url":"https:\/\/www.revistarambla.com\/wp-content\/uploads\/2024\/11\/Jordi-Calvo-coordina-el-Centro-Delas-asi-como-la-Global-Campaign-on-Military-Spending.-Foto-Dentro-Delas.jpg","contentUrl":"https:\/\/www.revistarambla.com\/wp-content\/uploads\/2024\/11\/Jordi-Calvo-coordina-el-Centro-Delas-asi-como-la-Global-Campaign-on-Military-Spending.-Foto-Dentro-Delas.jpg","width":962,"height":768,"caption":"Jordi Calvo"},{"@type":"BreadcrumbList","@id":"https:\/\/www.revistarambla.com\/europa-y-el-dilema-de-la-guerra-o-la-paz\/#breadcrumb","itemListElement":[{"@type":"ListItem","position":1,"name":"Portada","item":"https:\/\/www.revistarambla.com\/"},{"@type":"ListItem","position":2,"name":"Europa y el dilema de la guerra o la paz"}]},{"@type":"WebSite","@id":"https:\/\/www.revistarambla.com\/#website","url":"https:\/\/www.revistarambla.com\/","name":"Revista Rambla Barcelona","description":"Periodismo independiente","publisher":{"@id":"https:\/\/www.revistarambla.com\/#organization"},"potentialAction":[{"@type":"SearchAction","target":{"@type":"EntryPoint","urlTemplate":"https:\/\/www.revistarambla.com\/?s={search_term_string}"},"query-input":{"@type":"PropertyValueSpecification","valueRequired":true,"valueName":"search_term_string"}}],"inLanguage":"en-GB"},{"@type":"Organization","@id":"https:\/\/www.revistarambla.com\/#organization","name":"Revista Rambla","url":"https:\/\/www.revistarambla.com\/","logo":{"@type":"ImageObject","inLanguage":"en-GB","@id":"https:\/\/www.revistarambla.com\/#\/schema\/logo\/image\/","url":"https:\/\/www.revistarambla.com\/wp-content\/uploads\/2020\/09\/banner_rambla_1900x600_BB.png","contentUrl":"https:\/\/www.revistarambla.com\/wp-content\/uploads\/2020\/09\/banner_rambla_1900x600_BB.png","width":1900,"height":600,"caption":"Revista Rambla"},"image":{"@id":"https:\/\/www.revistarambla.com\/#\/schema\/logo\/image\/"},"sameAs":["https:\/\/www.facebook.com\/revistarambla\/","https:\/\/x.com\/revistarambla","https:\/\/www.instagram.com\/revista_rambla","https:\/\/es.linkedin.com\/company\/revista-rambla"]},{"@type":"Person","@id":"https:\/\/www.revistarambla.com\/#\/schema\/person\/339e2410a25811f9912d8a8551fa5d96","name":"Sergio Ferrari","description":"Periodista argentino radicado en Berna, Suiza. Acreditado ante el Gobierno suizo. Colaborador regular de numerosos medios latinoamericanos y europeos.","sameAs":["https:\/\/www.voltairenet.org\/auteur120173.html?lang=es","https:\/\/www.facebook.com\/sergio.ferrari.9655","https:\/\/x.com\/SergiooFerrari"]}]}},"_links":{"self":[{"href":"https:\/\/www.revistarambla.com\/en\/wp-json\/wp\/v2\/posts\/63371","targetHints":{"allow":["GET"]}}],"collection":[{"href":"https:\/\/www.revistarambla.com\/en\/wp-json\/wp\/v2\/posts"}],"about":[{"href":"https:\/\/www.revistarambla.com\/en\/wp-json\/wp\/v2\/types\/post"}],"author":[{"embeddable":true,"href":"https:\/\/www.revistarambla.com\/en\/wp-json\/wp\/v2\/users\/24"}],"replies":[{"embeddable":true,"href":"https:\/\/www.revistarambla.com\/en\/wp-json\/wp\/v2\/comments?post=63371"}],"version-history":[{"count":2,"href":"https:\/\/www.revistarambla.com\/en\/wp-json\/wp\/v2\/posts\/63371\/revisions"}],"predecessor-version":[{"id":63386,"href":"https:\/\/www.revistarambla.com\/en\/wp-json\/wp\/v2\/posts\/63371\/revisions\/63386"}],"wp:featuredmedia":[{"embeddable":true,"href":"https:\/\/www.revistarambla.com\/en\/wp-json\/wp\/v2\/media\/63372"}],"wp:attachment":[{"href":"https:\/\/www.revistarambla.com\/en\/wp-json\/wp\/v2\/media?parent=63371"}],"wp:term":[{"taxonomy":"category","embeddable":true,"href":"https:\/\/www.revistarambla.com\/en\/wp-json\/wp\/v2\/categories?post=63371"},{"taxonomy":"post_tag","embeddable":true,"href":"https:\/\/www.revistarambla.com\/en\/wp-json\/wp\/v2\/tags?post=63371"}],"curies":[{"name":"wp","href":"https:\/\/api.w.org\/{rel}","templated":true}]}}