{"id":63331,"date":"2024-11-08T19:35:14","date_gmt":"2024-11-08T18:35:14","guid":{"rendered":"https:\/\/www.revistarambla.com\/?p=63331"},"modified":"2024-11-09T18:55:23","modified_gmt":"2024-11-09T17:55:23","slug":"detenido-el-jefe-de-blanqueo-de-la-policia-nacional-en-madrid-con-mas-de-15-millones-emparedados-en-su-casa","status":"publish","type":"post","link":"https:\/\/www.revistarambla.com\/en\/detenido-el-jefe-de-blanqueo-de-la-policia-nacional-en-madrid-con-mas-de-15-millones-emparedados-en-su-casa\/","title":{"rendered":"Detenido el jefe de Blanqueo de la Polic\u00eda Nacional en Madrid con m\u00e1s de 15 millones emparedados en su casa"},"content":{"rendered":"<p>Agentes de la Unidad de Asuntos Internos de la Polic\u00eda han detenido al jefe de la Secci\u00f3n de Delitos Econ\u00f3micos de la Jefatura Superior de Polic\u00eda de Madrid<!--more-->, \u00d3scar S\u00e1nchez Gil, acusado de presuntos v\u00ednculos con una red de narcotraficantes. Tambi\u00e9n ha sido detenida su pareja, una agente destinada en la comisar\u00eda de la Polic\u00eda Nacional de Alcal\u00e1 de Henares, y su cu\u00f1ada, que ten\u00eda 70 licencias de VTC.<\/p>\n<p>La investigaci\u00f3n comenz\u00f3 hace varios meses tras las sospechas de que el jefe policial pudiera estar relacion\u00e1ndose con grupos de traficantes de droga. Asuntos Internos se hizo entonces cargo de las pesquisas y empezaron los pinchazos telef\u00f3nicos y lo seguimientos.<\/p>\n<p>El arresto se produjo en su domicilio de Alcal\u00e1 de Henares, donde los investigadores encontraron 15 millones de euros ocultos tras una pared. Adem\u00e1s, hallaron otro mill\u00f3n en su despacho.<\/p>\n<p>Las detenciones se llevaron a cabo esta semana, y la operaci\u00f3n incluy\u00f3 el registro de la vivienda de la pareja del inspector jefe, as\u00ed como la inspecci\u00f3n de su despacho.<\/p>\n<p>En este \u00faltimo, los agentes descubrieron una significativa cantidad de dinero en efectivo, que alcanzaba aproximadamente un mill\u00f3n de euros.<\/p>\n<p>El inspector jefe detenido est\u00e1 acusado de blanqueo de capitales y cohecho. \u00d3scar S\u00e1nchez Gil fue durante seis a\u00f1os jefe de la Unidad de Droga y Crimen Organizado. En la actualidad es el jefe de la Secci\u00f3n de Delitos Econ\u00f3micos de la Polic\u00eda nacional.<\/p>\n<p>La Unidad de Asuntos Internos investiga si estas diligencias pueden estar relacionadas con la noticia publicada esta semana por la Polic\u00eda Nacional de la interceptaci\u00f3n en el puerto de Algeciras de un contenedor que transportaba un total de 13.062 kilos de coca\u00edna.<\/p>\n<h2>Mayor alijo en un contenedor<\/h2>\n<p>La operaci\u00f3n policial desarrollada el pasado mi\u00e9rcoles, 6 de noviembre, se sald\u00f3 con 15 detenidos que fueron puestos a disposici\u00f3n judicial de la Audiencia Nacional. Para todos ellos, se decret\u00f3 prisi\u00f3n provisional.<\/p>\n<p>Este era el mayor alijo de esta droga intervenido hasta la fecha en la historia del narcotr\u00e1fico en Espa\u00f1a, as\u00ed como la segunda mayor intervenci\u00f3n de toda Europa (la mayor en un \u00fanico contenedor) y una de las m\u00e1s importantes a nivel mundial.<\/p>\n<p>El contenedor contaminado contaba con una pantalla formada por cajas realmente cargadas con pl\u00e1tanos para ocultar la droga. Detr\u00e1s de esta pantalla se encontraba una gran cantidad de cajas, id\u00e9nticas a las anteriores, pero en cuyo interior se ocultaban ladrillos de coca\u00edna.<\/p>\n<p>A ra\u00edz del hallazgo, el Juzgado de Instrucci\u00f3n n.\u00ba 3 de Algeciras orden\u00f3 cinco registros judiciales: cuatro en Alicante y alrededores y uno en Madrid, en los que se incaut\u00f3 de una gran cantidad de documentaci\u00f3n.<\/p>\n<p>Asimismo, se detuvo en Toledo a una mujer, socia de la empresa receptora del env\u00edo, mientras que los dos principales responsables de la empresa importadora permanecen pr\u00f3fugos.<\/p>","protected":false},"excerpt":{"rendered":"<p>Durante el registro se descubri\u00f3 un mill\u00f3n de euros en su despacho. Tambi\u00e9n se ha detenido a su cu\u00f1ada que ten\u00eda 70 licencias de VTC<\/p>","protected":false},"author":3,"featured_media":63332,"comment_status":"closed","ping_status":"closed","sticky":false,"template":"","format":"standard","meta":{"footnotes":""},"categories":[58],"tags":[],"class_list":["post-63331","post","type-post","status-publish","format-standard","has-post-thumbnail","hentry","category-estado-espanol"],"yoast_head":"<!-- This site is optimized with the Yoast SEO plugin v27.5 - https:\/\/yoast.com\/product\/yoast-seo-wordpress\/ -->\n<title>Detenido el jefe de Blanqueo de la Polic\u00eda Nacional en Madrid con m\u00e1s de 15 millones emparedados en su casa - Revista Rambla<\/title>\n<meta name=\"robots\" content=\"index, follow, max-snippet:-1, max-image-preview:large, max-video-preview:-1\" \/>\n<link rel=\"canonical\" href=\"https:\/\/www.revistarambla.com\/en\/detenido-el-jefe-de-blanqueo-de-la-policia-nacional-en-madrid-con-mas-de-15-millones-emparedados-en-su-casa\/\" \/>\n<meta property=\"og:locale\" content=\"en_GB\" \/>\n<meta property=\"og:type\" content=\"article\" \/>\n<meta property=\"og:title\" content=\"Detenido el jefe de Blanqueo de la Polic\u00eda Nacional en Madrid con m\u00e1s de 15 millones emparedados en su casa - Revista Rambla\" \/>\n<meta property=\"og:description\" content=\"Durante el registro se descubri\u00f3 un mill\u00f3n de euros en su despacho. Tambi\u00e9n se ha detenido a su cu\u00f1ada que ten\u00eda 70 licencias de VTC\" \/>\n<meta property=\"og:url\" content=\"https:\/\/www.revistarambla.com\/en\/detenido-el-jefe-de-blanqueo-de-la-policia-nacional-en-madrid-con-mas-de-15-millones-emparedados-en-su-casa\/\" \/>\n<meta property=\"og:site_name\" content=\"Revista Rambla\" \/>\n<meta property=\"article:publisher\" content=\"https:\/\/www.facebook.com\/revistarambla\/\" \/>\n<meta property=\"article:author\" content=\"https:\/\/www.facebook.com\/revistarambla\" \/>\n<meta property=\"article:published_time\" content=\"2024-11-08T18:35:14+00:00\" \/>\n<meta property=\"article:modified_time\" content=\"2024-11-09T17:55:23+00:00\" \/>\n<meta property=\"og:image\" content=\"https:\/\/www.revistarambla.com\/wp-content\/uploads\/2024\/11\/672e3c0b8e455.png.webp\" \/>\n\t<meta property=\"og:image:width\" content=\"1880\" \/>\n\t<meta property=\"og:image:height\" content=\"1027\" \/>\n\t<meta property=\"og:image:type\" content=\"image\/webp\" \/>\n<meta name=\"author\" content=\"R@mbla\" \/>\n<meta name=\"twitter:card\" content=\"summary_large_image\" \/>\n<meta name=\"twitter:creator\" content=\"@revistarambla\" \/>\n<meta name=\"twitter:site\" content=\"@revistarambla\" \/>\n<meta name=\"twitter:label1\" content=\"Written by\" \/>\n\t<meta name=\"twitter:data1\" content=\"R@mbla\" \/>\n\t<meta name=\"twitter:label2\" content=\"Estimated reading time\" \/>\n\t<meta name=\"twitter:data2\" content=\"3 minutes\" \/>\n<script type=\"application\/ld+json\" class=\"yoast-schema-graph\">{\"@context\":\"https:\\\/\\\/schema.org\",\"@graph\":[{\"@type\":\"Article\",\"@id\":\"https:\\\/\\\/www.revistarambla.com\\\/detenido-el-jefe-de-blanqueo-de-la-policia-nacional-en-madrid-con-mas-de-15-millones-emparedados-en-su-casa\\\/#article\",\"isPartOf\":{\"@id\":\"https:\\\/\\\/www.revistarambla.com\\\/detenido-el-jefe-de-blanqueo-de-la-policia-nacional-en-madrid-con-mas-de-15-millones-emparedados-en-su-casa\\\/\"},\"author\":{\"name\":\"R@mbla\",\"@id\":\"https:\\\/\\\/www.revistarambla.com\\\/#\\\/schema\\\/person\\\/a146a5a2550b94981a75131180e1bd9c\"},\"headline\":\"Detenido el jefe de Blanqueo de la Polic\u00eda Nacional en Madrid con m\u00e1s de 15 millones emparedados en su casa\",\"datePublished\":\"2024-11-08T18:35:14+00:00\",\"dateModified\":\"2024-11-09T17:55:23+00:00\",\"mainEntityOfPage\":{\"@id\":\"https:\\\/\\\/www.revistarambla.com\\\/detenido-el-jefe-de-blanqueo-de-la-policia-nacional-en-madrid-con-mas-de-15-millones-emparedados-en-su-casa\\\/\"},\"wordCount\":519,\"publisher\":{\"@id\":\"https:\\\/\\\/www.revistarambla.com\\\/#organization\"},\"image\":{\"@id\":\"https:\\\/\\\/www.revistarambla.com\\\/detenido-el-jefe-de-blanqueo-de-la-policia-nacional-en-madrid-con-mas-de-15-millones-emparedados-en-su-casa\\\/#primaryimage\"},\"thumbnailUrl\":\"https:\\\/\\\/www.revistarambla.com\\\/wp-content\\\/uploads\\\/2024\\\/11\\\/672e3c0b8e455.png.webp\",\"articleSection\":[\"Estado Espa\u00f1ol\"],\"inLanguage\":\"en-GB\"},{\"@type\":\"WebPage\",\"@id\":\"https:\\\/\\\/www.revistarambla.com\\\/detenido-el-jefe-de-blanqueo-de-la-policia-nacional-en-madrid-con-mas-de-15-millones-emparedados-en-su-casa\\\/\",\"url\":\"https:\\\/\\\/www.revistarambla.com\\\/detenido-el-jefe-de-blanqueo-de-la-policia-nacional-en-madrid-con-mas-de-15-millones-emparedados-en-su-casa\\\/\",\"name\":\"Detenido el jefe de Blanqueo de la Polic\u00eda Nacional en Madrid con m\u00e1s de 15 millones emparedados en su casa - Revista Rambla\",\"isPartOf\":{\"@id\":\"https:\\\/\\\/www.revistarambla.com\\\/#website\"},\"primaryImageOfPage\":{\"@id\":\"https:\\\/\\\/www.revistarambla.com\\\/detenido-el-jefe-de-blanqueo-de-la-policia-nacional-en-madrid-con-mas-de-15-millones-emparedados-en-su-casa\\\/#primaryimage\"},\"image\":{\"@id\":\"https:\\\/\\\/www.revistarambla.com\\\/detenido-el-jefe-de-blanqueo-de-la-policia-nacional-en-madrid-con-mas-de-15-millones-emparedados-en-su-casa\\\/#primaryimage\"},\"thumbnailUrl\":\"https:\\\/\\\/www.revistarambla.com\\\/wp-content\\\/uploads\\\/2024\\\/11\\\/672e3c0b8e455.png.webp\",\"datePublished\":\"2024-11-08T18:35:14+00:00\",\"dateModified\":\"2024-11-09T17:55:23+00:00\",\"breadcrumb\":{\"@id\":\"https:\\\/\\\/www.revistarambla.com\\\/detenido-el-jefe-de-blanqueo-de-la-policia-nacional-en-madrid-con-mas-de-15-millones-emparedados-en-su-casa\\\/#breadcrumb\"},\"inLanguage\":\"en-GB\",\"potentialAction\":[{\"@type\":\"ReadAction\",\"target\":[\"https:\\\/\\\/www.revistarambla.com\\\/detenido-el-jefe-de-blanqueo-de-la-policia-nacional-en-madrid-con-mas-de-15-millones-emparedados-en-su-casa\\\/\"]}]},{\"@type\":\"ImageObject\",\"inLanguage\":\"en-GB\",\"@id\":\"https:\\\/\\\/www.revistarambla.com\\\/detenido-el-jefe-de-blanqueo-de-la-policia-nacional-en-madrid-con-mas-de-15-millones-emparedados-en-su-casa\\\/#primaryimage\",\"url\":\"https:\\\/\\\/www.revistarambla.com\\\/wp-content\\\/uploads\\\/2024\\\/11\\\/672e3c0b8e455.png.webp\",\"contentUrl\":\"https:\\\/\\\/www.revistarambla.com\\\/wp-content\\\/uploads\\\/2024\\\/11\\\/672e3c0b8e455.png.webp\",\"width\":1880,\"height\":1027,\"caption\":\"Blanqueo POLICIA ALIJO\"},{\"@type\":\"BreadcrumbList\",\"@id\":\"https:\\\/\\\/www.revistarambla.com\\\/detenido-el-jefe-de-blanqueo-de-la-policia-nacional-en-madrid-con-mas-de-15-millones-emparedados-en-su-casa\\\/#breadcrumb\",\"itemListElement\":[{\"@type\":\"ListItem\",\"position\":1,\"name\":\"Portada\",\"item\":\"https:\\\/\\\/www.revistarambla.com\\\/\"},{\"@type\":\"ListItem\",\"position\":2,\"name\":\"Detenido el jefe de Blanqueo de la Polic\u00eda Nacional en Madrid con m\u00e1s de 15 millones emparedados en su casa\"}]},{\"@type\":\"WebSite\",\"@id\":\"https:\\\/\\\/www.revistarambla.com\\\/#website\",\"url\":\"https:\\\/\\\/www.revistarambla.com\\\/\",\"name\":\"Revista Rambla Barcelona\",\"description\":\"Periodismo independiente\",\"publisher\":{\"@id\":\"https:\\\/\\\/www.revistarambla.com\\\/#organization\"},\"potentialAction\":[{\"@type\":\"SearchAction\",\"target\":{\"@type\":\"EntryPoint\",\"urlTemplate\":\"https:\\\/\\\/www.revistarambla.com\\\/?s={search_term_string}\"},\"query-input\":{\"@type\":\"PropertyValueSpecification\",\"valueRequired\":true,\"valueName\":\"search_term_string\"}}],\"inLanguage\":\"en-GB\"},{\"@type\":\"Organization\",\"@id\":\"https:\\\/\\\/www.revistarambla.com\\\/#organization\",\"name\":\"Revista Rambla\",\"url\":\"https:\\\/\\\/www.revistarambla.com\\\/\",\"logo\":{\"@type\":\"ImageObject\",\"inLanguage\":\"en-GB\",\"@id\":\"https:\\\/\\\/www.revistarambla.com\\\/#\\\/schema\\\/logo\\\/image\\\/\",\"url\":\"https:\\\/\\\/www.revistarambla.com\\\/wp-content\\\/uploads\\\/2020\\\/09\\\/banner_rambla_1900x600_BB.png\",\"contentUrl\":\"https:\\\/\\\/www.revistarambla.com\\\/wp-content\\\/uploads\\\/2020\\\/09\\\/banner_rambla_1900x600_BB.png\",\"width\":1900,\"height\":600,\"caption\":\"Revista Rambla\"},\"image\":{\"@id\":\"https:\\\/\\\/www.revistarambla.com\\\/#\\\/schema\\\/logo\\\/image\\\/\"},\"sameAs\":[\"https:\\\/\\\/www.facebook.com\\\/revistarambla\\\/\",\"https:\\\/\\\/x.com\\\/revistarambla\",\"https:\\\/\\\/www.instagram.com\\\/revista_rambla\",\"https:\\\/\\\/es.linkedin.com\\\/company\\\/revista-rambla\"]},{\"@type\":\"Person\",\"@id\":\"https:\\\/\\\/www.revistarambla.com\\\/#\\\/schema\\\/person\\\/a146a5a2550b94981a75131180e1bd9c\",\"name\":\"R@mbla\",\"description\":\"Este art\u00edculo ha sido redactado y\\\/o validado por el equipo de redacci\u00f3n de Revista Rambla.\",\"sameAs\":[\"https:\\\/\\\/www.revistarambla.com\\\/\",\"https:\\\/\\\/www.facebook.com\\\/revistarambla\",\"https:\\\/\\\/x.com\\\/revistarambla\"]}]}<\/script>\n<!-- \/ Yoast SEO plugin. -->","yoast_head_json":{"title":"Detenido el jefe de Blanqueo de la Polic\u00eda Nacional en Madrid con m\u00e1s de 15 millones emparedados en su casa - Revista Rambla","robots":{"index":"index","follow":"follow","max-snippet":"max-snippet:-1","max-image-preview":"max-image-preview:large","max-video-preview":"max-video-preview:-1"},"canonical":"https:\/\/www.revistarambla.com\/en\/detenido-el-jefe-de-blanqueo-de-la-policia-nacional-en-madrid-con-mas-de-15-millones-emparedados-en-su-casa\/","og_locale":"en_GB","og_type":"article","og_title":"Detenido el jefe de Blanqueo de la Polic\u00eda Nacional en Madrid con m\u00e1s de 15 millones emparedados en su casa - Revista Rambla","og_description":"Durante el registro se descubri\u00f3 un mill\u00f3n de euros en su despacho. Tambi\u00e9n se ha detenido a su cu\u00f1ada que ten\u00eda 70 licencias de VTC","og_url":"https:\/\/www.revistarambla.com\/en\/detenido-el-jefe-de-blanqueo-de-la-policia-nacional-en-madrid-con-mas-de-15-millones-emparedados-en-su-casa\/","og_site_name":"Revista Rambla","article_publisher":"https:\/\/www.facebook.com\/revistarambla\/","article_author":"https:\/\/www.facebook.com\/revistarambla","article_published_time":"2024-11-08T18:35:14+00:00","article_modified_time":"2024-11-09T17:55:23+00:00","og_image":[{"width":1880,"height":1027,"url":"https:\/\/www.revistarambla.com\/wp-content\/uploads\/2024\/11\/672e3c0b8e455.png.webp","type":"image\/webp"}],"author":"R@mbla","twitter_card":"summary_large_image","twitter_creator":"@revistarambla","twitter_site":"@revistarambla","twitter_misc":{"Written by":"R@mbla","Estimated reading time":"3 minutes"},"schema":{"@context":"https:\/\/schema.org","@graph":[{"@type":"Article","@id":"https:\/\/www.revistarambla.com\/detenido-el-jefe-de-blanqueo-de-la-policia-nacional-en-madrid-con-mas-de-15-millones-emparedados-en-su-casa\/#article","isPartOf":{"@id":"https:\/\/www.revistarambla.com\/detenido-el-jefe-de-blanqueo-de-la-policia-nacional-en-madrid-con-mas-de-15-millones-emparedados-en-su-casa\/"},"author":{"name":"R@mbla","@id":"https:\/\/www.revistarambla.com\/#\/schema\/person\/a146a5a2550b94981a75131180e1bd9c"},"headline":"Detenido el jefe de Blanqueo de la Polic\u00eda Nacional en Madrid con m\u00e1s de 15 millones emparedados en su casa","datePublished":"2024-11-08T18:35:14+00:00","dateModified":"2024-11-09T17:55:23+00:00","mainEntityOfPage":{"@id":"https:\/\/www.revistarambla.com\/detenido-el-jefe-de-blanqueo-de-la-policia-nacional-en-madrid-con-mas-de-15-millones-emparedados-en-su-casa\/"},"wordCount":519,"publisher":{"@id":"https:\/\/www.revistarambla.com\/#organization"},"image":{"@id":"https:\/\/www.revistarambla.com\/detenido-el-jefe-de-blanqueo-de-la-policia-nacional-en-madrid-con-mas-de-15-millones-emparedados-en-su-casa\/#primaryimage"},"thumbnailUrl":"https:\/\/www.revistarambla.com\/wp-content\/uploads\/2024\/11\/672e3c0b8e455.png.webp","articleSection":["Estado Espa\u00f1ol"],"inLanguage":"en-GB"},{"@type":"WebPage","@id":"https:\/\/www.revistarambla.com\/detenido-el-jefe-de-blanqueo-de-la-policia-nacional-en-madrid-con-mas-de-15-millones-emparedados-en-su-casa\/","url":"https:\/\/www.revistarambla.com\/detenido-el-jefe-de-blanqueo-de-la-policia-nacional-en-madrid-con-mas-de-15-millones-emparedados-en-su-casa\/","name":"Detenido el jefe de Blanqueo de la Polic\u00eda Nacional en Madrid con m\u00e1s de 15 millones emparedados en su casa - Revista Rambla","isPartOf":{"@id":"https:\/\/www.revistarambla.com\/#website"},"primaryImageOfPage":{"@id":"https:\/\/www.revistarambla.com\/detenido-el-jefe-de-blanqueo-de-la-policia-nacional-en-madrid-con-mas-de-15-millones-emparedados-en-su-casa\/#primaryimage"},"image":{"@id":"https:\/\/www.revistarambla.com\/detenido-el-jefe-de-blanqueo-de-la-policia-nacional-en-madrid-con-mas-de-15-millones-emparedados-en-su-casa\/#primaryimage"},"thumbnailUrl":"https:\/\/www.revistarambla.com\/wp-content\/uploads\/2024\/11\/672e3c0b8e455.png.webp","datePublished":"2024-11-08T18:35:14+00:00","dateModified":"2024-11-09T17:55:23+00:00","breadcrumb":{"@id":"https:\/\/www.revistarambla.com\/detenido-el-jefe-de-blanqueo-de-la-policia-nacional-en-madrid-con-mas-de-15-millones-emparedados-en-su-casa\/#breadcrumb"},"inLanguage":"en-GB","potentialAction":[{"@type":"ReadAction","target":["https:\/\/www.revistarambla.com\/detenido-el-jefe-de-blanqueo-de-la-policia-nacional-en-madrid-con-mas-de-15-millones-emparedados-en-su-casa\/"]}]},{"@type":"ImageObject","inLanguage":"en-GB","@id":"https:\/\/www.revistarambla.com\/detenido-el-jefe-de-blanqueo-de-la-policia-nacional-en-madrid-con-mas-de-15-millones-emparedados-en-su-casa\/#primaryimage","url":"https:\/\/www.revistarambla.com\/wp-content\/uploads\/2024\/11\/672e3c0b8e455.png.webp","contentUrl":"https:\/\/www.revistarambla.com\/wp-content\/uploads\/2024\/11\/672e3c0b8e455.png.webp","width":1880,"height":1027,"caption":"Blanqueo POLICIA ALIJO"},{"@type":"BreadcrumbList","@id":"https:\/\/www.revistarambla.com\/detenido-el-jefe-de-blanqueo-de-la-policia-nacional-en-madrid-con-mas-de-15-millones-emparedados-en-su-casa\/#breadcrumb","itemListElement":[{"@type":"ListItem","position":1,"name":"Portada","item":"https:\/\/www.revistarambla.com\/"},{"@type":"ListItem","position":2,"name":"Detenido el jefe de Blanqueo de la Polic\u00eda Nacional en Madrid con m\u00e1s de 15 millones emparedados en su casa"}]},{"@type":"WebSite","@id":"https:\/\/www.revistarambla.com\/#website","url":"https:\/\/www.revistarambla.com\/","name":"Revista Rambla Barcelona","description":"Periodismo independiente","publisher":{"@id":"https:\/\/www.revistarambla.com\/#organization"},"potentialAction":[{"@type":"SearchAction","target":{"@type":"EntryPoint","urlTemplate":"https:\/\/www.revistarambla.com\/?s={search_term_string}"},"query-input":{"@type":"PropertyValueSpecification","valueRequired":true,"valueName":"search_term_string"}}],"inLanguage":"en-GB"},{"@type":"Organization","@id":"https:\/\/www.revistarambla.com\/#organization","name":"Revista Rambla","url":"https:\/\/www.revistarambla.com\/","logo":{"@type":"ImageObject","inLanguage":"en-GB","@id":"https:\/\/www.revistarambla.com\/#\/schema\/logo\/image\/","url":"https:\/\/www.revistarambla.com\/wp-content\/uploads\/2020\/09\/banner_rambla_1900x600_BB.png","contentUrl":"https:\/\/www.revistarambla.com\/wp-content\/uploads\/2020\/09\/banner_rambla_1900x600_BB.png","width":1900,"height":600,"caption":"Revista Rambla"},"image":{"@id":"https:\/\/www.revistarambla.com\/#\/schema\/logo\/image\/"},"sameAs":["https:\/\/www.facebook.com\/revistarambla\/","https:\/\/x.com\/revistarambla","https:\/\/www.instagram.com\/revista_rambla","https:\/\/es.linkedin.com\/company\/revista-rambla"]},{"@type":"Person","@id":"https:\/\/www.revistarambla.com\/#\/schema\/person\/a146a5a2550b94981a75131180e1bd9c","name":"R@mbla","description":"Este art\u00edculo ha sido redactado y\/o validado por el equipo de redacci\u00f3n de Revista Rambla.","sameAs":["https:\/\/www.revistarambla.com\/","https:\/\/www.facebook.com\/revistarambla","https:\/\/x.com\/revistarambla"]}]}},"_links":{"self":[{"href":"https:\/\/www.revistarambla.com\/en\/wp-json\/wp\/v2\/posts\/63331","targetHints":{"allow":["GET"]}}],"collection":[{"href":"https:\/\/www.revistarambla.com\/en\/wp-json\/wp\/v2\/posts"}],"about":[{"href":"https:\/\/www.revistarambla.com\/en\/wp-json\/wp\/v2\/types\/post"}],"author":[{"embeddable":true,"href":"https:\/\/www.revistarambla.com\/en\/wp-json\/wp\/v2\/users\/3"}],"replies":[{"embeddable":true,"href":"https:\/\/www.revistarambla.com\/en\/wp-json\/wp\/v2\/comments?post=63331"}],"version-history":[{"count":1,"href":"https:\/\/www.revistarambla.com\/en\/wp-json\/wp\/v2\/posts\/63331\/revisions"}],"predecessor-version":[{"id":63333,"href":"https:\/\/www.revistarambla.com\/en\/wp-json\/wp\/v2\/posts\/63331\/revisions\/63333"}],"wp:featuredmedia":[{"embeddable":true,"href":"https:\/\/www.revistarambla.com\/en\/wp-json\/wp\/v2\/media\/63332"}],"wp:attachment":[{"href":"https:\/\/www.revistarambla.com\/en\/wp-json\/wp\/v2\/media?parent=63331"}],"wp:term":[{"taxonomy":"category","embeddable":true,"href":"https:\/\/www.revistarambla.com\/en\/wp-json\/wp\/v2\/categories?post=63331"},{"taxonomy":"post_tag","embeddable":true,"href":"https:\/\/www.revistarambla.com\/en\/wp-json\/wp\/v2\/tags?post=63331"}],"curies":[{"name":"wp","href":"https:\/\/api.w.org\/{rel}","templated":true}]}}