{"id":63328,"date":"2024-11-08T19:30:42","date_gmt":"2024-11-08T18:30:42","guid":{"rendered":"https:\/\/www.revistarambla.com\/?p=63328"},"modified":"2025-09-11T10:53:01","modified_gmt":"2025-09-11T08:53:01","slug":"retrato-de-la-soledad-microrrelato","status":"publish","type":"post","link":"https:\/\/www.revistarambla.com\/en\/retrato-de-la-soledad-microrrelato\/","title":{"rendered":"Retrato de la soledad (microrrelato)"},"content":{"rendered":"<p>Era un hombre de 43 a\u00f1os, un individuo que hab\u00eda llegado a una etapa crucial en su vida. Con una apariencia sencilla y humilde, su existencia transcurr\u00eda en la penumbra de la soledad. Sin amigos cercanos, su mundo estaba habitado por los libros y la poes\u00eda, esos fieles compa\u00f1eros que nunca le fallaban. Este hombre, culto y honesto, encontraba en la literatura un refugio donde su alma de escritor pod\u00eda volar libre, lejos de las expectativas del mundo exterior.<\/p>\n<p>A pesar de su soledad, el hombre se reg\u00eda por firmes principios. Era un ser honorable en todos los aspectos de su vida, y la honestidad era su bandera. En un mundo donde muchos se ven arrastrados por falsas promesas y enga\u00f1os, \u00e9l manten\u00eda su integridad como un faro en medio de la oscuridad. Su vida era un testimonio de lo que significa ser verdaderamente libre: vivir sin las cadenas de la hipocres\u00eda y la deslealtad.<\/p>\n<p>La poes\u00eda le hablaba de una manera que pocas cosas lo hac\u00edan. A trav\u00e9s de versos, encontraba una conexi\u00f3n profunda con el universo y con la humanidad. Su coraz\u00f3n palpitaba al comp\u00e1s de las palabras de poetas que hab\u00edan recorrido los mismos caminos de soledad, creando una forma de compa\u00f1\u00eda que superaba cualquier relaci\u00f3n personal. La poes\u00eda, para \u00e9l, era m\u00e1s que un arte; era un medio vital para expresarse y entender su propia existencia.<\/p>\n<p>A pesar de su vasto conocimiento y su amor por la cultura, este hombre era profundamente sencillo. Consideraba que la humildad era una virtud esencial para vivir una vida plena. Nunca buscaba la atenci\u00f3n ni se sent\u00eda superior a los dem\u00e1s por su educaci\u00f3n. En sus interacciones, prefer\u00eda escuchar antes que hablar, y su silencio, lejos de ser vac\u00edo, resultaba rico en significado.<\/p>\n<p>La vida del hombre de 43 a\u00f1os es un recordatorio de que la soledad no siempre es un estado de tristeza, sino un espacio donde puede florecer el conocimiento y la introspecci\u00f3n. Ser culto y honesto en un mundo ajetreado puede ser un desaf\u00edo, pero este hombre demuestra que es posible vivir as\u00ed.<\/p>","protected":false},"excerpt":{"rendered":"<p>Era un hombre de 43 a\u00f1os, un individuo que hab\u00eda llegado a una etapa crucial en su vida. Con una apariencia sencilla y humilde, su existencia transcurr\u00eda en la penumbra de la soledad. Sin amigos cercanos, su mundo estaba habitado por los libros y la poes\u00eda, esos fieles compa\u00f1eros que [&hellip;]<\/p>\n","protected":false},"author":15,"featured_media":63329,"comment_status":"closed","ping_status":"closed","sticky":false,"template":"","format":"standard","meta":{"footnotes":""},"categories":[4113],"tags":[],"class_list":["post-63328","post","type-post","status-publish","format-standard","has-post-thumbnail","hentry","category-cuentos-de-la-tia"],"yoast_head":"<!-- This site is optimized with the Yoast SEO plugin v27.5 - https:\/\/yoast.com\/product\/yoast-seo-wordpress\/ -->\n<title>Retrato de la soledad (microrrelato) - Revista Rambla<\/title>\n<meta name=\"robots\" content=\"index, follow, max-snippet:-1, max-image-preview:large, max-video-preview:-1\" \/>\n<link rel=\"canonical\" href=\"https:\/\/www.revistarambla.com\/en\/retrato-de-la-soledad-microrrelato\/\" \/>\n<meta property=\"og:locale\" content=\"en_GB\" \/>\n<meta property=\"og:type\" content=\"article\" \/>\n<meta property=\"og:title\" content=\"Retrato de la soledad (microrrelato) - Revista Rambla\" \/>\n<meta property=\"og:description\" content=\"Era un hombre de 43 a\u00f1os, un individuo que hab\u00eda llegado a una etapa crucial en su vida. Con una apariencia sencilla y humilde, su existencia transcurr\u00eda en la penumbra de la soledad. Sin amigos cercanos, su mundo estaba habitado por los libros y la poes\u00eda, esos fieles compa\u00f1eros que [&hellip;]\" \/>\n<meta property=\"og:url\" content=\"https:\/\/www.revistarambla.com\/en\/retrato-de-la-soledad-microrrelato\/\" \/>\n<meta property=\"og:site_name\" content=\"Revista Rambla\" \/>\n<meta property=\"article:publisher\" content=\"https:\/\/www.facebook.com\/revistarambla\/\" \/>\n<meta property=\"article:published_time\" content=\"2024-11-08T18:30:42+00:00\" \/>\n<meta property=\"article:modified_time\" content=\"2025-09-11T08:53:01+00:00\" \/>\n<meta property=\"og:image\" content=\"https:\/\/www.revistarambla.com\/wp-content\/uploads\/2024\/11\/freepik__candid-image-photography-natural-textures-highly-r__28858.jpeg\" \/>\n\t<meta property=\"og:image:width\" content=\"896\" \/>\n\t<meta property=\"og:image:height\" content=\"1152\" \/>\n\t<meta property=\"og:image:type\" content=\"image\/jpeg\" \/>\n<meta name=\"author\" content=\"Ingrid Asensio\" \/>\n<meta name=\"twitter:card\" content=\"summary_large_image\" \/>\n<meta name=\"twitter:creator\" content=\"@revistarambla\" \/>\n<meta name=\"twitter:site\" content=\"@revistarambla\" \/>\n<meta name=\"twitter:label1\" content=\"Written by\" \/>\n\t<meta name=\"twitter:data1\" content=\"Ingrid Asensio\" \/>\n\t<meta name=\"twitter:label2\" content=\"Estimated reading time\" \/>\n\t<meta name=\"twitter:data2\" content=\"2 minutes\" \/>\n<script type=\"application\/ld+json\" class=\"yoast-schema-graph\">{\"@context\":\"https:\\\/\\\/schema.org\",\"@graph\":[{\"@type\":\"Article\",\"@id\":\"https:\\\/\\\/www.revistarambla.com\\\/retrato-de-la-soledad-microrrelato\\\/#article\",\"isPartOf\":{\"@id\":\"https:\\\/\\\/www.revistarambla.com\\\/retrato-de-la-soledad-microrrelato\\\/\"},\"author\":{\"name\":\"Ingrid Asensio\",\"@id\":\"https:\\\/\\\/www.revistarambla.com\\\/#\\\/schema\\\/person\\\/2b19179a8ace334b829ad72cc6e6ce97\"},\"headline\":\"Retrato de la soledad (microrrelato)\",\"datePublished\":\"2024-11-08T18:30:42+00:00\",\"dateModified\":\"2025-09-11T08:53:01+00:00\",\"mainEntityOfPage\":{\"@id\":\"https:\\\/\\\/www.revistarambla.com\\\/retrato-de-la-soledad-microrrelato\\\/\"},\"wordCount\":379,\"publisher\":{\"@id\":\"https:\\\/\\\/www.revistarambla.com\\\/#organization\"},\"image\":{\"@id\":\"https:\\\/\\\/www.revistarambla.com\\\/retrato-de-la-soledad-microrrelato\\\/#primaryimage\"},\"thumbnailUrl\":\"https:\\\/\\\/www.revistarambla.com\\\/wp-content\\\/uploads\\\/2024\\\/11\\\/freepik__candid-image-photography-natural-textures-highly-r__28858.jpeg\",\"articleSection\":[\"Cuentos de la (T)IA\"],\"inLanguage\":\"en-GB\"},{\"@type\":\"WebPage\",\"@id\":\"https:\\\/\\\/www.revistarambla.com\\\/retrato-de-la-soledad-microrrelato\\\/\",\"url\":\"https:\\\/\\\/www.revistarambla.com\\\/retrato-de-la-soledad-microrrelato\\\/\",\"name\":\"Retrato de la soledad (microrrelato) - Revista Rambla\",\"isPartOf\":{\"@id\":\"https:\\\/\\\/www.revistarambla.com\\\/#website\"},\"primaryImageOfPage\":{\"@id\":\"https:\\\/\\\/www.revistarambla.com\\\/retrato-de-la-soledad-microrrelato\\\/#primaryimage\"},\"image\":{\"@id\":\"https:\\\/\\\/www.revistarambla.com\\\/retrato-de-la-soledad-microrrelato\\\/#primaryimage\"},\"thumbnailUrl\":\"https:\\\/\\\/www.revistarambla.com\\\/wp-content\\\/uploads\\\/2024\\\/11\\\/freepik__candid-image-photography-natural-textures-highly-r__28858.jpeg\",\"datePublished\":\"2024-11-08T18:30:42+00:00\",\"dateModified\":\"2025-09-11T08:53:01+00:00\",\"breadcrumb\":{\"@id\":\"https:\\\/\\\/www.revistarambla.com\\\/retrato-de-la-soledad-microrrelato\\\/#breadcrumb\"},\"inLanguage\":\"en-GB\",\"potentialAction\":[{\"@type\":\"ReadAction\",\"target\":[\"https:\\\/\\\/www.revistarambla.com\\\/retrato-de-la-soledad-microrrelato\\\/\"]}]},{\"@type\":\"ImageObject\",\"inLanguage\":\"en-GB\",\"@id\":\"https:\\\/\\\/www.revistarambla.com\\\/retrato-de-la-soledad-microrrelato\\\/#primaryimage\",\"url\":\"https:\\\/\\\/www.revistarambla.com\\\/wp-content\\\/uploads\\\/2024\\\/11\\\/freepik__candid-image-photography-natural-textures-highly-r__28858.jpeg\",\"contentUrl\":\"https:\\\/\\\/www.revistarambla.com\\\/wp-content\\\/uploads\\\/2024\\\/11\\\/freepik__candid-image-photography-natural-textures-highly-r__28858.jpeg\",\"width\":896,\"height\":1152,\"caption\":\"soledad\"},{\"@type\":\"BreadcrumbList\",\"@id\":\"https:\\\/\\\/www.revistarambla.com\\\/retrato-de-la-soledad-microrrelato\\\/#breadcrumb\",\"itemListElement\":[{\"@type\":\"ListItem\",\"position\":1,\"name\":\"Portada\",\"item\":\"https:\\\/\\\/www.revistarambla.com\\\/\"},{\"@type\":\"ListItem\",\"position\":2,\"name\":\"Retrato de la soledad (microrrelato)\"}]},{\"@type\":\"WebSite\",\"@id\":\"https:\\\/\\\/www.revistarambla.com\\\/#website\",\"url\":\"https:\\\/\\\/www.revistarambla.com\\\/\",\"name\":\"Revista Rambla Barcelona\",\"description\":\"Periodismo independiente\",\"publisher\":{\"@id\":\"https:\\\/\\\/www.revistarambla.com\\\/#organization\"},\"potentialAction\":[{\"@type\":\"SearchAction\",\"target\":{\"@type\":\"EntryPoint\",\"urlTemplate\":\"https:\\\/\\\/www.revistarambla.com\\\/?s={search_term_string}\"},\"query-input\":{\"@type\":\"PropertyValueSpecification\",\"valueRequired\":true,\"valueName\":\"search_term_string\"}}],\"inLanguage\":\"en-GB\"},{\"@type\":\"Organization\",\"@id\":\"https:\\\/\\\/www.revistarambla.com\\\/#organization\",\"name\":\"Revista Rambla\",\"url\":\"https:\\\/\\\/www.revistarambla.com\\\/\",\"logo\":{\"@type\":\"ImageObject\",\"inLanguage\":\"en-GB\",\"@id\":\"https:\\\/\\\/www.revistarambla.com\\\/#\\\/schema\\\/logo\\\/image\\\/\",\"url\":\"https:\\\/\\\/www.revistarambla.com\\\/wp-content\\\/uploads\\\/2020\\\/09\\\/banner_rambla_1900x600_BB.png\",\"contentUrl\":\"https:\\\/\\\/www.revistarambla.com\\\/wp-content\\\/uploads\\\/2020\\\/09\\\/banner_rambla_1900x600_BB.png\",\"width\":1900,\"height\":600,\"caption\":\"Revista Rambla\"},\"image\":{\"@id\":\"https:\\\/\\\/www.revistarambla.com\\\/#\\\/schema\\\/logo\\\/image\\\/\"},\"sameAs\":[\"https:\\\/\\\/www.facebook.com\\\/revistarambla\\\/\",\"https:\\\/\\\/x.com\\\/revistarambla\",\"https:\\\/\\\/www.instagram.com\\\/revista_rambla\",\"https:\\\/\\\/es.linkedin.com\\\/company\\\/revista-rambla\"]},{\"@type\":\"Person\",\"@id\":\"https:\\\/\\\/www.revistarambla.com\\\/#\\\/schema\\\/person\\\/2b19179a8ace334b829ad72cc6e6ce97\",\"name\":\"Ingrid Asensio\",\"description\":\"Creadora de contenido. No existo. Solo soy un avatar creado por IA.\"}]}<\/script>\n<!-- \/ Yoast SEO plugin. -->","yoast_head_json":{"title":"Retrato de la soledad (microrrelato) - Revista Rambla","robots":{"index":"index","follow":"follow","max-snippet":"max-snippet:-1","max-image-preview":"max-image-preview:large","max-video-preview":"max-video-preview:-1"},"canonical":"https:\/\/www.revistarambla.com\/en\/retrato-de-la-soledad-microrrelato\/","og_locale":"en_GB","og_type":"article","og_title":"Retrato de la soledad (microrrelato) - Revista Rambla","og_description":"Era un hombre de 43 a\u00f1os, un individuo que hab\u00eda llegado a una etapa crucial en su vida. Con una apariencia sencilla y humilde, su existencia transcurr\u00eda en la penumbra de la soledad. Sin amigos cercanos, su mundo estaba habitado por los libros y la poes\u00eda, esos fieles compa\u00f1eros que [&hellip;]","og_url":"https:\/\/www.revistarambla.com\/en\/retrato-de-la-soledad-microrrelato\/","og_site_name":"Revista Rambla","article_publisher":"https:\/\/www.facebook.com\/revistarambla\/","article_published_time":"2024-11-08T18:30:42+00:00","article_modified_time":"2025-09-11T08:53:01+00:00","og_image":[{"width":896,"height":1152,"url":"https:\/\/www.revistarambla.com\/wp-content\/uploads\/2024\/11\/freepik__candid-image-photography-natural-textures-highly-r__28858.jpeg","type":"image\/jpeg"}],"author":"Ingrid Asensio","twitter_card":"summary_large_image","twitter_creator":"@revistarambla","twitter_site":"@revistarambla","twitter_misc":{"Written by":"Ingrid Asensio","Estimated reading time":"2 minutes"},"schema":{"@context":"https:\/\/schema.org","@graph":[{"@type":"Article","@id":"https:\/\/www.revistarambla.com\/retrato-de-la-soledad-microrrelato\/#article","isPartOf":{"@id":"https:\/\/www.revistarambla.com\/retrato-de-la-soledad-microrrelato\/"},"author":{"name":"Ingrid Asensio","@id":"https:\/\/www.revistarambla.com\/#\/schema\/person\/2b19179a8ace334b829ad72cc6e6ce97"},"headline":"Retrato de la soledad (microrrelato)","datePublished":"2024-11-08T18:30:42+00:00","dateModified":"2025-09-11T08:53:01+00:00","mainEntityOfPage":{"@id":"https:\/\/www.revistarambla.com\/retrato-de-la-soledad-microrrelato\/"},"wordCount":379,"publisher":{"@id":"https:\/\/www.revistarambla.com\/#organization"},"image":{"@id":"https:\/\/www.revistarambla.com\/retrato-de-la-soledad-microrrelato\/#primaryimage"},"thumbnailUrl":"https:\/\/www.revistarambla.com\/wp-content\/uploads\/2024\/11\/freepik__candid-image-photography-natural-textures-highly-r__28858.jpeg","articleSection":["Cuentos de la (T)IA"],"inLanguage":"en-GB"},{"@type":"WebPage","@id":"https:\/\/www.revistarambla.com\/retrato-de-la-soledad-microrrelato\/","url":"https:\/\/www.revistarambla.com\/retrato-de-la-soledad-microrrelato\/","name":"Retrato de la soledad (microrrelato) - Revista Rambla","isPartOf":{"@id":"https:\/\/www.revistarambla.com\/#website"},"primaryImageOfPage":{"@id":"https:\/\/www.revistarambla.com\/retrato-de-la-soledad-microrrelato\/#primaryimage"},"image":{"@id":"https:\/\/www.revistarambla.com\/retrato-de-la-soledad-microrrelato\/#primaryimage"},"thumbnailUrl":"https:\/\/www.revistarambla.com\/wp-content\/uploads\/2024\/11\/freepik__candid-image-photography-natural-textures-highly-r__28858.jpeg","datePublished":"2024-11-08T18:30:42+00:00","dateModified":"2025-09-11T08:53:01+00:00","breadcrumb":{"@id":"https:\/\/www.revistarambla.com\/retrato-de-la-soledad-microrrelato\/#breadcrumb"},"inLanguage":"en-GB","potentialAction":[{"@type":"ReadAction","target":["https:\/\/www.revistarambla.com\/retrato-de-la-soledad-microrrelato\/"]}]},{"@type":"ImageObject","inLanguage":"en-GB","@id":"https:\/\/www.revistarambla.com\/retrato-de-la-soledad-microrrelato\/#primaryimage","url":"https:\/\/www.revistarambla.com\/wp-content\/uploads\/2024\/11\/freepik__candid-image-photography-natural-textures-highly-r__28858.jpeg","contentUrl":"https:\/\/www.revistarambla.com\/wp-content\/uploads\/2024\/11\/freepik__candid-image-photography-natural-textures-highly-r__28858.jpeg","width":896,"height":1152,"caption":"soledad"},{"@type":"BreadcrumbList","@id":"https:\/\/www.revistarambla.com\/retrato-de-la-soledad-microrrelato\/#breadcrumb","itemListElement":[{"@type":"ListItem","position":1,"name":"Portada","item":"https:\/\/www.revistarambla.com\/"},{"@type":"ListItem","position":2,"name":"Retrato de la soledad (microrrelato)"}]},{"@type":"WebSite","@id":"https:\/\/www.revistarambla.com\/#website","url":"https:\/\/www.revistarambla.com\/","name":"Revista Rambla Barcelona","description":"Periodismo independiente","publisher":{"@id":"https:\/\/www.revistarambla.com\/#organization"},"potentialAction":[{"@type":"SearchAction","target":{"@type":"EntryPoint","urlTemplate":"https:\/\/www.revistarambla.com\/?s={search_term_string}"},"query-input":{"@type":"PropertyValueSpecification","valueRequired":true,"valueName":"search_term_string"}}],"inLanguage":"en-GB"},{"@type":"Organization","@id":"https:\/\/www.revistarambla.com\/#organization","name":"Revista Rambla","url":"https:\/\/www.revistarambla.com\/","logo":{"@type":"ImageObject","inLanguage":"en-GB","@id":"https:\/\/www.revistarambla.com\/#\/schema\/logo\/image\/","url":"https:\/\/www.revistarambla.com\/wp-content\/uploads\/2020\/09\/banner_rambla_1900x600_BB.png","contentUrl":"https:\/\/www.revistarambla.com\/wp-content\/uploads\/2020\/09\/banner_rambla_1900x600_BB.png","width":1900,"height":600,"caption":"Revista Rambla"},"image":{"@id":"https:\/\/www.revistarambla.com\/#\/schema\/logo\/image\/"},"sameAs":["https:\/\/www.facebook.com\/revistarambla\/","https:\/\/x.com\/revistarambla","https:\/\/www.instagram.com\/revista_rambla","https:\/\/es.linkedin.com\/company\/revista-rambla"]},{"@type":"Person","@id":"https:\/\/www.revistarambla.com\/#\/schema\/person\/2b19179a8ace334b829ad72cc6e6ce97","name":"Ingrid Asensio","description":"Creadora de contenido. No existo. Solo soy un avatar creado por IA."}]}},"_links":{"self":[{"href":"https:\/\/www.revistarambla.com\/en\/wp-json\/wp\/v2\/posts\/63328","targetHints":{"allow":["GET"]}}],"collection":[{"href":"https:\/\/www.revistarambla.com\/en\/wp-json\/wp\/v2\/posts"}],"about":[{"href":"https:\/\/www.revistarambla.com\/en\/wp-json\/wp\/v2\/types\/post"}],"author":[{"embeddable":true,"href":"https:\/\/www.revistarambla.com\/en\/wp-json\/wp\/v2\/users\/15"}],"replies":[{"embeddable":true,"href":"https:\/\/www.revistarambla.com\/en\/wp-json\/wp\/v2\/comments?post=63328"}],"version-history":[{"count":1,"href":"https:\/\/www.revistarambla.com\/en\/wp-json\/wp\/v2\/posts\/63328\/revisions"}],"predecessor-version":[{"id":63330,"href":"https:\/\/www.revistarambla.com\/en\/wp-json\/wp\/v2\/posts\/63328\/revisions\/63330"}],"wp:featuredmedia":[{"embeddable":true,"href":"https:\/\/www.revistarambla.com\/en\/wp-json\/wp\/v2\/media\/63329"}],"wp:attachment":[{"href":"https:\/\/www.revistarambla.com\/en\/wp-json\/wp\/v2\/media?parent=63328"}],"wp:term":[{"taxonomy":"category","embeddable":true,"href":"https:\/\/www.revistarambla.com\/en\/wp-json\/wp\/v2\/categories?post=63328"},{"taxonomy":"post_tag","embeddable":true,"href":"https:\/\/www.revistarambla.com\/en\/wp-json\/wp\/v2\/tags?post=63328"}],"curies":[{"name":"wp","href":"https:\/\/api.w.org\/{rel}","templated":true}]}}