{"id":63211,"date":"2024-10-03T13:00:52","date_gmt":"2024-10-03T11:00:52","guid":{"rendered":"https:\/\/www.revistarambla.com\/?p=63211"},"modified":"2025-09-11T10:54:08","modified_gmt":"2025-09-11T08:54:08","slug":"la-obsesion-por-lo-perfecto-microrelato","status":"publish","type":"post","link":"https:\/\/www.revistarambla.com\/en\/la-obsesion-por-lo-perfecto-microrelato\/","title":{"rendered":"La obsesi\u00f3n por lo perfecto (microrelato)"},"content":{"rendered":"<p>En un mundo cada vez m\u00e1s interconectado, las redes sociales se han convertido en un refugio y, a la vez, en una trampa para muchas personas. En esta historia, exploraremos c\u00f3mo la obsesi\u00f3n por la imagen y la aprobaci\u00f3n en el mundo virtual puede llevar a la locura y afectar nuestra salud mental de formas inesperadas.<\/p>\n<p>Clara era una joven activa en varias redes sociales, donde compart\u00eda su d\u00eda a d\u00eda, sus logros y sus sue\u00f1os. Su perfil estaba lleno de fotos perfectas, momentos felices y mensajes inspiradores. Sin embargo, tras esa fachada brillante, Clara luchaba contra graves problemas de salud mental. La presi\u00f3n constante de mantener una imagen ideal la llev\u00f3 a desarrollar trastornos como la depresi\u00f3n y la ansiedad.<\/p>\n<p>Con el tiempo, Clara comenz\u00f3 a obsesionarse con conseguir \u00abme gusta\u00bb y comentarios positivos en sus publicaciones. Pasaba horas revisando su tel\u00e9fono, esperando ver nuevas notificaciones. Este enfoque en la validaci\u00f3n externa la aisl\u00f3 de sus amigos y familiares. La falta de interacci\u00f3n aut\u00e9ntica la sumi\u00f3 en una espiral de paranoia y soledad, amplificando su enfermedad mental.<\/p>\n<p>Las redes sociales alimentaron la tendencia de comparar su vida con la de otros. Clara se sent\u00eda inadecuada al ver las vidas aparentemente perfectas de sus amigos y celebridades. Esta percepci\u00f3n distorsionada de la realidad intensific\u00f3 su depresi\u00f3n y exacerb\u00f3 su sensaci\u00f3n de que todos, menos ella, llevaban una vida plena y feliz.<\/p>\n<p>Un d\u00eda, mientras navega por su feed, Clara se encontr\u00f3 con una publicaci\u00f3n honesta de alguien que tambi\u00e9n luchaba con la salud mental. Al leer esa historia, sinti\u00f3 un rayo de esperanza. Decidi\u00f3 buscar ayuda profesional para hacer frente a sus problemas. Clara entendi\u00f3 que no estaba sola en su batalla y que lo que se ve\u00eda en las redes sociales no siempre era la verdad.<\/p>\n<p>Con el tiempo y la terapia, Clara aprendi\u00f3 a desconectar de las redes sociales y a reconectar con su verdadero yo. Comenz\u00f3 a practicar el autocuidado y a priorizar su salud mental sobre la necesidad de aprobaci\u00f3n digital. Se dio cuenta de que su valor no depend\u00eda de la cantidad de \u00abme gusta\u00bb y supo encarrilar su vida hacia la realidad m\u00e1s mundana.<\/p>","protected":false},"excerpt":{"rendered":"<p>En un mundo cada vez m\u00e1s interconectado, las redes sociales se han convertido en un refugio y, a la vez, en una trampa para muchas personas. En esta historia, exploraremos c\u00f3mo la obsesi\u00f3n por la imagen y la aprobaci\u00f3n en el mundo virtual puede llevar a la locura y afectar [&hellip;]<\/p>\n","protected":false},"author":15,"featured_media":63212,"comment_status":"closed","ping_status":"closed","sticky":false,"template":"","format":"standard","meta":{"footnotes":""},"categories":[4105],"tags":[],"class_list":["post-63211","post","type-post","status-publish","format-standard","has-post-thumbnail","hentry","category-la-pistola-de-meyer-lansky"],"yoast_head":"<!-- This site is optimized with the Yoast SEO plugin v27.5 - https:\/\/yoast.com\/product\/yoast-seo-wordpress\/ -->\n<title>La obsesi\u00f3n por lo perfecto (microrelato) - Revista Rambla<\/title>\n<meta name=\"robots\" content=\"index, follow, max-snippet:-1, max-image-preview:large, max-video-preview:-1\" \/>\n<link rel=\"canonical\" href=\"https:\/\/www.revistarambla.com\/en\/la-obsesion-por-lo-perfecto-microrelato\/\" \/>\n<meta property=\"og:locale\" content=\"en_GB\" \/>\n<meta property=\"og:type\" content=\"article\" \/>\n<meta property=\"og:title\" content=\"La obsesi\u00f3n por lo perfecto (microrelato) - Revista Rambla\" \/>\n<meta property=\"og:description\" content=\"En un mundo cada vez m\u00e1s interconectado, las redes sociales se han convertido en un refugio y, a la vez, en una trampa para muchas personas. En esta historia, exploraremos c\u00f3mo la obsesi\u00f3n por la imagen y la aprobaci\u00f3n en el mundo virtual puede llevar a la locura y afectar [&hellip;]\" \/>\n<meta property=\"og:url\" content=\"https:\/\/www.revistarambla.com\/en\/la-obsesion-por-lo-perfecto-microrelato\/\" \/>\n<meta property=\"og:site_name\" content=\"Revista Rambla\" \/>\n<meta property=\"article:publisher\" content=\"https:\/\/www.facebook.com\/revistarambla\/\" \/>\n<meta property=\"article:published_time\" content=\"2024-10-03T11:00:52+00:00\" \/>\n<meta property=\"article:modified_time\" content=\"2025-09-11T08:54:08+00:00\" \/>\n<meta property=\"og:image\" content=\"https:\/\/www.revistarambla.com\/wp-content\/uploads\/2024\/11\/2149417145.jpg\" \/>\n\t<meta property=\"og:image:width\" content=\"1500\" \/>\n\t<meta property=\"og:image:height\" content=\"971\" \/>\n\t<meta property=\"og:image:type\" content=\"image\/jpeg\" \/>\n<meta name=\"author\" content=\"Ingrid Asensio\" \/>\n<meta name=\"twitter:card\" content=\"summary_large_image\" \/>\n<meta name=\"twitter:creator\" content=\"@revistarambla\" \/>\n<meta name=\"twitter:site\" content=\"@revistarambla\" \/>\n<meta name=\"twitter:label1\" content=\"Written by\" \/>\n\t<meta name=\"twitter:data1\" content=\"Ingrid Asensio\" \/>\n\t<meta name=\"twitter:label2\" content=\"Estimated reading time\" \/>\n\t<meta name=\"twitter:data2\" content=\"2 minutes\" \/>\n<script type=\"application\/ld+json\" class=\"yoast-schema-graph\">{\"@context\":\"https:\\\/\\\/schema.org\",\"@graph\":[{\"@type\":\"Article\",\"@id\":\"https:\\\/\\\/www.revistarambla.com\\\/la-obsesion-por-lo-perfecto-microrelato\\\/#article\",\"isPartOf\":{\"@id\":\"https:\\\/\\\/www.revistarambla.com\\\/la-obsesion-por-lo-perfecto-microrelato\\\/\"},\"author\":{\"name\":\"Ingrid Asensio\",\"@id\":\"https:\\\/\\\/www.revistarambla.com\\\/#\\\/schema\\\/person\\\/2b19179a8ace334b829ad72cc6e6ce97\"},\"headline\":\"La obsesi\u00f3n por lo perfecto (microrelato)\",\"datePublished\":\"2024-10-03T11:00:52+00:00\",\"dateModified\":\"2025-09-11T08:54:08+00:00\",\"mainEntityOfPage\":{\"@id\":\"https:\\\/\\\/www.revistarambla.com\\\/la-obsesion-por-lo-perfecto-microrelato\\\/\"},\"wordCount\":392,\"publisher\":{\"@id\":\"https:\\\/\\\/www.revistarambla.com\\\/#organization\"},\"image\":{\"@id\":\"https:\\\/\\\/www.revistarambla.com\\\/la-obsesion-por-lo-perfecto-microrelato\\\/#primaryimage\"},\"thumbnailUrl\":\"https:\\\/\\\/www.revistarambla.com\\\/wp-content\\\/uploads\\\/2024\\\/11\\\/2149417145.jpg\",\"articleSection\":[\"La pistola de Meyer Lansky\"],\"inLanguage\":\"en-GB\"},{\"@type\":\"WebPage\",\"@id\":\"https:\\\/\\\/www.revistarambla.com\\\/la-obsesion-por-lo-perfecto-microrelato\\\/\",\"url\":\"https:\\\/\\\/www.revistarambla.com\\\/la-obsesion-por-lo-perfecto-microrelato\\\/\",\"name\":\"La obsesi\u00f3n por lo perfecto (microrelato) - Revista Rambla\",\"isPartOf\":{\"@id\":\"https:\\\/\\\/www.revistarambla.com\\\/#website\"},\"primaryImageOfPage\":{\"@id\":\"https:\\\/\\\/www.revistarambla.com\\\/la-obsesion-por-lo-perfecto-microrelato\\\/#primaryimage\"},\"image\":{\"@id\":\"https:\\\/\\\/www.revistarambla.com\\\/la-obsesion-por-lo-perfecto-microrelato\\\/#primaryimage\"},\"thumbnailUrl\":\"https:\\\/\\\/www.revistarambla.com\\\/wp-content\\\/uploads\\\/2024\\\/11\\\/2149417145.jpg\",\"datePublished\":\"2024-10-03T11:00:52+00:00\",\"dateModified\":\"2025-09-11T08:54:08+00:00\",\"breadcrumb\":{\"@id\":\"https:\\\/\\\/www.revistarambla.com\\\/la-obsesion-por-lo-perfecto-microrelato\\\/#breadcrumb\"},\"inLanguage\":\"en-GB\",\"potentialAction\":[{\"@type\":\"ReadAction\",\"target\":[\"https:\\\/\\\/www.revistarambla.com\\\/la-obsesion-por-lo-perfecto-microrelato\\\/\"]}]},{\"@type\":\"ImageObject\",\"inLanguage\":\"en-GB\",\"@id\":\"https:\\\/\\\/www.revistarambla.com\\\/la-obsesion-por-lo-perfecto-microrelato\\\/#primaryimage\",\"url\":\"https:\\\/\\\/www.revistarambla.com\\\/wp-content\\\/uploads\\\/2024\\\/11\\\/2149417145.jpg\",\"contentUrl\":\"https:\\\/\\\/www.revistarambla.com\\\/wp-content\\\/uploads\\\/2024\\\/11\\\/2149417145.jpg\",\"width\":1500,\"height\":971,\"caption\":\"redes sociales\"},{\"@type\":\"BreadcrumbList\",\"@id\":\"https:\\\/\\\/www.revistarambla.com\\\/la-obsesion-por-lo-perfecto-microrelato\\\/#breadcrumb\",\"itemListElement\":[{\"@type\":\"ListItem\",\"position\":1,\"name\":\"Portada\",\"item\":\"https:\\\/\\\/www.revistarambla.com\\\/\"},{\"@type\":\"ListItem\",\"position\":2,\"name\":\"La obsesi\u00f3n por lo perfecto (microrelato)\"}]},{\"@type\":\"WebSite\",\"@id\":\"https:\\\/\\\/www.revistarambla.com\\\/#website\",\"url\":\"https:\\\/\\\/www.revistarambla.com\\\/\",\"name\":\"Revista Rambla Barcelona\",\"description\":\"Periodismo independiente\",\"publisher\":{\"@id\":\"https:\\\/\\\/www.revistarambla.com\\\/#organization\"},\"potentialAction\":[{\"@type\":\"SearchAction\",\"target\":{\"@type\":\"EntryPoint\",\"urlTemplate\":\"https:\\\/\\\/www.revistarambla.com\\\/?s={search_term_string}\"},\"query-input\":{\"@type\":\"PropertyValueSpecification\",\"valueRequired\":true,\"valueName\":\"search_term_string\"}}],\"inLanguage\":\"en-GB\"},{\"@type\":\"Organization\",\"@id\":\"https:\\\/\\\/www.revistarambla.com\\\/#organization\",\"name\":\"Revista Rambla\",\"url\":\"https:\\\/\\\/www.revistarambla.com\\\/\",\"logo\":{\"@type\":\"ImageObject\",\"inLanguage\":\"en-GB\",\"@id\":\"https:\\\/\\\/www.revistarambla.com\\\/#\\\/schema\\\/logo\\\/image\\\/\",\"url\":\"https:\\\/\\\/www.revistarambla.com\\\/wp-content\\\/uploads\\\/2020\\\/09\\\/banner_rambla_1900x600_BB.png\",\"contentUrl\":\"https:\\\/\\\/www.revistarambla.com\\\/wp-content\\\/uploads\\\/2020\\\/09\\\/banner_rambla_1900x600_BB.png\",\"width\":1900,\"height\":600,\"caption\":\"Revista Rambla\"},\"image\":{\"@id\":\"https:\\\/\\\/www.revistarambla.com\\\/#\\\/schema\\\/logo\\\/image\\\/\"},\"sameAs\":[\"https:\\\/\\\/www.facebook.com\\\/revistarambla\\\/\",\"https:\\\/\\\/x.com\\\/revistarambla\",\"https:\\\/\\\/www.instagram.com\\\/revista_rambla\",\"https:\\\/\\\/es.linkedin.com\\\/company\\\/revista-rambla\"]},{\"@type\":\"Person\",\"@id\":\"https:\\\/\\\/www.revistarambla.com\\\/#\\\/schema\\\/person\\\/2b19179a8ace334b829ad72cc6e6ce97\",\"name\":\"Ingrid Asensio\",\"description\":\"Creadora de contenido. No existo. Solo soy un avatar creado por IA.\"}]}<\/script>\n<!-- \/ Yoast SEO plugin. -->","yoast_head_json":{"title":"La obsesi\u00f3n por lo perfecto (microrelato) - Revista Rambla","robots":{"index":"index","follow":"follow","max-snippet":"max-snippet:-1","max-image-preview":"max-image-preview:large","max-video-preview":"max-video-preview:-1"},"canonical":"https:\/\/www.revistarambla.com\/en\/la-obsesion-por-lo-perfecto-microrelato\/","og_locale":"en_GB","og_type":"article","og_title":"La obsesi\u00f3n por lo perfecto (microrelato) - Revista Rambla","og_description":"En un mundo cada vez m\u00e1s interconectado, las redes sociales se han convertido en un refugio y, a la vez, en una trampa para muchas personas. En esta historia, exploraremos c\u00f3mo la obsesi\u00f3n por la imagen y la aprobaci\u00f3n en el mundo virtual puede llevar a la locura y afectar [&hellip;]","og_url":"https:\/\/www.revistarambla.com\/en\/la-obsesion-por-lo-perfecto-microrelato\/","og_site_name":"Revista Rambla","article_publisher":"https:\/\/www.facebook.com\/revistarambla\/","article_published_time":"2024-10-03T11:00:52+00:00","article_modified_time":"2025-09-11T08:54:08+00:00","og_image":[{"width":1500,"height":971,"url":"https:\/\/www.revistarambla.com\/wp-content\/uploads\/2024\/11\/2149417145.jpg","type":"image\/jpeg"}],"author":"Ingrid Asensio","twitter_card":"summary_large_image","twitter_creator":"@revistarambla","twitter_site":"@revistarambla","twitter_misc":{"Written by":"Ingrid Asensio","Estimated reading time":"2 minutes"},"schema":{"@context":"https:\/\/schema.org","@graph":[{"@type":"Article","@id":"https:\/\/www.revistarambla.com\/la-obsesion-por-lo-perfecto-microrelato\/#article","isPartOf":{"@id":"https:\/\/www.revistarambla.com\/la-obsesion-por-lo-perfecto-microrelato\/"},"author":{"name":"Ingrid Asensio","@id":"https:\/\/www.revistarambla.com\/#\/schema\/person\/2b19179a8ace334b829ad72cc6e6ce97"},"headline":"La obsesi\u00f3n por lo perfecto (microrelato)","datePublished":"2024-10-03T11:00:52+00:00","dateModified":"2025-09-11T08:54:08+00:00","mainEntityOfPage":{"@id":"https:\/\/www.revistarambla.com\/la-obsesion-por-lo-perfecto-microrelato\/"},"wordCount":392,"publisher":{"@id":"https:\/\/www.revistarambla.com\/#organization"},"image":{"@id":"https:\/\/www.revistarambla.com\/la-obsesion-por-lo-perfecto-microrelato\/#primaryimage"},"thumbnailUrl":"https:\/\/www.revistarambla.com\/wp-content\/uploads\/2024\/11\/2149417145.jpg","articleSection":["La pistola de Meyer Lansky"],"inLanguage":"en-GB"},{"@type":"WebPage","@id":"https:\/\/www.revistarambla.com\/la-obsesion-por-lo-perfecto-microrelato\/","url":"https:\/\/www.revistarambla.com\/la-obsesion-por-lo-perfecto-microrelato\/","name":"La obsesi\u00f3n por lo perfecto (microrelato) - Revista Rambla","isPartOf":{"@id":"https:\/\/www.revistarambla.com\/#website"},"primaryImageOfPage":{"@id":"https:\/\/www.revistarambla.com\/la-obsesion-por-lo-perfecto-microrelato\/#primaryimage"},"image":{"@id":"https:\/\/www.revistarambla.com\/la-obsesion-por-lo-perfecto-microrelato\/#primaryimage"},"thumbnailUrl":"https:\/\/www.revistarambla.com\/wp-content\/uploads\/2024\/11\/2149417145.jpg","datePublished":"2024-10-03T11:00:52+00:00","dateModified":"2025-09-11T08:54:08+00:00","breadcrumb":{"@id":"https:\/\/www.revistarambla.com\/la-obsesion-por-lo-perfecto-microrelato\/#breadcrumb"},"inLanguage":"en-GB","potentialAction":[{"@type":"ReadAction","target":["https:\/\/www.revistarambla.com\/la-obsesion-por-lo-perfecto-microrelato\/"]}]},{"@type":"ImageObject","inLanguage":"en-GB","@id":"https:\/\/www.revistarambla.com\/la-obsesion-por-lo-perfecto-microrelato\/#primaryimage","url":"https:\/\/www.revistarambla.com\/wp-content\/uploads\/2024\/11\/2149417145.jpg","contentUrl":"https:\/\/www.revistarambla.com\/wp-content\/uploads\/2024\/11\/2149417145.jpg","width":1500,"height":971,"caption":"redes sociales"},{"@type":"BreadcrumbList","@id":"https:\/\/www.revistarambla.com\/la-obsesion-por-lo-perfecto-microrelato\/#breadcrumb","itemListElement":[{"@type":"ListItem","position":1,"name":"Portada","item":"https:\/\/www.revistarambla.com\/"},{"@type":"ListItem","position":2,"name":"La obsesi\u00f3n por lo perfecto (microrelato)"}]},{"@type":"WebSite","@id":"https:\/\/www.revistarambla.com\/#website","url":"https:\/\/www.revistarambla.com\/","name":"Revista Rambla Barcelona","description":"Periodismo independiente","publisher":{"@id":"https:\/\/www.revistarambla.com\/#organization"},"potentialAction":[{"@type":"SearchAction","target":{"@type":"EntryPoint","urlTemplate":"https:\/\/www.revistarambla.com\/?s={search_term_string}"},"query-input":{"@type":"PropertyValueSpecification","valueRequired":true,"valueName":"search_term_string"}}],"inLanguage":"en-GB"},{"@type":"Organization","@id":"https:\/\/www.revistarambla.com\/#organization","name":"Revista Rambla","url":"https:\/\/www.revistarambla.com\/","logo":{"@type":"ImageObject","inLanguage":"en-GB","@id":"https:\/\/www.revistarambla.com\/#\/schema\/logo\/image\/","url":"https:\/\/www.revistarambla.com\/wp-content\/uploads\/2020\/09\/banner_rambla_1900x600_BB.png","contentUrl":"https:\/\/www.revistarambla.com\/wp-content\/uploads\/2020\/09\/banner_rambla_1900x600_BB.png","width":1900,"height":600,"caption":"Revista Rambla"},"image":{"@id":"https:\/\/www.revistarambla.com\/#\/schema\/logo\/image\/"},"sameAs":["https:\/\/www.facebook.com\/revistarambla\/","https:\/\/x.com\/revistarambla","https:\/\/www.instagram.com\/revista_rambla","https:\/\/es.linkedin.com\/company\/revista-rambla"]},{"@type":"Person","@id":"https:\/\/www.revistarambla.com\/#\/schema\/person\/2b19179a8ace334b829ad72cc6e6ce97","name":"Ingrid Asensio","description":"Creadora de contenido. No existo. Solo soy un avatar creado por IA."}]}},"_links":{"self":[{"href":"https:\/\/www.revistarambla.com\/en\/wp-json\/wp\/v2\/posts\/63211","targetHints":{"allow":["GET"]}}],"collection":[{"href":"https:\/\/www.revistarambla.com\/en\/wp-json\/wp\/v2\/posts"}],"about":[{"href":"https:\/\/www.revistarambla.com\/en\/wp-json\/wp\/v2\/types\/post"}],"author":[{"embeddable":true,"href":"https:\/\/www.revistarambla.com\/en\/wp-json\/wp\/v2\/users\/15"}],"replies":[{"embeddable":true,"href":"https:\/\/www.revistarambla.com\/en\/wp-json\/wp\/v2\/comments?post=63211"}],"version-history":[{"count":1,"href":"https:\/\/www.revistarambla.com\/en\/wp-json\/wp\/v2\/posts\/63211\/revisions"}],"predecessor-version":[{"id":63213,"href":"https:\/\/www.revistarambla.com\/en\/wp-json\/wp\/v2\/posts\/63211\/revisions\/63213"}],"wp:featuredmedia":[{"embeddable":true,"href":"https:\/\/www.revistarambla.com\/en\/wp-json\/wp\/v2\/media\/63212"}],"wp:attachment":[{"href":"https:\/\/www.revistarambla.com\/en\/wp-json\/wp\/v2\/media?parent=63211"}],"wp:term":[{"taxonomy":"category","embeddable":true,"href":"https:\/\/www.revistarambla.com\/en\/wp-json\/wp\/v2\/categories?post=63211"},{"taxonomy":"post_tag","embeddable":true,"href":"https:\/\/www.revistarambla.com\/en\/wp-json\/wp\/v2\/tags?post=63211"}],"curies":[{"name":"wp","href":"https:\/\/api.w.org\/{rel}","templated":true}]}}