{"id":63208,"date":"2024-11-03T12:46:57","date_gmt":"2024-11-03T11:46:57","guid":{"rendered":"https:\/\/www.revistarambla.com\/?p=63208"},"modified":"2024-11-03T14:36:11","modified_gmt":"2024-11-03T13:36:11","slug":"europa-y-su-diplomacia-del-fusil","status":"publish","type":"post","link":"https:\/\/www.revistarambla.com\/en\/europa-y-su-diplomacia-del-fusil\/","title":{"rendered":"Europa y su &#8216;diplomacia&#8217; del fusil"},"content":{"rendered":"<p class=\"x_1725829302ydpfa3c7726yiv5784609147ydp3314ba9fyiv1556888289ydp80141e5bMsoNormal\"><span lang=\"ES\">Un reciente informe del Centro Del\u00e0s de Investigaci\u00f3n y Acci\u00f3n por la Paz y el Desarme, con sede en Barcelona, Espa\u00f1a, revela que en 2023 el gasto militar conjunto de los pa\u00edses europeos fue de aproximadamente 290.000 millones de euros (312.000 millones de d\u00f3lares), un 21% m\u00e1s que el a\u00f1o anterior. Seg\u00fan dicho Centro, si a esa cantidad se le suma la participaci\u00f3n del Reino Unido y Noruega, pa\u00edses del continente que no integran la Uni\u00f3n Europea, el gasto militar europeo el a\u00f1o pasado alcanz\u00f3 los 366.623 millones de euros (395.000 millones de d\u00f3lares). El segundo del mundo y solo por detr\u00e1s del norteamericano, mayor que el de China y tres veces m\u00e1s que el de Rusia (<\/span><i><span lang=\"ES\"><a href=\"https:\/\/centredelas.org\/publicacions\/peaceanddisarmamentineurope\/?lang=es\" target=\"_blank\" rel=\"nofollow noopener\">https:\/\/centredelas.org\/publicacions\/peaceanddisarmamentineurope\/?lang=es<\/a><\/span><\/i><span lang=\"ES\">).<\/span><\/p>\n<p class=\"x_1725829302ydpfa3c7726yiv5784609147ydp3314ba9fyiv1556888289ydp80141e5bMsoNormal\"><span lang=\"ES\">Por otra parte, Europa en la actualidad es tambi\u00e9n el segundo exportador mundial de armas luego de Estados Unidos. En 2022, los pa\u00edses de la Uni\u00f3n Europea exportaron productos militares por valor de 36.000 millones de euros (39.000 millones de d\u00f3lares), de los cuales m\u00e1s de un 12% se destin\u00f3 exclusivamente a Ucrania.<\/span><\/p>\n<h2 class=\"x_1725829302ydpfa3c7726yiv5784609147ydp3314ba9fyiv1556888289ydp80141e5bMsoNormal\"><span lang=\"ES\">El impacto belicista de la guerra en Europa Occidental<\/span><\/h2>\n<p class=\"x_1725829302ydpfa3c7726yiv5784609147ydp3314ba9fyiv1556888289ydp80141e5bMsoNormal\"><span lang=\"ES\">Ha sido justamente el conflicto Rusia-Ucrania &#8211;y el incondicional apoyo masivo de Europa occidental a su socio de Kiev&#8211; el pretexto y detonante principal de este acelerado proceso de militarizaci\u00f3n de la Uni\u00f3n Europea. Conflicto que supone cambios de paradigmas desde inicios del siglo XX, cuando el continente apostaba a \u201cUna Europa en un mundo mejor\u201d, hasta el presente. El 21 de marzo de 2022, d\u00edas despu\u00e9s del inicio del conflicto ruso-ucranio, el Consejo Europeo aprob\u00f3 su \u201cBr\u00fajula Estrat\u00e9gica\u201d, ambicioso programa para reforzar la seguridad y la defensa continental hasta 2030 (<\/span><i><span lang=\"ES\"><a href=\"https:\/\/www.consilium.europa.eu\/es\/policies\/strategic-compass\/#what\" target=\"_blank\" rel=\"nofollow noopener\">https:\/\/www.consilium.europa.eu\/es\/policies\/strategic-compass\/#what<\/a><\/span><\/i><span lang=\"ES\">).<\/span><\/p>\n<p class=\"x_1725829302ydpfa3c7726yiv5784609147ydp3314ba9fyiv1556888289ydp80141e5bMsoNormal\"><span lang=\"ES\">Como lo afirma el Centro Del\u00e0s en su i<\/span><span lang=\"ES\">nforme <i>Por una pol\u00edtica de paz y desarme en Europa. Propuestas para una Europa de la distensi\u00f3n, la paz y la seguridad compartida, <\/i>\u201cEn este proceso han jugado un rol especialmente protag\u00f3nico la industria militar y los lobbies de armamentos\u201d, quienes promovieron la construcci\u00f3n de una Europa de la Defensa basada en fondos para la promoci\u00f3n y la venta de armas. M\u00e1s all\u00e1 de la simple enumeraci\u00f3n de cifras y porcentajes comparativos, explica<\/span><span lang=\"ES\"> Del\u00e0s<\/span><span lang=\"ES\">, instituci\u00f3n antib\u00e9lica que forma parte de la Red Europa Contra el Comercio de Armas (ENAAT, en ingl\u00e9s), la guerra en Ucrania \u201cha sacado a la luz la ineficiencia del sistema para garantizar la paz y la incompetencia de quienes han dirigido y ejecutado las decisiones sobre paz y seguridad en Europa\u201d. ENNAT, coautora del informe, con sede en Bruselas, naci\u00f3 en 1984, re\u00fane a una veintena de entidades de unos doce pa\u00edses del continente.<\/span><\/p>\n<p class=\"x_1725829302ydpfa3c7726yiv5784609147ydp3314ba9fyiv1556888289ydp80141e5bMsoNormal\"><span lang=\"ES\">Tal como lo definen los autores del estudio publicado la segunda quincena de octubre, el mismo intenta \u201cayudar a construir un relato alternativo que vaya m\u00e1s all\u00e1 de la cr\u00edtica a las pol\u00edticas que han llevado a Europa a la guerra\u201d. Su punto de partida: la profunda preocupaci\u00f3n por un proceso hist\u00f3rico marcado por un sostenido acento militarista. En menos de dos d\u00e9cadas, puntualizan, el presupuesto com\u00fan para la defensa de la Uni\u00f3n Europea se ha triplicado y la identidad continental sobre el tema ha ido cambiando, alej\u00e1ndose de sus principios fundacionales, los cuales contaban con un enfoque en la seguridad como respuesta a posibles amenazas. El nuevo \u00e9nfasis es ahora \u201cuna visi\u00f3n de seguridad y defensa europea con un enfoque militarista, basado en la seguridad nacional\u201d. Esta nueva construcci\u00f3n pone en el centro mismo a los Estados en lugar de los seres humanos, la naturaleza y las generaciones futuras.<\/span><\/p>\n<h2 class=\"x_1725829302ydpfa3c7726yiv5784609147ydp3314ba9fyiv1556888289ydp80141e5bMsoNormal\"><span lang=\"ES\">La diplomacia de las armas no es diplomacia<\/span><\/h2>\n<p class=\"x_1725829302ydpfa3c7726yiv5784609147ydp3314ba9fyiv1556888289ydp80141e5bMsoNormal\"><span lang=\"ES\">\u00bfQu\u00e9 est\u00e1 en juego en este verdadero debate sobre la sociedad europea y sus paradigmas de defensa y seguridad? Los investigadores responden que, de no frenarse este proceso de militarizaci\u00f3n, se estar\u00e1 socavando cualquier posibilidad de que la Uni\u00f3n Europea sea un agente cre\u00edble en la promoci\u00f3n de la paz y los derechos humanos: \u201cUna Europa militar determinar\u00e1 que las respuestas militares de la propia Uni\u00f3n sean m\u00e1s frecuentes\u201d. De esta manera se estar\u00e1 obstaculizando el desarrollo de una diplomacia dispuesta a \u201ccrear condiciones que eviten conflictos armados y promuevan la paz\u201d mediante relaciones de amistad, coexistencia e interdependencia con los pa\u00edses vecinos.<\/span><\/p>\n<h2 class=\"x_1725829302ydpfa3c7726yiv5784609147ydp3314ba9fyiv1556888289ydp80141e5bMsoNormal\"><span lang=\"ES\">Incorporar a Rusia, esencial para la paz europea<\/span><\/h2>\n<p class=\"x_1725829302ydpfa3c7726yiv5784609147ydp3314ba9fyiv1556888289ydp80141e5bMsoNormal\"><span lang=\"ES\">Seg\u00fan el Instituto Internacional de Estocolmo para la Investigaci\u00f3n de la Paz (SIPRI, por sus siglas en ingl\u00e9s), Rusia-Ucrania,<\/span><span lang=\"ES\">\u00a0<a href=\"https:\/\/www.dw.com\/es\/el-gasto-militar-aumenta-a-paso-acelerado-en-todo-el-mundo\/a-65420036\" target=\"_blank\" rel=\"nofollow noopener\">de igual forma que lo fue en 2022, sigue siendo ahora el<\/a> principal conflicto b\u00e9lico. En 2023, el\u00a0<a href=\"https:\/\/www.dw.com\/es\/rusia-el-gasto-militar-sobrepasar%C3%A1-por-primera-vez-al-social-en-2024\/a-67435777\" target=\"_blank\" rel=\"nofollow noopener\">gasto militar de Rusia<\/a>\u00a0en t\u00e9rminos de porcentaje de su Producto Interno Bruto (PIB) alcanz\u00f3 el nivel m\u00e1s alto desde la disoluci\u00f3n de la Uni\u00f3n Sovi\u00e9tica: 5,9%. En el caso de Ucrania, fue el 37%. Estas cifras provistas por el instituto sueco permiten concluir que la guerra est\u00e1 pesando m\u00e1s sobre Ucrania que sobre Rusia.<\/span><\/p>\n<p>El impacto del conflicto en el continente no ha perdido peso.<span lang=\"ES\"> Como lo constata el SIPRI, todos los miembros de la\u00a0<a href=\"https:\/\/www.dw.com\/es\/otan\/t-17409693\" target=\"_blank\" rel=\"nofollow noopener\">OTAN<\/a>, excepto tres, han aumentado su gasto militar. Adem\u00e1s, once de los 31 miembros de la OTAN han alcanzado, o incluso superado, su objetivo de destinar el 2% de sus respectivos PIB a fines militares, el porcentaje m\u00e1s alto desde el final de la Guerra Fr\u00eda. A pesar de todo, desde la perspectiva del movimiento anti militarizaci\u00f3n las alternativas para promover un enfoque no belicista en el continente europeo existen y est\u00e1n a la mano. <i>Por una pol\u00edtica de paz y desarme en Europa<\/i> identifica y anticipa algunas pistas para promover una perspectiva de \u201cpaz positiva\u201d. <\/span><\/p>\n<p class=\"x_1725829302ydpfa3c7726yiv5784609147ydp3314ba9fyiv1556888289ydp80141e5bMsoNormal\"><span lang=\"ES\">Una condici\u00f3n casi esencial para \u201cconstruir la gran Europa para la paz [ser\u00eda la] incorporaci\u00f3n de Rusia al proyecto europeo, sea cual fuere la f\u00f3rmula que se pueda conseguir [a fin de evitarse] definitivamente, esta vez s\u00ed, la guerra en el continente\u201d. Es necesario, insisten los autores, visualizar a Europa como \u201cuna regi\u00f3n aut\u00f3noma con un papel de neutralidad entre Oriente y Occidente, capaz de reducir la tensi\u00f3n y la carrera armamentista que desv\u00eda fondos [e impide] dar respuesta a las necesidades de la poblaci\u00f3n (acceso a la vivienda, educaci\u00f3n, sanidad)\u201d.<\/span><\/p>\n<p>Adem\u00e1s, agregan, ser\u00eda necesario \u201csalir de la tutela de la OTAN y Estados Unidos, construyendo una seguridad que responda \u00fanicamente a las necesidades de la poblaci\u00f3n y el territorio europeos\u201d. De igual forma, abandonar el camino de un hipot\u00e9tico Ej\u00e9rcito Europeo y consolidar un cuerpo diplom\u00e1tico continental reforzado y cre\u00edble, aument\u00e1ndose sus capacidades y recursos para implementar una mayor pol\u00edtica de cooperaci\u00f3n entre los Estados miembros.<\/p>\n<p class=\"x_1725829302ydpfa3c7726yiv5784609147ydp3314ba9fyiv1556888289ydp80141e5bMsoNormal\"><span lang=\"ES\">Tambi\u00e9n ser\u00eda esencial, enfatiza el Centro Del\u00e0s, emprender pol\u00edticas de desarme y desmilitarizaci\u00f3n en Europa y desde Europa, ya que limitar la disponibilidad mundial de armas obligar\u00e1 a las partes en conflicto a buscar otras opciones al uso de la violencia. Para ello es imprescindible que el continente pase de una Pol\u00edtica Com\u00fan de Seguridad y Defensa, la cual promueve misiones militares, a una de mayor Cooperaci\u00f3n al Desarrollo tanto para las zonas m\u00e1s deprimidas de los pa\u00edses europeos como en otros continentes. Esto implicar\u00eda un cambio de \u00f3ptica esencial: reemplazar el desarrollo de nuevos sistemas armament\u00edsticos que sirven para impulsar la industria militar europea por una producci\u00f3n civil, humana y sostenible. <\/span><\/p>\n<p class=\"x_1725829302ydpfa3c7726yiv5784609147ydp3314ba9fyiv1556888289ydp80141e5bMsoNormal\"><span lang=\"ES\">La lucha por la hegemon\u00eda militar global, destacan los autores del informe, succiona recursos esenciales para el desarrollo de Europa y el bienestar de su poblaci\u00f3n. Por esta raz\u00f3n, no dudan en confrontar enf\u00e1ticamente la hip\u00f3tesis de que la carrera armamentista ayudar\u00e1 a lograr la paz, y en desmentir que la arbitraria cifra del 2% del PIB destinado a gastos militares pueda resultar en mayores niveles de paz y seguridad en el continente. <\/span><\/p>\n<p class=\"x_1725829302ydpfa3c7726yiv5784609147ydp3314ba9fyiv1556888289ydp80141e5bMsoNormal\"><span lang=\"ES\">El clima b\u00e9lico mundial, con la guerra ruso-ucrania en el centro, pero agravado tambi\u00e9n desde el \u00faltimo a\u00f1o por la escalada del conflicto en Medio Oriente, lleva al planeta entero a situaciones impredecibles. El recurso a las armas nucleares reaparece como una opci\u00f3n menos remota que apenas 30 meses atr\u00e1s. Los escasos 1.300 kil\u00f3metros que separan Berl\u00edn de Kiev, o los 2.100 kil\u00f3metros en l\u00ednea recta entre Roma y Beirut, o la Banda de Gaza, demuestran que los dos grandes conflictos contempor\u00e1neos tienen como escenario los suburbios geopol\u00edticos de la Europa Occidental. Un continente una vez m\u00e1s sentado sobre un polvor\u00edn con mecha corta y en la encrucijada de dos concepciones totalmente opuestas. La que pregona alimentar el fuego mediante la multiplicaci\u00f3n ilimitada de su propia militarizaci\u00f3n, y la que propone enfriar las tensiones mediante la intensificaci\u00f3n de opciones pac\u00edficas, diplom\u00e1ticas y negociadas. Por el momento, la irracionalidad b\u00e9lica sigue imponi\u00e9ndose. <\/span><\/p>\n","protected":false},"excerpt":{"rendered":"<p>Demente vor\u00e1gine armamentista. Desmitificando su ret\u00f3rica de continente de paz, el Viejo Mundo es hoy la segunda regi\u00f3n m\u00e1s militarizada del planeta. Juega con fuego, como si dos guerras en apenas 110 a\u00f1os no le alcanzaran para entender el drama belicista.<\/p>","protected":false},"author":24,"featured_media":63209,"comment_status":"closed","ping_status":"closed","sticky":false,"template":"","format":"standard","meta":{"footnotes":""},"categories":[4108],"tags":[],"class_list":["post-63208","post","type-post","status-publish","format-standard","has-post-thumbnail","hentry","category-el-apunte-de-sergio-ferrari"],"yoast_head":"<!-- This site is optimized with the Yoast SEO plugin v27.5 - https:\/\/yoast.com\/product\/yoast-seo-wordpress\/ -->\n<title>Europa y su &#039;diplomacia&#039; del fusil - Revista Rambla<\/title>\n<meta name=\"robots\" content=\"index, follow, max-snippet:-1, max-image-preview:large, max-video-preview:-1\" \/>\n<link rel=\"canonical\" href=\"https:\/\/www.revistarambla.com\/en\/europa-y-su-diplomacia-del-fusil\/\" \/>\n<meta property=\"og:locale\" content=\"en_GB\" \/>\n<meta property=\"og:type\" content=\"article\" \/>\n<meta property=\"og:title\" content=\"Europa y su &#039;diplomacia&#039; del fusil - Revista Rambla\" \/>\n<meta property=\"og:description\" content=\"Demente vor\u00e1gine armamentista. Desmitificando su ret\u00f3rica de continente de paz, el Viejo Mundo es hoy la segunda regi\u00f3n m\u00e1s militarizada del planeta. Juega con fuego, como si dos guerras en apenas 110 a\u00f1os no le alcanzaran para entender el drama belicista.\" \/>\n<meta property=\"og:url\" content=\"https:\/\/www.revistarambla.com\/en\/europa-y-su-diplomacia-del-fusil\/\" \/>\n<meta property=\"og:site_name\" content=\"Revista Rambla\" \/>\n<meta property=\"article:publisher\" content=\"https:\/\/www.facebook.com\/revistarambla\/\" \/>\n<meta property=\"article:author\" content=\"https:\/\/www.facebook.com\/sergio.ferrari.9655\" \/>\n<meta property=\"article:published_time\" content=\"2024-11-03T11:46:57+00:00\" \/>\n<meta property=\"article:modified_time\" content=\"2024-11-03T13:36:11+00:00\" \/>\n<meta property=\"og:image\" content=\"https:\/\/www.revistarambla.com\/wp-content\/uploads\/2024\/11\/La-protesta-contra-la-guerra-esta-presente-en-cada-manifestacion-social-en-Europa_-Foto-Marx21.jpg\" \/>\n\t<meta property=\"og:image:width\" content=\"1344\" \/>\n\t<meta property=\"og:image:height\" content=\"900\" \/>\n\t<meta property=\"og:image:type\" content=\"image\/jpeg\" \/>\n<meta name=\"author\" content=\"Sergio Ferrari\" \/>\n<meta name=\"twitter:card\" content=\"summary_large_image\" \/>\n<meta name=\"twitter:creator\" content=\"@SergiooFerrari\" \/>\n<meta name=\"twitter:site\" content=\"@revistarambla\" \/>\n<meta name=\"twitter:label1\" content=\"Written by\" \/>\n\t<meta name=\"twitter:data1\" content=\"Sergio Ferrari\" \/>\n\t<meta name=\"twitter:label2\" content=\"Estimated reading time\" \/>\n\t<meta name=\"twitter:data2\" content=\"7 minutes\" \/>\n<script type=\"application\/ld+json\" class=\"yoast-schema-graph\">{\"@context\":\"https:\\\/\\\/schema.org\",\"@graph\":[{\"@type\":\"Article\",\"@id\":\"https:\\\/\\\/www.revistarambla.com\\\/europa-y-su-diplomacia-del-fusil\\\/#article\",\"isPartOf\":{\"@id\":\"https:\\\/\\\/www.revistarambla.com\\\/europa-y-su-diplomacia-del-fusil\\\/\"},\"author\":{\"name\":\"Sergio Ferrari\",\"@id\":\"https:\\\/\\\/www.revistarambla.com\\\/#\\\/schema\\\/person\\\/339e2410a25811f9912d8a8551fa5d96\"},\"headline\":\"Europa y su &#8216;diplomacia&#8217; del fusil\",\"datePublished\":\"2024-11-03T11:46:57+00:00\",\"dateModified\":\"2024-11-03T13:36:11+00:00\",\"mainEntityOfPage\":{\"@id\":\"https:\\\/\\\/www.revistarambla.com\\\/europa-y-su-diplomacia-del-fusil\\\/\"},\"wordCount\":1529,\"publisher\":{\"@id\":\"https:\\\/\\\/www.revistarambla.com\\\/#organization\"},\"image\":{\"@id\":\"https:\\\/\\\/www.revistarambla.com\\\/europa-y-su-diplomacia-del-fusil\\\/#primaryimage\"},\"thumbnailUrl\":\"https:\\\/\\\/www.revistarambla.com\\\/wp-content\\\/uploads\\\/2024\\\/11\\\/La-protesta-contra-la-guerra-esta-presente-en-cada-manifestacion-social-en-Europa_-Foto-Marx21.jpg\",\"articleSection\":[\"El Apunte\"],\"inLanguage\":\"en-GB\"},{\"@type\":\"WebPage\",\"@id\":\"https:\\\/\\\/www.revistarambla.com\\\/europa-y-su-diplomacia-del-fusil\\\/\",\"url\":\"https:\\\/\\\/www.revistarambla.com\\\/europa-y-su-diplomacia-del-fusil\\\/\",\"name\":\"Europa y su 'diplomacia' del fusil - Revista Rambla\",\"isPartOf\":{\"@id\":\"https:\\\/\\\/www.revistarambla.com\\\/#website\"},\"primaryImageOfPage\":{\"@id\":\"https:\\\/\\\/www.revistarambla.com\\\/europa-y-su-diplomacia-del-fusil\\\/#primaryimage\"},\"image\":{\"@id\":\"https:\\\/\\\/www.revistarambla.com\\\/europa-y-su-diplomacia-del-fusil\\\/#primaryimage\"},\"thumbnailUrl\":\"https:\\\/\\\/www.revistarambla.com\\\/wp-content\\\/uploads\\\/2024\\\/11\\\/La-protesta-contra-la-guerra-esta-presente-en-cada-manifestacion-social-en-Europa_-Foto-Marx21.jpg\",\"datePublished\":\"2024-11-03T11:46:57+00:00\",\"dateModified\":\"2024-11-03T13:36:11+00:00\",\"breadcrumb\":{\"@id\":\"https:\\\/\\\/www.revistarambla.com\\\/europa-y-su-diplomacia-del-fusil\\\/#breadcrumb\"},\"inLanguage\":\"en-GB\",\"potentialAction\":[{\"@type\":\"ReadAction\",\"target\":[\"https:\\\/\\\/www.revistarambla.com\\\/europa-y-su-diplomacia-del-fusil\\\/\"]}]},{\"@type\":\"ImageObject\",\"inLanguage\":\"en-GB\",\"@id\":\"https:\\\/\\\/www.revistarambla.com\\\/europa-y-su-diplomacia-del-fusil\\\/#primaryimage\",\"url\":\"https:\\\/\\\/www.revistarambla.com\\\/wp-content\\\/uploads\\\/2024\\\/11\\\/La-protesta-contra-la-guerra-esta-presente-en-cada-manifestacion-social-en-Europa_-Foto-Marx21.jpg\",\"contentUrl\":\"https:\\\/\\\/www.revistarambla.com\\\/wp-content\\\/uploads\\\/2024\\\/11\\\/La-protesta-contra-la-guerra-esta-presente-en-cada-manifestacion-social-en-Europa_-Foto-Marx21.jpg\",\"width\":1344,\"height\":900},{\"@type\":\"BreadcrumbList\",\"@id\":\"https:\\\/\\\/www.revistarambla.com\\\/europa-y-su-diplomacia-del-fusil\\\/#breadcrumb\",\"itemListElement\":[{\"@type\":\"ListItem\",\"position\":1,\"name\":\"Portada\",\"item\":\"https:\\\/\\\/www.revistarambla.com\\\/\"},{\"@type\":\"ListItem\",\"position\":2,\"name\":\"Europa y su &#8216;diplomacia&#8217; del fusil\"}]},{\"@type\":\"WebSite\",\"@id\":\"https:\\\/\\\/www.revistarambla.com\\\/#website\",\"url\":\"https:\\\/\\\/www.revistarambla.com\\\/\",\"name\":\"Revista Rambla Barcelona\",\"description\":\"Periodismo independiente\",\"publisher\":{\"@id\":\"https:\\\/\\\/www.revistarambla.com\\\/#organization\"},\"potentialAction\":[{\"@type\":\"SearchAction\",\"target\":{\"@type\":\"EntryPoint\",\"urlTemplate\":\"https:\\\/\\\/www.revistarambla.com\\\/?s={search_term_string}\"},\"query-input\":{\"@type\":\"PropertyValueSpecification\",\"valueRequired\":true,\"valueName\":\"search_term_string\"}}],\"inLanguage\":\"en-GB\"},{\"@type\":\"Organization\",\"@id\":\"https:\\\/\\\/www.revistarambla.com\\\/#organization\",\"name\":\"Revista Rambla\",\"url\":\"https:\\\/\\\/www.revistarambla.com\\\/\",\"logo\":{\"@type\":\"ImageObject\",\"inLanguage\":\"en-GB\",\"@id\":\"https:\\\/\\\/www.revistarambla.com\\\/#\\\/schema\\\/logo\\\/image\\\/\",\"url\":\"https:\\\/\\\/www.revistarambla.com\\\/wp-content\\\/uploads\\\/2020\\\/09\\\/banner_rambla_1900x600_BB.png\",\"contentUrl\":\"https:\\\/\\\/www.revistarambla.com\\\/wp-content\\\/uploads\\\/2020\\\/09\\\/banner_rambla_1900x600_BB.png\",\"width\":1900,\"height\":600,\"caption\":\"Revista Rambla\"},\"image\":{\"@id\":\"https:\\\/\\\/www.revistarambla.com\\\/#\\\/schema\\\/logo\\\/image\\\/\"},\"sameAs\":[\"https:\\\/\\\/www.facebook.com\\\/revistarambla\\\/\",\"https:\\\/\\\/x.com\\\/revistarambla\",\"https:\\\/\\\/www.instagram.com\\\/revista_rambla\",\"https:\\\/\\\/es.linkedin.com\\\/company\\\/revista-rambla\"]},{\"@type\":\"Person\",\"@id\":\"https:\\\/\\\/www.revistarambla.com\\\/#\\\/schema\\\/person\\\/339e2410a25811f9912d8a8551fa5d96\",\"name\":\"Sergio Ferrari\",\"description\":\"Periodista argentino radicado en Berna, Suiza. Acreditado ante el Gobierno suizo. Colaborador regular de numerosos medios latinoamericanos y europeos.\",\"sameAs\":[\"https:\\\/\\\/www.voltairenet.org\\\/auteur120173.html?lang=es\",\"https:\\\/\\\/www.facebook.com\\\/sergio.ferrari.9655\",\"https:\\\/\\\/x.com\\\/SergiooFerrari\"]}]}<\/script>\n<!-- \/ Yoast SEO plugin. -->","yoast_head_json":{"title":"Europa y su 'diplomacia' del fusil - Revista Rambla","robots":{"index":"index","follow":"follow","max-snippet":"max-snippet:-1","max-image-preview":"max-image-preview:large","max-video-preview":"max-video-preview:-1"},"canonical":"https:\/\/www.revistarambla.com\/en\/europa-y-su-diplomacia-del-fusil\/","og_locale":"en_GB","og_type":"article","og_title":"Europa y su 'diplomacia' del fusil - Revista Rambla","og_description":"Demente vor\u00e1gine armamentista. Desmitificando su ret\u00f3rica de continente de paz, el Viejo Mundo es hoy la segunda regi\u00f3n m\u00e1s militarizada del planeta. Juega con fuego, como si dos guerras en apenas 110 a\u00f1os no le alcanzaran para entender el drama belicista.","og_url":"https:\/\/www.revistarambla.com\/en\/europa-y-su-diplomacia-del-fusil\/","og_site_name":"Revista Rambla","article_publisher":"https:\/\/www.facebook.com\/revistarambla\/","article_author":"https:\/\/www.facebook.com\/sergio.ferrari.9655","article_published_time":"2024-11-03T11:46:57+00:00","article_modified_time":"2024-11-03T13:36:11+00:00","og_image":[{"width":1344,"height":900,"url":"https:\/\/www.revistarambla.com\/wp-content\/uploads\/2024\/11\/La-protesta-contra-la-guerra-esta-presente-en-cada-manifestacion-social-en-Europa_-Foto-Marx21.jpg","type":"image\/jpeg"}],"author":"Sergio Ferrari","twitter_card":"summary_large_image","twitter_creator":"@SergiooFerrari","twitter_site":"@revistarambla","twitter_misc":{"Written by":"Sergio Ferrari","Estimated reading time":"7 minutes"},"schema":{"@context":"https:\/\/schema.org","@graph":[{"@type":"Article","@id":"https:\/\/www.revistarambla.com\/europa-y-su-diplomacia-del-fusil\/#article","isPartOf":{"@id":"https:\/\/www.revistarambla.com\/europa-y-su-diplomacia-del-fusil\/"},"author":{"name":"Sergio Ferrari","@id":"https:\/\/www.revistarambla.com\/#\/schema\/person\/339e2410a25811f9912d8a8551fa5d96"},"headline":"Europa y su &#8216;diplomacia&#8217; del fusil","datePublished":"2024-11-03T11:46:57+00:00","dateModified":"2024-11-03T13:36:11+00:00","mainEntityOfPage":{"@id":"https:\/\/www.revistarambla.com\/europa-y-su-diplomacia-del-fusil\/"},"wordCount":1529,"publisher":{"@id":"https:\/\/www.revistarambla.com\/#organization"},"image":{"@id":"https:\/\/www.revistarambla.com\/europa-y-su-diplomacia-del-fusil\/#primaryimage"},"thumbnailUrl":"https:\/\/www.revistarambla.com\/wp-content\/uploads\/2024\/11\/La-protesta-contra-la-guerra-esta-presente-en-cada-manifestacion-social-en-Europa_-Foto-Marx21.jpg","articleSection":["El Apunte"],"inLanguage":"en-GB"},{"@type":"WebPage","@id":"https:\/\/www.revistarambla.com\/europa-y-su-diplomacia-del-fusil\/","url":"https:\/\/www.revistarambla.com\/europa-y-su-diplomacia-del-fusil\/","name":"Europa y su 'diplomacia' del fusil - Revista Rambla","isPartOf":{"@id":"https:\/\/www.revistarambla.com\/#website"},"primaryImageOfPage":{"@id":"https:\/\/www.revistarambla.com\/europa-y-su-diplomacia-del-fusil\/#primaryimage"},"image":{"@id":"https:\/\/www.revistarambla.com\/europa-y-su-diplomacia-del-fusil\/#primaryimage"},"thumbnailUrl":"https:\/\/www.revistarambla.com\/wp-content\/uploads\/2024\/11\/La-protesta-contra-la-guerra-esta-presente-en-cada-manifestacion-social-en-Europa_-Foto-Marx21.jpg","datePublished":"2024-11-03T11:46:57+00:00","dateModified":"2024-11-03T13:36:11+00:00","breadcrumb":{"@id":"https:\/\/www.revistarambla.com\/europa-y-su-diplomacia-del-fusil\/#breadcrumb"},"inLanguage":"en-GB","potentialAction":[{"@type":"ReadAction","target":["https:\/\/www.revistarambla.com\/europa-y-su-diplomacia-del-fusil\/"]}]},{"@type":"ImageObject","inLanguage":"en-GB","@id":"https:\/\/www.revistarambla.com\/europa-y-su-diplomacia-del-fusil\/#primaryimage","url":"https:\/\/www.revistarambla.com\/wp-content\/uploads\/2024\/11\/La-protesta-contra-la-guerra-esta-presente-en-cada-manifestacion-social-en-Europa_-Foto-Marx21.jpg","contentUrl":"https:\/\/www.revistarambla.com\/wp-content\/uploads\/2024\/11\/La-protesta-contra-la-guerra-esta-presente-en-cada-manifestacion-social-en-Europa_-Foto-Marx21.jpg","width":1344,"height":900},{"@type":"BreadcrumbList","@id":"https:\/\/www.revistarambla.com\/europa-y-su-diplomacia-del-fusil\/#breadcrumb","itemListElement":[{"@type":"ListItem","position":1,"name":"Portada","item":"https:\/\/www.revistarambla.com\/"},{"@type":"ListItem","position":2,"name":"Europa y su &#8216;diplomacia&#8217; del fusil"}]},{"@type":"WebSite","@id":"https:\/\/www.revistarambla.com\/#website","url":"https:\/\/www.revistarambla.com\/","name":"Revista Rambla Barcelona","description":"Periodismo independiente","publisher":{"@id":"https:\/\/www.revistarambla.com\/#organization"},"potentialAction":[{"@type":"SearchAction","target":{"@type":"EntryPoint","urlTemplate":"https:\/\/www.revistarambla.com\/?s={search_term_string}"},"query-input":{"@type":"PropertyValueSpecification","valueRequired":true,"valueName":"search_term_string"}}],"inLanguage":"en-GB"},{"@type":"Organization","@id":"https:\/\/www.revistarambla.com\/#organization","name":"Revista Rambla","url":"https:\/\/www.revistarambla.com\/","logo":{"@type":"ImageObject","inLanguage":"en-GB","@id":"https:\/\/www.revistarambla.com\/#\/schema\/logo\/image\/","url":"https:\/\/www.revistarambla.com\/wp-content\/uploads\/2020\/09\/banner_rambla_1900x600_BB.png","contentUrl":"https:\/\/www.revistarambla.com\/wp-content\/uploads\/2020\/09\/banner_rambla_1900x600_BB.png","width":1900,"height":600,"caption":"Revista Rambla"},"image":{"@id":"https:\/\/www.revistarambla.com\/#\/schema\/logo\/image\/"},"sameAs":["https:\/\/www.facebook.com\/revistarambla\/","https:\/\/x.com\/revistarambla","https:\/\/www.instagram.com\/revista_rambla","https:\/\/es.linkedin.com\/company\/revista-rambla"]},{"@type":"Person","@id":"https:\/\/www.revistarambla.com\/#\/schema\/person\/339e2410a25811f9912d8a8551fa5d96","name":"Sergio Ferrari","description":"Periodista argentino radicado en Berna, Suiza. Acreditado ante el Gobierno suizo. Colaborador regular de numerosos medios latinoamericanos y europeos.","sameAs":["https:\/\/www.voltairenet.org\/auteur120173.html?lang=es","https:\/\/www.facebook.com\/sergio.ferrari.9655","https:\/\/x.com\/SergiooFerrari"]}]}},"_links":{"self":[{"href":"https:\/\/www.revistarambla.com\/en\/wp-json\/wp\/v2\/posts\/63208","targetHints":{"allow":["GET"]}}],"collection":[{"href":"https:\/\/www.revistarambla.com\/en\/wp-json\/wp\/v2\/posts"}],"about":[{"href":"https:\/\/www.revistarambla.com\/en\/wp-json\/wp\/v2\/types\/post"}],"author":[{"embeddable":true,"href":"https:\/\/www.revistarambla.com\/en\/wp-json\/wp\/v2\/users\/24"}],"replies":[{"embeddable":true,"href":"https:\/\/www.revistarambla.com\/en\/wp-json\/wp\/v2\/comments?post=63208"}],"version-history":[{"count":2,"href":"https:\/\/www.revistarambla.com\/en\/wp-json\/wp\/v2\/posts\/63208\/revisions"}],"predecessor-version":[{"id":63218,"href":"https:\/\/www.revistarambla.com\/en\/wp-json\/wp\/v2\/posts\/63208\/revisions\/63218"}],"wp:featuredmedia":[{"embeddable":true,"href":"https:\/\/www.revistarambla.com\/en\/wp-json\/wp\/v2\/media\/63209"}],"wp:attachment":[{"href":"https:\/\/www.revistarambla.com\/en\/wp-json\/wp\/v2\/media?parent=63208"}],"wp:term":[{"taxonomy":"category","embeddable":true,"href":"https:\/\/www.revistarambla.com\/en\/wp-json\/wp\/v2\/categories?post=63208"},{"taxonomy":"post_tag","embeddable":true,"href":"https:\/\/www.revistarambla.com\/en\/wp-json\/wp\/v2\/tags?post=63208"}],"curies":[{"name":"wp","href":"https:\/\/api.w.org\/{rel}","templated":true}]}}