{"id":63173,"date":"2024-10-30T21:10:34","date_gmt":"2024-10-30T20:10:34","guid":{"rendered":"https:\/\/www.revistarambla.com\/?p=63173"},"modified":"2024-10-30T21:10:34","modified_gmt":"2024-10-30T20:10:34","slug":"bajan-los-precios-pero-los-alquileres-temporales-siguen-siendo-una-incognita","status":"publish","type":"post","link":"https:\/\/www.revistarambla.com\/en\/bajan-los-precios-pero-los-alquileres-temporales-siguen-siendo-una-incognita\/","title":{"rendered":"Bajan los precios, pero los alquileres temporales siguen siendo una inc\u00f3gnita"},"content":{"rendered":"<p>El Equipo de an\u00e1lisis e investigaci\u00f3n del Sindicat de Llogateres se estrena p\u00fablicamente con el informe: An\u00e1lisis del Efecto de la Contenci\u00f3n de Rentas <!--more-->sobre el Mercado de Alquiler en Catalu\u00f1a. Un informe que analiza los datos publicados por el Incas\u00f2l, y que concluye que los precios de los alquileres en las \u00e1reas tensionadas bajaron durante el primer trimestre de aplicaci\u00f3n de la regulaci\u00f3n de alquileres, a diferencia de lo que ocurre en las zonas no reguladas, donde la tendencia de los precios de alquiler contin\u00faa al alza.<\/p>\n<p>El an\u00e1lisis se\u00f1ala tambi\u00e9n la falta de datos p\u00fablicos y oficiales sobre los contratos de alquiler temporal o de habitaciones, que deber\u00edan demostrar cient\u00edficamente que muchos arrendadores est\u00e1n desviando viviendas a modalidades temporales para eludir la regulaci\u00f3n de alquileres, tal como vemos semanalmente entre las afiliadas del Sindicat, o como muestran las plataformas de anuncios de alquiler.<\/p>\n<p>Aunque las estad\u00edsticas muestren una ligera bajada de los alquileres en las zonas tensionadas, no pasa desapercibido que tanto los responsables pol\u00edticos como la patronal inmobiliaria est\u00e1n haciendo todo lo posible por esquivar y sabotear la aplicaci\u00f3n de la regulaci\u00f3n de alquileres, aunque no haya cifras oficiales de alquileres temporales que puedan demostrarlo.<\/p>\n<p>La precarizaci\u00f3n de quienes se ven obligados a destinar un 40% de sus ingresos al pago del alquiler, la inseguridad de no saber si te renovar\u00e1n el contrato porque lo convertir\u00e1n en temporal, los abusos sistem\u00e1ticos por parte de inmobiliarias y arrendadores de renovar contratos cuando estos finalizan, o las dificultades para acceder a una vivienda en un mercado sobresaturado de alquileres temporales o habitaciones a precios de lujo, han llevado a las inquilinas a decir que ya basta.<\/p>\n<p>Desde el Sindicat, hemos convocado una manifestaci\u00f3n masiva el 23 de noviembre para exigir la bajada inmediata de los alquileres y para iniciar un proceso de articulaci\u00f3n entre inquilinas que nos permita ejercer acciones para lograrlo. Si ellos no bajan los alquileres, lo haremos nosotras.<br \/>\nCuatro conclusiones clave del informe<\/p>\n<p>1. No se puede afirmar que haya una ca\u00edda generalizada de la oferta: A pesar del descenso de nuevos contratos, no hay pruebas concluyentes de que la oferta global se est\u00e9 reduciendo, y en cambio, s\u00ed pueden observarse tendencias que ya exist\u00edan en los \u00faltimos a\u00f1os, antes de la entrada en vigor de la regulaci\u00f3n.<\/p>\n<p>2. Aumento del alquiler de temporada: Muchos propietarios han optado por transformar su producto para esquivar la regulaci\u00f3n. Esto podr\u00eda conducir a una segmentaci\u00f3n del mercado que dificulte el acceso a alquileres estables y a largo plazo. Para concretar el an\u00e1lisis y las conclusiones, es necesario contar con los datos oficiales que hacen referencia a estos contratos, tanto en n\u00famero como en precio.<\/p>\n<p>3. Existen ca\u00eddas del alquiler medio muy generalizadas: los nuevos contratos reflejan descensos a menudo muy significativos en los alquileres medios, especialmente si se comparan con el primer trimestre del a\u00f1o, pero en muchos casos tambi\u00e9n en comparaci\u00f3n con el mismo per\u00edodo de 2023. Aunque el fen\u00f3meno no se verifica en el 100% de los municipios y \u00e1reas territoriales, es muy generalizado tanto por barrios, como por distritos, municipios y \u00e1reas.<\/p>\n<p>4. Hace falta m\u00e1s seguimiento: Es necesario monitorear si la evoluci\u00f3n de los precios y contratos a lo largo de 2024 y 2025 se estabiliza o contin\u00faa la tendencia de reorganizaci\u00f3n del mercado.<\/p>","protected":false},"excerpt":{"rendered":"<p>El informe del Equipo de an\u00e1lisis e investigaci\u00f3n del Sindicat concluye una bajada de precios en las zonas tensionadas y la tendencia al alza en los municipios donde no se aplica la regulaci\u00f3n.<\/p>","protected":false},"author":328,"featured_media":51728,"comment_status":"closed","ping_status":"closed","sticky":false,"template":"","format":"standard","meta":{"footnotes":""},"categories":[59],"tags":[],"class_list":["post-63173","post","type-post","status-publish","format-standard","has-post-thumbnail","hentry","category-catalunya"],"yoast_head":"<!-- This site is optimized with the Yoast SEO plugin v27.5 - https:\/\/yoast.com\/product\/yoast-seo-wordpress\/ -->\n<title>Bajan los precios, pero los alquileres temporales siguen siendo una inc\u00f3gnita - Revista Rambla<\/title>\n<meta name=\"robots\" content=\"index, follow, max-snippet:-1, max-image-preview:large, max-video-preview:-1\" \/>\n<link rel=\"canonical\" href=\"https:\/\/www.revistarambla.com\/en\/bajan-los-precios-pero-los-alquileres-temporales-siguen-siendo-una-incognita\/\" \/>\n<meta property=\"og:locale\" content=\"en_GB\" \/>\n<meta property=\"og:type\" content=\"article\" \/>\n<meta property=\"og:title\" content=\"Bajan los precios, pero los alquileres temporales siguen siendo una inc\u00f3gnita - Revista Rambla\" \/>\n<meta property=\"og:description\" content=\"El informe del Equipo de an\u00e1lisis e investigaci\u00f3n del Sindicat concluye una bajada de precios en las zonas tensionadas y la tendencia al alza en los municipios donde no se aplica la regulaci\u00f3n.\" \/>\n<meta property=\"og:url\" content=\"https:\/\/www.revistarambla.com\/en\/bajan-los-precios-pero-los-alquileres-temporales-siguen-siendo-una-incognita\/\" \/>\n<meta property=\"og:site_name\" content=\"Revista Rambla\" \/>\n<meta property=\"article:publisher\" content=\"https:\/\/www.facebook.com\/revistarambla\/\" \/>\n<meta property=\"article:author\" content=\"https:\/\/www.facebook.com\/SindicatLloguer\/\" \/>\n<meta property=\"article:published_time\" content=\"2024-10-30T20:10:34+00:00\" \/>\n<meta property=\"og:image\" content=\"https:\/\/www.revistarambla.com\/wp-content\/uploads\/2023\/01\/vivienda-proteccion-oficial-revista-rambla.jpg\" \/>\n\t<meta property=\"og:image:width\" content=\"1023\" \/>\n\t<meta property=\"og:image:height\" content=\"599\" \/>\n\t<meta property=\"og:image:type\" content=\"image\/jpeg\" \/>\n<meta name=\"author\" content=\"Sindicat de Llogateres\" \/>\n<meta name=\"twitter:card\" content=\"summary_large_image\" \/>\n<meta name=\"twitter:creator\" content=\"@sindicatlloguer\" \/>\n<meta name=\"twitter:site\" content=\"@revistarambla\" \/>\n<meta name=\"twitter:label1\" content=\"Written by\" \/>\n\t<meta name=\"twitter:data1\" content=\"Sindicat de Llogateres\" \/>\n\t<meta name=\"twitter:label2\" content=\"Estimated reading time\" \/>\n\t<meta name=\"twitter:data2\" content=\"3 minutes\" \/>\n<script type=\"application\/ld+json\" class=\"yoast-schema-graph\">{\"@context\":\"https:\\\/\\\/schema.org\",\"@graph\":[{\"@type\":\"Article\",\"@id\":\"https:\\\/\\\/www.revistarambla.com\\\/bajan-los-precios-pero-los-alquileres-temporales-siguen-siendo-una-incognita\\\/#article\",\"isPartOf\":{\"@id\":\"https:\\\/\\\/www.revistarambla.com\\\/bajan-los-precios-pero-los-alquileres-temporales-siguen-siendo-una-incognita\\\/\"},\"author\":{\"name\":\"Sindicat de Llogateres\",\"@id\":\"https:\\\/\\\/www.revistarambla.com\\\/#\\\/schema\\\/person\\\/cdb47f1b20cae4529e0d80b9b620ee26\"},\"headline\":\"Bajan los precios, pero los alquileres temporales siguen siendo una inc\u00f3gnita\",\"datePublished\":\"2024-10-30T20:10:34+00:00\",\"mainEntityOfPage\":{\"@id\":\"https:\\\/\\\/www.revistarambla.com\\\/bajan-los-precios-pero-los-alquileres-temporales-siguen-siendo-una-incognita\\\/\"},\"wordCount\":599,\"publisher\":{\"@id\":\"https:\\\/\\\/www.revistarambla.com\\\/#organization\"},\"image\":{\"@id\":\"https:\\\/\\\/www.revistarambla.com\\\/bajan-los-precios-pero-los-alquileres-temporales-siguen-siendo-una-incognita\\\/#primaryimage\"},\"thumbnailUrl\":\"https:\\\/\\\/www.revistarambla.com\\\/wp-content\\\/uploads\\\/2023\\\/01\\\/vivienda-proteccion-oficial-revista-rambla.jpg\",\"articleSection\":[\"Catalunya\"],\"inLanguage\":\"en-GB\"},{\"@type\":\"WebPage\",\"@id\":\"https:\\\/\\\/www.revistarambla.com\\\/bajan-los-precios-pero-los-alquileres-temporales-siguen-siendo-una-incognita\\\/\",\"url\":\"https:\\\/\\\/www.revistarambla.com\\\/bajan-los-precios-pero-los-alquileres-temporales-siguen-siendo-una-incognita\\\/\",\"name\":\"Bajan los precios, pero los alquileres temporales siguen siendo una inc\u00f3gnita - Revista Rambla\",\"isPartOf\":{\"@id\":\"https:\\\/\\\/www.revistarambla.com\\\/#website\"},\"primaryImageOfPage\":{\"@id\":\"https:\\\/\\\/www.revistarambla.com\\\/bajan-los-precios-pero-los-alquileres-temporales-siguen-siendo-una-incognita\\\/#primaryimage\"},\"image\":{\"@id\":\"https:\\\/\\\/www.revistarambla.com\\\/bajan-los-precios-pero-los-alquileres-temporales-siguen-siendo-una-incognita\\\/#primaryimage\"},\"thumbnailUrl\":\"https:\\\/\\\/www.revistarambla.com\\\/wp-content\\\/uploads\\\/2023\\\/01\\\/vivienda-proteccion-oficial-revista-rambla.jpg\",\"datePublished\":\"2024-10-30T20:10:34+00:00\",\"breadcrumb\":{\"@id\":\"https:\\\/\\\/www.revistarambla.com\\\/bajan-los-precios-pero-los-alquileres-temporales-siguen-siendo-una-incognita\\\/#breadcrumb\"},\"inLanguage\":\"en-GB\",\"potentialAction\":[{\"@type\":\"ReadAction\",\"target\":[\"https:\\\/\\\/www.revistarambla.com\\\/bajan-los-precios-pero-los-alquileres-temporales-siguen-siendo-una-incognita\\\/\"]}]},{\"@type\":\"ImageObject\",\"inLanguage\":\"en-GB\",\"@id\":\"https:\\\/\\\/www.revistarambla.com\\\/bajan-los-precios-pero-los-alquileres-temporales-siguen-siendo-una-incognita\\\/#primaryimage\",\"url\":\"https:\\\/\\\/www.revistarambla.com\\\/wp-content\\\/uploads\\\/2023\\\/01\\\/vivienda-proteccion-oficial-revista-rambla.jpg\",\"contentUrl\":\"https:\\\/\\\/www.revistarambla.com\\\/wp-content\\\/uploads\\\/2023\\\/01\\\/vivienda-proteccion-oficial-revista-rambla.jpg\",\"width\":1023,\"height\":599,\"caption\":\"alquileres temporales\"},{\"@type\":\"BreadcrumbList\",\"@id\":\"https:\\\/\\\/www.revistarambla.com\\\/bajan-los-precios-pero-los-alquileres-temporales-siguen-siendo-una-incognita\\\/#breadcrumb\",\"itemListElement\":[{\"@type\":\"ListItem\",\"position\":1,\"name\":\"Portada\",\"item\":\"https:\\\/\\\/www.revistarambla.com\\\/\"},{\"@type\":\"ListItem\",\"position\":2,\"name\":\"Bajan los precios, pero los alquileres temporales siguen siendo una inc\u00f3gnita\"}]},{\"@type\":\"WebSite\",\"@id\":\"https:\\\/\\\/www.revistarambla.com\\\/#website\",\"url\":\"https:\\\/\\\/www.revistarambla.com\\\/\",\"name\":\"Revista Rambla Barcelona\",\"description\":\"Periodismo independiente\",\"publisher\":{\"@id\":\"https:\\\/\\\/www.revistarambla.com\\\/#organization\"},\"potentialAction\":[{\"@type\":\"SearchAction\",\"target\":{\"@type\":\"EntryPoint\",\"urlTemplate\":\"https:\\\/\\\/www.revistarambla.com\\\/?s={search_term_string}\"},\"query-input\":{\"@type\":\"PropertyValueSpecification\",\"valueRequired\":true,\"valueName\":\"search_term_string\"}}],\"inLanguage\":\"en-GB\"},{\"@type\":\"Organization\",\"@id\":\"https:\\\/\\\/www.revistarambla.com\\\/#organization\",\"name\":\"Revista Rambla\",\"url\":\"https:\\\/\\\/www.revistarambla.com\\\/\",\"logo\":{\"@type\":\"ImageObject\",\"inLanguage\":\"en-GB\",\"@id\":\"https:\\\/\\\/www.revistarambla.com\\\/#\\\/schema\\\/logo\\\/image\\\/\",\"url\":\"https:\\\/\\\/www.revistarambla.com\\\/wp-content\\\/uploads\\\/2020\\\/09\\\/banner_rambla_1900x600_BB.png\",\"contentUrl\":\"https:\\\/\\\/www.revistarambla.com\\\/wp-content\\\/uploads\\\/2020\\\/09\\\/banner_rambla_1900x600_BB.png\",\"width\":1900,\"height\":600,\"caption\":\"Revista Rambla\"},\"image\":{\"@id\":\"https:\\\/\\\/www.revistarambla.com\\\/#\\\/schema\\\/logo\\\/image\\\/\"},\"sameAs\":[\"https:\\\/\\\/www.facebook.com\\\/revistarambla\\\/\",\"https:\\\/\\\/x.com\\\/revistarambla\",\"https:\\\/\\\/www.instagram.com\\\/revista_rambla\",\"https:\\\/\\\/es.linkedin.com\\\/company\\\/revista-rambla\"]},{\"@type\":\"Person\",\"@id\":\"https:\\\/\\\/www.revistarambla.com\\\/#\\\/schema\\\/person\\\/cdb47f1b20cae4529e0d80b9b620ee26\",\"name\":\"Sindicat de Llogateres\",\"description\":\"Protegim el dret a l'habitatge. Millorem la vida de la gent. Ajuda'ns a seguir canviant les coses i suma-t'hi.\",\"sameAs\":[\"http:\\\/\\\/sindicatdellogateres.org\\\/\",\"https:\\\/\\\/www.facebook.com\\\/SindicatLloguer\\\/\",\"https:\\\/\\\/x.com\\\/sindicatlloguer\"]}]}<\/script>\n<!-- \/ Yoast SEO plugin. -->","yoast_head_json":{"title":"Bajan los precios, pero los alquileres temporales siguen siendo una inc\u00f3gnita - Revista Rambla","robots":{"index":"index","follow":"follow","max-snippet":"max-snippet:-1","max-image-preview":"max-image-preview:large","max-video-preview":"max-video-preview:-1"},"canonical":"https:\/\/www.revistarambla.com\/en\/bajan-los-precios-pero-los-alquileres-temporales-siguen-siendo-una-incognita\/","og_locale":"en_GB","og_type":"article","og_title":"Bajan los precios, pero los alquileres temporales siguen siendo una inc\u00f3gnita - Revista Rambla","og_description":"El informe del Equipo de an\u00e1lisis e investigaci\u00f3n del Sindicat concluye una bajada de precios en las zonas tensionadas y la tendencia al alza en los municipios donde no se aplica la regulaci\u00f3n.","og_url":"https:\/\/www.revistarambla.com\/en\/bajan-los-precios-pero-los-alquileres-temporales-siguen-siendo-una-incognita\/","og_site_name":"Revista Rambla","article_publisher":"https:\/\/www.facebook.com\/revistarambla\/","article_author":"https:\/\/www.facebook.com\/SindicatLloguer\/","article_published_time":"2024-10-30T20:10:34+00:00","og_image":[{"width":1023,"height":599,"url":"https:\/\/www.revistarambla.com\/wp-content\/uploads\/2023\/01\/vivienda-proteccion-oficial-revista-rambla.jpg","type":"image\/jpeg"}],"author":"Sindicat de Llogateres","twitter_card":"summary_large_image","twitter_creator":"@sindicatlloguer","twitter_site":"@revistarambla","twitter_misc":{"Written by":"Sindicat de Llogateres","Estimated reading time":"3 minutes"},"schema":{"@context":"https:\/\/schema.org","@graph":[{"@type":"Article","@id":"https:\/\/www.revistarambla.com\/bajan-los-precios-pero-los-alquileres-temporales-siguen-siendo-una-incognita\/#article","isPartOf":{"@id":"https:\/\/www.revistarambla.com\/bajan-los-precios-pero-los-alquileres-temporales-siguen-siendo-una-incognita\/"},"author":{"name":"Sindicat de Llogateres","@id":"https:\/\/www.revistarambla.com\/#\/schema\/person\/cdb47f1b20cae4529e0d80b9b620ee26"},"headline":"Bajan los precios, pero los alquileres temporales siguen siendo una inc\u00f3gnita","datePublished":"2024-10-30T20:10:34+00:00","mainEntityOfPage":{"@id":"https:\/\/www.revistarambla.com\/bajan-los-precios-pero-los-alquileres-temporales-siguen-siendo-una-incognita\/"},"wordCount":599,"publisher":{"@id":"https:\/\/www.revistarambla.com\/#organization"},"image":{"@id":"https:\/\/www.revistarambla.com\/bajan-los-precios-pero-los-alquileres-temporales-siguen-siendo-una-incognita\/#primaryimage"},"thumbnailUrl":"https:\/\/www.revistarambla.com\/wp-content\/uploads\/2023\/01\/vivienda-proteccion-oficial-revista-rambla.jpg","articleSection":["Catalunya"],"inLanguage":"en-GB"},{"@type":"WebPage","@id":"https:\/\/www.revistarambla.com\/bajan-los-precios-pero-los-alquileres-temporales-siguen-siendo-una-incognita\/","url":"https:\/\/www.revistarambla.com\/bajan-los-precios-pero-los-alquileres-temporales-siguen-siendo-una-incognita\/","name":"Bajan los precios, pero los alquileres temporales siguen siendo una inc\u00f3gnita - Revista Rambla","isPartOf":{"@id":"https:\/\/www.revistarambla.com\/#website"},"primaryImageOfPage":{"@id":"https:\/\/www.revistarambla.com\/bajan-los-precios-pero-los-alquileres-temporales-siguen-siendo-una-incognita\/#primaryimage"},"image":{"@id":"https:\/\/www.revistarambla.com\/bajan-los-precios-pero-los-alquileres-temporales-siguen-siendo-una-incognita\/#primaryimage"},"thumbnailUrl":"https:\/\/www.revistarambla.com\/wp-content\/uploads\/2023\/01\/vivienda-proteccion-oficial-revista-rambla.jpg","datePublished":"2024-10-30T20:10:34+00:00","breadcrumb":{"@id":"https:\/\/www.revistarambla.com\/bajan-los-precios-pero-los-alquileres-temporales-siguen-siendo-una-incognita\/#breadcrumb"},"inLanguage":"en-GB","potentialAction":[{"@type":"ReadAction","target":["https:\/\/www.revistarambla.com\/bajan-los-precios-pero-los-alquileres-temporales-siguen-siendo-una-incognita\/"]}]},{"@type":"ImageObject","inLanguage":"en-GB","@id":"https:\/\/www.revistarambla.com\/bajan-los-precios-pero-los-alquileres-temporales-siguen-siendo-una-incognita\/#primaryimage","url":"https:\/\/www.revistarambla.com\/wp-content\/uploads\/2023\/01\/vivienda-proteccion-oficial-revista-rambla.jpg","contentUrl":"https:\/\/www.revistarambla.com\/wp-content\/uploads\/2023\/01\/vivienda-proteccion-oficial-revista-rambla.jpg","width":1023,"height":599,"caption":"alquileres temporales"},{"@type":"BreadcrumbList","@id":"https:\/\/www.revistarambla.com\/bajan-los-precios-pero-los-alquileres-temporales-siguen-siendo-una-incognita\/#breadcrumb","itemListElement":[{"@type":"ListItem","position":1,"name":"Portada","item":"https:\/\/www.revistarambla.com\/"},{"@type":"ListItem","position":2,"name":"Bajan los precios, pero los alquileres temporales siguen siendo una inc\u00f3gnita"}]},{"@type":"WebSite","@id":"https:\/\/www.revistarambla.com\/#website","url":"https:\/\/www.revistarambla.com\/","name":"Revista Rambla Barcelona","description":"Periodismo independiente","publisher":{"@id":"https:\/\/www.revistarambla.com\/#organization"},"potentialAction":[{"@type":"SearchAction","target":{"@type":"EntryPoint","urlTemplate":"https:\/\/www.revistarambla.com\/?s={search_term_string}"},"query-input":{"@type":"PropertyValueSpecification","valueRequired":true,"valueName":"search_term_string"}}],"inLanguage":"en-GB"},{"@type":"Organization","@id":"https:\/\/www.revistarambla.com\/#organization","name":"Revista Rambla","url":"https:\/\/www.revistarambla.com\/","logo":{"@type":"ImageObject","inLanguage":"en-GB","@id":"https:\/\/www.revistarambla.com\/#\/schema\/logo\/image\/","url":"https:\/\/www.revistarambla.com\/wp-content\/uploads\/2020\/09\/banner_rambla_1900x600_BB.png","contentUrl":"https:\/\/www.revistarambla.com\/wp-content\/uploads\/2020\/09\/banner_rambla_1900x600_BB.png","width":1900,"height":600,"caption":"Revista Rambla"},"image":{"@id":"https:\/\/www.revistarambla.com\/#\/schema\/logo\/image\/"},"sameAs":["https:\/\/www.facebook.com\/revistarambla\/","https:\/\/x.com\/revistarambla","https:\/\/www.instagram.com\/revista_rambla","https:\/\/es.linkedin.com\/company\/revista-rambla"]},{"@type":"Person","@id":"https:\/\/www.revistarambla.com\/#\/schema\/person\/cdb47f1b20cae4529e0d80b9b620ee26","name":"Sindicat de Llogateres","description":"Protegim el dret a l'habitatge. Millorem la vida de la gent. Ajuda'ns a seguir canviant les coses i suma-t'hi.","sameAs":["http:\/\/sindicatdellogateres.org\/","https:\/\/www.facebook.com\/SindicatLloguer\/","https:\/\/x.com\/sindicatlloguer"]}]}},"_links":{"self":[{"href":"https:\/\/www.revistarambla.com\/en\/wp-json\/wp\/v2\/posts\/63173","targetHints":{"allow":["GET"]}}],"collection":[{"href":"https:\/\/www.revistarambla.com\/en\/wp-json\/wp\/v2\/posts"}],"about":[{"href":"https:\/\/www.revistarambla.com\/en\/wp-json\/wp\/v2\/types\/post"}],"author":[{"embeddable":true,"href":"https:\/\/www.revistarambla.com\/en\/wp-json\/wp\/v2\/users\/328"}],"replies":[{"embeddable":true,"href":"https:\/\/www.revistarambla.com\/en\/wp-json\/wp\/v2\/comments?post=63173"}],"version-history":[{"count":1,"href":"https:\/\/www.revistarambla.com\/en\/wp-json\/wp\/v2\/posts\/63173\/revisions"}],"predecessor-version":[{"id":63174,"href":"https:\/\/www.revistarambla.com\/en\/wp-json\/wp\/v2\/posts\/63173\/revisions\/63174"}],"wp:featuredmedia":[{"embeddable":true,"href":"https:\/\/www.revistarambla.com\/en\/wp-json\/wp\/v2\/media\/51728"}],"wp:attachment":[{"href":"https:\/\/www.revistarambla.com\/en\/wp-json\/wp\/v2\/media?parent=63173"}],"wp:term":[{"taxonomy":"category","embeddable":true,"href":"https:\/\/www.revistarambla.com\/en\/wp-json\/wp\/v2\/categories?post=63173"},{"taxonomy":"post_tag","embeddable":true,"href":"https:\/\/www.revistarambla.com\/en\/wp-json\/wp\/v2\/tags?post=63173"}],"curies":[{"name":"wp","href":"https:\/\/api.w.org\/{rel}","templated":true}]}}