{"id":63087,"date":"2024-10-23T13:48:29","date_gmt":"2024-10-23T11:48:29","guid":{"rendered":"https:\/\/www.revistarambla.com\/?p=63087"},"modified":"2024-10-24T15:01:32","modified_gmt":"2024-10-24T13:01:32","slug":"el-plan-de-los-generales-exterminio-por-hambre-y-sed-bajo-la-metralla","status":"publish","type":"post","link":"https:\/\/www.revistarambla.com\/en\/el-plan-de-los-generales-exterminio-por-hambre-y-sed-bajo-la-metralla\/","title":{"rendered":"El \u201cPlan de los Generales\u201d: exterminio por hambre y sed bajo la metralla"},"content":{"rendered":"<p>El asesinato del l\u00edder de Ham\u00e1s, Yahya Sinwar, en Gaza, despu\u00e9s de un a\u00f1o de guerra genocida de Israel, no terminar\u00e1 ni con la organizaci\u00f3n ni con el arraigo de la resistencia <!--more-->palestina. Es un golpe moral, que completa el descabezamiento de la direcci\u00f3n del movimiento, pero dif\u00edcilmente cambiar\u00e1 nada sobre el terreno ni en el curso de la guerra.<\/p>\n<p>La muerte de Sinwar llega tras el asesinato en Teher\u00e1n de Ismail Haniye, l\u00edder de la oficina pol\u00edtica y de Mohamed Deif, jefe militar, adem\u00e1s de los principales mandos de las brigadas Ezzedeen al Qassam, el brazo armado del movimiento. Llega tras el asesinato en Beirut del emblem\u00e1tico l\u00edder de Hezbollah, Hasan Nasrallah. Israel ha asesinado, encarcelado y torturado a muchos dirigentes palestinos (islamistas, comunistas, nacionalistas), pero no ha acabado con la resistencia ni ha conseguido direcciones m\u00e1s favorables a sus intereses.<\/p>\n<p>No se trata, pues, de Sinwar o de otro nombre, sino de la ocupaci\u00f3n israel\u00ed de Palestina durante m\u00e1s de un siglo y Ham\u00e1s designar\u00e1 ahora a un nuevo dirigente. El mensaje de Sinwar y del 7 de octubre era que, contra lo esperado por Israel y sus aliados, el pueblo palestino se rendir\u00eda a la ocupaci\u00f3n y eso no ha pasado, al contrario, y ello a pesar del espantoso coste humano del genocidio de Gaza, la intensificaci\u00f3n de la colonizaci\u00f3n de Cisjordania o la represi\u00f3n de los palestinos que viven en el territorio de Israel. Ham\u00e1s escoger\u00e1 a un nuevo l\u00edder que probablemente continuar\u00e1 con la misma pol\u00edtica y habr\u00e1 que ver qu\u00e9 capacidad tiene la organizaci\u00f3n para recomponerse y evitar un caos interno. Israel puede acabar militarmente con el aparato militar de Ham\u00e1s, pero sabe que las ideas no se matan a golpe de bombas.<\/p>\n<figure id=\"attachment_63090\" aria-describedby=\"caption-attachment-63090\" style=\"width: 640px\" class=\"wp-caption aligncenter\"><img decoding=\"async\" class=\"wp-image-63090 size-large\" src=\"https:\/\/www.revistarambla.com\/wp-content\/uploads\/2024\/10\/Screenshot-2024-10-23-at-13-45-59-VDHWMTIVCJEWXMW7JQBZRECOYM-Imagen-AVIF-980-\u00d7-980-pixeles-Escalado-74--840x840.jpg\" alt=\"Yahya Sinwar\" width=\"640\" height=\"640\" srcset=\"https:\/\/www.revistarambla.com\/wp-content\/uploads\/2024\/10\/Screenshot-2024-10-23-at-13-45-59-VDHWMTIVCJEWXMW7JQBZRECOYM-Imagen-AVIF-980-\u00d7-980-pixeles-Escalado-74--840x840.jpg 840w, https:\/\/www.revistarambla.com\/wp-content\/uploads\/2024\/10\/Screenshot-2024-10-23-at-13-45-59-VDHWMTIVCJEWXMW7JQBZRECOYM-Imagen-AVIF-980-\u00d7-980-pixeles-Escalado-74--365x365.jpg 365w, https:\/\/www.revistarambla.com\/wp-content\/uploads\/2024\/10\/Screenshot-2024-10-23-at-13-45-59-VDHWMTIVCJEWXMW7JQBZRECOYM-Imagen-AVIF-980-\u00d7-980-pixeles-Escalado-74--768x768.jpg 768w, https:\/\/www.revistarambla.com\/wp-content\/uploads\/2024\/10\/Screenshot-2024-10-23-at-13-45-59-VDHWMTIVCJEWXMW7JQBZRECOYM-Imagen-AVIF-980-\u00d7-980-pixeles-Escalado-74--12x12.jpg 12w, https:\/\/www.revistarambla.com\/wp-content\/uploads\/2024\/10\/Screenshot-2024-10-23-at-13-45-59-VDHWMTIVCJEWXMW7JQBZRECOYM-Imagen-AVIF-980-\u00d7-980-pixeles-Escalado-74--150x150.jpg 150w, https:\/\/www.revistarambla.com\/wp-content\/uploads\/2024\/10\/Screenshot-2024-10-23-at-13-45-59-VDHWMTIVCJEWXMW7JQBZRECOYM-Imagen-AVIF-980-\u00d7-980-pixeles-Escalado-74--70x70.jpg 70w, https:\/\/www.revistarambla.com\/wp-content\/uploads\/2024\/10\/Screenshot-2024-10-23-at-13-45-59-VDHWMTIVCJEWXMW7JQBZRECOYM-Imagen-AVIF-980-\u00d7-980-pixeles-Escalado-74-.jpg 913w\" sizes=\"(max-width: 640px) 100vw, 640px\" \/><figcaption id=\"caption-attachment-63090\" class=\"wp-caption-text\">Los \u00faltimos momentos de Yahya Sinwar.<\/figcaption><\/figure>\n<p>Netanyahu ya ha dicho que el asesinato de Sinwar no pone fin a la guerra de Gaza. La ofensiva israel\u00ed no pretende s\u00f3lo la desarticulaci\u00f3n militar y pol\u00edtica de Ham\u00e1s y es evidente que tampoco la liberaci\u00f3n de los rehenes del 7 de octubre es prioritaria para el gobierno de Netanyahu. Israel pretende una reconfiguraci\u00f3n demogr\u00e1fica de la Franja, con el desplazamiento masivo de la poblaci\u00f3n norte\u00f1a hacia el sur. Algunos sectores que ganan cada vez m\u00e1s peso abogan por una reocupaci\u00f3n al menos parcial de Gaza, de donde Israel se hab\u00eda retirado unilateralmente en 2005.<br \/>\nTras un a\u00f1o de bombardeos indiscriminados sobre Gaza que han matado a decenas de miles de palestinos (muchos m\u00e1s de los 42.000 que se han podido contabilizar en los registros oficiales) Israel se apunta la victoria de la liquidaci\u00f3n de Sinwar. Una victoria que refuerza a Netanyahu pero no casa con el relato israel\u00ed. Sinwar no estaba atrapado en un t\u00fanel rodeado de rehenes, como aseguraban los poderosos servicios de inteligencia israel\u00edes que no han logrado infiltrarse en Gaza, sino que le mataron por casualidad, mientras combat\u00eda a los ocupantes. Fueron fuentes militares israel\u00edes las que dieron la noticia, que Netanyahu sali\u00f3 horas m\u00e1s tarde a confirmar, sin poder apropiarse personalmente del golpe.<\/p>\n<p>Pese al terror\u00edfico coste humano y la destrucci\u00f3n masiva de la Franja, un nivel de violencia sin precedentes en los cien a\u00f1os de historia de ocupaci\u00f3n de Palestina, Israel est\u00e1 lejos de conseguir sus objetivos en Gaza: ni ha desarticulado a Ham\u00e1s ni tiene a alguien para sustituirle como autoridad en Gaza ni ha liberado a los rehenes. El mismo d\u00eda que se anunci\u00f3 la eliminaci\u00f3n de Sinwar, los familiares de los secuestrados en Gaza emitieron un comunicado desesperado instando a Netanyahu a poner sobre la mesa un acuerdo para su liberaci\u00f3n, algo que el gobierno israel\u00ed no parece plantearse.<\/p>\n<p>Tampoco la guerra en L\u00edbano est\u00e1 terminando de dar los resultados esperados. Hezbollah, decapitado, sigue lanzando cohetes y misiles a diario sobre el territorio israel\u00ed y la lista de soldados israel\u00edes muertos en L\u00edbano no para de crecer, mientras Israel bombardea pueblos y ciudades en todo L\u00edbano, donde ha causado una grave crisis humanitaria.<\/p>\n<p>En este contexto se habla cada d\u00eda m\u00e1s del llamado \u00abPlan de los Generales\u00bb, la propuesta de un grupo de exgenerales que habla abiertamente de una limpieza \u00e9tnica en el norte de Gaza. El plan consiste en someter a sitio el territorio de la Franja al norte del corredor de Netzanim, que Israel abri\u00f3 al inicio de la guerra y bloquear la entrada de ayuda humanitaria hasta que la poblaci\u00f3n, y con ella los combatientes palestinos, mueran literalmente de hambre.<\/p>\n<p>El plan fue publicado a finales de septiembre por el llamado Foro de Mandos y Soldados en la Reserva, formado por 1.500 oficiales, que ha criticado la estrategia del ej\u00e9rcito israel\u00ed impuesta hasta ahora en Gaza. El foro est\u00e1 dirigido por Giora Eiland, un general en la reserva que hab\u00eda formado parte del Consejo de Seguridad Nacional israel\u00ed y ahora asesora al gobierno. Se le considera un militar de centro-izquierda, que, por ejemplo, apoy\u00f3 a los reservistas que el a\u00f1o pasado, en el marco de las protestas masivas contra la reforma judicial de Netanyahu, prometieron no unirse a filas si les llamaban, aunque despu\u00e9s del 7 de octubre se unieron a las fuerzas de \u00e9lite para atacar a Gaza y ahora tambi\u00e9n al L\u00edbano.<\/p>\n<p>Eiland lleva un a\u00f1o abogando por a\u00fan m\u00e1s mano dura contra los palestinos de Gaza. Ha defendido la \u00abdestrucci\u00f3n total\u00bb de la franja, provocar una \u00absevera crisis humanitaria\u00bb y favorecer la propagaci\u00f3n de epidemias para \u00abromper el esp\u00edritu de lucha de Ham\u00e1s\u00bb. \u00abCuando Gaza se muera de hambre, cientos de miles de palestinos estar\u00e1n enojados y ser\u00e1n los que promover\u00e1n un golpe contra Sinwar\u201d, ha declarado. Su estrategia se resume en decir que Israel se ha equivocado empleando s\u00f3lo la fuerza militar en Gaza y que para acabar con Ham\u00e1s lo que hace falta es matar de hambre, de sed y de enfermedades a la poblaci\u00f3n civil.<\/p>\n<p>El plan consiste en una primera fase hacer huir a la poblaci\u00f3n del norte de la Franja, como se hizo al principio de la guerra. Pero entonces entre 400.000 y 600.000 palestinos decidieron quedarse o volver al norte cuando comprobaron que el sur tampoco era seguro y que la guerra iba para largo. La segunda fase consiste en convertir el norte de Gaza en una zona militar cerrada donde no entre comida, ni agua ni combustible, y considerar a todo el mundo que se haya quedado como combatientes, con la \u00fanica opci\u00f3n de \u00abrendirse o morir de hambre\u00bb. Tras ello, prev\u00e9n, \u00abpodremos entrar en la ciudad de Gaza sin encontrar apenas ning\u00fan enemigo\u00bb.<\/p>\n<p>Coincidiendo con el primer aniversario de los ataques del 7 de octubre, parece que Israel ha puesto en marcha este plan, con la nueva ofensiva en el norte de Gaza. Nuestros compa\u00f1eros de la Uni\u00f3n Independiente de Comit\u00e9s Obreros Palestinos con los que llevamos meses impulsando una campa\u00f1a para hacer llegar ayuda a los barrios de Jabalia, que est\u00e1 en el centro de la ofensiva, nos han podido explicar de primera mano c\u00f3mo los bombardeos a\u00e9reos, el sitio, el hambre e incluso como el ej\u00e9rcito israel\u00ed est\u00e1 utilizando robots que entran en las zonas m\u00e1s pobladas con potentes bombas para causar el m\u00e1ximo de destrucci\u00f3n sin arriesgar las vidas de sus soldados. \u201cSobreviviremos y nos encontraremos aqu\u00ed en Gaza y tambi\u00e9n en Barcelona. Sois camaradas maravillosos y luchadores leales. Env\u00edo mis saludos a todos los camaradas y espero que nos encontremos pronto. No importa cu\u00e1nto genocidio, hambruna, desplazamiento y destrucci\u00f3n cometa la ocupaci\u00f3n, seguiremos resistiendo hasta que Palestina sea libre. Somos fuertes con todas las personas libres del mundo, y fuertes con nuestra justa causa.\u00bb, nos dec\u00edan en un mensaje que nos pudieron hacer llegar el 11\/10\/2024.<\/p>\n<p>Expulsar a la poblaci\u00f3n del norte de Gaza y reocuparla, el plan de los ministros de ultraderecha del gobierno de Netanyahu, Itamar Ben Gvir y Bezalel Smotrich, parece que ahora se ha convertido en el plan del gobierno. El bloqueo total de la ayuda humanitaria en el norte de Gaza forz\u00f3 incluso una protesta formal de EEUU a tres semanas de las elecciones de noviembre, y Tel Aviv respondi\u00f3 con un lavado de cara, dejando entrar a un pu\u00f1ado de camiones. El Plan de los Generales parece ser ahora la doctrina oficial.<\/p>\n<p>Desde el 2006 cuando Israel impuso el bloqueo de Gaza, con el apoyo de EEUU y la UE, decimos que la Franja es la mayor prisi\u00f3n al aire libre del mundo, con condiciones de vida imposibles. Ahora puede quedar reducida a mitad del territorio, un territorio reducido a escombros, sin hospitales, escuelas, infraestructuras de agua ni cultivos. Sin nada de lo que hace posible la vida. El mundo ser\u00e1 un sitio a\u00fan mucho peor si esto ocurre, y no s\u00f3lo para el pueblo palestino. Es hora de multiplicar los esfuerzos levantando la voz y moviliz\u00e1ndonos para impedirlo. Mientras siga la resistencia del pueblo palestino es nuestra obligaci\u00f3n. Nos va el futuro de todas.<\/p>","protected":false},"excerpt":{"rendered":"<p>El asesinato del l\u00edder de Ham\u00e1s, Yahya Sinwar, en Gaza, despu\u00e9s de un a\u00f1o de guerra genocida de Israel, no terminar\u00e1 ni con la organizaci\u00f3n ni con el arraigo de la resistencia<\/p>","protected":false},"author":15,"featured_media":63089,"comment_status":"closed","ping_status":"closed","sticky":false,"template":"","format":"standard","meta":{"footnotes":""},"categories":[57],"tags":[],"class_list":["post-63087","post","type-post","status-publish","format-standard","has-post-thumbnail","hentry","category-global"],"yoast_head":"<!-- This site is optimized with the Yoast SEO plugin v27.5 - https:\/\/yoast.com\/product\/yoast-seo-wordpress\/ -->\n<title>El \u201cPlan de los Generales\u201d: exterminio por hambre y sed bajo la metralla - Revista Rambla<\/title>\n<meta name=\"robots\" content=\"index, follow, max-snippet:-1, max-image-preview:large, max-video-preview:-1\" \/>\n<link rel=\"canonical\" href=\"https:\/\/www.revistarambla.com\/en\/el-plan-de-los-generales-exterminio-por-hambre-y-sed-bajo-la-metralla\/\" \/>\n<meta property=\"og:locale\" content=\"en_GB\" \/>\n<meta property=\"og:type\" content=\"article\" \/>\n<meta property=\"og:title\" content=\"El \u201cPlan de los Generales\u201d: exterminio por hambre y sed bajo la metralla - Revista Rambla\" \/>\n<meta property=\"og:description\" content=\"El asesinato del l\u00edder de Ham\u00e1s, Yahya Sinwar, en Gaza, despu\u00e9s de un a\u00f1o de guerra genocida de Israel, no terminar\u00e1 ni con la organizaci\u00f3n ni con el arraigo de la resistencia\" \/>\n<meta property=\"og:url\" content=\"https:\/\/www.revistarambla.com\/en\/el-plan-de-los-generales-exterminio-por-hambre-y-sed-bajo-la-metralla\/\" \/>\n<meta property=\"og:site_name\" content=\"Revista Rambla\" \/>\n<meta property=\"article:publisher\" content=\"https:\/\/www.facebook.com\/revistarambla\/\" \/>\n<meta property=\"article:published_time\" content=\"2024-10-23T11:48:29+00:00\" \/>\n<meta property=\"article:modified_time\" content=\"2024-10-24T13:01:32+00:00\" \/>\n<meta property=\"og:image\" content=\"https:\/\/www.revistarambla.com\/wp-content\/uploads\/2024\/10\/20241017201332_yahya-sinwar-2018an-efe_amp_w1200.jpg\" \/>\n\t<meta property=\"og:image:width\" content=\"1200\" \/>\n\t<meta property=\"og:image:height\" content=\"800\" \/>\n\t<meta property=\"og:image:type\" content=\"image\/jpeg\" \/>\n<meta name=\"author\" content=\"Layla Nassar\" \/>\n<meta name=\"twitter:card\" content=\"summary_large_image\" \/>\n<meta name=\"twitter:creator\" content=\"@revistarambla\" \/>\n<meta name=\"twitter:site\" content=\"@revistarambla\" \/>\n<meta name=\"twitter:label1\" content=\"Written by\" \/>\n\t<meta name=\"twitter:data1\" content=\"Layla Nassar\" \/>\n\t<meta name=\"twitter:label2\" content=\"Estimated reading time\" \/>\n\t<meta name=\"twitter:data2\" content=\"8 minutes\" \/>\n<script type=\"application\/ld+json\" class=\"yoast-schema-graph\">{\"@context\":\"https:\\\/\\\/schema.org\",\"@graph\":[{\"@type\":\"Article\",\"@id\":\"https:\\\/\\\/www.revistarambla.com\\\/el-plan-de-los-generales-exterminio-por-hambre-y-sed-bajo-la-metralla\\\/#article\",\"isPartOf\":{\"@id\":\"https:\\\/\\\/www.revistarambla.com\\\/el-plan-de-los-generales-exterminio-por-hambre-y-sed-bajo-la-metralla\\\/\"},\"author\":{\"name\":\"Layla Nassar\",\"@id\":\"https:\\\/\\\/www.revistarambla.com\\\/#\\\/schema\\\/person\\\/2b19179a8ace334b829ad72cc6e6ce97\"},\"headline\":\"El \u201cPlan de los Generales\u201d: exterminio por hambre y sed bajo la metralla\",\"datePublished\":\"2024-10-23T11:48:29+00:00\",\"dateModified\":\"2024-10-24T13:01:32+00:00\",\"mainEntityOfPage\":{\"@id\":\"https:\\\/\\\/www.revistarambla.com\\\/el-plan-de-los-generales-exterminio-por-hambre-y-sed-bajo-la-metralla\\\/\"},\"wordCount\":1591,\"publisher\":{\"@id\":\"https:\\\/\\\/www.revistarambla.com\\\/#organization\"},\"image\":{\"@id\":\"https:\\\/\\\/www.revistarambla.com\\\/el-plan-de-los-generales-exterminio-por-hambre-y-sed-bajo-la-metralla\\\/#primaryimage\"},\"thumbnailUrl\":\"https:\\\/\\\/www.revistarambla.com\\\/wp-content\\\/uploads\\\/2024\\\/10\\\/20241017201332_yahya-sinwar-2018an-efe_amp_w1200.jpg\",\"articleSection\":[\"Global\"],\"inLanguage\":\"en-GB\"},{\"@type\":\"WebPage\",\"@id\":\"https:\\\/\\\/www.revistarambla.com\\\/el-plan-de-los-generales-exterminio-por-hambre-y-sed-bajo-la-metralla\\\/\",\"url\":\"https:\\\/\\\/www.revistarambla.com\\\/el-plan-de-los-generales-exterminio-por-hambre-y-sed-bajo-la-metralla\\\/\",\"name\":\"El \u201cPlan de los Generales\u201d: exterminio por hambre y sed bajo la metralla - Revista Rambla\",\"isPartOf\":{\"@id\":\"https:\\\/\\\/www.revistarambla.com\\\/#website\"},\"primaryImageOfPage\":{\"@id\":\"https:\\\/\\\/www.revistarambla.com\\\/el-plan-de-los-generales-exterminio-por-hambre-y-sed-bajo-la-metralla\\\/#primaryimage\"},\"image\":{\"@id\":\"https:\\\/\\\/www.revistarambla.com\\\/el-plan-de-los-generales-exterminio-por-hambre-y-sed-bajo-la-metralla\\\/#primaryimage\"},\"thumbnailUrl\":\"https:\\\/\\\/www.revistarambla.com\\\/wp-content\\\/uploads\\\/2024\\\/10\\\/20241017201332_yahya-sinwar-2018an-efe_amp_w1200.jpg\",\"datePublished\":\"2024-10-23T11:48:29+00:00\",\"dateModified\":\"2024-10-24T13:01:32+00:00\",\"breadcrumb\":{\"@id\":\"https:\\\/\\\/www.revistarambla.com\\\/el-plan-de-los-generales-exterminio-por-hambre-y-sed-bajo-la-metralla\\\/#breadcrumb\"},\"inLanguage\":\"en-GB\",\"potentialAction\":[{\"@type\":\"ReadAction\",\"target\":[\"https:\\\/\\\/www.revistarambla.com\\\/el-plan-de-los-generales-exterminio-por-hambre-y-sed-bajo-la-metralla\\\/\"]}]},{\"@type\":\"ImageObject\",\"inLanguage\":\"en-GB\",\"@id\":\"https:\\\/\\\/www.revistarambla.com\\\/el-plan-de-los-generales-exterminio-por-hambre-y-sed-bajo-la-metralla\\\/#primaryimage\",\"url\":\"https:\\\/\\\/www.revistarambla.com\\\/wp-content\\\/uploads\\\/2024\\\/10\\\/20241017201332_yahya-sinwar-2018an-efe_amp_w1200.jpg\",\"contentUrl\":\"https:\\\/\\\/www.revistarambla.com\\\/wp-content\\\/uploads\\\/2024\\\/10\\\/20241017201332_yahya-sinwar-2018an-efe_amp_w1200.jpg\",\"width\":1200,\"height\":800,\"caption\":\"Yahya Sinwar\"},{\"@type\":\"BreadcrumbList\",\"@id\":\"https:\\\/\\\/www.revistarambla.com\\\/el-plan-de-los-generales-exterminio-por-hambre-y-sed-bajo-la-metralla\\\/#breadcrumb\",\"itemListElement\":[{\"@type\":\"ListItem\",\"position\":1,\"name\":\"Portada\",\"item\":\"https:\\\/\\\/www.revistarambla.com\\\/\"},{\"@type\":\"ListItem\",\"position\":2,\"name\":\"El \u201cPlan de los Generales\u201d: exterminio por hambre y sed bajo la metralla\"}]},{\"@type\":\"WebSite\",\"@id\":\"https:\\\/\\\/www.revistarambla.com\\\/#website\",\"url\":\"https:\\\/\\\/www.revistarambla.com\\\/\",\"name\":\"Revista Rambla Barcelona\",\"description\":\"Periodismo independiente\",\"publisher\":{\"@id\":\"https:\\\/\\\/www.revistarambla.com\\\/#organization\"},\"potentialAction\":[{\"@type\":\"SearchAction\",\"target\":{\"@type\":\"EntryPoint\",\"urlTemplate\":\"https:\\\/\\\/www.revistarambla.com\\\/?s={search_term_string}\"},\"query-input\":{\"@type\":\"PropertyValueSpecification\",\"valueRequired\":true,\"valueName\":\"search_term_string\"}}],\"inLanguage\":\"en-GB\"},{\"@type\":\"Organization\",\"@id\":\"https:\\\/\\\/www.revistarambla.com\\\/#organization\",\"name\":\"Revista Rambla\",\"url\":\"https:\\\/\\\/www.revistarambla.com\\\/\",\"logo\":{\"@type\":\"ImageObject\",\"inLanguage\":\"en-GB\",\"@id\":\"https:\\\/\\\/www.revistarambla.com\\\/#\\\/schema\\\/logo\\\/image\\\/\",\"url\":\"https:\\\/\\\/www.revistarambla.com\\\/wp-content\\\/uploads\\\/2020\\\/09\\\/banner_rambla_1900x600_BB.png\",\"contentUrl\":\"https:\\\/\\\/www.revistarambla.com\\\/wp-content\\\/uploads\\\/2020\\\/09\\\/banner_rambla_1900x600_BB.png\",\"width\":1900,\"height\":600,\"caption\":\"Revista Rambla\"},\"image\":{\"@id\":\"https:\\\/\\\/www.revistarambla.com\\\/#\\\/schema\\\/logo\\\/image\\\/\"},\"sameAs\":[\"https:\\\/\\\/www.facebook.com\\\/revistarambla\\\/\",\"https:\\\/\\\/x.com\\\/revistarambla\",\"https:\\\/\\\/www.instagram.com\\\/revista_rambla\",\"https:\\\/\\\/es.linkedin.com\\\/company\\\/revista-rambla\"]},{\"@type\":\"Person\",\"@id\":\"https:\\\/\\\/www.revistarambla.com\\\/#\\\/schema\\\/person\\\/2b19179a8ace334b829ad72cc6e6ce97\",\"name\":\"Layla Nassar\"}]}<\/script>\n<!-- \/ Yoast SEO plugin. -->","yoast_head_json":{"title":"El \u201cPlan de los Generales\u201d: exterminio por hambre y sed bajo la metralla - Revista Rambla","robots":{"index":"index","follow":"follow","max-snippet":"max-snippet:-1","max-image-preview":"max-image-preview:large","max-video-preview":"max-video-preview:-1"},"canonical":"https:\/\/www.revistarambla.com\/en\/el-plan-de-los-generales-exterminio-por-hambre-y-sed-bajo-la-metralla\/","og_locale":"en_GB","og_type":"article","og_title":"El \u201cPlan de los Generales\u201d: exterminio por hambre y sed bajo la metralla - Revista Rambla","og_description":"El asesinato del l\u00edder de Ham\u00e1s, Yahya Sinwar, en Gaza, despu\u00e9s de un a\u00f1o de guerra genocida de Israel, no terminar\u00e1 ni con la organizaci\u00f3n ni con el arraigo de la resistencia","og_url":"https:\/\/www.revistarambla.com\/en\/el-plan-de-los-generales-exterminio-por-hambre-y-sed-bajo-la-metralla\/","og_site_name":"Revista Rambla","article_publisher":"https:\/\/www.facebook.com\/revistarambla\/","article_published_time":"2024-10-23T11:48:29+00:00","article_modified_time":"2024-10-24T13:01:32+00:00","og_image":[{"width":1200,"height":800,"url":"https:\/\/www.revistarambla.com\/wp-content\/uploads\/2024\/10\/20241017201332_yahya-sinwar-2018an-efe_amp_w1200.jpg","type":"image\/jpeg"}],"author":"Layla Nassar","twitter_card":"summary_large_image","twitter_creator":"@revistarambla","twitter_site":"@revistarambla","twitter_misc":{"Written by":"Layla Nassar","Estimated reading time":"8 minutes"},"schema":{"@context":"https:\/\/schema.org","@graph":[{"@type":"Article","@id":"https:\/\/www.revistarambla.com\/el-plan-de-los-generales-exterminio-por-hambre-y-sed-bajo-la-metralla\/#article","isPartOf":{"@id":"https:\/\/www.revistarambla.com\/el-plan-de-los-generales-exterminio-por-hambre-y-sed-bajo-la-metralla\/"},"author":{"name":"Layla Nassar","@id":"https:\/\/www.revistarambla.com\/#\/schema\/person\/2b19179a8ace334b829ad72cc6e6ce97"},"headline":"El \u201cPlan de los Generales\u201d: exterminio por hambre y sed bajo la metralla","datePublished":"2024-10-23T11:48:29+00:00","dateModified":"2024-10-24T13:01:32+00:00","mainEntityOfPage":{"@id":"https:\/\/www.revistarambla.com\/el-plan-de-los-generales-exterminio-por-hambre-y-sed-bajo-la-metralla\/"},"wordCount":1591,"publisher":{"@id":"https:\/\/www.revistarambla.com\/#organization"},"image":{"@id":"https:\/\/www.revistarambla.com\/el-plan-de-los-generales-exterminio-por-hambre-y-sed-bajo-la-metralla\/#primaryimage"},"thumbnailUrl":"https:\/\/www.revistarambla.com\/wp-content\/uploads\/2024\/10\/20241017201332_yahya-sinwar-2018an-efe_amp_w1200.jpg","articleSection":["Global"],"inLanguage":"en-GB"},{"@type":"WebPage","@id":"https:\/\/www.revistarambla.com\/el-plan-de-los-generales-exterminio-por-hambre-y-sed-bajo-la-metralla\/","url":"https:\/\/www.revistarambla.com\/el-plan-de-los-generales-exterminio-por-hambre-y-sed-bajo-la-metralla\/","name":"El \u201cPlan de los Generales\u201d: exterminio por hambre y sed bajo la metralla - Revista Rambla","isPartOf":{"@id":"https:\/\/www.revistarambla.com\/#website"},"primaryImageOfPage":{"@id":"https:\/\/www.revistarambla.com\/el-plan-de-los-generales-exterminio-por-hambre-y-sed-bajo-la-metralla\/#primaryimage"},"image":{"@id":"https:\/\/www.revistarambla.com\/el-plan-de-los-generales-exterminio-por-hambre-y-sed-bajo-la-metralla\/#primaryimage"},"thumbnailUrl":"https:\/\/www.revistarambla.com\/wp-content\/uploads\/2024\/10\/20241017201332_yahya-sinwar-2018an-efe_amp_w1200.jpg","datePublished":"2024-10-23T11:48:29+00:00","dateModified":"2024-10-24T13:01:32+00:00","breadcrumb":{"@id":"https:\/\/www.revistarambla.com\/el-plan-de-los-generales-exterminio-por-hambre-y-sed-bajo-la-metralla\/#breadcrumb"},"inLanguage":"en-GB","potentialAction":[{"@type":"ReadAction","target":["https:\/\/www.revistarambla.com\/el-plan-de-los-generales-exterminio-por-hambre-y-sed-bajo-la-metralla\/"]}]},{"@type":"ImageObject","inLanguage":"en-GB","@id":"https:\/\/www.revistarambla.com\/el-plan-de-los-generales-exterminio-por-hambre-y-sed-bajo-la-metralla\/#primaryimage","url":"https:\/\/www.revistarambla.com\/wp-content\/uploads\/2024\/10\/20241017201332_yahya-sinwar-2018an-efe_amp_w1200.jpg","contentUrl":"https:\/\/www.revistarambla.com\/wp-content\/uploads\/2024\/10\/20241017201332_yahya-sinwar-2018an-efe_amp_w1200.jpg","width":1200,"height":800,"caption":"Yahya Sinwar"},{"@type":"BreadcrumbList","@id":"https:\/\/www.revistarambla.com\/el-plan-de-los-generales-exterminio-por-hambre-y-sed-bajo-la-metralla\/#breadcrumb","itemListElement":[{"@type":"ListItem","position":1,"name":"Portada","item":"https:\/\/www.revistarambla.com\/"},{"@type":"ListItem","position":2,"name":"El \u201cPlan de los Generales\u201d: exterminio por hambre y sed bajo la metralla"}]},{"@type":"WebSite","@id":"https:\/\/www.revistarambla.com\/#website","url":"https:\/\/www.revistarambla.com\/","name":"Revista Rambla Barcelona","description":"Periodismo independiente","publisher":{"@id":"https:\/\/www.revistarambla.com\/#organization"},"potentialAction":[{"@type":"SearchAction","target":{"@type":"EntryPoint","urlTemplate":"https:\/\/www.revistarambla.com\/?s={search_term_string}"},"query-input":{"@type":"PropertyValueSpecification","valueRequired":true,"valueName":"search_term_string"}}],"inLanguage":"en-GB"},{"@type":"Organization","@id":"https:\/\/www.revistarambla.com\/#organization","name":"Revista Rambla","url":"https:\/\/www.revistarambla.com\/","logo":{"@type":"ImageObject","inLanguage":"en-GB","@id":"https:\/\/www.revistarambla.com\/#\/schema\/logo\/image\/","url":"https:\/\/www.revistarambla.com\/wp-content\/uploads\/2020\/09\/banner_rambla_1900x600_BB.png","contentUrl":"https:\/\/www.revistarambla.com\/wp-content\/uploads\/2020\/09\/banner_rambla_1900x600_BB.png","width":1900,"height":600,"caption":"Revista Rambla"},"image":{"@id":"https:\/\/www.revistarambla.com\/#\/schema\/logo\/image\/"},"sameAs":["https:\/\/www.facebook.com\/revistarambla\/","https:\/\/x.com\/revistarambla","https:\/\/www.instagram.com\/revista_rambla","https:\/\/es.linkedin.com\/company\/revista-rambla"]},{"@type":"Person","@id":"https:\/\/www.revistarambla.com\/#\/schema\/person\/2b19179a8ace334b829ad72cc6e6ce97","name":"Layla Nassar"}]}},"_links":{"self":[{"href":"https:\/\/www.revistarambla.com\/en\/wp-json\/wp\/v2\/posts\/63087","targetHints":{"allow":["GET"]}}],"collection":[{"href":"https:\/\/www.revistarambla.com\/en\/wp-json\/wp\/v2\/posts"}],"about":[{"href":"https:\/\/www.revistarambla.com\/en\/wp-json\/wp\/v2\/types\/post"}],"author":[{"embeddable":true,"href":"https:\/\/www.revistarambla.com\/en\/wp-json\/wp\/v2\/users\/15"}],"replies":[{"embeddable":true,"href":"https:\/\/www.revistarambla.com\/en\/wp-json\/wp\/v2\/comments?post=63087"}],"version-history":[{"count":1,"href":"https:\/\/www.revistarambla.com\/en\/wp-json\/wp\/v2\/posts\/63087\/revisions"}],"predecessor-version":[{"id":63091,"href":"https:\/\/www.revistarambla.com\/en\/wp-json\/wp\/v2\/posts\/63087\/revisions\/63091"}],"wp:featuredmedia":[{"embeddable":true,"href":"https:\/\/www.revistarambla.com\/en\/wp-json\/wp\/v2\/media\/63089"}],"wp:attachment":[{"href":"https:\/\/www.revistarambla.com\/en\/wp-json\/wp\/v2\/media?parent=63087"}],"wp:term":[{"taxonomy":"category","embeddable":true,"href":"https:\/\/www.revistarambla.com\/en\/wp-json\/wp\/v2\/categories?post=63087"},{"taxonomy":"post_tag","embeddable":true,"href":"https:\/\/www.revistarambla.com\/en\/wp-json\/wp\/v2\/tags?post=63087"}],"curies":[{"name":"wp","href":"https:\/\/api.w.org\/{rel}","templated":true}]}}