{"id":63082,"date":"2024-10-23T13:35:47","date_gmt":"2024-10-23T11:35:47","guid":{"rendered":"https:\/\/www.revistarambla.com\/?p=63082"},"modified":"2024-10-23T13:35:47","modified_gmt":"2024-10-23T11:35:47","slug":"picasso-y-dali-erotizan-el-otono-barcelones-con-dos-nuevas-exposiciones","status":"publish","type":"post","link":"https:\/\/www.revistarambla.com\/en\/picasso-y-dali-erotizan-el-otono-barcelones-con-dos-nuevas-exposiciones\/","title":{"rendered":"Picasso y Dal\u00ed erotizan el oto\u00f1o barcelon\u00e9s con dos nuevas exposiciones"},"content":{"rendered":"<p>El Museo de la Er\u00f3tica de Barcelona (MEB) presenta el 23 de octubre dos nuevas salas de exposici\u00f3n dedicadas a dos de los m\u00e1s grandes artistas <!--more-->de la historia del arte, y m\u00e1s concretamente, del arte er\u00f3tico, Pablo Picasso (1881-1973) y Salvador Dal\u00ed (1904-1989).<\/p>\n<p>Las grandes protagonistas de la inauguraci\u00f3n son 12 litograf\u00edas de la Suite 347 de Picasso que la instituci\u00f3n ha adquirido recientemente. El MEB ampl\u00eda as\u00ed su fondo de colecci\u00f3n dedicado al artista, un fondo que ya contaba con dos grabados de la misma Suite, \u201cCita de Ba\u00f1o Turco: mujeres tomando el sol en la piscina\u201d (1968) y \u201cCarro romano con amazona cay\u00e9ndose, mujer desnuda y espectadores\u201d (1968).<\/p>\n<figure id=\"attachment_63084\" aria-describedby=\"caption-attachment-63084\" style=\"width: 667px\" class=\"wp-caption aligncenter\"><img decoding=\"async\" class=\"wp-image-63084 size-full\" src=\"https:\/\/www.revistarambla.com\/wp-content\/uploads\/2024\/10\/Suenodemarinero.jpg\" alt=\"&quot;Sue\u00f1o de marinero: mujeres en cada puerto&quot; (1968) Picasso.\" width=\"667\" height=\"540\" srcset=\"https:\/\/www.revistarambla.com\/wp-content\/uploads\/2024\/10\/Suenodemarinero.jpg 667w, https:\/\/www.revistarambla.com\/wp-content\/uploads\/2024\/10\/Suenodemarinero-451x365.jpg 451w, https:\/\/www.revistarambla.com\/wp-content\/uploads\/2024\/10\/Suenodemarinero-15x12.jpg 15w\" sizes=\"(max-width: 667px) 100vw, 667px\" \/><figcaption id=\"caption-attachment-63084\" class=\"wp-caption-text\">\u00abSue\u00f1o de marinero: mujeres en cada puerto\u00bb (1968) Picasso.<\/figcaption><\/figure>\n<p>\u201cAl adquirir las litograf\u00edas, hemos aprovechado para dedicar una \u00fanica sala de exposici\u00f3n a Picasso y hemos reorganizado el conjunto de la colecci\u00f3n de forma que nos permite inaugurar al tiempo otra sala dedicada a Dal\u00ed\u201d, explica Sarah Rippert, directora del MEB. De hecho, el museo engros\u00f3 recientemente la colecci\u00f3n dedicada al genio de Figueres con la adquisici\u00f3n de un grabado titulado \u201cEl Juicio de Paris\u201d (1981).<\/p>\n<h2>\u201cSi es casto, no es arte\u201d<\/h2>\n<p>Pablo Picasso no es solo uno de los m\u00e1s grandes artistas de la historia, sino que no podr\u00edamos hablar de arte er\u00f3tico sin nombrarlo. El artista explor\u00f3 el sexo y la sexualidad humana de forma audaz y sin tab\u00faes, tratando de capturar la escurridiza esencia del deseo. Su vida personal y sus m\u00faltiples relaciones amorosas se reflejan en su obra. \u201cSomos el \u00fanico Museo de historia del arte er\u00f3tico de Espa\u00f1a y Catalu\u00f1a y era fundamental para nosotros que dos grandes artistas como Picasso y Dal\u00ed tuvieran un espacio privilegiado, el arte er\u00f3tico no se entiende sin conocer sus obras\u201d, afirma Sarah Rippert, directora del MEB.<\/p>\n<h2>Litograf\u00edas y grabados de la Suite 347, la m\u00e1s er\u00f3tica del artista<\/h2>\n<p>La sala dedicada a Picasso se inaugura tras la reciente adquisici\u00f3n de 12 litograf\u00edas de la Suite 347. Situada en 1968, la Suite 347 pertenece a la etapa final de Picasso y es fruto de su observaci\u00f3n de los grandes maestros de la pintura europea de los siglos XVI al XIX. El circo, los caballeros y los mosqueteros, el desnudo femenino y las referencias art\u00edsticas vinculadas a Rafael, a El Greco, Rembrandt, Vel\u00e1zquez, Ingress, Delacroix, Monet o Poussin centran su tem\u00e1tica. Pero sobre todo, la Suite 347 refleja el di\u00e1logo del artista con sus obras. Esta suite se mostr\u00f3 por primera vez en 1968 en la Galerie Louise Leiris de Par\u00eds y por su alto car\u00e1cter er\u00f3tico se expuso en una sala privada. Sexo, relaciones y desnudo invaden ahora las paredes del MEB invitando al deleite y la reflexi\u00f3n.<\/p>\n<figure id=\"attachment_63085\" aria-describedby=\"caption-attachment-63085\" style=\"width: 772px\" class=\"wp-caption aligncenter\"><img decoding=\"async\" class=\"wp-image-63085 size-full\" src=\"https:\/\/www.revistarambla.com\/wp-content\/uploads\/2024\/10\/Hombrederizos.jpg\" alt=\"&quot;Hombre de rizos columpi\u00e1ndose, con odaliscas, amorcillo y espa\u00f1ol de perfil&quot; (1968) Picasso\" width=\"772\" height=\"589\" srcset=\"https:\/\/www.revistarambla.com\/wp-content\/uploads\/2024\/10\/Hombrederizos.jpg 772w, https:\/\/www.revistarambla.com\/wp-content\/uploads\/2024\/10\/Hombrederizos-478x365.jpg 478w, https:\/\/www.revistarambla.com\/wp-content\/uploads\/2024\/10\/Hombrederizos-768x586.jpg 768w, https:\/\/www.revistarambla.com\/wp-content\/uploads\/2024\/10\/Hombrederizos-16x12.jpg 16w\" sizes=\"(max-width: 772px) 100vw, 772px\" \/><figcaption id=\"caption-attachment-63085\" class=\"wp-caption-text\">\u00abHombre de rizos columpi\u00e1ndose, con odaliscas, amorcillo y espa\u00f1ol de perfil\u00bb (1968) Picasso<\/figcaption><\/figure>\n<h2>Dal\u00ed tambi\u00e9n tiene espacio propio en el MEB<\/h2>\n<p>Por otro lado, Dal\u00ed tambi\u00e9n tiene su propio espacio expositivo. Las dos grandes joyas dalinianas en el MEB son \u201cVenus y el amor\u201d (1971), un grabado protagonizado por una peculiar y er\u00f3tica diosa del amor acompa\u00f1ada por Cupido, y la reciente incorporaci\u00f3n a la colecci\u00f3n, el grabado aguafuerte \u201cEl Juicio de Paris\u201d (1981), claro ejemplo del surrealismo m\u00e1s er\u00f3tico de Dal\u00ed donde se representa la m\u00edtica historia del pr\u00edncipe troyano que rapt\u00f3 a Helena y donde destacan los desnudos de Hera, Afrodita y Atenea. En exposici\u00f3n, el visitante tambi\u00e9n puede disfrutar de \u201cLas siete artes\u201d (1980), una colecci\u00f3n de platos de porcelana de edici\u00f3n limitada en la que Dal\u00ed retrata su particular visi\u00f3n de las siete artes.<\/p>\n<h2>Educaci\u00f3n sexual y grandes genios del arte<\/h2>\n<p>Sexo, relaciones y desnudo invaden m\u00e1s que nunca las paredes del MEB invitando al deleite del visitante y tambi\u00e9n a la reflexi\u00f3n. De hecho, ambas salas se recorren en los diversos tours educativos organizados desde el \u00e1rea did\u00e1ctica del museo, cuya responsable es la sex\u00f3loga del MEB, Sigrid Cervera. Cervera ha desarrollado para el museo el proyecto educativo \u201cArte y Sexolog\u00eda\u201d: \u201cNuestra misi\u00f3n no solo est\u00e1 en adquirir y exponer; el MEB ha hecho una gran y singular apuesta por el estudio y la investigaci\u00f3n desde el marco sexol\u00f3gico\u201d. Cervera asegura que \u201cpretendemos profundizar en el estudio de los sexos a trav\u00e9s de la historia del arte er\u00f3tico, as\u00ed convertimos el museo no solo en un lugar en el que se exponen al p\u00fablico objetos y obras de inter\u00e9s cultural sino en un espacio en el que aprender, donde la educaci\u00f3n sexual toma forma\u201d.<\/p>","protected":false},"excerpt":{"rendered":"<p>El Museo de la Er\u00f3tica de Barcelona, que adquiri\u00f3 recientemente un grabado de Dal\u00ed, presenta 12 nuevas litograf\u00edas de la Suite 347 de Picasso, la m\u00e1s er\u00f3tica del artista<\/p>","protected":false},"author":3,"featured_media":63083,"comment_status":"closed","ping_status":"closed","sticky":false,"template":"","format":"standard","meta":{"footnotes":""},"categories":[64],"tags":[],"class_list":["post-63082","post","type-post","status-publish","format-standard","has-post-thumbnail","hentry","category-arte"],"yoast_head":"<!-- This site is optimized with the Yoast SEO plugin v27.5 - https:\/\/yoast.com\/product\/yoast-seo-wordpress\/ -->\n<title>Picasso y Dal\u00ed erotizan el oto\u00f1o barcelon\u00e9s con dos nuevas exposiciones - Revista Rambla<\/title>\n<meta name=\"robots\" content=\"index, follow, max-snippet:-1, max-image-preview:large, max-video-preview:-1\" \/>\n<link rel=\"canonical\" href=\"https:\/\/www.revistarambla.com\/en\/picasso-y-dali-erotizan-el-otono-barcelones-con-dos-nuevas-exposiciones\/\" \/>\n<meta property=\"og:locale\" content=\"en_GB\" \/>\n<meta property=\"og:type\" content=\"article\" \/>\n<meta property=\"og:title\" content=\"Picasso y Dal\u00ed erotizan el oto\u00f1o barcelon\u00e9s con dos nuevas exposiciones - Revista Rambla\" \/>\n<meta property=\"og:description\" content=\"El Museo de la Er\u00f3tica de Barcelona, que adquiri\u00f3 recientemente un grabado de Dal\u00ed, presenta 12 nuevas litograf\u00edas de la Suite 347 de Picasso, la m\u00e1s er\u00f3tica del artista\" \/>\n<meta property=\"og:url\" content=\"https:\/\/www.revistarambla.com\/en\/picasso-y-dali-erotizan-el-otono-barcelones-con-dos-nuevas-exposiciones\/\" \/>\n<meta property=\"og:site_name\" content=\"Revista Rambla\" \/>\n<meta property=\"article:publisher\" content=\"https:\/\/www.facebook.com\/revistarambla\/\" \/>\n<meta property=\"article:author\" content=\"https:\/\/www.facebook.com\/revistarambla\" \/>\n<meta property=\"article:published_time\" content=\"2024-10-23T11:35:47+00:00\" \/>\n<meta property=\"og:image\" content=\"https:\/\/www.revistarambla.com\/wp-content\/uploads\/2024\/10\/SalaPicasso.jpg\" \/>\n\t<meta property=\"og:image:width\" content=\"962\" \/>\n\t<meta property=\"og:image:height\" content=\"624\" \/>\n\t<meta property=\"og:image:type\" content=\"image\/jpeg\" \/>\n<meta name=\"author\" content=\"R@mbla\" \/>\n<meta name=\"twitter:card\" content=\"summary_large_image\" \/>\n<meta name=\"twitter:creator\" content=\"@revistarambla\" \/>\n<meta name=\"twitter:site\" content=\"@revistarambla\" \/>\n<meta name=\"twitter:label1\" content=\"Written by\" \/>\n\t<meta name=\"twitter:data1\" content=\"R@mbla\" \/>\n\t<meta name=\"twitter:label2\" content=\"Estimated reading time\" \/>\n\t<meta name=\"twitter:data2\" content=\"5 minutes\" \/>\n<script type=\"application\/ld+json\" class=\"yoast-schema-graph\">{\"@context\":\"https:\\\/\\\/schema.org\",\"@graph\":[{\"@type\":\"Article\",\"@id\":\"https:\\\/\\\/www.revistarambla.com\\\/picasso-y-dali-erotizan-el-otono-barcelones-con-dos-nuevas-exposiciones\\\/#article\",\"isPartOf\":{\"@id\":\"https:\\\/\\\/www.revistarambla.com\\\/picasso-y-dali-erotizan-el-otono-barcelones-con-dos-nuevas-exposiciones\\\/\"},\"author\":{\"name\":\"R@mbla\",\"@id\":\"https:\\\/\\\/www.revistarambla.com\\\/#\\\/schema\\\/person\\\/a146a5a2550b94981a75131180e1bd9c\"},\"headline\":\"Picasso y Dal\u00ed erotizan el oto\u00f1o barcelon\u00e9s con dos nuevas exposiciones\",\"datePublished\":\"2024-10-23T11:35:47+00:00\",\"mainEntityOfPage\":{\"@id\":\"https:\\\/\\\/www.revistarambla.com\\\/picasso-y-dali-erotizan-el-otono-barcelones-con-dos-nuevas-exposiciones\\\/\"},\"wordCount\":821,\"publisher\":{\"@id\":\"https:\\\/\\\/www.revistarambla.com\\\/#organization\"},\"image\":{\"@id\":\"https:\\\/\\\/www.revistarambla.com\\\/picasso-y-dali-erotizan-el-otono-barcelones-con-dos-nuevas-exposiciones\\\/#primaryimage\"},\"thumbnailUrl\":\"https:\\\/\\\/www.revistarambla.com\\\/wp-content\\\/uploads\\\/2024\\\/10\\\/SalaPicasso.jpg\",\"articleSection\":[\"Arte\"],\"inLanguage\":\"en-GB\"},{\"@type\":\"WebPage\",\"@id\":\"https:\\\/\\\/www.revistarambla.com\\\/picasso-y-dali-erotizan-el-otono-barcelones-con-dos-nuevas-exposiciones\\\/\",\"url\":\"https:\\\/\\\/www.revistarambla.com\\\/picasso-y-dali-erotizan-el-otono-barcelones-con-dos-nuevas-exposiciones\\\/\",\"name\":\"Picasso y Dal\u00ed erotizan el oto\u00f1o barcelon\u00e9s con dos nuevas exposiciones - Revista Rambla\",\"isPartOf\":{\"@id\":\"https:\\\/\\\/www.revistarambla.com\\\/#website\"},\"primaryImageOfPage\":{\"@id\":\"https:\\\/\\\/www.revistarambla.com\\\/picasso-y-dali-erotizan-el-otono-barcelones-con-dos-nuevas-exposiciones\\\/#primaryimage\"},\"image\":{\"@id\":\"https:\\\/\\\/www.revistarambla.com\\\/picasso-y-dali-erotizan-el-otono-barcelones-con-dos-nuevas-exposiciones\\\/#primaryimage\"},\"thumbnailUrl\":\"https:\\\/\\\/www.revistarambla.com\\\/wp-content\\\/uploads\\\/2024\\\/10\\\/SalaPicasso.jpg\",\"datePublished\":\"2024-10-23T11:35:47+00:00\",\"breadcrumb\":{\"@id\":\"https:\\\/\\\/www.revistarambla.com\\\/picasso-y-dali-erotizan-el-otono-barcelones-con-dos-nuevas-exposiciones\\\/#breadcrumb\"},\"inLanguage\":\"en-GB\",\"potentialAction\":[{\"@type\":\"ReadAction\",\"target\":[\"https:\\\/\\\/www.revistarambla.com\\\/picasso-y-dali-erotizan-el-otono-barcelones-con-dos-nuevas-exposiciones\\\/\"]}]},{\"@type\":\"ImageObject\",\"inLanguage\":\"en-GB\",\"@id\":\"https:\\\/\\\/www.revistarambla.com\\\/picasso-y-dali-erotizan-el-otono-barcelones-con-dos-nuevas-exposiciones\\\/#primaryimage\",\"url\":\"https:\\\/\\\/www.revistarambla.com\\\/wp-content\\\/uploads\\\/2024\\\/10\\\/SalaPicasso.jpg\",\"contentUrl\":\"https:\\\/\\\/www.revistarambla.com\\\/wp-content\\\/uploads\\\/2024\\\/10\\\/SalaPicasso.jpg\",\"width\":962,\"height\":624,\"caption\":\"Picasso y Dal\u00ed\"},{\"@type\":\"BreadcrumbList\",\"@id\":\"https:\\\/\\\/www.revistarambla.com\\\/picasso-y-dali-erotizan-el-otono-barcelones-con-dos-nuevas-exposiciones\\\/#breadcrumb\",\"itemListElement\":[{\"@type\":\"ListItem\",\"position\":1,\"name\":\"Portada\",\"item\":\"https:\\\/\\\/www.revistarambla.com\\\/\"},{\"@type\":\"ListItem\",\"position\":2,\"name\":\"Picasso y Dal\u00ed erotizan el oto\u00f1o barcelon\u00e9s con dos nuevas exposiciones\"}]},{\"@type\":\"WebSite\",\"@id\":\"https:\\\/\\\/www.revistarambla.com\\\/#website\",\"url\":\"https:\\\/\\\/www.revistarambla.com\\\/\",\"name\":\"Revista Rambla Barcelona\",\"description\":\"Periodismo independiente\",\"publisher\":{\"@id\":\"https:\\\/\\\/www.revistarambla.com\\\/#organization\"},\"potentialAction\":[{\"@type\":\"SearchAction\",\"target\":{\"@type\":\"EntryPoint\",\"urlTemplate\":\"https:\\\/\\\/www.revistarambla.com\\\/?s={search_term_string}\"},\"query-input\":{\"@type\":\"PropertyValueSpecification\",\"valueRequired\":true,\"valueName\":\"search_term_string\"}}],\"inLanguage\":\"en-GB\"},{\"@type\":\"Organization\",\"@id\":\"https:\\\/\\\/www.revistarambla.com\\\/#organization\",\"name\":\"Revista Rambla\",\"url\":\"https:\\\/\\\/www.revistarambla.com\\\/\",\"logo\":{\"@type\":\"ImageObject\",\"inLanguage\":\"en-GB\",\"@id\":\"https:\\\/\\\/www.revistarambla.com\\\/#\\\/schema\\\/logo\\\/image\\\/\",\"url\":\"https:\\\/\\\/www.revistarambla.com\\\/wp-content\\\/uploads\\\/2020\\\/09\\\/banner_rambla_1900x600_BB.png\",\"contentUrl\":\"https:\\\/\\\/www.revistarambla.com\\\/wp-content\\\/uploads\\\/2020\\\/09\\\/banner_rambla_1900x600_BB.png\",\"width\":1900,\"height\":600,\"caption\":\"Revista Rambla\"},\"image\":{\"@id\":\"https:\\\/\\\/www.revistarambla.com\\\/#\\\/schema\\\/logo\\\/image\\\/\"},\"sameAs\":[\"https:\\\/\\\/www.facebook.com\\\/revistarambla\\\/\",\"https:\\\/\\\/x.com\\\/revistarambla\",\"https:\\\/\\\/www.instagram.com\\\/revista_rambla\",\"https:\\\/\\\/es.linkedin.com\\\/company\\\/revista-rambla\"]},{\"@type\":\"Person\",\"@id\":\"https:\\\/\\\/www.revistarambla.com\\\/#\\\/schema\\\/person\\\/a146a5a2550b94981a75131180e1bd9c\",\"name\":\"R@mbla\",\"description\":\"Este art\u00edculo ha sido redactado y\\\/o validado por el equipo de redacci\u00f3n de Revista Rambla.\",\"sameAs\":[\"https:\\\/\\\/www.revistarambla.com\\\/\",\"https:\\\/\\\/www.facebook.com\\\/revistarambla\",\"https:\\\/\\\/x.com\\\/revistarambla\"]}]}<\/script>\n<!-- \/ Yoast SEO plugin. -->","yoast_head_json":{"title":"Picasso y Dal\u00ed erotizan el oto\u00f1o barcelon\u00e9s con dos nuevas exposiciones - Revista Rambla","robots":{"index":"index","follow":"follow","max-snippet":"max-snippet:-1","max-image-preview":"max-image-preview:large","max-video-preview":"max-video-preview:-1"},"canonical":"https:\/\/www.revistarambla.com\/en\/picasso-y-dali-erotizan-el-otono-barcelones-con-dos-nuevas-exposiciones\/","og_locale":"en_GB","og_type":"article","og_title":"Picasso y Dal\u00ed erotizan el oto\u00f1o barcelon\u00e9s con dos nuevas exposiciones - Revista Rambla","og_description":"El Museo de la Er\u00f3tica de Barcelona, que adquiri\u00f3 recientemente un grabado de Dal\u00ed, presenta 12 nuevas litograf\u00edas de la Suite 347 de Picasso, la m\u00e1s er\u00f3tica del artista","og_url":"https:\/\/www.revistarambla.com\/en\/picasso-y-dali-erotizan-el-otono-barcelones-con-dos-nuevas-exposiciones\/","og_site_name":"Revista Rambla","article_publisher":"https:\/\/www.facebook.com\/revistarambla\/","article_author":"https:\/\/www.facebook.com\/revistarambla","article_published_time":"2024-10-23T11:35:47+00:00","og_image":[{"width":962,"height":624,"url":"https:\/\/www.revistarambla.com\/wp-content\/uploads\/2024\/10\/SalaPicasso.jpg","type":"image\/jpeg"}],"author":"R@mbla","twitter_card":"summary_large_image","twitter_creator":"@revistarambla","twitter_site":"@revistarambla","twitter_misc":{"Written by":"R@mbla","Estimated reading time":"5 minutes"},"schema":{"@context":"https:\/\/schema.org","@graph":[{"@type":"Article","@id":"https:\/\/www.revistarambla.com\/picasso-y-dali-erotizan-el-otono-barcelones-con-dos-nuevas-exposiciones\/#article","isPartOf":{"@id":"https:\/\/www.revistarambla.com\/picasso-y-dali-erotizan-el-otono-barcelones-con-dos-nuevas-exposiciones\/"},"author":{"name":"R@mbla","@id":"https:\/\/www.revistarambla.com\/#\/schema\/person\/a146a5a2550b94981a75131180e1bd9c"},"headline":"Picasso y Dal\u00ed erotizan el oto\u00f1o barcelon\u00e9s con dos nuevas exposiciones","datePublished":"2024-10-23T11:35:47+00:00","mainEntityOfPage":{"@id":"https:\/\/www.revistarambla.com\/picasso-y-dali-erotizan-el-otono-barcelones-con-dos-nuevas-exposiciones\/"},"wordCount":821,"publisher":{"@id":"https:\/\/www.revistarambla.com\/#organization"},"image":{"@id":"https:\/\/www.revistarambla.com\/picasso-y-dali-erotizan-el-otono-barcelones-con-dos-nuevas-exposiciones\/#primaryimage"},"thumbnailUrl":"https:\/\/www.revistarambla.com\/wp-content\/uploads\/2024\/10\/SalaPicasso.jpg","articleSection":["Arte"],"inLanguage":"en-GB"},{"@type":"WebPage","@id":"https:\/\/www.revistarambla.com\/picasso-y-dali-erotizan-el-otono-barcelones-con-dos-nuevas-exposiciones\/","url":"https:\/\/www.revistarambla.com\/picasso-y-dali-erotizan-el-otono-barcelones-con-dos-nuevas-exposiciones\/","name":"Picasso y Dal\u00ed erotizan el oto\u00f1o barcelon\u00e9s con dos nuevas exposiciones - Revista Rambla","isPartOf":{"@id":"https:\/\/www.revistarambla.com\/#website"},"primaryImageOfPage":{"@id":"https:\/\/www.revistarambla.com\/picasso-y-dali-erotizan-el-otono-barcelones-con-dos-nuevas-exposiciones\/#primaryimage"},"image":{"@id":"https:\/\/www.revistarambla.com\/picasso-y-dali-erotizan-el-otono-barcelones-con-dos-nuevas-exposiciones\/#primaryimage"},"thumbnailUrl":"https:\/\/www.revistarambla.com\/wp-content\/uploads\/2024\/10\/SalaPicasso.jpg","datePublished":"2024-10-23T11:35:47+00:00","breadcrumb":{"@id":"https:\/\/www.revistarambla.com\/picasso-y-dali-erotizan-el-otono-barcelones-con-dos-nuevas-exposiciones\/#breadcrumb"},"inLanguage":"en-GB","potentialAction":[{"@type":"ReadAction","target":["https:\/\/www.revistarambla.com\/picasso-y-dali-erotizan-el-otono-barcelones-con-dos-nuevas-exposiciones\/"]}]},{"@type":"ImageObject","inLanguage":"en-GB","@id":"https:\/\/www.revistarambla.com\/picasso-y-dali-erotizan-el-otono-barcelones-con-dos-nuevas-exposiciones\/#primaryimage","url":"https:\/\/www.revistarambla.com\/wp-content\/uploads\/2024\/10\/SalaPicasso.jpg","contentUrl":"https:\/\/www.revistarambla.com\/wp-content\/uploads\/2024\/10\/SalaPicasso.jpg","width":962,"height":624,"caption":"Picasso y Dal\u00ed"},{"@type":"BreadcrumbList","@id":"https:\/\/www.revistarambla.com\/picasso-y-dali-erotizan-el-otono-barcelones-con-dos-nuevas-exposiciones\/#breadcrumb","itemListElement":[{"@type":"ListItem","position":1,"name":"Portada","item":"https:\/\/www.revistarambla.com\/"},{"@type":"ListItem","position":2,"name":"Picasso y Dal\u00ed erotizan el oto\u00f1o barcelon\u00e9s con dos nuevas exposiciones"}]},{"@type":"WebSite","@id":"https:\/\/www.revistarambla.com\/#website","url":"https:\/\/www.revistarambla.com\/","name":"Revista Rambla Barcelona","description":"Periodismo independiente","publisher":{"@id":"https:\/\/www.revistarambla.com\/#organization"},"potentialAction":[{"@type":"SearchAction","target":{"@type":"EntryPoint","urlTemplate":"https:\/\/www.revistarambla.com\/?s={search_term_string}"},"query-input":{"@type":"PropertyValueSpecification","valueRequired":true,"valueName":"search_term_string"}}],"inLanguage":"en-GB"},{"@type":"Organization","@id":"https:\/\/www.revistarambla.com\/#organization","name":"Revista Rambla","url":"https:\/\/www.revistarambla.com\/","logo":{"@type":"ImageObject","inLanguage":"en-GB","@id":"https:\/\/www.revistarambla.com\/#\/schema\/logo\/image\/","url":"https:\/\/www.revistarambla.com\/wp-content\/uploads\/2020\/09\/banner_rambla_1900x600_BB.png","contentUrl":"https:\/\/www.revistarambla.com\/wp-content\/uploads\/2020\/09\/banner_rambla_1900x600_BB.png","width":1900,"height":600,"caption":"Revista Rambla"},"image":{"@id":"https:\/\/www.revistarambla.com\/#\/schema\/logo\/image\/"},"sameAs":["https:\/\/www.facebook.com\/revistarambla\/","https:\/\/x.com\/revistarambla","https:\/\/www.instagram.com\/revista_rambla","https:\/\/es.linkedin.com\/company\/revista-rambla"]},{"@type":"Person","@id":"https:\/\/www.revistarambla.com\/#\/schema\/person\/a146a5a2550b94981a75131180e1bd9c","name":"R@mbla","description":"Este art\u00edculo ha sido redactado y\/o validado por el equipo de redacci\u00f3n de Revista Rambla.","sameAs":["https:\/\/www.revistarambla.com\/","https:\/\/www.facebook.com\/revistarambla","https:\/\/x.com\/revistarambla"]}]}},"_links":{"self":[{"href":"https:\/\/www.revistarambla.com\/en\/wp-json\/wp\/v2\/posts\/63082","targetHints":{"allow":["GET"]}}],"collection":[{"href":"https:\/\/www.revistarambla.com\/en\/wp-json\/wp\/v2\/posts"}],"about":[{"href":"https:\/\/www.revistarambla.com\/en\/wp-json\/wp\/v2\/types\/post"}],"author":[{"embeddable":true,"href":"https:\/\/www.revistarambla.com\/en\/wp-json\/wp\/v2\/users\/3"}],"replies":[{"embeddable":true,"href":"https:\/\/www.revistarambla.com\/en\/wp-json\/wp\/v2\/comments?post=63082"}],"version-history":[{"count":1,"href":"https:\/\/www.revistarambla.com\/en\/wp-json\/wp\/v2\/posts\/63082\/revisions"}],"predecessor-version":[{"id":63086,"href":"https:\/\/www.revistarambla.com\/en\/wp-json\/wp\/v2\/posts\/63082\/revisions\/63086"}],"wp:featuredmedia":[{"embeddable":true,"href":"https:\/\/www.revistarambla.com\/en\/wp-json\/wp\/v2\/media\/63083"}],"wp:attachment":[{"href":"https:\/\/www.revistarambla.com\/en\/wp-json\/wp\/v2\/media?parent=63082"}],"wp:term":[{"taxonomy":"category","embeddable":true,"href":"https:\/\/www.revistarambla.com\/en\/wp-json\/wp\/v2\/categories?post=63082"},{"taxonomy":"post_tag","embeddable":true,"href":"https:\/\/www.revistarambla.com\/en\/wp-json\/wp\/v2\/tags?post=63082"}],"curies":[{"name":"wp","href":"https:\/\/api.w.org\/{rel}","templated":true}]}}