{"id":63080,"date":"2024-10-23T11:53:19","date_gmt":"2024-10-23T09:53:19","guid":{"rendered":"https:\/\/www.revistarambla.com\/?p=63080"},"modified":"2024-10-23T11:55:26","modified_gmt":"2024-10-23T09:55:26","slug":"los-sindicatos-de-inquilinas-rechazan-ir-a-la-moncloa","status":"publish","type":"post","link":"https:\/\/www.revistarambla.com\/en\/los-sindicatos-de-inquilinas-rechazan-ir-a-la-moncloa\/","title":{"rendered":"Los sindicatos de inquilinas rechazan ir a la Moncloa"},"content":{"rendered":"<p>El presidente del gobierno, Pedro S\u00e1nchez, ha convocado a los sindicatos de inquilinas hoy martes 22 de octubre en la Moncloa para abordar el problema de la vivienda. <!--more-->Pero no vamos a ir. Las organizaciones inquilinas hemos decidido plantar al gobierno y no asistir a esta reuni\u00f3n. El motivo: tambi\u00e9n est\u00e1 invitada la patronal inmobiliaria. No vamos a hacernos una foto con la patronal inmobiliaria porque no podemos esperar ninguna soluci\u00f3n de los culpables del problema. No se invita a las tabaqueras a dise\u00f1ar la Estrategia Nacional contra el c\u00e1ncer y no se invita a los rentistas a discutir la pol\u00edtica de vivienda.<\/p>\n<p>Esta propuesta de reuni\u00f3n demuestra que Pedro S\u00e1nchez ha hecho o\u00eddos sordos al mensaje de las calles de Madrid, Val\u00e8ncia y Alacant. Las patronales bancarias y de la construcci\u00f3n llevan 40 a\u00f1os dirigiendo las pol\u00edticas de vivienda en Espa\u00f1a, y escucharles solo servir\u00e1 para engordar sus beneficios y empobrecer m\u00e1s a la mayor\u00eda social. Pedro S\u00e1nchez tiene que decidir: o se enfrenta a los rentistas que han multiplicado impunemente los precios del alquiler, o les sigue dando v\u00eda libre con pol\u00edticas cosm\u00e9ticas. Medidas como el bono joven -que terminar\u00e1 en los bolsillos de los rentistas- o el decreto fake sobre alquileres de temporada -un mero registro informativo sin efectos reales- demuestran su intenci\u00f3n de no cambiar nada.<\/p>\n<p>Esta reuni\u00f3n pretende ser, adem\u00e1s, un lavado de cara a la nefasta gesti\u00f3n de este gobierno en materia de vivienda justamente el d\u00eda antes de que la Ministra comparezca en el Congreso para rendir cuentas por ello. Ahora que las calles piden su dimisi\u00f3n, quiere una foto con las inquilinas. Vamos a ser muy claras: de Isabel Rodr\u00edguez solo esperamos su dimisi\u00f3n.<\/p>\n<p>La situaci\u00f3n actual es l\u00edmite y no admite medidas cosm\u00e9ticas ni fotos de familia. Centenares de miles de inquilinas ya han expresado en las calles qu\u00e9 medidas hacen falta para solucionar el problema de la vivienda.<\/p>\n<p>Exigimos:<\/p>\n<ul>\n<li>Una bajada de los alquileres del 50%<\/li>\n<li>Recuperaci\u00f3n de las viviendas vac\u00edas, tur\u00edsticas y de temporada para su uso residencial<\/li>\n<li>La desarticulaci\u00f3n de todo grupo de desokupaci\u00f3n<\/li>\n<li>El cese de toda actividad especulativa<\/li>\n<\/ul>\n<p>El Gobierno no ha querido entender el mensaje, pero los Sindicatos de Inquilinas lo repetiremos en las calles de M\u00e1laga (9 de noviembre) y Barcelona (23 de noviembre): o bajan los precios, o huelga de alquileres.<\/p>","protected":false},"excerpt":{"rendered":"<p>Pedro S\u00e1nchez hab\u00eda convocado a los Sindicatos de Inquilinas a una reuni\u00f3n junto a la patronal inmobiliaria, hoy martes, en el Palacio de la Moncloa<\/p>","protected":false},"author":328,"featured_media":58880,"comment_status":"closed","ping_status":"closed","sticky":false,"template":"","format":"standard","meta":{"footnotes":""},"categories":[58],"tags":[],"class_list":["post-63080","post","type-post","status-publish","format-standard","has-post-thumbnail","hentry","category-estado-espanol"],"yoast_head":"<!-- This site is optimized with the Yoast SEO plugin v27.5 - https:\/\/yoast.com\/product\/yoast-seo-wordpress\/ -->\n<title>Los sindicatos de inquilinas rechazan ir a la Moncloa - Revista Rambla<\/title>\n<meta name=\"robots\" content=\"index, follow, max-snippet:-1, max-image-preview:large, max-video-preview:-1\" \/>\n<link rel=\"canonical\" href=\"https:\/\/www.revistarambla.com\/en\/los-sindicatos-de-inquilinas-rechazan-ir-a-la-moncloa\/\" \/>\n<meta property=\"og:locale\" content=\"en_GB\" \/>\n<meta property=\"og:type\" content=\"article\" \/>\n<meta property=\"og:title\" content=\"Los sindicatos de inquilinas rechazan ir a la Moncloa - Revista Rambla\" \/>\n<meta property=\"og:description\" content=\"Pedro S\u00e1nchez hab\u00eda convocado a los Sindicatos de Inquilinas a una reuni\u00f3n junto a la patronal inmobiliaria, hoy martes, en el Palacio de la Moncloa\" \/>\n<meta property=\"og:url\" content=\"https:\/\/www.revistarambla.com\/en\/los-sindicatos-de-inquilinas-rechazan-ir-a-la-moncloa\/\" \/>\n<meta property=\"og:site_name\" content=\"Revista Rambla\" \/>\n<meta property=\"article:publisher\" content=\"https:\/\/www.facebook.com\/revistarambla\/\" \/>\n<meta property=\"article:author\" content=\"https:\/\/www.facebook.com\/SindicatLloguer\/\" \/>\n<meta property=\"article:published_time\" content=\"2024-10-23T09:53:19+00:00\" \/>\n<meta property=\"article:modified_time\" content=\"2024-10-23T09:55:26+00:00\" \/>\n<meta property=\"og:image\" content=\"https:\/\/www.revistarambla.com\/wp-content\/uploads\/2024\/03\/sindicat-llogateres-2.jpg\" \/>\n\t<meta property=\"og:image:width\" content=\"1280\" \/>\n\t<meta property=\"og:image:height\" content=\"576\" \/>\n\t<meta property=\"og:image:type\" content=\"image\/jpeg\" \/>\n<meta name=\"author\" content=\"Sindicat de Llogateres\" \/>\n<meta name=\"twitter:card\" content=\"summary_large_image\" \/>\n<meta name=\"twitter:creator\" content=\"@sindicatlloguer\" \/>\n<meta name=\"twitter:site\" content=\"@revistarambla\" \/>\n<meta name=\"twitter:label1\" content=\"Written by\" \/>\n\t<meta name=\"twitter:data1\" content=\"Sindicat de Llogateres\" \/>\n\t<meta name=\"twitter:label2\" content=\"Estimated reading time\" \/>\n\t<meta name=\"twitter:data2\" content=\"2 minutes\" \/>\n<script type=\"application\/ld+json\" class=\"yoast-schema-graph\">{\"@context\":\"https:\\\/\\\/schema.org\",\"@graph\":[{\"@type\":\"Article\",\"@id\":\"https:\\\/\\\/www.revistarambla.com\\\/los-sindicatos-de-inquilinas-rechazan-ir-a-la-moncloa\\\/#article\",\"isPartOf\":{\"@id\":\"https:\\\/\\\/www.revistarambla.com\\\/los-sindicatos-de-inquilinas-rechazan-ir-a-la-moncloa\\\/\"},\"author\":{\"name\":\"Sindicat de Llogateres\",\"@id\":\"https:\\\/\\\/www.revistarambla.com\\\/#\\\/schema\\\/person\\\/cdb47f1b20cae4529e0d80b9b620ee26\"},\"headline\":\"Los sindicatos de inquilinas rechazan ir a la Moncloa\",\"datePublished\":\"2024-10-23T09:53:19+00:00\",\"dateModified\":\"2024-10-23T09:55:26+00:00\",\"mainEntityOfPage\":{\"@id\":\"https:\\\/\\\/www.revistarambla.com\\\/los-sindicatos-de-inquilinas-rechazan-ir-a-la-moncloa\\\/\"},\"wordCount\":430,\"publisher\":{\"@id\":\"https:\\\/\\\/www.revistarambla.com\\\/#organization\"},\"image\":{\"@id\":\"https:\\\/\\\/www.revistarambla.com\\\/los-sindicatos-de-inquilinas-rechazan-ir-a-la-moncloa\\\/#primaryimage\"},\"thumbnailUrl\":\"https:\\\/\\\/www.revistarambla.com\\\/wp-content\\\/uploads\\\/2024\\\/03\\\/sindicat-llogateres-2.jpg\",\"articleSection\":[\"Estado Espa\u00f1ol\"],\"inLanguage\":\"en-GB\"},{\"@type\":\"WebPage\",\"@id\":\"https:\\\/\\\/www.revistarambla.com\\\/los-sindicatos-de-inquilinas-rechazan-ir-a-la-moncloa\\\/\",\"url\":\"https:\\\/\\\/www.revistarambla.com\\\/los-sindicatos-de-inquilinas-rechazan-ir-a-la-moncloa\\\/\",\"name\":\"Los sindicatos de inquilinas rechazan ir a la Moncloa - Revista Rambla\",\"isPartOf\":{\"@id\":\"https:\\\/\\\/www.revistarambla.com\\\/#website\"},\"primaryImageOfPage\":{\"@id\":\"https:\\\/\\\/www.revistarambla.com\\\/los-sindicatos-de-inquilinas-rechazan-ir-a-la-moncloa\\\/#primaryimage\"},\"image\":{\"@id\":\"https:\\\/\\\/www.revistarambla.com\\\/los-sindicatos-de-inquilinas-rechazan-ir-a-la-moncloa\\\/#primaryimage\"},\"thumbnailUrl\":\"https:\\\/\\\/www.revistarambla.com\\\/wp-content\\\/uploads\\\/2024\\\/03\\\/sindicat-llogateres-2.jpg\",\"datePublished\":\"2024-10-23T09:53:19+00:00\",\"dateModified\":\"2024-10-23T09:55:26+00:00\",\"breadcrumb\":{\"@id\":\"https:\\\/\\\/www.revistarambla.com\\\/los-sindicatos-de-inquilinas-rechazan-ir-a-la-moncloa\\\/#breadcrumb\"},\"inLanguage\":\"en-GB\",\"potentialAction\":[{\"@type\":\"ReadAction\",\"target\":[\"https:\\\/\\\/www.revistarambla.com\\\/los-sindicatos-de-inquilinas-rechazan-ir-a-la-moncloa\\\/\"]}]},{\"@type\":\"ImageObject\",\"inLanguage\":\"en-GB\",\"@id\":\"https:\\\/\\\/www.revistarambla.com\\\/los-sindicatos-de-inquilinas-rechazan-ir-a-la-moncloa\\\/#primaryimage\",\"url\":\"https:\\\/\\\/www.revistarambla.com\\\/wp-content\\\/uploads\\\/2024\\\/03\\\/sindicat-llogateres-2.jpg\",\"contentUrl\":\"https:\\\/\\\/www.revistarambla.com\\\/wp-content\\\/uploads\\\/2024\\\/03\\\/sindicat-llogateres-2.jpg\",\"width\":1280,\"height\":576},{\"@type\":\"BreadcrumbList\",\"@id\":\"https:\\\/\\\/www.revistarambla.com\\\/los-sindicatos-de-inquilinas-rechazan-ir-a-la-moncloa\\\/#breadcrumb\",\"itemListElement\":[{\"@type\":\"ListItem\",\"position\":1,\"name\":\"Portada\",\"item\":\"https:\\\/\\\/www.revistarambla.com\\\/\"},{\"@type\":\"ListItem\",\"position\":2,\"name\":\"Los sindicatos de inquilinas rechazan ir a la Moncloa\"}]},{\"@type\":\"WebSite\",\"@id\":\"https:\\\/\\\/www.revistarambla.com\\\/#website\",\"url\":\"https:\\\/\\\/www.revistarambla.com\\\/\",\"name\":\"Revista Rambla Barcelona\",\"description\":\"Periodismo independiente\",\"publisher\":{\"@id\":\"https:\\\/\\\/www.revistarambla.com\\\/#organization\"},\"potentialAction\":[{\"@type\":\"SearchAction\",\"target\":{\"@type\":\"EntryPoint\",\"urlTemplate\":\"https:\\\/\\\/www.revistarambla.com\\\/?s={search_term_string}\"},\"query-input\":{\"@type\":\"PropertyValueSpecification\",\"valueRequired\":true,\"valueName\":\"search_term_string\"}}],\"inLanguage\":\"en-GB\"},{\"@type\":\"Organization\",\"@id\":\"https:\\\/\\\/www.revistarambla.com\\\/#organization\",\"name\":\"Revista Rambla\",\"url\":\"https:\\\/\\\/www.revistarambla.com\\\/\",\"logo\":{\"@type\":\"ImageObject\",\"inLanguage\":\"en-GB\",\"@id\":\"https:\\\/\\\/www.revistarambla.com\\\/#\\\/schema\\\/logo\\\/image\\\/\",\"url\":\"https:\\\/\\\/www.revistarambla.com\\\/wp-content\\\/uploads\\\/2020\\\/09\\\/banner_rambla_1900x600_BB.png\",\"contentUrl\":\"https:\\\/\\\/www.revistarambla.com\\\/wp-content\\\/uploads\\\/2020\\\/09\\\/banner_rambla_1900x600_BB.png\",\"width\":1900,\"height\":600,\"caption\":\"Revista Rambla\"},\"image\":{\"@id\":\"https:\\\/\\\/www.revistarambla.com\\\/#\\\/schema\\\/logo\\\/image\\\/\"},\"sameAs\":[\"https:\\\/\\\/www.facebook.com\\\/revistarambla\\\/\",\"https:\\\/\\\/x.com\\\/revistarambla\",\"https:\\\/\\\/www.instagram.com\\\/revista_rambla\",\"https:\\\/\\\/es.linkedin.com\\\/company\\\/revista-rambla\"]},{\"@type\":\"Person\",\"@id\":\"https:\\\/\\\/www.revistarambla.com\\\/#\\\/schema\\\/person\\\/cdb47f1b20cae4529e0d80b9b620ee26\",\"name\":\"Sindicat de Llogateres\",\"description\":\"Protegim el dret a l'habitatge. Millorem la vida de la gent. Ajuda'ns a seguir canviant les coses i suma-t'hi.\",\"sameAs\":[\"http:\\\/\\\/sindicatdellogateres.org\\\/\",\"https:\\\/\\\/www.facebook.com\\\/SindicatLloguer\\\/\",\"https:\\\/\\\/x.com\\\/sindicatlloguer\"]}]}<\/script>\n<!-- \/ Yoast SEO plugin. -->","yoast_head_json":{"title":"Los sindicatos de inquilinas rechazan ir a la Moncloa - Revista Rambla","robots":{"index":"index","follow":"follow","max-snippet":"max-snippet:-1","max-image-preview":"max-image-preview:large","max-video-preview":"max-video-preview:-1"},"canonical":"https:\/\/www.revistarambla.com\/en\/los-sindicatos-de-inquilinas-rechazan-ir-a-la-moncloa\/","og_locale":"en_GB","og_type":"article","og_title":"Los sindicatos de inquilinas rechazan ir a la Moncloa - Revista Rambla","og_description":"Pedro S\u00e1nchez hab\u00eda convocado a los Sindicatos de Inquilinas a una reuni\u00f3n junto a la patronal inmobiliaria, hoy martes, en el Palacio de la Moncloa","og_url":"https:\/\/www.revistarambla.com\/en\/los-sindicatos-de-inquilinas-rechazan-ir-a-la-moncloa\/","og_site_name":"Revista Rambla","article_publisher":"https:\/\/www.facebook.com\/revistarambla\/","article_author":"https:\/\/www.facebook.com\/SindicatLloguer\/","article_published_time":"2024-10-23T09:53:19+00:00","article_modified_time":"2024-10-23T09:55:26+00:00","og_image":[{"width":1280,"height":576,"url":"https:\/\/www.revistarambla.com\/wp-content\/uploads\/2024\/03\/sindicat-llogateres-2.jpg","type":"image\/jpeg"}],"author":"Sindicat de Llogateres","twitter_card":"summary_large_image","twitter_creator":"@sindicatlloguer","twitter_site":"@revistarambla","twitter_misc":{"Written by":"Sindicat de Llogateres","Estimated reading time":"2 minutes"},"schema":{"@context":"https:\/\/schema.org","@graph":[{"@type":"Article","@id":"https:\/\/www.revistarambla.com\/los-sindicatos-de-inquilinas-rechazan-ir-a-la-moncloa\/#article","isPartOf":{"@id":"https:\/\/www.revistarambla.com\/los-sindicatos-de-inquilinas-rechazan-ir-a-la-moncloa\/"},"author":{"name":"Sindicat de Llogateres","@id":"https:\/\/www.revistarambla.com\/#\/schema\/person\/cdb47f1b20cae4529e0d80b9b620ee26"},"headline":"Los sindicatos de inquilinas rechazan ir a la Moncloa","datePublished":"2024-10-23T09:53:19+00:00","dateModified":"2024-10-23T09:55:26+00:00","mainEntityOfPage":{"@id":"https:\/\/www.revistarambla.com\/los-sindicatos-de-inquilinas-rechazan-ir-a-la-moncloa\/"},"wordCount":430,"publisher":{"@id":"https:\/\/www.revistarambla.com\/#organization"},"image":{"@id":"https:\/\/www.revistarambla.com\/los-sindicatos-de-inquilinas-rechazan-ir-a-la-moncloa\/#primaryimage"},"thumbnailUrl":"https:\/\/www.revistarambla.com\/wp-content\/uploads\/2024\/03\/sindicat-llogateres-2.jpg","articleSection":["Estado Espa\u00f1ol"],"inLanguage":"en-GB"},{"@type":"WebPage","@id":"https:\/\/www.revistarambla.com\/los-sindicatos-de-inquilinas-rechazan-ir-a-la-moncloa\/","url":"https:\/\/www.revistarambla.com\/los-sindicatos-de-inquilinas-rechazan-ir-a-la-moncloa\/","name":"Los sindicatos de inquilinas rechazan ir a la Moncloa - Revista Rambla","isPartOf":{"@id":"https:\/\/www.revistarambla.com\/#website"},"primaryImageOfPage":{"@id":"https:\/\/www.revistarambla.com\/los-sindicatos-de-inquilinas-rechazan-ir-a-la-moncloa\/#primaryimage"},"image":{"@id":"https:\/\/www.revistarambla.com\/los-sindicatos-de-inquilinas-rechazan-ir-a-la-moncloa\/#primaryimage"},"thumbnailUrl":"https:\/\/www.revistarambla.com\/wp-content\/uploads\/2024\/03\/sindicat-llogateres-2.jpg","datePublished":"2024-10-23T09:53:19+00:00","dateModified":"2024-10-23T09:55:26+00:00","breadcrumb":{"@id":"https:\/\/www.revistarambla.com\/los-sindicatos-de-inquilinas-rechazan-ir-a-la-moncloa\/#breadcrumb"},"inLanguage":"en-GB","potentialAction":[{"@type":"ReadAction","target":["https:\/\/www.revistarambla.com\/los-sindicatos-de-inquilinas-rechazan-ir-a-la-moncloa\/"]}]},{"@type":"ImageObject","inLanguage":"en-GB","@id":"https:\/\/www.revistarambla.com\/los-sindicatos-de-inquilinas-rechazan-ir-a-la-moncloa\/#primaryimage","url":"https:\/\/www.revistarambla.com\/wp-content\/uploads\/2024\/03\/sindicat-llogateres-2.jpg","contentUrl":"https:\/\/www.revistarambla.com\/wp-content\/uploads\/2024\/03\/sindicat-llogateres-2.jpg","width":1280,"height":576},{"@type":"BreadcrumbList","@id":"https:\/\/www.revistarambla.com\/los-sindicatos-de-inquilinas-rechazan-ir-a-la-moncloa\/#breadcrumb","itemListElement":[{"@type":"ListItem","position":1,"name":"Portada","item":"https:\/\/www.revistarambla.com\/"},{"@type":"ListItem","position":2,"name":"Los sindicatos de inquilinas rechazan ir a la Moncloa"}]},{"@type":"WebSite","@id":"https:\/\/www.revistarambla.com\/#website","url":"https:\/\/www.revistarambla.com\/","name":"Revista Rambla Barcelona","description":"Periodismo independiente","publisher":{"@id":"https:\/\/www.revistarambla.com\/#organization"},"potentialAction":[{"@type":"SearchAction","target":{"@type":"EntryPoint","urlTemplate":"https:\/\/www.revistarambla.com\/?s={search_term_string}"},"query-input":{"@type":"PropertyValueSpecification","valueRequired":true,"valueName":"search_term_string"}}],"inLanguage":"en-GB"},{"@type":"Organization","@id":"https:\/\/www.revistarambla.com\/#organization","name":"Revista Rambla","url":"https:\/\/www.revistarambla.com\/","logo":{"@type":"ImageObject","inLanguage":"en-GB","@id":"https:\/\/www.revistarambla.com\/#\/schema\/logo\/image\/","url":"https:\/\/www.revistarambla.com\/wp-content\/uploads\/2020\/09\/banner_rambla_1900x600_BB.png","contentUrl":"https:\/\/www.revistarambla.com\/wp-content\/uploads\/2020\/09\/banner_rambla_1900x600_BB.png","width":1900,"height":600,"caption":"Revista Rambla"},"image":{"@id":"https:\/\/www.revistarambla.com\/#\/schema\/logo\/image\/"},"sameAs":["https:\/\/www.facebook.com\/revistarambla\/","https:\/\/x.com\/revistarambla","https:\/\/www.instagram.com\/revista_rambla","https:\/\/es.linkedin.com\/company\/revista-rambla"]},{"@type":"Person","@id":"https:\/\/www.revistarambla.com\/#\/schema\/person\/cdb47f1b20cae4529e0d80b9b620ee26","name":"Sindicat de Llogateres","description":"Protegim el dret a l'habitatge. Millorem la vida de la gent. Ajuda'ns a seguir canviant les coses i suma-t'hi.","sameAs":["http:\/\/sindicatdellogateres.org\/","https:\/\/www.facebook.com\/SindicatLloguer\/","https:\/\/x.com\/sindicatlloguer"]}]}},"_links":{"self":[{"href":"https:\/\/www.revistarambla.com\/en\/wp-json\/wp\/v2\/posts\/63080","targetHints":{"allow":["GET"]}}],"collection":[{"href":"https:\/\/www.revistarambla.com\/en\/wp-json\/wp\/v2\/posts"}],"about":[{"href":"https:\/\/www.revistarambla.com\/en\/wp-json\/wp\/v2\/types\/post"}],"author":[{"embeddable":true,"href":"https:\/\/www.revistarambla.com\/en\/wp-json\/wp\/v2\/users\/328"}],"replies":[{"embeddable":true,"href":"https:\/\/www.revistarambla.com\/en\/wp-json\/wp\/v2\/comments?post=63080"}],"version-history":[{"count":1,"href":"https:\/\/www.revistarambla.com\/en\/wp-json\/wp\/v2\/posts\/63080\/revisions"}],"predecessor-version":[{"id":63081,"href":"https:\/\/www.revistarambla.com\/en\/wp-json\/wp\/v2\/posts\/63080\/revisions\/63081"}],"wp:featuredmedia":[{"embeddable":true,"href":"https:\/\/www.revistarambla.com\/en\/wp-json\/wp\/v2\/media\/58880"}],"wp:attachment":[{"href":"https:\/\/www.revistarambla.com\/en\/wp-json\/wp\/v2\/media?parent=63080"}],"wp:term":[{"taxonomy":"category","embeddable":true,"href":"https:\/\/www.revistarambla.com\/en\/wp-json\/wp\/v2\/categories?post=63080"},{"taxonomy":"post_tag","embeddable":true,"href":"https:\/\/www.revistarambla.com\/en\/wp-json\/wp\/v2\/tags?post=63080"}],"curies":[{"name":"wp","href":"https:\/\/api.w.org\/{rel}","templated":true}]}}