{"id":63074,"date":"2024-10-22T20:09:32","date_gmt":"2024-10-22T18:09:32","guid":{"rendered":"https:\/\/www.revistarambla.com\/?p=63074"},"modified":"2024-10-22T20:17:29","modified_gmt":"2024-10-22T18:17:29","slug":"la-pelea-que-se-produjo-en-el-ano-2019-en-la-zona-discoteca-de-manresa-barcelona-dio-resultado-de-dos-condenados-a-prision-pendientes-de-absolucion-bajo-recursos","status":"publish","type":"post","link":"https:\/\/www.revistarambla.com\/en\/la-pelea-que-se-produjo-en-el-ano-2019-en-la-zona-discoteca-de-manresa-barcelona-dio-resultado-de-dos-condenados-a-prision-pendientes-de-absolucion-bajo-recursos\/","title":{"rendered":"La pelea que se produjo en el a\u00f1o 2019 en La Zona discoteca de Manresa (Barcelona) dio resultado de dos condenados a prisi\u00f3n pendientes de absoluci\u00f3n bajo recursos"},"content":{"rendered":"<p>Este art\u00edculo de la <a href=\"https:\/\/www.revistarambla.com\/en\/\">Revista Rambla<\/a> analiza el proceso judicial ocurrido en el bar musical La Zona de Manresa en el a\u00f1o 2019 <!--more-->y las caracter\u00edsticas del delito de lesiones seg\u00fan la legislaci\u00f3n espa\u00f1ola, la influencia del contexto social, y las posibles implicaciones legales y sociales que se derivan de este tipo de delitos.<\/p>\n<p>El \u00e1mbito judicial es un espacio donde se dirimen conflictos y se busca la verdad a trav\u00e9s de procedimientos establecidos. Los casos de lesiones, particularmente aquellos relacionados con alteraciones en la v\u00eda p\u00fablica o en centros de ocio como discotecas, son temas comunes en las salas de juicio. En el caso del Juzgado de lo Penal N.\u00ba 1 de Manresa, el procedimiento con los hechos que se produjeron en el bar musical La Zona de Manresa en la calle del Bonsucc\u00e9s (actualmente cerrado) consigo una serie de implicaciones como son la pena de c\u00e1rcel para los acusados y nos llevan a reflexionar sobre la naturaleza de la justicia penal, las din\u00e1micas sociales que propician estos incidentes, y los derechos de todas las partes implicadas.<\/p>\n<p>El caso se inici\u00f3 mediante un procedimiento abreviado que se inicia a ra\u00edz de una denuncia presentada en Manresa la cual termina en condena para dos j\u00f3venes, Don S. A. D. y Do\u00f1a I. R. P. Ambos, mayores de edad y sin antecedentes penales. La ausencia de antecedentes penales indica que no son individuos con un historial de comportamiento violento, lo que puede influir en la percepci\u00f3n del jurado o del juez en cuanto a la credibilidad de sus testimonios y la gravedad de la acusaci\u00f3n.<\/p>\n<p>El hecho de que el atestado fue realizado por los Mossos d&#8217;Esquadra, la polic\u00eda de Catalu\u00f1a, a\u00f1adi\u00f3 un nivel de formalidad y rigor en la recolecci\u00f3n de evidencia. La intervenci\u00f3n de este cuerpo policial indica que, en el momento de los hechos, se recurri\u00f3 a la autoridad para documentar el incidente y proceder con la denuncia, lo cual es fundamental en cualquier proceso judicial. La fecha del atestado, el 22 de septiembre de 2019, establece un marco temporal que permite analizar el trayecto del caso hasta su resoluci\u00f3n en 2023. Cabe destacar que presuntamente, seg\u00fan consulta realizada en las diligencias policiales, en el primer momento no aparec\u00eda en ning\u00fan momento el nombre de la acusada.<\/p>\n<h2>Legalidad y Procedimiento Judicial<\/h2>\n<p>El procedimiento por lesiones en cuesti\u00f3n aborda temas contemplados en los art\u00edculos 147 y 148 del C\u00f3digo Penal espa\u00f1ol, que penalizan las agresiones que causan da\u00f1o f\u00edsico. Estos art\u00edculos especifican las penalizaciones respectivas en funci\u00f3n de la gravedad de las lesiones, se\u00f1alando que una lesi\u00f3n puede ser calificada como leve, menos grave, o grave. La categorizaci\u00f3n de la lesi\u00f3n afecta directamente la pena que podr\u00eda imponer el juez en caso de que la culpabilidad sea probada.<\/p>\n<p>El hecho de que el caso haya sido llevado a un juicio oral y que el mismo se haya desarrollado de manera p\u00fablica refleja un compromiso con los principios de transparencia y justicia en el sistema judicial. En el contexto de las lesiones, los juicios orales son cruciales, ya que permiten la presentaci\u00f3n de pruebas f\u00edsicas y testimonios de testigos, que son esenciales para la evaluaci\u00f3n de la culpabilidad.<\/p>\n<p>La figura del Ministerio Fiscal juega un papel central en este proceso, puesto que representa al Estado en la persecuci\u00f3n de delitos. Su funci\u00f3n es investigar, presentar pruebas y argumentar para asegurar que se haga justicia en nombre de la sociedad. Esto subraya la importancia de un enfoque colectivo en la justicia penal, donde el Estado asume la responsabilidad de proteger a sus ciudadanos. En dicho caso comentado existi\u00f3 por falta de pruebas predisposici\u00f3n para la absoluci\u00f3n, pero el poco desempe\u00f1o de la abogada propici\u00f3 la no actuaci\u00f3n ahora retomada por el bufete SG Legal Consulting.<\/p>\n<h2>Las Lesiones: An\u00e1lisis Legal<\/h2>\n<p>Las lesiones, como se mencion\u00f3, se catalogan en diversas categor\u00edas. Seg\u00fan el C\u00f3digo Penal espa\u00f1ol, las lesiones leves suelen ser aquellas que no requieren atenci\u00f3n m\u00e9dica prolongada o que dejan secuelas m\u00ednimas. Por otro lado, las lesiones graves implican da\u00f1os que podr\u00edan poner en peligro la vida o causar discapacidades permanentes. La clasificaci\u00f3n de las lesiones es crucial, ya que siempre influye en las penas que podr\u00eda enfrentar la parte acusada si se determina culpabilidad.<\/p>\n<p>Dentro del contexto social, las peleas en discotecas son fen\u00f3menos relativamente frecuentes, resultado de la interacci\u00f3n de varias variables, incluyendo el consumo de alcohol, otras drogas, la aglomeraci\u00f3n de personas, y las emociones exacerbadas que pueden surgir en un ambiente de fiesta. Estas circunstancias pueden generar situaciones propensas a la violencia, donde intervenciones inadecuadas o la falta de un protocolo de seguridad pueden contribuir a la escalada de conflictos los cuales son dif\u00edcilmente esclarecibles a no ser que se encuentre gente trabajando, sin efectos del alcohol junto a otras substancias que desvar\u00edan la funci\u00f3n cerebral como apunta el detective privado 6329 de la Polic\u00eda Nacional, experto en psicolog\u00eda social. Tambi\u00e9n se debe tener en cuenta que en el momento del juicio la discoteca hac\u00eda tiempo que se encontraba cerrada sin estar los antiguos due\u00f1os disponibles.<\/p>\n<p>En este caso espec\u00edfico, una evaluaci\u00f3n profunda de las actitudes, comportamientos y antecedentes de las partes involucradas es fundamental. Tanto el denunciante como la acusada deben ser considerados en el contexto de sus antecedentes y comportamientos previos. La ausencia de antecedentes penales de ambos sugiere que son ciudadanos comunes, lo que podr\u00eda jugar a favor de su credibilidad. Sin embargo, su conducta en la discoteca, los motivos de la pelea y sus respectivas versiones sobre el incidente son elementos que deben ser examinados a fondo, cosa que presuntamente no se realiz\u00f3 en el momento del juicio oral.<\/p>\n<p>Cabe destacar que el testimonio de los testigos conlleva un impacto significativo en el resultado del juicio. Estos testigos deber\u00edan ser examinados teniendo en cuenta su condici\u00f3n y cercan\u00eda. Siempre deber\u00edan valerse tan solo testigos imparciales que hayan observado la pelea y que puedan proporcionar una visi\u00f3n objetiva de los hechos y ayudar a clarificar las circunstancias en que se produjeron las lesiones.<\/p>\n<p>En el contexto de un juicio, la presentaci\u00f3n de pruebas y testimonios confiables es esencial para llegar a una decisi\u00f3n. Revista rambla ha tenido acceso a un v\u00eddeo de una supuesta testigo vecina de Manresa, donde declara que vio supuestamente como le arrebataban la botella a la acusada que posteriormente est\u00e1 impact\u00f3 en la cabeza de una de las v\u00edctimas. Seg\u00fan refleja un documento entregado y firmado por un trabajador del bar musical que se encontr\u00f3 con la situaci\u00f3n, el cual presenta seg\u00fan fuentes un testimonio acorde con los hechos relatados por la otra testigo. Estas evidencias podr\u00edan ser muy relevantes en contener un testigo trabajador del establecimiento donde sucedi\u00f3 el hecho.<\/p>\n<h2>Dimensiones Sociales del Delito<\/h2>\n<p>Las peleas en entornos sociales, como discotecas o bares, a menudo examinan la relaci\u00f3n entre el comportamiento humano y el contexto en el que se desarrolla. Los factores sociales, como el contexto cultural, el tipo de entorno de ocio y la sociabilidad de los grupos presentes, est\u00e1n entrelazados con la probabilidad de que se produzcan conflictos. Aqu\u00ed, la interacci\u00f3n entre el alcohol y la socializaci\u00f3n puede exacerbar situaciones, llevando a un comportamiento agresivo que de otra manera podr\u00eda no haber ocurrido.<\/p>\n<p>El an\u00e1lisis del contexto social tambi\u00e9n considera el impacto que tales incidentes tienen no solo en los involucrados, sino tambi\u00e9n en la comunidad en general. Las peleas y la violencia en lugares p\u00fablicos pueden afectar la percepci\u00f3n de seguridad de las personas, influir en la toma de decisiones sobre la vida nocturna en la comunidad y llevar a un mayor control por parte de las autoridades locales.<\/p>\n<h2>Posibles Resoluciones y Consecuencias<\/h2>\n<p>La resoluci\u00f3n del caso en el Juzgado de lo Penal en Manresa dio una condena de c\u00e1rcel para los acusados. Tras la sentencia se efectu\u00f3 un cambio de abogado que se produjo por la supuesta mala praxis de la anterior. En el periodo de estas \u00faltimas horas se ha solicitado la revisi\u00f3n e indulto y suspensi\u00f3n para evitar la pr\u00f3xima entrada en la c\u00e1rcel. Si la acusada es absuelta, esto subrayar\u00e1 la importancia de la carga de la prueba en el sistema judicial. La presunci\u00f3n de inocencia es un principio fundamental que debe ser respetado, asegurando que ning\u00fan individuo sea considerado culpable sin pruebas claras y concluyentes como supuestamente se est\u00e1 procediendo por parte del nuevo abogado mediante recursos de diversa \u00edndole y estudiando los procedimientos legales que podr\u00eda incurrir la antigua abogada. Mientras el proceso judicial contin\u00faa, contin\u00faa la reflexi\u00f3n en torno a la importancia de la justicia equitativa, la necesidad de un comportamiento responsable en espacios p\u00fablicos y la relevancia de pol\u00edticas proactivas que fomenten la seguridad en entornos sociales.<\/p>\n<p>Es esencial abordar estos incidentes no solo desde el sentido punitivo del sistema judicial, sino tambi\u00e9n desde un enfoque de prevenci\u00f3n y educaci\u00f3n, promoviendo espacios seguros que minimicen el riesgo de confrontaciones violentas m\u00e1s en arias muy pobladas como la provincia de Barcelona. La uni\u00f3n entre la educaci\u00f3n, el respeto mutuo, y la responsabilidad social son componentes clave para construir una comunidad donde la violencia no tenga cabida.<\/p>","protected":false},"excerpt":{"rendered":"<p>Este art\u00edculo de la Revista Rambla analiza el proceso judicial ocurrido en el bar musical La Zona de Manresa en el a\u00f1o 2019<\/p>","protected":false},"author":3,"featured_media":63075,"comment_status":"closed","ping_status":"closed","sticky":false,"template":"","format":"standard","meta":{"footnotes":""},"categories":[76],"tags":[],"class_list":["post-63074","post","type-post","status-publish","format-standard","has-post-thumbnail","hentry","category-barcelona"],"yoast_head":"<!-- This site is optimized with the Yoast SEO plugin v27.5 - https:\/\/yoast.com\/product\/yoast-seo-wordpress\/ -->\n<title>La pelea que se produjo en el a\u00f1o 2019 en La Zona discoteca de Manresa (Barcelona) dio resultado de dos condenados a prisi\u00f3n pendientes de absoluci\u00f3n bajo recursos - Revista Rambla<\/title>\n<meta name=\"robots\" content=\"index, follow, max-snippet:-1, max-image-preview:large, max-video-preview:-1\" \/>\n<link rel=\"canonical\" href=\"https:\/\/www.revistarambla.com\/en\/la-pelea-que-se-produjo-en-el-ano-2019-en-la-zona-discoteca-de-manresa-barcelona-dio-resultado-de-dos-condenados-a-prision-pendientes-de-absolucion-bajo-recursos\/\" \/>\n<meta property=\"og:locale\" content=\"en_GB\" \/>\n<meta property=\"og:type\" content=\"article\" \/>\n<meta property=\"og:title\" content=\"La pelea que se produjo en el a\u00f1o 2019 en La Zona discoteca de Manresa (Barcelona) dio resultado de dos condenados a prisi\u00f3n pendientes de absoluci\u00f3n bajo recursos - Revista Rambla\" \/>\n<meta property=\"og:description\" content=\"Este art\u00edculo de la Revista Rambla analiza el proceso judicial ocurrido en el bar musical La Zona de Manresa en el a\u00f1o 2019\" \/>\n<meta property=\"og:url\" content=\"https:\/\/www.revistarambla.com\/en\/la-pelea-que-se-produjo-en-el-ano-2019-en-la-zona-discoteca-de-manresa-barcelona-dio-resultado-de-dos-condenados-a-prision-pendientes-de-absolucion-bajo-recursos\/\" \/>\n<meta property=\"og:site_name\" content=\"Revista Rambla\" \/>\n<meta property=\"article:publisher\" content=\"https:\/\/www.facebook.com\/revistarambla\/\" \/>\n<meta property=\"article:author\" content=\"https:\/\/www.facebook.com\/revistarambla\" \/>\n<meta property=\"article:published_time\" content=\"2024-10-22T18:09:32+00:00\" \/>\n<meta property=\"article:modified_time\" content=\"2024-10-22T18:17:29+00:00\" \/>\n<meta property=\"og:image\" content=\"https:\/\/www.revistarambla.com\/wp-content\/uploads\/2024\/10\/Screenshot-2024-10-22-at-20-06-27-8-Carrer-del-Bonsucces-Google-Maps.jpg\" \/>\n\t<meta property=\"og:image:width\" content=\"862\" \/>\n\t<meta property=\"og:image:height\" content=\"664\" \/>\n\t<meta property=\"og:image:type\" content=\"image\/jpeg\" \/>\n<meta name=\"author\" content=\"R@mbla\" \/>\n<meta name=\"twitter:card\" content=\"summary_large_image\" \/>\n<meta name=\"twitter:creator\" content=\"@revistarambla\" \/>\n<meta name=\"twitter:site\" content=\"@revistarambla\" \/>\n<meta name=\"twitter:label1\" content=\"Written by\" \/>\n\t<meta name=\"twitter:data1\" content=\"R@mbla\" \/>\n\t<meta name=\"twitter:label2\" content=\"Estimated reading time\" \/>\n\t<meta name=\"twitter:data2\" content=\"8 minutes\" \/>\n<script type=\"application\/ld+json\" class=\"yoast-schema-graph\">{\"@context\":\"https:\\\/\\\/schema.org\",\"@graph\":[{\"@type\":\"Article\",\"@id\":\"https:\\\/\\\/www.revistarambla.com\\\/la-pelea-que-se-produjo-en-el-ano-2019-en-la-zona-discoteca-de-manresa-barcelona-dio-resultado-de-dos-condenados-a-prision-pendientes-de-absolucion-bajo-recursos\\\/#article\",\"isPartOf\":{\"@id\":\"https:\\\/\\\/www.revistarambla.com\\\/la-pelea-que-se-produjo-en-el-ano-2019-en-la-zona-discoteca-de-manresa-barcelona-dio-resultado-de-dos-condenados-a-prision-pendientes-de-absolucion-bajo-recursos\\\/\"},\"author\":{\"name\":\"R@mbla\",\"@id\":\"https:\\\/\\\/www.revistarambla.com\\\/#\\\/schema\\\/person\\\/a146a5a2550b94981a75131180e1bd9c\"},\"headline\":\"La pelea que se produjo en el a\u00f1o 2019 en La Zona discoteca de Manresa (Barcelona) dio resultado de dos condenados a prisi\u00f3n pendientes de absoluci\u00f3n bajo recursos\",\"datePublished\":\"2024-10-22T18:09:32+00:00\",\"dateModified\":\"2024-10-22T18:17:29+00:00\",\"mainEntityOfPage\":{\"@id\":\"https:\\\/\\\/www.revistarambla.com\\\/la-pelea-que-se-produjo-en-el-ano-2019-en-la-zona-discoteca-de-manresa-barcelona-dio-resultado-de-dos-condenados-a-prision-pendientes-de-absolucion-bajo-recursos\\\/\"},\"wordCount\":1647,\"publisher\":{\"@id\":\"https:\\\/\\\/www.revistarambla.com\\\/#organization\"},\"image\":{\"@id\":\"https:\\\/\\\/www.revistarambla.com\\\/la-pelea-que-se-produjo-en-el-ano-2019-en-la-zona-discoteca-de-manresa-barcelona-dio-resultado-de-dos-condenados-a-prision-pendientes-de-absolucion-bajo-recursos\\\/#primaryimage\"},\"thumbnailUrl\":\"https:\\\/\\\/www.revistarambla.com\\\/wp-content\\\/uploads\\\/2024\\\/10\\\/Screenshot-2024-10-22-at-20-06-27-8-Carrer-del-Bonsucces-Google-Maps.jpg\",\"articleSection\":[\"Barcelona\"],\"inLanguage\":\"en-GB\"},{\"@type\":\"WebPage\",\"@id\":\"https:\\\/\\\/www.revistarambla.com\\\/la-pelea-que-se-produjo-en-el-ano-2019-en-la-zona-discoteca-de-manresa-barcelona-dio-resultado-de-dos-condenados-a-prision-pendientes-de-absolucion-bajo-recursos\\\/\",\"url\":\"https:\\\/\\\/www.revistarambla.com\\\/la-pelea-que-se-produjo-en-el-ano-2019-en-la-zona-discoteca-de-manresa-barcelona-dio-resultado-de-dos-condenados-a-prision-pendientes-de-absolucion-bajo-recursos\\\/\",\"name\":\"La pelea que se produjo en el a\u00f1o 2019 en La Zona discoteca de Manresa (Barcelona) dio resultado de dos condenados a prisi\u00f3n pendientes de absoluci\u00f3n bajo recursos - Revista Rambla\",\"isPartOf\":{\"@id\":\"https:\\\/\\\/www.revistarambla.com\\\/#website\"},\"primaryImageOfPage\":{\"@id\":\"https:\\\/\\\/www.revistarambla.com\\\/la-pelea-que-se-produjo-en-el-ano-2019-en-la-zona-discoteca-de-manresa-barcelona-dio-resultado-de-dos-condenados-a-prision-pendientes-de-absolucion-bajo-recursos\\\/#primaryimage\"},\"image\":{\"@id\":\"https:\\\/\\\/www.revistarambla.com\\\/la-pelea-que-se-produjo-en-el-ano-2019-en-la-zona-discoteca-de-manresa-barcelona-dio-resultado-de-dos-condenados-a-prision-pendientes-de-absolucion-bajo-recursos\\\/#primaryimage\"},\"thumbnailUrl\":\"https:\\\/\\\/www.revistarambla.com\\\/wp-content\\\/uploads\\\/2024\\\/10\\\/Screenshot-2024-10-22-at-20-06-27-8-Carrer-del-Bonsucces-Google-Maps.jpg\",\"datePublished\":\"2024-10-22T18:09:32+00:00\",\"dateModified\":\"2024-10-22T18:17:29+00:00\",\"breadcrumb\":{\"@id\":\"https:\\\/\\\/www.revistarambla.com\\\/la-pelea-que-se-produjo-en-el-ano-2019-en-la-zona-discoteca-de-manresa-barcelona-dio-resultado-de-dos-condenados-a-prision-pendientes-de-absolucion-bajo-recursos\\\/#breadcrumb\"},\"inLanguage\":\"en-GB\",\"potentialAction\":[{\"@type\":\"ReadAction\",\"target\":[\"https:\\\/\\\/www.revistarambla.com\\\/la-pelea-que-se-produjo-en-el-ano-2019-en-la-zona-discoteca-de-manresa-barcelona-dio-resultado-de-dos-condenados-a-prision-pendientes-de-absolucion-bajo-recursos\\\/\"]}]},{\"@type\":\"ImageObject\",\"inLanguage\":\"en-GB\",\"@id\":\"https:\\\/\\\/www.revistarambla.com\\\/la-pelea-que-se-produjo-en-el-ano-2019-en-la-zona-discoteca-de-manresa-barcelona-dio-resultado-de-dos-condenados-a-prision-pendientes-de-absolucion-bajo-recursos\\\/#primaryimage\",\"url\":\"https:\\\/\\\/www.revistarambla.com\\\/wp-content\\\/uploads\\\/2024\\\/10\\\/Screenshot-2024-10-22-at-20-06-27-8-Carrer-del-Bonsucces-Google-Maps.jpg\",\"contentUrl\":\"https:\\\/\\\/www.revistarambla.com\\\/wp-content\\\/uploads\\\/2024\\\/10\\\/Screenshot-2024-10-22-at-20-06-27-8-Carrer-del-Bonsucces-Google-Maps.jpg\",\"width\":862,\"height\":664,\"caption\":\"La Zona de Manresa\"},{\"@type\":\"BreadcrumbList\",\"@id\":\"https:\\\/\\\/www.revistarambla.com\\\/la-pelea-que-se-produjo-en-el-ano-2019-en-la-zona-discoteca-de-manresa-barcelona-dio-resultado-de-dos-condenados-a-prision-pendientes-de-absolucion-bajo-recursos\\\/#breadcrumb\",\"itemListElement\":[{\"@type\":\"ListItem\",\"position\":1,\"name\":\"Portada\",\"item\":\"https:\\\/\\\/www.revistarambla.com\\\/\"},{\"@type\":\"ListItem\",\"position\":2,\"name\":\"La pelea que se produjo en el a\u00f1o 2019 en La Zona discoteca de Manresa (Barcelona) dio resultado de dos condenados a prisi\u00f3n pendientes de absoluci\u00f3n bajo recursos\"}]},{\"@type\":\"WebSite\",\"@id\":\"https:\\\/\\\/www.revistarambla.com\\\/#website\",\"url\":\"https:\\\/\\\/www.revistarambla.com\\\/\",\"name\":\"Revista Rambla Barcelona\",\"description\":\"Periodismo independiente\",\"publisher\":{\"@id\":\"https:\\\/\\\/www.revistarambla.com\\\/#organization\"},\"potentialAction\":[{\"@type\":\"SearchAction\",\"target\":{\"@type\":\"EntryPoint\",\"urlTemplate\":\"https:\\\/\\\/www.revistarambla.com\\\/?s={search_term_string}\"},\"query-input\":{\"@type\":\"PropertyValueSpecification\",\"valueRequired\":true,\"valueName\":\"search_term_string\"}}],\"inLanguage\":\"en-GB\"},{\"@type\":\"Organization\",\"@id\":\"https:\\\/\\\/www.revistarambla.com\\\/#organization\",\"name\":\"Revista Rambla\",\"url\":\"https:\\\/\\\/www.revistarambla.com\\\/\",\"logo\":{\"@type\":\"ImageObject\",\"inLanguage\":\"en-GB\",\"@id\":\"https:\\\/\\\/www.revistarambla.com\\\/#\\\/schema\\\/logo\\\/image\\\/\",\"url\":\"https:\\\/\\\/www.revistarambla.com\\\/wp-content\\\/uploads\\\/2020\\\/09\\\/banner_rambla_1900x600_BB.png\",\"contentUrl\":\"https:\\\/\\\/www.revistarambla.com\\\/wp-content\\\/uploads\\\/2020\\\/09\\\/banner_rambla_1900x600_BB.png\",\"width\":1900,\"height\":600,\"caption\":\"Revista Rambla\"},\"image\":{\"@id\":\"https:\\\/\\\/www.revistarambla.com\\\/#\\\/schema\\\/logo\\\/image\\\/\"},\"sameAs\":[\"https:\\\/\\\/www.facebook.com\\\/revistarambla\\\/\",\"https:\\\/\\\/x.com\\\/revistarambla\",\"https:\\\/\\\/www.instagram.com\\\/revista_rambla\",\"https:\\\/\\\/es.linkedin.com\\\/company\\\/revista-rambla\"]},{\"@type\":\"Person\",\"@id\":\"https:\\\/\\\/www.revistarambla.com\\\/#\\\/schema\\\/person\\\/a146a5a2550b94981a75131180e1bd9c\",\"name\":\"R@mbla\",\"description\":\"Este art\u00edculo ha sido redactado y\\\/o validado por el equipo de redacci\u00f3n de Revista Rambla.\",\"sameAs\":[\"https:\\\/\\\/www.revistarambla.com\\\/\",\"https:\\\/\\\/www.facebook.com\\\/revistarambla\",\"https:\\\/\\\/x.com\\\/revistarambla\"]}]}<\/script>\n<!-- \/ Yoast SEO plugin. -->","yoast_head_json":{"title":"La pelea que se produjo en el a\u00f1o 2019 en La Zona discoteca de Manresa (Barcelona) dio resultado de dos condenados a prisi\u00f3n pendientes de absoluci\u00f3n bajo recursos - Revista Rambla","robots":{"index":"index","follow":"follow","max-snippet":"max-snippet:-1","max-image-preview":"max-image-preview:large","max-video-preview":"max-video-preview:-1"},"canonical":"https:\/\/www.revistarambla.com\/en\/la-pelea-que-se-produjo-en-el-ano-2019-en-la-zona-discoteca-de-manresa-barcelona-dio-resultado-de-dos-condenados-a-prision-pendientes-de-absolucion-bajo-recursos\/","og_locale":"en_GB","og_type":"article","og_title":"La pelea que se produjo en el a\u00f1o 2019 en La Zona discoteca de Manresa (Barcelona) dio resultado de dos condenados a prisi\u00f3n pendientes de absoluci\u00f3n bajo recursos - Revista Rambla","og_description":"Este art\u00edculo de la Revista Rambla analiza el proceso judicial ocurrido en el bar musical La Zona de Manresa en el a\u00f1o 2019","og_url":"https:\/\/www.revistarambla.com\/en\/la-pelea-que-se-produjo-en-el-ano-2019-en-la-zona-discoteca-de-manresa-barcelona-dio-resultado-de-dos-condenados-a-prision-pendientes-de-absolucion-bajo-recursos\/","og_site_name":"Revista Rambla","article_publisher":"https:\/\/www.facebook.com\/revistarambla\/","article_author":"https:\/\/www.facebook.com\/revistarambla","article_published_time":"2024-10-22T18:09:32+00:00","article_modified_time":"2024-10-22T18:17:29+00:00","og_image":[{"width":862,"height":664,"url":"https:\/\/www.revistarambla.com\/wp-content\/uploads\/2024\/10\/Screenshot-2024-10-22-at-20-06-27-8-Carrer-del-Bonsucces-Google-Maps.jpg","type":"image\/jpeg"}],"author":"R@mbla","twitter_card":"summary_large_image","twitter_creator":"@revistarambla","twitter_site":"@revistarambla","twitter_misc":{"Written by":"R@mbla","Estimated reading time":"8 minutes"},"schema":{"@context":"https:\/\/schema.org","@graph":[{"@type":"Article","@id":"https:\/\/www.revistarambla.com\/la-pelea-que-se-produjo-en-el-ano-2019-en-la-zona-discoteca-de-manresa-barcelona-dio-resultado-de-dos-condenados-a-prision-pendientes-de-absolucion-bajo-recursos\/#article","isPartOf":{"@id":"https:\/\/www.revistarambla.com\/la-pelea-que-se-produjo-en-el-ano-2019-en-la-zona-discoteca-de-manresa-barcelona-dio-resultado-de-dos-condenados-a-prision-pendientes-de-absolucion-bajo-recursos\/"},"author":{"name":"R@mbla","@id":"https:\/\/www.revistarambla.com\/#\/schema\/person\/a146a5a2550b94981a75131180e1bd9c"},"headline":"La pelea que se produjo en el a\u00f1o 2019 en La Zona discoteca de Manresa (Barcelona) dio resultado de dos condenados a prisi\u00f3n pendientes de absoluci\u00f3n bajo recursos","datePublished":"2024-10-22T18:09:32+00:00","dateModified":"2024-10-22T18:17:29+00:00","mainEntityOfPage":{"@id":"https:\/\/www.revistarambla.com\/la-pelea-que-se-produjo-en-el-ano-2019-en-la-zona-discoteca-de-manresa-barcelona-dio-resultado-de-dos-condenados-a-prision-pendientes-de-absolucion-bajo-recursos\/"},"wordCount":1647,"publisher":{"@id":"https:\/\/www.revistarambla.com\/#organization"},"image":{"@id":"https:\/\/www.revistarambla.com\/la-pelea-que-se-produjo-en-el-ano-2019-en-la-zona-discoteca-de-manresa-barcelona-dio-resultado-de-dos-condenados-a-prision-pendientes-de-absolucion-bajo-recursos\/#primaryimage"},"thumbnailUrl":"https:\/\/www.revistarambla.com\/wp-content\/uploads\/2024\/10\/Screenshot-2024-10-22-at-20-06-27-8-Carrer-del-Bonsucces-Google-Maps.jpg","articleSection":["Barcelona"],"inLanguage":"en-GB"},{"@type":"WebPage","@id":"https:\/\/www.revistarambla.com\/la-pelea-que-se-produjo-en-el-ano-2019-en-la-zona-discoteca-de-manresa-barcelona-dio-resultado-de-dos-condenados-a-prision-pendientes-de-absolucion-bajo-recursos\/","url":"https:\/\/www.revistarambla.com\/la-pelea-que-se-produjo-en-el-ano-2019-en-la-zona-discoteca-de-manresa-barcelona-dio-resultado-de-dos-condenados-a-prision-pendientes-de-absolucion-bajo-recursos\/","name":"La pelea que se produjo en el a\u00f1o 2019 en La Zona discoteca de Manresa (Barcelona) dio resultado de dos condenados a prisi\u00f3n pendientes de absoluci\u00f3n bajo recursos - Revista Rambla","isPartOf":{"@id":"https:\/\/www.revistarambla.com\/#website"},"primaryImageOfPage":{"@id":"https:\/\/www.revistarambla.com\/la-pelea-que-se-produjo-en-el-ano-2019-en-la-zona-discoteca-de-manresa-barcelona-dio-resultado-de-dos-condenados-a-prision-pendientes-de-absolucion-bajo-recursos\/#primaryimage"},"image":{"@id":"https:\/\/www.revistarambla.com\/la-pelea-que-se-produjo-en-el-ano-2019-en-la-zona-discoteca-de-manresa-barcelona-dio-resultado-de-dos-condenados-a-prision-pendientes-de-absolucion-bajo-recursos\/#primaryimage"},"thumbnailUrl":"https:\/\/www.revistarambla.com\/wp-content\/uploads\/2024\/10\/Screenshot-2024-10-22-at-20-06-27-8-Carrer-del-Bonsucces-Google-Maps.jpg","datePublished":"2024-10-22T18:09:32+00:00","dateModified":"2024-10-22T18:17:29+00:00","breadcrumb":{"@id":"https:\/\/www.revistarambla.com\/la-pelea-que-se-produjo-en-el-ano-2019-en-la-zona-discoteca-de-manresa-barcelona-dio-resultado-de-dos-condenados-a-prision-pendientes-de-absolucion-bajo-recursos\/#breadcrumb"},"inLanguage":"en-GB","potentialAction":[{"@type":"ReadAction","target":["https:\/\/www.revistarambla.com\/la-pelea-que-se-produjo-en-el-ano-2019-en-la-zona-discoteca-de-manresa-barcelona-dio-resultado-de-dos-condenados-a-prision-pendientes-de-absolucion-bajo-recursos\/"]}]},{"@type":"ImageObject","inLanguage":"en-GB","@id":"https:\/\/www.revistarambla.com\/la-pelea-que-se-produjo-en-el-ano-2019-en-la-zona-discoteca-de-manresa-barcelona-dio-resultado-de-dos-condenados-a-prision-pendientes-de-absolucion-bajo-recursos\/#primaryimage","url":"https:\/\/www.revistarambla.com\/wp-content\/uploads\/2024\/10\/Screenshot-2024-10-22-at-20-06-27-8-Carrer-del-Bonsucces-Google-Maps.jpg","contentUrl":"https:\/\/www.revistarambla.com\/wp-content\/uploads\/2024\/10\/Screenshot-2024-10-22-at-20-06-27-8-Carrer-del-Bonsucces-Google-Maps.jpg","width":862,"height":664,"caption":"La Zona de Manresa"},{"@type":"BreadcrumbList","@id":"https:\/\/www.revistarambla.com\/la-pelea-que-se-produjo-en-el-ano-2019-en-la-zona-discoteca-de-manresa-barcelona-dio-resultado-de-dos-condenados-a-prision-pendientes-de-absolucion-bajo-recursos\/#breadcrumb","itemListElement":[{"@type":"ListItem","position":1,"name":"Portada","item":"https:\/\/www.revistarambla.com\/"},{"@type":"ListItem","position":2,"name":"La pelea que se produjo en el a\u00f1o 2019 en La Zona discoteca de Manresa (Barcelona) dio resultado de dos condenados a prisi\u00f3n pendientes de absoluci\u00f3n bajo recursos"}]},{"@type":"WebSite","@id":"https:\/\/www.revistarambla.com\/#website","url":"https:\/\/www.revistarambla.com\/","name":"Revista Rambla Barcelona","description":"Periodismo independiente","publisher":{"@id":"https:\/\/www.revistarambla.com\/#organization"},"potentialAction":[{"@type":"SearchAction","target":{"@type":"EntryPoint","urlTemplate":"https:\/\/www.revistarambla.com\/?s={search_term_string}"},"query-input":{"@type":"PropertyValueSpecification","valueRequired":true,"valueName":"search_term_string"}}],"inLanguage":"en-GB"},{"@type":"Organization","@id":"https:\/\/www.revistarambla.com\/#organization","name":"Revista Rambla","url":"https:\/\/www.revistarambla.com\/","logo":{"@type":"ImageObject","inLanguage":"en-GB","@id":"https:\/\/www.revistarambla.com\/#\/schema\/logo\/image\/","url":"https:\/\/www.revistarambla.com\/wp-content\/uploads\/2020\/09\/banner_rambla_1900x600_BB.png","contentUrl":"https:\/\/www.revistarambla.com\/wp-content\/uploads\/2020\/09\/banner_rambla_1900x600_BB.png","width":1900,"height":600,"caption":"Revista Rambla"},"image":{"@id":"https:\/\/www.revistarambla.com\/#\/schema\/logo\/image\/"},"sameAs":["https:\/\/www.facebook.com\/revistarambla\/","https:\/\/x.com\/revistarambla","https:\/\/www.instagram.com\/revista_rambla","https:\/\/es.linkedin.com\/company\/revista-rambla"]},{"@type":"Person","@id":"https:\/\/www.revistarambla.com\/#\/schema\/person\/a146a5a2550b94981a75131180e1bd9c","name":"R@mbla","description":"Este art\u00edculo ha sido redactado y\/o validado por el equipo de redacci\u00f3n de Revista Rambla.","sameAs":["https:\/\/www.revistarambla.com\/","https:\/\/www.facebook.com\/revistarambla","https:\/\/x.com\/revistarambla"]}]}},"_links":{"self":[{"href":"https:\/\/www.revistarambla.com\/en\/wp-json\/wp\/v2\/posts\/63074","targetHints":{"allow":["GET"]}}],"collection":[{"href":"https:\/\/www.revistarambla.com\/en\/wp-json\/wp\/v2\/posts"}],"about":[{"href":"https:\/\/www.revistarambla.com\/en\/wp-json\/wp\/v2\/types\/post"}],"author":[{"embeddable":true,"href":"https:\/\/www.revistarambla.com\/en\/wp-json\/wp\/v2\/users\/3"}],"replies":[{"embeddable":true,"href":"https:\/\/www.revistarambla.com\/en\/wp-json\/wp\/v2\/comments?post=63074"}],"version-history":[{"count":4,"href":"https:\/\/www.revistarambla.com\/en\/wp-json\/wp\/v2\/posts\/63074\/revisions"}],"predecessor-version":[{"id":63079,"href":"https:\/\/www.revistarambla.com\/en\/wp-json\/wp\/v2\/posts\/63074\/revisions\/63079"}],"wp:featuredmedia":[{"embeddable":true,"href":"https:\/\/www.revistarambla.com\/en\/wp-json\/wp\/v2\/media\/63075"}],"wp:attachment":[{"href":"https:\/\/www.revistarambla.com\/en\/wp-json\/wp\/v2\/media?parent=63074"}],"wp:term":[{"taxonomy":"category","embeddable":true,"href":"https:\/\/www.revistarambla.com\/en\/wp-json\/wp\/v2\/categories?post=63074"},{"taxonomy":"post_tag","embeddable":true,"href":"https:\/\/www.revistarambla.com\/en\/wp-json\/wp\/v2\/tags?post=63074"}],"curies":[{"name":"wp","href":"https:\/\/api.w.org\/{rel}","templated":true}]}}