{"id":63065,"date":"2024-10-21T09:18:13","date_gmt":"2024-10-21T07:18:13","guid":{"rendered":"https:\/\/www.revistarambla.com\/?p=63065"},"modified":"2024-10-21T19:23:27","modified_gmt":"2024-10-21T17:23:27","slug":"el-pontifex-o-constructor-del-acueducto-de-segovia","status":"publish","type":"post","link":"https:\/\/www.revistarambla.com\/en\/el-pontifex-o-constructor-del-acueducto-de-segovia\/","title":{"rendered":"El \u201cPontifex\u201d o constructor del acueducto de Segovia"},"content":{"rendered":"<p>La impresionante obra del ACUEDUCTO DE SEGOVIA fue construida probablemente entre la segunda mitad del siglo I y comienzos del siglo II<!--more-->, siendo emperadores Vespasiano y Trajano llevando agua a la ciudad hasta el siglo XX.<\/p>\n<p>Tal construcci\u00f3n en la Roma corrupta de aquel entonces, me despert\u00f3 no hace mucho tiempo la idea de averiguar y comparar las formas de corrupci\u00f3n de la Hispania romana, con la del Siglo XX, la cual se ve\u00eda invadida por la corruptela en el negocio de la Construcci\u00f3n.<\/p>\n<p>Tras varios estudios, una de las conclusiones obtenidas era que de un coste inicial en sestercios estimado en 40 millones de euros se pas\u00f3 al final a unos 320 millones \u20ac. Es decir, aproximadamente con un incremento de un 800%.<\/p>\n<p>No se crean que, en el siglo XX, and\u00e1bamos muy descaminados de lo anterior en determinadas ocasiones.<\/p>\n<p>Si desean mayor amplitud sobre lo anterior, efectu\u00e9 estudios y publiqu\u00e9 el 13.12.2017, Texto titulado: El Acueducto de Segovia, ya en \u00e9poca romana, el primer Modificado de Obra de la Historia de Espa\u00f1a.<\/p>\n<p>Ah\u00ed naci\u00f3, la redacci\u00f3n durante cinco a\u00f1os de mi Tesis Doctoral, Titulada: EL MODIFICADO DE OBRAS EN LA CONTRATACI\u00d3N P\u00daBLICA.<\/p>\n<p>Pretend\u00eda la misma, destacar un tiempo en el cual primaban en los proyectos ejecutivos de obra, la figura de equ\u00edvocos y groseros errores que se comet\u00edan en la elaboraci\u00f3n de los mismos, y propiciaban una especial relaci\u00f3n causa\/efecto en las distintas AA. PP intervinientes, ante supuestos sobrecostes y, en definitiva, repercutir la Sociedad dando lugar a que tuvieran que afrontar derroches de miles de millones de euros, a trav\u00e9s de los correspondientes Modificados de Obra, consecuencia de la falta de atenci\u00f3n y control de muchas de nuestras Administraciones responsables de que ello no ocurriera.<\/p>\n<p>Pero vayamos a nuestra Historia de la construcci\u00f3n del Acueducto.<\/p>\n<p>Posiblemente, un buen d\u00eda, hace m\u00e1s de veinte siglos, un Pr\u00f3cer (Persona de alta calidad o dignidad), seg\u00fan la RAE, con poder o por mandato de alguien superior, pero indudablemente con valor y osad\u00eda, encarg\u00f3 a un Pontifex menor (constructor de puentes), que construyera una obra imposible. Ninguno de ellos hab\u00eda hecho antes algo semejante, pero ninguno de los dos pudo negarse.<\/p>\n<p>El primero dispon\u00eda de varias cosas: sestercios (moneda), esclavos, obreros libertos, y autoridad para usar los materiales que la Naturaleza brindaba alrededor: Piedra gran\u00edtica sin l\u00edmites y \u00e1rboles de los bosques que rodeaban el lugar.<\/p>\n<p>El segundo, recibi\u00f3 la orden de construir algo que nunca se hab\u00eda hecho, disponiendo s\u00f3lo de su limitada experiencia ingenieril y, sobre todo, de su imaginaci\u00f3n, concibiendo la obra en dos partes muy bien diferenciadas.<\/p>\n<p>Una parte inferior formada por pilares muy altos, cada uno de diferente altura sobre el suelo irregular, pero terminados todos en una misma plataforma horizontal que ataba todas las cabezas de los pilares y que iba de ladera a ladera impidiendo los movimientos horizontales. Y otra parte superior, formada por una arcada cl\u00e1sica romana con todos los arcos iguales y apoyados en la misma plataforma horizontal en la que terminaban los arcos inferiores.<\/p>\n<p>Los pilares de la parte inferior eran extremadamente delgados, con una esbeltez rayana en la inestabilidad. Muy probablemente tuvo que ayudarse para sostenerlos durante la construcci\u00f3n con una entibaci\u00f3n de madera que iba de una ladera a otra y que mantuvo en su lugar hasta el final. Este sost\u00e9n le permitir\u00eda corregir posiciones de los bloques de piedra para colocar a cada uno en su lugar y para garantizar la estabilidad y verticalidad de los pilares en su conjunto. Para ello le bastaba con unas sencillas cu\u00f1as de madera.<\/p>\n<p>Cuando todo estuvo ajustado y asegurado pudo dedicarse a construir la arcada superior, sencilla, mil veces repetidas en las obras romanas, pero que en este caso a\u00f1ad\u00eda el peso necesario a los pilares inferiores para asegurar su estabilidad. Sin ella y el peso que a\u00f1ad\u00edan, los pilares inferiores no hubieran podido ser tan esbeltos.<\/p>\n<p>Una vez todo ajustado a su gusto, pudo desprenderse el armaz\u00f3n de madera y apareci\u00f3 el Acueducto en todo su esplendor.<\/p>\n<p>Al final manifestaba el Pr\u00f3cer:<\/p>\n<p>\u2014 Esta obra ha costado mucho m\u00e1s de lo que me prometiste. Has tardado mucho m\u00e1s tiempo de lo calculado inicialmente, y he tenido que pagar a los obreros y mantener a los esclavos m\u00e1s all\u00e1 de lo previsto. Has extra\u00eddo de las canteras mucha m\u00e1s roca de la estimada, adem\u00e1s de talar muchos m\u00e1s \u00e1rboles, con independencia de las voluntades que he debido de convencer para que t\u00fa llevaras a cabo tu obra.<\/p>\n<p>Contest\u00f3 aseverando el Pontifex con la \u201csabidur\u00eda que otorgaba ser constructor.\u201d:<\/p>\n<p>\u2014 Ya conoces Pr\u00f3cer, que todos los productos de la cantera han sido \u201cya\u201d suficientemente amortizados. Con el material peque\u00f1o has podido ordenar que se construyan calzadas y con el resto de los materiales has construido murallas, cimientos y estructuras de casas. Hoy la cantera est\u00e1 limpia y vac\u00eda. La madera desechada de los \u00e1rboles se ha empleado para construir las viviendas temporales de los trabajadores y para proporcionarles le\u00f1a para preparar las comidas y hacer fuego para protegerse del fr\u00edo de estas tierras. Y hoy, la madera empleada en la entibaci\u00f3n se est\u00e1 utilizando en la construcci\u00f3n de casas. Y en los bosques talados est\u00e1n empezando a crecer los nuevos \u00e1rboles, \u00a1enfatizando, se ha aprovechado todo!<\/p>\n<p>Y, finalizaba aseverando a\u00fan m\u00e1s el Pontifex:<\/p>\n<p>\u2014 Conforme la obra avanzaba, crec\u00edan tambi\u00e9n los precios de los terrenos de tu propiedad, que hoy valen cien veces m\u00e1s que anta\u00f1o, y, adem\u00e1s, ahora llega el agua en cantidad suficiente para abastecer a miles de habitantes donde antes s\u00f3lo exist\u00edan cien. Vendr\u00e1n muchas familias, que formar\u00e1n una gran ciudad y pagar\u00e1n tus impuestos. No resulta dif\u00edcil presagiar que en esta ciudad residir\u00e1n reyes, se levantar\u00e1n alc\u00e1zares, se construir\u00e1n palacios y se erigir\u00e1 hasta una gran Catedral, y el agua seguir\u00e1 fluyendo durante siglos y el dinero que te has gastado se recuperar\u00e1 cientos y cientos de veces. Y, en el futuro, generaciones y generaciones se seguir\u00e1n asombrando con esta obra por su sencillez y por su belleza.<\/p>\n<p>Se hizo un silencio entre los dos que fue roto por el Pr\u00f3cer:<\/p>\n<p>\u2014 S\u00ed, le dijo mir\u00e1ndole a los ojos, pero ni t\u00fa ni yo lo veremos.<\/p>\n<p>Y no lo vieron. La Historia fue ingrata con ellos, pasaron por sus p\u00e1ginas sin salir del anonimato.<\/p>\n<p><em>A Juan A. Marviz\u00f3n, all\u00e1 donde te encuentres.<\/em><\/p>","protected":false},"excerpt":{"rendered":"<p>La impresionante obra del ACUEDUCTO DE SEGOVIA fue construida probablemente entre la segunda mitad del siglo I y comienzos del siglo II<\/p>","protected":false},"author":305,"featured_media":63066,"comment_status":"closed","ping_status":"closed","sticky":false,"template":"","format":"standard","meta":{"footnotes":""},"categories":[562],"tags":[],"class_list":["post-63065","post","type-post","status-publish","format-standard","has-post-thumbnail","hentry","category-historia"],"yoast_head":"<!-- This site is optimized with the Yoast SEO plugin v27.5 - https:\/\/yoast.com\/product\/yoast-seo-wordpress\/ -->\n<title>El \u201cPontifex\u201d o constructor del acueducto de Segovia - Revista Rambla<\/title>\n<meta name=\"robots\" content=\"index, follow, max-snippet:-1, max-image-preview:large, max-video-preview:-1\" \/>\n<link rel=\"canonical\" href=\"https:\/\/www.revistarambla.com\/en\/el-pontifex-o-constructor-del-acueducto-de-segovia\/\" \/>\n<meta property=\"og:locale\" content=\"en_GB\" \/>\n<meta property=\"og:type\" content=\"article\" \/>\n<meta property=\"og:title\" content=\"El \u201cPontifex\u201d o constructor del acueducto de Segovia - Revista Rambla\" \/>\n<meta property=\"og:description\" content=\"La impresionante obra del ACUEDUCTO DE SEGOVIA fue construida probablemente entre la segunda mitad del siglo I y comienzos del siglo II\" \/>\n<meta property=\"og:url\" content=\"https:\/\/www.revistarambla.com\/en\/el-pontifex-o-constructor-del-acueducto-de-segovia\/\" \/>\n<meta property=\"og:site_name\" content=\"Revista Rambla\" \/>\n<meta property=\"article:publisher\" content=\"https:\/\/www.facebook.com\/revistarambla\/\" \/>\n<meta property=\"article:published_time\" content=\"2024-10-21T07:18:13+00:00\" \/>\n<meta property=\"article:modified_time\" content=\"2024-10-21T17:23:27+00:00\" \/>\n<meta property=\"og:image\" content=\"https:\/\/www.revistarambla.com\/wp-content\/uploads\/2024\/10\/1029px-Aqueduct_of_Segovia_02.jpg\" \/>\n\t<meta property=\"og:image:width\" content=\"1029\" \/>\n\t<meta property=\"og:image:height\" content=\"720\" \/>\n\t<meta property=\"og:image:type\" content=\"image\/jpeg\" \/>\n<meta name=\"author\" content=\"Jes\u00fas Antonio Rodr\u00edguez Morilla\" \/>\n<meta name=\"twitter:card\" content=\"summary_large_image\" \/>\n<meta name=\"twitter:creator\" content=\"@revistarambla\" \/>\n<meta name=\"twitter:site\" content=\"@revistarambla\" \/>\n<meta name=\"twitter:label1\" content=\"Written by\" \/>\n\t<meta name=\"twitter:data1\" content=\"Jes\u00fas Antonio Rodr\u00edguez Morilla\" \/>\n\t<meta name=\"twitter:label2\" content=\"Estimated reading time\" \/>\n\t<meta name=\"twitter:data2\" content=\"6 minutes\" \/>\n<script type=\"application\/ld+json\" class=\"yoast-schema-graph\">{\"@context\":\"https:\\\/\\\/schema.org\",\"@graph\":[{\"@type\":\"Article\",\"@id\":\"https:\\\/\\\/www.revistarambla.com\\\/el-pontifex-o-constructor-del-acueducto-de-segovia\\\/#article\",\"isPartOf\":{\"@id\":\"https:\\\/\\\/www.revistarambla.com\\\/el-pontifex-o-constructor-del-acueducto-de-segovia\\\/\"},\"author\":{\"name\":\"Jes\u00fas Antonio Rodr\u00edguez Morilla\",\"@id\":\"https:\\\/\\\/www.revistarambla.com\\\/#\\\/schema\\\/person\\\/eace802346abd966cd3ecb763f255a0a\"},\"headline\":\"El \u201cPontifex\u201d o constructor del acueducto de Segovia\",\"datePublished\":\"2024-10-21T07:18:13+00:00\",\"dateModified\":\"2024-10-21T17:23:27+00:00\",\"mainEntityOfPage\":{\"@id\":\"https:\\\/\\\/www.revistarambla.com\\\/el-pontifex-o-constructor-del-acueducto-de-segovia\\\/\"},\"wordCount\":1134,\"publisher\":{\"@id\":\"https:\\\/\\\/www.revistarambla.com\\\/#organization\"},\"image\":{\"@id\":\"https:\\\/\\\/www.revistarambla.com\\\/el-pontifex-o-constructor-del-acueducto-de-segovia\\\/#primaryimage\"},\"thumbnailUrl\":\"https:\\\/\\\/www.revistarambla.com\\\/wp-content\\\/uploads\\\/2024\\\/10\\\/1029px-Aqueduct_of_Segovia_02.jpg\",\"articleSection\":[\"Historia\"],\"inLanguage\":\"en-GB\"},{\"@type\":\"WebPage\",\"@id\":\"https:\\\/\\\/www.revistarambla.com\\\/el-pontifex-o-constructor-del-acueducto-de-segovia\\\/\",\"url\":\"https:\\\/\\\/www.revistarambla.com\\\/el-pontifex-o-constructor-del-acueducto-de-segovia\\\/\",\"name\":\"El \u201cPontifex\u201d o constructor del acueducto de Segovia - Revista Rambla\",\"isPartOf\":{\"@id\":\"https:\\\/\\\/www.revistarambla.com\\\/#website\"},\"primaryImageOfPage\":{\"@id\":\"https:\\\/\\\/www.revistarambla.com\\\/el-pontifex-o-constructor-del-acueducto-de-segovia\\\/#primaryimage\"},\"image\":{\"@id\":\"https:\\\/\\\/www.revistarambla.com\\\/el-pontifex-o-constructor-del-acueducto-de-segovia\\\/#primaryimage\"},\"thumbnailUrl\":\"https:\\\/\\\/www.revistarambla.com\\\/wp-content\\\/uploads\\\/2024\\\/10\\\/1029px-Aqueduct_of_Segovia_02.jpg\",\"datePublished\":\"2024-10-21T07:18:13+00:00\",\"dateModified\":\"2024-10-21T17:23:27+00:00\",\"breadcrumb\":{\"@id\":\"https:\\\/\\\/www.revistarambla.com\\\/el-pontifex-o-constructor-del-acueducto-de-segovia\\\/#breadcrumb\"},\"inLanguage\":\"en-GB\",\"potentialAction\":[{\"@type\":\"ReadAction\",\"target\":[\"https:\\\/\\\/www.revistarambla.com\\\/el-pontifex-o-constructor-del-acueducto-de-segovia\\\/\"]}]},{\"@type\":\"ImageObject\",\"inLanguage\":\"en-GB\",\"@id\":\"https:\\\/\\\/www.revistarambla.com\\\/el-pontifex-o-constructor-del-acueducto-de-segovia\\\/#primaryimage\",\"url\":\"https:\\\/\\\/www.revistarambla.com\\\/wp-content\\\/uploads\\\/2024\\\/10\\\/1029px-Aqueduct_of_Segovia_02.jpg\",\"contentUrl\":\"https:\\\/\\\/www.revistarambla.com\\\/wp-content\\\/uploads\\\/2024\\\/10\\\/1029px-Aqueduct_of_Segovia_02.jpg\",\"width\":1029,\"height\":720,\"caption\":\"acueducto de Segovia\"},{\"@type\":\"BreadcrumbList\",\"@id\":\"https:\\\/\\\/www.revistarambla.com\\\/el-pontifex-o-constructor-del-acueducto-de-segovia\\\/#breadcrumb\",\"itemListElement\":[{\"@type\":\"ListItem\",\"position\":1,\"name\":\"Portada\",\"item\":\"https:\\\/\\\/www.revistarambla.com\\\/\"},{\"@type\":\"ListItem\",\"position\":2,\"name\":\"El \u201cPontifex\u201d o constructor del acueducto de Segovia\"}]},{\"@type\":\"WebSite\",\"@id\":\"https:\\\/\\\/www.revistarambla.com\\\/#website\",\"url\":\"https:\\\/\\\/www.revistarambla.com\\\/\",\"name\":\"Revista Rambla Barcelona\",\"description\":\"Periodismo independiente\",\"publisher\":{\"@id\":\"https:\\\/\\\/www.revistarambla.com\\\/#organization\"},\"potentialAction\":[{\"@type\":\"SearchAction\",\"target\":{\"@type\":\"EntryPoint\",\"urlTemplate\":\"https:\\\/\\\/www.revistarambla.com\\\/?s={search_term_string}\"},\"query-input\":{\"@type\":\"PropertyValueSpecification\",\"valueRequired\":true,\"valueName\":\"search_term_string\"}}],\"inLanguage\":\"en-GB\"},{\"@type\":\"Organization\",\"@id\":\"https:\\\/\\\/www.revistarambla.com\\\/#organization\",\"name\":\"Revista Rambla\",\"url\":\"https:\\\/\\\/www.revistarambla.com\\\/\",\"logo\":{\"@type\":\"ImageObject\",\"inLanguage\":\"en-GB\",\"@id\":\"https:\\\/\\\/www.revistarambla.com\\\/#\\\/schema\\\/logo\\\/image\\\/\",\"url\":\"https:\\\/\\\/www.revistarambla.com\\\/wp-content\\\/uploads\\\/2020\\\/09\\\/banner_rambla_1900x600_BB.png\",\"contentUrl\":\"https:\\\/\\\/www.revistarambla.com\\\/wp-content\\\/uploads\\\/2020\\\/09\\\/banner_rambla_1900x600_BB.png\",\"width\":1900,\"height\":600,\"caption\":\"Revista Rambla\"},\"image\":{\"@id\":\"https:\\\/\\\/www.revistarambla.com\\\/#\\\/schema\\\/logo\\\/image\\\/\"},\"sameAs\":[\"https:\\\/\\\/www.facebook.com\\\/revistarambla\\\/\",\"https:\\\/\\\/x.com\\\/revistarambla\",\"https:\\\/\\\/www.instagram.com\\\/revista_rambla\",\"https:\\\/\\\/es.linkedin.com\\\/company\\\/revista-rambla\"]},{\"@type\":\"Person\",\"@id\":\"https:\\\/\\\/www.revistarambla.com\\\/#\\\/schema\\\/person\\\/eace802346abd966cd3ecb763f255a0a\",\"name\":\"Jes\u00fas Antonio Rodr\u00edguez Morilla\",\"description\":\"Doctor en Derecho por la U.C.M. (Cum Laude). Licenciado en Derecho. Licenciado en Ciencias Pol\u00edticas. Caballero de M\u00e9rito de la Real Orden (Noruega).\",\"sameAs\":[\"https:\\\/\\\/www.modificadosobraspublicas.com\"]}]}<\/script>\n<!-- \/ Yoast SEO plugin. -->","yoast_head_json":{"title":"El \u201cPontifex\u201d o constructor del acueducto de Segovia - Revista Rambla","robots":{"index":"index","follow":"follow","max-snippet":"max-snippet:-1","max-image-preview":"max-image-preview:large","max-video-preview":"max-video-preview:-1"},"canonical":"https:\/\/www.revistarambla.com\/en\/el-pontifex-o-constructor-del-acueducto-de-segovia\/","og_locale":"en_GB","og_type":"article","og_title":"El \u201cPontifex\u201d o constructor del acueducto de Segovia - Revista Rambla","og_description":"La impresionante obra del ACUEDUCTO DE SEGOVIA fue construida probablemente entre la segunda mitad del siglo I y comienzos del siglo II","og_url":"https:\/\/www.revistarambla.com\/en\/el-pontifex-o-constructor-del-acueducto-de-segovia\/","og_site_name":"Revista Rambla","article_publisher":"https:\/\/www.facebook.com\/revistarambla\/","article_published_time":"2024-10-21T07:18:13+00:00","article_modified_time":"2024-10-21T17:23:27+00:00","og_image":[{"width":1029,"height":720,"url":"https:\/\/www.revistarambla.com\/wp-content\/uploads\/2024\/10\/1029px-Aqueduct_of_Segovia_02.jpg","type":"image\/jpeg"}],"author":"Jes\u00fas Antonio Rodr\u00edguez Morilla","twitter_card":"summary_large_image","twitter_creator":"@revistarambla","twitter_site":"@revistarambla","twitter_misc":{"Written by":"Jes\u00fas Antonio Rodr\u00edguez Morilla","Estimated reading time":"6 minutes"},"schema":{"@context":"https:\/\/schema.org","@graph":[{"@type":"Article","@id":"https:\/\/www.revistarambla.com\/el-pontifex-o-constructor-del-acueducto-de-segovia\/#article","isPartOf":{"@id":"https:\/\/www.revistarambla.com\/el-pontifex-o-constructor-del-acueducto-de-segovia\/"},"author":{"name":"Jes\u00fas Antonio Rodr\u00edguez Morilla","@id":"https:\/\/www.revistarambla.com\/#\/schema\/person\/eace802346abd966cd3ecb763f255a0a"},"headline":"El \u201cPontifex\u201d o constructor del acueducto de Segovia","datePublished":"2024-10-21T07:18:13+00:00","dateModified":"2024-10-21T17:23:27+00:00","mainEntityOfPage":{"@id":"https:\/\/www.revistarambla.com\/el-pontifex-o-constructor-del-acueducto-de-segovia\/"},"wordCount":1134,"publisher":{"@id":"https:\/\/www.revistarambla.com\/#organization"},"image":{"@id":"https:\/\/www.revistarambla.com\/el-pontifex-o-constructor-del-acueducto-de-segovia\/#primaryimage"},"thumbnailUrl":"https:\/\/www.revistarambla.com\/wp-content\/uploads\/2024\/10\/1029px-Aqueduct_of_Segovia_02.jpg","articleSection":["Historia"],"inLanguage":"en-GB"},{"@type":"WebPage","@id":"https:\/\/www.revistarambla.com\/el-pontifex-o-constructor-del-acueducto-de-segovia\/","url":"https:\/\/www.revistarambla.com\/el-pontifex-o-constructor-del-acueducto-de-segovia\/","name":"El \u201cPontifex\u201d o constructor del acueducto de Segovia - Revista Rambla","isPartOf":{"@id":"https:\/\/www.revistarambla.com\/#website"},"primaryImageOfPage":{"@id":"https:\/\/www.revistarambla.com\/el-pontifex-o-constructor-del-acueducto-de-segovia\/#primaryimage"},"image":{"@id":"https:\/\/www.revistarambla.com\/el-pontifex-o-constructor-del-acueducto-de-segovia\/#primaryimage"},"thumbnailUrl":"https:\/\/www.revistarambla.com\/wp-content\/uploads\/2024\/10\/1029px-Aqueduct_of_Segovia_02.jpg","datePublished":"2024-10-21T07:18:13+00:00","dateModified":"2024-10-21T17:23:27+00:00","breadcrumb":{"@id":"https:\/\/www.revistarambla.com\/el-pontifex-o-constructor-del-acueducto-de-segovia\/#breadcrumb"},"inLanguage":"en-GB","potentialAction":[{"@type":"ReadAction","target":["https:\/\/www.revistarambla.com\/el-pontifex-o-constructor-del-acueducto-de-segovia\/"]}]},{"@type":"ImageObject","inLanguage":"en-GB","@id":"https:\/\/www.revistarambla.com\/el-pontifex-o-constructor-del-acueducto-de-segovia\/#primaryimage","url":"https:\/\/www.revistarambla.com\/wp-content\/uploads\/2024\/10\/1029px-Aqueduct_of_Segovia_02.jpg","contentUrl":"https:\/\/www.revistarambla.com\/wp-content\/uploads\/2024\/10\/1029px-Aqueduct_of_Segovia_02.jpg","width":1029,"height":720,"caption":"acueducto de Segovia"},{"@type":"BreadcrumbList","@id":"https:\/\/www.revistarambla.com\/el-pontifex-o-constructor-del-acueducto-de-segovia\/#breadcrumb","itemListElement":[{"@type":"ListItem","position":1,"name":"Portada","item":"https:\/\/www.revistarambla.com\/"},{"@type":"ListItem","position":2,"name":"El \u201cPontifex\u201d o constructor del acueducto de Segovia"}]},{"@type":"WebSite","@id":"https:\/\/www.revistarambla.com\/#website","url":"https:\/\/www.revistarambla.com\/","name":"Revista Rambla Barcelona","description":"Periodismo independiente","publisher":{"@id":"https:\/\/www.revistarambla.com\/#organization"},"potentialAction":[{"@type":"SearchAction","target":{"@type":"EntryPoint","urlTemplate":"https:\/\/www.revistarambla.com\/?s={search_term_string}"},"query-input":{"@type":"PropertyValueSpecification","valueRequired":true,"valueName":"search_term_string"}}],"inLanguage":"en-GB"},{"@type":"Organization","@id":"https:\/\/www.revistarambla.com\/#organization","name":"Revista Rambla","url":"https:\/\/www.revistarambla.com\/","logo":{"@type":"ImageObject","inLanguage":"en-GB","@id":"https:\/\/www.revistarambla.com\/#\/schema\/logo\/image\/","url":"https:\/\/www.revistarambla.com\/wp-content\/uploads\/2020\/09\/banner_rambla_1900x600_BB.png","contentUrl":"https:\/\/www.revistarambla.com\/wp-content\/uploads\/2020\/09\/banner_rambla_1900x600_BB.png","width":1900,"height":600,"caption":"Revista Rambla"},"image":{"@id":"https:\/\/www.revistarambla.com\/#\/schema\/logo\/image\/"},"sameAs":["https:\/\/www.facebook.com\/revistarambla\/","https:\/\/x.com\/revistarambla","https:\/\/www.instagram.com\/revista_rambla","https:\/\/es.linkedin.com\/company\/revista-rambla"]},{"@type":"Person","@id":"https:\/\/www.revistarambla.com\/#\/schema\/person\/eace802346abd966cd3ecb763f255a0a","name":"Jes\u00fas Antonio Rodr\u00edguez Morilla","description":"Doctor en Derecho por la U.C.M. (Cum Laude). Licenciado en Derecho. Licenciado en Ciencias Pol\u00edticas. Caballero de M\u00e9rito de la Real Orden (Noruega).","sameAs":["https:\/\/www.modificadosobraspublicas.com"]}]}},"_links":{"self":[{"href":"https:\/\/www.revistarambla.com\/en\/wp-json\/wp\/v2\/posts\/63065","targetHints":{"allow":["GET"]}}],"collection":[{"href":"https:\/\/www.revistarambla.com\/en\/wp-json\/wp\/v2\/posts"}],"about":[{"href":"https:\/\/www.revistarambla.com\/en\/wp-json\/wp\/v2\/types\/post"}],"author":[{"embeddable":true,"href":"https:\/\/www.revistarambla.com\/en\/wp-json\/wp\/v2\/users\/305"}],"replies":[{"embeddable":true,"href":"https:\/\/www.revistarambla.com\/en\/wp-json\/wp\/v2\/comments?post=63065"}],"version-history":[{"count":1,"href":"https:\/\/www.revistarambla.com\/en\/wp-json\/wp\/v2\/posts\/63065\/revisions"}],"predecessor-version":[{"id":63067,"href":"https:\/\/www.revistarambla.com\/en\/wp-json\/wp\/v2\/posts\/63065\/revisions\/63067"}],"wp:featuredmedia":[{"embeddable":true,"href":"https:\/\/www.revistarambla.com\/en\/wp-json\/wp\/v2\/media\/63066"}],"wp:attachment":[{"href":"https:\/\/www.revistarambla.com\/en\/wp-json\/wp\/v2\/media?parent=63065"}],"wp:term":[{"taxonomy":"category","embeddable":true,"href":"https:\/\/www.revistarambla.com\/en\/wp-json\/wp\/v2\/categories?post=63065"},{"taxonomy":"post_tag","embeddable":true,"href":"https:\/\/www.revistarambla.com\/en\/wp-json\/wp\/v2\/tags?post=63065"}],"curies":[{"name":"wp","href":"https:\/\/api.w.org\/{rel}","templated":true}]}}