{"id":62769,"date":"2024-09-25T11:11:42","date_gmt":"2024-09-25T09:11:42","guid":{"rendered":"https:\/\/www.revistarambla.com\/?p=62769"},"modified":"2024-09-25T11:11:42","modified_gmt":"2024-09-25T09:11:42","slug":"nace-el-tabaca-film-fest-cine-y-mitologia-en-un-entorno-unico","status":"publish","type":"post","link":"https:\/\/www.revistarambla.com\/en\/nace-el-tabaca-film-fest-cine-y-mitologia-en-un-entorno-unico\/","title":{"rendered":"Nace el Tabaca Film Fest: cine y mitolog\u00eda en un entorno \u00fanico"},"content":{"rendered":"<p>Este pr\u00f3ximo viernes 27 de septiembre, y durante todo el fin de semana, el festival ofrecer\u00e1 una experiencia cinematogr\u00e1fica \u00fanica en un entorno natural excepcional en Ribera de Card\u00f3s. <!--more-->El Tabaca Film Fest se inspira en la rica mitolog\u00eda del Pallars Sobir\u00e0 para preservarla a trav\u00e9s del <a href=\"https:\/\/www.revistarambla.com\/en\/cultura\/cine\/\">cine<\/a> y la programaci\u00f3n incluye cortometrajes internacionales centrados en la mitolog\u00eda y otras actividades como visitas, charlas o conciertos. El Tabaca Film Fest est\u00e1 organizado por la Asociaci\u00f3n Gat Negre con el apoyo del Ayuntamiento de la Vall de Card\u00f3s, adem\u00e1s de la colaboraci\u00f3n de diversas empresas y entidades del territorio.<\/p>\n<p>La actriz Ivana Mi\u00f1o, directora del festival, nos avanza que \u201cla experiencia del Tabaca Film Fest est\u00e1 \u00edntimamente ligada a la experiencia del lugar en el que se ubica el festival. Para nosotros es b\u00e1sico este majestuoso paisaje de alta monta\u00f1a para que el p\u00fablico asistente no s\u00f3lo viva una experiencia cinematogr\u00e1fica \u00fanica, sino tambi\u00e9n una emoci\u00f3n profunda por el contacto con la naturaleza una vez se vuelvan a abrir las puertas del cine despu\u00e9s de las proyecciones\u201d.<\/p>\n<p>Uno de los objetivos del Tabaca Film Fest es recuperar y difundir los mitos locales, como las encantadas, los minairons y las mujeres de agua, mediante el cine, en un marco natural incomparable.<\/p>\n<p>Esta primera edici\u00f3n del festival estar\u00e1 estructurada en torno a la proyecci\u00f3n de los cortometrajes finalistas, con un acto inaugural y una ceremonia de clausura donde se entregar\u00e1n los premios. Durante estos tres d\u00edas contaremos con la presencia de directores finalistas y un jurado formado por destacados profesionales del sector cinematogr\u00e1fico. Adem\u00e1s, se proyectar\u00e1n cortos internacionales que aborden temas mitol\u00f3gicos y legendarios.<\/p>\n<p>Aparte de las proyecciones, el festival ofrecer\u00e1 actividades paralelas como una charla sobre mitolog\u00eda, cine y literatura, una visita guiada por lugares misteriosos del Vall de Card\u00f3s, talleres para ni\u00f1os, un concierto en directo y comidas en el aire libre con productos locales. Esta variada programaci\u00f3n permitir\u00e1 a los asistentes vivir una experiencia completa que combina a la perfecci\u00f3n cultura, naturaleza y cine.<\/p>\n<p>Seg\u00fan Cristina Vidal, codirectora del festival, la mitolog\u00eda juega un papel central en la programaci\u00f3n, puesto que es uno de los pocos festivales en el mundo dedicados exclusivamente a esta tem\u00e1tica, y se celebra en un territorio muy adecuado en este sentido. \u201cEn el cine actual podemos observar muchos mitos, referencias y simbolog\u00edas mitol\u00f3gicas cl\u00e1sicas. El cine tiene la capacidad de transportarnos a lugares lejanos, y no s\u00f3lo como forma de entretenimiento, sino como herramienta de conocimiento y transmisi\u00f3n de historias de una forma muy potente que provoca un impacto en nosotros\u201d.<\/p>\n<p>El Tabaca Film Fest cuenta en su programaci\u00f3n con una selecci\u00f3n de cortometrajes que compiten por los tres premios del festival: el primer y segundo Premio Tabaca, al que optan todos los cortometrajes finalistas, y el Premio Biterna, exclusivo por filmes que exploran la mitolog\u00eda de los Pirineos. Los cortometrajes participantes, provenientes de distintos lugares del mundo, exploran tem\u00e1ticas mitol\u00f3gicas y legendarias con una gran variedad de enfoques y estilos.<\/p>\n<p>En esta primera edici\u00f3n, podremos ver diferentes cortos que nos har\u00e1n viajar por el mundo entero, como El espejo del valle de Alejandra G\u00f3mez, una reflexi\u00f3n sobre leyendas peruanas y pol\u00edtica; \u201cEl para\u00edso\u201d de Andr\u00e9s Orozco, una ficci\u00f3n sobre el para\u00edso perdido en la alta monta\u00f1a colombiana; y \u201cVao das almas\u201d de Edileuza Penha de Souza y Santiago Dellap\u00e9, que explora los mitos populares cl\u00e1sicos de Brasil.<\/p>\n<p>Tambi\u00e9n nos adentraremos en fascinantes propuestas nacionales, como \u201cAunque es de noche\u201d de Guillermo Garc\u00eda, una ficci\u00f3n nocturna ubicada en la Ca\u00f1ada Real que no se dejar\u00e1 indiferentes. Otras obras son: \u201cCat boy \u201cde Cristian Sitjas, que explora el mundo on\u00edrico del ballroom; \u201cEuropa\u201d de Ekain Irigoien, una pieza de animaci\u00f3n sobre inmigraci\u00f3n; \u201cLa enana de la bruja\u201d de \u00d3scar Villarroya, que explora la figura de la bruja.<\/p>\n<p>Tambi\u00e9n se podr\u00e1 ver \u201cO nino sardi\u00f1a\u201d de Luc\u00eda Est\u00e9vez, un documental sobre costumbres gallegas; \u201cThe six relics of Helena Mason\u201d de Joseph D\u00edaz, un thriller de misterio en ingl\u00e9s y castellano; y \u201cPesudo\u201d de Miquel D\u00edaz, una inquietante ficci\u00f3n sobre la soledad.<\/p>\n<p>Tambi\u00e9n forman parte de la programaci\u00f3n propuestas que nos har\u00e1n descubrir mitos y tradiciones m\u00e1s cerca de nosotros, como \u201cLos amantes\u201d de Joan Vives, una historia de amor a orillas del mar de la Comunidad Valenciana y \u201cLos Mal\u201d de David Matar\u00f3 , un mockumentary mallorqu\u00edn. Descubriremos adem\u00e1s cortometrajes rodados en Catalu\u00f1a, como \u201cLuna\u201d de Pol Mansachs, un relato sobre dos j\u00f3venes hermanos; \u201cSon pardos\u201d de Carlos Lla\u00f3, que aborda lo sobrenatural; \u201cVengan las fieras\u201d de Manuela Matassini, con una trama sobre las fuerzas de la naturaleza; y \u201cEl buen augurio\u201d de Alba Bresol\u00ed, un documental sobre una antiqu\u00edsima tradici\u00f3n de tierras catalanas.<\/p>\n<p>Para el Premio Biterna, que reconoce la mejor obra con tem\u00e1tica mitol\u00f3gica en pirenaica, podremos disfrutar de \u00abGregorio y Catalina\u00bb de Laura Piqu\u00e9, una propuesta sobre una leyenda situada en el Vall de Card\u00f3s; \u201cBatimento\u201d de Silvia Or\u00f3s, un documental sobre el Pirineo aragon\u00e9s; \u201cItsasoan lamiak\u201d de Irati Santiago, un relato sobre seres marinos del Pa\u00eds Vasco; \u201cMerkurio\u201d de S\u00e9bastien Pesle, que aborda elementos fant\u00e1sticos del Pa\u00eds Vasco y Francia; y \u201cCazadores de brujas\u201d de Ignacio Acconcia, que explora la caza de brujas en Valls d&#8217;\u00c0neu.<\/p>\n<p>La ceremonia de clausura, que tendr\u00e1 lugar este domingo a mediod\u00eda, ser\u00e1 la oportunidad para descubrir a los ganadores de los Premios Tabaca y Biterna. Los miembros del jurado, S\u00edlvia Quer, Jordi Forcada y Laia Manzanares, revelar\u00e1n a los autores de los trabajos premiados, que recibir\u00e1n los trofeos exclusivos dise\u00f1ados por el artista Aaron P\u00e9rez Silva. Adem\u00e1s, se dar\u00e1 a conocer la pieza ganadora del Premio del P\u00fablico y se sortear\u00e1n varios obsequios sorpresa entre los asistentes.<\/p>\n<p>La codirectora del festival, Gisela Arnao, expresa el entusiasmo por la programaci\u00f3n de este a\u00f1o: \u201cel Tabaca Film Fest es un encuentro cultural que engloba diferentes disciplinas, no s\u00f3lo cine; habr\u00e1 m\u00fasica, arte y conocimiento, siempre con una tem\u00e1tica en com\u00fan: la mitolog\u00eda\u201d.<\/p>\n<p>El festival empezar\u00e1 el viernes 27 de septiembre con la sesi\u00f3n inaugural Gea, que combinar\u00e1 una presentaci\u00f3n sobre mitolog\u00eda, a cargo de la narradora In\u00e9s Macpherson, con una introducci\u00f3n a la primera edici\u00f3n del festival. La tarde continuar\u00e1 con Nahual, una sesi\u00f3n dedicada a cortometrajes mitol\u00f3gicos como \u201cEl buen augurio\u201d y \u201cSon pardos\u201d.<\/p>\n<p>El s\u00e1bado 28 ofrecer\u00e1 actividades como Encantades, una ruta guiada por lugares m\u00e1gicos del valle, y el taller Tamarro para peque\u00f1os artistas. Las sesiones Urtzi y N\u00f3tt presentar\u00e1n m\u00e1s cortometrajes que exploran el mundo de la mitolog\u00eda, mientras que, por la noche, el concierto de Xarim Arest\u00e9 a\u00f1adir\u00e1 un toque musical especial a la jornada. Finalmente, el domingo 29 se cerrar\u00e1 con \u201cPirene\u201d, dedicado a los cortometrajes aspirantes al Premio Biterna, y Olimp, el acto de clausura con la presentaci\u00f3n de los ganadores del festival.<\/p>\n<p>Las entradas ya est\u00e1n disponibles y la programaci\u00f3n completa del festival se puede consultar en la web <a href=\"https:\/\/tabacafilmfest.com\/\">https:\/\/tabacafilmfest.com\/<\/a>.<\/p>\n<p><img decoding=\"async\" class=\"aligncenter wp-image-62771 size-full\" src=\"https:\/\/www.revistarambla.com\/wp-content\/uploads\/2024\/09\/CARTELL-PROGRAMA-TFF24.jpg\" alt=\"Tabaca Film Fest\" width=\"1127\" height=\"1600\" srcset=\"https:\/\/www.revistarambla.com\/wp-content\/uploads\/2024\/09\/CARTELL-PROGRAMA-TFF24.jpg 1127w, https:\/\/www.revistarambla.com\/wp-content\/uploads\/2024\/09\/CARTELL-PROGRAMA-TFF24-257x365.jpg 257w, https:\/\/www.revistarambla.com\/wp-content\/uploads\/2024\/09\/CARTELL-PROGRAMA-TFF24-592x840.jpg 592w, https:\/\/www.revistarambla.com\/wp-content\/uploads\/2024\/09\/CARTELL-PROGRAMA-TFF24-768x1090.jpg 768w, https:\/\/www.revistarambla.com\/wp-content\/uploads\/2024\/09\/CARTELL-PROGRAMA-TFF24-1082x1536.jpg 1082w, https:\/\/www.revistarambla.com\/wp-content\/uploads\/2024\/09\/CARTELL-PROGRAMA-TFF24-8x12.jpg 8w\" sizes=\"(max-width: 1127px) 100vw, 1127px\" \/><\/p>","protected":false},"excerpt":{"rendered":"<p>Este pr\u00f3ximo viernes 27 de septiembre, y durante todo el fin de semana, el festival ofrecer\u00e1 una experiencia cinematogr\u00e1fica \u00fanica en un entorno natural excepcional en Ribera de Card\u00f3s.<\/p>","protected":false},"author":33,"featured_media":62770,"comment_status":"closed","ping_status":"closed","sticky":false,"template":"","format":"standard","meta":{"footnotes":""},"categories":[61],"tags":[],"class_list":["post-62769","post","type-post","status-publish","format-standard","has-post-thumbnail","hentry","category-cine"],"yoast_head":"<!-- This site is optimized with the Yoast SEO plugin v27.5 - https:\/\/yoast.com\/product\/yoast-seo-wordpress\/ -->\n<title>Nace el Tabaca Film Fest: cine y mitolog\u00eda en un entorno \u00fanico - Revista Rambla<\/title>\n<meta name=\"description\" content=\"El Tabaca Film Fest se inspira en la mitolog\u00eda del Pallars Sobir\u00e0 a trav\u00e9s del cine. La programaci\u00f3n incluye cortometrajes internacionales\" \/>\n<meta name=\"robots\" content=\"index, follow, max-snippet:-1, max-image-preview:large, max-video-preview:-1\" \/>\n<link rel=\"canonical\" href=\"https:\/\/www.revistarambla.com\/en\/nace-el-tabaca-film-fest-cine-y-mitologia-en-un-entorno-unico\/\" \/>\n<meta property=\"og:locale\" content=\"en_GB\" \/>\n<meta property=\"og:type\" content=\"article\" \/>\n<meta property=\"og:title\" content=\"Nace el Tabaca Film Fest: cine y mitolog\u00eda en un entorno \u00fanico - Revista Rambla\" \/>\n<meta property=\"og:description\" content=\"El Tabaca Film Fest se inspira en la mitolog\u00eda del Pallars Sobir\u00e0 a trav\u00e9s del cine. La programaci\u00f3n incluye cortometrajes internacionales\" \/>\n<meta property=\"og:url\" content=\"https:\/\/www.revistarambla.com\/en\/nace-el-tabaca-film-fest-cine-y-mitologia-en-un-entorno-unico\/\" \/>\n<meta property=\"og:site_name\" content=\"Revista Rambla\" \/>\n<meta property=\"article:publisher\" content=\"https:\/\/www.facebook.com\/revistarambla\/\" \/>\n<meta property=\"article:published_time\" content=\"2024-09-25T09:11:42+00:00\" \/>\n<meta property=\"og:image\" content=\"https:\/\/www.revistarambla.com\/wp-content\/uploads\/2024\/09\/Tabaca-acoge-un-nuevo-festival-de-cine.jpg\" \/>\n\t<meta property=\"og:image:width\" content=\"830\" \/>\n\t<meta property=\"og:image:height\" content=\"474\" \/>\n\t<meta property=\"og:image:type\" content=\"image\/jpeg\" \/>\n<meta name=\"author\" content=\"\u00c0lex M. Franquet\" \/>\n<meta name=\"twitter:card\" content=\"summary_large_image\" \/>\n<meta name=\"twitter:creator\" content=\"@revistarambla\" \/>\n<meta name=\"twitter:site\" content=\"@revistarambla\" \/>\n<meta name=\"twitter:label1\" content=\"Written by\" \/>\n\t<meta name=\"twitter:data1\" content=\"\u00c0lex M. Franquet\" \/>\n\t<meta name=\"twitter:label2\" content=\"Estimated reading time\" \/>\n\t<meta name=\"twitter:data2\" content=\"6 minutes\" \/>\n<script type=\"application\/ld+json\" class=\"yoast-schema-graph\">{\"@context\":\"https:\\\/\\\/schema.org\",\"@graph\":[{\"@type\":\"Article\",\"@id\":\"https:\\\/\\\/www.revistarambla.com\\\/nace-el-tabaca-film-fest-cine-y-mitologia-en-un-entorno-unico\\\/#article\",\"isPartOf\":{\"@id\":\"https:\\\/\\\/www.revistarambla.com\\\/nace-el-tabaca-film-fest-cine-y-mitologia-en-un-entorno-unico\\\/\"},\"author\":{\"name\":\"\u00c0lex M. Franquet\",\"@id\":\"https:\\\/\\\/www.revistarambla.com\\\/#\\\/schema\\\/person\\\/f970e20c8f452a7910eb4defa5fe7d7d\"},\"headline\":\"Nace el Tabaca Film Fest: cine y mitolog\u00eda en un entorno \u00fanico\",\"datePublished\":\"2024-09-25T09:11:42+00:00\",\"mainEntityOfPage\":{\"@id\":\"https:\\\/\\\/www.revistarambla.com\\\/nace-el-tabaca-film-fest-cine-y-mitologia-en-un-entorno-unico\\\/\"},\"wordCount\":1277,\"publisher\":{\"@id\":\"https:\\\/\\\/www.revistarambla.com\\\/#organization\"},\"image\":{\"@id\":\"https:\\\/\\\/www.revistarambla.com\\\/nace-el-tabaca-film-fest-cine-y-mitologia-en-un-entorno-unico\\\/#primaryimage\"},\"thumbnailUrl\":\"https:\\\/\\\/www.revistarambla.com\\\/wp-content\\\/uploads\\\/2024\\\/09\\\/Tabaca-acoge-un-nuevo-festival-de-cine.jpg\",\"articleSection\":[\"Cine &amp; Series\"],\"inLanguage\":\"en-GB\"},{\"@type\":\"WebPage\",\"@id\":\"https:\\\/\\\/www.revistarambla.com\\\/nace-el-tabaca-film-fest-cine-y-mitologia-en-un-entorno-unico\\\/\",\"url\":\"https:\\\/\\\/www.revistarambla.com\\\/nace-el-tabaca-film-fest-cine-y-mitologia-en-un-entorno-unico\\\/\",\"name\":\"Nace el Tabaca Film Fest: cine y mitolog\u00eda en un entorno \u00fanico - Revista Rambla\",\"isPartOf\":{\"@id\":\"https:\\\/\\\/www.revistarambla.com\\\/#website\"},\"primaryImageOfPage\":{\"@id\":\"https:\\\/\\\/www.revistarambla.com\\\/nace-el-tabaca-film-fest-cine-y-mitologia-en-un-entorno-unico\\\/#primaryimage\"},\"image\":{\"@id\":\"https:\\\/\\\/www.revistarambla.com\\\/nace-el-tabaca-film-fest-cine-y-mitologia-en-un-entorno-unico\\\/#primaryimage\"},\"thumbnailUrl\":\"https:\\\/\\\/www.revistarambla.com\\\/wp-content\\\/uploads\\\/2024\\\/09\\\/Tabaca-acoge-un-nuevo-festival-de-cine.jpg\",\"datePublished\":\"2024-09-25T09:11:42+00:00\",\"description\":\"El Tabaca Film Fest se inspira en la mitolog\u00eda del Pallars Sobir\u00e0 a trav\u00e9s del cine. La programaci\u00f3n incluye cortometrajes internacionales\",\"breadcrumb\":{\"@id\":\"https:\\\/\\\/www.revistarambla.com\\\/nace-el-tabaca-film-fest-cine-y-mitologia-en-un-entorno-unico\\\/#breadcrumb\"},\"inLanguage\":\"en-GB\",\"potentialAction\":[{\"@type\":\"ReadAction\",\"target\":[\"https:\\\/\\\/www.revistarambla.com\\\/nace-el-tabaca-film-fest-cine-y-mitologia-en-un-entorno-unico\\\/\"]}]},{\"@type\":\"ImageObject\",\"inLanguage\":\"en-GB\",\"@id\":\"https:\\\/\\\/www.revistarambla.com\\\/nace-el-tabaca-film-fest-cine-y-mitologia-en-un-entorno-unico\\\/#primaryimage\",\"url\":\"https:\\\/\\\/www.revistarambla.com\\\/wp-content\\\/uploads\\\/2024\\\/09\\\/Tabaca-acoge-un-nuevo-festival-de-cine.jpg\",\"contentUrl\":\"https:\\\/\\\/www.revistarambla.com\\\/wp-content\\\/uploads\\\/2024\\\/09\\\/Tabaca-acoge-un-nuevo-festival-de-cine.jpg\",\"width\":830,\"height\":474,\"caption\":\"Tabaca Film Fest\"},{\"@type\":\"BreadcrumbList\",\"@id\":\"https:\\\/\\\/www.revistarambla.com\\\/nace-el-tabaca-film-fest-cine-y-mitologia-en-un-entorno-unico\\\/#breadcrumb\",\"itemListElement\":[{\"@type\":\"ListItem\",\"position\":1,\"name\":\"Portada\",\"item\":\"https:\\\/\\\/www.revistarambla.com\\\/\"},{\"@type\":\"ListItem\",\"position\":2,\"name\":\"Nace el Tabaca Film Fest: cine y mitolog\u00eda en un entorno \u00fanico\"}]},{\"@type\":\"WebSite\",\"@id\":\"https:\\\/\\\/www.revistarambla.com\\\/#website\",\"url\":\"https:\\\/\\\/www.revistarambla.com\\\/\",\"name\":\"Revista Rambla Barcelona\",\"description\":\"Periodismo independiente\",\"publisher\":{\"@id\":\"https:\\\/\\\/www.revistarambla.com\\\/#organization\"},\"potentialAction\":[{\"@type\":\"SearchAction\",\"target\":{\"@type\":\"EntryPoint\",\"urlTemplate\":\"https:\\\/\\\/www.revistarambla.com\\\/?s={search_term_string}\"},\"query-input\":{\"@type\":\"PropertyValueSpecification\",\"valueRequired\":true,\"valueName\":\"search_term_string\"}}],\"inLanguage\":\"en-GB\"},{\"@type\":\"Organization\",\"@id\":\"https:\\\/\\\/www.revistarambla.com\\\/#organization\",\"name\":\"Revista Rambla\",\"url\":\"https:\\\/\\\/www.revistarambla.com\\\/\",\"logo\":{\"@type\":\"ImageObject\",\"inLanguage\":\"en-GB\",\"@id\":\"https:\\\/\\\/www.revistarambla.com\\\/#\\\/schema\\\/logo\\\/image\\\/\",\"url\":\"https:\\\/\\\/www.revistarambla.com\\\/wp-content\\\/uploads\\\/2020\\\/09\\\/banner_rambla_1900x600_BB.png\",\"contentUrl\":\"https:\\\/\\\/www.revistarambla.com\\\/wp-content\\\/uploads\\\/2020\\\/09\\\/banner_rambla_1900x600_BB.png\",\"width\":1900,\"height\":600,\"caption\":\"Revista Rambla\"},\"image\":{\"@id\":\"https:\\\/\\\/www.revistarambla.com\\\/#\\\/schema\\\/logo\\\/image\\\/\"},\"sameAs\":[\"https:\\\/\\\/www.facebook.com\\\/revistarambla\\\/\",\"https:\\\/\\\/x.com\\\/revistarambla\",\"https:\\\/\\\/www.instagram.com\\\/revista_rambla\",\"https:\\\/\\\/es.linkedin.com\\\/company\\\/revista-rambla\"]},{\"@type\":\"Person\",\"@id\":\"https:\\\/\\\/www.revistarambla.com\\\/#\\\/schema\\\/person\\\/f970e20c8f452a7910eb4defa5fe7d7d\",\"name\":\"\u00c0lex M. Franquet\",\"description\":\"-\",\"sameAs\":[\"https:\\\/\\\/www.revistarambla.com\\\/\"]}]}<\/script>\n<!-- \/ Yoast SEO plugin. -->","yoast_head_json":{"title":"Nace el Tabaca Film Fest: cine y mitolog\u00eda en un entorno \u00fanico - Revista Rambla","description":"El Tabaca Film Fest se inspira en la mitolog\u00eda del Pallars Sobir\u00e0 a trav\u00e9s del cine. La programaci\u00f3n incluye cortometrajes internacionales","robots":{"index":"index","follow":"follow","max-snippet":"max-snippet:-1","max-image-preview":"max-image-preview:large","max-video-preview":"max-video-preview:-1"},"canonical":"https:\/\/www.revistarambla.com\/en\/nace-el-tabaca-film-fest-cine-y-mitologia-en-un-entorno-unico\/","og_locale":"en_GB","og_type":"article","og_title":"Nace el Tabaca Film Fest: cine y mitolog\u00eda en un entorno \u00fanico - Revista Rambla","og_description":"El Tabaca Film Fest se inspira en la mitolog\u00eda del Pallars Sobir\u00e0 a trav\u00e9s del cine. La programaci\u00f3n incluye cortometrajes internacionales","og_url":"https:\/\/www.revistarambla.com\/en\/nace-el-tabaca-film-fest-cine-y-mitologia-en-un-entorno-unico\/","og_site_name":"Revista Rambla","article_publisher":"https:\/\/www.facebook.com\/revistarambla\/","article_published_time":"2024-09-25T09:11:42+00:00","og_image":[{"width":830,"height":474,"url":"https:\/\/www.revistarambla.com\/wp-content\/uploads\/2024\/09\/Tabaca-acoge-un-nuevo-festival-de-cine.jpg","type":"image\/jpeg"}],"author":"\u00c0lex M. Franquet","twitter_card":"summary_large_image","twitter_creator":"@revistarambla","twitter_site":"@revistarambla","twitter_misc":{"Written by":"\u00c0lex M. Franquet","Estimated reading time":"6 minutes"},"schema":{"@context":"https:\/\/schema.org","@graph":[{"@type":"Article","@id":"https:\/\/www.revistarambla.com\/nace-el-tabaca-film-fest-cine-y-mitologia-en-un-entorno-unico\/#article","isPartOf":{"@id":"https:\/\/www.revistarambla.com\/nace-el-tabaca-film-fest-cine-y-mitologia-en-un-entorno-unico\/"},"author":{"name":"\u00c0lex M. Franquet","@id":"https:\/\/www.revistarambla.com\/#\/schema\/person\/f970e20c8f452a7910eb4defa5fe7d7d"},"headline":"Nace el Tabaca Film Fest: cine y mitolog\u00eda en un entorno \u00fanico","datePublished":"2024-09-25T09:11:42+00:00","mainEntityOfPage":{"@id":"https:\/\/www.revistarambla.com\/nace-el-tabaca-film-fest-cine-y-mitologia-en-un-entorno-unico\/"},"wordCount":1277,"publisher":{"@id":"https:\/\/www.revistarambla.com\/#organization"},"image":{"@id":"https:\/\/www.revistarambla.com\/nace-el-tabaca-film-fest-cine-y-mitologia-en-un-entorno-unico\/#primaryimage"},"thumbnailUrl":"https:\/\/www.revistarambla.com\/wp-content\/uploads\/2024\/09\/Tabaca-acoge-un-nuevo-festival-de-cine.jpg","articleSection":["Cine &amp; Series"],"inLanguage":"en-GB"},{"@type":"WebPage","@id":"https:\/\/www.revistarambla.com\/nace-el-tabaca-film-fest-cine-y-mitologia-en-un-entorno-unico\/","url":"https:\/\/www.revistarambla.com\/nace-el-tabaca-film-fest-cine-y-mitologia-en-un-entorno-unico\/","name":"Nace el Tabaca Film Fest: cine y mitolog\u00eda en un entorno \u00fanico - Revista Rambla","isPartOf":{"@id":"https:\/\/www.revistarambla.com\/#website"},"primaryImageOfPage":{"@id":"https:\/\/www.revistarambla.com\/nace-el-tabaca-film-fest-cine-y-mitologia-en-un-entorno-unico\/#primaryimage"},"image":{"@id":"https:\/\/www.revistarambla.com\/nace-el-tabaca-film-fest-cine-y-mitologia-en-un-entorno-unico\/#primaryimage"},"thumbnailUrl":"https:\/\/www.revistarambla.com\/wp-content\/uploads\/2024\/09\/Tabaca-acoge-un-nuevo-festival-de-cine.jpg","datePublished":"2024-09-25T09:11:42+00:00","description":"El Tabaca Film Fest se inspira en la mitolog\u00eda del Pallars Sobir\u00e0 a trav\u00e9s del cine. La programaci\u00f3n incluye cortometrajes internacionales","breadcrumb":{"@id":"https:\/\/www.revistarambla.com\/nace-el-tabaca-film-fest-cine-y-mitologia-en-un-entorno-unico\/#breadcrumb"},"inLanguage":"en-GB","potentialAction":[{"@type":"ReadAction","target":["https:\/\/www.revistarambla.com\/nace-el-tabaca-film-fest-cine-y-mitologia-en-un-entorno-unico\/"]}]},{"@type":"ImageObject","inLanguage":"en-GB","@id":"https:\/\/www.revistarambla.com\/nace-el-tabaca-film-fest-cine-y-mitologia-en-un-entorno-unico\/#primaryimage","url":"https:\/\/www.revistarambla.com\/wp-content\/uploads\/2024\/09\/Tabaca-acoge-un-nuevo-festival-de-cine.jpg","contentUrl":"https:\/\/www.revistarambla.com\/wp-content\/uploads\/2024\/09\/Tabaca-acoge-un-nuevo-festival-de-cine.jpg","width":830,"height":474,"caption":"Tabaca Film Fest"},{"@type":"BreadcrumbList","@id":"https:\/\/www.revistarambla.com\/nace-el-tabaca-film-fest-cine-y-mitologia-en-un-entorno-unico\/#breadcrumb","itemListElement":[{"@type":"ListItem","position":1,"name":"Portada","item":"https:\/\/www.revistarambla.com\/"},{"@type":"ListItem","position":2,"name":"Nace el Tabaca Film Fest: cine y mitolog\u00eda en un entorno \u00fanico"}]},{"@type":"WebSite","@id":"https:\/\/www.revistarambla.com\/#website","url":"https:\/\/www.revistarambla.com\/","name":"Revista Rambla Barcelona","description":"Periodismo independiente","publisher":{"@id":"https:\/\/www.revistarambla.com\/#organization"},"potentialAction":[{"@type":"SearchAction","target":{"@type":"EntryPoint","urlTemplate":"https:\/\/www.revistarambla.com\/?s={search_term_string}"},"query-input":{"@type":"PropertyValueSpecification","valueRequired":true,"valueName":"search_term_string"}}],"inLanguage":"en-GB"},{"@type":"Organization","@id":"https:\/\/www.revistarambla.com\/#organization","name":"Revista Rambla","url":"https:\/\/www.revistarambla.com\/","logo":{"@type":"ImageObject","inLanguage":"en-GB","@id":"https:\/\/www.revistarambla.com\/#\/schema\/logo\/image\/","url":"https:\/\/www.revistarambla.com\/wp-content\/uploads\/2020\/09\/banner_rambla_1900x600_BB.png","contentUrl":"https:\/\/www.revistarambla.com\/wp-content\/uploads\/2020\/09\/banner_rambla_1900x600_BB.png","width":1900,"height":600,"caption":"Revista Rambla"},"image":{"@id":"https:\/\/www.revistarambla.com\/#\/schema\/logo\/image\/"},"sameAs":["https:\/\/www.facebook.com\/revistarambla\/","https:\/\/x.com\/revistarambla","https:\/\/www.instagram.com\/revista_rambla","https:\/\/es.linkedin.com\/company\/revista-rambla"]},{"@type":"Person","@id":"https:\/\/www.revistarambla.com\/#\/schema\/person\/f970e20c8f452a7910eb4defa5fe7d7d","name":"\u00c0lex M. Franquet","description":"-","sameAs":["https:\/\/www.revistarambla.com\/"]}]}},"_links":{"self":[{"href":"https:\/\/www.revistarambla.com\/en\/wp-json\/wp\/v2\/posts\/62769","targetHints":{"allow":["GET"]}}],"collection":[{"href":"https:\/\/www.revistarambla.com\/en\/wp-json\/wp\/v2\/posts"}],"about":[{"href":"https:\/\/www.revistarambla.com\/en\/wp-json\/wp\/v2\/types\/post"}],"author":[{"embeddable":true,"href":"https:\/\/www.revistarambla.com\/en\/wp-json\/wp\/v2\/users\/33"}],"replies":[{"embeddable":true,"href":"https:\/\/www.revistarambla.com\/en\/wp-json\/wp\/v2\/comments?post=62769"}],"version-history":[{"count":1,"href":"https:\/\/www.revistarambla.com\/en\/wp-json\/wp\/v2\/posts\/62769\/revisions"}],"predecessor-version":[{"id":62772,"href":"https:\/\/www.revistarambla.com\/en\/wp-json\/wp\/v2\/posts\/62769\/revisions\/62772"}],"wp:featuredmedia":[{"embeddable":true,"href":"https:\/\/www.revistarambla.com\/en\/wp-json\/wp\/v2\/media\/62770"}],"wp:attachment":[{"href":"https:\/\/www.revistarambla.com\/en\/wp-json\/wp\/v2\/media?parent=62769"}],"wp:term":[{"taxonomy":"category","embeddable":true,"href":"https:\/\/www.revistarambla.com\/en\/wp-json\/wp\/v2\/categories?post=62769"},{"taxonomy":"post_tag","embeddable":true,"href":"https:\/\/www.revistarambla.com\/en\/wp-json\/wp\/v2\/tags?post=62769"}],"curies":[{"name":"wp","href":"https:\/\/api.w.org\/{rel}","templated":true}]}}