{"id":62713,"date":"2024-09-22T11:16:56","date_gmt":"2024-09-22T09:16:56","guid":{"rendered":"https:\/\/www.revistarambla.com\/?p=62713"},"modified":"2024-09-22T11:18:52","modified_gmt":"2024-09-22T09:18:52","slug":"el-aparecido-de-baudelaire-no-va-a-la-casa-encantada-a-pronunciarse-sobre-los-fantasmas-confinados-en-los-alquileres-temporales","status":"publish","type":"post","link":"https:\/\/www.revistarambla.com\/en\/el-aparecido-de-baudelaire-no-va-a-la-casa-encantada-a-pronunciarse-sobre-los-fantasmas-confinados-en-los-alquileres-temporales\/","title":{"rendered":"El aparecido de Baudelaire no va a la casa encantada a pronunciarse sobre los fantasmas confinados en los alquileres temporales"},"content":{"rendered":"<p>S\u00ed, hubo una vez que vest\u00edas tan bien&#8230; tiraste un euro a los vagabundos en tu mejor momento\u2026 sin embargo, se not\u00f3 indefectiblemente tu ausencia y la de tus amigos en aquella votaci\u00f3n, tal como hab\u00edas prometido. Ya sabes que era, entre otras cosas, para ayudar a aquella chica que actualmente est\u00e1 separada y que vive con su hijo de ocho a\u00f1os en una furgoneta camperizada. Tu ambig\u00fcedad se ha revelado como una estrategia fatal para enga\u00f1ar a los m\u00e1s d\u00e9biles. Es cierto que la guapa chica no pudo quedar contigo a las dos de la ma\u00f1ana, porque estaba muy cansada despu\u00e9s de limpiar tantas habitaciones de hotel. \u00bfPor qu\u00e9 lo hiciste? Sabes muy bien que son personas dignas y honradas que se ganan el pan con el sudor de su frente. Ahora no dices nada. Pero tienes que saber que al margen de tus excusas: la inseguridad jur\u00eddica, la desincentivaci\u00f3n del mercado, etc., etc. Es una obligaci\u00f3n del Estado promover las condiciones para que sociedad progrese y no se creen bolsas de lumpen-proletariado, y sus consecuencias: ocupaci\u00f3n, delincuencia, drogadicci\u00f3n\u2026 y sobra decir que es muy irresponsable lo que t\u00fa y tus amigos est\u00e1is haciendo. En efecto, a m\u00ed no me enga\u00f1as, s\u00e9 que est\u00e1s vivo y lo de que has muerto es una excusa barata. Huelga decir que lo \u00fanico que ha pasado que es que se ha desvelado tu estrategia insolidaria y tu falta de empat\u00eda con la mayor parte de la sociedad. No obstante, quiero que sepas que anoche aquella chica separada que vive en la furgoneta camperizada y no puede soportar la salvaje l\u00f3gica del mercado inmobiliario actual, tuvo un sue\u00f1o contigo:<\/p>\n<h3 style=\"text-align: center;\">El APARECIDO (CHARLES BAUDELAIRE)<\/h3>\n<p style=\"text-align: center;\">Como esos \u00e1ngeles de mirada salvaje<br \/>\nvolver\u00e9 a tu \u201cfurgoneta camperizada\u201d<br \/>\ny hacia ti me deslizar\u00e9 silenciosamente<br \/>\ncon las sombras de la noche;<br \/>\ny te dar\u00e9, morena m\u00eda<br \/>\nbesos fr\u00edos como la luna<br \/>\ny caricias de serpiente<br \/>\nque alrededor de un foso se arrastra.<br \/>\nCuando llegue la p\u00e1lida ma\u00f1ana<br \/>\nencontrar\u00e1s mi lugar vac\u00edo<br \/>\ndonde hasta el anochecer har\u00e1 fr\u00edo.<br \/>\nComo los dem\u00e1s mediante la ternura<br \/>\nsobre tu vida y tu juventud<br \/>\nyo, quisiera gobernar a trav\u00e9s del miedo.<\/p>","protected":false},"excerpt":{"rendered":"<p>S\u00ed, hubo una vez que vest\u00edas tan bien&#8230; tiraste un euro a los vagabundos en tu mejor momento\u2026 sin embargo, se not\u00f3 indefectiblemente tu ausencia y la de tus amigos en aquella votaci\u00f3n, tal como hab\u00edas prometido. Ya sabes que era, entre otras cosas, para ayudar a aquella chica que [&hellip;]<\/p>\n","protected":false},"author":294,"featured_media":62717,"comment_status":"closed","ping_status":"closed","sticky":false,"template":"","format":"standard","meta":{"footnotes":""},"categories":[3908],"tags":[],"class_list":["post-62713","post","type-post","status-publish","format-standard","has-post-thumbnail","hentry","category-la-bodeguita-de-hemingway"],"yoast_head":"<!-- This site is optimized with the Yoast SEO plugin v27.5 - https:\/\/yoast.com\/product\/yoast-seo-wordpress\/ -->\n<title>El aparecido de Baudelaire no va a la casa encantada a pronunciarse sobre los fantasmas confinados en los alquileres temporales - Revista Rambla<\/title>\n<meta name=\"description\" content=\"Ayudar a aquella chica que actualmente est\u00e1 separada y que vive con su hijo de ocho a\u00f1os en una furgoneta camperizada.\" \/>\n<meta name=\"robots\" content=\"index, follow, max-snippet:-1, max-image-preview:large, max-video-preview:-1\" \/>\n<link rel=\"canonical\" href=\"https:\/\/www.revistarambla.com\/en\/el-aparecido-de-baudelaire-no-va-a-la-casa-encantada-a-pronunciarse-sobre-los-fantasmas-confinados-en-los-alquileres-temporales\/\" \/>\n<meta property=\"og:locale\" content=\"en_GB\" \/>\n<meta property=\"og:type\" content=\"article\" \/>\n<meta property=\"og:title\" content=\"El aparecido de Baudelaire no va a la casa encantada a pronunciarse sobre los fantasmas confinados en los alquileres temporales - Revista Rambla\" \/>\n<meta property=\"og:description\" content=\"Ayudar a aquella chica que actualmente est\u00e1 separada y que vive con su hijo de ocho a\u00f1os en una furgoneta camperizada.\" \/>\n<meta property=\"og:url\" content=\"https:\/\/www.revistarambla.com\/en\/el-aparecido-de-baudelaire-no-va-a-la-casa-encantada-a-pronunciarse-sobre-los-fantasmas-confinados-en-los-alquileres-temporales\/\" \/>\n<meta property=\"og:site_name\" content=\"Revista Rambla\" \/>\n<meta property=\"article:publisher\" content=\"https:\/\/www.facebook.com\/revistarambla\/\" \/>\n<meta property=\"article:published_time\" content=\"2024-09-22T09:16:56+00:00\" \/>\n<meta property=\"article:modified_time\" content=\"2024-09-22T09:18:52+00:00\" \/>\n<meta property=\"og:image\" content=\"https:\/\/www.revistarambla.com\/wp-content\/uploads\/2024\/09\/ai-generated-8541462_1920.jpg\" \/>\n\t<meta property=\"og:image:width\" content=\"1920\" \/>\n\t<meta property=\"og:image:height\" content=\"1313\" \/>\n\t<meta property=\"og:image:type\" content=\"image\/jpeg\" \/>\n<meta name=\"author\" content=\"Jos\u00e9 Antonio Gamero Romero\" \/>\n<meta name=\"twitter:card\" content=\"summary_large_image\" \/>\n<meta name=\"twitter:creator\" content=\"@revistarambla\" \/>\n<meta name=\"twitter:site\" content=\"@revistarambla\" \/>\n<meta name=\"twitter:label1\" content=\"Written by\" \/>\n\t<meta name=\"twitter:data1\" content=\"Jos\u00e9 Antonio Gamero Romero\" \/>\n\t<meta name=\"twitter:label2\" content=\"Estimated reading time\" \/>\n\t<meta name=\"twitter:data2\" content=\"2 minutes\" \/>\n<script type=\"application\/ld+json\" class=\"yoast-schema-graph\">{\"@context\":\"https:\\\/\\\/schema.org\",\"@graph\":[{\"@type\":\"Article\",\"@id\":\"https:\\\/\\\/www.revistarambla.com\\\/el-aparecido-de-baudelaire-no-va-a-la-casa-encantada-a-pronunciarse-sobre-los-fantasmas-confinados-en-los-alquileres-temporales\\\/#article\",\"isPartOf\":{\"@id\":\"https:\\\/\\\/www.revistarambla.com\\\/el-aparecido-de-baudelaire-no-va-a-la-casa-encantada-a-pronunciarse-sobre-los-fantasmas-confinados-en-los-alquileres-temporales\\\/\"},\"author\":{\"name\":\"Jos\u00e9 Antonio Gamero Romero\",\"@id\":\"https:\\\/\\\/www.revistarambla.com\\\/#\\\/schema\\\/person\\\/94294f57cf4910853e3280fda7339bfc\"},\"headline\":\"El aparecido de Baudelaire no va a la casa encantada a pronunciarse sobre los fantasmas confinados en los alquileres temporales\",\"datePublished\":\"2024-09-22T09:16:56+00:00\",\"dateModified\":\"2024-09-22T09:18:52+00:00\",\"mainEntityOfPage\":{\"@id\":\"https:\\\/\\\/www.revistarambla.com\\\/el-aparecido-de-baudelaire-no-va-a-la-casa-encantada-a-pronunciarse-sobre-los-fantasmas-confinados-en-los-alquileres-temporales\\\/\"},\"wordCount\":408,\"publisher\":{\"@id\":\"https:\\\/\\\/www.revistarambla.com\\\/#organization\"},\"image\":{\"@id\":\"https:\\\/\\\/www.revistarambla.com\\\/el-aparecido-de-baudelaire-no-va-a-la-casa-encantada-a-pronunciarse-sobre-los-fantasmas-confinados-en-los-alquileres-temporales\\\/#primaryimage\"},\"thumbnailUrl\":\"https:\\\/\\\/www.revistarambla.com\\\/wp-content\\\/uploads\\\/2024\\\/09\\\/ai-generated-8541462_1920.jpg\",\"articleSection\":[\"La bodeguita de Hemingway\"],\"inLanguage\":\"en-GB\"},{\"@type\":\"WebPage\",\"@id\":\"https:\\\/\\\/www.revistarambla.com\\\/el-aparecido-de-baudelaire-no-va-a-la-casa-encantada-a-pronunciarse-sobre-los-fantasmas-confinados-en-los-alquileres-temporales\\\/\",\"url\":\"https:\\\/\\\/www.revistarambla.com\\\/el-aparecido-de-baudelaire-no-va-a-la-casa-encantada-a-pronunciarse-sobre-los-fantasmas-confinados-en-los-alquileres-temporales\\\/\",\"name\":\"El aparecido de Baudelaire no va a la casa encantada a pronunciarse sobre los fantasmas confinados en los alquileres temporales - Revista Rambla\",\"isPartOf\":{\"@id\":\"https:\\\/\\\/www.revistarambla.com\\\/#website\"},\"primaryImageOfPage\":{\"@id\":\"https:\\\/\\\/www.revistarambla.com\\\/el-aparecido-de-baudelaire-no-va-a-la-casa-encantada-a-pronunciarse-sobre-los-fantasmas-confinados-en-los-alquileres-temporales\\\/#primaryimage\"},\"image\":{\"@id\":\"https:\\\/\\\/www.revistarambla.com\\\/el-aparecido-de-baudelaire-no-va-a-la-casa-encantada-a-pronunciarse-sobre-los-fantasmas-confinados-en-los-alquileres-temporales\\\/#primaryimage\"},\"thumbnailUrl\":\"https:\\\/\\\/www.revistarambla.com\\\/wp-content\\\/uploads\\\/2024\\\/09\\\/ai-generated-8541462_1920.jpg\",\"datePublished\":\"2024-09-22T09:16:56+00:00\",\"dateModified\":\"2024-09-22T09:18:52+00:00\",\"description\":\"Ayudar a aquella chica que actualmente est\u00e1 separada y que vive con su hijo de ocho a\u00f1os en una furgoneta camperizada.\",\"breadcrumb\":{\"@id\":\"https:\\\/\\\/www.revistarambla.com\\\/el-aparecido-de-baudelaire-no-va-a-la-casa-encantada-a-pronunciarse-sobre-los-fantasmas-confinados-en-los-alquileres-temporales\\\/#breadcrumb\"},\"inLanguage\":\"en-GB\",\"potentialAction\":[{\"@type\":\"ReadAction\",\"target\":[\"https:\\\/\\\/www.revistarambla.com\\\/el-aparecido-de-baudelaire-no-va-a-la-casa-encantada-a-pronunciarse-sobre-los-fantasmas-confinados-en-los-alquileres-temporales\\\/\"]}]},{\"@type\":\"ImageObject\",\"inLanguage\":\"en-GB\",\"@id\":\"https:\\\/\\\/www.revistarambla.com\\\/el-aparecido-de-baudelaire-no-va-a-la-casa-encantada-a-pronunciarse-sobre-los-fantasmas-confinados-en-los-alquileres-temporales\\\/#primaryimage\",\"url\":\"https:\\\/\\\/www.revistarambla.com\\\/wp-content\\\/uploads\\\/2024\\\/09\\\/ai-generated-8541462_1920.jpg\",\"contentUrl\":\"https:\\\/\\\/www.revistarambla.com\\\/wp-content\\\/uploads\\\/2024\\\/09\\\/ai-generated-8541462_1920.jpg\",\"width\":1920,\"height\":1313,\"caption\":\"ayudar a aquella chica que actualmente est\u00e1 separada y que vive con su hijo de ocho a\u00f1os en una furgoneta camperizada.\"},{\"@type\":\"BreadcrumbList\",\"@id\":\"https:\\\/\\\/www.revistarambla.com\\\/el-aparecido-de-baudelaire-no-va-a-la-casa-encantada-a-pronunciarse-sobre-los-fantasmas-confinados-en-los-alquileres-temporales\\\/#breadcrumb\",\"itemListElement\":[{\"@type\":\"ListItem\",\"position\":1,\"name\":\"Portada\",\"item\":\"https:\\\/\\\/www.revistarambla.com\\\/\"},{\"@type\":\"ListItem\",\"position\":2,\"name\":\"El aparecido de Baudelaire no va a la casa encantada a pronunciarse sobre los fantasmas confinados en los alquileres temporales\"}]},{\"@type\":\"WebSite\",\"@id\":\"https:\\\/\\\/www.revistarambla.com\\\/#website\",\"url\":\"https:\\\/\\\/www.revistarambla.com\\\/\",\"name\":\"Revista Rambla Barcelona\",\"description\":\"Periodismo independiente\",\"publisher\":{\"@id\":\"https:\\\/\\\/www.revistarambla.com\\\/#organization\"},\"potentialAction\":[{\"@type\":\"SearchAction\",\"target\":{\"@type\":\"EntryPoint\",\"urlTemplate\":\"https:\\\/\\\/www.revistarambla.com\\\/?s={search_term_string}\"},\"query-input\":{\"@type\":\"PropertyValueSpecification\",\"valueRequired\":true,\"valueName\":\"search_term_string\"}}],\"inLanguage\":\"en-GB\"},{\"@type\":\"Organization\",\"@id\":\"https:\\\/\\\/www.revistarambla.com\\\/#organization\",\"name\":\"Revista Rambla\",\"url\":\"https:\\\/\\\/www.revistarambla.com\\\/\",\"logo\":{\"@type\":\"ImageObject\",\"inLanguage\":\"en-GB\",\"@id\":\"https:\\\/\\\/www.revistarambla.com\\\/#\\\/schema\\\/logo\\\/image\\\/\",\"url\":\"https:\\\/\\\/www.revistarambla.com\\\/wp-content\\\/uploads\\\/2020\\\/09\\\/banner_rambla_1900x600_BB.png\",\"contentUrl\":\"https:\\\/\\\/www.revistarambla.com\\\/wp-content\\\/uploads\\\/2020\\\/09\\\/banner_rambla_1900x600_BB.png\",\"width\":1900,\"height\":600,\"caption\":\"Revista Rambla\"},\"image\":{\"@id\":\"https:\\\/\\\/www.revistarambla.com\\\/#\\\/schema\\\/logo\\\/image\\\/\"},\"sameAs\":[\"https:\\\/\\\/www.facebook.com\\\/revistarambla\\\/\",\"https:\\\/\\\/x.com\\\/revistarambla\",\"https:\\\/\\\/www.instagram.com\\\/revista_rambla\",\"https:\\\/\\\/es.linkedin.com\\\/company\\\/revista-rambla\"]},{\"@type\":\"Person\",\"@id\":\"https:\\\/\\\/www.revistarambla.com\\\/#\\\/schema\\\/person\\\/94294f57cf4910853e3280fda7339bfc\",\"name\":\"Jos\u00e9 Antonio Gamero Romero\",\"description\":\"Escritor sevillano finalista del premio Azor\u00edn 2014. Ha publicado en diferentes revistas como Culturamas, E\u00f1e, Visor, etc. Sus libros son: 'La invenci\u00f3n de los gigantes' (Buc\u00e9falo 2016); 'Literatura tridimensional' (Adarve 2018); 'S\u00f3crates no vino a Espa\u00f1a' (Samarcanda 2018); 'La rep\u00fablica del fin del mundo' (Tandaia 2018) y 'La bodeguita de Hemingway'.\"}]}<\/script>\n<!-- \/ Yoast SEO plugin. -->","yoast_head_json":{"title":"El aparecido de Baudelaire no va a la casa encantada a pronunciarse sobre los fantasmas confinados en los alquileres temporales - Revista Rambla","description":"Ayudar a aquella chica que actualmente est\u00e1 separada y que vive con su hijo de ocho a\u00f1os en una furgoneta camperizada.","robots":{"index":"index","follow":"follow","max-snippet":"max-snippet:-1","max-image-preview":"max-image-preview:large","max-video-preview":"max-video-preview:-1"},"canonical":"https:\/\/www.revistarambla.com\/en\/el-aparecido-de-baudelaire-no-va-a-la-casa-encantada-a-pronunciarse-sobre-los-fantasmas-confinados-en-los-alquileres-temporales\/","og_locale":"en_GB","og_type":"article","og_title":"El aparecido de Baudelaire no va a la casa encantada a pronunciarse sobre los fantasmas confinados en los alquileres temporales - Revista Rambla","og_description":"Ayudar a aquella chica que actualmente est\u00e1 separada y que vive con su hijo de ocho a\u00f1os en una furgoneta camperizada.","og_url":"https:\/\/www.revistarambla.com\/en\/el-aparecido-de-baudelaire-no-va-a-la-casa-encantada-a-pronunciarse-sobre-los-fantasmas-confinados-en-los-alquileres-temporales\/","og_site_name":"Revista Rambla","article_publisher":"https:\/\/www.facebook.com\/revistarambla\/","article_published_time":"2024-09-22T09:16:56+00:00","article_modified_time":"2024-09-22T09:18:52+00:00","og_image":[{"width":1920,"height":1313,"url":"https:\/\/www.revistarambla.com\/wp-content\/uploads\/2024\/09\/ai-generated-8541462_1920.jpg","type":"image\/jpeg"}],"author":"Jos\u00e9 Antonio Gamero Romero","twitter_card":"summary_large_image","twitter_creator":"@revistarambla","twitter_site":"@revistarambla","twitter_misc":{"Written by":"Jos\u00e9 Antonio Gamero Romero","Estimated reading time":"2 minutes"},"schema":{"@context":"https:\/\/schema.org","@graph":[{"@type":"Article","@id":"https:\/\/www.revistarambla.com\/el-aparecido-de-baudelaire-no-va-a-la-casa-encantada-a-pronunciarse-sobre-los-fantasmas-confinados-en-los-alquileres-temporales\/#article","isPartOf":{"@id":"https:\/\/www.revistarambla.com\/el-aparecido-de-baudelaire-no-va-a-la-casa-encantada-a-pronunciarse-sobre-los-fantasmas-confinados-en-los-alquileres-temporales\/"},"author":{"name":"Jos\u00e9 Antonio Gamero Romero","@id":"https:\/\/www.revistarambla.com\/#\/schema\/person\/94294f57cf4910853e3280fda7339bfc"},"headline":"El aparecido de Baudelaire no va a la casa encantada a pronunciarse sobre los fantasmas confinados en los alquileres temporales","datePublished":"2024-09-22T09:16:56+00:00","dateModified":"2024-09-22T09:18:52+00:00","mainEntityOfPage":{"@id":"https:\/\/www.revistarambla.com\/el-aparecido-de-baudelaire-no-va-a-la-casa-encantada-a-pronunciarse-sobre-los-fantasmas-confinados-en-los-alquileres-temporales\/"},"wordCount":408,"publisher":{"@id":"https:\/\/www.revistarambla.com\/#organization"},"image":{"@id":"https:\/\/www.revistarambla.com\/el-aparecido-de-baudelaire-no-va-a-la-casa-encantada-a-pronunciarse-sobre-los-fantasmas-confinados-en-los-alquileres-temporales\/#primaryimage"},"thumbnailUrl":"https:\/\/www.revistarambla.com\/wp-content\/uploads\/2024\/09\/ai-generated-8541462_1920.jpg","articleSection":["La bodeguita de Hemingway"],"inLanguage":"en-GB"},{"@type":"WebPage","@id":"https:\/\/www.revistarambla.com\/el-aparecido-de-baudelaire-no-va-a-la-casa-encantada-a-pronunciarse-sobre-los-fantasmas-confinados-en-los-alquileres-temporales\/","url":"https:\/\/www.revistarambla.com\/el-aparecido-de-baudelaire-no-va-a-la-casa-encantada-a-pronunciarse-sobre-los-fantasmas-confinados-en-los-alquileres-temporales\/","name":"El aparecido de Baudelaire no va a la casa encantada a pronunciarse sobre los fantasmas confinados en los alquileres temporales - Revista Rambla","isPartOf":{"@id":"https:\/\/www.revistarambla.com\/#website"},"primaryImageOfPage":{"@id":"https:\/\/www.revistarambla.com\/el-aparecido-de-baudelaire-no-va-a-la-casa-encantada-a-pronunciarse-sobre-los-fantasmas-confinados-en-los-alquileres-temporales\/#primaryimage"},"image":{"@id":"https:\/\/www.revistarambla.com\/el-aparecido-de-baudelaire-no-va-a-la-casa-encantada-a-pronunciarse-sobre-los-fantasmas-confinados-en-los-alquileres-temporales\/#primaryimage"},"thumbnailUrl":"https:\/\/www.revistarambla.com\/wp-content\/uploads\/2024\/09\/ai-generated-8541462_1920.jpg","datePublished":"2024-09-22T09:16:56+00:00","dateModified":"2024-09-22T09:18:52+00:00","description":"Ayudar a aquella chica que actualmente est\u00e1 separada y que vive con su hijo de ocho a\u00f1os en una furgoneta camperizada.","breadcrumb":{"@id":"https:\/\/www.revistarambla.com\/el-aparecido-de-baudelaire-no-va-a-la-casa-encantada-a-pronunciarse-sobre-los-fantasmas-confinados-en-los-alquileres-temporales\/#breadcrumb"},"inLanguage":"en-GB","potentialAction":[{"@type":"ReadAction","target":["https:\/\/www.revistarambla.com\/el-aparecido-de-baudelaire-no-va-a-la-casa-encantada-a-pronunciarse-sobre-los-fantasmas-confinados-en-los-alquileres-temporales\/"]}]},{"@type":"ImageObject","inLanguage":"en-GB","@id":"https:\/\/www.revistarambla.com\/el-aparecido-de-baudelaire-no-va-a-la-casa-encantada-a-pronunciarse-sobre-los-fantasmas-confinados-en-los-alquileres-temporales\/#primaryimage","url":"https:\/\/www.revistarambla.com\/wp-content\/uploads\/2024\/09\/ai-generated-8541462_1920.jpg","contentUrl":"https:\/\/www.revistarambla.com\/wp-content\/uploads\/2024\/09\/ai-generated-8541462_1920.jpg","width":1920,"height":1313,"caption":"ayudar a aquella chica que actualmente est\u00e1 separada y que vive con su hijo de ocho a\u00f1os en una furgoneta camperizada."},{"@type":"BreadcrumbList","@id":"https:\/\/www.revistarambla.com\/el-aparecido-de-baudelaire-no-va-a-la-casa-encantada-a-pronunciarse-sobre-los-fantasmas-confinados-en-los-alquileres-temporales\/#breadcrumb","itemListElement":[{"@type":"ListItem","position":1,"name":"Portada","item":"https:\/\/www.revistarambla.com\/"},{"@type":"ListItem","position":2,"name":"El aparecido de Baudelaire no va a la casa encantada a pronunciarse sobre los fantasmas confinados en los alquileres temporales"}]},{"@type":"WebSite","@id":"https:\/\/www.revistarambla.com\/#website","url":"https:\/\/www.revistarambla.com\/","name":"Revista Rambla Barcelona","description":"Periodismo independiente","publisher":{"@id":"https:\/\/www.revistarambla.com\/#organization"},"potentialAction":[{"@type":"SearchAction","target":{"@type":"EntryPoint","urlTemplate":"https:\/\/www.revistarambla.com\/?s={search_term_string}"},"query-input":{"@type":"PropertyValueSpecification","valueRequired":true,"valueName":"search_term_string"}}],"inLanguage":"en-GB"},{"@type":"Organization","@id":"https:\/\/www.revistarambla.com\/#organization","name":"Revista Rambla","url":"https:\/\/www.revistarambla.com\/","logo":{"@type":"ImageObject","inLanguage":"en-GB","@id":"https:\/\/www.revistarambla.com\/#\/schema\/logo\/image\/","url":"https:\/\/www.revistarambla.com\/wp-content\/uploads\/2020\/09\/banner_rambla_1900x600_BB.png","contentUrl":"https:\/\/www.revistarambla.com\/wp-content\/uploads\/2020\/09\/banner_rambla_1900x600_BB.png","width":1900,"height":600,"caption":"Revista Rambla"},"image":{"@id":"https:\/\/www.revistarambla.com\/#\/schema\/logo\/image\/"},"sameAs":["https:\/\/www.facebook.com\/revistarambla\/","https:\/\/x.com\/revistarambla","https:\/\/www.instagram.com\/revista_rambla","https:\/\/es.linkedin.com\/company\/revista-rambla"]},{"@type":"Person","@id":"https:\/\/www.revistarambla.com\/#\/schema\/person\/94294f57cf4910853e3280fda7339bfc","name":"Jos\u00e9 Antonio Gamero Romero","description":"Escritor sevillano finalista del premio Azor\u00edn 2014. Ha publicado en diferentes revistas como Culturamas, E\u00f1e, Visor, etc. Sus libros son: 'La invenci\u00f3n de los gigantes' (Buc\u00e9falo 2016); 'Literatura tridimensional' (Adarve 2018); 'S\u00f3crates no vino a Espa\u00f1a' (Samarcanda 2018); 'La rep\u00fablica del fin del mundo' (Tandaia 2018) y 'La bodeguita de Hemingway'."}]}},"_links":{"self":[{"href":"https:\/\/www.revistarambla.com\/en\/wp-json\/wp\/v2\/posts\/62713","targetHints":{"allow":["GET"]}}],"collection":[{"href":"https:\/\/www.revistarambla.com\/en\/wp-json\/wp\/v2\/posts"}],"about":[{"href":"https:\/\/www.revistarambla.com\/en\/wp-json\/wp\/v2\/types\/post"}],"author":[{"embeddable":true,"href":"https:\/\/www.revistarambla.com\/en\/wp-json\/wp\/v2\/users\/294"}],"replies":[{"embeddable":true,"href":"https:\/\/www.revistarambla.com\/en\/wp-json\/wp\/v2\/comments?post=62713"}],"version-history":[{"count":1,"href":"https:\/\/www.revistarambla.com\/en\/wp-json\/wp\/v2\/posts\/62713\/revisions"}],"predecessor-version":[{"id":62715,"href":"https:\/\/www.revistarambla.com\/en\/wp-json\/wp\/v2\/posts\/62713\/revisions\/62715"}],"wp:featuredmedia":[{"embeddable":true,"href":"https:\/\/www.revistarambla.com\/en\/wp-json\/wp\/v2\/media\/62717"}],"wp:attachment":[{"href":"https:\/\/www.revistarambla.com\/en\/wp-json\/wp\/v2\/media?parent=62713"}],"wp:term":[{"taxonomy":"category","embeddable":true,"href":"https:\/\/www.revistarambla.com\/en\/wp-json\/wp\/v2\/categories?post=62713"},{"taxonomy":"post_tag","embeddable":true,"href":"https:\/\/www.revistarambla.com\/en\/wp-json\/wp\/v2\/tags?post=62713"}],"curies":[{"name":"wp","href":"https:\/\/api.w.org\/{rel}","templated":true}]}}