{"id":62670,"date":"2024-09-17T14:51:56","date_gmt":"2024-09-17T12:51:56","guid":{"rendered":"https:\/\/www.revistarambla.com\/?p=62670"},"modified":"2024-09-17T14:51:56","modified_gmt":"2024-09-17T12:51:56","slug":"alquilar-una-habitacion-en-catalunya-cuesta-ahora-el-doble-que-en-2015","status":"publish","type":"post","link":"https:\/\/www.revistarambla.com\/en\/alquilar-una-habitacion-en-catalunya-cuesta-ahora-el-doble-que-en-2015\/","title":{"rendered":"Alquilar una habitaci\u00f3n en Catalunya cuesta ahora el doble que en 2015"},"content":{"rendered":"<p>El precio de una habitaci\u00f3n en <a href=\"https:\/\/www.revistarambla.com\/en\/actualidad\/catalunya\/\">Catalunya<\/a> costaba en agosto 611 euros de media en el mes, un 8% m\u00e1s que los 565 del mismo mes del a\u00f1o 2023. <!--more-->Pese a que este incremento puede parecer relativo, la magnitud de la escalada se detecta si la comparaci\u00f3n se hace con el mes de agosto del a\u00f1o 2015, en el que el valor se situaba en los 310 euros, lo cual supone una subida del 89,4%. Estos datos se extraen del estudio Viviendas compartidas en Espa\u00f1a en 2024, basado en los precios de la vivienda de alquiler del mes de agosto de los \u00faltimos nueve a\u00f1os del \u00cdndice Inmobiliario\u202fFotocasa.<\/p>\n<p>El mismo informe muestra que cuatro poblaciones catalanas (<a href=\"https:\/\/www.revistarambla.com\/en\/actualidad\/barcelona\/\">Barcelona<\/a>, l\u2019Hospitalet de Llobregat, Cerdanyola del Vall\u00e8s y Badalona) est\u00e1n entre las 15 con los precios m\u00e1s altos del <a href=\"https:\/\/www.revistarambla.com\/en\/actualidad\/estado-espanol\/\">Estado espa\u00f1ol<\/a> con una media de 638, 533, 504 y 490 euros, respectivamente. En el \u00e1mbito estatal, Barcelona y Bilbao son las dos ciudades con los precios m\u00e1s elevados.<\/p>\n<p>Despu\u00e9s de conocer los datos, la directora de Estudios y portavoz de\u202fFotocasa, Mar\u00eda\u202fMatos, asegura que \u00abel precio de las viviendas compartidas se ha encarecido de forma muy significativa a lo largo de los a\u00f1os y lo m\u00e1s destacable es la rapidez con la que aumenta, porque el valor medio de una habitaci\u00f3n frota casi los 500 euros en el \u00e1mbito estatal\u00bb.<\/p>\n<p>La principal raz\u00f3n de este crecimiento tan importante es el desequilibrio existente entre oferta y demanda de vivienda que hace que los precios se tensen al alza. Seg\u00fan apunta\u202fMatos, los datos de la OCDE revelan que cada vez hay m\u00e1s j\u00f3venes universitarios buscando vivienda en las grandes ciudades.<\/p>\n<p>Adem\u00e1s, \u00ablos altos precios de una vivienda completa de alquiler, superando los 1.000 euros de media, obligan a los inquilinos a buscar pisos compartidos para poder afrontar los gastos derivados, por lo cual la demanda mantiene los precios en el alza\u00bb.<\/p>","protected":false},"excerpt":{"rendered":"<p>El precio de una habitaci\u00f3n en Catalunya costaba en agosto 611 euros de media en el mes, un 8% m\u00e1s que los 565 del mismo mes del a\u00f1o 2023.<\/p>","protected":false},"author":3,"featured_media":22992,"comment_status":"closed","ping_status":"closed","sticky":false,"template":"","format":"standard","meta":{"footnotes":""},"categories":[59],"tags":[],"class_list":["post-62670","post","type-post","status-publish","format-standard","has-post-thumbnail","hentry","category-catalunya"],"yoast_head":"<!-- This site is optimized with the Yoast SEO plugin v27.5 - https:\/\/yoast.com\/product\/yoast-seo-wordpress\/ -->\n<title>Alquilar una habitaci\u00f3n en Catalunya cuesta ahora el doble que en 2015 - Revista Rambla<\/title>\n<meta name=\"description\" content=\"Alquilar una habitaci\u00f3n en Catalunya costaba en agosto 611 euros de media en el mes, un 8% m\u00e1s que los 565 del mismo mes del a\u00f1o 2023.\" \/>\n<meta name=\"robots\" content=\"index, follow, max-snippet:-1, max-image-preview:large, max-video-preview:-1\" \/>\n<link rel=\"canonical\" href=\"https:\/\/www.revistarambla.com\/en\/alquilar-una-habitacion-en-catalunya-cuesta-ahora-el-doble-que-en-2015\/\" \/>\n<meta property=\"og:locale\" content=\"en_GB\" \/>\n<meta property=\"og:type\" content=\"article\" \/>\n<meta property=\"og:title\" content=\"Alquilar una habitaci\u00f3n en Catalunya cuesta ahora el doble que en 2015 - Revista Rambla\" \/>\n<meta property=\"og:description\" content=\"Alquilar una habitaci\u00f3n en Catalunya costaba en agosto 611 euros de media en el mes, un 8% m\u00e1s que los 565 del mismo mes del a\u00f1o 2023.\" \/>\n<meta property=\"og:url\" content=\"https:\/\/www.revistarambla.com\/en\/alquilar-una-habitacion-en-catalunya-cuesta-ahora-el-doble-que-en-2015\/\" \/>\n<meta property=\"og:site_name\" content=\"Revista Rambla\" \/>\n<meta property=\"article:publisher\" content=\"https:\/\/www.facebook.com\/revistarambla\/\" \/>\n<meta property=\"article:author\" content=\"https:\/\/www.facebook.com\/revistarambla\" \/>\n<meta property=\"article:published_time\" content=\"2024-09-17T12:51:56+00:00\" \/>\n<meta property=\"og:image\" content=\"https:\/\/www.revistarambla.com\/wp-content\/uploads\/2020\/05\/CALLE-HOSPITAL-BARCELONA-NARCOPISOS-RAVAL.jpg\" \/>\n\t<meta property=\"og:image:width\" content=\"1459\" \/>\n\t<meta property=\"og:image:height\" content=\"775\" \/>\n\t<meta property=\"og:image:type\" content=\"image\/jpeg\" \/>\n<meta name=\"author\" content=\"R@mbla\" \/>\n<meta name=\"twitter:card\" content=\"summary_large_image\" \/>\n<meta name=\"twitter:creator\" content=\"@revistarambla\" \/>\n<meta name=\"twitter:site\" content=\"@revistarambla\" \/>\n<meta name=\"twitter:label1\" content=\"Written by\" \/>\n\t<meta name=\"twitter:data1\" content=\"R@mbla\" \/>\n\t<meta name=\"twitter:label2\" content=\"Estimated reading time\" \/>\n\t<meta name=\"twitter:data2\" content=\"2 minutes\" \/>\n<script type=\"application\/ld+json\" class=\"yoast-schema-graph\">{\"@context\":\"https:\\\/\\\/schema.org\",\"@graph\":[{\"@type\":\"Article\",\"@id\":\"https:\\\/\\\/www.revistarambla.com\\\/alquilar-una-habitacion-en-catalunya-cuesta-ahora-el-doble-que-en-2015\\\/#article\",\"isPartOf\":{\"@id\":\"https:\\\/\\\/www.revistarambla.com\\\/alquilar-una-habitacion-en-catalunya-cuesta-ahora-el-doble-que-en-2015\\\/\"},\"author\":{\"name\":\"R@mbla\",\"@id\":\"https:\\\/\\\/www.revistarambla.com\\\/#\\\/schema\\\/person\\\/a146a5a2550b94981a75131180e1bd9c\"},\"headline\":\"Alquilar una habitaci\u00f3n en Catalunya cuesta ahora el doble que en 2015\",\"datePublished\":\"2024-09-17T12:51:56+00:00\",\"mainEntityOfPage\":{\"@id\":\"https:\\\/\\\/www.revistarambla.com\\\/alquilar-una-habitacion-en-catalunya-cuesta-ahora-el-doble-que-en-2015\\\/\"},\"wordCount\":338,\"publisher\":{\"@id\":\"https:\\\/\\\/www.revistarambla.com\\\/#organization\"},\"image\":{\"@id\":\"https:\\\/\\\/www.revistarambla.com\\\/alquilar-una-habitacion-en-catalunya-cuesta-ahora-el-doble-que-en-2015\\\/#primaryimage\"},\"thumbnailUrl\":\"https:\\\/\\\/www.revistarambla.com\\\/wp-content\\\/uploads\\\/2020\\\/05\\\/CALLE-HOSPITAL-BARCELONA-NARCOPISOS-RAVAL.jpg\",\"articleSection\":[\"Catalunya\"],\"inLanguage\":\"en-GB\"},{\"@type\":\"WebPage\",\"@id\":\"https:\\\/\\\/www.revistarambla.com\\\/alquilar-una-habitacion-en-catalunya-cuesta-ahora-el-doble-que-en-2015\\\/\",\"url\":\"https:\\\/\\\/www.revistarambla.com\\\/alquilar-una-habitacion-en-catalunya-cuesta-ahora-el-doble-que-en-2015\\\/\",\"name\":\"Alquilar una habitaci\u00f3n en Catalunya cuesta ahora el doble que en 2015 - Revista Rambla\",\"isPartOf\":{\"@id\":\"https:\\\/\\\/www.revistarambla.com\\\/#website\"},\"primaryImageOfPage\":{\"@id\":\"https:\\\/\\\/www.revistarambla.com\\\/alquilar-una-habitacion-en-catalunya-cuesta-ahora-el-doble-que-en-2015\\\/#primaryimage\"},\"image\":{\"@id\":\"https:\\\/\\\/www.revistarambla.com\\\/alquilar-una-habitacion-en-catalunya-cuesta-ahora-el-doble-que-en-2015\\\/#primaryimage\"},\"thumbnailUrl\":\"https:\\\/\\\/www.revistarambla.com\\\/wp-content\\\/uploads\\\/2020\\\/05\\\/CALLE-HOSPITAL-BARCELONA-NARCOPISOS-RAVAL.jpg\",\"datePublished\":\"2024-09-17T12:51:56+00:00\",\"description\":\"Alquilar una habitaci\u00f3n en Catalunya costaba en agosto 611 euros de media en el mes, un 8% m\u00e1s que los 565 del mismo mes del a\u00f1o 2023.\",\"breadcrumb\":{\"@id\":\"https:\\\/\\\/www.revistarambla.com\\\/alquilar-una-habitacion-en-catalunya-cuesta-ahora-el-doble-que-en-2015\\\/#breadcrumb\"},\"inLanguage\":\"en-GB\",\"potentialAction\":[{\"@type\":\"ReadAction\",\"target\":[\"https:\\\/\\\/www.revistarambla.com\\\/alquilar-una-habitacion-en-catalunya-cuesta-ahora-el-doble-que-en-2015\\\/\"]}]},{\"@type\":\"ImageObject\",\"inLanguage\":\"en-GB\",\"@id\":\"https:\\\/\\\/www.revistarambla.com\\\/alquilar-una-habitacion-en-catalunya-cuesta-ahora-el-doble-que-en-2015\\\/#primaryimage\",\"url\":\"https:\\\/\\\/www.revistarambla.com\\\/wp-content\\\/uploads\\\/2020\\\/05\\\/CALLE-HOSPITAL-BARCELONA-NARCOPISOS-RAVAL.jpg\",\"contentUrl\":\"https:\\\/\\\/www.revistarambla.com\\\/wp-content\\\/uploads\\\/2020\\\/05\\\/CALLE-HOSPITAL-BARCELONA-NARCOPISOS-RAVAL.jpg\",\"width\":1459,\"height\":775,\"caption\":\"Alquilar una habitaci\u00f3n en Catalunya\"},{\"@type\":\"BreadcrumbList\",\"@id\":\"https:\\\/\\\/www.revistarambla.com\\\/alquilar-una-habitacion-en-catalunya-cuesta-ahora-el-doble-que-en-2015\\\/#breadcrumb\",\"itemListElement\":[{\"@type\":\"ListItem\",\"position\":1,\"name\":\"Portada\",\"item\":\"https:\\\/\\\/www.revistarambla.com\\\/\"},{\"@type\":\"ListItem\",\"position\":2,\"name\":\"Alquilar una habitaci\u00f3n en Catalunya cuesta ahora el doble que en 2015\"}]},{\"@type\":\"WebSite\",\"@id\":\"https:\\\/\\\/www.revistarambla.com\\\/#website\",\"url\":\"https:\\\/\\\/www.revistarambla.com\\\/\",\"name\":\"Revista Rambla Barcelona\",\"description\":\"Periodismo independiente\",\"publisher\":{\"@id\":\"https:\\\/\\\/www.revistarambla.com\\\/#organization\"},\"potentialAction\":[{\"@type\":\"SearchAction\",\"target\":{\"@type\":\"EntryPoint\",\"urlTemplate\":\"https:\\\/\\\/www.revistarambla.com\\\/?s={search_term_string}\"},\"query-input\":{\"@type\":\"PropertyValueSpecification\",\"valueRequired\":true,\"valueName\":\"search_term_string\"}}],\"inLanguage\":\"en-GB\"},{\"@type\":\"Organization\",\"@id\":\"https:\\\/\\\/www.revistarambla.com\\\/#organization\",\"name\":\"Revista Rambla\",\"url\":\"https:\\\/\\\/www.revistarambla.com\\\/\",\"logo\":{\"@type\":\"ImageObject\",\"inLanguage\":\"en-GB\",\"@id\":\"https:\\\/\\\/www.revistarambla.com\\\/#\\\/schema\\\/logo\\\/image\\\/\",\"url\":\"https:\\\/\\\/www.revistarambla.com\\\/wp-content\\\/uploads\\\/2020\\\/09\\\/banner_rambla_1900x600_BB.png\",\"contentUrl\":\"https:\\\/\\\/www.revistarambla.com\\\/wp-content\\\/uploads\\\/2020\\\/09\\\/banner_rambla_1900x600_BB.png\",\"width\":1900,\"height\":600,\"caption\":\"Revista Rambla\"},\"image\":{\"@id\":\"https:\\\/\\\/www.revistarambla.com\\\/#\\\/schema\\\/logo\\\/image\\\/\"},\"sameAs\":[\"https:\\\/\\\/www.facebook.com\\\/revistarambla\\\/\",\"https:\\\/\\\/x.com\\\/revistarambla\",\"https:\\\/\\\/www.instagram.com\\\/revista_rambla\",\"https:\\\/\\\/es.linkedin.com\\\/company\\\/revista-rambla\"]},{\"@type\":\"Person\",\"@id\":\"https:\\\/\\\/www.revistarambla.com\\\/#\\\/schema\\\/person\\\/a146a5a2550b94981a75131180e1bd9c\",\"name\":\"R@mbla\",\"description\":\"Este art\u00edculo ha sido redactado y\\\/o validado por el equipo de redacci\u00f3n de Revista Rambla.\",\"sameAs\":[\"https:\\\/\\\/www.revistarambla.com\\\/\",\"https:\\\/\\\/www.facebook.com\\\/revistarambla\",\"https:\\\/\\\/x.com\\\/revistarambla\"]}]}<\/script>\n<!-- \/ Yoast SEO plugin. -->","yoast_head_json":{"title":"Alquilar una habitaci\u00f3n en Catalunya cuesta ahora el doble que en 2015 - Revista Rambla","description":"Alquilar una habitaci\u00f3n en Catalunya costaba en agosto 611 euros de media en el mes, un 8% m\u00e1s que los 565 del mismo mes del a\u00f1o 2023.","robots":{"index":"index","follow":"follow","max-snippet":"max-snippet:-1","max-image-preview":"max-image-preview:large","max-video-preview":"max-video-preview:-1"},"canonical":"https:\/\/www.revistarambla.com\/en\/alquilar-una-habitacion-en-catalunya-cuesta-ahora-el-doble-que-en-2015\/","og_locale":"en_GB","og_type":"article","og_title":"Alquilar una habitaci\u00f3n en Catalunya cuesta ahora el doble que en 2015 - Revista Rambla","og_description":"Alquilar una habitaci\u00f3n en Catalunya costaba en agosto 611 euros de media en el mes, un 8% m\u00e1s que los 565 del mismo mes del a\u00f1o 2023.","og_url":"https:\/\/www.revistarambla.com\/en\/alquilar-una-habitacion-en-catalunya-cuesta-ahora-el-doble-que-en-2015\/","og_site_name":"Revista Rambla","article_publisher":"https:\/\/www.facebook.com\/revistarambla\/","article_author":"https:\/\/www.facebook.com\/revistarambla","article_published_time":"2024-09-17T12:51:56+00:00","og_image":[{"width":1459,"height":775,"url":"https:\/\/www.revistarambla.com\/wp-content\/uploads\/2020\/05\/CALLE-HOSPITAL-BARCELONA-NARCOPISOS-RAVAL.jpg","type":"image\/jpeg"}],"author":"R@mbla","twitter_card":"summary_large_image","twitter_creator":"@revistarambla","twitter_site":"@revistarambla","twitter_misc":{"Written by":"R@mbla","Estimated reading time":"2 minutes"},"schema":{"@context":"https:\/\/schema.org","@graph":[{"@type":"Article","@id":"https:\/\/www.revistarambla.com\/alquilar-una-habitacion-en-catalunya-cuesta-ahora-el-doble-que-en-2015\/#article","isPartOf":{"@id":"https:\/\/www.revistarambla.com\/alquilar-una-habitacion-en-catalunya-cuesta-ahora-el-doble-que-en-2015\/"},"author":{"name":"R@mbla","@id":"https:\/\/www.revistarambla.com\/#\/schema\/person\/a146a5a2550b94981a75131180e1bd9c"},"headline":"Alquilar una habitaci\u00f3n en Catalunya cuesta ahora el doble que en 2015","datePublished":"2024-09-17T12:51:56+00:00","mainEntityOfPage":{"@id":"https:\/\/www.revistarambla.com\/alquilar-una-habitacion-en-catalunya-cuesta-ahora-el-doble-que-en-2015\/"},"wordCount":338,"publisher":{"@id":"https:\/\/www.revistarambla.com\/#organization"},"image":{"@id":"https:\/\/www.revistarambla.com\/alquilar-una-habitacion-en-catalunya-cuesta-ahora-el-doble-que-en-2015\/#primaryimage"},"thumbnailUrl":"https:\/\/www.revistarambla.com\/wp-content\/uploads\/2020\/05\/CALLE-HOSPITAL-BARCELONA-NARCOPISOS-RAVAL.jpg","articleSection":["Catalunya"],"inLanguage":"en-GB"},{"@type":"WebPage","@id":"https:\/\/www.revistarambla.com\/alquilar-una-habitacion-en-catalunya-cuesta-ahora-el-doble-que-en-2015\/","url":"https:\/\/www.revistarambla.com\/alquilar-una-habitacion-en-catalunya-cuesta-ahora-el-doble-que-en-2015\/","name":"Alquilar una habitaci\u00f3n en Catalunya cuesta ahora el doble que en 2015 - Revista Rambla","isPartOf":{"@id":"https:\/\/www.revistarambla.com\/#website"},"primaryImageOfPage":{"@id":"https:\/\/www.revistarambla.com\/alquilar-una-habitacion-en-catalunya-cuesta-ahora-el-doble-que-en-2015\/#primaryimage"},"image":{"@id":"https:\/\/www.revistarambla.com\/alquilar-una-habitacion-en-catalunya-cuesta-ahora-el-doble-que-en-2015\/#primaryimage"},"thumbnailUrl":"https:\/\/www.revistarambla.com\/wp-content\/uploads\/2020\/05\/CALLE-HOSPITAL-BARCELONA-NARCOPISOS-RAVAL.jpg","datePublished":"2024-09-17T12:51:56+00:00","description":"Alquilar una habitaci\u00f3n en Catalunya costaba en agosto 611 euros de media en el mes, un 8% m\u00e1s que los 565 del mismo mes del a\u00f1o 2023.","breadcrumb":{"@id":"https:\/\/www.revistarambla.com\/alquilar-una-habitacion-en-catalunya-cuesta-ahora-el-doble-que-en-2015\/#breadcrumb"},"inLanguage":"en-GB","potentialAction":[{"@type":"ReadAction","target":["https:\/\/www.revistarambla.com\/alquilar-una-habitacion-en-catalunya-cuesta-ahora-el-doble-que-en-2015\/"]}]},{"@type":"ImageObject","inLanguage":"en-GB","@id":"https:\/\/www.revistarambla.com\/alquilar-una-habitacion-en-catalunya-cuesta-ahora-el-doble-que-en-2015\/#primaryimage","url":"https:\/\/www.revistarambla.com\/wp-content\/uploads\/2020\/05\/CALLE-HOSPITAL-BARCELONA-NARCOPISOS-RAVAL.jpg","contentUrl":"https:\/\/www.revistarambla.com\/wp-content\/uploads\/2020\/05\/CALLE-HOSPITAL-BARCELONA-NARCOPISOS-RAVAL.jpg","width":1459,"height":775,"caption":"Alquilar una habitaci\u00f3n en Catalunya"},{"@type":"BreadcrumbList","@id":"https:\/\/www.revistarambla.com\/alquilar-una-habitacion-en-catalunya-cuesta-ahora-el-doble-que-en-2015\/#breadcrumb","itemListElement":[{"@type":"ListItem","position":1,"name":"Portada","item":"https:\/\/www.revistarambla.com\/"},{"@type":"ListItem","position":2,"name":"Alquilar una habitaci\u00f3n en Catalunya cuesta ahora el doble que en 2015"}]},{"@type":"WebSite","@id":"https:\/\/www.revistarambla.com\/#website","url":"https:\/\/www.revistarambla.com\/","name":"Revista Rambla Barcelona","description":"Periodismo independiente","publisher":{"@id":"https:\/\/www.revistarambla.com\/#organization"},"potentialAction":[{"@type":"SearchAction","target":{"@type":"EntryPoint","urlTemplate":"https:\/\/www.revistarambla.com\/?s={search_term_string}"},"query-input":{"@type":"PropertyValueSpecification","valueRequired":true,"valueName":"search_term_string"}}],"inLanguage":"en-GB"},{"@type":"Organization","@id":"https:\/\/www.revistarambla.com\/#organization","name":"Revista Rambla","url":"https:\/\/www.revistarambla.com\/","logo":{"@type":"ImageObject","inLanguage":"en-GB","@id":"https:\/\/www.revistarambla.com\/#\/schema\/logo\/image\/","url":"https:\/\/www.revistarambla.com\/wp-content\/uploads\/2020\/09\/banner_rambla_1900x600_BB.png","contentUrl":"https:\/\/www.revistarambla.com\/wp-content\/uploads\/2020\/09\/banner_rambla_1900x600_BB.png","width":1900,"height":600,"caption":"Revista Rambla"},"image":{"@id":"https:\/\/www.revistarambla.com\/#\/schema\/logo\/image\/"},"sameAs":["https:\/\/www.facebook.com\/revistarambla\/","https:\/\/x.com\/revistarambla","https:\/\/www.instagram.com\/revista_rambla","https:\/\/es.linkedin.com\/company\/revista-rambla"]},{"@type":"Person","@id":"https:\/\/www.revistarambla.com\/#\/schema\/person\/a146a5a2550b94981a75131180e1bd9c","name":"R@mbla","description":"Este art\u00edculo ha sido redactado y\/o validado por el equipo de redacci\u00f3n de Revista Rambla.","sameAs":["https:\/\/www.revistarambla.com\/","https:\/\/www.facebook.com\/revistarambla","https:\/\/x.com\/revistarambla"]}]}},"_links":{"self":[{"href":"https:\/\/www.revistarambla.com\/en\/wp-json\/wp\/v2\/posts\/62670","targetHints":{"allow":["GET"]}}],"collection":[{"href":"https:\/\/www.revistarambla.com\/en\/wp-json\/wp\/v2\/posts"}],"about":[{"href":"https:\/\/www.revistarambla.com\/en\/wp-json\/wp\/v2\/types\/post"}],"author":[{"embeddable":true,"href":"https:\/\/www.revistarambla.com\/en\/wp-json\/wp\/v2\/users\/3"}],"replies":[{"embeddable":true,"href":"https:\/\/www.revistarambla.com\/en\/wp-json\/wp\/v2\/comments?post=62670"}],"version-history":[{"count":1,"href":"https:\/\/www.revistarambla.com\/en\/wp-json\/wp\/v2\/posts\/62670\/revisions"}],"predecessor-version":[{"id":62671,"href":"https:\/\/www.revistarambla.com\/en\/wp-json\/wp\/v2\/posts\/62670\/revisions\/62671"}],"wp:featuredmedia":[{"embeddable":true,"href":"https:\/\/www.revistarambla.com\/en\/wp-json\/wp\/v2\/media\/22992"}],"wp:attachment":[{"href":"https:\/\/www.revistarambla.com\/en\/wp-json\/wp\/v2\/media?parent=62670"}],"wp:term":[{"taxonomy":"category","embeddable":true,"href":"https:\/\/www.revistarambla.com\/en\/wp-json\/wp\/v2\/categories?post=62670"},{"taxonomy":"post_tag","embeddable":true,"href":"https:\/\/www.revistarambla.com\/en\/wp-json\/wp\/v2\/tags?post=62670"}],"curies":[{"name":"wp","href":"https:\/\/api.w.org\/{rel}","templated":true}]}}