{"id":6261,"date":"2014-10-31T16:26:39","date_gmt":"2014-10-31T16:26:39","guid":{"rendered":"https:\/\/www.revistarambla.com\/carles-casagemas-regresa-de-paris\/"},"modified":"2025-08-10T12:38:50","modified_gmt":"2025-08-10T10:38:50","slug":"carles-casagemas-regresa-de-paris","status":"publish","type":"post","link":"https:\/\/www.revistarambla.com\/en\/carles-casagemas-regresa-de-paris\/","title":{"rendered":"Carles Casagemas regresa de Par\u00eds"},"content":{"rendered":"<p>El Museu Nacional d\u2019Art de Catalunya presenta una exposici\u00f3n antol\u00f3gica de Carles Casagemas, pintor barcelon\u00e9s de finales del siglo XIX que se suicid\u00f3 en Par\u00eds, torturado por un desenga\u00f1o amoroso. En su obra, corta, pero de intensa factura, se aprecia la val\u00eda creativa de un artista fallecido en pleno proceso de formaci\u00f3n.<\/p>\n<p>La extraordinaria riqueza creativa de las <a href=\"https:\/\/www.revistarambla.com\/en\/cultura\/arte\/\">artes pl\u00e1sticas<\/a> europeas de las dos primeras d\u00e9cadas del siglo XX no se limit\u00f3 a los archiconocidos nombres de Matisse, Kokoshka, Kandinsky, Duchamp, Leger o Picasso, puesto que todos ellos convivieron \u2013a veces, malvivieron\u2013 y trabajaron con un sinf\u00edn de creadores notables pero mucho menos recordados. Entre los segundos figur\u00f3 el pintor catal\u00e1n Carles Casagemas, a quien el Museu Nacional d\u2019Art de Catalunya (MNAC) dedica una exposici\u00f3n antol\u00f3gica que abre sus puertas en el d\u00eda de hoy, viernes 31 de octubre de 2014.<\/p>\n<p>Casagemas (Barcelona, 1880-Par\u00eds, 1901), el menor de siete hermanos, era hijo de una familia culta y de posici\u00f3n social acomodada (entre otras ocupaciones, su padre fue vicec\u00f3nsul de los Estados Unidos en Barcelona y administrador del Banco de Catalu\u00f1a). No consta que asistiera a la Escuela de Bellas Artes, pero frecuent\u00f3 el taller del escen\u00f3grafo F\u00e8lix Urgell\u00e8s y, se cree, tom\u00f3 lecciones del paisajista Modest Urgell. M\u00e1s tarde trab\u00f3 amistad con Joaquim Mir e Isidre Nonell, del cual recibi\u00f3 una notable influencia art\u00edstica. Tambi\u00e9n tuvo inquietudes literarias, pues se le conocen cuatro poemas originales y una obra de teatro para gui\u00f1oles, Lo gat perdut, galardonada en un certamen convocado por el caf\u00e9 barcelon\u00e9s Els Quatre Gats, de cuyo c\u00edrculo de artistas era asiduo.<\/p>\n<p><img decoding=\"async\" class=\"aligncenter wp-image-6260 size-full\" src=\"https:\/\/www.revistarambla.com\/wp-content\/uploads\/2014\/10\/Casagemas_Revrambla03.jpg\" alt=\"Carles Casagemas\" width=\"350\" height=\"465\" srcset=\"https:\/\/www.revistarambla.com\/wp-content\/uploads\/2014\/10\/Casagemas_Revrambla03.jpg 350w, https:\/\/www.revistarambla.com\/wp-content\/uploads\/2014\/10\/Casagemas_Revrambla03-226x300.jpg 226w\" sizes=\"(max-width: 350px) 100vw, 350px\" \/><\/p>\n<p>Casagemas comparti\u00f3 andanzas e inquietudes de otro contertulio del lugar, Pablo Picasso, en aquella Barcelona inflamada de ansias cosmopolitas de finales del siglo XIX. Con el pintor malague\u00f1o emprendi\u00f3 la aventura parisina (septiembre de 1900), con ocasi\u00f3n de la Exposici\u00f3n Universal celebrada en la Ciudad Luz; la muestra inclu\u00eda una obra de Picasso, \u00daltimos momentos. Juntos regresaron a Barcelona y juntos se desplazaron a M\u00e1laga, para pasar all\u00ed el \u00faltimo fin de a\u00f1o del siglo XIX. Despu\u00e9s, los destinos de los dos amigos se bifurcaron: Picasso se mud\u00f3 temporalmente a Madrid y Casagemas volvi\u00f3 a Par\u00eds\u2026 para no regresar jam\u00e1s.<\/p>\n<p>Casagemas era un sujeto inestable. La hipocondr\u00eda dominaba su \u00e1nimo; el arrebato pasional, su car\u00e1cter. Este \u00faltimo exceso fue causa eficiente de su muerte, puesto que el pintor barcelon\u00e9s se quit\u00f3 la vida por un mal de amores. Rechazado por su amada, la modelo Laure Gargallo, intent\u00f3 matarla en una caf\u00e9 de la Place Clichy, sin \u00e9xito, y despu\u00e9s se descerraj\u00f3 a s\u00ed mismo un tiro, esta vez de modo m\u00e1s certero. Su\u00a0muerte conmocion\u00f3 a Picasso, quien dedic\u00f3 al suceso dos \u00f3leos, y un tercero al entierro.<\/p>\n<p>La muestra inaugurada en el MNAC suma siete \u00f3leos y 31 dibujos al pastel o carboncillo (la producci\u00f3n total del artista est\u00e1 inventariada en 45 obras). Se aprecia en las creaciones expuestas un estilo en formaci\u00f3n, muy influido por los gruesos trazos y el gusto por las tonalidades oscuras de Nonell. En cuanto a la tem\u00e1tica, hay escenas costumbristas populares, ambientes marginales de los burdeles y bajos fondos, y figuras femeninas de sugerente pose y enigm\u00e1tico tratamiento. El espectador conocer\u00e1 a un artista capacitado para el dibujo, h\u00e1bil en la tarea compositiva, con penetrantes dotes de observaci\u00f3n y una potencialidad creativa en pleno desarrollo, pero dotada ya de notable valor.<\/p>\n<p>Cuenta tambi\u00e9n la exposici\u00f3n con tres de los muchos retratos que Picasso hizo de Casagemas: dos pintados en vida, Interior de Els Quatre Gats (\u00c0ngel y Mateu Fern\u00e1ndez de Soto con Casagemas) (1899-1900) y Casagemas con capa y bast\u00f3n (1900), y uno realizado tras su muerte, Casagemas, desnudo (1903).<\/p>","protected":false},"excerpt":{"rendered":"<p>Carles Casagemas, \u00edntimo amigo de Picasso, muri\u00f3 en plena juventud y sufri\u00f3 un olvido inmerecido. Hoy rescata su memoria el Museu Nacional d\u2019Art de Catalunya<\/p>","protected":false},"author":3,"featured_media":6259,"comment_status":"open","ping_status":"open","sticky":false,"template":"","format":"standard","meta":{"footnotes":""},"categories":[64,75],"tags":[],"class_list":["post-6261","post","type-post","status-publish","format-standard","has-post-thumbnail","hentry","category-arte","category-letras-y-cuentos"],"yoast_head":"<!-- This site is optimized with the Yoast SEO plugin v27.5 - https:\/\/yoast.com\/product\/yoast-seo-wordpress\/ -->\n<title>Carles Casagemas regresa de Par\u00eds - Revista Rambla<\/title>\n<meta name=\"robots\" content=\"index, follow, max-snippet:-1, max-image-preview:large, max-video-preview:-1\" \/>\n<link rel=\"canonical\" href=\"https:\/\/www.revistarambla.com\/en\/carles-casagemas-regresa-de-paris\/\" \/>\n<meta property=\"og:locale\" content=\"en_GB\" \/>\n<meta property=\"og:type\" content=\"article\" \/>\n<meta property=\"og:title\" content=\"Carles Casagemas regresa de Par\u00eds - Revista Rambla\" \/>\n<meta property=\"og:description\" content=\"Carles Casagemas, \u00edntimo amigo de Picasso, muri\u00f3 en plena juventud y sufri\u00f3 un olvido inmerecido. Hoy rescata su memoria el Museu Nacional d\u2019Art de Catalunya\" \/>\n<meta property=\"og:url\" content=\"https:\/\/www.revistarambla.com\/en\/carles-casagemas-regresa-de-paris\/\" \/>\n<meta property=\"og:site_name\" content=\"Revista Rambla\" \/>\n<meta property=\"article:publisher\" content=\"https:\/\/www.facebook.com\/revistarambla\/\" \/>\n<meta property=\"article:author\" content=\"https:\/\/www.facebook.com\/revistarambla\" \/>\n<meta property=\"article:published_time\" content=\"2014-10-31T16:26:39+00:00\" \/>\n<meta property=\"article:modified_time\" content=\"2025-08-10T10:38:50+00:00\" \/>\n<meta property=\"og:image\" content=\"https:\/\/www.revistarambla.com\/wp-content\/uploads\/2014\/10\/Casagemas_Revrambla02.jpg\" \/>\n\t<meta property=\"og:image:width\" content=\"700\" \/>\n\t<meta property=\"og:image:height\" content=\"575\" \/>\n\t<meta property=\"og:image:type\" content=\"image\/jpeg\" \/>\n<meta name=\"author\" content=\"R@mbla\" \/>\n<meta name=\"twitter:card\" content=\"summary_large_image\" \/>\n<meta name=\"twitter:creator\" content=\"@revistarambla\" \/>\n<meta name=\"twitter:site\" content=\"@revistarambla\" \/>\n<meta name=\"twitter:label1\" content=\"Written by\" \/>\n\t<meta name=\"twitter:data1\" content=\"R@mbla\" \/>\n\t<meta name=\"twitter:label2\" content=\"Estimated reading time\" \/>\n\t<meta name=\"twitter:data2\" content=\"4 minutes\" \/>\n<script type=\"application\/ld+json\" class=\"yoast-schema-graph\">{\"@context\":\"https:\\\/\\\/schema.org\",\"@graph\":[{\"@type\":\"Article\",\"@id\":\"https:\\\/\\\/www.revistarambla.com\\\/carles-casagemas-regresa-de-paris\\\/#article\",\"isPartOf\":{\"@id\":\"https:\\\/\\\/www.revistarambla.com\\\/carles-casagemas-regresa-de-paris\\\/\"},\"author\":{\"name\":\"R@mbla\",\"@id\":\"https:\\\/\\\/www.revistarambla.com\\\/#\\\/schema\\\/person\\\/a146a5a2550b94981a75131180e1bd9c\"},\"headline\":\"Carles Casagemas regresa de Par\u00eds\",\"datePublished\":\"2014-10-31T16:26:39+00:00\",\"dateModified\":\"2025-08-10T10:38:50+00:00\",\"mainEntityOfPage\":{\"@id\":\"https:\\\/\\\/www.revistarambla.com\\\/carles-casagemas-regresa-de-paris\\\/\"},\"wordCount\":662,\"commentCount\":0,\"publisher\":{\"@id\":\"https:\\\/\\\/www.revistarambla.com\\\/#organization\"},\"image\":{\"@id\":\"https:\\\/\\\/www.revistarambla.com\\\/carles-casagemas-regresa-de-paris\\\/#primaryimage\"},\"thumbnailUrl\":\"https:\\\/\\\/www.revistarambla.com\\\/wp-content\\\/uploads\\\/2014\\\/10\\\/Casagemas_Revrambla02.jpg\",\"articleSection\":[\"Arte\",\"Letras y Cuentos\"],\"inLanguage\":\"en-GB\",\"potentialAction\":[{\"@type\":\"CommentAction\",\"name\":\"Comment\",\"target\":[\"https:\\\/\\\/www.revistarambla.com\\\/carles-casagemas-regresa-de-paris\\\/#respond\"]}]},{\"@type\":\"WebPage\",\"@id\":\"https:\\\/\\\/www.revistarambla.com\\\/carles-casagemas-regresa-de-paris\\\/\",\"url\":\"https:\\\/\\\/www.revistarambla.com\\\/carles-casagemas-regresa-de-paris\\\/\",\"name\":\"Carles Casagemas regresa de Par\u00eds - Revista Rambla\",\"isPartOf\":{\"@id\":\"https:\\\/\\\/www.revistarambla.com\\\/#website\"},\"primaryImageOfPage\":{\"@id\":\"https:\\\/\\\/www.revistarambla.com\\\/carles-casagemas-regresa-de-paris\\\/#primaryimage\"},\"image\":{\"@id\":\"https:\\\/\\\/www.revistarambla.com\\\/carles-casagemas-regresa-de-paris\\\/#primaryimage\"},\"thumbnailUrl\":\"https:\\\/\\\/www.revistarambla.com\\\/wp-content\\\/uploads\\\/2014\\\/10\\\/Casagemas_Revrambla02.jpg\",\"datePublished\":\"2014-10-31T16:26:39+00:00\",\"dateModified\":\"2025-08-10T10:38:50+00:00\",\"breadcrumb\":{\"@id\":\"https:\\\/\\\/www.revistarambla.com\\\/carles-casagemas-regresa-de-paris\\\/#breadcrumb\"},\"inLanguage\":\"en-GB\",\"potentialAction\":[{\"@type\":\"ReadAction\",\"target\":[\"https:\\\/\\\/www.revistarambla.com\\\/carles-casagemas-regresa-de-paris\\\/\"]}]},{\"@type\":\"ImageObject\",\"inLanguage\":\"en-GB\",\"@id\":\"https:\\\/\\\/www.revistarambla.com\\\/carles-casagemas-regresa-de-paris\\\/#primaryimage\",\"url\":\"https:\\\/\\\/www.revistarambla.com\\\/wp-content\\\/uploads\\\/2014\\\/10\\\/Casagemas_Revrambla02.jpg\",\"contentUrl\":\"https:\\\/\\\/www.revistarambla.com\\\/wp-content\\\/uploads\\\/2014\\\/10\\\/Casagemas_Revrambla02.jpg\",\"width\":700,\"height\":575,\"caption\":\"Carles Casagemas\"},{\"@type\":\"BreadcrumbList\",\"@id\":\"https:\\\/\\\/www.revistarambla.com\\\/carles-casagemas-regresa-de-paris\\\/#breadcrumb\",\"itemListElement\":[{\"@type\":\"ListItem\",\"position\":1,\"name\":\"Portada\",\"item\":\"https:\\\/\\\/www.revistarambla.com\\\/\"},{\"@type\":\"ListItem\",\"position\":2,\"name\":\"Carles Casagemas regresa de Par\u00eds\"}]},{\"@type\":\"WebSite\",\"@id\":\"https:\\\/\\\/www.revistarambla.com\\\/#website\",\"url\":\"https:\\\/\\\/www.revistarambla.com\\\/\",\"name\":\"Revista Rambla Barcelona\",\"description\":\"Periodismo independiente\",\"publisher\":{\"@id\":\"https:\\\/\\\/www.revistarambla.com\\\/#organization\"},\"potentialAction\":[{\"@type\":\"SearchAction\",\"target\":{\"@type\":\"EntryPoint\",\"urlTemplate\":\"https:\\\/\\\/www.revistarambla.com\\\/?s={search_term_string}\"},\"query-input\":{\"@type\":\"PropertyValueSpecification\",\"valueRequired\":true,\"valueName\":\"search_term_string\"}}],\"inLanguage\":\"en-GB\"},{\"@type\":\"Organization\",\"@id\":\"https:\\\/\\\/www.revistarambla.com\\\/#organization\",\"name\":\"Revista Rambla\",\"url\":\"https:\\\/\\\/www.revistarambla.com\\\/\",\"logo\":{\"@type\":\"ImageObject\",\"inLanguage\":\"en-GB\",\"@id\":\"https:\\\/\\\/www.revistarambla.com\\\/#\\\/schema\\\/logo\\\/image\\\/\",\"url\":\"https:\\\/\\\/www.revistarambla.com\\\/wp-content\\\/uploads\\\/2020\\\/09\\\/banner_rambla_1900x600_BB.png\",\"contentUrl\":\"https:\\\/\\\/www.revistarambla.com\\\/wp-content\\\/uploads\\\/2020\\\/09\\\/banner_rambla_1900x600_BB.png\",\"width\":1900,\"height\":600,\"caption\":\"Revista Rambla\"},\"image\":{\"@id\":\"https:\\\/\\\/www.revistarambla.com\\\/#\\\/schema\\\/logo\\\/image\\\/\"},\"sameAs\":[\"https:\\\/\\\/www.facebook.com\\\/revistarambla\\\/\",\"https:\\\/\\\/x.com\\\/revistarambla\",\"https:\\\/\\\/www.instagram.com\\\/revista_rambla\",\"https:\\\/\\\/es.linkedin.com\\\/company\\\/revista-rambla\"]},{\"@type\":\"Person\",\"@id\":\"https:\\\/\\\/www.revistarambla.com\\\/#\\\/schema\\\/person\\\/a146a5a2550b94981a75131180e1bd9c\",\"name\":\"R@mbla\",\"description\":\"Este art\u00edculo ha sido redactado y\\\/o validado por el equipo de redacci\u00f3n de Revista Rambla.\",\"sameAs\":[\"https:\\\/\\\/www.revistarambla.com\\\/\",\"https:\\\/\\\/www.facebook.com\\\/revistarambla\",\"https:\\\/\\\/x.com\\\/revistarambla\"]}]}<\/script>\n<!-- \/ Yoast SEO plugin. -->","yoast_head_json":{"title":"Carles Casagemas regresa de Par\u00eds - Revista Rambla","robots":{"index":"index","follow":"follow","max-snippet":"max-snippet:-1","max-image-preview":"max-image-preview:large","max-video-preview":"max-video-preview:-1"},"canonical":"https:\/\/www.revistarambla.com\/en\/carles-casagemas-regresa-de-paris\/","og_locale":"en_GB","og_type":"article","og_title":"Carles Casagemas regresa de Par\u00eds - Revista Rambla","og_description":"Carles Casagemas, \u00edntimo amigo de Picasso, muri\u00f3 en plena juventud y sufri\u00f3 un olvido inmerecido. Hoy rescata su memoria el Museu Nacional d\u2019Art de Catalunya","og_url":"https:\/\/www.revistarambla.com\/en\/carles-casagemas-regresa-de-paris\/","og_site_name":"Revista Rambla","article_publisher":"https:\/\/www.facebook.com\/revistarambla\/","article_author":"https:\/\/www.facebook.com\/revistarambla","article_published_time":"2014-10-31T16:26:39+00:00","article_modified_time":"2025-08-10T10:38:50+00:00","og_image":[{"width":700,"height":575,"url":"https:\/\/www.revistarambla.com\/wp-content\/uploads\/2014\/10\/Casagemas_Revrambla02.jpg","type":"image\/jpeg"}],"author":"R@mbla","twitter_card":"summary_large_image","twitter_creator":"@revistarambla","twitter_site":"@revistarambla","twitter_misc":{"Written by":"R@mbla","Estimated reading time":"4 minutes"},"schema":{"@context":"https:\/\/schema.org","@graph":[{"@type":"Article","@id":"https:\/\/www.revistarambla.com\/carles-casagemas-regresa-de-paris\/#article","isPartOf":{"@id":"https:\/\/www.revistarambla.com\/carles-casagemas-regresa-de-paris\/"},"author":{"name":"R@mbla","@id":"https:\/\/www.revistarambla.com\/#\/schema\/person\/a146a5a2550b94981a75131180e1bd9c"},"headline":"Carles Casagemas regresa de Par\u00eds","datePublished":"2014-10-31T16:26:39+00:00","dateModified":"2025-08-10T10:38:50+00:00","mainEntityOfPage":{"@id":"https:\/\/www.revistarambla.com\/carles-casagemas-regresa-de-paris\/"},"wordCount":662,"commentCount":0,"publisher":{"@id":"https:\/\/www.revistarambla.com\/#organization"},"image":{"@id":"https:\/\/www.revistarambla.com\/carles-casagemas-regresa-de-paris\/#primaryimage"},"thumbnailUrl":"https:\/\/www.revistarambla.com\/wp-content\/uploads\/2014\/10\/Casagemas_Revrambla02.jpg","articleSection":["Arte","Letras y Cuentos"],"inLanguage":"en-GB","potentialAction":[{"@type":"CommentAction","name":"Comment","target":["https:\/\/www.revistarambla.com\/carles-casagemas-regresa-de-paris\/#respond"]}]},{"@type":"WebPage","@id":"https:\/\/www.revistarambla.com\/carles-casagemas-regresa-de-paris\/","url":"https:\/\/www.revistarambla.com\/carles-casagemas-regresa-de-paris\/","name":"Carles Casagemas regresa de Par\u00eds - Revista Rambla","isPartOf":{"@id":"https:\/\/www.revistarambla.com\/#website"},"primaryImageOfPage":{"@id":"https:\/\/www.revistarambla.com\/carles-casagemas-regresa-de-paris\/#primaryimage"},"image":{"@id":"https:\/\/www.revistarambla.com\/carles-casagemas-regresa-de-paris\/#primaryimage"},"thumbnailUrl":"https:\/\/www.revistarambla.com\/wp-content\/uploads\/2014\/10\/Casagemas_Revrambla02.jpg","datePublished":"2014-10-31T16:26:39+00:00","dateModified":"2025-08-10T10:38:50+00:00","breadcrumb":{"@id":"https:\/\/www.revistarambla.com\/carles-casagemas-regresa-de-paris\/#breadcrumb"},"inLanguage":"en-GB","potentialAction":[{"@type":"ReadAction","target":["https:\/\/www.revistarambla.com\/carles-casagemas-regresa-de-paris\/"]}]},{"@type":"ImageObject","inLanguage":"en-GB","@id":"https:\/\/www.revistarambla.com\/carles-casagemas-regresa-de-paris\/#primaryimage","url":"https:\/\/www.revistarambla.com\/wp-content\/uploads\/2014\/10\/Casagemas_Revrambla02.jpg","contentUrl":"https:\/\/www.revistarambla.com\/wp-content\/uploads\/2014\/10\/Casagemas_Revrambla02.jpg","width":700,"height":575,"caption":"Carles Casagemas"},{"@type":"BreadcrumbList","@id":"https:\/\/www.revistarambla.com\/carles-casagemas-regresa-de-paris\/#breadcrumb","itemListElement":[{"@type":"ListItem","position":1,"name":"Portada","item":"https:\/\/www.revistarambla.com\/"},{"@type":"ListItem","position":2,"name":"Carles Casagemas regresa de Par\u00eds"}]},{"@type":"WebSite","@id":"https:\/\/www.revistarambla.com\/#website","url":"https:\/\/www.revistarambla.com\/","name":"Revista Rambla Barcelona","description":"Periodismo independiente","publisher":{"@id":"https:\/\/www.revistarambla.com\/#organization"},"potentialAction":[{"@type":"SearchAction","target":{"@type":"EntryPoint","urlTemplate":"https:\/\/www.revistarambla.com\/?s={search_term_string}"},"query-input":{"@type":"PropertyValueSpecification","valueRequired":true,"valueName":"search_term_string"}}],"inLanguage":"en-GB"},{"@type":"Organization","@id":"https:\/\/www.revistarambla.com\/#organization","name":"Revista Rambla","url":"https:\/\/www.revistarambla.com\/","logo":{"@type":"ImageObject","inLanguage":"en-GB","@id":"https:\/\/www.revistarambla.com\/#\/schema\/logo\/image\/","url":"https:\/\/www.revistarambla.com\/wp-content\/uploads\/2020\/09\/banner_rambla_1900x600_BB.png","contentUrl":"https:\/\/www.revistarambla.com\/wp-content\/uploads\/2020\/09\/banner_rambla_1900x600_BB.png","width":1900,"height":600,"caption":"Revista Rambla"},"image":{"@id":"https:\/\/www.revistarambla.com\/#\/schema\/logo\/image\/"},"sameAs":["https:\/\/www.facebook.com\/revistarambla\/","https:\/\/x.com\/revistarambla","https:\/\/www.instagram.com\/revista_rambla","https:\/\/es.linkedin.com\/company\/revista-rambla"]},{"@type":"Person","@id":"https:\/\/www.revistarambla.com\/#\/schema\/person\/a146a5a2550b94981a75131180e1bd9c","name":"R@mbla","description":"Este art\u00edculo ha sido redactado y\/o validado por el equipo de redacci\u00f3n de Revista Rambla.","sameAs":["https:\/\/www.revistarambla.com\/","https:\/\/www.facebook.com\/revistarambla","https:\/\/x.com\/revistarambla"]}]}},"_links":{"self":[{"href":"https:\/\/www.revistarambla.com\/en\/wp-json\/wp\/v2\/posts\/6261","targetHints":{"allow":["GET"]}}],"collection":[{"href":"https:\/\/www.revistarambla.com\/en\/wp-json\/wp\/v2\/posts"}],"about":[{"href":"https:\/\/www.revistarambla.com\/en\/wp-json\/wp\/v2\/types\/post"}],"author":[{"embeddable":true,"href":"https:\/\/www.revistarambla.com\/en\/wp-json\/wp\/v2\/users\/3"}],"replies":[{"embeddable":true,"href":"https:\/\/www.revistarambla.com\/en\/wp-json\/wp\/v2\/comments?post=6261"}],"version-history":[{"count":2,"href":"https:\/\/www.revistarambla.com\/en\/wp-json\/wp\/v2\/posts\/6261\/revisions"}],"predecessor-version":[{"id":66020,"href":"https:\/\/www.revistarambla.com\/en\/wp-json\/wp\/v2\/posts\/6261\/revisions\/66020"}],"wp:featuredmedia":[{"embeddable":true,"href":"https:\/\/www.revistarambla.com\/en\/wp-json\/wp\/v2\/media\/6259"}],"wp:attachment":[{"href":"https:\/\/www.revistarambla.com\/en\/wp-json\/wp\/v2\/media?parent=6261"}],"wp:term":[{"taxonomy":"category","embeddable":true,"href":"https:\/\/www.revistarambla.com\/en\/wp-json\/wp\/v2\/categories?post=6261"},{"taxonomy":"post_tag","embeddable":true,"href":"https:\/\/www.revistarambla.com\/en\/wp-json\/wp\/v2\/tags?post=6261"}],"curies":[{"name":"wp","href":"https:\/\/api.w.org\/{rel}","templated":true}]}}