{"id":6256,"date":"2014-10-31T15:36:31","date_gmt":"2014-10-31T15:36:31","guid":{"rendered":"https:\/\/www.revistarambla.com\/vienen-tiempos-dificiles-para-mexico\/"},"modified":"2014-10-31T15:36:31","modified_gmt":"2014-10-31T15:36:31","slug":"vienen-tiempos-dificiles-para-mexico","status":"publish","type":"post","link":"https:\/\/www.revistarambla.com\/en\/vienen-tiempos-dificiles-para-mexico\/","title":{"rendered":"\u201cVienen tiempos dif\u00edciles para M\u00e9xico\u201d"},"content":{"rendered":"<p class=\"p1\"> \t<img decoding=\"async\" class=\"alignleft size-full wp-image-6253\" alt=\"alt\" src=\"https:\/\/www.revistarambla.com\/wp-content\/uploads\/2014\/10\/Mexico_revRambla01.jpg\" style=\"width: 682px; height: 438px; float: left; margin-left: 12px; margin-right: 12px;\" width=\"700\" height=\"450\" srcset=\"https:\/\/www.revistarambla.com\/wp-content\/uploads\/2014\/10\/Mexico_revRambla01.jpg 700w, https:\/\/www.revistarambla.com\/wp-content\/uploads\/2014\/10\/Mexico_revRambla01-300x193.jpg 300w, https:\/\/www.revistarambla.com\/wp-content\/uploads\/2014\/10\/Mexico_revRambla01-500x321.jpg 500w\" sizes=\"(max-width: 700px) 100vw, 700px\" \/>Sergio <span data-scayt_word=\"Gonz\u00e1lez\" data-scaytid=\"1\">Gonz\u00e1lez<\/span> <span data-scayt_word=\"Rodr\u00edguez\" data-scaytid=\"2\">Rodr\u00edguez<\/span> (<span data-scayt_word=\"ciudad\" data-scaytid=\"3\">ciudad<\/span> de <span data-scayt_word=\"M\u00e9xico\" data-scaytid=\"4\">M\u00e9xico<\/span>, 1950) <span data-scayt_word=\"es\" data-scaytid=\"5\">es<\/span> un <span data-scayt_word=\"periodista\" data-scaytid=\"6\">periodista<\/span> y <span data-scayt_word=\"escritor\" data-scaytid=\"7\">escritor<\/span> <span data-scayt_word=\"mexicano\" data-scaytid=\"8\">mexicano<\/span>, <span data-scayt_word=\"galardonado\" data-scaytid=\"9\">galardonado<\/span> con el\u00a0 <span data-scayt_word=\"premio\" data-scaytid=\"10\">premio<\/span> <span data-scayt_word=\"Anagrama\" data-scaytid=\"11\">Anagrama<\/span> de <span data-scayt_word=\"ensayo\" data-scaytid=\"12\">ensayo<\/span> 2014\u00a0 <span data-scayt_word=\"por\" data-scaytid=\"13\">por<\/span> el <span data-scayt_word=\"libro\" data-scaytid=\"14\">libro<\/span> <i>Campo de Guerra<\/i> y <span data-scayt_word=\"que\" data-scaytid=\"15\">que<\/span> <span data-scayt_word=\"junto\" data-scaytid=\"16\">junto<\/span> con <i>El Hombre sin <span data-scayt_word=\"cabeza\" data-scaytid=\"17\">cabeza<\/span><\/i> y <i>Los <span data-scayt_word=\"huesos\" data-scaytid=\"18\">huesos<\/span> en el <span data-scayt_word=\"desierto\" data-scaytid=\"19\">desierto<\/span><\/i>, <span data-scayt_word=\"conforman\" data-scaytid=\"20\">conforman<\/span> <span data-scayt_word=\"una\" data-scaytid=\"21\">una<\/span> <span data-scayt_word=\"trilog\u00eda\" data-scaytid=\"22\">trilog\u00eda<\/span> <span data-scayt_word=\"sobre\" data-scaytid=\"23\">sobre<\/span> la <span data-scayt_word=\"violencia\" data-scaytid=\"24\">violencia<\/span> <span data-scayt_word=\"extrema\" data-scaytid=\"25\">extrema<\/span> y <span data-scayt_word=\"su\" data-scaytid=\"26\">su<\/span> <span data-scayt_word=\"repercusi\u00f3n\" data-scaytid=\"27\">repercusi\u00f3n<\/span> en la <span data-scayt_word=\"sociedad\" data-scaytid=\"28\">sociedad<\/span> <span data-scayt_word=\"contempor\u00e1nea\" data-scaytid=\"29\">contempor\u00e1nea<\/span>.<\/p>\n<p class=\"p1\"> \t\u00a0<\/p>\n<p class=\"p1\"> \t\u00a0<\/p>\n<p>  <!--more-->  <\/p>\n<p> \t\u00a0<\/p>\n<p class=\"p1\"> \t<img decoding=\"async\" class=\"size-full wp-image-6254\" alt=\"alt\" src=\"https:\/\/www.revistarambla.com\/wp-content\/uploads\/2014\/10\/Mexico_revRambla02.jpg\" style=\"width: 700px; height: 450px;\" width=\"700\" height=\"450\" srcset=\"https:\/\/www.revistarambla.com\/wp-content\/uploads\/2014\/10\/Mexico_revRambla02.jpg 700w, https:\/\/www.revistarambla.com\/wp-content\/uploads\/2014\/10\/Mexico_revRambla02-300x193.jpg 300w, https:\/\/www.revistarambla.com\/wp-content\/uploads\/2014\/10\/Mexico_revRambla02-500x321.jpg 500w\" sizes=\"(max-width: 700px) 100vw, 700px\" \/><\/p>\n<p class=\"p1\"> \t\u00a0<\/p>\n<p class=\"p1\"> \tSergio <span data-scayt_word=\"Gonz\u00e1lez\" data-scaytid=\"30\">Gonz\u00e1lez<\/span> <span data-scayt_word=\"Rodr\u00edguez\" data-scaytid=\"31\">Rodr\u00edguez<\/span> (<span data-scayt_word=\"ciudad\" data-scaytid=\"32\">ciudad<\/span> de <span data-scayt_word=\"M\u00e9xico\" data-scaytid=\"33\">M\u00e9xico<\/span>, 1950) <span data-scayt_word=\"es\" data-scaytid=\"34\">es<\/span> un <span data-scayt_word=\"periodista\" data-scaytid=\"35\">periodista<\/span> y <span data-scayt_word=\"escritor\" data-scaytid=\"36\">escritor<\/span> <span data-scayt_word=\"mexicano\" data-scaytid=\"37\">mexicano<\/span>, <span data-scayt_word=\"galardonado\" data-scaytid=\"38\">galardonado<\/span> con el\u00a0 <span data-scayt_word=\"premio\" data-scaytid=\"39\">premio<\/span> <span data-scayt_word=\"Anagrama\" data-scaytid=\"40\">Anagrama<\/span> de <span data-scayt_word=\"ensayo\" data-scaytid=\"41\">ensayo<\/span> 2014\u00a0 <span data-scayt_word=\"por\" data-scaytid=\"42\">por<\/span> el <span data-scayt_word=\"libro\" data-scaytid=\"43\">libro<\/span> <i>Campo de Guerra<\/i> y <span data-scayt_word=\"que\" data-scaytid=\"44\">que<\/span> <span data-scayt_word=\"junto\" data-scaytid=\"49\">junto<\/span> con <i>El Hombre sin <span data-scayt_word=\"cabeza\" data-scaytid=\"50\">cabeza<\/span><\/i> y <i>Los <span data-scayt_word=\"huesos\" data-scaytid=\"51\">huesos<\/span> en el <span data-scayt_word=\"desierto\" data-scaytid=\"52\">desierto<\/span><\/i>, <span data-scayt_word=\"conforman\" data-scaytid=\"53\">conforman<\/span> <span data-scayt_word=\"una\" data-scaytid=\"54\">una<\/span> <span data-scayt_word=\"trilog\u00eda\" data-scaytid=\"56\">trilog\u00eda<\/span> <span data-scayt_word=\"sobre\" data-scaytid=\"57\">sobre<\/span> la <span data-scayt_word=\"violencia\" data-scaytid=\"58\">violencia<\/span> <span data-scayt_word=\"extrema\" data-scaytid=\"59\">extrema<\/span> y <span data-scayt_word=\"su\" data-scaytid=\"60\">su<\/span> <span data-scayt_word=\"repercusi\u00f3n\" data-scaytid=\"61\">repercusi\u00f3n<\/span> en la <span data-scayt_word=\"sociedad\" data-scaytid=\"62\">sociedad<\/span> <span data-scayt_word=\"contempor\u00e1nea\" data-scaytid=\"63\">contempor\u00e1nea<\/span>.\u00a0 En <span data-scayt_word=\"esta\" data-scaytid=\"85\">esta<\/span> <span data-scayt_word=\"entrevista\" data-scaytid=\"86\">entrevista<\/span>\u00a0 <span data-scayt_word=\"donde\" data-scaytid=\"87\">donde<\/span> <span data-scayt_word=\"adem\u00e1s\" data-scaytid=\"88\">adem\u00e1s<\/span> de\u00a0 <span data-scayt_word=\"abordar\" data-scaytid=\"89\">abordar<\/span> el <span data-scayt_word=\"tema\" data-scaytid=\"90\">tema<\/span> de los 43 <span data-scayt_word=\"estudiantes\" data-scaytid=\"91\">estudiantes<\/span> de <span data-scayt_word=\"una\" data-scaytid=\"55\">una<\/span> <span data-scayt_word=\"escuela\" data-scaytid=\"93\">escuela<\/span> rural <span data-scayt_word=\"que\" data-scaytid=\"45\">que<\/span> <span data-scayt_word=\"desde\" data-scaytid=\"94\">desde<\/span> <span data-scayt_word=\"hace\" data-scaytid=\"95\">hace<\/span> <span data-scayt_word=\"m\u00e1s\" data-scaytid=\"97\">m\u00e1s<\/span> de un <span data-scayt_word=\"mes\" data-scaytid=\"98\">mes<\/span>\u00a0 <span data-scayt_word=\"siguen\" data-scaytid=\"99\">siguen<\/span>\u00a0 <span data-scayt_word=\"desaparecidos\" data-scaytid=\"100\">desaparecidos<\/span>;\u00a0 <span data-scayt_word=\"bosqueja\" data-scaytid=\"101\">bosqueja<\/span>\u00a0 un <span data-scayt_word=\"pa\u00eds\" data-scaytid=\"102\">pa\u00eds<\/span> <span data-scayt_word=\"que\" data-scaytid=\"46\">que<\/span> <span data-scayt_word=\"cuando\" data-scaytid=\"103\">cuando<\/span> <span data-scayt_word=\"amanece\" data-scaytid=\"104\">amanece<\/span> y <span data-scayt_word=\"despierta\" data-scaytid=\"105\">despierta<\/span> lo <span data-scayt_word=\"hace\" data-scaytid=\"96\">hace<\/span> <span data-scayt_word=\"todos\" data-scaytid=\"106\">todos<\/span> los <span data-scayt_word=\"d\u00edas\" data-scaytid=\"107\">d\u00edas<\/span> <span data-scayt_word=\"mir\u00e1ndose\" data-scaytid=\"108\">mir\u00e1ndose<\/span> en el <span data-scayt_word=\"espejo\" data-scaytid=\"109\">espejo<\/span> del <span data-scayt_word=\"crimen\" data-scaytid=\"110\">crimen<\/span> <span data-scayt_word=\"organizado\" data-scaytid=\"111\">organizado<\/span> y la <span data-scayt_word=\"impunidad\" data-scaytid=\"112\">impunidad<\/span>.\u00a0 \u00a0<\/p>\n<p class=\"p1\"> \t\u00a0<\/p>\n<p class=\"p1\"> \t<b>La\u00a0 <span data-scayt_word=\"desaparici\u00f3n\" data-scaytid=\"113\">desaparici\u00f3n<\/span> de\u00a0 43 <span data-scayt_word=\"estudiantes\" data-scaytid=\"92\">estudiantes<\/span> <span data-scayt_word=\"normalistas\" data-scaytid=\"114\">normalistas<\/span> de <span data-scayt_word=\"Iguala\u2013Guerrero\" data-scaytid=\"115\">Iguala&ndash;Guerrero<\/span> \u00bfha <span data-scayt_word=\"hecho\" data-scaytid=\"116\">hecho<\/span> <span data-scayt_word=\"que\" data-scaytid=\"47\">que<\/span> se <span data-scayt_word=\"rebalse\" data-scaytid=\"117\">rebalse<\/span> el <span data-scayt_word=\"vaso\" data-scaytid=\"118\">vaso<\/span> de <span data-scayt_word=\"agua\" data-scaytid=\"119\">agua<\/span> de <span data-scayt_word=\"las\" data-scaytid=\"120\">las<\/span> <span data-scayt_word=\"violaciones\" data-scaytid=\"121\">violaciones<\/span> a <span data-scayt_word=\"derechos\" data-scaytid=\"122\">derechos<\/span> <span data-scayt_word=\"humanos\" data-scaytid=\"123\">humanos<\/span> <span data-scayt_word=\"que\" data-scaytid=\"48\">que<\/span> <span data-scayt_word=\"ya\" data-scaytid=\"124\">ya<\/span> se <span data-scayt_word=\"ven\u00edan\" data-scaytid=\"125\">ven\u00edan<\/span> <span data-scayt_word=\"cometiendo\" data-scaytid=\"126\">cometiendo<\/span> en <span data-scayt_word=\"M\u00e9xico\" data-scaytid=\"64\">M\u00e9xico<\/span>?<\/b><\/p>\n<p class=\"p1\"> \t\u00a0<\/p>\n<p class=\"p1\"> \tLa violaci\u00f3n sistem\u00e1tica de <span data-scayt_word=\"derechos\" data-scaytid=\"191\">derechos<\/span> <span data-scayt_word=\"humanos\" data-scaytid=\"192\">humanos<\/span> en <span data-scayt_word=\"M\u00e9xico\" data-scaytid=\"193\">M\u00e9xico<\/span> <span data-scayt_word=\"por\" data-scaytid=\"195\">por<\/span> parte de polic\u00edas, militares y marinos <span data-scayt_word=\"es\" data-scaytid=\"198\">es<\/span> algo denunciado <span data-scayt_word=\"desde\" data-scaytid=\"200\">desde<\/span> tiempo atr\u00e1s <span data-scayt_word=\"por\" data-scaytid=\"196\">por<\/span> organismos civiles e internacionales, como la ONU. Sucede <span data-scayt_word=\"que\" data-scaytid=\"201\">que<\/span>, en el \u00e1mbito internacional, los medios de comunicaci\u00f3n son <span data-scayt_word=\"m\u00e1s\" data-scaytid=\"211\">m\u00e1s<\/span> sensibles a la propaganda del gobierno <span data-scayt_word=\"que\" data-scaytid=\"202\">que<\/span> habla del \u00abmomento <span data-scayt_word=\"mexicano\" data-scaytid=\"212\">mexicano<\/span>\u00ab, el \u00abtriunfo del reformismo\u00bb, etc\u00e9tera, <span data-scayt_word=\"que\" data-scaytid=\"203\">que<\/span> a los contrastes y anomal\u00edas de <span data-scayt_word=\"M\u00e9xico\" data-scaytid=\"194\">M\u00e9xico<\/span> en tanto Estado <span data-scayt_word=\"que\" data-scaytid=\"204\">que<\/span> funcionan fuera y contra de la legalidad, a la vez <span data-scayt_word=\"que\" data-scaytid=\"205\">que<\/span> simular ser un estado de derecho.<\/p>\n<p class=\"p1\"> \t\u00a0<\/p>\n<p class=\"p1\"> \t<b>Se sabe <span data-scayt_word=\"que\" data-scaytid=\"206\">que<\/span>\u00a0 polic\u00edas y sicarios de &ldquo;Guerreros Unidos&rdquo; estaban coludidos para desaparecer a los 43 <span data-scayt_word=\"estudiantes\" data-scaytid=\"213\">estudiantes<\/span> mexicanos, pero <span data-scayt_word=\"que\" data-scaytid=\"207\">que<\/span> <span data-scayt_word=\"por\" data-scaytid=\"197\">por<\/span> otro lado se dice <span data-scayt_word=\"que\" data-scaytid=\"208\">que<\/span> los <span data-scayt_word=\"estudiantes\" data-scaytid=\"214\">estudiantes<\/span> pertenec\u00edan al clan rival &ldquo;Los Rojos&rdquo;, la finalidad de todo esto \u00bfcrees <span data-scayt_word=\"que\" data-scaytid=\"209\">que<\/span> <span data-scayt_word=\"es\" data-scaytid=\"199\">es<\/span>\u00a0 mostrar <span data-scayt_word=\"que\" data-scaytid=\"210\">que<\/span> se ha tratado de <span data-scayt_word=\"una\" data-scaytid=\"215\">una<\/span> reyerta entre grupos delincuenciales?\u00a0<\/b><\/p>\n<p class=\"p1\"> \t\u00a0<\/p>\n<p class=\"p1\"> \tEs insostenible la versi\u00f3n oficial sobre los nexos entre normalistas y una banda criminal. El gobierno mexicano trata de manejar con mentiras y ocultamientos su responsabilidad constitucional en los hechos, as\u00ed como produce interpretaciones sesgadas a trav\u00e9s de voceros y acad\u00e9micos que intentan relativizar o minimizar la barbarie de los asesinatos y desapariciones en Guerrero.<\/p>\n<p class=\"p1\"> \t\u00a0<\/p>\n<p class=\"p1\"> \t<b>\u00bfA qui\u00e9n beneficia que se quiera hacer creer que exist\u00edan v\u00ednculos entre\u00a0 aquellos\u00a0 estudiantes y la delincuencia organizada?<\/b><\/p>\n<p class=\"p1\"> \t\u00a0<\/p>\n<p class=\"p1\"> \tCriminalizar a las v\u00edctimas s\u00f3lo beneficia a la barbarie, criminalizar la disidencia o las protestas sociales s\u00f3lo beneficia a la tendencia cada vez m\u00e1s creciente a favor de un estado terrorista.<\/p>\n<p class=\"p1\"> \t\u00a0<\/p>\n<p class=\"p1\"> \t<b>\u00bfLa comprobada\u00a0 existencia de v\u00ednculos entre algunos funcionarios del PRI y el narcotr\u00e1fico sacado a la luz\u00a0 desde finales de los 70&hellip;deja mucho que desear en la lucha por acabar con el crimen organizado no?\u00a0<\/b><\/p>\n<p class=\"p1\"> \t\u00a0<\/p>\n<p class=\"p1\"> \tEl tr\u00e1fico de drogas es consustancial a las instituciones mexicanas. La versi\u00f3n oficial quiere aparentar que se trata de un agente externo al Estado, a los gobiernos, al capital, al sistema bancario y financiero, a las iglesias, a los partidos pol\u00edticos. Tal versi\u00f3n es falsa. El narco capitalismo en M\u00e9xico es una realidad desde d\u00e9cadas atr\u00e1s propulsada por la econom\u00eda global y el auge de los grandes grupos criminales en ella.<\/p>\n<p class=\"p1\"> \t\u00a0<\/p>\n<p class=\"p1\"> \t<b>\u00bfEsas vinculaciones afectan tambi\u00e9n a otros partidos pol\u00edticos?<\/b><\/p>\n<p class=\"p1\"> \t\u00a0<\/p>\n<p class=\"p1\"> \tLos partidos pol\u00edticos, a sabiendas o no, y lo m\u00e1s probable es lo primero que lo segundo, mantienen nexos org\u00e1nicos con grupos criminales que suelen proporcionar dinero para las campa\u00f1as pol\u00edticas y para patrocinar trayectorias de funcionarios y pol\u00edticos.<\/p>\n<p class=\"p2\"> \t\u00a0<\/p>\n<p class=\"p2\"> \t<b>\u00bfSer\u00eda exagerado decir que en M\u00e9xico el narcotr\u00e1fico est\u00e1 desafiando cada vez m\u00e1s\u00a0 la \u00a0 existencia del Estado?\u00a0<\/b><\/p>\n<p class=\"p1\"> \t\u00a0<\/p>\n<p class=\"p1\"> \tPor lo expuesto, la amenaza del narcotr\u00e1fico surge del descontrol gubernamental y, m\u00e1s a\u00fan, de la corrupci\u00f3n vasta de sus instituciones. La integridad del estado y los gobiernos padecen los efectos negativos de tal proceso. Incluso, como se ha visto en Guerrero, en Veracruz, en Nuevo Le\u00f3n, en Sinaloa, en Chihuahua,\u00a0 los gobiernos locales, bajo la connivencia del gobierno federal, han llegado a emplear a la delincuencia organizada como instrumento de gobernabilidad.<\/p>\n<p class=\"p1\"> \t\u00a0<\/p>\n<p class=\"p1\"> \t<b>\u00bfExiste por parte del Estado mexicano inter\u00e9s por esclarecer lo ocurrido con los estudiantes de Iguala\u00a0 o es que reci\u00e9n a ra\u00edz de las numerosas olas de protestas, las autoridades mexicanas han comenzado a tomar cartas en el asunto?<\/b><\/p>\n<p class=\"p1\"> \t\u00a0<\/p>\n<p class=\"p1\"> \tComo se ha visto, el Estado mexicano en su conjunto ha delegado en el jefe de Estado, el presidente en turno, la respuesta a un asunto de extrema gravedad. Y \u00e9ste ha actuado como jefe del poder ejecutivo mediante reacciones tard\u00edas, contradictorias e insuficientes.<\/p>\n<p class=\"p1\"> \t\u00a0<\/p>\n<p class=\"p1\"> \t<b>Aun cuando hace unos a\u00f1os se sab\u00eda de la existencia del narcotr\u00e1fico en\u00a0 M\u00e9xico, Colombia era el pa\u00eds de referencia,\u00a0 en cambio\u00a0 en los \u00faltimos a\u00f1os hemos asistido a un veloz ascenso, \u00a0 transformado en una gran notoriedad de los diversos c\u00e1rteles mexicanos\u00a0 \u00bfEsto a qu\u00e9 consideras que se ha debido?\u00a0<\/b><\/p>\n<p class=\"p1\"> \t\u00a0<\/p>\n<p class=\"p1\"> \tSi ahora M\u00e9xico es foco de la atenci\u00f3n mundial de los medios de comunicaci\u00f3n, y ya no Colombia, se debe a la forma en la que suelen trabajar su agenda: se basan en el info-entretenimiento y el simple flash noticioso de impacto emotivo. Si atendieran con regularidad los procesos hist\u00f3ricos y coyunturales, si atendieran menos a la versi\u00f3n oficial, nada de lo que sucede hoy ser\u00eda ins\u00f3lito: se trata de tendencias negativas con ciclos de emergencia alta.\u00a0<\/p>\n<p class=\"p1\"> \t\u00a0<\/p>\n<p> \t<img decoding=\"async\" class=\"alignleft size-full wp-image-6255\" alt=\"alt\" src=\"https:\/\/www.revistarambla.com\/wp-content\/uploads\/2014\/10\/destacat1.jpg\" style=\"width: 187px; height: 189px; margin-left: 0px; margin-right: 0px; float: left;\" width=\"187\" height=\"189\" \/><\/p>\n<p> \t<b>Un cambio de mentalidad de las clases dirigentes es algo que en Espa\u00f1a se repite mucho, alguna vez le\u00ed que manifestabas que a M\u00e9xico le ocurr\u00eda algo similar pero cuando se habla de eso no te parece que queda bien pero al final en la pr\u00e1ctica no se visualiza. \u00bfEs muy poderoso el narcotr\u00e1fico?<\/b><\/p>\n<p class=\"p1\"> \tLa clase pol\u00edtica en M\u00e9xico ha tenido un socio inc\u00f3modo en todos estos a\u00f1os: el narcotr\u00e1fico, que trae consigo el negocio de la corrupci\u00f3n, el blanqueo de dinero, la gesti\u00f3n del resto de las industrias criminales. Y el factor geopol\u00edtico de sus actividades que se vinculan con los intereses del gobierno estadounidense: EUA es el mayor mercado de consumo drogas del mundo, y el mayor vendedor de armas en el mundo, las que vende lo mismo a delincuentes que a fuerzas armadas de M\u00e9xico. Hay que dejar de ver en M\u00e9xico un caso de problemas entre polic\u00edas y ladrones.<\/p>\n<p class=\"p1\"> \t\u00a0<\/p>\n<p class=\"p1\"> \t<b>\u00bfLa gente se suma al crimen organizado solamente por una necesidad econ\u00f3mica?<\/b><\/p>\n<p class=\"p1\"> \t\u00a0<\/p>\n<p class=\"p1\"> \tS\u00ed, en un pa\u00eds con un modelo econ\u00f3mico que provee falta de empleo, de educaci\u00f3n, de cultura, de igualdad y equidad, etc\u00e9tera, la econom\u00eda informal y subterr\u00e1nea entra en juego.<\/p>\n<p class=\"p1\"> \t\u00a0<\/p>\n<p class=\"p1\"> \t<b>\u00bfCu\u00e1l es el futuro que les espera a los j\u00f3venes mexicanos?\u00a0<\/b><\/p>\n<p class=\"p1\"> \t\u00a0<\/p>\n<p class=\"p1\"> \tEl peor, no tienen futuro los j\u00f3venes en M\u00e9xico. Pueden hacer suyo el tema de Sex Pistols de una generaci\u00f3n atr\u00e1s: <i>No future<\/i>. Excepto el que sepan construirse ellos mismos individual o colectivamente. Es tiempo de actuar para revertir tal perspectiva.\u00a0<\/p>\n<p class=\"p2\"> \t\u00a0<\/p>\n<p class=\"p1\"> \t<b>\u00bfLa sociedad civil de\u00a0 M\u00e9xico cree de verdad que el estado busca erradicar a toda costa el\u00a0 crimen organizado, o es que ya se ha hecho habitual la idea de una \u00abforzada convivencia\u00bb?\u00a0<\/b><\/p>\n<p class=\"p1\"> \t\u00a0<\/p>\n<p class=\"p1\"> \tDe acuerdo con una encuesta reciente de <i>Insight Crime Organization<\/i>, cerca del 90 por ciento de los mexicanos observa a la polic\u00eda del pa\u00eds como una instituci\u00f3n corrupta y destaca el continuo fracaso de las reformas policiales para romper los nexos entre las fuerzas de seguridad y el crimen. El malestar civil es patente y revela el rechazo a tal convivencia.<\/p>\n<p class=\"p1\"> \t\u00a0<\/p>\n<p class=\"p1\"> \t<b>Si las autoridades son c\u00f3mplices del crimen \u00bftiene alg\u00fan sentido la nueva estrategia de prevenci\u00f3n del actual jefe de gobierno del distrito federal\u00a0 (que consiste en incorporar alarmas vecinales, c\u00e1maras, centros de monitoreo) calificada como la m\u00e1s importante de Am\u00e9rica Latina?<span class=\"Apple-tab-span\"> <\/span><\/b><\/p>\n<p class=\"p1\"> \t\u00a0<\/p>\n<p class=\"p1\"> \tToda estrategia de prevenci\u00f3n del crimen no s\u00f3lo tiene sentido, sino que es imprescindible. De nuevo el problema es la propaganda, se deben atender los hechos, los resultados reales. Hay que cancelar la idea de que basta que se d\u00e9 una declaraci\u00f3n oficial para que el mundo cambie por arte de magia o se produzcan \u00abpercepciones positivas\u00bb en el mundo. Siempre valdr\u00e1n m\u00e1s los hechos que los dichos.<\/p>\n<p class=\"p1\"> \t\u00a0<\/p>\n<p class=\"p1\"> \t<b>\u00bfM\u00e9xico est\u00e1 al borde de un estallido social?<\/b><\/p>\n<p class=\"p1\"> \t\u00a0<\/p>\n<p class=\"p1\"> \tEl estallido social ya es manifiesto, s\u00f3lo falta ver si escala o no hacia otros niveles m\u00e1s inquietantes que el malestar, las protestas, la desconfianza generalizada ante el gobierno. Los sondeos de opini\u00f3n indican que menos de la mitad de los mexicanos conf\u00eda en el gobierno actual. Vienen tiempos dif\u00edciles para M\u00e9xico. \u00a0<\/p>","protected":false},"excerpt":{"rendered":"<p>Sergio Gonz\u00e1lez Rodr\u00edguez (ciudad de M\u00e9xico, 1950) es un periodista y escritor mexicano, galardonado con el\u00a0 premio Anagrama de ensayo 2014\u00a0 por el libro Campo de Guerra y que junto con El Hombre sin cabeza y Los huesos en el desierto, conforman una trilog\u00eda sobre la violencia extrema y su [&hellip;]<\/p>\n","protected":false},"author":1,"featured_media":0,"comment_status":"open","ping_status":"open","sticky":false,"template":"","format":"standard","meta":{"footnotes":""},"categories":[58],"tags":[],"class_list":["post-6256","post","type-post","status-publish","format-standard","hentry","category-estado-espanol"],"yoast_head":"<!-- This site is optimized with the Yoast SEO plugin v27.5 - https:\/\/yoast.com\/product\/yoast-seo-wordpress\/ -->\n<title>\u201cVienen tiempos dif\u00edciles para M\u00e9xico\u201d - Revista Rambla<\/title>\n<meta name=\"robots\" content=\"index, follow, max-snippet:-1, max-image-preview:large, max-video-preview:-1\" \/>\n<link rel=\"canonical\" href=\"https:\/\/www.revistarambla.com\/en\/vienen-tiempos-dificiles-para-mexico\/\" \/>\n<meta property=\"og:locale\" content=\"en_GB\" \/>\n<meta property=\"og:type\" content=\"article\" \/>\n<meta property=\"og:title\" content=\"\u201cVienen tiempos dif\u00edciles para M\u00e9xico\u201d - Revista Rambla\" \/>\n<meta property=\"og:description\" content=\"Sergio Gonz\u00e1lez Rodr\u00edguez (ciudad de M\u00e9xico, 1950) es un periodista y escritor mexicano, galardonado con el\u00a0 premio Anagrama de ensayo 2014\u00a0 por el libro Campo de Guerra y que junto con El Hombre sin cabeza y Los huesos en el desierto, conforman una trilog\u00eda sobre la violencia extrema y su [&hellip;]\" \/>\n<meta property=\"og:url\" content=\"https:\/\/www.revistarambla.com\/en\/vienen-tiempos-dificiles-para-mexico\/\" \/>\n<meta property=\"og:site_name\" content=\"Revista Rambla\" \/>\n<meta property=\"article:publisher\" content=\"https:\/\/www.facebook.com\/revistarambla\/\" \/>\n<meta property=\"article:published_time\" content=\"2014-10-31T15:36:31+00:00\" \/>\n<meta property=\"og:image\" content=\"https:\/\/i0.wp.com\/www.revistarambla.com\/wp-content\/uploads\/2014\/10\/Mexico_revRambla01.jpg?fit=700%2C450&ssl=1\" \/>\n\t<meta property=\"og:image:width\" content=\"700\" \/>\n\t<meta property=\"og:image:height\" content=\"450\" \/>\n\t<meta property=\"og:image:type\" content=\"image\/jpeg\" \/>\n<meta name=\"author\" content=\"admin\" \/>\n<meta name=\"twitter:card\" content=\"summary_large_image\" \/>\n<meta name=\"twitter:creator\" content=\"@revistarambla\" \/>\n<meta name=\"twitter:site\" content=\"@revistarambla\" \/>\n<meta name=\"twitter:label1\" content=\"Written by\" \/>\n\t<meta name=\"twitter:data1\" content=\"admin\" \/>\n\t<meta name=\"twitter:label2\" content=\"Estimated reading time\" \/>\n\t<meta name=\"twitter:data2\" content=\"8 minutes\" \/>\n<script type=\"application\/ld+json\" class=\"yoast-schema-graph\">{\"@context\":\"https:\\\/\\\/schema.org\",\"@graph\":[{\"@type\":\"Article\",\"@id\":\"https:\\\/\\\/www.revistarambla.com\\\/vienen-tiempos-dificiles-para-mexico\\\/#article\",\"isPartOf\":{\"@id\":\"https:\\\/\\\/www.revistarambla.com\\\/vienen-tiempos-dificiles-para-mexico\\\/\"},\"author\":{\"name\":\"admin\",\"@id\":\"https:\\\/\\\/www.revistarambla.com\\\/#\\\/schema\\\/person\\\/4a5652fc8c82df1f8593002d038cd79e\"},\"headline\":\"\u201cVienen tiempos dif\u00edciles para M\u00e9xico\u201d\",\"datePublished\":\"2014-10-31T15:36:31+00:00\",\"mainEntityOfPage\":{\"@id\":\"https:\\\/\\\/www.revistarambla.com\\\/vienen-tiempos-dificiles-para-mexico\\\/\"},\"wordCount\":1538,\"commentCount\":0,\"publisher\":{\"@id\":\"https:\\\/\\\/www.revistarambla.com\\\/#organization\"},\"image\":{\"@id\":\"https:\\\/\\\/www.revistarambla.com\\\/vienen-tiempos-dificiles-para-mexico\\\/#primaryimage\"},\"thumbnailUrl\":\"https:\\\/\\\/www.revistarambla.com\\\/wp-content\\\/uploads\\\/2014\\\/10\\\/Mexico_revRambla01.jpg\",\"articleSection\":[\"Estado Espa\u00f1ol\"],\"inLanguage\":\"en-GB\",\"potentialAction\":[{\"@type\":\"CommentAction\",\"name\":\"Comment\",\"target\":[\"https:\\\/\\\/www.revistarambla.com\\\/vienen-tiempos-dificiles-para-mexico\\\/#respond\"]}]},{\"@type\":\"WebPage\",\"@id\":\"https:\\\/\\\/www.revistarambla.com\\\/vienen-tiempos-dificiles-para-mexico\\\/\",\"url\":\"https:\\\/\\\/www.revistarambla.com\\\/vienen-tiempos-dificiles-para-mexico\\\/\",\"name\":\"\u201cVienen tiempos dif\u00edciles para M\u00e9xico\u201d - Revista Rambla\",\"isPartOf\":{\"@id\":\"https:\\\/\\\/www.revistarambla.com\\\/#website\"},\"primaryImageOfPage\":{\"@id\":\"https:\\\/\\\/www.revistarambla.com\\\/vienen-tiempos-dificiles-para-mexico\\\/#primaryimage\"},\"image\":{\"@id\":\"https:\\\/\\\/www.revistarambla.com\\\/vienen-tiempos-dificiles-para-mexico\\\/#primaryimage\"},\"thumbnailUrl\":\"https:\\\/\\\/www.revistarambla.com\\\/wp-content\\\/uploads\\\/2014\\\/10\\\/Mexico_revRambla01.jpg\",\"datePublished\":\"2014-10-31T15:36:31+00:00\",\"breadcrumb\":{\"@id\":\"https:\\\/\\\/www.revistarambla.com\\\/vienen-tiempos-dificiles-para-mexico\\\/#breadcrumb\"},\"inLanguage\":\"en-GB\",\"potentialAction\":[{\"@type\":\"ReadAction\",\"target\":[\"https:\\\/\\\/www.revistarambla.com\\\/vienen-tiempos-dificiles-para-mexico\\\/\"]}]},{\"@type\":\"ImageObject\",\"inLanguage\":\"en-GB\",\"@id\":\"https:\\\/\\\/www.revistarambla.com\\\/vienen-tiempos-dificiles-para-mexico\\\/#primaryimage\",\"url\":\"https:\\\/\\\/www.revistarambla.com\\\/wp-content\\\/uploads\\\/2014\\\/10\\\/Mexico_revRambla01.jpg\",\"contentUrl\":\"https:\\\/\\\/www.revistarambla.com\\\/wp-content\\\/uploads\\\/2014\\\/10\\\/Mexico_revRambla01.jpg\"},{\"@type\":\"BreadcrumbList\",\"@id\":\"https:\\\/\\\/www.revistarambla.com\\\/vienen-tiempos-dificiles-para-mexico\\\/#breadcrumb\",\"itemListElement\":[{\"@type\":\"ListItem\",\"position\":1,\"name\":\"Portada\",\"item\":\"https:\\\/\\\/www.revistarambla.com\\\/\"},{\"@type\":\"ListItem\",\"position\":2,\"name\":\"\u201cVienen tiempos dif\u00edciles para M\u00e9xico\u201d\"}]},{\"@type\":\"WebSite\",\"@id\":\"https:\\\/\\\/www.revistarambla.com\\\/#website\",\"url\":\"https:\\\/\\\/www.revistarambla.com\\\/\",\"name\":\"Revista Rambla Barcelona\",\"description\":\"Periodismo independiente\",\"publisher\":{\"@id\":\"https:\\\/\\\/www.revistarambla.com\\\/#organization\"},\"potentialAction\":[{\"@type\":\"SearchAction\",\"target\":{\"@type\":\"EntryPoint\",\"urlTemplate\":\"https:\\\/\\\/www.revistarambla.com\\\/?s={search_term_string}\"},\"query-input\":{\"@type\":\"PropertyValueSpecification\",\"valueRequired\":true,\"valueName\":\"search_term_string\"}}],\"inLanguage\":\"en-GB\"},{\"@type\":\"Organization\",\"@id\":\"https:\\\/\\\/www.revistarambla.com\\\/#organization\",\"name\":\"Revista Rambla\",\"url\":\"https:\\\/\\\/www.revistarambla.com\\\/\",\"logo\":{\"@type\":\"ImageObject\",\"inLanguage\":\"en-GB\",\"@id\":\"https:\\\/\\\/www.revistarambla.com\\\/#\\\/schema\\\/logo\\\/image\\\/\",\"url\":\"https:\\\/\\\/www.revistarambla.com\\\/wp-content\\\/uploads\\\/2020\\\/09\\\/banner_rambla_1900x600_BB.png\",\"contentUrl\":\"https:\\\/\\\/www.revistarambla.com\\\/wp-content\\\/uploads\\\/2020\\\/09\\\/banner_rambla_1900x600_BB.png\",\"width\":1900,\"height\":600,\"caption\":\"Revista Rambla\"},\"image\":{\"@id\":\"https:\\\/\\\/www.revistarambla.com\\\/#\\\/schema\\\/logo\\\/image\\\/\"},\"sameAs\":[\"https:\\\/\\\/www.facebook.com\\\/revistarambla\\\/\",\"https:\\\/\\\/x.com\\\/revistarambla\",\"https:\\\/\\\/www.instagram.com\\\/revista_rambla\",\"https:\\\/\\\/es.linkedin.com\\\/company\\\/revista-rambla\"]},{\"@type\":\"Person\",\"@id\":\"https:\\\/\\\/www.revistarambla.com\\\/#\\\/schema\\\/person\\\/4a5652fc8c82df1f8593002d038cd79e\",\"name\":\"admin\"}]}<\/script>\n<!-- \/ Yoast SEO plugin. -->","yoast_head_json":{"title":"\u201cVienen tiempos dif\u00edciles para M\u00e9xico\u201d - Revista Rambla","robots":{"index":"index","follow":"follow","max-snippet":"max-snippet:-1","max-image-preview":"max-image-preview:large","max-video-preview":"max-video-preview:-1"},"canonical":"https:\/\/www.revistarambla.com\/en\/vienen-tiempos-dificiles-para-mexico\/","og_locale":"en_GB","og_type":"article","og_title":"\u201cVienen tiempos dif\u00edciles para M\u00e9xico\u201d - Revista Rambla","og_description":"Sergio Gonz\u00e1lez Rodr\u00edguez (ciudad de M\u00e9xico, 1950) es un periodista y escritor mexicano, galardonado con el\u00a0 premio Anagrama de ensayo 2014\u00a0 por el libro Campo de Guerra y que junto con El Hombre sin cabeza y Los huesos en el desierto, conforman una trilog\u00eda sobre la violencia extrema y su [&hellip;]","og_url":"https:\/\/www.revistarambla.com\/en\/vienen-tiempos-dificiles-para-mexico\/","og_site_name":"Revista Rambla","article_publisher":"https:\/\/www.facebook.com\/revistarambla\/","article_published_time":"2014-10-31T15:36:31+00:00","og_image":[{"width":700,"height":450,"url":"https:\/\/i0.wp.com\/www.revistarambla.com\/wp-content\/uploads\/2014\/10\/Mexico_revRambla01.jpg?fit=700%2C450&ssl=1","type":"image\/jpeg"}],"author":"admin","twitter_card":"summary_large_image","twitter_creator":"@revistarambla","twitter_site":"@revistarambla","twitter_misc":{"Written by":"admin","Estimated reading time":"8 minutes"},"schema":{"@context":"https:\/\/schema.org","@graph":[{"@type":"Article","@id":"https:\/\/www.revistarambla.com\/vienen-tiempos-dificiles-para-mexico\/#article","isPartOf":{"@id":"https:\/\/www.revistarambla.com\/vienen-tiempos-dificiles-para-mexico\/"},"author":{"name":"admin","@id":"https:\/\/www.revistarambla.com\/#\/schema\/person\/4a5652fc8c82df1f8593002d038cd79e"},"headline":"\u201cVienen tiempos dif\u00edciles para M\u00e9xico\u201d","datePublished":"2014-10-31T15:36:31+00:00","mainEntityOfPage":{"@id":"https:\/\/www.revistarambla.com\/vienen-tiempos-dificiles-para-mexico\/"},"wordCount":1538,"commentCount":0,"publisher":{"@id":"https:\/\/www.revistarambla.com\/#organization"},"image":{"@id":"https:\/\/www.revistarambla.com\/vienen-tiempos-dificiles-para-mexico\/#primaryimage"},"thumbnailUrl":"https:\/\/www.revistarambla.com\/wp-content\/uploads\/2014\/10\/Mexico_revRambla01.jpg","articleSection":["Estado Espa\u00f1ol"],"inLanguage":"en-GB","potentialAction":[{"@type":"CommentAction","name":"Comment","target":["https:\/\/www.revistarambla.com\/vienen-tiempos-dificiles-para-mexico\/#respond"]}]},{"@type":"WebPage","@id":"https:\/\/www.revistarambla.com\/vienen-tiempos-dificiles-para-mexico\/","url":"https:\/\/www.revistarambla.com\/vienen-tiempos-dificiles-para-mexico\/","name":"\u201cVienen tiempos dif\u00edciles para M\u00e9xico\u201d - Revista Rambla","isPartOf":{"@id":"https:\/\/www.revistarambla.com\/#website"},"primaryImageOfPage":{"@id":"https:\/\/www.revistarambla.com\/vienen-tiempos-dificiles-para-mexico\/#primaryimage"},"image":{"@id":"https:\/\/www.revistarambla.com\/vienen-tiempos-dificiles-para-mexico\/#primaryimage"},"thumbnailUrl":"https:\/\/www.revistarambla.com\/wp-content\/uploads\/2014\/10\/Mexico_revRambla01.jpg","datePublished":"2014-10-31T15:36:31+00:00","breadcrumb":{"@id":"https:\/\/www.revistarambla.com\/vienen-tiempos-dificiles-para-mexico\/#breadcrumb"},"inLanguage":"en-GB","potentialAction":[{"@type":"ReadAction","target":["https:\/\/www.revistarambla.com\/vienen-tiempos-dificiles-para-mexico\/"]}]},{"@type":"ImageObject","inLanguage":"en-GB","@id":"https:\/\/www.revistarambla.com\/vienen-tiempos-dificiles-para-mexico\/#primaryimage","url":"https:\/\/www.revistarambla.com\/wp-content\/uploads\/2014\/10\/Mexico_revRambla01.jpg","contentUrl":"https:\/\/www.revistarambla.com\/wp-content\/uploads\/2014\/10\/Mexico_revRambla01.jpg"},{"@type":"BreadcrumbList","@id":"https:\/\/www.revistarambla.com\/vienen-tiempos-dificiles-para-mexico\/#breadcrumb","itemListElement":[{"@type":"ListItem","position":1,"name":"Portada","item":"https:\/\/www.revistarambla.com\/"},{"@type":"ListItem","position":2,"name":"\u201cVienen tiempos dif\u00edciles para M\u00e9xico\u201d"}]},{"@type":"WebSite","@id":"https:\/\/www.revistarambla.com\/#website","url":"https:\/\/www.revistarambla.com\/","name":"Revista Rambla Barcelona","description":"Periodismo independiente","publisher":{"@id":"https:\/\/www.revistarambla.com\/#organization"},"potentialAction":[{"@type":"SearchAction","target":{"@type":"EntryPoint","urlTemplate":"https:\/\/www.revistarambla.com\/?s={search_term_string}"},"query-input":{"@type":"PropertyValueSpecification","valueRequired":true,"valueName":"search_term_string"}}],"inLanguage":"en-GB"},{"@type":"Organization","@id":"https:\/\/www.revistarambla.com\/#organization","name":"Revista Rambla","url":"https:\/\/www.revistarambla.com\/","logo":{"@type":"ImageObject","inLanguage":"en-GB","@id":"https:\/\/www.revistarambla.com\/#\/schema\/logo\/image\/","url":"https:\/\/www.revistarambla.com\/wp-content\/uploads\/2020\/09\/banner_rambla_1900x600_BB.png","contentUrl":"https:\/\/www.revistarambla.com\/wp-content\/uploads\/2020\/09\/banner_rambla_1900x600_BB.png","width":1900,"height":600,"caption":"Revista Rambla"},"image":{"@id":"https:\/\/www.revistarambla.com\/#\/schema\/logo\/image\/"},"sameAs":["https:\/\/www.facebook.com\/revistarambla\/","https:\/\/x.com\/revistarambla","https:\/\/www.instagram.com\/revista_rambla","https:\/\/es.linkedin.com\/company\/revista-rambla"]},{"@type":"Person","@id":"https:\/\/www.revistarambla.com\/#\/schema\/person\/4a5652fc8c82df1f8593002d038cd79e","name":"admin"}]}},"_links":{"self":[{"href":"https:\/\/www.revistarambla.com\/en\/wp-json\/wp\/v2\/posts\/6256","targetHints":{"allow":["GET"]}}],"collection":[{"href":"https:\/\/www.revistarambla.com\/en\/wp-json\/wp\/v2\/posts"}],"about":[{"href":"https:\/\/www.revistarambla.com\/en\/wp-json\/wp\/v2\/types\/post"}],"author":[{"embeddable":true,"href":"https:\/\/www.revistarambla.com\/en\/wp-json\/wp\/v2\/users\/1"}],"replies":[{"embeddable":true,"href":"https:\/\/www.revistarambla.com\/en\/wp-json\/wp\/v2\/comments?post=6256"}],"version-history":[{"count":0,"href":"https:\/\/www.revistarambla.com\/en\/wp-json\/wp\/v2\/posts\/6256\/revisions"}],"wp:attachment":[{"href":"https:\/\/www.revistarambla.com\/en\/wp-json\/wp\/v2\/media?parent=6256"}],"wp:term":[{"taxonomy":"category","embeddable":true,"href":"https:\/\/www.revistarambla.com\/en\/wp-json\/wp\/v2\/categories?post=6256"},{"taxonomy":"post_tag","embeddable":true,"href":"https:\/\/www.revistarambla.com\/en\/wp-json\/wp\/v2\/tags?post=6256"}],"curies":[{"name":"wp","href":"https:\/\/api.w.org\/{rel}","templated":true}]}}