{"id":62430,"date":"2024-09-01T12:47:47","date_gmt":"2024-09-01T10:47:47","guid":{"rendered":"https:\/\/www.revistarambla.com\/?p=62430"},"modified":"2024-09-01T12:47:47","modified_gmt":"2024-09-01T10:47:47","slug":"ayuntamientos-que-olvidan-el-riesgo-del-amianto-instalado","status":"publish","type":"post","link":"https:\/\/www.revistarambla.com\/en\/ayuntamientos-que-olvidan-el-riesgo-del-amianto-instalado\/","title":{"rendered":"Ayuntamientos que olvidan el riesgo del amianto instalado"},"content":{"rendered":"<p>Afortunadamente, la mayor\u00eda de las empresas industriales comienza a entender, tras m\u00faltiples <a href=\"https:\/\/www.revistarambla.com\/en\/euskadi-una-triple-burla-social\/\">sentencias condenatorias<\/a>, que una peque\u00f1a exposici\u00f3n a fibras de amianto <!--more-->sin la protecci\u00f3n respiratoria adecuada es suficiente para causar una grave enfermedad pulmonar, que viene causando 10 veces m\u00e1s muertes que los accidentes de trabajo. Existe consenso cient\u00edfico de que no hay una exposici\u00f3n segura, por m\u00ednima que esta sea. Durante d\u00e9cadas las empresas ignoraron el riesgo del amianto incumpliendo las medidas de seguridad que exig\u00eda la legislaci\u00f3n. Ahora abordan el riesgo, tras las m\u00faltiples condenas, que las obligan a pagar una indemnizaci\u00f3n y recargo del 30% en las prestaciones de la Seguridad Social, concedidas a las v\u00edctimas o familiares m\u00e1s cercanos, por incumplir d\u00e9cadas atr\u00e1s las medidas de seguridad.<\/p>\n<p>No parece que la conciencia sobre el riesgo que representan las fibras cancer\u00edgenas desprendidas de los materiales con amianto que est\u00e1n presentes en diferentes instalaciones del municipio, y cuya vida \u00fatil caduc\u00f3, preocupe a la mayor\u00eda de los concejales y alcaldes, que, salvo honrosas excepciones, olvidan el riesgo e incumplen la ley de Residuos y Suelos contaminados.<\/p>\n<p>La Ley 7\/2022 de 8 abril, en su Disposici\u00f3n decimocuarta, dice: Instalaciones y emplazamientos con amianto: \u201cEn el plazo de un a\u00f1o desde la entrada en vigor de la ley, los ayuntamientos elaborar\u00e1n un censo de instalaciones y emplazamientos con amianto, incluyendo un calendario que planifique su retirada. Tanto el censo, como el calendario, tendr\u00e1n car\u00e1cter p\u00fablico, ser\u00e1n remitidos a las autoridades sanitarias, medioambientales y laborales competentes de las comunidades aut\u00f3nomas, las cuales deber\u00e1n inspeccionar para verificar, respectivamente, que se han retirado y enviado a un gestor autorizado. Esa retirada priorizar\u00e1 las instalaciones y emplazamientos atendiendo a su grado de peligrosidad y exposici\u00f3n a la poblaci\u00f3n m\u00e1s vulnerable. En todo caso, las instalaciones o emplazamientos de car\u00e1cter p\u00fablico con mayor riesgo deber\u00e1n estar gestionadas antes de 2028\u201d.<\/p>\n<p>El uso y la comercializaci\u00f3n del amianto fue prohibido el a\u00f1o 2002, por las graves enfermedades que causa (fibrosis pulmonar, c\u00e1ncer de pulm\u00f3n, laringe y mesoteliomas&#8230;) a trabajadores y trabajadoras, por peque\u00f1a que sea su exposici\u00f3n a las fibras cancer\u00edgenas. No podemos olvidar que decenas de miles de toneladas de materiales que lo contienen, siguen instalados en cubiertas industriales, agr\u00edcolas o ganaderas, en edificios de viviendas e iglesias, cuya composici\u00f3n se est\u00e1 descomponiendo tras finalizar su vida \u00fatil. En la mayor\u00eda de las viviendas construidas entre los a\u00f1os 60 y finales de los 80, mayoritariamente barrios obreros, el amianto contin\u00faa presente: en bajantes de aguas pluviales o fecales, canaletas, tejados, planchas de aislamiento, jardineras, tuber\u00edas de red de agua\u2026<\/p>\n<p>El Dictamen del Consejo Econ\u00f3mico y Social Europeo, asumi\u00f3 el compromiso de erradicar el amianto de la Uni\u00f3n Europea para el a\u00f1o 2032. El tiempo corre. Quien incumpla el compromiso recibir\u00e1 justas sanciones comunitarias y deber\u00e1 responder por las enfermedades generadas por su dejadez. La posibilidad de una ola de c\u00e1ncer por inhalaci\u00f3n ambiental de las invisibles fibras de amianto, liberadas de dichos materiales, es una amenaza real, aunque los \u201cnegacionistas\u201d traten de negarlo, porque el da\u00f1o a la salud no se expresa inmediatamente, para eludir el compromiso de erradicar el amianto asesino.<\/p>\n<p>Ahora bien, todo el amianto no est\u00e1 visible, su detecci\u00f3n y retirada segura requiere la sensibilizaci\u00f3n, participaci\u00f3n e implicaci\u00f3n ciudadana: desde activistas sindicales, arquitectos, asociaciones vecinales, v\u00edctimas del amianto\u2026, realizando campa\u00f1as de sensibilizaci\u00f3n y subvenciones para su retirada, que ayuden a la detecci\u00f3n del amianto, abaratando las obras y garantizar una retirada segura. La experiencia francesa, incluso, con \u201cAlertas sanitarias\u201d como la que realiz\u00f3 el Gobierno regional de Aquitania, tras una granizada que destroz\u00f3 las cubiertas de fibrocemento o uralita, marcan el camino.<\/p>\n<p>Sin una fuerte sensibilizaci\u00f3n social del riesgo y sin ayudas para su retirada, los \u201cnegacionistas\u201d triunfar\u00e1n. Las empresas y Comunidades de Vecinos ser\u00e1n presionadas o de com\u00fan acuerdo contratar\u00e1n \u201cpiratas\u201d que realicen la retirada de materiales de amianto a precios mucho m\u00e1s reducidos, a costa de jugar con la salud de trabajadores precarios y de la vecindad, al trabajar sin medidas de seguridad, con la agravante de que los residuos de amianto terminar\u00e1n en vertederos incontrolados, trasladando el problema de salud p\u00fablica a las pr\u00f3ximas generaciones. Es necesario insistir: no es suficiente realizar un buen censo del amianto instalado. Si no se controlan trabajos y castiga las pr\u00e1cticas fraudulentas. La concesi\u00f3n de permisos de obra por los Ayuntamientos, en especial en las instalaciones donde el censo, recoge la presencia de amianto, deber\u00e1 ir acompa\u00f1ado de un seguimiento de la empresa que realiza la obra, si est\u00e1 acreditada para trabajar con el amianto, si cumple las rigurosas medidas de seguridad y si los peligrosos residuos, son enviados a un gestor autorizado. Sin control de los Ayuntamientos y de la ciudadan\u00eda, la picaresca de los \u201cpiratas\u201d se impondr\u00e1, haciendo ineficaces los planes para erradicar el amianto y el riesgo de sus fibras cancer\u00edgenas.<\/p>\n<p>Las fuerzas pol\u00edticas municipalistas deben implicarse, promoviendo planes en los Ayuntamientos, para inventariar el amianto y la retirada segura, impulsando la sensibilizaci\u00f3n social para la correcta ejecuci\u00f3n de los planes que erradiquen el amianto instalado. Quien pretenda ahorrar costes con una retirada fraudulenta debe tener en cuenta el grave riesgo para la salud generado entre quienes trabajan en su retirada o en la vecindad. Un fraude criminal ante el cual no podemos cerrar los ojos, como si no nos afectar\u00e1. Las pr\u00e1cticas ilegales deben ser castigadas con la contundencia penal, especialmente, si se trata de \u201cpiratas\u201d, como delito contra la salud p\u00fablica, adem\u00e1s de burlarse de las normas de seguridad, salud y medio ambiente y por poner en peligro la salud de las personas, incluidas las mascotas.<\/p>\n<p><em>*Jes\u00fas Uzkudun Illarramendi: Activista por la salud laboral y miembro de ASVIAMIE<\/em><\/p>\n<hr \/>\n<p><em>*Fuente original: https:\/\/sinpermiso.info\/textos\/ayuntamientos-que-olvidan-el-riesgo-del-amianto-instalado<\/em><\/p>","protected":false},"excerpt":{"rendered":"<p>Afortunadamente, la mayor\u00eda de las empresas industriales comienza a entender, tras m\u00faltiples sentencias condenatorias, que una peque\u00f1a exposici\u00f3n a fibras de amianto<\/p>","protected":false},"author":15,"featured_media":19611,"comment_status":"closed","ping_status":"closed","sticky":false,"template":"","format":"standard","meta":{"footnotes":""},"categories":[58],"tags":[],"class_list":["post-62430","post","type-post","status-publish","format-standard","has-post-thumbnail","hentry","category-estado-espanol"],"yoast_head":"<!-- This site is optimized with the Yoast SEO plugin v27.5 - https:\/\/yoast.com\/product\/yoast-seo-wordpress\/ -->\n<title>Ayuntamientos que olvidan el riesgo del amianto instalado - Revista Rambla<\/title>\n<meta name=\"description\" content=\"Una peque\u00f1a exposici\u00f3n a fibras de amianto sin la protecci\u00f3n respiratoria adecuada es suficiente para causar una grave enfermedad pulmonar\" \/>\n<meta name=\"robots\" content=\"index, follow, max-snippet:-1, max-image-preview:large, max-video-preview:-1\" \/>\n<link rel=\"canonical\" href=\"https:\/\/www.revistarambla.com\/en\/ayuntamientos-que-olvidan-el-riesgo-del-amianto-instalado\/\" \/>\n<meta property=\"og:locale\" content=\"en_GB\" \/>\n<meta property=\"og:type\" content=\"article\" \/>\n<meta property=\"og:title\" content=\"Ayuntamientos que olvidan el riesgo del amianto instalado - Revista Rambla\" \/>\n<meta property=\"og:description\" content=\"Una peque\u00f1a exposici\u00f3n a fibras de amianto sin la protecci\u00f3n respiratoria adecuada es suficiente para causar una grave enfermedad pulmonar\" \/>\n<meta property=\"og:url\" content=\"https:\/\/www.revistarambla.com\/en\/ayuntamientos-que-olvidan-el-riesgo-del-amianto-instalado\/\" \/>\n<meta property=\"og:site_name\" content=\"Revista Rambla\" \/>\n<meta property=\"article:publisher\" content=\"https:\/\/www.facebook.com\/revistarambla\/\" \/>\n<meta property=\"article:published_time\" content=\"2024-09-01T10:47:47+00:00\" \/>\n<meta property=\"og:image\" content=\"https:\/\/www.revistarambla.com\/wp-content\/uploads\/2019\/07\/Eternit_2.jpg\" \/>\n\t<meta property=\"og:image:width\" content=\"1200\" \/>\n\t<meta property=\"og:image:height\" content=\"800\" \/>\n\t<meta property=\"og:image:type\" content=\"image\/jpeg\" \/>\n<meta name=\"author\" content=\"Jes\u00fas Uzkudun Illarramendi\" \/>\n<meta name=\"twitter:card\" content=\"summary_large_image\" \/>\n<meta name=\"twitter:creator\" content=\"@revistarambla\" \/>\n<meta name=\"twitter:site\" content=\"@revistarambla\" \/>\n<meta name=\"twitter:label1\" content=\"Written by\" \/>\n\t<meta name=\"twitter:data1\" content=\"Jes\u00fas Uzkudun Illarramendi\" \/>\n\t<meta name=\"twitter:label2\" content=\"Estimated reading time\" \/>\n\t<meta name=\"twitter:data2\" content=\"5 minutes\" \/>\n<script type=\"application\/ld+json\" class=\"yoast-schema-graph\">{\"@context\":\"https:\\\/\\\/schema.org\",\"@graph\":[{\"@type\":\"Article\",\"@id\":\"https:\\\/\\\/www.revistarambla.com\\\/ayuntamientos-que-olvidan-el-riesgo-del-amianto-instalado\\\/#article\",\"isPartOf\":{\"@id\":\"https:\\\/\\\/www.revistarambla.com\\\/ayuntamientos-que-olvidan-el-riesgo-del-amianto-instalado\\\/\"},\"author\":{\"name\":\"Jes\u00fas Uzkudun Illarramendi\",\"@id\":\"https:\\\/\\\/www.revistarambla.com\\\/#\\\/schema\\\/person\\\/2b19179a8ace334b829ad72cc6e6ce97\"},\"headline\":\"Ayuntamientos que olvidan el riesgo del amianto instalado\",\"datePublished\":\"2024-09-01T10:47:47+00:00\",\"mainEntityOfPage\":{\"@id\":\"https:\\\/\\\/www.revistarambla.com\\\/ayuntamientos-que-olvidan-el-riesgo-del-amianto-instalado\\\/\"},\"wordCount\":1031,\"publisher\":{\"@id\":\"https:\\\/\\\/www.revistarambla.com\\\/#organization\"},\"image\":{\"@id\":\"https:\\\/\\\/www.revistarambla.com\\\/ayuntamientos-que-olvidan-el-riesgo-del-amianto-instalado\\\/#primaryimage\"},\"thumbnailUrl\":\"https:\\\/\\\/www.revistarambla.com\\\/wp-content\\\/uploads\\\/2019\\\/07\\\/Eternit_2.jpg\",\"articleSection\":[\"Estado Espa\u00f1ol\"],\"inLanguage\":\"en-GB\"},{\"@type\":\"WebPage\",\"@id\":\"https:\\\/\\\/www.revistarambla.com\\\/ayuntamientos-que-olvidan-el-riesgo-del-amianto-instalado\\\/\",\"url\":\"https:\\\/\\\/www.revistarambla.com\\\/ayuntamientos-que-olvidan-el-riesgo-del-amianto-instalado\\\/\",\"name\":\"Ayuntamientos que olvidan el riesgo del amianto instalado - Revista Rambla\",\"isPartOf\":{\"@id\":\"https:\\\/\\\/www.revistarambla.com\\\/#website\"},\"primaryImageOfPage\":{\"@id\":\"https:\\\/\\\/www.revistarambla.com\\\/ayuntamientos-que-olvidan-el-riesgo-del-amianto-instalado\\\/#primaryimage\"},\"image\":{\"@id\":\"https:\\\/\\\/www.revistarambla.com\\\/ayuntamientos-que-olvidan-el-riesgo-del-amianto-instalado\\\/#primaryimage\"},\"thumbnailUrl\":\"https:\\\/\\\/www.revistarambla.com\\\/wp-content\\\/uploads\\\/2019\\\/07\\\/Eternit_2.jpg\",\"datePublished\":\"2024-09-01T10:47:47+00:00\",\"description\":\"Una peque\u00f1a exposici\u00f3n a fibras de amianto sin la protecci\u00f3n respiratoria adecuada es suficiente para causar una grave enfermedad pulmonar\",\"breadcrumb\":{\"@id\":\"https:\\\/\\\/www.revistarambla.com\\\/ayuntamientos-que-olvidan-el-riesgo-del-amianto-instalado\\\/#breadcrumb\"},\"inLanguage\":\"en-GB\",\"potentialAction\":[{\"@type\":\"ReadAction\",\"target\":[\"https:\\\/\\\/www.revistarambla.com\\\/ayuntamientos-que-olvidan-el-riesgo-del-amianto-instalado\\\/\"]}]},{\"@type\":\"ImageObject\",\"inLanguage\":\"en-GB\",\"@id\":\"https:\\\/\\\/www.revistarambla.com\\\/ayuntamientos-que-olvidan-el-riesgo-del-amianto-instalado\\\/#primaryimage\",\"url\":\"https:\\\/\\\/www.revistarambla.com\\\/wp-content\\\/uploads\\\/2019\\\/07\\\/Eternit_2.jpg\",\"contentUrl\":\"https:\\\/\\\/www.revistarambla.com\\\/wp-content\\\/uploads\\\/2019\\\/07\\\/Eternit_2.jpg\",\"width\":1200,\"height\":800,\"caption\":\"Todos los tipos de amianto, tambi\u00e9n conocido como asbesto, causan varios tipos de c\u00e1ncer, seg\u00fan la OMS. Foto: C.c.\"},{\"@type\":\"BreadcrumbList\",\"@id\":\"https:\\\/\\\/www.revistarambla.com\\\/ayuntamientos-que-olvidan-el-riesgo-del-amianto-instalado\\\/#breadcrumb\",\"itemListElement\":[{\"@type\":\"ListItem\",\"position\":1,\"name\":\"Portada\",\"item\":\"https:\\\/\\\/www.revistarambla.com\\\/\"},{\"@type\":\"ListItem\",\"position\":2,\"name\":\"Ayuntamientos que olvidan el riesgo del amianto instalado\"}]},{\"@type\":\"WebSite\",\"@id\":\"https:\\\/\\\/www.revistarambla.com\\\/#website\",\"url\":\"https:\\\/\\\/www.revistarambla.com\\\/\",\"name\":\"Revista Rambla Barcelona\",\"description\":\"Periodismo independiente\",\"publisher\":{\"@id\":\"https:\\\/\\\/www.revistarambla.com\\\/#organization\"},\"potentialAction\":[{\"@type\":\"SearchAction\",\"target\":{\"@type\":\"EntryPoint\",\"urlTemplate\":\"https:\\\/\\\/www.revistarambla.com\\\/?s={search_term_string}\"},\"query-input\":{\"@type\":\"PropertyValueSpecification\",\"valueRequired\":true,\"valueName\":\"search_term_string\"}}],\"inLanguage\":\"en-GB\"},{\"@type\":\"Organization\",\"@id\":\"https:\\\/\\\/www.revistarambla.com\\\/#organization\",\"name\":\"Revista Rambla\",\"url\":\"https:\\\/\\\/www.revistarambla.com\\\/\",\"logo\":{\"@type\":\"ImageObject\",\"inLanguage\":\"en-GB\",\"@id\":\"https:\\\/\\\/www.revistarambla.com\\\/#\\\/schema\\\/logo\\\/image\\\/\",\"url\":\"https:\\\/\\\/www.revistarambla.com\\\/wp-content\\\/uploads\\\/2020\\\/09\\\/banner_rambla_1900x600_BB.png\",\"contentUrl\":\"https:\\\/\\\/www.revistarambla.com\\\/wp-content\\\/uploads\\\/2020\\\/09\\\/banner_rambla_1900x600_BB.png\",\"width\":1900,\"height\":600,\"caption\":\"Revista Rambla\"},\"image\":{\"@id\":\"https:\\\/\\\/www.revistarambla.com\\\/#\\\/schema\\\/logo\\\/image\\\/\"},\"sameAs\":[\"https:\\\/\\\/www.facebook.com\\\/revistarambla\\\/\",\"https:\\\/\\\/x.com\\\/revistarambla\",\"https:\\\/\\\/www.instagram.com\\\/revista_rambla\",\"https:\\\/\\\/es.linkedin.com\\\/company\\\/revista-rambla\"]},{\"@type\":\"Person\",\"@id\":\"https:\\\/\\\/www.revistarambla.com\\\/#\\\/schema\\\/person\\\/2b19179a8ace334b829ad72cc6e6ce97\",\"name\":\"Jes\u00fas Uzkudun Illarramendi\"}]}<\/script>\n<!-- \/ Yoast SEO plugin. -->","yoast_head_json":{"title":"Ayuntamientos que olvidan el riesgo del amianto instalado - Revista Rambla","description":"Una peque\u00f1a exposici\u00f3n a fibras de amianto sin la protecci\u00f3n respiratoria adecuada es suficiente para causar una grave enfermedad pulmonar","robots":{"index":"index","follow":"follow","max-snippet":"max-snippet:-1","max-image-preview":"max-image-preview:large","max-video-preview":"max-video-preview:-1"},"canonical":"https:\/\/www.revistarambla.com\/en\/ayuntamientos-que-olvidan-el-riesgo-del-amianto-instalado\/","og_locale":"en_GB","og_type":"article","og_title":"Ayuntamientos que olvidan el riesgo del amianto instalado - Revista Rambla","og_description":"Una peque\u00f1a exposici\u00f3n a fibras de amianto sin la protecci\u00f3n respiratoria adecuada es suficiente para causar una grave enfermedad pulmonar","og_url":"https:\/\/www.revistarambla.com\/en\/ayuntamientos-que-olvidan-el-riesgo-del-amianto-instalado\/","og_site_name":"Revista Rambla","article_publisher":"https:\/\/www.facebook.com\/revistarambla\/","article_published_time":"2024-09-01T10:47:47+00:00","og_image":[{"width":1200,"height":800,"url":"https:\/\/www.revistarambla.com\/wp-content\/uploads\/2019\/07\/Eternit_2.jpg","type":"image\/jpeg"}],"author":"Jes\u00fas Uzkudun Illarramendi","twitter_card":"summary_large_image","twitter_creator":"@revistarambla","twitter_site":"@revistarambla","twitter_misc":{"Written by":"Jes\u00fas Uzkudun Illarramendi","Estimated reading time":"5 minutes"},"schema":{"@context":"https:\/\/schema.org","@graph":[{"@type":"Article","@id":"https:\/\/www.revistarambla.com\/ayuntamientos-que-olvidan-el-riesgo-del-amianto-instalado\/#article","isPartOf":{"@id":"https:\/\/www.revistarambla.com\/ayuntamientos-que-olvidan-el-riesgo-del-amianto-instalado\/"},"author":{"name":"Jes\u00fas Uzkudun Illarramendi","@id":"https:\/\/www.revistarambla.com\/#\/schema\/person\/2b19179a8ace334b829ad72cc6e6ce97"},"headline":"Ayuntamientos que olvidan el riesgo del amianto instalado","datePublished":"2024-09-01T10:47:47+00:00","mainEntityOfPage":{"@id":"https:\/\/www.revistarambla.com\/ayuntamientos-que-olvidan-el-riesgo-del-amianto-instalado\/"},"wordCount":1031,"publisher":{"@id":"https:\/\/www.revistarambla.com\/#organization"},"image":{"@id":"https:\/\/www.revistarambla.com\/ayuntamientos-que-olvidan-el-riesgo-del-amianto-instalado\/#primaryimage"},"thumbnailUrl":"https:\/\/www.revistarambla.com\/wp-content\/uploads\/2019\/07\/Eternit_2.jpg","articleSection":["Estado Espa\u00f1ol"],"inLanguage":"en-GB"},{"@type":"WebPage","@id":"https:\/\/www.revistarambla.com\/ayuntamientos-que-olvidan-el-riesgo-del-amianto-instalado\/","url":"https:\/\/www.revistarambla.com\/ayuntamientos-que-olvidan-el-riesgo-del-amianto-instalado\/","name":"Ayuntamientos que olvidan el riesgo del amianto instalado - Revista Rambla","isPartOf":{"@id":"https:\/\/www.revistarambla.com\/#website"},"primaryImageOfPage":{"@id":"https:\/\/www.revistarambla.com\/ayuntamientos-que-olvidan-el-riesgo-del-amianto-instalado\/#primaryimage"},"image":{"@id":"https:\/\/www.revistarambla.com\/ayuntamientos-que-olvidan-el-riesgo-del-amianto-instalado\/#primaryimage"},"thumbnailUrl":"https:\/\/www.revistarambla.com\/wp-content\/uploads\/2019\/07\/Eternit_2.jpg","datePublished":"2024-09-01T10:47:47+00:00","description":"Una peque\u00f1a exposici\u00f3n a fibras de amianto sin la protecci\u00f3n respiratoria adecuada es suficiente para causar una grave enfermedad pulmonar","breadcrumb":{"@id":"https:\/\/www.revistarambla.com\/ayuntamientos-que-olvidan-el-riesgo-del-amianto-instalado\/#breadcrumb"},"inLanguage":"en-GB","potentialAction":[{"@type":"ReadAction","target":["https:\/\/www.revistarambla.com\/ayuntamientos-que-olvidan-el-riesgo-del-amianto-instalado\/"]}]},{"@type":"ImageObject","inLanguage":"en-GB","@id":"https:\/\/www.revistarambla.com\/ayuntamientos-que-olvidan-el-riesgo-del-amianto-instalado\/#primaryimage","url":"https:\/\/www.revistarambla.com\/wp-content\/uploads\/2019\/07\/Eternit_2.jpg","contentUrl":"https:\/\/www.revistarambla.com\/wp-content\/uploads\/2019\/07\/Eternit_2.jpg","width":1200,"height":800,"caption":"Todos los tipos de amianto, tambi\u00e9n conocido como asbesto, causan varios tipos de c\u00e1ncer, seg\u00fan la OMS. Foto: C.c."},{"@type":"BreadcrumbList","@id":"https:\/\/www.revistarambla.com\/ayuntamientos-que-olvidan-el-riesgo-del-amianto-instalado\/#breadcrumb","itemListElement":[{"@type":"ListItem","position":1,"name":"Portada","item":"https:\/\/www.revistarambla.com\/"},{"@type":"ListItem","position":2,"name":"Ayuntamientos que olvidan el riesgo del amianto instalado"}]},{"@type":"WebSite","@id":"https:\/\/www.revistarambla.com\/#website","url":"https:\/\/www.revistarambla.com\/","name":"Revista Rambla Barcelona","description":"Periodismo independiente","publisher":{"@id":"https:\/\/www.revistarambla.com\/#organization"},"potentialAction":[{"@type":"SearchAction","target":{"@type":"EntryPoint","urlTemplate":"https:\/\/www.revistarambla.com\/?s={search_term_string}"},"query-input":{"@type":"PropertyValueSpecification","valueRequired":true,"valueName":"search_term_string"}}],"inLanguage":"en-GB"},{"@type":"Organization","@id":"https:\/\/www.revistarambla.com\/#organization","name":"Revista Rambla","url":"https:\/\/www.revistarambla.com\/","logo":{"@type":"ImageObject","inLanguage":"en-GB","@id":"https:\/\/www.revistarambla.com\/#\/schema\/logo\/image\/","url":"https:\/\/www.revistarambla.com\/wp-content\/uploads\/2020\/09\/banner_rambla_1900x600_BB.png","contentUrl":"https:\/\/www.revistarambla.com\/wp-content\/uploads\/2020\/09\/banner_rambla_1900x600_BB.png","width":1900,"height":600,"caption":"Revista Rambla"},"image":{"@id":"https:\/\/www.revistarambla.com\/#\/schema\/logo\/image\/"},"sameAs":["https:\/\/www.facebook.com\/revistarambla\/","https:\/\/x.com\/revistarambla","https:\/\/www.instagram.com\/revista_rambla","https:\/\/es.linkedin.com\/company\/revista-rambla"]},{"@type":"Person","@id":"https:\/\/www.revistarambla.com\/#\/schema\/person\/2b19179a8ace334b829ad72cc6e6ce97","name":"Jes\u00fas Uzkudun Illarramendi"}]}},"_links":{"self":[{"href":"https:\/\/www.revistarambla.com\/en\/wp-json\/wp\/v2\/posts\/62430","targetHints":{"allow":["GET"]}}],"collection":[{"href":"https:\/\/www.revistarambla.com\/en\/wp-json\/wp\/v2\/posts"}],"about":[{"href":"https:\/\/www.revistarambla.com\/en\/wp-json\/wp\/v2\/types\/post"}],"author":[{"embeddable":true,"href":"https:\/\/www.revistarambla.com\/en\/wp-json\/wp\/v2\/users\/15"}],"replies":[{"embeddable":true,"href":"https:\/\/www.revistarambla.com\/en\/wp-json\/wp\/v2\/comments?post=62430"}],"version-history":[{"count":1,"href":"https:\/\/www.revistarambla.com\/en\/wp-json\/wp\/v2\/posts\/62430\/revisions"}],"predecessor-version":[{"id":62432,"href":"https:\/\/www.revistarambla.com\/en\/wp-json\/wp\/v2\/posts\/62430\/revisions\/62432"}],"wp:featuredmedia":[{"embeddable":true,"href":"https:\/\/www.revistarambla.com\/en\/wp-json\/wp\/v2\/media\/19611"}],"wp:attachment":[{"href":"https:\/\/www.revistarambla.com\/en\/wp-json\/wp\/v2\/media?parent=62430"}],"wp:term":[{"taxonomy":"category","embeddable":true,"href":"https:\/\/www.revistarambla.com\/en\/wp-json\/wp\/v2\/categories?post=62430"},{"taxonomy":"post_tag","embeddable":true,"href":"https:\/\/www.revistarambla.com\/en\/wp-json\/wp\/v2\/tags?post=62430"}],"curies":[{"name":"wp","href":"https:\/\/api.w.org\/{rel}","templated":true}]}}