{"id":62382,"date":"2024-08-26T18:29:30","date_gmt":"2024-08-26T16:29:30","guid":{"rendered":"https:\/\/www.revistarambla.com\/?p=62382"},"modified":"2024-08-26T18:29:30","modified_gmt":"2024-08-26T16:29:30","slug":"voracidad-bio-de-las-multinacionales-agroquimicas","status":"publish","type":"post","link":"https:\/\/www.revistarambla.com\/en\/voracidad-bio-de-las-multinacionales-agroquimicas\/","title":{"rendered":"Voracidad \u201cbio\u201d de las multinacionales agroqu\u00edmicas"},"content":{"rendered":"<div>\n<p class=\"x_1468528674ydp6fa5b584yiv7317886540ydp226d8bd1MsoNormal\"><span lang=\"ES\">En el \u00faltimo tiempo, las grandes empresas agroqu\u00edmicas internacionales han estado redirigi\u00e9ndose hacia la producci\u00f3n de insumos biol\u00f3gicos para la agroindustria. <\/span>Si bien hace apenas 20 a\u00f1os las compa\u00f1\u00edas activas en el mercado mundial de insecticidas de tipo \u201cbio\u201d se contaban con los dedos de las manos, en la actualidad superan las 1.200. <span lang=\"ES\">M\u00e1s que una conversi\u00f3n ecol\u00f3gica, todo indica que se trata del hallazgo de una nueva y suculenta veta para ampliar sus ya multimillonarias ganancias. <\/span><\/p>\n<p class=\"x_1468528674ydp6fa5b584yiv7317886540ydp226d8bd1MsoNormal\">La ONG internacional <i>Grain (Grano), <\/i>con sede en <a href=\"https:\/\/www.revistarambla.com\/en\/actualidad\/barcelona\/\">Barcelona<\/a>, en un estudio publicado la segunda quincena de agosto confirma que todas las grandes corporaciones de agroqu\u00edmicos &#8211;como Bayer, BASF, Corteva, FMC, The Mosaic Group, Syngenta, UPL y Yara, entre otras&#8211; ya operan en este rubro. Bajo el nombre de <i><span lang=\"ES\">Bioinsumos corporativos: El nuevo negocio t\u00f3xico de la agroindustria,<\/span><\/i> el estudio constata que dicha \u201cpenetraci\u00f3n en este mercado tiene lugar de manera agresiva por su forma t\u00edpica de proceder, a trav\u00e9s de compras, acuerdos de licencias y fusiones\u201d.<\/p>\n<p class=\"x_1468528674ydp6fa5b584yiv7317886540ydp226d8bd1MsoNormal\"><span lang=\"ES\">La historia de las \u00faltimas d\u00e9cadas del sector agroqu\u00edmico est\u00e1 repleta de paradojas. Hasta fines de los a\u00f1os 90, Monsanto (que desde 2018 pertenece a la alemana Bayer) produc\u00eda y vend\u00eda, exclusivamente, pesticidas qu\u00edmicos destinados a combatir de forma dr\u00e1stica las plagas en las grandes superficies de monocultivos, con impactos desastrosos para el ser humano y el medio ambiente. Ahora se propone controlar el mercado mundial de insecticidas de tipo \u201cbio\u201d. Durante todo ese tiempo fue fundamentalmente el campesinado quien utiliz\u00f3 <\/span>pesticidas no qu\u00edmicos, como los elaborados a base del microorganismo\u00a0<em>Bacillus thuringiensis<\/em>\u00a0(Bt), de impacto m\u00e1s lento y apropiado a unidades productivas m\u00e1s peque\u00f1as (<i><a href=\"https:\/\/grain.org\/es\/article\/7176-bioinsumos-corporativos-el-nuevo-negocio-toxico-de-la-agroindustria\" target=\"_blank\" rel=\"nofollow noopener\">https:\/\/grain.org\/es\/article\/7176-bioinsumos-corporativos-el-nuevo-negocio-toxico-de-la-agroindustria<\/a><\/i>).<\/p>\n<h2 class=\"x_1468528674ydp6fa5b584yiv7317886540ydp226d8bd1MsoNormal\"><span lang=\"ES\">El oportunismo como base de lucro<\/span><\/h2>\n<p class=\"x_1468528674ydp6fa5b584yiv7317886540ydp226d8bd1MsoNormal\">Seg\u00fan el informe <i>Bioinsumos. Oportunidades de inversi\u00f3n en Am\u00e9rica Latina<\/i>, publicado en 2023 por la FAO (Organizaci\u00f3n de Naciones Unidas para la Alimentaci\u00f3n y la Agricultura), el mercado global de insumos biol\u00f3gicos alcanz\u00f3 en 2021 los 10.600 millones de d\u00f3lares, mientras que el de insumos agroqu\u00edmicos lleg\u00f3 a los 245.000 millones. Se prev\u00e9 que en 2026 el sector de bioinsumos represente unos 18.500 millones de d\u00f3lares, casi el doble que cinco a\u00f1os antes, resultado de un crecimiento acelerado de proporciones debido a la voracidad transnacional (<i><a href=\"https:\/\/openknowledge.fao.org\/server\/api\/core\/bitstreams\/6f0feb21-441d-4662-aed5-03085a951d90\/content\" target=\"_blank\" rel=\"nofollow noopener\">https:\/\/openknowledge.fao.org\/server\/api\/core\/bitstreams\/6f0feb21-441d-4662-aed5-03085a951d90\/content<\/a><\/i>).<\/p>\n<p class=\"x_1468528674ydp6fa5b584yiv7317886540ydp226d8bd1MsoNormal\"><i><span lang=\"ES\">Grain <\/span><\/i><span lang=\"ES\">sostiene que una buena parte del mercado global de bioinsumos ya se encuentra en manos de las principales multinacionales de pesticidas. En 2022, Bayer comercializ\u00f3 insumos de tipo bio por un valor de 214 millones de d\u00f3lares y proyecta 1.600 millones en 2035.\u00a0Las ventas de la estadounidense Corteva en 2023 alcanzaron los 420 millones de d\u00f3lares, y las del grupo Syngenta, con sede en Suiza, 400 millones. A estas corporaciones, as\u00ed como al resto de sus competidores, les interesan los biopesticidas porque son los productos que m\u00e1s venden: aproximadamente la mitad del mercado global de bioinsumos. La otra mitad incluye biofertilizantes para nutrir los sembrados y bioestimulantes para potenciar su capacidad de absorci\u00f3n de nutrientes.\u00a0A fin de asegurar este acelerado crecimiento, las grandes empresas han concentrado su inter\u00e9s solo en unos pocos productos, aquellos que contienen el microorganismo Bt: un 90% del mercado global de biopesticidas.\u00a0<\/span><\/p>\n<figure id=\"attachment_62384\" aria-describedby=\"caption-attachment-62384\" style=\"width: 768px\" class=\"wp-caption aligncenter\"><img decoding=\"async\" class=\"wp-image-62384 size-full\" src=\"https:\/\/www.revistarambla.com\/wp-content\/uploads\/2024\/08\/Coontra-los-agrotoxicos-Greenpeace-Argentina.jpg\" alt=\"Voracidad \u201cbio\u201d de las multinacionales agroqu\u00edmicas\" width=\"768\" height=\"432\" srcset=\"https:\/\/www.revistarambla.com\/wp-content\/uploads\/2024\/08\/Coontra-los-agrotoxicos-Greenpeace-Argentina.jpg 768w, https:\/\/www.revistarambla.com\/wp-content\/uploads\/2024\/08\/Coontra-los-agrotoxicos-Greenpeace-Argentina-649x365.jpg 649w, https:\/\/www.revistarambla.com\/wp-content\/uploads\/2024\/08\/Coontra-los-agrotoxicos-Greenpeace-Argentina-500x280.jpg 500w, https:\/\/www.revistarambla.com\/wp-content\/uploads\/2024\/08\/Coontra-los-agrotoxicos-Greenpeace-Argentina-18x10.jpg 18w\" sizes=\"(max-width: 768px) 100vw, 768px\" \/><figcaption id=\"caption-attachment-62384\" class=\"wp-caption-text\">Contra los agrot\u00f3xicos. (Greenpeace Argentina)<\/figcaption><\/figure>\n<p class=\"x_1468528674ydp6fa5b584yiv7317886540ydp226d8bd1MsoNormal\"><span lang=\"ES\">En cuanto a su impacto regional, el mercado m\u00e1s amplio de los insumos de tipo bio se sit\u00faa en Estados Unidos y Canad\u00e1, seguido por Asia-Pac\u00edfico, Europa y Am\u00e9rica Latina. Caso emblem\u00e1tico, el de Brasil, uno de los mercados de m\u00e1s r\u00e1pida expansi\u00f3n y, por lo tanto, importante objetivo de las transnacionales agroqu\u00edmicas. En junio de 2024, Brasil registr\u00f3 la venta de 1.273 insumos bioagr\u00edcolas: una mitad biopesticidas, la otra, biofertilizantes. Mayormente destinados a los principales monocultivos, como soja, ma\u00edz y trigo,\u00a0el 82% de estos insumos fue producido por empresas extranjeras.\u00a0Seg\u00fan del Ministerio de Agricultura de Brasil, hoy se emplean biofertilizantes en casi 40 millones de hect\u00e1reas y biopesticidas en 10 millones de hect\u00e1reas. El \u00e1rea cultivable actual en ese pa\u00eds sudamericano es de casi 79 millones de hect\u00e1reas.<\/span><\/p>\n<p class=\"x_1468528674ydp6fa5b584yiv7317886540ydp226d8bd1MsoNormal\">El estudio de la FAO destaca la magnitud del uso de plaguicidas en Am\u00e9rica Latina. \u201cSi bien la producci\u00f3n agr\u00edcola mundial se apoya en un uso intensivo de agroqu\u00edmicos\u201d, sostiene, \u201cseg\u00fan cifras de 2019 al menos nueve pa\u00edses de Am\u00e9rica Latina duplican o triplican la cantidad de kilogramos de plaguicidas por hect\u00e1rea utilizada por pa\u00edses como los Estados Unidos y Canad\u00e1\u201d. Y se\u00f1ala que el aumento de las temperaturas &#8211;como resultado del cambio clim\u00e1tico&#8211;, acelera la forma como se reproducen las plagas, lo que genera una mayor presi\u00f3n sobre los sistemas de producci\u00f3n de la regi\u00f3n. Datos que refuerzan la importancia que le asignan a Am\u00e9rica Latina las corporaciones productoras de insumos agroqu\u00edmicos tradicionales y de los nuevos bioinsumos. Y el doble rol que juegan las mismas: por una parte, promoviendo la gran producci\u00f3n y el agronegocio (o agroindustria para la exportaci\u00f3n) y, por otra, aportando al calentamiento global y la crisis clim\u00e1tica.<b><\/b><\/p>\n<h2 class=\"x_1468528674ydp6fa5b584yiv7317886540ydp226d8bd1MsoNormal\"><span lang=\"ES\">Agroqu\u00edmicas y su poder arrasador<\/span><\/h2>\n<p class=\"x_1468528674ydp6fa5b584yiv7317886540ydp226d8bd1MsoNormal\"><span lang=\"ES\">La carrera de las grandes corporaciones agroqu\u00edmicas en el desarrollo y la promoci\u00f3n de bioinsumos va de la mano con formidables avances tecnol\u00f3gicos y cient\u00edficos. Como la capacidad de editar gen\u00e9ticamente, la biolog\u00eda sint\u00e9tica y la ciencia de datos, todo lo cual facilita la identificaci\u00f3n de microorganismos para la formulaci\u00f3n de nuevos productos bio. A\u00fan m\u00e1s: los avances tecnol\u00f3gicos les permiten asegurar el control monop\u00f3lico a trav\u00e9s de las patentes. Seg\u00fan <i>Grain<\/i>, estas corporaciones apuestan a llevar estos productos gen\u00e9ticamente modificados al mercado sin tener que confrontar obst\u00e1culos regulatorios.<\/span><\/p>\n<p class=\"x_1468528674ydp6fa5b584yiv7317886540ydp226d8bd1MsoNormal\"><span lang=\"ES\">Una patente es un <\/span>t\u00edtulo de propiedad industrial mediante el que se reconoce el derecho exclusivo sobre una invenci\u00f3n. Impide que otros fabriquen, vendan o utilicen dicha invenci\u00f3n sin consentimiento de su propietario.<span lang=\"ES\"> Entre 2000 y 2023 se registraron m\u00e1s de 44 mil solicitudes para el reconocimiento oficial de patentes de bioinsumos a nivel mundial.<\/span><\/p>\n<p class=\"x_1468528674ydp6fa5b584yiv7317886540ydp226d8bd1MsoNormal\">Ante esta avalancha de las multinacionales que tratan de penetrar e imponerse en el mercado de insumos biol\u00f3gicos a cualquier precio, poco pueden hacer los peque\u00f1os y medianos productores agrarios. Seg\u00fan <i>Grain<\/i>, este proceso en marcha<i> <\/i>\u201cpuede <span lang=\"ES\">provocar una nueva ola de privatizaci\u00f3n de formas de vida\u201d que han sido hasta ahora propias a comunidades campesinas y sus conocimientos ancestrales. Las patentes sobre procesos y secuencias gen\u00e9ticas de microorganismos crear\u00e1n un mercado de bioinsumos dominado por las corporaciones, <\/span>otorg\u00e1ndoles<span lang=\"ES\"> derechos monop\u00f3licos. Esto significa<\/span>, precisa <i>Grain<\/i>, <span lang=\"ES\">que quienes quieran usar productos con ciertos componentes o procesos patentados <\/span>\u201c<span lang=\"ES\">deben obtener autorizaci\u00f3n o pagar por el derecho de uso<\/span>\u201d<span lang=\"ES\">. <\/span>Como ya lo advert\u00eda en 2015 <i>La V\u00eda Campesina y Grain <\/i>en su documento conjunto sobre <i><span lang=\"ES\">La criminalizaci\u00f3n de las semillas campesinas: resistencias y luchas,<\/span><\/i><span lang=\"ES\"> e<\/span>n caso de incumplimiento de los mecanismos establecidos por el derecho internacional de patentes, puede impon\u00e9rsele al campesinado el pago de <span lang=\"ES\">multas onerosas e incluso sentencias de prisi\u00f3n (<\/span><i><span lang=\"ES\"><a href=\"https:\/\/grain.org\/es\/article\/5143-la-criminalizacion-de-las-semillas-campesinas-resistencias-y-luchas\" target=\"_blank\" rel=\"nofollow noopener\">https:\/\/grain.org\/es\/article\/5143-la-criminalizacion-de-las-semillas-campesinas-resistencias-y-luchas<\/a><\/span><\/i><span lang=\"ES\">).<\/span><\/p>\n<h2 class=\"x_1468528674ydp6fa5b584yiv7317886540ydp226d8bd1MsoNormal\">Nuevo paradigma agrario<\/h2>\n<p class=\"x_1468528674ydp6fa5b584yiv7317886540ydp226d8bd1MsoNormal\">Tema de relevancia mundial con un impacto significativo particular para Am\u00e9rica Latina y el Caribe, que sigue siendo clave para la seguridad alimentaria y la preservaci\u00f3n de la biodiversidad en el mundo. De hecho, una regi\u00f3n que produce alimentos para unos 1.300 millones de personas (m\u00e1s del doble de su poblaci\u00f3n), re\u00fane el 50% de la biodiversidad del planeta y alberga a seis de los pa\u00edses del planeta con mayor biodiversidad: Brasil, Colombia, Ecuador, M\u00e9xico, Per\u00fa y la Rep\u00fablica Bolivariana de Venezuela. Y, al mismo tiempo, que cuenta con el mayor n\u00famero de especies alimentarias silvestres amenazadas, as\u00ed como 200 millones de hect\u00e1reas de tierras ya degradadas.<\/p>\n<figure id=\"attachment_62385\" aria-describedby=\"caption-attachment-62385\" style=\"width: 696px\" class=\"wp-caption aligncenter\"><img decoding=\"async\" class=\"wp-image-62385 size-full\" src=\"https:\/\/www.revistarambla.com\/wp-content\/uploads\/2024\/08\/Agricultura-agroecologica-para-combatir-el-cambio-climatico-Foto-Via-Campesina.jpg\" alt=\"Voracidad \u201cbio\u201d de las multinacionales agroqu\u00edmicas\" width=\"696\" height=\"276\" srcset=\"https:\/\/www.revistarambla.com\/wp-content\/uploads\/2024\/08\/Agricultura-agroecologica-para-combatir-el-cambio-climatico-Foto-Via-Campesina.jpg 696w, https:\/\/www.revistarambla.com\/wp-content\/uploads\/2024\/08\/Agricultura-agroecologica-para-combatir-el-cambio-climatico-Foto-Via-Campesina-660x262.jpg 660w, https:\/\/www.revistarambla.com\/wp-content\/uploads\/2024\/08\/Agricultura-agroecologica-para-combatir-el-cambio-climatico-Foto-Via-Campesina-18x7.jpg 18w\" sizes=\"(max-width: 696px) 100vw, 696px\" \/><figcaption id=\"caption-attachment-62385\" class=\"wp-caption-text\">Agricultura agroecol\u00f3gica para combatir el cambio clim\u00e1tico. Foto V\u00eda Campesina<\/figcaption><\/figure>\n<p class=\"x_1468528674ydp6fa5b584yiv7317886540ydp226d8bd1MsoNormal\"><span lang=\"ES\">Las grandes empresas agroindustriales son parte de los principales responsables de la crisis clim\u00e1tica y de otros muchos problemas globales. Para <i>Grain<\/i>, \u201cla soluci\u00f3n no consiste en la mera reducci\u00f3n de pesticidas y fertilizantes qu\u00edmicos\u201d debido a que ambos son componentes inevitables del modelo de una agricultura industrial inserta en un sistema alimentario global injusto y predatorio, controlado por unas pocas corporaciones multinacionales. La soluci\u00f3n viene de definir un nuevo paradigma de producci\u00f3n y distribuci\u00f3n agraria.<\/span><\/p>\n<p class=\"x_1468528674ydp6fa5b584yiv7317886540ydp226d8bd1MsoNormal\">En este marco, <span lang=\"ES\">como los movimientos sociales rurales vienen proponiendo desde hace varias d\u00e9cadas, el gran desaf\u00edo consiste en lograr una transici\u00f3n hacia la agroecolog\u00eda basada en los saberes campesinos, la innovaci\u00f3n colectiva y la soberan\u00eda alimentaria, desestimando las soluciones tecnol\u00f3gicas caras y con patentes corporativas que solo perpet\u00faan la agricultura industrial y sus consecuencias devastadoras. Se trata, simplemente, de reubicar el cursor social poniendo en el centro la salud de cada ser viviente y de la madre tierra.<\/span><\/p>\n<\/div>","protected":false},"excerpt":{"rendered":"<p>Agroindustria \u201cbio-oportunista\u201d. En la imagen, plaguicidas qu\u00edmicos o biol\u00f3gicos: Una cuesti\u00f3n decisiva para el futuro de la agricultura. Foto Nastya Palagutina (FAO)<\/p>","protected":false},"author":24,"featured_media":62383,"comment_status":"closed","ping_status":"closed","sticky":false,"template":"","format":"standard","meta":{"footnotes":""},"categories":[4108],"tags":[],"class_list":["post-62382","post","type-post","status-publish","format-standard","has-post-thumbnail","hentry","category-el-apunte-de-sergio-ferrari"],"yoast_head":"<!-- This site is optimized with the Yoast SEO plugin v27.5 - https:\/\/yoast.com\/product\/yoast-seo-wordpress\/ -->\n<title>Voracidad \u201cbio\u201d de las multinacionales agroqu\u00edmicas - Revista Rambla<\/title>\n<meta name=\"description\" content=\"Las grandes empresas agroqu\u00edmicas internacionales han estado redirigi\u00e9ndose hacia la producci\u00f3n de insumos biol\u00f3gicos para la agroindustria.\" \/>\n<meta name=\"robots\" content=\"index, follow, max-snippet:-1, max-image-preview:large, max-video-preview:-1\" \/>\n<link rel=\"canonical\" href=\"https:\/\/www.revistarambla.com\/en\/voracidad-bio-de-las-multinacionales-agroquimicas\/\" \/>\n<meta property=\"og:locale\" content=\"en_GB\" \/>\n<meta property=\"og:type\" content=\"article\" \/>\n<meta property=\"og:title\" content=\"Voracidad \u201cbio\u201d de las multinacionales agroqu\u00edmicas - Revista Rambla\" \/>\n<meta property=\"og:description\" content=\"Las grandes empresas agroqu\u00edmicas internacionales han estado redirigi\u00e9ndose hacia la producci\u00f3n de insumos biol\u00f3gicos para la agroindustria.\" \/>\n<meta property=\"og:url\" content=\"https:\/\/www.revistarambla.com\/en\/voracidad-bio-de-las-multinacionales-agroquimicas\/\" \/>\n<meta property=\"og:site_name\" content=\"Revista Rambla\" \/>\n<meta property=\"article:publisher\" content=\"https:\/\/www.facebook.com\/revistarambla\/\" \/>\n<meta property=\"article:author\" content=\"https:\/\/www.facebook.com\/sergio.ferrari.9655\" \/>\n<meta property=\"article:published_time\" content=\"2024-08-26T16:29:30+00:00\" \/>\n<meta property=\"og:image\" content=\"https:\/\/www.revistarambla.com\/wp-content\/uploads\/2024\/08\/Plaguicidas-quimicos-o-biologicos_-Una-cuestion-decisiva-para-el-futuro-de-la-agricultura-Foto-Nastya-Palagutina_FAO.jpg\" \/>\n\t<meta property=\"og:image:width\" content=\"1200\" \/>\n\t<meta property=\"og:image:height\" content=\"800\" \/>\n\t<meta property=\"og:image:type\" content=\"image\/jpeg\" \/>\n<meta name=\"author\" content=\"Sergio Ferrari\" \/>\n<meta name=\"twitter:card\" content=\"summary_large_image\" \/>\n<meta name=\"twitter:creator\" content=\"@SergiooFerrari\" \/>\n<meta name=\"twitter:site\" content=\"@revistarambla\" \/>\n<meta name=\"twitter:label1\" content=\"Written by\" \/>\n\t<meta name=\"twitter:data1\" content=\"Sergio Ferrari\" \/>\n\t<meta name=\"twitter:label2\" content=\"Estimated reading time\" \/>\n\t<meta name=\"twitter:data2\" content=\"7 minutes\" \/>\n<script type=\"application\/ld+json\" class=\"yoast-schema-graph\">{\"@context\":\"https:\\\/\\\/schema.org\",\"@graph\":[{\"@type\":\"Article\",\"@id\":\"https:\\\/\\\/www.revistarambla.com\\\/voracidad-bio-de-las-multinacionales-agroquimicas\\\/#article\",\"isPartOf\":{\"@id\":\"https:\\\/\\\/www.revistarambla.com\\\/voracidad-bio-de-las-multinacionales-agroquimicas\\\/\"},\"author\":{\"name\":\"Sergio Ferrari\",\"@id\":\"https:\\\/\\\/www.revistarambla.com\\\/#\\\/schema\\\/person\\\/339e2410a25811f9912d8a8551fa5d96\"},\"headline\":\"Voracidad \u201cbio\u201d de las multinacionales agroqu\u00edmicas\",\"datePublished\":\"2024-08-26T16:29:30+00:00\",\"mainEntityOfPage\":{\"@id\":\"https:\\\/\\\/www.revistarambla.com\\\/voracidad-bio-de-las-multinacionales-agroquimicas\\\/\"},\"wordCount\":1540,\"publisher\":{\"@id\":\"https:\\\/\\\/www.revistarambla.com\\\/#organization\"},\"image\":{\"@id\":\"https:\\\/\\\/www.revistarambla.com\\\/voracidad-bio-de-las-multinacionales-agroquimicas\\\/#primaryimage\"},\"thumbnailUrl\":\"https:\\\/\\\/www.revistarambla.com\\\/wp-content\\\/uploads\\\/2024\\\/08\\\/Plaguicidas-quimicos-o-biologicos_-Una-cuestion-decisiva-para-el-futuro-de-la-agricultura-Foto-Nastya-Palagutina_FAO.jpg\",\"articleSection\":[\"El Apunte\"],\"inLanguage\":\"en-GB\"},{\"@type\":\"WebPage\",\"@id\":\"https:\\\/\\\/www.revistarambla.com\\\/voracidad-bio-de-las-multinacionales-agroquimicas\\\/\",\"url\":\"https:\\\/\\\/www.revistarambla.com\\\/voracidad-bio-de-las-multinacionales-agroquimicas\\\/\",\"name\":\"Voracidad \u201cbio\u201d de las multinacionales agroqu\u00edmicas - Revista Rambla\",\"isPartOf\":{\"@id\":\"https:\\\/\\\/www.revistarambla.com\\\/#website\"},\"primaryImageOfPage\":{\"@id\":\"https:\\\/\\\/www.revistarambla.com\\\/voracidad-bio-de-las-multinacionales-agroquimicas\\\/#primaryimage\"},\"image\":{\"@id\":\"https:\\\/\\\/www.revistarambla.com\\\/voracidad-bio-de-las-multinacionales-agroquimicas\\\/#primaryimage\"},\"thumbnailUrl\":\"https:\\\/\\\/www.revistarambla.com\\\/wp-content\\\/uploads\\\/2024\\\/08\\\/Plaguicidas-quimicos-o-biologicos_-Una-cuestion-decisiva-para-el-futuro-de-la-agricultura-Foto-Nastya-Palagutina_FAO.jpg\",\"datePublished\":\"2024-08-26T16:29:30+00:00\",\"description\":\"Las grandes empresas agroqu\u00edmicas internacionales han estado redirigi\u00e9ndose hacia la producci\u00f3n de insumos biol\u00f3gicos para la agroindustria.\",\"breadcrumb\":{\"@id\":\"https:\\\/\\\/www.revistarambla.com\\\/voracidad-bio-de-las-multinacionales-agroquimicas\\\/#breadcrumb\"},\"inLanguage\":\"en-GB\",\"potentialAction\":[{\"@type\":\"ReadAction\",\"target\":[\"https:\\\/\\\/www.revistarambla.com\\\/voracidad-bio-de-las-multinacionales-agroquimicas\\\/\"]}]},{\"@type\":\"ImageObject\",\"inLanguage\":\"en-GB\",\"@id\":\"https:\\\/\\\/www.revistarambla.com\\\/voracidad-bio-de-las-multinacionales-agroquimicas\\\/#primaryimage\",\"url\":\"https:\\\/\\\/www.revistarambla.com\\\/wp-content\\\/uploads\\\/2024\\\/08\\\/Plaguicidas-quimicos-o-biologicos_-Una-cuestion-decisiva-para-el-futuro-de-la-agricultura-Foto-Nastya-Palagutina_FAO.jpg\",\"contentUrl\":\"https:\\\/\\\/www.revistarambla.com\\\/wp-content\\\/uploads\\\/2024\\\/08\\\/Plaguicidas-quimicos-o-biologicos_-Una-cuestion-decisiva-para-el-futuro-de-la-agricultura-Foto-Nastya-Palagutina_FAO.jpg\",\"width\":1200,\"height\":800,\"caption\":\"Voracidad \u201cbio\u201d de las multinacionales agroqu\u00edmicas\"},{\"@type\":\"BreadcrumbList\",\"@id\":\"https:\\\/\\\/www.revistarambla.com\\\/voracidad-bio-de-las-multinacionales-agroquimicas\\\/#breadcrumb\",\"itemListElement\":[{\"@type\":\"ListItem\",\"position\":1,\"name\":\"Portada\",\"item\":\"https:\\\/\\\/www.revistarambla.com\\\/\"},{\"@type\":\"ListItem\",\"position\":2,\"name\":\"Voracidad \u201cbio\u201d de las multinacionales agroqu\u00edmicas\"}]},{\"@type\":\"WebSite\",\"@id\":\"https:\\\/\\\/www.revistarambla.com\\\/#website\",\"url\":\"https:\\\/\\\/www.revistarambla.com\\\/\",\"name\":\"Revista Rambla Barcelona\",\"description\":\"Periodismo independiente\",\"publisher\":{\"@id\":\"https:\\\/\\\/www.revistarambla.com\\\/#organization\"},\"potentialAction\":[{\"@type\":\"SearchAction\",\"target\":{\"@type\":\"EntryPoint\",\"urlTemplate\":\"https:\\\/\\\/www.revistarambla.com\\\/?s={search_term_string}\"},\"query-input\":{\"@type\":\"PropertyValueSpecification\",\"valueRequired\":true,\"valueName\":\"search_term_string\"}}],\"inLanguage\":\"en-GB\"},{\"@type\":\"Organization\",\"@id\":\"https:\\\/\\\/www.revistarambla.com\\\/#organization\",\"name\":\"Revista Rambla\",\"url\":\"https:\\\/\\\/www.revistarambla.com\\\/\",\"logo\":{\"@type\":\"ImageObject\",\"inLanguage\":\"en-GB\",\"@id\":\"https:\\\/\\\/www.revistarambla.com\\\/#\\\/schema\\\/logo\\\/image\\\/\",\"url\":\"https:\\\/\\\/www.revistarambla.com\\\/wp-content\\\/uploads\\\/2020\\\/09\\\/banner_rambla_1900x600_BB.png\",\"contentUrl\":\"https:\\\/\\\/www.revistarambla.com\\\/wp-content\\\/uploads\\\/2020\\\/09\\\/banner_rambla_1900x600_BB.png\",\"width\":1900,\"height\":600,\"caption\":\"Revista Rambla\"},\"image\":{\"@id\":\"https:\\\/\\\/www.revistarambla.com\\\/#\\\/schema\\\/logo\\\/image\\\/\"},\"sameAs\":[\"https:\\\/\\\/www.facebook.com\\\/revistarambla\\\/\",\"https:\\\/\\\/x.com\\\/revistarambla\",\"https:\\\/\\\/www.instagram.com\\\/revista_rambla\",\"https:\\\/\\\/es.linkedin.com\\\/company\\\/revista-rambla\"]},{\"@type\":\"Person\",\"@id\":\"https:\\\/\\\/www.revistarambla.com\\\/#\\\/schema\\\/person\\\/339e2410a25811f9912d8a8551fa5d96\",\"name\":\"Sergio Ferrari\",\"description\":\"Periodista argentino radicado en Berna, Suiza. Acreditado ante el Gobierno suizo. Colaborador regular de numerosos medios latinoamericanos y europeos.\",\"sameAs\":[\"https:\\\/\\\/www.voltairenet.org\\\/auteur120173.html?lang=es\",\"https:\\\/\\\/www.facebook.com\\\/sergio.ferrari.9655\",\"https:\\\/\\\/x.com\\\/SergiooFerrari\"]}]}<\/script>\n<!-- \/ Yoast SEO plugin. -->","yoast_head_json":{"title":"Voracidad \u201cbio\u201d de las multinacionales agroqu\u00edmicas - Revista Rambla","description":"Las grandes empresas agroqu\u00edmicas internacionales han estado redirigi\u00e9ndose hacia la producci\u00f3n de insumos biol\u00f3gicos para la agroindustria.","robots":{"index":"index","follow":"follow","max-snippet":"max-snippet:-1","max-image-preview":"max-image-preview:large","max-video-preview":"max-video-preview:-1"},"canonical":"https:\/\/www.revistarambla.com\/en\/voracidad-bio-de-las-multinacionales-agroquimicas\/","og_locale":"en_GB","og_type":"article","og_title":"Voracidad \u201cbio\u201d de las multinacionales agroqu\u00edmicas - Revista Rambla","og_description":"Las grandes empresas agroqu\u00edmicas internacionales han estado redirigi\u00e9ndose hacia la producci\u00f3n de insumos biol\u00f3gicos para la agroindustria.","og_url":"https:\/\/www.revistarambla.com\/en\/voracidad-bio-de-las-multinacionales-agroquimicas\/","og_site_name":"Revista Rambla","article_publisher":"https:\/\/www.facebook.com\/revistarambla\/","article_author":"https:\/\/www.facebook.com\/sergio.ferrari.9655","article_published_time":"2024-08-26T16:29:30+00:00","og_image":[{"width":1200,"height":800,"url":"https:\/\/www.revistarambla.com\/wp-content\/uploads\/2024\/08\/Plaguicidas-quimicos-o-biologicos_-Una-cuestion-decisiva-para-el-futuro-de-la-agricultura-Foto-Nastya-Palagutina_FAO.jpg","type":"image\/jpeg"}],"author":"Sergio Ferrari","twitter_card":"summary_large_image","twitter_creator":"@SergiooFerrari","twitter_site":"@revistarambla","twitter_misc":{"Written by":"Sergio Ferrari","Estimated reading time":"7 minutes"},"schema":{"@context":"https:\/\/schema.org","@graph":[{"@type":"Article","@id":"https:\/\/www.revistarambla.com\/voracidad-bio-de-las-multinacionales-agroquimicas\/#article","isPartOf":{"@id":"https:\/\/www.revistarambla.com\/voracidad-bio-de-las-multinacionales-agroquimicas\/"},"author":{"name":"Sergio Ferrari","@id":"https:\/\/www.revistarambla.com\/#\/schema\/person\/339e2410a25811f9912d8a8551fa5d96"},"headline":"Voracidad \u201cbio\u201d de las multinacionales agroqu\u00edmicas","datePublished":"2024-08-26T16:29:30+00:00","mainEntityOfPage":{"@id":"https:\/\/www.revistarambla.com\/voracidad-bio-de-las-multinacionales-agroquimicas\/"},"wordCount":1540,"publisher":{"@id":"https:\/\/www.revistarambla.com\/#organization"},"image":{"@id":"https:\/\/www.revistarambla.com\/voracidad-bio-de-las-multinacionales-agroquimicas\/#primaryimage"},"thumbnailUrl":"https:\/\/www.revistarambla.com\/wp-content\/uploads\/2024\/08\/Plaguicidas-quimicos-o-biologicos_-Una-cuestion-decisiva-para-el-futuro-de-la-agricultura-Foto-Nastya-Palagutina_FAO.jpg","articleSection":["El Apunte"],"inLanguage":"en-GB"},{"@type":"WebPage","@id":"https:\/\/www.revistarambla.com\/voracidad-bio-de-las-multinacionales-agroquimicas\/","url":"https:\/\/www.revistarambla.com\/voracidad-bio-de-las-multinacionales-agroquimicas\/","name":"Voracidad \u201cbio\u201d de las multinacionales agroqu\u00edmicas - Revista Rambla","isPartOf":{"@id":"https:\/\/www.revistarambla.com\/#website"},"primaryImageOfPage":{"@id":"https:\/\/www.revistarambla.com\/voracidad-bio-de-las-multinacionales-agroquimicas\/#primaryimage"},"image":{"@id":"https:\/\/www.revistarambla.com\/voracidad-bio-de-las-multinacionales-agroquimicas\/#primaryimage"},"thumbnailUrl":"https:\/\/www.revistarambla.com\/wp-content\/uploads\/2024\/08\/Plaguicidas-quimicos-o-biologicos_-Una-cuestion-decisiva-para-el-futuro-de-la-agricultura-Foto-Nastya-Palagutina_FAO.jpg","datePublished":"2024-08-26T16:29:30+00:00","description":"Las grandes empresas agroqu\u00edmicas internacionales han estado redirigi\u00e9ndose hacia la producci\u00f3n de insumos biol\u00f3gicos para la agroindustria.","breadcrumb":{"@id":"https:\/\/www.revistarambla.com\/voracidad-bio-de-las-multinacionales-agroquimicas\/#breadcrumb"},"inLanguage":"en-GB","potentialAction":[{"@type":"ReadAction","target":["https:\/\/www.revistarambla.com\/voracidad-bio-de-las-multinacionales-agroquimicas\/"]}]},{"@type":"ImageObject","inLanguage":"en-GB","@id":"https:\/\/www.revistarambla.com\/voracidad-bio-de-las-multinacionales-agroquimicas\/#primaryimage","url":"https:\/\/www.revistarambla.com\/wp-content\/uploads\/2024\/08\/Plaguicidas-quimicos-o-biologicos_-Una-cuestion-decisiva-para-el-futuro-de-la-agricultura-Foto-Nastya-Palagutina_FAO.jpg","contentUrl":"https:\/\/www.revistarambla.com\/wp-content\/uploads\/2024\/08\/Plaguicidas-quimicos-o-biologicos_-Una-cuestion-decisiva-para-el-futuro-de-la-agricultura-Foto-Nastya-Palagutina_FAO.jpg","width":1200,"height":800,"caption":"Voracidad \u201cbio\u201d de las multinacionales agroqu\u00edmicas"},{"@type":"BreadcrumbList","@id":"https:\/\/www.revistarambla.com\/voracidad-bio-de-las-multinacionales-agroquimicas\/#breadcrumb","itemListElement":[{"@type":"ListItem","position":1,"name":"Portada","item":"https:\/\/www.revistarambla.com\/"},{"@type":"ListItem","position":2,"name":"Voracidad \u201cbio\u201d de las multinacionales agroqu\u00edmicas"}]},{"@type":"WebSite","@id":"https:\/\/www.revistarambla.com\/#website","url":"https:\/\/www.revistarambla.com\/","name":"Revista Rambla Barcelona","description":"Periodismo independiente","publisher":{"@id":"https:\/\/www.revistarambla.com\/#organization"},"potentialAction":[{"@type":"SearchAction","target":{"@type":"EntryPoint","urlTemplate":"https:\/\/www.revistarambla.com\/?s={search_term_string}"},"query-input":{"@type":"PropertyValueSpecification","valueRequired":true,"valueName":"search_term_string"}}],"inLanguage":"en-GB"},{"@type":"Organization","@id":"https:\/\/www.revistarambla.com\/#organization","name":"Revista Rambla","url":"https:\/\/www.revistarambla.com\/","logo":{"@type":"ImageObject","inLanguage":"en-GB","@id":"https:\/\/www.revistarambla.com\/#\/schema\/logo\/image\/","url":"https:\/\/www.revistarambla.com\/wp-content\/uploads\/2020\/09\/banner_rambla_1900x600_BB.png","contentUrl":"https:\/\/www.revistarambla.com\/wp-content\/uploads\/2020\/09\/banner_rambla_1900x600_BB.png","width":1900,"height":600,"caption":"Revista Rambla"},"image":{"@id":"https:\/\/www.revistarambla.com\/#\/schema\/logo\/image\/"},"sameAs":["https:\/\/www.facebook.com\/revistarambla\/","https:\/\/x.com\/revistarambla","https:\/\/www.instagram.com\/revista_rambla","https:\/\/es.linkedin.com\/company\/revista-rambla"]},{"@type":"Person","@id":"https:\/\/www.revistarambla.com\/#\/schema\/person\/339e2410a25811f9912d8a8551fa5d96","name":"Sergio Ferrari","description":"Periodista argentino radicado en Berna, Suiza. Acreditado ante el Gobierno suizo. Colaborador regular de numerosos medios latinoamericanos y europeos.","sameAs":["https:\/\/www.voltairenet.org\/auteur120173.html?lang=es","https:\/\/www.facebook.com\/sergio.ferrari.9655","https:\/\/x.com\/SergiooFerrari"]}]}},"_links":{"self":[{"href":"https:\/\/www.revistarambla.com\/en\/wp-json\/wp\/v2\/posts\/62382","targetHints":{"allow":["GET"]}}],"collection":[{"href":"https:\/\/www.revistarambla.com\/en\/wp-json\/wp\/v2\/posts"}],"about":[{"href":"https:\/\/www.revistarambla.com\/en\/wp-json\/wp\/v2\/types\/post"}],"author":[{"embeddable":true,"href":"https:\/\/www.revistarambla.com\/en\/wp-json\/wp\/v2\/users\/24"}],"replies":[{"embeddable":true,"href":"https:\/\/www.revistarambla.com\/en\/wp-json\/wp\/v2\/comments?post=62382"}],"version-history":[{"count":1,"href":"https:\/\/www.revistarambla.com\/en\/wp-json\/wp\/v2\/posts\/62382\/revisions"}],"predecessor-version":[{"id":62386,"href":"https:\/\/www.revistarambla.com\/en\/wp-json\/wp\/v2\/posts\/62382\/revisions\/62386"}],"wp:featuredmedia":[{"embeddable":true,"href":"https:\/\/www.revistarambla.com\/en\/wp-json\/wp\/v2\/media\/62383"}],"wp:attachment":[{"href":"https:\/\/www.revistarambla.com\/en\/wp-json\/wp\/v2\/media?parent=62382"}],"wp:term":[{"taxonomy":"category","embeddable":true,"href":"https:\/\/www.revistarambla.com\/en\/wp-json\/wp\/v2\/categories?post=62382"},{"taxonomy":"post_tag","embeddable":true,"href":"https:\/\/www.revistarambla.com\/en\/wp-json\/wp\/v2\/tags?post=62382"}],"curies":[{"name":"wp","href":"https:\/\/api.w.org\/{rel}","templated":true}]}}