{"id":62360,"date":"2024-08-26T13:23:41","date_gmt":"2024-08-26T11:23:41","guid":{"rendered":"https:\/\/www.revistarambla.com\/?p=62360"},"modified":"2024-08-26T13:23:41","modified_gmt":"2024-08-26T11:23:41","slug":"espana-una-especie-de-paramo-politico-para-los-sofistas","status":"publish","type":"post","link":"https:\/\/www.revistarambla.com\/en\/espana-una-especie-de-paramo-politico-para-los-sofistas\/","title":{"rendered":"Espa\u00f1a, una especie de p\u00e1ramo pol\u00edtico"},"content":{"rendered":"<p>En alg\u00fan momento, a tenor de las evoluciones jur\u00eddico-pol\u00edticas del pr\u00f3ximo oto\u00f1o\/invierno, Espa\u00f1a posiblemente deber\u00e1 afrontar nuevas Elecciones Generales <!--more-->que marcar\u00edan una pr\u00f3xima Legislatura.\u00a0 Deber\u00edamos reflexionar sobre recientes experiencias Legislativas y Gubernamentales, y, sobre todo: (a) si somos merecedores de una nueva clase pol\u00edticamente regenerada, (b) Valorar aquello de m\u00e1s vale malo conocido\u2026 (c) Apostar por la Oposici\u00f3n, o (d) Mostrar rechazo a las clases pol\u00edticas conocidas.<\/p>\n<p>Espa\u00f1a ha sido gobernada en los \u00faltimos a\u00f1os durante \u00e9pocas de crisis, y tambi\u00e9n porque no mencionarlo en \u00e9pocas inmediatamente pret\u00e9ritas al poder actual. por otros pol\u00edticos que solamente han pensado en la forma o manera de mantenerse en el poder, obviando todo aquello que podr\u00eda venirle bien a nuestro Pa\u00eds.<\/p>\n<p>Si echamos la vista algo atr\u00e1s, nos hemos enfrentado a situaciones harto dudosas, como la preocupante actual deuda p\u00fablica, la cual ha crecido en el primer trimestre de 2024 en 39.289 millones de euros y se sit\u00faa en 1.613.043 millones. Esta cifra supone que la deuda alcanz\u00f3 el 108,9% del PIB en Espa\u00f1a.<\/p>\n<p>Tambi\u00e9n, hay que reconocer \u201ca sensu contrario\u201d que nuestro crecimiento aventaja, reconocido por las instituciones europeas, a otros pa\u00edses de nuestro entorno. Sin embargo, otros episodios legislativos entre los que se encuentran: La ley del \u201cS\u00ed es s\u00ed\u201d; los ERE de Andaluc\u00eda; los indultos interesados, la ley de la vivienda protegiendo a \u201clos okupas\u201d; las concesiones al separatismo y su Ley de Amnist\u00eda, etc.\u2026 Todo ello constituye el resultado de la aplicaci\u00f3n de pol\u00edticas dudosas y controvertidas aplicadas durante toda la legislatura, y continuamos\u2026\u2026<\/p>\n<p>Aquellos lectores que hayan le\u00eddo mis anteriores art\u00edculos habr\u00e1n observado que en muchas ocasiones he procurado trasladarles que las pol\u00edticas empleadas de un tiempo a esta parte residen principalmente en Ret\u00f3rica y Persuasi\u00f3n, nada nuevo que sorprenda, quiz\u00e1s, lo sorprendente se encuentre en que el electorado no ha sido todav\u00eda capaz de analizar y diseccionar, llegado el siglo XXI.<br \/>\nRet\u00f3rica y Persuasi\u00f3n, han imperado en Espa\u00f1a en los \u00faltimos tiempos, tantas veces subidas a estas p\u00e1ginas, como cr\u00edtica, en cuyo desarrollo eran maestros los Sofistas en la antigua Grecia, ense\u00f1ando a sus alumnos c\u00f3mo argumentar y convencer a otros, independientemente de la verdad objetiva de lo que se dec\u00eda. La habilidad para persuadir era vista como una forma de poder. (Siglos V-IV a C). Actualmente, los sofistas y el concepto de carisma pol\u00edtico presentan varias similitudes, aunque se sit\u00faan en contextos hist\u00f3ricos y culturales muy diferentes.<\/p>\n<p>Para los <a href=\"https:\/\/www.revistarambla.com\/en\/las-argucias-para-seducir-oidos\/\">sofistas<\/a>, y su pensamiento actual, la verdad ni es, ni era absoluta, sino que pod\u00eda ser moldeada seg\u00fan las necesidades del discurso. Lo importante era ganar la argumentaci\u00f3n y ser convincente ante el p\u00fablico.<\/p>\n<p>Hemos tenido excesos de ejemplos, defendiendo el relativismo moral, es decir, la idea de que las normas y valores pueden variar seg\u00fan el contexto y que no existen verdades morales universales. Esto les permite justificar cualquier posici\u00f3n, siempre que sea defendible de manera convincente. El presidente actual ha dado sobradas muestras de ello.<\/p>\n<p>Pero no crean que el presente Texto entra\u00f1a como protagonista al Gobierno actual, aunque acumulen m\u00e9ritos suficientes, no, pues como distintos colectivos de Gobierno y Oposici\u00f3n, ambas partes tienen la obligaci\u00f3n de ejercer actos de regeneraci\u00f3n pol\u00edtica y en su momento. Un servidor tambi\u00e9n fue cr\u00edtico cuando gobernaba el PP. Dejaremos, pues, para m\u00e1s adelante Art\u00edculo titulado NON PLACET FEIJOO\u2026 (2022).<\/p>\n<p>Se refer\u00eda en una noticia adelantada por EL CONFIDENCIAL por aquellas fechas referente a un Plan econ\u00f3mico elaborado por el PP. y entregado al Ejecutivo, a fin de \u201cdexindexar\u201d, o dicho en Rom\u00e1n Paladino, \u201ccastigar\u201d las pensiones m\u00e1s altas, aunque ya se sabe, una vez las tijeras en las manos. del nuevo \u201chombre fuerte econ\u00f3mico\u201d, Juan Bravo Baena, todo puede suceder.<\/p>\n<p>Resumiendo, habr\u00e1 que estar atentos a los pol\u00edticos por aquello del \u201cLibreto de m\u00e9s de mateix\u201d (m\u00e1s de lo mismo), y el autor volver\u00e1 a mostrar nuevamente su rechazo a las situaciones a las que se observa sometido, y optar por la soluci\u00f3n (d).<\/p>","protected":false},"excerpt":{"rendered":"<p>En alg\u00fan momento, a tenor de las evoluciones jur\u00eddico-pol\u00edticas del pr\u00f3ximo oto\u00f1o\/invierno, Espa\u00f1a posiblemente deber\u00e1 afrontar nuevas Elecciones Generales<\/p>","protected":false},"author":305,"featured_media":62361,"comment_status":"closed","ping_status":"closed","sticky":false,"template":"","format":"standard","meta":{"footnotes":""},"categories":[72],"tags":[],"class_list":["post-62360","post","type-post","status-publish","format-standard","has-post-thumbnail","hentry","category-opinion"],"yoast_head":"<!-- This site is optimized with the Yoast SEO plugin v27.5 - https:\/\/yoast.com\/product\/yoast-seo-wordpress\/ -->\n<title>Espa\u00f1a, una especie de p\u00e1ramo pol\u00edtico para los sofistas<\/title>\n<meta name=\"description\" content=\"Para los sofistas, y su pensamiento actual, la verdad ni es, ni era absoluta, sino que pod\u00eda ser moldeada seg\u00fan las necesidades del discurso.\" \/>\n<meta name=\"robots\" content=\"index, follow, max-snippet:-1, max-image-preview:large, max-video-preview:-1\" \/>\n<link rel=\"canonical\" href=\"https:\/\/www.revistarambla.com\/en\/espana-una-especie-de-paramo-politico-para-los-sofistas\/\" \/>\n<meta property=\"og:locale\" content=\"en_GB\" \/>\n<meta property=\"og:type\" content=\"article\" \/>\n<meta property=\"og:title\" content=\"Espa\u00f1a, una especie de p\u00e1ramo pol\u00edtico para los sofistas\" \/>\n<meta property=\"og:description\" content=\"Para los sofistas, y su pensamiento actual, la verdad ni es, ni era absoluta, sino que pod\u00eda ser moldeada seg\u00fan las necesidades del discurso.\" \/>\n<meta property=\"og:url\" content=\"https:\/\/www.revistarambla.com\/en\/espana-una-especie-de-paramo-politico-para-los-sofistas\/\" \/>\n<meta property=\"og:site_name\" content=\"Revista Rambla\" \/>\n<meta property=\"article:publisher\" content=\"https:\/\/www.facebook.com\/revistarambla\/\" \/>\n<meta property=\"article:published_time\" content=\"2024-08-26T11:23:41+00:00\" \/>\n<meta property=\"og:image\" content=\"https:\/\/www.revistarambla.com\/wp-content\/uploads\/2024\/08\/sofistas.webp\" \/>\n\t<meta property=\"og:image:width\" content=\"643\" \/>\n\t<meta property=\"og:image:height\" content=\"499\" \/>\n\t<meta property=\"og:image:type\" content=\"image\/webp\" \/>\n<meta name=\"author\" content=\"Jes\u00fas Antonio Rodr\u00edguez Morilla\" \/>\n<meta name=\"twitter:card\" content=\"summary_large_image\" \/>\n<meta name=\"twitter:creator\" content=\"@revistarambla\" \/>\n<meta name=\"twitter:site\" content=\"@revistarambla\" \/>\n<meta name=\"twitter:label1\" content=\"Written by\" \/>\n\t<meta name=\"twitter:data1\" content=\"Jes\u00fas Antonio Rodr\u00edguez Morilla\" \/>\n\t<meta name=\"twitter:label2\" content=\"Estimated reading time\" \/>\n\t<meta name=\"twitter:data2\" content=\"4 minutes\" \/>\n<script type=\"application\/ld+json\" class=\"yoast-schema-graph\">{\"@context\":\"https:\\\/\\\/schema.org\",\"@graph\":[{\"@type\":\"Article\",\"@id\":\"https:\\\/\\\/www.revistarambla.com\\\/espana-una-especie-de-paramo-politico-para-los-sofistas\\\/#article\",\"isPartOf\":{\"@id\":\"https:\\\/\\\/www.revistarambla.com\\\/espana-una-especie-de-paramo-politico-para-los-sofistas\\\/\"},\"author\":{\"name\":\"Jes\u00fas Antonio Rodr\u00edguez Morilla\",\"@id\":\"https:\\\/\\\/www.revistarambla.com\\\/#\\\/schema\\\/person\\\/eace802346abd966cd3ecb763f255a0a\"},\"headline\":\"Espa\u00f1a, una especie de p\u00e1ramo pol\u00edtico\",\"datePublished\":\"2024-08-26T11:23:41+00:00\",\"mainEntityOfPage\":{\"@id\":\"https:\\\/\\\/www.revistarambla.com\\\/espana-una-especie-de-paramo-politico-para-los-sofistas\\\/\"},\"wordCount\":735,\"publisher\":{\"@id\":\"https:\\\/\\\/www.revistarambla.com\\\/#organization\"},\"image\":{\"@id\":\"https:\\\/\\\/www.revistarambla.com\\\/espana-una-especie-de-paramo-politico-para-los-sofistas\\\/#primaryimage\"},\"thumbnailUrl\":\"https:\\\/\\\/www.revistarambla.com\\\/wp-content\\\/uploads\\\/2024\\\/08\\\/sofistas.webp\",\"articleSection\":[\"Opiniones\"],\"inLanguage\":\"en-GB\"},{\"@type\":\"WebPage\",\"@id\":\"https:\\\/\\\/www.revistarambla.com\\\/espana-una-especie-de-paramo-politico-para-los-sofistas\\\/\",\"url\":\"https:\\\/\\\/www.revistarambla.com\\\/espana-una-especie-de-paramo-politico-para-los-sofistas\\\/\",\"name\":\"Espa\u00f1a, una especie de p\u00e1ramo pol\u00edtico para los sofistas\",\"isPartOf\":{\"@id\":\"https:\\\/\\\/www.revistarambla.com\\\/#website\"},\"primaryImageOfPage\":{\"@id\":\"https:\\\/\\\/www.revistarambla.com\\\/espana-una-especie-de-paramo-politico-para-los-sofistas\\\/#primaryimage\"},\"image\":{\"@id\":\"https:\\\/\\\/www.revistarambla.com\\\/espana-una-especie-de-paramo-politico-para-los-sofistas\\\/#primaryimage\"},\"thumbnailUrl\":\"https:\\\/\\\/www.revistarambla.com\\\/wp-content\\\/uploads\\\/2024\\\/08\\\/sofistas.webp\",\"datePublished\":\"2024-08-26T11:23:41+00:00\",\"description\":\"Para los sofistas, y su pensamiento actual, la verdad ni es, ni era absoluta, sino que pod\u00eda ser moldeada seg\u00fan las necesidades del discurso.\",\"breadcrumb\":{\"@id\":\"https:\\\/\\\/www.revistarambla.com\\\/espana-una-especie-de-paramo-politico-para-los-sofistas\\\/#breadcrumb\"},\"inLanguage\":\"en-GB\",\"potentialAction\":[{\"@type\":\"ReadAction\",\"target\":[\"https:\\\/\\\/www.revistarambla.com\\\/espana-una-especie-de-paramo-politico-para-los-sofistas\\\/\"]}]},{\"@type\":\"ImageObject\",\"inLanguage\":\"en-GB\",\"@id\":\"https:\\\/\\\/www.revistarambla.com\\\/espana-una-especie-de-paramo-politico-para-los-sofistas\\\/#primaryimage\",\"url\":\"https:\\\/\\\/www.revistarambla.com\\\/wp-content\\\/uploads\\\/2024\\\/08\\\/sofistas.webp\",\"contentUrl\":\"https:\\\/\\\/www.revistarambla.com\\\/wp-content\\\/uploads\\\/2024\\\/08\\\/sofistas.webp\",\"width\":643,\"height\":499,\"caption\":\"sofistas\"},{\"@type\":\"BreadcrumbList\",\"@id\":\"https:\\\/\\\/www.revistarambla.com\\\/espana-una-especie-de-paramo-politico-para-los-sofistas\\\/#breadcrumb\",\"itemListElement\":[{\"@type\":\"ListItem\",\"position\":1,\"name\":\"Portada\",\"item\":\"https:\\\/\\\/www.revistarambla.com\\\/\"},{\"@type\":\"ListItem\",\"position\":2,\"name\":\"Espa\u00f1a, una especie de p\u00e1ramo pol\u00edtico\"}]},{\"@type\":\"WebSite\",\"@id\":\"https:\\\/\\\/www.revistarambla.com\\\/#website\",\"url\":\"https:\\\/\\\/www.revistarambla.com\\\/\",\"name\":\"Revista Rambla Barcelona\",\"description\":\"Periodismo independiente\",\"publisher\":{\"@id\":\"https:\\\/\\\/www.revistarambla.com\\\/#organization\"},\"potentialAction\":[{\"@type\":\"SearchAction\",\"target\":{\"@type\":\"EntryPoint\",\"urlTemplate\":\"https:\\\/\\\/www.revistarambla.com\\\/?s={search_term_string}\"},\"query-input\":{\"@type\":\"PropertyValueSpecification\",\"valueRequired\":true,\"valueName\":\"search_term_string\"}}],\"inLanguage\":\"en-GB\"},{\"@type\":\"Organization\",\"@id\":\"https:\\\/\\\/www.revistarambla.com\\\/#organization\",\"name\":\"Revista Rambla\",\"url\":\"https:\\\/\\\/www.revistarambla.com\\\/\",\"logo\":{\"@type\":\"ImageObject\",\"inLanguage\":\"en-GB\",\"@id\":\"https:\\\/\\\/www.revistarambla.com\\\/#\\\/schema\\\/logo\\\/image\\\/\",\"url\":\"https:\\\/\\\/www.revistarambla.com\\\/wp-content\\\/uploads\\\/2020\\\/09\\\/banner_rambla_1900x600_BB.png\",\"contentUrl\":\"https:\\\/\\\/www.revistarambla.com\\\/wp-content\\\/uploads\\\/2020\\\/09\\\/banner_rambla_1900x600_BB.png\",\"width\":1900,\"height\":600,\"caption\":\"Revista Rambla\"},\"image\":{\"@id\":\"https:\\\/\\\/www.revistarambla.com\\\/#\\\/schema\\\/logo\\\/image\\\/\"},\"sameAs\":[\"https:\\\/\\\/www.facebook.com\\\/revistarambla\\\/\",\"https:\\\/\\\/x.com\\\/revistarambla\",\"https:\\\/\\\/www.instagram.com\\\/revista_rambla\",\"https:\\\/\\\/es.linkedin.com\\\/company\\\/revista-rambla\"]},{\"@type\":\"Person\",\"@id\":\"https:\\\/\\\/www.revistarambla.com\\\/#\\\/schema\\\/person\\\/eace802346abd966cd3ecb763f255a0a\",\"name\":\"Jes\u00fas Antonio Rodr\u00edguez Morilla\",\"description\":\"Doctor en Derecho por la U.C.M. (Cum Laude). Licenciado en Derecho. Licenciado en Ciencias Pol\u00edticas. Caballero de M\u00e9rito de la Real Orden (Noruega).\",\"sameAs\":[\"https:\\\/\\\/www.modificadosobraspublicas.com\"]}]}<\/script>\n<!-- \/ Yoast SEO plugin. -->","yoast_head_json":{"title":"Espa\u00f1a, una especie de p\u00e1ramo pol\u00edtico para los sofistas","description":"Para los sofistas, y su pensamiento actual, la verdad ni es, ni era absoluta, sino que pod\u00eda ser moldeada seg\u00fan las necesidades del discurso.","robots":{"index":"index","follow":"follow","max-snippet":"max-snippet:-1","max-image-preview":"max-image-preview:large","max-video-preview":"max-video-preview:-1"},"canonical":"https:\/\/www.revistarambla.com\/en\/espana-una-especie-de-paramo-politico-para-los-sofistas\/","og_locale":"en_GB","og_type":"article","og_title":"Espa\u00f1a, una especie de p\u00e1ramo pol\u00edtico para los sofistas","og_description":"Para los sofistas, y su pensamiento actual, la verdad ni es, ni era absoluta, sino que pod\u00eda ser moldeada seg\u00fan las necesidades del discurso.","og_url":"https:\/\/www.revistarambla.com\/en\/espana-una-especie-de-paramo-politico-para-los-sofistas\/","og_site_name":"Revista Rambla","article_publisher":"https:\/\/www.facebook.com\/revistarambla\/","article_published_time":"2024-08-26T11:23:41+00:00","og_image":[{"width":643,"height":499,"url":"https:\/\/www.revistarambla.com\/wp-content\/uploads\/2024\/08\/sofistas.webp","type":"image\/webp"}],"author":"Jes\u00fas Antonio Rodr\u00edguez Morilla","twitter_card":"summary_large_image","twitter_creator":"@revistarambla","twitter_site":"@revistarambla","twitter_misc":{"Written by":"Jes\u00fas Antonio Rodr\u00edguez Morilla","Estimated reading time":"4 minutes"},"schema":{"@context":"https:\/\/schema.org","@graph":[{"@type":"Article","@id":"https:\/\/www.revistarambla.com\/espana-una-especie-de-paramo-politico-para-los-sofistas\/#article","isPartOf":{"@id":"https:\/\/www.revistarambla.com\/espana-una-especie-de-paramo-politico-para-los-sofistas\/"},"author":{"name":"Jes\u00fas Antonio Rodr\u00edguez Morilla","@id":"https:\/\/www.revistarambla.com\/#\/schema\/person\/eace802346abd966cd3ecb763f255a0a"},"headline":"Espa\u00f1a, una especie de p\u00e1ramo pol\u00edtico","datePublished":"2024-08-26T11:23:41+00:00","mainEntityOfPage":{"@id":"https:\/\/www.revistarambla.com\/espana-una-especie-de-paramo-politico-para-los-sofistas\/"},"wordCount":735,"publisher":{"@id":"https:\/\/www.revistarambla.com\/#organization"},"image":{"@id":"https:\/\/www.revistarambla.com\/espana-una-especie-de-paramo-politico-para-los-sofistas\/#primaryimage"},"thumbnailUrl":"https:\/\/www.revistarambla.com\/wp-content\/uploads\/2024\/08\/sofistas.webp","articleSection":["Opiniones"],"inLanguage":"en-GB"},{"@type":"WebPage","@id":"https:\/\/www.revistarambla.com\/espana-una-especie-de-paramo-politico-para-los-sofistas\/","url":"https:\/\/www.revistarambla.com\/espana-una-especie-de-paramo-politico-para-los-sofistas\/","name":"Espa\u00f1a, una especie de p\u00e1ramo pol\u00edtico para los sofistas","isPartOf":{"@id":"https:\/\/www.revistarambla.com\/#website"},"primaryImageOfPage":{"@id":"https:\/\/www.revistarambla.com\/espana-una-especie-de-paramo-politico-para-los-sofistas\/#primaryimage"},"image":{"@id":"https:\/\/www.revistarambla.com\/espana-una-especie-de-paramo-politico-para-los-sofistas\/#primaryimage"},"thumbnailUrl":"https:\/\/www.revistarambla.com\/wp-content\/uploads\/2024\/08\/sofistas.webp","datePublished":"2024-08-26T11:23:41+00:00","description":"Para los sofistas, y su pensamiento actual, la verdad ni es, ni era absoluta, sino que pod\u00eda ser moldeada seg\u00fan las necesidades del discurso.","breadcrumb":{"@id":"https:\/\/www.revistarambla.com\/espana-una-especie-de-paramo-politico-para-los-sofistas\/#breadcrumb"},"inLanguage":"en-GB","potentialAction":[{"@type":"ReadAction","target":["https:\/\/www.revistarambla.com\/espana-una-especie-de-paramo-politico-para-los-sofistas\/"]}]},{"@type":"ImageObject","inLanguage":"en-GB","@id":"https:\/\/www.revistarambla.com\/espana-una-especie-de-paramo-politico-para-los-sofistas\/#primaryimage","url":"https:\/\/www.revistarambla.com\/wp-content\/uploads\/2024\/08\/sofistas.webp","contentUrl":"https:\/\/www.revistarambla.com\/wp-content\/uploads\/2024\/08\/sofistas.webp","width":643,"height":499,"caption":"sofistas"},{"@type":"BreadcrumbList","@id":"https:\/\/www.revistarambla.com\/espana-una-especie-de-paramo-politico-para-los-sofistas\/#breadcrumb","itemListElement":[{"@type":"ListItem","position":1,"name":"Portada","item":"https:\/\/www.revistarambla.com\/"},{"@type":"ListItem","position":2,"name":"Espa\u00f1a, una especie de p\u00e1ramo pol\u00edtico"}]},{"@type":"WebSite","@id":"https:\/\/www.revistarambla.com\/#website","url":"https:\/\/www.revistarambla.com\/","name":"Revista Rambla Barcelona","description":"Periodismo independiente","publisher":{"@id":"https:\/\/www.revistarambla.com\/#organization"},"potentialAction":[{"@type":"SearchAction","target":{"@type":"EntryPoint","urlTemplate":"https:\/\/www.revistarambla.com\/?s={search_term_string}"},"query-input":{"@type":"PropertyValueSpecification","valueRequired":true,"valueName":"search_term_string"}}],"inLanguage":"en-GB"},{"@type":"Organization","@id":"https:\/\/www.revistarambla.com\/#organization","name":"Revista Rambla","url":"https:\/\/www.revistarambla.com\/","logo":{"@type":"ImageObject","inLanguage":"en-GB","@id":"https:\/\/www.revistarambla.com\/#\/schema\/logo\/image\/","url":"https:\/\/www.revistarambla.com\/wp-content\/uploads\/2020\/09\/banner_rambla_1900x600_BB.png","contentUrl":"https:\/\/www.revistarambla.com\/wp-content\/uploads\/2020\/09\/banner_rambla_1900x600_BB.png","width":1900,"height":600,"caption":"Revista Rambla"},"image":{"@id":"https:\/\/www.revistarambla.com\/#\/schema\/logo\/image\/"},"sameAs":["https:\/\/www.facebook.com\/revistarambla\/","https:\/\/x.com\/revistarambla","https:\/\/www.instagram.com\/revista_rambla","https:\/\/es.linkedin.com\/company\/revista-rambla"]},{"@type":"Person","@id":"https:\/\/www.revistarambla.com\/#\/schema\/person\/eace802346abd966cd3ecb763f255a0a","name":"Jes\u00fas Antonio Rodr\u00edguez Morilla","description":"Doctor en Derecho por la U.C.M. (Cum Laude). Licenciado en Derecho. Licenciado en Ciencias Pol\u00edticas. Caballero de M\u00e9rito de la Real Orden (Noruega).","sameAs":["https:\/\/www.modificadosobraspublicas.com"]}]}},"_links":{"self":[{"href":"https:\/\/www.revistarambla.com\/en\/wp-json\/wp\/v2\/posts\/62360","targetHints":{"allow":["GET"]}}],"collection":[{"href":"https:\/\/www.revistarambla.com\/en\/wp-json\/wp\/v2\/posts"}],"about":[{"href":"https:\/\/www.revistarambla.com\/en\/wp-json\/wp\/v2\/types\/post"}],"author":[{"embeddable":true,"href":"https:\/\/www.revistarambla.com\/en\/wp-json\/wp\/v2\/users\/305"}],"replies":[{"embeddable":true,"href":"https:\/\/www.revistarambla.com\/en\/wp-json\/wp\/v2\/comments?post=62360"}],"version-history":[{"count":1,"href":"https:\/\/www.revistarambla.com\/en\/wp-json\/wp\/v2\/posts\/62360\/revisions"}],"predecessor-version":[{"id":62362,"href":"https:\/\/www.revistarambla.com\/en\/wp-json\/wp\/v2\/posts\/62360\/revisions\/62362"}],"wp:featuredmedia":[{"embeddable":true,"href":"https:\/\/www.revistarambla.com\/en\/wp-json\/wp\/v2\/media\/62361"}],"wp:attachment":[{"href":"https:\/\/www.revistarambla.com\/en\/wp-json\/wp\/v2\/media?parent=62360"}],"wp:term":[{"taxonomy":"category","embeddable":true,"href":"https:\/\/www.revistarambla.com\/en\/wp-json\/wp\/v2\/categories?post=62360"},{"taxonomy":"post_tag","embeddable":true,"href":"https:\/\/www.revistarambla.com\/en\/wp-json\/wp\/v2\/tags?post=62360"}],"curies":[{"name":"wp","href":"https:\/\/api.w.org\/{rel}","templated":true}]}}