{"id":61838,"date":"2024-07-18T13:03:49","date_gmt":"2024-07-18T11:03:49","guid":{"rendered":"https:\/\/www.revistarambla.com\/?p=61838"},"modified":"2024-07-18T13:03:49","modified_gmt":"2024-07-18T11:03:49","slug":"el-ts-confirma-la-condena-a-dos-anos-de-carcel-para-el-mosso-que-agredio-a-un-periodista-el-2016-en-barcelona","status":"publish","type":"post","link":"https:\/\/www.revistarambla.com\/en\/el-ts-confirma-la-condena-a-dos-anos-de-carcel-para-el-mosso-que-agredio-a-un-periodista-el-2016-en-barcelona\/","title":{"rendered":"El TS confirma la condena a dos a\u00f1os de c\u00e1rcel para el mosso que agredi\u00f3 a un periodista el 2016 en Barcelona"},"content":{"rendered":"<p>El Tribunal Supremo (TS) ha confirmado la sentencia de la Audiencia de <a href=\"https:\/\/www.revistarambla.com\/en\/actualidad\/barcelona\/\">Barcelona<\/a> que condenaba a dos a\u00f1os de prisi\u00f3n y a dos de inhabilitaci\u00f3n a un mosso <!--more-->d&#8217;esquadra por agredir a un periodista durante los disturbios del <a href=\"https:\/\/www.revistarambla.com\/en\/banc-expropiat-el-ruido-de-la-prensa-no-nos-deja-hablar\/\">banco expropiado<\/a> en el barrio de Gracia en 2016, seg\u00fan ha informado Ir\u00eddia. El periodista, Jes\u00fas Rodr\u00edguez, estaba cubriendo el desalojo del banco. El agente fue condenado por un delito de lesiones con instrumento peligroso y la agravante de prevalencia de cargo p\u00fablico, pero se apreci\u00f3 la atenuante de dilaciones indebidas. El polic\u00eda fue condenado tambi\u00e9n a indemnizar a la v\u00edctima con 7.000 euros.<\/p>\n<p>Seg\u00fan Ir\u00eddia, el Supremo avala que la agresi\u00f3n \u00abfue gratuita y con un uso de la fuerza que no estaba justificado\u00bb. La miembro de la entidad C\u00e8lia Carbonell ha remarcado la importancia de la sentencia del alto tribunal porque \u00abprueba la situaci\u00f3n de desprotecci\u00f3n e inseguridad que viven los profesionales de la informaci\u00f3n cuando dan cobertura a movilizaciones en la v\u00eda p\u00fablica, as\u00ed como la presunci\u00f3n de veracidad de los agentes de polic\u00eda\u00bb.<\/p>\n<h2>Nueva querella del periodista contra dos mosso<\/h2>\n<p>Por otro lado, el periodista declara este jueves en un procedimiento por delitos de acusaci\u00f3n, denuncia falsa y de falsos testimonios contra agentes de los Mossos d\u2019Esquadra. Seg\u00fan Ir\u00eddia, durante el juicio por las lesiones al periodista Jes\u00fas Rodr\u00edguez, un agente declar\u00f3 que una persona le hab\u00eda tirado una valla y le hab\u00eda roto el tend\u00f3n de Aquiles para defender la acusaci\u00f3n del agente acusado de lesionar a Rodr\u00edguez. Otro mosso se manifest\u00f3 en los mismos t\u00e9rminos.<\/p>\n<p>Ir\u00eddia ha afirmado que hay una sentencia absolutoria contra Isidre Garc\u00eda, persona que seg\u00fan los agentes habr\u00eda tirado la valla, y por eso tanto \u00e9l como Rodr\u00edguez presentaron una querella contra los dos agentes por delito de acusaci\u00f3n y denuncia falsa y de falsos testimonios. Ir\u00eddia ha recordado que los agentes estaban declarando bajo juramento o promesa de decir la verdad.<\/p>\n<p>La querella fue admitida a tr\u00e1mite en noviembre de 2023 y se encuentra ahora en fase de instrucci\u00f3n. En el marco de este procedimiento declara este jueves Rodr\u00edguez. Ir\u00eddia act\u00faa de acusaci\u00f3n particular en esta querella.<\/p>","protected":false},"excerpt":{"rendered":"<p>El Tribunal Supremo (TS) ha confirmado la sentencia de la Audiencia de Barcelona que condenaba a dos a\u00f1os de prisi\u00f3n y a dos de inhabilitaci\u00f3n a un mosso<\/p>","protected":false},"author":3,"featured_media":37917,"comment_status":"closed","ping_status":"closed","sticky":false,"template":"","format":"standard","meta":{"footnotes":""},"categories":[76],"tags":[],"class_list":["post-61838","post","type-post","status-publish","format-standard","has-post-thumbnail","hentry","category-barcelona"],"yoast_head":"<!-- This site is optimized with the Yoast SEO plugin v27.5 - https:\/\/yoast.com\/product\/yoast-seo-wordpress\/ -->\n<title>C\u00e1rcel para el mosso que agredi\u00f3 a un periodista en Barcelona<\/title>\n<meta name=\"description\" content=\"El TS ha confirmado la sentencia que condenaba a dos a\u00f1os de prisi\u00f3n a un mosso d\u2019esquadra por agredir a un periodista.\" \/>\n<meta name=\"robots\" content=\"index, follow, max-snippet:-1, max-image-preview:large, max-video-preview:-1\" \/>\n<link rel=\"canonical\" href=\"https:\/\/www.revistarambla.com\/en\/el-ts-confirma-la-condena-a-dos-anos-de-carcel-para-el-mosso-que-agredio-a-un-periodista-el-2016-en-barcelona\/\" \/>\n<meta property=\"og:locale\" content=\"en_GB\" \/>\n<meta property=\"og:type\" content=\"article\" \/>\n<meta property=\"og:title\" content=\"C\u00e1rcel para el mosso que agredi\u00f3 a un periodista en Barcelona\" \/>\n<meta property=\"og:description\" content=\"El TS ha confirmado la sentencia que condenaba a dos a\u00f1os de prisi\u00f3n a un mosso d\u2019esquadra por agredir a un periodista.\" \/>\n<meta property=\"og:url\" content=\"https:\/\/www.revistarambla.com\/en\/el-ts-confirma-la-condena-a-dos-anos-de-carcel-para-el-mosso-que-agredio-a-un-periodista-el-2016-en-barcelona\/\" \/>\n<meta property=\"og:site_name\" content=\"Revista Rambla\" \/>\n<meta property=\"article:publisher\" content=\"https:\/\/www.facebook.com\/revistarambla\/\" \/>\n<meta property=\"article:author\" content=\"https:\/\/www.facebook.com\/revistarambla\" \/>\n<meta property=\"article:published_time\" content=\"2024-07-18T11:03:49+00:00\" \/>\n<meta property=\"og:image\" content=\"https:\/\/www.revistarambla.com\/wp-content\/uploads\/2022\/01\/mossos.jpeg\" \/>\n\t<meta property=\"og:image:width\" content=\"1200\" \/>\n\t<meta property=\"og:image:height\" content=\"634\" \/>\n\t<meta property=\"og:image:type\" content=\"image\/jpeg\" \/>\n<meta name=\"author\" content=\"R@mbla\" \/>\n<meta name=\"twitter:card\" content=\"summary_large_image\" \/>\n<meta name=\"twitter:creator\" content=\"@revistarambla\" \/>\n<meta name=\"twitter:site\" content=\"@revistarambla\" \/>\n<meta name=\"twitter:label1\" content=\"Written by\" \/>\n\t<meta name=\"twitter:data1\" content=\"R@mbla\" \/>\n\t<meta name=\"twitter:label2\" content=\"Estimated reading time\" \/>\n\t<meta name=\"twitter:data2\" content=\"2 minutes\" \/>\n<script type=\"application\/ld+json\" class=\"yoast-schema-graph\">{\"@context\":\"https:\\\/\\\/schema.org\",\"@graph\":[{\"@type\":\"Article\",\"@id\":\"https:\\\/\\\/www.revistarambla.com\\\/el-ts-confirma-la-condena-a-dos-anos-de-carcel-para-el-mosso-que-agredio-a-un-periodista-el-2016-en-barcelona\\\/#article\",\"isPartOf\":{\"@id\":\"https:\\\/\\\/www.revistarambla.com\\\/el-ts-confirma-la-condena-a-dos-anos-de-carcel-para-el-mosso-que-agredio-a-un-periodista-el-2016-en-barcelona\\\/\"},\"author\":{\"name\":\"R@mbla\",\"@id\":\"https:\\\/\\\/www.revistarambla.com\\\/#\\\/schema\\\/person\\\/a146a5a2550b94981a75131180e1bd9c\"},\"headline\":\"El TS confirma la condena a dos a\u00f1os de c\u00e1rcel para el mosso que agredi\u00f3 a un periodista el 2016 en Barcelona\",\"datePublished\":\"2024-07-18T11:03:49+00:00\",\"mainEntityOfPage\":{\"@id\":\"https:\\\/\\\/www.revistarambla.com\\\/el-ts-confirma-la-condena-a-dos-anos-de-carcel-para-el-mosso-que-agredio-a-un-periodista-el-2016-en-barcelona\\\/\"},\"wordCount\":424,\"publisher\":{\"@id\":\"https:\\\/\\\/www.revistarambla.com\\\/#organization\"},\"image\":{\"@id\":\"https:\\\/\\\/www.revistarambla.com\\\/el-ts-confirma-la-condena-a-dos-anos-de-carcel-para-el-mosso-que-agredio-a-un-periodista-el-2016-en-barcelona\\\/#primaryimage\"},\"thumbnailUrl\":\"https:\\\/\\\/www.revistarambla.com\\\/wp-content\\\/uploads\\\/2022\\\/01\\\/mossos.jpeg\",\"articleSection\":[\"Barcelona\"],\"inLanguage\":\"en-GB\"},{\"@type\":\"WebPage\",\"@id\":\"https:\\\/\\\/www.revistarambla.com\\\/el-ts-confirma-la-condena-a-dos-anos-de-carcel-para-el-mosso-que-agredio-a-un-periodista-el-2016-en-barcelona\\\/\",\"url\":\"https:\\\/\\\/www.revistarambla.com\\\/el-ts-confirma-la-condena-a-dos-anos-de-carcel-para-el-mosso-que-agredio-a-un-periodista-el-2016-en-barcelona\\\/\",\"name\":\"C\u00e1rcel para el mosso que agredi\u00f3 a un periodista en Barcelona\",\"isPartOf\":{\"@id\":\"https:\\\/\\\/www.revistarambla.com\\\/#website\"},\"primaryImageOfPage\":{\"@id\":\"https:\\\/\\\/www.revistarambla.com\\\/el-ts-confirma-la-condena-a-dos-anos-de-carcel-para-el-mosso-que-agredio-a-un-periodista-el-2016-en-barcelona\\\/#primaryimage\"},\"image\":{\"@id\":\"https:\\\/\\\/www.revistarambla.com\\\/el-ts-confirma-la-condena-a-dos-anos-de-carcel-para-el-mosso-que-agredio-a-un-periodista-el-2016-en-barcelona\\\/#primaryimage\"},\"thumbnailUrl\":\"https:\\\/\\\/www.revistarambla.com\\\/wp-content\\\/uploads\\\/2022\\\/01\\\/mossos.jpeg\",\"datePublished\":\"2024-07-18T11:03:49+00:00\",\"description\":\"El TS ha confirmado la sentencia que condenaba a dos a\u00f1os de prisi\u00f3n a un mosso d\u2019esquadra por agredir a un periodista.\",\"breadcrumb\":{\"@id\":\"https:\\\/\\\/www.revistarambla.com\\\/el-ts-confirma-la-condena-a-dos-anos-de-carcel-para-el-mosso-que-agredio-a-un-periodista-el-2016-en-barcelona\\\/#breadcrumb\"},\"inLanguage\":\"en-GB\",\"potentialAction\":[{\"@type\":\"ReadAction\",\"target\":[\"https:\\\/\\\/www.revistarambla.com\\\/el-ts-confirma-la-condena-a-dos-anos-de-carcel-para-el-mosso-que-agredio-a-un-periodista-el-2016-en-barcelona\\\/\"]}]},{\"@type\":\"ImageObject\",\"inLanguage\":\"en-GB\",\"@id\":\"https:\\\/\\\/www.revistarambla.com\\\/el-ts-confirma-la-condena-a-dos-anos-de-carcel-para-el-mosso-que-agredio-a-un-periodista-el-2016-en-barcelona\\\/#primaryimage\",\"url\":\"https:\\\/\\\/www.revistarambla.com\\\/wp-content\\\/uploads\\\/2022\\\/01\\\/mossos.jpeg\",\"contentUrl\":\"https:\\\/\\\/www.revistarambla.com\\\/wp-content\\\/uploads\\\/2022\\\/01\\\/mossos.jpeg\",\"width\":1200,\"height\":634,\"caption\":\"mosso periodista condena c\u00e1rcel agresi\u00f3n fiesta mayor de Sants\"},{\"@type\":\"BreadcrumbList\",\"@id\":\"https:\\\/\\\/www.revistarambla.com\\\/el-ts-confirma-la-condena-a-dos-anos-de-carcel-para-el-mosso-que-agredio-a-un-periodista-el-2016-en-barcelona\\\/#breadcrumb\",\"itemListElement\":[{\"@type\":\"ListItem\",\"position\":1,\"name\":\"Portada\",\"item\":\"https:\\\/\\\/www.revistarambla.com\\\/\"},{\"@type\":\"ListItem\",\"position\":2,\"name\":\"El TS confirma la condena a dos a\u00f1os de c\u00e1rcel para el mosso que agredi\u00f3 a un periodista el 2016 en Barcelona\"}]},{\"@type\":\"WebSite\",\"@id\":\"https:\\\/\\\/www.revistarambla.com\\\/#website\",\"url\":\"https:\\\/\\\/www.revistarambla.com\\\/\",\"name\":\"Revista Rambla Barcelona\",\"description\":\"Periodismo independiente\",\"publisher\":{\"@id\":\"https:\\\/\\\/www.revistarambla.com\\\/#organization\"},\"potentialAction\":[{\"@type\":\"SearchAction\",\"target\":{\"@type\":\"EntryPoint\",\"urlTemplate\":\"https:\\\/\\\/www.revistarambla.com\\\/?s={search_term_string}\"},\"query-input\":{\"@type\":\"PropertyValueSpecification\",\"valueRequired\":true,\"valueName\":\"search_term_string\"}}],\"inLanguage\":\"en-GB\"},{\"@type\":\"Organization\",\"@id\":\"https:\\\/\\\/www.revistarambla.com\\\/#organization\",\"name\":\"Revista Rambla\",\"url\":\"https:\\\/\\\/www.revistarambla.com\\\/\",\"logo\":{\"@type\":\"ImageObject\",\"inLanguage\":\"en-GB\",\"@id\":\"https:\\\/\\\/www.revistarambla.com\\\/#\\\/schema\\\/logo\\\/image\\\/\",\"url\":\"https:\\\/\\\/www.revistarambla.com\\\/wp-content\\\/uploads\\\/2020\\\/09\\\/banner_rambla_1900x600_BB.png\",\"contentUrl\":\"https:\\\/\\\/www.revistarambla.com\\\/wp-content\\\/uploads\\\/2020\\\/09\\\/banner_rambla_1900x600_BB.png\",\"width\":1900,\"height\":600,\"caption\":\"Revista Rambla\"},\"image\":{\"@id\":\"https:\\\/\\\/www.revistarambla.com\\\/#\\\/schema\\\/logo\\\/image\\\/\"},\"sameAs\":[\"https:\\\/\\\/www.facebook.com\\\/revistarambla\\\/\",\"https:\\\/\\\/x.com\\\/revistarambla\",\"https:\\\/\\\/www.instagram.com\\\/revista_rambla\",\"https:\\\/\\\/es.linkedin.com\\\/company\\\/revista-rambla\"]},{\"@type\":\"Person\",\"@id\":\"https:\\\/\\\/www.revistarambla.com\\\/#\\\/schema\\\/person\\\/a146a5a2550b94981a75131180e1bd9c\",\"name\":\"R@mbla\",\"description\":\"Este art\u00edculo ha sido redactado y\\\/o validado por el equipo de redacci\u00f3n de Revista Rambla.\",\"sameAs\":[\"https:\\\/\\\/www.revistarambla.com\\\/\",\"https:\\\/\\\/www.facebook.com\\\/revistarambla\",\"https:\\\/\\\/x.com\\\/revistarambla\"]}]}<\/script>\n<!-- \/ Yoast SEO plugin. -->","yoast_head_json":{"title":"C\u00e1rcel para el mosso que agredi\u00f3 a un periodista en Barcelona","description":"El TS ha confirmado la sentencia que condenaba a dos a\u00f1os de prisi\u00f3n a un mosso d\u2019esquadra por agredir a un periodista.","robots":{"index":"index","follow":"follow","max-snippet":"max-snippet:-1","max-image-preview":"max-image-preview:large","max-video-preview":"max-video-preview:-1"},"canonical":"https:\/\/www.revistarambla.com\/en\/el-ts-confirma-la-condena-a-dos-anos-de-carcel-para-el-mosso-que-agredio-a-un-periodista-el-2016-en-barcelona\/","og_locale":"en_GB","og_type":"article","og_title":"C\u00e1rcel para el mosso que agredi\u00f3 a un periodista en Barcelona","og_description":"El TS ha confirmado la sentencia que condenaba a dos a\u00f1os de prisi\u00f3n a un mosso d\u2019esquadra por agredir a un periodista.","og_url":"https:\/\/www.revistarambla.com\/en\/el-ts-confirma-la-condena-a-dos-anos-de-carcel-para-el-mosso-que-agredio-a-un-periodista-el-2016-en-barcelona\/","og_site_name":"Revista Rambla","article_publisher":"https:\/\/www.facebook.com\/revistarambla\/","article_author":"https:\/\/www.facebook.com\/revistarambla","article_published_time":"2024-07-18T11:03:49+00:00","og_image":[{"width":1200,"height":634,"url":"https:\/\/www.revistarambla.com\/wp-content\/uploads\/2022\/01\/mossos.jpeg","type":"image\/jpeg"}],"author":"R@mbla","twitter_card":"summary_large_image","twitter_creator":"@revistarambla","twitter_site":"@revistarambla","twitter_misc":{"Written by":"R@mbla","Estimated reading time":"2 minutes"},"schema":{"@context":"https:\/\/schema.org","@graph":[{"@type":"Article","@id":"https:\/\/www.revistarambla.com\/el-ts-confirma-la-condena-a-dos-anos-de-carcel-para-el-mosso-que-agredio-a-un-periodista-el-2016-en-barcelona\/#article","isPartOf":{"@id":"https:\/\/www.revistarambla.com\/el-ts-confirma-la-condena-a-dos-anos-de-carcel-para-el-mosso-que-agredio-a-un-periodista-el-2016-en-barcelona\/"},"author":{"name":"R@mbla","@id":"https:\/\/www.revistarambla.com\/#\/schema\/person\/a146a5a2550b94981a75131180e1bd9c"},"headline":"El TS confirma la condena a dos a\u00f1os de c\u00e1rcel para el mosso que agredi\u00f3 a un periodista el 2016 en Barcelona","datePublished":"2024-07-18T11:03:49+00:00","mainEntityOfPage":{"@id":"https:\/\/www.revistarambla.com\/el-ts-confirma-la-condena-a-dos-anos-de-carcel-para-el-mosso-que-agredio-a-un-periodista-el-2016-en-barcelona\/"},"wordCount":424,"publisher":{"@id":"https:\/\/www.revistarambla.com\/#organization"},"image":{"@id":"https:\/\/www.revistarambla.com\/el-ts-confirma-la-condena-a-dos-anos-de-carcel-para-el-mosso-que-agredio-a-un-periodista-el-2016-en-barcelona\/#primaryimage"},"thumbnailUrl":"https:\/\/www.revistarambla.com\/wp-content\/uploads\/2022\/01\/mossos.jpeg","articleSection":["Barcelona"],"inLanguage":"en-GB"},{"@type":"WebPage","@id":"https:\/\/www.revistarambla.com\/el-ts-confirma-la-condena-a-dos-anos-de-carcel-para-el-mosso-que-agredio-a-un-periodista-el-2016-en-barcelona\/","url":"https:\/\/www.revistarambla.com\/el-ts-confirma-la-condena-a-dos-anos-de-carcel-para-el-mosso-que-agredio-a-un-periodista-el-2016-en-barcelona\/","name":"C\u00e1rcel para el mosso que agredi\u00f3 a un periodista en Barcelona","isPartOf":{"@id":"https:\/\/www.revistarambla.com\/#website"},"primaryImageOfPage":{"@id":"https:\/\/www.revistarambla.com\/el-ts-confirma-la-condena-a-dos-anos-de-carcel-para-el-mosso-que-agredio-a-un-periodista-el-2016-en-barcelona\/#primaryimage"},"image":{"@id":"https:\/\/www.revistarambla.com\/el-ts-confirma-la-condena-a-dos-anos-de-carcel-para-el-mosso-que-agredio-a-un-periodista-el-2016-en-barcelona\/#primaryimage"},"thumbnailUrl":"https:\/\/www.revistarambla.com\/wp-content\/uploads\/2022\/01\/mossos.jpeg","datePublished":"2024-07-18T11:03:49+00:00","description":"El TS ha confirmado la sentencia que condenaba a dos a\u00f1os de prisi\u00f3n a un mosso d\u2019esquadra por agredir a un periodista.","breadcrumb":{"@id":"https:\/\/www.revistarambla.com\/el-ts-confirma-la-condena-a-dos-anos-de-carcel-para-el-mosso-que-agredio-a-un-periodista-el-2016-en-barcelona\/#breadcrumb"},"inLanguage":"en-GB","potentialAction":[{"@type":"ReadAction","target":["https:\/\/www.revistarambla.com\/el-ts-confirma-la-condena-a-dos-anos-de-carcel-para-el-mosso-que-agredio-a-un-periodista-el-2016-en-barcelona\/"]}]},{"@type":"ImageObject","inLanguage":"en-GB","@id":"https:\/\/www.revistarambla.com\/el-ts-confirma-la-condena-a-dos-anos-de-carcel-para-el-mosso-que-agredio-a-un-periodista-el-2016-en-barcelona\/#primaryimage","url":"https:\/\/www.revistarambla.com\/wp-content\/uploads\/2022\/01\/mossos.jpeg","contentUrl":"https:\/\/www.revistarambla.com\/wp-content\/uploads\/2022\/01\/mossos.jpeg","width":1200,"height":634,"caption":"mosso periodista condena c\u00e1rcel agresi\u00f3n fiesta mayor de Sants"},{"@type":"BreadcrumbList","@id":"https:\/\/www.revistarambla.com\/el-ts-confirma-la-condena-a-dos-anos-de-carcel-para-el-mosso-que-agredio-a-un-periodista-el-2016-en-barcelona\/#breadcrumb","itemListElement":[{"@type":"ListItem","position":1,"name":"Portada","item":"https:\/\/www.revistarambla.com\/"},{"@type":"ListItem","position":2,"name":"El TS confirma la condena a dos a\u00f1os de c\u00e1rcel para el mosso que agredi\u00f3 a un periodista el 2016 en Barcelona"}]},{"@type":"WebSite","@id":"https:\/\/www.revistarambla.com\/#website","url":"https:\/\/www.revistarambla.com\/","name":"Revista Rambla Barcelona","description":"Periodismo independiente","publisher":{"@id":"https:\/\/www.revistarambla.com\/#organization"},"potentialAction":[{"@type":"SearchAction","target":{"@type":"EntryPoint","urlTemplate":"https:\/\/www.revistarambla.com\/?s={search_term_string}"},"query-input":{"@type":"PropertyValueSpecification","valueRequired":true,"valueName":"search_term_string"}}],"inLanguage":"en-GB"},{"@type":"Organization","@id":"https:\/\/www.revistarambla.com\/#organization","name":"Revista Rambla","url":"https:\/\/www.revistarambla.com\/","logo":{"@type":"ImageObject","inLanguage":"en-GB","@id":"https:\/\/www.revistarambla.com\/#\/schema\/logo\/image\/","url":"https:\/\/www.revistarambla.com\/wp-content\/uploads\/2020\/09\/banner_rambla_1900x600_BB.png","contentUrl":"https:\/\/www.revistarambla.com\/wp-content\/uploads\/2020\/09\/banner_rambla_1900x600_BB.png","width":1900,"height":600,"caption":"Revista Rambla"},"image":{"@id":"https:\/\/www.revistarambla.com\/#\/schema\/logo\/image\/"},"sameAs":["https:\/\/www.facebook.com\/revistarambla\/","https:\/\/x.com\/revistarambla","https:\/\/www.instagram.com\/revista_rambla","https:\/\/es.linkedin.com\/company\/revista-rambla"]},{"@type":"Person","@id":"https:\/\/www.revistarambla.com\/#\/schema\/person\/a146a5a2550b94981a75131180e1bd9c","name":"R@mbla","description":"Este art\u00edculo ha sido redactado y\/o validado por el equipo de redacci\u00f3n de Revista Rambla.","sameAs":["https:\/\/www.revistarambla.com\/","https:\/\/www.facebook.com\/revistarambla","https:\/\/x.com\/revistarambla"]}]}},"_links":{"self":[{"href":"https:\/\/www.revistarambla.com\/en\/wp-json\/wp\/v2\/posts\/61838","targetHints":{"allow":["GET"]}}],"collection":[{"href":"https:\/\/www.revistarambla.com\/en\/wp-json\/wp\/v2\/posts"}],"about":[{"href":"https:\/\/www.revistarambla.com\/en\/wp-json\/wp\/v2\/types\/post"}],"author":[{"embeddable":true,"href":"https:\/\/www.revistarambla.com\/en\/wp-json\/wp\/v2\/users\/3"}],"replies":[{"embeddable":true,"href":"https:\/\/www.revistarambla.com\/en\/wp-json\/wp\/v2\/comments?post=61838"}],"version-history":[{"count":1,"href":"https:\/\/www.revistarambla.com\/en\/wp-json\/wp\/v2\/posts\/61838\/revisions"}],"predecessor-version":[{"id":61839,"href":"https:\/\/www.revistarambla.com\/en\/wp-json\/wp\/v2\/posts\/61838\/revisions\/61839"}],"wp:featuredmedia":[{"embeddable":true,"href":"https:\/\/www.revistarambla.com\/en\/wp-json\/wp\/v2\/media\/37917"}],"wp:attachment":[{"href":"https:\/\/www.revistarambla.com\/en\/wp-json\/wp\/v2\/media?parent=61838"}],"wp:term":[{"taxonomy":"category","embeddable":true,"href":"https:\/\/www.revistarambla.com\/en\/wp-json\/wp\/v2\/categories?post=61838"},{"taxonomy":"post_tag","embeddable":true,"href":"https:\/\/www.revistarambla.com\/en\/wp-json\/wp\/v2\/tags?post=61838"}],"curies":[{"name":"wp","href":"https:\/\/api.w.org\/{rel}","templated":true}]}}