{"id":61831,"date":"2024-07-18T08:44:04","date_gmt":"2024-07-18T06:44:04","guid":{"rendered":"https:\/\/www.revistarambla.com\/?p=61831"},"modified":"2024-07-18T08:44:04","modified_gmt":"2024-07-18T06:44:04","slug":"una-reedicion-necesaria","status":"publish","type":"post","link":"https:\/\/www.revistarambla.com\/en\/una-reedicion-necesaria\/","title":{"rendered":"Una reedici\u00f3n necesaria"},"content":{"rendered":"<p><em>Rese\u00f1a de Con voz y con voto. Las mujeres y la pol\u00edtica en Espa\u00f1a (1931-1939) (RBA, 2024), de Carmen Domingo. Imagen: Clara Campoamor durante un mitin.<\/em><\/p>\n<p>No todas las reediciones est\u00e1n justificadas, se imponen en muchas ocasiones los c\u00e1lculos editoriales. No es el caso de esta reedici\u00f3n, corregida, ampliada y actualizada sobre la base de nuevas referencias.<\/p>\n<p>C\u00f3mo es posible, se pregunta la autora en el prefacio a esta nueva edici\u00f3n, que en la mayor\u00eda de los libros de historia publicados sigan siendo los hombres quienes lleven siempre la batuta. \u00bfD\u00f3nde est\u00e1 el reconocimiento a la labor pol\u00edtica de tantas mujeres? \u00bfAcaso no deber\u00edamos haber avanzado algo en ese reconocimiento a su trabajo? \u00abSeguimos necesitando una mirada distinta, m\u00e1s amplia de la historia y menos centrada \u00fanicamente en aquello que hicieron o dijeron los hombres, m\u00e1xime cuando el ejercicio de la pol\u00edtica afecta al total de la poblaci\u00f3n y cuando la Segunda Rep\u00fablica supuso la participaci\u00f3n partitaria\u00bb. Esta es la razonable perspectiva cr\u00edtica de la autora.<\/p>\n<p><img decoding=\"async\" class=\"aligncenter wp-image-61832\" src=\"https:\/\/www.revistarambla.com\/wp-content\/uploads\/2024\/07\/con-voz-y-con-voto.jpg\" alt=\"\" width=\"431\" height=\"600\" srcset=\"https:\/\/www.revistarambla.com\/wp-content\/uploads\/2024\/07\/con-voz-y-con-voto.jpg 719w, https:\/\/www.revistarambla.com\/wp-content\/uploads\/2024\/07\/con-voz-y-con-voto-262x365.jpg 262w, https:\/\/www.revistarambla.com\/wp-content\/uploads\/2024\/07\/con-voz-y-con-voto-604x840.jpg 604w, https:\/\/www.revistarambla.com\/wp-content\/uploads\/2024\/07\/con-voz-y-con-voto-9x12.jpg 9w\" sizes=\"(max-width: 431px) 100vw, 431px\" \/><\/p>\n<p>Un apunte (innecesario) sobre ella. Licenciada en Filolog\u00eda hisp\u00e1nica, Carmen Domingo es una escritora feminista. Autora de ensayos, novelas y obras de teatro, ha centrado una gran parte de sus trabajos en la investigaci\u00f3n y divulgaci\u00f3n de la historia de las mujeres en Espa\u00f1a. Comisaria en 2022 de la 7\u00aa edici\u00f3n del D\u00eda de las Escritoras de la Biblioteca Nacional de Espa\u00f1a, Domingo ha dedicado una buena parte de su carrera profesional a la ense\u00f1anza, la edici\u00f3n y la colaboraci\u00f3n con numerosos medios de comunicaci\u00f3n. Le\u00edda y reconocida columnista de <em>El Pa\u00eds<\/em>, una de sus pocas voces cr\u00edticas y realmente alternativas, escribe sobre libros en <em>Babelia <\/em>y <em>Le Monde Diplomatique<\/em>. Su pen\u00faltimo libro publicado, del que se dio noticia tambi\u00e9n en estas p\u00e1ginas, ha tenido una gran repercusi\u00f3n: <em>#Cancelado. El nuevo macartismo, <\/em>no siempre bien recibido por la denominada <a href=\"https:\/\/www.revistarambla.com\/en\/la-amenaza-woke-y-el-nuevo-malestar-narcisista\/\">izquierda <em>woke<\/em><\/a>.<\/p>\n<p>Componen <em>Con voz y voto<\/em>, el prefacio a la nueva edici\u00f3n, el \u00abA modo de pr\u00f3logo\u00bb de la edici\u00f3n de 2004, una introducci\u00f3n hist\u00f3rica, tres partes (\u00abLa Segunda Rep\u00fablica espa\u00f1ola\u00bb, \u00abLas mujeres en la Guerra Civil\u00bb, \u00abLa Espa\u00f1a vencedora: silenciadoras y silenciadas\u00bb), tres anexos, tres discursos esenciales (Clara Campoamor, 1\/X\/1931; Victoria Kent, 1\/X\/1931; Dolores Ib\u00e1rruri, 16\/VI\/1936), notas, biograf\u00edas, bibliograf\u00eda, abreviaturas e \u00edndice alfab\u00e9tico (magn\u00edfico).<\/p>\n<p>No se salten las notas, tampoco las breves biograf\u00edas de las protagonistas (conmovedoras muchas de ellas). Un ejemplo de las primeras, como aperitivo lector: \u00abMar\u00eda Zambrano, desde sus primeros escritos hasta los \u00faltimos publicados en el exilio, buscar\u00e1 sin cesar las palabras que definan su situaci\u00f3n. Porque lo que nunca querr\u00e1 es olvidar lo vivido y es consciente de que el exilio puede ser la condena perpetua de la memoria. El \u2018vac\u00edo\u2019, la \u2018nada\u2019, la \u2018condena\u2019, ser\u00e1n t\u00e9rminos que pueblen sus escritos para ordenar sus sentimientos. En definitiva, el delirio como la constante vigilia en la que vive el exiliado y el movimiento como fuente de esperanza, porque ahora \u2018lo espa\u00f1ol, a menudo, se desarrolla mejor lejos de su origen\u2019, Mar\u00eda Zambrano (1939)\u00bb.<\/p>\n<p>Sobre dos asuntos de posible cr\u00edtica historiogr\u00e1fica (1\u00aa, construcci\u00f3n de un ensayo hist\u00f3rico como <em>Con voz y con voto<\/em> a partir de diarios y memorias, textos en primera persona, entrevistas, textos familiares escritos por mujeres como hilo conductor de la narraci\u00f3n; 2\u00aa, preponderancia en la bibliograf\u00eda de las mujeres dem\u00f3cratas, las pertenecientes y defensoras de la Espa\u00f1a republicana), una excelente reflexi\u00f3n metodol\u00f3gica de Domingo en las p\u00e1ginas 33-34 de su pr\u00f3logo a la primera edici\u00f3n, con un comentario final: \u00aben ning\u00fan momento he tratado de hablar de mujeres buenas y malas -la terminolog\u00eda religiosa y moral no casa con el an\u00e1lisis hist\u00f3rico-, algo que se encargaron de utilizar desde el bando franquista -religi\u00f3n, patria, orden y Espa\u00f1a, es decir, el bien frente a ate\u00edsmo, caos, anarqu\u00eda, sumisi\u00f3n al comunismo internacional y Rep\u00fablica, es decir, el mal-. No utilizar\u00e9 terminolog\u00eda como la de Concha Espina en <em>Luna Roja<\/em> (1939), que habla de la \u2018batalla entre Materia y Esp\u00edritu y de Satan\u00e1s contra Dios\u2019. Es todo mucho m\u00e1s simple, es un libro de mujeres dem\u00f3cratas y antidem\u00f3cratas y de c\u00f3mo ven ellas, desde cada lado, el transcurrir de una Espa\u00f1a que so\u00f1\u00f3 con ser libre y acab\u00f3 ahogada en una dictadura\u00bb.<\/p>\n<p>Se se\u00f1ala en la contraportada del libro, magn\u00edficamente escrito por cierto: <em>Con voz y voto<\/em> sigue siendo \u00abuna obra historiogr\u00e1fica esencial para el reconocimiento del papel de la mujer\u00bb en nuestra historia reciente. Lo es, una obra que merece el mayor reconocimiento acad\u00e9mico y de los lectores no especialistas.<\/p>\n<p>Domingo hace referencia en ocasiones a La Pasionaria. Tal vez mejor Pasionaria. El subt\u00edtulo del libro -\u00abLas mujeres y la pol\u00edtica en Espa\u00f1a: 1931-1939\u00bb- acaso deber\u00eda corregirse en el per\u00edodo abarcado. Matilde Landa quiz\u00e1s deber\u00eda adquirir mayor protagonismo en futuras reediciones del ensayo.<\/p>\n<p>La autora de <em>Con voz y con voto<\/em> dedica el libro a Mar\u00eda Muelas, t\u00eda abuela suya, maestra republicana represaliada. Tambi\u00e9n est\u00e1 rese\u00f1a. Y con ella, a todas las maestras republicanas represaliadas.<\/p>\n<hr \/>\n<p><em>*Fuente original: https:\/\/rebelion.org\/una-reedicion-necesaria\/<\/em><\/p>","protected":false},"excerpt":{"rendered":"<p>Rese\u00f1a de Con voz y con voto. Las mujeres y la pol\u00edtica en Espa\u00f1a (1931-1939) (RBA, 2024), de Carmen Domingo. Imagen: Clara Campoamor durante un mitin. No todas las reediciones est\u00e1n justificadas, se imponen en muchas ocasiones los c\u00e1lculos editoriales. No es el caso de esta reedici\u00f3n, corregida, ampliada y [&hellip;]<\/p>\n","protected":false},"author":1,"featured_media":61833,"comment_status":"closed","ping_status":"closed","sticky":false,"template":"","format":"standard","meta":{"footnotes":""},"categories":[60],"tags":[],"class_list":["post-61831","post","type-post","status-publish","format-standard","has-post-thumbnail","hentry","category-libros"],"yoast_head":"<!-- This site is optimized with the Yoast SEO plugin v27.5 - https:\/\/yoast.com\/product\/yoast-seo-wordpress\/ -->\n<title>Una reedici\u00f3n necesaria - Revista Rambla<\/title>\n<meta name=\"robots\" content=\"index, follow, max-snippet:-1, max-image-preview:large, max-video-preview:-1\" \/>\n<link rel=\"canonical\" href=\"https:\/\/www.revistarambla.com\/en\/una-reedicion-necesaria\/\" \/>\n<meta property=\"og:locale\" content=\"en_GB\" \/>\n<meta property=\"og:type\" content=\"article\" \/>\n<meta property=\"og:title\" content=\"Una reedici\u00f3n necesaria - Revista Rambla\" \/>\n<meta property=\"og:description\" content=\"Rese\u00f1a de Con voz y con voto. Las mujeres y la pol\u00edtica en Espa\u00f1a (1931-1939) (RBA, 2024), de Carmen Domingo. Imagen: Clara Campoamor durante un mitin. No todas las reediciones est\u00e1n justificadas, se imponen en muchas ocasiones los c\u00e1lculos editoriales. No es el caso de esta reedici\u00f3n, corregida, ampliada y [&hellip;]\" \/>\n<meta property=\"og:url\" content=\"https:\/\/www.revistarambla.com\/en\/una-reedicion-necesaria\/\" \/>\n<meta property=\"og:site_name\" content=\"Revista Rambla\" \/>\n<meta property=\"article:publisher\" content=\"https:\/\/www.facebook.com\/revistarambla\/\" \/>\n<meta property=\"article:published_time\" content=\"2024-07-18T06:44:04+00:00\" \/>\n<meta property=\"og:image\" content=\"https:\/\/www.revistarambla.com\/wp-content\/uploads\/2024\/07\/Captura-de-pantalla-2024-07-11-224815-e1720861747192.png\" \/>\n\t<meta property=\"og:image:width\" content=\"600\" \/>\n\t<meta property=\"og:image:height\" content=\"341\" \/>\n\t<meta property=\"og:image:type\" content=\"image\/png\" \/>\n<meta name=\"author\" content=\"Salvador L\u00f3pez Arnal\" \/>\n<meta name=\"twitter:card\" content=\"summary_large_image\" \/>\n<meta name=\"twitter:creator\" content=\"@revistarambla\" \/>\n<meta name=\"twitter:site\" content=\"@revistarambla\" \/>\n<meta name=\"twitter:label1\" content=\"Written by\" \/>\n\t<meta name=\"twitter:data1\" content=\"Salvador L\u00f3pez Arnal\" \/>\n\t<meta name=\"twitter:label2\" content=\"Estimated reading time\" \/>\n\t<meta name=\"twitter:data2\" content=\"5 minutes\" \/>\n<script type=\"application\/ld+json\" class=\"yoast-schema-graph\">{\"@context\":\"https:\\\/\\\/schema.org\",\"@graph\":[{\"@type\":\"Article\",\"@id\":\"https:\\\/\\\/www.revistarambla.com\\\/una-reedicion-necesaria\\\/#article\",\"isPartOf\":{\"@id\":\"https:\\\/\\\/www.revistarambla.com\\\/una-reedicion-necesaria\\\/\"},\"author\":{\"name\":\"Salvador L\u00f3pez Arnal\",\"@id\":\"https:\\\/\\\/www.revistarambla.com\\\/#\\\/schema\\\/person\\\/4a5652fc8c82df1f8593002d038cd79e\"},\"headline\":\"Una reedici\u00f3n necesaria\",\"datePublished\":\"2024-07-18T06:44:04+00:00\",\"mainEntityOfPage\":{\"@id\":\"https:\\\/\\\/www.revistarambla.com\\\/una-reedicion-necesaria\\\/\"},\"wordCount\":926,\"publisher\":{\"@id\":\"https:\\\/\\\/www.revistarambla.com\\\/#organization\"},\"image\":{\"@id\":\"https:\\\/\\\/www.revistarambla.com\\\/una-reedicion-necesaria\\\/#primaryimage\"},\"thumbnailUrl\":\"https:\\\/\\\/www.revistarambla.com\\\/wp-content\\\/uploads\\\/2024\\\/07\\\/Captura-de-pantalla-2024-07-11-224815-e1720861747192.png\",\"articleSection\":[\"Libros\"],\"inLanguage\":\"en-GB\"},{\"@type\":\"WebPage\",\"@id\":\"https:\\\/\\\/www.revistarambla.com\\\/una-reedicion-necesaria\\\/\",\"url\":\"https:\\\/\\\/www.revistarambla.com\\\/una-reedicion-necesaria\\\/\",\"name\":\"Una reedici\u00f3n necesaria - Revista Rambla\",\"isPartOf\":{\"@id\":\"https:\\\/\\\/www.revistarambla.com\\\/#website\"},\"primaryImageOfPage\":{\"@id\":\"https:\\\/\\\/www.revistarambla.com\\\/una-reedicion-necesaria\\\/#primaryimage\"},\"image\":{\"@id\":\"https:\\\/\\\/www.revistarambla.com\\\/una-reedicion-necesaria\\\/#primaryimage\"},\"thumbnailUrl\":\"https:\\\/\\\/www.revistarambla.com\\\/wp-content\\\/uploads\\\/2024\\\/07\\\/Captura-de-pantalla-2024-07-11-224815-e1720861747192.png\",\"datePublished\":\"2024-07-18T06:44:04+00:00\",\"breadcrumb\":{\"@id\":\"https:\\\/\\\/www.revistarambla.com\\\/una-reedicion-necesaria\\\/#breadcrumb\"},\"inLanguage\":\"en-GB\",\"potentialAction\":[{\"@type\":\"ReadAction\",\"target\":[\"https:\\\/\\\/www.revistarambla.com\\\/una-reedicion-necesaria\\\/\"]}]},{\"@type\":\"ImageObject\",\"inLanguage\":\"en-GB\",\"@id\":\"https:\\\/\\\/www.revistarambla.com\\\/una-reedicion-necesaria\\\/#primaryimage\",\"url\":\"https:\\\/\\\/www.revistarambla.com\\\/wp-content\\\/uploads\\\/2024\\\/07\\\/Captura-de-pantalla-2024-07-11-224815-e1720861747192.png\",\"contentUrl\":\"https:\\\/\\\/www.revistarambla.com\\\/wp-content\\\/uploads\\\/2024\\\/07\\\/Captura-de-pantalla-2024-07-11-224815-e1720861747192.png\",\"width\":600,\"height\":341},{\"@type\":\"BreadcrumbList\",\"@id\":\"https:\\\/\\\/www.revistarambla.com\\\/una-reedicion-necesaria\\\/#breadcrumb\",\"itemListElement\":[{\"@type\":\"ListItem\",\"position\":1,\"name\":\"Portada\",\"item\":\"https:\\\/\\\/www.revistarambla.com\\\/\"},{\"@type\":\"ListItem\",\"position\":2,\"name\":\"Una reedici\u00f3n necesaria\"}]},{\"@type\":\"WebSite\",\"@id\":\"https:\\\/\\\/www.revistarambla.com\\\/#website\",\"url\":\"https:\\\/\\\/www.revistarambla.com\\\/\",\"name\":\"Revista Rambla Barcelona\",\"description\":\"Periodismo independiente\",\"publisher\":{\"@id\":\"https:\\\/\\\/www.revistarambla.com\\\/#organization\"},\"potentialAction\":[{\"@type\":\"SearchAction\",\"target\":{\"@type\":\"EntryPoint\",\"urlTemplate\":\"https:\\\/\\\/www.revistarambla.com\\\/?s={search_term_string}\"},\"query-input\":{\"@type\":\"PropertyValueSpecification\",\"valueRequired\":true,\"valueName\":\"search_term_string\"}}],\"inLanguage\":\"en-GB\"},{\"@type\":\"Organization\",\"@id\":\"https:\\\/\\\/www.revistarambla.com\\\/#organization\",\"name\":\"Revista Rambla\",\"url\":\"https:\\\/\\\/www.revistarambla.com\\\/\",\"logo\":{\"@type\":\"ImageObject\",\"inLanguage\":\"en-GB\",\"@id\":\"https:\\\/\\\/www.revistarambla.com\\\/#\\\/schema\\\/logo\\\/image\\\/\",\"url\":\"https:\\\/\\\/www.revistarambla.com\\\/wp-content\\\/uploads\\\/2020\\\/09\\\/banner_rambla_1900x600_BB.png\",\"contentUrl\":\"https:\\\/\\\/www.revistarambla.com\\\/wp-content\\\/uploads\\\/2020\\\/09\\\/banner_rambla_1900x600_BB.png\",\"width\":1900,\"height\":600,\"caption\":\"Revista Rambla\"},\"image\":{\"@id\":\"https:\\\/\\\/www.revistarambla.com\\\/#\\\/schema\\\/logo\\\/image\\\/\"},\"sameAs\":[\"https:\\\/\\\/www.facebook.com\\\/revistarambla\\\/\",\"https:\\\/\\\/x.com\\\/revistarambla\",\"https:\\\/\\\/www.instagram.com\\\/revista_rambla\",\"https:\\\/\\\/es.linkedin.com\\\/company\\\/revista-rambla\"]},{\"@type\":\"Person\",\"@id\":\"https:\\\/\\\/www.revistarambla.com\\\/#\\\/schema\\\/person\\\/4a5652fc8c82df1f8593002d038cd79e\",\"name\":\"Salvador L\u00f3pez Arnal\"}]}<\/script>\n<!-- \/ Yoast SEO plugin. -->","yoast_head_json":{"title":"Una reedici\u00f3n necesaria - Revista Rambla","robots":{"index":"index","follow":"follow","max-snippet":"max-snippet:-1","max-image-preview":"max-image-preview:large","max-video-preview":"max-video-preview:-1"},"canonical":"https:\/\/www.revistarambla.com\/en\/una-reedicion-necesaria\/","og_locale":"en_GB","og_type":"article","og_title":"Una reedici\u00f3n necesaria - Revista Rambla","og_description":"Rese\u00f1a de Con voz y con voto. Las mujeres y la pol\u00edtica en Espa\u00f1a (1931-1939) (RBA, 2024), de Carmen Domingo. Imagen: Clara Campoamor durante un mitin. No todas las reediciones est\u00e1n justificadas, se imponen en muchas ocasiones los c\u00e1lculos editoriales. No es el caso de esta reedici\u00f3n, corregida, ampliada y [&hellip;]","og_url":"https:\/\/www.revistarambla.com\/en\/una-reedicion-necesaria\/","og_site_name":"Revista Rambla","article_publisher":"https:\/\/www.facebook.com\/revistarambla\/","article_published_time":"2024-07-18T06:44:04+00:00","og_image":[{"width":600,"height":341,"url":"https:\/\/www.revistarambla.com\/wp-content\/uploads\/2024\/07\/Captura-de-pantalla-2024-07-11-224815-e1720861747192.png","type":"image\/png"}],"author":"Salvador L\u00f3pez Arnal","twitter_card":"summary_large_image","twitter_creator":"@revistarambla","twitter_site":"@revistarambla","twitter_misc":{"Written by":"Salvador L\u00f3pez Arnal","Estimated reading time":"5 minutes"},"schema":{"@context":"https:\/\/schema.org","@graph":[{"@type":"Article","@id":"https:\/\/www.revistarambla.com\/una-reedicion-necesaria\/#article","isPartOf":{"@id":"https:\/\/www.revistarambla.com\/una-reedicion-necesaria\/"},"author":{"name":"Salvador L\u00f3pez Arnal","@id":"https:\/\/www.revistarambla.com\/#\/schema\/person\/4a5652fc8c82df1f8593002d038cd79e"},"headline":"Una reedici\u00f3n necesaria","datePublished":"2024-07-18T06:44:04+00:00","mainEntityOfPage":{"@id":"https:\/\/www.revistarambla.com\/una-reedicion-necesaria\/"},"wordCount":926,"publisher":{"@id":"https:\/\/www.revistarambla.com\/#organization"},"image":{"@id":"https:\/\/www.revistarambla.com\/una-reedicion-necesaria\/#primaryimage"},"thumbnailUrl":"https:\/\/www.revistarambla.com\/wp-content\/uploads\/2024\/07\/Captura-de-pantalla-2024-07-11-224815-e1720861747192.png","articleSection":["Libros"],"inLanguage":"en-GB"},{"@type":"WebPage","@id":"https:\/\/www.revistarambla.com\/una-reedicion-necesaria\/","url":"https:\/\/www.revistarambla.com\/una-reedicion-necesaria\/","name":"Una reedici\u00f3n necesaria - Revista Rambla","isPartOf":{"@id":"https:\/\/www.revistarambla.com\/#website"},"primaryImageOfPage":{"@id":"https:\/\/www.revistarambla.com\/una-reedicion-necesaria\/#primaryimage"},"image":{"@id":"https:\/\/www.revistarambla.com\/una-reedicion-necesaria\/#primaryimage"},"thumbnailUrl":"https:\/\/www.revistarambla.com\/wp-content\/uploads\/2024\/07\/Captura-de-pantalla-2024-07-11-224815-e1720861747192.png","datePublished":"2024-07-18T06:44:04+00:00","breadcrumb":{"@id":"https:\/\/www.revistarambla.com\/una-reedicion-necesaria\/#breadcrumb"},"inLanguage":"en-GB","potentialAction":[{"@type":"ReadAction","target":["https:\/\/www.revistarambla.com\/una-reedicion-necesaria\/"]}]},{"@type":"ImageObject","inLanguage":"en-GB","@id":"https:\/\/www.revistarambla.com\/una-reedicion-necesaria\/#primaryimage","url":"https:\/\/www.revistarambla.com\/wp-content\/uploads\/2024\/07\/Captura-de-pantalla-2024-07-11-224815-e1720861747192.png","contentUrl":"https:\/\/www.revistarambla.com\/wp-content\/uploads\/2024\/07\/Captura-de-pantalla-2024-07-11-224815-e1720861747192.png","width":600,"height":341},{"@type":"BreadcrumbList","@id":"https:\/\/www.revistarambla.com\/una-reedicion-necesaria\/#breadcrumb","itemListElement":[{"@type":"ListItem","position":1,"name":"Portada","item":"https:\/\/www.revistarambla.com\/"},{"@type":"ListItem","position":2,"name":"Una reedici\u00f3n necesaria"}]},{"@type":"WebSite","@id":"https:\/\/www.revistarambla.com\/#website","url":"https:\/\/www.revistarambla.com\/","name":"Revista Rambla Barcelona","description":"Periodismo independiente","publisher":{"@id":"https:\/\/www.revistarambla.com\/#organization"},"potentialAction":[{"@type":"SearchAction","target":{"@type":"EntryPoint","urlTemplate":"https:\/\/www.revistarambla.com\/?s={search_term_string}"},"query-input":{"@type":"PropertyValueSpecification","valueRequired":true,"valueName":"search_term_string"}}],"inLanguage":"en-GB"},{"@type":"Organization","@id":"https:\/\/www.revistarambla.com\/#organization","name":"Revista Rambla","url":"https:\/\/www.revistarambla.com\/","logo":{"@type":"ImageObject","inLanguage":"en-GB","@id":"https:\/\/www.revistarambla.com\/#\/schema\/logo\/image\/","url":"https:\/\/www.revistarambla.com\/wp-content\/uploads\/2020\/09\/banner_rambla_1900x600_BB.png","contentUrl":"https:\/\/www.revistarambla.com\/wp-content\/uploads\/2020\/09\/banner_rambla_1900x600_BB.png","width":1900,"height":600,"caption":"Revista Rambla"},"image":{"@id":"https:\/\/www.revistarambla.com\/#\/schema\/logo\/image\/"},"sameAs":["https:\/\/www.facebook.com\/revistarambla\/","https:\/\/x.com\/revistarambla","https:\/\/www.instagram.com\/revista_rambla","https:\/\/es.linkedin.com\/company\/revista-rambla"]},{"@type":"Person","@id":"https:\/\/www.revistarambla.com\/#\/schema\/person\/4a5652fc8c82df1f8593002d038cd79e","name":"Salvador L\u00f3pez Arnal"}]}},"_links":{"self":[{"href":"https:\/\/www.revistarambla.com\/en\/wp-json\/wp\/v2\/posts\/61831","targetHints":{"allow":["GET"]}}],"collection":[{"href":"https:\/\/www.revistarambla.com\/en\/wp-json\/wp\/v2\/posts"}],"about":[{"href":"https:\/\/www.revistarambla.com\/en\/wp-json\/wp\/v2\/types\/post"}],"author":[{"embeddable":true,"href":"https:\/\/www.revistarambla.com\/en\/wp-json\/wp\/v2\/users\/1"}],"replies":[{"embeddable":true,"href":"https:\/\/www.revistarambla.com\/en\/wp-json\/wp\/v2\/comments?post=61831"}],"version-history":[{"count":1,"href":"https:\/\/www.revistarambla.com\/en\/wp-json\/wp\/v2\/posts\/61831\/revisions"}],"predecessor-version":[{"id":61834,"href":"https:\/\/www.revistarambla.com\/en\/wp-json\/wp\/v2\/posts\/61831\/revisions\/61834"}],"wp:featuredmedia":[{"embeddable":true,"href":"https:\/\/www.revistarambla.com\/en\/wp-json\/wp\/v2\/media\/61833"}],"wp:attachment":[{"href":"https:\/\/www.revistarambla.com\/en\/wp-json\/wp\/v2\/media?parent=61831"}],"wp:term":[{"taxonomy":"category","embeddable":true,"href":"https:\/\/www.revistarambla.com\/en\/wp-json\/wp\/v2\/categories?post=61831"},{"taxonomy":"post_tag","embeddable":true,"href":"https:\/\/www.revistarambla.com\/en\/wp-json\/wp\/v2\/tags?post=61831"}],"curies":[{"name":"wp","href":"https:\/\/api.w.org\/{rel}","templated":true}]}}