{"id":61802,"date":"2024-07-16T15:39:01","date_gmt":"2024-07-16T13:39:01","guid":{"rendered":"https:\/\/www.revistarambla.com\/?p=61802"},"modified":"2024-07-17T19:33:36","modified_gmt":"2024-07-17T17:33:36","slug":"solidaridad-territorial-la-clave-para-proteger-a-los-menores-extranjeros-no-acompanados","status":"publish","type":"post","link":"https:\/\/www.revistarambla.com\/en\/solidaridad-territorial-la-clave-para-proteger-a-los-menores-extranjeros-no-acompanados\/","title":{"rendered":"Solidaridad territorial: la clave para proteger a los menores extranjeros no acompa\u00f1ados"},"content":{"rendered":"<p>La irrupci\u00f3n de partidos de ultraderecha con presencia institucional ha ido haciendo que cuestiones como la extranjer\u00eda se conviertan en un arma arrojadiza que los partidos liberales no han sido capaces de neutralizar. La reciente aprobaci\u00f3n del Pacto de Migraci\u00f3n Europeo es una buena prueba de ello. En Espa\u00f1a, la presencia institucional en parlamentos y gobiernos auton\u00f3micos hasta hace pocos d\u00edas del partido de extrema derecha <a href=\"https:\/\/www.revistarambla.com\/en\/vox-rompe-con-el-pp-y-abandona-los-gobiernos-autonomicos\/\">Vox ha puesto en evidencia<\/a> la falta de solidaridad territorial con respecto a la inmigraci\u00f3n. La raz\u00f3n (confesada) de la ruptura de los acuerdos de gobierno en las cinco autonom\u00edas en las que gobernaba con el Partido Popular ha sido el reparto de los menores extranjeros que han llegado solos a Espa\u00f1a y que no pueden ser repatriados, conforme al procedimiento que se regula en el art\u00edculo 35 de la Ley de Extranjer\u00eda. Las declaraciones de algunos dirigentes, llenas de xenofobia y racismo, ignoran por completo los derechos de estos ni\u00f1os.<\/p>\n<h2>Competencia de las autonom\u00edas<\/h2>\n<p>La protecci\u00f3n de menores extranjeros es competencia de las autonom\u00edas (art. 148.1.20 de la Constituci\u00f3n espa\u00f1ola). Cuando un menor llega solo a Espa\u00f1a, la comunidad aut\u00f3noma donde se encuentra es la que tiene que poner en marcha el procedimiento que garantice su protecci\u00f3n. Primero se intenta su repatriaci\u00f3n si es posible encontrar a su familia en el Estado de origen o el Estado del que procede puede hacerse cargo de su protecci\u00f3n, pero si esto no es posible, se le debe declarar en situaci\u00f3n de desamparo y la comunidad en la que se encuentre debe asumir la tutela.<\/p>\n<p>Desde ese momento, la situaci\u00f3n de extranjer\u00eda pasa a un segundo plano y lo relevante es proporcionar los cuidados y asistencia que necesita todo menor. El problema es que en estos momentos en Canarias hay en torno a 5\u00a0500 menores extranjeros no acompa\u00f1ados; sus recursos asistenciales est\u00e1n superados y por ello ha solicitado ayuda para que el resto de comunidades asuma un reparto de los menores a los que su sistema de protecci\u00f3n no puede atender, de manera que puedan ser trasladados y tutelados por otras comunidades aut\u00f3nomas.<\/p>\n<p>El apartado 12 del art\u00edculo 35 de la Ley de Extranjer\u00eda dispone que \u201clas comunidades aut\u00f3nomas podr\u00e1n llegar a acuerdos con las comunidades aut\u00f3nomas donde se encuentren los menores extranjeros no acompa\u00f1ados para asumir la tutela y custodia, con el fin de garantizar a los menores unas mejores condiciones de integraci\u00f3n\u201d.<\/p>\n<p>Se basa, por tanto, en un voluntarismo que hasta ahora se ha manifestado insuficiente. El pasado 10 de julio, en una reuni\u00f3n de la Conferencia Sectorial de Infancia y Adolescencia en Tenerife, se logr\u00f3 asumir un reparto de 347 ni\u00f1os entre comunidades aut\u00f3nomas, reparto claramente insuficiente y que no ha estado exento de fricciones tanto por los gobiernos auton\u00f3micos del Partido Popular como por el gobierno de Catalu\u00f1a.<\/p>\n<h2>La posible reforma de la Ley de Extranjer\u00eda<\/h2>\n<p>Ante esta situaci\u00f3n, el Gobierno pretende modificar la legislaci\u00f3n para que el reparto sea obligatorio cuando una comunidad supere el 150\u00a0% de su capacidad. Para ello ha habido un acuerdo entre los grupos parlamentarios de PSOE, Sumar y Coalici\u00f3n Canaria, que est\u00e1n promoviendo una reforma de la Ley de Extranjer\u00eda para hacer obligatorio el reparto de estos menores.<\/p>\n<p>Ya tuvimos un precedente de colapso en el sistema de protecci\u00f3n de menores en Ceuta en mayo de 2021, ante la llegada de un n\u00famero importante de menores no acompa\u00f1ados procedentes de Marruecos. En aquella ocasi\u00f3n, el Ministerio del Interior y Ceuta quisieron solucionar esta situaci\u00f3n de la peor manera, como as\u00ed lo atestiguado el Tribunal Supremo, en reciente sentencia.<\/p>\n<h2>Respeto a los compromisos internacionales<\/h2>\n<p>En realidad, estamos ante una cuesti\u00f3n de solidaridad territorial entre Comunidades aut\u00f3nomas, de un lado y, de otro, de compromiso, como Estado, en el cumplimiento de las obligaciones que Espa\u00f1a ha asumido por ser parte de los instrumentos internacionales de derechos humanos, entre ellos, el Convenio de Naciones Unidas sobre los Derechos del Ni\u00f1o. Un reparto equitativo de estos menores es necesario para que se vean respetados sus derechos.<\/p>\n<p>Entidades sociales como la Fundaci\u00f3n Ra\u00edces consideran que la reforma que se lleve a cabo \u201cdebe ir de la mano de un fortalecimiento de los sistemas de protecci\u00f3n y del impulso de otras formas de acogimiento, alternativas a la institucionalizaci\u00f3n y ya contempladas en la ley, como los acogimientos familiares o en recursos de base familiar y comunitaria de entidades privadas\u201d.<\/p>\n<p>En este sentido, esta reforma deber\u00eda suponer un reto y una oportunidad para mejorar los sistemas de protecci\u00f3n de menores, que hay que asumir desde el respeto a nuestros compromisos internacionales.<\/p>\n<p>Es importante hacer hincapi\u00e9 en esto, ya que en un Estado social y democr\u00e1tico de derecho como es Espa\u00f1a existen principios y valores que, si se ponen en cuesti\u00f3n, dejan fuera del juego democr\u00e1tico a quienes lo hagan.<\/p>\n<p>El racismo topa de forma frontal con el sistema. Comprobar c\u00f3mo un partido pol\u00edtico ha plagado todo su discurso de racismo genera frustraci\u00f3n. La sociedad espa\u00f1ola merece mucho m\u00e1s.<\/p>\n<p><em>Foto: Llegada al puerto de Arguineguin (en Mog\u00e1n, Gran Canaria) de migrantes africanos a bordo de un barco de rescate mar\u00edtimo el 2 de noviembre de 2023. Canary4stock\/Shutterstock<\/em><\/p>\n<hr \/>\n<p><em>*Fuente original: https:\/\/theconversation.com\/solidaridad-territorial-la-clave-para-proteger-a-los-menores-extranjeros-no-acompanados-234703<\/em><\/p>","protected":false},"excerpt":{"rendered":"<p>La irrupci\u00f3n de partidos de ultraderecha con presencia institucional ha ido haciendo que cuestiones como la extranjer\u00eda se conviertan en un arma arrojadiza que los partidos liberales no han sido capaces de neutralizar. La reciente aprobaci\u00f3n del Pacto de Migraci\u00f3n Europeo es una buena prueba de ello. En Espa\u00f1a, la [&hellip;]<\/p>\n","protected":false},"author":1,"featured_media":61803,"comment_status":"closed","ping_status":"closed","sticky":false,"template":"","format":"standard","meta":{"footnotes":""},"categories":[4099],"tags":[],"class_list":["post-61802","post","type-post","status-publish","format-standard","has-post-thumbnail","hentry","category-otras-miradas"],"yoast_head":"<!-- This site is optimized with the Yoast SEO plugin v27.5 - https:\/\/yoast.com\/product\/yoast-seo-wordpress\/ -->\n<title>La clave para proteger a los menores extranjeros no acompa\u00f1ados<\/title>\n<meta name=\"description\" content=\"La protecci\u00f3n de menores extranjeros es competencia de las autonom\u00edas (art. 148.1.20 de la Constituci\u00f3n espa\u00f1ola).\" \/>\n<meta name=\"robots\" content=\"index, follow, max-snippet:-1, max-image-preview:large, max-video-preview:-1\" \/>\n<link rel=\"canonical\" href=\"https:\/\/www.revistarambla.com\/en\/solidaridad-territorial-la-clave-para-proteger-a-los-menores-extranjeros-no-acompanados\/\" \/>\n<meta property=\"og:locale\" content=\"en_GB\" \/>\n<meta property=\"og:type\" content=\"article\" \/>\n<meta property=\"og:title\" content=\"La clave para proteger a los menores extranjeros no acompa\u00f1ados\" \/>\n<meta property=\"og:description\" content=\"La protecci\u00f3n de menores extranjeros es competencia de las autonom\u00edas (art. 148.1.20 de la Constituci\u00f3n espa\u00f1ola).\" \/>\n<meta property=\"og:url\" content=\"https:\/\/www.revistarambla.com\/en\/solidaridad-territorial-la-clave-para-proteger-a-los-menores-extranjeros-no-acompanados\/\" \/>\n<meta property=\"og:site_name\" content=\"Revista Rambla\" \/>\n<meta property=\"article:publisher\" content=\"https:\/\/www.facebook.com\/revistarambla\/\" \/>\n<meta property=\"article:published_time\" content=\"2024-07-16T13:39:01+00:00\" \/>\n<meta property=\"article:modified_time\" content=\"2024-07-17T17:33:36+00:00\" \/>\n<meta property=\"og:image\" content=\"https:\/\/www.revistarambla.com\/wp-content\/uploads\/2024\/07\/Screenshot-2024-07-16-at-15-33-24-file-20240715-17-gmx4xu.jpg-Imagen-AVIF-1356-\u00d7-668-pixeles.jpg\" \/>\n\t<meta property=\"og:image:width\" content=\"1356\" \/>\n\t<meta property=\"og:image:height\" content=\"668\" \/>\n\t<meta property=\"og:image:type\" content=\"image\/jpeg\" \/>\n<meta name=\"author\" content=\"Antonia Dur\u00e1n Ayago\" \/>\n<meta name=\"twitter:card\" content=\"summary_large_image\" \/>\n<meta name=\"twitter:creator\" content=\"@revistarambla\" \/>\n<meta name=\"twitter:site\" content=\"@revistarambla\" \/>\n<meta name=\"twitter:label1\" content=\"Written by\" \/>\n\t<meta name=\"twitter:data1\" content=\"Antonia Dur\u00e1n Ayago\" \/>\n\t<meta name=\"twitter:label2\" content=\"Estimated reading time\" \/>\n\t<meta name=\"twitter:data2\" content=\"5 minutes\" \/>\n<script type=\"application\/ld+json\" class=\"yoast-schema-graph\">{\"@context\":\"https:\\\/\\\/schema.org\",\"@graph\":[{\"@type\":\"Article\",\"@id\":\"https:\\\/\\\/www.revistarambla.com\\\/solidaridad-territorial-la-clave-para-proteger-a-los-menores-extranjeros-no-acompanados\\\/#article\",\"isPartOf\":{\"@id\":\"https:\\\/\\\/www.revistarambla.com\\\/solidaridad-territorial-la-clave-para-proteger-a-los-menores-extranjeros-no-acompanados\\\/\"},\"author\":{\"name\":\"Antonia Dur\u00e1n Ayago\",\"@id\":\"https:\\\/\\\/www.revistarambla.com\\\/#\\\/schema\\\/person\\\/4a5652fc8c82df1f8593002d038cd79e\"},\"headline\":\"Solidaridad territorial: la clave para proteger a los menores extranjeros no acompa\u00f1ados\",\"datePublished\":\"2024-07-16T13:39:01+00:00\",\"dateModified\":\"2024-07-17T17:33:36+00:00\",\"mainEntityOfPage\":{\"@id\":\"https:\\\/\\\/www.revistarambla.com\\\/solidaridad-territorial-la-clave-para-proteger-a-los-menores-extranjeros-no-acompanados\\\/\"},\"wordCount\":938,\"publisher\":{\"@id\":\"https:\\\/\\\/www.revistarambla.com\\\/#organization\"},\"image\":{\"@id\":\"https:\\\/\\\/www.revistarambla.com\\\/solidaridad-territorial-la-clave-para-proteger-a-los-menores-extranjeros-no-acompanados\\\/#primaryimage\"},\"thumbnailUrl\":\"https:\\\/\\\/www.revistarambla.com\\\/wp-content\\\/uploads\\\/2024\\\/07\\\/Screenshot-2024-07-16-at-15-33-24-file-20240715-17-gmx4xu.jpg-Imagen-AVIF-1356-\u00d7-668-pixeles.jpg\",\"articleSection\":[\"Otras Miradas\"],\"inLanguage\":\"en-GB\"},{\"@type\":\"WebPage\",\"@id\":\"https:\\\/\\\/www.revistarambla.com\\\/solidaridad-territorial-la-clave-para-proteger-a-los-menores-extranjeros-no-acompanados\\\/\",\"url\":\"https:\\\/\\\/www.revistarambla.com\\\/solidaridad-territorial-la-clave-para-proteger-a-los-menores-extranjeros-no-acompanados\\\/\",\"name\":\"La clave para proteger a los menores extranjeros no acompa\u00f1ados\",\"isPartOf\":{\"@id\":\"https:\\\/\\\/www.revistarambla.com\\\/#website\"},\"primaryImageOfPage\":{\"@id\":\"https:\\\/\\\/www.revistarambla.com\\\/solidaridad-territorial-la-clave-para-proteger-a-los-menores-extranjeros-no-acompanados\\\/#primaryimage\"},\"image\":{\"@id\":\"https:\\\/\\\/www.revistarambla.com\\\/solidaridad-territorial-la-clave-para-proteger-a-los-menores-extranjeros-no-acompanados\\\/#primaryimage\"},\"thumbnailUrl\":\"https:\\\/\\\/www.revistarambla.com\\\/wp-content\\\/uploads\\\/2024\\\/07\\\/Screenshot-2024-07-16-at-15-33-24-file-20240715-17-gmx4xu.jpg-Imagen-AVIF-1356-\u00d7-668-pixeles.jpg\",\"datePublished\":\"2024-07-16T13:39:01+00:00\",\"dateModified\":\"2024-07-17T17:33:36+00:00\",\"description\":\"La protecci\u00f3n de menores extranjeros es competencia de las autonom\u00edas (art. 148.1.20 de la Constituci\u00f3n espa\u00f1ola).\",\"breadcrumb\":{\"@id\":\"https:\\\/\\\/www.revistarambla.com\\\/solidaridad-territorial-la-clave-para-proteger-a-los-menores-extranjeros-no-acompanados\\\/#breadcrumb\"},\"inLanguage\":\"en-GB\",\"potentialAction\":[{\"@type\":\"ReadAction\",\"target\":[\"https:\\\/\\\/www.revistarambla.com\\\/solidaridad-territorial-la-clave-para-proteger-a-los-menores-extranjeros-no-acompanados\\\/\"]}]},{\"@type\":\"ImageObject\",\"inLanguage\":\"en-GB\",\"@id\":\"https:\\\/\\\/www.revistarambla.com\\\/solidaridad-territorial-la-clave-para-proteger-a-los-menores-extranjeros-no-acompanados\\\/#primaryimage\",\"url\":\"https:\\\/\\\/www.revistarambla.com\\\/wp-content\\\/uploads\\\/2024\\\/07\\\/Screenshot-2024-07-16-at-15-33-24-file-20240715-17-gmx4xu.jpg-Imagen-AVIF-1356-\u00d7-668-pixeles.jpg\",\"contentUrl\":\"https:\\\/\\\/www.revistarambla.com\\\/wp-content\\\/uploads\\\/2024\\\/07\\\/Screenshot-2024-07-16-at-15-33-24-file-20240715-17-gmx4xu.jpg-Imagen-AVIF-1356-\u00d7-668-pixeles.jpg\",\"width\":1356,\"height\":668,\"caption\":\"menores extranjeros no acompa\u00f1ados mena\"},{\"@type\":\"BreadcrumbList\",\"@id\":\"https:\\\/\\\/www.revistarambla.com\\\/solidaridad-territorial-la-clave-para-proteger-a-los-menores-extranjeros-no-acompanados\\\/#breadcrumb\",\"itemListElement\":[{\"@type\":\"ListItem\",\"position\":1,\"name\":\"Portada\",\"item\":\"https:\\\/\\\/www.revistarambla.com\\\/\"},{\"@type\":\"ListItem\",\"position\":2,\"name\":\"Solidaridad territorial: la clave para proteger a los menores extranjeros no acompa\u00f1ados\"}]},{\"@type\":\"WebSite\",\"@id\":\"https:\\\/\\\/www.revistarambla.com\\\/#website\",\"url\":\"https:\\\/\\\/www.revistarambla.com\\\/\",\"name\":\"Revista Rambla Barcelona\",\"description\":\"Periodismo independiente\",\"publisher\":{\"@id\":\"https:\\\/\\\/www.revistarambla.com\\\/#organization\"},\"potentialAction\":[{\"@type\":\"SearchAction\",\"target\":{\"@type\":\"EntryPoint\",\"urlTemplate\":\"https:\\\/\\\/www.revistarambla.com\\\/?s={search_term_string}\"},\"query-input\":{\"@type\":\"PropertyValueSpecification\",\"valueRequired\":true,\"valueName\":\"search_term_string\"}}],\"inLanguage\":\"en-GB\"},{\"@type\":\"Organization\",\"@id\":\"https:\\\/\\\/www.revistarambla.com\\\/#organization\",\"name\":\"Revista Rambla\",\"url\":\"https:\\\/\\\/www.revistarambla.com\\\/\",\"logo\":{\"@type\":\"ImageObject\",\"inLanguage\":\"en-GB\",\"@id\":\"https:\\\/\\\/www.revistarambla.com\\\/#\\\/schema\\\/logo\\\/image\\\/\",\"url\":\"https:\\\/\\\/www.revistarambla.com\\\/wp-content\\\/uploads\\\/2020\\\/09\\\/banner_rambla_1900x600_BB.png\",\"contentUrl\":\"https:\\\/\\\/www.revistarambla.com\\\/wp-content\\\/uploads\\\/2020\\\/09\\\/banner_rambla_1900x600_BB.png\",\"width\":1900,\"height\":600,\"caption\":\"Revista Rambla\"},\"image\":{\"@id\":\"https:\\\/\\\/www.revistarambla.com\\\/#\\\/schema\\\/logo\\\/image\\\/\"},\"sameAs\":[\"https:\\\/\\\/www.facebook.com\\\/revistarambla\\\/\",\"https:\\\/\\\/x.com\\\/revistarambla\",\"https:\\\/\\\/www.instagram.com\\\/revista_rambla\",\"https:\\\/\\\/es.linkedin.com\\\/company\\\/revista-rambla\"]},{\"@type\":\"Person\",\"@id\":\"https:\\\/\\\/www.revistarambla.com\\\/#\\\/schema\\\/person\\\/4a5652fc8c82df1f8593002d038cd79e\",\"name\":\"Antonia Dur\u00e1n Ayago\"}]}<\/script>\n<!-- \/ Yoast SEO plugin. -->","yoast_head_json":{"title":"La clave para proteger a los menores extranjeros no acompa\u00f1ados","description":"La protecci\u00f3n de menores extranjeros es competencia de las autonom\u00edas (art. 148.1.20 de la Constituci\u00f3n espa\u00f1ola).","robots":{"index":"index","follow":"follow","max-snippet":"max-snippet:-1","max-image-preview":"max-image-preview:large","max-video-preview":"max-video-preview:-1"},"canonical":"https:\/\/www.revistarambla.com\/en\/solidaridad-territorial-la-clave-para-proteger-a-los-menores-extranjeros-no-acompanados\/","og_locale":"en_GB","og_type":"article","og_title":"La clave para proteger a los menores extranjeros no acompa\u00f1ados","og_description":"La protecci\u00f3n de menores extranjeros es competencia de las autonom\u00edas (art. 148.1.20 de la Constituci\u00f3n espa\u00f1ola).","og_url":"https:\/\/www.revistarambla.com\/en\/solidaridad-territorial-la-clave-para-proteger-a-los-menores-extranjeros-no-acompanados\/","og_site_name":"Revista Rambla","article_publisher":"https:\/\/www.facebook.com\/revistarambla\/","article_published_time":"2024-07-16T13:39:01+00:00","article_modified_time":"2024-07-17T17:33:36+00:00","og_image":[{"width":1356,"height":668,"url":"https:\/\/www.revistarambla.com\/wp-content\/uploads\/2024\/07\/Screenshot-2024-07-16-at-15-33-24-file-20240715-17-gmx4xu.jpg-Imagen-AVIF-1356-\u00d7-668-pixeles.jpg","type":"image\/jpeg"}],"author":"Antonia Dur\u00e1n Ayago","twitter_card":"summary_large_image","twitter_creator":"@revistarambla","twitter_site":"@revistarambla","twitter_misc":{"Written by":"Antonia Dur\u00e1n Ayago","Estimated reading time":"5 minutes"},"schema":{"@context":"https:\/\/schema.org","@graph":[{"@type":"Article","@id":"https:\/\/www.revistarambla.com\/solidaridad-territorial-la-clave-para-proteger-a-los-menores-extranjeros-no-acompanados\/#article","isPartOf":{"@id":"https:\/\/www.revistarambla.com\/solidaridad-territorial-la-clave-para-proteger-a-los-menores-extranjeros-no-acompanados\/"},"author":{"name":"Antonia Dur\u00e1n Ayago","@id":"https:\/\/www.revistarambla.com\/#\/schema\/person\/4a5652fc8c82df1f8593002d038cd79e"},"headline":"Solidaridad territorial: la clave para proteger a los menores extranjeros no acompa\u00f1ados","datePublished":"2024-07-16T13:39:01+00:00","dateModified":"2024-07-17T17:33:36+00:00","mainEntityOfPage":{"@id":"https:\/\/www.revistarambla.com\/solidaridad-territorial-la-clave-para-proteger-a-los-menores-extranjeros-no-acompanados\/"},"wordCount":938,"publisher":{"@id":"https:\/\/www.revistarambla.com\/#organization"},"image":{"@id":"https:\/\/www.revistarambla.com\/solidaridad-territorial-la-clave-para-proteger-a-los-menores-extranjeros-no-acompanados\/#primaryimage"},"thumbnailUrl":"https:\/\/www.revistarambla.com\/wp-content\/uploads\/2024\/07\/Screenshot-2024-07-16-at-15-33-24-file-20240715-17-gmx4xu.jpg-Imagen-AVIF-1356-\u00d7-668-pixeles.jpg","articleSection":["Otras Miradas"],"inLanguage":"en-GB"},{"@type":"WebPage","@id":"https:\/\/www.revistarambla.com\/solidaridad-territorial-la-clave-para-proteger-a-los-menores-extranjeros-no-acompanados\/","url":"https:\/\/www.revistarambla.com\/solidaridad-territorial-la-clave-para-proteger-a-los-menores-extranjeros-no-acompanados\/","name":"La clave para proteger a los menores extranjeros no acompa\u00f1ados","isPartOf":{"@id":"https:\/\/www.revistarambla.com\/#website"},"primaryImageOfPage":{"@id":"https:\/\/www.revistarambla.com\/solidaridad-territorial-la-clave-para-proteger-a-los-menores-extranjeros-no-acompanados\/#primaryimage"},"image":{"@id":"https:\/\/www.revistarambla.com\/solidaridad-territorial-la-clave-para-proteger-a-los-menores-extranjeros-no-acompanados\/#primaryimage"},"thumbnailUrl":"https:\/\/www.revistarambla.com\/wp-content\/uploads\/2024\/07\/Screenshot-2024-07-16-at-15-33-24-file-20240715-17-gmx4xu.jpg-Imagen-AVIF-1356-\u00d7-668-pixeles.jpg","datePublished":"2024-07-16T13:39:01+00:00","dateModified":"2024-07-17T17:33:36+00:00","description":"La protecci\u00f3n de menores extranjeros es competencia de las autonom\u00edas (art. 148.1.20 de la Constituci\u00f3n espa\u00f1ola).","breadcrumb":{"@id":"https:\/\/www.revistarambla.com\/solidaridad-territorial-la-clave-para-proteger-a-los-menores-extranjeros-no-acompanados\/#breadcrumb"},"inLanguage":"en-GB","potentialAction":[{"@type":"ReadAction","target":["https:\/\/www.revistarambla.com\/solidaridad-territorial-la-clave-para-proteger-a-los-menores-extranjeros-no-acompanados\/"]}]},{"@type":"ImageObject","inLanguage":"en-GB","@id":"https:\/\/www.revistarambla.com\/solidaridad-territorial-la-clave-para-proteger-a-los-menores-extranjeros-no-acompanados\/#primaryimage","url":"https:\/\/www.revistarambla.com\/wp-content\/uploads\/2024\/07\/Screenshot-2024-07-16-at-15-33-24-file-20240715-17-gmx4xu.jpg-Imagen-AVIF-1356-\u00d7-668-pixeles.jpg","contentUrl":"https:\/\/www.revistarambla.com\/wp-content\/uploads\/2024\/07\/Screenshot-2024-07-16-at-15-33-24-file-20240715-17-gmx4xu.jpg-Imagen-AVIF-1356-\u00d7-668-pixeles.jpg","width":1356,"height":668,"caption":"menores extranjeros no acompa\u00f1ados mena"},{"@type":"BreadcrumbList","@id":"https:\/\/www.revistarambla.com\/solidaridad-territorial-la-clave-para-proteger-a-los-menores-extranjeros-no-acompanados\/#breadcrumb","itemListElement":[{"@type":"ListItem","position":1,"name":"Portada","item":"https:\/\/www.revistarambla.com\/"},{"@type":"ListItem","position":2,"name":"Solidaridad territorial: la clave para proteger a los menores extranjeros no acompa\u00f1ados"}]},{"@type":"WebSite","@id":"https:\/\/www.revistarambla.com\/#website","url":"https:\/\/www.revistarambla.com\/","name":"Revista Rambla Barcelona","description":"Periodismo independiente","publisher":{"@id":"https:\/\/www.revistarambla.com\/#organization"},"potentialAction":[{"@type":"SearchAction","target":{"@type":"EntryPoint","urlTemplate":"https:\/\/www.revistarambla.com\/?s={search_term_string}"},"query-input":{"@type":"PropertyValueSpecification","valueRequired":true,"valueName":"search_term_string"}}],"inLanguage":"en-GB"},{"@type":"Organization","@id":"https:\/\/www.revistarambla.com\/#organization","name":"Revista Rambla","url":"https:\/\/www.revistarambla.com\/","logo":{"@type":"ImageObject","inLanguage":"en-GB","@id":"https:\/\/www.revistarambla.com\/#\/schema\/logo\/image\/","url":"https:\/\/www.revistarambla.com\/wp-content\/uploads\/2020\/09\/banner_rambla_1900x600_BB.png","contentUrl":"https:\/\/www.revistarambla.com\/wp-content\/uploads\/2020\/09\/banner_rambla_1900x600_BB.png","width":1900,"height":600,"caption":"Revista Rambla"},"image":{"@id":"https:\/\/www.revistarambla.com\/#\/schema\/logo\/image\/"},"sameAs":["https:\/\/www.facebook.com\/revistarambla\/","https:\/\/x.com\/revistarambla","https:\/\/www.instagram.com\/revista_rambla","https:\/\/es.linkedin.com\/company\/revista-rambla"]},{"@type":"Person","@id":"https:\/\/www.revistarambla.com\/#\/schema\/person\/4a5652fc8c82df1f8593002d038cd79e","name":"Antonia Dur\u00e1n Ayago"}]}},"_links":{"self":[{"href":"https:\/\/www.revistarambla.com\/en\/wp-json\/wp\/v2\/posts\/61802","targetHints":{"allow":["GET"]}}],"collection":[{"href":"https:\/\/www.revistarambla.com\/en\/wp-json\/wp\/v2\/posts"}],"about":[{"href":"https:\/\/www.revistarambla.com\/en\/wp-json\/wp\/v2\/types\/post"}],"author":[{"embeddable":true,"href":"https:\/\/www.revistarambla.com\/en\/wp-json\/wp\/v2\/users\/1"}],"replies":[{"embeddable":true,"href":"https:\/\/www.revistarambla.com\/en\/wp-json\/wp\/v2\/comments?post=61802"}],"version-history":[{"count":1,"href":"https:\/\/www.revistarambla.com\/en\/wp-json\/wp\/v2\/posts\/61802\/revisions"}],"predecessor-version":[{"id":61805,"href":"https:\/\/www.revistarambla.com\/en\/wp-json\/wp\/v2\/posts\/61802\/revisions\/61805"}],"wp:featuredmedia":[{"embeddable":true,"href":"https:\/\/www.revistarambla.com\/en\/wp-json\/wp\/v2\/media\/61803"}],"wp:attachment":[{"href":"https:\/\/www.revistarambla.com\/en\/wp-json\/wp\/v2\/media?parent=61802"}],"wp:term":[{"taxonomy":"category","embeddable":true,"href":"https:\/\/www.revistarambla.com\/en\/wp-json\/wp\/v2\/categories?post=61802"},{"taxonomy":"post_tag","embeddable":true,"href":"https:\/\/www.revistarambla.com\/en\/wp-json\/wp\/v2\/tags?post=61802"}],"curies":[{"name":"wp","href":"https:\/\/api.w.org\/{rel}","templated":true}]}}