{"id":61628,"date":"2024-07-04T21:49:15","date_gmt":"2024-07-04T19:49:15","guid":{"rendered":"https:\/\/www.revistarambla.com\/?p=61628"},"modified":"2024-07-07T16:02:48","modified_gmt":"2024-07-07T14:02:48","slug":"la-estructura-opaca-de-esquerra","status":"publish","type":"post","link":"https:\/\/www.revistarambla.com\/en\/la-estructura-opaca-de-esquerra\/","title":{"rendered":"La estructura opaca de Esquerra"},"content":{"rendered":"<p>Esquerra ha admitido que dispone de una estructura de comunicaci\u00f3n opaca que act\u00faa al margen de las campa\u00f1as oficialistas del partido. <!--more-->As\u00ed lo ha explicado el hasta ahora vice consejero del Govern y responsable pol\u00edtico de comunicaci\u00f3n de ERC, Sergi Sabri\u00e0 i Benito, en rueda de prensa, quien ha presentado hoy mismo su dimisi\u00f3n a Pere Aragon\u00e8s. Sabri\u00e0, seg\u00fan parece, era el hombre en la sombra que articulaba una estructura paralela a ERC y que actuaba fuera de las siglas, conocida como <em>Xarxa B<\/em> (red b). Y esta estructura, a la que, perfectamente, podr\u00edamos llamarle clan, usaba a militantes de confianza pag\u00e1ndoles por contracampa\u00f1as a trav\u00e9s de una empresa af\u00edn a ERC, Relevance, facturas de 1.000 y 2.000 euros, seg\u00fan <em>Ara<\/em>.<\/p>\n<p>Una de las acciones que habr\u00edan llevado a cabo ser\u00eda la difusi\u00f3n \u2014en la campa\u00f1a de las \u00faltimas municipales\u2014 de <span style=\"text-decoration: underline;\"><a href=\"https:\/\/www.revistarambla.com\/en\/ser-viejo\/\">los carteles con el lema \u00abFuera el Alzehimer de Barcelona\u00bb<\/a><\/span>, que atentaban contra la dignidad de su compa\u00f1ero de partido Ernest Maragall (presente en la rueda de prensa) y contra el hermano de este, Pasqual Maragall, afectado por la enfermedad. Una operaci\u00f3n de falsa bandera, seg\u00fan ha dicho Sabri\u00e0, que ten\u00eda por objetivo situar a Maragall \u2014candidato a las municipales por Barcelona\u2014 en el centro del hurac\u00e1n medi\u00e1tico.<\/p>\n<p>Otra de las acciones que habr\u00eda ejecutado el grupo opaco ser\u00eda la campa\u00f1a \u00abFree Junqueras\u00bb con la que se empapel\u00f3 \u2014y <em>grafite\u00f3<\/em>\u2014 media Catalunya con la cara del exl\u00edder de ERC. Asimismo, al <em>cerebro<\/em> de Xarxa B se le habr\u00eda ocurrido contratar a unos mariachis para que acudieran a la sede de Junts en Barcelona durante el impasse en el que la formaci\u00f3n de Puigdemont decid\u00eda si abandonaba o no el gobierno de coalici\u00f3n con los republicanos. A esta red en la sombra tambi\u00e9n se le ocurri\u00f3 repartir por las estaciones de Rodalies a militantes disfrazados de sardinas para protestar por la masificaci\u00f3n de los trenes o ser los creadores de La F\u00e0brica de Rufi\u00e1n, el programa de entrevistas que conduc\u00eda el diputado de ERC. Y tantas otras campa\u00f1as a trav\u00e9s de redes sociales o a m\u00e1s peque\u00f1a escala.<\/p>\n<p>Sabri\u00e0, cipayo de Marta Rovira y mano derecha de Pere Aragon\u00e8s (quien le otorg\u00f3 funciones de <em>s\u00faper conseller<\/em>), no se ha ido sin disparar contra Junqueras, insinuando que \u00abhay quien ha querido precipitar mi dimisi\u00f3n con informaciones falsas (\u2026) mientras sonaban de fondo frases como hay que limpiar los trapos sucios en casa\u00bb, expresi\u00f3n que acu\u00f1\u00f3 Junqueras tras la publicaci\u00f3n del manifiesto de los afines a Rovira, en el que se ped\u00eda una renovaci\u00f3n del partido. Sabri\u00e0 ha admitido que no se habla con Junqueras desde la noche electoral del 23 de julio de 2023, cuando ERC perdi\u00f3 cinco diputados en las elecciones espa\u00f1olas. De hecho, ha asegurado que \u00abhay a quien no le importa el partido\u00bb porque \u00abusa su ambici\u00f3n para hacerse un partido a su medida\u00bb.\u00a0 Pese a todo, Sabri\u00e0 ha dicho que se va tranquilo porque no se siente \u00abculpable de nada\u00bb y espera que su dimisi\u00f3n sirva para \u00abrebajar tensiones\u00bb.<\/p>\n<p>Y es que el pulso entre Junqueras y Rovira tiene a ERC partida por la mitad, mientras Catalunya sigue con un gobierno en funciones y con el cron\u00f3metro en marcha ante una m\u00e1s que probable repetici\u00f3n electoral.<\/p>","protected":false},"excerpt":{"rendered":"<p>El vice consejero del Govern, el republicano Sergi Sabri\u00e0, dimite tras explicar que en Esquerra existe una organizaci\u00f3n de comunicaci\u00f3n paralela que act\u00faa al margen de las siglas<\/p>","protected":false},"author":3,"featured_media":61629,"comment_status":"closed","ping_status":"closed","sticky":false,"template":"","format":"standard","meta":{"footnotes":""},"categories":[76],"tags":[],"class_list":["post-61628","post","type-post","status-publish","format-standard","has-post-thumbnail","hentry","category-barcelona"],"yoast_head":"<!-- This site is optimized with the Yoast SEO plugin v27.5 - https:\/\/yoast.com\/product\/yoast-seo-wordpress\/ -->\n<title>La estructura opaca de Esquerra - Revista Rambla<\/title>\n<meta name=\"robots\" content=\"index, follow, max-snippet:-1, max-image-preview:large, max-video-preview:-1\" \/>\n<link rel=\"canonical\" href=\"https:\/\/www.revistarambla.com\/en\/la-estructura-opaca-de-esquerra\/\" \/>\n<meta property=\"og:locale\" content=\"en_GB\" \/>\n<meta property=\"og:type\" content=\"article\" \/>\n<meta property=\"og:title\" content=\"La estructura opaca de Esquerra - Revista Rambla\" \/>\n<meta property=\"og:description\" content=\"El vice consejero del Govern, el republicano Sergi Sabri\u00e0, dimite tras explicar que en Esquerra existe una organizaci\u00f3n de comunicaci\u00f3n paralela que act\u00faa al margen de las siglas\" \/>\n<meta property=\"og:url\" content=\"https:\/\/www.revistarambla.com\/en\/la-estructura-opaca-de-esquerra\/\" \/>\n<meta property=\"og:site_name\" content=\"Revista Rambla\" \/>\n<meta property=\"article:publisher\" content=\"https:\/\/www.facebook.com\/revistarambla\/\" \/>\n<meta property=\"article:author\" content=\"https:\/\/www.facebook.com\/revistarambla\" \/>\n<meta property=\"article:published_time\" content=\"2024-07-04T19:49:15+00:00\" \/>\n<meta property=\"article:modified_time\" content=\"2024-07-07T14:02:48+00:00\" \/>\n<meta property=\"og:image\" content=\"https:\/\/www.revistarambla.com\/wp-content\/uploads\/2024\/07\/sergi-sabria.webp\" \/>\n\t<meta property=\"og:image:width\" content=\"1200\" \/>\n\t<meta property=\"og:image:height\" content=\"840\" \/>\n\t<meta property=\"og:image:type\" content=\"image\/webp\" \/>\n<meta name=\"author\" content=\"R@mbla\" \/>\n<meta name=\"twitter:card\" content=\"summary_large_image\" \/>\n<meta name=\"twitter:creator\" content=\"@revistarambla\" \/>\n<meta name=\"twitter:site\" content=\"@revistarambla\" \/>\n<meta name=\"twitter:label1\" content=\"Written by\" \/>\n\t<meta name=\"twitter:data1\" content=\"R@mbla\" \/>\n\t<meta name=\"twitter:label2\" content=\"Estimated reading time\" \/>\n\t<meta name=\"twitter:data2\" content=\"3 minutes\" \/>\n<script type=\"application\/ld+json\" class=\"yoast-schema-graph\">{\"@context\":\"https:\\\/\\\/schema.org\",\"@graph\":[{\"@type\":\"Article\",\"@id\":\"https:\\\/\\\/www.revistarambla.com\\\/la-estructura-opaca-de-esquerra\\\/#article\",\"isPartOf\":{\"@id\":\"https:\\\/\\\/www.revistarambla.com\\\/la-estructura-opaca-de-esquerra\\\/\"},\"author\":{\"name\":\"R@mbla\",\"@id\":\"https:\\\/\\\/www.revistarambla.com\\\/#\\\/schema\\\/person\\\/a146a5a2550b94981a75131180e1bd9c\"},\"headline\":\"La estructura opaca de Esquerra\",\"datePublished\":\"2024-07-04T19:49:15+00:00\",\"dateModified\":\"2024-07-07T14:02:48+00:00\",\"mainEntityOfPage\":{\"@id\":\"https:\\\/\\\/www.revistarambla.com\\\/la-estructura-opaca-de-esquerra\\\/\"},\"wordCount\":593,\"publisher\":{\"@id\":\"https:\\\/\\\/www.revistarambla.com\\\/#organization\"},\"image\":{\"@id\":\"https:\\\/\\\/www.revistarambla.com\\\/la-estructura-opaca-de-esquerra\\\/#primaryimage\"},\"thumbnailUrl\":\"https:\\\/\\\/www.revistarambla.com\\\/wp-content\\\/uploads\\\/2024\\\/07\\\/sergi-sabria.webp\",\"articleSection\":[\"Barcelona\"],\"inLanguage\":\"en-GB\"},{\"@type\":\"WebPage\",\"@id\":\"https:\\\/\\\/www.revistarambla.com\\\/la-estructura-opaca-de-esquerra\\\/\",\"url\":\"https:\\\/\\\/www.revistarambla.com\\\/la-estructura-opaca-de-esquerra\\\/\",\"name\":\"La estructura opaca de Esquerra - Revista Rambla\",\"isPartOf\":{\"@id\":\"https:\\\/\\\/www.revistarambla.com\\\/#website\"},\"primaryImageOfPage\":{\"@id\":\"https:\\\/\\\/www.revistarambla.com\\\/la-estructura-opaca-de-esquerra\\\/#primaryimage\"},\"image\":{\"@id\":\"https:\\\/\\\/www.revistarambla.com\\\/la-estructura-opaca-de-esquerra\\\/#primaryimage\"},\"thumbnailUrl\":\"https:\\\/\\\/www.revistarambla.com\\\/wp-content\\\/uploads\\\/2024\\\/07\\\/sergi-sabria.webp\",\"datePublished\":\"2024-07-04T19:49:15+00:00\",\"dateModified\":\"2024-07-07T14:02:48+00:00\",\"breadcrumb\":{\"@id\":\"https:\\\/\\\/www.revistarambla.com\\\/la-estructura-opaca-de-esquerra\\\/#breadcrumb\"},\"inLanguage\":\"en-GB\",\"potentialAction\":[{\"@type\":\"ReadAction\",\"target\":[\"https:\\\/\\\/www.revistarambla.com\\\/la-estructura-opaca-de-esquerra\\\/\"]}]},{\"@type\":\"ImageObject\",\"inLanguage\":\"en-GB\",\"@id\":\"https:\\\/\\\/www.revistarambla.com\\\/la-estructura-opaca-de-esquerra\\\/#primaryimage\",\"url\":\"https:\\\/\\\/www.revistarambla.com\\\/wp-content\\\/uploads\\\/2024\\\/07\\\/sergi-sabria.webp\",\"contentUrl\":\"https:\\\/\\\/www.revistarambla.com\\\/wp-content\\\/uploads\\\/2024\\\/07\\\/sergi-sabria.webp\",\"width\":1200,\"height\":840},{\"@type\":\"BreadcrumbList\",\"@id\":\"https:\\\/\\\/www.revistarambla.com\\\/la-estructura-opaca-de-esquerra\\\/#breadcrumb\",\"itemListElement\":[{\"@type\":\"ListItem\",\"position\":1,\"name\":\"Portada\",\"item\":\"https:\\\/\\\/www.revistarambla.com\\\/\"},{\"@type\":\"ListItem\",\"position\":2,\"name\":\"La estructura opaca de Esquerra\"}]},{\"@type\":\"WebSite\",\"@id\":\"https:\\\/\\\/www.revistarambla.com\\\/#website\",\"url\":\"https:\\\/\\\/www.revistarambla.com\\\/\",\"name\":\"Revista Rambla Barcelona\",\"description\":\"Periodismo independiente\",\"publisher\":{\"@id\":\"https:\\\/\\\/www.revistarambla.com\\\/#organization\"},\"potentialAction\":[{\"@type\":\"SearchAction\",\"target\":{\"@type\":\"EntryPoint\",\"urlTemplate\":\"https:\\\/\\\/www.revistarambla.com\\\/?s={search_term_string}\"},\"query-input\":{\"@type\":\"PropertyValueSpecification\",\"valueRequired\":true,\"valueName\":\"search_term_string\"}}],\"inLanguage\":\"en-GB\"},{\"@type\":\"Organization\",\"@id\":\"https:\\\/\\\/www.revistarambla.com\\\/#organization\",\"name\":\"Revista Rambla\",\"url\":\"https:\\\/\\\/www.revistarambla.com\\\/\",\"logo\":{\"@type\":\"ImageObject\",\"inLanguage\":\"en-GB\",\"@id\":\"https:\\\/\\\/www.revistarambla.com\\\/#\\\/schema\\\/logo\\\/image\\\/\",\"url\":\"https:\\\/\\\/www.revistarambla.com\\\/wp-content\\\/uploads\\\/2020\\\/09\\\/banner_rambla_1900x600_BB.png\",\"contentUrl\":\"https:\\\/\\\/www.revistarambla.com\\\/wp-content\\\/uploads\\\/2020\\\/09\\\/banner_rambla_1900x600_BB.png\",\"width\":1900,\"height\":600,\"caption\":\"Revista Rambla\"},\"image\":{\"@id\":\"https:\\\/\\\/www.revistarambla.com\\\/#\\\/schema\\\/logo\\\/image\\\/\"},\"sameAs\":[\"https:\\\/\\\/www.facebook.com\\\/revistarambla\\\/\",\"https:\\\/\\\/x.com\\\/revistarambla\",\"https:\\\/\\\/www.instagram.com\\\/revista_rambla\",\"https:\\\/\\\/es.linkedin.com\\\/company\\\/revista-rambla\"]},{\"@type\":\"Person\",\"@id\":\"https:\\\/\\\/www.revistarambla.com\\\/#\\\/schema\\\/person\\\/a146a5a2550b94981a75131180e1bd9c\",\"name\":\"R@mbla\",\"description\":\"Este art\u00edculo ha sido redactado y\\\/o validado por el equipo de redacci\u00f3n de Revista Rambla.\",\"sameAs\":[\"https:\\\/\\\/www.revistarambla.com\\\/\",\"https:\\\/\\\/www.facebook.com\\\/revistarambla\",\"https:\\\/\\\/x.com\\\/revistarambla\"]}]}<\/script>\n<!-- \/ Yoast SEO plugin. -->","yoast_head_json":{"title":"La estructura opaca de Esquerra - Revista Rambla","robots":{"index":"index","follow":"follow","max-snippet":"max-snippet:-1","max-image-preview":"max-image-preview:large","max-video-preview":"max-video-preview:-1"},"canonical":"https:\/\/www.revistarambla.com\/en\/la-estructura-opaca-de-esquerra\/","og_locale":"en_GB","og_type":"article","og_title":"La estructura opaca de Esquerra - Revista Rambla","og_description":"El vice consejero del Govern, el republicano Sergi Sabri\u00e0, dimite tras explicar que en Esquerra existe una organizaci\u00f3n de comunicaci\u00f3n paralela que act\u00faa al margen de las siglas","og_url":"https:\/\/www.revistarambla.com\/en\/la-estructura-opaca-de-esquerra\/","og_site_name":"Revista Rambla","article_publisher":"https:\/\/www.facebook.com\/revistarambla\/","article_author":"https:\/\/www.facebook.com\/revistarambla","article_published_time":"2024-07-04T19:49:15+00:00","article_modified_time":"2024-07-07T14:02:48+00:00","og_image":[{"width":1200,"height":840,"url":"https:\/\/www.revistarambla.com\/wp-content\/uploads\/2024\/07\/sergi-sabria.webp","type":"image\/webp"}],"author":"R@mbla","twitter_card":"summary_large_image","twitter_creator":"@revistarambla","twitter_site":"@revistarambla","twitter_misc":{"Written by":"R@mbla","Estimated reading time":"3 minutes"},"schema":{"@context":"https:\/\/schema.org","@graph":[{"@type":"Article","@id":"https:\/\/www.revistarambla.com\/la-estructura-opaca-de-esquerra\/#article","isPartOf":{"@id":"https:\/\/www.revistarambla.com\/la-estructura-opaca-de-esquerra\/"},"author":{"name":"R@mbla","@id":"https:\/\/www.revistarambla.com\/#\/schema\/person\/a146a5a2550b94981a75131180e1bd9c"},"headline":"La estructura opaca de Esquerra","datePublished":"2024-07-04T19:49:15+00:00","dateModified":"2024-07-07T14:02:48+00:00","mainEntityOfPage":{"@id":"https:\/\/www.revistarambla.com\/la-estructura-opaca-de-esquerra\/"},"wordCount":593,"publisher":{"@id":"https:\/\/www.revistarambla.com\/#organization"},"image":{"@id":"https:\/\/www.revistarambla.com\/la-estructura-opaca-de-esquerra\/#primaryimage"},"thumbnailUrl":"https:\/\/www.revistarambla.com\/wp-content\/uploads\/2024\/07\/sergi-sabria.webp","articleSection":["Barcelona"],"inLanguage":"en-GB"},{"@type":"WebPage","@id":"https:\/\/www.revistarambla.com\/la-estructura-opaca-de-esquerra\/","url":"https:\/\/www.revistarambla.com\/la-estructura-opaca-de-esquerra\/","name":"La estructura opaca de Esquerra - Revista Rambla","isPartOf":{"@id":"https:\/\/www.revistarambla.com\/#website"},"primaryImageOfPage":{"@id":"https:\/\/www.revistarambla.com\/la-estructura-opaca-de-esquerra\/#primaryimage"},"image":{"@id":"https:\/\/www.revistarambla.com\/la-estructura-opaca-de-esquerra\/#primaryimage"},"thumbnailUrl":"https:\/\/www.revistarambla.com\/wp-content\/uploads\/2024\/07\/sergi-sabria.webp","datePublished":"2024-07-04T19:49:15+00:00","dateModified":"2024-07-07T14:02:48+00:00","breadcrumb":{"@id":"https:\/\/www.revistarambla.com\/la-estructura-opaca-de-esquerra\/#breadcrumb"},"inLanguage":"en-GB","potentialAction":[{"@type":"ReadAction","target":["https:\/\/www.revistarambla.com\/la-estructura-opaca-de-esquerra\/"]}]},{"@type":"ImageObject","inLanguage":"en-GB","@id":"https:\/\/www.revistarambla.com\/la-estructura-opaca-de-esquerra\/#primaryimage","url":"https:\/\/www.revistarambla.com\/wp-content\/uploads\/2024\/07\/sergi-sabria.webp","contentUrl":"https:\/\/www.revistarambla.com\/wp-content\/uploads\/2024\/07\/sergi-sabria.webp","width":1200,"height":840},{"@type":"BreadcrumbList","@id":"https:\/\/www.revistarambla.com\/la-estructura-opaca-de-esquerra\/#breadcrumb","itemListElement":[{"@type":"ListItem","position":1,"name":"Portada","item":"https:\/\/www.revistarambla.com\/"},{"@type":"ListItem","position":2,"name":"La estructura opaca de Esquerra"}]},{"@type":"WebSite","@id":"https:\/\/www.revistarambla.com\/#website","url":"https:\/\/www.revistarambla.com\/","name":"Revista Rambla Barcelona","description":"Periodismo independiente","publisher":{"@id":"https:\/\/www.revistarambla.com\/#organization"},"potentialAction":[{"@type":"SearchAction","target":{"@type":"EntryPoint","urlTemplate":"https:\/\/www.revistarambla.com\/?s={search_term_string}"},"query-input":{"@type":"PropertyValueSpecification","valueRequired":true,"valueName":"search_term_string"}}],"inLanguage":"en-GB"},{"@type":"Organization","@id":"https:\/\/www.revistarambla.com\/#organization","name":"Revista Rambla","url":"https:\/\/www.revistarambla.com\/","logo":{"@type":"ImageObject","inLanguage":"en-GB","@id":"https:\/\/www.revistarambla.com\/#\/schema\/logo\/image\/","url":"https:\/\/www.revistarambla.com\/wp-content\/uploads\/2020\/09\/banner_rambla_1900x600_BB.png","contentUrl":"https:\/\/www.revistarambla.com\/wp-content\/uploads\/2020\/09\/banner_rambla_1900x600_BB.png","width":1900,"height":600,"caption":"Revista Rambla"},"image":{"@id":"https:\/\/www.revistarambla.com\/#\/schema\/logo\/image\/"},"sameAs":["https:\/\/www.facebook.com\/revistarambla\/","https:\/\/x.com\/revistarambla","https:\/\/www.instagram.com\/revista_rambla","https:\/\/es.linkedin.com\/company\/revista-rambla"]},{"@type":"Person","@id":"https:\/\/www.revistarambla.com\/#\/schema\/person\/a146a5a2550b94981a75131180e1bd9c","name":"R@mbla","description":"Este art\u00edculo ha sido redactado y\/o validado por el equipo de redacci\u00f3n de Revista Rambla.","sameAs":["https:\/\/www.revistarambla.com\/","https:\/\/www.facebook.com\/revistarambla","https:\/\/x.com\/revistarambla"]}]}},"_links":{"self":[{"href":"https:\/\/www.revistarambla.com\/en\/wp-json\/wp\/v2\/posts\/61628","targetHints":{"allow":["GET"]}}],"collection":[{"href":"https:\/\/www.revistarambla.com\/en\/wp-json\/wp\/v2\/posts"}],"about":[{"href":"https:\/\/www.revistarambla.com\/en\/wp-json\/wp\/v2\/types\/post"}],"author":[{"embeddable":true,"href":"https:\/\/www.revistarambla.com\/en\/wp-json\/wp\/v2\/users\/3"}],"replies":[{"embeddable":true,"href":"https:\/\/www.revistarambla.com\/en\/wp-json\/wp\/v2\/comments?post=61628"}],"version-history":[{"count":3,"href":"https:\/\/www.revistarambla.com\/en\/wp-json\/wp\/v2\/posts\/61628\/revisions"}],"predecessor-version":[{"id":61632,"href":"https:\/\/www.revistarambla.com\/en\/wp-json\/wp\/v2\/posts\/61628\/revisions\/61632"}],"wp:featuredmedia":[{"embeddable":true,"href":"https:\/\/www.revistarambla.com\/en\/wp-json\/wp\/v2\/media\/61629"}],"wp:attachment":[{"href":"https:\/\/www.revistarambla.com\/en\/wp-json\/wp\/v2\/media?parent=61628"}],"wp:term":[{"taxonomy":"category","embeddable":true,"href":"https:\/\/www.revistarambla.com\/en\/wp-json\/wp\/v2\/categories?post=61628"},{"taxonomy":"post_tag","embeddable":true,"href":"https:\/\/www.revistarambla.com\/en\/wp-json\/wp\/v2\/tags?post=61628"}],"curies":[{"name":"wp","href":"https:\/\/api.w.org\/{rel}","templated":true}]}}