{"id":61452,"date":"2024-06-28T20:12:20","date_gmt":"2024-06-28T18:12:20","guid":{"rendered":"https:\/\/www.revistarambla.com\/?p=61452"},"modified":"2024-06-28T20:34:36","modified_gmt":"2024-06-28T18:34:36","slug":"biden-extrano-y-ataques-de-trump-lo-mas-importante-del-primer-debate-presidencial","status":"publish","type":"post","link":"https:\/\/www.revistarambla.com\/en\/biden-extrano-y-ataques-de-trump-lo-mas-importante-del-primer-debate-presidencial\/","title":{"rendered":"Biden &#8216;extra\u00f1o&#8217; y ataques de Trump: lo m\u00e1s importante del primer debate presidencial"},"content":{"rendered":"<p>El actual mandatario de Estados Unidos, Joe Biden, y su rival republicano, Donald Trump, celebraron este jueves su primer debate <!--more-->de cara a las elecciones presidenciales de noviembre. El evento, de\u00a090 minutos\u00a0de duraci\u00f3n,\u00a0se llev\u00f3 a cabo\u00a0por\u00a0primera vez sin p\u00fablico y en un contexto en el que las campa\u00f1as de ambos pol\u00edticos han estado marcadas por los procedimientos judiciales contra el propio Trump y el hijo de Biden.<\/p>\n<p>Los pol\u00edticos no se dieron la mano al subir al escenario y se lanzaron acusaciones mutuas acerca del mal manejo del pa\u00eds durante sus mandatos, as\u00ed como de las decisiones err\u00f3neas tomadas a nivel internacional. Mientras Trump puso en duda las capacidades cognitivas de su rival, Biden no dud\u00f3 en insultarlo.<\/p>\n<h2>\u00bfQu\u00e9 dijo Biden?<\/h2>\n<ul>\n<li>Biden afirm\u00f3 que bajo su liderazgo Estados Unidos \u00abhab\u00eda salvado a Israel\u00bb, refiri\u00e9ndose al conflicto entre Tel Aviv y Ham\u00e1s. \u00abSomos el mayor generador de apoyo a Israel, m\u00e1s que nadie en el mundo\u00bb, declar\u00f3.<\/li>\n<li>Adem\u00e1s, acus\u00f3 a Trump de planear la salida de Estados Unidos de la OTAN si gana las elecciones presidenciales. \u00abNunca he o\u00eddo tantas tonter\u00edas\u00bb, dijo.<\/li>\n<li>Tach\u00f3 al exmandatario de \u00abimb\u00e9cil\u00bb y \u00abperdedor\u00bb.<\/li>\n<li>Asegur\u00f3 que la posici\u00f3n adoptada durante el Gobierno de Trump en relaci\u00f3n con los migrantes no era la apropiada, ya que \u00abseparaba a beb\u00e9s de sus madres, los pon\u00eda en jaulas\u00bb.<\/li>\n<li>Biden sostuvo que su rival \u00abno hizo nada\u00bb por el medioambiente como inquilino de la Casa Blanca, recordando que, en ese entonces, Estados Unidos abandon\u00f3 el <a href=\"https:\/\/www.revistarambla.com\/la-mitigacion-del-cambio-climatico-debe-ser-una-prioridad-para-la-salud-publica\/\">Acuerdo de Par\u00eds<\/a>.<\/li>\n<li>En este contexto, se\u00f1al\u00f3 que el cambio clim\u00e1tico es la \u00fanica amenaza existencial para la humanidad.<\/li>\n<li>Culp\u00f3 a Trump de dejar la econom\u00eda del pa\u00eds sumergida en un caos.<\/li>\n<li>Prometi\u00f3 garantizar el derecho al aborto.<\/li>\n<li>Acus\u00f3 a su oponente de haber mantenido relaciones sexuales con una actriz porno mientras su esposa estaba embarazada.<\/li>\n<li>Biden se autocalific\u00f3 err\u00f3neamente como el primer presidente de Estados Unidos en un siglo durante cuyo mandato los soldados estadounidenses no murieron fuera del pa\u00eds.<\/li>\n<\/ul>\n<h2>\u00bfC\u00f3mo contraatac\u00f3 Trump?<\/h2>\n<ul>\n<li>Trump dijo que a Estados Unidos ya no lo respetan en el mundo y que, bajo el mandato de Biden, el pa\u00eds se ha convertido en una \u00abnaci\u00f3n tercermundista\u00bb.<\/li>\n<li>Calific\u00f3 la retirada de Estados Unidos de Afganist\u00e1n como \u00abel d\u00eda m\u00e1s vergonzoso en la <a href=\"https:\/\/www.revistarambla.com\/cultura\/historia\/\">historia<\/a>\u00bb de la naci\u00f3n.<\/li>\n<li>Acus\u00f3 a Biden de permitir que \u00abmillones de personas de prisiones, c\u00e1rceles e instituciones mentales\u00bb entraran a Estados Unidos a destruirlo, asegurando que durante su mandato ten\u00edan \u00abla frontera m\u00e1s segura de la historia\u00bb de su pa\u00eds.<\/li>\n<li>Tambi\u00e9n asegur\u00f3 que si Estados Unidos tuviera un l\u00edder que fuera respetado por el presidente ruso Vlad\u00edmir Putin, \u00abnunca jam\u00e1s habr\u00eda invadido Ucrania\u00bb. Agreg\u00f3 que Kiev est\u00e1 perdiendo en el conflicto pese a las numerosas ayudas econ\u00f3micas.<\/li>\n<li>El pol\u00edtico republicano manifest\u00f3 que podr\u00eda resolver de alguna manera el conflicto ucraniano antes de asumir el cargo, suponiendo que gane las elecciones de noviembre.<\/li>\n<li>Trump llam\u00f3 \u00abcriminal\u00bb a su oponente y dijo que deber\u00eda ser juzgado cuando ya no sea presidente. Adem\u00e1s, declar\u00f3 que nunca hab\u00eda visto a un mentiroso como Biden.<\/li>\n<li>Entre otras cosas, sostuvo que si el l\u00edder dem\u00f3crata gana las elecciones, \u00abno quedar\u00e1 nada de Estados Unidos\u00bb, calificando a su adversario como \u00abel peor presidente de la historia\u00bb.<\/li>\n<li>Adem\u00e1s, se\u00f1al\u00f3 que se someti\u00f3 a dos pruebas cognitivas y que \u00abfueron muy bien\u00bb, a\u00f1adiendo que no cree que Biden \u00abpueda superar las cinco primeras preguntas\u00bb.<\/li>\n<li>El exmandatario advirti\u00f3 que \u00abestamos muy, muy cerca de la <a href=\"https:\/\/www.revistarambla.com\/guerra-hibrida-la-guerra-que-habra\/\">Tercera Guerra Mundial<\/a> y \u00e9l [Biden] nos est\u00e1 llevando hacia all\u00e1\u00bb.<\/li>\n<li>Durante su intervenci\u00f3n, declar\u00f3 que Estados Unidos es un pa\u00eds \u00abseriamente fallido\u00bb, y culp\u00f3 de ello a las \u00abhorribles pol\u00edticas\u00bb de Biden. \u00ab<a href=\"https:\/\/www.revistarambla.com\/tension-maxima-entre-las-dos-coreas-con-intercambio-masivo-de-misiles-y-disparos-de-artilleria\/\">Kim Jong-un<\/a>, de Corea del Norte, y el presidente Xi Jinping, de China, no lo respetan, igual que Putin\u00bb, destac\u00f3.<\/li>\n<\/ul>\n<h2>El extra\u00f1o comportamiento de Biden<\/h2>\n<p>Inmediatamente despu\u00e9s de las palabras de cierre de ambos pol\u00edticos, la primera dama estadounidense, Jill Biden, subi\u00f3 al escenario, se dirigi\u00f3 a su marido, y lo llev\u00f3 del brazo.<\/p>\n<p>Sin embargo, su participaci\u00f3n gener\u00f3 controversia incluso entre sus partidarios. En sus respuestas, el actual mandatario de Estados Unidos <a href=\"https:\/\/www.revistarambla.com\/video-joe-biden-cae-de-su-bicicleta-durante-un-paseo-en-delaware\/\">tropez\u00f3<\/a> en varias ocasiones al hablar y se congel\u00f3 por unos momentos, <a href=\"https:\/\/www.revistarambla.com\/biden-le-da-la-mano-a-un-ser-inexistente\/\">mirando al vac\u00edo<\/a>. Adem\u00e1s, personas que siguieron el debate en l\u00ednea se percataron de que Biden apenas parpadeaba.<\/p>\n<p>Un funcionario de la Casa Blanca comunic\u00f3 que la voz \u00e1spera y la tos ocasional de Biden durante el evento podr\u00eda deberse a un resfriado que le diagnostic\u00f3 recientemente su m\u00e9dico, Kevin O\u2019Connor. No obstante, el equipo del presidente no mencion\u00f3 este detalle hasta que Biden comenz\u00f3 a responder preguntas en sus intervenciones.<\/p>\n<h2>\u00bfQui\u00e9n gan\u00f3 el debate?<\/h2>\n<p>Una encuesta de CNN\u00a0muestra\u00a0que\u00a0el 67 % de los telespectadores del debate creen que Trump super\u00f3 a Biden. El sondeo se realiz\u00f3 por mensaje de texto y en \u00e9l participaron 565 votantes registrados.<\/p>\n<p>Los datos demuestran el aumento del apoyo al candidato republicano, ya que antes del debate solo el 55 % esperaba que Trump actuara mejor que su oponente electoral. Mientras tanto,\u00a0la tendencia\u00a0inversa se observ\u00f3 respecto al apoyo al candidato dem\u00f3crata, en el que antes del cara a cara\u00a0lo apoyaba el 45 % de la audiencia, pero una vez finalizado el acto, solo el 33 %.<\/p>\n<h2>Dudas entre los dem\u00f3cratas<\/h2>\n<p>La mayor\u00eda de los dem\u00f3cratas apoyaron a Biden durante meses defendiendo su candidatura presidencial, pero su reacci\u00f3n cambi\u00f3\u00a0tras el debate. Despu\u00e9s de que la encuesta de CNN revelara que\u00a0Trump\u00a0obtuvo\u00a0el 67 % de votos de los telespectadores, algunos funcionarios dem\u00f3cratas empezaron\u00a0a pedir al presidente que retire su candidatura para que el partido pueda nominar a otro candidato.<\/p>\n<p>Se informa que los partidarios dem\u00f3cratas ya est\u00e1n discutiendo la posibilidad de cambiar de candidato, en medio de crecientes dudas sobre la capacidad del actual presidente para llevar a cabo una campa\u00f1a electoral competitiva a cuatro meses de las elecciones.<\/p>\n<h2>\u00abLa mayor victoria de la historia\u00bb<\/h2>\n<p>Por su parte, la campa\u00f1a presidencial de Donald Trump emiti\u00f3 un comunicado en el que manifest\u00f3 que el pol\u00edtico republicano \u00abofreci\u00f3 la mayor actuaci\u00f3n y victoria de la historia en un debate ante la mayor audiencia de votantes de la historia, dejando claro exactamente c\u00f3mo mejorar\u00e1 las vidas de todos los estadounidenses\u00bb.<\/p>\n<p>Seg\u00fan el texto, los planes del expresidente gozan de \u00absentido com\u00fan\u00bb y, entre otras cosas, traer\u00e1n de vuelta la \u00abexitosa pol\u00edtica migratoria que mantuvo la frontera sur segura y libre de la ola de cr\u00edmenes de migrantes de Biden que actualmente barre el pa\u00eds\u00bb.<\/p>\n<p><em>*Con informaci\u00f3n de RT.<\/em><\/p>\n","protected":false},"excerpt":{"rendered":"<p>Tras el evento, algunos funcionarios dem\u00f3cratas empezaron a pedir al presidente que retire su candidatura para que el partido pueda nominar a otro candidato. Foto: Justin Sullivan \/ Gettyimages.ru \/ RT<\/p>","protected":false},"author":3,"featured_media":61453,"comment_status":"closed","ping_status":"closed","sticky":false,"template":"","format":"standard","meta":{"footnotes":""},"categories":[57],"tags":[],"class_list":["post-61452","post","type-post","status-publish","format-standard","has-post-thumbnail","hentry","category-global"],"yoast_head":"<!-- This site is optimized with the Yoast SEO plugin v27.5 - https:\/\/yoast.com\/product\/yoast-seo-wordpress\/ -->\n<title>Debate Biden Trump: lo m\u00e1s importante del primer cara a cara<\/title>\n<meta name=\"description\" content=\"El actual mandatario de Estados Unidos, Joe Biden, y su rival republicano, Donald Trump, celebraron este jueves su primer debate.\" \/>\n<meta name=\"robots\" content=\"index, follow, max-snippet:-1, max-image-preview:large, max-video-preview:-1\" \/>\n<link rel=\"canonical\" href=\"https:\/\/www.revistarambla.com\/en\/biden-extrano-y-ataques-de-trump-lo-mas-importante-del-primer-debate-presidencial\/\" \/>\n<meta property=\"og:locale\" content=\"en_GB\" \/>\n<meta property=\"og:type\" content=\"article\" \/>\n<meta property=\"og:title\" content=\"Debate Biden Trump: lo m\u00e1s importante del primer cara a cara\" \/>\n<meta property=\"og:description\" content=\"El actual mandatario de Estados Unidos, Joe Biden, y su rival republicano, Donald Trump, celebraron este jueves su primer debate.\" \/>\n<meta property=\"og:url\" content=\"https:\/\/www.revistarambla.com\/en\/biden-extrano-y-ataques-de-trump-lo-mas-importante-del-primer-debate-presidencial\/\" \/>\n<meta property=\"og:site_name\" content=\"Revista Rambla\" \/>\n<meta property=\"article:publisher\" content=\"https:\/\/www.facebook.com\/revistarambla\/\" \/>\n<meta property=\"article:author\" content=\"https:\/\/www.facebook.com\/revistarambla\" \/>\n<meta property=\"article:published_time\" content=\"2024-06-28T18:12:20+00:00\" \/>\n<meta property=\"article:modified_time\" content=\"2024-06-28T18:34:36+00:00\" \/>\n<meta property=\"og:image\" content=\"https:\/\/www.revistarambla.com\/wp-content\/uploads\/2024\/06\/667e79d6e9ff71737a1494bd.jpg\" \/>\n\t<meta property=\"og:image:width\" content=\"1104\" \/>\n\t<meta property=\"og:image:height\" content=\"736\" \/>\n\t<meta property=\"og:image:type\" content=\"image\/jpeg\" \/>\n<meta name=\"author\" content=\"R@mbla\" \/>\n<meta name=\"twitter:card\" content=\"summary_large_image\" \/>\n<meta name=\"twitter:creator\" content=\"@revistarambla\" \/>\n<meta name=\"twitter:site\" content=\"@revistarambla\" \/>\n<meta name=\"twitter:label1\" content=\"Written by\" \/>\n\t<meta name=\"twitter:data1\" content=\"R@mbla\" \/>\n\t<meta name=\"twitter:label2\" content=\"Estimated reading time\" \/>\n\t<meta name=\"twitter:data2\" content=\"6 minutes\" \/>\n<script type=\"application\/ld+json\" class=\"yoast-schema-graph\">{\"@context\":\"https:\\\/\\\/schema.org\",\"@graph\":[{\"@type\":\"Article\",\"@id\":\"https:\\\/\\\/www.revistarambla.com\\\/biden-extrano-y-ataques-de-trump-lo-mas-importante-del-primer-debate-presidencial\\\/#article\",\"isPartOf\":{\"@id\":\"https:\\\/\\\/www.revistarambla.com\\\/biden-extrano-y-ataques-de-trump-lo-mas-importante-del-primer-debate-presidencial\\\/\"},\"author\":{\"name\":\"R@mbla\",\"@id\":\"https:\\\/\\\/www.revistarambla.com\\\/#\\\/schema\\\/person\\\/a146a5a2550b94981a75131180e1bd9c\"},\"headline\":\"Biden &#8216;extra\u00f1o&#8217; y ataques de Trump: lo m\u00e1s importante del primer debate presidencial\",\"datePublished\":\"2024-06-28T18:12:20+00:00\",\"dateModified\":\"2024-06-28T18:34:36+00:00\",\"mainEntityOfPage\":{\"@id\":\"https:\\\/\\\/www.revistarambla.com\\\/biden-extrano-y-ataques-de-trump-lo-mas-importante-del-primer-debate-presidencial\\\/\"},\"wordCount\":1171,\"publisher\":{\"@id\":\"https:\\\/\\\/www.revistarambla.com\\\/#organization\"},\"image\":{\"@id\":\"https:\\\/\\\/www.revistarambla.com\\\/biden-extrano-y-ataques-de-trump-lo-mas-importante-del-primer-debate-presidencial\\\/#primaryimage\"},\"thumbnailUrl\":\"https:\\\/\\\/www.revistarambla.com\\\/wp-content\\\/uploads\\\/2024\\\/06\\\/667e79d6e9ff71737a1494bd.jpg\",\"articleSection\":[\"Global\"],\"inLanguage\":\"en-GB\"},{\"@type\":\"WebPage\",\"@id\":\"https:\\\/\\\/www.revistarambla.com\\\/biden-extrano-y-ataques-de-trump-lo-mas-importante-del-primer-debate-presidencial\\\/\",\"url\":\"https:\\\/\\\/www.revistarambla.com\\\/biden-extrano-y-ataques-de-trump-lo-mas-importante-del-primer-debate-presidencial\\\/\",\"name\":\"Debate Biden Trump: lo m\u00e1s importante del primer cara a cara\",\"isPartOf\":{\"@id\":\"https:\\\/\\\/www.revistarambla.com\\\/#website\"},\"primaryImageOfPage\":{\"@id\":\"https:\\\/\\\/www.revistarambla.com\\\/biden-extrano-y-ataques-de-trump-lo-mas-importante-del-primer-debate-presidencial\\\/#primaryimage\"},\"image\":{\"@id\":\"https:\\\/\\\/www.revistarambla.com\\\/biden-extrano-y-ataques-de-trump-lo-mas-importante-del-primer-debate-presidencial\\\/#primaryimage\"},\"thumbnailUrl\":\"https:\\\/\\\/www.revistarambla.com\\\/wp-content\\\/uploads\\\/2024\\\/06\\\/667e79d6e9ff71737a1494bd.jpg\",\"datePublished\":\"2024-06-28T18:12:20+00:00\",\"dateModified\":\"2024-06-28T18:34:36+00:00\",\"description\":\"El actual mandatario de Estados Unidos, Joe Biden, y su rival republicano, Donald Trump, celebraron este jueves su primer debate.\",\"breadcrumb\":{\"@id\":\"https:\\\/\\\/www.revistarambla.com\\\/biden-extrano-y-ataques-de-trump-lo-mas-importante-del-primer-debate-presidencial\\\/#breadcrumb\"},\"inLanguage\":\"en-GB\",\"potentialAction\":[{\"@type\":\"ReadAction\",\"target\":[\"https:\\\/\\\/www.revistarambla.com\\\/biden-extrano-y-ataques-de-trump-lo-mas-importante-del-primer-debate-presidencial\\\/\"]}]},{\"@type\":\"ImageObject\",\"inLanguage\":\"en-GB\",\"@id\":\"https:\\\/\\\/www.revistarambla.com\\\/biden-extrano-y-ataques-de-trump-lo-mas-importante-del-primer-debate-presidencial\\\/#primaryimage\",\"url\":\"https:\\\/\\\/www.revistarambla.com\\\/wp-content\\\/uploads\\\/2024\\\/06\\\/667e79d6e9ff71737a1494bd.jpg\",\"contentUrl\":\"https:\\\/\\\/www.revistarambla.com\\\/wp-content\\\/uploads\\\/2024\\\/06\\\/667e79d6e9ff71737a1494bd.jpg\",\"width\":1104,\"height\":736,\"caption\":\"debate biden trump\"},{\"@type\":\"BreadcrumbList\",\"@id\":\"https:\\\/\\\/www.revistarambla.com\\\/biden-extrano-y-ataques-de-trump-lo-mas-importante-del-primer-debate-presidencial\\\/#breadcrumb\",\"itemListElement\":[{\"@type\":\"ListItem\",\"position\":1,\"name\":\"Portada\",\"item\":\"https:\\\/\\\/www.revistarambla.com\\\/\"},{\"@type\":\"ListItem\",\"position\":2,\"name\":\"Biden &#8216;extra\u00f1o&#8217; y ataques de Trump: lo m\u00e1s importante del primer debate presidencial\"}]},{\"@type\":\"WebSite\",\"@id\":\"https:\\\/\\\/www.revistarambla.com\\\/#website\",\"url\":\"https:\\\/\\\/www.revistarambla.com\\\/\",\"name\":\"Revista Rambla Barcelona\",\"description\":\"Periodismo independiente\",\"publisher\":{\"@id\":\"https:\\\/\\\/www.revistarambla.com\\\/#organization\"},\"potentialAction\":[{\"@type\":\"SearchAction\",\"target\":{\"@type\":\"EntryPoint\",\"urlTemplate\":\"https:\\\/\\\/www.revistarambla.com\\\/?s={search_term_string}\"},\"query-input\":{\"@type\":\"PropertyValueSpecification\",\"valueRequired\":true,\"valueName\":\"search_term_string\"}}],\"inLanguage\":\"en-GB\"},{\"@type\":\"Organization\",\"@id\":\"https:\\\/\\\/www.revistarambla.com\\\/#organization\",\"name\":\"Revista Rambla\",\"url\":\"https:\\\/\\\/www.revistarambla.com\\\/\",\"logo\":{\"@type\":\"ImageObject\",\"inLanguage\":\"en-GB\",\"@id\":\"https:\\\/\\\/www.revistarambla.com\\\/#\\\/schema\\\/logo\\\/image\\\/\",\"url\":\"https:\\\/\\\/www.revistarambla.com\\\/wp-content\\\/uploads\\\/2020\\\/09\\\/banner_rambla_1900x600_BB.png\",\"contentUrl\":\"https:\\\/\\\/www.revistarambla.com\\\/wp-content\\\/uploads\\\/2020\\\/09\\\/banner_rambla_1900x600_BB.png\",\"width\":1900,\"height\":600,\"caption\":\"Revista Rambla\"},\"image\":{\"@id\":\"https:\\\/\\\/www.revistarambla.com\\\/#\\\/schema\\\/logo\\\/image\\\/\"},\"sameAs\":[\"https:\\\/\\\/www.facebook.com\\\/revistarambla\\\/\",\"https:\\\/\\\/x.com\\\/revistarambla\",\"https:\\\/\\\/www.instagram.com\\\/revista_rambla\",\"https:\\\/\\\/es.linkedin.com\\\/company\\\/revista-rambla\"]},{\"@type\":\"Person\",\"@id\":\"https:\\\/\\\/www.revistarambla.com\\\/#\\\/schema\\\/person\\\/a146a5a2550b94981a75131180e1bd9c\",\"name\":\"R@mbla\",\"description\":\"Este art\u00edculo ha sido redactado y\\\/o validado por el equipo de redacci\u00f3n de Revista Rambla.\",\"sameAs\":[\"https:\\\/\\\/www.revistarambla.com\\\/\",\"https:\\\/\\\/www.facebook.com\\\/revistarambla\",\"https:\\\/\\\/x.com\\\/revistarambla\"]}]}<\/script>\n<!-- \/ Yoast SEO plugin. -->","yoast_head_json":{"title":"Debate Biden Trump: lo m\u00e1s importante del primer cara a cara","description":"El actual mandatario de Estados Unidos, Joe Biden, y su rival republicano, Donald Trump, celebraron este jueves su primer debate.","robots":{"index":"index","follow":"follow","max-snippet":"max-snippet:-1","max-image-preview":"max-image-preview:large","max-video-preview":"max-video-preview:-1"},"canonical":"https:\/\/www.revistarambla.com\/en\/biden-extrano-y-ataques-de-trump-lo-mas-importante-del-primer-debate-presidencial\/","og_locale":"en_GB","og_type":"article","og_title":"Debate Biden Trump: lo m\u00e1s importante del primer cara a cara","og_description":"El actual mandatario de Estados Unidos, Joe Biden, y su rival republicano, Donald Trump, celebraron este jueves su primer debate.","og_url":"https:\/\/www.revistarambla.com\/en\/biden-extrano-y-ataques-de-trump-lo-mas-importante-del-primer-debate-presidencial\/","og_site_name":"Revista Rambla","article_publisher":"https:\/\/www.facebook.com\/revistarambla\/","article_author":"https:\/\/www.facebook.com\/revistarambla","article_published_time":"2024-06-28T18:12:20+00:00","article_modified_time":"2024-06-28T18:34:36+00:00","og_image":[{"width":1104,"height":736,"url":"https:\/\/www.revistarambla.com\/wp-content\/uploads\/2024\/06\/667e79d6e9ff71737a1494bd.jpg","type":"image\/jpeg"}],"author":"R@mbla","twitter_card":"summary_large_image","twitter_creator":"@revistarambla","twitter_site":"@revistarambla","twitter_misc":{"Written by":"R@mbla","Estimated reading time":"6 minutes"},"schema":{"@context":"https:\/\/schema.org","@graph":[{"@type":"Article","@id":"https:\/\/www.revistarambla.com\/biden-extrano-y-ataques-de-trump-lo-mas-importante-del-primer-debate-presidencial\/#article","isPartOf":{"@id":"https:\/\/www.revistarambla.com\/biden-extrano-y-ataques-de-trump-lo-mas-importante-del-primer-debate-presidencial\/"},"author":{"name":"R@mbla","@id":"https:\/\/www.revistarambla.com\/#\/schema\/person\/a146a5a2550b94981a75131180e1bd9c"},"headline":"Biden &#8216;extra\u00f1o&#8217; y ataques de Trump: lo m\u00e1s importante del primer debate presidencial","datePublished":"2024-06-28T18:12:20+00:00","dateModified":"2024-06-28T18:34:36+00:00","mainEntityOfPage":{"@id":"https:\/\/www.revistarambla.com\/biden-extrano-y-ataques-de-trump-lo-mas-importante-del-primer-debate-presidencial\/"},"wordCount":1171,"publisher":{"@id":"https:\/\/www.revistarambla.com\/#organization"},"image":{"@id":"https:\/\/www.revistarambla.com\/biden-extrano-y-ataques-de-trump-lo-mas-importante-del-primer-debate-presidencial\/#primaryimage"},"thumbnailUrl":"https:\/\/www.revistarambla.com\/wp-content\/uploads\/2024\/06\/667e79d6e9ff71737a1494bd.jpg","articleSection":["Global"],"inLanguage":"en-GB"},{"@type":"WebPage","@id":"https:\/\/www.revistarambla.com\/biden-extrano-y-ataques-de-trump-lo-mas-importante-del-primer-debate-presidencial\/","url":"https:\/\/www.revistarambla.com\/biden-extrano-y-ataques-de-trump-lo-mas-importante-del-primer-debate-presidencial\/","name":"Debate Biden Trump: lo m\u00e1s importante del primer cara a cara","isPartOf":{"@id":"https:\/\/www.revistarambla.com\/#website"},"primaryImageOfPage":{"@id":"https:\/\/www.revistarambla.com\/biden-extrano-y-ataques-de-trump-lo-mas-importante-del-primer-debate-presidencial\/#primaryimage"},"image":{"@id":"https:\/\/www.revistarambla.com\/biden-extrano-y-ataques-de-trump-lo-mas-importante-del-primer-debate-presidencial\/#primaryimage"},"thumbnailUrl":"https:\/\/www.revistarambla.com\/wp-content\/uploads\/2024\/06\/667e79d6e9ff71737a1494bd.jpg","datePublished":"2024-06-28T18:12:20+00:00","dateModified":"2024-06-28T18:34:36+00:00","description":"El actual mandatario de Estados Unidos, Joe Biden, y su rival republicano, Donald Trump, celebraron este jueves su primer debate.","breadcrumb":{"@id":"https:\/\/www.revistarambla.com\/biden-extrano-y-ataques-de-trump-lo-mas-importante-del-primer-debate-presidencial\/#breadcrumb"},"inLanguage":"en-GB","potentialAction":[{"@type":"ReadAction","target":["https:\/\/www.revistarambla.com\/biden-extrano-y-ataques-de-trump-lo-mas-importante-del-primer-debate-presidencial\/"]}]},{"@type":"ImageObject","inLanguage":"en-GB","@id":"https:\/\/www.revistarambla.com\/biden-extrano-y-ataques-de-trump-lo-mas-importante-del-primer-debate-presidencial\/#primaryimage","url":"https:\/\/www.revistarambla.com\/wp-content\/uploads\/2024\/06\/667e79d6e9ff71737a1494bd.jpg","contentUrl":"https:\/\/www.revistarambla.com\/wp-content\/uploads\/2024\/06\/667e79d6e9ff71737a1494bd.jpg","width":1104,"height":736,"caption":"debate biden trump"},{"@type":"BreadcrumbList","@id":"https:\/\/www.revistarambla.com\/biden-extrano-y-ataques-de-trump-lo-mas-importante-del-primer-debate-presidencial\/#breadcrumb","itemListElement":[{"@type":"ListItem","position":1,"name":"Portada","item":"https:\/\/www.revistarambla.com\/"},{"@type":"ListItem","position":2,"name":"Biden &#8216;extra\u00f1o&#8217; y ataques de Trump: lo m\u00e1s importante del primer debate presidencial"}]},{"@type":"WebSite","@id":"https:\/\/www.revistarambla.com\/#website","url":"https:\/\/www.revistarambla.com\/","name":"Revista Rambla Barcelona","description":"Periodismo independiente","publisher":{"@id":"https:\/\/www.revistarambla.com\/#organization"},"potentialAction":[{"@type":"SearchAction","target":{"@type":"EntryPoint","urlTemplate":"https:\/\/www.revistarambla.com\/?s={search_term_string}"},"query-input":{"@type":"PropertyValueSpecification","valueRequired":true,"valueName":"search_term_string"}}],"inLanguage":"en-GB"},{"@type":"Organization","@id":"https:\/\/www.revistarambla.com\/#organization","name":"Revista Rambla","url":"https:\/\/www.revistarambla.com\/","logo":{"@type":"ImageObject","inLanguage":"en-GB","@id":"https:\/\/www.revistarambla.com\/#\/schema\/logo\/image\/","url":"https:\/\/www.revistarambla.com\/wp-content\/uploads\/2020\/09\/banner_rambla_1900x600_BB.png","contentUrl":"https:\/\/www.revistarambla.com\/wp-content\/uploads\/2020\/09\/banner_rambla_1900x600_BB.png","width":1900,"height":600,"caption":"Revista Rambla"},"image":{"@id":"https:\/\/www.revistarambla.com\/#\/schema\/logo\/image\/"},"sameAs":["https:\/\/www.facebook.com\/revistarambla\/","https:\/\/x.com\/revistarambla","https:\/\/www.instagram.com\/revista_rambla","https:\/\/es.linkedin.com\/company\/revista-rambla"]},{"@type":"Person","@id":"https:\/\/www.revistarambla.com\/#\/schema\/person\/a146a5a2550b94981a75131180e1bd9c","name":"R@mbla","description":"Este art\u00edculo ha sido redactado y\/o validado por el equipo de redacci\u00f3n de Revista Rambla.","sameAs":["https:\/\/www.revistarambla.com\/","https:\/\/www.facebook.com\/revistarambla","https:\/\/x.com\/revistarambla"]}]}},"_links":{"self":[{"href":"https:\/\/www.revistarambla.com\/en\/wp-json\/wp\/v2\/posts\/61452","targetHints":{"allow":["GET"]}}],"collection":[{"href":"https:\/\/www.revistarambla.com\/en\/wp-json\/wp\/v2\/posts"}],"about":[{"href":"https:\/\/www.revistarambla.com\/en\/wp-json\/wp\/v2\/types\/post"}],"author":[{"embeddable":true,"href":"https:\/\/www.revistarambla.com\/en\/wp-json\/wp\/v2\/users\/3"}],"replies":[{"embeddable":true,"href":"https:\/\/www.revistarambla.com\/en\/wp-json\/wp\/v2\/comments?post=61452"}],"version-history":[{"count":1,"href":"https:\/\/www.revistarambla.com\/en\/wp-json\/wp\/v2\/posts\/61452\/revisions"}],"predecessor-version":[{"id":61454,"href":"https:\/\/www.revistarambla.com\/en\/wp-json\/wp\/v2\/posts\/61452\/revisions\/61454"}],"wp:featuredmedia":[{"embeddable":true,"href":"https:\/\/www.revistarambla.com\/en\/wp-json\/wp\/v2\/media\/61453"}],"wp:attachment":[{"href":"https:\/\/www.revistarambla.com\/en\/wp-json\/wp\/v2\/media?parent=61452"}],"wp:term":[{"taxonomy":"category","embeddable":true,"href":"https:\/\/www.revistarambla.com\/en\/wp-json\/wp\/v2\/categories?post=61452"},{"taxonomy":"post_tag","embeddable":true,"href":"https:\/\/www.revistarambla.com\/en\/wp-json\/wp\/v2\/tags?post=61452"}],"curies":[{"name":"wp","href":"https:\/\/api.w.org\/{rel}","templated":true}]}}