{"id":6138,"date":"2014-10-14T11:10:06","date_gmt":"2014-10-14T11:10:06","guid":{"rendered":"https:\/\/www.revistarambla.com\/mas-plantea-una-consulta-alternativa-al-9n-con-las-plebiscitarias-a-la-vista\/"},"modified":"2014-10-14T11:10:06","modified_gmt":"2014-10-14T11:10:06","slug":"mas-plantea-una-consulta-alternativa-al-9n-con-las-plebiscitarias-a-la-vista","status":"publish","type":"post","link":"https:\/\/www.revistarambla.com\/en\/mas-plantea-una-consulta-alternativa-al-9n-con-las-plebiscitarias-a-la-vista\/","title":{"rendered":"Mas plantea una consulta alternativa al 9N con las plebiscitarias a la vista"},"content":{"rendered":"<p> \t<img decoding=\"async\" class=\"alignleft size-full wp-image-6135\" alt=\"alt\" src=\"https:\/\/www.revistarambla.com\/wp-content\/uploads\/2014\/10\/revistarambla-01.jpg\" style=\"width: 682px; height: 430px; margin-left: 9px; margin-right: 9px; float: left;\" width=\"682\" height=\"430\" srcset=\"https:\/\/www.revistarambla.com\/wp-content\/uploads\/2014\/10\/revistarambla-01.jpg 682w, https:\/\/www.revistarambla.com\/wp-content\/uploads\/2014\/10\/revistarambla-01-300x189.jpg 300w, https:\/\/www.revistarambla.com\/wp-content\/uploads\/2014\/10\/revistarambla-01-500x315.jpg 500w\" sizes=\"(max-width: 682px) 100vw, 682px\" \/>El president de la <span data-scayt_word=\"Generalitat\" data-scaytid=\"1\">Generalitat<\/span> de <span data-scayt_word=\"Catalunya\" data-scaytid=\"3\">Catalunya<\/span>, <span data-scayt_word=\"Artur\" data-scaytid=\"4\">Artur<\/span> <span data-scayt_word=\"Mas\" data-scaytid=\"5\">Mas<\/span>, ha <span data-scayt_word=\"confirmado\" data-scaytid=\"6\">confirmado<\/span> <span data-scayt_word=\"este\" data-scaytid=\"7\">este<\/span> <span data-scayt_word=\"martes\" data-scaytid=\"8\">martes<\/span> <span data-scayt_word=\"que\" data-scaytid=\"9\">que<\/span>, <span data-scayt_word=\"finalmente\" data-scaytid=\"11\">finalmente<\/span>, no se <span data-scayt_word=\"celebrar\u00e1\" data-scaytid=\"12\">celebrar\u00e1<\/span> la <span data-scayt_word=\"consulta\" data-scaytid=\"13\">consulta<\/span> de <span data-scayt_word=\"autodeterminaci\u00f3n\" data-scaytid=\"14\">autodeterminaci\u00f3n<\/span> <span data-scayt_word=\"prevista\" data-scaytid=\"15\">prevista<\/span> <span data-scayt_word=\"para\" data-scaytid=\"16\">para<\/span> el <span data-scayt_word=\"pr\u00f3ximo\" data-scaytid=\"17\">pr\u00f3ximo<\/span> 9 de <span data-scayt_word=\"noviembre\" data-scaytid=\"18\">noviembre<\/span>. La <span data-scayt_word=\"iniciativa\" data-scaytid=\"19\">iniciativa<\/span> <span data-scayt_word=\"aparcada\" data-scaytid=\"20\">aparcada<\/span> <span data-scayt_word=\"ser\u00e1\" data-scaytid=\"21\">ser\u00e1<\/span> <span data-scayt_word=\"sustituida\" data-scaytid=\"22\">sustituida<\/span> <span data-scayt_word=\"por\" data-scaytid=\"23\">por<\/span> un <span data-scayt_word=\"proceso\" data-scaytid=\"25\">proceso<\/span> de <span data-scayt_word=\"participaci\u00f3n\" data-scaytid=\"26\">participaci\u00f3n<\/span> electoral <span data-scayt_word=\"organizado\" data-scaytid=\"27\">organizado<\/span> <span data-scayt_word=\"por\" data-scaytid=\"24\">por<\/span> la <span data-scayt_word=\"Generalitat\" data-scaytid=\"2\">Generalitat<\/span> <span data-scayt_word=\"que\" data-scaytid=\"10\">que<\/span> <span data-scayt_word=\"permita\" data-scaytid=\"28\">permita<\/span> <span data-scayt_word=\"eludir\" data-scaytid=\"29\">eludir<\/span> la <span data-scayt_word=\"decisi\u00f3n\" data-scaytid=\"30\">decisi\u00f3n<\/span> del Tribunal <span data-scayt_word=\"Constitucional\" data-scaytid=\"31\">Constitucional<\/span> <span data-scayt_word=\"sobre\" data-scaytid=\"32\">sobre<\/span> el <span data-scayt_word=\"refer\u00e9ndum\" data-scaytid=\"33\">refer\u00e9ndum<\/span> <span data-scayt_word=\"soberanista\" data-scaytid=\"34\">soberanista<\/span>.<\/p>\n<p> \t\u00a0<\/p>\n<p> \t\u00a0<\/p>\n<p>  <!--more-->  <\/p>\n<p> \t<strong>El president de la <span data-scayt_word=\"Generalitat\" data-scaytid=\"69\">Generalitat<\/span> de <span data-scayt_word=\"Catalunya\" data-scaytid=\"71\">Catalunya<\/span>, <span data-scayt_word=\"Artur\" data-scaytid=\"72\">Artur<\/span> <span data-scayt_word=\"Mas\" data-scaytid=\"73\">Mas<\/span>, ha <span data-scayt_word=\"confirmado\" data-scaytid=\"74\">confirmado<\/span> <span data-scayt_word=\"este\" data-scaytid=\"75\">este<\/span> <span data-scayt_word=\"martes\" data-scaytid=\"76\">martes<\/span> <span data-scayt_word=\"que\" data-scaytid=\"77\">que<\/span>, <span data-scayt_word=\"finalmente\" data-scaytid=\"79\">finalmente<\/span>, no se <span data-scayt_word=\"celebrar\u00e1\" data-scaytid=\"80\">celebrar\u00e1<\/span> la <span data-scayt_word=\"consulta\" data-scaytid=\"81\">consulta<\/span> de <span data-scayt_word=\"autodeterminaci\u00f3n\" data-scaytid=\"82\">autodeterminaci\u00f3n<\/span> <span data-scayt_word=\"prevista\" data-scaytid=\"83\">prevista<\/span> <span data-scayt_word=\"para\" data-scaytid=\"84\">para<\/span> el <span data-scayt_word=\"pr\u00f3ximo\" data-scaytid=\"85\">pr\u00f3ximo<\/span> 9 de <span data-scayt_word=\"noviembre\" data-scaytid=\"86\">noviembre<\/span>. La <span data-scayt_word=\"iniciativa\" data-scaytid=\"87\">iniciativa<\/span> <span data-scayt_word=\"aparcada\" data-scaytid=\"88\">aparcada<\/span> <span data-scayt_word=\"ser\u00e1\" data-scaytid=\"89\">ser\u00e1<\/span> <span data-scayt_word=\"sustituida\" data-scaytid=\"90\">sustituida<\/span> <span data-scayt_word=\"por\" data-scaytid=\"91\">por<\/span> un <span data-scayt_word=\"proceso\" data-scaytid=\"93\">proceso<\/span> de <span data-scayt_word=\"participaci\u00f3n\" data-scaytid=\"94\">participaci\u00f3n<\/span> electoral <span data-scayt_word=\"organizado\" data-scaytid=\"95\">organizado<\/span> <span data-scayt_word=\"por\" data-scaytid=\"92\">por<\/span> la <span data-scayt_word=\"Generalitat\" data-scaytid=\"70\">Generalitat<\/span> <span data-scayt_word=\"que\" data-scaytid=\"78\">que<\/span> <span data-scayt_word=\"permita\" data-scaytid=\"96\">permita<\/span> <span data-scayt_word=\"eludir\" data-scaytid=\"97\">eludir<\/span> la <span data-scayt_word=\"decisi\u00f3n\" data-scaytid=\"98\">decisi\u00f3n<\/span> del Tribunal <span data-scayt_word=\"Constitucional\" data-scaytid=\"99\">Constitucional<\/span> <span data-scayt_word=\"sobre\" data-scaytid=\"100\">sobre<\/span> el <span data-scayt_word=\"refer\u00e9ndum\" data-scaytid=\"101\">refer\u00e9ndum<\/span> <span data-scayt_word=\"soberanista\" data-scaytid=\"102\">soberanista<\/span>.<\/strong><\/p>\n<p> \t\u00a0<\/p>\n<p> \t<img decoding=\"async\" class=\"size-full wp-image-6136\" alt=\"alt\" src=\"https:\/\/www.revistarambla.com\/wp-content\/uploads\/2014\/10\/revistarambla-02.jpg\" style=\"width: 700px; height: 369px;\" width=\"700\" height=\"369\" srcset=\"https:\/\/www.revistarambla.com\/wp-content\/uploads\/2014\/10\/revistarambla-02.jpg 700w, https:\/\/www.revistarambla.com\/wp-content\/uploads\/2014\/10\/revistarambla-02-300x158.jpg 300w, https:\/\/www.revistarambla.com\/wp-content\/uploads\/2014\/10\/revistarambla-02-500x264.jpg 500w\" sizes=\"(max-width: 700px) 100vw, 700px\" \/><\/p>\n<p> \t\u00a0<\/p>\n<p> \t<span data-scayt_word=\"Mas\" data-scaytid=\"137\">Mas<\/span> ha <span data-scayt_word=\"admitido\" data-scaytid=\"148\">admitido<\/span> en <span data-scayt_word=\"una\" data-scaytid=\"149\">una<\/span> <span data-scayt_word=\"larga\" data-scaytid=\"151\">larga<\/span> <span data-scayt_word=\"comparecencia\" data-scaytid=\"152\">comparecencia<\/span> antes los <span data-scayt_word=\"medios\" data-scaytid=\"153\">medios<\/span> de <span data-scayt_word=\"comunicaci\u00f3n\" data-scaytid=\"154\">comunicaci\u00f3n<\/span> <span data-scayt_word=\"que\" data-scaytid=\"138\">que<\/span> la <span data-scayt_word=\"unidad\" data-scaytid=\"157\">unidad<\/span> de <span data-scayt_word=\"las\" data-scaytid=\"158\">las<\/span> <span data-scayt_word=\"formaciones\" data-scaytid=\"159\">formaciones<\/span> <span data-scayt_word=\"partidarias\" data-scaytid=\"160\">partidarias<\/span> de la <span data-scayt_word=\"consulta\" data-scaytid=\"140\">consulta<\/span> <span data-scayt_word=\"est\u00e1\" data-scaytid=\"163\">est\u00e1<\/span> \u00ab<span data-scayt_word=\"quebrada\" data-scaytid=\"164\">quebrada<\/span>, <span data-scayt_word=\"pero\" data-scaytid=\"165\">pero<\/span> no rota\u00bb ante la <span data-scayt_word=\"presentaci\u00f3n\" data-scaytid=\"166\">presentaci\u00f3n<\/span> del Govern de la <span data-scayt_word=\"Generalitat\" data-scaytid=\"142\">Generalitat<\/span> de un <span data-scayt_word=\"proceso\" data-scaytid=\"143\">proceso<\/span> <span data-scayt_word=\"participativo\" data-scaytid=\"169\">participativo<\/span> <span data-scayt_word=\"para\" data-scaytid=\"144\">para<\/span> el <strong>9 de <span data-scayt_word=\"noviembre\" data-scaytid=\"145\">noviembre<\/span>, <span data-scayt_word=\"sustitutivo\" data-scaytid=\"172\">sustitutivo<\/span> de <span data-scayt_word=\"una\" data-scaytid=\"150\">una<\/span> <span data-scayt_word=\"consulta\" data-scaytid=\"141\">consulta<\/span> <span data-scayt_word=\"imposibilitada\" data-scaytid=\"173\">imposibilitada<\/span> <span data-scayt_word=\"por\" data-scaytid=\"146\">por<\/span> &ldquo;la <span data-scayt_word=\"agresi\u00f3n\" data-scaytid=\"175\">agresi\u00f3n<\/span> del <span data-scayt_word=\"Estado\" data-scaytid=\"176\">Estado<\/span> <span data-scayt_word=\"espa\u00f1ol\u201d\" data-scaytid=\"177\">espa\u00f1ol&rdquo;<\/span>, <span data-scayt_word=\"recalc\u00f3\" data-scaytid=\"178\">recalc\u00f3<\/span> el president, <span data-scayt_word=\"que\" data-scaytid=\"139\">que<\/span> <span data-scayt_word=\"reintrodujo\" data-scaytid=\"179\">reintrodujo<\/span><\/strong> la <span data-scayt_word=\"posibilidad\" data-scaytid=\"258\">posibilidad<\/span> de <span data-scayt_word=\"unas\" data-scaytid=\"259\">unas<\/span> <span data-scayt_word=\"elecciones\" data-scaytid=\"260\">elecciones<\/span> en <span data-scayt_word=\"clave\" data-scaytid=\"262\">clave<\/span> <span data-scayt_word=\"plebiscitaria\" data-scaytid=\"263\">plebiscitaria<\/span> <span data-scayt_word=\"que\" data-scaytid=\"213\">que<\/span> <span data-scayt_word=\"sirviesen\" data-scaytid=\"267\">sirviesen<\/span> de <span data-scayt_word=\"confirmaci\u00f3n\" data-scaytid=\"268\">confirmaci\u00f3n<\/span> al <span data-scayt_word=\"resultado\" data-scaytid=\"269\">resultado<\/span> de <span data-scayt_word=\"ese\" data-scaytid=\"270\">ese<\/span> <span data-scayt_word=\"proceso\" data-scaytid=\"216\">proceso<\/span> <span data-scayt_word=\"participativo\" data-scaytid=\"217\">participativo<\/span> <span data-scayt_word=\"mencionado\" data-scaytid=\"273\">mencionado<\/span>. <span data-scayt_word=\"Mas\" data-scaytid=\"218\">Mas<\/span> <span data-scayt_word=\"explic\u00f3\" data-scaytid=\"275\">explic\u00f3<\/span> <span data-scayt_word=\"que\" data-scaytid=\"214\">que<\/span> el plan <span data-scayt_word=\"definitivo\" data-scaytid=\"276\">definitivo<\/span> no <span data-scayt_word=\"es\" data-scaytid=\"277\">es<\/span> <span data-scayt_word=\"ni\" data-scaytid=\"278\">ni<\/span> <span data-scayt_word=\"esta\" data-scaytid=\"280\">esta<\/span> <span data-scayt_word=\"consulta\" data-scaytid=\"219\">consulta<\/span>, <span data-scayt_word=\"ni\" data-scaytid=\"279\">ni<\/span> la <span data-scayt_word=\"programada\" data-scaytid=\"283\">programada<\/span> <span data-scayt_word=\"inicialmente\" data-scaytid=\"284\">inicialmente<\/span> <span data-scayt_word=\"para\" data-scaytid=\"221\">para<\/span> el 9-N. \u00abLa <span data-scayt_word=\"consulta\" data-scaytid=\"220\">consulta<\/span> <span data-scayt_word=\"definitiva\" data-scaytid=\"286\">definitiva<\/span> solo se <span data-scayt_word=\"puede\" data-scaytid=\"287\">puede<\/span> <span data-scayt_word=\"hacer\" data-scaytid=\"288\">hacer<\/span>, y <span data-scayt_word=\"est\u00e1\" data-scaytid=\"222\">est\u00e1<\/span> <span data-scayt_word=\"escrito\" data-scaytid=\"290\">escrito<\/span> <span data-scayt_word=\"desde\" data-scaytid=\"291\">desde<\/span> <span data-scayt_word=\"hace\" data-scaytid=\"292\">hace<\/span> <span data-scayt_word=\"tiempo\" data-scaytid=\"293\">tiempo<\/span> y <span data-scayt_word=\"dicho\" data-scaytid=\"294\">dicho<\/span> <span data-scayt_word=\"por\" data-scaytid=\"223\">por<\/span> <span data-scayt_word=\"m\u00ed\" data-scaytid=\"296\">m\u00ed<\/span> <span data-scayt_word=\"mismo\" data-scaytid=\"297\">mismo<\/span>, con <span data-scayt_word=\"plenas\" data-scaytid=\"298\">plenas<\/span> y <span data-scayt_word=\"totales\" data-scaytid=\"299\">totales<\/span> <span data-scayt_word=\"garant\u00edas\" data-scaytid=\"300\">garant\u00edas<\/span>, a <span data-scayt_word=\"trav\u00e9s\" data-scaytid=\"301\">trav\u00e9s<\/span> de <span data-scayt_word=\"elecciones\" data-scaytid=\"261\">elecciones<\/span>, <span data-scayt_word=\"que\" data-scaytid=\"215\">que<\/span> los <span data-scayt_word=\"partidos\" data-scaytid=\"302\">partidos<\/span> y no el Govern <span data-scayt_word=\"transformen\" data-scaytid=\"303\">transformen<\/span> en un <strong><span data-scayt_word=\"refer\u00e9ndum\" data-scaytid=\"224\">refer\u00e9ndum<\/span> de facto <\/strong>con <span data-scayt_word=\"lista\" data-scaytid=\"356\">lista<\/span> <span data-scayt_word=\"conjunta\" data-scaytid=\"357\">conjunta<\/span> y <span data-scayt_word=\"programa\" data-scaytid=\"358\">programa<\/span> <span data-scayt_word=\"conjunto\" data-scaytid=\"359\">conjunto<\/span>\u00ab. <span data-scayt_word=\"Sobre\" data-scaytid=\"360\">Sobre<\/span> <span data-scayt_word=\"estas\" data-scaytid=\"361\">estas<\/span> <span data-scayt_word=\"hip\u00f3teticas\" data-scaytid=\"362\">hip\u00f3teticas<\/span> <span data-scayt_word=\"elecciones\" data-scaytid=\"352\">elecciones<\/span>, <span data-scayt_word=\"Mas\" data-scaytid=\"353\">Mas<\/span> ha <span data-scayt_word=\"dejado\" data-scaytid=\"365\">dejado<\/span> de <span data-scayt_word=\"lado\" data-scaytid=\"366\">lado<\/span> la <span data-scayt_word=\"Declaraci\u00f3n\" data-scaytid=\"367\">Declaraci\u00f3n<\/span> Unilateral de <span data-scayt_word=\"Independencia\" data-scaytid=\"368\">Independencia<\/span> (DUI) <span data-scayt_word=\"que\" data-scaytid=\"354\">que<\/span> <span data-scayt_word=\"reclama\" data-scaytid=\"371\">reclama<\/span> <strong><span data-scayt_word=\"Esquerra\" data-scaytid=\"372\">Esquerra<\/span>, a la <span data-scayt_word=\"que\" data-scaytid=\"355\">que<\/span> ha <span data-scayt_word=\"advertido\" data-scaytid=\"373\">advertido<\/span><\/strong>, <span data-scayt_word=\"que\" data-scaytid=\"374\">que<\/span> <span data-scayt_word=\"insistir\" data-scaytid=\"434\">insistir<\/span> en <span data-scayt_word=\"hacer\" data-scaytid=\"382\">hacer<\/span> el 9-N <span data-scayt_word=\"tal\" data-scaytid=\"436\">tal<\/span> y <span data-scayt_word=\"como\" data-scaytid=\"437\">como<\/span> <span data-scayt_word=\"estaba\" data-scaytid=\"438\">estaba<\/span> <span data-scayt_word=\"previsto\" data-scaytid=\"439\">previsto<\/span> era <span data-scayt_word=\"darse\" data-scaytid=\"440\">darse<\/span> \u00abcontra <span data-scayt_word=\"las\" data-scaytid=\"383\">las<\/span> <span data-scayt_word=\"rocas\" data-scaytid=\"442\">rocas<\/span> y <span data-scayt_word=\"hacerse\" data-scaytid=\"443\">hacerse<\/span> <span data-scayt_word=\"da\u00f1o\" data-scaytid=\"444\">da\u00f1o<\/span>\u00ab. El president <span data-scayt_word=\"Mas\" data-scaytid=\"384\">Mas<\/span> ha <span data-scayt_word=\"demandado\" data-scaytid=\"446\">demandado<\/span> a los <span data-scayt_word=\"partidos\" data-scaytid=\"385\">partidos<\/span> <span data-scayt_word=\"proconsulta\" data-scaytid=\"449\">proconsulta<\/span> <span data-scayt_word=\"que\" data-scaytid=\"375\">que<\/span> <span data-scayt_word=\"impulsen\" data-scaytid=\"450\">impulsen<\/span> <span data-scayt_word=\"una\" data-scaytid=\"387\">una<\/span> <span data-scayt_word=\"lista\" data-scaytid=\"388\">lista<\/span> <span data-scayt_word=\"\u00fanica\" data-scaytid=\"453\">\u00fanica<\/span>, o <span data-scayt_word=\"que\" data-scaytid=\"376\">que<\/span> <span data-scayt_word=\"llegado\" data-scaytid=\"454\">llegado<\/span> el <span data-scayt_word=\"momento\" data-scaytid=\"455\">momento<\/span> se <span data-scayt_word=\"unan\" data-scaytid=\"457\">unan<\/span> &ldquo;a un <span data-scayt_word=\"programa\" data-scaytid=\"389\">programa<\/span> <span data-scayt_word=\"conjunto\" data-scaytid=\"390\">conjunto<\/span>, <span data-scayt_word=\"que\" data-scaytid=\"377\">que<\/span> <span data-scayt_word=\"obtengan\" data-scaytid=\"460\">obtengan<\/span> <span data-scayt_word=\"mayor\u00eda\" data-scaytid=\"461\">mayor\u00eda<\/span> <span data-scayt_word=\"absoluta\" data-scaytid=\"462\">absoluta<\/span>. Y, <span data-scayt_word=\"si\" data-scaytid=\"463\">si<\/span> <span data-scayt_word=\"esto\" data-scaytid=\"464\">esto<\/span> <span data-scayt_word=\"puede\" data-scaytid=\"391\">puede<\/span> <span data-scayt_word=\"ser\" data-scaytid=\"466\">ser<\/span> <span data-scayt_word=\"as\u00ed\" data-scaytid=\"467\">as\u00ed<\/span>, <span data-scayt_word=\"estoy\" data-scaytid=\"468\">estoy<\/span> a <span data-scayt_word=\"disposici\u00f3n\" data-scaytid=\"469\">disposici\u00f3n<\/span> de <span data-scayt_word=\"escuchar\" data-scaytid=\"470\">escuchar<\/span> a los <span data-scayt_word=\"partidos\" data-scaytid=\"386\">partidos<\/span> <span data-scayt_word=\"que\" data-scaytid=\"378\">que<\/span> lo <span data-scayt_word=\"han\" data-scaytid=\"471\">han<\/span> de <span data-scayt_word=\"proponer\" data-scaytid=\"472\">proponer<\/span>; no lo <span data-scayt_word=\"puedo\" data-scaytid=\"474\">puedo<\/span> <span data-scayt_word=\"proponer\" data-scaytid=\"473\">proponer<\/span> <span data-scayt_word=\"yo\" data-scaytid=\"475\">yo<\/span>\u00ab. <span data-scayt_word=\"Una\" data-scaytid=\"476\">Una<\/span> <span data-scayt_word=\"candidatura\" data-scaytid=\"477\">candidatura<\/span> <span data-scayt_word=\"para\" data-scaytid=\"392\">para<\/span> lo <span data-scayt_word=\"que\" data-scaytid=\"379\">que<\/span>, <span data-scayt_word=\"\u201cpor\" data-scaytid=\"479\">&ldquo;por<\/span> el <span data-scayt_word=\"momento\" data-scaytid=\"456\">momento<\/span> no hay <span data-scayt_word=\"consenso\u201d\" data-scaytid=\"480\">consenso&rdquo;<\/span>, <span data-scayt_word=\"reconoci\u00f3\" data-scaytid=\"481\">reconoci\u00f3<\/span> el president, <span data-scayt_word=\"que\" data-scaytid=\"380\">que<\/span> <span data-scayt_word=\"admiti\u00f3\" data-scaytid=\"482\">admiti\u00f3<\/span> <span data-scayt_word=\"que\" data-scaytid=\"381\">que<\/span> <span data-scayt_word=\"estas\" data-scaytid=\"393\">estas<\/span> <span data-scayt_word=\"divergencias\" data-scaytid=\"484\">divergencias<\/span> <span data-scayt_word=\"dejan\" data-scaytid=\"485\">dejan<\/span> sin <span data-scayt_word=\"garant\u00edas\" data-scaytid=\"394\">garant\u00edas<\/span> la <span data-scayt_word=\"aprobaci\u00f3n\" data-scaytid=\"487\">aprobaci\u00f3n<\/span> de los <span data-scayt_word=\"pr\u00f3ximos\" data-scaytid=\"488\">pr\u00f3ximos<\/span> <span data-scayt_word=\"presupuestos\" data-scaytid=\"489\">presupuestos<\/span> de la <span data-scayt_word=\"Generalitat\" data-scaytid=\"395\">Generalitat<\/span> de <span data-scayt_word=\"Catalunya\" data-scaytid=\"396\">Catalunya<\/span>.<\/p>\n<p> \t\u00a0<\/p>\n<p> \t<span data-scayt_word=\"Mas\" data-scaytid=\"420\">Mas<\/span> <span data-scayt_word=\"explic\u00f3\" data-scaytid=\"421\">explic\u00f3<\/span> <span data-scayt_word=\"esta\" data-scaytid=\"422\">esta<\/span> <span data-scayt_word=\"ma\u00f1ana\" data-scaytid=\"682\">ma\u00f1ana<\/span> <span data-scayt_word=\"que\" data-scaytid=\"423\">que<\/span> la <span data-scayt_word=\"Generalitat\" data-scaytid=\"424\">Generalitat<\/span> no <span data-scayt_word=\"pod\u00eda\" data-scaytid=\"685\">pod\u00eda<\/span> <span data-scayt_word=\"celebrar\" data-scaytid=\"686\">celebrar<\/span> un <span data-scayt_word=\"refer\u00e9ndum\" data-scaytid=\"425\">refer\u00e9ndum<\/span> al no <span data-scayt_word=\"ser\" data-scaytid=\"564\">ser<\/span> <span data-scayt_word=\"capaz\" data-scaytid=\"689\">capaz<\/span> de <span data-scayt_word=\"usar\" data-scaytid=\"690\">usar<\/span> el <strong><span data-scayt_word=\"censo\" data-scaytid=\"691\">censo<\/span><\/strong> de la <span data-scayt_word=\"consulta\" data-scaytid=\"565\">consulta<\/span> <span data-scayt_word=\"oficial\" data-scaytid=\"774\">oficial<\/span> ante la <span data-scayt_word=\"suspensi\u00f3n\" data-scaytid=\"775\">suspensi\u00f3n<\/span> <span data-scayt_word=\"por\" data-scaytid=\"568\">por<\/span> <span data-scayt_word=\"parte\" data-scaytid=\"778\">parte<\/span> del <strong>Tribunal <span data-scayt_word=\"Constitucional\" data-scaytid=\"570\">Constitucional<\/span><\/strong>, <span data-scayt_word=\"ya\" data-scaytid=\"781\">ya<\/span> <span data-scayt_word=\"que\" data-scaytid=\"571\">que<\/span> <span data-scayt_word=\"ciudadanos\" data-scaytid=\"796\">ciudadanos<\/span> <span data-scayt_word=\"-evit\u00f3\" data-scaytid=\"797\">-evit\u00f3<\/span> <span data-scayt_word=\"mencionar\" data-scaytid=\"798\">mencionar<\/span> a <span data-scayt_word=\"otras\" data-scaytid=\"799\">otras<\/span> <span data-scayt_word=\"formaciones\" data-scaytid=\"583\">formaciones<\/span> u <span data-scayt_word=\"organizaciones\" data-scaytid=\"801\">organizaciones<\/span>&#8211; en <span data-scayt_word=\"desacuerdo\" data-scaytid=\"802\">desacuerdo<\/span> con <span data-scayt_word=\"que\" data-scaytid=\"572\">que<\/span> <span data-scayt_word=\"sus\" data-scaytid=\"803\">sus<\/span> <span data-scayt_word=\"datos\" data-scaytid=\"804\">datos<\/span> <span data-scayt_word=\"formasen\" data-scaytid=\"806\">formasen<\/span> <span data-scayt_word=\"parte\" data-scaytid=\"779\">parte<\/span> de <span data-scayt_word=\"ese\" data-scaytid=\"584\">ese<\/span> <span data-scayt_word=\"censo\" data-scaytid=\"808\">censo<\/span> <span data-scayt_word=\"podr\u00edan\" data-scaytid=\"809\">podr\u00edan<\/span> <span data-scayt_word=\"recurrir\" data-scaytid=\"810\">recurrir<\/span> a la <span data-scayt_word=\"ley\" data-scaytid=\"811\">ley<\/span> de <span data-scayt_word=\"protecci\u00f3n\" data-scaytid=\"813\">protecci\u00f3n<\/span> de <span data-scayt_word=\"datos\" data-scaytid=\"805\">datos<\/span> y <span data-scayt_word=\"emprender\" data-scaytid=\"814\">emprender<\/span> <span data-scayt_word=\"acciones\" data-scaytid=\"815\">acciones<\/span> <span data-scayt_word=\"legales\" data-scaytid=\"816\">legales<\/span> contra la <span data-scayt_word=\"administraci\u00f3n\" data-scaytid=\"817\">administraci\u00f3n<\/span> <span data-scayt_word=\"catalana\" data-scaytid=\"818\">catalana<\/span>. El president de la <span data-scayt_word=\"Generalitat\" data-scaytid=\"585\">Generalitat<\/span> no ha <span data-scayt_word=\"explicado\" data-scaytid=\"822\">explicado<\/span> <span data-scayt_word=\"qu\u00e9\" data-scaytid=\"823\">qu\u00e9<\/span> <span data-scayt_word=\"marco\" data-scaytid=\"824\">marco<\/span> <span data-scayt_word=\"servir\u00e1\" data-scaytid=\"825\">servir\u00e1<\/span> de <span data-scayt_word=\"cobertura\" data-scaytid=\"826\">cobertura<\/span> legal <span data-scayt_word=\"para\" data-scaytid=\"587\">para<\/span> el <span data-scayt_word=\"sustitutivo\" data-scaytid=\"593\">sustitutivo<\/span> de la <span data-scayt_word=\"consulta\" data-scaytid=\"566\">consulta<\/span>, <span data-scayt_word=\"para\" data-scaytid=\"588\">para<\/span> &ldquo;no <span data-scayt_word=\"dar\" data-scaytid=\"834\">dar<\/span> <span data-scayt_word=\"pistas\" data-scaytid=\"837\">pistas<\/span> al <span data-scayt_word=\"Estado\u201d\" data-scaytid=\"838\">Estado&rdquo;<\/span>, ha <span data-scayt_word=\"asegurado\" data-scaytid=\"839\">asegurado<\/span>. \u00abNo <span data-scayt_word=\"firmar\u00e9\" data-scaytid=\"840\">firmar\u00e9<\/span> <span data-scayt_word=\"ning\u00fan\" data-scaytid=\"841\">ning\u00fan<\/span> <span data-scayt_word=\"decreto\" data-scaytid=\"842\">decreto<\/span>, <span data-scayt_word=\"porque\" data-scaytid=\"843\">porque<\/span> <span data-scayt_word=\"ya\" data-scaytid=\"782\">ya<\/span> <span data-scayt_word=\"s\u00e9\" data-scaytid=\"845\">s\u00e9<\/span> lo <span data-scayt_word=\"que\" data-scaytid=\"573\">que<\/span> <span data-scayt_word=\"pasar\u00e1\" data-scaytid=\"846\">pasar\u00e1<\/span> <span data-scayt_word=\"si\" data-scaytid=\"594\">si<\/span> lo <span data-scayt_word=\"hago\" data-scaytid=\"848\">hago<\/span>; no <span data-scayt_word=\"hace\" data-scaytid=\"595\">hace<\/span> <span data-scayt_word=\"falta\" data-scaytid=\"851\">falta<\/span> <span data-scayt_word=\"para\" data-scaytid=\"589\">para<\/span> <span data-scayt_word=\"conseguir\" data-scaytid=\"852\">conseguir<\/span> el <span data-scayt_word=\"objetivo\" data-scaytid=\"853\">objetivo<\/span>, <span data-scayt_word=\"pese\" data-scaytid=\"854\">pese<\/span> a <span data-scayt_word=\"que\" data-scaytid=\"574\">que<\/span> me <span data-scayt_word=\"creo\" data-scaytid=\"855\">creo<\/span> al 100% lo <span data-scayt_word=\"que\" data-scaytid=\"575\">que<\/span> <span data-scayt_word=\"quer\u00edamos\" data-scaytid=\"856\">quer\u00edamos<\/span> <span data-scayt_word=\"hacer\" data-scaytid=\"597\">hacer<\/span> <span data-scayt_word=\"porque\" data-scaytid=\"844\">porque<\/span> <span data-scayt_word=\"es\" data-scaytid=\"599\">es<\/span> la <span data-scayt_word=\"evidencia\" data-scaytid=\"860\">evidencia<\/span> <span data-scayt_word=\"clara\" data-scaytid=\"861\">clara<\/span> <span data-scayt_word=\"otra\" data-scaytid=\"862\">otra<\/span> <span data-scayt_word=\"vez\" data-scaytid=\"863\">vez<\/span> de lo <span data-scayt_word=\"que\" data-scaytid=\"576\">que<\/span> <span data-scayt_word=\"har\u00eda\" data-scaytid=\"864\">har\u00eda<\/span> el <span data-scayt_word=\"Estado\" data-scaytid=\"600\">Estado<\/span>; no les <span data-scayt_word=\"pongamos\" data-scaytid=\"866\">pongamos<\/span> <span data-scayt_word=\"las\" data-scaytid=\"601\">las<\/span> <span data-scayt_word=\"cosas\" data-scaytid=\"868\">cosas<\/span> <span data-scayt_word=\"f\u00e1ciles\" data-scaytid=\"869\">f\u00e1ciles<\/span>. <span data-scayt_word=\"Nosotros\" data-scaytid=\"870\">Nosotros<\/span> <span data-scayt_word=\"tenemos\" data-scaytid=\"871\">tenemos<\/span> <span data-scayt_word=\"competencias\" data-scaytid=\"872\">competencias<\/span> <span data-scayt_word=\"para\" data-scaytid=\"590\">para<\/span> <span data-scayt_word=\"hacer\" data-scaytid=\"598\">hacer<\/span> un <span data-scayt_word=\"proceso\" data-scaytid=\"602\">proceso<\/span> de <span data-scayt_word=\"participaci\u00f3n\" data-scaytid=\"604\">participaci\u00f3n<\/span> <span data-scayt_word=\"ciudadana\" data-scaytid=\"877\">ciudadana<\/span>\u00ab. La <span data-scayt_word=\"nueva\" data-scaytid=\"880\">nueva<\/span> <span data-scayt_word=\"propuesta\" data-scaytid=\"881\">propuesta<\/span> de <span data-scayt_word=\"consulta\" data-scaytid=\"567\">consulta<\/span> <span data-scayt_word=\"-rechazada\" data-scaytid=\"882\">-rechazada<\/span> con <span data-scayt_word=\"firmeza\" data-scaytid=\"883\">firmeza<\/span> <span data-scayt_word=\"por\" data-scaytid=\"569\">por<\/span> la <span data-scayt_word=\"propia\" data-scaytid=\"884\">propia<\/span> <span data-scayt_word=\"Generalitat\" data-scaytid=\"586\">Generalitat<\/span> <span data-scayt_word=\"hasta\" data-scaytid=\"885\">hasta<\/span> <span data-scayt_word=\"hace\" data-scaytid=\"596\">hace<\/span> <span data-scayt_word=\"cuatro\" data-scaytid=\"886\">cuatro<\/span> <span data-scayt_word=\"d\u00edas\" data-scaytid=\"887\">d\u00edas<\/span>&#8211; se <span data-scayt_word=\"quiere\" data-scaytid=\"888\">quiere<\/span> <span data-scayt_word=\"amparar\" data-scaytid=\"889\">amparar<\/span> en los <span data-scayt_word=\"art\u00edculos\" data-scaytid=\"890\">art\u00edculos<\/span> no <span data-scayt_word=\"suspendidos\" data-scaytid=\"891\">suspendidos<\/span> de la <span data-scayt_word=\"ley\" data-scaytid=\"812\">ley<\/span> <span data-scayt_word=\"catalana\" data-scaytid=\"819\">catalana<\/span> de <span data-scayt_word=\"consultas\" data-scaytid=\"892\">consultas<\/span> y <span data-scayt_word=\"diversas\" data-scaytid=\"893\">diversas<\/span> <span data-scayt_word=\"normas\" data-scaytid=\"894\">normas<\/span> <span data-scayt_word=\"que\" data-scaytid=\"577\">que<\/span> <span data-scayt_word=\"promueven\" data-scaytid=\"895\">promueven<\/span> la <span data-scayt_word=\"participaci\u00f3n\" data-scaytid=\"605\">participaci\u00f3n<\/span> <span data-scayt_word=\"ciudadana\" data-scaytid=\"878\">ciudadana<\/span>. <span data-scayt_word=\"Mas\" data-scaytid=\"606\">Mas<\/span> ha <span data-scayt_word=\"evitado\" data-scaytid=\"897\">evitado<\/span> <span data-scayt_word=\"dar\" data-scaytid=\"835\">dar<\/span> <span data-scayt_word=\"detalles\" data-scaytid=\"898\">detalles<\/span> de <span data-scayt_word=\"este\" data-scaytid=\"607\">este<\/span> <span data-scayt_word=\"suced\u00e1neo\" data-scaytid=\"900\">suced\u00e1neo<\/span>, <span data-scayt_word=\"para\" data-scaytid=\"591\">para<\/span> el <span data-scayt_word=\"que\" data-scaytid=\"578\">que<\/span> no <span data-scayt_word=\"habr\u00e1\" data-scaytid=\"901\">habr\u00e1<\/span> <span data-scayt_word=\"registro\" data-scaytid=\"902\">registro<\/span> <span data-scayt_word=\"previo\" data-scaytid=\"903\">previo<\/span>, -&rdquo;con el <span data-scayt_word=\"DNI\" data-scaytid=\"904\">DNI<\/span> <span data-scayt_word=\"ser\u00e1\" data-scaytid=\"608\">ser\u00e1<\/span> <span data-scayt_word=\"suficiente\u201d\" data-scaytid=\"906\">suficiente&rdquo;<\/span>-, y <span data-scayt_word=\"votar\u00e1n\" data-scaytid=\"907\">votar\u00e1n<\/span> los <span data-scayt_word=\"mayores\" data-scaytid=\"908\">mayores<\/span> de 16 <span data-scayt_word=\"a\u00f1os\" data-scaytid=\"909\">a\u00f1os<\/span> y los <span data-scayt_word=\"colectivos\" data-scaytid=\"910\">colectivos<\/span> de <span data-scayt_word=\"inmigrantes\" data-scaytid=\"911\">inmigrantes<\/span> con los <span data-scayt_word=\"que\" data-scaytid=\"579\">que<\/span> <span data-scayt_word=\"ya\" data-scaytid=\"783\">ya<\/span> se <span data-scayt_word=\"contaba\" data-scaytid=\"912\">contaba<\/span> <span data-scayt_word=\"para\" data-scaytid=\"592\">para<\/span> el 9N.&ldquo;Ante un <span data-scayt_word=\"adversario\" data-scaytid=\"913\">adversario<\/span> <span data-scayt_word=\"as\u00ed\" data-scaytid=\"609\">as\u00ed<\/span> no <span data-scayt_word=\"vamos\" data-scaytid=\"915\">vamos<\/span> a <span data-scayt_word=\"dar\" data-scaytid=\"836\">dar<\/span> <span data-scayt_word=\"m\u00e1s\" data-scaytid=\"916\">m\u00e1s<\/span> <span data-scayt_word=\"pistas\u201d\" data-scaytid=\"917\">pistas&rdquo;<\/span>, en <span data-scayt_word=\"una\" data-scaytid=\"610\">una<\/span> <span data-scayt_word=\"explicaci\u00f3n\" data-scaytid=\"919\">explicaci\u00f3n<\/span> <span data-scayt_word=\"que\" data-scaytid=\"580\">que<\/span> <span data-scayt_word=\"deja\" data-scaytid=\"920\">deja<\/span> <span data-scayt_word=\"abierta\" data-scaytid=\"921\">abierta<\/span> la <span data-scayt_word=\"movilizaci\u00f3n\" data-scaytid=\"922\">movilizaci\u00f3n<\/span> <span data-scayt_word=\"ciudadana\" data-scaytid=\"879\">ciudadana<\/span> y <span data-scayt_word=\"que\" data-scaytid=\"581\">que<\/span> <span data-scayt_word=\"busca\" data-scaytid=\"923\">busca<\/span> <span data-scayt_word=\"seguir\" data-scaytid=\"924\">seguir<\/span> <span data-scayt_word=\"encabezando\" data-scaytid=\"925\">encabezando<\/span> un <span data-scayt_word=\"proceso\" data-scaytid=\"603\">proceso<\/span> <span data-scayt_word=\"que\" data-scaytid=\"582\">que<\/span>, al <span data-scayt_word=\"menos\" data-scaytid=\"926\">menos<\/span> en <span data-scayt_word=\"relaci\u00f3n\" data-scaytid=\"927\">relaci\u00f3n<\/span> a los <span data-scayt_word=\"partidos\" data-scaytid=\"611\">partidos<\/span> <span data-scayt_word=\"proconsulta\" data-scaytid=\"612\">proconsulta<\/span>, <span data-scayt_word=\"presenta\" data-scaytid=\"930\">presenta<\/span> <span data-scayt_word=\"visibles\" data-scaytid=\"931\">visibles<\/span> <span data-scayt_word=\"grietas\" data-scaytid=\"932\">grietas<\/span>.<\/p>\n<p> \t\u00a0<\/p>\n<p> \tLa intenci\u00f3n de la Generalitat es organizar un proceso electoral de votaci\u00f3n en locales de la administraci\u00f3n catalana &ndash; o municipales que se sumen- con mesas de votaci\u00f3n, aunque el president rechaz\u00f3 los paralelismos trazados con las consultas independentistas iniciadas en Arenys de Munt. Mas avanz\u00f3 que en aquellos lugares donde la colaboraci\u00f3n municipal sea complicada de conseguir se echar\u00e1 mano de voluntarios, unos 20.000, aventur\u00f3 Mas que ser\u00edan necesarios para levar a cabo este proceso con garant\u00edas, para lo que hizo tambi\u00e9n un llamamiento a alcanzar la colaboraci\u00f3n de asociaciones y movimientos sociales, como la ANC y \u00d2mnium Cultural.<\/p>\n<p> \t\u00a0<\/p>\n<p> \t<img decoding=\"async\" class=\"size-full wp-image-6137\" alt=\"alt\" src=\"https:\/\/www.revistarambla.com\/wp-content\/uploads\/2014\/10\/revistarambla-03.jpg\" style=\"width: 700px; height: 380px;\" width=\"700\" height=\"380\" srcset=\"https:\/\/www.revistarambla.com\/wp-content\/uploads\/2014\/10\/revistarambla-03.jpg 700w, https:\/\/www.revistarambla.com\/wp-content\/uploads\/2014\/10\/revistarambla-03-300x163.jpg 300w, https:\/\/www.revistarambla.com\/wp-content\/uploads\/2014\/10\/revistarambla-03-500x271.jpg 500w\" sizes=\"(max-width: 700px) 100vw, 700px\" \/><\/p>","protected":false},"excerpt":{"rendered":"<p>El president de la Generalitat de Catalunya, Artur Mas, ha confirmado este martes que, finalmente, no se celebrar\u00e1 la consulta de autodeterminaci\u00f3n prevista para el pr\u00f3ximo 9 de noviembre. La iniciativa aparcada ser\u00e1 sustituida por un proceso de participaci\u00f3n electoral organizado por la Generalitat que permita eludir la decisi\u00f3n del [&hellip;]<\/p>\n","protected":false},"author":1,"featured_media":0,"comment_status":"open","ping_status":"open","sticky":false,"template":"","format":"standard","meta":{"footnotes":""},"categories":[76],"tags":[],"class_list":["post-6138","post","type-post","status-publish","format-standard","hentry","category-barcelona"],"yoast_head":"<!-- This site is optimized with the Yoast SEO plugin v27.5 - https:\/\/yoast.com\/product\/yoast-seo-wordpress\/ -->\n<title>Mas plantea una consulta alternativa al 9N con las plebiscitarias a la vista - Revista Rambla<\/title>\n<meta name=\"robots\" content=\"index, follow, max-snippet:-1, max-image-preview:large, max-video-preview:-1\" \/>\n<link rel=\"canonical\" href=\"https:\/\/www.revistarambla.com\/en\/mas-plantea-una-consulta-alternativa-al-9n-con-las-plebiscitarias-a-la-vista\/\" \/>\n<meta property=\"og:locale\" content=\"en_GB\" \/>\n<meta property=\"og:type\" content=\"article\" \/>\n<meta property=\"og:title\" content=\"Mas plantea una consulta alternativa al 9N con las plebiscitarias a la vista - Revista Rambla\" \/>\n<meta property=\"og:description\" content=\"El president de la Generalitat de Catalunya, Artur Mas, ha confirmado este martes que, finalmente, no se celebrar\u00e1 la consulta de autodeterminaci\u00f3n prevista para el pr\u00f3ximo 9 de noviembre. La iniciativa aparcada ser\u00e1 sustituida por un proceso de participaci\u00f3n electoral organizado por la Generalitat que permita eludir la decisi\u00f3n del [&hellip;]\" \/>\n<meta property=\"og:url\" content=\"https:\/\/www.revistarambla.com\/en\/mas-plantea-una-consulta-alternativa-al-9n-con-las-plebiscitarias-a-la-vista\/\" \/>\n<meta property=\"og:site_name\" content=\"Revista Rambla\" \/>\n<meta property=\"article:publisher\" content=\"https:\/\/www.facebook.com\/revistarambla\/\" \/>\n<meta property=\"article:published_time\" content=\"2014-10-14T11:10:06+00:00\" \/>\n<meta property=\"og:image\" content=\"https:\/\/i1.wp.com\/www.revistarambla.com\/wp-content\/uploads\/2014\/10\/revistarambla-01.jpg?fit=682%2C430&ssl=1\" \/>\n\t<meta property=\"og:image:width\" content=\"682\" \/>\n\t<meta property=\"og:image:height\" content=\"430\" \/>\n\t<meta property=\"og:image:type\" content=\"image\/jpeg\" \/>\n<meta name=\"author\" content=\"admin\" \/>\n<meta name=\"twitter:card\" content=\"summary_large_image\" \/>\n<meta name=\"twitter:creator\" content=\"@revistarambla\" \/>\n<meta name=\"twitter:site\" content=\"@revistarambla\" \/>\n<meta name=\"twitter:label1\" content=\"Written by\" \/>\n\t<meta name=\"twitter:data1\" content=\"admin\" \/>\n\t<meta name=\"twitter:label2\" content=\"Estimated reading time\" \/>\n\t<meta name=\"twitter:data2\" content=\"4 minutes\" \/>\n<script type=\"application\/ld+json\" class=\"yoast-schema-graph\">{\"@context\":\"https:\\\/\\\/schema.org\",\"@graph\":[{\"@type\":\"Article\",\"@id\":\"https:\\\/\\\/www.revistarambla.com\\\/mas-plantea-una-consulta-alternativa-al-9n-con-las-plebiscitarias-a-la-vista\\\/#article\",\"isPartOf\":{\"@id\":\"https:\\\/\\\/www.revistarambla.com\\\/mas-plantea-una-consulta-alternativa-al-9n-con-las-plebiscitarias-a-la-vista\\\/\"},\"author\":{\"name\":\"admin\",\"@id\":\"https:\\\/\\\/www.revistarambla.com\\\/#\\\/schema\\\/person\\\/4a5652fc8c82df1f8593002d038cd79e\"},\"headline\":\"Mas plantea una consulta alternativa al 9N con las plebiscitarias a la vista\",\"datePublished\":\"2014-10-14T11:10:06+00:00\",\"mainEntityOfPage\":{\"@id\":\"https:\\\/\\\/www.revistarambla.com\\\/mas-plantea-una-consulta-alternativa-al-9n-con-las-plebiscitarias-a-la-vista\\\/\"},\"wordCount\":835,\"commentCount\":0,\"publisher\":{\"@id\":\"https:\\\/\\\/www.revistarambla.com\\\/#organization\"},\"image\":{\"@id\":\"https:\\\/\\\/www.revistarambla.com\\\/mas-plantea-una-consulta-alternativa-al-9n-con-las-plebiscitarias-a-la-vista\\\/#primaryimage\"},\"thumbnailUrl\":\"https:\\\/\\\/www.revistarambla.com\\\/wp-content\\\/uploads\\\/2014\\\/10\\\/revistarambla-01.jpg\",\"articleSection\":[\"Barcelona\"],\"inLanguage\":\"en-GB\",\"potentialAction\":[{\"@type\":\"CommentAction\",\"name\":\"Comment\",\"target\":[\"https:\\\/\\\/www.revistarambla.com\\\/mas-plantea-una-consulta-alternativa-al-9n-con-las-plebiscitarias-a-la-vista\\\/#respond\"]}]},{\"@type\":\"WebPage\",\"@id\":\"https:\\\/\\\/www.revistarambla.com\\\/mas-plantea-una-consulta-alternativa-al-9n-con-las-plebiscitarias-a-la-vista\\\/\",\"url\":\"https:\\\/\\\/www.revistarambla.com\\\/mas-plantea-una-consulta-alternativa-al-9n-con-las-plebiscitarias-a-la-vista\\\/\",\"name\":\"Mas plantea una consulta alternativa al 9N con las plebiscitarias a la vista - Revista Rambla\",\"isPartOf\":{\"@id\":\"https:\\\/\\\/www.revistarambla.com\\\/#website\"},\"primaryImageOfPage\":{\"@id\":\"https:\\\/\\\/www.revistarambla.com\\\/mas-plantea-una-consulta-alternativa-al-9n-con-las-plebiscitarias-a-la-vista\\\/#primaryimage\"},\"image\":{\"@id\":\"https:\\\/\\\/www.revistarambla.com\\\/mas-plantea-una-consulta-alternativa-al-9n-con-las-plebiscitarias-a-la-vista\\\/#primaryimage\"},\"thumbnailUrl\":\"https:\\\/\\\/www.revistarambla.com\\\/wp-content\\\/uploads\\\/2014\\\/10\\\/revistarambla-01.jpg\",\"datePublished\":\"2014-10-14T11:10:06+00:00\",\"breadcrumb\":{\"@id\":\"https:\\\/\\\/www.revistarambla.com\\\/mas-plantea-una-consulta-alternativa-al-9n-con-las-plebiscitarias-a-la-vista\\\/#breadcrumb\"},\"inLanguage\":\"en-GB\",\"potentialAction\":[{\"@type\":\"ReadAction\",\"target\":[\"https:\\\/\\\/www.revistarambla.com\\\/mas-plantea-una-consulta-alternativa-al-9n-con-las-plebiscitarias-a-la-vista\\\/\"]}]},{\"@type\":\"ImageObject\",\"inLanguage\":\"en-GB\",\"@id\":\"https:\\\/\\\/www.revistarambla.com\\\/mas-plantea-una-consulta-alternativa-al-9n-con-las-plebiscitarias-a-la-vista\\\/#primaryimage\",\"url\":\"https:\\\/\\\/www.revistarambla.com\\\/wp-content\\\/uploads\\\/2014\\\/10\\\/revistarambla-01.jpg\",\"contentUrl\":\"https:\\\/\\\/www.revistarambla.com\\\/wp-content\\\/uploads\\\/2014\\\/10\\\/revistarambla-01.jpg\"},{\"@type\":\"BreadcrumbList\",\"@id\":\"https:\\\/\\\/www.revistarambla.com\\\/mas-plantea-una-consulta-alternativa-al-9n-con-las-plebiscitarias-a-la-vista\\\/#breadcrumb\",\"itemListElement\":[{\"@type\":\"ListItem\",\"position\":1,\"name\":\"Portada\",\"item\":\"https:\\\/\\\/www.revistarambla.com\\\/\"},{\"@type\":\"ListItem\",\"position\":2,\"name\":\"Mas plantea una consulta alternativa al 9N con las plebiscitarias a la vista\"}]},{\"@type\":\"WebSite\",\"@id\":\"https:\\\/\\\/www.revistarambla.com\\\/#website\",\"url\":\"https:\\\/\\\/www.revistarambla.com\\\/\",\"name\":\"Revista Rambla Barcelona\",\"description\":\"Periodismo independiente\",\"publisher\":{\"@id\":\"https:\\\/\\\/www.revistarambla.com\\\/#organization\"},\"potentialAction\":[{\"@type\":\"SearchAction\",\"target\":{\"@type\":\"EntryPoint\",\"urlTemplate\":\"https:\\\/\\\/www.revistarambla.com\\\/?s={search_term_string}\"},\"query-input\":{\"@type\":\"PropertyValueSpecification\",\"valueRequired\":true,\"valueName\":\"search_term_string\"}}],\"inLanguage\":\"en-GB\"},{\"@type\":\"Organization\",\"@id\":\"https:\\\/\\\/www.revistarambla.com\\\/#organization\",\"name\":\"Revista Rambla\",\"url\":\"https:\\\/\\\/www.revistarambla.com\\\/\",\"logo\":{\"@type\":\"ImageObject\",\"inLanguage\":\"en-GB\",\"@id\":\"https:\\\/\\\/www.revistarambla.com\\\/#\\\/schema\\\/logo\\\/image\\\/\",\"url\":\"https:\\\/\\\/www.revistarambla.com\\\/wp-content\\\/uploads\\\/2020\\\/09\\\/banner_rambla_1900x600_BB.png\",\"contentUrl\":\"https:\\\/\\\/www.revistarambla.com\\\/wp-content\\\/uploads\\\/2020\\\/09\\\/banner_rambla_1900x600_BB.png\",\"width\":1900,\"height\":600,\"caption\":\"Revista Rambla\"},\"image\":{\"@id\":\"https:\\\/\\\/www.revistarambla.com\\\/#\\\/schema\\\/logo\\\/image\\\/\"},\"sameAs\":[\"https:\\\/\\\/www.facebook.com\\\/revistarambla\\\/\",\"https:\\\/\\\/x.com\\\/revistarambla\",\"https:\\\/\\\/www.instagram.com\\\/revista_rambla\",\"https:\\\/\\\/es.linkedin.com\\\/company\\\/revista-rambla\"]},{\"@type\":\"Person\",\"@id\":\"https:\\\/\\\/www.revistarambla.com\\\/#\\\/schema\\\/person\\\/4a5652fc8c82df1f8593002d038cd79e\",\"name\":\"admin\"}]}<\/script>\n<!-- \/ Yoast SEO plugin. -->","yoast_head_json":{"title":"Mas plantea una consulta alternativa al 9N con las plebiscitarias a la vista - Revista Rambla","robots":{"index":"index","follow":"follow","max-snippet":"max-snippet:-1","max-image-preview":"max-image-preview:large","max-video-preview":"max-video-preview:-1"},"canonical":"https:\/\/www.revistarambla.com\/en\/mas-plantea-una-consulta-alternativa-al-9n-con-las-plebiscitarias-a-la-vista\/","og_locale":"en_GB","og_type":"article","og_title":"Mas plantea una consulta alternativa al 9N con las plebiscitarias a la vista - Revista Rambla","og_description":"El president de la Generalitat de Catalunya, Artur Mas, ha confirmado este martes que, finalmente, no se celebrar\u00e1 la consulta de autodeterminaci\u00f3n prevista para el pr\u00f3ximo 9 de noviembre. La iniciativa aparcada ser\u00e1 sustituida por un proceso de participaci\u00f3n electoral organizado por la Generalitat que permita eludir la decisi\u00f3n del [&hellip;]","og_url":"https:\/\/www.revistarambla.com\/en\/mas-plantea-una-consulta-alternativa-al-9n-con-las-plebiscitarias-a-la-vista\/","og_site_name":"Revista Rambla","article_publisher":"https:\/\/www.facebook.com\/revistarambla\/","article_published_time":"2014-10-14T11:10:06+00:00","og_image":[{"width":682,"height":430,"url":"https:\/\/i1.wp.com\/www.revistarambla.com\/wp-content\/uploads\/2014\/10\/revistarambla-01.jpg?fit=682%2C430&ssl=1","type":"image\/jpeg"}],"author":"admin","twitter_card":"summary_large_image","twitter_creator":"@revistarambla","twitter_site":"@revistarambla","twitter_misc":{"Written by":"admin","Estimated reading time":"4 minutes"},"schema":{"@context":"https:\/\/schema.org","@graph":[{"@type":"Article","@id":"https:\/\/www.revistarambla.com\/mas-plantea-una-consulta-alternativa-al-9n-con-las-plebiscitarias-a-la-vista\/#article","isPartOf":{"@id":"https:\/\/www.revistarambla.com\/mas-plantea-una-consulta-alternativa-al-9n-con-las-plebiscitarias-a-la-vista\/"},"author":{"name":"admin","@id":"https:\/\/www.revistarambla.com\/#\/schema\/person\/4a5652fc8c82df1f8593002d038cd79e"},"headline":"Mas plantea una consulta alternativa al 9N con las plebiscitarias a la vista","datePublished":"2014-10-14T11:10:06+00:00","mainEntityOfPage":{"@id":"https:\/\/www.revistarambla.com\/mas-plantea-una-consulta-alternativa-al-9n-con-las-plebiscitarias-a-la-vista\/"},"wordCount":835,"commentCount":0,"publisher":{"@id":"https:\/\/www.revistarambla.com\/#organization"},"image":{"@id":"https:\/\/www.revistarambla.com\/mas-plantea-una-consulta-alternativa-al-9n-con-las-plebiscitarias-a-la-vista\/#primaryimage"},"thumbnailUrl":"https:\/\/www.revistarambla.com\/wp-content\/uploads\/2014\/10\/revistarambla-01.jpg","articleSection":["Barcelona"],"inLanguage":"en-GB","potentialAction":[{"@type":"CommentAction","name":"Comment","target":["https:\/\/www.revistarambla.com\/mas-plantea-una-consulta-alternativa-al-9n-con-las-plebiscitarias-a-la-vista\/#respond"]}]},{"@type":"WebPage","@id":"https:\/\/www.revistarambla.com\/mas-plantea-una-consulta-alternativa-al-9n-con-las-plebiscitarias-a-la-vista\/","url":"https:\/\/www.revistarambla.com\/mas-plantea-una-consulta-alternativa-al-9n-con-las-plebiscitarias-a-la-vista\/","name":"Mas plantea una consulta alternativa al 9N con las plebiscitarias a la vista - Revista Rambla","isPartOf":{"@id":"https:\/\/www.revistarambla.com\/#website"},"primaryImageOfPage":{"@id":"https:\/\/www.revistarambla.com\/mas-plantea-una-consulta-alternativa-al-9n-con-las-plebiscitarias-a-la-vista\/#primaryimage"},"image":{"@id":"https:\/\/www.revistarambla.com\/mas-plantea-una-consulta-alternativa-al-9n-con-las-plebiscitarias-a-la-vista\/#primaryimage"},"thumbnailUrl":"https:\/\/www.revistarambla.com\/wp-content\/uploads\/2014\/10\/revistarambla-01.jpg","datePublished":"2014-10-14T11:10:06+00:00","breadcrumb":{"@id":"https:\/\/www.revistarambla.com\/mas-plantea-una-consulta-alternativa-al-9n-con-las-plebiscitarias-a-la-vista\/#breadcrumb"},"inLanguage":"en-GB","potentialAction":[{"@type":"ReadAction","target":["https:\/\/www.revistarambla.com\/mas-plantea-una-consulta-alternativa-al-9n-con-las-plebiscitarias-a-la-vista\/"]}]},{"@type":"ImageObject","inLanguage":"en-GB","@id":"https:\/\/www.revistarambla.com\/mas-plantea-una-consulta-alternativa-al-9n-con-las-plebiscitarias-a-la-vista\/#primaryimage","url":"https:\/\/www.revistarambla.com\/wp-content\/uploads\/2014\/10\/revistarambla-01.jpg","contentUrl":"https:\/\/www.revistarambla.com\/wp-content\/uploads\/2014\/10\/revistarambla-01.jpg"},{"@type":"BreadcrumbList","@id":"https:\/\/www.revistarambla.com\/mas-plantea-una-consulta-alternativa-al-9n-con-las-plebiscitarias-a-la-vista\/#breadcrumb","itemListElement":[{"@type":"ListItem","position":1,"name":"Portada","item":"https:\/\/www.revistarambla.com\/"},{"@type":"ListItem","position":2,"name":"Mas plantea una consulta alternativa al 9N con las plebiscitarias a la vista"}]},{"@type":"WebSite","@id":"https:\/\/www.revistarambla.com\/#website","url":"https:\/\/www.revistarambla.com\/","name":"Revista Rambla Barcelona","description":"Periodismo independiente","publisher":{"@id":"https:\/\/www.revistarambla.com\/#organization"},"potentialAction":[{"@type":"SearchAction","target":{"@type":"EntryPoint","urlTemplate":"https:\/\/www.revistarambla.com\/?s={search_term_string}"},"query-input":{"@type":"PropertyValueSpecification","valueRequired":true,"valueName":"search_term_string"}}],"inLanguage":"en-GB"},{"@type":"Organization","@id":"https:\/\/www.revistarambla.com\/#organization","name":"Revista Rambla","url":"https:\/\/www.revistarambla.com\/","logo":{"@type":"ImageObject","inLanguage":"en-GB","@id":"https:\/\/www.revistarambla.com\/#\/schema\/logo\/image\/","url":"https:\/\/www.revistarambla.com\/wp-content\/uploads\/2020\/09\/banner_rambla_1900x600_BB.png","contentUrl":"https:\/\/www.revistarambla.com\/wp-content\/uploads\/2020\/09\/banner_rambla_1900x600_BB.png","width":1900,"height":600,"caption":"Revista Rambla"},"image":{"@id":"https:\/\/www.revistarambla.com\/#\/schema\/logo\/image\/"},"sameAs":["https:\/\/www.facebook.com\/revistarambla\/","https:\/\/x.com\/revistarambla","https:\/\/www.instagram.com\/revista_rambla","https:\/\/es.linkedin.com\/company\/revista-rambla"]},{"@type":"Person","@id":"https:\/\/www.revistarambla.com\/#\/schema\/person\/4a5652fc8c82df1f8593002d038cd79e","name":"admin"}]}},"_links":{"self":[{"href":"https:\/\/www.revistarambla.com\/en\/wp-json\/wp\/v2\/posts\/6138","targetHints":{"allow":["GET"]}}],"collection":[{"href":"https:\/\/www.revistarambla.com\/en\/wp-json\/wp\/v2\/posts"}],"about":[{"href":"https:\/\/www.revistarambla.com\/en\/wp-json\/wp\/v2\/types\/post"}],"author":[{"embeddable":true,"href":"https:\/\/www.revistarambla.com\/en\/wp-json\/wp\/v2\/users\/1"}],"replies":[{"embeddable":true,"href":"https:\/\/www.revistarambla.com\/en\/wp-json\/wp\/v2\/comments?post=6138"}],"version-history":[{"count":0,"href":"https:\/\/www.revistarambla.com\/en\/wp-json\/wp\/v2\/posts\/6138\/revisions"}],"wp:attachment":[{"href":"https:\/\/www.revistarambla.com\/en\/wp-json\/wp\/v2\/media?parent=6138"}],"wp:term":[{"taxonomy":"category","embeddable":true,"href":"https:\/\/www.revistarambla.com\/en\/wp-json\/wp\/v2\/categories?post=6138"},{"taxonomy":"post_tag","embeddable":true,"href":"https:\/\/www.revistarambla.com\/en\/wp-json\/wp\/v2\/tags?post=6138"}],"curies":[{"name":"wp","href":"https:\/\/api.w.org\/{rel}","templated":true}]}}