{"id":61268,"date":"2024-06-22T00:14:51","date_gmt":"2024-06-21T22:14:51","guid":{"rendered":"https:\/\/www.revistarambla.com\/?p=61268"},"modified":"2024-06-22T00:17:30","modified_gmt":"2024-06-21T22:17:30","slug":"barcelona-anuncia-que-no-renovara-mas-de-10-000-licencias-de-pisos-turisticos","status":"publish","type":"post","link":"https:\/\/www.revistarambla.com\/en\/barcelona-anuncia-que-no-renovara-mas-de-10-000-licencias-de-pisos-turisticos\/","title":{"rendered":"Barcelona anuncia que no renovar\u00e1 m\u00e1s de 10.000 licencias de pisos tur\u00edsticos"},"content":{"rendered":"<p>Hasta 10.100 pisos tur\u00edsticos finalizan sus licencias de aqu\u00ed a noviembre de 2028. El Ayuntamiento de Barcelona ha decidido no renovar ninguna de esas licencias <!--more-->ante el grave problema de acceso a la vivienda que sufre la ciudad.<\/p>\n<p>Eso es lo que ha anunciado el alcalde socialista, Jaume Collboni, en una rueda de prensa esta misma ma\u00f1ana. El alcalde ha se\u00f1alado que no es posible que los j\u00f3venes que se quieren marchar de casas de sus padres tengan que abandonar la ciudad ante los elevados precios de la vivienda en la ciudad, que ha se\u00f1alado que ha sido del 70% en diez a\u00f1os en caso del alquiler y del 40% en la compra, en gran parte por la falta de oferta de pisos que provoca que miles de viviendas se dediquen al alquiler vacacional.<\/p>\n<p>Mediante el decreto aprobado por la Generalitat que permite extinguir licencias de este tipo, el consistorio barcelon\u00e9s no renovar\u00e1 las licencias de pisos de esas m\u00e1s de 10.000 propiedades que en la actualidad se dedican a los turistas mientras se ahoga la oferta de propiedades residenciales.<\/p>\n<p>La opini\u00f3n del Sindicat de Llogateres, <a href=\"https:\/\/www.revistarambla.com\/en\/fin-a-las-licencias-de-vivienda-de-uso-turistico-en-barcelona\/\">en este enlace<\/a>.<\/p>","protected":false},"excerpt":{"rendered":"<p>Collboni ha explicado que antes de noviembre de 2028, fecha m\u00e1xima en la que caducan las licencias tur\u00edsticas, se convertir\u00e1n en pisos residenciales<\/p>","protected":false},"author":3,"featured_media":43056,"comment_status":"closed","ping_status":"closed","sticky":false,"template":"","format":"standard","meta":{"footnotes":""},"categories":[76],"tags":[],"class_list":["post-61268","post","type-post","status-publish","format-standard","has-post-thumbnail","hentry","category-barcelona"],"yoast_head":"<!-- This site is optimized with the Yoast SEO plugin v27.5 - https:\/\/yoast.com\/product\/yoast-seo-wordpress\/ -->\n<title>Barcelona anuncia que no renovar\u00e1 licencias de pisos tur\u00edsticos<\/title>\n<meta name=\"description\" content=\"El Ayuntamiento de Barcelona ha decidido no renovar licencias de pisos tur\u00edsticos ante el problema de acceso a la vivienda en la ciudad.\" \/>\n<meta name=\"robots\" content=\"index, follow, max-snippet:-1, max-image-preview:large, max-video-preview:-1\" \/>\n<link rel=\"canonical\" href=\"https:\/\/www.revistarambla.com\/en\/barcelona-anuncia-que-no-renovara-mas-de-10-000-licencias-de-pisos-turisticos\/\" \/>\n<meta property=\"og:locale\" content=\"en_GB\" \/>\n<meta property=\"og:type\" content=\"article\" \/>\n<meta property=\"og:title\" content=\"Barcelona anuncia que no renovar\u00e1 licencias de pisos tur\u00edsticos\" \/>\n<meta property=\"og:description\" content=\"El Ayuntamiento de Barcelona ha decidido no renovar licencias de pisos tur\u00edsticos ante el problema de acceso a la vivienda en la ciudad.\" \/>\n<meta property=\"og:url\" content=\"https:\/\/www.revistarambla.com\/en\/barcelona-anuncia-que-no-renovara-mas-de-10-000-licencias-de-pisos-turisticos\/\" \/>\n<meta property=\"og:site_name\" content=\"Revista Rambla\" \/>\n<meta property=\"article:publisher\" content=\"https:\/\/www.facebook.com\/revistarambla\/\" \/>\n<meta property=\"article:author\" content=\"https:\/\/www.facebook.com\/revistarambla\" \/>\n<meta property=\"article:published_time\" content=\"2024-06-21T22:14:51+00:00\" \/>\n<meta property=\"article:modified_time\" content=\"2024-06-21T22:17:30+00:00\" \/>\n<meta property=\"og:image\" content=\"https:\/\/www.revistarambla.com\/wp-content\/uploads\/2022\/06\/1024px-Jaume_Collboni_By-line_PEPA_ALVAREZ._7M0A6768_49548637306.jpg\" \/>\n\t<meta property=\"og:image:width\" content=\"1024\" \/>\n\t<meta property=\"og:image:height\" content=\"683\" \/>\n\t<meta property=\"og:image:type\" content=\"image\/jpeg\" \/>\n<meta name=\"author\" content=\"R@mbla\" \/>\n<meta name=\"twitter:card\" content=\"summary_large_image\" \/>\n<meta name=\"twitter:creator\" content=\"@revistarambla\" \/>\n<meta name=\"twitter:site\" content=\"@revistarambla\" \/>\n<meta name=\"twitter:label1\" content=\"Written by\" \/>\n\t<meta name=\"twitter:data1\" content=\"R@mbla\" \/>\n\t<meta name=\"twitter:label2\" content=\"Estimated reading time\" \/>\n\t<meta name=\"twitter:data2\" content=\"2 minutes\" \/>\n<script type=\"application\/ld+json\" class=\"yoast-schema-graph\">{\"@context\":\"https:\\\/\\\/schema.org\",\"@graph\":[{\"@type\":\"Article\",\"@id\":\"https:\\\/\\\/www.revistarambla.com\\\/barcelona-anuncia-que-no-renovara-mas-de-10-000-licencias-de-pisos-turisticos\\\/#article\",\"isPartOf\":{\"@id\":\"https:\\\/\\\/www.revistarambla.com\\\/barcelona-anuncia-que-no-renovara-mas-de-10-000-licencias-de-pisos-turisticos\\\/\"},\"author\":{\"name\":\"R@mbla\",\"@id\":\"https:\\\/\\\/www.revistarambla.com\\\/#\\\/schema\\\/person\\\/a146a5a2550b94981a75131180e1bd9c\"},\"headline\":\"Barcelona anuncia que no renovar\u00e1 m\u00e1s de 10.000 licencias de pisos tur\u00edsticos\",\"datePublished\":\"2024-06-21T22:14:51+00:00\",\"dateModified\":\"2024-06-21T22:17:30+00:00\",\"mainEntityOfPage\":{\"@id\":\"https:\\\/\\\/www.revistarambla.com\\\/barcelona-anuncia-que-no-renovara-mas-de-10-000-licencias-de-pisos-turisticos\\\/\"},\"wordCount\":206,\"publisher\":{\"@id\":\"https:\\\/\\\/www.revistarambla.com\\\/#organization\"},\"image\":{\"@id\":\"https:\\\/\\\/www.revistarambla.com\\\/barcelona-anuncia-que-no-renovara-mas-de-10-000-licencias-de-pisos-turisticos\\\/#primaryimage\"},\"thumbnailUrl\":\"https:\\\/\\\/www.revistarambla.com\\\/wp-content\\\/uploads\\\/2022\\\/06\\\/1024px-Jaume_Collboni_By-line_PEPA_ALVAREZ._7M0A6768_49548637306.jpg\",\"articleSection\":[\"Barcelona\"],\"inLanguage\":\"en-GB\"},{\"@type\":\"WebPage\",\"@id\":\"https:\\\/\\\/www.revistarambla.com\\\/barcelona-anuncia-que-no-renovara-mas-de-10-000-licencias-de-pisos-turisticos\\\/\",\"url\":\"https:\\\/\\\/www.revistarambla.com\\\/barcelona-anuncia-que-no-renovara-mas-de-10-000-licencias-de-pisos-turisticos\\\/\",\"name\":\"Barcelona anuncia que no renovar\u00e1 licencias de pisos tur\u00edsticos\",\"isPartOf\":{\"@id\":\"https:\\\/\\\/www.revistarambla.com\\\/#website\"},\"primaryImageOfPage\":{\"@id\":\"https:\\\/\\\/www.revistarambla.com\\\/barcelona-anuncia-que-no-renovara-mas-de-10-000-licencias-de-pisos-turisticos\\\/#primaryimage\"},\"image\":{\"@id\":\"https:\\\/\\\/www.revistarambla.com\\\/barcelona-anuncia-que-no-renovara-mas-de-10-000-licencias-de-pisos-turisticos\\\/#primaryimage\"},\"thumbnailUrl\":\"https:\\\/\\\/www.revistarambla.com\\\/wp-content\\\/uploads\\\/2022\\\/06\\\/1024px-Jaume_Collboni_By-line_PEPA_ALVAREZ._7M0A6768_49548637306.jpg\",\"datePublished\":\"2024-06-21T22:14:51+00:00\",\"dateModified\":\"2024-06-21T22:17:30+00:00\",\"description\":\"El Ayuntamiento de Barcelona ha decidido no renovar licencias de pisos tur\u00edsticos ante el problema de acceso a la vivienda en la ciudad.\",\"breadcrumb\":{\"@id\":\"https:\\\/\\\/www.revistarambla.com\\\/barcelona-anuncia-que-no-renovara-mas-de-10-000-licencias-de-pisos-turisticos\\\/#breadcrumb\"},\"inLanguage\":\"en-GB\",\"potentialAction\":[{\"@type\":\"ReadAction\",\"target\":[\"https:\\\/\\\/www.revistarambla.com\\\/barcelona-anuncia-que-no-renovara-mas-de-10-000-licencias-de-pisos-turisticos\\\/\"]}]},{\"@type\":\"ImageObject\",\"inLanguage\":\"en-GB\",\"@id\":\"https:\\\/\\\/www.revistarambla.com\\\/barcelona-anuncia-que-no-renovara-mas-de-10-000-licencias-de-pisos-turisticos\\\/#primaryimage\",\"url\":\"https:\\\/\\\/www.revistarambla.com\\\/wp-content\\\/uploads\\\/2022\\\/06\\\/1024px-Jaume_Collboni_By-line_PEPA_ALVAREZ._7M0A6768_49548637306.jpg\",\"contentUrl\":\"https:\\\/\\\/www.revistarambla.com\\\/wp-content\\\/uploads\\\/2022\\\/06\\\/1024px-Jaume_Collboni_By-line_PEPA_ALVAREZ._7M0A6768_49548637306.jpg\",\"width\":1024,\"height\":683,\"caption\":\"licencias pisos\"},{\"@type\":\"BreadcrumbList\",\"@id\":\"https:\\\/\\\/www.revistarambla.com\\\/barcelona-anuncia-que-no-renovara-mas-de-10-000-licencias-de-pisos-turisticos\\\/#breadcrumb\",\"itemListElement\":[{\"@type\":\"ListItem\",\"position\":1,\"name\":\"Portada\",\"item\":\"https:\\\/\\\/www.revistarambla.com\\\/\"},{\"@type\":\"ListItem\",\"position\":2,\"name\":\"Barcelona anuncia que no renovar\u00e1 m\u00e1s de 10.000 licencias de pisos tur\u00edsticos\"}]},{\"@type\":\"WebSite\",\"@id\":\"https:\\\/\\\/www.revistarambla.com\\\/#website\",\"url\":\"https:\\\/\\\/www.revistarambla.com\\\/\",\"name\":\"Revista Rambla Barcelona\",\"description\":\"Periodismo independiente\",\"publisher\":{\"@id\":\"https:\\\/\\\/www.revistarambla.com\\\/#organization\"},\"potentialAction\":[{\"@type\":\"SearchAction\",\"target\":{\"@type\":\"EntryPoint\",\"urlTemplate\":\"https:\\\/\\\/www.revistarambla.com\\\/?s={search_term_string}\"},\"query-input\":{\"@type\":\"PropertyValueSpecification\",\"valueRequired\":true,\"valueName\":\"search_term_string\"}}],\"inLanguage\":\"en-GB\"},{\"@type\":\"Organization\",\"@id\":\"https:\\\/\\\/www.revistarambla.com\\\/#organization\",\"name\":\"Revista Rambla\",\"url\":\"https:\\\/\\\/www.revistarambla.com\\\/\",\"logo\":{\"@type\":\"ImageObject\",\"inLanguage\":\"en-GB\",\"@id\":\"https:\\\/\\\/www.revistarambla.com\\\/#\\\/schema\\\/logo\\\/image\\\/\",\"url\":\"https:\\\/\\\/www.revistarambla.com\\\/wp-content\\\/uploads\\\/2020\\\/09\\\/banner_rambla_1900x600_BB.png\",\"contentUrl\":\"https:\\\/\\\/www.revistarambla.com\\\/wp-content\\\/uploads\\\/2020\\\/09\\\/banner_rambla_1900x600_BB.png\",\"width\":1900,\"height\":600,\"caption\":\"Revista Rambla\"},\"image\":{\"@id\":\"https:\\\/\\\/www.revistarambla.com\\\/#\\\/schema\\\/logo\\\/image\\\/\"},\"sameAs\":[\"https:\\\/\\\/www.facebook.com\\\/revistarambla\\\/\",\"https:\\\/\\\/x.com\\\/revistarambla\",\"https:\\\/\\\/www.instagram.com\\\/revista_rambla\",\"https:\\\/\\\/es.linkedin.com\\\/company\\\/revista-rambla\"]},{\"@type\":\"Person\",\"@id\":\"https:\\\/\\\/www.revistarambla.com\\\/#\\\/schema\\\/person\\\/a146a5a2550b94981a75131180e1bd9c\",\"name\":\"R@mbla\",\"description\":\"Este art\u00edculo ha sido redactado y\\\/o validado por el equipo de redacci\u00f3n de Revista Rambla.\",\"sameAs\":[\"https:\\\/\\\/www.revistarambla.com\\\/\",\"https:\\\/\\\/www.facebook.com\\\/revistarambla\",\"https:\\\/\\\/x.com\\\/revistarambla\"]}]}<\/script>\n<!-- \/ Yoast SEO plugin. -->","yoast_head_json":{"title":"Barcelona anuncia que no renovar\u00e1 licencias de pisos tur\u00edsticos","description":"El Ayuntamiento de Barcelona ha decidido no renovar licencias de pisos tur\u00edsticos ante el problema de acceso a la vivienda en la ciudad.","robots":{"index":"index","follow":"follow","max-snippet":"max-snippet:-1","max-image-preview":"max-image-preview:large","max-video-preview":"max-video-preview:-1"},"canonical":"https:\/\/www.revistarambla.com\/en\/barcelona-anuncia-que-no-renovara-mas-de-10-000-licencias-de-pisos-turisticos\/","og_locale":"en_GB","og_type":"article","og_title":"Barcelona anuncia que no renovar\u00e1 licencias de pisos tur\u00edsticos","og_description":"El Ayuntamiento de Barcelona ha decidido no renovar licencias de pisos tur\u00edsticos ante el problema de acceso a la vivienda en la ciudad.","og_url":"https:\/\/www.revistarambla.com\/en\/barcelona-anuncia-que-no-renovara-mas-de-10-000-licencias-de-pisos-turisticos\/","og_site_name":"Revista Rambla","article_publisher":"https:\/\/www.facebook.com\/revistarambla\/","article_author":"https:\/\/www.facebook.com\/revistarambla","article_published_time":"2024-06-21T22:14:51+00:00","article_modified_time":"2024-06-21T22:17:30+00:00","og_image":[{"width":1024,"height":683,"url":"https:\/\/www.revistarambla.com\/wp-content\/uploads\/2022\/06\/1024px-Jaume_Collboni_By-line_PEPA_ALVAREZ._7M0A6768_49548637306.jpg","type":"image\/jpeg"}],"author":"R@mbla","twitter_card":"summary_large_image","twitter_creator":"@revistarambla","twitter_site":"@revistarambla","twitter_misc":{"Written by":"R@mbla","Estimated reading time":"2 minutes"},"schema":{"@context":"https:\/\/schema.org","@graph":[{"@type":"Article","@id":"https:\/\/www.revistarambla.com\/barcelona-anuncia-que-no-renovara-mas-de-10-000-licencias-de-pisos-turisticos\/#article","isPartOf":{"@id":"https:\/\/www.revistarambla.com\/barcelona-anuncia-que-no-renovara-mas-de-10-000-licencias-de-pisos-turisticos\/"},"author":{"name":"R@mbla","@id":"https:\/\/www.revistarambla.com\/#\/schema\/person\/a146a5a2550b94981a75131180e1bd9c"},"headline":"Barcelona anuncia que no renovar\u00e1 m\u00e1s de 10.000 licencias de pisos tur\u00edsticos","datePublished":"2024-06-21T22:14:51+00:00","dateModified":"2024-06-21T22:17:30+00:00","mainEntityOfPage":{"@id":"https:\/\/www.revistarambla.com\/barcelona-anuncia-que-no-renovara-mas-de-10-000-licencias-de-pisos-turisticos\/"},"wordCount":206,"publisher":{"@id":"https:\/\/www.revistarambla.com\/#organization"},"image":{"@id":"https:\/\/www.revistarambla.com\/barcelona-anuncia-que-no-renovara-mas-de-10-000-licencias-de-pisos-turisticos\/#primaryimage"},"thumbnailUrl":"https:\/\/www.revistarambla.com\/wp-content\/uploads\/2022\/06\/1024px-Jaume_Collboni_By-line_PEPA_ALVAREZ._7M0A6768_49548637306.jpg","articleSection":["Barcelona"],"inLanguage":"en-GB"},{"@type":"WebPage","@id":"https:\/\/www.revistarambla.com\/barcelona-anuncia-que-no-renovara-mas-de-10-000-licencias-de-pisos-turisticos\/","url":"https:\/\/www.revistarambla.com\/barcelona-anuncia-que-no-renovara-mas-de-10-000-licencias-de-pisos-turisticos\/","name":"Barcelona anuncia que no renovar\u00e1 licencias de pisos tur\u00edsticos","isPartOf":{"@id":"https:\/\/www.revistarambla.com\/#website"},"primaryImageOfPage":{"@id":"https:\/\/www.revistarambla.com\/barcelona-anuncia-que-no-renovara-mas-de-10-000-licencias-de-pisos-turisticos\/#primaryimage"},"image":{"@id":"https:\/\/www.revistarambla.com\/barcelona-anuncia-que-no-renovara-mas-de-10-000-licencias-de-pisos-turisticos\/#primaryimage"},"thumbnailUrl":"https:\/\/www.revistarambla.com\/wp-content\/uploads\/2022\/06\/1024px-Jaume_Collboni_By-line_PEPA_ALVAREZ._7M0A6768_49548637306.jpg","datePublished":"2024-06-21T22:14:51+00:00","dateModified":"2024-06-21T22:17:30+00:00","description":"El Ayuntamiento de Barcelona ha decidido no renovar licencias de pisos tur\u00edsticos ante el problema de acceso a la vivienda en la ciudad.","breadcrumb":{"@id":"https:\/\/www.revistarambla.com\/barcelona-anuncia-que-no-renovara-mas-de-10-000-licencias-de-pisos-turisticos\/#breadcrumb"},"inLanguage":"en-GB","potentialAction":[{"@type":"ReadAction","target":["https:\/\/www.revistarambla.com\/barcelona-anuncia-que-no-renovara-mas-de-10-000-licencias-de-pisos-turisticos\/"]}]},{"@type":"ImageObject","inLanguage":"en-GB","@id":"https:\/\/www.revistarambla.com\/barcelona-anuncia-que-no-renovara-mas-de-10-000-licencias-de-pisos-turisticos\/#primaryimage","url":"https:\/\/www.revistarambla.com\/wp-content\/uploads\/2022\/06\/1024px-Jaume_Collboni_By-line_PEPA_ALVAREZ._7M0A6768_49548637306.jpg","contentUrl":"https:\/\/www.revistarambla.com\/wp-content\/uploads\/2022\/06\/1024px-Jaume_Collboni_By-line_PEPA_ALVAREZ._7M0A6768_49548637306.jpg","width":1024,"height":683,"caption":"licencias pisos"},{"@type":"BreadcrumbList","@id":"https:\/\/www.revistarambla.com\/barcelona-anuncia-que-no-renovara-mas-de-10-000-licencias-de-pisos-turisticos\/#breadcrumb","itemListElement":[{"@type":"ListItem","position":1,"name":"Portada","item":"https:\/\/www.revistarambla.com\/"},{"@type":"ListItem","position":2,"name":"Barcelona anuncia que no renovar\u00e1 m\u00e1s de 10.000 licencias de pisos tur\u00edsticos"}]},{"@type":"WebSite","@id":"https:\/\/www.revistarambla.com\/#website","url":"https:\/\/www.revistarambla.com\/","name":"Revista Rambla Barcelona","description":"Periodismo independiente","publisher":{"@id":"https:\/\/www.revistarambla.com\/#organization"},"potentialAction":[{"@type":"SearchAction","target":{"@type":"EntryPoint","urlTemplate":"https:\/\/www.revistarambla.com\/?s={search_term_string}"},"query-input":{"@type":"PropertyValueSpecification","valueRequired":true,"valueName":"search_term_string"}}],"inLanguage":"en-GB"},{"@type":"Organization","@id":"https:\/\/www.revistarambla.com\/#organization","name":"Revista Rambla","url":"https:\/\/www.revistarambla.com\/","logo":{"@type":"ImageObject","inLanguage":"en-GB","@id":"https:\/\/www.revistarambla.com\/#\/schema\/logo\/image\/","url":"https:\/\/www.revistarambla.com\/wp-content\/uploads\/2020\/09\/banner_rambla_1900x600_BB.png","contentUrl":"https:\/\/www.revistarambla.com\/wp-content\/uploads\/2020\/09\/banner_rambla_1900x600_BB.png","width":1900,"height":600,"caption":"Revista Rambla"},"image":{"@id":"https:\/\/www.revistarambla.com\/#\/schema\/logo\/image\/"},"sameAs":["https:\/\/www.facebook.com\/revistarambla\/","https:\/\/x.com\/revistarambla","https:\/\/www.instagram.com\/revista_rambla","https:\/\/es.linkedin.com\/company\/revista-rambla"]},{"@type":"Person","@id":"https:\/\/www.revistarambla.com\/#\/schema\/person\/a146a5a2550b94981a75131180e1bd9c","name":"R@mbla","description":"Este art\u00edculo ha sido redactado y\/o validado por el equipo de redacci\u00f3n de Revista Rambla.","sameAs":["https:\/\/www.revistarambla.com\/","https:\/\/www.facebook.com\/revistarambla","https:\/\/x.com\/revistarambla"]}]}},"_links":{"self":[{"href":"https:\/\/www.revistarambla.com\/en\/wp-json\/wp\/v2\/posts\/61268","targetHints":{"allow":["GET"]}}],"collection":[{"href":"https:\/\/www.revistarambla.com\/en\/wp-json\/wp\/v2\/posts"}],"about":[{"href":"https:\/\/www.revistarambla.com\/en\/wp-json\/wp\/v2\/types\/post"}],"author":[{"embeddable":true,"href":"https:\/\/www.revistarambla.com\/en\/wp-json\/wp\/v2\/users\/3"}],"replies":[{"embeddable":true,"href":"https:\/\/www.revistarambla.com\/en\/wp-json\/wp\/v2\/comments?post=61268"}],"version-history":[{"count":2,"href":"https:\/\/www.revistarambla.com\/en\/wp-json\/wp\/v2\/posts\/61268\/revisions"}],"predecessor-version":[{"id":61272,"href":"https:\/\/www.revistarambla.com\/en\/wp-json\/wp\/v2\/posts\/61268\/revisions\/61272"}],"wp:featuredmedia":[{"embeddable":true,"href":"https:\/\/www.revistarambla.com\/en\/wp-json\/wp\/v2\/media\/43056"}],"wp:attachment":[{"href":"https:\/\/www.revistarambla.com\/en\/wp-json\/wp\/v2\/media?parent=61268"}],"wp:term":[{"taxonomy":"category","embeddable":true,"href":"https:\/\/www.revistarambla.com\/en\/wp-json\/wp\/v2\/categories?post=61268"},{"taxonomy":"post_tag","embeddable":true,"href":"https:\/\/www.revistarambla.com\/en\/wp-json\/wp\/v2\/tags?post=61268"}],"curies":[{"name":"wp","href":"https:\/\/api.w.org\/{rel}","templated":true}]}}