{"id":61265,"date":"2024-06-22T00:08:55","date_gmt":"2024-06-21T22:08:55","guid":{"rendered":"https:\/\/www.revistarambla.com\/?p=61265"},"modified":"2024-06-22T00:16:21","modified_gmt":"2024-06-21T22:16:21","slug":"fin-a-las-licencias-de-vivienda-de-uso-turistico-en-barcelona","status":"publish","type":"post","link":"https:\/\/www.revistarambla.com\/en\/fin-a-las-licencias-de-vivienda-de-uso-turistico-en-barcelona\/","title":{"rendered":"Alfombra roja para los alquileres temporales&#8230; Y para los tur\u00edsticos, veremos en 2028"},"content":{"rendered":"<p>Hoy el alcalde Collboni se ha <a href=\"https:\/\/www.revistarambla.com\/en\/barcelona-anuncia-que-no-renovara-mas-de-10-000-licencias-de-pisos-turisticos\/\">comprometido a rescindir<\/a> todas las licencias de vivienda de uso tur\u00edstico en Barcelona en noviembre del a\u00f1o 2028. <!--more-->Este anuncio aparentemente responde a las demandas vecinales de poner freno al <a href=\"https:\/\/www.revistarambla.com\/en\/el-peligroso-exito-del-crecimiento-turistico\/\">turismo<\/a>, pero no tendr\u00e1 ning\u00fan efecto pr\u00e1ctico hasta dentro de cuatro a\u00f1os y medio. El contexto pol\u00edtico de los pr\u00f3ximos cuatro a\u00f1os es incierto, por lo que este anuncio podr\u00eda quedar en nada antes de aplicarse: un cambio en el decreto de alquileres tur\u00edsticos en el Parlamento de <a href=\"https:\/\/www.revistarambla.com\/en\/actualidad\/catalunya\/\">Catalu\u00f1a<\/a>, o la voluntad del alcalde elegido en 2027 podr\u00eda convertirlo en humo. Hasta entonces, los alquileres tur\u00edsticos que operan legalmente seguir\u00e1n haci\u00e9ndolo, y aquellos que llevan a\u00f1os operando ilegalmente tambi\u00e9n lo har\u00e1n, si el Ayuntamiento no comienza a implementar mecanismos efectivos para perseguirlos.<\/p>\n<p>Cabe recordar que la actual crisis de vivienda en <a href=\"https:\/\/www.revistarambla.com\/en\/actualidad\/barcelona\/\">Barcelona<\/a> no se fundamenta principalmente en las viviendas de uso tur\u00edstico como tal, sino en la falta de regulaci\u00f3n de los alquileres temporales. Los alquileres temporales son la principal brecha de los especuladores para desviar pisos a usos lucrativos. Es la v\u00eda que tienen para saltarse el tope de la regulaci\u00f3n de alquileres. Recordemos tambi\u00e9n que tanto Junts como el PSC hicieron caer, hace un mes, el decreto impulsado por el Gobierno que los regulaba.<\/p>\n<h2>Cortina de humo para modificar el decreto del 30%<\/h2>\n<p>Este anuncio, poco m\u00e1s que un brindis al sol, se hace de forma simult\u00e1nea a la modificaci\u00f3n del decreto de la reserva del 30% de vivienda protegida. El alcalde tumba una medida impulsada por las principales organizaciones que defienden el derecho a la vivienda y que obligaba a los grandes tenedores a destinar un 30% de las nuevas promociones o de las rehabilitaciones integrales de la ciudad a vivienda de protecci\u00f3n oficial. La modificaci\u00f3n del decreto responde a los intereses de las grandes constructoras, que llevan a\u00f1os boicoteando la norma diciendo que no funciona y simulando que no da resultados. En concreto, se permitir\u00e1 que gran parte de las rehabilitaciones pensadas para gentrificar los barrios puedan eludir este 30% de vivienda protegida. A\u00fan no conocemos m\u00e1s detalles de la modificaci\u00f3n para poder hacer una valoraci\u00f3n precisa.<\/p>\n<h2>Viento a favor para la patronal hotelera y la marca Barcelona<\/h2>\n<p>En medio de la ola de movilizaciones contra la masificaci\u00f3n tur\u00edstica, pero tambi\u00e9n contra un modelo de ciudad basado en la promoci\u00f3n de grandes eventos como la <a href=\"https:\/\/www.revistarambla.com\/en\/malestar-en-barcelona-por-la-celebracion-de-la-copa-america-de-vela\/\">Copa Am\u00e9rica<\/a>, la F\u00f3rmula 1 y los macrocongresos, el anuncio de Collboni no hace m\u00e1s que ratificar la apuesta de la patronal hotelera: una ciudad vendida a un turismo de congresos, eventos y cada vez m\u00e1s exclusivo.<\/p>\n<p>La promoci\u00f3n de la marca Barcelona para atraer una poblaci\u00f3n flotante con rentas cada vez m\u00e1s altas, es la principal v\u00eda para que la patronal hotelera pueda seguir manteniendo una alta demanda en los hoteles, pero tambi\u00e9n para que la patronal inmobiliaria pueda seguir especulando con la vivienda a trav\u00e9s de la conversi\u00f3n de viviendas en apartamentos temporales o colivings, totalmente desregulados. En la otra cara de la moneda se encuentra la transformaci\u00f3n de los barrios en escaparates tur\u00edsticos, la privatizaci\u00f3n continuada del espacio p\u00fablico y lo que es m\u00e1s grave, la expulsi\u00f3n masiva de inquilinas de sus barrios a trav\u00e9s de subidas de alquileres ilegales o directamente la no renovaci\u00f3n de contratos. Ya lo dijimos y no nos cansaremos de repetirlo: Es urgente regular los alquileres temporales y de habitaciones para que dejen de desviarse hacia fines lucrativos.<\/p>","protected":false},"excerpt":{"rendered":"<p>Valoraci\u00f3n frente al compromiso de Collboni de eliminar los pisos tur\u00edsticos en Barcelona<\/p>","protected":false},"author":328,"featured_media":41529,"comment_status":"closed","ping_status":"closed","sticky":false,"template":"","format":"standard","meta":{"footnotes":""},"categories":[72],"tags":[],"class_list":["post-61265","post","type-post","status-publish","format-standard","has-post-thumbnail","hentry","category-opinion"],"yoast_head":"<!-- This site is optimized with the Yoast SEO plugin v27.5 - https:\/\/yoast.com\/product\/yoast-seo-wordpress\/ -->\n<title>\u00bfFin a las licencias de vivienda de uso tur\u00edstico en Barcelona?<\/title>\n<meta name=\"description\" content=\"Hoy Collboni se ha comprometido a rescindir todas las licencias de vivienda de uso tur\u00edstico en Barcelona en noviembre del a\u00f1o 2028.\" \/>\n<meta name=\"robots\" content=\"index, follow, max-snippet:-1, max-image-preview:large, max-video-preview:-1\" \/>\n<link rel=\"canonical\" href=\"https:\/\/www.revistarambla.com\/en\/fin-a-las-licencias-de-vivienda-de-uso-turistico-en-barcelona\/\" \/>\n<meta property=\"og:locale\" content=\"en_GB\" \/>\n<meta property=\"og:type\" content=\"article\" \/>\n<meta property=\"og:title\" content=\"\u00bfFin a las licencias de vivienda de uso tur\u00edstico en Barcelona?\" \/>\n<meta property=\"og:description\" content=\"Hoy Collboni se ha comprometido a rescindir todas las licencias de vivienda de uso tur\u00edstico en Barcelona en noviembre del a\u00f1o 2028.\" \/>\n<meta property=\"og:url\" content=\"https:\/\/www.revistarambla.com\/en\/fin-a-las-licencias-de-vivienda-de-uso-turistico-en-barcelona\/\" \/>\n<meta property=\"og:site_name\" content=\"Revista Rambla\" \/>\n<meta property=\"article:publisher\" content=\"https:\/\/www.facebook.com\/revistarambla\/\" \/>\n<meta property=\"article:author\" content=\"https:\/\/www.facebook.com\/SindicatLloguer\/\" \/>\n<meta property=\"article:published_time\" content=\"2024-06-21T22:08:55+00:00\" \/>\n<meta property=\"article:modified_time\" content=\"2024-06-21T22:16:21+00:00\" \/>\n<meta property=\"og:image\" content=\"https:\/\/www.revistarambla.com\/wp-content\/uploads\/2022\/04\/CONTENEDORES-CONTAINERS-BASURA-CALLES-LIMPIEZA.jpg\" \/>\n\t<meta property=\"og:image:width\" content=\"2048\" \/>\n\t<meta property=\"og:image:height\" content=\"1759\" \/>\n\t<meta property=\"og:image:type\" content=\"image\/jpeg\" \/>\n<meta name=\"author\" content=\"Sindicat de Llogateres\" \/>\n<meta name=\"twitter:card\" content=\"summary_large_image\" \/>\n<meta name=\"twitter:creator\" content=\"@sindicatlloguer\" \/>\n<meta name=\"twitter:site\" content=\"@revistarambla\" \/>\n<meta name=\"twitter:label1\" content=\"Written by\" \/>\n\t<meta name=\"twitter:data1\" content=\"Sindicat de Llogateres\" \/>\n\t<meta name=\"twitter:label2\" content=\"Estimated reading time\" \/>\n\t<meta name=\"twitter:data2\" content=\"3 minutes\" \/>\n<script type=\"application\/ld+json\" class=\"yoast-schema-graph\">{\"@context\":\"https:\\\/\\\/schema.org\",\"@graph\":[{\"@type\":\"Article\",\"@id\":\"https:\\\/\\\/www.revistarambla.com\\\/fin-a-las-licencias-de-vivienda-de-uso-turistico-en-barcelona\\\/#article\",\"isPartOf\":{\"@id\":\"https:\\\/\\\/www.revistarambla.com\\\/fin-a-las-licencias-de-vivienda-de-uso-turistico-en-barcelona\\\/\"},\"author\":{\"name\":\"Sindicat de Llogateres\",\"@id\":\"https:\\\/\\\/www.revistarambla.com\\\/#\\\/schema\\\/person\\\/cdb47f1b20cae4529e0d80b9b620ee26\"},\"headline\":\"Alfombra roja para los alquileres temporales&#8230; Y para los tur\u00edsticos, veremos en 2028\",\"datePublished\":\"2024-06-21T22:08:55+00:00\",\"dateModified\":\"2024-06-21T22:16:21+00:00\",\"mainEntityOfPage\":{\"@id\":\"https:\\\/\\\/www.revistarambla.com\\\/fin-a-las-licencias-de-vivienda-de-uso-turistico-en-barcelona\\\/\"},\"wordCount\":633,\"publisher\":{\"@id\":\"https:\\\/\\\/www.revistarambla.com\\\/#organization\"},\"image\":{\"@id\":\"https:\\\/\\\/www.revistarambla.com\\\/fin-a-las-licencias-de-vivienda-de-uso-turistico-en-barcelona\\\/#primaryimage\"},\"thumbnailUrl\":\"https:\\\/\\\/www.revistarambla.com\\\/wp-content\\\/uploads\\\/2022\\\/04\\\/CONTENEDORES-CONTAINERS-BASURA-CALLES-LIMPIEZA.jpg\",\"articleSection\":[\"Opiniones\"],\"inLanguage\":\"en-GB\"},{\"@type\":\"WebPage\",\"@id\":\"https:\\\/\\\/www.revistarambla.com\\\/fin-a-las-licencias-de-vivienda-de-uso-turistico-en-barcelona\\\/\",\"url\":\"https:\\\/\\\/www.revistarambla.com\\\/fin-a-las-licencias-de-vivienda-de-uso-turistico-en-barcelona\\\/\",\"name\":\"\u00bfFin a las licencias de vivienda de uso tur\u00edstico en Barcelona?\",\"isPartOf\":{\"@id\":\"https:\\\/\\\/www.revistarambla.com\\\/#website\"},\"primaryImageOfPage\":{\"@id\":\"https:\\\/\\\/www.revistarambla.com\\\/fin-a-las-licencias-de-vivienda-de-uso-turistico-en-barcelona\\\/#primaryimage\"},\"image\":{\"@id\":\"https:\\\/\\\/www.revistarambla.com\\\/fin-a-las-licencias-de-vivienda-de-uso-turistico-en-barcelona\\\/#primaryimage\"},\"thumbnailUrl\":\"https:\\\/\\\/www.revistarambla.com\\\/wp-content\\\/uploads\\\/2022\\\/04\\\/CONTENEDORES-CONTAINERS-BASURA-CALLES-LIMPIEZA.jpg\",\"datePublished\":\"2024-06-21T22:08:55+00:00\",\"dateModified\":\"2024-06-21T22:16:21+00:00\",\"description\":\"Hoy Collboni se ha comprometido a rescindir todas las licencias de vivienda de uso tur\u00edstico en Barcelona en noviembre del a\u00f1o 2028.\",\"breadcrumb\":{\"@id\":\"https:\\\/\\\/www.revistarambla.com\\\/fin-a-las-licencias-de-vivienda-de-uso-turistico-en-barcelona\\\/#breadcrumb\"},\"inLanguage\":\"en-GB\",\"potentialAction\":[{\"@type\":\"ReadAction\",\"target\":[\"https:\\\/\\\/www.revistarambla.com\\\/fin-a-las-licencias-de-vivienda-de-uso-turistico-en-barcelona\\\/\"]}]},{\"@type\":\"ImageObject\",\"inLanguage\":\"en-GB\",\"@id\":\"https:\\\/\\\/www.revistarambla.com\\\/fin-a-las-licencias-de-vivienda-de-uso-turistico-en-barcelona\\\/#primaryimage\",\"url\":\"https:\\\/\\\/www.revistarambla.com\\\/wp-content\\\/uploads\\\/2022\\\/04\\\/CONTENEDORES-CONTAINERS-BASURA-CALLES-LIMPIEZA.jpg\",\"contentUrl\":\"https:\\\/\\\/www.revistarambla.com\\\/wp-content\\\/uploads\\\/2022\\\/04\\\/CONTENEDORES-CONTAINERS-BASURA-CALLES-LIMPIEZA.jpg\",\"width\":2048,\"height\":1759,\"caption\":\"licencias de vivienda de uso tur\u00edstico en Barcelona\"},{\"@type\":\"BreadcrumbList\",\"@id\":\"https:\\\/\\\/www.revistarambla.com\\\/fin-a-las-licencias-de-vivienda-de-uso-turistico-en-barcelona\\\/#breadcrumb\",\"itemListElement\":[{\"@type\":\"ListItem\",\"position\":1,\"name\":\"Portada\",\"item\":\"https:\\\/\\\/www.revistarambla.com\\\/\"},{\"@type\":\"ListItem\",\"position\":2,\"name\":\"Alfombra roja para los alquileres temporales&#8230; Y para los tur\u00edsticos, veremos en 2028\"}]},{\"@type\":\"WebSite\",\"@id\":\"https:\\\/\\\/www.revistarambla.com\\\/#website\",\"url\":\"https:\\\/\\\/www.revistarambla.com\\\/\",\"name\":\"Revista Rambla Barcelona\",\"description\":\"Periodismo independiente\",\"publisher\":{\"@id\":\"https:\\\/\\\/www.revistarambla.com\\\/#organization\"},\"potentialAction\":[{\"@type\":\"SearchAction\",\"target\":{\"@type\":\"EntryPoint\",\"urlTemplate\":\"https:\\\/\\\/www.revistarambla.com\\\/?s={search_term_string}\"},\"query-input\":{\"@type\":\"PropertyValueSpecification\",\"valueRequired\":true,\"valueName\":\"search_term_string\"}}],\"inLanguage\":\"en-GB\"},{\"@type\":\"Organization\",\"@id\":\"https:\\\/\\\/www.revistarambla.com\\\/#organization\",\"name\":\"Revista Rambla\",\"url\":\"https:\\\/\\\/www.revistarambla.com\\\/\",\"logo\":{\"@type\":\"ImageObject\",\"inLanguage\":\"en-GB\",\"@id\":\"https:\\\/\\\/www.revistarambla.com\\\/#\\\/schema\\\/logo\\\/image\\\/\",\"url\":\"https:\\\/\\\/www.revistarambla.com\\\/wp-content\\\/uploads\\\/2020\\\/09\\\/banner_rambla_1900x600_BB.png\",\"contentUrl\":\"https:\\\/\\\/www.revistarambla.com\\\/wp-content\\\/uploads\\\/2020\\\/09\\\/banner_rambla_1900x600_BB.png\",\"width\":1900,\"height\":600,\"caption\":\"Revista Rambla\"},\"image\":{\"@id\":\"https:\\\/\\\/www.revistarambla.com\\\/#\\\/schema\\\/logo\\\/image\\\/\"},\"sameAs\":[\"https:\\\/\\\/www.facebook.com\\\/revistarambla\\\/\",\"https:\\\/\\\/x.com\\\/revistarambla\",\"https:\\\/\\\/www.instagram.com\\\/revista_rambla\",\"https:\\\/\\\/es.linkedin.com\\\/company\\\/revista-rambla\"]},{\"@type\":\"Person\",\"@id\":\"https:\\\/\\\/www.revistarambla.com\\\/#\\\/schema\\\/person\\\/cdb47f1b20cae4529e0d80b9b620ee26\",\"name\":\"Sindicat de Llogateres\",\"description\":\"Protegim el dret a l'habitatge. Millorem la vida de la gent. Ajuda'ns a seguir canviant les coses i suma-t'hi.\",\"sameAs\":[\"http:\\\/\\\/sindicatdellogateres.org\\\/\",\"https:\\\/\\\/www.facebook.com\\\/SindicatLloguer\\\/\",\"https:\\\/\\\/x.com\\\/sindicatlloguer\"]}]}<\/script>\n<!-- \/ Yoast SEO plugin. -->","yoast_head_json":{"title":"\u00bfFin a las licencias de vivienda de uso tur\u00edstico en Barcelona?","description":"Hoy Collboni se ha comprometido a rescindir todas las licencias de vivienda de uso tur\u00edstico en Barcelona en noviembre del a\u00f1o 2028.","robots":{"index":"index","follow":"follow","max-snippet":"max-snippet:-1","max-image-preview":"max-image-preview:large","max-video-preview":"max-video-preview:-1"},"canonical":"https:\/\/www.revistarambla.com\/en\/fin-a-las-licencias-de-vivienda-de-uso-turistico-en-barcelona\/","og_locale":"en_GB","og_type":"article","og_title":"\u00bfFin a las licencias de vivienda de uso tur\u00edstico en Barcelona?","og_description":"Hoy Collboni se ha comprometido a rescindir todas las licencias de vivienda de uso tur\u00edstico en Barcelona en noviembre del a\u00f1o 2028.","og_url":"https:\/\/www.revistarambla.com\/en\/fin-a-las-licencias-de-vivienda-de-uso-turistico-en-barcelona\/","og_site_name":"Revista Rambla","article_publisher":"https:\/\/www.facebook.com\/revistarambla\/","article_author":"https:\/\/www.facebook.com\/SindicatLloguer\/","article_published_time":"2024-06-21T22:08:55+00:00","article_modified_time":"2024-06-21T22:16:21+00:00","og_image":[{"width":2048,"height":1759,"url":"https:\/\/www.revistarambla.com\/wp-content\/uploads\/2022\/04\/CONTENEDORES-CONTAINERS-BASURA-CALLES-LIMPIEZA.jpg","type":"image\/jpeg"}],"author":"Sindicat de Llogateres","twitter_card":"summary_large_image","twitter_creator":"@sindicatlloguer","twitter_site":"@revistarambla","twitter_misc":{"Written by":"Sindicat de Llogateres","Estimated reading time":"3 minutes"},"schema":{"@context":"https:\/\/schema.org","@graph":[{"@type":"Article","@id":"https:\/\/www.revistarambla.com\/fin-a-las-licencias-de-vivienda-de-uso-turistico-en-barcelona\/#article","isPartOf":{"@id":"https:\/\/www.revistarambla.com\/fin-a-las-licencias-de-vivienda-de-uso-turistico-en-barcelona\/"},"author":{"name":"Sindicat de Llogateres","@id":"https:\/\/www.revistarambla.com\/#\/schema\/person\/cdb47f1b20cae4529e0d80b9b620ee26"},"headline":"Alfombra roja para los alquileres temporales&#8230; Y para los tur\u00edsticos, veremos en 2028","datePublished":"2024-06-21T22:08:55+00:00","dateModified":"2024-06-21T22:16:21+00:00","mainEntityOfPage":{"@id":"https:\/\/www.revistarambla.com\/fin-a-las-licencias-de-vivienda-de-uso-turistico-en-barcelona\/"},"wordCount":633,"publisher":{"@id":"https:\/\/www.revistarambla.com\/#organization"},"image":{"@id":"https:\/\/www.revistarambla.com\/fin-a-las-licencias-de-vivienda-de-uso-turistico-en-barcelona\/#primaryimage"},"thumbnailUrl":"https:\/\/www.revistarambla.com\/wp-content\/uploads\/2022\/04\/CONTENEDORES-CONTAINERS-BASURA-CALLES-LIMPIEZA.jpg","articleSection":["Opiniones"],"inLanguage":"en-GB"},{"@type":"WebPage","@id":"https:\/\/www.revistarambla.com\/fin-a-las-licencias-de-vivienda-de-uso-turistico-en-barcelona\/","url":"https:\/\/www.revistarambla.com\/fin-a-las-licencias-de-vivienda-de-uso-turistico-en-barcelona\/","name":"\u00bfFin a las licencias de vivienda de uso tur\u00edstico en Barcelona?","isPartOf":{"@id":"https:\/\/www.revistarambla.com\/#website"},"primaryImageOfPage":{"@id":"https:\/\/www.revistarambla.com\/fin-a-las-licencias-de-vivienda-de-uso-turistico-en-barcelona\/#primaryimage"},"image":{"@id":"https:\/\/www.revistarambla.com\/fin-a-las-licencias-de-vivienda-de-uso-turistico-en-barcelona\/#primaryimage"},"thumbnailUrl":"https:\/\/www.revistarambla.com\/wp-content\/uploads\/2022\/04\/CONTENEDORES-CONTAINERS-BASURA-CALLES-LIMPIEZA.jpg","datePublished":"2024-06-21T22:08:55+00:00","dateModified":"2024-06-21T22:16:21+00:00","description":"Hoy Collboni se ha comprometido a rescindir todas las licencias de vivienda de uso tur\u00edstico en Barcelona en noviembre del a\u00f1o 2028.","breadcrumb":{"@id":"https:\/\/www.revistarambla.com\/fin-a-las-licencias-de-vivienda-de-uso-turistico-en-barcelona\/#breadcrumb"},"inLanguage":"en-GB","potentialAction":[{"@type":"ReadAction","target":["https:\/\/www.revistarambla.com\/fin-a-las-licencias-de-vivienda-de-uso-turistico-en-barcelona\/"]}]},{"@type":"ImageObject","inLanguage":"en-GB","@id":"https:\/\/www.revistarambla.com\/fin-a-las-licencias-de-vivienda-de-uso-turistico-en-barcelona\/#primaryimage","url":"https:\/\/www.revistarambla.com\/wp-content\/uploads\/2022\/04\/CONTENEDORES-CONTAINERS-BASURA-CALLES-LIMPIEZA.jpg","contentUrl":"https:\/\/www.revistarambla.com\/wp-content\/uploads\/2022\/04\/CONTENEDORES-CONTAINERS-BASURA-CALLES-LIMPIEZA.jpg","width":2048,"height":1759,"caption":"licencias de vivienda de uso tur\u00edstico en Barcelona"},{"@type":"BreadcrumbList","@id":"https:\/\/www.revistarambla.com\/fin-a-las-licencias-de-vivienda-de-uso-turistico-en-barcelona\/#breadcrumb","itemListElement":[{"@type":"ListItem","position":1,"name":"Portada","item":"https:\/\/www.revistarambla.com\/"},{"@type":"ListItem","position":2,"name":"Alfombra roja para los alquileres temporales&#8230; Y para los tur\u00edsticos, veremos en 2028"}]},{"@type":"WebSite","@id":"https:\/\/www.revistarambla.com\/#website","url":"https:\/\/www.revistarambla.com\/","name":"Revista Rambla Barcelona","description":"Periodismo independiente","publisher":{"@id":"https:\/\/www.revistarambla.com\/#organization"},"potentialAction":[{"@type":"SearchAction","target":{"@type":"EntryPoint","urlTemplate":"https:\/\/www.revistarambla.com\/?s={search_term_string}"},"query-input":{"@type":"PropertyValueSpecification","valueRequired":true,"valueName":"search_term_string"}}],"inLanguage":"en-GB"},{"@type":"Organization","@id":"https:\/\/www.revistarambla.com\/#organization","name":"Revista Rambla","url":"https:\/\/www.revistarambla.com\/","logo":{"@type":"ImageObject","inLanguage":"en-GB","@id":"https:\/\/www.revistarambla.com\/#\/schema\/logo\/image\/","url":"https:\/\/www.revistarambla.com\/wp-content\/uploads\/2020\/09\/banner_rambla_1900x600_BB.png","contentUrl":"https:\/\/www.revistarambla.com\/wp-content\/uploads\/2020\/09\/banner_rambla_1900x600_BB.png","width":1900,"height":600,"caption":"Revista Rambla"},"image":{"@id":"https:\/\/www.revistarambla.com\/#\/schema\/logo\/image\/"},"sameAs":["https:\/\/www.facebook.com\/revistarambla\/","https:\/\/x.com\/revistarambla","https:\/\/www.instagram.com\/revista_rambla","https:\/\/es.linkedin.com\/company\/revista-rambla"]},{"@type":"Person","@id":"https:\/\/www.revistarambla.com\/#\/schema\/person\/cdb47f1b20cae4529e0d80b9b620ee26","name":"Sindicat de Llogateres","description":"Protegim el dret a l'habitatge. Millorem la vida de la gent. Ajuda'ns a seguir canviant les coses i suma-t'hi.","sameAs":["http:\/\/sindicatdellogateres.org\/","https:\/\/www.facebook.com\/SindicatLloguer\/","https:\/\/x.com\/sindicatlloguer"]}]}},"_links":{"self":[{"href":"https:\/\/www.revistarambla.com\/en\/wp-json\/wp\/v2\/posts\/61265","targetHints":{"allow":["GET"]}}],"collection":[{"href":"https:\/\/www.revistarambla.com\/en\/wp-json\/wp\/v2\/posts"}],"about":[{"href":"https:\/\/www.revistarambla.com\/en\/wp-json\/wp\/v2\/types\/post"}],"author":[{"embeddable":true,"href":"https:\/\/www.revistarambla.com\/en\/wp-json\/wp\/v2\/users\/328"}],"replies":[{"embeddable":true,"href":"https:\/\/www.revistarambla.com\/en\/wp-json\/wp\/v2\/comments?post=61265"}],"version-history":[{"count":3,"href":"https:\/\/www.revistarambla.com\/en\/wp-json\/wp\/v2\/posts\/61265\/revisions"}],"predecessor-version":[{"id":61271,"href":"https:\/\/www.revistarambla.com\/en\/wp-json\/wp\/v2\/posts\/61265\/revisions\/61271"}],"wp:featuredmedia":[{"embeddable":true,"href":"https:\/\/www.revistarambla.com\/en\/wp-json\/wp\/v2\/media\/41529"}],"wp:attachment":[{"href":"https:\/\/www.revistarambla.com\/en\/wp-json\/wp\/v2\/media?parent=61265"}],"wp:term":[{"taxonomy":"category","embeddable":true,"href":"https:\/\/www.revistarambla.com\/en\/wp-json\/wp\/v2\/categories?post=61265"},{"taxonomy":"post_tag","embeddable":true,"href":"https:\/\/www.revistarambla.com\/en\/wp-json\/wp\/v2\/tags?post=61265"}],"curies":[{"name":"wp","href":"https:\/\/api.w.org\/{rel}","templated":true}]}}