{"id":61260,"date":"2024-06-21T14:27:54","date_gmt":"2024-06-21T12:27:54","guid":{"rendered":"https:\/\/www.revistarambla.com\/?p=61260"},"modified":"2024-06-21T14:27:54","modified_gmt":"2024-06-21T12:27:54","slug":"proworkspaces-renueva-su-junta-directiva-con-una-importante-representacion-catalana","status":"publish","type":"post","link":"https:\/\/www.revistarambla.com\/en\/proworkspaces-renueva-su-junta-directiva-con-una-importante-representacion-catalana\/","title":{"rendered":"ProWorkSpaces renueva su Junta Directiva con una importante representaci\u00f3n catalana"},"content":{"rendered":"<p><a href=\"https:\/\/proworkspaces.net\/\" target=\"_blank\" rel=\"nofollow noopener\"><span style=\"text-decoration: underline;\">ProWorkSpaces<\/span><\/a>, la asociaci\u00f3n que representa a los espacios de oficinas flexibles, coworking y centros de negocios en Espa\u00f1a, ha renovado su Junta Directiva tras la Asamblea anual. Entre los vocales se encuentran destacados profesionales del sector en Catalu\u00f1a, como Beatriz Portillo, Socia directora en Gran Via Business &amp; Meeting Center; Marta Gr\u00e0cia, CEO de Cloudworks; y Xavi Bassons, CEO y cofundador de Monday Working Spaces, siendo este \u00faltimo reci\u00e9n incorporado a la Junta.<\/p>\n<p><img decoding=\"async\" class=\"aligncenter wp-image-61261 size-full\" src=\"https:\/\/www.revistarambla.com\/wp-content\/uploads\/2024\/06\/Nueva-JD-ProWorkSpaces.jpg\" alt=\"\" width=\"1042\" height=\"778\" srcset=\"https:\/\/www.revistarambla.com\/wp-content\/uploads\/2024\/06\/Nueva-JD-ProWorkSpaces.jpg 1042w, https:\/\/www.revistarambla.com\/wp-content\/uploads\/2024\/06\/Nueva-JD-ProWorkSpaces-489x365.jpg 489w, https:\/\/www.revistarambla.com\/wp-content\/uploads\/2024\/06\/Nueva-JD-ProWorkSpaces-840x627.jpg 840w, https:\/\/www.revistarambla.com\/wp-content\/uploads\/2024\/06\/Nueva-JD-ProWorkSpaces-768x573.jpg 768w, https:\/\/www.revistarambla.com\/wp-content\/uploads\/2024\/06\/Nueva-JD-ProWorkSpaces-16x12.jpg 16w\" sizes=\"(max-width: 1042px) 100vw, 1042px\" \/><\/p>\n<p>La nueva directiva, compuesta por 15 miembros, trabajar\u00e1 durante los pr\u00f3ximos tres a\u00f1os para impulsar la colaboraci\u00f3n y la implantaci\u00f3n de soluciones flexibles en las empresas, respondiendo a las necesidades cambiantes del mercado laboral. Salsamendi subray\u00f3 la importancia de la innovaci\u00f3n continua y la adaptabilidad para mantener el liderazgo en un sector en r\u00e1pida evoluci\u00f3n.<\/p>\n<p>El sector del coworking, que agrupa a m\u00e1s de 1.400 espacios flexibles y ofrece alrededor de 400.000 puestos de trabajo en toda Espa\u00f1a, prev\u00e9 un crecimiento significativo, estimando que m\u00e1s de un mill\u00f3n y medio de profesionales trabajar\u00e1n en estos espacios para 2030. La asociaci\u00f3n tambi\u00e9n organizar\u00e1 el Coworking Summit en Alicante los d\u00edas 17 y 18 de octubre, un evento clave para el intercambio de conocimientos y la discusi\u00f3n sobre el futuro de la industria del coworking. Este evento ser\u00e1 una oportunidad crucial para que los profesionales del sector compartan las \u00faltimas innovaciones y establezcan conexiones valiosas que impulsar\u00e1n el crecimiento y la colaboraci\u00f3n en el \u00e1mbito del coworking y las oficinas flexibles.<\/p>","protected":false},"excerpt":{"rendered":"<p>ProWorkSpaces, la asociaci\u00f3n que representa a los espacios de oficinas flexibles, coworking y centros de negocios en Espa\u00f1a, ha renovado su Junta Directiva tras la Asamblea anual. Entre los vocales se encuentran destacados profesionales del sector en Catalu\u00f1a, como Beatriz Portillo, Socia directora en Gran Via Business &amp; Meeting Center; [&hellip;]<\/p>\n","protected":false},"author":3,"featured_media":61261,"comment_status":"closed","ping_status":"closed","sticky":false,"template":"","format":"standard","meta":{"footnotes":""},"categories":[3790],"tags":[],"class_list":["post-61260","post","type-post","status-publish","format-standard","has-post-thumbnail","hentry","category-otras-noticias"],"yoast_head":"<!-- This site is optimized with the Yoast SEO plugin v27.5 - https:\/\/yoast.com\/product\/yoast-seo-wordpress\/ -->\n<title>ProWorkSpaces renueva su Junta Directiva con una importante representaci\u00f3n catalana - Revista Rambla<\/title>\n<meta name=\"robots\" content=\"index, follow, max-snippet:-1, max-image-preview:large, max-video-preview:-1\" \/>\n<link rel=\"canonical\" href=\"https:\/\/www.revistarambla.com\/en\/proworkspaces-renueva-su-junta-directiva-con-una-importante-representacion-catalana\/\" \/>\n<meta property=\"og:locale\" content=\"en_GB\" \/>\n<meta property=\"og:type\" content=\"article\" \/>\n<meta property=\"og:title\" content=\"ProWorkSpaces renueva su Junta Directiva con una importante representaci\u00f3n catalana - Revista Rambla\" \/>\n<meta property=\"og:description\" content=\"ProWorkSpaces, la asociaci\u00f3n que representa a los espacios de oficinas flexibles, coworking y centros de negocios en Espa\u00f1a, ha renovado su Junta Directiva tras la Asamblea anual. Entre los vocales se encuentran destacados profesionales del sector en Catalu\u00f1a, como Beatriz Portillo, Socia directora en Gran Via Business &amp; Meeting Center; [&hellip;]\" \/>\n<meta property=\"og:url\" content=\"https:\/\/www.revistarambla.com\/en\/proworkspaces-renueva-su-junta-directiva-con-una-importante-representacion-catalana\/\" \/>\n<meta property=\"og:site_name\" content=\"Revista Rambla\" \/>\n<meta property=\"article:publisher\" content=\"https:\/\/www.facebook.com\/revistarambla\/\" \/>\n<meta property=\"article:author\" content=\"https:\/\/www.facebook.com\/revistarambla\" \/>\n<meta property=\"article:published_time\" content=\"2024-06-21T12:27:54+00:00\" \/>\n<meta property=\"og:image\" content=\"https:\/\/www.revistarambla.com\/wp-content\/uploads\/2024\/06\/Nueva-JD-ProWorkSpaces.jpg\" \/>\n\t<meta property=\"og:image:width\" content=\"1042\" \/>\n\t<meta property=\"og:image:height\" content=\"778\" \/>\n\t<meta property=\"og:image:type\" content=\"image\/jpeg\" \/>\n<meta name=\"author\" content=\"R@mbla\" \/>\n<meta name=\"twitter:card\" content=\"summary_large_image\" \/>\n<meta name=\"twitter:creator\" content=\"@revistarambla\" \/>\n<meta name=\"twitter:site\" content=\"@revistarambla\" \/>\n<meta name=\"twitter:label1\" content=\"Written by\" \/>\n\t<meta name=\"twitter:data1\" content=\"R@mbla\" \/>\n\t<meta name=\"twitter:label2\" content=\"Estimated reading time\" \/>\n\t<meta name=\"twitter:data2\" content=\"2 minutes\" \/>\n<script type=\"application\/ld+json\" class=\"yoast-schema-graph\">{\"@context\":\"https:\\\/\\\/schema.org\",\"@graph\":[{\"@type\":\"Article\",\"@id\":\"https:\\\/\\\/www.revistarambla.com\\\/proworkspaces-renueva-su-junta-directiva-con-una-importante-representacion-catalana\\\/#article\",\"isPartOf\":{\"@id\":\"https:\\\/\\\/www.revistarambla.com\\\/proworkspaces-renueva-su-junta-directiva-con-una-importante-representacion-catalana\\\/\"},\"author\":{\"name\":\"R@mbla\",\"@id\":\"https:\\\/\\\/www.revistarambla.com\\\/#\\\/schema\\\/person\\\/a146a5a2550b94981a75131180e1bd9c\"},\"headline\":\"ProWorkSpaces renueva su Junta Directiva con una importante representaci\u00f3n catalana\",\"datePublished\":\"2024-06-21T12:27:54+00:00\",\"mainEntityOfPage\":{\"@id\":\"https:\\\/\\\/www.revistarambla.com\\\/proworkspaces-renueva-su-junta-directiva-con-una-importante-representacion-catalana\\\/\"},\"wordCount\":270,\"publisher\":{\"@id\":\"https:\\\/\\\/www.revistarambla.com\\\/#organization\"},\"image\":{\"@id\":\"https:\\\/\\\/www.revistarambla.com\\\/proworkspaces-renueva-su-junta-directiva-con-una-importante-representacion-catalana\\\/#primaryimage\"},\"thumbnailUrl\":\"https:\\\/\\\/www.revistarambla.com\\\/wp-content\\\/uploads\\\/2024\\\/06\\\/Nueva-JD-ProWorkSpaces.jpg\",\"articleSection\":[\"Otras Noticias\"],\"inLanguage\":\"en-GB\"},{\"@type\":\"WebPage\",\"@id\":\"https:\\\/\\\/www.revistarambla.com\\\/proworkspaces-renueva-su-junta-directiva-con-una-importante-representacion-catalana\\\/\",\"url\":\"https:\\\/\\\/www.revistarambla.com\\\/proworkspaces-renueva-su-junta-directiva-con-una-importante-representacion-catalana\\\/\",\"name\":\"ProWorkSpaces renueva su Junta Directiva con una importante representaci\u00f3n catalana - Revista Rambla\",\"isPartOf\":{\"@id\":\"https:\\\/\\\/www.revistarambla.com\\\/#website\"},\"primaryImageOfPage\":{\"@id\":\"https:\\\/\\\/www.revistarambla.com\\\/proworkspaces-renueva-su-junta-directiva-con-una-importante-representacion-catalana\\\/#primaryimage\"},\"image\":{\"@id\":\"https:\\\/\\\/www.revistarambla.com\\\/proworkspaces-renueva-su-junta-directiva-con-una-importante-representacion-catalana\\\/#primaryimage\"},\"thumbnailUrl\":\"https:\\\/\\\/www.revistarambla.com\\\/wp-content\\\/uploads\\\/2024\\\/06\\\/Nueva-JD-ProWorkSpaces.jpg\",\"datePublished\":\"2024-06-21T12:27:54+00:00\",\"breadcrumb\":{\"@id\":\"https:\\\/\\\/www.revistarambla.com\\\/proworkspaces-renueva-su-junta-directiva-con-una-importante-representacion-catalana\\\/#breadcrumb\"},\"inLanguage\":\"en-GB\",\"potentialAction\":[{\"@type\":\"ReadAction\",\"target\":[\"https:\\\/\\\/www.revistarambla.com\\\/proworkspaces-renueva-su-junta-directiva-con-una-importante-representacion-catalana\\\/\"]}]},{\"@type\":\"ImageObject\",\"inLanguage\":\"en-GB\",\"@id\":\"https:\\\/\\\/www.revistarambla.com\\\/proworkspaces-renueva-su-junta-directiva-con-una-importante-representacion-catalana\\\/#primaryimage\",\"url\":\"https:\\\/\\\/www.revistarambla.com\\\/wp-content\\\/uploads\\\/2024\\\/06\\\/Nueva-JD-ProWorkSpaces.jpg\",\"contentUrl\":\"https:\\\/\\\/www.revistarambla.com\\\/wp-content\\\/uploads\\\/2024\\\/06\\\/Nueva-JD-ProWorkSpaces.jpg\",\"width\":1042,\"height\":778},{\"@type\":\"BreadcrumbList\",\"@id\":\"https:\\\/\\\/www.revistarambla.com\\\/proworkspaces-renueva-su-junta-directiva-con-una-importante-representacion-catalana\\\/#breadcrumb\",\"itemListElement\":[{\"@type\":\"ListItem\",\"position\":1,\"name\":\"Portada\",\"item\":\"https:\\\/\\\/www.revistarambla.com\\\/\"},{\"@type\":\"ListItem\",\"position\":2,\"name\":\"ProWorkSpaces renueva su Junta Directiva con una importante representaci\u00f3n catalana\"}]},{\"@type\":\"WebSite\",\"@id\":\"https:\\\/\\\/www.revistarambla.com\\\/#website\",\"url\":\"https:\\\/\\\/www.revistarambla.com\\\/\",\"name\":\"Revista Rambla Barcelona\",\"description\":\"Periodismo independiente\",\"publisher\":{\"@id\":\"https:\\\/\\\/www.revistarambla.com\\\/#organization\"},\"potentialAction\":[{\"@type\":\"SearchAction\",\"target\":{\"@type\":\"EntryPoint\",\"urlTemplate\":\"https:\\\/\\\/www.revistarambla.com\\\/?s={search_term_string}\"},\"query-input\":{\"@type\":\"PropertyValueSpecification\",\"valueRequired\":true,\"valueName\":\"search_term_string\"}}],\"inLanguage\":\"en-GB\"},{\"@type\":\"Organization\",\"@id\":\"https:\\\/\\\/www.revistarambla.com\\\/#organization\",\"name\":\"Revista Rambla\",\"url\":\"https:\\\/\\\/www.revistarambla.com\\\/\",\"logo\":{\"@type\":\"ImageObject\",\"inLanguage\":\"en-GB\",\"@id\":\"https:\\\/\\\/www.revistarambla.com\\\/#\\\/schema\\\/logo\\\/image\\\/\",\"url\":\"https:\\\/\\\/www.revistarambla.com\\\/wp-content\\\/uploads\\\/2020\\\/09\\\/banner_rambla_1900x600_BB.png\",\"contentUrl\":\"https:\\\/\\\/www.revistarambla.com\\\/wp-content\\\/uploads\\\/2020\\\/09\\\/banner_rambla_1900x600_BB.png\",\"width\":1900,\"height\":600,\"caption\":\"Revista Rambla\"},\"image\":{\"@id\":\"https:\\\/\\\/www.revistarambla.com\\\/#\\\/schema\\\/logo\\\/image\\\/\"},\"sameAs\":[\"https:\\\/\\\/www.facebook.com\\\/revistarambla\\\/\",\"https:\\\/\\\/x.com\\\/revistarambla\",\"https:\\\/\\\/www.instagram.com\\\/revista_rambla\",\"https:\\\/\\\/es.linkedin.com\\\/company\\\/revista-rambla\"]},{\"@type\":\"Person\",\"@id\":\"https:\\\/\\\/www.revistarambla.com\\\/#\\\/schema\\\/person\\\/a146a5a2550b94981a75131180e1bd9c\",\"name\":\"R@mbla\",\"description\":\"Este art\u00edculo ha sido redactado y\\\/o validado por el equipo de redacci\u00f3n de Revista Rambla.\",\"sameAs\":[\"https:\\\/\\\/www.revistarambla.com\\\/\",\"https:\\\/\\\/www.facebook.com\\\/revistarambla\",\"https:\\\/\\\/x.com\\\/revistarambla\"]}]}<\/script>\n<!-- \/ Yoast SEO plugin. -->","yoast_head_json":{"title":"ProWorkSpaces renueva su Junta Directiva con una importante representaci\u00f3n catalana - Revista Rambla","robots":{"index":"index","follow":"follow","max-snippet":"max-snippet:-1","max-image-preview":"max-image-preview:large","max-video-preview":"max-video-preview:-1"},"canonical":"https:\/\/www.revistarambla.com\/en\/proworkspaces-renueva-su-junta-directiva-con-una-importante-representacion-catalana\/","og_locale":"en_GB","og_type":"article","og_title":"ProWorkSpaces renueva su Junta Directiva con una importante representaci\u00f3n catalana - Revista Rambla","og_description":"ProWorkSpaces, la asociaci\u00f3n que representa a los espacios de oficinas flexibles, coworking y centros de negocios en Espa\u00f1a, ha renovado su Junta Directiva tras la Asamblea anual. Entre los vocales se encuentran destacados profesionales del sector en Catalu\u00f1a, como Beatriz Portillo, Socia directora en Gran Via Business &amp; Meeting Center; [&hellip;]","og_url":"https:\/\/www.revistarambla.com\/en\/proworkspaces-renueva-su-junta-directiva-con-una-importante-representacion-catalana\/","og_site_name":"Revista Rambla","article_publisher":"https:\/\/www.facebook.com\/revistarambla\/","article_author":"https:\/\/www.facebook.com\/revistarambla","article_published_time":"2024-06-21T12:27:54+00:00","og_image":[{"width":1042,"height":778,"url":"https:\/\/www.revistarambla.com\/wp-content\/uploads\/2024\/06\/Nueva-JD-ProWorkSpaces.jpg","type":"image\/jpeg"}],"author":"R@mbla","twitter_card":"summary_large_image","twitter_creator":"@revistarambla","twitter_site":"@revistarambla","twitter_misc":{"Written by":"R@mbla","Estimated reading time":"2 minutes"},"schema":{"@context":"https:\/\/schema.org","@graph":[{"@type":"Article","@id":"https:\/\/www.revistarambla.com\/proworkspaces-renueva-su-junta-directiva-con-una-importante-representacion-catalana\/#article","isPartOf":{"@id":"https:\/\/www.revistarambla.com\/proworkspaces-renueva-su-junta-directiva-con-una-importante-representacion-catalana\/"},"author":{"name":"R@mbla","@id":"https:\/\/www.revistarambla.com\/#\/schema\/person\/a146a5a2550b94981a75131180e1bd9c"},"headline":"ProWorkSpaces renueva su Junta Directiva con una importante representaci\u00f3n catalana","datePublished":"2024-06-21T12:27:54+00:00","mainEntityOfPage":{"@id":"https:\/\/www.revistarambla.com\/proworkspaces-renueva-su-junta-directiva-con-una-importante-representacion-catalana\/"},"wordCount":270,"publisher":{"@id":"https:\/\/www.revistarambla.com\/#organization"},"image":{"@id":"https:\/\/www.revistarambla.com\/proworkspaces-renueva-su-junta-directiva-con-una-importante-representacion-catalana\/#primaryimage"},"thumbnailUrl":"https:\/\/www.revistarambla.com\/wp-content\/uploads\/2024\/06\/Nueva-JD-ProWorkSpaces.jpg","articleSection":["Otras Noticias"],"inLanguage":"en-GB"},{"@type":"WebPage","@id":"https:\/\/www.revistarambla.com\/proworkspaces-renueva-su-junta-directiva-con-una-importante-representacion-catalana\/","url":"https:\/\/www.revistarambla.com\/proworkspaces-renueva-su-junta-directiva-con-una-importante-representacion-catalana\/","name":"ProWorkSpaces renueva su Junta Directiva con una importante representaci\u00f3n catalana - Revista Rambla","isPartOf":{"@id":"https:\/\/www.revistarambla.com\/#website"},"primaryImageOfPage":{"@id":"https:\/\/www.revistarambla.com\/proworkspaces-renueva-su-junta-directiva-con-una-importante-representacion-catalana\/#primaryimage"},"image":{"@id":"https:\/\/www.revistarambla.com\/proworkspaces-renueva-su-junta-directiva-con-una-importante-representacion-catalana\/#primaryimage"},"thumbnailUrl":"https:\/\/www.revistarambla.com\/wp-content\/uploads\/2024\/06\/Nueva-JD-ProWorkSpaces.jpg","datePublished":"2024-06-21T12:27:54+00:00","breadcrumb":{"@id":"https:\/\/www.revistarambla.com\/proworkspaces-renueva-su-junta-directiva-con-una-importante-representacion-catalana\/#breadcrumb"},"inLanguage":"en-GB","potentialAction":[{"@type":"ReadAction","target":["https:\/\/www.revistarambla.com\/proworkspaces-renueva-su-junta-directiva-con-una-importante-representacion-catalana\/"]}]},{"@type":"ImageObject","inLanguage":"en-GB","@id":"https:\/\/www.revistarambla.com\/proworkspaces-renueva-su-junta-directiva-con-una-importante-representacion-catalana\/#primaryimage","url":"https:\/\/www.revistarambla.com\/wp-content\/uploads\/2024\/06\/Nueva-JD-ProWorkSpaces.jpg","contentUrl":"https:\/\/www.revistarambla.com\/wp-content\/uploads\/2024\/06\/Nueva-JD-ProWorkSpaces.jpg","width":1042,"height":778},{"@type":"BreadcrumbList","@id":"https:\/\/www.revistarambla.com\/proworkspaces-renueva-su-junta-directiva-con-una-importante-representacion-catalana\/#breadcrumb","itemListElement":[{"@type":"ListItem","position":1,"name":"Portada","item":"https:\/\/www.revistarambla.com\/"},{"@type":"ListItem","position":2,"name":"ProWorkSpaces renueva su Junta Directiva con una importante representaci\u00f3n catalana"}]},{"@type":"WebSite","@id":"https:\/\/www.revistarambla.com\/#website","url":"https:\/\/www.revistarambla.com\/","name":"Revista Rambla Barcelona","description":"Periodismo independiente","publisher":{"@id":"https:\/\/www.revistarambla.com\/#organization"},"potentialAction":[{"@type":"SearchAction","target":{"@type":"EntryPoint","urlTemplate":"https:\/\/www.revistarambla.com\/?s={search_term_string}"},"query-input":{"@type":"PropertyValueSpecification","valueRequired":true,"valueName":"search_term_string"}}],"inLanguage":"en-GB"},{"@type":"Organization","@id":"https:\/\/www.revistarambla.com\/#organization","name":"Revista Rambla","url":"https:\/\/www.revistarambla.com\/","logo":{"@type":"ImageObject","inLanguage":"en-GB","@id":"https:\/\/www.revistarambla.com\/#\/schema\/logo\/image\/","url":"https:\/\/www.revistarambla.com\/wp-content\/uploads\/2020\/09\/banner_rambla_1900x600_BB.png","contentUrl":"https:\/\/www.revistarambla.com\/wp-content\/uploads\/2020\/09\/banner_rambla_1900x600_BB.png","width":1900,"height":600,"caption":"Revista Rambla"},"image":{"@id":"https:\/\/www.revistarambla.com\/#\/schema\/logo\/image\/"},"sameAs":["https:\/\/www.facebook.com\/revistarambla\/","https:\/\/x.com\/revistarambla","https:\/\/www.instagram.com\/revista_rambla","https:\/\/es.linkedin.com\/company\/revista-rambla"]},{"@type":"Person","@id":"https:\/\/www.revistarambla.com\/#\/schema\/person\/a146a5a2550b94981a75131180e1bd9c","name":"R@mbla","description":"Este art\u00edculo ha sido redactado y\/o validado por el equipo de redacci\u00f3n de Revista Rambla.","sameAs":["https:\/\/www.revistarambla.com\/","https:\/\/www.facebook.com\/revistarambla","https:\/\/x.com\/revistarambla"]}]}},"_links":{"self":[{"href":"https:\/\/www.revistarambla.com\/en\/wp-json\/wp\/v2\/posts\/61260","targetHints":{"allow":["GET"]}}],"collection":[{"href":"https:\/\/www.revistarambla.com\/en\/wp-json\/wp\/v2\/posts"}],"about":[{"href":"https:\/\/www.revistarambla.com\/en\/wp-json\/wp\/v2\/types\/post"}],"author":[{"embeddable":true,"href":"https:\/\/www.revistarambla.com\/en\/wp-json\/wp\/v2\/users\/3"}],"replies":[{"embeddable":true,"href":"https:\/\/www.revistarambla.com\/en\/wp-json\/wp\/v2\/comments?post=61260"}],"version-history":[{"count":1,"href":"https:\/\/www.revistarambla.com\/en\/wp-json\/wp\/v2\/posts\/61260\/revisions"}],"predecessor-version":[{"id":61262,"href":"https:\/\/www.revistarambla.com\/en\/wp-json\/wp\/v2\/posts\/61260\/revisions\/61262"}],"wp:featuredmedia":[{"embeddable":true,"href":"https:\/\/www.revistarambla.com\/en\/wp-json\/wp\/v2\/media\/61261"}],"wp:attachment":[{"href":"https:\/\/www.revistarambla.com\/en\/wp-json\/wp\/v2\/media?parent=61260"}],"wp:term":[{"taxonomy":"category","embeddable":true,"href":"https:\/\/www.revistarambla.com\/en\/wp-json\/wp\/v2\/categories?post=61260"},{"taxonomy":"post_tag","embeddable":true,"href":"https:\/\/www.revistarambla.com\/en\/wp-json\/wp\/v2\/tags?post=61260"}],"curies":[{"name":"wp","href":"https:\/\/api.w.org\/{rel}","templated":true}]}}