{"id":61227,"date":"2024-06-20T11:40:09","date_gmt":"2024-06-20T09:40:09","guid":{"rendered":"https:\/\/www.revistarambla.com\/?p=61227"},"modified":"2024-06-20T11:40:09","modified_gmt":"2024-06-20T09:40:09","slug":"han-finalizado-el-proces-y-el-movimiento-independentista-en-cataluna","status":"publish","type":"post","link":"https:\/\/www.revistarambla.com\/en\/han-finalizado-el-proces-y-el-movimiento-independentista-en-cataluna\/","title":{"rendered":"\u00bfHan finalizado el \u2018proc\u00e9s\u2019 y el movimiento independentista en Catalu\u00f1a?"},"content":{"rendered":"<p>Las elecciones del 12 de mayo de 2024 en Catalu\u00f1a supusieron, por primera vez, la derrota electoral de los partidos independentistas<!--more-->, que han perdido la s\u00f3lida mayor\u00eda parlamentaria que les ha permitido gobernar desde el a\u00f1o 2015 hasta la actualidad. Esta nueva realidad nos lleva a formularnos dos preguntas relevantes: \u00bfHa finalizado definitivamente el <a href=\"https:\/\/www.revistarambla.com\/en\/la-situacion-en-catalunya-post-proces\/\">proc\u00e9s catal\u00e1n<\/a>?, y \u00bfla derrota electoral de los partidos independentistas significa la conclusi\u00f3n del movimiento independentista? Empecemos por un peque\u00f1o recorrido hist\u00f3rico y analicemos las posibles respuestas desde una perspectiva multidimensional.<\/p>\n<p>El proc\u00e9s es un movimiento pol\u00edtico que persigue la independencia de Catalu\u00f1a y cuyo origen lo podemos situar en julio de 2010, cuando el Tribunal Constitucional, a trav\u00e9s de su sentencia, anula y corrige algunos aspectos esenciales del nuevo Estatuto de Autonom\u00eda de Catalu\u00f1a, que hab\u00eda sido previamente refrendado en junio de 2006 por el pueblo catal\u00e1n.<\/p>\n<p>Hasta esa fecha, los partidos independentistas ten\u00edan un apoyo electoral minoritario (menos del 20\u00a0% del electorado) y su influencia en la pol\u00edtica catalana era m\u00e1s bien escasa. Sin embargo, a partir de 2010, el apoyo de los catalanes a los partidos independentistas crece de manera exponencial, hasta alcanzar un techo del 48\u00a0% en las elecciones de 2015.<\/p>\n<p>Este nuevo panorama supone el inicio de un profundo cambio en el sistema pol\u00edtico catal\u00e1n. El giro independentista de la sociedad catalana reduce el tradicional espacio electoral de CiU. La p\u00e9rdida de 10 diputados en las elecciones de 2012 obligan a Convergencia a virar hacia posiciones m\u00e1s independentistas, y provoca la ruptura con Uni\u00f3 y el abandono definitivo de las siglas hist\u00f3ricas de CiU, que pasan a integrarse en una nueva coalici\u00f3n con ERC denominada Junts X S\u00ed.<\/p>\n<p><img decoding=\"async\" class=\"aligncenter wp-image-61230 size-full\" src=\"https:\/\/www.revistarambla.com\/wp-content\/uploads\/2024\/06\/Screenshot-2024-06-20-at-11-23-22-\u00bfHan-finalizado-el-\u2018proces-y-el-movimiento-independentista-en-Cataluna.jpg\" alt=\"Estad\u00edsticas movimiento independentista\" width=\"1250\" height=\"692\" srcset=\"https:\/\/www.revistarambla.com\/wp-content\/uploads\/2024\/06\/Screenshot-2024-06-20-at-11-23-22-\u00bfHan-finalizado-el-\u2018proces-y-el-movimiento-independentista-en-Cataluna.jpg 1250w, https:\/\/www.revistarambla.com\/wp-content\/uploads\/2024\/06\/Screenshot-2024-06-20-at-11-23-22-\u00bfHan-finalizado-el-\u2018proces-y-el-movimiento-independentista-en-Cataluna-660x365.jpg 660w, https:\/\/www.revistarambla.com\/wp-content\/uploads\/2024\/06\/Screenshot-2024-06-20-at-11-23-22-\u00bfHan-finalizado-el-\u2018proces-y-el-movimiento-independentista-en-Cataluna-840x465.jpg 840w, https:\/\/www.revistarambla.com\/wp-content\/uploads\/2024\/06\/Screenshot-2024-06-20-at-11-23-22-\u00bfHan-finalizado-el-\u2018proces-y-el-movimiento-independentista-en-Cataluna-768x425.jpg 768w, https:\/\/www.revistarambla.com\/wp-content\/uploads\/2024\/06\/Screenshot-2024-06-20-at-11-23-22-\u00bfHan-finalizado-el-\u2018proces-y-el-movimiento-independentista-en-Cataluna-18x10.jpg 18w\" sizes=\"(max-width: 1250px) 100vw, 1250px\" \/><\/p>\n<h2>Impulso independentista<\/h2>\n<p>La legislatura del 2015, con Puigdemont a la cabeza, supone la implementaci\u00f3n de una agenda pol\u00edtica claramente independentista. En el momento m\u00e1s \u00e1lgido del proc\u00e9s (septiembre y octubre de 2017), el Parlament de <a href=\"https:\/\/www.revistarambla.com\/en\/actualidad\/catalunya\/\">Catalunya<\/a> aprueba la Llei de refer\u00e8ndum d\u2019autodeterminaci\u00f3 y la Llei de transitorietat jur\u00eddica i fundacional de la Rep\u00fablica (6 y 8 de septiembre, respectivamente), que tienen como objeto regular la desconexi\u00f3n territorial de Catalu\u00f1a respecto de Espa\u00f1a.<\/p>\n<p>Con posterioridad, el registro por parte de la Guardia Civil de diversas sedes del Govern (20 de septiembre) provoca una reacci\u00f3n inmediata de la ciudadan\u00eda catalana que se autoconvoca a las puertas de la Conselleria de Econom\u00eda.<\/p>\n<p>D\u00edas m\u00e1s tarde, los principales dirigentes civiles del independentismo, Jordi S\u00e1nchez y Jordi Cuixart, son imputados por el delito de sedici\u00f3n.<\/p>\n<p>El 1 de octubre de 2017 se celebra el refer\u00e9ndum de autodeterminaci\u00f3n de Catalu\u00f1a, donde votan algo m\u00e1s de dos millones de personas. A lo largo de la jornada se registran graves incidentes provocados por las duras cargas policiales con el objetivo de requisar las urnas y de impedir las votaciones.<\/p>\n<p>Seguidamente, el Parlament aprueba el 27 de octubre la declaraci\u00f3n de independencia de Catalu\u00f1a y, con posterioridad, los acontecimientos se precipitan. El mismo d\u00eda 27 el gobierno de Mariano Rajoy, previa autorizaci\u00f3n del Senado, interviene la autonom\u00eda catalana a trav\u00e9s del art\u00edculo 155 de la Constituci\u00f3n e inmediatamente despu\u00e9s convoca elecciones auton\u00f3micas.<\/p>\n<p>El 29 de octubre, una parte del Govern huye y se refugia en B\u00e9lgica y, poco despu\u00e9s, el resto de los l\u00edderes independentistas, que a\u00fan permanecen en Catalu\u00f1a, son detenidos y acusados por los delitos de rebeli\u00f3n, sedici\u00f3n y malversaci\u00f3n.<\/p>\n<h2>Ascenso del PSC<\/h2>\n<p>Los comicios de 2024 suponen un giro radical en el mapa pol\u00edtico catal\u00e1n. El PSC gana holgadamente las elecciones y los partidos independentistas pierden su supremac\u00eda parlamentaria. En las elecciones de 2015, 2017 y 2021 \u00e9stos hab\u00edan obtenido c\u00f3modas mayor\u00edas absolutas superiores a los 70 diputados. En cambio, en las elecciones de 2024 el c\u00f3mputo total del independentismo se reduce a 59 diputados.<\/p>\n<p>Esta nueva realidad pol\u00edtica nos lleva a formular la siguiente pregunta: \u00bfEl proc\u00e9s ha finalizado definitivamente? La respuesta es clara, pero es necesario correlacionarla con una segunda pregunta: \u00bfLa derrota electoral de los partidos independentistas significa la conclusi\u00f3n del movimiento independentista en Catalu\u00f1a?<\/p>\n<p>Con respecto a la primera pregunta, el proc\u00e9s, entendido como un movimiento pol\u00edtico que persigue el objetivo de la independencia de Catalu\u00f1a, a trav\u00e9s de la unilateralidad, y con unos actores pol\u00edticos muy concretos, s\u00ed que ha finalizado. Incluso ha dejado de ser una prioridad pol\u00edtica, puesto que la confrontaci\u00f3n continuada con las estructuras del Estado espa\u00f1ol ha sido muy poco productiva para Catalu\u00f1a y muy disruptiva pol\u00edticamente para Espa\u00f1a, que ha visto c\u00f3mo la ultraderecha avanza y consolida posiciones pol\u00edticas relevantes esgrimiendo un discurso muy anticatalanista.<\/p>\n<h2>Di\u00e1logo y amnist\u00eda para el movimiento independentista<\/h2>\n<p>En este contexto, los indultos y la ley de Amnist\u00eda son los catalizadores que han permitido rebajar la tensi\u00f3n y reconducir, de nuevo, el conflicto hacia el terreno de la pol\u00edtica.<\/p>\n<p>Por otra parte, el giro desarrollado por el president Pere Aragon\u00e9s, desde la ruptura de la coalici\u00f3n de gobierno con Junts (2022), ha primado una pol\u00edtica m\u00e1s real y m\u00e1s pragm\u00e1tica que ha permitido establecer canales de comunicaci\u00f3n y negociaci\u00f3n que han facilitado un di\u00e1logo m\u00e1s fluido entre ambos gobiernos. La mesa de di\u00e1logo entre el Gobierno de Espa\u00f1a y la Generalitat y la Comisi\u00f3n Bilateral Generalitat-Estado han sido los mecanismos para hallar soluciones y facilitar transferencias que permitan normalizar las relaciones pol\u00edticas entre Catalu\u00f1a y Espa\u00f1a.<\/p>\n<h2>Independentismo estructural<\/h2>\n<p><img decoding=\"async\" class=\"aligncenter wp-image-61231 size-full\" src=\"https:\/\/www.revistarambla.com\/wp-content\/uploads\/2024\/06\/Screenshot-2024-06-20-at-11-23-50-\u00bfHan-finalizado-el-\u2018proces-y-el-movimiento-independentista-en-Cataluna.jpg\" alt=\"\" width=\"1250\" height=\"655\" srcset=\"https:\/\/www.revistarambla.com\/wp-content\/uploads\/2024\/06\/Screenshot-2024-06-20-at-11-23-50-\u00bfHan-finalizado-el-\u2018proces-y-el-movimiento-independentista-en-Cataluna.jpg 1250w, https:\/\/www.revistarambla.com\/wp-content\/uploads\/2024\/06\/Screenshot-2024-06-20-at-11-23-50-\u00bfHan-finalizado-el-\u2018proces-y-el-movimiento-independentista-en-Cataluna-660x346.jpg 660w, https:\/\/www.revistarambla.com\/wp-content\/uploads\/2024\/06\/Screenshot-2024-06-20-at-11-23-50-\u00bfHan-finalizado-el-\u2018proces-y-el-movimiento-independentista-en-Cataluna-840x440.jpg 840w, https:\/\/www.revistarambla.com\/wp-content\/uploads\/2024\/06\/Screenshot-2024-06-20-at-11-23-50-\u00bfHan-finalizado-el-\u2018proces-y-el-movimiento-independentista-en-Cataluna-768x402.jpg 768w, https:\/\/www.revistarambla.com\/wp-content\/uploads\/2024\/06\/Screenshot-2024-06-20-at-11-23-50-\u00bfHan-finalizado-el-\u2018proces-y-el-movimiento-independentista-en-Cataluna-18x9.jpg 18w\" sizes=\"(max-width: 1250px) 100vw, 1250px\" \/><\/p>\n<p>Con relaci\u00f3n a la segunda pregunta, la derrota electoral de los partidos independentistas no significa, en absoluto, la conclusi\u00f3n del movimiento independentista en Catalu\u00f1a. Como podemos observar en la tabla 2, desde los comicios de 2015 el porcentaje de voto independentista siempre ha sido superior al voto \u201cconstitucionalista\u201d, a excepci\u00f3n de las \u00faltimas elecciones, y con un suelo electoral del 39,4 %.<\/p>\n<p>Asimismo, el cansancio y el desencanto pol\u00edtico de una parte del electorado catal\u00e1n en las elecciones de 2021 y 2024 se ha plasmado en un fuerte incremento de la abstenci\u00f3n que ha afectado especialmente a los partidos independentistas.<\/p>\n<p><img decoding=\"async\" class=\"aligncenter wp-image-61232 size-full\" src=\"https:\/\/www.revistarambla.com\/wp-content\/uploads\/2024\/06\/Screenshot-2024-06-20-at-11-27-08-\u00bfHan-finalizado-el-\u2018proces-y-el-movimiento-independentista-en-Cataluna.jpg\" alt=\"\" width=\"1250\" height=\"763\" srcset=\"https:\/\/www.revistarambla.com\/wp-content\/uploads\/2024\/06\/Screenshot-2024-06-20-at-11-27-08-\u00bfHan-finalizado-el-\u2018proces-y-el-movimiento-independentista-en-Cataluna.jpg 1250w, https:\/\/www.revistarambla.com\/wp-content\/uploads\/2024\/06\/Screenshot-2024-06-20-at-11-27-08-\u00bfHan-finalizado-el-\u2018proces-y-el-movimiento-independentista-en-Cataluna-598x365.jpg 598w, https:\/\/www.revistarambla.com\/wp-content\/uploads\/2024\/06\/Screenshot-2024-06-20-at-11-27-08-\u00bfHan-finalizado-el-\u2018proces-y-el-movimiento-independentista-en-Cataluna-840x513.jpg 840w, https:\/\/www.revistarambla.com\/wp-content\/uploads\/2024\/06\/Screenshot-2024-06-20-at-11-27-08-\u00bfHan-finalizado-el-\u2018proces-y-el-movimiento-independentista-en-Cataluna-768x469.jpg 768w, https:\/\/www.revistarambla.com\/wp-content\/uploads\/2024\/06\/Screenshot-2024-06-20-at-11-27-08-\u00bfHan-finalizado-el-\u2018proces-y-el-movimiento-independentista-en-Cataluna-18x12.jpg 18w\" sizes=\"(max-width: 1250px) 100vw, 1250px\" \/><\/p>\n<p>En conclusi\u00f3n, como podemos observar en el gr\u00e1fico 1, las tesis independentistas siguen muy vigentes, puesto que el posicionamiento de los catalanes ante la independencia de Catalu\u00f1a contin\u00faa registrando un apoyo m\u00ednimo del 42 %. De manera que el movimiento independentista es un fen\u00f3meno estructural que dif\u00edcilmente va a desaparecer y que \u00fanicamente puede ser reconducido a trav\u00e9s del di\u00e1logo y la negociaci\u00f3n entre gobiernos y partidos.<\/p>\n<p><em>*V\u00edctor Climent Sanju\u00e1n es Profesor Titular de Sociolog\u00eda, Universitat de Barcelona<\/em><\/p>\n<hr \/>\n<p><em>Fuente original: https:\/\/theconversation.com\/han-finalizado-el-proces-y-el-movimiento-independentista-en-cataluna-231631<\/em><\/p>","protected":false},"excerpt":{"rendered":"<p>Las elecciones del 12 de mayo de 2024 en Catalu\u00f1a supusieron, por primera vez, la derrota electoral de los partidos independentistas<\/p>","protected":false},"author":15,"featured_media":61229,"comment_status":"closed","ping_status":"closed","sticky":false,"template":"","format":"standard","meta":{"footnotes":""},"categories":[59],"tags":[],"class_list":["post-61227","post","type-post","status-publish","format-standard","has-post-thumbnail","hentry","category-catalunya"],"yoast_head":"<!-- This site is optimized with the Yoast SEO plugin v27.5 - https:\/\/yoast.com\/product\/yoast-seo-wordpress\/ -->\n<title>\u00bfHa finalizado el movimiento independentista en Catalu\u00f1a?<\/title>\n<meta name=\"description\" content=\"\u00bfHa finalizado el proc\u00e9s catal\u00e1n?, y \u00bfla derrota electoral significa la conclusi\u00f3n del movimiento independentista?\" \/>\n<meta name=\"robots\" content=\"index, follow, max-snippet:-1, max-image-preview:large, max-video-preview:-1\" \/>\n<link rel=\"canonical\" href=\"https:\/\/www.revistarambla.com\/en\/han-finalizado-el-proces-y-el-movimiento-independentista-en-cataluna\/\" \/>\n<meta property=\"og:locale\" content=\"en_GB\" \/>\n<meta property=\"og:type\" content=\"article\" \/>\n<meta property=\"og:title\" content=\"\u00bfHa finalizado el movimiento independentista en Catalu\u00f1a?\" \/>\n<meta property=\"og:description\" content=\"\u00bfHa finalizado el proc\u00e9s catal\u00e1n?, y \u00bfla derrota electoral significa la conclusi\u00f3n del movimiento independentista?\" \/>\n<meta property=\"og:url\" content=\"https:\/\/www.revistarambla.com\/en\/han-finalizado-el-proces-y-el-movimiento-independentista-en-cataluna\/\" \/>\n<meta property=\"og:site_name\" content=\"Revista Rambla\" \/>\n<meta property=\"article:publisher\" content=\"https:\/\/www.facebook.com\/revistarambla\/\" \/>\n<meta property=\"article:published_time\" content=\"2024-06-20T09:40:09+00:00\" \/>\n<meta property=\"og:image\" content=\"https:\/\/www.revistarambla.com\/wp-content\/uploads\/2024\/06\/Screenshot-2024-06-20-at-11-22-21-file-20240614-17-so5mwm-1.jpg-Imagen-AVIF-1356-\u00d7-668-pixeles-1.jpg\" \/>\n\t<meta property=\"og:image:width\" content=\"835\" \/>\n\t<meta property=\"og:image:height\" content=\"835\" \/>\n\t<meta property=\"og:image:type\" content=\"image\/jpeg\" \/>\n<meta name=\"author\" content=\"V\u00edctor Climent Sanju\u00e1n\" \/>\n<meta name=\"twitter:card\" content=\"summary_large_image\" \/>\n<meta name=\"twitter:creator\" content=\"@revistarambla\" \/>\n<meta name=\"twitter:site\" content=\"@revistarambla\" \/>\n<meta name=\"twitter:label1\" content=\"Written by\" \/>\n\t<meta name=\"twitter:data1\" content=\"V\u00edctor Climent Sanju\u00e1n\" \/>\n\t<meta name=\"twitter:label2\" content=\"Estimated reading time\" \/>\n\t<meta name=\"twitter:data2\" content=\"6 minutes\" \/>\n<script type=\"application\/ld+json\" class=\"yoast-schema-graph\">{\"@context\":\"https:\\\/\\\/schema.org\",\"@graph\":[{\"@type\":\"Article\",\"@id\":\"https:\\\/\\\/www.revistarambla.com\\\/han-finalizado-el-proces-y-el-movimiento-independentista-en-cataluna\\\/#article\",\"isPartOf\":{\"@id\":\"https:\\\/\\\/www.revistarambla.com\\\/han-finalizado-el-proces-y-el-movimiento-independentista-en-cataluna\\\/\"},\"author\":{\"name\":\"V\u00edctor Climent Sanju\u00e1n\",\"@id\":\"https:\\\/\\\/www.revistarambla.com\\\/#\\\/schema\\\/person\\\/2b19179a8ace334b829ad72cc6e6ce97\"},\"headline\":\"\u00bfHan finalizado el \u2018proc\u00e9s\u2019 y el movimiento independentista en Catalu\u00f1a?\",\"datePublished\":\"2024-06-20T09:40:09+00:00\",\"mainEntityOfPage\":{\"@id\":\"https:\\\/\\\/www.revistarambla.com\\\/han-finalizado-el-proces-y-el-movimiento-independentista-en-cataluna\\\/\"},\"wordCount\":1161,\"publisher\":{\"@id\":\"https:\\\/\\\/www.revistarambla.com\\\/#organization\"},\"image\":{\"@id\":\"https:\\\/\\\/www.revistarambla.com\\\/han-finalizado-el-proces-y-el-movimiento-independentista-en-cataluna\\\/#primaryimage\"},\"thumbnailUrl\":\"https:\\\/\\\/www.revistarambla.com\\\/wp-content\\\/uploads\\\/2024\\\/06\\\/Screenshot-2024-06-20-at-11-22-21-file-20240614-17-so5mwm-1.jpg-Imagen-AVIF-1356-\u00d7-668-pixeles-1.jpg\",\"articleSection\":[\"Catalunya\"],\"inLanguage\":\"en-GB\"},{\"@type\":\"WebPage\",\"@id\":\"https:\\\/\\\/www.revistarambla.com\\\/han-finalizado-el-proces-y-el-movimiento-independentista-en-cataluna\\\/\",\"url\":\"https:\\\/\\\/www.revistarambla.com\\\/han-finalizado-el-proces-y-el-movimiento-independentista-en-cataluna\\\/\",\"name\":\"\u00bfHa finalizado el movimiento independentista en Catalu\u00f1a?\",\"isPartOf\":{\"@id\":\"https:\\\/\\\/www.revistarambla.com\\\/#website\"},\"primaryImageOfPage\":{\"@id\":\"https:\\\/\\\/www.revistarambla.com\\\/han-finalizado-el-proces-y-el-movimiento-independentista-en-cataluna\\\/#primaryimage\"},\"image\":{\"@id\":\"https:\\\/\\\/www.revistarambla.com\\\/han-finalizado-el-proces-y-el-movimiento-independentista-en-cataluna\\\/#primaryimage\"},\"thumbnailUrl\":\"https:\\\/\\\/www.revistarambla.com\\\/wp-content\\\/uploads\\\/2024\\\/06\\\/Screenshot-2024-06-20-at-11-22-21-file-20240614-17-so5mwm-1.jpg-Imagen-AVIF-1356-\u00d7-668-pixeles-1.jpg\",\"datePublished\":\"2024-06-20T09:40:09+00:00\",\"description\":\"\u00bfHa finalizado el proc\u00e9s catal\u00e1n?, y \u00bfla derrota electoral significa la conclusi\u00f3n del movimiento independentista?\",\"breadcrumb\":{\"@id\":\"https:\\\/\\\/www.revistarambla.com\\\/han-finalizado-el-proces-y-el-movimiento-independentista-en-cataluna\\\/#breadcrumb\"},\"inLanguage\":\"en-GB\",\"potentialAction\":[{\"@type\":\"ReadAction\",\"target\":[\"https:\\\/\\\/www.revistarambla.com\\\/han-finalizado-el-proces-y-el-movimiento-independentista-en-cataluna\\\/\"]}]},{\"@type\":\"ImageObject\",\"inLanguage\":\"en-GB\",\"@id\":\"https:\\\/\\\/www.revistarambla.com\\\/han-finalizado-el-proces-y-el-movimiento-independentista-en-cataluna\\\/#primaryimage\",\"url\":\"https:\\\/\\\/www.revistarambla.com\\\/wp-content\\\/uploads\\\/2024\\\/06\\\/Screenshot-2024-06-20-at-11-22-21-file-20240614-17-so5mwm-1.jpg-Imagen-AVIF-1356-\u00d7-668-pixeles-1.jpg\",\"contentUrl\":\"https:\\\/\\\/www.revistarambla.com\\\/wp-content\\\/uploads\\\/2024\\\/06\\\/Screenshot-2024-06-20-at-11-22-21-file-20240614-17-so5mwm-1.jpg-Imagen-AVIF-1356-\u00d7-668-pixeles-1.jpg\",\"width\":835,\"height\":835,\"caption\":\"estelada blac\u00f3n barcelona independencia movimiento independentista catalunya\"},{\"@type\":\"BreadcrumbList\",\"@id\":\"https:\\\/\\\/www.revistarambla.com\\\/han-finalizado-el-proces-y-el-movimiento-independentista-en-cataluna\\\/#breadcrumb\",\"itemListElement\":[{\"@type\":\"ListItem\",\"position\":1,\"name\":\"Portada\",\"item\":\"https:\\\/\\\/www.revistarambla.com\\\/\"},{\"@type\":\"ListItem\",\"position\":2,\"name\":\"\u00bfHan finalizado el \u2018proc\u00e9s\u2019 y el movimiento independentista en Catalu\u00f1a?\"}]},{\"@type\":\"WebSite\",\"@id\":\"https:\\\/\\\/www.revistarambla.com\\\/#website\",\"url\":\"https:\\\/\\\/www.revistarambla.com\\\/\",\"name\":\"Revista Rambla Barcelona\",\"description\":\"Periodismo independiente\",\"publisher\":{\"@id\":\"https:\\\/\\\/www.revistarambla.com\\\/#organization\"},\"potentialAction\":[{\"@type\":\"SearchAction\",\"target\":{\"@type\":\"EntryPoint\",\"urlTemplate\":\"https:\\\/\\\/www.revistarambla.com\\\/?s={search_term_string}\"},\"query-input\":{\"@type\":\"PropertyValueSpecification\",\"valueRequired\":true,\"valueName\":\"search_term_string\"}}],\"inLanguage\":\"en-GB\"},{\"@type\":\"Organization\",\"@id\":\"https:\\\/\\\/www.revistarambla.com\\\/#organization\",\"name\":\"Revista Rambla\",\"url\":\"https:\\\/\\\/www.revistarambla.com\\\/\",\"logo\":{\"@type\":\"ImageObject\",\"inLanguage\":\"en-GB\",\"@id\":\"https:\\\/\\\/www.revistarambla.com\\\/#\\\/schema\\\/logo\\\/image\\\/\",\"url\":\"https:\\\/\\\/www.revistarambla.com\\\/wp-content\\\/uploads\\\/2020\\\/09\\\/banner_rambla_1900x600_BB.png\",\"contentUrl\":\"https:\\\/\\\/www.revistarambla.com\\\/wp-content\\\/uploads\\\/2020\\\/09\\\/banner_rambla_1900x600_BB.png\",\"width\":1900,\"height\":600,\"caption\":\"Revista Rambla\"},\"image\":{\"@id\":\"https:\\\/\\\/www.revistarambla.com\\\/#\\\/schema\\\/logo\\\/image\\\/\"},\"sameAs\":[\"https:\\\/\\\/www.facebook.com\\\/revistarambla\\\/\",\"https:\\\/\\\/x.com\\\/revistarambla\",\"https:\\\/\\\/www.instagram.com\\\/revista_rambla\",\"https:\\\/\\\/es.linkedin.com\\\/company\\\/revista-rambla\"]},{\"@type\":\"Person\",\"@id\":\"https:\\\/\\\/www.revistarambla.com\\\/#\\\/schema\\\/person\\\/2b19179a8ace334b829ad72cc6e6ce97\",\"name\":\"V\u00edctor Climent Sanju\u00e1n\"}]}<\/script>\n<!-- \/ Yoast SEO plugin. -->","yoast_head_json":{"title":"\u00bfHa finalizado el movimiento independentista en Catalu\u00f1a?","description":"\u00bfHa finalizado el proc\u00e9s catal\u00e1n?, y \u00bfla derrota electoral significa la conclusi\u00f3n del movimiento independentista?","robots":{"index":"index","follow":"follow","max-snippet":"max-snippet:-1","max-image-preview":"max-image-preview:large","max-video-preview":"max-video-preview:-1"},"canonical":"https:\/\/www.revistarambla.com\/en\/han-finalizado-el-proces-y-el-movimiento-independentista-en-cataluna\/","og_locale":"en_GB","og_type":"article","og_title":"\u00bfHa finalizado el movimiento independentista en Catalu\u00f1a?","og_description":"\u00bfHa finalizado el proc\u00e9s catal\u00e1n?, y \u00bfla derrota electoral significa la conclusi\u00f3n del movimiento independentista?","og_url":"https:\/\/www.revistarambla.com\/en\/han-finalizado-el-proces-y-el-movimiento-independentista-en-cataluna\/","og_site_name":"Revista Rambla","article_publisher":"https:\/\/www.facebook.com\/revistarambla\/","article_published_time":"2024-06-20T09:40:09+00:00","og_image":[{"width":835,"height":835,"url":"https:\/\/www.revistarambla.com\/wp-content\/uploads\/2024\/06\/Screenshot-2024-06-20-at-11-22-21-file-20240614-17-so5mwm-1.jpg-Imagen-AVIF-1356-\u00d7-668-pixeles-1.jpg","type":"image\/jpeg"}],"author":"V\u00edctor Climent Sanju\u00e1n","twitter_card":"summary_large_image","twitter_creator":"@revistarambla","twitter_site":"@revistarambla","twitter_misc":{"Written by":"V\u00edctor Climent Sanju\u00e1n","Estimated reading time":"6 minutes"},"schema":{"@context":"https:\/\/schema.org","@graph":[{"@type":"Article","@id":"https:\/\/www.revistarambla.com\/han-finalizado-el-proces-y-el-movimiento-independentista-en-cataluna\/#article","isPartOf":{"@id":"https:\/\/www.revistarambla.com\/han-finalizado-el-proces-y-el-movimiento-independentista-en-cataluna\/"},"author":{"name":"V\u00edctor Climent Sanju\u00e1n","@id":"https:\/\/www.revistarambla.com\/#\/schema\/person\/2b19179a8ace334b829ad72cc6e6ce97"},"headline":"\u00bfHan finalizado el \u2018proc\u00e9s\u2019 y el movimiento independentista en Catalu\u00f1a?","datePublished":"2024-06-20T09:40:09+00:00","mainEntityOfPage":{"@id":"https:\/\/www.revistarambla.com\/han-finalizado-el-proces-y-el-movimiento-independentista-en-cataluna\/"},"wordCount":1161,"publisher":{"@id":"https:\/\/www.revistarambla.com\/#organization"},"image":{"@id":"https:\/\/www.revistarambla.com\/han-finalizado-el-proces-y-el-movimiento-independentista-en-cataluna\/#primaryimage"},"thumbnailUrl":"https:\/\/www.revistarambla.com\/wp-content\/uploads\/2024\/06\/Screenshot-2024-06-20-at-11-22-21-file-20240614-17-so5mwm-1.jpg-Imagen-AVIF-1356-\u00d7-668-pixeles-1.jpg","articleSection":["Catalunya"],"inLanguage":"en-GB"},{"@type":"WebPage","@id":"https:\/\/www.revistarambla.com\/han-finalizado-el-proces-y-el-movimiento-independentista-en-cataluna\/","url":"https:\/\/www.revistarambla.com\/han-finalizado-el-proces-y-el-movimiento-independentista-en-cataluna\/","name":"\u00bfHa finalizado el movimiento independentista en Catalu\u00f1a?","isPartOf":{"@id":"https:\/\/www.revistarambla.com\/#website"},"primaryImageOfPage":{"@id":"https:\/\/www.revistarambla.com\/han-finalizado-el-proces-y-el-movimiento-independentista-en-cataluna\/#primaryimage"},"image":{"@id":"https:\/\/www.revistarambla.com\/han-finalizado-el-proces-y-el-movimiento-independentista-en-cataluna\/#primaryimage"},"thumbnailUrl":"https:\/\/www.revistarambla.com\/wp-content\/uploads\/2024\/06\/Screenshot-2024-06-20-at-11-22-21-file-20240614-17-so5mwm-1.jpg-Imagen-AVIF-1356-\u00d7-668-pixeles-1.jpg","datePublished":"2024-06-20T09:40:09+00:00","description":"\u00bfHa finalizado el proc\u00e9s catal\u00e1n?, y \u00bfla derrota electoral significa la conclusi\u00f3n del movimiento independentista?","breadcrumb":{"@id":"https:\/\/www.revistarambla.com\/han-finalizado-el-proces-y-el-movimiento-independentista-en-cataluna\/#breadcrumb"},"inLanguage":"en-GB","potentialAction":[{"@type":"ReadAction","target":["https:\/\/www.revistarambla.com\/han-finalizado-el-proces-y-el-movimiento-independentista-en-cataluna\/"]}]},{"@type":"ImageObject","inLanguage":"en-GB","@id":"https:\/\/www.revistarambla.com\/han-finalizado-el-proces-y-el-movimiento-independentista-en-cataluna\/#primaryimage","url":"https:\/\/www.revistarambla.com\/wp-content\/uploads\/2024\/06\/Screenshot-2024-06-20-at-11-22-21-file-20240614-17-so5mwm-1.jpg-Imagen-AVIF-1356-\u00d7-668-pixeles-1.jpg","contentUrl":"https:\/\/www.revistarambla.com\/wp-content\/uploads\/2024\/06\/Screenshot-2024-06-20-at-11-22-21-file-20240614-17-so5mwm-1.jpg-Imagen-AVIF-1356-\u00d7-668-pixeles-1.jpg","width":835,"height":835,"caption":"estelada blac\u00f3n barcelona independencia movimiento independentista catalunya"},{"@type":"BreadcrumbList","@id":"https:\/\/www.revistarambla.com\/han-finalizado-el-proces-y-el-movimiento-independentista-en-cataluna\/#breadcrumb","itemListElement":[{"@type":"ListItem","position":1,"name":"Portada","item":"https:\/\/www.revistarambla.com\/"},{"@type":"ListItem","position":2,"name":"\u00bfHan finalizado el \u2018proc\u00e9s\u2019 y el movimiento independentista en Catalu\u00f1a?"}]},{"@type":"WebSite","@id":"https:\/\/www.revistarambla.com\/#website","url":"https:\/\/www.revistarambla.com\/","name":"Revista Rambla Barcelona","description":"Periodismo independiente","publisher":{"@id":"https:\/\/www.revistarambla.com\/#organization"},"potentialAction":[{"@type":"SearchAction","target":{"@type":"EntryPoint","urlTemplate":"https:\/\/www.revistarambla.com\/?s={search_term_string}"},"query-input":{"@type":"PropertyValueSpecification","valueRequired":true,"valueName":"search_term_string"}}],"inLanguage":"en-GB"},{"@type":"Organization","@id":"https:\/\/www.revistarambla.com\/#organization","name":"Revista Rambla","url":"https:\/\/www.revistarambla.com\/","logo":{"@type":"ImageObject","inLanguage":"en-GB","@id":"https:\/\/www.revistarambla.com\/#\/schema\/logo\/image\/","url":"https:\/\/www.revistarambla.com\/wp-content\/uploads\/2020\/09\/banner_rambla_1900x600_BB.png","contentUrl":"https:\/\/www.revistarambla.com\/wp-content\/uploads\/2020\/09\/banner_rambla_1900x600_BB.png","width":1900,"height":600,"caption":"Revista Rambla"},"image":{"@id":"https:\/\/www.revistarambla.com\/#\/schema\/logo\/image\/"},"sameAs":["https:\/\/www.facebook.com\/revistarambla\/","https:\/\/x.com\/revistarambla","https:\/\/www.instagram.com\/revista_rambla","https:\/\/es.linkedin.com\/company\/revista-rambla"]},{"@type":"Person","@id":"https:\/\/www.revistarambla.com\/#\/schema\/person\/2b19179a8ace334b829ad72cc6e6ce97","name":"V\u00edctor Climent Sanju\u00e1n"}]}},"_links":{"self":[{"href":"https:\/\/www.revistarambla.com\/en\/wp-json\/wp\/v2\/posts\/61227","targetHints":{"allow":["GET"]}}],"collection":[{"href":"https:\/\/www.revistarambla.com\/en\/wp-json\/wp\/v2\/posts"}],"about":[{"href":"https:\/\/www.revistarambla.com\/en\/wp-json\/wp\/v2\/types\/post"}],"author":[{"embeddable":true,"href":"https:\/\/www.revistarambla.com\/en\/wp-json\/wp\/v2\/users\/15"}],"replies":[{"embeddable":true,"href":"https:\/\/www.revistarambla.com\/en\/wp-json\/wp\/v2\/comments?post=61227"}],"version-history":[{"count":2,"href":"https:\/\/www.revistarambla.com\/en\/wp-json\/wp\/v2\/posts\/61227\/revisions"}],"predecessor-version":[{"id":61235,"href":"https:\/\/www.revistarambla.com\/en\/wp-json\/wp\/v2\/posts\/61227\/revisions\/61235"}],"wp:featuredmedia":[{"embeddable":true,"href":"https:\/\/www.revistarambla.com\/en\/wp-json\/wp\/v2\/media\/61229"}],"wp:attachment":[{"href":"https:\/\/www.revistarambla.com\/en\/wp-json\/wp\/v2\/media?parent=61227"}],"wp:term":[{"taxonomy":"category","embeddable":true,"href":"https:\/\/www.revistarambla.com\/en\/wp-json\/wp\/v2\/categories?post=61227"},{"taxonomy":"post_tag","embeddable":true,"href":"https:\/\/www.revistarambla.com\/en\/wp-json\/wp\/v2\/tags?post=61227"}],"curies":[{"name":"wp","href":"https:\/\/api.w.org\/{rel}","templated":true}]}}