{"id":612,"date":"2010-11-26T07:34:47","date_gmt":"2010-11-26T06:34:47","guid":{"rendered":"https:\/\/www.revistarambla.com\/lidia-falcon-este-es-el-pais-mas-garantista-del-mundo-para-los-criminales-aqui-lo-mejor-es-ser-delincuente\/"},"modified":"2021-12-10T16:57:31","modified_gmt":"2021-12-10T15:57:31","slug":"lidia-falcon-en-el-dia-contra-la-violencia-de-genero-aqui-lo-mejor-es-ser-delincuente","status":"publish","type":"post","link":"https:\/\/www.revistarambla.com\/en\/lidia-falcon-en-el-dia-contra-la-violencia-de-genero-aqui-lo-mejor-es-ser-delincuente\/","title":{"rendered":"Lidia Falc\u00f3n en el D\u00eda contra la Violencia de G\u00e9nero: \u00abAqu\u00ed lo mejor es ser delincuente\u00bb"},"content":{"rendered":"<p style=\"text-align: left;\">M\u00e1s de 150.000 denuncias anuales y 64 mujeres muertas en lo que va de a\u00f1o son el resultado de la lacra que supone la violencia de g\u00e9nero. Pese a que la cifra de muertes ha disminuido en los \u00faltimos a\u00f1os, en Espa\u00f1a son muchas las mujeres que todav\u00eda sufren la violencia machista de sus parejas o ex parejas. Con motivo de la celebraci\u00f3n del <strong>D\u00eda Internacional contra la Violencia de G\u00e9nero<\/strong> hemos querido conocer de primera mano cu\u00e1l es la situaci\u00f3n actual de las mujeres que se deciden a denunciar a sus maltratadores y, que mejor, que entablar una larga conversaci\u00f3n con <strong>Lidia Falc\u00f3n<\/strong>, abogada, periodista e impulsora del <a href=\"https:\/\/partidofeminista.es\/\">Partido Feminista de Espa\u00f1a (PFE)<\/a>.<\/p>\n<p><img decoding=\"async\" class=\"alignright\" src=\"https:\/\/www.revistarambla.com\/wp-content\/uploads\/2010\/11\/lidia%20falcon002.jpg\" alt=\"alt\" width=\"403\" height=\"268\" \/><\/p>\n<p style=\"text-align: left;\"><strong>Lidia, si fueran las mujeres las que matasen a los hombres, \u00bfcrees que volver\u00edan a imponer la pena de muerte?<\/strong><\/p>\n<p style=\"text-align: left;\">Supongo. Hay un dato absolutamente real: si estas v\u00edctimas de violencia de g\u00e9nero fuesen v\u00edctimas del terrorismo, en Espa\u00f1a habr\u00eda Estado de excepci\u00f3n y el ej\u00e9rcito patrullar\u00eda por las calles. Pero es que las mujeres valen muy poco. Ahora, hemos conseguido, al cabo de 30 a\u00f1os que os preocup\u00e9is (refiri\u00e9ndose a los medios de comunicaci\u00f3n) del tema, que se hable de \u00e9l, que salga en portadas\u2026 Es lo m\u00e1ximo, casi, que hemos conseguido.<\/p>\n<p style=\"text-align: left;\"><strong>\u00bfQu\u00e9 opinas de la actual Ley de Violencia de G\u00e9nero? <\/strong><\/p>\n<p style=\"text-align: left;\">La Ley de Violencia de G\u00e9nero es completamente inoperante, no tiene eficacia. Ya la Ley naci\u00f3 incompleta, pero luego la aplicaci\u00f3n de la Ley es completamente inaceptable. Primero no hay medios: no hay suficientes juzgados de violencia, no hay espacios, no hay bastantes jueces, ni fiscales, ni psic\u00f3logos, ni forenses, ni asistentes sociales, ni oficiales de la administraci\u00f3n de justicia, ni agentes judiciales. Luego, el criterio de jueces y fiscales sigue siendo completamente machista. Estamos en una involuci\u00f3n.<\/p>\n<p style=\"text-align: left;\"><strong>\u00bfUna involuci\u00f3n?<\/strong><\/p>\n<p style=\"text-align: left;\">S\u00ed. Hab\u00edamos conseguido que la violencia de un hombre contra una mujer fuese un delito, lo que antes era una falta, de poca importancia. Pues ahora, en sentencias que tenemos repetidas, y el Tribunal Supremo acaba de abalar una de ellas, se vuelve a decir que si no hay una evidencia de que hay una discriminaci\u00f3n machista se trata de una falta. O sea, que si no te han pegado porque eres una mujer, sino porque estaba enfadado, pues entonces vuelve a ser falta. Y, adem\u00e1s, una advertencia: aquella mujer que se defienda ya puede estar segura de que la condenar\u00e1n a ella tambi\u00e9n. Como un hombre aparezca, y a veces es mentira, con unos ara\u00f1azos o ella le haya tirado algo a la cabeza, los condenar\u00e1n a los dos.<\/p>\n<p style=\"text-align: left;\"><strong>\u00bfEs cierto eso de que los casos que ahora mismo salen a la luz ya se daban en el pasado pero que ahora se denuncian m\u00e1s?<\/strong><\/p>\n<p style=\"text-align: left;\">Antes denunciar, \u00bfpara qu\u00e9? Antes t\u00fa no presentabas denuncia porque ni si quiera te la iban a tomar, y si la presentabas al cabo de unos meses llegar\u00eda un juicio de faltas y el juez le pondr\u00eda unas 300 pesetas de multa al tipo. Por lo menos, ya hemos avanzado en considerar un poco m\u00e1s que la agresi\u00f3n se tiene que perseguir y que se tiene que penar. Eso s\u00ed, con las condiciones y limitaciones que he contado antes.<\/p>\n<p style=\"text-align: left;\"><strong>Y qu\u00e9 nos puedes decir en cuanto a los rumores de que se est\u00e1n presentando denuncias falsas por parte de algunas mujeres.\u00a0 <\/strong><\/p>\n<p style=\"text-align: left;\">Eso no es verdad. En cuanto las mujeres fuimos avanzando en conquistas, ellos se fueron organizando. Adem\u00e1s se organizan los maltratadores, precisamente. Estos que se han organizado tienen varias asociaciones: la Asociaci\u00f3n de Padres Separados, la Asociaci\u00f3n de Hombres Divorciados\u2026 A partir de ese momento empez\u00f3 la campa\u00f1a esta de las denuncias falsas. Lo que te puedo asegurar, y eso lo he vivido yo, que ya tienen otra estrategia. Cuando una mujer les va a denunciar (porque, adem\u00e1s, son unas ingenuas y los amenazan con denunciarles) van ellos antes a denunciar que han sido maltratados, insultados\u2026 o lo que quieras. Eso tiene un efecto perverso, cuando el fiscal ve denuncias cruzadas o los absuelve a los dos o los condena a los dos. Y ah\u00ed se queda el asunto.<\/p>\n<p style=\"text-align: left;\"><strong>\u00bfHan aumentado los casos de violencia de g\u00e9nero con la crisis?<\/strong><\/p>\n<p style=\"text-align: left;\">Eso es algo que se est\u00e1 hablando. El Instituto de la Mujer sac\u00f3 la misma conclusi\u00f3n que nosotras: que deb\u00eda haber alrededor de dos millones y medio de mujeres maltratadas. Maltratadas f\u00edsicamente, porque psicol\u00f3gicamente \u00bfqui\u00e9n no lo ha sido? Todas, y la que diga lo contrario, miente. O un t\u00edo en la calle, o su novio, un vecino, el empresario, su compa\u00f1ero de trabajo\u2026 Todas. Pero estos dos millones y medio, no s\u00e9 si las apalear\u00e1n m\u00e1s o menos cuando el marido vuelva de mal humor porque no tiene trabajo. Lo que s\u00ed que puedo decir es que no ha influido en el n\u00famero de asesinatos, porque el n\u00famero m\u00e1s alto es de 2006 con m\u00e1s de 70 asesinadas; y las cifras m\u00e1s bajas son del 2008 y del 2009, que ya est\u00e1bamos en crisis.<\/p>\n<p style=\"text-align: left;\"><strong>\u00bfY qu\u00e9 opinas de las pol\u00e9micas declaraciones claramente sexistas del alcalde de Valladolid sobre los labios de la ministra de Sanidad, Pol\u00edtica Social e Igualdad, Leire Paj\u00edn? \u00bfC\u00f3mo podemos hablar de que hay que educar a la sociedad para eliminar el machismo si tenemos como \u2018modelos\u2019 a personajes as\u00ed?<\/strong><\/p>\n<p style=\"text-align: left;\">\u00bfY S\u00e1nchez Drag\u00f3? Y sabes que a favor de S\u00e1nchez Drag\u00f3 firmaron un escrito, entre otros, Fernando Sabater. Estamos hablando de la crema de la intelectualidad. Y claro, cuando los modelos (los que salen en la tele, escriben art\u00edculos, dan clase en las universidades, est\u00e1n formado a generaciones de chicos) son as\u00ed y este pa\u00eds los asume es que el criterio mayoritario del pa\u00eds es un criterio machista, al que le han molestado todos los avances que las mujeres hemos ido consiguiendo.<\/p>\n<p style=\"text-align: left;\"><strong>\u00bfHabr\u00eda alguna forma de acabar con la violencia de g\u00e9nero?<\/strong><\/p>\n<p style=\"text-align: left;\">Nosotras, desde el partido feminista, hemos hecho una campa\u00f1a de firmas para modificar la Ley. En el sentido de tomar unas medidas preventivas, cautelares, para proteger, y unas medidas punitivas para ejemplarizar. Lo fundamental es que esta Ley no exija que sea la v\u00edctima la que aporte la prueba de la violencia. Esto es, invertir la carga de la prueba, que se dice en t\u00e9rminos jur\u00eddicos. Esto no lo aceptan los juristas de ninguna manera porque la presunci\u00f3n de inocencia va por delante de todo. Pero esto no es cierto, porque en lo laboral, y eso lo consiguieron los sindicatos y las luchas de los trabajadores, s\u00ed que se invirti\u00f3 la carga de la prueba. De hecho, un contrato de trabajo existe desde el momento en el que el trabajador dice que ha ido tantos d\u00edas a trabajar y es el empresario el que tiene que demostrar que no fue as\u00ed. El derecho laboral es un derecho protector de los trabajadores, porque los trabajadores lo exigieron. Esta inversi\u00f3n de las exigencias de la prueba es la que hay que exigir en el caso de la mujer.<\/p>\n<p style=\"text-align: left;\"><strong><img decoding=\"async\" class=\"alignright size-full wp-image-611\" style=\"width: 273px; height: 400px; margin-left: 8px; margin-right: 8px; float: right;\" src=\"https:\/\/www.revistarambla.com\/wp-content\/uploads\/2010\/11\/lidia%20falcon001.jpg\" alt=\"alt\" width=\"273\" height=\"400\" \/>M\u00e1s de la mitad de las denuncias se archivan sin m\u00e1s tr\u00e1mite (alrededor del 55%) y del 45% restante s\u00f3lo se condena al 70% de maltratadores. Al final las cifras revelan que s\u00f3lo son condenados alrededor del 38% de los hombres denunciados, \u00bfpor qu\u00e9?<\/strong><\/p>\n<p style=\"text-align: left;\">Porque, \u00bfc\u00f3mo demuestras que te han pegado en la soledad de tu casa? Tienes que aportar certificados m\u00e9dicos, y la mayor parte de las mujeres son muy torpes o muy ingenuas y tardan en ir al hospital. Adem\u00e1s, cuando van tienen unas lesiones que \u00bfc\u00f3mo demuestras que te las ha hecho tu marido o pareja? Este es el pa\u00eds m\u00e1s garantista del mundo para los criminales. Aqu\u00ed lo mejor es ser delincuente.<\/p>\n<p style=\"text-align: left;\"><strong>Entonces, es normal que las mujeres se lo piensen dos veces a la hora de denunciar. <\/strong><\/p>\n<p style=\"text-align: left;\">Mira, el caso t\u00edpico: mujer va y denuncia. En el momento en el que la polic\u00eda ya tiene la denuncia, se tramita una citaci\u00f3n para que al hombre vaya a declarar. Entonces le dicen a la mujer que se vaya, pero \u00bfa d\u00f3nde? \u00bfse va a casa a esperar que al tipo le llegue la citaci\u00f3n? Entonces es cuando la mujer le dice al polic\u00eda: es que me va a matar. Es entonces cuando llaman a una asistente social y se la llevan a una casa de acogida. Y, si adem\u00e1s tiene ni\u00f1os, se va con los ni\u00f1os. Y el marido se queda en su casa porque (ir\u00f3nicamente) a\u00fan no se sabe si es culpable. Pero las casas de acogida son una miseria y est\u00e1n llenas. Entonces las meten en las pensiones del barrio chino, sin ducha, a ella, a la madre de ella a la que tambi\u00e9n le ha pegado y a los ni\u00f1os. Y ah\u00ed est\u00e1n en una habitaci\u00f3n metidas a la espera de la orden de alejamiento. Primero tienen que citar al tipo, pero puede que no le encuentren, porque el juzgado va con la citaci\u00f3n de 9 a 2 de la tarde. A la tercera vez que van la devuelven al juzgado poniendo: desconocido. Ah\u00ed se muere el tema, porque aqu\u00ed no se permite que la citaci\u00f3n la entregue ninguna otra persona. Pongamos que lo encuentran y que le llega la citaci\u00f3n a una comparecencia r\u00e1pida, cuya celebraci\u00f3n puede alargarse hasta 6 meses aunque lo normal son 10, 15 d\u00edas. Entonces vas all\u00ed para exponer tus pruebas y pedir una orden de alejamiento, pero \u00bfqu\u00e9 pruebas tienes? \u00bfQue te ha dado de palos? Y \u00e9l dice que no, que no estaba en casa. \u00bfC\u00f3mo lo demuestras? As\u00ed, el 55% de las denuncias se archivan sin m\u00e1s tr\u00e1mite.\u00a0 Pero no nos pongamos en el peor de los casos, te dan la orden de alejamiento, y el t\u00edo se tiene que ir de casa. Pero la orden de alejamiento se quebranta.<\/p>\n<p style=\"text-align: left;\"><strong>\u00bfY qu\u00e9 se supone que debe hacer una mujer cuando su maltratador quebranta la orden de alejamiento?<\/strong><\/p>\n<p style=\"text-align: left;\">Cuando quebrantan la orden tienes que presentar otra denuncia, el juzgado no puede adivinarlo. Se te presenta el tipo y a lo mejor te da otra paliza o te amenaza. Entonces llaman, pero cuando llegan el tipo no est\u00e1. El problema tambi\u00e9n es que si hay otra denuncia, tienes otra comparecencia y el tipo puede decir que no ha pasado por all\u00ed, ni mucho menos. Y, \u00bfc\u00f3mo lo demuestras?. Tienes que conseguir que en el momento en el que est\u00e9 gritando haya un testigo o dos que luego vayan y digan que s\u00ed ante un juez o que llegue la polic\u00eda y lo pille all\u00ed<\/p>\n<p style=\"text-align: left;\"><strong>Y si lo pillan en el momento, \u00bfqu\u00e9 es lo que sucede? <\/strong><\/p>\n<p style=\"text-align: left;\">Entonces se lo lleva la polic\u00eda y van a la comparecencia del juzgado y le ponen una multa por haber quebrantado la orden y no la paga. Porque las multas no se pagan. Ah, y\u00a0 no olvidemos que, para el juicio (que hasta que se celebre pueden pasar incluso a\u00f1os) es la mujer la que tiene que buscarse las pruebas, partes m\u00e9dicos, testigos\u2026 Yo les aconsejo que vivan con un notario. T\u00fa tienes un notario debajo de la cama y cuando te despiertas levanta acta y eso, no cabe duda, que lo van a creer.<\/p>","protected":false},"excerpt":{"rendered":"<p>M\u00e1s de 150.000 denuncias anuales y 64 mujeres muertas en lo que va de a\u00f1o son el resultado de la lacra que supone la violencia de g\u00e9nero. Pese a que la cifra de muertes ha disminuido en los \u00faltimos a\u00f1os, en Espa\u00f1a son muchas las mujeres que todav\u00eda sufren la [&hellip;]<\/p>\n","protected":false},"author":53,"featured_media":0,"comment_status":"open","ping_status":"open","sticky":false,"template":"","format":"standard","meta":{"footnotes":""},"categories":[3,58],"tags":[],"class_list":["post-612","post","type-post","status-publish","format-standard","hentry","category-actualidad","category-estado-espanol"],"yoast_head":"<!-- This site is optimized with the Yoast SEO plugin v27.5 - https:\/\/yoast.com\/product\/yoast-seo-wordpress\/ -->\n<title>Lidia Falc\u00f3n en el D\u00eda contra la Violencia de G\u00e9nero... - Revista Rambla<\/title>\n<meta name=\"description\" content=\"Con motivo de la celebraci\u00f3n del D\u00eda Internacional contra la Violencia de G\u00e9nero hemos querido conocer de primera mano cu\u00e1l es la situaci\u00f3n actual de las...\" \/>\n<meta name=\"robots\" content=\"index, follow, max-snippet:-1, max-image-preview:large, max-video-preview:-1\" \/>\n<link rel=\"canonical\" href=\"https:\/\/www.revistarambla.com\/en\/lidia-falcon-en-el-dia-contra-la-violencia-de-genero-aqui-lo-mejor-es-ser-delincuente\/\" \/>\n<meta property=\"og:locale\" content=\"en_GB\" \/>\n<meta property=\"og:type\" content=\"article\" \/>\n<meta property=\"og:title\" content=\"Lidia Falc\u00f3n en el D\u00eda contra la Violencia de G\u00e9nero... - Revista Rambla\" \/>\n<meta property=\"og:description\" content=\"Con motivo de la celebraci\u00f3n del D\u00eda Internacional contra la Violencia de G\u00e9nero hemos querido conocer de primera mano cu\u00e1l es la situaci\u00f3n actual de las...\" \/>\n<meta property=\"og:url\" content=\"https:\/\/www.revistarambla.com\/en\/lidia-falcon-en-el-dia-contra-la-violencia-de-genero-aqui-lo-mejor-es-ser-delincuente\/\" \/>\n<meta property=\"og:site_name\" content=\"Revista Rambla\" \/>\n<meta property=\"article:publisher\" content=\"https:\/\/www.facebook.com\/revistarambla\/\" \/>\n<meta property=\"article:published_time\" content=\"2010-11-26T06:34:47+00:00\" \/>\n<meta property=\"article:modified_time\" content=\"2021-12-10T15:57:31+00:00\" \/>\n<meta property=\"og:image\" content=\"https:\/\/www.revistarambla.com\/wp-content\/uploads\/2010\/11\/lidia%20falcon003.jpg\" \/>\n\t<meta property=\"og:image:width\" content=\"250\" \/>\n\t<meta property=\"og:image:height\" content=\"167\" \/>\n\t<meta property=\"og:image:type\" content=\"image\/jpeg\" \/>\n<meta name=\"author\" content=\"Estefan\u00eda P\u00e9rez\" \/>\n<meta name=\"twitter:card\" content=\"summary_large_image\" \/>\n<meta name=\"twitter:creator\" content=\"@revistarambla\" \/>\n<meta name=\"twitter:site\" content=\"@revistarambla\" \/>\n<meta name=\"twitter:label1\" content=\"Written by\" \/>\n\t<meta name=\"twitter:data1\" content=\"Estefan\u00eda P\u00e9rez\" \/>\n\t<meta name=\"twitter:label2\" content=\"Estimated reading time\" \/>\n\t<meta name=\"twitter:data2\" content=\"9 minutes\" \/>\n<script type=\"application\/ld+json\" class=\"yoast-schema-graph\">{\"@context\":\"https:\\\/\\\/schema.org\",\"@graph\":[{\"@type\":\"Article\",\"@id\":\"https:\\\/\\\/www.revistarambla.com\\\/lidia-falcon-en-el-dia-contra-la-violencia-de-genero-aqui-lo-mejor-es-ser-delincuente\\\/#article\",\"isPartOf\":{\"@id\":\"https:\\\/\\\/www.revistarambla.com\\\/lidia-falcon-en-el-dia-contra-la-violencia-de-genero-aqui-lo-mejor-es-ser-delincuente\\\/\"},\"author\":{\"name\":\"Estefan\u00eda P\u00e9rez\",\"@id\":\"https:\\\/\\\/www.revistarambla.com\\\/#\\\/schema\\\/person\\\/9cc1c0f5495c4a6fd189ddd5ba5c5ac5\"},\"headline\":\"Lidia Falc\u00f3n en el D\u00eda contra la Violencia de G\u00e9nero: \u00abAqu\u00ed lo mejor es ser delincuente\u00bb\",\"datePublished\":\"2010-11-26T06:34:47+00:00\",\"dateModified\":\"2021-12-10T15:57:31+00:00\",\"mainEntityOfPage\":{\"@id\":\"https:\\\/\\\/www.revistarambla.com\\\/lidia-falcon-en-el-dia-contra-la-violencia-de-genero-aqui-lo-mejor-es-ser-delincuente\\\/\"},\"wordCount\":1982,\"commentCount\":0,\"publisher\":{\"@id\":\"https:\\\/\\\/www.revistarambla.com\\\/#organization\"},\"image\":{\"@id\":\"https:\\\/\\\/www.revistarambla.com\\\/lidia-falcon-en-el-dia-contra-la-violencia-de-genero-aqui-lo-mejor-es-ser-delincuente\\\/#primaryimage\"},\"thumbnailUrl\":\"https:\\\/\\\/www.revistarambla.com\\\/wp-content\\\/uploads\\\/2010\\\/11\\\/lidia%20falcon002.jpg\",\"articleSection\":[\"Actualidad\",\"Estado Espa\u00f1ol\"],\"inLanguage\":\"en-GB\",\"potentialAction\":[{\"@type\":\"CommentAction\",\"name\":\"Comment\",\"target\":[\"https:\\\/\\\/www.revistarambla.com\\\/lidia-falcon-en-el-dia-contra-la-violencia-de-genero-aqui-lo-mejor-es-ser-delincuente\\\/#respond\"]}]},{\"@type\":\"WebPage\",\"@id\":\"https:\\\/\\\/www.revistarambla.com\\\/lidia-falcon-en-el-dia-contra-la-violencia-de-genero-aqui-lo-mejor-es-ser-delincuente\\\/\",\"url\":\"https:\\\/\\\/www.revistarambla.com\\\/lidia-falcon-en-el-dia-contra-la-violencia-de-genero-aqui-lo-mejor-es-ser-delincuente\\\/\",\"name\":\"Lidia Falc\u00f3n en el D\u00eda contra la Violencia de G\u00e9nero... - Revista Rambla\",\"isPartOf\":{\"@id\":\"https:\\\/\\\/www.revistarambla.com\\\/#website\"},\"primaryImageOfPage\":{\"@id\":\"https:\\\/\\\/www.revistarambla.com\\\/lidia-falcon-en-el-dia-contra-la-violencia-de-genero-aqui-lo-mejor-es-ser-delincuente\\\/#primaryimage\"},\"image\":{\"@id\":\"https:\\\/\\\/www.revistarambla.com\\\/lidia-falcon-en-el-dia-contra-la-violencia-de-genero-aqui-lo-mejor-es-ser-delincuente\\\/#primaryimage\"},\"thumbnailUrl\":\"https:\\\/\\\/www.revistarambla.com\\\/wp-content\\\/uploads\\\/2010\\\/11\\\/lidia%20falcon002.jpg\",\"datePublished\":\"2010-11-26T06:34:47+00:00\",\"dateModified\":\"2021-12-10T15:57:31+00:00\",\"description\":\"Con motivo de la celebraci\u00f3n del D\u00eda Internacional contra la Violencia de G\u00e9nero hemos querido conocer de primera mano cu\u00e1l es la situaci\u00f3n actual de las...\",\"breadcrumb\":{\"@id\":\"https:\\\/\\\/www.revistarambla.com\\\/lidia-falcon-en-el-dia-contra-la-violencia-de-genero-aqui-lo-mejor-es-ser-delincuente\\\/#breadcrumb\"},\"inLanguage\":\"en-GB\",\"potentialAction\":[{\"@type\":\"ReadAction\",\"target\":[\"https:\\\/\\\/www.revistarambla.com\\\/lidia-falcon-en-el-dia-contra-la-violencia-de-genero-aqui-lo-mejor-es-ser-delincuente\\\/\"]}]},{\"@type\":\"ImageObject\",\"inLanguage\":\"en-GB\",\"@id\":\"https:\\\/\\\/www.revistarambla.com\\\/lidia-falcon-en-el-dia-contra-la-violencia-de-genero-aqui-lo-mejor-es-ser-delincuente\\\/#primaryimage\",\"url\":\"https:\\\/\\\/www.revistarambla.com\\\/wp-content\\\/uploads\\\/2010\\\/11\\\/lidia%20falcon002.jpg\",\"contentUrl\":\"https:\\\/\\\/www.revistarambla.com\\\/wp-content\\\/uploads\\\/2010\\\/11\\\/lidia%20falcon002.jpg\"},{\"@type\":\"BreadcrumbList\",\"@id\":\"https:\\\/\\\/www.revistarambla.com\\\/lidia-falcon-en-el-dia-contra-la-violencia-de-genero-aqui-lo-mejor-es-ser-delincuente\\\/#breadcrumb\",\"itemListElement\":[{\"@type\":\"ListItem\",\"position\":1,\"name\":\"Portada\",\"item\":\"https:\\\/\\\/www.revistarambla.com\\\/\"},{\"@type\":\"ListItem\",\"position\":2,\"name\":\"Lidia Falc\u00f3n en el D\u00eda contra la Violencia de G\u00e9nero: \u00abAqu\u00ed lo mejor es ser delincuente\u00bb\"}]},{\"@type\":\"WebSite\",\"@id\":\"https:\\\/\\\/www.revistarambla.com\\\/#website\",\"url\":\"https:\\\/\\\/www.revistarambla.com\\\/\",\"name\":\"Revista Rambla Barcelona\",\"description\":\"Periodismo independiente\",\"publisher\":{\"@id\":\"https:\\\/\\\/www.revistarambla.com\\\/#organization\"},\"potentialAction\":[{\"@type\":\"SearchAction\",\"target\":{\"@type\":\"EntryPoint\",\"urlTemplate\":\"https:\\\/\\\/www.revistarambla.com\\\/?s={search_term_string}\"},\"query-input\":{\"@type\":\"PropertyValueSpecification\",\"valueRequired\":true,\"valueName\":\"search_term_string\"}}],\"inLanguage\":\"en-GB\"},{\"@type\":\"Organization\",\"@id\":\"https:\\\/\\\/www.revistarambla.com\\\/#organization\",\"name\":\"Revista Rambla\",\"url\":\"https:\\\/\\\/www.revistarambla.com\\\/\",\"logo\":{\"@type\":\"ImageObject\",\"inLanguage\":\"en-GB\",\"@id\":\"https:\\\/\\\/www.revistarambla.com\\\/#\\\/schema\\\/logo\\\/image\\\/\",\"url\":\"https:\\\/\\\/www.revistarambla.com\\\/wp-content\\\/uploads\\\/2020\\\/09\\\/banner_rambla_1900x600_BB.png\",\"contentUrl\":\"https:\\\/\\\/www.revistarambla.com\\\/wp-content\\\/uploads\\\/2020\\\/09\\\/banner_rambla_1900x600_BB.png\",\"width\":1900,\"height\":600,\"caption\":\"Revista Rambla\"},\"image\":{\"@id\":\"https:\\\/\\\/www.revistarambla.com\\\/#\\\/schema\\\/logo\\\/image\\\/\"},\"sameAs\":[\"https:\\\/\\\/www.facebook.com\\\/revistarambla\\\/\",\"https:\\\/\\\/x.com\\\/revistarambla\",\"https:\\\/\\\/www.instagram.com\\\/revista_rambla\",\"https:\\\/\\\/es.linkedin.com\\\/company\\\/revista-rambla\"]},{\"@type\":\"Person\",\"@id\":\"https:\\\/\\\/www.revistarambla.com\\\/#\\\/schema\\\/person\\\/9cc1c0f5495c4a6fd189ddd5ba5c5ac5\",\"name\":\"Estefan\u00eda P\u00e9rez\",\"description\":\"_\"}]}<\/script>\n<!-- \/ Yoast SEO plugin. -->","yoast_head_json":{"title":"Lidia Falc\u00f3n en el D\u00eda contra la Violencia de G\u00e9nero... - Revista Rambla","description":"Con motivo de la celebraci\u00f3n del D\u00eda Internacional contra la Violencia de G\u00e9nero hemos querido conocer de primera mano cu\u00e1l es la situaci\u00f3n actual de las...","robots":{"index":"index","follow":"follow","max-snippet":"max-snippet:-1","max-image-preview":"max-image-preview:large","max-video-preview":"max-video-preview:-1"},"canonical":"https:\/\/www.revistarambla.com\/en\/lidia-falcon-en-el-dia-contra-la-violencia-de-genero-aqui-lo-mejor-es-ser-delincuente\/","og_locale":"en_GB","og_type":"article","og_title":"Lidia Falc\u00f3n en el D\u00eda contra la Violencia de G\u00e9nero... - Revista Rambla","og_description":"Con motivo de la celebraci\u00f3n del D\u00eda Internacional contra la Violencia de G\u00e9nero hemos querido conocer de primera mano cu\u00e1l es la situaci\u00f3n actual de las...","og_url":"https:\/\/www.revistarambla.com\/en\/lidia-falcon-en-el-dia-contra-la-violencia-de-genero-aqui-lo-mejor-es-ser-delincuente\/","og_site_name":"Revista Rambla","article_publisher":"https:\/\/www.facebook.com\/revistarambla\/","article_published_time":"2010-11-26T06:34:47+00:00","article_modified_time":"2021-12-10T15:57:31+00:00","og_image":[{"width":250,"height":167,"url":"https:\/\/www.revistarambla.com\/wp-content\/uploads\/2010\/11\/lidia falcon003.jpg","type":"image\/jpeg"}],"author":"Estefan\u00eda P\u00e9rez","twitter_card":"summary_large_image","twitter_creator":"@revistarambla","twitter_site":"@revistarambla","twitter_misc":{"Written by":"Estefan\u00eda P\u00e9rez","Estimated reading time":"9 minutes"},"schema":{"@context":"https:\/\/schema.org","@graph":[{"@type":"Article","@id":"https:\/\/www.revistarambla.com\/lidia-falcon-en-el-dia-contra-la-violencia-de-genero-aqui-lo-mejor-es-ser-delincuente\/#article","isPartOf":{"@id":"https:\/\/www.revistarambla.com\/lidia-falcon-en-el-dia-contra-la-violencia-de-genero-aqui-lo-mejor-es-ser-delincuente\/"},"author":{"name":"Estefan\u00eda P\u00e9rez","@id":"https:\/\/www.revistarambla.com\/#\/schema\/person\/9cc1c0f5495c4a6fd189ddd5ba5c5ac5"},"headline":"Lidia Falc\u00f3n en el D\u00eda contra la Violencia de G\u00e9nero: \u00abAqu\u00ed lo mejor es ser delincuente\u00bb","datePublished":"2010-11-26T06:34:47+00:00","dateModified":"2021-12-10T15:57:31+00:00","mainEntityOfPage":{"@id":"https:\/\/www.revistarambla.com\/lidia-falcon-en-el-dia-contra-la-violencia-de-genero-aqui-lo-mejor-es-ser-delincuente\/"},"wordCount":1982,"commentCount":0,"publisher":{"@id":"https:\/\/www.revistarambla.com\/#organization"},"image":{"@id":"https:\/\/www.revistarambla.com\/lidia-falcon-en-el-dia-contra-la-violencia-de-genero-aqui-lo-mejor-es-ser-delincuente\/#primaryimage"},"thumbnailUrl":"https:\/\/www.revistarambla.com\/wp-content\/uploads\/2010\/11\/lidia%20falcon002.jpg","articleSection":["Actualidad","Estado Espa\u00f1ol"],"inLanguage":"en-GB","potentialAction":[{"@type":"CommentAction","name":"Comment","target":["https:\/\/www.revistarambla.com\/lidia-falcon-en-el-dia-contra-la-violencia-de-genero-aqui-lo-mejor-es-ser-delincuente\/#respond"]}]},{"@type":"WebPage","@id":"https:\/\/www.revistarambla.com\/lidia-falcon-en-el-dia-contra-la-violencia-de-genero-aqui-lo-mejor-es-ser-delincuente\/","url":"https:\/\/www.revistarambla.com\/lidia-falcon-en-el-dia-contra-la-violencia-de-genero-aqui-lo-mejor-es-ser-delincuente\/","name":"Lidia Falc\u00f3n en el D\u00eda contra la Violencia de G\u00e9nero... - Revista Rambla","isPartOf":{"@id":"https:\/\/www.revistarambla.com\/#website"},"primaryImageOfPage":{"@id":"https:\/\/www.revistarambla.com\/lidia-falcon-en-el-dia-contra-la-violencia-de-genero-aqui-lo-mejor-es-ser-delincuente\/#primaryimage"},"image":{"@id":"https:\/\/www.revistarambla.com\/lidia-falcon-en-el-dia-contra-la-violencia-de-genero-aqui-lo-mejor-es-ser-delincuente\/#primaryimage"},"thumbnailUrl":"https:\/\/www.revistarambla.com\/wp-content\/uploads\/2010\/11\/lidia%20falcon002.jpg","datePublished":"2010-11-26T06:34:47+00:00","dateModified":"2021-12-10T15:57:31+00:00","description":"Con motivo de la celebraci\u00f3n del D\u00eda Internacional contra la Violencia de G\u00e9nero hemos querido conocer de primera mano cu\u00e1l es la situaci\u00f3n actual de las...","breadcrumb":{"@id":"https:\/\/www.revistarambla.com\/lidia-falcon-en-el-dia-contra-la-violencia-de-genero-aqui-lo-mejor-es-ser-delincuente\/#breadcrumb"},"inLanguage":"en-GB","potentialAction":[{"@type":"ReadAction","target":["https:\/\/www.revistarambla.com\/lidia-falcon-en-el-dia-contra-la-violencia-de-genero-aqui-lo-mejor-es-ser-delincuente\/"]}]},{"@type":"ImageObject","inLanguage":"en-GB","@id":"https:\/\/www.revistarambla.com\/lidia-falcon-en-el-dia-contra-la-violencia-de-genero-aqui-lo-mejor-es-ser-delincuente\/#primaryimage","url":"https:\/\/www.revistarambla.com\/wp-content\/uploads\/2010\/11\/lidia%20falcon002.jpg","contentUrl":"https:\/\/www.revistarambla.com\/wp-content\/uploads\/2010\/11\/lidia%20falcon002.jpg"},{"@type":"BreadcrumbList","@id":"https:\/\/www.revistarambla.com\/lidia-falcon-en-el-dia-contra-la-violencia-de-genero-aqui-lo-mejor-es-ser-delincuente\/#breadcrumb","itemListElement":[{"@type":"ListItem","position":1,"name":"Portada","item":"https:\/\/www.revistarambla.com\/"},{"@type":"ListItem","position":2,"name":"Lidia Falc\u00f3n en el D\u00eda contra la Violencia de G\u00e9nero: \u00abAqu\u00ed lo mejor es ser delincuente\u00bb"}]},{"@type":"WebSite","@id":"https:\/\/www.revistarambla.com\/#website","url":"https:\/\/www.revistarambla.com\/","name":"Revista Rambla Barcelona","description":"Periodismo independiente","publisher":{"@id":"https:\/\/www.revistarambla.com\/#organization"},"potentialAction":[{"@type":"SearchAction","target":{"@type":"EntryPoint","urlTemplate":"https:\/\/www.revistarambla.com\/?s={search_term_string}"},"query-input":{"@type":"PropertyValueSpecification","valueRequired":true,"valueName":"search_term_string"}}],"inLanguage":"en-GB"},{"@type":"Organization","@id":"https:\/\/www.revistarambla.com\/#organization","name":"Revista Rambla","url":"https:\/\/www.revistarambla.com\/","logo":{"@type":"ImageObject","inLanguage":"en-GB","@id":"https:\/\/www.revistarambla.com\/#\/schema\/logo\/image\/","url":"https:\/\/www.revistarambla.com\/wp-content\/uploads\/2020\/09\/banner_rambla_1900x600_BB.png","contentUrl":"https:\/\/www.revistarambla.com\/wp-content\/uploads\/2020\/09\/banner_rambla_1900x600_BB.png","width":1900,"height":600,"caption":"Revista Rambla"},"image":{"@id":"https:\/\/www.revistarambla.com\/#\/schema\/logo\/image\/"},"sameAs":["https:\/\/www.facebook.com\/revistarambla\/","https:\/\/x.com\/revistarambla","https:\/\/www.instagram.com\/revista_rambla","https:\/\/es.linkedin.com\/company\/revista-rambla"]},{"@type":"Person","@id":"https:\/\/www.revistarambla.com\/#\/schema\/person\/9cc1c0f5495c4a6fd189ddd5ba5c5ac5","name":"Estefan\u00eda P\u00e9rez","description":"_"}]}},"_links":{"self":[{"href":"https:\/\/www.revistarambla.com\/en\/wp-json\/wp\/v2\/posts\/612","targetHints":{"allow":["GET"]}}],"collection":[{"href":"https:\/\/www.revistarambla.com\/en\/wp-json\/wp\/v2\/posts"}],"about":[{"href":"https:\/\/www.revistarambla.com\/en\/wp-json\/wp\/v2\/types\/post"}],"author":[{"embeddable":true,"href":"https:\/\/www.revistarambla.com\/en\/wp-json\/wp\/v2\/users\/53"}],"replies":[{"embeddable":true,"href":"https:\/\/www.revistarambla.com\/en\/wp-json\/wp\/v2\/comments?post=612"}],"version-history":[{"count":0,"href":"https:\/\/www.revistarambla.com\/en\/wp-json\/wp\/v2\/posts\/612\/revisions"}],"wp:attachment":[{"href":"https:\/\/www.revistarambla.com\/en\/wp-json\/wp\/v2\/media?parent=612"}],"wp:term":[{"taxonomy":"category","embeddable":true,"href":"https:\/\/www.revistarambla.com\/en\/wp-json\/wp\/v2\/categories?post=612"},{"taxonomy":"post_tag","embeddable":true,"href":"https:\/\/www.revistarambla.com\/en\/wp-json\/wp\/v2\/tags?post=612"}],"curies":[{"name":"wp","href":"https:\/\/api.w.org\/{rel}","templated":true}]}}