{"id":61178,"date":"2024-06-19T13:59:08","date_gmt":"2024-06-19T11:59:08","guid":{"rendered":"https:\/\/www.revistarambla.com\/?p=61178"},"modified":"2024-06-19T13:59:08","modified_gmt":"2024-06-19T11:59:08","slug":"israel-crea-en-gaza-un-cementerio-para-ninos","status":"publish","type":"post","link":"https:\/\/www.revistarambla.com\/en\/israel-crea-en-gaza-un-cementerio-para-ninos\/","title":{"rendered":"Israel crea en Gaza un \u201ccementerio\u201d para la infancia"},"content":{"rendered":"<p>Un \u201ccementerio de ni\u00f1os\u201d. As\u00ed describ\u00eda Gaza este lunes la directora regional del Fondo de Naciones Unidas para la Infancia (UNICEF) para Oriente Pr\u00f3ximo y el Norte de \u00c1frica, Adele Jodr. Jodr a\u00f1ad\u00eda que el <a href=\"https:\/\/www.revistarambla.com\/en\/gaza-un-genocidio-anunciado\/\">genocidio<\/a> en Franja de Gaza se ha convertido en una \u201cguerra contra los ni\u00f1os\u201d. \u201cProbablemente, todos los ni\u00f1os quedar\u00e1n traumatizados porque han pasado por algo que ning\u00fan ni\u00f1o deber\u00eda pasar\u201d, destacaba Jodr durante un acto celebrado en Tokio.<\/p>\n<p>Seg\u00fan las cifras oficiales, ya hay m\u00e1s de 37.300 palestinos y palestinas asesinadas por el ej\u00e9rcito israel\u00ed desde el pasado 7 de octubre. 15.700 son ni\u00f1os y ni\u00f1as, esto es, el 42%. UNICEF a\u00f1ade que 17.000 infantes se han quedado hu\u00e9rfanos. \u201cSiempre que hay un ataque, hay ni\u00f1os muertos porque Gaza tiene una poblaci\u00f3n muy joven concentrada en una zona muy peque\u00f1a\u201d, expresaba la portavoz de UNICEF.<\/p>\n<figure id=\"attachment_61179\" aria-describedby=\"caption-attachment-61179\" style=\"width: 1500px\" class=\"wp-caption aligncenter\"><img decoding=\"async\" class=\"wp-image-61179 size-full\" src=\"https:\/\/www.revistarambla.com\/wp-content\/uploads\/2024\/06\/main_image52770_EUD2ggZqlE.jpg\" alt=\"Israel crea en Gaza un \u201ccementerio\u201d para ni\u00f1os - Revista Rambla\" width=\"1500\" height=\"1000\" srcset=\"https:\/\/www.revistarambla.com\/wp-content\/uploads\/2024\/06\/main_image52770_EUD2ggZqlE.jpg 1500w, https:\/\/www.revistarambla.com\/wp-content\/uploads\/2024\/06\/main_image52770_EUD2ggZqlE-548x365.jpg 548w, https:\/\/www.revistarambla.com\/wp-content\/uploads\/2024\/06\/main_image52770_EUD2ggZqlE-840x560.jpg 840w, https:\/\/www.revistarambla.com\/wp-content\/uploads\/2024\/06\/main_image52770_EUD2ggZqlE-768x512.jpg 768w, https:\/\/www.revistarambla.com\/wp-content\/uploads\/2024\/06\/main_image52770_EUD2ggZqlE-18x12.jpg 18w\" sizes=\"(max-width: 1500px) 100vw, 1500px\" \/><figcaption id=\"caption-attachment-61179\" class=\"wp-caption-text\">Una mujer palestina lleva el cuerpo de un ni\u00f1o frente al hospital Al Najjar en Rafah, el 19 de diciembre de 2023. Mohammed Zaanoun\/ ActiveStills (\u00a9)<\/figcaption><\/figure>\n<p>El gobierno de Benjamin Netanyahu est\u00e1 usando diferentes \u201carmas\u201d en este genocidio, seg\u00fan denuncian las organizaciones en defensa del pueblo palestino. Una de ellas es el bloqueo de bienes de primera necesidad, lo que desemboca en un elevado riesgo de desnutrici\u00f3n. Seg\u00fan los datos que maneja la UNRWA m\u00e1s de 50.000 ni\u00f1os y ni\u00f1as se encuentran en riesgo agudo de desnutrici\u00f3n. Hablan de niveles de hambre \u201cdesesperados\u201d.<\/p>\n<p>El pasado jueves, el comisario general de esta agencia, Philippe Lazzarini, alertaba: la infancia de la Franja de Gaza se convertir\u00e1 \u201cen una generaci\u00f3n perdida, f\u00e1cilmente susceptible de caer presa de la explotaci\u00f3n\u201d si no se da una tregua.<\/p>\n<p>Mientras, las autoridades gazat\u00edes alertan de que el enclave se dirige r\u00e1pidamente hacia una hambruna. \u201cEl espectro del hambre amenaza las vidas de los civiles\u201d a causa del bloqueo a la entrada de ayuda en medio de la ofensiva militar lanzada por Israel. \u201cExigimos una intervenci\u00f3n internacional inmediata y urgente para detener este crimen\u201d, ha manifestado la oficina de prensa gubernamental, antes de recalcar que <a href=\"https:\/\/www.revistarambla.com\/en\/israel-y-su-derecho-al-genocidio\/\">Israel<\/a> y Estados Unidos \u201cinsisten en meter a 2,4 millones de civiles en el t\u00fanel del hambre y perpetuar su pol\u00edtica de hambruna contra ni\u00f1os y enfermos, evitando la entrada de alimentos y medicinas de forma peligrosa\u201d.<\/p>\n<h2>Ataques contra la red sanitaria<\/h2>\n<p>A los bombardeos y la hambruna se une el ataque constante contra los puestos sanitarios. Muchos de los ni\u00f1os y ni\u00f1as, avisaba desde Tokio la responsable de UNICEF, han sufrido heridas graves e incluso la p\u00e9rdida de alg\u00fan miembro. \u201cSi hubieran estado en un lugar normal, donde hubiera un hospital normal, un hospital equipado con los suministros y el material m\u00e9dico suficiente podr\u00edan haberse salvado\u201d, expresaba Adele Jodr.<\/p>\n<p>Seg\u00fan la Organizaci\u00f3n Mundial de la Salud, en lo que va de a\u00f1o se han registrado al menos 520 ataques a la misi\u00f3n m\u00e9dica. En Gaza, este organismo \u201cha reportado m\u00e1s de 400 ataques contra el personal sanitario, instalaciones m\u00e9dicas y ambulancias desde el 7 de octubre de 2023. La mitad de los hospitales de Gaza est\u00e1n inoperativos\u201d, explicaba este martes en el Congreso de los diputados de Espa\u00f1a la directora general de M\u00e9dicos Sin Fronteras, Marta Ca\u00f1as. Esta entidad organizaba este martes la jornada &#8216;La acci\u00f3n humanitaria y la protecci\u00f3n a la misi\u00f3n m\u00e9dica: un compromiso parlamentario&#8217;, en la sala Ernest Lluch. Han demandado m\u00e1s compromiso y un mayor liderazgo internacional para acabar con los ataques a los hospitales, al personal sanitario y a los civiles.<\/p>\n<p>En este acto, la enfermera pedi\u00e1trica Ruth Conde, que ha participado en una misi\u00f3n en Gaza, se mostraba tajante: \u201cNos hemos enfrentado al miedo. Por primera vez he sentido que no hay ning\u00fan derecho o ley que me proteja, ni a mis compa\u00f1eros ni, lo m\u00e1s importante, a nuestros pacientes.\u00a0Al no respetar las normas m\u00e1s b\u00e1sicas y elementales de cuidado y protecci\u00f3n de la poblaci\u00f3n civil, estamos creando un precedente aterrador\u201d. M\u00e9dicos Sin Fronteras alerta: las pol\u00edticas antiterroristas est\u00e1n criminalizando a toda la poblaci\u00f3n.<\/p>\n<h2>Netanyahu, cuestionado<\/h2>\n<p>Mientras, crece la presi\u00f3n para que Israel acepte el alto al fuego propuesto por el presidente de Estados Unidos, Joe Biden. Seg\u00fan una encuesta realizada por el Instituto Pol\u00edtico del Pueblo Jud\u00edo, un 60% de la poblaci\u00f3n israel\u00ed aceptar\u00eda este alto al fuego a cambio de la liberaci\u00f3n de los rehenes de Ham\u00e1s. La encuesta muestra tambi\u00e9n que tres de cada cuatro israel\u00edes tienen muy poca confianza en el actual primer ministro de Israel.<\/p>\n<p><a href=\"https:\/\/www.revistarambla.com\/en\/netanyahu-y-la-limpieza-etnica-en-gaza\/\">Netanyahu<\/a> ve cada vez m\u00e1s cuestionada su pol\u00edtica de masacre y se ha visto abocado a disolver el gabinete de guerra montado tras el 7 de octubre, despu\u00e9s de la renuncia del l\u00edder centrista\u00a0Benny Gantz\u00a0y el &#8216;n\u00famero dos&#8217; de su partido,\u00a0Gadi Eisenkot, alegando discrepancias con la gesti\u00f3n del primer ministro.<\/p>\n<p>Una protesta celebrada el pasado lunes frente al parlamento se sald\u00f3 con nueve detenidos y tres heridos a causa de la represi\u00f3n por parte de las fuerzas de seguridad israel\u00edes. Los manifestantes ped\u00edan la convocatoria de elecciones anticipadas y un acuerdo para la liberaci\u00f3n de los rehenes.<\/p>\n<hr \/>\n<p><em>Fuente: https:\/\/www.elsaltodiario.com\/palestina\/israel-crea-gaza-un-cementerio-infancia<\/em><\/p>","protected":false},"excerpt":{"rendered":"<p>Un \u201ccementerio de ni\u00f1os\u201d. As\u00ed describ\u00eda Gaza este lunes la directora regional del Fondo de Naciones Unidas para la Infancia (UNICEF) para Oriente Pr\u00f3ximo y el Norte de \u00c1frica, Adele Jodr. Jodr a\u00f1ad\u00eda que el genocidio en Franja de Gaza se ha convertido en una \u201cguerra contra los ni\u00f1os\u201d. \u201cProbablemente, [&hellip;]<\/p>\n","protected":false},"author":1,"featured_media":22318,"comment_status":"closed","ping_status":"closed","sticky":false,"template":"","format":"standard","meta":{"footnotes":""},"categories":[57],"tags":[],"class_list":["post-61178","post","type-post","status-publish","format-standard","has-post-thumbnail","hentry","category-global"],"yoast_head":"<!-- This site is optimized with the Yoast SEO plugin v27.5 - https:\/\/yoast.com\/product\/yoast-seo-wordpress\/ -->\n<title>Israel crea en Gaza un \u201ccementerio\u201d para ni\u00f1os - Revista Rambla<\/title>\n<meta name=\"description\" content=\"El genocidio en Franja de Gaza se ha convertido en una \u201cguerra contra los ni\u00f1os\u201d. Probablemente, todos los ni\u00f1os quedar\u00e1n traumatizados.\" \/>\n<meta name=\"robots\" content=\"index, follow, max-snippet:-1, max-image-preview:large, max-video-preview:-1\" \/>\n<link rel=\"canonical\" href=\"https:\/\/www.revistarambla.com\/en\/israel-crea-en-gaza-un-cementerio-para-ninos\/\" \/>\n<meta property=\"og:locale\" content=\"en_GB\" \/>\n<meta property=\"og:type\" content=\"article\" \/>\n<meta property=\"og:title\" content=\"Israel crea en Gaza un \u201ccementerio\u201d para ni\u00f1os - Revista Rambla\" \/>\n<meta property=\"og:description\" content=\"El genocidio en Franja de Gaza se ha convertido en una \u201cguerra contra los ni\u00f1os\u201d. Probablemente, todos los ni\u00f1os quedar\u00e1n traumatizados.\" \/>\n<meta property=\"og:url\" content=\"https:\/\/www.revistarambla.com\/en\/israel-crea-en-gaza-un-cementerio-para-ninos\/\" \/>\n<meta property=\"og:site_name\" content=\"Revista Rambla\" \/>\n<meta property=\"article:publisher\" content=\"https:\/\/www.facebook.com\/revistarambla\/\" \/>\n<meta property=\"article:published_time\" content=\"2024-06-19T11:59:08+00:00\" \/>\n<meta property=\"og:image\" content=\"https:\/\/www.revistarambla.com\/wp-content\/uploads\/2020\/02\/people-art-palestine-gaza-strip-in-2015-beit-hanoun-the-destruction-of-his-successor-895768-pxhere.com_-scaled.jpg\" \/>\n\t<meta property=\"og:image:width\" content=\"2048\" \/>\n\t<meta property=\"og:image:height\" content=\"1150\" \/>\n\t<meta property=\"og:image:type\" content=\"image\/jpeg\" \/>\n<meta name=\"author\" content=\"Sara Plaza Casares\" \/>\n<meta name=\"twitter:card\" content=\"summary_large_image\" \/>\n<meta name=\"twitter:creator\" content=\"@revistarambla\" \/>\n<meta name=\"twitter:site\" content=\"@revistarambla\" \/>\n<meta name=\"twitter:label1\" content=\"Written by\" \/>\n\t<meta name=\"twitter:data1\" content=\"Sara Plaza Casares\" \/>\n\t<meta name=\"twitter:label2\" content=\"Estimated reading time\" \/>\n\t<meta name=\"twitter:data2\" content=\"5 minutes\" \/>\n<script type=\"application\/ld+json\" class=\"yoast-schema-graph\">{\"@context\":\"https:\\\/\\\/schema.org\",\"@graph\":[{\"@type\":\"Article\",\"@id\":\"https:\\\/\\\/www.revistarambla.com\\\/israel-crea-en-gaza-un-cementerio-para-ninos\\\/#article\",\"isPartOf\":{\"@id\":\"https:\\\/\\\/www.revistarambla.com\\\/israel-crea-en-gaza-un-cementerio-para-ninos\\\/\"},\"author\":{\"name\":\"Sara Plaza Casares\",\"@id\":\"https:\\\/\\\/www.revistarambla.com\\\/#\\\/schema\\\/person\\\/4a5652fc8c82df1f8593002d038cd79e\"},\"headline\":\"Israel crea en Gaza un \u201ccementerio\u201d para la infancia\",\"datePublished\":\"2024-06-19T11:59:08+00:00\",\"mainEntityOfPage\":{\"@id\":\"https:\\\/\\\/www.revistarambla.com\\\/israel-crea-en-gaza-un-cementerio-para-ninos\\\/\"},\"wordCount\":935,\"publisher\":{\"@id\":\"https:\\\/\\\/www.revistarambla.com\\\/#organization\"},\"image\":{\"@id\":\"https:\\\/\\\/www.revistarambla.com\\\/israel-crea-en-gaza-un-cementerio-para-ninos\\\/#primaryimage\"},\"thumbnailUrl\":\"https:\\\/\\\/www.revistarambla.com\\\/wp-content\\\/uploads\\\/2020\\\/02\\\/people-art-palestine-gaza-strip-in-2015-beit-hanoun-the-destruction-of-his-successor-895768-pxhere.com_-scaled.jpg\",\"articleSection\":[\"Global\"],\"inLanguage\":\"en-GB\"},{\"@type\":\"WebPage\",\"@id\":\"https:\\\/\\\/www.revistarambla.com\\\/israel-crea-en-gaza-un-cementerio-para-ninos\\\/\",\"url\":\"https:\\\/\\\/www.revistarambla.com\\\/israel-crea-en-gaza-un-cementerio-para-ninos\\\/\",\"name\":\"Israel crea en Gaza un \u201ccementerio\u201d para ni\u00f1os - Revista Rambla\",\"isPartOf\":{\"@id\":\"https:\\\/\\\/www.revistarambla.com\\\/#website\"},\"primaryImageOfPage\":{\"@id\":\"https:\\\/\\\/www.revistarambla.com\\\/israel-crea-en-gaza-un-cementerio-para-ninos\\\/#primaryimage\"},\"image\":{\"@id\":\"https:\\\/\\\/www.revistarambla.com\\\/israel-crea-en-gaza-un-cementerio-para-ninos\\\/#primaryimage\"},\"thumbnailUrl\":\"https:\\\/\\\/www.revistarambla.com\\\/wp-content\\\/uploads\\\/2020\\\/02\\\/people-art-palestine-gaza-strip-in-2015-beit-hanoun-the-destruction-of-his-successor-895768-pxhere.com_-scaled.jpg\",\"datePublished\":\"2024-06-19T11:59:08+00:00\",\"description\":\"El genocidio en Franja de Gaza se ha convertido en una \u201cguerra contra los ni\u00f1os\u201d. Probablemente, todos los ni\u00f1os quedar\u00e1n traumatizados.\",\"breadcrumb\":{\"@id\":\"https:\\\/\\\/www.revistarambla.com\\\/israel-crea-en-gaza-un-cementerio-para-ninos\\\/#breadcrumb\"},\"inLanguage\":\"en-GB\",\"potentialAction\":[{\"@type\":\"ReadAction\",\"target\":[\"https:\\\/\\\/www.revistarambla.com\\\/israel-crea-en-gaza-un-cementerio-para-ninos\\\/\"]}]},{\"@type\":\"ImageObject\",\"inLanguage\":\"en-GB\",\"@id\":\"https:\\\/\\\/www.revistarambla.com\\\/israel-crea-en-gaza-un-cementerio-para-ninos\\\/#primaryimage\",\"url\":\"https:\\\/\\\/www.revistarambla.com\\\/wp-content\\\/uploads\\\/2020\\\/02\\\/people-art-palestine-gaza-strip-in-2015-beit-hanoun-the-destruction-of-his-successor-895768-pxhere.com_-scaled.jpg\",\"contentUrl\":\"https:\\\/\\\/www.revistarambla.com\\\/wp-content\\\/uploads\\\/2020\\\/02\\\/people-art-palestine-gaza-strip-in-2015-beit-hanoun-the-destruction-of-his-successor-895768-pxhere.com_-scaled.jpg\",\"width\":2048,\"height\":1150,\"caption\":\"gaza ni\u00f1os palestina israel guerra\"},{\"@type\":\"BreadcrumbList\",\"@id\":\"https:\\\/\\\/www.revistarambla.com\\\/israel-crea-en-gaza-un-cementerio-para-ninos\\\/#breadcrumb\",\"itemListElement\":[{\"@type\":\"ListItem\",\"position\":1,\"name\":\"Portada\",\"item\":\"https:\\\/\\\/www.revistarambla.com\\\/\"},{\"@type\":\"ListItem\",\"position\":2,\"name\":\"Israel crea en Gaza un \u201ccementerio\u201d para la infancia\"}]},{\"@type\":\"WebSite\",\"@id\":\"https:\\\/\\\/www.revistarambla.com\\\/#website\",\"url\":\"https:\\\/\\\/www.revistarambla.com\\\/\",\"name\":\"Revista Rambla Barcelona\",\"description\":\"Periodismo independiente\",\"publisher\":{\"@id\":\"https:\\\/\\\/www.revistarambla.com\\\/#organization\"},\"potentialAction\":[{\"@type\":\"SearchAction\",\"target\":{\"@type\":\"EntryPoint\",\"urlTemplate\":\"https:\\\/\\\/www.revistarambla.com\\\/?s={search_term_string}\"},\"query-input\":{\"@type\":\"PropertyValueSpecification\",\"valueRequired\":true,\"valueName\":\"search_term_string\"}}],\"inLanguage\":\"en-GB\"},{\"@type\":\"Organization\",\"@id\":\"https:\\\/\\\/www.revistarambla.com\\\/#organization\",\"name\":\"Revista Rambla\",\"url\":\"https:\\\/\\\/www.revistarambla.com\\\/\",\"logo\":{\"@type\":\"ImageObject\",\"inLanguage\":\"en-GB\",\"@id\":\"https:\\\/\\\/www.revistarambla.com\\\/#\\\/schema\\\/logo\\\/image\\\/\",\"url\":\"https:\\\/\\\/www.revistarambla.com\\\/wp-content\\\/uploads\\\/2020\\\/09\\\/banner_rambla_1900x600_BB.png\",\"contentUrl\":\"https:\\\/\\\/www.revistarambla.com\\\/wp-content\\\/uploads\\\/2020\\\/09\\\/banner_rambla_1900x600_BB.png\",\"width\":1900,\"height\":600,\"caption\":\"Revista Rambla\"},\"image\":{\"@id\":\"https:\\\/\\\/www.revistarambla.com\\\/#\\\/schema\\\/logo\\\/image\\\/\"},\"sameAs\":[\"https:\\\/\\\/www.facebook.com\\\/revistarambla\\\/\",\"https:\\\/\\\/x.com\\\/revistarambla\",\"https:\\\/\\\/www.instagram.com\\\/revista_rambla\",\"https:\\\/\\\/es.linkedin.com\\\/company\\\/revista-rambla\"]},{\"@type\":\"Person\",\"@id\":\"https:\\\/\\\/www.revistarambla.com\\\/#\\\/schema\\\/person\\\/4a5652fc8c82df1f8593002d038cd79e\",\"name\":\"Sara Plaza Casares\"}]}<\/script>\n<!-- \/ Yoast SEO plugin. -->","yoast_head_json":{"title":"Israel crea en Gaza un \u201ccementerio\u201d para ni\u00f1os - Revista Rambla","description":"El genocidio en Franja de Gaza se ha convertido en una \u201cguerra contra los ni\u00f1os\u201d. Probablemente, todos los ni\u00f1os quedar\u00e1n traumatizados.","robots":{"index":"index","follow":"follow","max-snippet":"max-snippet:-1","max-image-preview":"max-image-preview:large","max-video-preview":"max-video-preview:-1"},"canonical":"https:\/\/www.revistarambla.com\/en\/israel-crea-en-gaza-un-cementerio-para-ninos\/","og_locale":"en_GB","og_type":"article","og_title":"Israel crea en Gaza un \u201ccementerio\u201d para ni\u00f1os - Revista Rambla","og_description":"El genocidio en Franja de Gaza se ha convertido en una \u201cguerra contra los ni\u00f1os\u201d. Probablemente, todos los ni\u00f1os quedar\u00e1n traumatizados.","og_url":"https:\/\/www.revistarambla.com\/en\/israel-crea-en-gaza-un-cementerio-para-ninos\/","og_site_name":"Revista Rambla","article_publisher":"https:\/\/www.facebook.com\/revistarambla\/","article_published_time":"2024-06-19T11:59:08+00:00","og_image":[{"width":2048,"height":1150,"url":"https:\/\/www.revistarambla.com\/wp-content\/uploads\/2020\/02\/people-art-palestine-gaza-strip-in-2015-beit-hanoun-the-destruction-of-his-successor-895768-pxhere.com_-scaled.jpg","type":"image\/jpeg"}],"author":"Sara Plaza Casares","twitter_card":"summary_large_image","twitter_creator":"@revistarambla","twitter_site":"@revistarambla","twitter_misc":{"Written by":"Sara Plaza Casares","Estimated reading time":"5 minutes"},"schema":{"@context":"https:\/\/schema.org","@graph":[{"@type":"Article","@id":"https:\/\/www.revistarambla.com\/israel-crea-en-gaza-un-cementerio-para-ninos\/#article","isPartOf":{"@id":"https:\/\/www.revistarambla.com\/israel-crea-en-gaza-un-cementerio-para-ninos\/"},"author":{"name":"Sara Plaza Casares","@id":"https:\/\/www.revistarambla.com\/#\/schema\/person\/4a5652fc8c82df1f8593002d038cd79e"},"headline":"Israel crea en Gaza un \u201ccementerio\u201d para la infancia","datePublished":"2024-06-19T11:59:08+00:00","mainEntityOfPage":{"@id":"https:\/\/www.revistarambla.com\/israel-crea-en-gaza-un-cementerio-para-ninos\/"},"wordCount":935,"publisher":{"@id":"https:\/\/www.revistarambla.com\/#organization"},"image":{"@id":"https:\/\/www.revistarambla.com\/israel-crea-en-gaza-un-cementerio-para-ninos\/#primaryimage"},"thumbnailUrl":"https:\/\/www.revistarambla.com\/wp-content\/uploads\/2020\/02\/people-art-palestine-gaza-strip-in-2015-beit-hanoun-the-destruction-of-his-successor-895768-pxhere.com_-scaled.jpg","articleSection":["Global"],"inLanguage":"en-GB"},{"@type":"WebPage","@id":"https:\/\/www.revistarambla.com\/israel-crea-en-gaza-un-cementerio-para-ninos\/","url":"https:\/\/www.revistarambla.com\/israel-crea-en-gaza-un-cementerio-para-ninos\/","name":"Israel crea en Gaza un \u201ccementerio\u201d para ni\u00f1os - Revista Rambla","isPartOf":{"@id":"https:\/\/www.revistarambla.com\/#website"},"primaryImageOfPage":{"@id":"https:\/\/www.revistarambla.com\/israel-crea-en-gaza-un-cementerio-para-ninos\/#primaryimage"},"image":{"@id":"https:\/\/www.revistarambla.com\/israel-crea-en-gaza-un-cementerio-para-ninos\/#primaryimage"},"thumbnailUrl":"https:\/\/www.revistarambla.com\/wp-content\/uploads\/2020\/02\/people-art-palestine-gaza-strip-in-2015-beit-hanoun-the-destruction-of-his-successor-895768-pxhere.com_-scaled.jpg","datePublished":"2024-06-19T11:59:08+00:00","description":"El genocidio en Franja de Gaza se ha convertido en una \u201cguerra contra los ni\u00f1os\u201d. Probablemente, todos los ni\u00f1os quedar\u00e1n traumatizados.","breadcrumb":{"@id":"https:\/\/www.revistarambla.com\/israel-crea-en-gaza-un-cementerio-para-ninos\/#breadcrumb"},"inLanguage":"en-GB","potentialAction":[{"@type":"ReadAction","target":["https:\/\/www.revistarambla.com\/israel-crea-en-gaza-un-cementerio-para-ninos\/"]}]},{"@type":"ImageObject","inLanguage":"en-GB","@id":"https:\/\/www.revistarambla.com\/israel-crea-en-gaza-un-cementerio-para-ninos\/#primaryimage","url":"https:\/\/www.revistarambla.com\/wp-content\/uploads\/2020\/02\/people-art-palestine-gaza-strip-in-2015-beit-hanoun-the-destruction-of-his-successor-895768-pxhere.com_-scaled.jpg","contentUrl":"https:\/\/www.revistarambla.com\/wp-content\/uploads\/2020\/02\/people-art-palestine-gaza-strip-in-2015-beit-hanoun-the-destruction-of-his-successor-895768-pxhere.com_-scaled.jpg","width":2048,"height":1150,"caption":"gaza ni\u00f1os palestina israel guerra"},{"@type":"BreadcrumbList","@id":"https:\/\/www.revistarambla.com\/israel-crea-en-gaza-un-cementerio-para-ninos\/#breadcrumb","itemListElement":[{"@type":"ListItem","position":1,"name":"Portada","item":"https:\/\/www.revistarambla.com\/"},{"@type":"ListItem","position":2,"name":"Israel crea en Gaza un \u201ccementerio\u201d para la infancia"}]},{"@type":"WebSite","@id":"https:\/\/www.revistarambla.com\/#website","url":"https:\/\/www.revistarambla.com\/","name":"Revista Rambla Barcelona","description":"Periodismo independiente","publisher":{"@id":"https:\/\/www.revistarambla.com\/#organization"},"potentialAction":[{"@type":"SearchAction","target":{"@type":"EntryPoint","urlTemplate":"https:\/\/www.revistarambla.com\/?s={search_term_string}"},"query-input":{"@type":"PropertyValueSpecification","valueRequired":true,"valueName":"search_term_string"}}],"inLanguage":"en-GB"},{"@type":"Organization","@id":"https:\/\/www.revistarambla.com\/#organization","name":"Revista Rambla","url":"https:\/\/www.revistarambla.com\/","logo":{"@type":"ImageObject","inLanguage":"en-GB","@id":"https:\/\/www.revistarambla.com\/#\/schema\/logo\/image\/","url":"https:\/\/www.revistarambla.com\/wp-content\/uploads\/2020\/09\/banner_rambla_1900x600_BB.png","contentUrl":"https:\/\/www.revistarambla.com\/wp-content\/uploads\/2020\/09\/banner_rambla_1900x600_BB.png","width":1900,"height":600,"caption":"Revista Rambla"},"image":{"@id":"https:\/\/www.revistarambla.com\/#\/schema\/logo\/image\/"},"sameAs":["https:\/\/www.facebook.com\/revistarambla\/","https:\/\/x.com\/revistarambla","https:\/\/www.instagram.com\/revista_rambla","https:\/\/es.linkedin.com\/company\/revista-rambla"]},{"@type":"Person","@id":"https:\/\/www.revistarambla.com\/#\/schema\/person\/4a5652fc8c82df1f8593002d038cd79e","name":"Sara Plaza Casares"}]}},"_links":{"self":[{"href":"https:\/\/www.revistarambla.com\/en\/wp-json\/wp\/v2\/posts\/61178","targetHints":{"allow":["GET"]}}],"collection":[{"href":"https:\/\/www.revistarambla.com\/en\/wp-json\/wp\/v2\/posts"}],"about":[{"href":"https:\/\/www.revistarambla.com\/en\/wp-json\/wp\/v2\/types\/post"}],"author":[{"embeddable":true,"href":"https:\/\/www.revistarambla.com\/en\/wp-json\/wp\/v2\/users\/1"}],"replies":[{"embeddable":true,"href":"https:\/\/www.revistarambla.com\/en\/wp-json\/wp\/v2\/comments?post=61178"}],"version-history":[{"count":1,"href":"https:\/\/www.revistarambla.com\/en\/wp-json\/wp\/v2\/posts\/61178\/revisions"}],"predecessor-version":[{"id":61181,"href":"https:\/\/www.revistarambla.com\/en\/wp-json\/wp\/v2\/posts\/61178\/revisions\/61181"}],"wp:featuredmedia":[{"embeddable":true,"href":"https:\/\/www.revistarambla.com\/en\/wp-json\/wp\/v2\/media\/22318"}],"wp:attachment":[{"href":"https:\/\/www.revistarambla.com\/en\/wp-json\/wp\/v2\/media?parent=61178"}],"wp:term":[{"taxonomy":"category","embeddable":true,"href":"https:\/\/www.revistarambla.com\/en\/wp-json\/wp\/v2\/categories?post=61178"},{"taxonomy":"post_tag","embeddable":true,"href":"https:\/\/www.revistarambla.com\/en\/wp-json\/wp\/v2\/tags?post=61178"}],"curies":[{"name":"wp","href":"https:\/\/api.w.org\/{rel}","templated":true}]}}