{"id":61148,"date":"2024-06-17T18:18:48","date_gmt":"2024-06-17T16:18:48","guid":{"rendered":"https:\/\/www.revistarambla.com\/?p=61148"},"modified":"2024-06-17T18:18:48","modified_gmt":"2024-06-17T16:18:48","slug":"una-historia-de-ultras-hooligans-y-otros-grupos-radicales-del-futbol-espanol","status":"publish","type":"post","link":"https:\/\/www.revistarambla.com\/en\/una-historia-de-ultras-hooligans-y-otros-grupos-radicales-del-futbol-espanol\/","title":{"rendered":"Una historia de ultras, hooligans y otros grupos radicales del f\u00fatbol espa\u00f1ol"},"content":{"rendered":"<p>Las pe\u00f1as animosas de los a\u00f1os setenta, cuyos c\u00e1nticos reverberaban hasta en los estadios m\u00e1s humildes de f\u00fatbol, se convirtieron en grupo ultra con una ideolog\u00eda marcada a lo largo de la d\u00e9cada de 1980. Algaradas, palizas y razias entre hinchadas se convirtieron en la t\u00f3nica general del f\u00fatbol espa\u00f1ol durante a\u00f1os, tanto dentro como fuera de los estadios. Los clubes y el Estado intentaron frenarles, pero su presencia en las calles contin\u00faa siendo una realidad. En el libro <em>La tribu vertical. Una historia de ultras, hooligans y otros grupos radicales del f\u00fatbol espa\u00f1ol<\/em> (publicado por Libros del K.O.), Borja Bauz\u00e1 desgrana la cronolog\u00eda de un hooliganismo que a\u00fan sigue copando titulares.<\/p>\n<p>Bauz\u00e1 escribe casi desde dentro. \u00c9l tom\u00f3 contacto con el mundo ultra cuando ten\u00eda 16 a\u00f1os. Llevado por sus inquietudes e inter\u00e9s por las tribus urbanas, un d\u00eda cay\u00f3 en el foro de Internet de la revista <em>Super Hincha<\/em>, que naci\u00f3 en 1993 y que estuvo auspiciada por varios miembros de hinchadas de diferentes equipos de f\u00fatbol. Lleg\u00f3 incluso a estar en los kioscos. \u00abMe sorprendi\u00f3 encontrar bastante cordialidad entre los usuarios, aunque fueran de equipos distintos. Hab\u00eda cierto debate y algunas dosis de humor negro\u00bb, rememora.<\/p>\n<p>De esta forma, al historiador y periodista le result\u00f3 algo extra\u00f1o comprobar que la imagen que se hab\u00eda creado de ese mundo era diferente a la que estaba conociendo. \u00abY me enganch\u00e9. Soy aficionado del Real Madrid, as\u00ed que entr\u00e9 en Orgullo Vikingo, una escisi\u00f3n de Ultras Sur descontenta por la deriva pol\u00edtica que estaba tomando el grupo. Aqu\u00ed \u00e9ramos de car\u00e1cter m\u00e1s apol\u00edtico y m\u00e1s tibio en lo que a violencia se refiere\u00bb, explica. Era el verano de 2003 y Orgullo Vikingo apenas lo formaban unas 60 personas. Ah\u00ed estuvo siete a\u00f1os, un tiempo en el que Bauz\u00e1 fue muy activo en los tifos de animaci\u00f3n y en el acompa\u00f1amiento al club.<\/p>\n<p><img decoding=\"async\" class=\"aligncenter wp-image-61150\" src=\"https:\/\/www.revistarambla.com\/wp-content\/uploads\/2024\/06\/Portada_La_tribu_vertical-238x365.jpg\" alt=\"La tribu vertical. Una historia de ultras, hooligans y otros grupos radicales del f\u00fatbol espa\u00f1ol\" width=\"391\" height=\"600\" srcset=\"https:\/\/www.revistarambla.com\/wp-content\/uploads\/2024\/06\/Portada_La_tribu_vertical-238x365.jpg 238w, https:\/\/www.revistarambla.com\/wp-content\/uploads\/2024\/06\/Portada_La_tribu_vertical-8x12.jpg 8w, https:\/\/www.revistarambla.com\/wp-content\/uploads\/2024\/06\/Portada_La_tribu_vertical.jpg 500w\" sizes=\"(max-width: 391px) 100vw, 391px\" \/><\/p>\n<p>Esa experiencia ahora le ha avalado para poder entrevistar a decenas de ultras. A algunos retirados de los estadios y de las calles, y a otros que siguen all\u00ed. Tambi\u00e9n a integrantes de la Polic\u00eda Nacional que, en alg\u00fan momento, se han visto en la obligaci\u00f3n de controlarles. Seg\u00fan su relato, el surgimiento de los hooligans en Espa\u00f1a toma como referencia la escena ultra de Italia y el hooliganismo de Reino Unido. Ha documentado c\u00f3mo antes del Mundial de 1982, celebrado en Espa\u00f1a, ya hab\u00eda gente tratando de animar en los fondos de los estadios y de meter \u00abcierta bullanga\u00bb, apostilla.<\/p>\n<p>Las pe\u00f1as animosas, como \u00e9l las denomina, que exist\u00edan en ciertos clubes en la d\u00e9cada de 1970, pronto se tornaron en grupos mucho m\u00e1s ultras que animaban de forma coordinada y con mayor agresividad y violencia a principios de 1980. Por ejemplo, el Frente Atl\u00e9tico, de ideolog\u00eda neonazi, surgi\u00f3 en el estadio Vicente Calder\u00f3n en 1982. En el caso de Ultras Sur, la hinchada de ideolog\u00eda de extrema derecha del Real Madrid, no tiene una fecha concreta fundacional. El experto aduce que surgi\u00f3 en el seno de la pe\u00f1a Las Banderas, \u00abdesde donde los chavales m\u00e1s agresivos se escindieron y formaron Ultras Sur\u00bb.<\/p>\n<p>La creaci\u00f3n de los grupos radicales del f\u00fatbol espa\u00f1ol tan solo hab\u00eda comenzado. Por ejemplo, los <a href=\"https:\/\/www.revistarambla.com\/en\/boixos-nois-lo-de-menos-es-el-futbol\/\">Boixos Nois<\/a> llegaron al Camp Nou en 1981. De la pe\u00f1a Biri Biri, que animaba al Sevilla desde 1975, sali\u00f3 la Brigada Norte Biri Biri que, tras un proceso, se reconvirti\u00f3 en Biris Norte, la hinchada actual, de izquierdas. En el caso de Euskadi, los Herri Norte que animaban desde 1981 al Athletic de Bilbao se convirtieron en esa d\u00e9cada en los Herri Norte Taldea, identificados con la causa abertzale.<\/p>\n<h2>Descoordinaci\u00f3n inicial<\/h2>\n<p>Bauz\u00e1 prefiere no generalizar a la hora de hablar de este tipo de grupos ultras, aunque s\u00ed ubica algunas tendencias compartidas entre ellos. \u00abDurante buena parte de los a\u00f1os ochenta, operaron como el ej\u00e9rcito de Pancho Villa. Quiz\u00e1 hab\u00eda alg\u00fan l\u00edder espiritual, un cabecilla, pero carec\u00edan de organizaci\u00f3n. Yo los considerar\u00eda m\u00e1s bien bandas o pandillas en las que tampoco hab\u00eda una tendencia pol\u00edtica decidida, aunque hab\u00eda excepciones\u00bb, se explaya. Entre estas excepciones, ilustra, se encuentran las Brigadas Blanquiazules, ultras del Espanyol, que \u00abson de extrema derecha desde sus inicios y lo llevan a gala\u00bb, puntualiza el autor del libro.<\/p>\n<p>Por aquel entonces, estos grupos estaban formados generalmente por menores de edad que no hab\u00edan desarrollado su propia ideolog\u00eda y que se dejaban llevar por las tendencias del momento o los l\u00edderes. \u00abA finales de los ochenta y principios de los noventa la cosa cambia. Ah\u00ed empiezan a adquirir cierta estructura, se organizan mejor y aparecen los liderazgos absolutos y el reparto de funciones\u00bb, a\u00f1ade Bauz\u00e1. Es en ese momento cuando comienza la asunci\u00f3n de una ideolog\u00eda clara en la mayor\u00eda de hinchadas. Seg\u00fan Bauz\u00e1, los ultras de los noventa ya no eran chavales, sino ultras organizados con estructura y mucha gente en sus filas.<\/p>\n<h2>El Estado intenta actuar<\/h2>\n<p>Dos muertes hacen que la realidad cambie un poco para los ultras. La primera fue el asesinato del joven de 20 a\u00f1os y seguidor del Espanyol Fr\u00e9deric Fran\u00e7ois Rouquier el 13 de enero de 1991, a manos de cinco miembros de los Boixos Nois. La segunda muerte lleg\u00f3 el 15 de marzo de 1992 en el partido que disputaron el Espanyol y el C\u00e1diz, cuando un aficionado lanz\u00f3 una bengala. El artefacto termin\u00f3 incrustado en el pecho de Guillermo Alfonso, un ni\u00f1o de 13 a\u00f1os que se encontraba con su familia en el estadio de Sarri\u00e1.<\/p>\n<p>\u00abAquello supuso una controversia brutal. Los medios de comunicaci\u00f3n y la sociedad empezaron a pedir acciones contra unos grupos que, en los a\u00f1os ochenta, s\u00ed ve\u00edan con cierta simpat\u00eda. De ah\u00ed naci\u00f3 la Comisi\u00f3n Antiviolencia en el Deporte, en 1992\u00bb, comenta Bauz\u00e1. El choque entre hinchas y autoridades estaba servido despu\u00e9s de que los clubes los hubiera \u00abacunado\u00bb durante a\u00f1os. \u00abLos ultras les aportaban ciertas cosas, as\u00ed que minimizaban sus aspectos negativos\u00bb, apunta el autor.<\/p>\n<h2>La calle como escenario de los enfrentamientos entre ultras del f\u00fatbol espa\u00f1ol<\/h2>\n<p>El Estado pidi\u00f3 colaboraci\u00f3n a los equipos de f\u00fatbol. As\u00ed se inici\u00f3 una suerte de domesticaci\u00f3n de los ultras, pero solo dentro de las canchas. En las calles, la guerra entre hooligans segu\u00eda siendo frecuente. \u00abDecidieron trasladar sus escaramuzas y sus razias fuera de los estadios, pero tambi\u00e9n cambiaron sus objetivos. Tras un proceso de maduraci\u00f3n, concluyeron que los enfrentamientos deb\u00edan ser algo entre ultras, as\u00ed que empezaron a dejar atr\u00e1s las agresiones a otros aficionados que no formaban parte de los grupos\u00bb, desarrolla.<\/p>\n<p>Preguntado por qu\u00e9 ideolog\u00eda predomina entre los grupos ultras del f\u00fatbol espa\u00f1ol, Bauz\u00e1 considera que esta realidad est\u00e1 bastante equilibrada. En cambio, se\u00f1ala que las acciones de la extrema derecha asociada al f\u00fatbol siempre han llamado m\u00e1s la atenci\u00f3n, algo que se explica por los asesinatos que han cometido. Por ejemplo, el neonazi Ricardo Guerra, vinculado al grupo Basti\u00f3n del Frente Atl\u00e9tico, mat\u00f3 al seguidor de la Real Sociedad Aitor Zabaleta en diciembre de 1998. En noviembre de 2014, tambi\u00e9n siete ultras del Frente Atl\u00e9tico arrojaron al r\u00edo Manzanares el cuerpo sin vida de Francisco Javier Romero Taboada, conocido como Jimmy, hincha del Deportivo de La Coru\u00f1a.<\/p>\n<p>En la actualidad se dan dos fen\u00f3menos que no se pueden entender el uno sin el otro, a\u00f1ade Bauz\u00e1. \u00abPor un lado, est\u00e1n las gradas de animaci\u00f3n que, en algunos casos, no en el Real Madrid o Bar\u00e7a, incluyen a los propios grupos, pero muy diluidos\u00bb, explica el experto. Por otro lado, eso ha llevado a que la conflictividad aumente en las calles, ya que algunos de estos grupos \u00abcada vez se sienten menos c\u00f3modos dentro de los estadios\u00bb, opina.<\/p>\n<p>Sus enfrentamientos est\u00e1n basados en el conocido como \u00abs\u00edndrome del beduino\u00bb, es decir, en una mara\u00f1a de amistades y enemistades que no dejan de escalar y en el que el enemigo de mi amigo tambi\u00e9n es mi enemigo y el enemigo de mi enemigo puede ser mi amigo. \u00abHay trifulcas entre grupos debido a su rivalidad \u00fanicamente deportiva, pero tambi\u00e9n entre grupos de diferentes o similares ideolog\u00edas, o entre grupos ideologizados y otros apol\u00edticos que tienen cierta relaci\u00f3n con alguno de sus enemigos\u00bb, finaliza Bauz\u00e1.<\/p>\n<hr \/>\n<p><em>Art\u00edculo original: https:\/\/www.lamarea.com\/2024\/06\/14\/medio-siglo-radicalidad-futbol-espanol-penas-animacion-asesinatos-extrema-derecha\/<\/em><\/p>","protected":false},"excerpt":{"rendered":"<p>Borja Bauz\u00e1 publica &#8216;La tribu vertical&#8217;, una historia de los grupos ultras en Espa\u00f1a, desde su surgimiento en los a\u00f1os setenta a la actualidad.<\/p>","protected":false},"author":15,"featured_media":61149,"comment_status":"closed","ping_status":"closed","sticky":false,"template":"","format":"standard","meta":{"footnotes":""},"categories":[60],"tags":[],"class_list":["post-61148","post","type-post","status-publish","format-standard","has-post-thumbnail","hentry","category-libros"],"yoast_head":"<!-- This site is optimized with the Yoast SEO plugin v27.5 - https:\/\/yoast.com\/product\/yoast-seo-wordpress\/ -->\n<title>Historia de los ultras en el f\u00fatbol espa\u00f1ol - Revista Rambla<\/title>\n<meta name=\"description\" content=\"En \u2018Una historia de ultras, hooligans y otros grupos radicales del f\u00fatbol espa\u00f1ol\u2019, Borja Bauz\u00e1 desgrana la historia del hooliganismo.\" \/>\n<meta name=\"robots\" content=\"index, follow, max-snippet:-1, max-image-preview:large, max-video-preview:-1\" \/>\n<link rel=\"canonical\" href=\"https:\/\/www.revistarambla.com\/en\/una-historia-de-ultras-hooligans-y-otros-grupos-radicales-del-futbol-espanol\/\" \/>\n<meta property=\"og:locale\" content=\"en_GB\" \/>\n<meta property=\"og:type\" content=\"article\" \/>\n<meta property=\"og:title\" content=\"Historia de los ultras en el f\u00fatbol espa\u00f1ol - Revista Rambla\" \/>\n<meta property=\"og:description\" content=\"En \u2018Una historia de ultras, hooligans y otros grupos radicales del f\u00fatbol espa\u00f1ol\u2019, Borja Bauz\u00e1 desgrana la historia del hooliganismo.\" \/>\n<meta property=\"og:url\" content=\"https:\/\/www.revistarambla.com\/en\/una-historia-de-ultras-hooligans-y-otros-grupos-radicales-del-futbol-espanol\/\" \/>\n<meta property=\"og:site_name\" content=\"Revista Rambla\" \/>\n<meta property=\"article:publisher\" content=\"https:\/\/www.facebook.com\/revistarambla\/\" \/>\n<meta property=\"article:published_time\" content=\"2024-06-17T16:18:48+00:00\" \/>\n<meta property=\"og:image\" content=\"https:\/\/www.revistarambla.com\/wp-content\/uploads\/2024\/06\/ultras_futbol.webp\" \/>\n\t<meta property=\"og:image:width\" content=\"660\" \/>\n\t<meta property=\"og:image:height\" content=\"440\" \/>\n\t<meta property=\"og:image:type\" content=\"image\/webp\" \/>\n<meta name=\"author\" content=\"La Marea\" \/>\n<meta name=\"twitter:card\" content=\"summary_large_image\" \/>\n<meta name=\"twitter:creator\" content=\"@revistarambla\" \/>\n<meta name=\"twitter:site\" content=\"@revistarambla\" \/>\n<meta name=\"twitter:label1\" content=\"Written by\" \/>\n\t<meta name=\"twitter:data1\" content=\"La Marea\" \/>\n\t<meta name=\"twitter:label2\" content=\"Estimated reading time\" \/>\n\t<meta name=\"twitter:data2\" content=\"7 minutes\" \/>\n<script type=\"application\/ld+json\" class=\"yoast-schema-graph\">{\"@context\":\"https:\\\/\\\/schema.org\",\"@graph\":[{\"@type\":\"Article\",\"@id\":\"https:\\\/\\\/www.revistarambla.com\\\/una-historia-de-ultras-hooligans-y-otros-grupos-radicales-del-futbol-espanol\\\/#article\",\"isPartOf\":{\"@id\":\"https:\\\/\\\/www.revistarambla.com\\\/una-historia-de-ultras-hooligans-y-otros-grupos-radicales-del-futbol-espanol\\\/\"},\"author\":{\"name\":\"La Marea\",\"@id\":\"https:\\\/\\\/www.revistarambla.com\\\/#\\\/schema\\\/person\\\/2b19179a8ace334b829ad72cc6e6ce97\"},\"headline\":\"Una historia de ultras, hooligans y otros grupos radicales del f\u00fatbol espa\u00f1ol\",\"datePublished\":\"2024-06-17T16:18:48+00:00\",\"mainEntityOfPage\":{\"@id\":\"https:\\\/\\\/www.revistarambla.com\\\/una-historia-de-ultras-hooligans-y-otros-grupos-radicales-del-futbol-espanol\\\/\"},\"wordCount\":1483,\"publisher\":{\"@id\":\"https:\\\/\\\/www.revistarambla.com\\\/#organization\"},\"image\":{\"@id\":\"https:\\\/\\\/www.revistarambla.com\\\/una-historia-de-ultras-hooligans-y-otros-grupos-radicales-del-futbol-espanol\\\/#primaryimage\"},\"thumbnailUrl\":\"https:\\\/\\\/www.revistarambla.com\\\/wp-content\\\/uploads\\\/2024\\\/06\\\/ultras_futbol.webp\",\"articleSection\":[\"Libros\"],\"inLanguage\":\"en-GB\"},{\"@type\":\"WebPage\",\"@id\":\"https:\\\/\\\/www.revistarambla.com\\\/una-historia-de-ultras-hooligans-y-otros-grupos-radicales-del-futbol-espanol\\\/\",\"url\":\"https:\\\/\\\/www.revistarambla.com\\\/una-historia-de-ultras-hooligans-y-otros-grupos-radicales-del-futbol-espanol\\\/\",\"name\":\"Historia de los ultras en el f\u00fatbol espa\u00f1ol - Revista Rambla\",\"isPartOf\":{\"@id\":\"https:\\\/\\\/www.revistarambla.com\\\/#website\"},\"primaryImageOfPage\":{\"@id\":\"https:\\\/\\\/www.revistarambla.com\\\/una-historia-de-ultras-hooligans-y-otros-grupos-radicales-del-futbol-espanol\\\/#primaryimage\"},\"image\":{\"@id\":\"https:\\\/\\\/www.revistarambla.com\\\/una-historia-de-ultras-hooligans-y-otros-grupos-radicales-del-futbol-espanol\\\/#primaryimage\"},\"thumbnailUrl\":\"https:\\\/\\\/www.revistarambla.com\\\/wp-content\\\/uploads\\\/2024\\\/06\\\/ultras_futbol.webp\",\"datePublished\":\"2024-06-17T16:18:48+00:00\",\"description\":\"En \u2018Una historia de ultras, hooligans y otros grupos radicales del f\u00fatbol espa\u00f1ol\u2019, Borja Bauz\u00e1 desgrana la historia del hooliganismo.\",\"breadcrumb\":{\"@id\":\"https:\\\/\\\/www.revistarambla.com\\\/una-historia-de-ultras-hooligans-y-otros-grupos-radicales-del-futbol-espanol\\\/#breadcrumb\"},\"inLanguage\":\"en-GB\",\"potentialAction\":[{\"@type\":\"ReadAction\",\"target\":[\"https:\\\/\\\/www.revistarambla.com\\\/una-historia-de-ultras-hooligans-y-otros-grupos-radicales-del-futbol-espanol\\\/\"]}]},{\"@type\":\"ImageObject\",\"inLanguage\":\"en-GB\",\"@id\":\"https:\\\/\\\/www.revistarambla.com\\\/una-historia-de-ultras-hooligans-y-otros-grupos-radicales-del-futbol-espanol\\\/#primaryimage\",\"url\":\"https:\\\/\\\/www.revistarambla.com\\\/wp-content\\\/uploads\\\/2024\\\/06\\\/ultras_futbol.webp\",\"contentUrl\":\"https:\\\/\\\/www.revistarambla.com\\\/wp-content\\\/uploads\\\/2024\\\/06\\\/ultras_futbol.webp\",\"width\":660,\"height\":440,\"caption\":\"Historia de los ultras en el f\u00fatbol espa\u00f1ol la guerra cultural de la extrema derecha en Espa\u00f1a\"},{\"@type\":\"BreadcrumbList\",\"@id\":\"https:\\\/\\\/www.revistarambla.com\\\/una-historia-de-ultras-hooligans-y-otros-grupos-radicales-del-futbol-espanol\\\/#breadcrumb\",\"itemListElement\":[{\"@type\":\"ListItem\",\"position\":1,\"name\":\"Portada\",\"item\":\"https:\\\/\\\/www.revistarambla.com\\\/\"},{\"@type\":\"ListItem\",\"position\":2,\"name\":\"Una historia de ultras, hooligans y otros grupos radicales del f\u00fatbol espa\u00f1ol\"}]},{\"@type\":\"WebSite\",\"@id\":\"https:\\\/\\\/www.revistarambla.com\\\/#website\",\"url\":\"https:\\\/\\\/www.revistarambla.com\\\/\",\"name\":\"Revista Rambla Barcelona\",\"description\":\"Periodismo independiente\",\"publisher\":{\"@id\":\"https:\\\/\\\/www.revistarambla.com\\\/#organization\"},\"potentialAction\":[{\"@type\":\"SearchAction\",\"target\":{\"@type\":\"EntryPoint\",\"urlTemplate\":\"https:\\\/\\\/www.revistarambla.com\\\/?s={search_term_string}\"},\"query-input\":{\"@type\":\"PropertyValueSpecification\",\"valueRequired\":true,\"valueName\":\"search_term_string\"}}],\"inLanguage\":\"en-GB\"},{\"@type\":\"Organization\",\"@id\":\"https:\\\/\\\/www.revistarambla.com\\\/#organization\",\"name\":\"Revista Rambla\",\"url\":\"https:\\\/\\\/www.revistarambla.com\\\/\",\"logo\":{\"@type\":\"ImageObject\",\"inLanguage\":\"en-GB\",\"@id\":\"https:\\\/\\\/www.revistarambla.com\\\/#\\\/schema\\\/logo\\\/image\\\/\",\"url\":\"https:\\\/\\\/www.revistarambla.com\\\/wp-content\\\/uploads\\\/2020\\\/09\\\/banner_rambla_1900x600_BB.png\",\"contentUrl\":\"https:\\\/\\\/www.revistarambla.com\\\/wp-content\\\/uploads\\\/2020\\\/09\\\/banner_rambla_1900x600_BB.png\",\"width\":1900,\"height\":600,\"caption\":\"Revista Rambla\"},\"image\":{\"@id\":\"https:\\\/\\\/www.revistarambla.com\\\/#\\\/schema\\\/logo\\\/image\\\/\"},\"sameAs\":[\"https:\\\/\\\/www.facebook.com\\\/revistarambla\\\/\",\"https:\\\/\\\/x.com\\\/revistarambla\",\"https:\\\/\\\/www.instagram.com\\\/revista_rambla\",\"https:\\\/\\\/es.linkedin.com\\\/company\\\/revista-rambla\"]},{\"@type\":\"Person\",\"@id\":\"https:\\\/\\\/www.revistarambla.com\\\/#\\\/schema\\\/person\\\/2b19179a8ace334b829ad72cc6e6ce97\",\"name\":\"La Marea\"}]}<\/script>\n<!-- \/ Yoast SEO plugin. -->","yoast_head_json":{"title":"Historia de los ultras en el f\u00fatbol espa\u00f1ol - Revista Rambla","description":"En \u2018Una historia de ultras, hooligans y otros grupos radicales del f\u00fatbol espa\u00f1ol\u2019, Borja Bauz\u00e1 desgrana la historia del hooliganismo.","robots":{"index":"index","follow":"follow","max-snippet":"max-snippet:-1","max-image-preview":"max-image-preview:large","max-video-preview":"max-video-preview:-1"},"canonical":"https:\/\/www.revistarambla.com\/en\/una-historia-de-ultras-hooligans-y-otros-grupos-radicales-del-futbol-espanol\/","og_locale":"en_GB","og_type":"article","og_title":"Historia de los ultras en el f\u00fatbol espa\u00f1ol - Revista Rambla","og_description":"En \u2018Una historia de ultras, hooligans y otros grupos radicales del f\u00fatbol espa\u00f1ol\u2019, Borja Bauz\u00e1 desgrana la historia del hooliganismo.","og_url":"https:\/\/www.revistarambla.com\/en\/una-historia-de-ultras-hooligans-y-otros-grupos-radicales-del-futbol-espanol\/","og_site_name":"Revista Rambla","article_publisher":"https:\/\/www.facebook.com\/revistarambla\/","article_published_time":"2024-06-17T16:18:48+00:00","og_image":[{"width":660,"height":440,"url":"https:\/\/www.revistarambla.com\/wp-content\/uploads\/2024\/06\/ultras_futbol.webp","type":"image\/webp"}],"author":"La Marea","twitter_card":"summary_large_image","twitter_creator":"@revistarambla","twitter_site":"@revistarambla","twitter_misc":{"Written by":"La Marea","Estimated reading time":"7 minutes"},"schema":{"@context":"https:\/\/schema.org","@graph":[{"@type":"Article","@id":"https:\/\/www.revistarambla.com\/una-historia-de-ultras-hooligans-y-otros-grupos-radicales-del-futbol-espanol\/#article","isPartOf":{"@id":"https:\/\/www.revistarambla.com\/una-historia-de-ultras-hooligans-y-otros-grupos-radicales-del-futbol-espanol\/"},"author":{"name":"La Marea","@id":"https:\/\/www.revistarambla.com\/#\/schema\/person\/2b19179a8ace334b829ad72cc6e6ce97"},"headline":"Una historia de ultras, hooligans y otros grupos radicales del f\u00fatbol espa\u00f1ol","datePublished":"2024-06-17T16:18:48+00:00","mainEntityOfPage":{"@id":"https:\/\/www.revistarambla.com\/una-historia-de-ultras-hooligans-y-otros-grupos-radicales-del-futbol-espanol\/"},"wordCount":1483,"publisher":{"@id":"https:\/\/www.revistarambla.com\/#organization"},"image":{"@id":"https:\/\/www.revistarambla.com\/una-historia-de-ultras-hooligans-y-otros-grupos-radicales-del-futbol-espanol\/#primaryimage"},"thumbnailUrl":"https:\/\/www.revistarambla.com\/wp-content\/uploads\/2024\/06\/ultras_futbol.webp","articleSection":["Libros"],"inLanguage":"en-GB"},{"@type":"WebPage","@id":"https:\/\/www.revistarambla.com\/una-historia-de-ultras-hooligans-y-otros-grupos-radicales-del-futbol-espanol\/","url":"https:\/\/www.revistarambla.com\/una-historia-de-ultras-hooligans-y-otros-grupos-radicales-del-futbol-espanol\/","name":"Historia de los ultras en el f\u00fatbol espa\u00f1ol - Revista Rambla","isPartOf":{"@id":"https:\/\/www.revistarambla.com\/#website"},"primaryImageOfPage":{"@id":"https:\/\/www.revistarambla.com\/una-historia-de-ultras-hooligans-y-otros-grupos-radicales-del-futbol-espanol\/#primaryimage"},"image":{"@id":"https:\/\/www.revistarambla.com\/una-historia-de-ultras-hooligans-y-otros-grupos-radicales-del-futbol-espanol\/#primaryimage"},"thumbnailUrl":"https:\/\/www.revistarambla.com\/wp-content\/uploads\/2024\/06\/ultras_futbol.webp","datePublished":"2024-06-17T16:18:48+00:00","description":"En \u2018Una historia de ultras, hooligans y otros grupos radicales del f\u00fatbol espa\u00f1ol\u2019, Borja Bauz\u00e1 desgrana la historia del hooliganismo.","breadcrumb":{"@id":"https:\/\/www.revistarambla.com\/una-historia-de-ultras-hooligans-y-otros-grupos-radicales-del-futbol-espanol\/#breadcrumb"},"inLanguage":"en-GB","potentialAction":[{"@type":"ReadAction","target":["https:\/\/www.revistarambla.com\/una-historia-de-ultras-hooligans-y-otros-grupos-radicales-del-futbol-espanol\/"]}]},{"@type":"ImageObject","inLanguage":"en-GB","@id":"https:\/\/www.revistarambla.com\/una-historia-de-ultras-hooligans-y-otros-grupos-radicales-del-futbol-espanol\/#primaryimage","url":"https:\/\/www.revistarambla.com\/wp-content\/uploads\/2024\/06\/ultras_futbol.webp","contentUrl":"https:\/\/www.revistarambla.com\/wp-content\/uploads\/2024\/06\/ultras_futbol.webp","width":660,"height":440,"caption":"Historia de los ultras en el f\u00fatbol espa\u00f1ol la guerra cultural de la extrema derecha en Espa\u00f1a"},{"@type":"BreadcrumbList","@id":"https:\/\/www.revistarambla.com\/una-historia-de-ultras-hooligans-y-otros-grupos-radicales-del-futbol-espanol\/#breadcrumb","itemListElement":[{"@type":"ListItem","position":1,"name":"Portada","item":"https:\/\/www.revistarambla.com\/"},{"@type":"ListItem","position":2,"name":"Una historia de ultras, hooligans y otros grupos radicales del f\u00fatbol espa\u00f1ol"}]},{"@type":"WebSite","@id":"https:\/\/www.revistarambla.com\/#website","url":"https:\/\/www.revistarambla.com\/","name":"Revista Rambla Barcelona","description":"Periodismo independiente","publisher":{"@id":"https:\/\/www.revistarambla.com\/#organization"},"potentialAction":[{"@type":"SearchAction","target":{"@type":"EntryPoint","urlTemplate":"https:\/\/www.revistarambla.com\/?s={search_term_string}"},"query-input":{"@type":"PropertyValueSpecification","valueRequired":true,"valueName":"search_term_string"}}],"inLanguage":"en-GB"},{"@type":"Organization","@id":"https:\/\/www.revistarambla.com\/#organization","name":"Revista Rambla","url":"https:\/\/www.revistarambla.com\/","logo":{"@type":"ImageObject","inLanguage":"en-GB","@id":"https:\/\/www.revistarambla.com\/#\/schema\/logo\/image\/","url":"https:\/\/www.revistarambla.com\/wp-content\/uploads\/2020\/09\/banner_rambla_1900x600_BB.png","contentUrl":"https:\/\/www.revistarambla.com\/wp-content\/uploads\/2020\/09\/banner_rambla_1900x600_BB.png","width":1900,"height":600,"caption":"Revista Rambla"},"image":{"@id":"https:\/\/www.revistarambla.com\/#\/schema\/logo\/image\/"},"sameAs":["https:\/\/www.facebook.com\/revistarambla\/","https:\/\/x.com\/revistarambla","https:\/\/www.instagram.com\/revista_rambla","https:\/\/es.linkedin.com\/company\/revista-rambla"]},{"@type":"Person","@id":"https:\/\/www.revistarambla.com\/#\/schema\/person\/2b19179a8ace334b829ad72cc6e6ce97","name":"La Marea"}]}},"_links":{"self":[{"href":"https:\/\/www.revistarambla.com\/en\/wp-json\/wp\/v2\/posts\/61148","targetHints":{"allow":["GET"]}}],"collection":[{"href":"https:\/\/www.revistarambla.com\/en\/wp-json\/wp\/v2\/posts"}],"about":[{"href":"https:\/\/www.revistarambla.com\/en\/wp-json\/wp\/v2\/types\/post"}],"author":[{"embeddable":true,"href":"https:\/\/www.revistarambla.com\/en\/wp-json\/wp\/v2\/users\/15"}],"replies":[{"embeddable":true,"href":"https:\/\/www.revistarambla.com\/en\/wp-json\/wp\/v2\/comments?post=61148"}],"version-history":[{"count":1,"href":"https:\/\/www.revistarambla.com\/en\/wp-json\/wp\/v2\/posts\/61148\/revisions"}],"predecessor-version":[{"id":61151,"href":"https:\/\/www.revistarambla.com\/en\/wp-json\/wp\/v2\/posts\/61148\/revisions\/61151"}],"wp:featuredmedia":[{"embeddable":true,"href":"https:\/\/www.revistarambla.com\/en\/wp-json\/wp\/v2\/media\/61149"}],"wp:attachment":[{"href":"https:\/\/www.revistarambla.com\/en\/wp-json\/wp\/v2\/media?parent=61148"}],"wp:term":[{"taxonomy":"category","embeddable":true,"href":"https:\/\/www.revistarambla.com\/en\/wp-json\/wp\/v2\/categories?post=61148"},{"taxonomy":"post_tag","embeddable":true,"href":"https:\/\/www.revistarambla.com\/en\/wp-json\/wp\/v2\/tags?post=61148"}],"curies":[{"name":"wp","href":"https:\/\/api.w.org\/{rel}","templated":true}]}}