{"id":6114,"date":"2014-10-12T15:01:09","date_gmt":"2014-10-12T15:01:09","guid":{"rendered":"https:\/\/www.revistarambla.com\/el-antisoberanismo-celebra-a-lo-grande-la-hispanidad-en-barcelona\/"},"modified":"2014-10-12T15:01:09","modified_gmt":"2014-10-12T15:01:09","slug":"el-antisoberanismo-celebra-a-lo-grande-la-hispanidad-en-barcelona","status":"publish","type":"post","link":"https:\/\/www.revistarambla.com\/en\/el-antisoberanismo-celebra-a-lo-grande-la-hispanidad-en-barcelona\/","title":{"rendered":"El antisoberanismo celebra a lo grande \u201cla Hispanidad\u201d en Barcelona"},"content":{"rendered":"<p> \t\u00a0<\/p>\n<p class=\"MsoNormal\" style=\"text-align:justify;line-height:150%\"> \t<span lang=\"ES\" style=\"font-family:Arial\"><img decoding=\"async\" class=\" alignleft size-full wp-image-6112\" alt=\"alt\" src=\"https:\/\/www.revistarambla.com\/wp-content\/uploads\/2014\/10\/Hespanidad_Rambla_100.jpg\" style=\"width: 682px; height: 430px; margin-left: 9px; margin-right: 9px; float: left;\" width=\"682\" height=\"430\" srcset=\"https:\/\/www.revistarambla.com\/wp-content\/uploads\/2014\/10\/Hespanidad_Rambla_100.jpg 682w, https:\/\/www.revistarambla.com\/wp-content\/uploads\/2014\/10\/Hespanidad_Rambla_100-300x189.jpg 300w, https:\/\/www.revistarambla.com\/wp-content\/uploads\/2014\/10\/Hespanidad_Rambla_100-500x315.jpg 500w\" sizes=\"(max-width: 682px) 100vw, 682px\" \/>Miles de personas <span data-scayt_word=\"han\" data-scaytid=\"1\">han<\/span> <span data-scayt_word=\"llenado\" data-scaytid=\"2\">llenado<\/span> la Plaza <span data-scayt_word=\"Catalunya\" data-scaytid=\"3\">Catalunya<\/span> en un <span data-scayt_word=\"acto\" data-scaytid=\"4\">acto<\/span> <span data-scayt_word=\"convocado\" data-scaytid=\"5\">convocado<\/span> <span data-scayt_word=\"por\" data-scaytid=\"6\">por<\/span> <span data-scayt_word=\"Societat\" data-scaytid=\"7\">Societat<\/span> Civil <span data-scayt_word=\"Catalana\" data-scaytid=\"8\">Catalana<\/span> con <span data-scayt_word=\"motivo\" data-scaytid=\"9\">motivo<\/span> de la Fiesta <span data-scayt_word=\"Nacional\" data-scaytid=\"10\">Nacional<\/span> del 12 de <span data-scayt_word=\"octubre\" data-scaytid=\"11\">octubre<\/span>, <span data-scayt_word=\"para\" data-scaytid=\"12\">para<\/span> <span data-scayt_word=\"reivindicar\" data-scaytid=\"13\">reivindicar<\/span> <span data-scayt_word=\"\u201cuna\" data-scaytid=\"14\">&ldquo;una<\/span> <span data-scayt_word=\"Espa\u00f1a\" data-scaytid=\"15\">Espa\u00f1a<\/span> de <span data-scayt_word=\"todos\u201d\" data-scaytid=\"16\">todos&rdquo;<\/span> y <span data-scayt_word=\"pronunciarse\" data-scaytid=\"17\">pronunciarse<\/span> en contra de la <span data-scayt_word=\"independencia\" data-scaytid=\"18\">independencia<\/span>.<\/span><\/p>\n<p class=\"MsoNormal\" style=\"text-align:justify;line-height:150%\"> \t\u00a0<\/p>\n<p class=\"MsoNormal\" style=\"text-align:justify;line-height:150%\"> \t\u00a0<\/p>\n<p class=\"MsoNormal\" style=\"text-align:justify;line-height:150%\"> \t\u00a0<\/p>\n<p>  <!--more-->  <\/p>\n<p class=\"MsoNormal\" style=\"text-align:justify;line-height:150%\"> \t<strong><span lang=\"ES\" style=\"font-family:Arial\">Miles de personas <span data-scayt_word=\"han\" data-scaytid=\"19\">han<\/span> <span data-scayt_word=\"llenado\" data-scaytid=\"20\">llenado<\/span> la Plaza <span data-scayt_word=\"Catalunya\" data-scaytid=\"21\">Catalunya<\/span> en un <span data-scayt_word=\"acto\" data-scaytid=\"22\">acto<\/span> <span data-scayt_word=\"convocado\" data-scaytid=\"23\">convocado<\/span> <span data-scayt_word=\"por\" data-scaytid=\"24\">por<\/span> <span data-scayt_word=\"Societat\" data-scaytid=\"25\">Societat<\/span> Civil <span data-scayt_word=\"Catalana\" data-scaytid=\"26\">Catalana<\/span> con <span data-scayt_word=\"motivo\" data-scaytid=\"27\">motivo<\/span> de la Fiesta <span data-scayt_word=\"Nacional\" data-scaytid=\"28\">Nacional<\/span> del 12 de <span data-scayt_word=\"octubre\" data-scaytid=\"29\">octubre<\/span>, <span data-scayt_word=\"para\" data-scaytid=\"30\">para<\/span> <span data-scayt_word=\"reivindicar\" data-scaytid=\"31\">reivindicar<\/span> <span data-scayt_word=\"\u201cuna\" data-scaytid=\"32\">&ldquo;una<\/span> <span data-scayt_word=\"Espa\u00f1a\" data-scaytid=\"33\">Espa\u00f1a<\/span> de <span data-scayt_word=\"todos\u201d\" data-scaytid=\"34\">todos&rdquo;<\/span> y <span data-scayt_word=\"pronunciarse\" data-scaytid=\"35\">pronunciarse<\/span> en contra de la <span data-scayt_word=\"independencia\" data-scaytid=\"36\">independencia<\/span>.<\/span><\/strong><\/p>\n<p class=\"MsoNormal\" style=\"text-align:justify;line-height:150%\"> \t\u00a0<\/p>\n<p> \t<b><span lang=\"ES\" style=\"font-size:14.0pt;line-height:150%;font-family:Arial\"><img decoding=\"async\" class=\" size-full wp-image-6113\" alt=\"alt\" src=\"https:\/\/www.revistarambla.com\/wp-content\/uploads\/2014\/10\/Hespanidad_Rambla_02.jpg\" style=\"width: 700px; height: 487px;\" width=\"700\" height=\"487\" srcset=\"https:\/\/www.revistarambla.com\/wp-content\/uploads\/2014\/10\/Hespanidad_Rambla_02.jpg 700w, https:\/\/www.revistarambla.com\/wp-content\/uploads\/2014\/10\/Hespanidad_Rambla_02-300x209.jpg 300w, https:\/\/www.revistarambla.com\/wp-content\/uploads\/2014\/10\/Hespanidad_Rambla_02-500x348.jpg 500w\" sizes=\"(max-width: 700px) 100vw, 700px\" \/><\/span><\/b><\/p>\n<p> \t\u00a0<\/p>\n<p> \t<b><span lang=\"ES\" style=\"font-size:14.0pt;line-height:150%;font-family:Arial\">\u00a0<\/span><\/b><span lang=\"ES\" style=\"font-family:Arial\"><span data-scayt_word=\"Doce\" data-scaytid=\"47\">Doce<\/span> del <span data-scayt_word=\"mediod\u00eda\" data-scaytid=\"48\">mediod\u00eda<\/span> en Plaza <span data-scayt_word=\"Catalunya\" data-scaytid=\"37\">Catalunya<\/span>, la <span data-scayt_word=\"canci\u00f3n\" data-scaytid=\"50\">canci\u00f3n<\/span> &ldquo;Amigos <span data-scayt_word=\"para\" data-scaytid=\"38\">para<\/span> <span data-scayt_word=\"siempre\u201d\" data-scaytid=\"54\">siempre&rdquo;<\/span> <span data-scayt_word=\"recibe\" data-scaytid=\"55\">recibe<\/span> a <span data-scayt_word=\"decenas\" data-scaytid=\"56\">decenas<\/span> de miles de personas <span data-scayt_word=\"que\" data-scaytid=\"57\">que<\/span>, <span data-scayt_word=\"enfundadas\" data-scaytid=\"58\">enfundadas<\/span> en <span data-scayt_word=\"banderas\" data-scaytid=\"59\">banderas<\/span> <span data-scayt_word=\"espa\u00f1olas\" data-scaytid=\"60\">espa\u00f1olas<\/span> y <span data-scayt_word=\"catalanas\" data-scaytid=\"61\">catalanas<\/span>, <span data-scayt_word=\"llegan\" data-scaytid=\"62\">llegan<\/span> <span data-scayt_word=\"para\" data-scaytid=\"39\">para<\/span> <span data-scayt_word=\"celebrar\" data-scaytid=\"63\">celebrar<\/span> el <span data-scayt_word=\"D\u00eda\" data-scaytid=\"64\">D\u00eda<\/span> de la <span data-scayt_word=\"hispanidad\" data-scaytid=\"65\">hispanidad<\/span> y <span data-scayt_word=\"para\" data-scaytid=\"40\">para<\/span> <span data-scayt_word=\"decirle\" data-scaytid=\"66\">decirle<\/span> &ldquo;no&rdquo; a la <span data-scayt_word=\"independencia\" data-scaytid=\"41\">independencia<\/span>. El <span data-scayt_word=\"multitudinario\" data-scaytid=\"68\">multitudinario<\/span> <span data-scayt_word=\"acto\" data-scaytid=\"42\">acto<\/span> <span data-scayt_word=\"fue\" data-scaytid=\"70\">fue<\/span> <span data-scayt_word=\"convocado\" data-scaytid=\"43\">convocado<\/span> <span data-scayt_word=\"por\" data-scaytid=\"44\">por<\/span> la <span data-scayt_word=\"organizaci\u00f3n\" data-scaytid=\"73\">organizaci\u00f3n<\/span> <span data-scayt_word=\"antisoberanista\" data-scaytid=\"74\">antisoberanista<\/span> <span data-scayt_word=\"Societat\" data-scaytid=\"45\">Societat<\/span> Civil <span data-scayt_word=\"Catalana\" data-scaytid=\"46\">Catalana<\/span> (<span data-scayt_word=\"SCC\" data-scaytid=\"77\">SCC<\/span>), <span data-scayt_word=\"bajo\" data-scaytid=\"78\">bajo<\/span> el <span data-scayt_word=\"lema\" data-scaytid=\"79\">lema<\/span> <\/span><span lang=\"ES\" style=\"font-family:Arial;mso-bidi-font-family:Arial;color:black\"><span style=\"mso-spacerun:yes\">\u00a0<\/span>\u00ab12 <span data-scayt_word=\"d'octubre\" data-scaytid=\"149\">d&#8217;octubre<\/span>, <span data-scayt_word=\"l'Espanya\" data-scaytid=\"150\">l&#8217;Espanya<\/span> de tots\u00bb (La <span data-scayt_word=\"Espa\u00f1a\" data-scaytid=\"113\">Espa\u00f1a<\/span> de <span data-scayt_word=\"todos\" data-scaytid=\"152\">todos<\/span>), <span data-scayt_word=\"como\" data-scaytid=\"153\">como<\/span> <span data-scayt_word=\"una\" data-scaytid=\"154\">una<\/span> <span data-scayt_word=\"demostraci\u00f3n\" data-scaytid=\"155\">demostraci\u00f3n<\/span> de <span data-scayt_word=\"fuerza\" data-scaytid=\"156\">fuerza<\/span> de los <span data-scayt_word=\"sectores\" data-scaytid=\"157\">sectores<\/span> <span data-scayt_word=\"que\" data-scaytid=\"114\">que<\/span> en <span data-scayt_word=\"Catalunya\" data-scaytid=\"115\">Catalunya<\/span><span style=\"mso-spacerun:yes\">\u00a0 <\/span>no <span data-scayt_word=\"apoyan\" data-scaytid=\"180\">apoyan<\/span> la <span data-scayt_word=\"consulta\" data-scaytid=\"181\">consulta<\/span> del <span data-scayt_word=\"9N\" data-scaytid=\"182\">9N<\/span>.<\/span><\/p>\n<p class=\"MsoNormal\" style=\"text-align:justify;line-height:150%\"> \t\u00a0<\/p>\n<p class=\"MsoNormal\" style=\"text-align:justify;line-height:150%\"> \t<span lang=\"ES\" style=\"font-family:Arial;mso-bidi-font-family:Arial;color:black\">&ldquo;La <span data-scayt_word=\"mayor\u00eda\" data-scaytid=\"183\">mayor\u00eda<\/span> de los <span data-scayt_word=\"catalanes\" data-scaytid=\"184\">catalanes<\/span> no <span data-scayt_word=\"quieren\" data-scaytid=\"185\">quieren<\/span> <span data-scayt_word=\"que\" data-scaytid=\"160\">que<\/span> los <span data-scayt_word=\"obliguen\" data-scaytid=\"193\">obliguen<\/span> a <span data-scayt_word=\"escoger\u201d\" data-scaytid=\"194\">escoger&rdquo;<\/span> <span data-scayt_word=\"arranc\u00f3\" data-scaytid=\"195\">arranc\u00f3<\/span> <span data-scayt_word=\"Joaquim\" data-scaytid=\"196\">Joaquim<\/span> <span data-scayt_word=\"Coll\" data-scaytid=\"197\">Coll<\/span>, <span data-scayt_word=\"vicepresidente\" data-scaytid=\"198\">vicepresidente<\/span> de <span data-scayt_word=\"SCC\" data-scaytid=\"167\">SCC<\/span>. A lo <span data-scayt_word=\"que\" data-scaytid=\"161\">que<\/span> la <span data-scayt_word=\"gente\" data-scaytid=\"200\">gente<\/span> <span data-scayt_word=\"respondi\u00f3\" data-scaytid=\"201\">respondi\u00f3<\/span> <span data-scayt_word=\"euf\u00f3rica\" data-scaytid=\"202\">euf\u00f3rica<\/span> <span data-scayt_word=\"\u201cEs\" data-scaytid=\"203\">&ldquo;Es<\/span> <span data-scayt_word=\"Espa\u00f1a\" data-scaytid=\"168\">Espa\u00f1a<\/span>, <span data-scayt_word=\"Catalunya\u201d\" data-scaytid=\"205\">Catalunya&rdquo;<\/span>. <span data-scayt_word=\"As\u00ed\" data-scaytid=\"206\">As\u00ed<\/span> <span data-scayt_word=\"comenzaba\" data-scaytid=\"207\">comenzaba<\/span> el <span data-scayt_word=\"acto\" data-scaytid=\"169\">acto<\/span> en <span data-scayt_word=\"una\" data-scaytid=\"170\">una<\/span> plaza <span data-scayt_word=\"abarrotada\" data-scaytid=\"211\">abarrotada<\/span> de personas de <span data-scayt_word=\"todas\" data-scaytid=\"212\">todas<\/span> <span data-scayt_word=\"las\" data-scaytid=\"213\">las<\/span> <span data-scayt_word=\"edades\" data-scaytid=\"214\">edades<\/span> y <span data-scayt_word=\"procedencias\" data-scaytid=\"215\">procedencias<\/span>, <span data-scayt_word=\"muchas\" data-scaytid=\"216\">muchas<\/span> de <span data-scayt_word=\"ellas\" data-scaytid=\"217\">ellas<\/span> <span data-scayt_word=\"venidas\" data-scaytid=\"218\">venidas<\/span> en los <span data-scayt_word=\"m\u00e1s\" data-scaytid=\"219\">m\u00e1s<\/span> de <span data-scayt_word=\"cien\" data-scaytid=\"220\">cien<\/span> <span data-scayt_word=\"autocares\" data-scaytid=\"221\">autocares<\/span> <span data-scayt_word=\"que\" data-scaytid=\"162\">que<\/span> la <span data-scayt_word=\"organizaci\u00f3n\" data-scaytid=\"172\">organizaci\u00f3n<\/span> <span data-scayt_word=\"flet\u00f3\" data-scaytid=\"223\">flet\u00f3<\/span> <span data-scayt_word=\"desde\" data-scaytid=\"224\">desde<\/span> <span data-scayt_word=\"otras\" data-scaytid=\"225\">otras<\/span> <span data-scayt_word=\"localidades\" data-scaytid=\"226\">localidades<\/span> de la <span data-scayt_word=\"Comunidad\" data-scaytid=\"227\">Comunidad<\/span>. El <span data-scayt_word=\"Ayuntamiento\" data-scaytid=\"228\">Ayuntamiento<\/span> de Barcelona <span data-scayt_word=\"cifr\u00f3\" data-scaytid=\"229\">cifr\u00f3<\/span> en 38 mil los <span data-scayt_word=\"asistentes\" data-scaytid=\"230\">asistentes<\/span> a la <span data-scayt_word=\"concentraci\u00f3n\" data-scaytid=\"231\">concentraci\u00f3n<\/span>, <span data-scayt_word=\"n\u00famero\" data-scaytid=\"233\">n\u00famero<\/span> <span data-scayt_word=\"que\" data-scaytid=\"163\">que<\/span> <span data-scayt_word=\"superar\u00eda\" data-scaytid=\"234\">superar\u00eda<\/span> el del <span data-scayt_word=\"a\u00f1o\" data-scaytid=\"235\">a\u00f1o<\/span> <span data-scayt_word=\"pasado\" data-scaytid=\"236\">pasado<\/span> (30 mil personas, <span data-scayt_word=\"seg\u00fan\" data-scaytid=\"237\">seg\u00fan<\/span> el <span data-scayt_word=\"consistorio\" data-scaytid=\"238\">consistorio<\/span>).<\/span><\/p>\n<p class=\"MsoNormal\" style=\"text-align:justify;line-height:150%\"> \t\u00a0<\/p>\n<p class=\"MsoNormal\" style=\"text-align:justify;line-height:150%\"> \t<span lang=\"ES\" style=\"font-family:Arial;mso-bidi-font-family:Arial;color:black\"><span data-scayt_word=\"Tambi\u00e9n\" data-scaytid=\"239\">Tambi\u00e9n<\/span> se <span data-scayt_word=\"encarg\u00f3\" data-scaytid=\"240\">encarg\u00f3<\/span> la <span data-scayt_word=\"entidad\" data-scaytid=\"241\">entidad<\/span> <span data-scayt_word=\"antisoberanista\" data-scaytid=\"173\">antisoberanista<\/span> de <span data-scayt_word=\"hacer\" data-scaytid=\"243\">hacer<\/span> <span data-scayt_word=\"pancartas\" data-scaytid=\"244\">pancartas<\/span> <span data-scayt_word=\"para\" data-scaytid=\"174\">para<\/span> <span data-scayt_word=\"que\" data-scaytid=\"164\">que<\/span> los <span data-scayt_word=\"manifestantes\" data-scaytid=\"246\">manifestantes<\/span> <span data-scayt_word=\"pudieran\" data-scaytid=\"247\">pudieran<\/span> <span data-scayt_word=\"exhibir\" data-scaytid=\"248\">exhibir<\/span> <span data-scayt_word=\"durante\" data-scaytid=\"249\">durante<\/span> la <span data-scayt_word=\"concentraci\u00f3n\" data-scaytid=\"232\">concentraci\u00f3n<\/span>, con <span data-scayt_word=\"consignas\" data-scaytid=\"250\">consignas<\/span> <span data-scayt_word=\"como\" data-scaytid=\"175\">como<\/span> &ldquo;Un <span data-scayt_word=\"divorci\" data-scaytid=\"252\">divorci<\/span>, mal <span data-scayt_word=\"negoci\u201d\" data-scaytid=\"253\">negoci&rdquo;<\/span> [&ldquo;un <span data-scayt_word=\"divorcio\" data-scaytid=\"254\">divorcio<\/span>, mal <span data-scayt_word=\"negocio\u201d\" data-scaytid=\"255\">negocio&rdquo;<\/span>] o <span data-scayt_word=\"\u201c\u00a1Diada\" data-scaytid=\"257\">&ldquo;\u00a1Diada<\/span> y <span data-scayt_word=\"Bar\u00e7a\" data-scaytid=\"258\">Bar\u00e7a<\/span> de <span data-scayt_word=\"todos\" data-scaytid=\"176\">todos<\/span>!&rdquo;, a la <span data-scayt_word=\"vez\" data-scaytid=\"260\">vez<\/span> <span data-scayt_word=\"que\" data-scaytid=\"165\">que<\/span> ha <span data-scayt_word=\"distribuido\" data-scaytid=\"261\">distribuido<\/span> <span data-scayt_word=\"una\" data-scaytid=\"171\">una<\/span> <span data-scayt_word=\"publicaci\u00f3n\" data-scaytid=\"262\">publicaci\u00f3n<\/span> con <span data-scayt_word=\"art\u00edculos\" data-scaytid=\"263\">art\u00edculos<\/span> <span data-scayt_word=\"que\" data-scaytid=\"166\">que<\/span> <span data-scayt_word=\"explican\" data-scaytid=\"264\">explican<\/span>, <span data-scayt_word=\"por\" data-scaytid=\"177\">por<\/span> <span data-scayt_word=\"ejemplo\" data-scaytid=\"267\">ejemplo<\/span>, &ldquo;los 25 <span data-scayt_word=\"motivos\" data-scaytid=\"268\">motivos<\/span> <span data-scayt_word=\"por\" data-scaytid=\"178\">por<\/span> los <span data-scayt_word=\"cuales\" data-scaytid=\"269\">cuales<\/span> la <span data-scayt_word=\"independencia\" data-scaytid=\"179\">independencia<\/span> <span data-scayt_word=\"es\" data-scaytid=\"271\">es<\/span> un mal <span data-scayt_word=\"negocio\u201d\" data-scaytid=\"256\">negocio&rdquo;<\/span>.<\/span><\/p>\n<p class=\"MsoNormal\" style=\"text-align:justify;line-height:150%\"> \t\u00a0<\/p>\n<p class=\"MsoNormal\" style=\"text-align:justify;line-height:150%\"> \t<span lang=\"ES\" style=\"font-family:Arial;mso-bidi-font-family:Arial;color:black\">La celebraci\u00f3n de la Fiesta <span data-scayt_word=\"Nacional\" data-scaytid=\"364\">Nacional<\/span> de <span data-scayt_word=\"Espa\u00f1a\" data-scaytid=\"365\">Espa\u00f1a<\/span> ha querido ser uno de los puntos cumbres de la campa\u00f1a <span data-scayt_word=\"que\" data-scaytid=\"366\">que<\/span> <span data-scayt_word=\"Societat\" data-scaytid=\"370\">Societat<\/span> Civil <span data-scayt_word=\"Catalana\" data-scaytid=\"371\">Catalana<\/span>, junto a los partidos pol\u00edticos <span data-scayt_word=\"que\" data-scaytid=\"367\">que<\/span> rechazan la <span data-scayt_word=\"consulta\" data-scaytid=\"372\">consulta<\/span>, lleva a cabo a toda marcha <span data-scayt_word=\"desde\" data-scaytid=\"373\">desde<\/span> <span data-scayt_word=\"que\" data-scaytid=\"368\">que<\/span> se presentara oficialmente, el <span data-scayt_word=\"pasado\" data-scaytid=\"374\">pasado<\/span> 23 de abril (<span data-scayt_word=\"D\u00eda\" data-scaytid=\"375\">D\u00eda<\/span> de Sant Jordi). Con la intenci\u00f3n de dar voz a lo <span data-scayt_word=\"que\" data-scaytid=\"369\">que<\/span> ellos denominan &ldquo;la <span data-scayt_word=\"mayor\u00eda\" data-scaytid=\"376\">mayor\u00eda<\/span> silenciosa&rdquo;, la <span data-scayt_word=\"entidad\" data-scaytid=\"377\">entidad<\/span> se ha convertido en la cabecera del movimiento contrario a la <span data-scayt_word=\"independencia\" data-scaytid=\"378\">independencia<\/span> de <span data-scayt_word=\"Catalunya\" data-scaytid=\"379\">Catalunya<\/span> y a la eventual votaci\u00f3n del 9 de noviembre. Pero no est\u00e1n solos, y tampoco lo <span data-scayt_word=\"han\" data-scaytid=\"380\">han<\/span> estado este <span data-scayt_word=\"mediod\u00eda\" data-scaytid=\"381\">mediod\u00eda<\/span> en el centro de Barcelona. <\/span><span lang=\"ES\" style=\"font-family:Arial;color:black\"><span style=\"mso-spacerun:yes\">\u00a0<\/span>La presidenta del Partido Popular de Catalu\u00f1a (PPC), Alicia S\u00e1nchez-Camacho; el l\u00edder de Ciutadans, <strong><span style=\"font-family:Arial;font-weight:normal\">Albert Rivera<\/span><\/strong>, y, entre otros, los dirigentes de UPyD Toni Cant\u00f3 y Ram\u00f3n De Veciana no solo han estado presentes en el acto, sino que ya desde las once de la ma\u00f1ana se han reunido enfrente de la c\u00e9lebre casa de Gaud\u00ed, La Pedrera, para marchar con todos sus militantes por el Paseo de Gr\u00e0cia hasta Plaza Catalunya. Al llegar a la zona central del acto, el PPC ha desplegado una bandera espa\u00f1ola y catalana gigante entre el Paseo de Gr\u00e0cia y Rambla de Catalunya, donde muchos simpatizantes populares portaban camisetas azules con el lema del partido \u00abGente legal\u00bb. Alicia S\u00e1nchez-Camacho ha aprovechado ese momento para pedirle al presidente catal\u00e1n, Artur Mas, que \u00abescuche a la Catalunya que reivindica, este acto es la demostraci\u00f3n de que Barcelona es el coraz\u00f3n de Espa\u00f1a en el 12 de Octubre; es la capital sentimental de Espa\u00f1a\u00bb.<\/span><\/p>\n<p class=\"MsoNormal\" style=\"text-align:justify;line-height:150%\"> \t\u00a0<\/p>\n<p class=\"MsoNormal\" style=\"text-align:justify;line-height:150%\"> \t<span lang=\"ES\" style=\"font-family:Arial;color:black\">La euforia tambi\u00e9n sal\u00eda de las pantallas gigantes ubicadas a ambos lados de la plaza y de los cientos de altavoces que propagaban por las calles centrales de Barcelona el discurso de los representantes de Societat Civil Catalana. Joaquim Coll ha empezado el acto celebrando que &ldquo;somos cientos de miles de personas las que estamos rompiendo el muro de silencio&rdquo; y remarcando, orgulloso, que en la plaza estaba presente &ldquo;esa Catalunya que se siente Espa\u00f1a sin complejos&rdquo;. &ldquo;No tenemos verg\u00fcenza de decir lo que somos: catalanes, espa\u00f1oles y europeos- prosigui\u00f3 el vicepresidente de SCC- y estamos aqu\u00ed para defender una causa: \u00a1libertad!&rdquo; aclam\u00f3, ante los v\u00edtores del p\u00fablico.<\/span><\/p>\n<p class=\"MsoNormal\" style=\"text-align:justify;line-height:150%\"> \t\u00a0<\/p>\n<p class=\"MsoNormal\" style=\"text-align:justify;line-height:150%\"> \t<span lang=\"ES\" style=\"font-family:Arial;color:black\">Como las previsiones meteorol\u00f3gicas- que vaticinaban una feroz tormenta- fallaron completamente y el sol del mediod\u00eda castigaba bastante, muchos de los asistentes recurrieron a los paraguas rojos y amarillos que los organizadores hab\u00edan sugerido traer en caso de chaparr\u00f3n, para hacerse sombra. Esa gran idea permiti\u00f3 seguir escuchando pese al calor las intervenciones de los diferentes miembros de SCC y de lo que ellos denominaron &ldquo;12 voces por la Espa\u00f1a de todos&rdquo;, es decir, <\/span><span lang=\"ES\" style=\"font-family:Arial;mso-bidi-font-family:Arial;color:black\">representantes de la sociedad civil y del mundo de la cultura, contrarios a la independencia de Catalunya, por la casi hora y media que dur\u00f3 el acto. Adem\u00e1s de los respectivos discursos, la plataforma present\u00f3 un documental &ldquo;Junts \u00e9s millor&rdquo; [&ldquo;Juntos es mejor&rdquo;] donde<\/span><span lang=\"ES\" style=\"font-family:Arial;mso-bidi-font-family:Arial;color:#333333\"> <\/span><span lang=\"ES\" style=\"font-family:Arial;mso-bidi-font-family:Arial;color:black\">el exministro socialista <strong><span style=\"font-family:Arial;font-weight:normal\">Josep Borrell<\/span><\/strong>, el catedr\u00e1tico de Econom\u00eda <strong><span style=\"font-family:Arial;font-weight:normal\">Francesc Granell <\/span><\/strong>y el presidente del sal\u00f3n inmobiliario Meeting Point, <strong><span style=\"font-family:Arial;font-weight:normal\">Enric Lacalle<\/span><\/strong>, han hablado sobre los riesgos que, en su opini\u00f3n, supondr\u00eda la separaci\u00f3n de Catalunya. <\/span><\/p>\n<p class=\"MsoNormal\" style=\"text-align:justify;line-height:150%\"> \t\u00a0<\/p>\n<p class=\"MsoNormal\" style=\"text-align:justify;line-height:150%\"> \t<span lang=\"ES\" style=\"font-family:Arial;mso-bidi-font-family:Arial;color:black\">Joaquim Coll insisti\u00f3 en que &ldquo;nosotros no defendemos que Catalunya pertenece a Espa\u00f1a, en un sentido posesivo, sino que Espa\u00f1a pertenece tambi\u00e9n a los catalanes y no vamos a renunciar a ella porque ser\u00eda renunciar a nosotros mismos&rdquo;. La misma opini\u00f3n compart\u00edan muchos de los asistentes al acto en la plaza, como por ejemplo Arturo, de Castelldefels, que reivindicaba que &ldquo;Catalunya es Espa\u00f1a, es de todos, igual que Andaluc\u00eda o Galicia&rdquo;. &ldquo;No podemos dejar que nos roben Catalunya&rdquo; subrayaba este hombre de 50 a\u00f1os que ha venido especialmente a Barcelona para la concentraci\u00f3n.<\/span><\/p>\n<p class=\"MsoNormal\" style=\"text-align:justify;line-height:150%\"> \t\u00a0<\/p>\n<p class=\"MsoNormal\" style=\"text-align:justify;line-height:150%\"> \t<span lang=\"ES\" style=\"font-family:Arial;mso-bidi-font-family:Arial;color:black\">El evento organizado por Societat Civil Catalana cerr\u00f3 con el himno espa\u00f1ol, tras un discurso final del presidente de la entidad, Josep Ramon Bosch, que inst\u00f3 a la Generalitat a frenar un debate que considera &ldquo;dram\u00e1tico&rdquo;. &ldquo;Quieren que partamos nuestro pa\u00eds pero nuestro deseo es que dejemos los debates absurdos para volver a la cordura y la sensatez&rdquo; proclam\u00f3 Bosch, siempre con el respaldo de <\/span><span lang=\"ES\" style=\"font-family:Arial;mso-bidi-font-family:Georgia;color:#333333\">los partidos antisoberanistas, <strong><span style=\"font-family:Arial;font-weight:normal\">PPC, Ciutadans <\/span><\/strong>y <strong><span style=\"font-family:Arial;font-weight:normal\">UPD. <\/span><\/strong><\/span><\/p>\n<p class=\"MsoNormal\" style=\"text-align:justify;line-height:150%\"> \t\u00a0<\/p>\n<p class=\"MsoNormal\" style=\"text-align:justify;line-height:150%\"> \t<strong><span lang=\"ES\" style=\"font-family:Arial;mso-bidi-font-family:Georgia;color:black;font-weight:normal\">Quienes han decidido no participar de la convocatoria, pese a tambi\u00e9n ser contrarios a la consulta del 9N, han sido los socialistas.<\/span><\/strong><span lang=\"ES\" style=\"font-family:Arial;mso-bidi-font-family:Georgia;color:black\"> \u00abNuestro partido no lo ha celebrado nunca y es verdad que, para muchos catalanes, el 12-O no es una fiesta\u00bb, asegur\u00f3 hace unos d\u00edas el primer secretario del PSC, <strong><span style=\"font-family:Arial;font-weight:normal\">Miquel Iceta<\/span><\/strong>. <\/span><\/p>\n<p class=\"MsoNormal\" style=\"text-align:justify;line-height:150%\"> \t\u00a0<\/p>\n<p class=\"MsoNormal\" style=\"text-align:justify;line-height:150%\"> \t<span lang=\"ES\" style=\"font-family:Arial;mso-bidi-font-family:Georgia;color:black\">Por su parte, el movimiento Unitat Contra el Feixisme i el Racisme y la Plataforma Antifeixista, tambi\u00e9n ha congregado a m\u00e1s de 200 personas para salir a la calle al grito<span style=\"mso-spacerun:yes\">\u00a0 <\/span>de \u00ab12 d&#8217;octubre, res a celebrar\u00bb [&ldquo;nada que celebrar&rdquo;]. Los manifestantes han salido de la plaza de Sants y han intentado llegar a la plaza de Espa\u00f1a, donde un cord\u00f3n de la Brigada M\u00f2bil de los Mossos les ha cortado el paso para impedir que se encontraran con la marcha de ultraderecha que, como cada a\u00f1o, ha tenido lugar en Montjuic.<\/span><\/p>\n<p class=\"MsoNormal\" style=\"text-align:justify;line-height:150%\"> \t\u00a0<\/p>\n<p class=\"MsoNormal\" style=\"text-align:justify;line-height:150%\"> \t<span lang=\"ES\" style=\"font-family:Arial;mso-bidi-font-family:Georgia;color:black\">All\u00ed, las cerca de 300 personas<\/span><span lang=\"ES\" style=\"font-family:Georgia;mso-bidi-font-family:Georgia;color:#333333\"> <\/span><span lang=\"ES\" style=\"font-family:Arial;mso-bidi-font-family:Georgia;color:black\">de fuerzas como <strong><span style=\"font-family:Arial;font-weight:normal;mso-bidi-font-weight:bold\">Democracia Nacional, Alianza Nacional, la Falange, Divisi\u00f3n Europa y Nudo Patri\u00f3tico Espa\u00f1ol tambi\u00e9n han querido pronunciarse<\/span><\/strong><\/span><span lang=\"ES\" style=\"font-family:Arial;color:black\"> a favor de la <strong><span style=\"font-family:Arial;font-weight:normal;mso-bidi-font-weight:bold\">unidad de Espa\u00f1a <\/span><\/strong>y contra el independentismo. \u00abLa consulta la reventeramos\u00bb o \u00bb Separatistas, terroristas\u00bb han sido algunas de las consignas proferidas por la extrema derecha durante el mediod\u00eda de este domingo 12 de octubre tan dividido en Barcelona.<\/span><\/p>\n<table class=\"adminlist\">\n<tbody>\n<tr class=\"row1\">\n<td align=\"center\"> \t\t\t\t<span class=\"editlinktip hasTip\">{morfeo 731} <\/span><\/td>\n<td align=\"center\"> \t\t\t\t\u00a0<\/td>\n<\/tr>\n<\/tbody>\n<\/table>\n<p class=\"MsoNormal\" style=\"text-align:justify;line-height:150%\"> \t\u00a0<\/p>\n<p class=\"MsoNormal\" style=\"text-align:justify;line-height:150%\"> \t<span lang=\"ES\" style=\"font-family:Arial;color:black\">\u00a0<\/span><\/p>\n<p class=\"MsoNormal\" style=\"text-align:justify;line-height:150%\"> \t<span lang=\"ES\" style=\"font-family:Arial;color:black\">\u00a0<\/span><\/p>\n","protected":false},"excerpt":{"rendered":"<p>\u00a0 Miles de personas han llenado la Plaza Catalunya en un acto convocado por Societat Civil Catalana con motivo de la Fiesta Nacional del 12 de octubre, para reivindicar &ldquo;una Espa\u00f1a de todos&rdquo; y pronunciarse en contra de la independencia. \u00a0 \u00a0 \u00a0<\/p>","protected":false},"author":1,"featured_media":0,"comment_status":"open","ping_status":"open","sticky":false,"template":"","format":"standard","meta":{"footnotes":""},"categories":[76],"tags":[],"class_list":["post-6114","post","type-post","status-publish","format-standard","hentry","category-barcelona"],"yoast_head":"<!-- This site is optimized with the Yoast SEO plugin v27.5 - https:\/\/yoast.com\/product\/yoast-seo-wordpress\/ -->\n<title>El antisoberanismo celebra a lo grande \u201cla Hispanidad\u201d en Barcelona - Revista Rambla<\/title>\n<meta name=\"robots\" content=\"index, follow, max-snippet:-1, max-image-preview:large, max-video-preview:-1\" \/>\n<link rel=\"canonical\" href=\"https:\/\/www.revistarambla.com\/en\/el-antisoberanismo-celebra-a-lo-grande-la-hispanidad-en-barcelona\/\" \/>\n<meta property=\"og:locale\" content=\"en_GB\" \/>\n<meta property=\"og:type\" content=\"article\" \/>\n<meta property=\"og:title\" content=\"El antisoberanismo celebra a lo grande \u201cla Hispanidad\u201d en Barcelona - Revista Rambla\" \/>\n<meta property=\"og:description\" content=\"\u00a0 Miles de personas han llenado la Plaza Catalunya en un acto convocado por Societat Civil Catalana con motivo de la Fiesta Nacional del 12 de octubre, para reivindicar &ldquo;una Espa\u00f1a de todos&rdquo; y pronunciarse en contra de la independencia. \u00a0 \u00a0 \u00a0\" \/>\n<meta property=\"og:url\" content=\"https:\/\/www.revistarambla.com\/en\/el-antisoberanismo-celebra-a-lo-grande-la-hispanidad-en-barcelona\/\" \/>\n<meta property=\"og:site_name\" content=\"Revista Rambla\" \/>\n<meta property=\"article:publisher\" content=\"https:\/\/www.facebook.com\/revistarambla\/\" \/>\n<meta property=\"article:published_time\" content=\"2014-10-12T15:01:09+00:00\" \/>\n<meta property=\"og:image\" content=\"https:\/\/i2.wp.com\/www.revistarambla.com\/wp-content\/uploads\/2014\/10\/Hespanidad_Rambla_100.jpg?fit=682%2C430&ssl=1\" \/>\n\t<meta property=\"og:image:width\" content=\"682\" \/>\n\t<meta property=\"og:image:height\" content=\"430\" \/>\n\t<meta property=\"og:image:type\" content=\"image\/jpeg\" \/>\n<meta name=\"author\" content=\"admin\" \/>\n<meta name=\"twitter:card\" content=\"summary_large_image\" \/>\n<meta name=\"twitter:creator\" content=\"@revistarambla\" \/>\n<meta name=\"twitter:site\" content=\"@revistarambla\" \/>\n<meta name=\"twitter:label1\" content=\"Written by\" \/>\n\t<meta name=\"twitter:data1\" content=\"admin\" \/>\n\t<meta name=\"twitter:label2\" content=\"Estimated reading time\" \/>\n\t<meta name=\"twitter:data2\" content=\"7 minutes\" \/>\n<script type=\"application\/ld+json\" class=\"yoast-schema-graph\">{\"@context\":\"https:\\\/\\\/schema.org\",\"@graph\":[{\"@type\":\"Article\",\"@id\":\"https:\\\/\\\/www.revistarambla.com\\\/el-antisoberanismo-celebra-a-lo-grande-la-hispanidad-en-barcelona\\\/#article\",\"isPartOf\":{\"@id\":\"https:\\\/\\\/www.revistarambla.com\\\/el-antisoberanismo-celebra-a-lo-grande-la-hispanidad-en-barcelona\\\/\"},\"author\":{\"name\":\"admin\",\"@id\":\"https:\\\/\\\/www.revistarambla.com\\\/#\\\/schema\\\/person\\\/4a5652fc8c82df1f8593002d038cd79e\"},\"headline\":\"El antisoberanismo celebra a lo grande \u201cla Hispanidad\u201d en Barcelona\",\"datePublished\":\"2014-10-12T15:01:09+00:00\",\"mainEntityOfPage\":{\"@id\":\"https:\\\/\\\/www.revistarambla.com\\\/el-antisoberanismo-celebra-a-lo-grande-la-hispanidad-en-barcelona\\\/\"},\"wordCount\":1353,\"commentCount\":0,\"publisher\":{\"@id\":\"https:\\\/\\\/www.revistarambla.com\\\/#organization\"},\"image\":{\"@id\":\"https:\\\/\\\/www.revistarambla.com\\\/el-antisoberanismo-celebra-a-lo-grande-la-hispanidad-en-barcelona\\\/#primaryimage\"},\"thumbnailUrl\":\"https:\\\/\\\/www.revistarambla.com\\\/wp-content\\\/uploads\\\/2014\\\/10\\\/Hespanidad_Rambla_100.jpg\",\"articleSection\":[\"Barcelona\"],\"inLanguage\":\"en-GB\",\"potentialAction\":[{\"@type\":\"CommentAction\",\"name\":\"Comment\",\"target\":[\"https:\\\/\\\/www.revistarambla.com\\\/el-antisoberanismo-celebra-a-lo-grande-la-hispanidad-en-barcelona\\\/#respond\"]}]},{\"@type\":\"WebPage\",\"@id\":\"https:\\\/\\\/www.revistarambla.com\\\/el-antisoberanismo-celebra-a-lo-grande-la-hispanidad-en-barcelona\\\/\",\"url\":\"https:\\\/\\\/www.revistarambla.com\\\/el-antisoberanismo-celebra-a-lo-grande-la-hispanidad-en-barcelona\\\/\",\"name\":\"El antisoberanismo celebra a lo grande \u201cla Hispanidad\u201d en Barcelona - Revista Rambla\",\"isPartOf\":{\"@id\":\"https:\\\/\\\/www.revistarambla.com\\\/#website\"},\"primaryImageOfPage\":{\"@id\":\"https:\\\/\\\/www.revistarambla.com\\\/el-antisoberanismo-celebra-a-lo-grande-la-hispanidad-en-barcelona\\\/#primaryimage\"},\"image\":{\"@id\":\"https:\\\/\\\/www.revistarambla.com\\\/el-antisoberanismo-celebra-a-lo-grande-la-hispanidad-en-barcelona\\\/#primaryimage\"},\"thumbnailUrl\":\"https:\\\/\\\/www.revistarambla.com\\\/wp-content\\\/uploads\\\/2014\\\/10\\\/Hespanidad_Rambla_100.jpg\",\"datePublished\":\"2014-10-12T15:01:09+00:00\",\"breadcrumb\":{\"@id\":\"https:\\\/\\\/www.revistarambla.com\\\/el-antisoberanismo-celebra-a-lo-grande-la-hispanidad-en-barcelona\\\/#breadcrumb\"},\"inLanguage\":\"en-GB\",\"potentialAction\":[{\"@type\":\"ReadAction\",\"target\":[\"https:\\\/\\\/www.revistarambla.com\\\/el-antisoberanismo-celebra-a-lo-grande-la-hispanidad-en-barcelona\\\/\"]}]},{\"@type\":\"ImageObject\",\"inLanguage\":\"en-GB\",\"@id\":\"https:\\\/\\\/www.revistarambla.com\\\/el-antisoberanismo-celebra-a-lo-grande-la-hispanidad-en-barcelona\\\/#primaryimage\",\"url\":\"https:\\\/\\\/www.revistarambla.com\\\/wp-content\\\/uploads\\\/2014\\\/10\\\/Hespanidad_Rambla_100.jpg\",\"contentUrl\":\"https:\\\/\\\/www.revistarambla.com\\\/wp-content\\\/uploads\\\/2014\\\/10\\\/Hespanidad_Rambla_100.jpg\"},{\"@type\":\"BreadcrumbList\",\"@id\":\"https:\\\/\\\/www.revistarambla.com\\\/el-antisoberanismo-celebra-a-lo-grande-la-hispanidad-en-barcelona\\\/#breadcrumb\",\"itemListElement\":[{\"@type\":\"ListItem\",\"position\":1,\"name\":\"Portada\",\"item\":\"https:\\\/\\\/www.revistarambla.com\\\/\"},{\"@type\":\"ListItem\",\"position\":2,\"name\":\"El antisoberanismo celebra a lo grande \u201cla Hispanidad\u201d en Barcelona\"}]},{\"@type\":\"WebSite\",\"@id\":\"https:\\\/\\\/www.revistarambla.com\\\/#website\",\"url\":\"https:\\\/\\\/www.revistarambla.com\\\/\",\"name\":\"Revista Rambla Barcelona\",\"description\":\"Periodismo independiente\",\"publisher\":{\"@id\":\"https:\\\/\\\/www.revistarambla.com\\\/#organization\"},\"potentialAction\":[{\"@type\":\"SearchAction\",\"target\":{\"@type\":\"EntryPoint\",\"urlTemplate\":\"https:\\\/\\\/www.revistarambla.com\\\/?s={search_term_string}\"},\"query-input\":{\"@type\":\"PropertyValueSpecification\",\"valueRequired\":true,\"valueName\":\"search_term_string\"}}],\"inLanguage\":\"en-GB\"},{\"@type\":\"Organization\",\"@id\":\"https:\\\/\\\/www.revistarambla.com\\\/#organization\",\"name\":\"Revista Rambla\",\"url\":\"https:\\\/\\\/www.revistarambla.com\\\/\",\"logo\":{\"@type\":\"ImageObject\",\"inLanguage\":\"en-GB\",\"@id\":\"https:\\\/\\\/www.revistarambla.com\\\/#\\\/schema\\\/logo\\\/image\\\/\",\"url\":\"https:\\\/\\\/www.revistarambla.com\\\/wp-content\\\/uploads\\\/2020\\\/09\\\/banner_rambla_1900x600_BB.png\",\"contentUrl\":\"https:\\\/\\\/www.revistarambla.com\\\/wp-content\\\/uploads\\\/2020\\\/09\\\/banner_rambla_1900x600_BB.png\",\"width\":1900,\"height\":600,\"caption\":\"Revista Rambla\"},\"image\":{\"@id\":\"https:\\\/\\\/www.revistarambla.com\\\/#\\\/schema\\\/logo\\\/image\\\/\"},\"sameAs\":[\"https:\\\/\\\/www.facebook.com\\\/revistarambla\\\/\",\"https:\\\/\\\/x.com\\\/revistarambla\",\"https:\\\/\\\/www.instagram.com\\\/revista_rambla\",\"https:\\\/\\\/es.linkedin.com\\\/company\\\/revista-rambla\"]},{\"@type\":\"Person\",\"@id\":\"https:\\\/\\\/www.revistarambla.com\\\/#\\\/schema\\\/person\\\/4a5652fc8c82df1f8593002d038cd79e\",\"name\":\"admin\"}]}<\/script>\n<!-- \/ Yoast SEO plugin. -->","yoast_head_json":{"title":"El antisoberanismo celebra a lo grande \u201cla Hispanidad\u201d en Barcelona - Revista Rambla","robots":{"index":"index","follow":"follow","max-snippet":"max-snippet:-1","max-image-preview":"max-image-preview:large","max-video-preview":"max-video-preview:-1"},"canonical":"https:\/\/www.revistarambla.com\/en\/el-antisoberanismo-celebra-a-lo-grande-la-hispanidad-en-barcelona\/","og_locale":"en_GB","og_type":"article","og_title":"El antisoberanismo celebra a lo grande \u201cla Hispanidad\u201d en Barcelona - Revista Rambla","og_description":"\u00a0 Miles de personas han llenado la Plaza Catalunya en un acto convocado por Societat Civil Catalana con motivo de la Fiesta Nacional del 12 de octubre, para reivindicar &ldquo;una Espa\u00f1a de todos&rdquo; y pronunciarse en contra de la independencia. \u00a0 \u00a0 \u00a0","og_url":"https:\/\/www.revistarambla.com\/en\/el-antisoberanismo-celebra-a-lo-grande-la-hispanidad-en-barcelona\/","og_site_name":"Revista Rambla","article_publisher":"https:\/\/www.facebook.com\/revistarambla\/","article_published_time":"2014-10-12T15:01:09+00:00","og_image":[{"width":682,"height":430,"url":"https:\/\/i2.wp.com\/www.revistarambla.com\/wp-content\/uploads\/2014\/10\/Hespanidad_Rambla_100.jpg?fit=682%2C430&ssl=1","type":"image\/jpeg"}],"author":"admin","twitter_card":"summary_large_image","twitter_creator":"@revistarambla","twitter_site":"@revistarambla","twitter_misc":{"Written by":"admin","Estimated reading time":"7 minutes"},"schema":{"@context":"https:\/\/schema.org","@graph":[{"@type":"Article","@id":"https:\/\/www.revistarambla.com\/el-antisoberanismo-celebra-a-lo-grande-la-hispanidad-en-barcelona\/#article","isPartOf":{"@id":"https:\/\/www.revistarambla.com\/el-antisoberanismo-celebra-a-lo-grande-la-hispanidad-en-barcelona\/"},"author":{"name":"admin","@id":"https:\/\/www.revistarambla.com\/#\/schema\/person\/4a5652fc8c82df1f8593002d038cd79e"},"headline":"El antisoberanismo celebra a lo grande \u201cla Hispanidad\u201d en Barcelona","datePublished":"2014-10-12T15:01:09+00:00","mainEntityOfPage":{"@id":"https:\/\/www.revistarambla.com\/el-antisoberanismo-celebra-a-lo-grande-la-hispanidad-en-barcelona\/"},"wordCount":1353,"commentCount":0,"publisher":{"@id":"https:\/\/www.revistarambla.com\/#organization"},"image":{"@id":"https:\/\/www.revistarambla.com\/el-antisoberanismo-celebra-a-lo-grande-la-hispanidad-en-barcelona\/#primaryimage"},"thumbnailUrl":"https:\/\/www.revistarambla.com\/wp-content\/uploads\/2014\/10\/Hespanidad_Rambla_100.jpg","articleSection":["Barcelona"],"inLanguage":"en-GB","potentialAction":[{"@type":"CommentAction","name":"Comment","target":["https:\/\/www.revistarambla.com\/el-antisoberanismo-celebra-a-lo-grande-la-hispanidad-en-barcelona\/#respond"]}]},{"@type":"WebPage","@id":"https:\/\/www.revistarambla.com\/el-antisoberanismo-celebra-a-lo-grande-la-hispanidad-en-barcelona\/","url":"https:\/\/www.revistarambla.com\/el-antisoberanismo-celebra-a-lo-grande-la-hispanidad-en-barcelona\/","name":"El antisoberanismo celebra a lo grande \u201cla Hispanidad\u201d en Barcelona - Revista Rambla","isPartOf":{"@id":"https:\/\/www.revistarambla.com\/#website"},"primaryImageOfPage":{"@id":"https:\/\/www.revistarambla.com\/el-antisoberanismo-celebra-a-lo-grande-la-hispanidad-en-barcelona\/#primaryimage"},"image":{"@id":"https:\/\/www.revistarambla.com\/el-antisoberanismo-celebra-a-lo-grande-la-hispanidad-en-barcelona\/#primaryimage"},"thumbnailUrl":"https:\/\/www.revistarambla.com\/wp-content\/uploads\/2014\/10\/Hespanidad_Rambla_100.jpg","datePublished":"2014-10-12T15:01:09+00:00","breadcrumb":{"@id":"https:\/\/www.revistarambla.com\/el-antisoberanismo-celebra-a-lo-grande-la-hispanidad-en-barcelona\/#breadcrumb"},"inLanguage":"en-GB","potentialAction":[{"@type":"ReadAction","target":["https:\/\/www.revistarambla.com\/el-antisoberanismo-celebra-a-lo-grande-la-hispanidad-en-barcelona\/"]}]},{"@type":"ImageObject","inLanguage":"en-GB","@id":"https:\/\/www.revistarambla.com\/el-antisoberanismo-celebra-a-lo-grande-la-hispanidad-en-barcelona\/#primaryimage","url":"https:\/\/www.revistarambla.com\/wp-content\/uploads\/2014\/10\/Hespanidad_Rambla_100.jpg","contentUrl":"https:\/\/www.revistarambla.com\/wp-content\/uploads\/2014\/10\/Hespanidad_Rambla_100.jpg"},{"@type":"BreadcrumbList","@id":"https:\/\/www.revistarambla.com\/el-antisoberanismo-celebra-a-lo-grande-la-hispanidad-en-barcelona\/#breadcrumb","itemListElement":[{"@type":"ListItem","position":1,"name":"Portada","item":"https:\/\/www.revistarambla.com\/"},{"@type":"ListItem","position":2,"name":"El antisoberanismo celebra a lo grande \u201cla Hispanidad\u201d en Barcelona"}]},{"@type":"WebSite","@id":"https:\/\/www.revistarambla.com\/#website","url":"https:\/\/www.revistarambla.com\/","name":"Revista Rambla Barcelona","description":"Periodismo independiente","publisher":{"@id":"https:\/\/www.revistarambla.com\/#organization"},"potentialAction":[{"@type":"SearchAction","target":{"@type":"EntryPoint","urlTemplate":"https:\/\/www.revistarambla.com\/?s={search_term_string}"},"query-input":{"@type":"PropertyValueSpecification","valueRequired":true,"valueName":"search_term_string"}}],"inLanguage":"en-GB"},{"@type":"Organization","@id":"https:\/\/www.revistarambla.com\/#organization","name":"Revista Rambla","url":"https:\/\/www.revistarambla.com\/","logo":{"@type":"ImageObject","inLanguage":"en-GB","@id":"https:\/\/www.revistarambla.com\/#\/schema\/logo\/image\/","url":"https:\/\/www.revistarambla.com\/wp-content\/uploads\/2020\/09\/banner_rambla_1900x600_BB.png","contentUrl":"https:\/\/www.revistarambla.com\/wp-content\/uploads\/2020\/09\/banner_rambla_1900x600_BB.png","width":1900,"height":600,"caption":"Revista Rambla"},"image":{"@id":"https:\/\/www.revistarambla.com\/#\/schema\/logo\/image\/"},"sameAs":["https:\/\/www.facebook.com\/revistarambla\/","https:\/\/x.com\/revistarambla","https:\/\/www.instagram.com\/revista_rambla","https:\/\/es.linkedin.com\/company\/revista-rambla"]},{"@type":"Person","@id":"https:\/\/www.revistarambla.com\/#\/schema\/person\/4a5652fc8c82df1f8593002d038cd79e","name":"admin"}]}},"_links":{"self":[{"href":"https:\/\/www.revistarambla.com\/en\/wp-json\/wp\/v2\/posts\/6114","targetHints":{"allow":["GET"]}}],"collection":[{"href":"https:\/\/www.revistarambla.com\/en\/wp-json\/wp\/v2\/posts"}],"about":[{"href":"https:\/\/www.revistarambla.com\/en\/wp-json\/wp\/v2\/types\/post"}],"author":[{"embeddable":true,"href":"https:\/\/www.revistarambla.com\/en\/wp-json\/wp\/v2\/users\/1"}],"replies":[{"embeddable":true,"href":"https:\/\/www.revistarambla.com\/en\/wp-json\/wp\/v2\/comments?post=6114"}],"version-history":[{"count":0,"href":"https:\/\/www.revistarambla.com\/en\/wp-json\/wp\/v2\/posts\/6114\/revisions"}],"wp:attachment":[{"href":"https:\/\/www.revistarambla.com\/en\/wp-json\/wp\/v2\/media?parent=6114"}],"wp:term":[{"taxonomy":"category","embeddable":true,"href":"https:\/\/www.revistarambla.com\/en\/wp-json\/wp\/v2\/categories?post=6114"},{"taxonomy":"post_tag","embeddable":true,"href":"https:\/\/www.revistarambla.com\/en\/wp-json\/wp\/v2\/tags?post=6114"}],"curies":[{"name":"wp","href":"https:\/\/api.w.org\/{rel}","templated":true}]}}