{"id":61052,"date":"2024-06-12T13:57:35","date_gmt":"2024-06-12T11:57:35","guid":{"rendered":"https:\/\/www.revistarambla.com\/?p=61052"},"modified":"2024-06-12T13:57:35","modified_gmt":"2024-06-12T11:57:35","slug":"silvia-perez-cruz-una-voz-y-un-universo-en-el-grec-2024-festival-de-barcelona","status":"publish","type":"post","link":"https:\/\/www.revistarambla.com\/en\/silvia-perez-cruz-una-voz-y-un-universo-en-el-grec-2024-festival-de-barcelona\/","title":{"rendered":"S\u00edlvia P\u00e9rez Cruz: una voz y un universo en el Grec 2024 Festival de Barcelona"},"content":{"rendered":"<p>\u00bfTienes ya tus entradas en la cartera o en el m\u00f3vil? El Grec 2024 empieza oficialmente el 26 de junio con Circular, el concierto de <a href=\"https:\/\/www.revistarambla.com\/en\/un-grec-con-nombre-de-mujer\/\">S\u00edlvia P\u00e9rez Cruz<\/a> <!--more-->(en la foto) para el cual no queda ni una entrada. Y no solo no hay entradas para el primer d\u00eda, sino tampoco para los conciertos de los d\u00edas 27 y 28 de junio. Antes de empezar, ya hay unos cuantos espect\u00e1culos que, como el de la cantante de Palafrugell, han agotado las localidades, as\u00ed que apres\u00farate a comprar las de los espect\u00e1culos que no te quieres perder. La gran fiesta veraniega y barcelonesa de las artes vivas empieza mi\u00e9rcoles, 26 de junio y continuar\u00e1 hasta el domingo, 4 de agosto.<\/p>\n<p>Con Circular, S\u00edlvia P\u00e9rez Cruz hace una nueva parada en una gira de conciertos que, en cada ocasi\u00f3n, llevan al escenario a un buen n\u00famero de amigos, amigas y talentos afines diferentes. Hay m\u00fasicos y <a href=\"https:\/\/www.revistarambla.com\/en\/cultura\/musica\/\">m\u00fasicas<\/a>, pero tambi\u00e9n c\u00f3mplices de P\u00e9rez Cruz procedentes de las artes m\u00e1s diversas. Lo veremos en el Grec Festival de <a href=\"https:\/\/www.revistarambla.com\/en\/actualidad\/barcelona\/\">Barcelona<\/a> (y en unas semanas m\u00e1s, en la clausura del Festival de Avi\u00f1\u00f3n, interpretando los temas del disco Toda la vida, un d\u00eda) en unas veladas especial\u00edsimas durante las cuales grand\u00edsimas figuras de la interpretaci\u00f3n musical pondr\u00e1n sus talentos al servicio de la artista formando unos coros como no hab\u00edas o\u00eddo antes.<\/p>\n<p>Recuerda que, pese a que los conciertos de S\u00edlvia P\u00e9rez Cruz ya hayan agotado las entradas, ella es el centro de un Universo S\u00edlvia P\u00e9rez Cruz que lleva a La Paloma los d\u00edas 1 y 3 de julio a nuevas voces que han trabajado con la artista y a una rueda de artistas flamencos que ha elegido ella misma. El Universo S\u00edlvia P\u00e9rez Cruz contin\u00faa en el Jamboree, donde tanto podr\u00e1s escuchar a artistas que utilizan lenguajes nuevos o son nuevas voces del panorama musical (d\u00edas 4 y 5 de julio) como otras que llevan media vida cantando con la artista, como Carme Canela y Celeste Al\u00edas.<\/p>\n<p>Algunos de los c\u00f3mplices art\u00edsticos de P\u00e9rez Cruz (Rita Pay\u00e9s, en el Teatre Grec el d\u00eda 17), tienen conciertos propios\u2026 o montajes teatrales como por ejemplo Poeta en Nueva York, una creaci\u00f3n de Carlos Marquerie, amigo y colaborador de P\u00e9rez Cruz, que ha agotado las localidades en el Mercat de les Flors para ver el montaje que protagoniza el Ni\u00f1o de Elche.<\/p>\n<p>No son los \u00fanicos que han agotado las entradas en un Grec que ha vendido todas las localidades para dos de los espect\u00e1culos, \u00edntimos y deliciosos, que presenta Xavier Bob\u00e9s (El cap als n\u00favols y Cosas que se olvidan f\u00e1cilmente; d\u00edas 29 y 30 y del 29 al 7 de julio; con los int\u00e9rpretes Marc Guill\u00e9n y Francesco Sinopol en el Teatre Lliure), pero tambi\u00e9n para ver a La Veronal (Sonoma; d\u00edas 6 y 7 de julio en el Teatre Grec) o el cantautor Pau Vallv\u00e9 (8 de julio; Teatre Grec). Lo mismo te decimos si penabas ver D\u00c4MON. El funeral de Bergman, de Ang\u00e9lica Liddell, que ha vendido todas las entradas, tanto para la funci\u00f3n del d\u00eda 20 como para la del d\u00eda 21.<\/p>\n<h2>Entradas a\u00fan a la venta para el Grec 2024<\/h2>\n<p>No te desanimes, pues otros muchos y muy buenos espect\u00e1culos a\u00fan tienen entradas a la venta. Entre los que se empiezan a anunciar esta semana y que se estrenar\u00e1n pr\u00f3ximamente, propuestas como los espect\u00e1culos ya mencionados de Xavier Bob\u00e9s, a los que se suma Tumbalafusta (6 y 7 de julio en el Teatre Lliure Montju\u00efc; con Alberto D\u00edaz y Sergi Torrecilla, de La Ruta 40); la reflexi\u00f3n sobre el \u201ccolonialismo\u201d espacial del futuro que aplican AzkonaToloza a Cuerpos celestes (del 10 al 12 de julio; CCCB) o espect\u00e1culos como las dos grandes propuestas que llevan al Centre de les Arts Lliures de la Fundaci\u00f3 Joan Brossa la creadora Cris Blanco (Peque\u00f1o c\u00famulos de abismos; del 4 al 7 de julio) y Guillem Alb\u00e0 con Andrea Jim\u00e9nez (Tota aquesta por que ara tinc, del 18 al 28 de julio).<\/p>\n<p>Entre otros, en los pr\u00f3ximos d\u00edas te hablar\u00e1n tambi\u00e9n sobre espect\u00e1culos como El misantrop, de Moli\u00e8re, en versi\u00f3n libre y con mucho rap, dirigida por David Selvas o como La gran noche de Dagoll Dagom. 50 a\u00f1os de emociones, 50 a\u00f1os de canciones, en la cual asistir\u00e1s a la despedida de los escenarios de la m\u00edtica formaci\u00f3n cincuenta a\u00f1os despu\u00e9s.<\/p>\n<p>Una versi\u00f3n especial\u00edsima de Tirant lo Blanc a cargo de M\u00e0rius Serra i Joan Arqu\u00e9 (Teatre Romea; del 26 de junio al 4 de agosto); Malamort, lo m\u00e1s nuevo de Daniela Feixas (Sala Beckett; del 26 de junio al 28 de julio), The second woman, con Mar\u00eda Herv\u00e1s en el Teatre Lliure Montju\u00efc (del 6 al 7 de julio; veinticuatro horas de representaci\u00f3n) o un gran nombre del <a href=\"https:\/\/www.revistarambla.com\/en\/cultura\/teatro\/\">teatro<\/a> europeo que llega desde Polonia, Krzysztof Warlikowski, y su visi\u00f3n del personaje de J.M. Coetze Elizabeth Costello (en el TNC, 6 y 7 de julio) son \u00fanicamente algunas de las muchas obras que no deber\u00edas perderte de ninguna forma.<\/p>\n<p>Si quieres disfrutar de los primeros espect\u00e1culos del Grec Festival de Barcelona, empieza a consultar la programaci\u00f3n, pues hay muchos grandes espect\u00e1culos a punto de empezar. \u00bfTienes tu entrada? La encontrar\u00e1s en la web del Grec 2024 Festival de Barcelona.<\/p>","protected":false},"excerpt":{"rendered":"<p>\u00bfTienes ya tus entradas en la cartera o en el m\u00f3vil? El Grec 2024 empieza oficialmente el 26 de junio con Circular, el concierto de S\u00edlvia P\u00e9rez Cruz<\/p>","protected":false},"author":3,"featured_media":61053,"comment_status":"closed","ping_status":"closed","sticky":false,"template":"","format":"standard","meta":{"footnotes":""},"categories":[4103],"tags":[],"class_list":["post-61052","post","type-post","status-publish","format-standard","has-post-thumbnail","hentry","category-mas-barcelona"],"yoast_head":"<!-- This site is optimized with the Yoast SEO plugin v27.5 - https:\/\/yoast.com\/product\/yoast-seo-wordpress\/ -->\n<title>S\u00edlvia P\u00e9rez Cruz: una voz en el Grec 2024 Festival de Barcelona<\/title>\n<meta name=\"description\" content=\"El Grec 2024 empieza oficialmente el 26 de junio con Circular, el concierto de S\u00edlvia P\u00e9rez Cruz, para el cual no queda ni una entrada.\" \/>\n<meta name=\"robots\" content=\"index, follow, max-snippet:-1, max-image-preview:large, max-video-preview:-1\" \/>\n<link rel=\"canonical\" href=\"https:\/\/www.revistarambla.com\/en\/silvia-perez-cruz-una-voz-y-un-universo-en-el-grec-2024-festival-de-barcelona\/\" \/>\n<meta property=\"og:locale\" content=\"en_GB\" \/>\n<meta property=\"og:type\" content=\"article\" \/>\n<meta property=\"og:title\" content=\"S\u00edlvia P\u00e9rez Cruz: una voz en el Grec 2024 Festival de Barcelona\" \/>\n<meta property=\"og:description\" content=\"El Grec 2024 empieza oficialmente el 26 de junio con Circular, el concierto de S\u00edlvia P\u00e9rez Cruz, para el cual no queda ni una entrada.\" \/>\n<meta property=\"og:url\" content=\"https:\/\/www.revistarambla.com\/en\/silvia-perez-cruz-una-voz-y-un-universo-en-el-grec-2024-festival-de-barcelona\/\" \/>\n<meta property=\"og:site_name\" content=\"Revista Rambla\" \/>\n<meta property=\"article:publisher\" content=\"https:\/\/www.facebook.com\/revistarambla\/\" \/>\n<meta property=\"article:author\" content=\"https:\/\/www.facebook.com\/revistarambla\" \/>\n<meta property=\"article:published_time\" content=\"2024-06-12T11:57:35+00:00\" \/>\n<meta property=\"og:image\" content=\"https:\/\/www.revistarambla.com\/wp-content\/uploads\/2024\/06\/Screenshot-2024-06-12-at-13-56-13-Silvia-Perez-Cruz-una-voz-y-un-universo-en-el-Grec-2024-Festival-de-Barcelona-Barcelona-Cultura.jpg\" \/>\n\t<meta property=\"og:image:width\" content=\"930\" \/>\n\t<meta property=\"og:image:height\" content=\"523\" \/>\n\t<meta property=\"og:image:type\" content=\"image\/jpeg\" \/>\n<meta name=\"author\" content=\"R@mbla\" \/>\n<meta name=\"twitter:card\" content=\"summary_large_image\" \/>\n<meta name=\"twitter:creator\" content=\"@revistarambla\" \/>\n<meta name=\"twitter:site\" content=\"@revistarambla\" \/>\n<meta name=\"twitter:label1\" content=\"Written by\" \/>\n\t<meta name=\"twitter:data1\" content=\"R@mbla\" \/>\n\t<meta name=\"twitter:label2\" content=\"Estimated reading time\" \/>\n\t<meta name=\"twitter:data2\" content=\"5 minutes\" \/>\n<script type=\"application\/ld+json\" class=\"yoast-schema-graph\">{\"@context\":\"https:\\\/\\\/schema.org\",\"@graph\":[{\"@type\":\"Article\",\"@id\":\"https:\\\/\\\/www.revistarambla.com\\\/silvia-perez-cruz-una-voz-y-un-universo-en-el-grec-2024-festival-de-barcelona\\\/#article\",\"isPartOf\":{\"@id\":\"https:\\\/\\\/www.revistarambla.com\\\/silvia-perez-cruz-una-voz-y-un-universo-en-el-grec-2024-festival-de-barcelona\\\/\"},\"author\":{\"name\":\"R@mbla\",\"@id\":\"https:\\\/\\\/www.revistarambla.com\\\/#\\\/schema\\\/person\\\/a146a5a2550b94981a75131180e1bd9c\"},\"headline\":\"S\u00edlvia P\u00e9rez Cruz: una voz y un universo en el Grec 2024 Festival de Barcelona\",\"datePublished\":\"2024-06-12T11:57:35+00:00\",\"mainEntityOfPage\":{\"@id\":\"https:\\\/\\\/www.revistarambla.com\\\/silvia-perez-cruz-una-voz-y-un-universo-en-el-grec-2024-festival-de-barcelona\\\/\"},\"wordCount\":954,\"publisher\":{\"@id\":\"https:\\\/\\\/www.revistarambla.com\\\/#organization\"},\"image\":{\"@id\":\"https:\\\/\\\/www.revistarambla.com\\\/silvia-perez-cruz-una-voz-y-un-universo-en-el-grec-2024-festival-de-barcelona\\\/#primaryimage\"},\"thumbnailUrl\":\"https:\\\/\\\/www.revistarambla.com\\\/wp-content\\\/uploads\\\/2024\\\/06\\\/Screenshot-2024-06-12-at-13-56-13-Silvia-Perez-Cruz-una-voz-y-un-universo-en-el-Grec-2024-Festival-de-Barcelona-Barcelona-Cultura.jpg\",\"articleSection\":[\"M\u00e1s Barcelona\"],\"inLanguage\":\"en-GB\"},{\"@type\":\"WebPage\",\"@id\":\"https:\\\/\\\/www.revistarambla.com\\\/silvia-perez-cruz-una-voz-y-un-universo-en-el-grec-2024-festival-de-barcelona\\\/\",\"url\":\"https:\\\/\\\/www.revistarambla.com\\\/silvia-perez-cruz-una-voz-y-un-universo-en-el-grec-2024-festival-de-barcelona\\\/\",\"name\":\"S\u00edlvia P\u00e9rez Cruz: una voz en el Grec 2024 Festival de Barcelona\",\"isPartOf\":{\"@id\":\"https:\\\/\\\/www.revistarambla.com\\\/#website\"},\"primaryImageOfPage\":{\"@id\":\"https:\\\/\\\/www.revistarambla.com\\\/silvia-perez-cruz-una-voz-y-un-universo-en-el-grec-2024-festival-de-barcelona\\\/#primaryimage\"},\"image\":{\"@id\":\"https:\\\/\\\/www.revistarambla.com\\\/silvia-perez-cruz-una-voz-y-un-universo-en-el-grec-2024-festival-de-barcelona\\\/#primaryimage\"},\"thumbnailUrl\":\"https:\\\/\\\/www.revistarambla.com\\\/wp-content\\\/uploads\\\/2024\\\/06\\\/Screenshot-2024-06-12-at-13-56-13-Silvia-Perez-Cruz-una-voz-y-un-universo-en-el-Grec-2024-Festival-de-Barcelona-Barcelona-Cultura.jpg\",\"datePublished\":\"2024-06-12T11:57:35+00:00\",\"description\":\"El Grec 2024 empieza oficialmente el 26 de junio con Circular, el concierto de S\u00edlvia P\u00e9rez Cruz, para el cual no queda ni una entrada.\",\"breadcrumb\":{\"@id\":\"https:\\\/\\\/www.revistarambla.com\\\/silvia-perez-cruz-una-voz-y-un-universo-en-el-grec-2024-festival-de-barcelona\\\/#breadcrumb\"},\"inLanguage\":\"en-GB\",\"potentialAction\":[{\"@type\":\"ReadAction\",\"target\":[\"https:\\\/\\\/www.revistarambla.com\\\/silvia-perez-cruz-una-voz-y-un-universo-en-el-grec-2024-festival-de-barcelona\\\/\"]}]},{\"@type\":\"ImageObject\",\"inLanguage\":\"en-GB\",\"@id\":\"https:\\\/\\\/www.revistarambla.com\\\/silvia-perez-cruz-una-voz-y-un-universo-en-el-grec-2024-festival-de-barcelona\\\/#primaryimage\",\"url\":\"https:\\\/\\\/www.revistarambla.com\\\/wp-content\\\/uploads\\\/2024\\\/06\\\/Screenshot-2024-06-12-at-13-56-13-Silvia-Perez-Cruz-una-voz-y-un-universo-en-el-Grec-2024-Festival-de-Barcelona-Barcelona-Cultura.jpg\",\"contentUrl\":\"https:\\\/\\\/www.revistarambla.com\\\/wp-content\\\/uploads\\\/2024\\\/06\\\/Screenshot-2024-06-12-at-13-56-13-Silvia-Perez-Cruz-una-voz-y-un-universo-en-el-Grec-2024-Festival-de-Barcelona-Barcelona-Cultura.jpg\",\"width\":930,\"height\":523,\"caption\":\"S\u00edlvia P\u00e9rez Cruz: una voz y un universo en el Grec 2024 Festival de Barcelona\"},{\"@type\":\"BreadcrumbList\",\"@id\":\"https:\\\/\\\/www.revistarambla.com\\\/silvia-perez-cruz-una-voz-y-un-universo-en-el-grec-2024-festival-de-barcelona\\\/#breadcrumb\",\"itemListElement\":[{\"@type\":\"ListItem\",\"position\":1,\"name\":\"Portada\",\"item\":\"https:\\\/\\\/www.revistarambla.com\\\/\"},{\"@type\":\"ListItem\",\"position\":2,\"name\":\"S\u00edlvia P\u00e9rez Cruz: una voz y un universo en el Grec 2024 Festival de Barcelona\"}]},{\"@type\":\"WebSite\",\"@id\":\"https:\\\/\\\/www.revistarambla.com\\\/#website\",\"url\":\"https:\\\/\\\/www.revistarambla.com\\\/\",\"name\":\"Revista Rambla Barcelona\",\"description\":\"Periodismo independiente\",\"publisher\":{\"@id\":\"https:\\\/\\\/www.revistarambla.com\\\/#organization\"},\"potentialAction\":[{\"@type\":\"SearchAction\",\"target\":{\"@type\":\"EntryPoint\",\"urlTemplate\":\"https:\\\/\\\/www.revistarambla.com\\\/?s={search_term_string}\"},\"query-input\":{\"@type\":\"PropertyValueSpecification\",\"valueRequired\":true,\"valueName\":\"search_term_string\"}}],\"inLanguage\":\"en-GB\"},{\"@type\":\"Organization\",\"@id\":\"https:\\\/\\\/www.revistarambla.com\\\/#organization\",\"name\":\"Revista Rambla\",\"url\":\"https:\\\/\\\/www.revistarambla.com\\\/\",\"logo\":{\"@type\":\"ImageObject\",\"inLanguage\":\"en-GB\",\"@id\":\"https:\\\/\\\/www.revistarambla.com\\\/#\\\/schema\\\/logo\\\/image\\\/\",\"url\":\"https:\\\/\\\/www.revistarambla.com\\\/wp-content\\\/uploads\\\/2020\\\/09\\\/banner_rambla_1900x600_BB.png\",\"contentUrl\":\"https:\\\/\\\/www.revistarambla.com\\\/wp-content\\\/uploads\\\/2020\\\/09\\\/banner_rambla_1900x600_BB.png\",\"width\":1900,\"height\":600,\"caption\":\"Revista Rambla\"},\"image\":{\"@id\":\"https:\\\/\\\/www.revistarambla.com\\\/#\\\/schema\\\/logo\\\/image\\\/\"},\"sameAs\":[\"https:\\\/\\\/www.facebook.com\\\/revistarambla\\\/\",\"https:\\\/\\\/x.com\\\/revistarambla\",\"https:\\\/\\\/www.instagram.com\\\/revista_rambla\",\"https:\\\/\\\/es.linkedin.com\\\/company\\\/revista-rambla\"]},{\"@type\":\"Person\",\"@id\":\"https:\\\/\\\/www.revistarambla.com\\\/#\\\/schema\\\/person\\\/a146a5a2550b94981a75131180e1bd9c\",\"name\":\"R@mbla\",\"description\":\"Este art\u00edculo ha sido redactado y\\\/o validado por el equipo de redacci\u00f3n de Revista Rambla.\",\"sameAs\":[\"https:\\\/\\\/www.revistarambla.com\\\/\",\"https:\\\/\\\/www.facebook.com\\\/revistarambla\",\"https:\\\/\\\/x.com\\\/revistarambla\"]}]}<\/script>\n<!-- \/ Yoast SEO plugin. -->","yoast_head_json":{"title":"S\u00edlvia P\u00e9rez Cruz: una voz en el Grec 2024 Festival de Barcelona","description":"El Grec 2024 empieza oficialmente el 26 de junio con Circular, el concierto de S\u00edlvia P\u00e9rez Cruz, para el cual no queda ni una entrada.","robots":{"index":"index","follow":"follow","max-snippet":"max-snippet:-1","max-image-preview":"max-image-preview:large","max-video-preview":"max-video-preview:-1"},"canonical":"https:\/\/www.revistarambla.com\/en\/silvia-perez-cruz-una-voz-y-un-universo-en-el-grec-2024-festival-de-barcelona\/","og_locale":"en_GB","og_type":"article","og_title":"S\u00edlvia P\u00e9rez Cruz: una voz en el Grec 2024 Festival de Barcelona","og_description":"El Grec 2024 empieza oficialmente el 26 de junio con Circular, el concierto de S\u00edlvia P\u00e9rez Cruz, para el cual no queda ni una entrada.","og_url":"https:\/\/www.revistarambla.com\/en\/silvia-perez-cruz-una-voz-y-un-universo-en-el-grec-2024-festival-de-barcelona\/","og_site_name":"Revista Rambla","article_publisher":"https:\/\/www.facebook.com\/revistarambla\/","article_author":"https:\/\/www.facebook.com\/revistarambla","article_published_time":"2024-06-12T11:57:35+00:00","og_image":[{"width":930,"height":523,"url":"https:\/\/www.revistarambla.com\/wp-content\/uploads\/2024\/06\/Screenshot-2024-06-12-at-13-56-13-Silvia-Perez-Cruz-una-voz-y-un-universo-en-el-Grec-2024-Festival-de-Barcelona-Barcelona-Cultura.jpg","type":"image\/jpeg"}],"author":"R@mbla","twitter_card":"summary_large_image","twitter_creator":"@revistarambla","twitter_site":"@revistarambla","twitter_misc":{"Written by":"R@mbla","Estimated reading time":"5 minutes"},"schema":{"@context":"https:\/\/schema.org","@graph":[{"@type":"Article","@id":"https:\/\/www.revistarambla.com\/silvia-perez-cruz-una-voz-y-un-universo-en-el-grec-2024-festival-de-barcelona\/#article","isPartOf":{"@id":"https:\/\/www.revistarambla.com\/silvia-perez-cruz-una-voz-y-un-universo-en-el-grec-2024-festival-de-barcelona\/"},"author":{"name":"R@mbla","@id":"https:\/\/www.revistarambla.com\/#\/schema\/person\/a146a5a2550b94981a75131180e1bd9c"},"headline":"S\u00edlvia P\u00e9rez Cruz: una voz y un universo en el Grec 2024 Festival de Barcelona","datePublished":"2024-06-12T11:57:35+00:00","mainEntityOfPage":{"@id":"https:\/\/www.revistarambla.com\/silvia-perez-cruz-una-voz-y-un-universo-en-el-grec-2024-festival-de-barcelona\/"},"wordCount":954,"publisher":{"@id":"https:\/\/www.revistarambla.com\/#organization"},"image":{"@id":"https:\/\/www.revistarambla.com\/silvia-perez-cruz-una-voz-y-un-universo-en-el-grec-2024-festival-de-barcelona\/#primaryimage"},"thumbnailUrl":"https:\/\/www.revistarambla.com\/wp-content\/uploads\/2024\/06\/Screenshot-2024-06-12-at-13-56-13-Silvia-Perez-Cruz-una-voz-y-un-universo-en-el-Grec-2024-Festival-de-Barcelona-Barcelona-Cultura.jpg","articleSection":["M\u00e1s Barcelona"],"inLanguage":"en-GB"},{"@type":"WebPage","@id":"https:\/\/www.revistarambla.com\/silvia-perez-cruz-una-voz-y-un-universo-en-el-grec-2024-festival-de-barcelona\/","url":"https:\/\/www.revistarambla.com\/silvia-perez-cruz-una-voz-y-un-universo-en-el-grec-2024-festival-de-barcelona\/","name":"S\u00edlvia P\u00e9rez Cruz: una voz en el Grec 2024 Festival de Barcelona","isPartOf":{"@id":"https:\/\/www.revistarambla.com\/#website"},"primaryImageOfPage":{"@id":"https:\/\/www.revistarambla.com\/silvia-perez-cruz-una-voz-y-un-universo-en-el-grec-2024-festival-de-barcelona\/#primaryimage"},"image":{"@id":"https:\/\/www.revistarambla.com\/silvia-perez-cruz-una-voz-y-un-universo-en-el-grec-2024-festival-de-barcelona\/#primaryimage"},"thumbnailUrl":"https:\/\/www.revistarambla.com\/wp-content\/uploads\/2024\/06\/Screenshot-2024-06-12-at-13-56-13-Silvia-Perez-Cruz-una-voz-y-un-universo-en-el-Grec-2024-Festival-de-Barcelona-Barcelona-Cultura.jpg","datePublished":"2024-06-12T11:57:35+00:00","description":"El Grec 2024 empieza oficialmente el 26 de junio con Circular, el concierto de S\u00edlvia P\u00e9rez Cruz, para el cual no queda ni una entrada.","breadcrumb":{"@id":"https:\/\/www.revistarambla.com\/silvia-perez-cruz-una-voz-y-un-universo-en-el-grec-2024-festival-de-barcelona\/#breadcrumb"},"inLanguage":"en-GB","potentialAction":[{"@type":"ReadAction","target":["https:\/\/www.revistarambla.com\/silvia-perez-cruz-una-voz-y-un-universo-en-el-grec-2024-festival-de-barcelona\/"]}]},{"@type":"ImageObject","inLanguage":"en-GB","@id":"https:\/\/www.revistarambla.com\/silvia-perez-cruz-una-voz-y-un-universo-en-el-grec-2024-festival-de-barcelona\/#primaryimage","url":"https:\/\/www.revistarambla.com\/wp-content\/uploads\/2024\/06\/Screenshot-2024-06-12-at-13-56-13-Silvia-Perez-Cruz-una-voz-y-un-universo-en-el-Grec-2024-Festival-de-Barcelona-Barcelona-Cultura.jpg","contentUrl":"https:\/\/www.revistarambla.com\/wp-content\/uploads\/2024\/06\/Screenshot-2024-06-12-at-13-56-13-Silvia-Perez-Cruz-una-voz-y-un-universo-en-el-Grec-2024-Festival-de-Barcelona-Barcelona-Cultura.jpg","width":930,"height":523,"caption":"S\u00edlvia P\u00e9rez Cruz: una voz y un universo en el Grec 2024 Festival de Barcelona"},{"@type":"BreadcrumbList","@id":"https:\/\/www.revistarambla.com\/silvia-perez-cruz-una-voz-y-un-universo-en-el-grec-2024-festival-de-barcelona\/#breadcrumb","itemListElement":[{"@type":"ListItem","position":1,"name":"Portada","item":"https:\/\/www.revistarambla.com\/"},{"@type":"ListItem","position":2,"name":"S\u00edlvia P\u00e9rez Cruz: una voz y un universo en el Grec 2024 Festival de Barcelona"}]},{"@type":"WebSite","@id":"https:\/\/www.revistarambla.com\/#website","url":"https:\/\/www.revistarambla.com\/","name":"Revista Rambla Barcelona","description":"Periodismo independiente","publisher":{"@id":"https:\/\/www.revistarambla.com\/#organization"},"potentialAction":[{"@type":"SearchAction","target":{"@type":"EntryPoint","urlTemplate":"https:\/\/www.revistarambla.com\/?s={search_term_string}"},"query-input":{"@type":"PropertyValueSpecification","valueRequired":true,"valueName":"search_term_string"}}],"inLanguage":"en-GB"},{"@type":"Organization","@id":"https:\/\/www.revistarambla.com\/#organization","name":"Revista Rambla","url":"https:\/\/www.revistarambla.com\/","logo":{"@type":"ImageObject","inLanguage":"en-GB","@id":"https:\/\/www.revistarambla.com\/#\/schema\/logo\/image\/","url":"https:\/\/www.revistarambla.com\/wp-content\/uploads\/2020\/09\/banner_rambla_1900x600_BB.png","contentUrl":"https:\/\/www.revistarambla.com\/wp-content\/uploads\/2020\/09\/banner_rambla_1900x600_BB.png","width":1900,"height":600,"caption":"Revista Rambla"},"image":{"@id":"https:\/\/www.revistarambla.com\/#\/schema\/logo\/image\/"},"sameAs":["https:\/\/www.facebook.com\/revistarambla\/","https:\/\/x.com\/revistarambla","https:\/\/www.instagram.com\/revista_rambla","https:\/\/es.linkedin.com\/company\/revista-rambla"]},{"@type":"Person","@id":"https:\/\/www.revistarambla.com\/#\/schema\/person\/a146a5a2550b94981a75131180e1bd9c","name":"R@mbla","description":"Este art\u00edculo ha sido redactado y\/o validado por el equipo de redacci\u00f3n de Revista Rambla.","sameAs":["https:\/\/www.revistarambla.com\/","https:\/\/www.facebook.com\/revistarambla","https:\/\/x.com\/revistarambla"]}]}},"_links":{"self":[{"href":"https:\/\/www.revistarambla.com\/en\/wp-json\/wp\/v2\/posts\/61052","targetHints":{"allow":["GET"]}}],"collection":[{"href":"https:\/\/www.revistarambla.com\/en\/wp-json\/wp\/v2\/posts"}],"about":[{"href":"https:\/\/www.revistarambla.com\/en\/wp-json\/wp\/v2\/types\/post"}],"author":[{"embeddable":true,"href":"https:\/\/www.revistarambla.com\/en\/wp-json\/wp\/v2\/users\/3"}],"replies":[{"embeddable":true,"href":"https:\/\/www.revistarambla.com\/en\/wp-json\/wp\/v2\/comments?post=61052"}],"version-history":[{"count":1,"href":"https:\/\/www.revistarambla.com\/en\/wp-json\/wp\/v2\/posts\/61052\/revisions"}],"predecessor-version":[{"id":61054,"href":"https:\/\/www.revistarambla.com\/en\/wp-json\/wp\/v2\/posts\/61052\/revisions\/61054"}],"wp:featuredmedia":[{"embeddable":true,"href":"https:\/\/www.revistarambla.com\/en\/wp-json\/wp\/v2\/media\/61053"}],"wp:attachment":[{"href":"https:\/\/www.revistarambla.com\/en\/wp-json\/wp\/v2\/media?parent=61052"}],"wp:term":[{"taxonomy":"category","embeddable":true,"href":"https:\/\/www.revistarambla.com\/en\/wp-json\/wp\/v2\/categories?post=61052"},{"taxonomy":"post_tag","embeddable":true,"href":"https:\/\/www.revistarambla.com\/en\/wp-json\/wp\/v2\/tags?post=61052"}],"curies":[{"name":"wp","href":"https:\/\/api.w.org\/{rel}","templated":true}]}}