{"id":6075,"date":"2014-10-08T02:51:34","date_gmt":"2014-10-08T02:51:34","guid":{"rendered":"https:\/\/www.revistarambla.com\/la-sostenibilidad-es-una-utopia-probablemente-necesaria\/"},"modified":"2014-10-08T02:51:34","modified_gmt":"2014-10-08T02:51:34","slug":"la-sostenibilidad-es-una-utopia-probablemente-necesaria","status":"publish","type":"post","link":"https:\/\/www.revistarambla.com\/en\/la-sostenibilidad-es-una-utopia-probablemente-necesaria\/","title":{"rendered":"\u201cLa sostenibilidad es una utop\u00eda probablemente necesaria\u201d"},"content":{"rendered":"<p> \t<img decoding=\"async\" class=\"alignleft size-full wp-image-6072\" alt=\"alt\" src=\"https:\/\/www.revistarambla.com\/wp-content\/uploads\/2014\/10\/Ramon_Folch_Rambla_01.jpg\" style=\"width: 682px; height: 430px; margin-left: 9px; margin-right: 9px; float: left;\" width=\"682\" height=\"430\" srcset=\"https:\/\/www.revistarambla.com\/wp-content\/uploads\/2014\/10\/Ramon_Folch_Rambla_01.jpg 682w, https:\/\/www.revistarambla.com\/wp-content\/uploads\/2014\/10\/Ramon_Folch_Rambla_01-300x189.jpg 300w, https:\/\/www.revistarambla.com\/wp-content\/uploads\/2014\/10\/Ramon_Folch_Rambla_01-500x315.jpg 500w\" sizes=\"(max-width: 682px) 100vw, 682px\" \/>La <span data-scayt_word=\"sostenibilidad\" data-scaytid=\"1\">sostenibilidad<\/span> <span data-scayt_word=\"concierne\" data-scaytid=\"2\">concierne<\/span> a <span data-scayt_word=\"todos\" data-scaytid=\"3\">todos<\/span> los <span data-scayt_word=\"aspectos\" data-scaytid=\"4\">aspectos<\/span> de la <span data-scayt_word=\"actividad\" data-scaytid=\"5\">actividad<\/span> <span data-scayt_word=\"econ\u00f3mica\" data-scaytid=\"6\">econ\u00f3mica<\/span>, social y <span data-scayt_word=\"ambiental\" data-scaytid=\"7\">ambiental<\/span><\/p>\n<p> \t\u00a0<\/p>\n<p>  <!--more-->  <\/p>\n<p> \t<strong>La <span data-scayt_word=\"sostenibilidad\" data-scaytid=\"8\">sostenibilidad<\/span> en <span data-scayt_word=\"Catalunya\" data-scaytid=\"10\">Catalunya<\/span> y en <span data-scayt_word=\"Espa\u00f1a\" data-scaytid=\"11\">Espa\u00f1a<\/span> <span data-scayt_word=\"tiene\" data-scaytid=\"12\">tiene<\/span> <span data-scayt_word=\"ya\" data-scaytid=\"13\">ya<\/span> <span data-scayt_word=\"varias\" data-scaytid=\"14\">varias<\/span> <span data-scayt_word=\"d\u00e9cadas\" data-scaytid=\"15\">d\u00e9cadas<\/span> de <span data-scayt_word=\"historia\" data-scaytid=\"16\">historia<\/span>. Nada <span data-scayt_word=\"es\" data-scaytid=\"18\">es<\/span> <span data-scayt_word=\"sostenible\" data-scaytid=\"20\">sostenible<\/span> <span data-scayt_word=\"eternamente\" data-scaytid=\"21\">eternamente<\/span>, <span data-scayt_word=\"pero\" data-scaytid=\"22\">pero<\/span> sin tender <span data-scayt_word=\"hacia\" data-scaytid=\"23\">hacia<\/span> <span data-scayt_word=\"ella\" data-scaytid=\"24\">ella<\/span> la <span data-scayt_word=\"vida\" data-scaytid=\"25\">vida<\/span> en <span data-scayt_word=\"cada\" data-scaytid=\"26\">cada<\/span> <span data-scayt_word=\"etapa\" data-scaytid=\"27\">etapa<\/span> <span data-scayt_word=\"concreta\" data-scaytid=\"28\">concreta<\/span> de la <span data-scayt_word=\"historia\" data-scaytid=\"17\">historia<\/span> <span data-scayt_word=\"adolece\" data-scaytid=\"29\">adolece<\/span> de <span data-scayt_word=\"enfermedad\" data-scaytid=\"30\">enfermedad<\/span>, en <span data-scayt_word=\"sus\" data-scaytid=\"31\">sus<\/span> <span data-scayt_word=\"vertientes\" data-scaytid=\"32\">vertientes<\/span> natural, social y moral. <span data-scayt_word=\"\u201cSostenibilidad\u201d\" data-scaytid=\"33\">&ldquo;Sostenibilidad&rdquo;<\/span> <span data-scayt_word=\"va\" data-scaytid=\"34\">va<\/span> <span data-scayt_word=\"m\u00e1s\" data-scaytid=\"35\">m\u00e1s<\/span> <span data-scayt_word=\"all\u00e1\" data-scaytid=\"36\">all\u00e1<\/span> del <span data-scayt_word=\"respeto\" data-scaytid=\"37\">respeto<\/span> <span data-scayt_word=\"por\" data-scaytid=\"38\">por<\/span> el <span data-scayt_word=\"medioambiente\" data-scaytid=\"39\">medioambiente<\/span>, <span data-scayt_word=\"es\" data-scaytid=\"19\">es<\/span> un <span data-scayt_word=\"juego\" data-scaytid=\"40\">juego<\/span> de <span data-scayt_word=\"estrategia\" data-scaytid=\"41\">estrategia<\/span> y <span data-scayt_word=\"equilibrio\" data-scaytid=\"42\">equilibrio<\/span> <span data-scayt_word=\"donde\" data-scaytid=\"43\">donde<\/span> <span data-scayt_word=\"las\" data-scaytid=\"44\">las<\/span> <span data-scayt_word=\"piezas\" data-scaytid=\"45\">piezas<\/span> son la <span data-scayt_word=\"sociedad\" data-scaytid=\"46\">sociedad<\/span>, el <span data-scayt_word=\"ambiente\" data-scaytid=\"47\">ambiente<\/span>, la <span data-scayt_word=\"econom\u00eda\" data-scaytid=\"48\">econom\u00eda<\/span>, la <span data-scayt_word=\"pol\u00edtica\" data-scaytid=\"49\">pol\u00edtica<\/span>, la <span data-scayt_word=\"psicolog\u00eda\u2026\" data-scaytid=\"50\">psicolog\u00eda&hellip;<\/span> <\/strong><\/p>\n<p> \t\u00a0<\/p>\n<p> \t<img decoding=\"async\" class=\"size-full wp-image-6073\" alt=\"alt\" src=\"https:\/\/www.revistarambla.com\/wp-content\/uploads\/2014\/10\/Ramon_Folch_Rambla_02.jpg\" style=\"width: 700px; height: 448px;\" width=\"700\" height=\"448\" srcset=\"https:\/\/www.revistarambla.com\/wp-content\/uploads\/2014\/10\/Ramon_Folch_Rambla_02.jpg 700w, https:\/\/www.revistarambla.com\/wp-content\/uploads\/2014\/10\/Ramon_Folch_Rambla_02-300x192.jpg 300w, https:\/\/www.revistarambla.com\/wp-content\/uploads\/2014\/10\/Ramon_Folch_Rambla_02-500x320.jpg 500w\" sizes=\"(max-width: 700px) 100vw, 700px\" \/><\/p>\n<p> \t\u00a0<\/p>\n<p> \tEl doctor en <span data-scayt_word=\"biolog\u00eda\" data-scaytid=\"144\">biolog\u00eda<\/span> y <span data-scayt_word=\"socioec\u00f3logo\" data-scaytid=\"145\">socioec\u00f3logo<\/span> Ramon <span data-scayt_word=\"Folch\" data-scaytid=\"146\">Folch<\/span> <span data-scayt_word=\"lleva\" data-scaytid=\"148\">lleva<\/span> <span data-scayt_word=\"d\u00e9cadas\" data-scaytid=\"93\">d\u00e9cadas<\/span> <span data-scayt_word=\"apostando\" data-scaytid=\"150\">apostando<\/span> <span data-scayt_word=\"por\" data-scaytid=\"94\">por<\/span> un <span data-scayt_word=\"entorno\" data-scaytid=\"153\">entorno<\/span> <span data-scayt_word=\"sostenible\" data-scaytid=\"96\">sostenible<\/span>. <span data-scayt_word=\"Fundador\" data-scaytid=\"155\">Fundador<\/span> de la <span data-scayt_word=\"empresa\" data-scaytid=\"156\">empresa<\/span> <span data-scayt_word=\"Estudi\" data-scaytid=\"157\">Estudi<\/span> Ramon <span data-scayt_word=\"Folch\" data-scaytid=\"147\">Folch<\/span> (<span data-scayt_word=\"ERF\" data-scaytid=\"158\">ERF<\/span>) de <span data-scayt_word=\"asesor\u00eda\" data-scaytid=\"159\">asesor\u00eda<\/span> <span data-scayt_word=\"ambiental\" data-scaytid=\"97\">ambiental<\/span> (<span data-scayt_word=\"que\" data-scaytid=\"161\">que<\/span> <span data-scayt_word=\"acaba\" data-scaytid=\"162\">acaba<\/span> de <span data-scayt_word=\"cumplir\" data-scaytid=\"163\">cumplir<\/span> <span data-scayt_word=\"sus\" data-scaytid=\"98\">sus<\/span> <span data-scayt_word=\"veinte\" data-scaytid=\"166\">veinte<\/span> <span data-scayt_word=\"a\u00f1os\" data-scaytid=\"167\">a\u00f1os<\/span> de <span data-scayt_word=\"existencia\" data-scaytid=\"168\">existencia<\/span>) <span data-scayt_word=\"es\" data-scaytid=\"100\">es<\/span> <span data-scayt_word=\"tambi\u00e9n\" data-scaytid=\"170\">tambi\u00e9n<\/span> <span data-scayt_word=\"vicepresidente\" data-scaytid=\"171\">vicepresidente<\/span> del <span data-scayt_word=\"Consell\" data-scaytid=\"172\">Consell<\/span> <span data-scayt_word=\"Consultiu\" data-scaytid=\"173\">Consultiu<\/span> <span data-scayt_word=\"d'H\u00e0bitat\" data-scaytid=\"174\">d&#8217;H\u00e0bitat<\/span> <span data-scayt_word=\"Urb\u00e0\" data-scaytid=\"175\">Urb\u00e0<\/span> de <span data-scayt_word=\"l'Ajuntament\" data-scaytid=\"176\">l&#8217;Ajuntament<\/span> de Barcelona y <span data-scayt_word=\"Colegiado\" data-scaytid=\"177\">Colegiado<\/span> de Honor del Col\u00b7<span data-scayt_word=\"legi\" data-scaytid=\"178\">legi<\/span> <span data-scayt_word=\"d'Economistes\" data-scaytid=\"179\">d&#8217;Economistes<\/span> de <span data-scayt_word=\"Catalunya\" data-scaytid=\"101\">Catalunya<\/span> <span data-scayt_word=\"por\" data-scaytid=\"95\">por<\/span> <span data-scayt_word=\"sus\" data-scaytid=\"99\">sus<\/span> <span data-scayt_word=\"aportaciones\" data-scaytid=\"181\">aportaciones<\/span> en <span data-scayt_word=\"cuestiones\" data-scaytid=\"182\">cuestiones<\/span> <span data-scayt_word=\"econ\u00f3micas\" data-scaytid=\"183\">econ\u00f3micas<\/span> y <span data-scayt_word=\"ambientales\" data-scaytid=\"184\">ambientales<\/span>.<\/p>\n<p> \t\u00a0<\/p>\n<p> \t<strong><span data-scayt_word=\"Una\" data-scaytid=\"272\">Una<\/span> crisis no <span data-scayt_word=\"resuelta\" data-scaytid=\"273\">resuelta<\/span><\/strong><\/p>\n<p> \t\u00a0<\/p>\n<p> \t<strong><span data-scayt_word=\"Pregunta\" data-scaytid=\"274\">Pregunta<\/span>: Doctor <span data-scayt_word=\"Folch\" data-scaytid=\"267\">Folch<\/span>, \u00bf<span data-scayt_word=\"c\u00f3mo\" data-scaytid=\"277\">c\u00f3mo<\/span> <span data-scayt_word=\"definir\u00eda\" data-scaytid=\"278\">definir\u00eda<\/span> la <span data-scayt_word=\"sostenibilidad\" data-scaytid=\"269\">sostenibilidad<\/span> en la <span data-scayt_word=\"actualidad\" data-scaytid=\"280\">actualidad<\/span>? \u00bfHa <span data-scayt_word=\"habido\" data-scaytid=\"282\">habido<\/span> un <span data-scayt_word=\"cambio\" data-scaytid=\"283\">cambio<\/span> de <span data-scayt_word=\"tendencia\" data-scaytid=\"284\">tendencia<\/span> <span data-scayt_word=\"desde\" data-scaytid=\"285\">desde<\/span> <span data-scayt_word=\"que\" data-scaytid=\"270\">que<\/span> se <span data-scayt_word=\"empez\u00f3\" data-scaytid=\"287\">empez\u00f3<\/span> a <span data-scayt_word=\"hablar\" data-scaytid=\"288\">hablar<\/span> de <span data-scayt_word=\"ella\" data-scaytid=\"271\">ella<\/span> <span data-scayt_word=\"hasta\" data-scaytid=\"290\">hasta<\/span> la <span data-scayt_word=\"actualidad\" data-scaytid=\"281\">actualidad<\/span>? <\/strong><\/p>\n<p> \t\u00a0<\/p>\n<p> \t<strong>Ramon <span data-scayt_word=\"Folch\" data-scaytid=\"268\">Folch<\/span>:<\/strong>La <span data-scayt_word=\"sostenibilidad\" data-scaytid=\"291\">sostenibilidad<\/span> <span data-scayt_word=\"es\" data-scaytid=\"292\">es<\/span> <span data-scayt_word=\"una\" data-scaytid=\"311\">una<\/span> <span data-scayt_word=\"utop\u00eda\" data-scaytid=\"312\">utop\u00eda<\/span> <span data-scayt_word=\"probablemente\" data-scaytid=\"313\">probablemente<\/span> <span data-scayt_word=\"necesaria\" data-scaytid=\"314\">necesaria<\/span>. Nada <span data-scayt_word=\"es\" data-scaytid=\"293\">es<\/span> <span data-scayt_word=\"sostenible\" data-scaytid=\"294\">sostenible<\/span> a la <span data-scayt_word=\"larga\" data-scaytid=\"317\">larga<\/span>, <span data-scayt_word=\"ni\" data-scaytid=\"318\">ni<\/span> <span data-scayt_word=\"siquiera\" data-scaytid=\"319\">siquiera<\/span> el <span data-scayt_word=\"universo\" data-scaytid=\"320\">universo<\/span>, <span data-scayt_word=\"por\" data-scaytid=\"296\">por<\/span> <span data-scayt_word=\"ineluctables\" data-scaytid=\"322\">ineluctables<\/span> <span data-scayt_word=\"razones\" data-scaytid=\"323\">razones<\/span> <span data-scayt_word=\"entr\u00f3picas\" data-scaytid=\"324\">entr\u00f3picas<\/span> (<span data-scayt_word=\"segundo\" data-scaytid=\"325\">segundo<\/span> <span data-scayt_word=\"principio\" data-scaytid=\"326\">principio<\/span> de la <span data-scayt_word=\"termodin\u00e1mica\" data-scaytid=\"327\">termodin\u00e1mica<\/span>). <span data-scayt_word=\"Pero\" data-scaytid=\"328\">Pero<\/span> <span data-scayt_word=\"para\" data-scaytid=\"329\">para<\/span> un <span data-scayt_word=\"razonable\" data-scaytid=\"330\">razonable<\/span> <span data-scayt_word=\"per\u00edodo\" data-scaytid=\"331\">per\u00edodo<\/span> de <span data-scayt_word=\"unas\" data-scaytid=\"332\">unas<\/span> <span data-scayt_word=\"cuantas\" data-scaytid=\"333\">cuantas<\/span> <span data-scayt_word=\"d\u00e9cadas\" data-scaytid=\"297\">d\u00e9cadas<\/span>, <span data-scayt_word=\"resulta\" data-scaytid=\"335\">resulta<\/span> <span data-scayt_word=\"sostenible\" data-scaytid=\"295\">sostenible<\/span> no <span data-scayt_word=\"estirar\" data-scaytid=\"336\">estirar<\/span> <span data-scayt_word=\"m\u00e1s\" data-scaytid=\"298\">m\u00e1s<\/span> el <span data-scayt_word=\"brazo\" data-scaytid=\"341\">brazo<\/span> <span data-scayt_word=\"que\" data-scaytid=\"302\">que<\/span> la <span data-scayt_word=\"manga\" data-scaytid=\"345\">manga<\/span>. Hay <span data-scayt_word=\"definiciones\" data-scaytid=\"346\">definiciones<\/span> <span data-scayt_word=\"mucho\" data-scaytid=\"347\">mucho<\/span> <span data-scayt_word=\"m\u00e1s\" data-scaytid=\"299\">m\u00e1s<\/span> <span data-scayt_word=\"sofisticadas\" data-scaytid=\"348\">sofisticadas<\/span>, <span data-scayt_word=\"desde\" data-scaytid=\"305\">desde<\/span> <span data-scayt_word=\"luego\" data-scaytid=\"350\">luego<\/span>, <span data-scayt_word=\"pero\" data-scaytid=\"306\">pero<\/span> <span data-scayt_word=\"esta\" data-scaytid=\"352\">esta<\/span> la <span data-scayt_word=\"entiende\" data-scaytid=\"353\">entiende<\/span> <span data-scayt_word=\"cualquiera\" data-scaytid=\"354\">cualquiera<\/span>.<\/p>\n<p> \t\u00a0<\/p>\n<p> \t<strong>\u00bf<span data-scayt_word=\"Pudiera\" data-scaytid=\"355\">Pudiera<\/span> <span data-scayt_word=\"ser\" data-scaytid=\"356\">ser<\/span> <span data-scayt_word=\"que\" data-scaytid=\"303\">que<\/span> antes <span data-scayt_word=\"fuera\" data-scaytid=\"357\">fuera<\/span> un <span data-scayt_word=\"concepto\" data-scaytid=\"358\">concepto<\/span> <span data-scayt_word=\"m\u00e1s\" data-scaytid=\"300\">m\u00e1s<\/span> <span data-scayt_word=\"medioambiental\" data-scaytid=\"359\">medioambiental<\/span>, <span data-scayt_word=\"mientras\" data-scaytid=\"360\">mientras<\/span> <span data-scayt_word=\"que\" data-scaytid=\"304\">que<\/span> en 2014 <span data-scayt_word=\"presta\" data-scaytid=\"361\">presta<\/span> <span data-scayt_word=\"mucha\" data-scaytid=\"362\">mucha<\/span> <span data-scayt_word=\"m\u00e1s\" data-scaytid=\"301\">m\u00e1s<\/span> <span data-scayt_word=\"atenci\u00f3n\" data-scaytid=\"363\">atenci\u00f3n<\/span> a <span data-scayt_word=\"cuestiones\" data-scaytid=\"307\">cuestiones<\/span> <span data-scayt_word=\"sociales\" data-scaytid=\"365\">sociales<\/span>? \u00bf<span data-scayt_word=\"C\u00f3mo\" data-scaytid=\"366\">C\u00f3mo<\/span> se <span data-scayt_word=\"articula\" data-scaytid=\"367\">articula<\/span> el <span data-scayt_word=\"pilar\" data-scaytid=\"368\">pilar<\/span> <span data-scayt_word=\"econ\u00f3mico\" data-scaytid=\"369\">econ\u00f3mico<\/span> en el <span data-scayt_word=\"binomio\" data-scaytid=\"370\">binomio<\/span> <span data-scayt_word=\"medioambiente-sociedad\" data-scaytid=\"371\">medioambiente-sociedad<\/span>?<\/strong><\/p>\n<p> \t\u00a0<\/p>\n<p> \tLas <span data-scayt_word=\"disfunciones\" data-scaytid=\"576\">disfunciones<\/span> <span data-scayt_word=\"ambientales\" data-scaytid=\"436\">ambientales<\/span> <span data-scayt_word=\"alertaron\" data-scaytid=\"578\">alertaron<\/span> <span data-scayt_word=\"sobre\" data-scaytid=\"579\">sobre<\/span> los graves <span data-scayt_word=\"defectos\" data-scaytid=\"580\">defectos<\/span> del <span data-scayt_word=\"modelo\" data-scaytid=\"581\">modelo<\/span> <span data-scayt_word=\"socioecon\u00f3mico\" data-scaytid=\"583\">socioecon\u00f3mico<\/span>, <span data-scayt_word=\"como\" data-scaytid=\"584\">como<\/span> la <span data-scayt_word=\"fiebre\" data-scaytid=\"586\">fiebre<\/span> <span data-scayt_word=\"advierte\" data-scaytid=\"587\">advierte<\/span> de la <span data-scayt_word=\"infecci\u00f3n\" data-scaytid=\"588\">infecci\u00f3n<\/span>. <span data-scayt_word=\"Pero\" data-scaytid=\"437\">Pero<\/span> no son la <span data-scayt_word=\"enfermedad\" data-scaytid=\"438\">enfermedad<\/span>, <span data-scayt_word=\"sino\" data-scaytid=\"591\">sino<\/span> <span data-scayt_word=\"su\" data-scaytid=\"592\">su<\/span> <span data-scayt_word=\"s\u00edntoma\" data-scaytid=\"593\">s\u00edntoma<\/span>. De <span data-scayt_word=\"ah\u00ed\" data-scaytid=\"594\">ah\u00ed<\/span> <span data-scayt_word=\"que\" data-scaytid=\"439\">que<\/span> la <span data-scayt_word=\"atenci\u00f3n\" data-scaytid=\"442\">atenci\u00f3n<\/span> se <span data-scayt_word=\"haya\" data-scaytid=\"599\">haya<\/span> <span data-scayt_word=\"acabado\" data-scaytid=\"600\">acabado<\/span> <span data-scayt_word=\"desplazando\" data-scaytid=\"601\">desplazando<\/span> <span data-scayt_word=\"hacia\" data-scaytid=\"443\">hacia<\/span> el <span data-scayt_word=\"problema\" data-scaytid=\"603\">problema<\/span> <span data-scayt_word=\"propiamente\" data-scaytid=\"604\">propiamente<\/span> <span data-scayt_word=\"dicho\" data-scaytid=\"605\">dicho<\/span>, <span data-scayt_word=\"l\u00f3gicamente\" data-scaytid=\"606\">l\u00f3gicamente<\/span>. <span data-scayt_word=\"Tras\" data-scaytid=\"607\">Tras<\/span> la crisis del 2008 (<span data-scayt_word=\"que\" data-scaytid=\"440\">que<\/span> no se ha <span data-scayt_word=\"resuelto\" data-scaytid=\"608\">resuelto<\/span>, <span data-scayt_word=\"por\" data-scaytid=\"444\">por<\/span> <span data-scayt_word=\"cierto\" data-scaytid=\"610\">cierto<\/span>, <span data-scayt_word=\"como\" data-scaytid=\"585\">como<\/span> <span data-scayt_word=\"todo\" data-scaytid=\"611\">todo<\/span> el <span data-scayt_word=\"mundo\" data-scaytid=\"612\">mundo<\/span> <span data-scayt_word=\"puede\" data-scaytid=\"613\">puede<\/span> <span data-scayt_word=\"constatar\" data-scaytid=\"614\">constatar<\/span>), <span data-scayt_word=\"es\" data-scaytid=\"445\">es<\/span> el <span data-scayt_word=\"propio\" data-scaytid=\"616\">propio<\/span> <span data-scayt_word=\"modelo\" data-scaytid=\"582\">modelo<\/span> de <span data-scayt_word=\"producci\u00f3n\" data-scaytid=\"617\">producci\u00f3n<\/span>, <span data-scayt_word=\"consumo\" data-scaytid=\"618\">consumo<\/span> y <span data-scayt_word=\"redistribuci\u00f3n\" data-scaytid=\"619\">redistribuci\u00f3n<\/span> de <span data-scayt_word=\"valores\" data-scaytid=\"620\">valores<\/span> <span data-scayt_word=\"a\u00f1adidos\" data-scaytid=\"621\">a\u00f1adidos<\/span> el <span data-scayt_word=\"que\" data-scaytid=\"441\">que<\/span> se ha <span data-scayt_word=\"venido\" data-scaytid=\"622\">venido<\/span> <span data-scayt_word=\"abajo\" data-scaytid=\"623\">abajo<\/span>. Sin <span data-scayt_word=\"dejar\" data-scaytid=\"624\">dejar<\/span> de <span data-scayt_word=\"arrastrar\" data-scaytid=\"625\">arrastrar<\/span> <span data-scayt_word=\"consigo\" data-scaytid=\"626\">consigo<\/span> al <span data-scayt_word=\"socioambiental\" data-scaytid=\"627\">socioambiental<\/span>, <span data-scayt_word=\"desde\" data-scaytid=\"446\">desde<\/span> <span data-scayt_word=\"luego\" data-scaytid=\"447\">luego<\/span>.<\/p>\n<p> \t\u00a0<\/p>\n<p> \t<strong>\u00bfPuede existir una econom\u00eda sostenible y socialmente justa en el marco del liberalismo econ\u00f3mico?<\/strong><\/p>\n<p> \t\u00a0<\/p>\n<p> \tDepende de lo que entendamos por liberalismo econ\u00f3mico. Si se refiere a la completa desvinculaci\u00f3n de la actividad econ\u00f3mica, sobre todo de la financiera, de las decisiones pol\u00edticas, por supuesto que no. Que los mercados funcionan solos ya lo sabemos, las enfermedades tambi\u00e9n. La pol\u00edtica y la sanidad aspiran a que lo hagan conforme a los intereses de la poblaci\u00f3n.<\/p>\n<p> \t\u00a0<\/p>\n<p> \t\u00a0<\/p>\n<p> \t<strong>Seguimos sin cumplir los compromisos&hellip;<\/strong><\/p>\n<p> \t\u00a0<\/p>\n<p> \t<strong>\u00bfEn qu\u00e9 medida se cumplen en Espa\u00f1a las directrices del Protocolo de Kyoto y hasta qu\u00e9 punto sigue Espa\u00f1a la filosof\u00eda de base de la Carta de la Tierra? \u00bfY Catalunya?<\/strong><\/p>\n<p> \t\u00a0<\/p>\n<p> \tEspa\u00f1a se comprometi\u00f3 a no superar las emisiones del a\u00f1o base (1990) en m\u00e1s del 15 %, pero tuvo que renegociar sus compromisos y admitir un incremento de 37 %, siempre que comprara a terceros el diferencial de los correspondientes derechos de emisi\u00f3n. En 2007 logr\u00f3 frenar la tendencia a la alza en sus emisiones, en gran medida gracias al desarrollo de las renovables, ahora en entredicho&#8230; Catalunya ya hab\u00eda invertido la tendencia en 2005, b\u00e1sicamente por disminuci\u00f3n de su intensidad energ\u00e9tica (\u00e9nfasis en la utilizaci\u00f3n eficiente de la energ\u00eda, m\u00e1s que en el cambio de las fuentes de generaci\u00f3n el\u00e9ctrica, opci\u00f3n esperable en una econom\u00eda industrialmente madura, pr\u00e1cticamente postindustrial). Como quiera que sea, ha sido y es mejor el control de las emisiones industriales que el de las emisiones difusas (movilidad, sobre todo), que dependen de los modelos territoriales y de consumo. Pero m\u00e1s que los porcentajes, lo que cuenta son las opciones estrat\u00e9gicas. Con la actual pol\u00edtica energ\u00e9tica, que favorece netamente al carbono, es obvio que Espa\u00f1a respeta escasamente la filosof\u00eda de la Carta de la Tierra emanada en el a\u00f1o 2000 de Naciones Unidas.<\/p>\n<p> \t\u00a0<\/p>\n<p> \t<strong>La sostenibilidad pasa tambi\u00e9n por una movilidad sostenible. \u00bfC\u00f3mo podemos favorecer este tipo de movilidad? \u00bfPor qu\u00e9 no existen m\u00e1s transportes el\u00e9ctricos? \u00bfForma parte de la soluci\u00f3n que desde estructuras administrativas se tomen medidas como subvencionar la compra de bicicletas el\u00e9ctricas?<\/strong><\/p>\n<p> \t\u00a0<\/p>\n<p> \tUna cosa es la movilidad y otra los semovientes. De nada servir\u00eda electrificar enteramente el espasm\u00f3dico embrollo actual, porque lo primero es garantizar la accesibilidad minimizando los desplazamientos. Ahora tenemos la cocina en un piso, los platos en otro y el comedor en la casa de enfrente. Una vez reunido todo ello en un apartamento sensato y confortable, podr\u00edamos proceder a cambiar las anticuadas e ineficientes (que no ineficaces) motorizaciones t\u00e9rmicas por otras el\u00e9ctricas. Aunque pueden hacerse ambas cosas a la vez, claro. Pero sin confundir prioridades.<\/p>\n<p> \t\u00a0<\/p>\n<p> \t<strong>Algunos pa\u00edses como los n\u00f3rdicos invierten en energ\u00edas renovables e investigaci\u00f3n de estas energ\u00edas alternativas, mientras que otros pa\u00edses como Espa\u00f1a mantienen su inercia hacia las energ\u00edas derivadas del carbono. Y esto pese a que variables como las elevadas horas de insolaci\u00f3n de estas latitudes permitir\u00eda generar otro tipo de energ\u00eda. \u00bfC\u00f3mo puede explicarse esto?<\/strong><\/p>\n<p> \t\u00a0<\/p>\n<p> \tPor pereza, estupidez y mala fe. Es una combinaci\u00f3n letal. La pereza es muy humana: propendemos a hacer lo que ya sabemos hacer, no lo que convendr\u00eda que hici\u00e9ramos. La estupidez, tambi\u00e9n: la industria relojera suiza rechaz\u00f3 al principio los osciladores de cuarzo porque un reloj deb\u00eda tener engranajes (en realidad, lo \u00fanico que debe hacer es marcar correctamente la hora). Y la mala fe, compa\u00f1era del ego\u00edsmo, est\u00e1 asociada al mantenimiento del <em>statu quo<\/em> de quienes explotan posiciones de ventaja en los mercados. Los pa\u00edses n\u00f3rdicos ya viven en econom\u00edas postindustriales que han arrinconado, al menos en parte, estos vicios tan castizos.<\/p>\n<p> \t\u00a0<\/p>\n<p> \t<strong>Organizarse es esencial<\/strong><\/p>\n<p> \t\u00a0<\/p>\n<p> \t<strong>La arquitectura y el urbanismo tienen asimismo mucho que ver con la sostenibilidad. \u00bfC\u00f3mo ser\u00eda la ciudad idealmente sostenible del siglo en que vivimos? <\/strong><\/p>\n<p> \t\u00a0<\/p>\n<p> \tIgual que la actual, pero diferente. Igual, porque lo construido, que es mucho, construido est\u00e1. Diferente, porque usar\u00eda la anatom\u00eda heredada para vehicular una fisiolog\u00eda distinta: una movilidad menos espasm\u00f3dica; una regulaci\u00f3n <em>smart <\/em>de los procesos urbanos (bien distinta a incrementar los problemas con <em>gadgets<\/em> innecesarios); una generalizaci\u00f3n de los principios de la eficiencia y de la suficiencia (m\u00e1s con menos y solo si hace falta); una apuesta decidida por los ciclos materiales cerrados (de agua, de materias primas); una redistribuci\u00f3n equitativa de espacio de calidad para toda la ciudadan\u00eda, etc.<\/p>\n<p> \t\u00a0<\/p>\n<p> \t<strong>Puesto que las modificaciones hay que practicarlas y dise\u00f1arlas sobre ciudades reales, \u00bfqu\u00e9 medidas concretas habr\u00eda que adoptar para avanzar en la sostenibilidad en ciudades como Barcelona?<\/strong><\/p>\n<p> \t\u00a0<\/p>\n<p> \tBarcelona, a pesar de sus asignaturas pendientes, ha resuelto o est\u00e1 en v\u00edas de solventar algunos de los problemas apuntados. Solo una tercera parte de los desplazamientos se efect\u00faa en veh\u00edculo privado, por ejemplo, y el transporte en com\u00fan es de calidad (aunque algunos barceloneses poco viajados lo pongan en duda). La eficiencia energ\u00e9tica es a\u00fan demasiado baja y casi no se aprovechan las aguas tratadas, si bien se consume el agua de forma bastante eficiente (95 litros por persona y d\u00eda, frente a los 150 y m\u00e1s de muchas ciudades espa\u00f1olas). La corresponsabilidad ciudadana, que es alta, no lo es todav\u00eda lo bastante.<\/p>\n<p> \t\u00a0<\/p>\n<p> \t<strong>Y \u00bfqu\u00e9 debemos entender por una organizaci\u00f3n territorial racional cuando existen tantas formas de ciudades y municipios con necesidades distintas?<\/strong><\/p>\n<p> \t\u00a0<\/p>\n<p> \tAhora mismo, mi estudio (ERF) est\u00e1 trabajando en el Plan Metropolitano de Lima, una ciudad de 10 millones de habitantes que no depura sus aguas residuales y que tiene m\u00e1s de dos millones de personas viviendo en condiciones impensables en Europa, en puras chabolas sin agua corriente, alcantarillado, ni asfalto en la calle. Actuar simult\u00e1neamente en Lima y en Barcelona es un ejercicio tan cansado como aleccionador. Por eso no hablo por boca de ganso. La Lima metropolitana (2.815 km<sup data-temp=\"true\">2<\/sup>) tiene 49 distritos municipales bajo una \u00fanica autoridad metropolitana real; en el \u00e1rea metropolitana de Barcelona (633 km<sup data-temp=\"true\">2<\/sup>) hay 36 municipios enteramente independientes, aunque la mitad de sus 3,3 millones de habitantes vive en el de Barcelona (100 km<sup>2<\/sup>). El municipio de Madrid tiene 607 km<sup data-temp=\"true\">2<\/sup> y 3,2 millones de habitantes, o sea la misma extensi\u00f3n y los mismos habitantes que los 36 municipios barceloneses juntos. El mundo es anis\u00f3tropo. No hay f\u00f3rmulas sencillas que valgan para todas partes. Hay que enfrentarse con cada caso como algo singular y \u00fanico, porque lo es.<\/p>\n<p> \t\u00a0<\/p>\n<p> \t<strong><img decoding=\"async\" class=\"size-full wp-image-6074\" alt=\"alt\" data-temp=\"true\" src=\"https:\/\/www.revistarambla.com\/wp-content\/uploads\/2014\/10\/Ramon_Folch_Rambla_03.jpg\" style=\"width: 700px; height: 506px;\" width=\"700\" height=\"506\" srcset=\"https:\/\/www.revistarambla.com\/wp-content\/uploads\/2014\/10\/Ramon_Folch_Rambla_03.jpg 700w, https:\/\/www.revistarambla.com\/wp-content\/uploads\/2014\/10\/Ramon_Folch_Rambla_03-300x217.jpg 300w, https:\/\/www.revistarambla.com\/wp-content\/uploads\/2014\/10\/Ramon_Folch_Rambla_03-500x361.jpg 500w\" sizes=\"(max-width: 700px) 100vw, 700px\" \/><\/strong><\/p>\n<p> \t\u00a0<\/p>\n<p> \t<strong>Estamos asistiendo a una involuci\u00f3n en los derechos sociales y en el estado de bienestar. \u00bfEs compatible una ciudad sostenible con un urbanismo racional y adaptado a las necesidades de sus gentes con la injusticia social (incremento de la pobreza, de los desahucios, etc.)?<\/strong><\/p>\n<p> \t\u00a0<\/p>\n<p> \tYa qued\u00f3 claro que la &ldquo;sostenibilidad ambiental&rdquo; es una entelequia. La sostenibilidad concierne a todos los aspectos de la actividad econ\u00f3mica, social y ambiental. Basta con quitarle una rueda a un turismo para que el veh\u00edculo quede inutilizado. Sin equidad no hay sostenibilidad, de igual modo que no hay progreso socioecon\u00f3mico si entra en quiebra la calidad del ambiente. No es una frase. La econom\u00eda depende del entorno (aire respirable, agua, materiales&hellip;) y es la sociedad por entero quien crea la riqueza econ\u00f3mica. Las plusval\u00edas son entes de raz\u00f3n, si no se corresponden con valores a\u00f1adidos, y meros esc\u00e1ndalos morales, si no se redistribuyen equitativamente (no he dicho igualitariamente).<\/p>\n<p> \t\u00a0<\/p>\n<p> \t<strong>Una de las expresiones que aparecen en la prensa la de &ldquo;eficiencia asint\u00f3tica&rdquo;. \u00bfA qu\u00e9 hace referencia exactamente?<\/strong><\/p>\n<p> \t\u00a0<\/p>\n<p> \tNo se logra la misma velocidad en cuarta que en primera, por m\u00e1s que se pise el acelerador. Los sistemas no responden linealmente a los est\u00edmulos. No vale la pena hacer grandes esfuerzos cuando el sistema no est\u00e1 en condiciones de dar buenos resultados. Eso es la eficiencia asint\u00f3tica. Pero lo que la primera no da en velocidad, s\u00ed que lo da en potencia. Hay que ver cu\u00e1ndo una inversi\u00f3n no rentable a corto plazo permite llegar al largo plazo. Los mercados nunca lo detectan. De ah\u00ed que la eficiencia asint\u00f3tica deba ser balanceada con la estrategia inteligente.<\/p>\n<p> \t\u00a0<\/p>\n<p> \t\u00a0<\/p>\n<p> \t<strong>Catalunya, un estado viable y sostenible<\/strong><\/p>\n<p> \t\u00a0<\/p>\n<p> \t<strong>En el marco de las aspiraciones independentistas actuales, \u00bfes de prever que una Catalunya independiente pueda gestionar su territorio y sus recursos con mayor eficacia y sostenibilidad?<\/strong><\/p>\n<p> \t\u00a0<\/p>\n<p> \tLa gran Alemania coexiste con la peque\u00f1a Dinamarca. Libia es cuarenta veces mayor que los Pa\u00edses Bajos. El tama\u00f1o no garantiza nada, lo importante son las capacidades. Catalunya es perfectamente viable como estado independiente, su PIB ser\u00eda el noveno en la Europa de los 28. Que ese pa\u00eds perfectamente viable administre mejor o peor su territorio y sus recursos es algo que depender\u00eda de su sociedad.<\/p>\n<p> \t\u00a0<\/p>\n<p> \t<strong>Usted se ha posicionado a favor de la independencia de Catalunya, \u00bfpor qu\u00e9? \u00bfEn qu\u00e9 mejor\u00eda una Catalunya independiente?<\/strong><\/p>\n<p> \t\u00a0<\/p>\n<p> \tCuando un matrimonio se rompe, lo mejor para ambos c\u00f3nyuges es que cada cual rehaga su vida. Es as\u00ed aunque uno de ellos lo niegue o ni siquiera admita que el otro lo desea. Con los integrantes de un estado ocurre lo propio. Millones de catalanes han llegado a esta conclusi\u00f3n (conclusi\u00f3n, no apriorismo). Argumentarlo requerir\u00eda otra entrevista, por lo menos. Me limitar\u00e9 a hacer notar que Catalunya es un pa\u00eds ya incipientemente postindustrial, en tanto que Espa\u00f1a, aunque en buena medida industrializada, lamentablemente no es a\u00fan sociol\u00f3gica y pol\u00edticamente un pa\u00eds plenamente industrial (grandes corporaciones en manos de las familias de siempre, poderosas sagas funcionariales que encima acceden a la pol\u00edtica como trampol\u00edn de los consejos de administraci\u00f3n, obispos que pretenden legislar, escaso peso de las pymes, etc.). En t\u00e9rminos sostenibilistas, ello conlleva estrategias funcionales muy distintas. \u00bfC\u00f3mo gestionar una sociedad postindustrial identificada con el futuro con un aparato de estado y una estructura de la propiedad preindustriales y permanentemente pendientes del privilegio?<\/p>","protected":false},"excerpt":{"rendered":"<p>La sostenibilidad concierne a todos los aspectos de la actividad econ\u00f3mica, social y ambiental \u00a0<\/p>","protected":false},"author":1,"featured_media":0,"comment_status":"open","ping_status":"open","sticky":false,"template":"","format":"standard","meta":{"footnotes":""},"categories":[58],"tags":[],"class_list":["post-6075","post","type-post","status-publish","format-standard","hentry","category-estado-espanol"],"yoast_head":"<!-- This site is optimized with the Yoast SEO plugin v27.5 - https:\/\/yoast.com\/product\/yoast-seo-wordpress\/ -->\n<title>\u201cLa sostenibilidad es una utop\u00eda probablemente necesaria\u201d - Revista Rambla<\/title>\n<meta name=\"robots\" content=\"index, follow, max-snippet:-1, max-image-preview:large, max-video-preview:-1\" \/>\n<link rel=\"canonical\" href=\"https:\/\/www.revistarambla.com\/en\/la-sostenibilidad-es-una-utopia-probablemente-necesaria\/\" \/>\n<meta property=\"og:locale\" content=\"en_GB\" \/>\n<meta property=\"og:type\" content=\"article\" \/>\n<meta property=\"og:title\" content=\"\u201cLa sostenibilidad es una utop\u00eda probablemente necesaria\u201d - Revista Rambla\" \/>\n<meta property=\"og:description\" content=\"La sostenibilidad concierne a todos los aspectos de la actividad econ\u00f3mica, social y ambiental \u00a0\" \/>\n<meta property=\"og:url\" content=\"https:\/\/www.revistarambla.com\/en\/la-sostenibilidad-es-una-utopia-probablemente-necesaria\/\" \/>\n<meta property=\"og:site_name\" content=\"Revista Rambla\" \/>\n<meta property=\"article:publisher\" content=\"https:\/\/www.facebook.com\/revistarambla\/\" \/>\n<meta property=\"article:published_time\" content=\"2014-10-08T02:51:34+00:00\" \/>\n<meta property=\"og:image\" content=\"https:\/\/i2.wp.com\/www.revistarambla.com\/wp-content\/uploads\/2014\/10\/Ramon_Folch_Rambla_01.jpg?fit=682%2C430&ssl=1\" \/>\n\t<meta property=\"og:image:width\" content=\"682\" \/>\n\t<meta property=\"og:image:height\" content=\"430\" \/>\n\t<meta property=\"og:image:type\" content=\"image\/jpeg\" \/>\n<meta name=\"author\" content=\"admin\" \/>\n<meta name=\"twitter:card\" content=\"summary_large_image\" \/>\n<meta name=\"twitter:creator\" content=\"@revistarambla\" \/>\n<meta name=\"twitter:site\" content=\"@revistarambla\" \/>\n<meta name=\"twitter:label1\" content=\"Written by\" \/>\n\t<meta name=\"twitter:data1\" content=\"admin\" \/>\n\t<meta name=\"twitter:label2\" content=\"Estimated reading time\" \/>\n\t<meta name=\"twitter:data2\" content=\"10 minutes\" \/>\n<script type=\"application\/ld+json\" class=\"yoast-schema-graph\">{\"@context\":\"https:\\\/\\\/schema.org\",\"@graph\":[{\"@type\":\"Article\",\"@id\":\"https:\\\/\\\/www.revistarambla.com\\\/la-sostenibilidad-es-una-utopia-probablemente-necesaria\\\/#article\",\"isPartOf\":{\"@id\":\"https:\\\/\\\/www.revistarambla.com\\\/la-sostenibilidad-es-una-utopia-probablemente-necesaria\\\/\"},\"author\":{\"name\":\"admin\",\"@id\":\"https:\\\/\\\/www.revistarambla.com\\\/#\\\/schema\\\/person\\\/4a5652fc8c82df1f8593002d038cd79e\"},\"headline\":\"\u201cLa sostenibilidad es una utop\u00eda probablemente necesaria\u201d\",\"datePublished\":\"2014-10-08T02:51:34+00:00\",\"mainEntityOfPage\":{\"@id\":\"https:\\\/\\\/www.revistarambla.com\\\/la-sostenibilidad-es-una-utopia-probablemente-necesaria\\\/\"},\"wordCount\":2102,\"commentCount\":1,\"publisher\":{\"@id\":\"https:\\\/\\\/www.revistarambla.com\\\/#organization\"},\"image\":{\"@id\":\"https:\\\/\\\/www.revistarambla.com\\\/la-sostenibilidad-es-una-utopia-probablemente-necesaria\\\/#primaryimage\"},\"thumbnailUrl\":\"https:\\\/\\\/www.revistarambla.com\\\/wp-content\\\/uploads\\\/2014\\\/10\\\/Ramon_Folch_Rambla_01.jpg\",\"articleSection\":[\"Estado Espa\u00f1ol\"],\"inLanguage\":\"en-GB\",\"potentialAction\":[{\"@type\":\"CommentAction\",\"name\":\"Comment\",\"target\":[\"https:\\\/\\\/www.revistarambla.com\\\/la-sostenibilidad-es-una-utopia-probablemente-necesaria\\\/#respond\"]}]},{\"@type\":\"WebPage\",\"@id\":\"https:\\\/\\\/www.revistarambla.com\\\/la-sostenibilidad-es-una-utopia-probablemente-necesaria\\\/\",\"url\":\"https:\\\/\\\/www.revistarambla.com\\\/la-sostenibilidad-es-una-utopia-probablemente-necesaria\\\/\",\"name\":\"\u201cLa sostenibilidad es una utop\u00eda probablemente necesaria\u201d - Revista Rambla\",\"isPartOf\":{\"@id\":\"https:\\\/\\\/www.revistarambla.com\\\/#website\"},\"primaryImageOfPage\":{\"@id\":\"https:\\\/\\\/www.revistarambla.com\\\/la-sostenibilidad-es-una-utopia-probablemente-necesaria\\\/#primaryimage\"},\"image\":{\"@id\":\"https:\\\/\\\/www.revistarambla.com\\\/la-sostenibilidad-es-una-utopia-probablemente-necesaria\\\/#primaryimage\"},\"thumbnailUrl\":\"https:\\\/\\\/www.revistarambla.com\\\/wp-content\\\/uploads\\\/2014\\\/10\\\/Ramon_Folch_Rambla_01.jpg\",\"datePublished\":\"2014-10-08T02:51:34+00:00\",\"breadcrumb\":{\"@id\":\"https:\\\/\\\/www.revistarambla.com\\\/la-sostenibilidad-es-una-utopia-probablemente-necesaria\\\/#breadcrumb\"},\"inLanguage\":\"en-GB\",\"potentialAction\":[{\"@type\":\"ReadAction\",\"target\":[\"https:\\\/\\\/www.revistarambla.com\\\/la-sostenibilidad-es-una-utopia-probablemente-necesaria\\\/\"]}]},{\"@type\":\"ImageObject\",\"inLanguage\":\"en-GB\",\"@id\":\"https:\\\/\\\/www.revistarambla.com\\\/la-sostenibilidad-es-una-utopia-probablemente-necesaria\\\/#primaryimage\",\"url\":\"https:\\\/\\\/www.revistarambla.com\\\/wp-content\\\/uploads\\\/2014\\\/10\\\/Ramon_Folch_Rambla_01.jpg\",\"contentUrl\":\"https:\\\/\\\/www.revistarambla.com\\\/wp-content\\\/uploads\\\/2014\\\/10\\\/Ramon_Folch_Rambla_01.jpg\"},{\"@type\":\"BreadcrumbList\",\"@id\":\"https:\\\/\\\/www.revistarambla.com\\\/la-sostenibilidad-es-una-utopia-probablemente-necesaria\\\/#breadcrumb\",\"itemListElement\":[{\"@type\":\"ListItem\",\"position\":1,\"name\":\"Portada\",\"item\":\"https:\\\/\\\/www.revistarambla.com\\\/\"},{\"@type\":\"ListItem\",\"position\":2,\"name\":\"\u201cLa sostenibilidad es una utop\u00eda probablemente necesaria\u201d\"}]},{\"@type\":\"WebSite\",\"@id\":\"https:\\\/\\\/www.revistarambla.com\\\/#website\",\"url\":\"https:\\\/\\\/www.revistarambla.com\\\/\",\"name\":\"Revista Rambla Barcelona\",\"description\":\"Periodismo independiente\",\"publisher\":{\"@id\":\"https:\\\/\\\/www.revistarambla.com\\\/#organization\"},\"potentialAction\":[{\"@type\":\"SearchAction\",\"target\":{\"@type\":\"EntryPoint\",\"urlTemplate\":\"https:\\\/\\\/www.revistarambla.com\\\/?s={search_term_string}\"},\"query-input\":{\"@type\":\"PropertyValueSpecification\",\"valueRequired\":true,\"valueName\":\"search_term_string\"}}],\"inLanguage\":\"en-GB\"},{\"@type\":\"Organization\",\"@id\":\"https:\\\/\\\/www.revistarambla.com\\\/#organization\",\"name\":\"Revista Rambla\",\"url\":\"https:\\\/\\\/www.revistarambla.com\\\/\",\"logo\":{\"@type\":\"ImageObject\",\"inLanguage\":\"en-GB\",\"@id\":\"https:\\\/\\\/www.revistarambla.com\\\/#\\\/schema\\\/logo\\\/image\\\/\",\"url\":\"https:\\\/\\\/www.revistarambla.com\\\/wp-content\\\/uploads\\\/2020\\\/09\\\/banner_rambla_1900x600_BB.png\",\"contentUrl\":\"https:\\\/\\\/www.revistarambla.com\\\/wp-content\\\/uploads\\\/2020\\\/09\\\/banner_rambla_1900x600_BB.png\",\"width\":1900,\"height\":600,\"caption\":\"Revista Rambla\"},\"image\":{\"@id\":\"https:\\\/\\\/www.revistarambla.com\\\/#\\\/schema\\\/logo\\\/image\\\/\"},\"sameAs\":[\"https:\\\/\\\/www.facebook.com\\\/revistarambla\\\/\",\"https:\\\/\\\/x.com\\\/revistarambla\",\"https:\\\/\\\/www.instagram.com\\\/revista_rambla\",\"https:\\\/\\\/es.linkedin.com\\\/company\\\/revista-rambla\"]},{\"@type\":\"Person\",\"@id\":\"https:\\\/\\\/www.revistarambla.com\\\/#\\\/schema\\\/person\\\/4a5652fc8c82df1f8593002d038cd79e\",\"name\":\"admin\"}]}<\/script>\n<!-- \/ Yoast SEO plugin. -->","yoast_head_json":{"title":"\u201cLa sostenibilidad es una utop\u00eda probablemente necesaria\u201d - Revista Rambla","robots":{"index":"index","follow":"follow","max-snippet":"max-snippet:-1","max-image-preview":"max-image-preview:large","max-video-preview":"max-video-preview:-1"},"canonical":"https:\/\/www.revistarambla.com\/en\/la-sostenibilidad-es-una-utopia-probablemente-necesaria\/","og_locale":"en_GB","og_type":"article","og_title":"\u201cLa sostenibilidad es una utop\u00eda probablemente necesaria\u201d - Revista Rambla","og_description":"La sostenibilidad concierne a todos los aspectos de la actividad econ\u00f3mica, social y ambiental \u00a0","og_url":"https:\/\/www.revistarambla.com\/en\/la-sostenibilidad-es-una-utopia-probablemente-necesaria\/","og_site_name":"Revista Rambla","article_publisher":"https:\/\/www.facebook.com\/revistarambla\/","article_published_time":"2014-10-08T02:51:34+00:00","og_image":[{"width":682,"height":430,"url":"https:\/\/i2.wp.com\/www.revistarambla.com\/wp-content\/uploads\/2014\/10\/Ramon_Folch_Rambla_01.jpg?fit=682%2C430&ssl=1","type":"image\/jpeg"}],"author":"admin","twitter_card":"summary_large_image","twitter_creator":"@revistarambla","twitter_site":"@revistarambla","twitter_misc":{"Written by":"admin","Estimated reading time":"10 minutes"},"schema":{"@context":"https:\/\/schema.org","@graph":[{"@type":"Article","@id":"https:\/\/www.revistarambla.com\/la-sostenibilidad-es-una-utopia-probablemente-necesaria\/#article","isPartOf":{"@id":"https:\/\/www.revistarambla.com\/la-sostenibilidad-es-una-utopia-probablemente-necesaria\/"},"author":{"name":"admin","@id":"https:\/\/www.revistarambla.com\/#\/schema\/person\/4a5652fc8c82df1f8593002d038cd79e"},"headline":"\u201cLa sostenibilidad es una utop\u00eda probablemente necesaria\u201d","datePublished":"2014-10-08T02:51:34+00:00","mainEntityOfPage":{"@id":"https:\/\/www.revistarambla.com\/la-sostenibilidad-es-una-utopia-probablemente-necesaria\/"},"wordCount":2102,"commentCount":1,"publisher":{"@id":"https:\/\/www.revistarambla.com\/#organization"},"image":{"@id":"https:\/\/www.revistarambla.com\/la-sostenibilidad-es-una-utopia-probablemente-necesaria\/#primaryimage"},"thumbnailUrl":"https:\/\/www.revistarambla.com\/wp-content\/uploads\/2014\/10\/Ramon_Folch_Rambla_01.jpg","articleSection":["Estado Espa\u00f1ol"],"inLanguage":"en-GB","potentialAction":[{"@type":"CommentAction","name":"Comment","target":["https:\/\/www.revistarambla.com\/la-sostenibilidad-es-una-utopia-probablemente-necesaria\/#respond"]}]},{"@type":"WebPage","@id":"https:\/\/www.revistarambla.com\/la-sostenibilidad-es-una-utopia-probablemente-necesaria\/","url":"https:\/\/www.revistarambla.com\/la-sostenibilidad-es-una-utopia-probablemente-necesaria\/","name":"\u201cLa sostenibilidad es una utop\u00eda probablemente necesaria\u201d - Revista Rambla","isPartOf":{"@id":"https:\/\/www.revistarambla.com\/#website"},"primaryImageOfPage":{"@id":"https:\/\/www.revistarambla.com\/la-sostenibilidad-es-una-utopia-probablemente-necesaria\/#primaryimage"},"image":{"@id":"https:\/\/www.revistarambla.com\/la-sostenibilidad-es-una-utopia-probablemente-necesaria\/#primaryimage"},"thumbnailUrl":"https:\/\/www.revistarambla.com\/wp-content\/uploads\/2014\/10\/Ramon_Folch_Rambla_01.jpg","datePublished":"2014-10-08T02:51:34+00:00","breadcrumb":{"@id":"https:\/\/www.revistarambla.com\/la-sostenibilidad-es-una-utopia-probablemente-necesaria\/#breadcrumb"},"inLanguage":"en-GB","potentialAction":[{"@type":"ReadAction","target":["https:\/\/www.revistarambla.com\/la-sostenibilidad-es-una-utopia-probablemente-necesaria\/"]}]},{"@type":"ImageObject","inLanguage":"en-GB","@id":"https:\/\/www.revistarambla.com\/la-sostenibilidad-es-una-utopia-probablemente-necesaria\/#primaryimage","url":"https:\/\/www.revistarambla.com\/wp-content\/uploads\/2014\/10\/Ramon_Folch_Rambla_01.jpg","contentUrl":"https:\/\/www.revistarambla.com\/wp-content\/uploads\/2014\/10\/Ramon_Folch_Rambla_01.jpg"},{"@type":"BreadcrumbList","@id":"https:\/\/www.revistarambla.com\/la-sostenibilidad-es-una-utopia-probablemente-necesaria\/#breadcrumb","itemListElement":[{"@type":"ListItem","position":1,"name":"Portada","item":"https:\/\/www.revistarambla.com\/"},{"@type":"ListItem","position":2,"name":"\u201cLa sostenibilidad es una utop\u00eda probablemente necesaria\u201d"}]},{"@type":"WebSite","@id":"https:\/\/www.revistarambla.com\/#website","url":"https:\/\/www.revistarambla.com\/","name":"Revista Rambla Barcelona","description":"Periodismo independiente","publisher":{"@id":"https:\/\/www.revistarambla.com\/#organization"},"potentialAction":[{"@type":"SearchAction","target":{"@type":"EntryPoint","urlTemplate":"https:\/\/www.revistarambla.com\/?s={search_term_string}"},"query-input":{"@type":"PropertyValueSpecification","valueRequired":true,"valueName":"search_term_string"}}],"inLanguage":"en-GB"},{"@type":"Organization","@id":"https:\/\/www.revistarambla.com\/#organization","name":"Revista Rambla","url":"https:\/\/www.revistarambla.com\/","logo":{"@type":"ImageObject","inLanguage":"en-GB","@id":"https:\/\/www.revistarambla.com\/#\/schema\/logo\/image\/","url":"https:\/\/www.revistarambla.com\/wp-content\/uploads\/2020\/09\/banner_rambla_1900x600_BB.png","contentUrl":"https:\/\/www.revistarambla.com\/wp-content\/uploads\/2020\/09\/banner_rambla_1900x600_BB.png","width":1900,"height":600,"caption":"Revista Rambla"},"image":{"@id":"https:\/\/www.revistarambla.com\/#\/schema\/logo\/image\/"},"sameAs":["https:\/\/www.facebook.com\/revistarambla\/","https:\/\/x.com\/revistarambla","https:\/\/www.instagram.com\/revista_rambla","https:\/\/es.linkedin.com\/company\/revista-rambla"]},{"@type":"Person","@id":"https:\/\/www.revistarambla.com\/#\/schema\/person\/4a5652fc8c82df1f8593002d038cd79e","name":"admin"}]}},"_links":{"self":[{"href":"https:\/\/www.revistarambla.com\/en\/wp-json\/wp\/v2\/posts\/6075","targetHints":{"allow":["GET"]}}],"collection":[{"href":"https:\/\/www.revistarambla.com\/en\/wp-json\/wp\/v2\/posts"}],"about":[{"href":"https:\/\/www.revistarambla.com\/en\/wp-json\/wp\/v2\/types\/post"}],"author":[{"embeddable":true,"href":"https:\/\/www.revistarambla.com\/en\/wp-json\/wp\/v2\/users\/1"}],"replies":[{"embeddable":true,"href":"https:\/\/www.revistarambla.com\/en\/wp-json\/wp\/v2\/comments?post=6075"}],"version-history":[{"count":0,"href":"https:\/\/www.revistarambla.com\/en\/wp-json\/wp\/v2\/posts\/6075\/revisions"}],"wp:attachment":[{"href":"https:\/\/www.revistarambla.com\/en\/wp-json\/wp\/v2\/media?parent=6075"}],"wp:term":[{"taxonomy":"category","embeddable":true,"href":"https:\/\/www.revistarambla.com\/en\/wp-json\/wp\/v2\/categories?post=6075"},{"taxonomy":"post_tag","embeddable":true,"href":"https:\/\/www.revistarambla.com\/en\/wp-json\/wp\/v2\/tags?post=6075"}],"curies":[{"name":"wp","href":"https:\/\/api.w.org\/{rel}","templated":true}]}}