{"id":603,"date":"2010-11-23T12:05:37","date_gmt":"2010-11-23T11:05:37","guid":{"rendered":"https:\/\/www.revistarambla.com\/coger-la-vida-al-vuelo\/"},"modified":"2023-12-29T13:45:06","modified_gmt":"2023-12-29T12:45:06","slug":"coger-la-vida-al-vuelo","status":"publish","type":"post","link":"https:\/\/www.revistarambla.com\/en\/coger-la-vida-al-vuelo\/","title":{"rendered":"Coger la vida al vuelo"},"content":{"rendered":"<p><img decoding=\"async\" class=\"alignright\" src=\"https:\/\/www.revistarambla.com\/wp-content\/uploads\/2010\/11\/Faro%20jpg.jpg\" alt=\"alt\" width=\"403\" height=\"145\" \/><\/p>\n<p style=\"text-align: left;\">Caminando a tientas por esa casa llena de espejos, rebosante de cajones cerrados (en cada uno hay una cosa in\u00fatil, anillos y chales de la se\u00f1ora Ramsay tal vez, entre corales y amatistas), una pl\u00e9tora de visillos y cortinas, una r\u00e1faga de viento en la ventana (all\u00ed sol\u00eda sentarse, la espalda muy erguida), y afuera el jard\u00edn, deformado, arruinado como una ciudad tomada, derrotado, porque \u00e9sa es la labor de la naturaleza, destrozar, consumir, devastar, para luego, como por milagro, deslumbrarnos con una incomprensible y obstinada explosi\u00f3n de crecimiento, hasta que llega el momento en que nadie se atreve ya a negar el hecho de que los cardos rompen contumaces los azulejos de la cocina y los tordos anidan sobre las l\u00e1mparas. Es aqu\u00ed cuando \u00abla se\u00f1ora McNab, rasgando el velo del silencio con las manos que hab\u00edan permanecido en la tina de la ropa, tritur\u00e1ndolo con las botas que hab\u00edan aplastado los guijarros, lleg\u00f3 tal como se le hab\u00eda indicado, para abrir todas las ventanas y limpiar el polvo en los dormitorios\u00bb.<\/p>\n<p style=\"text-align: left;\">Pero la se\u00f1ora McNab es demasiado poca cosa. Nada puede hacer contra \u00abaquellos aires vagabundos\u00bb, ning\u00fan arma puede esgrimir (azotando alfombras, frotando suelos, mirando de soslayo) contra ese \u00abdiluvio de oscuridad\u00bb. A la primavera y su manto de silencio (porque Prue muri\u00f3 en la plenitud de su belleza), siguen las breves noches del verano, y entonces, \u00aben medio de aquel silencio, aquella indiferencia, aquella integridad, se o\u00eda el ruido sordo de algo que ca\u00eda\u00bb (Andrew muri\u00f3 instant\u00e1neamente cuando el ob\u00fas hizo explosi\u00f3n). Quiz\u00e1 Andrew hubiese sido un gran matem\u00e1tico; quiz\u00e1s Prue hubiese hecho renacer la imagen sagrada, madre junto a hijo, enlazados, sosteni\u00e9ndose. Pero no, no es posible, ya nunca lo ser\u00e1. (Lily Briscoe supo que Minta com\u00eda un s\u00e1ndwich en mitad de la noche, mientras Paul jugaba al ajedrez en alg\u00fan caf\u00e9 de <a href=\"https:\/\/es.wikipedia.org\/wiki\/Londres\">Londres<\/a>.) No, se\u00f1ora Ramsay, piensa Lily con alivio, aquello es anticuado, ya no vale, las frases de la anciana Beckwith (todo es muy bonito, muy agradable, deb\u00e9is ser muy felices), est\u00e1n huecas y descoloridas, pues Paul tiene una amante y ahora los dos son buenos amigos.<\/p>\n<p style=\"text-align: left;\">Y, sin embargo, todav\u00eda queda el espacio vac\u00edo en la escalera, donde la se\u00f1ora Ramsay sol\u00eda sentarse, James a sus pies, para gobernar el nav\u00edo errante con manos firmes, a salvo de las dudas, consintiendo que su belleza, desparramada por suelos y salones, cortase la respiraci\u00f3n de quienes la contemplaban (tejiendo la media marr\u00f3n, portando la cesta en sus brazos, para los pobres, para las mujeres que mueren de c\u00e1ncer en el pueblo). Ahora Lily ve claramente ese espacio vac\u00edo; todo el problema reside en \u00e9l (\u00abten\u00eda que apresar algo que se le escapaba\u00bb). Hay un seto, una madre con su hijo, luces aqu\u00ed y sombras all\u00e1, y en mitad del lienzo, ese enorme vac\u00edo, el enemigo terrible que la ha perseguido infatigable durante los diez \u00faltimos a\u00f1os. \u00bfPodr\u00e1 empu\u00f1ar de nuevo los pinceles y acorralarle, podr\u00e1 tenderle una emboscada, enfrentarse a \u00e9l definitivamente (ella, la diminuta Lily Briscoe, soltera a sus cuarenta y cuatro a\u00f1os)? \u00bfY todo esto mientras el poeta resopla en la hierba (porque el viejo Carmichael se estaba haciendo famoso) y el se\u00f1or Ramsay recita en voz alta (sus hijos bajan la vista) <em>Perecemos, absolutamente solos<\/em>, mientras el bote navega rumbo al faro?<\/p>\n<p style=\"text-align: left;\">La se\u00f1ora Ramsay muri\u00f3 de repente, con ella el sublime grupo de figuras, la madre junto al hijo, descansando, sosteni\u00e9ndose, que ya no volver\u00eda a repetirse (Lily suspira). Pero eso no bastaba. El se\u00f1or Ramsay arrastra todav\u00eda sus magn\u00edficas botas de cuero por el estudio, arriba y abajo, y despu\u00e9s por el jard\u00edn, recitando versos, aullando al cielo, pidiendo compasi\u00f3n. Lily no puede darle nada, no puede pintar. La presencia del se\u00f1or Ramsay, recitando y paseando, con la carga del conocimiento a sus espaldas, agita de nuevo el cuenco y entre las frases una asoma la cabeza: \u00ab\u00bfAcaso no se estropeaban las cosas por el hecho de decirlas?\u00bb<\/p>\n<p style=\"text-align: left;\">Pero \u00bfpor qu\u00e9 pintar, al fin y al cabo? \u00bfC\u00f3mo pintar no s\u00f3lo en la mente, cuando el problema del vac\u00edo parece resolverse con facilidad asombrosa, sino ahora, sin escape, frente a frente con el \u00abblanco e intransigente\u00bb lienzo? \u00bfCon qu\u00e9 tipo de fuerzas empu\u00f1ar el pincel y medirse con el terrible enemigo, el vac\u00edo en el centro? \u00bfAcaso era necesario medirse? \u00bfNo es m\u00e1s f\u00e1cil conversar entre la gente (ah\u00ed est\u00e1 el se\u00f1or Carmichael, tumbado en el c\u00e9sped)? \u00bfPor qu\u00e9 no rendirse, por qu\u00e9 no dar la espalda a esa tarea agotadora que es sostener desafiante la mirada al centro vac\u00edo? \u00bfPor qu\u00e9 siempre \u00abexponerse sin protecci\u00f3n al azote de todas las dudas\u00bb? Pero no, (Lily lo sabe) \u00abno se le puede decir nada a nadie\u00bb (\u00absobre la vida, sobre la muerte, sobre la se\u00f1ora Ramsay\u00bb); (Virginia Woolf lo sabe) \u00abde la confrontaci\u00f3n se sale siempre derrotado\u00bb. No obstante, Lily Briscoe moja finalmente el pincel al comp\u00e1s \u00abde alg\u00fan ritmo que recib\u00eda al dictado de las cosas que ve\u00eda\u2026\u00bb, \u00aby al mismo tiempo perd\u00eda la conciencia de las cosas exteriores, as\u00ed como de su nombre, su personalidad y su aspecto\u00bb. S\u00ed, la lejan\u00eda del yo, pensamos, el olvido de s\u00ed, el arte. \u00abAqu\u00ed la vida permanece detenida\u00bb.<\/p>\n<p style=\"text-align: left;\">El cuadro podr\u00eda acabar en el \u00e1tico, o enrollado quiz\u00e1 bajo el sof\u00e1, pero eso no ten\u00eda ninguna importancia. Porque no es el cuadro, no es <em>este<\/em> cuadro (ni este poema, ni esta novela, ni este ensayo) lo que cuenta. Es el intento, es el prop\u00f3sito, la b\u00fasqueda, son los instantes de \u00abvisi\u00f3n moment\u00e1nea\u00bb, el fulgor de las cerillas rasgando la oscuridad; es la divinidad (que de ordinario est\u00e1 enfadada) cuando concede un instante de tregua en los interminables esfuerzos y el acr\u00f3bata da un salto imposible. Entonces decimos \u2013alegres, exhaustos, con l\u00e1grimas corriendo por las mejillas\u2013 \u00e9sta ha sido mi visi\u00f3n (el significado de la vida), \u00e9sta fue mi parte en la belleza (toman forma los vanos arabescos). Despu\u00e9s de mil ataques y mil dudas (\u00abAtr\u00e1pala y vuelve a empezar; atr\u00e1pala y vuelve a empezar\u00bb), Lily Briscoe \u00abtraz\u00f3 una l\u00ednea all\u00ed, en el centro\u00bb.<\/p>\n<p style=\"text-align: left;\"><em>Al faro <\/em>(\u00bfqui\u00e9n podr\u00eda definirla?) termina as\u00ed, con un desembarco en una isla en la que se alza un faro, un anciano que extiende los brazos para abarcar su muerte, un instante de luz frente a un lienzo en el jard\u00edn abandonado de los Ramsay.<\/p>","protected":false},"excerpt":{"rendered":"<p>Caminando a tientas por esa casa llena de espejos, rebosante de cajones cerrados (en cada uno hay una cosa in\u00fatil, anillos y chales de la se\u00f1ora Ramsay tal vez, entre corales y amatistas), una pl\u00e9tora de visillos y cortinas, una r\u00e1faga de viento en la ventana (all\u00ed sol\u00eda sentarse, la [&hellip;]<\/p>\n","protected":false},"author":31,"featured_media":0,"comment_status":"open","ping_status":"open","sticky":false,"template":"","format":"standard","meta":{"footnotes":""},"categories":[75],"tags":[],"class_list":["post-603","post","type-post","status-publish","format-standard","hentry","category-letras-y-cuentos"],"yoast_head":"<!-- This site is optimized with the Yoast SEO plugin v27.5 - https:\/\/yoast.com\/product\/yoast-seo-wordpress\/ -->\n<title>Coger la vida al vuelo (Ramsay) - Revista Rambla (Letras y cuentos)<\/title>\n<meta name=\"description\" content=\"Caminando a tientas por esa casa llena de espejos, rebosante de cajones cerrados (en cada uno hay una cosa in\u00fatil, anillos y chales de la se\u00f1ora Ramsay...\" \/>\n<meta name=\"robots\" content=\"index, follow, max-snippet:-1, max-image-preview:large, max-video-preview:-1\" \/>\n<link rel=\"canonical\" href=\"https:\/\/www.revistarambla.com\/en\/coger-la-vida-al-vuelo\/\" \/>\n<meta property=\"og:locale\" content=\"en_GB\" \/>\n<meta property=\"og:type\" content=\"article\" \/>\n<meta property=\"og:title\" content=\"Coger la vida al vuelo (Ramsay) - Revista Rambla (Letras y cuentos)\" \/>\n<meta property=\"og:description\" content=\"Caminando a tientas por esa casa llena de espejos, rebosante de cajones cerrados (en cada uno hay una cosa in\u00fatil, anillos y chales de la se\u00f1ora Ramsay...\" \/>\n<meta property=\"og:url\" content=\"https:\/\/www.revistarambla.com\/en\/coger-la-vida-al-vuelo\/\" \/>\n<meta property=\"og:site_name\" content=\"Revista Rambla\" \/>\n<meta property=\"article:publisher\" content=\"https:\/\/www.facebook.com\/revistarambla\/\" \/>\n<meta property=\"article:published_time\" content=\"2010-11-23T11:05:37+00:00\" \/>\n<meta property=\"article:modified_time\" content=\"2023-12-29T12:45:06+00:00\" \/>\n<meta property=\"og:image\" content=\"https:\/\/www.revistarambla.com\/wp-content\/uploads\/2010\/11\/Faro%20jpg.jpg\" \/>\n<meta name=\"author\" content=\"Aida M\u00edguez Barciela\" \/>\n<meta name=\"twitter:card\" content=\"summary_large_image\" \/>\n<meta name=\"twitter:creator\" content=\"@revistarambla\" \/>\n<meta name=\"twitter:site\" content=\"@revistarambla\" \/>\n<meta name=\"twitter:label1\" content=\"Written by\" \/>\n\t<meta name=\"twitter:data1\" content=\"Aida M\u00edguez Barciela\" \/>\n\t<meta name=\"twitter:label2\" content=\"Estimated reading time\" \/>\n\t<meta name=\"twitter:data2\" content=\"5 minutes\" \/>\n<script type=\"application\/ld+json\" class=\"yoast-schema-graph\">{\"@context\":\"https:\\\/\\\/schema.org\",\"@graph\":[{\"@type\":\"Article\",\"@id\":\"https:\\\/\\\/www.revistarambla.com\\\/coger-la-vida-al-vuelo\\\/#article\",\"isPartOf\":{\"@id\":\"https:\\\/\\\/www.revistarambla.com\\\/coger-la-vida-al-vuelo\\\/\"},\"author\":{\"name\":\"Aida M\u00edguez Barciela\",\"@id\":\"https:\\\/\\\/www.revistarambla.com\\\/#\\\/schema\\\/person\\\/25a0419bcd668768d91ea2aed2fa2b3f\"},\"headline\":\"Coger la vida al vuelo\",\"datePublished\":\"2010-11-23T11:05:37+00:00\",\"dateModified\":\"2023-12-29T12:45:06+00:00\",\"mainEntityOfPage\":{\"@id\":\"https:\\\/\\\/www.revistarambla.com\\\/coger-la-vida-al-vuelo\\\/\"},\"wordCount\":1150,\"commentCount\":0,\"publisher\":{\"@id\":\"https:\\\/\\\/www.revistarambla.com\\\/#organization\"},\"image\":{\"@id\":\"https:\\\/\\\/www.revistarambla.com\\\/coger-la-vida-al-vuelo\\\/#primaryimage\"},\"thumbnailUrl\":\"https:\\\/\\\/www.revistarambla.com\\\/wp-content\\\/uploads\\\/2010\\\/11\\\/Faro%20jpg.jpg\",\"articleSection\":[\"Letras y Cuentos\"],\"inLanguage\":\"en-GB\",\"potentialAction\":[{\"@type\":\"CommentAction\",\"name\":\"Comment\",\"target\":[\"https:\\\/\\\/www.revistarambla.com\\\/coger-la-vida-al-vuelo\\\/#respond\"]}]},{\"@type\":\"WebPage\",\"@id\":\"https:\\\/\\\/www.revistarambla.com\\\/coger-la-vida-al-vuelo\\\/\",\"url\":\"https:\\\/\\\/www.revistarambla.com\\\/coger-la-vida-al-vuelo\\\/\",\"name\":\"Coger la vida al vuelo (Ramsay) - Revista Rambla (Letras y cuentos)\",\"isPartOf\":{\"@id\":\"https:\\\/\\\/www.revistarambla.com\\\/#website\"},\"primaryImageOfPage\":{\"@id\":\"https:\\\/\\\/www.revistarambla.com\\\/coger-la-vida-al-vuelo\\\/#primaryimage\"},\"image\":{\"@id\":\"https:\\\/\\\/www.revistarambla.com\\\/coger-la-vida-al-vuelo\\\/#primaryimage\"},\"thumbnailUrl\":\"https:\\\/\\\/www.revistarambla.com\\\/wp-content\\\/uploads\\\/2010\\\/11\\\/Faro%20jpg.jpg\",\"datePublished\":\"2010-11-23T11:05:37+00:00\",\"dateModified\":\"2023-12-29T12:45:06+00:00\",\"description\":\"Caminando a tientas por esa casa llena de espejos, rebosante de cajones cerrados (en cada uno hay una cosa in\u00fatil, anillos y chales de la se\u00f1ora Ramsay...\",\"breadcrumb\":{\"@id\":\"https:\\\/\\\/www.revistarambla.com\\\/coger-la-vida-al-vuelo\\\/#breadcrumb\"},\"inLanguage\":\"en-GB\",\"potentialAction\":[{\"@type\":\"ReadAction\",\"target\":[\"https:\\\/\\\/www.revistarambla.com\\\/coger-la-vida-al-vuelo\\\/\"]}]},{\"@type\":\"ImageObject\",\"inLanguage\":\"en-GB\",\"@id\":\"https:\\\/\\\/www.revistarambla.com\\\/coger-la-vida-al-vuelo\\\/#primaryimage\",\"url\":\"https:\\\/\\\/www.revistarambla.com\\\/wp-content\\\/uploads\\\/2010\\\/11\\\/Faro%20jpg.jpg\",\"contentUrl\":\"https:\\\/\\\/www.revistarambla.com\\\/wp-content\\\/uploads\\\/2010\\\/11\\\/Faro%20jpg.jpg\"},{\"@type\":\"BreadcrumbList\",\"@id\":\"https:\\\/\\\/www.revistarambla.com\\\/coger-la-vida-al-vuelo\\\/#breadcrumb\",\"itemListElement\":[{\"@type\":\"ListItem\",\"position\":1,\"name\":\"Portada\",\"item\":\"https:\\\/\\\/www.revistarambla.com\\\/\"},{\"@type\":\"ListItem\",\"position\":2,\"name\":\"Coger la vida al vuelo\"}]},{\"@type\":\"WebSite\",\"@id\":\"https:\\\/\\\/www.revistarambla.com\\\/#website\",\"url\":\"https:\\\/\\\/www.revistarambla.com\\\/\",\"name\":\"Revista Rambla Barcelona\",\"description\":\"Periodismo independiente\",\"publisher\":{\"@id\":\"https:\\\/\\\/www.revistarambla.com\\\/#organization\"},\"potentialAction\":[{\"@type\":\"SearchAction\",\"target\":{\"@type\":\"EntryPoint\",\"urlTemplate\":\"https:\\\/\\\/www.revistarambla.com\\\/?s={search_term_string}\"},\"query-input\":{\"@type\":\"PropertyValueSpecification\",\"valueRequired\":true,\"valueName\":\"search_term_string\"}}],\"inLanguage\":\"en-GB\"},{\"@type\":\"Organization\",\"@id\":\"https:\\\/\\\/www.revistarambla.com\\\/#organization\",\"name\":\"Revista Rambla\",\"url\":\"https:\\\/\\\/www.revistarambla.com\\\/\",\"logo\":{\"@type\":\"ImageObject\",\"inLanguage\":\"en-GB\",\"@id\":\"https:\\\/\\\/www.revistarambla.com\\\/#\\\/schema\\\/logo\\\/image\\\/\",\"url\":\"https:\\\/\\\/www.revistarambla.com\\\/wp-content\\\/uploads\\\/2020\\\/09\\\/banner_rambla_1900x600_BB.png\",\"contentUrl\":\"https:\\\/\\\/www.revistarambla.com\\\/wp-content\\\/uploads\\\/2020\\\/09\\\/banner_rambla_1900x600_BB.png\",\"width\":1900,\"height\":600,\"caption\":\"Revista Rambla\"},\"image\":{\"@id\":\"https:\\\/\\\/www.revistarambla.com\\\/#\\\/schema\\\/logo\\\/image\\\/\"},\"sameAs\":[\"https:\\\/\\\/www.facebook.com\\\/revistarambla\\\/\",\"https:\\\/\\\/x.com\\\/revistarambla\",\"https:\\\/\\\/www.instagram.com\\\/revista_rambla\",\"https:\\\/\\\/es.linkedin.com\\\/company\\\/revista-rambla\"]},{\"@type\":\"Person\",\"@id\":\"https:\\\/\\\/www.revistarambla.com\\\/#\\\/schema\\\/person\\\/25a0419bcd668768d91ea2aed2fa2b3f\",\"name\":\"Aida M\u00edguez Barciela\",\"description\":\"Doctora en Filosof\u00eda por la Universidad de Barcelona. Su trabajo de investigaci\u00f3n se centra en la hermen\u00e9utica de los textos griegos antiguos.\"}]}<\/script>\n<!-- \/ Yoast SEO plugin. -->","yoast_head_json":{"title":"Coger la vida al vuelo (Ramsay) - Revista Rambla (Letras y cuentos)","description":"Caminando a tientas por esa casa llena de espejos, rebosante de cajones cerrados (en cada uno hay una cosa in\u00fatil, anillos y chales de la se\u00f1ora Ramsay...","robots":{"index":"index","follow":"follow","max-snippet":"max-snippet:-1","max-image-preview":"max-image-preview:large","max-video-preview":"max-video-preview:-1"},"canonical":"https:\/\/www.revistarambla.com\/en\/coger-la-vida-al-vuelo\/","og_locale":"en_GB","og_type":"article","og_title":"Coger la vida al vuelo (Ramsay) - Revista Rambla (Letras y cuentos)","og_description":"Caminando a tientas por esa casa llena de espejos, rebosante de cajones cerrados (en cada uno hay una cosa in\u00fatil, anillos y chales de la se\u00f1ora Ramsay...","og_url":"https:\/\/www.revistarambla.com\/en\/coger-la-vida-al-vuelo\/","og_site_name":"Revista Rambla","article_publisher":"https:\/\/www.facebook.com\/revistarambla\/","article_published_time":"2010-11-23T11:05:37+00:00","article_modified_time":"2023-12-29T12:45:06+00:00","og_image":[{"url":"https:\/\/www.revistarambla.com\/wp-content\/uploads\/2010\/11\/Faro%20jpg.jpg","type":"","width":"","height":""}],"author":"Aida M\u00edguez Barciela","twitter_card":"summary_large_image","twitter_creator":"@revistarambla","twitter_site":"@revistarambla","twitter_misc":{"Written by":"Aida M\u00edguez Barciela","Estimated reading time":"5 minutes"},"schema":{"@context":"https:\/\/schema.org","@graph":[{"@type":"Article","@id":"https:\/\/www.revistarambla.com\/coger-la-vida-al-vuelo\/#article","isPartOf":{"@id":"https:\/\/www.revistarambla.com\/coger-la-vida-al-vuelo\/"},"author":{"name":"Aida M\u00edguez Barciela","@id":"https:\/\/www.revistarambla.com\/#\/schema\/person\/25a0419bcd668768d91ea2aed2fa2b3f"},"headline":"Coger la vida al vuelo","datePublished":"2010-11-23T11:05:37+00:00","dateModified":"2023-12-29T12:45:06+00:00","mainEntityOfPage":{"@id":"https:\/\/www.revistarambla.com\/coger-la-vida-al-vuelo\/"},"wordCount":1150,"commentCount":0,"publisher":{"@id":"https:\/\/www.revistarambla.com\/#organization"},"image":{"@id":"https:\/\/www.revistarambla.com\/coger-la-vida-al-vuelo\/#primaryimage"},"thumbnailUrl":"https:\/\/www.revistarambla.com\/wp-content\/uploads\/2010\/11\/Faro%20jpg.jpg","articleSection":["Letras y Cuentos"],"inLanguage":"en-GB","potentialAction":[{"@type":"CommentAction","name":"Comment","target":["https:\/\/www.revistarambla.com\/coger-la-vida-al-vuelo\/#respond"]}]},{"@type":"WebPage","@id":"https:\/\/www.revistarambla.com\/coger-la-vida-al-vuelo\/","url":"https:\/\/www.revistarambla.com\/coger-la-vida-al-vuelo\/","name":"Coger la vida al vuelo (Ramsay) - Revista Rambla (Letras y cuentos)","isPartOf":{"@id":"https:\/\/www.revistarambla.com\/#website"},"primaryImageOfPage":{"@id":"https:\/\/www.revistarambla.com\/coger-la-vida-al-vuelo\/#primaryimage"},"image":{"@id":"https:\/\/www.revistarambla.com\/coger-la-vida-al-vuelo\/#primaryimage"},"thumbnailUrl":"https:\/\/www.revistarambla.com\/wp-content\/uploads\/2010\/11\/Faro%20jpg.jpg","datePublished":"2010-11-23T11:05:37+00:00","dateModified":"2023-12-29T12:45:06+00:00","description":"Caminando a tientas por esa casa llena de espejos, rebosante de cajones cerrados (en cada uno hay una cosa in\u00fatil, anillos y chales de la se\u00f1ora Ramsay...","breadcrumb":{"@id":"https:\/\/www.revistarambla.com\/coger-la-vida-al-vuelo\/#breadcrumb"},"inLanguage":"en-GB","potentialAction":[{"@type":"ReadAction","target":["https:\/\/www.revistarambla.com\/coger-la-vida-al-vuelo\/"]}]},{"@type":"ImageObject","inLanguage":"en-GB","@id":"https:\/\/www.revistarambla.com\/coger-la-vida-al-vuelo\/#primaryimage","url":"https:\/\/www.revistarambla.com\/wp-content\/uploads\/2010\/11\/Faro%20jpg.jpg","contentUrl":"https:\/\/www.revistarambla.com\/wp-content\/uploads\/2010\/11\/Faro%20jpg.jpg"},{"@type":"BreadcrumbList","@id":"https:\/\/www.revistarambla.com\/coger-la-vida-al-vuelo\/#breadcrumb","itemListElement":[{"@type":"ListItem","position":1,"name":"Portada","item":"https:\/\/www.revistarambla.com\/"},{"@type":"ListItem","position":2,"name":"Coger la vida al vuelo"}]},{"@type":"WebSite","@id":"https:\/\/www.revistarambla.com\/#website","url":"https:\/\/www.revistarambla.com\/","name":"Revista Rambla Barcelona","description":"Periodismo independiente","publisher":{"@id":"https:\/\/www.revistarambla.com\/#organization"},"potentialAction":[{"@type":"SearchAction","target":{"@type":"EntryPoint","urlTemplate":"https:\/\/www.revistarambla.com\/?s={search_term_string}"},"query-input":{"@type":"PropertyValueSpecification","valueRequired":true,"valueName":"search_term_string"}}],"inLanguage":"en-GB"},{"@type":"Organization","@id":"https:\/\/www.revistarambla.com\/#organization","name":"Revista Rambla","url":"https:\/\/www.revistarambla.com\/","logo":{"@type":"ImageObject","inLanguage":"en-GB","@id":"https:\/\/www.revistarambla.com\/#\/schema\/logo\/image\/","url":"https:\/\/www.revistarambla.com\/wp-content\/uploads\/2020\/09\/banner_rambla_1900x600_BB.png","contentUrl":"https:\/\/www.revistarambla.com\/wp-content\/uploads\/2020\/09\/banner_rambla_1900x600_BB.png","width":1900,"height":600,"caption":"Revista Rambla"},"image":{"@id":"https:\/\/www.revistarambla.com\/#\/schema\/logo\/image\/"},"sameAs":["https:\/\/www.facebook.com\/revistarambla\/","https:\/\/x.com\/revistarambla","https:\/\/www.instagram.com\/revista_rambla","https:\/\/es.linkedin.com\/company\/revista-rambla"]},{"@type":"Person","@id":"https:\/\/www.revistarambla.com\/#\/schema\/person\/25a0419bcd668768d91ea2aed2fa2b3f","name":"Aida M\u00edguez Barciela","description":"Doctora en Filosof\u00eda por la Universidad de Barcelona. Su trabajo de investigaci\u00f3n se centra en la hermen\u00e9utica de los textos griegos antiguos."}]}},"_links":{"self":[{"href":"https:\/\/www.revistarambla.com\/en\/wp-json\/wp\/v2\/posts\/603","targetHints":{"allow":["GET"]}}],"collection":[{"href":"https:\/\/www.revistarambla.com\/en\/wp-json\/wp\/v2\/posts"}],"about":[{"href":"https:\/\/www.revistarambla.com\/en\/wp-json\/wp\/v2\/types\/post"}],"author":[{"embeddable":true,"href":"https:\/\/www.revistarambla.com\/en\/wp-json\/wp\/v2\/users\/31"}],"replies":[{"embeddable":true,"href":"https:\/\/www.revistarambla.com\/en\/wp-json\/wp\/v2\/comments?post=603"}],"version-history":[{"count":1,"href":"https:\/\/www.revistarambla.com\/en\/wp-json\/wp\/v2\/posts\/603\/revisions"}],"predecessor-version":[{"id":57814,"href":"https:\/\/www.revistarambla.com\/en\/wp-json\/wp\/v2\/posts\/603\/revisions\/57814"}],"wp:attachment":[{"href":"https:\/\/www.revistarambla.com\/en\/wp-json\/wp\/v2\/media?parent=603"}],"wp:term":[{"taxonomy":"category","embeddable":true,"href":"https:\/\/www.revistarambla.com\/en\/wp-json\/wp\/v2\/categories?post=603"},{"taxonomy":"post_tag","embeddable":true,"href":"https:\/\/www.revistarambla.com\/en\/wp-json\/wp\/v2\/tags?post=603"}],"curies":[{"name":"wp","href":"https:\/\/api.w.org\/{rel}","templated":true}]}}