{"id":60256,"date":"2024-05-13T19:22:40","date_gmt":"2024-05-13T17:22:40","guid":{"rendered":"https:\/\/www.revistarambla.com\/?p=60256"},"modified":"2024-05-13T19:25:42","modified_gmt":"2024-05-13T17:25:42","slug":"el-dia-despues-de-las-elecciones-del-12-m","status":"publish","type":"post","link":"https:\/\/www.revistarambla.com\/en\/el-dia-despues-de-las-elecciones-del-12-m\/","title":{"rendered":"El d\u00eda despu\u00e9s de las elecciones del 12-M"},"content":{"rendered":"<p>No han pasado ni 24 horas desde el cierre de los colegios electorales en <a href=\"https:\/\/www.revistarambla.com\/en\/actualidad\/catalunya\/\">Catalunya<\/a> y ya tenemos algunas noticias m\u00e1s que rese\u00f1ables. <!--more-->Por un lado, el gran perdedor de las elecciones del 12-M, Pere Aragon\u00e8s, ha anunciado que deja la primera l\u00ednea de la pol\u00edtica, por otro, Puigdemont quiere presentarse a la investidura y, por su parte, el PSC dice que abre conversaciones para investir a Illa y avisa que no har\u00e1 a Puigdemont presidente a pesar de \u00ablas amenazas\u00bb.<\/p>\n<h2>Tras las elecciones del 12-M, Aragon\u00e8s lo deja<\/h2>\n<p>Efectivamente. El cabeza de lista de ERC en las elecciones del 12-M, Pere Aragon\u00e8s, ha anunciado que no recoger\u00e1 el acta de diputado en el Parlamento catal\u00e1n y que dejar\u00e1 la primera l\u00ednea pol\u00edtica despu\u00e9s de los malos resultados de su partido en las elecciones del 12-M. En una comparecencia este lunes en la sede de ERC, el presidente de la Generalitat en funciones ha explicado que \u00abfacilitar\u00e1 la transici\u00f3n\u00bb tanto en las instituciones catalanas como en el si de su formaci\u00f3n, y que despu\u00e9s se apartar\u00e1 de la primera l\u00ednea.<\/p>\n<p>As\u00ed pues, Aragon\u00e8s mantendr\u00e1 la presidencia de la Generalitat hasta que no haya un nuevo jefe del ejecutivo investido. En cuanto al cargo de coordinador nacional de ERC, Aragon\u00e8s lo mantendr\u00e1 a la espera de los procesos internos que se abrir\u00e1n a partir de ahora. De hecho, en las pr\u00f3ximas semanas el partido republicano abrir\u00e1 un debate sobre el futuro de la organizaci\u00f3n, incluida la direcci\u00f3n que comandan Oriol Junqueras y Marta Rovira. La posibilidad de un congreso los pr\u00f3ximos meses toma cada vez m\u00e1s fuerza.<\/p>\n<p>El candidato de ERC a las elecciones del 12-M ha insistido en que su partido ir\u00e1 a la oposici\u00f3n y que no entrar\u00e1 a formar parte de ning\u00fan gobierno. No ha aclarado, sin embargo, qu\u00e9 papel tendr\u00e1 la formaci\u00f3n en una hipot\u00e9tica investidura, sea del socialista Salvador Illa o del l\u00edder de Junts, Carles Puigdemont, los cuales ya han dicho que quieren presentarse. Aragon\u00e8s ha manifestado, por un lado, que ERC ser\u00e1 \u00abelemento de desbloqueo\u00bb y, del otro, que \u00abno facilitar\u00e1n\u00bb una investidura del PSC, \u00abni participar\u00e1n en operaciones\u00bb que necesiten el <a href=\"https:\/\/www.revistarambla.com\/en\/el-hard-rock-tarragona-y-la-regulacion-de-los-alquileres-complican-los-acuerdos-post-12m-en-catalunya\/\">acuerdo<\/a> de socialistas y Junts.<\/p>\n<p>El todav\u00eda presidente del ejecutivo catal\u00e1n ha indicado que ha tomado esta decisi\u00f3n por \u00abresponsabilidad y honestidad\u00bb, y durante el anuncio ha estado acompa\u00f1ado de Junqueras; de la portavoz y adjunta a la secretar\u00eda general, Marta Vilalta; de la n\u00famero 2 en el Congreso, Teresa Jord\u00e0; de la cabeza de lista en las europeas, Diana Riba; del presidente del grupo parlamentario, Josep Maria Jov\u00e9; y de la portavoz del partido, Raquel Sans, entre otros dirigentes de ERC.<\/p>\n<h2>Puigdemont quiere ser investido<\/h2>\n<p>Por su parte, el aspirante de Junts a la presidencia de la Generalitat, Carles Puigdemont, ha confirmado este lunes que se presentar\u00e1 como candidato a la investidura. \u00abCreemos que hay opciones de poder ir a la investidura y, por tanto, anunciar mi intenci\u00f3n de presentar mi candidatura a la presidencia de la Generalitat en el debate de investidura\u00bb, ha manifestado en una comparecencia al d\u00eda siguiente de haber quedado segundo en las elecciones al Parlamento de Catalu\u00f1a.<\/p>\n<p>Puigdemont ha a\u00f1adido que pedir\u00e1n a la c\u00e1mara catalana saber \u00abcu\u00e1ntos apoyos tiene cada candidato\u00bb que quiera ser investido para, \u00aba partir de ah\u00ed, tomar decisiones\u00bb. \u00abTenemos potencialmente m\u00e1s opciones en segunda votaci\u00f3n\u00bb, ha afirmado antes de a\u00f1adir que, \u00abtirando por lo bajo\u00bb, si \u00abhici\u00e9ramos un gobierno de coherencia soberanista\u00bb, podr\u00edan conseguir entre 55 y 59 votos, en funci\u00f3n de si se suma la CUP, mientras que calcula que el candidato del PSC, Salvador Illa, depende del PP, con el que sumar\u00eda 57.<\/p>\n<p>Adem\u00e1s, Puigdemont ha descartado \u00abamenazar\u00bb a Pedro S\u00e1nchez \u00abde que se acaba la investidura si hay un tripartito de izquierdas en Catalu\u00f1a\u00ab. El cabeza de lista de Junts ha indicado que lo que pone en riesgo \u00abel acuerdo de Bruselas\u00bb entre su partido y los socialistas \u00abser\u00edan los incumplimientos de este acuerdo\u00bb, citando como ejemplo un \u00abjuego sucio incoherente con los esfuerzos que estamos haciendo\u00bb, como considera que ser\u00eda \u00abapoyarse en el PP\u00bb.<\/p>\n<p>La candidatura de Puigdemont, que fue presidente entre 2016 y 2017, sum\u00f3 35 diputados, 3 m\u00e1s que la que lider\u00f3 Laura Borr\u00e0s en 2021 como cabeza de lista de Junts. El PSC se ha impuesto en el 12-M con 42 representantes, mientras que ERC se ha desplomado desde los 33 hasta los 20 esca\u00f1os.<\/p>\n<h2>El PSC abre conversaciones<\/h2>\n<p>Finalmente, el PSC da el pistoletazo de salida a las negociaciones para buscar apoyos para investir al candidato socialista Salvador Illa como nuevo presidente de la Generalitat de Catalunya. As\u00ed lo ha dicho la portavoz del partido, Nuria Parlon, despu\u00e9s de la reuni\u00f3n de la Comisi\u00f3n Ejecutiva de los socialistas catalanes, en que se ha aprobado constituir el grupo encargado de las conversaciones.<\/p>\n<p>Seg\u00fan Parlon, a los socialistas les gustar\u00eda poder entenderse con las fuerzas progresistas, pero ha afirmado que hablar\u00e1n con todo el mundo \u00abexcepto con quienes tenga discursos de odio\u00bb. Por otro lado, el PSC ya ha cerrado la puerta a facilitar la investidura del l\u00edder de Junts+, Carles Puigdemont, aunque \u00abamenace de bloquear el gobierno progresista del Estado\u00bb. \u00abEl independentismo no tiene una mayor\u00eda leg\u00edtima para reclamar el Govern\u00bb, ha dicho la portavoz de los socialistas catalanes.<\/p>","protected":false},"excerpt":{"rendered":"<p>Puigdemont se presenta a la investidura; Aragon\u00e8s deja la pol\u00edtica; el PSC abre conversaciones para investir a Illa<\/p>","protected":false},"author":3,"featured_media":56595,"comment_status":"closed","ping_status":"closed","sticky":false,"template":"","format":"standard","meta":{"footnotes":""},"categories":[59],"tags":[],"class_list":["post-60256","post","type-post","status-publish","format-standard","has-post-thumbnail","hentry","category-catalunya"],"yoast_head":"<!-- This site is optimized with the Yoast SEO plugin v27.5 - https:\/\/yoast.com\/product\/yoast-seo-wordpress\/ -->\n<title>El d\u00eda despu\u00e9s de las elecciones del 12-M - Revista Rambla<\/title>\n<meta name=\"description\" content=\"El gran perdedor de las elecciones del 12-M, Pere Aragon\u00e8s, ha anunciado que deja la primera l\u00ednea de la pol\u00edtica.\" \/>\n<meta name=\"robots\" content=\"index, follow, max-snippet:-1, max-image-preview:large, max-video-preview:-1\" \/>\n<link rel=\"canonical\" href=\"https:\/\/www.revistarambla.com\/en\/el-dia-despues-de-las-elecciones-del-12-m\/\" \/>\n<meta property=\"og:locale\" content=\"en_GB\" \/>\n<meta property=\"og:type\" content=\"article\" \/>\n<meta property=\"og:title\" content=\"El d\u00eda despu\u00e9s de las elecciones del 12-M - Revista Rambla\" \/>\n<meta property=\"og:description\" content=\"El gran perdedor de las elecciones del 12-M, Pere Aragon\u00e8s, ha anunciado que deja la primera l\u00ednea de la pol\u00edtica.\" \/>\n<meta property=\"og:url\" content=\"https:\/\/www.revistarambla.com\/en\/el-dia-despues-de-las-elecciones-del-12-m\/\" \/>\n<meta property=\"og:site_name\" content=\"Revista Rambla\" \/>\n<meta property=\"article:publisher\" content=\"https:\/\/www.facebook.com\/revistarambla\/\" \/>\n<meta property=\"article:author\" content=\"https:\/\/www.facebook.com\/revistarambla\" \/>\n<meta property=\"article:published_time\" content=\"2024-05-13T17:22:40+00:00\" \/>\n<meta property=\"article:modified_time\" content=\"2024-05-13T17:25:42+00:00\" \/>\n<meta property=\"og:image\" content=\"https:\/\/www.revistarambla.com\/wp-content\/uploads\/2023\/09\/aragones.jpeg\" \/>\n\t<meta property=\"og:image:width\" content=\"840\" \/>\n\t<meta property=\"og:image:height\" content=\"559\" \/>\n\t<meta property=\"og:image:type\" content=\"image\/jpeg\" \/>\n<meta name=\"author\" content=\"R@mbla\" \/>\n<meta name=\"twitter:card\" content=\"summary_large_image\" \/>\n<meta name=\"twitter:creator\" content=\"@revistarambla\" \/>\n<meta name=\"twitter:site\" content=\"@revistarambla\" \/>\n<meta name=\"twitter:label1\" content=\"Written by\" \/>\n\t<meta name=\"twitter:data1\" content=\"R@mbla\" \/>\n\t<meta name=\"twitter:label2\" content=\"Estimated reading time\" \/>\n\t<meta name=\"twitter:data2\" content=\"5 minutes\" \/>\n<script type=\"application\/ld+json\" class=\"yoast-schema-graph\">{\"@context\":\"https:\\\/\\\/schema.org\",\"@graph\":[{\"@type\":\"Article\",\"@id\":\"https:\\\/\\\/www.revistarambla.com\\\/el-dia-despues-de-las-elecciones-del-12-m\\\/#article\",\"isPartOf\":{\"@id\":\"https:\\\/\\\/www.revistarambla.com\\\/el-dia-despues-de-las-elecciones-del-12-m\\\/\"},\"author\":{\"name\":\"R@mbla\",\"@id\":\"https:\\\/\\\/www.revistarambla.com\\\/#\\\/schema\\\/person\\\/a146a5a2550b94981a75131180e1bd9c\"},\"headline\":\"El d\u00eda despu\u00e9s de las elecciones del 12-M\",\"datePublished\":\"2024-05-13T17:22:40+00:00\",\"dateModified\":\"2024-05-13T17:25:42+00:00\",\"mainEntityOfPage\":{\"@id\":\"https:\\\/\\\/www.revistarambla.com\\\/el-dia-despues-de-las-elecciones-del-12-m\\\/\"},\"wordCount\":940,\"publisher\":{\"@id\":\"https:\\\/\\\/www.revistarambla.com\\\/#organization\"},\"image\":{\"@id\":\"https:\\\/\\\/www.revistarambla.com\\\/el-dia-despues-de-las-elecciones-del-12-m\\\/#primaryimage\"},\"thumbnailUrl\":\"https:\\\/\\\/www.revistarambla.com\\\/wp-content\\\/uploads\\\/2023\\\/09\\\/aragones.jpeg\",\"articleSection\":[\"Catalunya\"],\"inLanguage\":\"en-GB\"},{\"@type\":\"WebPage\",\"@id\":\"https:\\\/\\\/www.revistarambla.com\\\/el-dia-despues-de-las-elecciones-del-12-m\\\/\",\"url\":\"https:\\\/\\\/www.revistarambla.com\\\/el-dia-despues-de-las-elecciones-del-12-m\\\/\",\"name\":\"El d\u00eda despu\u00e9s de las elecciones del 12-M - Revista Rambla\",\"isPartOf\":{\"@id\":\"https:\\\/\\\/www.revistarambla.com\\\/#website\"},\"primaryImageOfPage\":{\"@id\":\"https:\\\/\\\/www.revistarambla.com\\\/el-dia-despues-de-las-elecciones-del-12-m\\\/#primaryimage\"},\"image\":{\"@id\":\"https:\\\/\\\/www.revistarambla.com\\\/el-dia-despues-de-las-elecciones-del-12-m\\\/#primaryimage\"},\"thumbnailUrl\":\"https:\\\/\\\/www.revistarambla.com\\\/wp-content\\\/uploads\\\/2023\\\/09\\\/aragones.jpeg\",\"datePublished\":\"2024-05-13T17:22:40+00:00\",\"dateModified\":\"2024-05-13T17:25:42+00:00\",\"description\":\"El gran perdedor de las elecciones del 12-M, Pere Aragon\u00e8s, ha anunciado que deja la primera l\u00ednea de la pol\u00edtica.\",\"breadcrumb\":{\"@id\":\"https:\\\/\\\/www.revistarambla.com\\\/el-dia-despues-de-las-elecciones-del-12-m\\\/#breadcrumb\"},\"inLanguage\":\"en-GB\",\"potentialAction\":[{\"@type\":\"ReadAction\",\"target\":[\"https:\\\/\\\/www.revistarambla.com\\\/el-dia-despues-de-las-elecciones-del-12-m\\\/\"]}]},{\"@type\":\"ImageObject\",\"inLanguage\":\"en-GB\",\"@id\":\"https:\\\/\\\/www.revistarambla.com\\\/el-dia-despues-de-las-elecciones-del-12-m\\\/#primaryimage\",\"url\":\"https:\\\/\\\/www.revistarambla.com\\\/wp-content\\\/uploads\\\/2023\\\/09\\\/aragones.jpeg\",\"contentUrl\":\"https:\\\/\\\/www.revistarambla.com\\\/wp-content\\\/uploads\\\/2023\\\/09\\\/aragones.jpeg\",\"width\":840,\"height\":559,\"caption\":\"pere aragon\u00e8s elecciones del 12-m\"},{\"@type\":\"BreadcrumbList\",\"@id\":\"https:\\\/\\\/www.revistarambla.com\\\/el-dia-despues-de-las-elecciones-del-12-m\\\/#breadcrumb\",\"itemListElement\":[{\"@type\":\"ListItem\",\"position\":1,\"name\":\"Portada\",\"item\":\"https:\\\/\\\/www.revistarambla.com\\\/\"},{\"@type\":\"ListItem\",\"position\":2,\"name\":\"El d\u00eda despu\u00e9s de las elecciones del 12-M\"}]},{\"@type\":\"WebSite\",\"@id\":\"https:\\\/\\\/www.revistarambla.com\\\/#website\",\"url\":\"https:\\\/\\\/www.revistarambla.com\\\/\",\"name\":\"Revista Rambla Barcelona\",\"description\":\"Periodismo independiente\",\"publisher\":{\"@id\":\"https:\\\/\\\/www.revistarambla.com\\\/#organization\"},\"potentialAction\":[{\"@type\":\"SearchAction\",\"target\":{\"@type\":\"EntryPoint\",\"urlTemplate\":\"https:\\\/\\\/www.revistarambla.com\\\/?s={search_term_string}\"},\"query-input\":{\"@type\":\"PropertyValueSpecification\",\"valueRequired\":true,\"valueName\":\"search_term_string\"}}],\"inLanguage\":\"en-GB\"},{\"@type\":\"Organization\",\"@id\":\"https:\\\/\\\/www.revistarambla.com\\\/#organization\",\"name\":\"Revista Rambla\",\"url\":\"https:\\\/\\\/www.revistarambla.com\\\/\",\"logo\":{\"@type\":\"ImageObject\",\"inLanguage\":\"en-GB\",\"@id\":\"https:\\\/\\\/www.revistarambla.com\\\/#\\\/schema\\\/logo\\\/image\\\/\",\"url\":\"https:\\\/\\\/www.revistarambla.com\\\/wp-content\\\/uploads\\\/2020\\\/09\\\/banner_rambla_1900x600_BB.png\",\"contentUrl\":\"https:\\\/\\\/www.revistarambla.com\\\/wp-content\\\/uploads\\\/2020\\\/09\\\/banner_rambla_1900x600_BB.png\",\"width\":1900,\"height\":600,\"caption\":\"Revista Rambla\"},\"image\":{\"@id\":\"https:\\\/\\\/www.revistarambla.com\\\/#\\\/schema\\\/logo\\\/image\\\/\"},\"sameAs\":[\"https:\\\/\\\/www.facebook.com\\\/revistarambla\\\/\",\"https:\\\/\\\/x.com\\\/revistarambla\",\"https:\\\/\\\/www.instagram.com\\\/revista_rambla\",\"https:\\\/\\\/es.linkedin.com\\\/company\\\/revista-rambla\"]},{\"@type\":\"Person\",\"@id\":\"https:\\\/\\\/www.revistarambla.com\\\/#\\\/schema\\\/person\\\/a146a5a2550b94981a75131180e1bd9c\",\"name\":\"R@mbla\",\"description\":\"Este art\u00edculo ha sido redactado y\\\/o validado por el equipo de redacci\u00f3n de Revista Rambla.\",\"sameAs\":[\"https:\\\/\\\/www.revistarambla.com\\\/\",\"https:\\\/\\\/www.facebook.com\\\/revistarambla\",\"https:\\\/\\\/x.com\\\/revistarambla\"]}]}<\/script>\n<!-- \/ Yoast SEO plugin. -->","yoast_head_json":{"title":"El d\u00eda despu\u00e9s de las elecciones del 12-M - Revista Rambla","description":"El gran perdedor de las elecciones del 12-M, Pere Aragon\u00e8s, ha anunciado que deja la primera l\u00ednea de la pol\u00edtica.","robots":{"index":"index","follow":"follow","max-snippet":"max-snippet:-1","max-image-preview":"max-image-preview:large","max-video-preview":"max-video-preview:-1"},"canonical":"https:\/\/www.revistarambla.com\/en\/el-dia-despues-de-las-elecciones-del-12-m\/","og_locale":"en_GB","og_type":"article","og_title":"El d\u00eda despu\u00e9s de las elecciones del 12-M - Revista Rambla","og_description":"El gran perdedor de las elecciones del 12-M, Pere Aragon\u00e8s, ha anunciado que deja la primera l\u00ednea de la pol\u00edtica.","og_url":"https:\/\/www.revistarambla.com\/en\/el-dia-despues-de-las-elecciones-del-12-m\/","og_site_name":"Revista Rambla","article_publisher":"https:\/\/www.facebook.com\/revistarambla\/","article_author":"https:\/\/www.facebook.com\/revistarambla","article_published_time":"2024-05-13T17:22:40+00:00","article_modified_time":"2024-05-13T17:25:42+00:00","og_image":[{"width":840,"height":559,"url":"https:\/\/www.revistarambla.com\/wp-content\/uploads\/2023\/09\/aragones.jpeg","type":"image\/jpeg"}],"author":"R@mbla","twitter_card":"summary_large_image","twitter_creator":"@revistarambla","twitter_site":"@revistarambla","twitter_misc":{"Written by":"R@mbla","Estimated reading time":"5 minutes"},"schema":{"@context":"https:\/\/schema.org","@graph":[{"@type":"Article","@id":"https:\/\/www.revistarambla.com\/el-dia-despues-de-las-elecciones-del-12-m\/#article","isPartOf":{"@id":"https:\/\/www.revistarambla.com\/el-dia-despues-de-las-elecciones-del-12-m\/"},"author":{"name":"R@mbla","@id":"https:\/\/www.revistarambla.com\/#\/schema\/person\/a146a5a2550b94981a75131180e1bd9c"},"headline":"El d\u00eda despu\u00e9s de las elecciones del 12-M","datePublished":"2024-05-13T17:22:40+00:00","dateModified":"2024-05-13T17:25:42+00:00","mainEntityOfPage":{"@id":"https:\/\/www.revistarambla.com\/el-dia-despues-de-las-elecciones-del-12-m\/"},"wordCount":940,"publisher":{"@id":"https:\/\/www.revistarambla.com\/#organization"},"image":{"@id":"https:\/\/www.revistarambla.com\/el-dia-despues-de-las-elecciones-del-12-m\/#primaryimage"},"thumbnailUrl":"https:\/\/www.revistarambla.com\/wp-content\/uploads\/2023\/09\/aragones.jpeg","articleSection":["Catalunya"],"inLanguage":"en-GB"},{"@type":"WebPage","@id":"https:\/\/www.revistarambla.com\/el-dia-despues-de-las-elecciones-del-12-m\/","url":"https:\/\/www.revistarambla.com\/el-dia-despues-de-las-elecciones-del-12-m\/","name":"El d\u00eda despu\u00e9s de las elecciones del 12-M - Revista Rambla","isPartOf":{"@id":"https:\/\/www.revistarambla.com\/#website"},"primaryImageOfPage":{"@id":"https:\/\/www.revistarambla.com\/el-dia-despues-de-las-elecciones-del-12-m\/#primaryimage"},"image":{"@id":"https:\/\/www.revistarambla.com\/el-dia-despues-de-las-elecciones-del-12-m\/#primaryimage"},"thumbnailUrl":"https:\/\/www.revistarambla.com\/wp-content\/uploads\/2023\/09\/aragones.jpeg","datePublished":"2024-05-13T17:22:40+00:00","dateModified":"2024-05-13T17:25:42+00:00","description":"El gran perdedor de las elecciones del 12-M, Pere Aragon\u00e8s, ha anunciado que deja la primera l\u00ednea de la pol\u00edtica.","breadcrumb":{"@id":"https:\/\/www.revistarambla.com\/el-dia-despues-de-las-elecciones-del-12-m\/#breadcrumb"},"inLanguage":"en-GB","potentialAction":[{"@type":"ReadAction","target":["https:\/\/www.revistarambla.com\/el-dia-despues-de-las-elecciones-del-12-m\/"]}]},{"@type":"ImageObject","inLanguage":"en-GB","@id":"https:\/\/www.revistarambla.com\/el-dia-despues-de-las-elecciones-del-12-m\/#primaryimage","url":"https:\/\/www.revistarambla.com\/wp-content\/uploads\/2023\/09\/aragones.jpeg","contentUrl":"https:\/\/www.revistarambla.com\/wp-content\/uploads\/2023\/09\/aragones.jpeg","width":840,"height":559,"caption":"pere aragon\u00e8s elecciones del 12-m"},{"@type":"BreadcrumbList","@id":"https:\/\/www.revistarambla.com\/el-dia-despues-de-las-elecciones-del-12-m\/#breadcrumb","itemListElement":[{"@type":"ListItem","position":1,"name":"Portada","item":"https:\/\/www.revistarambla.com\/"},{"@type":"ListItem","position":2,"name":"El d\u00eda despu\u00e9s de las elecciones del 12-M"}]},{"@type":"WebSite","@id":"https:\/\/www.revistarambla.com\/#website","url":"https:\/\/www.revistarambla.com\/","name":"Revista Rambla Barcelona","description":"Periodismo independiente","publisher":{"@id":"https:\/\/www.revistarambla.com\/#organization"},"potentialAction":[{"@type":"SearchAction","target":{"@type":"EntryPoint","urlTemplate":"https:\/\/www.revistarambla.com\/?s={search_term_string}"},"query-input":{"@type":"PropertyValueSpecification","valueRequired":true,"valueName":"search_term_string"}}],"inLanguage":"en-GB"},{"@type":"Organization","@id":"https:\/\/www.revistarambla.com\/#organization","name":"Revista Rambla","url":"https:\/\/www.revistarambla.com\/","logo":{"@type":"ImageObject","inLanguage":"en-GB","@id":"https:\/\/www.revistarambla.com\/#\/schema\/logo\/image\/","url":"https:\/\/www.revistarambla.com\/wp-content\/uploads\/2020\/09\/banner_rambla_1900x600_BB.png","contentUrl":"https:\/\/www.revistarambla.com\/wp-content\/uploads\/2020\/09\/banner_rambla_1900x600_BB.png","width":1900,"height":600,"caption":"Revista Rambla"},"image":{"@id":"https:\/\/www.revistarambla.com\/#\/schema\/logo\/image\/"},"sameAs":["https:\/\/www.facebook.com\/revistarambla\/","https:\/\/x.com\/revistarambla","https:\/\/www.instagram.com\/revista_rambla","https:\/\/es.linkedin.com\/company\/revista-rambla"]},{"@type":"Person","@id":"https:\/\/www.revistarambla.com\/#\/schema\/person\/a146a5a2550b94981a75131180e1bd9c","name":"R@mbla","description":"Este art\u00edculo ha sido redactado y\/o validado por el equipo de redacci\u00f3n de Revista Rambla.","sameAs":["https:\/\/www.revistarambla.com\/","https:\/\/www.facebook.com\/revistarambla","https:\/\/x.com\/revistarambla"]}]}},"_links":{"self":[{"href":"https:\/\/www.revistarambla.com\/en\/wp-json\/wp\/v2\/posts\/60256","targetHints":{"allow":["GET"]}}],"collection":[{"href":"https:\/\/www.revistarambla.com\/en\/wp-json\/wp\/v2\/posts"}],"about":[{"href":"https:\/\/www.revistarambla.com\/en\/wp-json\/wp\/v2\/types\/post"}],"author":[{"embeddable":true,"href":"https:\/\/www.revistarambla.com\/en\/wp-json\/wp\/v2\/users\/3"}],"replies":[{"embeddable":true,"href":"https:\/\/www.revistarambla.com\/en\/wp-json\/wp\/v2\/comments?post=60256"}],"version-history":[{"count":2,"href":"https:\/\/www.revistarambla.com\/en\/wp-json\/wp\/v2\/posts\/60256\/revisions"}],"predecessor-version":[{"id":60258,"href":"https:\/\/www.revistarambla.com\/en\/wp-json\/wp\/v2\/posts\/60256\/revisions\/60258"}],"wp:featuredmedia":[{"embeddable":true,"href":"https:\/\/www.revistarambla.com\/en\/wp-json\/wp\/v2\/media\/56595"}],"wp:attachment":[{"href":"https:\/\/www.revistarambla.com\/en\/wp-json\/wp\/v2\/media?parent=60256"}],"wp:term":[{"taxonomy":"category","embeddable":true,"href":"https:\/\/www.revistarambla.com\/en\/wp-json\/wp\/v2\/categories?post=60256"},{"taxonomy":"post_tag","embeddable":true,"href":"https:\/\/www.revistarambla.com\/en\/wp-json\/wp\/v2\/tags?post=60256"}],"curies":[{"name":"wp","href":"https:\/\/api.w.org\/{rel}","templated":true}]}}