{"id":60107,"date":"2024-05-08T20:06:01","date_gmt":"2024-05-08T18:06:01","guid":{"rendered":"https:\/\/www.revistarambla.com\/?p=60107"},"modified":"2024-05-08T20:06:01","modified_gmt":"2024-05-08T18:06:01","slug":"nueva-york-y-sus-contrastes-frente-a-los-migrantes-recien-llegados","status":"publish","type":"post","link":"https:\/\/www.revistarambla.com\/en\/nueva-york-y-sus-contrastes-frente-a-los-migrantes-recien-llegados\/","title":{"rendered":"Nueva York y sus contrastes frente a los reci\u00e9n llegados"},"content":{"rendered":"<p>En los \u00faltimos dos a\u00f1os, la ciudad de <a href=\"https:\/\/www.revistarambla.com\/en\/fantasmas-en-nueva-york\/\">Nueva York<\/a> ha sido uno de los epicentros de llegada de miles de migrantes del Sur <a href=\"https:\/\/www.revistarambla.com\/en\/actualidad\/global\/\">Global<\/a> procedentes de la <a href=\"https:\/\/www.revistarambla.com\/en\/paso-del-darien-por-que-cada-vez-mas-migrantes-se-juegan-la-vida-por-esta-ruta-para-llegar-a-ee-uu\/\">frontera sur de Estados Unidos<\/a>. <!--more-->Con ello, la ciudad de lxs inmigrantes, y una de las m\u00e1s diversas del mundo, se ha enfrentado al reto de hacer honor a su propia historia. Mientras la ret\u00f3rica antinmigrante, muy presente a nivel nacional, ha permeado localmente por medio de manifestaciones racistas y xen\u00f3fobas, y de severas cr\u00edticas a cualquier tipo de apoyo p\u00fablico a las poblaciones reci\u00e9n llegadas, la hospitalidad y solidaridad radicales de la poblaci\u00f3n neoyorquina tambi\u00e9n se han hecho presentes tanto a nivel institucional, a trav\u00e9s de organizaciones de la sociedad civil, como de forma m\u00e1s org\u00e1nica y espor\u00e1dica, gracias a diversos grupos de ayuda mutua y de organizaci\u00f3n barrial a lo largo de la ciudad.<\/p>\n<p>Los medios de comunicaci\u00f3n y las autoridades locales han definido la llegada de miles de personas a Nueva York como una \u201ccrisis migratoria\u201d, reproduciendo as\u00ed el discurso securitista, alarmista y descontextualizado con el que se ha explicado la situaci\u00f3n de la frontera sur de Estados Unidos en la \u00faltima d\u00e9cada. Por citar algunos ejemplos, en el a\u00f1o 2014, la administraci\u00f3n del presidente Barack Obama defini\u00f3 como \u201ccrisis migratoria\u201d la detenci\u00f3n en la frontera sur de m\u00e1s de 66,000 ni\u00f1xs no acompa\u00f1adxs de Honduras, El Salvador y Guatemala. Del mismo modo, la administraci\u00f3n de Donald Trump en 2017 apel\u00f3 a la \u201ccrisis migratoria\u201d para ejecutar la Pol\u00edtica de Tolerancia Cero que result\u00f3 en la separaci\u00f3n de miles de familias migrantes. M\u00e1s recientemente, la llamada \u201ccrisis en la frontera Sur de Estados Unidos\u201d se us\u00f3 para justificar la implementaci\u00f3n de los Protocolos de Protecci\u00f3n Migratoria (MPP por sus siglas en ingl\u00e9s), y la crisis de salud p\u00fablica causada por la pandemia por COVID-19, para la puesta en marcha del T\u00edtulo 42, con lo que miles fueron enviadxs de regreso y forzadxs a esperar largos periodos de tiempo en el lado mexicano de la frontera. Todos los casos anteriores, incluyendo el arribo de miles de personas a la ciudad de Nueva York, son situaciones de emergencia creadas, producidas y orquestadas por autoridades estatales y pol\u00edticas enfocadas al control migratorio, que amenazan la vida, salud, seguridad y bienestar de lxs migrantes.<\/p>\n<p>La mayor\u00eda de las personas que llegaron a Nueva York fueron enviadas en autobuses por el gobernador de Texas, el republicano Greg Abbott, en un contexto de disputas bipartidistas entre republicanos y dem\u00f3cratas, e inclusive como parte de una batalla m\u00e1s amplia que ha estado atacando al gobierno del presidente Joe Biden por ser considerado blando y poco efectivo en cuanto a su respuesta en la frontera sur. En este escenario, desde marzo de 2022, Abbott ha enviado a m\u00e1s de 100,000 personas a ciudades dem\u00f3cratas como Chicago, Denver, Los \u00c1ngeles y, por supuesto, Nueva York. Otras m\u00e1s han sido enviadas por alcaldes locales, como el de El Paso, a petici\u00f3n de la misma poblaci\u00f3n migrante, debido a la percepci\u00f3n de Nueva York como una ciudad hospitalaria, que da la bienvenida a lxs inmigrantes.<\/p>\n<h2>Procedencia de los migrantes a Nueva York<\/h2>\n<p>Pero \u00bfde cu\u00e1ntas personas estamos hablando y de d\u00f3nde vienen? En un reciente webinar, la directora de la Oficina de Operaciones de Solicitantes de Asilo de la Alcald\u00eda de la Ciudad de Nueva York inform\u00f3 que para febrero de 2024 ten\u00edan a su cargo a 122,700 personas, entre las que se identificaron a 67,700 migrantes provenientes de la frontera sur. Cada semana hay entre 1,500 y 5,000 nuevas solicitudes de albergue. Los autobuses generalmente llegan al Hotel Roosevelt en Midtown Manhattan, el cual cerr\u00f3 en 2020 debido a las p\u00e9rdidas econ\u00f3micas asociadas con la pandemia de COVID-19. En 2023, se reabri\u00f3 este sitio para dar refugio a lxs solicitantes de asilo reci\u00e9n llegadxs; hoy alberga alrededor de 3,000, sirviendo tambi\u00e9n como centro de admisi\u00f3n al sistema de la ciudad. En un comunicado del 15 de marzo de 2024, el alcalde Eric Adams mencion\u00f3 que m\u00e1s de 183,000 personas hab\u00edan pasado por dicho sistema de atenci\u00f3n desde la primavera de 2022.<\/p>\n<p>La poblaci\u00f3n reci\u00e9n llegada a Nueva York proviene mayoritariamente de Venezuela, Colombia, Ecuador, <a href=\"https:\/\/www.revistarambla.com\/en\/nuevo-ciclo-politico-en-senegal-consolidacion-de-una-alternativa-popular\/\">Senegal<\/a>, Guinea y Mauritania. En los \u00faltimos meses, el n\u00famero de personas provenientes de \u00c1frica ha aumentado, a diferencia del inicio de la primavera de 2022 cuando la migraci\u00f3n proced\u00eda principalmente de Am\u00e9rica Latina. Estamos hablando de poblaciones empobrecidas y racializadas que llevan meses o inclusive a\u00f1os desde que salieron de sus pa\u00edses de origen, y que est\u00e1n en b\u00fasqueda de protecci\u00f3n y mejores oportunidades de vida. Durante sus trayectos migratorios, se han enfrentado a una serie de violencias y abusos que marcan profundamente sus experiencias de tr\u00e1nsito.<\/p>\n<figure id=\"attachment_60109\" aria-describedby=\"caption-attachment-60109\" style=\"width: 1024px\" class=\"wp-caption aligncenter\"><img decoding=\"async\" class=\"wp-image-60109 size-full\" src=\"https:\/\/www.revistarambla.com\/wp-content\/uploads\/2024\/05\/migrantes-nueva-york.webp\" alt=\"pertenencias migrantes en nueva york\" width=\"1024\" height=\"768\" srcset=\"https:\/\/www.revistarambla.com\/wp-content\/uploads\/2024\/05\/migrantes-nueva-york.webp 1024w, https:\/\/www.revistarambla.com\/wp-content\/uploads\/2024\/05\/migrantes-nueva-york-487x365.webp 487w, https:\/\/www.revistarambla.com\/wp-content\/uploads\/2024\/05\/migrantes-nueva-york-840x630.webp 840w, https:\/\/www.revistarambla.com\/wp-content\/uploads\/2024\/05\/migrantes-nueva-york-768x576.webp 768w, https:\/\/www.revistarambla.com\/wp-content\/uploads\/2024\/05\/migrantes-nueva-york-16x12.webp 16w\" sizes=\"(max-width: 1024px) 100vw, 1024px\" \/><figcaption id=\"caption-attachment-60109\" class=\"wp-caption-text\">Lxs voluntarixs se re\u00fanen a ordenar las donaciones para lxs reci\u00e9n llegadxs. Foto: Stephanie Gorma \/ Revista Com\u00fan<\/figcaption><\/figure>\n<p>Si bien la ciudad de Nueva York ha visto a miles de migrantes a lo largo de su historia, una de las diferencias que distingue a lxs reci\u00e9n llegadxs es su composici\u00f3n familiar: las poblaciones de Am\u00e9rica del Sur est\u00e1n formadas por familias con hijxs peque\u00f1xs, mientras que aqu\u00e9llas que vienen de pa\u00edses africanos son mayoritariamente hombres solteros. Otra gran diferencia es que carecen de redes sociales y contactos necesarios para navegar en t\u00e9rminos de alojamiento, trabajo, educaci\u00f3n, salud, entre otros. La falta de redes y contactos prolonga el tiempo que les lleva conseguir empleo y, cuando lo logran, se insertan en trabajos precarizados dentro de la econom\u00eda informal.<\/p>\n<p>Para dar respuesta a este n\u00famero de personas, Nueva York ha abierto m\u00e1s de 216 sitios que han servido como albergues, desde donde se brindan otros servicios que, aunque limitados, ayudan a la poblaci\u00f3n a ubicarse en la ciudad. Algunos de ellos son infraestructuras improvisadas con grandes carpas localizadas en zonas aisladas del \u00e1rea urbana, como Randall\u2019s Island o Floyd Bennett Field, donde han tenido problemas de moho y sufrido de inundaciones debido a las fuertes lluvias y vientos. Adem\u00e1s de albergue, comida y ropa, se brinda atenci\u00f3n m\u00e9dica, acceso a servicios legales y educaci\u00f3n en diferentes idiomas. Para agilizar el proceso de obtenci\u00f3n de permisos de trabajo, y con ello, la posibilidad de lxs reci\u00e9n llegadxs de emplearse en el mercado formal y lograr autonom\u00eda financiera, en octubre de 2023, la gobernadora Kathy Hochul y el alcalde Eric Adams anunciaron $38 millones de d\u00f3lares para brindar servicios legales a lxs solicitantes de asilo.<\/p>\n<p>En enero de 2022, cuando inici\u00f3 la administraci\u00f3n del alcalde Adams, se contabilizaban 45,000 personas viviendo en albergues proporcionados por la ciudad, un n\u00famero de por s\u00ed alto. Hoy en d\u00eda, esa poblaci\u00f3n se ha triplicado. Sin embargo, la respuesta del gobierno de Nueva York para proveer de refugio no es fortuita. Desde 1979, Nueva York tiene la obligaci\u00f3n de proporcionar una cama a cualquier persona que lo solicite. El right to shelter o \u201cderecho a refugio\u201d es un derecho ganado por parte del movimiento en defensa de las poblaciones que no cuentan con un techo. Datos proporcionados por la Coalici\u00f3n para las Personas sin Hogar estiman que el n\u00famero de neoyorquinos sin casa que duermen cada noche en albergues municipales es hoy en d\u00eda un 75% mayor que hace 10 a\u00f1os. Y el n\u00famero de adultos solteros sin hogar es 115% mayor que hace 10 a\u00f1os. Es as\u00ed como activistas por el derecho a una vivienda asequible aseguran que lo que estamos presenciando en la ciudad no es una crisis migratoria, sino una \u201ccrisis de vivienda\u201d que se ha hecho m\u00e1s visible y evidente con las personas reci\u00e9n llegadas.<\/p>\n<p>Para ejemplificar esta situaci\u00f3n, se puede ver que el gobierno local gasta $395 d\u00f3lares por cada familia albergada por noche. Es decir, mantener a 1,250 familias en albergues durante un a\u00f1o le cuesta a la ciudad al menos 180 millones de d\u00f3lares. Como parte de las m\u00faltiples respuestas para brindar soluciones, se cre\u00f3 un programa de reasentamiento que proporciona alojamiento en viviendas durante un a\u00f1o a lxs reci\u00e9n llegadxs. Este programa cuesta alrededor de $55 por noche por familia, lo cual representa s\u00f3lo el 14% del costo en albergues. Sin embargo, conseguir estos espacios ha sido un reto debido a la falta de vivienda asequible y la discriminaci\u00f3n que ejercen los propietarios contra las poblaciones que usan apoyos p\u00fablicos para pagar la renta. Inclusive las agencias dispuestas por el gobierno de la ciudad para gestionar vivienda con dicho apoyo han sido incapaces de funcionar al ritmo esperado.<\/p>\n<p>Eric Adams lleg\u00f3 al gobierno de la ciudad de Nueva York por medio de la plataforma del partido dem\u00f3crata, pero su experiencia previa como parte del NYPD (New York Police Department) y su visi\u00f3n securitista han caracterizado su administraci\u00f3n. En febrero de 2022, antes de que iniciara la situaci\u00f3n de emergencia con la llegada de lxs migrantes, el alcalde Adams implement\u00f3 un plan de tolerancia cero para impedir que las personas sin hogar se refugiaran en el metro. As\u00ed, de la misma manera en la que se ha utilizado la ret\u00f3rica de la crisis a nivel nacional para justificar el uso excesivo de la fuerza y de poderes ejecutivos, como la militarizaci\u00f3n y la declaraci\u00f3n de estados de emergencia, Adams apel\u00f3 al discurso de la crisis migratoria en la ciudad para revertir el right to shelter antes mencionado. Ahora, las familias reciben avisos de desalojo en los albergues cada 60 d\u00edas y para los hombres solteros esta notificaci\u00f3n se hace cada 30. Esta medida no solamente es racista, sino que establece un importante precedente que va en detrimento de uno de los derechos ic\u00f3nicos que ten\u00eda Nueva York para proteger a las poblaciones sin hogar, por lo general, empobrecidas y racializadas.<\/p>\n<p>As\u00ed, la ciudad de lxs inmigrantes es la ciudad de los contrastes. Por un lado, vemos una de las urbes m\u00e1s violentas, desiguales y segregadas, y por otro, constantes manifestaciones de solidaridad radical que la hacen habitable. Las organizaciones con una larga tradici\u00f3n de apoyo a las comunidades migrantes han utilizado su experiencia y m\u00fasculo pol\u00edtico para negociar por mayores recursos e incidir en mejores condiciones para la poblaci\u00f3n reci\u00e9n llegada. Del mismo modo, las iniciativas de ayuda mutua que se configuraron durante la pandemia por COVID-19 han sido reactivadas tanto para apoyar a estas poblaciones como para denunciar el genocidio en Palestina. Los refrigeradores con comida en las banquetas de diferentes barrios siguen llen\u00e1ndose de comida gratuita para quien lo necesite. Y otros diversos grupos cocinan y organizan campa\u00f1as de procuraci\u00f3n de fondos y de donaciones para apoyar a lxs reci\u00e9n llegadxs.<\/p>\n<figure id=\"attachment_60110\" aria-describedby=\"caption-attachment-60110\" style=\"width: 450px\" class=\"wp-caption aligncenter\"><img decoding=\"async\" class=\"wp-image-60110\" src=\"https:\/\/www.revistarambla.com\/wp-content\/uploads\/2024\/05\/FOTO-1-Victoria-Marin-Revista-Comun-1-768x1024-1-274x365.webp\" alt=\"bolsas migrantes nueva york\" width=\"450\" height=\"600\" srcset=\"https:\/\/www.revistarambla.com\/wp-content\/uploads\/2024\/05\/FOTO-1-Victoria-Marin-Revista-Comun-1-768x1024-1-274x365.webp 274w, https:\/\/www.revistarambla.com\/wp-content\/uploads\/2024\/05\/FOTO-1-Victoria-Marin-Revista-Comun-1-768x1024-1-630x840.webp 630w, https:\/\/www.revistarambla.com\/wp-content\/uploads\/2024\/05\/FOTO-1-Victoria-Marin-Revista-Comun-1-768x1024-1-9x12.webp 9w, https:\/\/www.revistarambla.com\/wp-content\/uploads\/2024\/05\/FOTO-1-Victoria-Marin-Revista-Comun-1-768x1024-1.webp 768w\" sizes=\"(max-width: 450px) 100vw, 450px\" \/><figcaption id=\"caption-attachment-60110\" class=\"wp-caption-text\">Lxs voluntarixs empacaron \u201cpaquetes de bienestar\u201d con comidas listas para comer y medicamentos para las familias despu\u00e9s de recaudar fondos para el esfuerzo. Foto: Victoria Marin \/ Revista Com\u00fan<\/figcaption><\/figure>\n<p>Soy una mujer latina estudiando un doctorado en la ciudad de Nueva York con m\u00e1s de 16 a\u00f1os de experiencia como activista y militante de los derechos de las poblaciones en movilidad. Recientemente me convert\u00ed en madre de una beb\u00e9 que naci\u00f3 en nuestra casa en Brooklyn. De esta manera, me un\u00ed a un colectivo de madres y padres de mi barrio, desde donde nos organizamos solidariamente para brindar apoyo a las familias que se encuentran alojadas en Floyd Bennett Field. Este sitio es uno de los albergues improvisados con carpas que aloja a aproximadamente 2,000 personas, la mayor\u00eda familias con ni\u00f1xs. Floyd Bennett Field est\u00e1 a m\u00e1s de una hora de Manhattan; el sistema de metro no llega y lo \u00fanico que les conecta con la ciudad es un autob\u00fas que pasa cada quince minutos, aproximadamente. Desde mi colectivo, entiendo el gesto de hospitalidad al realizar campa\u00f1as para complementar la ayuda institucional que brinda el gobierno local y otras organizaciones. Las campa\u00f1as que hemos emprendido tienen el prop\u00f3sito de conseguir ropa apropiada para enfrentar el clima con temperaturas bajo cero y maletas para resguardar las pertenencias que van adquiriendo lxs migrantes, que les permitan moverse en caso de desalojo. Las campa\u00f1as de procuraci\u00f3n de fondos nos han servido para conseguir colchones inflables como alternativa a los catres que asignan en los albergues, y responder en casos de emergencia.<\/p>\n<p>Como hemos visto, desde el 2016 la ret\u00f3rica antinmigrante y la violencia estatal ejercida contra las poblaciones en movilidad ganan elecciones. El 2024 es a\u00f1o electoral y se espera que esta tendencia contin\u00fae con un uso cada vez m\u00e1s recurrente de discursos contra la migraci\u00f3n como estrategia pol\u00edtico-electoral, lo que lamentablemente resultar\u00e1 en m\u00e1s violencia. Esto no impedir\u00e1 que la poblaci\u00f3n deje de moverse, y tampoco desaparecer\u00e1n la hospitalidad y solidaridad radicales que surgen en respuesta a esta resistencia. Para muchxs neoyorquinxs que valoramos la importancia de estos gestos hospitalarios y solidarios, lxs reci\u00e9n llegadxs son \u201clxs pr\u00f3ximxs neoyorquinxs\u201d, como bien dice una mam\u00e1, periodista y activista de mi colectivo en Brooklyn. Ellxs representan tanto el presente como el futuro de esta ciudad y son estas comunidades de migrantes que llegaron, llegan y llegar\u00e1n las que seguir\u00e1n dado forma y sost\u00e9n a Nueva York.<\/p>\n<hr \/>\n<p><em>Fuente: https:\/\/revistacomun.com\/blog\/nueva-york-y-sus-contrastes-frente-a-lxs-recien-llegadxs\/<\/em><\/p>","protected":false},"excerpt":{"rendered":"<p>Desde el 2016 la ret\u00f3rica antinmigrante y la violencia estatal ejercida contra las poblaciones en movilidad ganan elecciones. Foto: Revista Com\u00fan<\/p>","protected":false},"author":15,"featured_media":60108,"comment_status":"closed","ping_status":"closed","sticky":false,"template":"","format":"standard","meta":{"footnotes":""},"categories":[4099],"tags":[],"class_list":["post-60107","post","type-post","status-publish","format-standard","has-post-thumbnail","hentry","category-otras-miradas"],"yoast_head":"<!-- This site is optimized with the Yoast SEO plugin v27.5 - https:\/\/yoast.com\/product\/yoast-seo-wordpress\/ -->\n<title>Nueva York y sus contrastes frente a los migrantes reci\u00e9n llegados<\/title>\n<meta name=\"description\" content=\"En los \u00faltimos dos a\u00f1os, Nueva York ha sido uno de los epicentros de llegada de migrantes procedentes de la frontera sur de Estados Unidos.\" \/>\n<meta name=\"robots\" content=\"index, follow, max-snippet:-1, max-image-preview:large, max-video-preview:-1\" \/>\n<link rel=\"canonical\" href=\"https:\/\/www.revistarambla.com\/en\/nueva-york-y-sus-contrastes-frente-a-los-migrantes-recien-llegados\/\" \/>\n<meta property=\"og:locale\" content=\"en_GB\" \/>\n<meta property=\"og:type\" content=\"article\" \/>\n<meta property=\"og:title\" content=\"Nueva York y sus contrastes frente a los migrantes reci\u00e9n llegados\" \/>\n<meta property=\"og:description\" content=\"En los \u00faltimos dos a\u00f1os, Nueva York ha sido uno de los epicentros de llegada de migrantes procedentes de la frontera sur de Estados Unidos.\" \/>\n<meta property=\"og:url\" content=\"https:\/\/www.revistarambla.com\/en\/nueva-york-y-sus-contrastes-frente-a-los-migrantes-recien-llegados\/\" \/>\n<meta property=\"og:site_name\" content=\"Revista Rambla\" \/>\n<meta property=\"article:publisher\" content=\"https:\/\/www.facebook.com\/revistarambla\/\" \/>\n<meta property=\"article:published_time\" content=\"2024-05-08T18:06:01+00:00\" \/>\n<meta property=\"og:image\" content=\"https:\/\/www.revistarambla.com\/wp-content\/uploads\/2024\/05\/nuevayork-migrantes.jpg\" \/>\n\t<meta property=\"og:image:width\" content=\"1920\" \/>\n\t<meta property=\"og:image:height\" content=\"1440\" \/>\n\t<meta property=\"og:image:type\" content=\"image\/jpeg\" \/>\n<meta name=\"author\" content=\"M\u00f3nica Salm\u00f3n G\u00f3mez\" \/>\n<meta name=\"twitter:card\" content=\"summary_large_image\" \/>\n<meta name=\"twitter:creator\" content=\"@revistarambla\" \/>\n<meta name=\"twitter:site\" content=\"@revistarambla\" \/>\n<meta name=\"twitter:label1\" content=\"Written by\" \/>\n\t<meta name=\"twitter:data1\" content=\"M\u00f3nica Salm\u00f3n G\u00f3mez\" \/>\n\t<meta name=\"twitter:label2\" content=\"Estimated reading time\" \/>\n\t<meta name=\"twitter:data2\" content=\"11 minutes\" \/>\n<script type=\"application\/ld+json\" class=\"yoast-schema-graph\">{\"@context\":\"https:\\\/\\\/schema.org\",\"@graph\":[{\"@type\":\"Article\",\"@id\":\"https:\\\/\\\/www.revistarambla.com\\\/nueva-york-y-sus-contrastes-frente-a-los-migrantes-recien-llegados\\\/#article\",\"isPartOf\":{\"@id\":\"https:\\\/\\\/www.revistarambla.com\\\/nueva-york-y-sus-contrastes-frente-a-los-migrantes-recien-llegados\\\/\"},\"author\":{\"name\":\"M\u00f3nica Salm\u00f3n G\u00f3mez\",\"@id\":\"https:\\\/\\\/www.revistarambla.com\\\/#\\\/schema\\\/person\\\/2b19179a8ace334b829ad72cc6e6ce97\"},\"headline\":\"Nueva York y sus contrastes frente a los reci\u00e9n llegados\",\"datePublished\":\"2024-05-08T18:06:01+00:00\",\"mainEntityOfPage\":{\"@id\":\"https:\\\/\\\/www.revistarambla.com\\\/nueva-york-y-sus-contrastes-frente-a-los-migrantes-recien-llegados\\\/\"},\"wordCount\":2297,\"publisher\":{\"@id\":\"https:\\\/\\\/www.revistarambla.com\\\/#organization\"},\"image\":{\"@id\":\"https:\\\/\\\/www.revistarambla.com\\\/nueva-york-y-sus-contrastes-frente-a-los-migrantes-recien-llegados\\\/#primaryimage\"},\"thumbnailUrl\":\"https:\\\/\\\/www.revistarambla.com\\\/wp-content\\\/uploads\\\/2024\\\/05\\\/nuevayork-migrantes.jpg\",\"articleSection\":[\"Otras Miradas\"],\"inLanguage\":\"en-GB\"},{\"@type\":\"WebPage\",\"@id\":\"https:\\\/\\\/www.revistarambla.com\\\/nueva-york-y-sus-contrastes-frente-a-los-migrantes-recien-llegados\\\/\",\"url\":\"https:\\\/\\\/www.revistarambla.com\\\/nueva-york-y-sus-contrastes-frente-a-los-migrantes-recien-llegados\\\/\",\"name\":\"Nueva York y sus contrastes frente a los migrantes reci\u00e9n llegados\",\"isPartOf\":{\"@id\":\"https:\\\/\\\/www.revistarambla.com\\\/#website\"},\"primaryImageOfPage\":{\"@id\":\"https:\\\/\\\/www.revistarambla.com\\\/nueva-york-y-sus-contrastes-frente-a-los-migrantes-recien-llegados\\\/#primaryimage\"},\"image\":{\"@id\":\"https:\\\/\\\/www.revistarambla.com\\\/nueva-york-y-sus-contrastes-frente-a-los-migrantes-recien-llegados\\\/#primaryimage\"},\"thumbnailUrl\":\"https:\\\/\\\/www.revistarambla.com\\\/wp-content\\\/uploads\\\/2024\\\/05\\\/nuevayork-migrantes.jpg\",\"datePublished\":\"2024-05-08T18:06:01+00:00\",\"description\":\"En los \u00faltimos dos a\u00f1os, Nueva York ha sido uno de los epicentros de llegada de migrantes procedentes de la frontera sur de Estados Unidos.\",\"breadcrumb\":{\"@id\":\"https:\\\/\\\/www.revistarambla.com\\\/nueva-york-y-sus-contrastes-frente-a-los-migrantes-recien-llegados\\\/#breadcrumb\"},\"inLanguage\":\"en-GB\",\"potentialAction\":[{\"@type\":\"ReadAction\",\"target\":[\"https:\\\/\\\/www.revistarambla.com\\\/nueva-york-y-sus-contrastes-frente-a-los-migrantes-recien-llegados\\\/\"]}]},{\"@type\":\"ImageObject\",\"inLanguage\":\"en-GB\",\"@id\":\"https:\\\/\\\/www.revistarambla.com\\\/nueva-york-y-sus-contrastes-frente-a-los-migrantes-recien-llegados\\\/#primaryimage\",\"url\":\"https:\\\/\\\/www.revistarambla.com\\\/wp-content\\\/uploads\\\/2024\\\/05\\\/nuevayork-migrantes.jpg\",\"contentUrl\":\"https:\\\/\\\/www.revistarambla.com\\\/wp-content\\\/uploads\\\/2024\\\/05\\\/nuevayork-migrantes.jpg\",\"width\":1920,\"height\":1440,\"caption\":\"migrantes nueva york\"},{\"@type\":\"BreadcrumbList\",\"@id\":\"https:\\\/\\\/www.revistarambla.com\\\/nueva-york-y-sus-contrastes-frente-a-los-migrantes-recien-llegados\\\/#breadcrumb\",\"itemListElement\":[{\"@type\":\"ListItem\",\"position\":1,\"name\":\"Portada\",\"item\":\"https:\\\/\\\/www.revistarambla.com\\\/\"},{\"@type\":\"ListItem\",\"position\":2,\"name\":\"Nueva York y sus contrastes frente a los reci\u00e9n llegados\"}]},{\"@type\":\"WebSite\",\"@id\":\"https:\\\/\\\/www.revistarambla.com\\\/#website\",\"url\":\"https:\\\/\\\/www.revistarambla.com\\\/\",\"name\":\"Revista Rambla Barcelona\",\"description\":\"Periodismo independiente\",\"publisher\":{\"@id\":\"https:\\\/\\\/www.revistarambla.com\\\/#organization\"},\"potentialAction\":[{\"@type\":\"SearchAction\",\"target\":{\"@type\":\"EntryPoint\",\"urlTemplate\":\"https:\\\/\\\/www.revistarambla.com\\\/?s={search_term_string}\"},\"query-input\":{\"@type\":\"PropertyValueSpecification\",\"valueRequired\":true,\"valueName\":\"search_term_string\"}}],\"inLanguage\":\"en-GB\"},{\"@type\":\"Organization\",\"@id\":\"https:\\\/\\\/www.revistarambla.com\\\/#organization\",\"name\":\"Revista Rambla\",\"url\":\"https:\\\/\\\/www.revistarambla.com\\\/\",\"logo\":{\"@type\":\"ImageObject\",\"inLanguage\":\"en-GB\",\"@id\":\"https:\\\/\\\/www.revistarambla.com\\\/#\\\/schema\\\/logo\\\/image\\\/\",\"url\":\"https:\\\/\\\/www.revistarambla.com\\\/wp-content\\\/uploads\\\/2020\\\/09\\\/banner_rambla_1900x600_BB.png\",\"contentUrl\":\"https:\\\/\\\/www.revistarambla.com\\\/wp-content\\\/uploads\\\/2020\\\/09\\\/banner_rambla_1900x600_BB.png\",\"width\":1900,\"height\":600,\"caption\":\"Revista Rambla\"},\"image\":{\"@id\":\"https:\\\/\\\/www.revistarambla.com\\\/#\\\/schema\\\/logo\\\/image\\\/\"},\"sameAs\":[\"https:\\\/\\\/www.facebook.com\\\/revistarambla\\\/\",\"https:\\\/\\\/x.com\\\/revistarambla\",\"https:\\\/\\\/www.instagram.com\\\/revista_rambla\",\"https:\\\/\\\/es.linkedin.com\\\/company\\\/revista-rambla\"]},{\"@type\":\"Person\",\"@id\":\"https:\\\/\\\/www.revistarambla.com\\\/#\\\/schema\\\/person\\\/2b19179a8ace334b829ad72cc6e6ce97\",\"name\":\"M\u00f3nica Salm\u00f3n G\u00f3mez\"}]}<\/script>\n<!-- \/ Yoast SEO plugin. -->","yoast_head_json":{"title":"Nueva York y sus contrastes frente a los migrantes reci\u00e9n llegados","description":"En los \u00faltimos dos a\u00f1os, Nueva York ha sido uno de los epicentros de llegada de migrantes procedentes de la frontera sur de Estados Unidos.","robots":{"index":"index","follow":"follow","max-snippet":"max-snippet:-1","max-image-preview":"max-image-preview:large","max-video-preview":"max-video-preview:-1"},"canonical":"https:\/\/www.revistarambla.com\/en\/nueva-york-y-sus-contrastes-frente-a-los-migrantes-recien-llegados\/","og_locale":"en_GB","og_type":"article","og_title":"Nueva York y sus contrastes frente a los migrantes reci\u00e9n llegados","og_description":"En los \u00faltimos dos a\u00f1os, Nueva York ha sido uno de los epicentros de llegada de migrantes procedentes de la frontera sur de Estados Unidos.","og_url":"https:\/\/www.revistarambla.com\/en\/nueva-york-y-sus-contrastes-frente-a-los-migrantes-recien-llegados\/","og_site_name":"Revista Rambla","article_publisher":"https:\/\/www.facebook.com\/revistarambla\/","article_published_time":"2024-05-08T18:06:01+00:00","og_image":[{"width":1920,"height":1440,"url":"https:\/\/www.revistarambla.com\/wp-content\/uploads\/2024\/05\/nuevayork-migrantes.jpg","type":"image\/jpeg"}],"author":"M\u00f3nica Salm\u00f3n G\u00f3mez","twitter_card":"summary_large_image","twitter_creator":"@revistarambla","twitter_site":"@revistarambla","twitter_misc":{"Written by":"M\u00f3nica Salm\u00f3n G\u00f3mez","Estimated reading time":"11 minutes"},"schema":{"@context":"https:\/\/schema.org","@graph":[{"@type":"Article","@id":"https:\/\/www.revistarambla.com\/nueva-york-y-sus-contrastes-frente-a-los-migrantes-recien-llegados\/#article","isPartOf":{"@id":"https:\/\/www.revistarambla.com\/nueva-york-y-sus-contrastes-frente-a-los-migrantes-recien-llegados\/"},"author":{"name":"M\u00f3nica Salm\u00f3n G\u00f3mez","@id":"https:\/\/www.revistarambla.com\/#\/schema\/person\/2b19179a8ace334b829ad72cc6e6ce97"},"headline":"Nueva York y sus contrastes frente a los reci\u00e9n llegados","datePublished":"2024-05-08T18:06:01+00:00","mainEntityOfPage":{"@id":"https:\/\/www.revistarambla.com\/nueva-york-y-sus-contrastes-frente-a-los-migrantes-recien-llegados\/"},"wordCount":2297,"publisher":{"@id":"https:\/\/www.revistarambla.com\/#organization"},"image":{"@id":"https:\/\/www.revistarambla.com\/nueva-york-y-sus-contrastes-frente-a-los-migrantes-recien-llegados\/#primaryimage"},"thumbnailUrl":"https:\/\/www.revistarambla.com\/wp-content\/uploads\/2024\/05\/nuevayork-migrantes.jpg","articleSection":["Otras Miradas"],"inLanguage":"en-GB"},{"@type":"WebPage","@id":"https:\/\/www.revistarambla.com\/nueva-york-y-sus-contrastes-frente-a-los-migrantes-recien-llegados\/","url":"https:\/\/www.revistarambla.com\/nueva-york-y-sus-contrastes-frente-a-los-migrantes-recien-llegados\/","name":"Nueva York y sus contrastes frente a los migrantes reci\u00e9n llegados","isPartOf":{"@id":"https:\/\/www.revistarambla.com\/#website"},"primaryImageOfPage":{"@id":"https:\/\/www.revistarambla.com\/nueva-york-y-sus-contrastes-frente-a-los-migrantes-recien-llegados\/#primaryimage"},"image":{"@id":"https:\/\/www.revistarambla.com\/nueva-york-y-sus-contrastes-frente-a-los-migrantes-recien-llegados\/#primaryimage"},"thumbnailUrl":"https:\/\/www.revistarambla.com\/wp-content\/uploads\/2024\/05\/nuevayork-migrantes.jpg","datePublished":"2024-05-08T18:06:01+00:00","description":"En los \u00faltimos dos a\u00f1os, Nueva York ha sido uno de los epicentros de llegada de migrantes procedentes de la frontera sur de Estados Unidos.","breadcrumb":{"@id":"https:\/\/www.revistarambla.com\/nueva-york-y-sus-contrastes-frente-a-los-migrantes-recien-llegados\/#breadcrumb"},"inLanguage":"en-GB","potentialAction":[{"@type":"ReadAction","target":["https:\/\/www.revistarambla.com\/nueva-york-y-sus-contrastes-frente-a-los-migrantes-recien-llegados\/"]}]},{"@type":"ImageObject","inLanguage":"en-GB","@id":"https:\/\/www.revistarambla.com\/nueva-york-y-sus-contrastes-frente-a-los-migrantes-recien-llegados\/#primaryimage","url":"https:\/\/www.revistarambla.com\/wp-content\/uploads\/2024\/05\/nuevayork-migrantes.jpg","contentUrl":"https:\/\/www.revistarambla.com\/wp-content\/uploads\/2024\/05\/nuevayork-migrantes.jpg","width":1920,"height":1440,"caption":"migrantes nueva york"},{"@type":"BreadcrumbList","@id":"https:\/\/www.revistarambla.com\/nueva-york-y-sus-contrastes-frente-a-los-migrantes-recien-llegados\/#breadcrumb","itemListElement":[{"@type":"ListItem","position":1,"name":"Portada","item":"https:\/\/www.revistarambla.com\/"},{"@type":"ListItem","position":2,"name":"Nueva York y sus contrastes frente a los reci\u00e9n llegados"}]},{"@type":"WebSite","@id":"https:\/\/www.revistarambla.com\/#website","url":"https:\/\/www.revistarambla.com\/","name":"Revista Rambla Barcelona","description":"Periodismo independiente","publisher":{"@id":"https:\/\/www.revistarambla.com\/#organization"},"potentialAction":[{"@type":"SearchAction","target":{"@type":"EntryPoint","urlTemplate":"https:\/\/www.revistarambla.com\/?s={search_term_string}"},"query-input":{"@type":"PropertyValueSpecification","valueRequired":true,"valueName":"search_term_string"}}],"inLanguage":"en-GB"},{"@type":"Organization","@id":"https:\/\/www.revistarambla.com\/#organization","name":"Revista Rambla","url":"https:\/\/www.revistarambla.com\/","logo":{"@type":"ImageObject","inLanguage":"en-GB","@id":"https:\/\/www.revistarambla.com\/#\/schema\/logo\/image\/","url":"https:\/\/www.revistarambla.com\/wp-content\/uploads\/2020\/09\/banner_rambla_1900x600_BB.png","contentUrl":"https:\/\/www.revistarambla.com\/wp-content\/uploads\/2020\/09\/banner_rambla_1900x600_BB.png","width":1900,"height":600,"caption":"Revista Rambla"},"image":{"@id":"https:\/\/www.revistarambla.com\/#\/schema\/logo\/image\/"},"sameAs":["https:\/\/www.facebook.com\/revistarambla\/","https:\/\/x.com\/revistarambla","https:\/\/www.instagram.com\/revista_rambla","https:\/\/es.linkedin.com\/company\/revista-rambla"]},{"@type":"Person","@id":"https:\/\/www.revistarambla.com\/#\/schema\/person\/2b19179a8ace334b829ad72cc6e6ce97","name":"M\u00f3nica Salm\u00f3n G\u00f3mez"}]}},"_links":{"self":[{"href":"https:\/\/www.revistarambla.com\/en\/wp-json\/wp\/v2\/posts\/60107","targetHints":{"allow":["GET"]}}],"collection":[{"href":"https:\/\/www.revistarambla.com\/en\/wp-json\/wp\/v2\/posts"}],"about":[{"href":"https:\/\/www.revistarambla.com\/en\/wp-json\/wp\/v2\/types\/post"}],"author":[{"embeddable":true,"href":"https:\/\/www.revistarambla.com\/en\/wp-json\/wp\/v2\/users\/15"}],"replies":[{"embeddable":true,"href":"https:\/\/www.revistarambla.com\/en\/wp-json\/wp\/v2\/comments?post=60107"}],"version-history":[{"count":2,"href":"https:\/\/www.revistarambla.com\/en\/wp-json\/wp\/v2\/posts\/60107\/revisions"}],"predecessor-version":[{"id":60113,"href":"https:\/\/www.revistarambla.com\/en\/wp-json\/wp\/v2\/posts\/60107\/revisions\/60113"}],"wp:featuredmedia":[{"embeddable":true,"href":"https:\/\/www.revistarambla.com\/en\/wp-json\/wp\/v2\/media\/60108"}],"wp:attachment":[{"href":"https:\/\/www.revistarambla.com\/en\/wp-json\/wp\/v2\/media?parent=60107"}],"wp:term":[{"taxonomy":"category","embeddable":true,"href":"https:\/\/www.revistarambla.com\/en\/wp-json\/wp\/v2\/categories?post=60107"},{"taxonomy":"post_tag","embeddable":true,"href":"https:\/\/www.revistarambla.com\/en\/wp-json\/wp\/v2\/tags?post=60107"}],"curies":[{"name":"wp","href":"https:\/\/api.w.org\/{rel}","templated":true}]}}