{"id":60098,"date":"2024-05-08T19:14:25","date_gmt":"2024-05-08T17:14:25","guid":{"rendered":"https:\/\/www.revistarambla.com\/?p=60098"},"modified":"2024-05-08T19:14:25","modified_gmt":"2024-05-08T17:14:25","slug":"protesta-en-barcelona-por-los-retrasos-en-el-realojamiento-de-familias-vulnerables","status":"publish","type":"post","link":"https:\/\/www.revistarambla.com\/en\/protesta-en-barcelona-por-los-retrasos-en-el-realojamiento-de-familias-vulnerables\/","title":{"rendered":"Protesta en Barcelona por los retrasos en el realojamiento de familias vulnerables"},"content":{"rendered":"<p>Un centenar de activistas de la Plataforma de Afectados por la Hipoteca (PAH) venidas de toda <a href=\"https:\/\/www.revistarambla.com\/en\/actualidad\/catalunya\/\">Catalu\u00f1a<\/a> han participado en una protesta <!--more-->ante el edificio de la Agencia de la Vivienda de Catalu\u00f1a, ubicado en <a href=\"https:\/\/www.revistarambla.com\/en\/actualidad\/barcelona\/\">Barcelona<\/a>, para denunciar que hay 870 familias vulnerables que esperan un piso de las mesas de emergencias que hay en unas once localidades catalanas. Seg\u00fan los concentrados, el mecanismo que ten\u00eda que garantizar un realojamiento para las familias vulnerables en riesgo de desahucio se est\u00e1 convirtiendo \u00aben un reparto de migajas\u00bb.<\/p>\n<p>\u00abTenemos derecho a agua, luz y techo\u00bb, \u00abNo toleraremos, ni un desahucio m\u00e1s\u00bb y \u00abNo se entiende, gente sin casa y casas sin gente\u00bb son algunas de las proclamas que han gritado los concentrados. Un grupo de manifestantes ha entrado en la sede de la agencia p\u00fablica para presentar casos concretos de situaciones \u00abflagrantes\u00bb y as\u00ed ejemplificar la situaci\u00f3n de emergencia. Al cabo de unos minutos, han salido y han continuado la protesta fuera.<\/p>\n<p>Los miembros de la entidad han denunciado que el colapso de las mesas de emergencia ha sido uno de los grandes temas ausentes de los debates de la <a href=\"https:\/\/www.revistarambla.com\/en\/de-que-van-estas-elecciones-catalanas\/\">campa\u00f1a del 12-M<\/a>. \u00abNo es una situaci\u00f3n nueva, hace siete a\u00f1os que lo denunciamos. Se tienen que acabar las excusas y pasar a los hechos, las soluciones son f\u00e1ciles. No tienen que mirar hacia otro lado y tienen que decidir si quieren gobernar para las personas con problemas de vivienda o para los fondos buitre\u00bb, ha dicho Juanjo Ramon, portavoz de la PAH, que ha denunciado que, de media, en Catalu\u00f1a hay 20 desahucios al d\u00eda.<\/p>\n<h2>Familias vulnerables: una situaci\u00f3n precaria<\/h2>\n<p>La asociaci\u00f3n ha explicado que este mecanismo se ha visto \u00abdesbordado\u00bb por la emergencia de la vivienda, sobre todo en la ciudad de Barcelona, que concentra el 80% de la lista de espera de familias vulnerables. Seg\u00fan la PAH, la burocracia ha hecho que estas mesas sean \u00abineficaces\u00bb y no act\u00faen a tiempo para evitar que las personas desahuciadas tengan alternativas de vivienda dignas. \u00abCon la excusa de que no se puede tramitar hasta que viene la orden de desahucio, es demasiado tarde. Estamos hablando de un proceso de meses, cuando el desahucio llega la gente no tiene garantizado el desalojo y acaban en pensiones, campings, hostales y muchas veces son alojamientos superprecarios, con plagas, sin cocina\u00bb, ha a\u00f1adido Ram\u00f3n.<\/p>\n<p>Este mecanismo tendr\u00eda que dar respuesta en tres meses a las situaciones de vulnerabilidad, pero \u00aben algunos casos se puede alargar dos a\u00f1os\u00bb. Adem\u00e1s de los retrasos, tambi\u00e9n han denunciado los filtros para reducir el acceso a muchas familias, sobre todo en el caso de migrantes.<\/p>\n<h2>Un plan de choque como prioridad<\/h2>\n<p>La PAH ha pedido un plan de choque \u00abque tendr\u00eda que ser la prioridad\u00bb del nuevo Gobierno de la Generalitat que salga de las urnas el 12-M. En este sentido, los activistas han reclamado que lleven a cabo las medidas que est\u00e1n en sus manos para hacer cumplir la Ley 24\/2015 que fuerza a los grandes propietarios a ofrecer un alquiler social antes de desahuciar a una familia vulnerable.<\/p>\n<p>\u00abSolo aplicando la ley, la gente tendr\u00eda el alquiler social, se evitar\u00eda el colapso administrativo y la Generalitat no tendr\u00eda que invertir en m\u00e1s pisos. La ley tiene ocho a\u00f1os y no se est\u00e1 cumpliendo y tampoco sancionando su incumplimiento\u00ab, ha afirmado el portavoz. Las sanciones por este tipo de incumplimientos pueden elevarse hasta los 90.000 euros.<\/p>","protected":false},"excerpt":{"rendered":"<p>La PAH denuncia que hay 870 familias que esperan un piso de las mesas de emergencias que hay en unas once localidades<\/p>","protected":false},"author":3,"featured_media":60099,"comment_status":"closed","ping_status":"closed","sticky":false,"template":"","format":"standard","meta":{"footnotes":""},"categories":[76],"tags":[],"class_list":["post-60098","post","type-post","status-publish","format-standard","has-post-thumbnail","hentry","category-barcelona"],"yoast_head":"<!-- This site is optimized with the Yoast SEO plugin v27.5 - https:\/\/yoast.com\/product\/yoast-seo-wordpress\/ -->\n<title>Barcelona exige el realojo de familias vulnerables<\/title>\n<meta name=\"description\" content=\"Hay 870 familias vulnerables que esperan un piso de las mesas de emergencias que hay en unas once localidades catalanas.\" \/>\n<meta name=\"robots\" content=\"index, follow, max-snippet:-1, max-image-preview:large, max-video-preview:-1\" \/>\n<link rel=\"canonical\" href=\"https:\/\/www.revistarambla.com\/en\/protesta-en-barcelona-por-los-retrasos-en-el-realojamiento-de-familias-vulnerables\/\" \/>\n<meta property=\"og:locale\" content=\"en_GB\" \/>\n<meta property=\"og:type\" content=\"article\" \/>\n<meta property=\"og:title\" content=\"Barcelona exige el realojo de familias vulnerables\" \/>\n<meta property=\"og:description\" content=\"Hay 870 familias vulnerables que esperan un piso de las mesas de emergencias que hay en unas once localidades catalanas.\" \/>\n<meta property=\"og:url\" content=\"https:\/\/www.revistarambla.com\/en\/protesta-en-barcelona-por-los-retrasos-en-el-realojamiento-de-familias-vulnerables\/\" \/>\n<meta property=\"og:site_name\" content=\"Revista Rambla\" \/>\n<meta property=\"article:publisher\" content=\"https:\/\/www.facebook.com\/revistarambla\/\" \/>\n<meta property=\"article:author\" content=\"https:\/\/www.facebook.com\/revistarambla\" \/>\n<meta property=\"article:published_time\" content=\"2024-05-08T17:14:25+00:00\" \/>\n<meta property=\"og:image\" content=\"https:\/\/www.revistarambla.com\/wp-content\/uploads\/2024\/05\/familias-vulnerables-pah.jpg\" \/>\n\t<meta property=\"og:image:width\" content=\"1200\" \/>\n\t<meta property=\"og:image:height\" content=\"748\" \/>\n\t<meta property=\"og:image:type\" content=\"image\/jpeg\" \/>\n<meta name=\"author\" content=\"R@mbla\" \/>\n<meta name=\"twitter:card\" content=\"summary_large_image\" \/>\n<meta name=\"twitter:creator\" content=\"@revistarambla\" \/>\n<meta name=\"twitter:site\" content=\"@revistarambla\" \/>\n<meta name=\"twitter:label1\" content=\"Written by\" \/>\n\t<meta name=\"twitter:data1\" content=\"R@mbla\" \/>\n\t<meta name=\"twitter:label2\" content=\"Estimated reading time\" \/>\n\t<meta name=\"twitter:data2\" content=\"3 minutes\" \/>\n<script type=\"application\/ld+json\" class=\"yoast-schema-graph\">{\"@context\":\"https:\\\/\\\/schema.org\",\"@graph\":[{\"@type\":\"Article\",\"@id\":\"https:\\\/\\\/www.revistarambla.com\\\/protesta-en-barcelona-por-los-retrasos-en-el-realojamiento-de-familias-vulnerables\\\/#article\",\"isPartOf\":{\"@id\":\"https:\\\/\\\/www.revistarambla.com\\\/protesta-en-barcelona-por-los-retrasos-en-el-realojamiento-de-familias-vulnerables\\\/\"},\"author\":{\"name\":\"R@mbla\",\"@id\":\"https:\\\/\\\/www.revistarambla.com\\\/#\\\/schema\\\/person\\\/a146a5a2550b94981a75131180e1bd9c\"},\"headline\":\"Protesta en Barcelona por los retrasos en el realojamiento de familias vulnerables\",\"datePublished\":\"2024-05-08T17:14:25+00:00\",\"mainEntityOfPage\":{\"@id\":\"https:\\\/\\\/www.revistarambla.com\\\/protesta-en-barcelona-por-los-retrasos-en-el-realojamiento-de-familias-vulnerables\\\/\"},\"wordCount\":604,\"publisher\":{\"@id\":\"https:\\\/\\\/www.revistarambla.com\\\/#organization\"},\"image\":{\"@id\":\"https:\\\/\\\/www.revistarambla.com\\\/protesta-en-barcelona-por-los-retrasos-en-el-realojamiento-de-familias-vulnerables\\\/#primaryimage\"},\"thumbnailUrl\":\"https:\\\/\\\/www.revistarambla.com\\\/wp-content\\\/uploads\\\/2024\\\/05\\\/familias-vulnerables-pah.jpg\",\"articleSection\":[\"Barcelona\"],\"inLanguage\":\"en-GB\"},{\"@type\":\"WebPage\",\"@id\":\"https:\\\/\\\/www.revistarambla.com\\\/protesta-en-barcelona-por-los-retrasos-en-el-realojamiento-de-familias-vulnerables\\\/\",\"url\":\"https:\\\/\\\/www.revistarambla.com\\\/protesta-en-barcelona-por-los-retrasos-en-el-realojamiento-de-familias-vulnerables\\\/\",\"name\":\"Barcelona exige el realojo de familias vulnerables\",\"isPartOf\":{\"@id\":\"https:\\\/\\\/www.revistarambla.com\\\/#website\"},\"primaryImageOfPage\":{\"@id\":\"https:\\\/\\\/www.revistarambla.com\\\/protesta-en-barcelona-por-los-retrasos-en-el-realojamiento-de-familias-vulnerables\\\/#primaryimage\"},\"image\":{\"@id\":\"https:\\\/\\\/www.revistarambla.com\\\/protesta-en-barcelona-por-los-retrasos-en-el-realojamiento-de-familias-vulnerables\\\/#primaryimage\"},\"thumbnailUrl\":\"https:\\\/\\\/www.revistarambla.com\\\/wp-content\\\/uploads\\\/2024\\\/05\\\/familias-vulnerables-pah.jpg\",\"datePublished\":\"2024-05-08T17:14:25+00:00\",\"description\":\"Hay 870 familias vulnerables que esperan un piso de las mesas de emergencias que hay en unas once localidades catalanas.\",\"breadcrumb\":{\"@id\":\"https:\\\/\\\/www.revistarambla.com\\\/protesta-en-barcelona-por-los-retrasos-en-el-realojamiento-de-familias-vulnerables\\\/#breadcrumb\"},\"inLanguage\":\"en-GB\",\"potentialAction\":[{\"@type\":\"ReadAction\",\"target\":[\"https:\\\/\\\/www.revistarambla.com\\\/protesta-en-barcelona-por-los-retrasos-en-el-realojamiento-de-familias-vulnerables\\\/\"]}]},{\"@type\":\"ImageObject\",\"inLanguage\":\"en-GB\",\"@id\":\"https:\\\/\\\/www.revistarambla.com\\\/protesta-en-barcelona-por-los-retrasos-en-el-realojamiento-de-familias-vulnerables\\\/#primaryimage\",\"url\":\"https:\\\/\\\/www.revistarambla.com\\\/wp-content\\\/uploads\\\/2024\\\/05\\\/familias-vulnerables-pah.jpg\",\"contentUrl\":\"https:\\\/\\\/www.revistarambla.com\\\/wp-content\\\/uploads\\\/2024\\\/05\\\/familias-vulnerables-pah.jpg\",\"width\":1200,\"height\":748,\"caption\":\"familias vulnerables pah\"},{\"@type\":\"BreadcrumbList\",\"@id\":\"https:\\\/\\\/www.revistarambla.com\\\/protesta-en-barcelona-por-los-retrasos-en-el-realojamiento-de-familias-vulnerables\\\/#breadcrumb\",\"itemListElement\":[{\"@type\":\"ListItem\",\"position\":1,\"name\":\"Portada\",\"item\":\"https:\\\/\\\/www.revistarambla.com\\\/\"},{\"@type\":\"ListItem\",\"position\":2,\"name\":\"Protesta en Barcelona por los retrasos en el realojamiento de familias vulnerables\"}]},{\"@type\":\"WebSite\",\"@id\":\"https:\\\/\\\/www.revistarambla.com\\\/#website\",\"url\":\"https:\\\/\\\/www.revistarambla.com\\\/\",\"name\":\"Revista Rambla Barcelona\",\"description\":\"Periodismo independiente\",\"publisher\":{\"@id\":\"https:\\\/\\\/www.revistarambla.com\\\/#organization\"},\"potentialAction\":[{\"@type\":\"SearchAction\",\"target\":{\"@type\":\"EntryPoint\",\"urlTemplate\":\"https:\\\/\\\/www.revistarambla.com\\\/?s={search_term_string}\"},\"query-input\":{\"@type\":\"PropertyValueSpecification\",\"valueRequired\":true,\"valueName\":\"search_term_string\"}}],\"inLanguage\":\"en-GB\"},{\"@type\":\"Organization\",\"@id\":\"https:\\\/\\\/www.revistarambla.com\\\/#organization\",\"name\":\"Revista Rambla\",\"url\":\"https:\\\/\\\/www.revistarambla.com\\\/\",\"logo\":{\"@type\":\"ImageObject\",\"inLanguage\":\"en-GB\",\"@id\":\"https:\\\/\\\/www.revistarambla.com\\\/#\\\/schema\\\/logo\\\/image\\\/\",\"url\":\"https:\\\/\\\/www.revistarambla.com\\\/wp-content\\\/uploads\\\/2020\\\/09\\\/banner_rambla_1900x600_BB.png\",\"contentUrl\":\"https:\\\/\\\/www.revistarambla.com\\\/wp-content\\\/uploads\\\/2020\\\/09\\\/banner_rambla_1900x600_BB.png\",\"width\":1900,\"height\":600,\"caption\":\"Revista Rambla\"},\"image\":{\"@id\":\"https:\\\/\\\/www.revistarambla.com\\\/#\\\/schema\\\/logo\\\/image\\\/\"},\"sameAs\":[\"https:\\\/\\\/www.facebook.com\\\/revistarambla\\\/\",\"https:\\\/\\\/x.com\\\/revistarambla\",\"https:\\\/\\\/www.instagram.com\\\/revista_rambla\",\"https:\\\/\\\/es.linkedin.com\\\/company\\\/revista-rambla\"]},{\"@type\":\"Person\",\"@id\":\"https:\\\/\\\/www.revistarambla.com\\\/#\\\/schema\\\/person\\\/a146a5a2550b94981a75131180e1bd9c\",\"name\":\"R@mbla\",\"description\":\"Este art\u00edculo ha sido redactado y\\\/o validado por el equipo de redacci\u00f3n de Revista Rambla.\",\"sameAs\":[\"https:\\\/\\\/www.revistarambla.com\\\/\",\"https:\\\/\\\/www.facebook.com\\\/revistarambla\",\"https:\\\/\\\/x.com\\\/revistarambla\"]}]}<\/script>\n<!-- \/ Yoast SEO plugin. -->","yoast_head_json":{"title":"Barcelona exige el realojo de familias vulnerables","description":"Hay 870 familias vulnerables que esperan un piso de las mesas de emergencias que hay en unas once localidades catalanas.","robots":{"index":"index","follow":"follow","max-snippet":"max-snippet:-1","max-image-preview":"max-image-preview:large","max-video-preview":"max-video-preview:-1"},"canonical":"https:\/\/www.revistarambla.com\/en\/protesta-en-barcelona-por-los-retrasos-en-el-realojamiento-de-familias-vulnerables\/","og_locale":"en_GB","og_type":"article","og_title":"Barcelona exige el realojo de familias vulnerables","og_description":"Hay 870 familias vulnerables que esperan un piso de las mesas de emergencias que hay en unas once localidades catalanas.","og_url":"https:\/\/www.revistarambla.com\/en\/protesta-en-barcelona-por-los-retrasos-en-el-realojamiento-de-familias-vulnerables\/","og_site_name":"Revista Rambla","article_publisher":"https:\/\/www.facebook.com\/revistarambla\/","article_author":"https:\/\/www.facebook.com\/revistarambla","article_published_time":"2024-05-08T17:14:25+00:00","og_image":[{"width":1200,"height":748,"url":"https:\/\/www.revistarambla.com\/wp-content\/uploads\/2024\/05\/familias-vulnerables-pah.jpg","type":"image\/jpeg"}],"author":"R@mbla","twitter_card":"summary_large_image","twitter_creator":"@revistarambla","twitter_site":"@revistarambla","twitter_misc":{"Written by":"R@mbla","Estimated reading time":"3 minutes"},"schema":{"@context":"https:\/\/schema.org","@graph":[{"@type":"Article","@id":"https:\/\/www.revistarambla.com\/protesta-en-barcelona-por-los-retrasos-en-el-realojamiento-de-familias-vulnerables\/#article","isPartOf":{"@id":"https:\/\/www.revistarambla.com\/protesta-en-barcelona-por-los-retrasos-en-el-realojamiento-de-familias-vulnerables\/"},"author":{"name":"R@mbla","@id":"https:\/\/www.revistarambla.com\/#\/schema\/person\/a146a5a2550b94981a75131180e1bd9c"},"headline":"Protesta en Barcelona por los retrasos en el realojamiento de familias vulnerables","datePublished":"2024-05-08T17:14:25+00:00","mainEntityOfPage":{"@id":"https:\/\/www.revistarambla.com\/protesta-en-barcelona-por-los-retrasos-en-el-realojamiento-de-familias-vulnerables\/"},"wordCount":604,"publisher":{"@id":"https:\/\/www.revistarambla.com\/#organization"},"image":{"@id":"https:\/\/www.revistarambla.com\/protesta-en-barcelona-por-los-retrasos-en-el-realojamiento-de-familias-vulnerables\/#primaryimage"},"thumbnailUrl":"https:\/\/www.revistarambla.com\/wp-content\/uploads\/2024\/05\/familias-vulnerables-pah.jpg","articleSection":["Barcelona"],"inLanguage":"en-GB"},{"@type":"WebPage","@id":"https:\/\/www.revistarambla.com\/protesta-en-barcelona-por-los-retrasos-en-el-realojamiento-de-familias-vulnerables\/","url":"https:\/\/www.revistarambla.com\/protesta-en-barcelona-por-los-retrasos-en-el-realojamiento-de-familias-vulnerables\/","name":"Barcelona exige el realojo de familias vulnerables","isPartOf":{"@id":"https:\/\/www.revistarambla.com\/#website"},"primaryImageOfPage":{"@id":"https:\/\/www.revistarambla.com\/protesta-en-barcelona-por-los-retrasos-en-el-realojamiento-de-familias-vulnerables\/#primaryimage"},"image":{"@id":"https:\/\/www.revistarambla.com\/protesta-en-barcelona-por-los-retrasos-en-el-realojamiento-de-familias-vulnerables\/#primaryimage"},"thumbnailUrl":"https:\/\/www.revistarambla.com\/wp-content\/uploads\/2024\/05\/familias-vulnerables-pah.jpg","datePublished":"2024-05-08T17:14:25+00:00","description":"Hay 870 familias vulnerables que esperan un piso de las mesas de emergencias que hay en unas once localidades catalanas.","breadcrumb":{"@id":"https:\/\/www.revistarambla.com\/protesta-en-barcelona-por-los-retrasos-en-el-realojamiento-de-familias-vulnerables\/#breadcrumb"},"inLanguage":"en-GB","potentialAction":[{"@type":"ReadAction","target":["https:\/\/www.revistarambla.com\/protesta-en-barcelona-por-los-retrasos-en-el-realojamiento-de-familias-vulnerables\/"]}]},{"@type":"ImageObject","inLanguage":"en-GB","@id":"https:\/\/www.revistarambla.com\/protesta-en-barcelona-por-los-retrasos-en-el-realojamiento-de-familias-vulnerables\/#primaryimage","url":"https:\/\/www.revistarambla.com\/wp-content\/uploads\/2024\/05\/familias-vulnerables-pah.jpg","contentUrl":"https:\/\/www.revistarambla.com\/wp-content\/uploads\/2024\/05\/familias-vulnerables-pah.jpg","width":1200,"height":748,"caption":"familias vulnerables pah"},{"@type":"BreadcrumbList","@id":"https:\/\/www.revistarambla.com\/protesta-en-barcelona-por-los-retrasos-en-el-realojamiento-de-familias-vulnerables\/#breadcrumb","itemListElement":[{"@type":"ListItem","position":1,"name":"Portada","item":"https:\/\/www.revistarambla.com\/"},{"@type":"ListItem","position":2,"name":"Protesta en Barcelona por los retrasos en el realojamiento de familias vulnerables"}]},{"@type":"WebSite","@id":"https:\/\/www.revistarambla.com\/#website","url":"https:\/\/www.revistarambla.com\/","name":"Revista Rambla Barcelona","description":"Periodismo independiente","publisher":{"@id":"https:\/\/www.revistarambla.com\/#organization"},"potentialAction":[{"@type":"SearchAction","target":{"@type":"EntryPoint","urlTemplate":"https:\/\/www.revistarambla.com\/?s={search_term_string}"},"query-input":{"@type":"PropertyValueSpecification","valueRequired":true,"valueName":"search_term_string"}}],"inLanguage":"en-GB"},{"@type":"Organization","@id":"https:\/\/www.revistarambla.com\/#organization","name":"Revista Rambla","url":"https:\/\/www.revistarambla.com\/","logo":{"@type":"ImageObject","inLanguage":"en-GB","@id":"https:\/\/www.revistarambla.com\/#\/schema\/logo\/image\/","url":"https:\/\/www.revistarambla.com\/wp-content\/uploads\/2020\/09\/banner_rambla_1900x600_BB.png","contentUrl":"https:\/\/www.revistarambla.com\/wp-content\/uploads\/2020\/09\/banner_rambla_1900x600_BB.png","width":1900,"height":600,"caption":"Revista Rambla"},"image":{"@id":"https:\/\/www.revistarambla.com\/#\/schema\/logo\/image\/"},"sameAs":["https:\/\/www.facebook.com\/revistarambla\/","https:\/\/x.com\/revistarambla","https:\/\/www.instagram.com\/revista_rambla","https:\/\/es.linkedin.com\/company\/revista-rambla"]},{"@type":"Person","@id":"https:\/\/www.revistarambla.com\/#\/schema\/person\/a146a5a2550b94981a75131180e1bd9c","name":"R@mbla","description":"Este art\u00edculo ha sido redactado y\/o validado por el equipo de redacci\u00f3n de Revista Rambla.","sameAs":["https:\/\/www.revistarambla.com\/","https:\/\/www.facebook.com\/revistarambla","https:\/\/x.com\/revistarambla"]}]}},"_links":{"self":[{"href":"https:\/\/www.revistarambla.com\/en\/wp-json\/wp\/v2\/posts\/60098","targetHints":{"allow":["GET"]}}],"collection":[{"href":"https:\/\/www.revistarambla.com\/en\/wp-json\/wp\/v2\/posts"}],"about":[{"href":"https:\/\/www.revistarambla.com\/en\/wp-json\/wp\/v2\/types\/post"}],"author":[{"embeddable":true,"href":"https:\/\/www.revistarambla.com\/en\/wp-json\/wp\/v2\/users\/3"}],"replies":[{"embeddable":true,"href":"https:\/\/www.revistarambla.com\/en\/wp-json\/wp\/v2\/comments?post=60098"}],"version-history":[{"count":1,"href":"https:\/\/www.revistarambla.com\/en\/wp-json\/wp\/v2\/posts\/60098\/revisions"}],"predecessor-version":[{"id":60100,"href":"https:\/\/www.revistarambla.com\/en\/wp-json\/wp\/v2\/posts\/60098\/revisions\/60100"}],"wp:featuredmedia":[{"embeddable":true,"href":"https:\/\/www.revistarambla.com\/en\/wp-json\/wp\/v2\/media\/60099"}],"wp:attachment":[{"href":"https:\/\/www.revistarambla.com\/en\/wp-json\/wp\/v2\/media?parent=60098"}],"wp:term":[{"taxonomy":"category","embeddable":true,"href":"https:\/\/www.revistarambla.com\/en\/wp-json\/wp\/v2\/categories?post=60098"},{"taxonomy":"post_tag","embeddable":true,"href":"https:\/\/www.revistarambla.com\/en\/wp-json\/wp\/v2\/tags?post=60098"}],"curies":[{"name":"wp","href":"https:\/\/api.w.org\/{rel}","templated":true}]}}