{"id":599,"date":"2010-11-23T10:22:00","date_gmt":"2010-11-23T09:22:00","guid":{"rendered":"https:\/\/www.revistarambla.com\/estudio-de-danza-carmen-caparros-arte-flamenco\/"},"modified":"2021-12-08T20:34:38","modified_gmt":"2021-12-08T19:34:38","slug":"estudio-de-danza-carmen-caparros-arte-flamenco","status":"publish","type":"post","link":"https:\/\/www.revistarambla.com\/en\/estudio-de-danza-carmen-caparros-arte-flamenco\/","title":{"rendered":"Estudio de danza Carmen Caparr\u00f3s, arte flamenco"},"content":{"rendered":"<p><img decoding=\"async\" class=\"alignright\" src=\"https:\/\/www.revistarambla.com\/wp-content\/uploads\/2010\/11\/flamenco%205.jpg\" alt=\"alt\" width=\"396\" height=\"301\" \/>Faldas rojo pasi\u00f3n salpicadas de lunares blancos, volantes que corretean revoltosos entre las piernas. No cesan las palmas ni el baile de manos, la guitarra despide una melod\u00eda ardiente que se mezcla con el sonido incesante de un taconeo. El flamenco es un arte. Y ahora tambi\u00e9n patrimonio de la humanidad.\u00a0El Estudio de Danza Carmen Caparr\u00f3s, del que es directora y profesora la prestigiosa bailaora Carmen Caparr\u00f3s, recoge la tradici\u00f3n y esencia del flamenco para ense\u00f1arlo a todo aquel que quiera aprender su t\u00e9cnica. Situado en la ciudad de Barcelona, calle Galileu 261, abri\u00f3 sus puertas el pasado a\u00f1o y fue destacado recientemente por la revista <a href=\"https:\/\/www.timeout.es\/barcelona\/es\"><em>Time Out Barcelona<\/em><\/a> como uno de los estudios de danza m\u00e1s prestigiosos del estado. Marta Vila, una de las cuatro socias fundadoras de la escuela, nos cuenta los primeros pasos del negocio y el porqu\u00e9 del flamenco como danza estrella.<\/p>\n<p style=\"text-align: left;\"><strong>Vuestro estudio de danza abri\u00f3 sus puertas en Octubre de 2009. \u00bfQui\u00e9nes tuvisteis la idea?<\/strong><\/p>\n<p style=\"text-align: left;\">Todas \u00e9ramos alumnas de Carmen Caparr\u00f3s en otra escuela y est\u00e1bamos un poco cansadas del ambiente que hab\u00eda all\u00ed. A mi particularmente me parec\u00eda muy injusto que, con el talento que ten\u00eda Carmen, no tuviera un estudio propio. Ella, a\u00f1os atr\u00e1s hab\u00eda tenido uno, pero lo tuvo que dejar. De ah\u00ed que el nuestro se llame Carmen Caparr\u00f3s, para que ella tenga de nuevo su propia escuela. Es muy buena profesora. Yo he tenido otros profesores de flamenco pero como ella\u2026.<\/p>\n<p style=\"text-align: left;\">Somos cuatro socias. Soraya Villarroya, Carmen Caparr\u00f3s, Sandra L\u00f3pez y yo. Soraya es polit\u00f3loga y es quien lleva el tema de la publicidad y el reparto de flyers. Carmen es la artista y directora de la escuela. Sandra es arquitecto t\u00e9cnico y es la que se ha ocupado del control de las obras del estudio. Y yo me ocupo un poquito de todo. Todas hacemos la secretar\u00eda, nos vamos turnando. Cada una tiene su trabajo a parte del estudio de danza. El dise\u00f1o fue cosa de todas. Lo hemos hecho bien, todo insonorizado. La escuela a la que \u00edbamos antes siempre ten\u00eda problemas con los vecinos, que se quejaban del ruido. Nosotras dijimos: \u201cNo. Aqu\u00ed vamos a hacer una escuela bien hecha\u201d.<\/p>\n<p style=\"text-align: left;\"><strong>\u00bfC\u00f3mo pasa de ser una idea a una realidad?<\/strong><\/p>\n<p style=\"text-align: left;\">Fue como un sue\u00f1o hecho realidad entre todas. Un sue\u00f1o de montar algo por nuestra cuenta, de ser mujeres emprendedoras. Ninguna ten\u00eda que dejar su trabajo, con lo que el riesgo no era muy elevado. Econ\u00f3micamente, ten\u00edamos unos ahorrillos cada una. Y entonces, como no lo vimos muy arriesgado dijimos \u201c\u00bfpor qu\u00e9 no?\u201d, tal cual. Y entre \u00bfpor qu\u00e9 no? y \u00bfpor qu\u00e9 no? empezamos a buscar local, y todo poquito a poco fue marchando\u2026 un poco sin pensarlo, muy ideol\u00f3gicas las cuatro. Dicho y hecho.<\/p>\n<p style=\"text-align: left;\"><strong>\u00bfC\u00f3mo os disteis a conocer?<\/strong><\/p>\n<p style=\"text-align: left;\">Con flyers, con flyers. Tambi\u00e9n hab\u00eda gente que conoc\u00eda a Carmen. De nuestro grupo de la otra escuela se apuntaron casi todas. Adem\u00e1s nos anunciamos en el portal de flamenco. Nuestra ilusi\u00f3n es que venga gente de fuera por este arte. Ha sido un gran trabajo de Soraya, la verdad. Ir a la calle a repartir los flyers. En el segundo a\u00f1o tambi\u00e9n ha funcionado el boca a boca, porque lo estamos haciendo bien y la gente lo comenta.<\/p>\n<p style=\"text-align: left;\"><strong>\u00bfOs cost\u00f3 arrancar?<\/strong><\/p>\n<p style=\"text-align: left;\">No, no, no, no. Nos sorprendimos, \u00bfeh? El primer mes \u00edbamos diciendo: \u201c\u00a1Ostras, ya tenemos cuarenta!, \u00a1ostras, ya tenemos cien!\u201d, hasta que hemos llegado a un punto en que se ha frenado un poco, pero bueno, \u00a1estamos en los 170 alumnos!<\/p>\n<p style=\"text-align: left;\"><strong>\u00bfQu\u00e9 danzas se ense\u00f1an en vuestra escuela?<\/strong><\/p>\n<p style=\"text-align: left;\">Yo siempre digo lo mismo, la nuestra es una escuela de flamenco, de cl\u00e1sico espa\u00f1ol y de sevillanas. Pero claro, tambi\u00e9n tenemos que hacer otras cosas. Hacemos comedia musical para ni\u00f1os, que es jazz. Tambi\u00e9n la base de cl\u00e1sico, porque para bailar cualquier cosa has de tenerla; ritmos latinos, salsa\u2026 que tiene mucho \u00e9xito tambi\u00e9n (tenemos las clases llenas); rock and roll\u2026 Ahora hemos abierto una clase de funky para j\u00f3venes, porque ten\u00edamos mucha demanda, pero nuestro fuerte es el flamenco.<\/p>\n<p style=\"text-align: left;\"><strong>\u00bfCu\u00e1l es la danza que tiene m\u00e1s \u00e9xito?<\/strong><\/p>\n<p style=\"text-align: left;\">El flamenco, el flamenco. Descarado, de calle. Es una danza que tiene mucho adicto. No es f\u00e1cil montar una escuela de flamenco, no hay tantas. Insonorizar cuesta mucho. Yo creo que tiene tanto \u00e9xito porque el flamenco, en Catalunya, cada vez est\u00e1 m\u00e1s en auge. Adem\u00e1s, los lunes hacemos la clase con un guitarrista. Entonces claro, no tiene nada que ver aprender con guitarra en vivo que hacerlo con la enlatada, de CD. Nada que ver. Nuestra idea es que en un futuro las clases sean siempre con guitarrista.<\/p>\n<p style=\"text-align: left;\"><strong>\u00bfAlguien que no sepa absolutamente nada de flamenco puede ir a vuestras clases?<\/strong><\/p>\n<p style=\"text-align: left;\">S\u00ed, s\u00ed, s\u00ed. Tenemos tres niveles, el de iniciaci\u00f3n, el intermedio y el avanzado.<\/p>\n<p style=\"text-align: left;\"><strong><img decoding=\"async\" class=\"alignright size-full wp-image-598\" style=\"width: 253px; height: 556px; margin-left: 8px; margin-right: 8px; float: right;\" src=\"https:\/\/www.revistarambla.com\/wp-content\/uploads\/2010\/11\/flamenco%201.jpg\" alt=\"alt\" width=\"182\" height=\"400\" \/>Entonces, \u00bfcre\u00e9is que el flamenco es una buena apuesta?<\/strong><\/p>\n<p style=\"text-align: left;\">S\u00ed, s\u00ed, claro. Adem\u00e1s a partir de ahora es patrimonio inmaterial de la humanidad. En Barcelona, siempre ha estado la rumba catalana. Est\u00e1n saliendo grupos de fusi\u00f3n de aqu\u00ed, catalanes. Ojos de brujo, Calima, Jaleo Real, Macaco\u2026 el flamenco siempre ha estado muy arraigado aqu\u00ed. Gusta mucho.De hecho, tenemos alumnas que ya hace a\u00f1os que bailaban flamenco, desde peque\u00f1as.<\/p>\n<p style=\"text-align: left;\"><strong>Para los no entendidos, \u00bfcu\u00e1l es la diferencia entre sevillanas y flamenco?<\/strong><\/p>\n<p style=\"text-align: left;\">La sevillana es un folclore, el flamenco es una disciplina dentro de la danza. El flamenco es un arte muy dif\u00edcil de aprender. No tiene nada que ver una cosa con la otra. Si sabes flamenco, sevillanas es un <em>plis plas<\/em>. El flamenco tiene muchos palos. Es muy dif\u00edcil. La gente se piensa que es pegar golpes de zapatos pero no, tienes que saber de m\u00fasica. Hay el tac\u00f3n flamenco, las seguidillas, la buler\u00eda, la sole\u00e1\u2026 Es muy amplio.<\/p>\n<p style=\"text-align: left;\"><strong>Cuando o\u00edmos la palabra \u201cflamenco\u201d, nos acude inevitablemente a la mente el sur de Espa\u00f1a. \u00bfCu\u00e1l es el perfil de gente que quiere iniciarse en esta danza?<\/strong><\/p>\n<p style=\"text-align: left;\">Es muy amplio, hay gente de todo tipo. Yo soy bien catalana y me encanta. A todo el mundo que ame, entienda y sienta la m\u00fasica le puede gustar el flamenco. Es muy pasional, fuerte, te hace sentir y vivir. Una vez has probado el flamenco, te llena. A cualquier persona sensible le gusta el flamenco. Da igual que sea andaluz, catal\u00e1n, vasco o japon\u00e9s. Todo es sentirlo, sentir la m\u00fasica. Viene gente a la que realmente le gusta bailar, de todas partes. Y bien catalanes, tambi\u00e9n.<\/p>\n<p style=\"text-align: left;\"><strong>Ten\u00e9is la modalidad infantil y la de adultos, \u00bfCu\u00e1ntos alumnos hay, aproximadamente, en cada una?<\/strong><\/p>\n<p style=\"text-align: left;\">En total tenemos 170 alumnos, entre ni\u00f1os y adultos. Ni\u00f1os, no vienen tantos. Supongo que es porque en los colegios tambi\u00e9n hacen baile, aunque el nivel no es el mismo; tambi\u00e9n por el tema de la crisis y porque hay varias escuelas de baile en el barrio. Adem\u00e1s, es m\u00e1s dif\u00edcil que a los ni\u00f1os les guste el flamenco. Se apuntan m\u00e1s a comedia musical. Pero bueno, \u00a1tenemos una clase de flamenco de nueve alumnos!<\/p>\n<p style=\"text-align: left;\"><strong>Son cuatro los profesores que imparten las clases, \u00bfya los conoc\u00edais?<\/strong><\/p>\n<p style=\"text-align: left;\">No, excepto a uno de ellos. Fue a base de curr\u00edculums e ir buscando. Tenemos una profesora de cl\u00e1sico para ni\u00f1os, otra de pre-danza, otra de lyrical y funky, dos de flamenco, contando con Carmen, al profesor de salsa\u2026<\/p>\n<p style=\"text-align: left;\"><strong>A parte de las clases regulares, \u00bfhac\u00e9is alg\u00fan tipo de cursillos puntuales?<\/strong><\/p>\n<p style=\"text-align: left;\">S\u00ed. Del 14 de enero al 4 de marzo haremos un monogr\u00e1fico de rock and roll. Ocho clases de ocho a nueve de la noche cada viernes. Con Carmen Caparr\u00f3s, que lo baila muy bien. Tambi\u00e9n a partir de enero haremos un cursillo de tres meses de sevillanas que se llama \u201cVamos a la feria\u201d. Son doce sesiones para coger la idea de las sevillanas, para que la gente pueda ir a la Feria de Abril. Tambi\u00e9n querr\u00eda comentar que tenemos una profesora de contempor\u00e1neo, Marta, que adem\u00e1s hace cursos de danza inclusiva, para ni\u00f1os discapacitados. A partir del 15 de enero, haremos clases de este tipo en nuestra escuela.<\/p>\n<p style=\"text-align: left;\">Adem\u00e1s, participamos en el Comer\u00e7 de Les Corts, en junio o as\u00ed. Cuando salen todos los comerciantes a la calle, nosotras lo hacemos tambi\u00e9n para bailar.<\/p>\n<p style=\"text-align: left;\"><strong>Si pudieras dirigirte a la gente, \u00bfqu\u00e9 le dir\u00edas para que se animara a tomar clases de flamenco?<\/strong><\/p>\n<p style=\"text-align: left;\">La gente necesita pas\u00e1rselo bien. No hablo de flamenco en particular, sino en general. Tenemos dos alumnas que han enviudado hace poco y es magn\u00edfico ver la alegr\u00eda y la ilusi\u00f3n con la que vienen. Como tambi\u00e9n lo es \u00a0ver lo contentos que vienen los ni\u00f1os. A la gente le va bien el baile. Es una terapia que recomiendo much\u00edsimo. Y m\u00e1s en \u00e9poca de crisis, ya que te ayuda a evadirte de tus problemas, te olvidas de todo. Es un momentito de concentraci\u00f3n para ti.<\/p>\n<p style=\"text-align: left;\">Con el flamenco sacas toda la rabia y la fuerza que llevas dentro, sacas tu lado m\u00e1s femenino y personal. Y cuando tienes estr\u00e9s, dices \u201cvenga, voy a sacar toda la rabia zapateando\u201d. A parte de que aqu\u00ed haces un ejercicio que <em>buf<\/em>\u2026 Mira, yo he ido al gimnasio y he hecho una clase de GAP y te aseguro que no me canso tanto como en una clase de flamenco. No tienes celulitis, trabajas mucho los brazos y haces mucha fuerza. Adem\u00e1s, aprendes a corregir la postura. Yo a mi hija Emma la he apuntado porque quiero que camine erguida y bien. Y lejos de lo que algunos piensan, no es s\u00f3lo para mujeres. Tenemos dos hombres en clase de flamenco. Puede venir cualquiera, y tenga la edad que tenga.<\/p>\n<p style=\"text-align: left;\">En cuanto a las sevillanas, \u00a1es divertid\u00edsimo! Cuando ya sabes, te puedes ir a bailarlas a otros sitios como la Feria de Abril. Carmen las ense\u00f1a muy bien.<\/p>","protected":false},"excerpt":{"rendered":"<p>Faldas rojo pasi\u00f3n salpicadas de lunares blancos, volantes que corretean revoltosos entre las piernas. No cesan las palmas ni el baile de manos, la guitarra despide una melod\u00eda ardiente que se mezcla con el sonido incesante de un taconeo. El flamenco es un arte. Y ahora tambi\u00e9n patrimonio de la [&hellip;]<\/p>\n","protected":false},"author":39,"featured_media":0,"comment_status":"open","ping_status":"open","sticky":false,"template":"","format":"standard","meta":{"footnotes":""},"categories":[64,4],"tags":[],"class_list":["post-599","post","type-post","status-publish","format-standard","hentry","category-arte","category-cultura"],"yoast_head":"<!-- This site is optimized with the Yoast SEO plugin v27.5 - https:\/\/yoast.com\/product\/yoast-seo-wordpress\/ -->\n<title>Estudio de danza Carmen Caparr\u00f3s, arte flamenco - Revista Rambla<\/title>\n<meta name=\"description\" content=\"El Estudio de Danza Carmen Caparr\u00f3s, del que es directora y profesora la prestigiosa bailaora Carmen Caparr\u00f3s, recoge la tradici\u00f3n y esencia del flamenco...\" \/>\n<meta name=\"robots\" content=\"index, follow, max-snippet:-1, max-image-preview:large, max-video-preview:-1\" \/>\n<link rel=\"canonical\" href=\"https:\/\/www.revistarambla.com\/en\/estudio-de-danza-carmen-caparros-arte-flamenco\/\" \/>\n<meta property=\"og:locale\" content=\"en_GB\" \/>\n<meta property=\"og:type\" content=\"article\" \/>\n<meta property=\"og:title\" content=\"Estudio de danza Carmen Caparr\u00f3s, arte flamenco - Revista Rambla\" \/>\n<meta property=\"og:description\" content=\"El Estudio de Danza Carmen Caparr\u00f3s, del que es directora y profesora la prestigiosa bailaora Carmen Caparr\u00f3s, recoge la tradici\u00f3n y esencia del flamenco...\" \/>\n<meta property=\"og:url\" content=\"https:\/\/www.revistarambla.com\/en\/estudio-de-danza-carmen-caparros-arte-flamenco\/\" \/>\n<meta property=\"og:site_name\" content=\"Revista Rambla\" \/>\n<meta property=\"article:publisher\" content=\"https:\/\/www.facebook.com\/revistarambla\/\" \/>\n<meta property=\"article:published_time\" content=\"2010-11-23T09:22:00+00:00\" \/>\n<meta property=\"article:modified_time\" content=\"2021-12-08T19:34:38+00:00\" \/>\n<meta property=\"og:image\" content=\"https:\/\/www.revistarambla.com\/wp-content\/uploads\/2010\/11\/flamenco%205.jpg\" \/>\n\t<meta property=\"og:image:width\" content=\"396\" \/>\n\t<meta property=\"og:image:height\" content=\"301\" \/>\n\t<meta property=\"og:image:type\" content=\"image\/jpeg\" \/>\n<meta name=\"author\" content=\"Blanca Mendiguren Gomila\" \/>\n<meta name=\"twitter:card\" content=\"summary_large_image\" \/>\n<meta name=\"twitter:creator\" content=\"@BlancaGomila\" \/>\n<meta name=\"twitter:site\" content=\"@revistarambla\" \/>\n<meta name=\"twitter:label1\" content=\"Written by\" \/>\n\t<meta name=\"twitter:data1\" content=\"Blanca Mendiguren Gomila\" \/>\n\t<meta name=\"twitter:label2\" content=\"Estimated reading time\" \/>\n\t<meta name=\"twitter:data2\" content=\"8 minutes\" \/>\n<script type=\"application\/ld+json\" class=\"yoast-schema-graph\">{\"@context\":\"https:\\\/\\\/schema.org\",\"@graph\":[{\"@type\":\"Article\",\"@id\":\"https:\\\/\\\/www.revistarambla.com\\\/estudio-de-danza-carmen-caparros-arte-flamenco\\\/#article\",\"isPartOf\":{\"@id\":\"https:\\\/\\\/www.revistarambla.com\\\/estudio-de-danza-carmen-caparros-arte-flamenco\\\/\"},\"author\":{\"name\":\"Blanca Mendiguren Gomila\",\"@id\":\"https:\\\/\\\/www.revistarambla.com\\\/#\\\/schema\\\/person\\\/ef3b07dd258f83e19609a57611e756c9\"},\"headline\":\"Estudio de danza Carmen Caparr\u00f3s, arte flamenco\",\"datePublished\":\"2010-11-23T09:22:00+00:00\",\"dateModified\":\"2021-12-08T19:34:38+00:00\",\"mainEntityOfPage\":{\"@id\":\"https:\\\/\\\/www.revistarambla.com\\\/estudio-de-danza-carmen-caparros-arte-flamenco\\\/\"},\"wordCount\":1746,\"commentCount\":0,\"publisher\":{\"@id\":\"https:\\\/\\\/www.revistarambla.com\\\/#organization\"},\"image\":{\"@id\":\"https:\\\/\\\/www.revistarambla.com\\\/estudio-de-danza-carmen-caparros-arte-flamenco\\\/#primaryimage\"},\"thumbnailUrl\":\"https:\\\/\\\/www.revistarambla.com\\\/wp-content\\\/uploads\\\/2010\\\/11\\\/flamenco%205.jpg\",\"articleSection\":[\"Arte\",\"Cultura\"],\"inLanguage\":\"en-GB\",\"potentialAction\":[{\"@type\":\"CommentAction\",\"name\":\"Comment\",\"target\":[\"https:\\\/\\\/www.revistarambla.com\\\/estudio-de-danza-carmen-caparros-arte-flamenco\\\/#respond\"]}]},{\"@type\":\"WebPage\",\"@id\":\"https:\\\/\\\/www.revistarambla.com\\\/estudio-de-danza-carmen-caparros-arte-flamenco\\\/\",\"url\":\"https:\\\/\\\/www.revistarambla.com\\\/estudio-de-danza-carmen-caparros-arte-flamenco\\\/\",\"name\":\"Estudio de danza Carmen Caparr\u00f3s, arte flamenco - Revista Rambla\",\"isPartOf\":{\"@id\":\"https:\\\/\\\/www.revistarambla.com\\\/#website\"},\"primaryImageOfPage\":{\"@id\":\"https:\\\/\\\/www.revistarambla.com\\\/estudio-de-danza-carmen-caparros-arte-flamenco\\\/#primaryimage\"},\"image\":{\"@id\":\"https:\\\/\\\/www.revistarambla.com\\\/estudio-de-danza-carmen-caparros-arte-flamenco\\\/#primaryimage\"},\"thumbnailUrl\":\"https:\\\/\\\/www.revistarambla.com\\\/wp-content\\\/uploads\\\/2010\\\/11\\\/flamenco%205.jpg\",\"datePublished\":\"2010-11-23T09:22:00+00:00\",\"dateModified\":\"2021-12-08T19:34:38+00:00\",\"description\":\"El Estudio de Danza Carmen Caparr\u00f3s, del que es directora y profesora la prestigiosa bailaora Carmen Caparr\u00f3s, recoge la tradici\u00f3n y esencia del flamenco...\",\"breadcrumb\":{\"@id\":\"https:\\\/\\\/www.revistarambla.com\\\/estudio-de-danza-carmen-caparros-arte-flamenco\\\/#breadcrumb\"},\"inLanguage\":\"en-GB\",\"potentialAction\":[{\"@type\":\"ReadAction\",\"target\":[\"https:\\\/\\\/www.revistarambla.com\\\/estudio-de-danza-carmen-caparros-arte-flamenco\\\/\"]}]},{\"@type\":\"ImageObject\",\"inLanguage\":\"en-GB\",\"@id\":\"https:\\\/\\\/www.revistarambla.com\\\/estudio-de-danza-carmen-caparros-arte-flamenco\\\/#primaryimage\",\"url\":\"https:\\\/\\\/www.revistarambla.com\\\/wp-content\\\/uploads\\\/2010\\\/11\\\/flamenco%205.jpg\",\"contentUrl\":\"https:\\\/\\\/www.revistarambla.com\\\/wp-content\\\/uploads\\\/2010\\\/11\\\/flamenco%205.jpg\"},{\"@type\":\"BreadcrumbList\",\"@id\":\"https:\\\/\\\/www.revistarambla.com\\\/estudio-de-danza-carmen-caparros-arte-flamenco\\\/#breadcrumb\",\"itemListElement\":[{\"@type\":\"ListItem\",\"position\":1,\"name\":\"Portada\",\"item\":\"https:\\\/\\\/www.revistarambla.com\\\/\"},{\"@type\":\"ListItem\",\"position\":2,\"name\":\"Estudio de danza Carmen Caparr\u00f3s, arte flamenco\"}]},{\"@type\":\"WebSite\",\"@id\":\"https:\\\/\\\/www.revistarambla.com\\\/#website\",\"url\":\"https:\\\/\\\/www.revistarambla.com\\\/\",\"name\":\"Revista Rambla Barcelona\",\"description\":\"Periodismo independiente\",\"publisher\":{\"@id\":\"https:\\\/\\\/www.revistarambla.com\\\/#organization\"},\"potentialAction\":[{\"@type\":\"SearchAction\",\"target\":{\"@type\":\"EntryPoint\",\"urlTemplate\":\"https:\\\/\\\/www.revistarambla.com\\\/?s={search_term_string}\"},\"query-input\":{\"@type\":\"PropertyValueSpecification\",\"valueRequired\":true,\"valueName\":\"search_term_string\"}}],\"inLanguage\":\"en-GB\"},{\"@type\":\"Organization\",\"@id\":\"https:\\\/\\\/www.revistarambla.com\\\/#organization\",\"name\":\"Revista Rambla\",\"url\":\"https:\\\/\\\/www.revistarambla.com\\\/\",\"logo\":{\"@type\":\"ImageObject\",\"inLanguage\":\"en-GB\",\"@id\":\"https:\\\/\\\/www.revistarambla.com\\\/#\\\/schema\\\/logo\\\/image\\\/\",\"url\":\"https:\\\/\\\/www.revistarambla.com\\\/wp-content\\\/uploads\\\/2020\\\/09\\\/banner_rambla_1900x600_BB.png\",\"contentUrl\":\"https:\\\/\\\/www.revistarambla.com\\\/wp-content\\\/uploads\\\/2020\\\/09\\\/banner_rambla_1900x600_BB.png\",\"width\":1900,\"height\":600,\"caption\":\"Revista Rambla\"},\"image\":{\"@id\":\"https:\\\/\\\/www.revistarambla.com\\\/#\\\/schema\\\/logo\\\/image\\\/\"},\"sameAs\":[\"https:\\\/\\\/www.facebook.com\\\/revistarambla\\\/\",\"https:\\\/\\\/x.com\\\/revistarambla\",\"https:\\\/\\\/www.instagram.com\\\/revista_rambla\",\"https:\\\/\\\/es.linkedin.com\\\/company\\\/revista-rambla\"]},{\"@type\":\"Person\",\"@id\":\"https:\\\/\\\/www.revistarambla.com\\\/#\\\/schema\\\/person\\\/ef3b07dd258f83e19609a57611e756c9\",\"name\":\"Blanca Mendiguren Gomila\",\"description\":\"Periodista.\",\"sameAs\":[\"https:\\\/\\\/x.com\\\/BlancaGomila\"]}]}<\/script>\n<!-- \/ Yoast SEO plugin. -->","yoast_head_json":{"title":"Estudio de danza Carmen Caparr\u00f3s, arte flamenco - Revista Rambla","description":"El Estudio de Danza Carmen Caparr\u00f3s, del que es directora y profesora la prestigiosa bailaora Carmen Caparr\u00f3s, recoge la tradici\u00f3n y esencia del flamenco...","robots":{"index":"index","follow":"follow","max-snippet":"max-snippet:-1","max-image-preview":"max-image-preview:large","max-video-preview":"max-video-preview:-1"},"canonical":"https:\/\/www.revistarambla.com\/en\/estudio-de-danza-carmen-caparros-arte-flamenco\/","og_locale":"en_GB","og_type":"article","og_title":"Estudio de danza Carmen Caparr\u00f3s, arte flamenco - Revista Rambla","og_description":"El Estudio de Danza Carmen Caparr\u00f3s, del que es directora y profesora la prestigiosa bailaora Carmen Caparr\u00f3s, recoge la tradici\u00f3n y esencia del flamenco...","og_url":"https:\/\/www.revistarambla.com\/en\/estudio-de-danza-carmen-caparros-arte-flamenco\/","og_site_name":"Revista Rambla","article_publisher":"https:\/\/www.facebook.com\/revistarambla\/","article_published_time":"2010-11-23T09:22:00+00:00","article_modified_time":"2021-12-08T19:34:38+00:00","og_image":[{"width":396,"height":301,"url":"https:\/\/www.revistarambla.com\/wp-content\/uploads\/2010\/11\/flamenco 5.jpg","type":"image\/jpeg"}],"author":"Blanca Mendiguren Gomila","twitter_card":"summary_large_image","twitter_creator":"@BlancaGomila","twitter_site":"@revistarambla","twitter_misc":{"Written by":"Blanca Mendiguren Gomila","Estimated reading time":"8 minutes"},"schema":{"@context":"https:\/\/schema.org","@graph":[{"@type":"Article","@id":"https:\/\/www.revistarambla.com\/estudio-de-danza-carmen-caparros-arte-flamenco\/#article","isPartOf":{"@id":"https:\/\/www.revistarambla.com\/estudio-de-danza-carmen-caparros-arte-flamenco\/"},"author":{"name":"Blanca Mendiguren Gomila","@id":"https:\/\/www.revistarambla.com\/#\/schema\/person\/ef3b07dd258f83e19609a57611e756c9"},"headline":"Estudio de danza Carmen Caparr\u00f3s, arte flamenco","datePublished":"2010-11-23T09:22:00+00:00","dateModified":"2021-12-08T19:34:38+00:00","mainEntityOfPage":{"@id":"https:\/\/www.revistarambla.com\/estudio-de-danza-carmen-caparros-arte-flamenco\/"},"wordCount":1746,"commentCount":0,"publisher":{"@id":"https:\/\/www.revistarambla.com\/#organization"},"image":{"@id":"https:\/\/www.revistarambla.com\/estudio-de-danza-carmen-caparros-arte-flamenco\/#primaryimage"},"thumbnailUrl":"https:\/\/www.revistarambla.com\/wp-content\/uploads\/2010\/11\/flamenco%205.jpg","articleSection":["Arte","Cultura"],"inLanguage":"en-GB","potentialAction":[{"@type":"CommentAction","name":"Comment","target":["https:\/\/www.revistarambla.com\/estudio-de-danza-carmen-caparros-arte-flamenco\/#respond"]}]},{"@type":"WebPage","@id":"https:\/\/www.revistarambla.com\/estudio-de-danza-carmen-caparros-arte-flamenco\/","url":"https:\/\/www.revistarambla.com\/estudio-de-danza-carmen-caparros-arte-flamenco\/","name":"Estudio de danza Carmen Caparr\u00f3s, arte flamenco - Revista Rambla","isPartOf":{"@id":"https:\/\/www.revistarambla.com\/#website"},"primaryImageOfPage":{"@id":"https:\/\/www.revistarambla.com\/estudio-de-danza-carmen-caparros-arte-flamenco\/#primaryimage"},"image":{"@id":"https:\/\/www.revistarambla.com\/estudio-de-danza-carmen-caparros-arte-flamenco\/#primaryimage"},"thumbnailUrl":"https:\/\/www.revistarambla.com\/wp-content\/uploads\/2010\/11\/flamenco%205.jpg","datePublished":"2010-11-23T09:22:00+00:00","dateModified":"2021-12-08T19:34:38+00:00","description":"El Estudio de Danza Carmen Caparr\u00f3s, del que es directora y profesora la prestigiosa bailaora Carmen Caparr\u00f3s, recoge la tradici\u00f3n y esencia del flamenco...","breadcrumb":{"@id":"https:\/\/www.revistarambla.com\/estudio-de-danza-carmen-caparros-arte-flamenco\/#breadcrumb"},"inLanguage":"en-GB","potentialAction":[{"@type":"ReadAction","target":["https:\/\/www.revistarambla.com\/estudio-de-danza-carmen-caparros-arte-flamenco\/"]}]},{"@type":"ImageObject","inLanguage":"en-GB","@id":"https:\/\/www.revistarambla.com\/estudio-de-danza-carmen-caparros-arte-flamenco\/#primaryimage","url":"https:\/\/www.revistarambla.com\/wp-content\/uploads\/2010\/11\/flamenco%205.jpg","contentUrl":"https:\/\/www.revistarambla.com\/wp-content\/uploads\/2010\/11\/flamenco%205.jpg"},{"@type":"BreadcrumbList","@id":"https:\/\/www.revistarambla.com\/estudio-de-danza-carmen-caparros-arte-flamenco\/#breadcrumb","itemListElement":[{"@type":"ListItem","position":1,"name":"Portada","item":"https:\/\/www.revistarambla.com\/"},{"@type":"ListItem","position":2,"name":"Estudio de danza Carmen Caparr\u00f3s, arte flamenco"}]},{"@type":"WebSite","@id":"https:\/\/www.revistarambla.com\/#website","url":"https:\/\/www.revistarambla.com\/","name":"Revista Rambla Barcelona","description":"Periodismo independiente","publisher":{"@id":"https:\/\/www.revistarambla.com\/#organization"},"potentialAction":[{"@type":"SearchAction","target":{"@type":"EntryPoint","urlTemplate":"https:\/\/www.revistarambla.com\/?s={search_term_string}"},"query-input":{"@type":"PropertyValueSpecification","valueRequired":true,"valueName":"search_term_string"}}],"inLanguage":"en-GB"},{"@type":"Organization","@id":"https:\/\/www.revistarambla.com\/#organization","name":"Revista Rambla","url":"https:\/\/www.revistarambla.com\/","logo":{"@type":"ImageObject","inLanguage":"en-GB","@id":"https:\/\/www.revistarambla.com\/#\/schema\/logo\/image\/","url":"https:\/\/www.revistarambla.com\/wp-content\/uploads\/2020\/09\/banner_rambla_1900x600_BB.png","contentUrl":"https:\/\/www.revistarambla.com\/wp-content\/uploads\/2020\/09\/banner_rambla_1900x600_BB.png","width":1900,"height":600,"caption":"Revista Rambla"},"image":{"@id":"https:\/\/www.revistarambla.com\/#\/schema\/logo\/image\/"},"sameAs":["https:\/\/www.facebook.com\/revistarambla\/","https:\/\/x.com\/revistarambla","https:\/\/www.instagram.com\/revista_rambla","https:\/\/es.linkedin.com\/company\/revista-rambla"]},{"@type":"Person","@id":"https:\/\/www.revistarambla.com\/#\/schema\/person\/ef3b07dd258f83e19609a57611e756c9","name":"Blanca Mendiguren Gomila","description":"Periodista.","sameAs":["https:\/\/x.com\/BlancaGomila"]}]}},"_links":{"self":[{"href":"https:\/\/www.revistarambla.com\/en\/wp-json\/wp\/v2\/posts\/599","targetHints":{"allow":["GET"]}}],"collection":[{"href":"https:\/\/www.revistarambla.com\/en\/wp-json\/wp\/v2\/posts"}],"about":[{"href":"https:\/\/www.revistarambla.com\/en\/wp-json\/wp\/v2\/types\/post"}],"author":[{"embeddable":true,"href":"https:\/\/www.revistarambla.com\/en\/wp-json\/wp\/v2\/users\/39"}],"replies":[{"embeddable":true,"href":"https:\/\/www.revistarambla.com\/en\/wp-json\/wp\/v2\/comments?post=599"}],"version-history":[{"count":0,"href":"https:\/\/www.revistarambla.com\/en\/wp-json\/wp\/v2\/posts\/599\/revisions"}],"wp:attachment":[{"href":"https:\/\/www.revistarambla.com\/en\/wp-json\/wp\/v2\/media?parent=599"}],"wp:term":[{"taxonomy":"category","embeddable":true,"href":"https:\/\/www.revistarambla.com\/en\/wp-json\/wp\/v2\/categories?post=599"},{"taxonomy":"post_tag","embeddable":true,"href":"https:\/\/www.revistarambla.com\/en\/wp-json\/wp\/v2\/tags?post=599"}],"curies":[{"name":"wp","href":"https:\/\/api.w.org\/{rel}","templated":true}]}}