{"id":59869,"date":"2024-05-01T11:40:08","date_gmt":"2024-05-01T09:40:08","guid":{"rendered":"https:\/\/www.revistarambla.com\/?p=59869"},"modified":"2024-05-01T11:41:02","modified_gmt":"2024-05-01T09:41:02","slug":"primero-de-mayo-2024-menos-precariedad-y-mas-salario","status":"publish","type":"post","link":"https:\/\/www.revistarambla.com\/en\/primero-de-mayo-2024-menos-precariedad-y-mas-salario\/","title":{"rendered":"Primero de Mayo 2024: menos precariedad y m\u00e1s salario"},"content":{"rendered":"<p>La jornada del Primero de Mayo 2024 de este a\u00f1o coincide de lleno con la campa\u00f1a electoral para las elecciones al Parlament del 12 de mayo. <!--more-->De hecho, se prev\u00e9 que varios candidatos se movilicen a lo largo del d\u00eda.<\/p>\n<p>En Catalunya, los sindicatos CC. OO. y UGT de Catalunya han convocado una manifestaci\u00f3n en la plaza Urquinaona de <a href=\"https:\/\/www.revistarambla.com\/en\/actualidad\/barcelona\/\">Barcelona<\/a> con el lema: \u00abPor el empleo: reducir jornada, mejorar salarios\u00bb. Es el mismo lema que ambas organizaciones lucir\u00e1n en esta jornada reivindicativa en m\u00e1s de setenta ciudades en todo el <a href=\"https:\/\/www.revistarambla.com\/en\/actualidad\/estado-espanol\/\">Estado espa\u00f1ol<\/a>. El 1 de Mayo llega en un momento en que consideran que la agenda pol\u00edtica y social del gobierno espa\u00f1ol est\u00e1 perdiendo cr\u00e9dito.<\/p>\n<p>En Lleida, la manifestaci\u00f3n de estos dos sindicatos sale de la plaza del Treball y baja por el Eix Comercial hasta la plaza de la Paeria. En Tarragona el punto de encuentro es en la plaza Imperial Tarraco, mientras que en Girona la convocatoria es en la plaza de la Independ\u00e8ncia. Tambi\u00e9n habr\u00e1 manifestaciones y actos en otras ciudades como Reus, Tortosa, Igualada o Terrassa.<\/p>\n<p>Los secretarios generales de ambos sindicatos, Unai Sordo y Pepe \u00c1lvarez, aseguraron que la movilizaci\u00f3n de este mi\u00e9rcoles tambi\u00e9n pedir\u00e1 \u00abdecencia\u00bb democr\u00e1tica, despu\u00e9s de que Pedro S\u00e1nchez haya instado a una reflexi\u00f3n general sobre el estado de la democracia en Espa\u00f1a.<\/p>\n<h2>Primero de Mayo 2024: reducci\u00f3n de jornada laboral y pleno empleo<\/h2>\n<p>UGT y CCOO reivindican este 1 de Mayo que se consoliden los derechos laborales y democr\u00e1ticos, as\u00ed como nuevas metas que pasan por avanzar en la reducci\u00f3n de la jornada laboral, con un cambio legislativo en la materia antes de acabar el a\u00f1o. \u00abHay que trabajar menos horas para que trabaje m\u00e1s gente\u00bb, reivindicaba Sordo en la rueda de prensa previa de la manifestaci\u00f3n.<\/p>\n<p>Ambos sindicatos est\u00e1n negociando, junto con la CEOE y el gobierno espa\u00f1ol, la reducci\u00f3n de la jornada laboral para llevarla de las 40 horas semanales actuales a 37,5 horas para 2025, sin merma salarial. Una reducci\u00f3n que se quiere realizar en dos tramos: hasta las 38,5 horas este 2024, para alcanzar las 37,5 horas en 2025.<\/p>\n<p>Del mismo modo, ambos l\u00edderes sindicales salden a la calle este mi\u00e9rcoles para defender que la reducci\u00f3n del tiempo de trabajo debe ir acompa\u00f1ada de una mejora del salario.<\/p>\n<p>Otras reivindicaciones pasan por alcanzar un acuerdo con el Ministerio de Seguridad Social en relaci\u00f3n con los coeficientes de actividad y las mutuas, reformar el IPREM, impulsar una pol\u00edtica industrial y buscar una soluci\u00f3n al incremento de los precios de la vivienda.<\/p>\n<p>Adem\u00e1s, piden que el ejecutivo no se duerma por los buenos datos econ\u00f3micos y trabaje para reducir el paro hasta el pleno empleo.<\/p>\n<h2>La CGT ocupa la patronal catalana en Barcelona<\/h2>\n<p>Como preludio a la jornada de hoy, ayer, alrededor de cien sindicalistas de CGT <a href=\"https:\/\/www.revistarambla.com\/en\/actualidad\/catalunya\/\">Catalunya<\/a> entraron en el edificio de Fomento de Trabajo Nacional, la hist\u00f3rica patronal catalana ubicada en la calle V\u00eda Laietana de Barcelona, y lo ocuparon durante media hora<\/p>\n<p>Al acceder al segundo piso, desplegaron banderas roja y negra y la de Palestina. Denunciaron las actitudes \u201cinmovilistas\u201d de la patronal y la \u201cimportante p\u00e9rdida del poder adquisitivo\u201d de la clase trabajadora. \u201cEstamos hartas de dejarnos la piel en el trabajo, de trabajar 40 horas semanales para no poder llegar a final de mes ni podernos pagar un alquiler digno\u201d, denunciaron.<\/p>\n<p>Tambi\u00e9n remarcaron que las 772 muertes en accidentes de trabajo durante 2022 y exigieron a la patronal un debate sobre la reducci\u00f3n horaria. \u201cYa hace muchos a\u00f1os que conseguimos la jornada de 40 horas y, ahora que la tecnolog\u00eda, la digitalizaci\u00f3n y los medios de producci\u00f3n han avanzado, es el momento de poner encima de la mesa la reducci\u00f3n de la jornada laboral sin recorte salarial en todos los centros de trabajo\u201d.<\/p>\n<p>Despu\u00e9s de media hora, abandonaron el edificio ante la mirada de las patrullas de los Mossos d\u2019Esquadra. No hubo identificaciones ni detenciones. La CNT-FAI incaut\u00f3 este edificio en 1936, convirti\u00e9ndola en su sede hasta el final de la guerra.<\/p>\n<p>La GCT de Barcelona ha convocado para hoy una manifestaci\u00f3n que partir\u00e1 desde los Jardinets de Gr\u00e0cia a las 11:30, bajo el lema \u00abContra la precariedad y la pobreza, anarcosindicalismo\u00bb.<\/p>","protected":false},"excerpt":{"rendered":"<p>Movilizaciones en Barcelona, \u200b\u200bGirona, Lleida y Tarragona bajo el lema \u00abPor el empleo: reducir jornada, mejorar salarios\u00bb. Un centenar de sindicalistas de CGT ocupan el edificio de la patronal catalana en Barcelona (Foto: El Salto).<\/p>","protected":false},"author":3,"featured_media":59870,"comment_status":"closed","ping_status":"closed","sticky":false,"template":"","format":"standard","meta":{"footnotes":""},"categories":[59],"tags":[],"class_list":["post-59869","post","type-post","status-publish","format-standard","has-post-thumbnail","hentry","category-catalunya"],"yoast_head":"<!-- This site is optimized with the Yoast SEO plugin v27.5 - https:\/\/yoast.com\/product\/yoast-seo-wordpress\/ -->\n<title>Primero de Mayo 2024: menos precariedad y m\u00e1s salario<\/title>\n<meta name=\"description\" content=\"La jornada del Primero de Mayo 2024 de este a\u00f1o coincide de lleno con la campa\u00f1a electoral para las elecciones al Parlament.\" \/>\n<meta name=\"robots\" content=\"index, follow, max-snippet:-1, max-image-preview:large, max-video-preview:-1\" \/>\n<link rel=\"canonical\" href=\"https:\/\/www.revistarambla.com\/en\/primero-de-mayo-2024-menos-precariedad-y-mas-salario\/\" \/>\n<meta property=\"og:locale\" content=\"en_GB\" \/>\n<meta property=\"og:type\" content=\"article\" \/>\n<meta property=\"og:title\" content=\"Primero de Mayo 2024: menos precariedad y m\u00e1s salario\" \/>\n<meta property=\"og:description\" content=\"La jornada del Primero de Mayo 2024 de este a\u00f1o coincide de lleno con la campa\u00f1a electoral para las elecciones al Parlament.\" \/>\n<meta property=\"og:url\" content=\"https:\/\/www.revistarambla.com\/en\/primero-de-mayo-2024-menos-precariedad-y-mas-salario\/\" \/>\n<meta property=\"og:site_name\" content=\"Revista Rambla\" \/>\n<meta property=\"article:publisher\" content=\"https:\/\/www.facebook.com\/revistarambla\/\" \/>\n<meta property=\"article:author\" content=\"https:\/\/www.facebook.com\/revistarambla\" \/>\n<meta property=\"article:published_time\" content=\"2024-05-01T09:40:08+00:00\" \/>\n<meta property=\"article:modified_time\" content=\"2024-05-01T09:41:02+00:00\" \/>\n<meta property=\"og:image\" content=\"https:\/\/www.revistarambla.com\/wp-content\/uploads\/2024\/05\/primero-mayo-2024-cgt-foment-treball.jpg\" \/>\n\t<meta property=\"og:image:width\" content=\"1500\" \/>\n\t<meta property=\"og:image:height\" content=\"1073\" \/>\n\t<meta property=\"og:image:type\" content=\"image\/jpeg\" \/>\n<meta name=\"author\" content=\"R@mbla\" \/>\n<meta name=\"twitter:card\" content=\"summary_large_image\" \/>\n<meta name=\"twitter:creator\" content=\"@revistarambla\" \/>\n<meta name=\"twitter:site\" content=\"@revistarambla\" \/>\n<meta name=\"twitter:label1\" content=\"Written by\" \/>\n\t<meta name=\"twitter:data1\" content=\"R@mbla\" \/>\n\t<meta name=\"twitter:label2\" content=\"Estimated reading time\" \/>\n\t<meta name=\"twitter:data2\" content=\"4 minutes\" \/>\n<script type=\"application\/ld+json\" class=\"yoast-schema-graph\">{\"@context\":\"https:\\\/\\\/schema.org\",\"@graph\":[{\"@type\":\"Article\",\"@id\":\"https:\\\/\\\/www.revistarambla.com\\\/primero-de-mayo-2024-menos-precariedad-y-mas-salario\\\/#article\",\"isPartOf\":{\"@id\":\"https:\\\/\\\/www.revistarambla.com\\\/primero-de-mayo-2024-menos-precariedad-y-mas-salario\\\/\"},\"author\":{\"name\":\"R@mbla\",\"@id\":\"https:\\\/\\\/www.revistarambla.com\\\/#\\\/schema\\\/person\\\/a146a5a2550b94981a75131180e1bd9c\"},\"headline\":\"Primero de Mayo 2024: menos precariedad y m\u00e1s salario\",\"datePublished\":\"2024-05-01T09:40:08+00:00\",\"dateModified\":\"2024-05-01T09:41:02+00:00\",\"mainEntityOfPage\":{\"@id\":\"https:\\\/\\\/www.revistarambla.com\\\/primero-de-mayo-2024-menos-precariedad-y-mas-salario\\\/\"},\"wordCount\":744,\"publisher\":{\"@id\":\"https:\\\/\\\/www.revistarambla.com\\\/#organization\"},\"image\":{\"@id\":\"https:\\\/\\\/www.revistarambla.com\\\/primero-de-mayo-2024-menos-precariedad-y-mas-salario\\\/#primaryimage\"},\"thumbnailUrl\":\"https:\\\/\\\/www.revistarambla.com\\\/wp-content\\\/uploads\\\/2024\\\/05\\\/primero-mayo-2024-cgt-foment-treball.jpg\",\"articleSection\":[\"Catalunya\"],\"inLanguage\":\"en-GB\"},{\"@type\":\"WebPage\",\"@id\":\"https:\\\/\\\/www.revistarambla.com\\\/primero-de-mayo-2024-menos-precariedad-y-mas-salario\\\/\",\"url\":\"https:\\\/\\\/www.revistarambla.com\\\/primero-de-mayo-2024-menos-precariedad-y-mas-salario\\\/\",\"name\":\"Primero de Mayo 2024: menos precariedad y m\u00e1s salario\",\"isPartOf\":{\"@id\":\"https:\\\/\\\/www.revistarambla.com\\\/#website\"},\"primaryImageOfPage\":{\"@id\":\"https:\\\/\\\/www.revistarambla.com\\\/primero-de-mayo-2024-menos-precariedad-y-mas-salario\\\/#primaryimage\"},\"image\":{\"@id\":\"https:\\\/\\\/www.revistarambla.com\\\/primero-de-mayo-2024-menos-precariedad-y-mas-salario\\\/#primaryimage\"},\"thumbnailUrl\":\"https:\\\/\\\/www.revistarambla.com\\\/wp-content\\\/uploads\\\/2024\\\/05\\\/primero-mayo-2024-cgt-foment-treball.jpg\",\"datePublished\":\"2024-05-01T09:40:08+00:00\",\"dateModified\":\"2024-05-01T09:41:02+00:00\",\"description\":\"La jornada del Primero de Mayo 2024 de este a\u00f1o coincide de lleno con la campa\u00f1a electoral para las elecciones al Parlament.\",\"breadcrumb\":{\"@id\":\"https:\\\/\\\/www.revistarambla.com\\\/primero-de-mayo-2024-menos-precariedad-y-mas-salario\\\/#breadcrumb\"},\"inLanguage\":\"en-GB\",\"potentialAction\":[{\"@type\":\"ReadAction\",\"target\":[\"https:\\\/\\\/www.revistarambla.com\\\/primero-de-mayo-2024-menos-precariedad-y-mas-salario\\\/\"]}]},{\"@type\":\"ImageObject\",\"inLanguage\":\"en-GB\",\"@id\":\"https:\\\/\\\/www.revistarambla.com\\\/primero-de-mayo-2024-menos-precariedad-y-mas-salario\\\/#primaryimage\",\"url\":\"https:\\\/\\\/www.revistarambla.com\\\/wp-content\\\/uploads\\\/2024\\\/05\\\/primero-mayo-2024-cgt-foment-treball.jpg\",\"contentUrl\":\"https:\\\/\\\/www.revistarambla.com\\\/wp-content\\\/uploads\\\/2024\\\/05\\\/primero-mayo-2024-cgt-foment-treball.jpg\",\"width\":1500,\"height\":1073,\"caption\":\"primero de mayo 2024\"},{\"@type\":\"BreadcrumbList\",\"@id\":\"https:\\\/\\\/www.revistarambla.com\\\/primero-de-mayo-2024-menos-precariedad-y-mas-salario\\\/#breadcrumb\",\"itemListElement\":[{\"@type\":\"ListItem\",\"position\":1,\"name\":\"Portada\",\"item\":\"https:\\\/\\\/www.revistarambla.com\\\/\"},{\"@type\":\"ListItem\",\"position\":2,\"name\":\"Primero de Mayo 2024: menos precariedad y m\u00e1s salario\"}]},{\"@type\":\"WebSite\",\"@id\":\"https:\\\/\\\/www.revistarambla.com\\\/#website\",\"url\":\"https:\\\/\\\/www.revistarambla.com\\\/\",\"name\":\"Revista Rambla Barcelona\",\"description\":\"Periodismo independiente\",\"publisher\":{\"@id\":\"https:\\\/\\\/www.revistarambla.com\\\/#organization\"},\"potentialAction\":[{\"@type\":\"SearchAction\",\"target\":{\"@type\":\"EntryPoint\",\"urlTemplate\":\"https:\\\/\\\/www.revistarambla.com\\\/?s={search_term_string}\"},\"query-input\":{\"@type\":\"PropertyValueSpecification\",\"valueRequired\":true,\"valueName\":\"search_term_string\"}}],\"inLanguage\":\"en-GB\"},{\"@type\":\"Organization\",\"@id\":\"https:\\\/\\\/www.revistarambla.com\\\/#organization\",\"name\":\"Revista Rambla\",\"url\":\"https:\\\/\\\/www.revistarambla.com\\\/\",\"logo\":{\"@type\":\"ImageObject\",\"inLanguage\":\"en-GB\",\"@id\":\"https:\\\/\\\/www.revistarambla.com\\\/#\\\/schema\\\/logo\\\/image\\\/\",\"url\":\"https:\\\/\\\/www.revistarambla.com\\\/wp-content\\\/uploads\\\/2020\\\/09\\\/banner_rambla_1900x600_BB.png\",\"contentUrl\":\"https:\\\/\\\/www.revistarambla.com\\\/wp-content\\\/uploads\\\/2020\\\/09\\\/banner_rambla_1900x600_BB.png\",\"width\":1900,\"height\":600,\"caption\":\"Revista Rambla\"},\"image\":{\"@id\":\"https:\\\/\\\/www.revistarambla.com\\\/#\\\/schema\\\/logo\\\/image\\\/\"},\"sameAs\":[\"https:\\\/\\\/www.facebook.com\\\/revistarambla\\\/\",\"https:\\\/\\\/x.com\\\/revistarambla\",\"https:\\\/\\\/www.instagram.com\\\/revista_rambla\",\"https:\\\/\\\/es.linkedin.com\\\/company\\\/revista-rambla\"]},{\"@type\":\"Person\",\"@id\":\"https:\\\/\\\/www.revistarambla.com\\\/#\\\/schema\\\/person\\\/a146a5a2550b94981a75131180e1bd9c\",\"name\":\"R@mbla\",\"description\":\"Este art\u00edculo ha sido redactado y\\\/o validado por el equipo de redacci\u00f3n de Revista Rambla.\",\"sameAs\":[\"https:\\\/\\\/www.revistarambla.com\\\/\",\"https:\\\/\\\/www.facebook.com\\\/revistarambla\",\"https:\\\/\\\/x.com\\\/revistarambla\"]}]}<\/script>\n<!-- \/ Yoast SEO plugin. -->","yoast_head_json":{"title":"Primero de Mayo 2024: menos precariedad y m\u00e1s salario","description":"La jornada del Primero de Mayo 2024 de este a\u00f1o coincide de lleno con la campa\u00f1a electoral para las elecciones al Parlament.","robots":{"index":"index","follow":"follow","max-snippet":"max-snippet:-1","max-image-preview":"max-image-preview:large","max-video-preview":"max-video-preview:-1"},"canonical":"https:\/\/www.revistarambla.com\/en\/primero-de-mayo-2024-menos-precariedad-y-mas-salario\/","og_locale":"en_GB","og_type":"article","og_title":"Primero de Mayo 2024: menos precariedad y m\u00e1s salario","og_description":"La jornada del Primero de Mayo 2024 de este a\u00f1o coincide de lleno con la campa\u00f1a electoral para las elecciones al Parlament.","og_url":"https:\/\/www.revistarambla.com\/en\/primero-de-mayo-2024-menos-precariedad-y-mas-salario\/","og_site_name":"Revista Rambla","article_publisher":"https:\/\/www.facebook.com\/revistarambla\/","article_author":"https:\/\/www.facebook.com\/revistarambla","article_published_time":"2024-05-01T09:40:08+00:00","article_modified_time":"2024-05-01T09:41:02+00:00","og_image":[{"width":1500,"height":1073,"url":"https:\/\/www.revistarambla.com\/wp-content\/uploads\/2024\/05\/primero-mayo-2024-cgt-foment-treball.jpg","type":"image\/jpeg"}],"author":"R@mbla","twitter_card":"summary_large_image","twitter_creator":"@revistarambla","twitter_site":"@revistarambla","twitter_misc":{"Written by":"R@mbla","Estimated reading time":"4 minutes"},"schema":{"@context":"https:\/\/schema.org","@graph":[{"@type":"Article","@id":"https:\/\/www.revistarambla.com\/primero-de-mayo-2024-menos-precariedad-y-mas-salario\/#article","isPartOf":{"@id":"https:\/\/www.revistarambla.com\/primero-de-mayo-2024-menos-precariedad-y-mas-salario\/"},"author":{"name":"R@mbla","@id":"https:\/\/www.revistarambla.com\/#\/schema\/person\/a146a5a2550b94981a75131180e1bd9c"},"headline":"Primero de Mayo 2024: menos precariedad y m\u00e1s salario","datePublished":"2024-05-01T09:40:08+00:00","dateModified":"2024-05-01T09:41:02+00:00","mainEntityOfPage":{"@id":"https:\/\/www.revistarambla.com\/primero-de-mayo-2024-menos-precariedad-y-mas-salario\/"},"wordCount":744,"publisher":{"@id":"https:\/\/www.revistarambla.com\/#organization"},"image":{"@id":"https:\/\/www.revistarambla.com\/primero-de-mayo-2024-menos-precariedad-y-mas-salario\/#primaryimage"},"thumbnailUrl":"https:\/\/www.revistarambla.com\/wp-content\/uploads\/2024\/05\/primero-mayo-2024-cgt-foment-treball.jpg","articleSection":["Catalunya"],"inLanguage":"en-GB"},{"@type":"WebPage","@id":"https:\/\/www.revistarambla.com\/primero-de-mayo-2024-menos-precariedad-y-mas-salario\/","url":"https:\/\/www.revistarambla.com\/primero-de-mayo-2024-menos-precariedad-y-mas-salario\/","name":"Primero de Mayo 2024: menos precariedad y m\u00e1s salario","isPartOf":{"@id":"https:\/\/www.revistarambla.com\/#website"},"primaryImageOfPage":{"@id":"https:\/\/www.revistarambla.com\/primero-de-mayo-2024-menos-precariedad-y-mas-salario\/#primaryimage"},"image":{"@id":"https:\/\/www.revistarambla.com\/primero-de-mayo-2024-menos-precariedad-y-mas-salario\/#primaryimage"},"thumbnailUrl":"https:\/\/www.revistarambla.com\/wp-content\/uploads\/2024\/05\/primero-mayo-2024-cgt-foment-treball.jpg","datePublished":"2024-05-01T09:40:08+00:00","dateModified":"2024-05-01T09:41:02+00:00","description":"La jornada del Primero de Mayo 2024 de este a\u00f1o coincide de lleno con la campa\u00f1a electoral para las elecciones al Parlament.","breadcrumb":{"@id":"https:\/\/www.revistarambla.com\/primero-de-mayo-2024-menos-precariedad-y-mas-salario\/#breadcrumb"},"inLanguage":"en-GB","potentialAction":[{"@type":"ReadAction","target":["https:\/\/www.revistarambla.com\/primero-de-mayo-2024-menos-precariedad-y-mas-salario\/"]}]},{"@type":"ImageObject","inLanguage":"en-GB","@id":"https:\/\/www.revistarambla.com\/primero-de-mayo-2024-menos-precariedad-y-mas-salario\/#primaryimage","url":"https:\/\/www.revistarambla.com\/wp-content\/uploads\/2024\/05\/primero-mayo-2024-cgt-foment-treball.jpg","contentUrl":"https:\/\/www.revistarambla.com\/wp-content\/uploads\/2024\/05\/primero-mayo-2024-cgt-foment-treball.jpg","width":1500,"height":1073,"caption":"primero de mayo 2024"},{"@type":"BreadcrumbList","@id":"https:\/\/www.revistarambla.com\/primero-de-mayo-2024-menos-precariedad-y-mas-salario\/#breadcrumb","itemListElement":[{"@type":"ListItem","position":1,"name":"Portada","item":"https:\/\/www.revistarambla.com\/"},{"@type":"ListItem","position":2,"name":"Primero de Mayo 2024: menos precariedad y m\u00e1s salario"}]},{"@type":"WebSite","@id":"https:\/\/www.revistarambla.com\/#website","url":"https:\/\/www.revistarambla.com\/","name":"Revista Rambla Barcelona","description":"Periodismo independiente","publisher":{"@id":"https:\/\/www.revistarambla.com\/#organization"},"potentialAction":[{"@type":"SearchAction","target":{"@type":"EntryPoint","urlTemplate":"https:\/\/www.revistarambla.com\/?s={search_term_string}"},"query-input":{"@type":"PropertyValueSpecification","valueRequired":true,"valueName":"search_term_string"}}],"inLanguage":"en-GB"},{"@type":"Organization","@id":"https:\/\/www.revistarambla.com\/#organization","name":"Revista Rambla","url":"https:\/\/www.revistarambla.com\/","logo":{"@type":"ImageObject","inLanguage":"en-GB","@id":"https:\/\/www.revistarambla.com\/#\/schema\/logo\/image\/","url":"https:\/\/www.revistarambla.com\/wp-content\/uploads\/2020\/09\/banner_rambla_1900x600_BB.png","contentUrl":"https:\/\/www.revistarambla.com\/wp-content\/uploads\/2020\/09\/banner_rambla_1900x600_BB.png","width":1900,"height":600,"caption":"Revista Rambla"},"image":{"@id":"https:\/\/www.revistarambla.com\/#\/schema\/logo\/image\/"},"sameAs":["https:\/\/www.facebook.com\/revistarambla\/","https:\/\/x.com\/revistarambla","https:\/\/www.instagram.com\/revista_rambla","https:\/\/es.linkedin.com\/company\/revista-rambla"]},{"@type":"Person","@id":"https:\/\/www.revistarambla.com\/#\/schema\/person\/a146a5a2550b94981a75131180e1bd9c","name":"R@mbla","description":"Este art\u00edculo ha sido redactado y\/o validado por el equipo de redacci\u00f3n de Revista Rambla.","sameAs":["https:\/\/www.revistarambla.com\/","https:\/\/www.facebook.com\/revistarambla","https:\/\/x.com\/revistarambla"]}]}},"_links":{"self":[{"href":"https:\/\/www.revistarambla.com\/en\/wp-json\/wp\/v2\/posts\/59869","targetHints":{"allow":["GET"]}}],"collection":[{"href":"https:\/\/www.revistarambla.com\/en\/wp-json\/wp\/v2\/posts"}],"about":[{"href":"https:\/\/www.revistarambla.com\/en\/wp-json\/wp\/v2\/types\/post"}],"author":[{"embeddable":true,"href":"https:\/\/www.revistarambla.com\/en\/wp-json\/wp\/v2\/users\/3"}],"replies":[{"embeddable":true,"href":"https:\/\/www.revistarambla.com\/en\/wp-json\/wp\/v2\/comments?post=59869"}],"version-history":[{"count":2,"href":"https:\/\/www.revistarambla.com\/en\/wp-json\/wp\/v2\/posts\/59869\/revisions"}],"predecessor-version":[{"id":59872,"href":"https:\/\/www.revistarambla.com\/en\/wp-json\/wp\/v2\/posts\/59869\/revisions\/59872"}],"wp:featuredmedia":[{"embeddable":true,"href":"https:\/\/www.revistarambla.com\/en\/wp-json\/wp\/v2\/media\/59870"}],"wp:attachment":[{"href":"https:\/\/www.revistarambla.com\/en\/wp-json\/wp\/v2\/media?parent=59869"}],"wp:term":[{"taxonomy":"category","embeddable":true,"href":"https:\/\/www.revistarambla.com\/en\/wp-json\/wp\/v2\/categories?post=59869"},{"taxonomy":"post_tag","embeddable":true,"href":"https:\/\/www.revistarambla.com\/en\/wp-json\/wp\/v2\/tags?post=59869"}],"curies":[{"name":"wp","href":"https:\/\/api.w.org\/{rel}","templated":true}]}}