{"id":59829,"date":"2024-04-29T12:14:00","date_gmt":"2024-04-29T10:14:00","guid":{"rendered":"https:\/\/www.revistarambla.com\/?p=59829"},"modified":"2024-04-29T12:14:00","modified_gmt":"2024-04-29T10:14:00","slug":"pedro-sanchez-no-dimite-y-promete-una-limpieza","status":"publish","type":"post","link":"https:\/\/www.revistarambla.com\/en\/pedro-sanchez-no-dimite-y-promete-una-limpieza\/","title":{"rendered":"Pedro S\u00e1nchez no dimite y promete \u00abuna limpieza\u00bb"},"content":{"rendered":"<p>\u00abHe decidido seguir, con m\u00e1s fuerza si cabe\u00bb. Pedro S\u00e1nchez no dimite, es decir, ni se va, ni se somete a una moci\u00f3n de confianza. Se mantiene en la Moncloa, se aferra <!--more-->\u2014como viene siendo habitual\u2014, tras cinco d\u00edas de reflexi\u00f3n o descanso, poniendo a su Gobierno y a su partido al borde de la histeria.<\/p>\n<p>El jefe del Ejecutivo del <a href=\"https:\/\/www.revistarambla.com\/en\/actualidad\/estado-espanol\/\">Estado espa\u00f1ol<\/a> y l\u00edder del PSOE justificaba esta espantada porque \u00abnecesitaba parar y reflexionar\u00bb y que, \u00abla \u00fanica forma de avanzar, es detenerse\u00bb. Pese al esperpento y el drama de los \u00faltimos d\u00edas, S\u00e1nchez aseguraba que \u00abla carta no obedece a ning\u00fan c\u00e1lculo pol\u00edtico\u00bb (\u00bf?) pero reconoc\u00eda que \u00abpudo desconcertar\u00bb y justificaba que se mantenga en el poder por \u00ablas muestras de solidaridad y de empat\u00eda\u00bb o \u00abla movilizaci\u00f3n social\u00bb, pese a las escasas 12.000 personas que se reunieron en Ferraz el s\u00e1bado, y que reconoc\u00eda que \u00abhab\u00eda influido\u00bb en su \u00e1nimo.<\/p>\n<p>Durante su intervenci\u00f3n, en las escalinatas de Moncloa, el presidente del Gobierno no daba ni una sola explicaci\u00f3n sobre los negocios de su mujer, pero ped\u00eda \u00abacabar con el fango\u00bb y los bulos interesados. \u00abSi obligamos a las v\u00edctimas de esas mentiras a tener que demostrar su inocencia en contra de la regla m\u00e1s elemental de nuestro Estado de derecho\u00bb, terciaba y acusaba, a los que critican el m\u00e1ster y la c\u00e1tedra de <a href=\"https:\/\/www.revistarambla.com\/en\/la-justicia-investiga-a-begona-gomez-mujer-de-pedro-sanchez-por-trafico-de-influencias\/\">Bego\u00f1a G\u00f3mez<\/a> o sus reuniones con empresarios, de \u00abquerer relegar a la mujer al \u00e1mbito dom\u00e9stico, teniendo que sacrificar su carrera profesional en beneficio de la de su marido\u00bb.<\/p>\n<h2>A por los jueces y los medios<\/h2>\n<p>S\u00e1nchez ped\u00eda \u00abuna reflexi\u00f3n colectiva que abra paso a la limpieza, a la regeneraci\u00f3n, al juego limpio\u00bb. Lo que dejaba entrever que tomar\u00e1 medidas contra los jueces o los medios que siguen informando sobre los negocios de G\u00f3mez y otras personalidades. El presidente del Gobierno aseguraba que es \u00abuna perversi\u00f3n democr\u00e1tica\u00bb confundir \u00ablibertad de expresi\u00f3n con libertas de difamaci\u00f3n\u00bb, en l\u00edneas con manifiestos como el promovido por Silvia Intxaurrondo.<\/p>\n<p>Yendo m\u00e1s all\u00e1, S\u00e1nchez dec\u00eda: \u00abPongamos fin a este fango de la \u00fanica manera posible, mediante el rechazo colectivo, sereno, democr\u00e1tico que yo me comprometo a liderar\u00bb, terciaba S\u00e1nchez, que solicitaba respaldo para acabar con \u00abla agenda regresiva\u00bb.<\/p>\n<h2>Cinco d\u00edas de aislamiento<\/h2>\n<p>S\u00e1nchez tom\u00f3 esta medida tras publicar el mi\u00e9rcoles su carta y encerrarse en el Palacio de la Moncloa para reflexionar. Durante estos d\u00edas, S\u00e1nchez se encerr\u00f3 en Moncloa con su mujer, Bego\u00f1a G\u00f3mez, y sus dos hijas para madurar la decisi\u00f3n. Cinco jornadas en las que apenas se comunic\u00f3 con el exterior y se neg\u00f3 a descolgar el tel\u00e9fono para hablar con sus ministros.<\/p>\n<p>S\u00f3lo despach\u00f3 asuntos urgentes y, a unos pocos leales, les respondi\u00f3 con un emotic\u00f3n con coraz\u00f3n. El primer d\u00eda, el jueves, charl\u00f3 por Whatsapp con algunos cipayos para transmitirles que estaba destrozado por las informaciones sobre los negocios de mujer y la apertura de diligencias judiciales por parte de un magistrado tras una denuncia del sindicato ultra Manos Limpias. A partir de ah\u00ed, volvi\u00f3 a un largo y prolongado silencio.<\/p>\n<p>Una prueba de su hermetismo fue el proceder a la hora de comunicar el mensaje. La secretar\u00eda de Estado de Comunicaci\u00f3n no comunic\u00f3 hasta las 8:41 que el presidente del Gobierno har\u00eda una declaraci\u00f3n institucional sin preguntas a las 12:00. Una hora m\u00e1s tarde, mientras S\u00e1nchez estaba en Zarzuela, Moncloa anunciaba que se adelantaba a las 11:00 para evitar cualquier tipo de filtraci\u00f3n. Todo sobre la marcha.<\/p>","protected":false},"excerpt":{"rendered":"<p>Deja entrever que tomar\u00e1 medidas contra los jueces o los medios que siguen informando sobre los negocios de Bego\u00f1a G\u00f3mez<\/p>","protected":false},"author":3,"featured_media":55161,"comment_status":"closed","ping_status":"closed","sticky":false,"template":"","format":"standard","meta":{"footnotes":""},"categories":[58],"tags":[],"class_list":["post-59829","post","type-post","status-publish","format-standard","has-post-thumbnail","hentry","category-estado-espanol"],"yoast_head":"<!-- This site is optimized with the Yoast SEO plugin v27.5 - https:\/\/yoast.com\/product\/yoast-seo-wordpress\/ -->\n<title>Pedro S\u00e1nchez no dimite y promete &quot;una limpieza&quot; - Revista Rambla<\/title>\n<meta name=\"description\" content=\"\u00abHe decidido seguir, con m\u00e1s fuerza si cabe\u00bb. Pedro S\u00e1nchez no dimite, es decir, ni se va, ni se somete a una moci\u00f3n de confianza.\" \/>\n<meta name=\"robots\" content=\"index, follow, max-snippet:-1, max-image-preview:large, max-video-preview:-1\" \/>\n<link rel=\"canonical\" href=\"https:\/\/www.revistarambla.com\/en\/pedro-sanchez-no-dimite-y-promete-una-limpieza\/\" \/>\n<meta property=\"og:locale\" content=\"en_GB\" \/>\n<meta property=\"og:type\" content=\"article\" \/>\n<meta property=\"og:title\" content=\"Pedro S\u00e1nchez no dimite y promete &quot;una limpieza&quot; - Revista Rambla\" \/>\n<meta property=\"og:description\" content=\"\u00abHe decidido seguir, con m\u00e1s fuerza si cabe\u00bb. Pedro S\u00e1nchez no dimite, es decir, ni se va, ni se somete a una moci\u00f3n de confianza.\" \/>\n<meta property=\"og:url\" content=\"https:\/\/www.revistarambla.com\/en\/pedro-sanchez-no-dimite-y-promete-una-limpieza\/\" \/>\n<meta property=\"og:site_name\" content=\"Revista Rambla\" \/>\n<meta property=\"article:publisher\" content=\"https:\/\/www.facebook.com\/revistarambla\/\" \/>\n<meta property=\"article:author\" content=\"https:\/\/www.facebook.com\/revistarambla\" \/>\n<meta property=\"article:published_time\" content=\"2024-04-29T10:14:00+00:00\" \/>\n<meta property=\"og:image\" content=\"https:\/\/www.revistarambla.com\/wp-content\/uploads\/2023\/05\/PEDRO-SANCHEZ-MONCLOA.webp\" \/>\n\t<meta property=\"og:image:width\" content=\"670\" \/>\n\t<meta property=\"og:image:height\" content=\"378\" \/>\n\t<meta property=\"og:image:type\" content=\"image\/webp\" \/>\n<meta name=\"author\" content=\"R@mbla\" \/>\n<meta name=\"twitter:card\" content=\"summary_large_image\" \/>\n<meta name=\"twitter:creator\" content=\"@revistarambla\" \/>\n<meta name=\"twitter:site\" content=\"@revistarambla\" \/>\n<meta name=\"twitter:label1\" content=\"Written by\" \/>\n\t<meta name=\"twitter:data1\" content=\"R@mbla\" \/>\n\t<meta name=\"twitter:label2\" content=\"Estimated reading time\" \/>\n\t<meta name=\"twitter:data2\" content=\"3 minutes\" \/>\n<script type=\"application\/ld+json\" class=\"yoast-schema-graph\">{\"@context\":\"https:\\\/\\\/schema.org\",\"@graph\":[{\"@type\":\"Article\",\"@id\":\"https:\\\/\\\/www.revistarambla.com\\\/pedro-sanchez-no-dimite-y-promete-una-limpieza\\\/#article\",\"isPartOf\":{\"@id\":\"https:\\\/\\\/www.revistarambla.com\\\/pedro-sanchez-no-dimite-y-promete-una-limpieza\\\/\"},\"author\":{\"name\":\"R@mbla\",\"@id\":\"https:\\\/\\\/www.revistarambla.com\\\/#\\\/schema\\\/person\\\/a146a5a2550b94981a75131180e1bd9c\"},\"headline\":\"Pedro S\u00e1nchez no dimite y promete \u00abuna limpieza\u00bb\",\"datePublished\":\"2024-04-29T10:14:00+00:00\",\"mainEntityOfPage\":{\"@id\":\"https:\\\/\\\/www.revistarambla.com\\\/pedro-sanchez-no-dimite-y-promete-una-limpieza\\\/\"},\"wordCount\":641,\"publisher\":{\"@id\":\"https:\\\/\\\/www.revistarambla.com\\\/#organization\"},\"image\":{\"@id\":\"https:\\\/\\\/www.revistarambla.com\\\/pedro-sanchez-no-dimite-y-promete-una-limpieza\\\/#primaryimage\"},\"thumbnailUrl\":\"https:\\\/\\\/www.revistarambla.com\\\/wp-content\\\/uploads\\\/2023\\\/05\\\/PEDRO-SANCHEZ-MONCLOA.webp\",\"articleSection\":[\"Estado Espa\u00f1ol\"],\"inLanguage\":\"en-GB\"},{\"@type\":\"WebPage\",\"@id\":\"https:\\\/\\\/www.revistarambla.com\\\/pedro-sanchez-no-dimite-y-promete-una-limpieza\\\/\",\"url\":\"https:\\\/\\\/www.revistarambla.com\\\/pedro-sanchez-no-dimite-y-promete-una-limpieza\\\/\",\"name\":\"Pedro S\u00e1nchez no dimite y promete \\\"una limpieza\\\" - Revista Rambla\",\"isPartOf\":{\"@id\":\"https:\\\/\\\/www.revistarambla.com\\\/#website\"},\"primaryImageOfPage\":{\"@id\":\"https:\\\/\\\/www.revistarambla.com\\\/pedro-sanchez-no-dimite-y-promete-una-limpieza\\\/#primaryimage\"},\"image\":{\"@id\":\"https:\\\/\\\/www.revistarambla.com\\\/pedro-sanchez-no-dimite-y-promete-una-limpieza\\\/#primaryimage\"},\"thumbnailUrl\":\"https:\\\/\\\/www.revistarambla.com\\\/wp-content\\\/uploads\\\/2023\\\/05\\\/PEDRO-SANCHEZ-MONCLOA.webp\",\"datePublished\":\"2024-04-29T10:14:00+00:00\",\"description\":\"\u00abHe decidido seguir, con m\u00e1s fuerza si cabe\u00bb. Pedro S\u00e1nchez no dimite, es decir, ni se va, ni se somete a una moci\u00f3n de confianza.\",\"breadcrumb\":{\"@id\":\"https:\\\/\\\/www.revistarambla.com\\\/pedro-sanchez-no-dimite-y-promete-una-limpieza\\\/#breadcrumb\"},\"inLanguage\":\"en-GB\",\"potentialAction\":[{\"@type\":\"ReadAction\",\"target\":[\"https:\\\/\\\/www.revistarambla.com\\\/pedro-sanchez-no-dimite-y-promete-una-limpieza\\\/\"]}]},{\"@type\":\"ImageObject\",\"inLanguage\":\"en-GB\",\"@id\":\"https:\\\/\\\/www.revistarambla.com\\\/pedro-sanchez-no-dimite-y-promete-una-limpieza\\\/#primaryimage\",\"url\":\"https:\\\/\\\/www.revistarambla.com\\\/wp-content\\\/uploads\\\/2023\\\/05\\\/PEDRO-SANCHEZ-MONCLOA.webp\",\"contentUrl\":\"https:\\\/\\\/www.revistarambla.com\\\/wp-content\\\/uploads\\\/2023\\\/05\\\/PEDRO-SANCHEZ-MONCLOA.webp\",\"width\":670,\"height\":378,\"caption\":\"Pedro S\u00e1nchez no dimite campa\u00f1as de fango\"},{\"@type\":\"BreadcrumbList\",\"@id\":\"https:\\\/\\\/www.revistarambla.com\\\/pedro-sanchez-no-dimite-y-promete-una-limpieza\\\/#breadcrumb\",\"itemListElement\":[{\"@type\":\"ListItem\",\"position\":1,\"name\":\"Portada\",\"item\":\"https:\\\/\\\/www.revistarambla.com\\\/\"},{\"@type\":\"ListItem\",\"position\":2,\"name\":\"Pedro S\u00e1nchez no dimite y promete &#8220;una limpieza&#8221;\"}]},{\"@type\":\"WebSite\",\"@id\":\"https:\\\/\\\/www.revistarambla.com\\\/#website\",\"url\":\"https:\\\/\\\/www.revistarambla.com\\\/\",\"name\":\"Revista Rambla Barcelona\",\"description\":\"Periodismo independiente\",\"publisher\":{\"@id\":\"https:\\\/\\\/www.revistarambla.com\\\/#organization\"},\"potentialAction\":[{\"@type\":\"SearchAction\",\"target\":{\"@type\":\"EntryPoint\",\"urlTemplate\":\"https:\\\/\\\/www.revistarambla.com\\\/?s={search_term_string}\"},\"query-input\":{\"@type\":\"PropertyValueSpecification\",\"valueRequired\":true,\"valueName\":\"search_term_string\"}}],\"inLanguage\":\"en-GB\"},{\"@type\":\"Organization\",\"@id\":\"https:\\\/\\\/www.revistarambla.com\\\/#organization\",\"name\":\"Revista Rambla\",\"url\":\"https:\\\/\\\/www.revistarambla.com\\\/\",\"logo\":{\"@type\":\"ImageObject\",\"inLanguage\":\"en-GB\",\"@id\":\"https:\\\/\\\/www.revistarambla.com\\\/#\\\/schema\\\/logo\\\/image\\\/\",\"url\":\"https:\\\/\\\/www.revistarambla.com\\\/wp-content\\\/uploads\\\/2020\\\/09\\\/banner_rambla_1900x600_BB.png\",\"contentUrl\":\"https:\\\/\\\/www.revistarambla.com\\\/wp-content\\\/uploads\\\/2020\\\/09\\\/banner_rambla_1900x600_BB.png\",\"width\":1900,\"height\":600,\"caption\":\"Revista Rambla\"},\"image\":{\"@id\":\"https:\\\/\\\/www.revistarambla.com\\\/#\\\/schema\\\/logo\\\/image\\\/\"},\"sameAs\":[\"https:\\\/\\\/www.facebook.com\\\/revistarambla\\\/\",\"https:\\\/\\\/x.com\\\/revistarambla\",\"https:\\\/\\\/www.instagram.com\\\/revista_rambla\",\"https:\\\/\\\/es.linkedin.com\\\/company\\\/revista-rambla\"]},{\"@type\":\"Person\",\"@id\":\"https:\\\/\\\/www.revistarambla.com\\\/#\\\/schema\\\/person\\\/a146a5a2550b94981a75131180e1bd9c\",\"name\":\"R@mbla\",\"description\":\"Este art\u00edculo ha sido redactado y\\\/o validado por el equipo de redacci\u00f3n de Revista Rambla.\",\"sameAs\":[\"https:\\\/\\\/www.revistarambla.com\\\/\",\"https:\\\/\\\/www.facebook.com\\\/revistarambla\",\"https:\\\/\\\/x.com\\\/revistarambla\"]}]}<\/script>\n<!-- \/ Yoast SEO plugin. -->","yoast_head_json":{"title":"Pedro S\u00e1nchez no dimite y promete \"una limpieza\" - Revista Rambla","description":"\u00abHe decidido seguir, con m\u00e1s fuerza si cabe\u00bb. Pedro S\u00e1nchez no dimite, es decir, ni se va, ni se somete a una moci\u00f3n de confianza.","robots":{"index":"index","follow":"follow","max-snippet":"max-snippet:-1","max-image-preview":"max-image-preview:large","max-video-preview":"max-video-preview:-1"},"canonical":"https:\/\/www.revistarambla.com\/en\/pedro-sanchez-no-dimite-y-promete-una-limpieza\/","og_locale":"en_GB","og_type":"article","og_title":"Pedro S\u00e1nchez no dimite y promete \"una limpieza\" - Revista Rambla","og_description":"\u00abHe decidido seguir, con m\u00e1s fuerza si cabe\u00bb. Pedro S\u00e1nchez no dimite, es decir, ni se va, ni se somete a una moci\u00f3n de confianza.","og_url":"https:\/\/www.revistarambla.com\/en\/pedro-sanchez-no-dimite-y-promete-una-limpieza\/","og_site_name":"Revista Rambla","article_publisher":"https:\/\/www.facebook.com\/revistarambla\/","article_author":"https:\/\/www.facebook.com\/revistarambla","article_published_time":"2024-04-29T10:14:00+00:00","og_image":[{"width":670,"height":378,"url":"https:\/\/www.revistarambla.com\/wp-content\/uploads\/2023\/05\/PEDRO-SANCHEZ-MONCLOA.webp","type":"image\/webp"}],"author":"R@mbla","twitter_card":"summary_large_image","twitter_creator":"@revistarambla","twitter_site":"@revistarambla","twitter_misc":{"Written by":"R@mbla","Estimated reading time":"3 minutes"},"schema":{"@context":"https:\/\/schema.org","@graph":[{"@type":"Article","@id":"https:\/\/www.revistarambla.com\/pedro-sanchez-no-dimite-y-promete-una-limpieza\/#article","isPartOf":{"@id":"https:\/\/www.revistarambla.com\/pedro-sanchez-no-dimite-y-promete-una-limpieza\/"},"author":{"name":"R@mbla","@id":"https:\/\/www.revistarambla.com\/#\/schema\/person\/a146a5a2550b94981a75131180e1bd9c"},"headline":"Pedro S\u00e1nchez no dimite y promete \u00abuna limpieza\u00bb","datePublished":"2024-04-29T10:14:00+00:00","mainEntityOfPage":{"@id":"https:\/\/www.revistarambla.com\/pedro-sanchez-no-dimite-y-promete-una-limpieza\/"},"wordCount":641,"publisher":{"@id":"https:\/\/www.revistarambla.com\/#organization"},"image":{"@id":"https:\/\/www.revistarambla.com\/pedro-sanchez-no-dimite-y-promete-una-limpieza\/#primaryimage"},"thumbnailUrl":"https:\/\/www.revistarambla.com\/wp-content\/uploads\/2023\/05\/PEDRO-SANCHEZ-MONCLOA.webp","articleSection":["Estado Espa\u00f1ol"],"inLanguage":"en-GB"},{"@type":"WebPage","@id":"https:\/\/www.revistarambla.com\/pedro-sanchez-no-dimite-y-promete-una-limpieza\/","url":"https:\/\/www.revistarambla.com\/pedro-sanchez-no-dimite-y-promete-una-limpieza\/","name":"Pedro S\u00e1nchez no dimite y promete \"una limpieza\" - Revista Rambla","isPartOf":{"@id":"https:\/\/www.revistarambla.com\/#website"},"primaryImageOfPage":{"@id":"https:\/\/www.revistarambla.com\/pedro-sanchez-no-dimite-y-promete-una-limpieza\/#primaryimage"},"image":{"@id":"https:\/\/www.revistarambla.com\/pedro-sanchez-no-dimite-y-promete-una-limpieza\/#primaryimage"},"thumbnailUrl":"https:\/\/www.revistarambla.com\/wp-content\/uploads\/2023\/05\/PEDRO-SANCHEZ-MONCLOA.webp","datePublished":"2024-04-29T10:14:00+00:00","description":"\u00abHe decidido seguir, con m\u00e1s fuerza si cabe\u00bb. Pedro S\u00e1nchez no dimite, es decir, ni se va, ni se somete a una moci\u00f3n de confianza.","breadcrumb":{"@id":"https:\/\/www.revistarambla.com\/pedro-sanchez-no-dimite-y-promete-una-limpieza\/#breadcrumb"},"inLanguage":"en-GB","potentialAction":[{"@type":"ReadAction","target":["https:\/\/www.revistarambla.com\/pedro-sanchez-no-dimite-y-promete-una-limpieza\/"]}]},{"@type":"ImageObject","inLanguage":"en-GB","@id":"https:\/\/www.revistarambla.com\/pedro-sanchez-no-dimite-y-promete-una-limpieza\/#primaryimage","url":"https:\/\/www.revistarambla.com\/wp-content\/uploads\/2023\/05\/PEDRO-SANCHEZ-MONCLOA.webp","contentUrl":"https:\/\/www.revistarambla.com\/wp-content\/uploads\/2023\/05\/PEDRO-SANCHEZ-MONCLOA.webp","width":670,"height":378,"caption":"Pedro S\u00e1nchez no dimite campa\u00f1as de fango"},{"@type":"BreadcrumbList","@id":"https:\/\/www.revistarambla.com\/pedro-sanchez-no-dimite-y-promete-una-limpieza\/#breadcrumb","itemListElement":[{"@type":"ListItem","position":1,"name":"Portada","item":"https:\/\/www.revistarambla.com\/"},{"@type":"ListItem","position":2,"name":"Pedro S\u00e1nchez no dimite y promete &#8220;una limpieza&#8221;"}]},{"@type":"WebSite","@id":"https:\/\/www.revistarambla.com\/#website","url":"https:\/\/www.revistarambla.com\/","name":"Revista Rambla Barcelona","description":"Periodismo independiente","publisher":{"@id":"https:\/\/www.revistarambla.com\/#organization"},"potentialAction":[{"@type":"SearchAction","target":{"@type":"EntryPoint","urlTemplate":"https:\/\/www.revistarambla.com\/?s={search_term_string}"},"query-input":{"@type":"PropertyValueSpecification","valueRequired":true,"valueName":"search_term_string"}}],"inLanguage":"en-GB"},{"@type":"Organization","@id":"https:\/\/www.revistarambla.com\/#organization","name":"Revista Rambla","url":"https:\/\/www.revistarambla.com\/","logo":{"@type":"ImageObject","inLanguage":"en-GB","@id":"https:\/\/www.revistarambla.com\/#\/schema\/logo\/image\/","url":"https:\/\/www.revistarambla.com\/wp-content\/uploads\/2020\/09\/banner_rambla_1900x600_BB.png","contentUrl":"https:\/\/www.revistarambla.com\/wp-content\/uploads\/2020\/09\/banner_rambla_1900x600_BB.png","width":1900,"height":600,"caption":"Revista Rambla"},"image":{"@id":"https:\/\/www.revistarambla.com\/#\/schema\/logo\/image\/"},"sameAs":["https:\/\/www.facebook.com\/revistarambla\/","https:\/\/x.com\/revistarambla","https:\/\/www.instagram.com\/revista_rambla","https:\/\/es.linkedin.com\/company\/revista-rambla"]},{"@type":"Person","@id":"https:\/\/www.revistarambla.com\/#\/schema\/person\/a146a5a2550b94981a75131180e1bd9c","name":"R@mbla","description":"Este art\u00edculo ha sido redactado y\/o validado por el equipo de redacci\u00f3n de Revista Rambla.","sameAs":["https:\/\/www.revistarambla.com\/","https:\/\/www.facebook.com\/revistarambla","https:\/\/x.com\/revistarambla"]}]}},"_links":{"self":[{"href":"https:\/\/www.revistarambla.com\/en\/wp-json\/wp\/v2\/posts\/59829","targetHints":{"allow":["GET"]}}],"collection":[{"href":"https:\/\/www.revistarambla.com\/en\/wp-json\/wp\/v2\/posts"}],"about":[{"href":"https:\/\/www.revistarambla.com\/en\/wp-json\/wp\/v2\/types\/post"}],"author":[{"embeddable":true,"href":"https:\/\/www.revistarambla.com\/en\/wp-json\/wp\/v2\/users\/3"}],"replies":[{"embeddable":true,"href":"https:\/\/www.revistarambla.com\/en\/wp-json\/wp\/v2\/comments?post=59829"}],"version-history":[{"count":2,"href":"https:\/\/www.revistarambla.com\/en\/wp-json\/wp\/v2\/posts\/59829\/revisions"}],"predecessor-version":[{"id":59831,"href":"https:\/\/www.revistarambla.com\/en\/wp-json\/wp\/v2\/posts\/59829\/revisions\/59831"}],"wp:featuredmedia":[{"embeddable":true,"href":"https:\/\/www.revistarambla.com\/en\/wp-json\/wp\/v2\/media\/55161"}],"wp:attachment":[{"href":"https:\/\/www.revistarambla.com\/en\/wp-json\/wp\/v2\/media?parent=59829"}],"wp:term":[{"taxonomy":"category","embeddable":true,"href":"https:\/\/www.revistarambla.com\/en\/wp-json\/wp\/v2\/categories?post=59829"},{"taxonomy":"post_tag","embeddable":true,"href":"https:\/\/www.revistarambla.com\/en\/wp-json\/wp\/v2\/tags?post=59829"}],"curies":[{"name":"wp","href":"https:\/\/api.w.org\/{rel}","templated":true}]}}