{"id":59755,"date":"2024-04-26T20:23:28","date_gmt":"2024-04-26T18:23:28","guid":{"rendered":"https:\/\/www.revistarambla.com\/?p=59755"},"modified":"2024-04-26T20:24:43","modified_gmt":"2024-04-26T18:24:43","slug":"la-realidad-de-los-espanoles-presos-en-carceles-extranjeras","status":"publish","type":"post","link":"https:\/\/www.revistarambla.com\/en\/la-realidad-de-los-espanoles-presos-en-carceles-extranjeras\/","title":{"rendered":"La realidad de los espa\u00f1oles presos en c\u00e1rceles extranjeras"},"content":{"rendered":"<p>Cada cierto tiempo sale a la luz los casos de espa\u00f1oles que se encuentran presos, privado de libertad, en c\u00e1rceles extranjeras, ocupando minutos de actualidad <!--more-->en los que se se\u00f1ala la crudeza de las condiciones de su reclusi\u00f3n y la posible vulneraci\u00f3n de derechos humanos, tanto en la investigaci\u00f3n de los delitos como en la ejecuci\u00f3n de las condenas finalmente impuestas.<\/p>\n<p>Durante los \u00faltimos meses, la detenci\u00f3n de Daniel Sancho, su ingreso en una <a href=\"https:\/\/www.revistarambla.com\/en\/el-aislamiento-carcelario-en-el-estado-espanol\/\">prisi\u00f3n<\/a> de Tailandia y su juicio han protagonizado las noticias en este sentido. Sin embargo, son m\u00e1s de 900 los espa\u00f1oles que se encuentran actualmente privados de libertad fuera del territorio espa\u00f1ol. La mayor\u00eda de ellos son hombres (un 88,5\u00a0%) y la mayor parte (alrededor del 57\u00a0%), por delitos relacionados con el tr\u00e1fico de drogas a peque\u00f1a escala. No obstante, tambi\u00e9n en un porcentaje considerable son acusados de robo, homicidio o asesinato (12\u00a0%).<\/p>\n<p>La cifra de internos en c\u00e1rceles extranjeras ha seguido una l\u00ednea descendente desde 2018, especialmente acentuada durante la pandemia; sin embargo, al finalizar la restricci\u00f3n de movilidad se ha producido un l\u00f3gico repunte. Aun as\u00ed, se mantiene una clara diferencia con a\u00f1os anteriores cuando, hace una d\u00e9cada, se superaba la cifra de 2 500 espa\u00f1oles presos en c\u00e1rceles extranjeras fuera del territorio espa\u00f1ol.<\/p>\n<p>Siendo muy similares tanto el perfil de los encarcelados (normalmente delincuentes primarios con necesidades econ\u00f3micas) como las conductas infractoras cometidas (la introducci\u00f3n de droga como \u201cmula\u201d en un pa\u00eds), las experiencias de las personas detenidas y las sanciones impuestas son significativamente diferentes en funci\u00f3n del territorio donde se investigue el delito y se cumpla la pena, ya que muchas de las decisiones adoptadas en este \u00e1mbito depender\u00e1n de la situaci\u00f3n econ\u00f3mica del pa\u00eds y del mayor o menor compromiso con el respeto de los derechos humanos.<\/p>\n<h2>Cumpliendo penas en 70 pa\u00edses<\/h2>\n<p>Son cerca de 70 los Estados donde, en la actualidad, hay espa\u00f1oles presos en c\u00e1rceles extranjeras cumpliendo condena privativa de libertad. Esta debe ser respetuosa con los tratados internacionales como la Declaraci\u00f3n Universal de Derechos Humanos, el Pacto Internacional de Derechos Civiles y Pol\u00edticos y la Convenci\u00f3n contra la tortura y otros tratos o penas crueles, inhumanos o degradantes, debiendo garantizarse durante el ingreso derechos fundamentales como el respeto a la vida y a la integridad f\u00edsica, el derecho a un juicio justo y a la asistencia consular, a la salud y a las condiciones de detenci\u00f3n adecuadas.<\/p>\n<p>La mayor parte de los espa\u00f1oles presos en c\u00e1rceles extranjeras est\u00e1n recluidos en presidios de Europa (especialmente en Alemania y Francia), donde se han firmado los mismos tratados y convenios ratificados por Espa\u00f1a, por lo que las sanciones impuestas o las condiciones de su cumplimiento son similares a las experimentadas por los presos en Espa\u00f1a.<\/p>\n<p>Sin embargo, adem\u00e1s de que otros estados prev\u00e9n entre sus sanciones la cadena perpetua y la pena de muerte (inexistentes en <a href=\"https:\/\/www.revistarambla.com\/en\/actualidad\/estado-espanol\/\">Espa\u00f1a<\/a>), las condiciones de cumplimiento de las penas de prisi\u00f3n en otros pa\u00edses distan mucho de las que conocemos aqu\u00ed: muchos casos, especialmente en Latinoam\u00e9rica y algunos pa\u00edses de \u00c1frica y de Asia, destacan por su peligrosidad (debido a la violencia entre los reos y a los motines), hacinamiento, insalubridad (dada la falta de separaci\u00f3n de los presos con enfermedades contagiosas y a la ausencia de higiene), falta de acceso a la defensa, realizaci\u00f3n de torturas o detenciones secretas.<\/p>\n<p>Entre las prisiones m\u00e1s peligrosas del mundo se encuentran la de Gitarama (Ruanda), caracterizada por el hacinamiento, la insalubridad y la peligrosidad, muriendo entre sus muros uno de cada 8 internos a causa de enfermedades o violencia; Campo 22 (en Corea del Norte), con un elevado hacinamiento y alto \u00edndice de fallecidos; la prisi\u00f3n de Mendoza (Argentina); la penitenciar\u00eda de Carandir\u00fa (Brasil), conocida por sus violaciones de derechos humanos, causante de motines entre los reclusos; la Modelo (Colombia); la Prisi\u00f3n Nacional de Maracaibo (Venezuela), distinguida, adem\u00e1s de por el hacinamiento, por los largos encierros antes de ser juzgados los presos; la prisi\u00f3n en Ciudad Barrios (El Salvador), integrada por la mara salvatrucha; la de la bah\u00eda de <a href=\"https:\/\/www.revistarambla.com\/en\/guantanamo-contra-todo-derecho-y-humanidad\/\">Guant\u00e1namo<\/a> (Cuba), criticada por infligir torturas y por sus altos \u00edndices de suicidio; Rikers (Nueva York), con un alto \u00edndice de violencia entre reos; la Colonia Penitenciaria IK-6 (Rusia), donde se limita extraordinariamente la capacidad de movimiento de los internos, y la Prisi\u00f3n Central de Bang Kwang (Tailandia), donde los internos considerados especialmente peligrosos o condenados a pena de muerte son obligados a usar pesados grilletes.<\/p>\n<figure id=\"attachment_59757\" aria-describedby=\"caption-attachment-59757\" style=\"width: 809px\" class=\"wp-caption aligncenter\"><img decoding=\"async\" class=\"wp-image-59757 size-full\" src=\"https:\/\/www.revistarambla.com\/wp-content\/uploads\/2024\/04\/Screenshot-2024-04-26-at-20-04-09-La-realidad-de-los-espanoles-presos-en-carceles-extranjeras.jpg\" alt=\"espa\u00f1oles presos en c\u00e1rceles extranjeras\" width=\"809\" height=\"607\" srcset=\"https:\/\/www.revistarambla.com\/wp-content\/uploads\/2024\/04\/Screenshot-2024-04-26-at-20-04-09-La-realidad-de-los-espanoles-presos-en-carceles-extranjeras.jpg 809w, https:\/\/www.revistarambla.com\/wp-content\/uploads\/2024\/04\/Screenshot-2024-04-26-at-20-04-09-La-realidad-de-los-espanoles-presos-en-carceles-extranjeras-486x365.jpg 486w, https:\/\/www.revistarambla.com\/wp-content\/uploads\/2024\/04\/Screenshot-2024-04-26-at-20-04-09-La-realidad-de-los-espanoles-presos-en-carceles-extranjeras-768x576.jpg 768w, https:\/\/www.revistarambla.com\/wp-content\/uploads\/2024\/04\/Screenshot-2024-04-26-at-20-04-09-La-realidad-de-los-espanoles-presos-en-carceles-extranjeras-16x12.jpg 16w\" sizes=\"(max-width: 809px) 100vw, 809px\" \/><figcaption id=\"caption-attachment-59757\" class=\"wp-caption-text\">La Prisi\u00f3n Central de Bangkwang est\u00e1 situada en el r\u00edo Chao Phraya, a unos 7 kil\u00f3metros al norte de Bangkok (Tailandia). Wutkh \/ Wikimedia Commons<\/figcaption><\/figure>\n<h2>Petici\u00f3n de traslado a Espa\u00f1a<\/h2>\n<p>Las personas con residencia o nacionalidad espa\u00f1ola que hayan sido condenadas en el extranjero pueden pedir el traslado a prisiones de nuestro pa\u00eds y la adaptaci\u00f3n a nuestra legislaci\u00f3n (pudiendo obtener una reducci\u00f3n de la condena), una vez que la sentencia sea firme, de acuerdo con la Ley 23\/2014 de reconocimiento mutuo de resoluciones penales en la UE y con el Convenio de Estrasburgo sobre el traslado de personas condenadas y los convenios bilaterales firmados por Espa\u00f1a.<\/p>\n<p>Distintas organizaciones no gubernamentales ayudan a los presos espa\u00f1oles encarcelados fuera de nuestras fronteras, denunciando los problemas fundamentales existentes y solicitando cambios m\u00e1s estructurales (como <a href=\"https:\/\/crm.es.amnesty.org\/\">Amnist\u00eda Internacional<\/a>) o facilitando ayuda directa a los internos o sus familias (como la Fundaci\u00f3n +34).<\/p>\n<p>Esta realidad pone de relieve aspectos del <a href=\"https:\/\/www.revistarambla.com\/en\/el-ocaso-de-la-carcel-modelo\/\">sistema penitenciario<\/a> internacional que necesitan atenci\u00f3n y reforma, y es necesario afrontar estos retos en aras de un sistema m\u00e1s respetuoso con los derechos humanos.<\/p>\n<p><em>Blanca Mart\u00edn R\u00edos es Profa. Dra. Derecho Penal, Universidad Loyola Andaluc\u00eda.<\/em><\/p>\n<hr \/>\n<p><em>Fuente: https:\/\/theconversation.com\/la-realidad-de-los-espanoles-presos-en-carceles-extranjeras-227814<\/em><\/p>","protected":false},"excerpt":{"rendered":"<p>Cada cierto tiempo sale a la luz los casos de espa\u00f1oles que se encuentran presos, privado de libertad, en c\u00e1rceles extranjeras, ocupando minutos de actualidad<\/p>","protected":false},"author":15,"featured_media":59756,"comment_status":"closed","ping_status":"closed","sticky":false,"template":"","format":"standard","meta":{"footnotes":""},"categories":[4099],"tags":[],"class_list":["post-59755","post","type-post","status-publish","format-standard","has-post-thumbnail","hentry","category-otras-miradas"],"yoast_head":"<!-- This site is optimized with the Yoast SEO plugin v27.5 - https:\/\/yoast.com\/product\/yoast-seo-wordpress\/ -->\n<title>La realidad de los espa\u00f1oles presos en c\u00e1rceles extranjeras - Revista Rambla<\/title>\n<meta name=\"description\" content=\"Cada cierto tiempo sale a la luz los casos de espa\u00f1oles presos en c\u00e1rceles extranjeras. Esta es la realidad que viven.\" \/>\n<meta name=\"robots\" content=\"index, follow, max-snippet:-1, max-image-preview:large, max-video-preview:-1\" \/>\n<link rel=\"canonical\" href=\"https:\/\/www.revistarambla.com\/en\/la-realidad-de-los-espanoles-presos-en-carceles-extranjeras\/\" \/>\n<meta property=\"og:locale\" content=\"en_GB\" \/>\n<meta property=\"og:type\" content=\"article\" \/>\n<meta property=\"og:title\" content=\"La realidad de los espa\u00f1oles presos en c\u00e1rceles extranjeras - Revista Rambla\" \/>\n<meta property=\"og:description\" content=\"Cada cierto tiempo sale a la luz los casos de espa\u00f1oles presos en c\u00e1rceles extranjeras. Esta es la realidad que viven.\" \/>\n<meta property=\"og:url\" content=\"https:\/\/www.revistarambla.com\/en\/la-realidad-de-los-espanoles-presos-en-carceles-extranjeras\/\" \/>\n<meta property=\"og:site_name\" content=\"Revista Rambla\" \/>\n<meta property=\"article:publisher\" content=\"https:\/\/www.facebook.com\/revistarambla\/\" \/>\n<meta property=\"article:published_time\" content=\"2024-04-26T18:23:28+00:00\" \/>\n<meta property=\"article:modified_time\" content=\"2024-04-26T18:24:43+00:00\" \/>\n<meta property=\"og:image\" content=\"https:\/\/www.revistarambla.com\/wp-content\/uploads\/2024\/04\/Screenshot-2024-04-26-at-20-02-06-file-20240422-16-7njaai.jpg-Imagen-AVIF-1356-\u00d7-668-pixeles-Escalado-96-.jpg\" \/>\n\t<meta property=\"og:image:width\" content=\"1305\" \/>\n\t<meta property=\"og:image:height\" content=\"643\" \/>\n\t<meta property=\"og:image:type\" content=\"image\/jpeg\" \/>\n<meta name=\"author\" content=\"Blanca Mart\u00edn R\u00edos\" \/>\n<meta name=\"twitter:card\" content=\"summary_large_image\" \/>\n<meta name=\"twitter:creator\" content=\"@revistarambla\" \/>\n<meta name=\"twitter:site\" content=\"@revistarambla\" \/>\n<meta name=\"twitter:label1\" content=\"Written by\" \/>\n\t<meta name=\"twitter:data1\" content=\"Blanca Mart\u00edn R\u00edos\" \/>\n\t<meta name=\"twitter:label2\" content=\"Estimated reading time\" \/>\n\t<meta name=\"twitter:data2\" content=\"5 minutes\" \/>\n<script type=\"application\/ld+json\" class=\"yoast-schema-graph\">{\"@context\":\"https:\\\/\\\/schema.org\",\"@graph\":[{\"@type\":\"Article\",\"@id\":\"https:\\\/\\\/www.revistarambla.com\\\/la-realidad-de-los-espanoles-presos-en-carceles-extranjeras\\\/#article\",\"isPartOf\":{\"@id\":\"https:\\\/\\\/www.revistarambla.com\\\/la-realidad-de-los-espanoles-presos-en-carceles-extranjeras\\\/\"},\"author\":{\"name\":\"Blanca Mart\u00edn R\u00edos\",\"@id\":\"https:\\\/\\\/www.revistarambla.com\\\/#\\\/schema\\\/person\\\/2b19179a8ace334b829ad72cc6e6ce97\"},\"headline\":\"La realidad de los espa\u00f1oles presos en c\u00e1rceles extranjeras\",\"datePublished\":\"2024-04-26T18:23:28+00:00\",\"dateModified\":\"2024-04-26T18:24:43+00:00\",\"mainEntityOfPage\":{\"@id\":\"https:\\\/\\\/www.revistarambla.com\\\/la-realidad-de-los-espanoles-presos-en-carceles-extranjeras\\\/\"},\"wordCount\":1020,\"publisher\":{\"@id\":\"https:\\\/\\\/www.revistarambla.com\\\/#organization\"},\"image\":{\"@id\":\"https:\\\/\\\/www.revistarambla.com\\\/la-realidad-de-los-espanoles-presos-en-carceles-extranjeras\\\/#primaryimage\"},\"thumbnailUrl\":\"https:\\\/\\\/www.revistarambla.com\\\/wp-content\\\/uploads\\\/2024\\\/04\\\/Screenshot-2024-04-26-at-20-02-06-file-20240422-16-7njaai.jpg-Imagen-AVIF-1356-\u00d7-668-pixeles-Escalado-96-.jpg\",\"articleSection\":[\"Otras Miradas\"],\"inLanguage\":\"en-GB\"},{\"@type\":\"WebPage\",\"@id\":\"https:\\\/\\\/www.revistarambla.com\\\/la-realidad-de-los-espanoles-presos-en-carceles-extranjeras\\\/\",\"url\":\"https:\\\/\\\/www.revistarambla.com\\\/la-realidad-de-los-espanoles-presos-en-carceles-extranjeras\\\/\",\"name\":\"La realidad de los espa\u00f1oles presos en c\u00e1rceles extranjeras - Revista Rambla\",\"isPartOf\":{\"@id\":\"https:\\\/\\\/www.revistarambla.com\\\/#website\"},\"primaryImageOfPage\":{\"@id\":\"https:\\\/\\\/www.revistarambla.com\\\/la-realidad-de-los-espanoles-presos-en-carceles-extranjeras\\\/#primaryimage\"},\"image\":{\"@id\":\"https:\\\/\\\/www.revistarambla.com\\\/la-realidad-de-los-espanoles-presos-en-carceles-extranjeras\\\/#primaryimage\"},\"thumbnailUrl\":\"https:\\\/\\\/www.revistarambla.com\\\/wp-content\\\/uploads\\\/2024\\\/04\\\/Screenshot-2024-04-26-at-20-02-06-file-20240422-16-7njaai.jpg-Imagen-AVIF-1356-\u00d7-668-pixeles-Escalado-96-.jpg\",\"datePublished\":\"2024-04-26T18:23:28+00:00\",\"dateModified\":\"2024-04-26T18:24:43+00:00\",\"description\":\"Cada cierto tiempo sale a la luz los casos de espa\u00f1oles presos en c\u00e1rceles extranjeras. Esta es la realidad que viven.\",\"breadcrumb\":{\"@id\":\"https:\\\/\\\/www.revistarambla.com\\\/la-realidad-de-los-espanoles-presos-en-carceles-extranjeras\\\/#breadcrumb\"},\"inLanguage\":\"en-GB\",\"potentialAction\":[{\"@type\":\"ReadAction\",\"target\":[\"https:\\\/\\\/www.revistarambla.com\\\/la-realidad-de-los-espanoles-presos-en-carceles-extranjeras\\\/\"]}]},{\"@type\":\"ImageObject\",\"inLanguage\":\"en-GB\",\"@id\":\"https:\\\/\\\/www.revistarambla.com\\\/la-realidad-de-los-espanoles-presos-en-carceles-extranjeras\\\/#primaryimage\",\"url\":\"https:\\\/\\\/www.revistarambla.com\\\/wp-content\\\/uploads\\\/2024\\\/04\\\/Screenshot-2024-04-26-at-20-02-06-file-20240422-16-7njaai.jpg-Imagen-AVIF-1356-\u00d7-668-pixeles-Escalado-96-.jpg\",\"contentUrl\":\"https:\\\/\\\/www.revistarambla.com\\\/wp-content\\\/uploads\\\/2024\\\/04\\\/Screenshot-2024-04-26-at-20-02-06-file-20240422-16-7njaai.jpg-Imagen-AVIF-1356-\u00d7-668-pixeles-Escalado-96-.jpg\",\"width\":1305,\"height\":643,\"caption\":\"espa\u00f1oles presos en c\u00e1rceles extranjeras\"},{\"@type\":\"BreadcrumbList\",\"@id\":\"https:\\\/\\\/www.revistarambla.com\\\/la-realidad-de-los-espanoles-presos-en-carceles-extranjeras\\\/#breadcrumb\",\"itemListElement\":[{\"@type\":\"ListItem\",\"position\":1,\"name\":\"Portada\",\"item\":\"https:\\\/\\\/www.revistarambla.com\\\/\"},{\"@type\":\"ListItem\",\"position\":2,\"name\":\"La realidad de los espa\u00f1oles presos en c\u00e1rceles extranjeras\"}]},{\"@type\":\"WebSite\",\"@id\":\"https:\\\/\\\/www.revistarambla.com\\\/#website\",\"url\":\"https:\\\/\\\/www.revistarambla.com\\\/\",\"name\":\"Revista Rambla Barcelona\",\"description\":\"Periodismo independiente\",\"publisher\":{\"@id\":\"https:\\\/\\\/www.revistarambla.com\\\/#organization\"},\"potentialAction\":[{\"@type\":\"SearchAction\",\"target\":{\"@type\":\"EntryPoint\",\"urlTemplate\":\"https:\\\/\\\/www.revistarambla.com\\\/?s={search_term_string}\"},\"query-input\":{\"@type\":\"PropertyValueSpecification\",\"valueRequired\":true,\"valueName\":\"search_term_string\"}}],\"inLanguage\":\"en-GB\"},{\"@type\":\"Organization\",\"@id\":\"https:\\\/\\\/www.revistarambla.com\\\/#organization\",\"name\":\"Revista Rambla\",\"url\":\"https:\\\/\\\/www.revistarambla.com\\\/\",\"logo\":{\"@type\":\"ImageObject\",\"inLanguage\":\"en-GB\",\"@id\":\"https:\\\/\\\/www.revistarambla.com\\\/#\\\/schema\\\/logo\\\/image\\\/\",\"url\":\"https:\\\/\\\/www.revistarambla.com\\\/wp-content\\\/uploads\\\/2020\\\/09\\\/banner_rambla_1900x600_BB.png\",\"contentUrl\":\"https:\\\/\\\/www.revistarambla.com\\\/wp-content\\\/uploads\\\/2020\\\/09\\\/banner_rambla_1900x600_BB.png\",\"width\":1900,\"height\":600,\"caption\":\"Revista Rambla\"},\"image\":{\"@id\":\"https:\\\/\\\/www.revistarambla.com\\\/#\\\/schema\\\/logo\\\/image\\\/\"},\"sameAs\":[\"https:\\\/\\\/www.facebook.com\\\/revistarambla\\\/\",\"https:\\\/\\\/x.com\\\/revistarambla\",\"https:\\\/\\\/www.instagram.com\\\/revista_rambla\",\"https:\\\/\\\/es.linkedin.com\\\/company\\\/revista-rambla\"]},{\"@type\":\"Person\",\"@id\":\"https:\\\/\\\/www.revistarambla.com\\\/#\\\/schema\\\/person\\\/2b19179a8ace334b829ad72cc6e6ce97\",\"name\":\"Blanca Mart\u00edn R\u00edos\"}]}<\/script>\n<!-- \/ Yoast SEO plugin. -->","yoast_head_json":{"title":"La realidad de los espa\u00f1oles presos en c\u00e1rceles extranjeras - Revista Rambla","description":"Cada cierto tiempo sale a la luz los casos de espa\u00f1oles presos en c\u00e1rceles extranjeras. Esta es la realidad que viven.","robots":{"index":"index","follow":"follow","max-snippet":"max-snippet:-1","max-image-preview":"max-image-preview:large","max-video-preview":"max-video-preview:-1"},"canonical":"https:\/\/www.revistarambla.com\/en\/la-realidad-de-los-espanoles-presos-en-carceles-extranjeras\/","og_locale":"en_GB","og_type":"article","og_title":"La realidad de los espa\u00f1oles presos en c\u00e1rceles extranjeras - Revista Rambla","og_description":"Cada cierto tiempo sale a la luz los casos de espa\u00f1oles presos en c\u00e1rceles extranjeras. Esta es la realidad que viven.","og_url":"https:\/\/www.revistarambla.com\/en\/la-realidad-de-los-espanoles-presos-en-carceles-extranjeras\/","og_site_name":"Revista Rambla","article_publisher":"https:\/\/www.facebook.com\/revistarambla\/","article_published_time":"2024-04-26T18:23:28+00:00","article_modified_time":"2024-04-26T18:24:43+00:00","og_image":[{"width":1305,"height":643,"url":"https:\/\/www.revistarambla.com\/wp-content\/uploads\/2024\/04\/Screenshot-2024-04-26-at-20-02-06-file-20240422-16-7njaai.jpg-Imagen-AVIF-1356-\u00d7-668-pixeles-Escalado-96-.jpg","type":"image\/jpeg"}],"author":"Blanca Mart\u00edn R\u00edos","twitter_card":"summary_large_image","twitter_creator":"@revistarambla","twitter_site":"@revistarambla","twitter_misc":{"Written by":"Blanca Mart\u00edn R\u00edos","Estimated reading time":"5 minutes"},"schema":{"@context":"https:\/\/schema.org","@graph":[{"@type":"Article","@id":"https:\/\/www.revistarambla.com\/la-realidad-de-los-espanoles-presos-en-carceles-extranjeras\/#article","isPartOf":{"@id":"https:\/\/www.revistarambla.com\/la-realidad-de-los-espanoles-presos-en-carceles-extranjeras\/"},"author":{"name":"Blanca Mart\u00edn R\u00edos","@id":"https:\/\/www.revistarambla.com\/#\/schema\/person\/2b19179a8ace334b829ad72cc6e6ce97"},"headline":"La realidad de los espa\u00f1oles presos en c\u00e1rceles extranjeras","datePublished":"2024-04-26T18:23:28+00:00","dateModified":"2024-04-26T18:24:43+00:00","mainEntityOfPage":{"@id":"https:\/\/www.revistarambla.com\/la-realidad-de-los-espanoles-presos-en-carceles-extranjeras\/"},"wordCount":1020,"publisher":{"@id":"https:\/\/www.revistarambla.com\/#organization"},"image":{"@id":"https:\/\/www.revistarambla.com\/la-realidad-de-los-espanoles-presos-en-carceles-extranjeras\/#primaryimage"},"thumbnailUrl":"https:\/\/www.revistarambla.com\/wp-content\/uploads\/2024\/04\/Screenshot-2024-04-26-at-20-02-06-file-20240422-16-7njaai.jpg-Imagen-AVIF-1356-\u00d7-668-pixeles-Escalado-96-.jpg","articleSection":["Otras Miradas"],"inLanguage":"en-GB"},{"@type":"WebPage","@id":"https:\/\/www.revistarambla.com\/la-realidad-de-los-espanoles-presos-en-carceles-extranjeras\/","url":"https:\/\/www.revistarambla.com\/la-realidad-de-los-espanoles-presos-en-carceles-extranjeras\/","name":"La realidad de los espa\u00f1oles presos en c\u00e1rceles extranjeras - Revista Rambla","isPartOf":{"@id":"https:\/\/www.revistarambla.com\/#website"},"primaryImageOfPage":{"@id":"https:\/\/www.revistarambla.com\/la-realidad-de-los-espanoles-presos-en-carceles-extranjeras\/#primaryimage"},"image":{"@id":"https:\/\/www.revistarambla.com\/la-realidad-de-los-espanoles-presos-en-carceles-extranjeras\/#primaryimage"},"thumbnailUrl":"https:\/\/www.revistarambla.com\/wp-content\/uploads\/2024\/04\/Screenshot-2024-04-26-at-20-02-06-file-20240422-16-7njaai.jpg-Imagen-AVIF-1356-\u00d7-668-pixeles-Escalado-96-.jpg","datePublished":"2024-04-26T18:23:28+00:00","dateModified":"2024-04-26T18:24:43+00:00","description":"Cada cierto tiempo sale a la luz los casos de espa\u00f1oles presos en c\u00e1rceles extranjeras. Esta es la realidad que viven.","breadcrumb":{"@id":"https:\/\/www.revistarambla.com\/la-realidad-de-los-espanoles-presos-en-carceles-extranjeras\/#breadcrumb"},"inLanguage":"en-GB","potentialAction":[{"@type":"ReadAction","target":["https:\/\/www.revistarambla.com\/la-realidad-de-los-espanoles-presos-en-carceles-extranjeras\/"]}]},{"@type":"ImageObject","inLanguage":"en-GB","@id":"https:\/\/www.revistarambla.com\/la-realidad-de-los-espanoles-presos-en-carceles-extranjeras\/#primaryimage","url":"https:\/\/www.revistarambla.com\/wp-content\/uploads\/2024\/04\/Screenshot-2024-04-26-at-20-02-06-file-20240422-16-7njaai.jpg-Imagen-AVIF-1356-\u00d7-668-pixeles-Escalado-96-.jpg","contentUrl":"https:\/\/www.revistarambla.com\/wp-content\/uploads\/2024\/04\/Screenshot-2024-04-26-at-20-02-06-file-20240422-16-7njaai.jpg-Imagen-AVIF-1356-\u00d7-668-pixeles-Escalado-96-.jpg","width":1305,"height":643,"caption":"espa\u00f1oles presos en c\u00e1rceles extranjeras"},{"@type":"BreadcrumbList","@id":"https:\/\/www.revistarambla.com\/la-realidad-de-los-espanoles-presos-en-carceles-extranjeras\/#breadcrumb","itemListElement":[{"@type":"ListItem","position":1,"name":"Portada","item":"https:\/\/www.revistarambla.com\/"},{"@type":"ListItem","position":2,"name":"La realidad de los espa\u00f1oles presos en c\u00e1rceles extranjeras"}]},{"@type":"WebSite","@id":"https:\/\/www.revistarambla.com\/#website","url":"https:\/\/www.revistarambla.com\/","name":"Revista Rambla Barcelona","description":"Periodismo independiente","publisher":{"@id":"https:\/\/www.revistarambla.com\/#organization"},"potentialAction":[{"@type":"SearchAction","target":{"@type":"EntryPoint","urlTemplate":"https:\/\/www.revistarambla.com\/?s={search_term_string}"},"query-input":{"@type":"PropertyValueSpecification","valueRequired":true,"valueName":"search_term_string"}}],"inLanguage":"en-GB"},{"@type":"Organization","@id":"https:\/\/www.revistarambla.com\/#organization","name":"Revista Rambla","url":"https:\/\/www.revistarambla.com\/","logo":{"@type":"ImageObject","inLanguage":"en-GB","@id":"https:\/\/www.revistarambla.com\/#\/schema\/logo\/image\/","url":"https:\/\/www.revistarambla.com\/wp-content\/uploads\/2020\/09\/banner_rambla_1900x600_BB.png","contentUrl":"https:\/\/www.revistarambla.com\/wp-content\/uploads\/2020\/09\/banner_rambla_1900x600_BB.png","width":1900,"height":600,"caption":"Revista Rambla"},"image":{"@id":"https:\/\/www.revistarambla.com\/#\/schema\/logo\/image\/"},"sameAs":["https:\/\/www.facebook.com\/revistarambla\/","https:\/\/x.com\/revistarambla","https:\/\/www.instagram.com\/revista_rambla","https:\/\/es.linkedin.com\/company\/revista-rambla"]},{"@type":"Person","@id":"https:\/\/www.revistarambla.com\/#\/schema\/person\/2b19179a8ace334b829ad72cc6e6ce97","name":"Blanca Mart\u00edn R\u00edos"}]}},"_links":{"self":[{"href":"https:\/\/www.revistarambla.com\/en\/wp-json\/wp\/v2\/posts\/59755","targetHints":{"allow":["GET"]}}],"collection":[{"href":"https:\/\/www.revistarambla.com\/en\/wp-json\/wp\/v2\/posts"}],"about":[{"href":"https:\/\/www.revistarambla.com\/en\/wp-json\/wp\/v2\/types\/post"}],"author":[{"embeddable":true,"href":"https:\/\/www.revistarambla.com\/en\/wp-json\/wp\/v2\/users\/15"}],"replies":[{"embeddable":true,"href":"https:\/\/www.revistarambla.com\/en\/wp-json\/wp\/v2\/comments?post=59755"}],"version-history":[{"count":1,"href":"https:\/\/www.revistarambla.com\/en\/wp-json\/wp\/v2\/posts\/59755\/revisions"}],"predecessor-version":[{"id":59759,"href":"https:\/\/www.revistarambla.com\/en\/wp-json\/wp\/v2\/posts\/59755\/revisions\/59759"}],"wp:featuredmedia":[{"embeddable":true,"href":"https:\/\/www.revistarambla.com\/en\/wp-json\/wp\/v2\/media\/59756"}],"wp:attachment":[{"href":"https:\/\/www.revistarambla.com\/en\/wp-json\/wp\/v2\/media?parent=59755"}],"wp:term":[{"taxonomy":"category","embeddable":true,"href":"https:\/\/www.revistarambla.com\/en\/wp-json\/wp\/v2\/categories?post=59755"},{"taxonomy":"post_tag","embeddable":true,"href":"https:\/\/www.revistarambla.com\/en\/wp-json\/wp\/v2\/tags?post=59755"}],"curies":[{"name":"wp","href":"https:\/\/api.w.org\/{rel}","templated":true}]}}