{"id":59730,"date":"2024-04-26T12:29:40","date_gmt":"2024-04-26T10:29:40","guid":{"rendered":"https:\/\/www.revistarambla.com\/?p=59730"},"modified":"2024-04-26T12:41:14","modified_gmt":"2024-04-26T10:41:14","slug":"el-plan-marruecos-2030-ocupacion-de-ceuta-melilla-y-las-canarias","status":"publish","type":"post","link":"https:\/\/www.revistarambla.com\/en\/el-plan-marruecos-2030-ocupacion-de-ceuta-melilla-y-las-canarias\/","title":{"rendered":"El plan Marruecos 2030: ocupaci\u00f3n de Ceuta, Melilla y las Canarias"},"content":{"rendered":"<p>Puesta en marcha por los servicios de inteligencia de Marruecos para la ocupaci\u00f3n de Ceuta, Melilla y las Islas Canarias<!--more-->, una plan que denomina el n\u00facleo duro del r\u00e9gimen de <a href=\"https:\/\/www.revistarambla.com\/el-satrapa-mohamed-vi-empuja-a-miles-de-ninos-mujeres-y-jovenes-vulnerables-contra-las-fuerzas-armadas-espanolas\/\">Mohammed VI<\/a> como la \u00aboperaci\u00f3n reconquista\u00bb a pesar de que estos territorios nunca han pertenecido al reino alau\u00ed.<\/p>\n<h2>Al borde de la guerra<\/h2>\n<p>Ya en democracia, el momento m\u00e1s delicado de las <a href=\"https:\/\/www.revistarambla.com\/pedro-sanchez-refuerza-su-alianza-con-mohamed-vi-intereses-economicos-y-politicos-a-cambio-de-derechos-humanos\/\">relaciones Espa\u00f1a-Marruecos<\/a> se vivi\u00f3 en julio de 2002, cuando doce miembros de la Gendarmer\u00eda Real Marroqu\u00ed ocuparon el islote de Perejil. Un episodio que estuvo a punto de provocar un enfrentamiento armado entre los dos pa\u00edses.<\/p>\n<p>El 11 de julio, los gendarmes desembarcaron en Perejil (Leyla para los marroqu\u00edes), una isla de soberan\u00eda espa\u00f1ola situada a once kil\u00f3metros de la ciudad de Ceuta y a doscientos metros de la costa de Marruecos, en pleno estrecho de Gibraltar, sin que se produjera resistencia porque el territorio estaba vac\u00edo. Colocaron dos banderas de Marruecos, y poco despu\u00e9s los gendarmes fueron sustituidos por infantes de marina marroqu\u00edes.<\/p>\n<h2>Una operaci\u00f3n militar<\/h2>\n<p>El Gobierno de entonces, presidido por Jos\u00e9 Mar\u00eda Aznar, no se qued\u00f3 quieto. Al contrario. En una semana, mont\u00f3 una compleja operaci\u00f3n militar, que moviliz\u00f3 abundantes medios terrestres, a\u00e9reos y mar\u00edtimos, dirigida a liberar la isla.<\/p>\n<p>A las 6,21 de la ma\u00f1ana del 17 de julio de 2002, soldados del Grupo de Operaciones Especiales desembarcaron en el islote. Apenas una hora despu\u00e9s, sin disparar un solo tiro porque los marroqu\u00edes no opusieron resistencia, izaron la bandera de Espa\u00f1a en lo m\u00e1s alto de la isla, d\u00e1ndola por liberada.<\/p>\n<p>A continuaci\u00f3n, 75 legionarios del Tercio Duque de Alba de Ceuta sustituyeron a los \u2018boinas verdes\u2019, que trasladaron a Ceuta a los seis detenidos y los devolvieron por la frontera.<\/p>\n<h2>Condena de la \u201cocupaci\u00f3n\u201d<\/h2>\n<p>La reacci\u00f3n de Marruecos se produjo el mismo d\u00eda 17 de julio: un Consejo Extraordinario de Ministros celebrado en Rabat conden\u00f3 la ocupaci\u00f3n, lo equipar\u00f3 a una declaraci\u00f3n de guerra, y anunci\u00f3 que lo denunciar\u00eda ante el Consejo de Seguridad de Naciones Unidas por violaci\u00f3n del derecho internacional.<\/p>\n<p>El 20 de julio, tras reanudarse las conversaciones entre los dos pa\u00edses por mediaci\u00f3n de Colin Powell, secretario de Estado, Espa\u00f1a retir\u00f3 los legionarios, y dos d\u00edas despu\u00e9s la ministra de Exteriores, Ana Palacio, y su hom\u00f3logo, Mohammed Benaissa, firmaron en Rabat un acuerdo normalizando las relaciones.<\/p>\n<h2>Una decisi\u00f3n de calado<\/h2>\n<p>La decisi\u00f3n del Gobierno de Espa\u00f1a de poner todos los medios a su alcance para rescatar Perejil sorprendi\u00f3 en algunos ambientes, vista la determinaci\u00f3n con que procedi\u00f3, asumiendo incluso el riesgo de que se produjera una respuesta militar por parte de Marruecos dirigida a contrarrestar la operaci\u00f3n.<\/p>\n<p>De hecho, desde Madrid se adoptaron medidas extraordinarias para prevenir una situaci\u00f3n b\u00e9lica semejante: se mantuvieron en alerta unidades navales y escuadrillas de reactores, tambi\u00e9n por si fuera preciso enfrentarse a una ofensiva militar marroqu\u00ed contra las ciudades de Ceuta y Melilla, las islas Canarias, e incluso al Sur de Espa\u00f1a.<\/p>\n<h2>Trasfondo<\/h2>\n<p>La operaci\u00f3n militar para liberar Perejil, denominada \u2018Romeo Sierra\u2019, se convirti\u00f3 en el primer incidente armado protagonizado por <a href=\"https:\/\/www.revistarambla.com\/actualidad\/estado-espanol\/\">Espa\u00f1a<\/a> en defensa de su soberan\u00eda desde el inicio de la democracia. Y mostr\u00f3 claramente que el Gobierno (el de entonces) no permitir\u00eda ninguna violaci\u00f3n de la territorialidad espa\u00f1ola en el Norte de \u00c1frica ni en Canarias.<\/p>\n<p>Destacados analistas no descartan que ese comportamiento tuviera relaci\u00f3n con los planes de Has\u00e1n II para llevar a cabo una \u2018invasi\u00f3n pac\u00edfica\u2019 de Ceuta, Melilla y Canarias, planes que conoc\u00eda el Gobierno, y que ahora se han desvelado en el libro \u201cLa trastienda de los servicios de inteligencia\u201d, del ex agente del SECED (antecedente del CNI) Fernando San Agust\u00edn.<\/p>\n<h2>Cambiar la historia de Espa\u00f1a<\/h2>\n<p>Fernando San Agust\u00edn, 84 a\u00f1os, relata en su libro, a modo de memorias, las operaciones secretas en las que intervino como agente. Redactado casi como una novela, desvela hechos bastante desconocidos, y tambi\u00e9n comprometidos, sobre operaciones de los servicios de inteligencia.<\/p>\n<p>El autor asegura que se trata de fragmentos de su vida, \u201cun resumen muy extractado del diario de operaciones\u201d, y que constituye una especie de \u201cdescarga de conciencia\u201d. Y Fernando Rueda, uno de los m\u00e1ximos expertos en el \u00e1mbito de los servicios de inteligencia, afirma que las operaciones de San Agust\u00edn \u201ccambiaron la historia de Espa\u00f1a\u201d.<\/p>\n<h2>Repetir la \u2018Marcha Verde\u2019<\/h2>\n<p>Entre otros asuntos, el libro cuenta con detalle que Has\u00e1n II plane\u00f3 una invasi\u00f3n masiva, simult\u00e1nea y \u2018pac\u00edfica\u2019, sobre Ceuta, Melilla y Canarias, protagonizada por decenas de miles de marroqu\u00edes, al estilo de lo que hizo en 1975 con la \u2018Marcha Verde\u2019.<\/p>\n<p>En resumen, el agente Fernando San Agust\u00edn relata lo siguiente:<\/p>\n<p>-En el parador de Gredos, recibi\u00f3 instrucciones del jefe de Operaciones del servicio (el SECED, hoy CNI) para recibir a dos personas: una mujer norteamericana de unos treinta y tantos a\u00f1os, Ava Cohen, y un hombre de cincuenta con rasgos rife\u00f1os. Este era Abdul Saiz, comandante del ej\u00e9rcito de Marruecos destinado en los servicios secretos, no de su pa\u00eds, sino del rey Has\u00e1n II.<\/p>\n<p>-La mujer era esposa del profesor Collins, experto en Demograf\u00eda y Sociolog\u00eda en la Universidad de Boston, que en 1975 colabor\u00f3 con Thomson, consejero y asesor en la descolonizaci\u00f3n de varios pa\u00edses de \u00c1frica, en organizar el itinerario, participantes y log\u00edstica de la \u2018Marcha Verde\u2019.<\/p>\n<h2>\u201cMarruecos 2030\u201d<\/h2>\n<p>-A\u00f1os m\u00e1s tarde, Collins fue llamado de nuevo para dise\u00f1ar, junto con Thomson, la operaci\u00f3n \u201cMarruecos 2030\u201d, dirigida a incorporar a Marruecos Ceuta y Melilla, junto con las islas canarias de La Palma, El Hierro, La Gomera, Fuerteventura y Lanzarote, y alg\u00fan islote adyacente. Despu\u00e9s, solo se reconocer\u00eda la soberan\u00eda espa\u00f1ola sobre Gran Canaria y Tenerife. Se llamaba Operaci\u00f3n 2030 porque a finales de ese a\u00f1o deber\u00eda haberse consumado la integraci\u00f3n de dichos territorios, tras los consiguientes acuerdos con Espa\u00f1a.<\/p>\n<figure id=\"attachment_59731\" aria-describedby=\"caption-attachment-59731\" style=\"width: 700px\" class=\"wp-caption aligncenter\"><img decoding=\"async\" class=\"wp-image-59731 size-full\" src=\"https:\/\/www.revistarambla.com\/wp-content\/uploads\/2024\/04\/marruecos-ceuta-melilla-canarias-geoestrategia.jpg\" alt=\"Marruecos Ceuta Melilla Canarias ocupaci\u00f3n reconquista\" width=\"700\" height=\"456\" srcset=\"https:\/\/www.revistarambla.com\/wp-content\/uploads\/2024\/04\/marruecos-ceuta-melilla-canarias-geoestrategia.jpg 700w, https:\/\/www.revistarambla.com\/wp-content\/uploads\/2024\/04\/marruecos-ceuta-melilla-canarias-geoestrategia-560x365.jpg 560w, https:\/\/www.revistarambla.com\/wp-content\/uploads\/2024\/04\/marruecos-ceuta-melilla-canarias-geoestrategia-18x12.jpg 18w\" sizes=\"(max-width: 700px) 100vw, 700px\" \/><figcaption id=\"caption-attachment-59731\" class=\"wp-caption-text\">Fuente: https:\/\/geoestrategia.es\/<\/figcaption><\/figure>\n<p>-Ava Cohen y Abdul Saiz hab\u00edan establecido una relaci\u00f3n personal y hab\u00edan escapado de Marruecos. Ellos detallaron el plan de reconquista de esos territorios.<\/p>\n<p>-Seg\u00fan Thompson, la gran fuerza de Marruecos es su poblaci\u00f3n, numerosa y joven, fiel al rey y a su religi\u00f3n. La gran debilidad de Espa\u00f1a era que se estaba dividiendo en reinos de taifas que cada vez querr\u00edan ser m\u00e1s independientes, y por tanto insolidarios con los dem\u00e1s.<\/p>\n<h2>En un momento de crisis<\/h2>\n<p>-El plan se ejecutar\u00eda cuando Espa\u00f1a estuviese sufriendo una grave crisis, por terrorismo, desaf\u00edos independentistas, problemas pol\u00edticos que pusieran en duda la autoridad del rey y del Gobierno&#8230;<\/p>\n<p>-Hasta el momento de la \u2018reconquista\u2019, Marruecos fomentar\u00e1 la llegada de marroqu\u00edes a Espa\u00f1a, Ceuta, Melilla y Canarias, que soliciten ayudas econ\u00f3micas, la residencia y la nacionalidad, a fin de poder votar y hacerse con concejal\u00edas y ayuntamientos, especialmente en las zonas a invadir<\/p>\n<p>-El D\u00eda D, 20.000 personas entrar\u00edan en Ceuta y en Melilla, por tierra (con autocares, camiones, autom\u00f3viles y m\u00e1quinas para derribar las vallas) y por mar (utilizando barcas de pescadores, pateras y cualquier cosa que flotara).<\/p>\n<h2>Ceuta y Melilla<\/h2>\n<p>-En Ceuta y Melilla, la Guardia Civil y la Polic\u00eda se ver\u00e1n arrolladas por la multitud, que ocupar\u00e1 sedes oficiales, viviendas y comercios. Arriar\u00e1n la bandera espa\u00f1ola e izar\u00e1n la marroqu\u00ed. El resto se colocar\u00e1n en posici\u00f3n de oraci\u00f3n para dar gracias al Alt\u00edsimo y as\u00ed evitar la intervenci\u00f3n policial. Comisar\u00edas y cuarteles no deben ser ocupados, sino rodeados, con el fin de limitar los movimientos de militares y polic\u00edas.<\/p>\n<p>-Hay que sembrar las calle de obst\u00e1culos: muebles, coches&#8230; que impidan el movimiento de veh\u00edculos: dificultar los desplazamientos del enemigo es b\u00e1sico. En los expedientes para cada ciudad vienen las calles y carreteras m\u00e1s importantes para cerrar, y c\u00f3mo bloquear la entrada de embarcaciones a los puertos.<\/p>\n<p>-En los ayuntamientos, se convocar\u00e1 una reuni\u00f3n extraordinaria para acordar su inclusi\u00f3n en el reino de Marruecos. Se informar\u00e1 con altavoces por las calles. A los espa\u00f1oles que no lo acepten, se les trasladar\u00e1 el puerto, donde los ferris y barcos de pesca los llevar\u00e1n a la pen\u00ednsula. El Ej\u00e9rcito y la Marina marroqu\u00edes har\u00e1n acto de presencia, puesto que tendr\u00e1n la consideraci\u00f3n de plazas marroqu\u00edes.<\/p>\n<p>-Los cristianos no luchar\u00e1n por Ceuta y Melilla porque la mayor\u00eda de los espa\u00f1oles las consideran ciudades marroqu\u00edes. Habr\u00e1 mayor resistencia en Canarias, pero se ofrecer\u00e1 a Espa\u00f1a que se quede con las dos islas principales.<\/p>\n<h2>Canarias<\/h2>\n<p>-Sobre Canarias, desde la costa marroqu\u00ed, entre Tarfaya y Bojador, saldr\u00e1n barcas, barcos de pasajeros, buques de carga, con los reconquistadores y sus familias. Cada isla recibir\u00e1 varias oleadas de 10.000 personas. La flota transportar\u00e1 50.000 en una primera fase, y la misma cantidad en una segunda y tercera. Ser\u00e1 un desembarco pac\u00edfico, retransmitido por emisoras y televisiones.<\/p>\n<p>-Cuando se cumpla el mismo operativo que en Ceuta y Melilla, la armada marroqu\u00ed atracar\u00e1 en los puertos canarios, y el ej\u00e9rcito se dirigir\u00e1 a las islas para proteger a su gente y ocupar los aeropuertos.<\/p>\n<p>-Es b\u00e1sico crear en las calles un ambiente de p\u00e1nico entre los cristianos, mediante peque\u00f1os incendios, desalojos de edificios y otras provocaciones, que generen caos, porque eso favorecer\u00e1 el \u00e9xito de la operaci\u00f3n.<\/p>\n<p>-Los reconquistadores deben ser mayormente j\u00f3venes. En recompensa, se les dar\u00e1n las casas y comercios que logren desalojar a sus propietarios cristianos. Es importante que la poblaci\u00f3n cristiana se sienta desprotegida, porque as\u00ed se entregar\u00e1 y aceptar\u00e1 la evacuaci\u00f3n a Tenerife y Gran Canaria.<\/p>\n<h2>Espa\u00f1oles d\u00e9biles<\/h2>\n<p>-A los polic\u00edas y militares locales se los desarmar\u00e1 y se llevar\u00e1 a las zonas de embarque. Quienes se resistan ser\u00e1n fusilados de inmediato.<\/p>\n<p>-La reacci\u00f3n del Ej\u00e9rcito espa\u00f1ol no ser\u00e1 la de los ingleses en las Malvinas, porque los espa\u00f1oles son d\u00e9biles y poco patriotas, empezando por los pol\u00edticos, que convencer\u00e1n a la opini\u00f3n p\u00fablica de que conviene conformarse con conservar Gran Canaria, Tenerife y las Chafarinas, mientras se mantiene el litigio pol\u00edtico por las dem\u00e1s islas. El resultado de esa inacci\u00f3n ser\u00e1 el mismo que el de <a href=\"https:\/\/www.revistarambla.com\/un-penon-en-el-zapato\/\">Gibraltar<\/a>.<\/p>\n<p>-El gran \u00e9xito de los regulares que combatieron en la guerra civil espa\u00f1ola fue el terror que infund\u00edan las tropas marroqu\u00edes. Una vez en tierra, habr\u00e1 equipos dedicados a difundir la cantidad de asesinatos violaciones e incendios causados por los invasores, aunque no todo sea verdad.<\/p>\n<p>-Los servicios brit\u00e1nico y estadounidense se mantendr\u00e1n neutrales o a favor de Marruecos, como en el caso de la \u2018Marcha Verde\u2019.<\/p>\n<p>-El D\u00eda D deben cursarse \u00f3rdenes de movilizaci\u00f3n de la poblaci\u00f3n \u00e1rabe en Par\u00eds, Londres, Madrid, <a href=\"https:\/\/www.revistarambla.com\/actualidad\/barcelona\/\">Barcelona<\/a>, Bruselas y Atenas, convocando manifestaciones para celebrar la conquista.<\/p>\n<h2>Se sab\u00eda<\/h2>\n<p>Aqu\u00ed termina el relato de San Agust\u00edn sobre la operaci\u00f3n \u201cMarruecos 2030\u201d.<\/p>\n<p>Por supuesto, de todo esto tuvo informaci\u00f3n detallada el Gobierno espa\u00f1ol. Y, cuando se produjo la ocupaci\u00f3n de Perejil, el Ejecutivo, presidido por Jos\u00e9 Mar\u00eda Aznar y con Federico Trillo como ministro de Defensa, previsiblemente lo tuvo en cuenta para adoptar la decisi\u00f3n de liberar el islote con los medios que fueran necesarios.<\/p>\n<h2>Presencia marroqu\u00ed en Espa\u00f1a<\/h2>\n<p>Los marroqu\u00edes son la primera comunidad extranjera en Espa\u00f1a: 880.000 personas. Con cifras de 2020, Espa\u00f1a es el segundo pa\u00eds del mundo que m\u00e1s marroqu\u00edes recibi\u00f3 (el 24% del total), solo por detr\u00e1s de Francia (32%).<\/p>\n<p>Se concentran en <a href=\"https:\/\/www.revistarambla.com\/actualidad\/catalunya\/\">Catalu\u00f1a<\/a>, con un 28% del total de los marroqu\u00edes en Espa\u00f1a, seguida de Andaluc\u00eda (18%) y Murcia (10%). Por provincias, Barcelona, Murcia, Madrid, Almer\u00eda y Alicante se sit\u00faan en primera posici\u00f3n.<\/p>\n<p>Para municipios de m\u00e1s de 1.000 habitantes, representan el 31% de la poblaci\u00f3n en N\u00edjar, el 27 en La Mojonera, 25 en Talayuela, 24 en Aitona, y 23 en Albu\u00f1ol. Adem\u00e1s de ser la comunidad extranjera m\u00e1s numerosa, es tambi\u00e9n la m\u00e1s joven y la de mayor natalidad.<\/p>\n<h2>Marruecos corta lazos energ\u00e9ticos con Espa\u00f1a y construir\u00e1 oleoductos y regasificadoras<\/h2>\n<p>La apuesta por el gas es solo un primer paso de un ambicioso plan para que en 2030 las energ\u00edas renovables generen el 52% de la electricidad. Rabat ofrece adem\u00e1s 300.000 hect\u00e1reas de terrenos p\u00fablicos a inversores que produzcan hidr\u00f3geno verde.<\/p>\n<p>No hay mal que por bien no venga. Argelia puso en apuros a Marruecos cuando, en octubre de 2021, cerr\u00f3 el gaseoducto Magreb-Europa que abastec\u00eda a Espa\u00f1a con gas de los yacimientos argelinos de Hassi R\u2019Mel. En su camino hacia Zahara de los Atunes (C\u00e1diz), donde desembocaba, cruzaba 522 kil\u00f3metros de territorio marroqu\u00ed. Por facilitar ese tr\u00e1nsito, Marruecos se quedaba con una peque\u00f1a porci\u00f3n del hidrocarburo del que Argel le priv\u00f3 s\u00fabitamente.<\/p>\n<p>Unas 20 naves marroqu\u00edes frente a Canarias: \u00bfpor qu\u00e9 las maniobras de Rabat inquietan a Madrid?<\/p>\n<p>Los ejercicios discurren a 125 km de las islas Canarias en aguas del Sahara Occidental, zona sobre la que la Justicia europea recomienda suspender el acuerdo pesquero entre la UE y Marruecos. Rabat escenifica una \u00abposici\u00f3n de poder\u00bb ante cuestiones abiertas con Madrid y podr\u00eda pretender ampliar el espacio de su jurisdicci\u00f3n, explican los analistas.<\/p>\n<p>Con car\u00e1cter diario y desde el 29 de marzo, la Marina Real de Marruecos est\u00e1 realizando ejercicios militares al sur del pa\u00eds, en aguas del Sahara Occidental. Una veintena de buques participan en las maniobras, entre los que destacan fragatas de las clases Fremm y Sigma, as\u00ed como corbetas de la clase Floreal y patrulleros misil\u00edsticos y de altura.<\/p>\n<p>Las maniobras discurren durante la mayor parte del d\u00eda, entre las siete de la ma\u00f1ana y las ocho de la tarde, a 2,7 millas n\u00e1uticas (cinco kil\u00f3metros) del litoral pr\u00f3ximo a las localidades de El-Aai\u00fan, Dajla, Sidi Ifni y Agadir. A tal efecto, las actividades de pesca en la zona est\u00e1n suspendidas hasta el 28 de junio, fecha en que finalizar\u00e1n los ejercicios, seg\u00fan reza en la circular que difundieron el 19 de marzo las autoridades marroqu\u00edes a pescadores y armadores.<\/p>\n<p>La duraci\u00f3n de las maniobras, as\u00ed como su envergadura y las medidas que conllevan, son in\u00e9ditas. Adem\u00e1s, no est\u00e1 claro que Rabat informara de ellas a Madrid con antelaci\u00f3n. De resultas de la falta de informaci\u00f3n inicial, cierto nerviosismo ha prendido en la esfera pol\u00edtica espa\u00f1ola, especialmente en el Gobierno regional de Islas Canarias, a cuyo presidente, Fernando Clavijo, el ministro de Exteriores, Jos\u00e9 Manuel Albares, tuvo que asegurar que los ejercicios militares de la marina marroqu\u00ed se desarrollan en \u00ab\u00e1reas bien circunscritas y muy alejadas de aguas espa\u00f1olas\u00bb.<\/p>\n<p>En Canarias se teme por un posible impacto en la industria tur\u00edstica, dada la cercan\u00eda de la costa de la isla de Fuerteventura. Se da la circunstancia de que la zona elegida por Marruecos es \u00abun santuario de fauna\u00bb, en palabras de Lola Garc\u00eda, presidenta del Cabildo Insular de Fuerteventura, un \u00e1rea muy rica en especies \u00fanicas que ya sufri\u00f3 en 2002 una cat\u00e1strofe ecol\u00f3gica, cuando un ejercicio naval de la OTAN con el empleo de sonares de gran potencia caus\u00f3 una matanza entre los cet\u00e1ceos de esas aguas.<\/p>\n<p>El espacio es un \u00e1mbito de tensi\u00f3n en la relaci\u00f3n de los dos pa\u00edses, pues es escenario de las rutas mar\u00edtimas de la inmigraci\u00f3n ilegal. Y al discurrir las maniobras en aguas del Sahara Occidental, \u00abpor lo visto, se da por sentado que est\u00e1n bajo un dominio marroqu\u00ed\u00bb, declar\u00f3 el presidente Clavijo. Entre el anuncio y el comienzo de las maniobras, el 21 de marzo medi\u00f3 la recomendaci\u00f3n de la Corte de Justicia de la Uni\u00f3n Europea (CJUE) de anular el acuerdo de pesca entre Marruecos y la UE por incluirlas aguas del S\u00e1hara Occidental.<\/p>\n<p>\u00abAl no tratar el territorio del S\u00e1hara Occidental, y las aguas adyacentes al mismo, como separados y distintos del Reino de Marruecos, el Consejo [de Ministros de la UE] no respet\u00f3 [en 2019] el derecho a la autodeterminaci\u00f3n del pueblo saharaui\u00bb, manifest\u00f3 en un comunicado Tamara Capeta, fiscal de la corte, ante los jueces.<\/p>\n<p>Recordamos que el \u00f3rgano inmediatamente inferior al CJUE, el Tribunal de Justicia de la UE (TJUE), ya emiti\u00f3 en 2021 una sentencia que anulaba el acuerdo de pesca, la cual fue recurrida por Espa\u00f1a, Francia, la Comisi\u00f3n Europea, el Consejo de Ministros de la UE y los pescadores marroqu\u00edes.<\/p>\n<h2>La jurisdicci\u00f3n de las aguas<\/h2>\n<p>El fallo final de la CJUE se producir\u00e1 pr\u00e1cticamente en las mismas fechas de la conclusi\u00f3n de las maniobras. De ah\u00ed que la coincidencia invite a pensar que la demostraci\u00f3n de fuerza en un \u00e1rea estrat\u00e9gica y en litigio sea tambi\u00e9n un acto para reafirmar la soberan\u00eda de Marruecos sobre las aguas del Sahara Occidental.<\/p>\n<p>En principio, cualquier Estado puede realizar las maniobras que quiera en su territorio soberano sin estar obligado a solicitar ning\u00fan permiso. Pero la cuesti\u00f3n de la soberan\u00eda sobre el Sahara Occidental sigue siendo un asunto irresoluto, pues contin\u00faa dirimi\u00e9ndose en Naciones Unidas. A d\u00eda de hoy, organizaciones como la ONU, CPI, TIJ, la Convenci\u00f3n del Derecho del Mar o la Uni\u00f3n Africana no han emitido documento alguno que acredite que las aguas del S\u00e1hara Occidental son marroqu\u00edes.<\/p>\n<p>\u00abPero tambi\u00e9n, el hecho de que la CJUE recomiende que esas aguas queden fuera del acuerdo pesquero entre la UE y Marruecos, es tanto como echar a los pescadores de la UE de all\u00ed y casi como dar v\u00eda libre a la ocupaci\u00f3n de esas aguas y a una zona econ\u00f3mica exclusiva marroqu\u00ed bajo el control de su armada\u00bb, explica Juan A. Aguilar, director del Instituto Espa\u00f1ol de Geopol\u00edtica. Actualmente, m\u00e1s del 60% de las licencias amparadas por tal acuerdo corresponden a empresas espa\u00f1olas.<\/p>\n<p>Marruecos puede estar conduci\u00e9ndose como si ya tuviese plena jurisdicci\u00f3n del Sahara Occidental debido precisamente al cambio de postura del Gobierno espa\u00f1ol respecto a la soberan\u00eda del territorio, para el cual ahora admite un r\u00e9gimen de autonom\u00eda dentro del Estado marroqu\u00ed.<\/p>\n<h2>\u00bfHay que temer un expansionismo de Marruecos?<\/h2>\n<p>Las relaciones bilaterales entre Espa\u00f1a y Marruecos no son f\u00e1ciles, producto de cuestiones que afectan a ambos pa\u00edses, como los flujos migratorios, la relaci\u00f3n comercial, las rutas del narcotr\u00e1fico y todos los aspectos que afectan a Ceuta y Melilla, los enclaves espa\u00f1oles en el norte de \u00c1frica, cuya soberan\u00eda discute Rabat.<\/p>\n<p>Tambi\u00e9n, la exhibici\u00f3n de fuerza naval sucede en un momento en que los esfuerzos del Ministerio de Defensa espa\u00f1ol parecen concentrarse en las fronteras orientales de la OTAN y en el surtido de armamento a Ucrania. De ah\u00ed cierta inquietud en la oposici\u00f3n pol\u00edtica ante una hipot\u00e9tica situaci\u00f3n en la que Espa\u00f1a podr\u00eda no estar en la mejor disposici\u00f3n para hacer frente a acciones encaminadas a modificar la demarcaci\u00f3n jurisdiccional de las aguas en torno a Canarias o a un intento de cambiar el estatus de Ceuta y Melilla.<\/p>\n<p>Con sus mensajes, el Gobierno espa\u00f1ol trata de limar los recelos, m\u00e1s aun cuando tambi\u00e9n ha escenificado una mejora de las relaciones con Rabat.<\/p>\n<p>\u00abMarruecos es la puerta trasera de Europa, sobre todo de Espa\u00f1a, que no puede permitirse un problema con \u00e9l por la sencilla raz\u00f3n de que, inmediatamente, Marruecos abrir\u00eda la frontera\u00bb, explica el polit\u00f3logo francoespa\u00f1ol Jorge Verstrynge a Sputnik, nacido en T\u00e1nger y buen conocedor del pa\u00eds magreb\u00ed. \u00abEn ese momento, no necesitar\u00eda invadir Canarias con tropas, las invade con pateras llenas de inmigrantes\u00bb.<\/p>\n<p>A su juicio, la seguridad de las costas de Canarias depende no tanto de una hipot\u00e9tica invasi\u00f3n marroqu\u00ed como de la contenci\u00f3n que pueda ejercer Espa\u00f1a sobre el flujo migratorio a trav\u00e9s del Atl\u00e1ntico. \u00abPorque ya vienen de Mauritania, Senegal y hasta de Costa de Marfil\u00bb, advierte.<\/p>\n<p>Verstrynge asegura que las reivindicaciones marroqu\u00edes sobre los territorios espa\u00f1oles en \u00c1frica son \u00abv\u00e1lvulas de escape\u00bb de tipo \u00abperi\u00f3dico\u00bb que convienen a una sociedad cuya mitad se compone de poblaci\u00f3n menor de edad, a la que se dirigen mensajes de unidad nacional. En Ceuta y Melilla, adem\u00e1s, se da el hecho de que las importaciones marroqu\u00edes se pueden pagar en dirhams, la moneda marroqu\u00ed.<\/p>\n<p>Por otro lado, la capacidad defensiva emplazada en las islas Canarias ha decrecido en los \u00faltimos a\u00f1os. Aunque hay unidades terrestres y una base a\u00e9rea en Gando (Gran Canaria), no ha habido una renovaci\u00f3n. \u00abLos cazas F-18 de la base son aviones de tercera generaci\u00f3n, inferiores a los que tiene Marruecos\u00bb, se\u00f1ala Aguilar, en referencia a los F-16 modernizados del Reino alauita.<\/p>\n<p>No obstante, este analista subraya que una cosa es la amenaza que pueda suponer el grupo naval movilizado en las maniobras, para lo que en Canarias hay medios, y otra muy distinta que se plantee un desembarco o un ataque a\u00e9reo o misil\u00edstico. \u00abAh\u00ed quiz\u00e1 convenga preguntarnos si existe un plan para afrontar cualquier circunstancia que ponga en peligro la seguridad de las islas\u00bb, matiza.<\/p>\n<h2>Buenas relaciones \u00bfy provocaci\u00f3n?<\/h2>\n<p>El mensaje tranquilizador del Gobierno espa\u00f1ol refleja tambi\u00e9n el permanente intento de mejora de las relaciones tras la crisis migratoria desatada por la estancia en Espa\u00f1a del l\u00edder del <a href=\"https:\/\/www.revistarambla.com\/comunicado-oficial-de-la-republica-saharaui-ante-la-decision-de-espana-de-apoyar-la-autonomia-marroqui\/\">Frente Polisario<\/a> en 2021 por motivos humanitarios. Tras investirse de nuevo presidente, Pedro S\u00e1nchez jalon\u00f3 con una visita a Rabat en febrero el primer evento de su agenda internacional.<\/p>\n<p>Nunca trascendi\u00f3 el contenido de su reuni\u00f3n con el monarca Mohamed VI, salvo que trataron temas de cooperaci\u00f3n en materia de control de la inmigraci\u00f3n ilegal y los preparativos del Mundial de F\u00fatbol de 2030. \u00abEn Espa\u00f1a la oposici\u00f3n no logr\u00f3 enterarse muy bien de qu\u00e9 hablaron, y eso es algo que el PP lo tiene atragantado\u00bb, afirma Verstrynge, que no ve tanto la amenaza de un futuro expansionismo marroqu\u00ed como un factor de pol\u00edtica interna en ambos pa\u00edses, de cohesi\u00f3n social en el caso de Marruecos.<\/p>\n<p>Sin embargo, tal vez quepa asumir el sentido de las maniobras en el contexto del propio cambio de la postura oficial de Madrid respecto al Sahara Occidental.<\/p>\n<p>\u00abNi siquiera es una provocaci\u00f3n; es aqu\u00ed estoy yo y aqu\u00ed me quedo. Es una posici\u00f3n de poder y se enmarca en las cuestiones que Espa\u00f1a tiene abiertas con Marruecos, la inmigraci\u00f3n ilegal lo primero, pero tambi\u00e9n el narcotr\u00e1fico o la competencia comercial gracias a los acuerdos preferenciales con la UE\u00bb, afirma Aguilar, que admite que \u00abno es normal\u00bb organizar el ejercicio militar en unas aguas en disputa.<\/p>\n<p>Aguilar explica que el rearme generalizado de Marruecos en los \u00faltimos tiempos puede \u00abapuntar a un expansionismo m\u00e1s all\u00e1 incluso de la ocupaci\u00f3n de los territorios del Sahara Occidental\u00bb. Y en este sentido, recuerda, alude a la llamada Operaci\u00f3n 2030, un plan marroqu\u00ed descrito por un ex agente de los servicios especiales espa\u00f1oles, Fernando San Agust\u00edn, quien ya durante la \u00e9poca de la presidencia de Jos\u00e9 Mar\u00eda Aznar dio a conocer un plan urdido por Hassan II para hacerse con el control de Ceuta, Melilla y parte del archipi\u00e9lago canario.<\/p>\n<p>\u00abEl plan tendr\u00eda el apoyo de Francia y EEUU, del que Marruecos es su principal cabeza de puente en la zona, y de Reino Unido, que controlar\u00eda el estrecho y tendr\u00eda intereses econ\u00f3micos incluso con proyectos energ\u00e9ticos que llegar\u00edan a Reino Unido\u00bb, recuerda Aguilar.<\/p>\n<h2>\u00bfAyudar\u00eda la OTAN a Espa\u00f1a?<\/h2>\n<p>Una acci\u00f3n de esta naturaleza podr\u00eda invocar el art\u00edculo 5 del tratado de la alianza atl\u00e1ntica para asistir colectivamente la defensa de Espa\u00f1a. Pero la posici\u00f3n geogr\u00e1fica de Canarias, Ceuta y Melilla, en \u00c1frica, excluye \u00abexpl\u00edcitamente\u00bb tal posibilidad, recuerda Verstrynge.<\/p>\n<p>Adem\u00e1s, la interpretaci\u00f3n del art\u00edculo no es autom\u00e1tica. \u00abLo que dice el art\u00edculo es que los pa\u00edses miembros est\u00e1n obligados a prestar ayuda al miembro agredido incluso con fuerzas armadas, pero la ayuda puede consistir perfectamente en ayuda diplom\u00e1tica, log\u00edstica o env\u00edo de material militar, no implica necesariamente el despliegue de una operaci\u00f3n militar\u00bb, explica Aguilar.<\/p>\n<p>\u00abEn ese supuesto, estar\u00edamos fastidiados, porque el art\u00edculo 5 no garantiza nada\u00bb, a\u00f1ade, y pone como ejemplo el incidente ocurrido en el islote de Perejil en 2002, cuando efectivos militares marroqu\u00edes lo invadieron.<\/p>\n<p>\u00abEspa\u00f1a pens\u00f3 en llevar el tema al Consejo de Seguridad de la ONU, pero Colin Powell inmediatamente aplac\u00f3 al Gobierno espa\u00f1ol. Aqu\u00ed podr\u00eda ocurrir algo similar: que convenzan al Gobierno espa\u00f1ol para asumir un nuevo statu quo tras un asalto como en la Marcha Verde en el Sahara Occidental, de tal manera que no se pueda utilizar el ej\u00e9rcito contra los civiles\u00bb.<\/p>\n<p>\u00abLa situaci\u00f3n es potencialmente grave; sabemos sus planes, conocemos sus aliados, sabemos lo que har\u00eda la OTAN y ya sabemos hacia d\u00f3nde est\u00e1 enfocada ahora la OTAN: hacia el Este. A la vuelta de pocos a\u00f1os, nos podemos encontrar con una situaci\u00f3n muy delicada\u00bb, concluye Juan A. Aguilar.<\/p>\n<hr \/>\n<p><em>Fuente: https:\/\/geoestrategia.es\/noticia\/42666\/ultimas-noticias\/el-plan-marruecos-2030:-ocupacion-de-ceuta-melilla-y-las-canarias.html<\/em><\/p>\n","protected":false},"excerpt":{"rendered":"<p>El plan se ejecutar\u00eda cuando Espa\u00f1a estuviese sufriendo una grave crisis, por terrorismo, desaf\u00edos independentistas, problemas pol\u00edticos que pusieran en duda la autoridad del rey y del Gobierno. En la imagen, Mohammed VI.<\/p>","protected":false},"author":15,"featured_media":59732,"comment_status":"closed","ping_status":"closed","sticky":false,"template":"","format":"standard","meta":{"footnotes":""},"categories":[58],"tags":[],"class_list":["post-59730","post","type-post","status-publish","format-standard","has-post-thumbnail","hentry","category-estado-espanol"],"yoast_head":"<!-- This site is optimized with the Yoast SEO plugin v27.5 - https:\/\/yoast.com\/product\/yoast-seo-wordpress\/ -->\n<title>El plan Marruecos 2030: ocupaci\u00f3n de Ceuta, Melilla y las Canarias - Revista Rambla<\/title>\n<meta name=\"description\" content=\"En marcha la operaci\u00f3n reconquista por los servicios de inteligencia de Marruecos para la ocupaci\u00f3n de Ceuta, Melilla y las Islas Canarias.\" \/>\n<meta name=\"robots\" content=\"index, follow, max-snippet:-1, max-image-preview:large, max-video-preview:-1\" \/>\n<link rel=\"canonical\" href=\"https:\/\/www.revistarambla.com\/en\/el-plan-marruecos-2030-ocupacion-de-ceuta-melilla-y-las-canarias\/\" \/>\n<meta property=\"og:locale\" content=\"en_GB\" \/>\n<meta property=\"og:type\" content=\"article\" \/>\n<meta property=\"og:title\" content=\"El plan Marruecos 2030: ocupaci\u00f3n de Ceuta, Melilla y las Canarias - Revista Rambla\" \/>\n<meta property=\"og:description\" content=\"En marcha la operaci\u00f3n reconquista por los servicios de inteligencia de Marruecos para la ocupaci\u00f3n de Ceuta, Melilla y las Islas Canarias.\" \/>\n<meta property=\"og:url\" content=\"https:\/\/www.revistarambla.com\/en\/el-plan-marruecos-2030-ocupacion-de-ceuta-melilla-y-las-canarias\/\" \/>\n<meta property=\"og:site_name\" content=\"Revista Rambla\" \/>\n<meta property=\"article:publisher\" content=\"https:\/\/www.facebook.com\/revistarambla\/\" \/>\n<meta property=\"article:published_time\" content=\"2024-04-26T10:29:40+00:00\" \/>\n<meta property=\"article:modified_time\" content=\"2024-04-26T10:41:14+00:00\" \/>\n<meta property=\"og:image\" content=\"https:\/\/www.revistarambla.com\/wp-content\/uploads\/2024\/04\/mohamed-vi-terremoto.jpg\" \/>\n\t<meta property=\"og:image:width\" content=\"1920\" \/>\n\t<meta property=\"og:image:height\" content=\"1280\" \/>\n\t<meta property=\"og:image:type\" content=\"image\/jpeg\" \/>\n<meta name=\"author\" content=\"Geoestrategia.es\" \/>\n<meta name=\"twitter:card\" content=\"summary_large_image\" \/>\n<meta name=\"twitter:creator\" content=\"@revistarambla\" \/>\n<meta name=\"twitter:site\" content=\"@revistarambla\" \/>\n<meta name=\"twitter:label1\" content=\"Written by\" \/>\n\t<meta name=\"twitter:data1\" content=\"Geoestrategia.es\" \/>\n\t<meta name=\"twitter:label2\" content=\"Estimated reading time\" \/>\n\t<meta name=\"twitter:data2\" content=\"19 minutes\" \/>\n<script type=\"application\/ld+json\" class=\"yoast-schema-graph\">{\"@context\":\"https:\\\/\\\/schema.org\",\"@graph\":[{\"@type\":\"Article\",\"@id\":\"https:\\\/\\\/www.revistarambla.com\\\/el-plan-marruecos-2030-ocupacion-de-ceuta-melilla-y-las-canarias\\\/#article\",\"isPartOf\":{\"@id\":\"https:\\\/\\\/www.revistarambla.com\\\/el-plan-marruecos-2030-ocupacion-de-ceuta-melilla-y-las-canarias\\\/\"},\"author\":{\"name\":\"Geoestrategia.es\",\"@id\":\"https:\\\/\\\/www.revistarambla.com\\\/#\\\/schema\\\/person\\\/2b19179a8ace334b829ad72cc6e6ce97\"},\"headline\":\"El plan Marruecos 2030: ocupaci\u00f3n de Ceuta, Melilla y las Canarias\",\"datePublished\":\"2024-04-26T10:29:40+00:00\",\"dateModified\":\"2024-04-26T10:41:14+00:00\",\"mainEntityOfPage\":{\"@id\":\"https:\\\/\\\/www.revistarambla.com\\\/el-plan-marruecos-2030-ocupacion-de-ceuta-melilla-y-las-canarias\\\/\"},\"wordCount\":4380,\"publisher\":{\"@id\":\"https:\\\/\\\/www.revistarambla.com\\\/#organization\"},\"image\":{\"@id\":\"https:\\\/\\\/www.revistarambla.com\\\/el-plan-marruecos-2030-ocupacion-de-ceuta-melilla-y-las-canarias\\\/#primaryimage\"},\"thumbnailUrl\":\"https:\\\/\\\/www.revistarambla.com\\\/wp-content\\\/uploads\\\/2024\\\/04\\\/mohamed-vi-terremoto.jpg\",\"articleSection\":[\"Estado Espa\u00f1ol\"],\"inLanguage\":\"en-GB\"},{\"@type\":\"WebPage\",\"@id\":\"https:\\\/\\\/www.revistarambla.com\\\/el-plan-marruecos-2030-ocupacion-de-ceuta-melilla-y-las-canarias\\\/\",\"url\":\"https:\\\/\\\/www.revistarambla.com\\\/el-plan-marruecos-2030-ocupacion-de-ceuta-melilla-y-las-canarias\\\/\",\"name\":\"El plan Marruecos 2030: ocupaci\u00f3n de Ceuta, Melilla y las Canarias - Revista Rambla\",\"isPartOf\":{\"@id\":\"https:\\\/\\\/www.revistarambla.com\\\/#website\"},\"primaryImageOfPage\":{\"@id\":\"https:\\\/\\\/www.revistarambla.com\\\/el-plan-marruecos-2030-ocupacion-de-ceuta-melilla-y-las-canarias\\\/#primaryimage\"},\"image\":{\"@id\":\"https:\\\/\\\/www.revistarambla.com\\\/el-plan-marruecos-2030-ocupacion-de-ceuta-melilla-y-las-canarias\\\/#primaryimage\"},\"thumbnailUrl\":\"https:\\\/\\\/www.revistarambla.com\\\/wp-content\\\/uploads\\\/2024\\\/04\\\/mohamed-vi-terremoto.jpg\",\"datePublished\":\"2024-04-26T10:29:40+00:00\",\"dateModified\":\"2024-04-26T10:41:14+00:00\",\"description\":\"En marcha la operaci\u00f3n reconquista por los servicios de inteligencia de Marruecos para la ocupaci\u00f3n de Ceuta, Melilla y las Islas Canarias.\",\"breadcrumb\":{\"@id\":\"https:\\\/\\\/www.revistarambla.com\\\/el-plan-marruecos-2030-ocupacion-de-ceuta-melilla-y-las-canarias\\\/#breadcrumb\"},\"inLanguage\":\"en-GB\",\"potentialAction\":[{\"@type\":\"ReadAction\",\"target\":[\"https:\\\/\\\/www.revistarambla.com\\\/el-plan-marruecos-2030-ocupacion-de-ceuta-melilla-y-las-canarias\\\/\"]}]},{\"@type\":\"ImageObject\",\"inLanguage\":\"en-GB\",\"@id\":\"https:\\\/\\\/www.revistarambla.com\\\/el-plan-marruecos-2030-ocupacion-de-ceuta-melilla-y-las-canarias\\\/#primaryimage\",\"url\":\"https:\\\/\\\/www.revistarambla.com\\\/wp-content\\\/uploads\\\/2024\\\/04\\\/mohamed-vi-terremoto.jpg\",\"contentUrl\":\"https:\\\/\\\/www.revistarambla.com\\\/wp-content\\\/uploads\\\/2024\\\/04\\\/mohamed-vi-terremoto.jpg\",\"width\":1920,\"height\":1280,\"caption\":\"Marruecos Ceuta Melilla Canarias ocupaci\u00f3n reconquista\"},{\"@type\":\"BreadcrumbList\",\"@id\":\"https:\\\/\\\/www.revistarambla.com\\\/el-plan-marruecos-2030-ocupacion-de-ceuta-melilla-y-las-canarias\\\/#breadcrumb\",\"itemListElement\":[{\"@type\":\"ListItem\",\"position\":1,\"name\":\"Portada\",\"item\":\"https:\\\/\\\/www.revistarambla.com\\\/\"},{\"@type\":\"ListItem\",\"position\":2,\"name\":\"El plan Marruecos 2030: ocupaci\u00f3n de Ceuta, Melilla y las Canarias\"}]},{\"@type\":\"WebSite\",\"@id\":\"https:\\\/\\\/www.revistarambla.com\\\/#website\",\"url\":\"https:\\\/\\\/www.revistarambla.com\\\/\",\"name\":\"Revista Rambla Barcelona\",\"description\":\"Periodismo independiente\",\"publisher\":{\"@id\":\"https:\\\/\\\/www.revistarambla.com\\\/#organization\"},\"potentialAction\":[{\"@type\":\"SearchAction\",\"target\":{\"@type\":\"EntryPoint\",\"urlTemplate\":\"https:\\\/\\\/www.revistarambla.com\\\/?s={search_term_string}\"},\"query-input\":{\"@type\":\"PropertyValueSpecification\",\"valueRequired\":true,\"valueName\":\"search_term_string\"}}],\"inLanguage\":\"en-GB\"},{\"@type\":\"Organization\",\"@id\":\"https:\\\/\\\/www.revistarambla.com\\\/#organization\",\"name\":\"Revista Rambla\",\"url\":\"https:\\\/\\\/www.revistarambla.com\\\/\",\"logo\":{\"@type\":\"ImageObject\",\"inLanguage\":\"en-GB\",\"@id\":\"https:\\\/\\\/www.revistarambla.com\\\/#\\\/schema\\\/logo\\\/image\\\/\",\"url\":\"https:\\\/\\\/www.revistarambla.com\\\/wp-content\\\/uploads\\\/2020\\\/09\\\/banner_rambla_1900x600_BB.png\",\"contentUrl\":\"https:\\\/\\\/www.revistarambla.com\\\/wp-content\\\/uploads\\\/2020\\\/09\\\/banner_rambla_1900x600_BB.png\",\"width\":1900,\"height\":600,\"caption\":\"Revista Rambla\"},\"image\":{\"@id\":\"https:\\\/\\\/www.revistarambla.com\\\/#\\\/schema\\\/logo\\\/image\\\/\"},\"sameAs\":[\"https:\\\/\\\/www.facebook.com\\\/revistarambla\\\/\",\"https:\\\/\\\/x.com\\\/revistarambla\",\"https:\\\/\\\/www.instagram.com\\\/revista_rambla\",\"https:\\\/\\\/es.linkedin.com\\\/company\\\/revista-rambla\"]},{\"@type\":\"Person\",\"@id\":\"https:\\\/\\\/www.revistarambla.com\\\/#\\\/schema\\\/person\\\/2b19179a8ace334b829ad72cc6e6ce97\",\"name\":\"Geoestrategia.es\"}]}<\/script>\n<!-- \/ Yoast SEO plugin. -->","yoast_head_json":{"title":"El plan Marruecos 2030: ocupaci\u00f3n de Ceuta, Melilla y las Canarias - Revista Rambla","description":"En marcha la operaci\u00f3n reconquista por los servicios de inteligencia de Marruecos para la ocupaci\u00f3n de Ceuta, Melilla y las Islas Canarias.","robots":{"index":"index","follow":"follow","max-snippet":"max-snippet:-1","max-image-preview":"max-image-preview:large","max-video-preview":"max-video-preview:-1"},"canonical":"https:\/\/www.revistarambla.com\/en\/el-plan-marruecos-2030-ocupacion-de-ceuta-melilla-y-las-canarias\/","og_locale":"en_GB","og_type":"article","og_title":"El plan Marruecos 2030: ocupaci\u00f3n de Ceuta, Melilla y las Canarias - Revista Rambla","og_description":"En marcha la operaci\u00f3n reconquista por los servicios de inteligencia de Marruecos para la ocupaci\u00f3n de Ceuta, Melilla y las Islas Canarias.","og_url":"https:\/\/www.revistarambla.com\/en\/el-plan-marruecos-2030-ocupacion-de-ceuta-melilla-y-las-canarias\/","og_site_name":"Revista Rambla","article_publisher":"https:\/\/www.facebook.com\/revistarambla\/","article_published_time":"2024-04-26T10:29:40+00:00","article_modified_time":"2024-04-26T10:41:14+00:00","og_image":[{"width":1920,"height":1280,"url":"https:\/\/www.revistarambla.com\/wp-content\/uploads\/2024\/04\/mohamed-vi-terremoto.jpg","type":"image\/jpeg"}],"author":"Geoestrategia.es","twitter_card":"summary_large_image","twitter_creator":"@revistarambla","twitter_site":"@revistarambla","twitter_misc":{"Written by":"Geoestrategia.es","Estimated reading time":"19 minutes"},"schema":{"@context":"https:\/\/schema.org","@graph":[{"@type":"Article","@id":"https:\/\/www.revistarambla.com\/el-plan-marruecos-2030-ocupacion-de-ceuta-melilla-y-las-canarias\/#article","isPartOf":{"@id":"https:\/\/www.revistarambla.com\/el-plan-marruecos-2030-ocupacion-de-ceuta-melilla-y-las-canarias\/"},"author":{"name":"Geoestrategia.es","@id":"https:\/\/www.revistarambla.com\/#\/schema\/person\/2b19179a8ace334b829ad72cc6e6ce97"},"headline":"El plan Marruecos 2030: ocupaci\u00f3n de Ceuta, Melilla y las Canarias","datePublished":"2024-04-26T10:29:40+00:00","dateModified":"2024-04-26T10:41:14+00:00","mainEntityOfPage":{"@id":"https:\/\/www.revistarambla.com\/el-plan-marruecos-2030-ocupacion-de-ceuta-melilla-y-las-canarias\/"},"wordCount":4380,"publisher":{"@id":"https:\/\/www.revistarambla.com\/#organization"},"image":{"@id":"https:\/\/www.revistarambla.com\/el-plan-marruecos-2030-ocupacion-de-ceuta-melilla-y-las-canarias\/#primaryimage"},"thumbnailUrl":"https:\/\/www.revistarambla.com\/wp-content\/uploads\/2024\/04\/mohamed-vi-terremoto.jpg","articleSection":["Estado Espa\u00f1ol"],"inLanguage":"en-GB"},{"@type":"WebPage","@id":"https:\/\/www.revistarambla.com\/el-plan-marruecos-2030-ocupacion-de-ceuta-melilla-y-las-canarias\/","url":"https:\/\/www.revistarambla.com\/el-plan-marruecos-2030-ocupacion-de-ceuta-melilla-y-las-canarias\/","name":"El plan Marruecos 2030: ocupaci\u00f3n de Ceuta, Melilla y las Canarias - Revista Rambla","isPartOf":{"@id":"https:\/\/www.revistarambla.com\/#website"},"primaryImageOfPage":{"@id":"https:\/\/www.revistarambla.com\/el-plan-marruecos-2030-ocupacion-de-ceuta-melilla-y-las-canarias\/#primaryimage"},"image":{"@id":"https:\/\/www.revistarambla.com\/el-plan-marruecos-2030-ocupacion-de-ceuta-melilla-y-las-canarias\/#primaryimage"},"thumbnailUrl":"https:\/\/www.revistarambla.com\/wp-content\/uploads\/2024\/04\/mohamed-vi-terremoto.jpg","datePublished":"2024-04-26T10:29:40+00:00","dateModified":"2024-04-26T10:41:14+00:00","description":"En marcha la operaci\u00f3n reconquista por los servicios de inteligencia de Marruecos para la ocupaci\u00f3n de Ceuta, Melilla y las Islas Canarias.","breadcrumb":{"@id":"https:\/\/www.revistarambla.com\/el-plan-marruecos-2030-ocupacion-de-ceuta-melilla-y-las-canarias\/#breadcrumb"},"inLanguage":"en-GB","potentialAction":[{"@type":"ReadAction","target":["https:\/\/www.revistarambla.com\/el-plan-marruecos-2030-ocupacion-de-ceuta-melilla-y-las-canarias\/"]}]},{"@type":"ImageObject","inLanguage":"en-GB","@id":"https:\/\/www.revistarambla.com\/el-plan-marruecos-2030-ocupacion-de-ceuta-melilla-y-las-canarias\/#primaryimage","url":"https:\/\/www.revistarambla.com\/wp-content\/uploads\/2024\/04\/mohamed-vi-terremoto.jpg","contentUrl":"https:\/\/www.revistarambla.com\/wp-content\/uploads\/2024\/04\/mohamed-vi-terremoto.jpg","width":1920,"height":1280,"caption":"Marruecos Ceuta Melilla Canarias ocupaci\u00f3n reconquista"},{"@type":"BreadcrumbList","@id":"https:\/\/www.revistarambla.com\/el-plan-marruecos-2030-ocupacion-de-ceuta-melilla-y-las-canarias\/#breadcrumb","itemListElement":[{"@type":"ListItem","position":1,"name":"Portada","item":"https:\/\/www.revistarambla.com\/"},{"@type":"ListItem","position":2,"name":"El plan Marruecos 2030: ocupaci\u00f3n de Ceuta, Melilla y las Canarias"}]},{"@type":"WebSite","@id":"https:\/\/www.revistarambla.com\/#website","url":"https:\/\/www.revistarambla.com\/","name":"Revista Rambla Barcelona","description":"Periodismo independiente","publisher":{"@id":"https:\/\/www.revistarambla.com\/#organization"},"potentialAction":[{"@type":"SearchAction","target":{"@type":"EntryPoint","urlTemplate":"https:\/\/www.revistarambla.com\/?s={search_term_string}"},"query-input":{"@type":"PropertyValueSpecification","valueRequired":true,"valueName":"search_term_string"}}],"inLanguage":"en-GB"},{"@type":"Organization","@id":"https:\/\/www.revistarambla.com\/#organization","name":"Revista Rambla","url":"https:\/\/www.revistarambla.com\/","logo":{"@type":"ImageObject","inLanguage":"en-GB","@id":"https:\/\/www.revistarambla.com\/#\/schema\/logo\/image\/","url":"https:\/\/www.revistarambla.com\/wp-content\/uploads\/2020\/09\/banner_rambla_1900x600_BB.png","contentUrl":"https:\/\/www.revistarambla.com\/wp-content\/uploads\/2020\/09\/banner_rambla_1900x600_BB.png","width":1900,"height":600,"caption":"Revista Rambla"},"image":{"@id":"https:\/\/www.revistarambla.com\/#\/schema\/logo\/image\/"},"sameAs":["https:\/\/www.facebook.com\/revistarambla\/","https:\/\/x.com\/revistarambla","https:\/\/www.instagram.com\/revista_rambla","https:\/\/es.linkedin.com\/company\/revista-rambla"]},{"@type":"Person","@id":"https:\/\/www.revistarambla.com\/#\/schema\/person\/2b19179a8ace334b829ad72cc6e6ce97","name":"Geoestrategia.es"}]}},"_links":{"self":[{"href":"https:\/\/www.revistarambla.com\/en\/wp-json\/wp\/v2\/posts\/59730","targetHints":{"allow":["GET"]}}],"collection":[{"href":"https:\/\/www.revistarambla.com\/en\/wp-json\/wp\/v2\/posts"}],"about":[{"href":"https:\/\/www.revistarambla.com\/en\/wp-json\/wp\/v2\/types\/post"}],"author":[{"embeddable":true,"href":"https:\/\/www.revistarambla.com\/en\/wp-json\/wp\/v2\/users\/15"}],"replies":[{"embeddable":true,"href":"https:\/\/www.revistarambla.com\/en\/wp-json\/wp\/v2\/comments?post=59730"}],"version-history":[{"count":4,"href":"https:\/\/www.revistarambla.com\/en\/wp-json\/wp\/v2\/posts\/59730\/revisions"}],"predecessor-version":[{"id":59735,"href":"https:\/\/www.revistarambla.com\/en\/wp-json\/wp\/v2\/posts\/59730\/revisions\/59735"}],"wp:featuredmedia":[{"embeddable":true,"href":"https:\/\/www.revistarambla.com\/en\/wp-json\/wp\/v2\/media\/59732"}],"wp:attachment":[{"href":"https:\/\/www.revistarambla.com\/en\/wp-json\/wp\/v2\/media?parent=59730"}],"wp:term":[{"taxonomy":"category","embeddable":true,"href":"https:\/\/www.revistarambla.com\/en\/wp-json\/wp\/v2\/categories?post=59730"},{"taxonomy":"post_tag","embeddable":true,"href":"https:\/\/www.revistarambla.com\/en\/wp-json\/wp\/v2\/tags?post=59730"}],"curies":[{"name":"wp","href":"https:\/\/api.w.org\/{rel}","templated":true}]}}