{"id":59655,"date":"2024-04-24T13:09:37","date_gmt":"2024-04-24T11:09:37","guid":{"rendered":"https:\/\/www.revistarambla.com\/?p=59655"},"modified":"2024-04-24T13:09:37","modified_gmt":"2024-04-24T11:09:37","slug":"netanyahu-y-la-limpieza-etnica-en-gaza","status":"publish","type":"post","link":"https:\/\/www.revistarambla.com\/en\/netanyahu-y-la-limpieza-etnica-en-gaza\/","title":{"rendered":"Netanyahu y la limpieza \u00e9tnica en Gaza"},"content":{"rendered":"<p>La creciente desafecci\u00f3n de la sociedad israel\u00ed respecto a Netanyahu debido a su nefasta gesti\u00f3n de la crisis con Ham\u00e1s y a su nulo inter\u00e9s por rescatar con vida a los rehenes<!--more--> jud\u00edos habr\u00eda provocado la ca\u00edda de su popularidad hasta m\u00ednimos y seg\u00fan la \u00faltima media de las encuestas electorales, el Likud de Netanyahu ser\u00eda apeado del Poder en caso de nuevas Elecciones.<\/p>\n<p>Netanyahu ser\u00eda consciente de su precaria situaci\u00f3n pol\u00edtica y judicial, por lo que sirvi\u00e9ndose de la dictadura invisible del temor al Tercer Holocausto, proceda de Ham\u00e1s, de Hezbol\u00e1 o de Ir\u00e1n, aprovech\u00f3 la cruenta ofensiva de Ham\u00e1s para declarar el Estado de Guerra (defensa de la seguridad de Israel) y desencadenar una demoledora ofensiva en la Franja de Gaza que le permitiera aplazar el proceso judicial en el que est\u00e1 acusado de soborno, fraude y abuso de confianza as\u00ed como una posible condena por cr\u00edmenes de lesa humanidad tras el genocidio de Gaza.<\/p>\n<p>As\u00ed, el ataque israel\u00ed al consulado iran\u00ed en Damasco que habr\u00eda provocado seg\u00fan la agencia siria SANA la muerte de tres altos comandantes de la Guardia Revolucionar\u00eda Iran\u00ed, entre los que se encontrar\u00eda el General de Brigada Mohamed Reda al Zahedi aunado con los \u00faltimos atentados en el L\u00edbano contra dirigentes de Hamas, fueron el cebo israel\u00ed para provocar la entrada de Ir\u00e1n en el conflicto b\u00e9lico y tras la respuesta limitada de Ir\u00e1n al ataque israel\u00ed al consulado iran\u00ed de Damasco, asistimos a la contrarr\u00e9plica israel\u00ed .<\/p>\n<p>Seg\u00fan el diario israel\u00ed, <em>The Jerusalem Post<\/em>, el objetivo de dicho ataque habr\u00eda sido \u00abel sistema de defensa a\u00e9rea S-300 de Ir\u00e1n\u00bb, el sistema antia\u00e9reo m\u00e1s avanzado de las fuerzas iran\u00edes y un sistema radar que seg\u00fan dicho diario \u00abhabr\u00eda sido destruido por misiles bal\u00edsticos lanzados desde fuera del espacio a\u00e9reo iran\u00ed\u00bb.<\/p>\n<p>Seg\u00fan <em>The New York Times<\/em>, el plan inicial de represalia de Israel contra Ir\u00e1n inclu\u00eda un ataque a mayor escala que tendr\u00eda como objetivo importantes objetos militares en Ir\u00e1n, incluso cerca de la capital, Teher\u00e1n, pero Netanyahu tom\u00f3 la decisi\u00f3n de reducir el ataque debido a la presi\u00f3n del Presidente Joe Biden que buscaba evitar una mayor escalada regional.<\/p>\n<p>Finalmente, seg\u00fan publica el portal Axios, Netanyahu habr\u00eda negociado con Estados Unidos \u00abla entrada militar en Rafah, en el sur de la Franja, a cambio de contenci\u00f3n en la respuesta militar israel\u00ed al ataque de Ir\u00e1n\u00bb,\u00a0 extremo que habr\u00eda sido confirmado por fuentes militares estadounidenses.<\/p>\n<h2>\u00bfCulminaci\u00f3n de la limpieza \u00e9tnica en Gaza?<\/h2>\n<p>Tras el castigo asim\u00e9trico infligido por Israel, toda la infraestructura b\u00e1sica, escuelas, mezquitas, hospitales y el 90% de los edificios de Gaza habr\u00edan sido arrasados por los bombardeos sistem\u00e1ticos de la aviaci\u00f3n con el resultado de m\u00e1s de 34.000 v\u00edctimas civiles palestinas y varios miles m\u00e1s enterrados entre los escombros.<\/p>\n<p>El verdadero objetivo de la <a href=\"https:\/\/www.revistarambla.com\/en\/gaza-un-genocidio-anunciado\/\">campa\u00f1a militar<\/a> de Gaza ser\u00eda provocar una segunda Nakba en la que 1,5 millones de palestinos se vieran obligados a abandonar una Gaza convertida en un amasijo de escombros y restos humanos que imposibilitar\u00eda el retorno de la poblaci\u00f3n gazat\u00ed desplazada y confinada en el campo de concentraci\u00f3n al aire libre ubicado en Rafah, situaci\u00f3n descrita por el alto Comisionado para los DD. HH. de la ONU, Volker T\u00fcrk como \u00abapocal\u00edptica\u00bb, al tiempo que advert\u00eda \u00abdel creciente riesgo de genocidio\u00bb.<\/p>\n<p>Dicho confinamiento forzoso de la poblaci\u00f3n gazat\u00ed ser\u00eda una medida de presi\u00f3n para que Egipto abra su frontera y los palestinos queden asentados en la Pen\u00ednsula del Sina\u00ed, tras lo cual Israel proceder\u00eda a la Declaraci\u00f3n unilateral de la soberan\u00eda sobre Gaza y sus zonas mar\u00edtimas.<\/p>\n<p>Para completar la limpieza \u00e9tnica de Gaza, <a href=\"https:\/\/www.revistarambla.com\/en\/la-estirpe-del-asesino\/\">Netanyahu<\/a> habr\u00eda ordenado el asalto final a Rafah, previo desalojo de los miles de gazat\u00edes all\u00ed recluidos, operaci\u00f3n militar que EE. UU. habr\u00eda aceptado como mal menor a\u00fan a sabiendas de que dicha operaci\u00f3n se podr\u00eda saldar con una nueva masacre de civiles. As\u00ed, seg\u00fan ha informado la Radio P\u00fablica Hebrea, \u00abIsrael se prepara para ampliar una zona humanitaria en la Franja de Gaza en preparaci\u00f3n para un posible ataque contra la ciudad fronteriza de Rafah\u00bb. Seg\u00fan dicha emisora, la nueva zona humanitaria se extender\u00eda desde la ciudad meridional de Al-Mawasi, a lo largo de la franja costera, hasta las afueras de Deir al-Balah, en el centro de la Franja de Gaza, y podr\u00eda acoger a cerca de un mill\u00f3n de gazat\u00edes.<\/p>\n<h2>\u00bfAcuerdo con Egipto para aceptar a los gazat\u00edes?<\/h2>\n<p>Egipto ser\u00eda un pa\u00eds pobre de iure y depender\u00eda enteramente de los pr\u00e9stamos internacionales del FMI y los Estados del Golfo P\u00e9rsico. As\u00ed, la deuda de Egipto con el Banco Mundial ser\u00eda superior a los 164.000 millones d\u00f3lares en junio de 2023, pero se estar\u00eda incrementando, pues sus tradicionales fuentes de ingresos como el turismo y las tasas por atravesar el canal de Suez habr\u00edan sufrido un notable recorte dada la inestabilidad geopol\u00edtica de la zona.<br \/>\nEn este contexto, un documento escrito por Gila Gamaliel, ministra de Inteligencia israel\u00ed y revelado por el peri\u00f3dico israel\u00ed Calcalist, suger\u00eda reubicar a los residentes de Gaza en el Sina\u00ed (Egipto) como una soluci\u00f3n \u00abque resultar\u00eda en positivos resultados estrat\u00e9gicos a largo plazo\u00bb. As\u00ed, Netanyahu habr\u00eda mantenido conversaciones con el presidente egipcio al-Sisi para acoger a los habitantes de Gaza y asentarlos en el Sina\u00ed a cambio de la cancelaci\u00f3n de toda su Deuda.<\/p>\n<p>Seg\u00fan dicho Acuerdo, Israel con el apoyo econ\u00f3mico de EE. UU., Reino Unido y Alemania asumir\u00eda las deudas de Egipto con el FMI y el Banco Mundial, al tiempo que intentar\u00eda convencer a los pa\u00edses occidentales aliados para que condonen las deudas egipcias adquiridas con sus instituciones financieras y dada la asfixia econ\u00f3mica de Egipto, no ser\u00eda descartable que la presi\u00f3n financiera de los organismos internacionales acabe dando sus frutos, con lo que asistiremos a la Nakba 2.0 y al final del sue\u00f1o palestino de crear su propio Estado.<\/p>","protected":false},"excerpt":{"rendered":"<p>Para completar la limpieza \u00e9tnica de Gaza, Netanyahu habr\u00eda ordenado el asalto final a Rafah, previo desalojo de los miles de gazat\u00edes all\u00ed recluidos<\/p>","protected":false},"author":16,"featured_media":57398,"comment_status":"closed","ping_status":"closed","sticky":false,"template":"","format":"standard","meta":{"footnotes":""},"categories":[72],"tags":[],"class_list":["post-59655","post","type-post","status-publish","format-standard","has-post-thumbnail","hentry","category-opinion"],"yoast_head":"<!-- This site is optimized with the Yoast SEO plugin v27.5 - https:\/\/yoast.com\/product\/yoast-seo-wordpress\/ -->\n<title>Netanyahu y la limpieza \u00e9tnica en Gaza - Revista Rambla<\/title>\n<meta name=\"description\" content=\"Para completar la limpieza \u00e9tnica de Gaza, Netanyahu habr\u00eda ordenado el asalto final a Rafah, previo desalojo de los miles de gazat\u00edes.\" \/>\n<meta name=\"robots\" content=\"index, follow, max-snippet:-1, max-image-preview:large, max-video-preview:-1\" \/>\n<link rel=\"canonical\" href=\"https:\/\/www.revistarambla.com\/en\/netanyahu-y-la-limpieza-etnica-en-gaza\/\" \/>\n<meta property=\"og:locale\" content=\"en_GB\" \/>\n<meta property=\"og:type\" content=\"article\" \/>\n<meta property=\"og:title\" content=\"Netanyahu y la limpieza \u00e9tnica en Gaza - Revista Rambla\" \/>\n<meta property=\"og:description\" content=\"Para completar la limpieza \u00e9tnica de Gaza, Netanyahu habr\u00eda ordenado el asalto final a Rafah, previo desalojo de los miles de gazat\u00edes.\" \/>\n<meta property=\"og:url\" content=\"https:\/\/www.revistarambla.com\/en\/netanyahu-y-la-limpieza-etnica-en-gaza\/\" \/>\n<meta property=\"og:site_name\" content=\"Revista Rambla\" \/>\n<meta property=\"article:publisher\" content=\"https:\/\/www.facebook.com\/revistarambla\/\" \/>\n<meta property=\"article:published_time\" content=\"2024-04-24T11:09:37+00:00\" \/>\n<meta property=\"og:image\" content=\"https:\/\/www.revistarambla.com\/wp-content\/uploads\/2023\/11\/PALESTINA-GAZA.jpg\" \/>\n\t<meta property=\"og:image:width\" content=\"1104\" \/>\n\t<meta property=\"og:image:height\" content=\"622\" \/>\n\t<meta property=\"og:image:type\" content=\"image\/jpeg\" \/>\n<meta name=\"author\" content=\"Germ\u00e1n Gorraiz L\u00f3pez\" \/>\n<meta name=\"twitter:card\" content=\"summary_large_image\" \/>\n<meta name=\"twitter:creator\" content=\"@revistarambla\" \/>\n<meta name=\"twitter:site\" content=\"@revistarambla\" \/>\n<meta name=\"twitter:label1\" content=\"Written by\" \/>\n\t<meta name=\"twitter:data1\" content=\"Germ\u00e1n Gorraiz L\u00f3pez\" \/>\n\t<meta name=\"twitter:label2\" content=\"Estimated reading time\" \/>\n\t<meta name=\"twitter:data2\" content=\"5 minutes\" \/>\n<script type=\"application\/ld+json\" class=\"yoast-schema-graph\">{\"@context\":\"https:\\\/\\\/schema.org\",\"@graph\":[{\"@type\":\"Article\",\"@id\":\"https:\\\/\\\/www.revistarambla.com\\\/netanyahu-y-la-limpieza-etnica-en-gaza\\\/#article\",\"isPartOf\":{\"@id\":\"https:\\\/\\\/www.revistarambla.com\\\/netanyahu-y-la-limpieza-etnica-en-gaza\\\/\"},\"author\":{\"name\":\"Germ\u00e1n Gorraiz L\u00f3pez\",\"@id\":\"https:\\\/\\\/www.revistarambla.com\\\/#\\\/schema\\\/person\\\/23a7868ff10cd88f8fdb045c7b7e4a4d\"},\"headline\":\"Netanyahu y la limpieza \u00e9tnica en Gaza\",\"datePublished\":\"2024-04-24T11:09:37+00:00\",\"mainEntityOfPage\":{\"@id\":\"https:\\\/\\\/www.revistarambla.com\\\/netanyahu-y-la-limpieza-etnica-en-gaza\\\/\"},\"wordCount\":1084,\"publisher\":{\"@id\":\"https:\\\/\\\/www.revistarambla.com\\\/#organization\"},\"image\":{\"@id\":\"https:\\\/\\\/www.revistarambla.com\\\/netanyahu-y-la-limpieza-etnica-en-gaza\\\/#primaryimage\"},\"thumbnailUrl\":\"https:\\\/\\\/www.revistarambla.com\\\/wp-content\\\/uploads\\\/2023\\\/11\\\/PALESTINA-GAZA.jpg\",\"articleSection\":[\"Opiniones\"],\"inLanguage\":\"en-GB\"},{\"@type\":\"WebPage\",\"@id\":\"https:\\\/\\\/www.revistarambla.com\\\/netanyahu-y-la-limpieza-etnica-en-gaza\\\/\",\"url\":\"https:\\\/\\\/www.revistarambla.com\\\/netanyahu-y-la-limpieza-etnica-en-gaza\\\/\",\"name\":\"Netanyahu y la limpieza \u00e9tnica en Gaza - Revista Rambla\",\"isPartOf\":{\"@id\":\"https:\\\/\\\/www.revistarambla.com\\\/#website\"},\"primaryImageOfPage\":{\"@id\":\"https:\\\/\\\/www.revistarambla.com\\\/netanyahu-y-la-limpieza-etnica-en-gaza\\\/#primaryimage\"},\"image\":{\"@id\":\"https:\\\/\\\/www.revistarambla.com\\\/netanyahu-y-la-limpieza-etnica-en-gaza\\\/#primaryimage\"},\"thumbnailUrl\":\"https:\\\/\\\/www.revistarambla.com\\\/wp-content\\\/uploads\\\/2023\\\/11\\\/PALESTINA-GAZA.jpg\",\"datePublished\":\"2024-04-24T11:09:37+00:00\",\"description\":\"Para completar la limpieza \u00e9tnica de Gaza, Netanyahu habr\u00eda ordenado el asalto final a Rafah, previo desalojo de los miles de gazat\u00edes.\",\"breadcrumb\":{\"@id\":\"https:\\\/\\\/www.revistarambla.com\\\/netanyahu-y-la-limpieza-etnica-en-gaza\\\/#breadcrumb\"},\"inLanguage\":\"en-GB\",\"potentialAction\":[{\"@type\":\"ReadAction\",\"target\":[\"https:\\\/\\\/www.revistarambla.com\\\/netanyahu-y-la-limpieza-etnica-en-gaza\\\/\"]}]},{\"@type\":\"ImageObject\",\"inLanguage\":\"en-GB\",\"@id\":\"https:\\\/\\\/www.revistarambla.com\\\/netanyahu-y-la-limpieza-etnica-en-gaza\\\/#primaryimage\",\"url\":\"https:\\\/\\\/www.revistarambla.com\\\/wp-content\\\/uploads\\\/2023\\\/11\\\/PALESTINA-GAZA.jpg\",\"contentUrl\":\"https:\\\/\\\/www.revistarambla.com\\\/wp-content\\\/uploads\\\/2023\\\/11\\\/PALESTINA-GAZA.jpg\",\"width\":1104,\"height\":622,\"caption\":\"Limpieza \u00e9tnica gaza v\u00edctimas en gaza s\u00e1nchez\"},{\"@type\":\"BreadcrumbList\",\"@id\":\"https:\\\/\\\/www.revistarambla.com\\\/netanyahu-y-la-limpieza-etnica-en-gaza\\\/#breadcrumb\",\"itemListElement\":[{\"@type\":\"ListItem\",\"position\":1,\"name\":\"Portada\",\"item\":\"https:\\\/\\\/www.revistarambla.com\\\/\"},{\"@type\":\"ListItem\",\"position\":2,\"name\":\"Netanyahu y la limpieza \u00e9tnica en Gaza\"}]},{\"@type\":\"WebSite\",\"@id\":\"https:\\\/\\\/www.revistarambla.com\\\/#website\",\"url\":\"https:\\\/\\\/www.revistarambla.com\\\/\",\"name\":\"Revista Rambla Barcelona\",\"description\":\"Periodismo independiente\",\"publisher\":{\"@id\":\"https:\\\/\\\/www.revistarambla.com\\\/#organization\"},\"potentialAction\":[{\"@type\":\"SearchAction\",\"target\":{\"@type\":\"EntryPoint\",\"urlTemplate\":\"https:\\\/\\\/www.revistarambla.com\\\/?s={search_term_string}\"},\"query-input\":{\"@type\":\"PropertyValueSpecification\",\"valueRequired\":true,\"valueName\":\"search_term_string\"}}],\"inLanguage\":\"en-GB\"},{\"@type\":\"Organization\",\"@id\":\"https:\\\/\\\/www.revistarambla.com\\\/#organization\",\"name\":\"Revista Rambla\",\"url\":\"https:\\\/\\\/www.revistarambla.com\\\/\",\"logo\":{\"@type\":\"ImageObject\",\"inLanguage\":\"en-GB\",\"@id\":\"https:\\\/\\\/www.revistarambla.com\\\/#\\\/schema\\\/logo\\\/image\\\/\",\"url\":\"https:\\\/\\\/www.revistarambla.com\\\/wp-content\\\/uploads\\\/2020\\\/09\\\/banner_rambla_1900x600_BB.png\",\"contentUrl\":\"https:\\\/\\\/www.revistarambla.com\\\/wp-content\\\/uploads\\\/2020\\\/09\\\/banner_rambla_1900x600_BB.png\",\"width\":1900,\"height\":600,\"caption\":\"Revista Rambla\"},\"image\":{\"@id\":\"https:\\\/\\\/www.revistarambla.com\\\/#\\\/schema\\\/logo\\\/image\\\/\"},\"sameAs\":[\"https:\\\/\\\/www.facebook.com\\\/revistarambla\\\/\",\"https:\\\/\\\/x.com\\\/revistarambla\",\"https:\\\/\\\/www.instagram.com\\\/revista_rambla\",\"https:\\\/\\\/es.linkedin.com\\\/company\\\/revista-rambla\"]},{\"@type\":\"Person\",\"@id\":\"https:\\\/\\\/www.revistarambla.com\\\/#\\\/schema\\\/person\\\/23a7868ff10cd88f8fdb045c7b7e4a4d\",\"name\":\"Germ\u00e1n Gorraiz L\u00f3pez\",\"description\":\"Nacido en Navarra en 1957. Escribe an\u00e1lisis sobre temas econ\u00f3micos y geopol\u00edticos. Es miembro de Attac-Navarra. Colabora habitualmente en varios medios digitales e impresos espa\u00f1oles y latinoamericanos.\"}]}<\/script>\n<!-- \/ Yoast SEO plugin. -->","yoast_head_json":{"title":"Netanyahu y la limpieza \u00e9tnica en Gaza - Revista Rambla","description":"Para completar la limpieza \u00e9tnica de Gaza, Netanyahu habr\u00eda ordenado el asalto final a Rafah, previo desalojo de los miles de gazat\u00edes.","robots":{"index":"index","follow":"follow","max-snippet":"max-snippet:-1","max-image-preview":"max-image-preview:large","max-video-preview":"max-video-preview:-1"},"canonical":"https:\/\/www.revistarambla.com\/en\/netanyahu-y-la-limpieza-etnica-en-gaza\/","og_locale":"en_GB","og_type":"article","og_title":"Netanyahu y la limpieza \u00e9tnica en Gaza - Revista Rambla","og_description":"Para completar la limpieza \u00e9tnica de Gaza, Netanyahu habr\u00eda ordenado el asalto final a Rafah, previo desalojo de los miles de gazat\u00edes.","og_url":"https:\/\/www.revistarambla.com\/en\/netanyahu-y-la-limpieza-etnica-en-gaza\/","og_site_name":"Revista Rambla","article_publisher":"https:\/\/www.facebook.com\/revistarambla\/","article_published_time":"2024-04-24T11:09:37+00:00","og_image":[{"width":1104,"height":622,"url":"https:\/\/www.revistarambla.com\/wp-content\/uploads\/2023\/11\/PALESTINA-GAZA.jpg","type":"image\/jpeg"}],"author":"Germ\u00e1n Gorraiz L\u00f3pez","twitter_card":"summary_large_image","twitter_creator":"@revistarambla","twitter_site":"@revistarambla","twitter_misc":{"Written by":"Germ\u00e1n Gorraiz L\u00f3pez","Estimated reading time":"5 minutes"},"schema":{"@context":"https:\/\/schema.org","@graph":[{"@type":"Article","@id":"https:\/\/www.revistarambla.com\/netanyahu-y-la-limpieza-etnica-en-gaza\/#article","isPartOf":{"@id":"https:\/\/www.revistarambla.com\/netanyahu-y-la-limpieza-etnica-en-gaza\/"},"author":{"name":"Germ\u00e1n Gorraiz L\u00f3pez","@id":"https:\/\/www.revistarambla.com\/#\/schema\/person\/23a7868ff10cd88f8fdb045c7b7e4a4d"},"headline":"Netanyahu y la limpieza \u00e9tnica en Gaza","datePublished":"2024-04-24T11:09:37+00:00","mainEntityOfPage":{"@id":"https:\/\/www.revistarambla.com\/netanyahu-y-la-limpieza-etnica-en-gaza\/"},"wordCount":1084,"publisher":{"@id":"https:\/\/www.revistarambla.com\/#organization"},"image":{"@id":"https:\/\/www.revistarambla.com\/netanyahu-y-la-limpieza-etnica-en-gaza\/#primaryimage"},"thumbnailUrl":"https:\/\/www.revistarambla.com\/wp-content\/uploads\/2023\/11\/PALESTINA-GAZA.jpg","articleSection":["Opiniones"],"inLanguage":"en-GB"},{"@type":"WebPage","@id":"https:\/\/www.revistarambla.com\/netanyahu-y-la-limpieza-etnica-en-gaza\/","url":"https:\/\/www.revistarambla.com\/netanyahu-y-la-limpieza-etnica-en-gaza\/","name":"Netanyahu y la limpieza \u00e9tnica en Gaza - Revista Rambla","isPartOf":{"@id":"https:\/\/www.revistarambla.com\/#website"},"primaryImageOfPage":{"@id":"https:\/\/www.revistarambla.com\/netanyahu-y-la-limpieza-etnica-en-gaza\/#primaryimage"},"image":{"@id":"https:\/\/www.revistarambla.com\/netanyahu-y-la-limpieza-etnica-en-gaza\/#primaryimage"},"thumbnailUrl":"https:\/\/www.revistarambla.com\/wp-content\/uploads\/2023\/11\/PALESTINA-GAZA.jpg","datePublished":"2024-04-24T11:09:37+00:00","description":"Para completar la limpieza \u00e9tnica de Gaza, Netanyahu habr\u00eda ordenado el asalto final a Rafah, previo desalojo de los miles de gazat\u00edes.","breadcrumb":{"@id":"https:\/\/www.revistarambla.com\/netanyahu-y-la-limpieza-etnica-en-gaza\/#breadcrumb"},"inLanguage":"en-GB","potentialAction":[{"@type":"ReadAction","target":["https:\/\/www.revistarambla.com\/netanyahu-y-la-limpieza-etnica-en-gaza\/"]}]},{"@type":"ImageObject","inLanguage":"en-GB","@id":"https:\/\/www.revistarambla.com\/netanyahu-y-la-limpieza-etnica-en-gaza\/#primaryimage","url":"https:\/\/www.revistarambla.com\/wp-content\/uploads\/2023\/11\/PALESTINA-GAZA.jpg","contentUrl":"https:\/\/www.revistarambla.com\/wp-content\/uploads\/2023\/11\/PALESTINA-GAZA.jpg","width":1104,"height":622,"caption":"Limpieza \u00e9tnica gaza v\u00edctimas en gaza s\u00e1nchez"},{"@type":"BreadcrumbList","@id":"https:\/\/www.revistarambla.com\/netanyahu-y-la-limpieza-etnica-en-gaza\/#breadcrumb","itemListElement":[{"@type":"ListItem","position":1,"name":"Portada","item":"https:\/\/www.revistarambla.com\/"},{"@type":"ListItem","position":2,"name":"Netanyahu y la limpieza \u00e9tnica en Gaza"}]},{"@type":"WebSite","@id":"https:\/\/www.revistarambla.com\/#website","url":"https:\/\/www.revistarambla.com\/","name":"Revista Rambla Barcelona","description":"Periodismo independiente","publisher":{"@id":"https:\/\/www.revistarambla.com\/#organization"},"potentialAction":[{"@type":"SearchAction","target":{"@type":"EntryPoint","urlTemplate":"https:\/\/www.revistarambla.com\/?s={search_term_string}"},"query-input":{"@type":"PropertyValueSpecification","valueRequired":true,"valueName":"search_term_string"}}],"inLanguage":"en-GB"},{"@type":"Organization","@id":"https:\/\/www.revistarambla.com\/#organization","name":"Revista Rambla","url":"https:\/\/www.revistarambla.com\/","logo":{"@type":"ImageObject","inLanguage":"en-GB","@id":"https:\/\/www.revistarambla.com\/#\/schema\/logo\/image\/","url":"https:\/\/www.revistarambla.com\/wp-content\/uploads\/2020\/09\/banner_rambla_1900x600_BB.png","contentUrl":"https:\/\/www.revistarambla.com\/wp-content\/uploads\/2020\/09\/banner_rambla_1900x600_BB.png","width":1900,"height":600,"caption":"Revista Rambla"},"image":{"@id":"https:\/\/www.revistarambla.com\/#\/schema\/logo\/image\/"},"sameAs":["https:\/\/www.facebook.com\/revistarambla\/","https:\/\/x.com\/revistarambla","https:\/\/www.instagram.com\/revista_rambla","https:\/\/es.linkedin.com\/company\/revista-rambla"]},{"@type":"Person","@id":"https:\/\/www.revistarambla.com\/#\/schema\/person\/23a7868ff10cd88f8fdb045c7b7e4a4d","name":"Germ\u00e1n Gorraiz L\u00f3pez","description":"Nacido en Navarra en 1957. Escribe an\u00e1lisis sobre temas econ\u00f3micos y geopol\u00edticos. Es miembro de Attac-Navarra. Colabora habitualmente en varios medios digitales e impresos espa\u00f1oles y latinoamericanos."}]}},"_links":{"self":[{"href":"https:\/\/www.revistarambla.com\/en\/wp-json\/wp\/v2\/posts\/59655","targetHints":{"allow":["GET"]}}],"collection":[{"href":"https:\/\/www.revistarambla.com\/en\/wp-json\/wp\/v2\/posts"}],"about":[{"href":"https:\/\/www.revistarambla.com\/en\/wp-json\/wp\/v2\/types\/post"}],"author":[{"embeddable":true,"href":"https:\/\/www.revistarambla.com\/en\/wp-json\/wp\/v2\/users\/16"}],"replies":[{"embeddable":true,"href":"https:\/\/www.revistarambla.com\/en\/wp-json\/wp\/v2\/comments?post=59655"}],"version-history":[{"count":1,"href":"https:\/\/www.revistarambla.com\/en\/wp-json\/wp\/v2\/posts\/59655\/revisions"}],"predecessor-version":[{"id":59656,"href":"https:\/\/www.revistarambla.com\/en\/wp-json\/wp\/v2\/posts\/59655\/revisions\/59656"}],"wp:featuredmedia":[{"embeddable":true,"href":"https:\/\/www.revistarambla.com\/en\/wp-json\/wp\/v2\/media\/57398"}],"wp:attachment":[{"href":"https:\/\/www.revistarambla.com\/en\/wp-json\/wp\/v2\/media?parent=59655"}],"wp:term":[{"taxonomy":"category","embeddable":true,"href":"https:\/\/www.revistarambla.com\/en\/wp-json\/wp\/v2\/categories?post=59655"},{"taxonomy":"post_tag","embeddable":true,"href":"https:\/\/www.revistarambla.com\/en\/wp-json\/wp\/v2\/tags?post=59655"}],"curies":[{"name":"wp","href":"https:\/\/api.w.org\/{rel}","templated":true}]}}