{"id":59590,"date":"2024-04-22T16:49:56","date_gmt":"2024-04-22T14:49:56","guid":{"rendered":"https:\/\/www.revistarambla.com\/?p=59590"},"modified":"2024-04-22T16:51:00","modified_gmt":"2024-04-22T14:51:00","slug":"sant-jordi-2024-recupera-la-rambla-como-espacio-central-de-la-fiesta-en-barcelona","status":"publish","type":"post","link":"https:\/\/www.revistarambla.com\/en\/sant-jordi-2024-recupera-la-rambla-como-espacio-central-de-la-fiesta-en-barcelona\/","title":{"rendered":"Sant Jordi 2024 recupera La Rambla como espacio central de la fiesta en Barcelona"},"content":{"rendered":"<p>Llega la fiesta de Sant Jordi y, este a\u00f1o 2024, La Rambla de <a href=\"https:\/\/www.revistarambla.com\/en\/actualidad\/barcelona\/\">Barcelona<\/a> volver\u00e1 a lucir con 97 paradas llenas de libros y con las paradas de flores de La Rambla llenas de rosas. Adem\u00e1s de un ambiente fant\u00e1stico, en La Rambla y en sus alrededores podr\u00e9is disfrutar de actividades, m\u00fasica, teatro, jornadas de puertas abiertas, exposiciones, ofertas en diferentes establecimientos como el Museo de Cera y el Acuario, men\u00fas especiales\u2026<\/p>\n<h2>Sant Jordi 2024 arranca en La Rambla de Barcelona<\/h2>\n<p>La fiesta arrancar\u00e1 en el Palacio de la Virreina con el desayuno de Sant Jordi, que contar\u00e1 con la presencia de representantes de los sectores de la edici\u00f3n, la escritura, el periodismo, los diferentes gremios vinculados con el mundo de las letras y de las asociaciones de escritores y escritoras.<\/p>\n<p>Durante el acto se celebrar\u00e1n los discursos de Jaume Collboni, alcalde de Barcelona, y Marta Pera, Premio Ciudad de Barcelona de Traducci\u00f3n en lengua catalana 2023. Una manera de significar tambi\u00e9n el gran momento de la traducci\u00f3n en la creaci\u00f3n literaria actual en un acto que marcar\u00e1 el punto de inicio de la fiesta.<\/p>\n<h2>Actividades para todo el mundo<\/h2>\n<p>Adem\u00e1s de <em>ramblear<\/em>, de escoger vuestros libros, conseguir firmas de autoras y autores y de comprar vuestras rosas, en La Rambla de Barcelona hay muchas actividades programadas para animaros a disfrutar de todo el que La Rambla ofrece.<\/p>\n<h3>Puertas Abiertas y descuentos<\/h3>\n<p>El Palau G\u00fcell ofrece, con motivo de la fiesta, una jornada de puertas abiertas de 10 a 20 h. Las entradas est\u00e1n disponibles en su p\u00e1gina web. El Ateneu Barcelon\u00e8s tambi\u00e9n abre las puertas de su jard\u00edn, donde de 12 h a 14 h se celebrar\u00e1 una lectura en voz alta. El Ateneu se podr\u00e1 visitar de 11 a 20 h. Otros establecimientos ofrecen descuentos para acceder a sus exposiciones: el Museo de Cera de Barcelona ofrece un 2 x1 y el Acuario de Barcelona entrada gratuita para menores de 10 a\u00f1os.<\/p>\n<h3>Exposiciones<\/h3>\n<p>En la Virreina Centro de la Imagen pod\u00e9is ver la exposici\u00f3n \u201cTotalmente Rostro de Valentina Alvarado Matos i Carlos V\u00e1squez M\u00e9ndez\u201d. En la Santa M\u00f2nica pod\u00e9is ver la exposici\u00f3n \u201cel otro lado\u201d. En el Museo Mar\u00edtimo de Barcelona pod\u00e9is disfrutar de \u201cSama-Bajau, n\u00f3madas del mar\u201d, \u201cMujeres mar adentro\u201d y \u201cAnimales a bordo\u201d.<\/p>\n<h3>Teatro<\/h3>\n<p>El Ateneu Barcelon\u00e8s organiza una tarde de teatro con una versi\u00f3n teatralizada del Cuaderno Gris. En el Teatro Poliorama pod\u00e9is ver \u201cDon Ram\u00f3n Mar\u00eda del <a href=\"https:\/\/www.revistarambla.com\/en\/entrevista-ramon-del-valle-inclan-novela-y-porvenir\/\">Valle-Incl\u00e1n<\/a> a trav\u00e9s de Ram\u00f3n G\u00f3mez de la Serna\u201d y en el Teatro Romea pod\u00e9is ver \u201cJaur\u00eda\u201d.<\/p>\n<h3>M\u00fasica<\/h3>\n<p>La m\u00fasica tambi\u00e9n ser\u00e1 protagonista del Sant Jordi en La Rambla con un recital de Alain Plan\u00e8s en la Sala Foyer del Gran Teatro del Liceu. En el Jamboree, los aficionados al jazz tienen una cita con el Felix Rossy Sextet. Ten\u00e9is tambi\u00e9n el mejor flamenco en el Tablao Flamenco Cordob\u00e9s.<\/p>\n<h3>M\u00e1s libros en el Sant Jordi de la Rambla de Barcelona<\/h3>\n<p>Adem\u00e1s de las paradas de libros de La Rambla, hay instituciones como la <a href=\"https:\/\/www.revistarambla.com\/en\/tercera-edicion-del-casa-asia-film-week-el-mejor-cine-asiatico-de-los-ultimos-anos\/\">Casa Asia<\/a>, el Centro Galego de Barcelona o el Santa M\u00f2nica que tendr\u00e1n paradas de libros y firmas de autoras y autores en La Rambla o cerca de La Rambla. El <a href=\"https:\/\/www.revistarambla.com\/en\/el-festival-del-pene-se-celebra-en-el-museo-de-la-erotica-de-barcelona\/\">Museo Er\u00f3tico<\/a> organiza una sesi\u00f3n de micr\u00f3fono abierto de literatura er\u00f3tica.<\/p>\n<p>Amics de La Rambla tambi\u00e9n tendr\u00e1 una parada de libros donde, entre otros, Tona Pous, vecina y socia de la entidad, firmar\u00e1 su \u201cEn un principal de La Rambla\u201d o el nuevo \u201cSilenciadas\u201d. La parada de Amics de La Rambla estar\u00e1 ante el Palacio de La Virreina.<\/p>\n<p>Las Tresines tambi\u00e9n estar\u00e1n presentes en La Rambla y sus personajes firmar\u00e1n libros a una de las paradas de flores.<\/p>\n<p>Men\u00fas de Sant Jordi<\/p>\n<p>Algunos de los restaurantes de La Rambla, como el Restaurante Nuria o el Restaurante Centonze de Le Meridien ofrecen un men\u00fa especial de Sant Jordi.<\/p>","protected":false},"excerpt":{"rendered":"<p>La Rambla estar\u00e1 llena de libros, con noventa y siete paradas, y de rosas de las floristas de La Rambla. Teatro, m\u00fasica, exposiciones, descuentos\u2026 Actividades de todo tipo son un aliciente m\u00e1s para ramblear<\/p>","protected":false},"author":3,"featured_media":59591,"comment_status":"closed","ping_status":"closed","sticky":false,"template":"","format":"standard","meta":{"footnotes":""},"categories":[4103],"tags":[],"class_list":["post-59590","post","type-post","status-publish","format-standard","has-post-thumbnail","hentry","category-mas-barcelona"],"yoast_head":"<!-- This site is optimized with the Yoast SEO plugin v27.5 - https:\/\/yoast.com\/product\/yoast-seo-wordpress\/ -->\n<title>Sant Jordi 2024 en la Rambla de Barcelona - Revista Rambla<\/title>\n<meta name=\"description\" content=\"Llega la fiesta de Sant Jordi 2024 y La Rambla de Barcelona volver\u00e1 a lucir con 97 paradas llenas de libros y con las paradas de flores.\" \/>\n<meta name=\"robots\" content=\"index, follow, max-snippet:-1, max-image-preview:large, max-video-preview:-1\" \/>\n<link rel=\"canonical\" href=\"https:\/\/www.revistarambla.com\/en\/sant-jordi-2024-recupera-la-rambla-como-espacio-central-de-la-fiesta-en-barcelona\/\" \/>\n<meta property=\"og:locale\" content=\"en_GB\" \/>\n<meta property=\"og:type\" content=\"article\" \/>\n<meta property=\"og:title\" content=\"Sant Jordi 2024 en la Rambla de Barcelona - Revista Rambla\" \/>\n<meta property=\"og:description\" content=\"Llega la fiesta de Sant Jordi 2024 y La Rambla de Barcelona volver\u00e1 a lucir con 97 paradas llenas de libros y con las paradas de flores.\" \/>\n<meta property=\"og:url\" content=\"https:\/\/www.revistarambla.com\/en\/sant-jordi-2024-recupera-la-rambla-como-espacio-central-de-la-fiesta-en-barcelona\/\" \/>\n<meta property=\"og:site_name\" content=\"Revista Rambla\" \/>\n<meta property=\"article:publisher\" content=\"https:\/\/www.facebook.com\/revistarambla\/\" \/>\n<meta property=\"article:author\" content=\"https:\/\/www.facebook.com\/revistarambla\" \/>\n<meta property=\"article:published_time\" content=\"2024-04-22T14:49:56+00:00\" \/>\n<meta property=\"article:modified_time\" content=\"2024-04-22T14:51:00+00:00\" \/>\n<meta property=\"og:image\" content=\"https:\/\/www.revistarambla.com\/wp-content\/uploads\/2024\/04\/rambla-barcelona-sant-jordi-turismo-gente-calles.jpg\" \/>\n\t<meta property=\"og:image:width\" content=\"1500\" \/>\n\t<meta property=\"og:image:height\" content=\"1000\" \/>\n\t<meta property=\"og:image:type\" content=\"image\/jpeg\" \/>\n<meta name=\"author\" content=\"R@mbla\" \/>\n<meta name=\"twitter:card\" content=\"summary_large_image\" \/>\n<meta name=\"twitter:creator\" content=\"@revistarambla\" \/>\n<meta name=\"twitter:site\" content=\"@revistarambla\" \/>\n<meta name=\"twitter:label1\" content=\"Written by\" \/>\n\t<meta name=\"twitter:data1\" content=\"R@mbla\" \/>\n\t<meta name=\"twitter:label2\" content=\"Estimated reading time\" \/>\n\t<meta name=\"twitter:data2\" content=\"4 minutes\" \/>\n<script type=\"application\/ld+json\" class=\"yoast-schema-graph\">{\"@context\":\"https:\\\/\\\/schema.org\",\"@graph\":[{\"@type\":\"Article\",\"@id\":\"https:\\\/\\\/www.revistarambla.com\\\/sant-jordi-2024-recupera-la-rambla-como-espacio-central-de-la-fiesta-en-barcelona\\\/#article\",\"isPartOf\":{\"@id\":\"https:\\\/\\\/www.revistarambla.com\\\/sant-jordi-2024-recupera-la-rambla-como-espacio-central-de-la-fiesta-en-barcelona\\\/\"},\"author\":{\"name\":\"R@mbla\",\"@id\":\"https:\\\/\\\/www.revistarambla.com\\\/#\\\/schema\\\/person\\\/a146a5a2550b94981a75131180e1bd9c\"},\"headline\":\"Sant Jordi 2024 recupera La Rambla como espacio central de la fiesta en Barcelona\",\"datePublished\":\"2024-04-22T14:49:56+00:00\",\"dateModified\":\"2024-04-22T14:51:00+00:00\",\"mainEntityOfPage\":{\"@id\":\"https:\\\/\\\/www.revistarambla.com\\\/sant-jordi-2024-recupera-la-rambla-como-espacio-central-de-la-fiesta-en-barcelona\\\/\"},\"wordCount\":696,\"publisher\":{\"@id\":\"https:\\\/\\\/www.revistarambla.com\\\/#organization\"},\"image\":{\"@id\":\"https:\\\/\\\/www.revistarambla.com\\\/sant-jordi-2024-recupera-la-rambla-como-espacio-central-de-la-fiesta-en-barcelona\\\/#primaryimage\"},\"thumbnailUrl\":\"https:\\\/\\\/www.revistarambla.com\\\/wp-content\\\/uploads\\\/2024\\\/04\\\/rambla-barcelona-sant-jordi-turismo-gente-calles.jpg\",\"articleSection\":[\"M\u00e1s Barcelona\"],\"inLanguage\":\"en-GB\"},{\"@type\":\"WebPage\",\"@id\":\"https:\\\/\\\/www.revistarambla.com\\\/sant-jordi-2024-recupera-la-rambla-como-espacio-central-de-la-fiesta-en-barcelona\\\/\",\"url\":\"https:\\\/\\\/www.revistarambla.com\\\/sant-jordi-2024-recupera-la-rambla-como-espacio-central-de-la-fiesta-en-barcelona\\\/\",\"name\":\"Sant Jordi 2024 en la Rambla de Barcelona - Revista Rambla\",\"isPartOf\":{\"@id\":\"https:\\\/\\\/www.revistarambla.com\\\/#website\"},\"primaryImageOfPage\":{\"@id\":\"https:\\\/\\\/www.revistarambla.com\\\/sant-jordi-2024-recupera-la-rambla-como-espacio-central-de-la-fiesta-en-barcelona\\\/#primaryimage\"},\"image\":{\"@id\":\"https:\\\/\\\/www.revistarambla.com\\\/sant-jordi-2024-recupera-la-rambla-como-espacio-central-de-la-fiesta-en-barcelona\\\/#primaryimage\"},\"thumbnailUrl\":\"https:\\\/\\\/www.revistarambla.com\\\/wp-content\\\/uploads\\\/2024\\\/04\\\/rambla-barcelona-sant-jordi-turismo-gente-calles.jpg\",\"datePublished\":\"2024-04-22T14:49:56+00:00\",\"dateModified\":\"2024-04-22T14:51:00+00:00\",\"description\":\"Llega la fiesta de Sant Jordi 2024 y La Rambla de Barcelona volver\u00e1 a lucir con 97 paradas llenas de libros y con las paradas de flores.\",\"breadcrumb\":{\"@id\":\"https:\\\/\\\/www.revistarambla.com\\\/sant-jordi-2024-recupera-la-rambla-como-espacio-central-de-la-fiesta-en-barcelona\\\/#breadcrumb\"},\"inLanguage\":\"en-GB\",\"potentialAction\":[{\"@type\":\"ReadAction\",\"target\":[\"https:\\\/\\\/www.revistarambla.com\\\/sant-jordi-2024-recupera-la-rambla-como-espacio-central-de-la-fiesta-en-barcelona\\\/\"]}]},{\"@type\":\"ImageObject\",\"inLanguage\":\"en-GB\",\"@id\":\"https:\\\/\\\/www.revistarambla.com\\\/sant-jordi-2024-recupera-la-rambla-como-espacio-central-de-la-fiesta-en-barcelona\\\/#primaryimage\",\"url\":\"https:\\\/\\\/www.revistarambla.com\\\/wp-content\\\/uploads\\\/2024\\\/04\\\/rambla-barcelona-sant-jordi-turismo-gente-calles.jpg\",\"contentUrl\":\"https:\\\/\\\/www.revistarambla.com\\\/wp-content\\\/uploads\\\/2024\\\/04\\\/rambla-barcelona-sant-jordi-turismo-gente-calles.jpg\",\"width\":1500,\"height\":1000,\"caption\":\"impuesto tur\u00edstico barcelona crecimiento tur\u00edstico sant jordi rambla turismo gente calles barcelona extranjeros masificaci\u00f3n tur\u00edstica\"},{\"@type\":\"BreadcrumbList\",\"@id\":\"https:\\\/\\\/www.revistarambla.com\\\/sant-jordi-2024-recupera-la-rambla-como-espacio-central-de-la-fiesta-en-barcelona\\\/#breadcrumb\",\"itemListElement\":[{\"@type\":\"ListItem\",\"position\":1,\"name\":\"Portada\",\"item\":\"https:\\\/\\\/www.revistarambla.com\\\/\"},{\"@type\":\"ListItem\",\"position\":2,\"name\":\"Sant Jordi 2024 recupera La Rambla como espacio central de la fiesta en Barcelona\"}]},{\"@type\":\"WebSite\",\"@id\":\"https:\\\/\\\/www.revistarambla.com\\\/#website\",\"url\":\"https:\\\/\\\/www.revistarambla.com\\\/\",\"name\":\"Revista Rambla Barcelona\",\"description\":\"Periodismo independiente\",\"publisher\":{\"@id\":\"https:\\\/\\\/www.revistarambla.com\\\/#organization\"},\"potentialAction\":[{\"@type\":\"SearchAction\",\"target\":{\"@type\":\"EntryPoint\",\"urlTemplate\":\"https:\\\/\\\/www.revistarambla.com\\\/?s={search_term_string}\"},\"query-input\":{\"@type\":\"PropertyValueSpecification\",\"valueRequired\":true,\"valueName\":\"search_term_string\"}}],\"inLanguage\":\"en-GB\"},{\"@type\":\"Organization\",\"@id\":\"https:\\\/\\\/www.revistarambla.com\\\/#organization\",\"name\":\"Revista Rambla\",\"url\":\"https:\\\/\\\/www.revistarambla.com\\\/\",\"logo\":{\"@type\":\"ImageObject\",\"inLanguage\":\"en-GB\",\"@id\":\"https:\\\/\\\/www.revistarambla.com\\\/#\\\/schema\\\/logo\\\/image\\\/\",\"url\":\"https:\\\/\\\/www.revistarambla.com\\\/wp-content\\\/uploads\\\/2020\\\/09\\\/banner_rambla_1900x600_BB.png\",\"contentUrl\":\"https:\\\/\\\/www.revistarambla.com\\\/wp-content\\\/uploads\\\/2020\\\/09\\\/banner_rambla_1900x600_BB.png\",\"width\":1900,\"height\":600,\"caption\":\"Revista Rambla\"},\"image\":{\"@id\":\"https:\\\/\\\/www.revistarambla.com\\\/#\\\/schema\\\/logo\\\/image\\\/\"},\"sameAs\":[\"https:\\\/\\\/www.facebook.com\\\/revistarambla\\\/\",\"https:\\\/\\\/x.com\\\/revistarambla\",\"https:\\\/\\\/www.instagram.com\\\/revista_rambla\",\"https:\\\/\\\/es.linkedin.com\\\/company\\\/revista-rambla\"]},{\"@type\":\"Person\",\"@id\":\"https:\\\/\\\/www.revistarambla.com\\\/#\\\/schema\\\/person\\\/a146a5a2550b94981a75131180e1bd9c\",\"name\":\"R@mbla\",\"description\":\"Este art\u00edculo ha sido redactado y\\\/o validado por el equipo de redacci\u00f3n de Revista Rambla.\",\"sameAs\":[\"https:\\\/\\\/www.revistarambla.com\\\/\",\"https:\\\/\\\/www.facebook.com\\\/revistarambla\",\"https:\\\/\\\/x.com\\\/revistarambla\"]}]}<\/script>\n<!-- \/ Yoast SEO plugin. -->","yoast_head_json":{"title":"Sant Jordi 2024 en la Rambla de Barcelona - Revista Rambla","description":"Llega la fiesta de Sant Jordi 2024 y La Rambla de Barcelona volver\u00e1 a lucir con 97 paradas llenas de libros y con las paradas de flores.","robots":{"index":"index","follow":"follow","max-snippet":"max-snippet:-1","max-image-preview":"max-image-preview:large","max-video-preview":"max-video-preview:-1"},"canonical":"https:\/\/www.revistarambla.com\/en\/sant-jordi-2024-recupera-la-rambla-como-espacio-central-de-la-fiesta-en-barcelona\/","og_locale":"en_GB","og_type":"article","og_title":"Sant Jordi 2024 en la Rambla de Barcelona - Revista Rambla","og_description":"Llega la fiesta de Sant Jordi 2024 y La Rambla de Barcelona volver\u00e1 a lucir con 97 paradas llenas de libros y con las paradas de flores.","og_url":"https:\/\/www.revistarambla.com\/en\/sant-jordi-2024-recupera-la-rambla-como-espacio-central-de-la-fiesta-en-barcelona\/","og_site_name":"Revista Rambla","article_publisher":"https:\/\/www.facebook.com\/revistarambla\/","article_author":"https:\/\/www.facebook.com\/revistarambla","article_published_time":"2024-04-22T14:49:56+00:00","article_modified_time":"2024-04-22T14:51:00+00:00","og_image":[{"width":1500,"height":1000,"url":"https:\/\/www.revistarambla.com\/wp-content\/uploads\/2024\/04\/rambla-barcelona-sant-jordi-turismo-gente-calles.jpg","type":"image\/jpeg"}],"author":"R@mbla","twitter_card":"summary_large_image","twitter_creator":"@revistarambla","twitter_site":"@revistarambla","twitter_misc":{"Written by":"R@mbla","Estimated reading time":"4 minutes"},"schema":{"@context":"https:\/\/schema.org","@graph":[{"@type":"Article","@id":"https:\/\/www.revistarambla.com\/sant-jordi-2024-recupera-la-rambla-como-espacio-central-de-la-fiesta-en-barcelona\/#article","isPartOf":{"@id":"https:\/\/www.revistarambla.com\/sant-jordi-2024-recupera-la-rambla-como-espacio-central-de-la-fiesta-en-barcelona\/"},"author":{"name":"R@mbla","@id":"https:\/\/www.revistarambla.com\/#\/schema\/person\/a146a5a2550b94981a75131180e1bd9c"},"headline":"Sant Jordi 2024 recupera La Rambla como espacio central de la fiesta en Barcelona","datePublished":"2024-04-22T14:49:56+00:00","dateModified":"2024-04-22T14:51:00+00:00","mainEntityOfPage":{"@id":"https:\/\/www.revistarambla.com\/sant-jordi-2024-recupera-la-rambla-como-espacio-central-de-la-fiesta-en-barcelona\/"},"wordCount":696,"publisher":{"@id":"https:\/\/www.revistarambla.com\/#organization"},"image":{"@id":"https:\/\/www.revistarambla.com\/sant-jordi-2024-recupera-la-rambla-como-espacio-central-de-la-fiesta-en-barcelona\/#primaryimage"},"thumbnailUrl":"https:\/\/www.revistarambla.com\/wp-content\/uploads\/2024\/04\/rambla-barcelona-sant-jordi-turismo-gente-calles.jpg","articleSection":["M\u00e1s Barcelona"],"inLanguage":"en-GB"},{"@type":"WebPage","@id":"https:\/\/www.revistarambla.com\/sant-jordi-2024-recupera-la-rambla-como-espacio-central-de-la-fiesta-en-barcelona\/","url":"https:\/\/www.revistarambla.com\/sant-jordi-2024-recupera-la-rambla-como-espacio-central-de-la-fiesta-en-barcelona\/","name":"Sant Jordi 2024 en la Rambla de Barcelona - Revista Rambla","isPartOf":{"@id":"https:\/\/www.revistarambla.com\/#website"},"primaryImageOfPage":{"@id":"https:\/\/www.revistarambla.com\/sant-jordi-2024-recupera-la-rambla-como-espacio-central-de-la-fiesta-en-barcelona\/#primaryimage"},"image":{"@id":"https:\/\/www.revistarambla.com\/sant-jordi-2024-recupera-la-rambla-como-espacio-central-de-la-fiesta-en-barcelona\/#primaryimage"},"thumbnailUrl":"https:\/\/www.revistarambla.com\/wp-content\/uploads\/2024\/04\/rambla-barcelona-sant-jordi-turismo-gente-calles.jpg","datePublished":"2024-04-22T14:49:56+00:00","dateModified":"2024-04-22T14:51:00+00:00","description":"Llega la fiesta de Sant Jordi 2024 y La Rambla de Barcelona volver\u00e1 a lucir con 97 paradas llenas de libros y con las paradas de flores.","breadcrumb":{"@id":"https:\/\/www.revistarambla.com\/sant-jordi-2024-recupera-la-rambla-como-espacio-central-de-la-fiesta-en-barcelona\/#breadcrumb"},"inLanguage":"en-GB","potentialAction":[{"@type":"ReadAction","target":["https:\/\/www.revistarambla.com\/sant-jordi-2024-recupera-la-rambla-como-espacio-central-de-la-fiesta-en-barcelona\/"]}]},{"@type":"ImageObject","inLanguage":"en-GB","@id":"https:\/\/www.revistarambla.com\/sant-jordi-2024-recupera-la-rambla-como-espacio-central-de-la-fiesta-en-barcelona\/#primaryimage","url":"https:\/\/www.revistarambla.com\/wp-content\/uploads\/2024\/04\/rambla-barcelona-sant-jordi-turismo-gente-calles.jpg","contentUrl":"https:\/\/www.revistarambla.com\/wp-content\/uploads\/2024\/04\/rambla-barcelona-sant-jordi-turismo-gente-calles.jpg","width":1500,"height":1000,"caption":"impuesto tur\u00edstico barcelona crecimiento tur\u00edstico sant jordi rambla turismo gente calles barcelona extranjeros masificaci\u00f3n tur\u00edstica"},{"@type":"BreadcrumbList","@id":"https:\/\/www.revistarambla.com\/sant-jordi-2024-recupera-la-rambla-como-espacio-central-de-la-fiesta-en-barcelona\/#breadcrumb","itemListElement":[{"@type":"ListItem","position":1,"name":"Portada","item":"https:\/\/www.revistarambla.com\/"},{"@type":"ListItem","position":2,"name":"Sant Jordi 2024 recupera La Rambla como espacio central de la fiesta en Barcelona"}]},{"@type":"WebSite","@id":"https:\/\/www.revistarambla.com\/#website","url":"https:\/\/www.revistarambla.com\/","name":"Revista Rambla Barcelona","description":"Periodismo independiente","publisher":{"@id":"https:\/\/www.revistarambla.com\/#organization"},"potentialAction":[{"@type":"SearchAction","target":{"@type":"EntryPoint","urlTemplate":"https:\/\/www.revistarambla.com\/?s={search_term_string}"},"query-input":{"@type":"PropertyValueSpecification","valueRequired":true,"valueName":"search_term_string"}}],"inLanguage":"en-GB"},{"@type":"Organization","@id":"https:\/\/www.revistarambla.com\/#organization","name":"Revista Rambla","url":"https:\/\/www.revistarambla.com\/","logo":{"@type":"ImageObject","inLanguage":"en-GB","@id":"https:\/\/www.revistarambla.com\/#\/schema\/logo\/image\/","url":"https:\/\/www.revistarambla.com\/wp-content\/uploads\/2020\/09\/banner_rambla_1900x600_BB.png","contentUrl":"https:\/\/www.revistarambla.com\/wp-content\/uploads\/2020\/09\/banner_rambla_1900x600_BB.png","width":1900,"height":600,"caption":"Revista Rambla"},"image":{"@id":"https:\/\/www.revistarambla.com\/#\/schema\/logo\/image\/"},"sameAs":["https:\/\/www.facebook.com\/revistarambla\/","https:\/\/x.com\/revistarambla","https:\/\/www.instagram.com\/revista_rambla","https:\/\/es.linkedin.com\/company\/revista-rambla"]},{"@type":"Person","@id":"https:\/\/www.revistarambla.com\/#\/schema\/person\/a146a5a2550b94981a75131180e1bd9c","name":"R@mbla","description":"Este art\u00edculo ha sido redactado y\/o validado por el equipo de redacci\u00f3n de Revista Rambla.","sameAs":["https:\/\/www.revistarambla.com\/","https:\/\/www.facebook.com\/revistarambla","https:\/\/x.com\/revistarambla"]}]}},"_links":{"self":[{"href":"https:\/\/www.revistarambla.com\/en\/wp-json\/wp\/v2\/posts\/59590","targetHints":{"allow":["GET"]}}],"collection":[{"href":"https:\/\/www.revistarambla.com\/en\/wp-json\/wp\/v2\/posts"}],"about":[{"href":"https:\/\/www.revistarambla.com\/en\/wp-json\/wp\/v2\/types\/post"}],"author":[{"embeddable":true,"href":"https:\/\/www.revistarambla.com\/en\/wp-json\/wp\/v2\/users\/3"}],"replies":[{"embeddable":true,"href":"https:\/\/www.revistarambla.com\/en\/wp-json\/wp\/v2\/comments?post=59590"}],"version-history":[{"count":2,"href":"https:\/\/www.revistarambla.com\/en\/wp-json\/wp\/v2\/posts\/59590\/revisions"}],"predecessor-version":[{"id":59593,"href":"https:\/\/www.revistarambla.com\/en\/wp-json\/wp\/v2\/posts\/59590\/revisions\/59593"}],"wp:featuredmedia":[{"embeddable":true,"href":"https:\/\/www.revistarambla.com\/en\/wp-json\/wp\/v2\/media\/59591"}],"wp:attachment":[{"href":"https:\/\/www.revistarambla.com\/en\/wp-json\/wp\/v2\/media?parent=59590"}],"wp:term":[{"taxonomy":"category","embeddable":true,"href":"https:\/\/www.revistarambla.com\/en\/wp-json\/wp\/v2\/categories?post=59590"},{"taxonomy":"post_tag","embeddable":true,"href":"https:\/\/www.revistarambla.com\/en\/wp-json\/wp\/v2\/tags?post=59590"}],"curies":[{"name":"wp","href":"https:\/\/api.w.org\/{rel}","templated":true}]}}