{"id":5946,"date":"2014-09-19T04:47:07","date_gmt":"2014-09-19T04:47:07","guid":{"rendered":"https:\/\/www.revistarambla.com\/el-valle-de-aran-la-otra-consulta-catalana\/"},"modified":"2014-09-19T04:47:07","modified_gmt":"2014-09-19T04:47:07","slug":"el-valle-de-aran-la-otra-consulta-catalana","status":"publish","type":"post","link":"https:\/\/www.revistarambla.com\/en\/el-valle-de-aran-la-otra-consulta-catalana\/","title":{"rendered":"El Valle de Ar\u00e1n, la otra consulta catalana"},"content":{"rendered":"<p> \t<img decoding=\"async\" class=\"alignleft size-full wp-image-5944\" alt=\"alt\" src=\"https:\/\/www.revistarambla.com\/wp-content\/uploads\/2014\/09\/Aran-revistarambla_2.jpg\" style=\"width: 682px; height: 430px; margin-left: 9px; margin-right: 9px; float: left;\" width=\"682\" height=\"430\" srcset=\"https:\/\/www.revistarambla.com\/wp-content\/uploads\/2014\/09\/Aran-revistarambla_2.jpg 682w, https:\/\/www.revistarambla.com\/wp-content\/uploads\/2014\/09\/Aran-revistarambla_2-300x189.jpg 300w, https:\/\/www.revistarambla.com\/wp-content\/uploads\/2014\/09\/Aran-revistarambla_2-500x315.jpg 500w\" sizes=\"(max-width: 682px) 100vw, 682px\" \/>El Valle de <span data-scayt_word=\"Ar\u00e1n\" data-scaytid=\"1\">Ar\u00e1n<\/span> <span data-scayt_word=\"es\" data-scaytid=\"2\">es<\/span> <span data-scayt_word=\"una\" data-scaytid=\"3\">una<\/span> <span data-scayt_word=\"comarca\" data-scaytid=\"5\">comarca<\/span> <span data-scayt_word=\"catalana\" data-scaytid=\"6\">catalana<\/span> con <span data-scayt_word=\"personalidad\" data-scaytid=\"7\">personalidad<\/span> <span data-scayt_word=\"hist\u00f3rica\" data-scaytid=\"8\">hist\u00f3rica<\/span> y cultural <span data-scayt_word=\"diferenciada\" data-scaytid=\"9\">diferenciada<\/span>, <span data-scayt_word=\"situaci\u00f3n\" data-scaytid=\"10\">situaci\u00f3n<\/span> <span data-scayt_word=\"que\" data-scaytid=\"11\">que<\/span> se <span data-scayt_word=\"materializa\" data-scaytid=\"12\">materializa<\/span> en <span data-scayt_word=\"una\" data-scaytid=\"4\">una<\/span> <span data-scayt_word=\"lengua\" data-scaytid=\"13\">lengua<\/span> <span data-scayt_word=\"propia\" data-scaytid=\"14\">propia<\/span>, un <span data-scayt_word=\"estatuto\" data-scaytid=\"15\">estatuto<\/span> <span data-scayt_word=\"jur\u00eddico\" data-scaytid=\"16\">jur\u00eddico<\/span> particular y <span data-scayt_word=\"tambi\u00e9n\" data-scaytid=\"17\">tambi\u00e9n<\/span>, <span data-scayt_word=\"como\" data-scaytid=\"18\">como<\/span> <span data-scayt_word=\"respuesta\" data-scaytid=\"19\">respuesta<\/span> al <span data-scayt_word=\"proceso\" data-scaytid=\"20\">proceso<\/span> <span data-scayt_word=\"soberanista\" data-scaytid=\"21\">soberanista<\/span> <span data-scayt_word=\"catal\u00e1n\" data-scaytid=\"22\">catal\u00e1n<\/span>, en la <span data-scayt_word=\"voluntad\" data-scaytid=\"23\">voluntad<\/span> de <span data-scayt_word=\"decidir\" data-scaytid=\"24\">decidir<\/span> <span data-scayt_word=\"su\" data-scaytid=\"25\">su<\/span> <span data-scayt_word=\"propio\" data-scaytid=\"26\">propio<\/span> <span data-scayt_word=\"futuro\" data-scaytid=\"27\">futuro<\/span> con <span data-scayt_word=\"respecto\" data-scaytid=\"28\">respecto<\/span> a <span data-scayt_word=\"Catalu\u00f1a\" data-scaytid=\"29\">Catalu\u00f1a<\/span> y <span data-scayt_word=\"Espa\u00f1a\" data-scaytid=\"30\">Espa\u00f1a<\/span>.<\/p>\n<p> \t\u00a0<\/p>\n<p> \t\u00a0<\/p>\n<p> \t\u00a0<\/p>\n<p>  <!--more-->  <\/p>\n<p> \t\u00a0<\/p>\n<p> \t<strong>El Valle de <span data-scayt_word=\"Ar\u00e1n\" data-scaytid=\"31\">Ar\u00e1n<\/span> <span data-scayt_word=\"es\" data-scaytid=\"32\">es<\/span> <span data-scayt_word=\"una\" data-scaytid=\"33\">una<\/span> <span data-scayt_word=\"comarca\" data-scaytid=\"35\">comarca<\/span> <span data-scayt_word=\"catalana\" data-scaytid=\"36\">catalana<\/span> con <span data-scayt_word=\"personalidad\" data-scaytid=\"37\">personalidad<\/span> <span data-scayt_word=\"hist\u00f3rica\" data-scaytid=\"38\">hist\u00f3rica<\/span> y cultural <span data-scayt_word=\"diferenciada\" data-scaytid=\"39\">diferenciada<\/span>, <span data-scayt_word=\"situaci\u00f3n\" data-scaytid=\"40\">situaci\u00f3n<\/span> <span data-scayt_word=\"que\" data-scaytid=\"41\">que<\/span> se <span data-scayt_word=\"materializa\" data-scaytid=\"42\">materializa<\/span> en <span data-scayt_word=\"una\" data-scaytid=\"34\">una<\/span> <span data-scayt_word=\"lengua\" data-scaytid=\"43\">lengua<\/span> <span data-scayt_word=\"propia\" data-scaytid=\"44\">propia<\/span>, un <span data-scayt_word=\"estatuto\" data-scaytid=\"45\">estatuto<\/span> <span data-scayt_word=\"jur\u00eddico\" data-scaytid=\"46\">jur\u00eddico<\/span> particular y <span data-scayt_word=\"tambi\u00e9n\" data-scaytid=\"47\">tambi\u00e9n<\/span>, <span data-scayt_word=\"como\" data-scaytid=\"48\">como<\/span> <span data-scayt_word=\"respuesta\" data-scaytid=\"49\">respuesta<\/span> al <span data-scayt_word=\"proceso\" data-scaytid=\"50\">proceso<\/span> <span data-scayt_word=\"soberanista\" data-scaytid=\"51\">soberanista<\/span> <span data-scayt_word=\"catal\u00e1n\" data-scaytid=\"52\">catal\u00e1n<\/span>, en la <span data-scayt_word=\"voluntad\" data-scaytid=\"53\">voluntad<\/span> de <span data-scayt_word=\"decidir\" data-scaytid=\"54\">decidir<\/span> <span data-scayt_word=\"su\" data-scaytid=\"55\">su<\/span> <span data-scayt_word=\"propio\" data-scaytid=\"56\">propio<\/span> <span data-scayt_word=\"futuro\" data-scaytid=\"57\">futuro<\/span> con <span data-scayt_word=\"respecto\" data-scaytid=\"58\">respecto<\/span> a <span data-scayt_word=\"Catalu\u00f1a\" data-scaytid=\"59\">Catalu\u00f1a<\/span> y <span data-scayt_word=\"Espa\u00f1a\" data-scaytid=\"60\">Espa\u00f1a<\/span>.<\/strong><\/p>\n<p> \t\u00a0<\/p>\n<p> \t<img decoding=\"async\" class=\"size-full wp-image-5945\" alt=\"alt\" src=\"https:\/\/www.revistarambla.com\/wp-content\/uploads\/2014\/09\/Aran-revistarambla_1.jpg\" style=\"width: 700px; height: 242px;\" width=\"700\" height=\"242\" srcset=\"https:\/\/www.revistarambla.com\/wp-content\/uploads\/2014\/09\/Aran-revistarambla_1.jpg 700w, https:\/\/www.revistarambla.com\/wp-content\/uploads\/2014\/09\/Aran-revistarambla_1-300x104.jpg 300w, https:\/\/www.revistarambla.com\/wp-content\/uploads\/2014\/09\/Aran-revistarambla_1-500x173.jpg 500w\" sizes=\"(max-width: 700px) 100vw, 700px\" \/><\/p>\n<p> \t\u00a0<\/p>\n<p> \tLas <span data-scayt_word=\"actuales\" data-scaytid=\"185\">actuales<\/span> <span data-scayt_word=\"fronteras\" data-scaytid=\"186\">fronteras<\/span> <span data-scayt_word=\"entre\" data-scaytid=\"187\">entre<\/span> <span data-scayt_word=\"Francia\" data-scaytid=\"189\">Francia<\/span> y <span data-scayt_word=\"Espa\u00f1a\" data-scaytid=\"121\">Espa\u00f1a<\/span> <span data-scayt_word=\"fueron\" data-scaytid=\"191\">fueron<\/span> <span data-scayt_word=\"trazadas\" data-scaytid=\"192\">trazadas<\/span> <span data-scayt_word=\"por\" data-scaytid=\"193\">por<\/span> la Paz de los <span data-scayt_word=\"Pirineos\" data-scaytid=\"195\">Pirineos<\/span>, <span data-scayt_word=\"firmada\" data-scaytid=\"196\">firmada<\/span> el 7 de <span data-scayt_word=\"noviembre\" data-scaytid=\"197\">noviembre<\/span> de 1659. <span data-scayt_word=\"Este\" data-scaytid=\"198\">Este<\/span> <span data-scayt_word=\"tratado\" data-scaytid=\"199\">tratado<\/span> <span data-scayt_word=\"entreg\u00f3\" data-scaytid=\"200\">entreg\u00f3<\/span> a la <span data-scayt_word=\"jurisdicci\u00f3n\" data-scaytid=\"201\">jurisdicci\u00f3n<\/span> <span data-scayt_word=\"francesa\" data-scaytid=\"202\">francesa<\/span> <span data-scayt_word=\"las\" data-scaytid=\"203\">las<\/span> <span data-scayt_word=\"antiguas\" data-scaytid=\"204\">antiguas<\/span> <span data-scayt_word=\"posesiones\" data-scaytid=\"205\">posesiones<\/span> de la Corona <span data-scayt_word=\"espa\u00f1ola\" data-scaytid=\"206\">espa\u00f1ola<\/span> al <span data-scayt_word=\"norte\" data-scaytid=\"207\">norte<\/span> de la <span data-scayt_word=\"divisoria\" data-scaytid=\"208\">divisoria<\/span> de <span data-scayt_word=\"aguas\" data-scaytid=\"209\">aguas<\/span> de la cordillera <span data-scayt_word=\"pirenaica\" data-scaytid=\"210\">pirenaica<\/span>. <span data-scayt_word=\"Hubo\" data-scaytid=\"211\">Hubo<\/span>, no <span data-scayt_word=\"obstante\" data-scaytid=\"212\">obstante<\/span>, <span data-scayt_word=\"alguna\" data-scaytid=\"213\">alguna<\/span> <span data-scayt_word=\"excepci\u00f3n\" data-scaytid=\"214\">excepci\u00f3n<\/span>, y <span data-scayt_word=\"entre\" data-scaytid=\"188\">entre<\/span> <span data-scayt_word=\"ellas\" data-scaytid=\"215\">ellas<\/span> <span data-scayt_word=\"figur\u00f3\" data-scaytid=\"216\">figur\u00f3<\/span> el Valle de <span data-scayt_word=\"Ar\u00e1n\" data-scaytid=\"122\">Ar\u00e1n<\/span>, <span data-scayt_word=\"que\" data-scaytid=\"123\">que<\/span> <span data-scayt_word=\"permaneci\u00f3\" data-scaytid=\"219\">permaneci\u00f3<\/span> <span data-scayt_word=\"bajo\" data-scaytid=\"220\">bajo<\/span> control <span data-scayt_word=\"espa\u00f1ol\" data-scaytid=\"221\">espa\u00f1ol<\/span> <span data-scayt_word=\"por\" data-scaytid=\"194\">por<\/span> <span data-scayt_word=\"voluntad\" data-scaytid=\"124\">voluntad<\/span> de <span data-scayt_word=\"sus\" data-scaytid=\"223\">sus<\/span> <span data-scayt_word=\"habitantes\" data-scaytid=\"224\">habitantes<\/span>, <span data-scayt_word=\"mostrada\" data-scaytid=\"225\">mostrada<\/span> en <span data-scayt_word=\"distintas\" data-scaytid=\"226\">distintas<\/span> <span data-scayt_word=\"ocasiones\" data-scaytid=\"227\">ocasiones<\/span> a lo largo de la <span data-scayt_word=\"historia\" data-scaytid=\"228\">historia<\/span>.<\/p>\n<p> \t\u00a0<\/p>\n<p> \t<strong><span data-scayt_word=\"M\u00e1s\" data-scaytid=\"229\">M\u00e1s<\/span> <span data-scayt_word=\"all\u00e1\" data-scaytid=\"230\">all\u00e1<\/span> de la <span data-scayt_word=\"pen\u00ednsula\" data-scaytid=\"231\">pen\u00ednsula<\/span><\/strong><\/p>\n<p> \t\u00a0<\/p>\n<p> \tLos <span data-scayt_word=\"aproximadamente\" data-scaytid=\"363\">aproximadamente<\/span> 600 <span data-scayt_word=\"km2\" data-scaytid=\"364\">km<sup data-temp=\"true\">2<\/sup><\/span><sup> <\/sup>del <span data-scayt_word=\"territorio\" data-scaytid=\"365\">territorio<\/span> del Valle de <span data-scayt_word=\"Ar\u00e1n\" data-scaytid=\"356\">Ar\u00e1n<\/span> (en <span data-scayt_word=\"aran\u00e9s\" data-scaytid=\"367\">aran\u00e9s<\/span>, Era Val <span data-scayt_word=\"d\u2019Aran\" data-scaytid=\"368\">d&rsquo;Aran<\/span>), con capital en <span data-scayt_word=\"Viella\" data-scaytid=\"369\">Viella<\/span> (<span data-scayt_word=\"Vielha\" data-scaytid=\"370\">Vielha<\/span>), <span data-scayt_word=\"est\u00e1n\" data-scaytid=\"371\">est\u00e1n<\/span> <span data-scayt_word=\"situados\" data-scaytid=\"372\">situados<\/span> en la <span data-scayt_word=\"cuenca\" data-scaytid=\"373\">cuenca<\/span> <span data-scayt_word=\"alta\" data-scaytid=\"375\">alta<\/span> del <span data-scayt_word=\"r\u00edo\" data-scaytid=\"376\">r\u00edo<\/span> <span data-scayt_word=\"Garona\" data-scaytid=\"377\">Garona<\/span> y <span data-scayt_word=\"conforman\" data-scaytid=\"378\">conforman<\/span> la <span data-scayt_word=\"\u00fanica\" data-scaytid=\"379\">\u00fanica<\/span> <span data-scayt_word=\"comarca\" data-scaytid=\"357\">comarca<\/span> <span data-scayt_word=\"pirenaica\" data-scaytid=\"358\">pirenaica<\/span> de <span data-scayt_word=\"jurisdicci\u00f3n\" data-scaytid=\"359\">jurisdicci\u00f3n<\/span> <span data-scayt_word=\"espa\u00f1ola\" data-scaytid=\"360\">espa\u00f1ola<\/span> <span data-scayt_word=\"que\" data-scaytid=\"361\">que<\/span> <span data-scayt_word=\"vierte\" data-scaytid=\"385\">vierte<\/span> <span data-scayt_word=\"sus\" data-scaytid=\"362\">sus<\/span> <span data-scayt_word=\"caudales\" data-scaytid=\"387\">caudales<\/span> <span data-scayt_word=\"hidrogr\u00e1ficos\" data-scaytid=\"388\">hidrogr\u00e1ficos<\/span> en la <span data-scayt_word=\"cuenca\" data-scaytid=\"374\">cuenca<\/span> <span data-scayt_word=\"atl\u00e1ntica\" data-scaytid=\"389\">atl\u00e1ntica<\/span>.<\/p>\n<p> \t\u00a0<\/p>\n<p> \t<span data-scayt_word=\"Ar\u00e1n\" data-scaytid=\"390\">Ar\u00e1n<\/span> se <span data-scayt_word=\"encuentra\" data-scaytid=\"402\">encuentra<\/span> al <span data-scayt_word=\"norte\" data-scaytid=\"391\">norte<\/span> de la cordillera axial y <span data-scayt_word=\"su\" data-scaytid=\"393\">su<\/span> <span data-scayt_word=\"\u00fanica\" data-scaytid=\"394\">\u00fanica<\/span> <span data-scayt_word=\"comunicaci\u00f3n\" data-scaytid=\"407\">comunicaci\u00f3n<\/span> <span data-scayt_word=\"orogr\u00e1fica\" data-scaytid=\"408\">orogr\u00e1fica<\/span> con la <span data-scayt_word=\"pen\u00ednsula\" data-scaytid=\"395\">pen\u00ednsula<\/span> <span data-scayt_word=\"Ib\u00e9rica\" data-scaytid=\"410\">Ib\u00e9rica<\/span> son <span data-scayt_word=\"varios\" data-scaytid=\"411\">varios<\/span> <span data-scayt_word=\"pasos\" data-scaytid=\"412\">pasos<\/span> de <span data-scayt_word=\"alta\" data-scaytid=\"396\">alta<\/span> <span data-scayt_word=\"monta\u00f1a\" data-scaytid=\"414\">monta\u00f1a<\/span>, de los <span data-scayt_word=\"cuales\" data-scaytid=\"415\">cuales<\/span> solo <span data-scayt_word=\"uno\" data-scaytid=\"416\">uno<\/span> <span data-scayt_word=\"cuenta\" data-scaytid=\"417\">cuenta<\/span> con enlace <span data-scayt_word=\"viario\" data-scaytid=\"418\">viario<\/span>: el <span data-scayt_word=\"puerto\" data-scaytid=\"419\">puerto<\/span> de la <span data-scayt_word=\"Bonaigua\" data-scaytid=\"420\">Bonaigua<\/span>. Sin embargo, <span data-scayt_word=\"hacia\" data-scaytid=\"421\">hacia<\/span> el <span data-scayt_word=\"norte\" data-scaytid=\"392\">norte<\/span>, el <span data-scayt_word=\"cauce\" data-scaytid=\"422\">cauce<\/span> del <span data-scayt_word=\"Garona\" data-scaytid=\"397\">Garona<\/span> <span data-scayt_word=\"abre\" data-scaytid=\"424\">abre<\/span> <span data-scayt_word=\"una\" data-scaytid=\"398\">una<\/span> <span data-scayt_word=\"c\u00f3moda\" data-scaytid=\"426\">c\u00f3moda<\/span> <span data-scayt_word=\"v\u00eda\" data-scaytid=\"427\">v\u00eda<\/span> natural <span data-scayt_word=\"que\" data-scaytid=\"399\">que<\/span> se <span data-scayt_word=\"adentra\" data-scaytid=\"429\">adentra<\/span> en el <span data-scayt_word=\"territorio\" data-scaytid=\"400\">territorio<\/span> <span data-scayt_word=\"franc\u00e9s\" data-scaytid=\"431\">franc\u00e9s<\/span>.<\/p>\n<p> \t\u00a0<\/p>\n<p> \tEl <span data-scayt_word=\"puerto\" data-scaytid=\"432\">puerto<\/span> de la <span data-scayt_word=\"Bonaigua\" data-scaytid=\"433\">Bonaigua<\/span> se <span data-scayt_word=\"cierra\" data-scaytid=\"462\">cierra<\/span> con <span data-scayt_word=\"frecuencia\" data-scaytid=\"463\">frecuencia<\/span> en <span data-scayt_word=\"invierno\" data-scaytid=\"464\">invierno<\/span>, <span data-scayt_word=\"debido\" data-scaytid=\"465\">debido<\/span> a <span data-scayt_word=\"las\" data-scaytid=\"434\">las<\/span> <span data-scayt_word=\"inclemencias\" data-scaytid=\"467\">inclemencias<\/span> <span data-scayt_word=\"meteorol\u00f3gicas\" data-scaytid=\"468\">meteorol\u00f3gicas<\/span> (<span data-scayt_word=\"anta\u00f1o\" data-scaytid=\"469\">anta\u00f1o<\/span> <span data-scayt_word=\"quedaba\" data-scaytid=\"470\">quedaba<\/span> <span data-scayt_word=\"vedado\" data-scaytid=\"471\">vedado<\/span> al <span data-scayt_word=\"tr\u00e1nsito\" data-scaytid=\"472\">tr\u00e1nsito<\/span> <span data-scayt_word=\"durante\" data-scaytid=\"473\">durante<\/span> <span data-scayt_word=\"cinco\" data-scaytid=\"474\">cinco<\/span> o <span data-scayt_word=\"seis\" data-scaytid=\"475\">seis<\/span> <span data-scayt_word=\"meses\" data-scaytid=\"476\">meses<\/span>). <span data-scayt_word=\"Esa\" data-scaytid=\"477\">Esa<\/span> <span data-scayt_word=\"fue\" data-scaytid=\"478\">fue<\/span> la <span data-scayt_word=\"raz\u00f3n\" data-scaytid=\"479\">raz\u00f3n<\/span> <span data-scayt_word=\"por\" data-scaytid=\"435\">por<\/span> la <span data-scayt_word=\"que\" data-scaytid=\"437\">que<\/span> el <span data-scayt_word=\"ej\u00e9rcito\" data-scaytid=\"484\">ej\u00e9rcito<\/span> <span data-scayt_word=\"espa\u00f1ol\" data-scaytid=\"439\">espa\u00f1ol<\/span> <span data-scayt_word=\"abri\u00f3\" data-scaytid=\"486\">abri\u00f3<\/span> el <span data-scayt_word=\"t\u00fanel\" data-scaytid=\"487\">t\u00fanel<\/span> de <span data-scayt_word=\"Viella\" data-scaytid=\"440\">Viella<\/span> (<span data-scayt_word=\"inaugurado\" data-scaytid=\"489\">inaugurado<\/span> en 1948): la <span data-scayt_word=\"v\u00eda\" data-scaytid=\"441\">v\u00eda<\/span> <span data-scayt_word=\"subterr\u00e1nea\" data-scaytid=\"491\">subterr\u00e1nea<\/span> <span data-scayt_word=\"garantizaba\" data-scaytid=\"492\">garantizaba<\/span> el <span data-scayt_word=\"abastecimiento\" data-scaytid=\"493\">abastecimiento<\/span> de la <span data-scayt_word=\"guarnici\u00f3n\" data-scaytid=\"494\">guarnici\u00f3n<\/span> <span data-scayt_word=\"militar\" data-scaytid=\"495\">militar<\/span> del <span data-scayt_word=\"valle\" data-scaytid=\"496\">valle<\/span>, <span data-scayt_word=\"que\" data-scaytid=\"438\">que<\/span> <span data-scayt_word=\"hab\u00eda\" data-scaytid=\"497\">hab\u00eda<\/span> <span data-scayt_word=\"sido\" data-scaytid=\"498\">sido<\/span> <span data-scayt_word=\"invadido\" data-scaytid=\"499\">invadido<\/span> en 1944 <span data-scayt_word=\"por\" data-scaytid=\"436\">por<\/span> <span data-scayt_word=\"fuerzas\" data-scaytid=\"500\">fuerzas<\/span> del <span data-scayt_word=\"maquis\" data-scaytid=\"501\">maquis<\/span>.<\/p>\n<p> \t\u00a0<\/p>\n<p> \t<span data-scayt_word=\"Este\" data-scaytid=\"452\">Este<\/span> <span data-scayt_word=\"condicionamiento\" data-scaytid=\"545\">condicionamiento<\/span> <span data-scayt_word=\"geogr\u00e1fico\" data-scaytid=\"546\">geogr\u00e1fico<\/span> <span data-scayt_word=\"explica\" data-scaytid=\"547\">explica<\/span> <span data-scayt_word=\"que\" data-scaytid=\"453\">que<\/span> la <span data-scayt_word=\"lengua\" data-scaytid=\"454\">lengua<\/span> <span data-scayt_word=\"vern\u00e1cula\" data-scaytid=\"551\">vern\u00e1cula<\/span> de <span data-scayt_word=\"Ar\u00e1n\" data-scaytid=\"456\">Ar\u00e1n<\/span> no sea el <span data-scayt_word=\"catal\u00e1n\" data-scaytid=\"457\">catal\u00e1n<\/span>, <span data-scayt_word=\"sino\" data-scaytid=\"554\">sino<\/span> el <span data-scayt_word=\"aran\u00e9s\" data-scaytid=\"458\">aran\u00e9s<\/span>, <span data-scayt_word=\"dialecto\" data-scaytid=\"556\">dialecto<\/span> del <span data-scayt_word=\"gasc\u00f3n\" data-scaytid=\"557\">gasc\u00f3n<\/span>; <span data-scayt_word=\"una\" data-scaytid=\"459\">una<\/span> <span data-scayt_word=\"variante\" data-scaytid=\"559\">variante<\/span> de la <em><span data-scayt_word=\"lengua\" data-scaytid=\"455\">lengua<\/span> <span data-scayt_word=\"d'oc\" data-scaytid=\"560\">d&#8217;oc<\/span><\/em> <span data-scayt_word=\"que\" data-scaytid=\"561\">que<\/span> <span data-scayt_word=\"usaron\" data-scaytid=\"639\">usaron<\/span> los <span data-scayt_word=\"trovadores\" data-scaytid=\"640\">trovadores<\/span> <span data-scayt_word=\"medievales\" data-scaytid=\"641\">medievales<\/span> <span data-scayt_word=\"para\" data-scaytid=\"642\">para<\/span> <span data-scayt_word=\"cantar\" data-scaytid=\"643\">cantar<\/span> al &ldquo;amor <span data-scayt_word=\"cort\u00e9s\u201d\" data-scaytid=\"644\">cort\u00e9s&rdquo;<\/span>.<\/p>\n<p> \t\u00a0<\/p>\n<p> \t<strong><span data-scayt_word=\"Instituciones\" data-scaytid=\"645\">Instituciones<\/span> <span data-scayt_word=\"protodemocr\u00e1ticas\" data-scaytid=\"646\">protodemocr\u00e1ticas<\/span><\/strong><\/p>\n<p> \t\u00a0<\/p>\n<p> \t<span data-scayt_word=\"Ar\u00e1n\" data-scaytid=\"699\">Ar\u00e1n<\/span> <span data-scayt_word=\"permanece\" data-scaytid=\"712\">permanece<\/span> <span data-scayt_word=\"unido\" data-scaytid=\"713\">unido<\/span> a <span data-scayt_word=\"Catalu\u00f1a\" data-scaytid=\"700\">Catalu\u00f1a<\/span> <span data-scayt_word=\"desde\" data-scaytid=\"715\">desde<\/span> 1174, <span data-scayt_word=\"cuando\" data-scaytid=\"716\">cuando<\/span> el <span data-scayt_word=\"rey\" data-scaytid=\"717\">rey<\/span> de <span data-scayt_word=\"Arag\u00f3n\" data-scaytid=\"718\">Arag\u00f3n<\/span> Alfonso I <span data-scayt_word=\"concedi\u00f3\" data-scaytid=\"719\">concedi\u00f3<\/span> a <span data-scayt_word=\"sus\" data-scaytid=\"701\">sus<\/span> <span data-scayt_word=\"gentes\" data-scaytid=\"721\">gentes<\/span> un <span data-scayt_word=\"privilegio\" data-scaytid=\"722\">privilegio<\/span> de <span data-scayt_word=\"protecci\u00f3n\" data-scaytid=\"724\">protecci\u00f3n<\/span> <span data-scayt_word=\"que\" data-scaytid=\"702\">que<\/span> <span data-scayt_word=\"respetaba\" data-scaytid=\"727\">respetaba<\/span> <span data-scayt_word=\"las\" data-scaytid=\"704\">las<\/span> <span data-scayt_word=\"leyes\" data-scaytid=\"730\">leyes<\/span> <span data-scayt_word=\"consuetudinarias\" data-scaytid=\"731\">consuetudinarias<\/span> y la peculiar <span data-scayt_word=\"organizaci\u00f3n\" data-scaytid=\"732\">organizaci\u00f3n<\/span> <span data-scayt_word=\"pol\u00edtica\" data-scaytid=\"733\">pol\u00edtica<\/span> del <span data-scayt_word=\"valle\" data-scaytid=\"706\">valle<\/span>, <span data-scayt_word=\"basada\" data-scaytid=\"736\">basada<\/span> en <span data-scayt_word=\"las\" data-scaytid=\"705\">las<\/span> juntas de <span data-scayt_word=\"representantes\" data-scaytid=\"737\">representantes<\/span> locales. El <span data-scayt_word=\"privilegio\" data-scaytid=\"723\">privilegio<\/span> <span data-scayt_word=\"fue\" data-scaytid=\"707\">fue<\/span> <span data-scayt_word=\"respetado\" data-scaytid=\"739\">respetado<\/span> <span data-scayt_word=\"por\" data-scaytid=\"708\">por<\/span> los <span data-scayt_word=\"sucesivos\" data-scaytid=\"741\">sucesivos<\/span> <span data-scayt_word=\"monarcas\" data-scaytid=\"742\">monarcas<\/span> <span data-scayt_word=\"catalanoaragoneses\" data-scaytid=\"743\">catalanoaragoneses<\/span>, de <span data-scayt_word=\"modo\" data-scaytid=\"744\">modo<\/span> <span data-scayt_word=\"que\" data-scaytid=\"703\">que<\/span> <span data-scayt_word=\"supuso\" data-scaytid=\"745\">supuso<\/span>, <span data-scayt_word=\"para\" data-scaytid=\"709\">para<\/span> los <span data-scayt_word=\"araneses\" data-scaytid=\"747\">araneses<\/span>, <span data-scayt_word=\"una\" data-scaytid=\"710\">una<\/span> <span data-scayt_word=\"garant\u00eda\" data-scaytid=\"749\">garant\u00eda<\/span> de <span data-scayt_word=\"supervivencia\" data-scaytid=\"750\">supervivencia<\/span> cultural y <span data-scayt_word=\"nacional\" data-scaytid=\"751\">nacional<\/span> <span data-scayt_word=\"frente\" data-scaytid=\"752\">frente<\/span> a la <span data-scayt_word=\"pol\u00edtica\" data-scaytid=\"734\">pol\u00edtica<\/span> <span data-scayt_word=\"expansionista\" data-scaytid=\"753\">expansionista<\/span> y <span data-scayt_word=\"homogeneizadora\" data-scaytid=\"754\">homogeneizadora<\/span> de la <span data-scayt_word=\"monarqu\u00eda\" data-scaytid=\"755\">monarqu\u00eda<\/span> gala de los <span data-scayt_word=\"Capetos\" data-scaytid=\"756\">Capetos<\/span>.<\/p>\n<p> \t\u00a0<\/p>\n<p> \tEn 1313, los <span data-scayt_word=\"jurados\" data-scaytid=\"853\">jurados<\/span> del <span data-scayt_word=\"valle\" data-scaytid=\"803\">valle<\/span>, <span data-scayt_word=\"obedeciendo\" data-scaytid=\"855\">obedeciendo<\/span> la <span data-scayt_word=\"voluntad\" data-scaytid=\"804\">voluntad<\/span> general <span data-scayt_word=\"expresada\" data-scaytid=\"857\">expresada<\/span> <span data-scayt_word=\"mediante\" data-scaytid=\"858\">mediante<\/span> <span data-scayt_word=\"votaci\u00f3n\" data-scaytid=\"859\">votaci\u00f3n<\/span>, <span data-scayt_word=\"reafirmaron\" data-scaytid=\"860\">reafirmaron<\/span> <span data-scayt_word=\"su\" data-scaytid=\"805\">su<\/span> <span data-scayt_word=\"fidelidad\" data-scaytid=\"862\">fidelidad<\/span> a la Corona <span data-scayt_word=\"aragonesa\" data-scaytid=\"863\">aragonesa<\/span> ante el <span data-scayt_word=\"rey\" data-scaytid=\"806\">rey<\/span> <strong>Jaime II<\/strong>, <span data-scayt_word=\"quien\" data-scaytid=\"1060\">quien<\/span> les <span data-scayt_word=\"conceder\u00eda\" data-scaytid=\"1061\">conceder\u00eda<\/span> <em>Era <span data-scayt_word=\"Querimonia\" data-scaytid=\"1062\">Querimonia<\/span><\/em>, <span data-scayt_word=\"una\" data-scaytid=\"1011\">una<\/span> <span data-scayt_word=\"suerte\" data-scaytid=\"1012\">suerte<\/span> de <span data-scayt_word=\"carta\" data-scaytid=\"1066\">carta<\/span> de <span data-scayt_word=\"obligaciones\" data-scaytid=\"1067\">obligaciones<\/span> y <span data-scayt_word=\"derechos\" data-scaytid=\"1068\">derechos<\/span> <span data-scayt_word=\"pactada\" data-scaytid=\"1069\">pactada<\/span> <span data-scayt_word=\"entre\" data-scaytid=\"1013\">entre<\/span> el <span data-scayt_word=\"monarca\" data-scaytid=\"1071\">monarca<\/span> y los <span data-scayt_word=\"mun\u00edcipes\" data-scaytid=\"1072\">mun\u00edcipes<\/span> <span data-scayt_word=\"araneses\" data-scaytid=\"1014\">araneses<\/span>; <span data-scayt_word=\"desde\" data-scaytid=\"1015\">desde<\/span> <span data-scayt_word=\"entonces\" data-scaytid=\"1075\">entonces<\/span>, se <span data-scayt_word=\"considera\" data-scaytid=\"1076\">considera<\/span> <span data-scayt_word=\"que\" data-scaytid=\"1016\">que<\/span> <span data-scayt_word=\"Ar\u00e1n\" data-scaytid=\"1017\">Ar\u00e1n<\/span> <span data-scayt_word=\"qued\u00f3\" data-scaytid=\"1079\">qued\u00f3<\/span> <span data-scayt_word=\"unido\" data-scaytid=\"1018\">unido<\/span> <span data-scayt_word=\"por\" data-scaytid=\"1019\">por<\/span> <span data-scayt_word=\"propia\" data-scaytid=\"1020\">propia<\/span> <span data-scayt_word=\"voluntad\" data-scaytid=\"1021\">voluntad<\/span> a <span data-scayt_word=\"Catalu\u00f1a\" data-scaytid=\"1022\">Catalu\u00f1a<\/span>.<\/p>\n<p> \t\u00a0<\/p>\n<p> \t<em>Era <span data-scayt_word=\"Querimonia\" data-scaytid=\"1063\">Querimonia<\/span><\/em><span data-scayt_word=\"fue\" data-scaytid=\"1147\">fue<\/span> <span data-scayt_word=\"ratificada\" data-scaytid=\"1159\">ratificada<\/span> <span data-scayt_word=\"por\" data-scaytid=\"1148\">por<\/span> Felipe V (1717), <span data-scayt_word=\"quien\" data-scaytid=\"1151\">quien<\/span> <span data-scayt_word=\"premi\u00f3\" data-scaytid=\"1164\">premi\u00f3<\/span> <span data-scayt_word=\"as\u00ed\" data-scaytid=\"1165\">as\u00ed<\/span> <span data-scayt_word=\"otra\" data-scaytid=\"1166\">otra<\/span> <span data-scayt_word=\"excepcionalidad\" data-scaytid=\"1167\">excepcionalidad<\/span> <span data-scayt_word=\"aranesa\" data-scaytid=\"1168\">aranesa<\/span>: <span data-scayt_word=\"su\" data-scaytid=\"1152\">su<\/span> <span data-scayt_word=\"rechazo\" data-scaytid=\"1170\">rechazo<\/span> al <span data-scayt_word=\"archiduque\" data-scaytid=\"1171\">archiduque<\/span> Carlos de Austria, <span data-scayt_word=\"cuyo\" data-scaytid=\"1172\">cuyo<\/span> <span data-scayt_word=\"partido\" data-scaytid=\"1173\">partido<\/span> <span data-scayt_word=\"cost\u00f3\" data-scaytid=\"1175\">cost\u00f3<\/span> <span data-scayt_word=\"sus\" data-scaytid=\"1153\">sus<\/span> <span data-scayt_word=\"instituciones\" data-scaytid=\"1177\">instituciones<\/span> de <span data-scayt_word=\"gobierno\" data-scaytid=\"1178\">gobierno<\/span> al <span data-scayt_word=\"resto\" data-scaytid=\"1179\">resto<\/span> de los <span data-scayt_word=\"catalanes\" data-scaytid=\"1180\">catalanes<\/span>. De <span data-scayt_word=\"este\" data-scaytid=\"1181\">este<\/span> <span data-scayt_word=\"modo\" data-scaytid=\"1154\">modo<\/span> <span data-scayt_word=\"sobrevivieron\" data-scaytid=\"1183\">sobrevivieron<\/span> <span data-scayt_word=\"las\" data-scaytid=\"1155\">las<\/span> <span data-scayt_word=\"libertades\" data-scaytid=\"1185\">libertades<\/span> <span data-scayt_word=\"aranesas\" data-scaytid=\"1186\">aranesas<\/span> <span data-scayt_word=\"hasta\" data-scaytid=\"1187\">hasta<\/span> la <span data-scayt_word=\"creaci\u00f3n\" data-scaytid=\"1188\">creaci\u00f3n<\/span> del <span data-scayt_word=\"partido\" data-scaytid=\"1174\">partido<\/span> judicial de <span data-scayt_word=\"Viella\" data-scaytid=\"1156\">Viella<\/span> (1835), <span data-scayt_word=\"como\" data-scaytid=\"1157\">como<\/span> <span data-scayt_word=\"consecuencia\" data-scaytid=\"1191\">consecuencia<\/span> de la <span data-scayt_word=\"nueva\" data-scaytid=\"1192\">nueva<\/span> <span data-scayt_word=\"administraci\u00f3n\" data-scaytid=\"1193\">administraci\u00f3n<\/span> territorial <span data-scayt_word=\"por\" data-scaytid=\"1149\">por<\/span> <span data-scayt_word=\"provincias\" data-scaytid=\"1194\">provincias<\/span> <span data-scayt_word=\"dise\u00f1ada\" data-scaytid=\"1195\">dise\u00f1ada<\/span> en 1834 <span data-scayt_word=\"por\" data-scaytid=\"1150\">por<\/span> Javier de Burgos.<\/p>\n<p> \t\u00a0<\/p>\n<p> \t<strong>La <em>Lei <span data-scayt_word=\"d\u2019Aran\" data-scaytid=\"1234\">d&rsquo;Aran<\/span><\/em> y <span data-scayt_word=\"sus\" data-scaytid=\"1235\">sus<\/span> <span data-scayt_word=\"instituciones\" data-scaytid=\"1236\">instituciones<\/span><\/strong><\/p>\n<p> \t\u00a0<\/p>\n<p> \t<span data-scayt_word=\"Una\" data-scaytid=\"679\">Una<\/span> <span data-scayt_word=\"vez\" data-scaytid=\"680\">vez<\/span> <span data-scayt_word=\"reconstituida\" data-scaytid=\"681\">reconstituida<\/span> la <em><span data-scayt_word=\"Generalitat\" data-scaytid=\"682\">Generalitat<\/span><\/em> <span data-scayt_word=\"catalana\" data-scaytid=\"647\">catalana<\/span> en el <span data-scayt_word=\"marco\" data-scaytid=\"684\">marco<\/span> del <span data-scayt_word=\"Estado\" data-scaytid=\"685\">Estado<\/span> de <span data-scayt_word=\"las\" data-scaytid=\"648\">las<\/span> <span data-scayt_word=\"Autonom\u00edas\" data-scaytid=\"687\">Autonom\u00edas<\/span>, el 13 de <span data-scayt_word=\"junio\" data-scaytid=\"688\">junio<\/span> de 1990 se <span data-scayt_word=\"promulg\u00f3\" data-scaytid=\"689\">promulg\u00f3<\/span> la <em>Lei <span data-scayt_word=\"dera\" data-scaytid=\"690\">dera<\/span> Val <span data-scayt_word=\"d'Aran\" data-scaytid=\"691\">d&#8217;Aran<\/span><\/em>, <span data-scayt_word=\"una\" data-scaytid=\"649\">una<\/span> <span data-scayt_word=\"suerte\" data-scaytid=\"693\">suerte<\/span> de <span data-scayt_word=\"estatuto\" data-scaytid=\"650\">estatuto<\/span> particular del <span data-scayt_word=\"valle\" data-scaytid=\"651\">valle<\/span>, <span data-scayt_word=\"desarrollo\" data-scaytid=\"696\">desarrollo<\/span> legal del <em><span data-scayt_word=\"Estatut\" data-scaytid=\"697\">Estatut<\/span><\/em> <span data-scayt_word=\"catal\u00e1n\" data-scaytid=\"652\">catal\u00e1n<\/span>.<\/p>\n<p> \t\u00a0<\/p>\n<p> \t<span data-scayt_word=\"LaLeid\u2019Aran\" data-scaytid=\"1302\">La<em>Lei<\/em><em data-temp=\"true\">d&rsquo;Aran<\/em><\/span> <span data-scayt_word=\"ratifica\" data-scaytid=\"1316\">ratifica<\/span> la <span data-scayt_word=\"cooficialidad\" data-scaytid=\"1317\">cooficialidad<\/span> de la <span data-scayt_word=\"lengua\" data-scaytid=\"1304\">lengua<\/span> <span data-scayt_word=\"aranesa\" data-scaytid=\"1305\">aranesa<\/span>, <span data-scayt_word=\"junto\" data-scaytid=\"1320\">junto<\/span> con el <span data-scayt_word=\"catal\u00e1n\" data-scaytid=\"1306\">catal\u00e1n<\/span> y el <span data-scayt_word=\"castellano\" data-scaytid=\"1322\">castellano<\/span>, en <span data-scayt_word=\"todo\" data-scaytid=\"1307\">todo<\/span> el <span data-scayt_word=\"territorio\" data-scaytid=\"1308\">territorio<\/span> <span data-scayt_word=\"aran\u00e9s\" data-scaytid=\"1309\">aran\u00e9s<\/span>; <span data-scayt_word=\"actualiza\" data-scaytid=\"1326\">actualiza<\/span> <span data-scayt_word=\"las\" data-scaytid=\"1310\">las<\/span> <span data-scayt_word=\"antiguas\" data-scaytid=\"1311\">antiguas<\/span> <span data-scayt_word=\"instituciones\" data-scaytid=\"1312\">instituciones<\/span> <span data-scayt_word=\"pol\u00edticas\" data-scaytid=\"1330\">pol\u00edticas<\/span> del <span data-scayt_word=\"valle\" data-scaytid=\"1313\">valle<\/span> y <span data-scayt_word=\"restaura\" data-scaytid=\"1332\">restaura<\/span> <span data-scayt_word=\"su\" data-scaytid=\"1314\">su<\/span> <em><span data-scayt_word=\"Conselh\" data-scaytid=\"1334\">Conselh<\/span> <span data-scayt_word=\"Generau\" data-scaytid=\"1335\">Generau<\/span><\/em> (<span data-scayt_word=\"Consejo\" data-scaytid=\"1432\">Consejo<\/span> General, <span data-scayt_word=\"\u00f3rgano\" data-scaytid=\"1433\">\u00f3rgano<\/span> <span data-scayt_word=\"legislativo\" data-scaytid=\"1434\">legislativo<\/span>), <span data-scayt_word=\"que\" data-scaytid=\"1361\">que<\/span> <span data-scayt_word=\"tiene\" data-scaytid=\"1436\">tiene<\/span> <span data-scayt_word=\"competencias\" data-scaytid=\"1437\">competencias<\/span> en <span data-scayt_word=\"materia\" data-scaytid=\"1438\">materia<\/span> de <span data-scayt_word=\"educaci\u00f3n\" data-scaytid=\"1439\">educaci\u00f3n<\/span>, <span data-scayt_word=\"sanidad\" data-scaytid=\"1440\">sanidad<\/span>, <span data-scayt_word=\"cultura\" data-scaytid=\"1441\">cultura<\/span>, <span data-scayt_word=\"servicios\" data-scaytid=\"1442\">servicios<\/span> <span data-scayt_word=\"sociales\" data-scaytid=\"1443\">sociales<\/span>, <span data-scayt_word=\"ordenaci\u00f3n\" data-scaytid=\"1444\">ordenaci\u00f3n<\/span> del <span data-scayt_word=\"territorio\" data-scaytid=\"1362\">territorio<\/span>, <span data-scayt_word=\"transportes\" data-scaytid=\"1446\">transportes<\/span> y <span data-scayt_word=\"comunicaciones\" data-scaytid=\"1447\">comunicaciones<\/span>, <span data-scayt_word=\"turismo\" data-scaytid=\"1448\">turismo<\/span>, <span data-scayt_word=\"agricultura\" data-scaytid=\"1449\">agricultura<\/span>, <span data-scayt_word=\"ganader\u00eda\" data-scaytid=\"1450\">ganader\u00eda<\/span>, <span data-scayt_word=\"pesca\" data-scaytid=\"1451\">pesca<\/span> y <span data-scayt_word=\"medio\" data-scaytid=\"1452\">medio<\/span> <span data-scayt_word=\"ambiente\" data-scaytid=\"1453\">ambiente<\/span>.<\/p>\n<p> \t\u00a0<\/p>\n<p> \tEl <em><span data-scayt_word=\"Conselh\" data-scaytid=\"1545\">Conselh<\/span><\/em> <span data-scayt_word=\"est\u00e1\" data-scaytid=\"1747\">est\u00e1<\/span> <span data-scayt_word=\"integrado\" data-scaytid=\"1748\">integrado<\/span> <span data-scayt_word=\"por\" data-scaytid=\"1546\">por<\/span> 13 <em><span data-scayt_word=\"consellers\" data-scaytid=\"1750\">consellers<\/span><\/em> (<span data-scayt_word=\"consejeros\" data-scaytid=\"1751\">consejeros<\/span>), <span data-scayt_word=\"elegidos\" data-scaytid=\"1753\">elegidos<\/span> <span data-scayt_word=\"cada\" data-scaytid=\"1754\">cada<\/span> <span data-scayt_word=\"cuatro\" data-scaytid=\"1755\">cuatro<\/span> <span data-scayt_word=\"a\u00f1os\" data-scaytid=\"1757\">a\u00f1os<\/span> en <span data-scayt_word=\"las\" data-scaytid=\"1547\">las<\/span> <span data-scayt_word=\"seis\" data-scaytid=\"1549\">seis<\/span> <span data-scayt_word=\"circunscripciones\" data-scaytid=\"1761\">circunscripciones<\/span> <span data-scayt_word=\"que\" data-scaytid=\"1550\">que<\/span> <span data-scayt_word=\"abarcan\" data-scaytid=\"1764\">abarcan<\/span> el total de <span data-scayt_word=\"las\" data-scaytid=\"1548\">las<\/span> <span data-scayt_word=\"poblaciones\" data-scaytid=\"1765\">poblaciones<\/span> del <span data-scayt_word=\"valle\" data-scaytid=\"1552\">valle<\/span>: <span data-scayt_word=\"Puj\u00f2lo\" data-scaytid=\"1767\">Puj\u00f2lo<\/span> (al <span data-scayt_word=\"que\" data-scaytid=\"1551\">que<\/span> <span data-scayt_word=\"corresponden\" data-scaytid=\"1768\">corresponden<\/span> dos <span data-scayt_word=\"consejeros\" data-scaytid=\"1752\">consejeros<\/span> <span data-scayt_word=\"seg\u00fan\" data-scaytid=\"1769\">seg\u00fan<\/span> <span data-scayt_word=\"criterio\" data-scaytid=\"1770\">criterio<\/span> <span data-scayt_word=\"demogr\u00e1fico\" data-scaytid=\"1771\">demogr\u00e1fico<\/span>), <span data-scayt_word=\"Arties\" data-scaytid=\"1772\">Arties<\/span> e <span data-scayt_word=\"Gar\u00f2s\" data-scaytid=\"1773\">Gar\u00f2s<\/span> (dos), <span data-scayt_word=\"Casti\u00e8ro\" data-scaytid=\"1774\">Casti\u00e8ro<\/span> (<span data-scayt_word=\"cuatro\" data-scaytid=\"1756\">cuatro<\/span>), <span data-scayt_word=\"Marcatosa\" data-scaytid=\"1775\">Marcatosa<\/span> (<span data-scayt_word=\"uno\" data-scaytid=\"1553\">uno<\/span>), <span data-scayt_word=\"Irissa\" data-scaytid=\"1778\">Irissa<\/span> (<span data-scayt_word=\"uno\" data-scaytid=\"1554\">uno<\/span>) y <span data-scayt_word=\"Quate\" data-scaytid=\"1779\">Quate<\/span> <span data-scayt_word=\"L\u00f2cs\" data-scaytid=\"1780\">L\u00f2cs<\/span> (<span data-scayt_word=\"tres\" data-scaytid=\"1781\">tres<\/span>).<\/p>\n<p> \t\u00a0<\/p>\n<p> \t<strong>Los <span data-scayt_word=\"partidos\" data-scaytid=\"1782\">partidos<\/span> <span data-scayt_word=\"araneses\" data-scaytid=\"1555\">araneses<\/span><\/strong><\/p>\n<p> \t\u00a0<\/p>\n<p> \tLos 13 consejeros eligen al <em>s\u00edndic<\/em> (jefe de gobierno). Desde 2011, el cargo est\u00e1 ocupado por Carles Barrera, del partido Converg\u00e9ncia Democratica Aranesa (CDA), una formaci\u00f3n pol\u00edtica de cariz liberal y nacionalista aran\u00e9s que actualmente cuenta con siete consejeros y un representante en el <em>Parlament<\/em> de Catalu\u00f1a (integrado en el grupo parlamentario de Converg\u00e8ncia i Uni\u00f3, federaci\u00f3n con la que CDA mantiene lazos org\u00e1nicos).<\/p>\n<p> \t\u00a0<\/p>\n<p> \tOtras dos fuerzas pol\u00edticas est\u00e1n representadas en el <em>Conselh.<\/em> La principal de ellas es Unitat d&rsquo;Aran (UA), de orientaci\u00f3n progresista y aranesista, asociada al Partit dels Socialistes de Catalunya; ocupa cinco esca\u00f1os. Por \u00faltimo, el Partido Renovador de Arties-Gar\u00f2s, que recoge reivindicaciones municipales de ambas localidades y cuenta con un <em>conseller.<\/em><\/p>\n<p> \t\u00a0<\/p>\n<p> \t<strong>Pol\u00e9mica sobre la consulta soberanista catalana<\/strong><\/p>\n<p> \t\u00a0<\/p>\n<p> \tEl <span data-scayt_word=\"anuncio\" data-scaytid=\"937\">anuncio<\/span> de la <span data-scayt_word=\"puesta\" data-scaytid=\"938\">puesta<\/span> en <span data-scayt_word=\"marcha\" data-scaytid=\"939\">marcha<\/span> del <span data-scayt_word=\"proceso\" data-scaytid=\"865\">proceso<\/span> <span data-scayt_word=\"soberanista\" data-scaytid=\"866\">soberanista<\/span> con <span data-scayt_word=\"que\" data-scaytid=\"867\">que<\/span> el <em>president<\/em> <span data-scayt_word=\"Mas\" data-scaytid=\"943\">Mas<\/span> <span data-scayt_word=\"sorprendi\u00f3\" data-scaytid=\"944\">sorprendi\u00f3<\/span> a <span data-scayt_word=\"todo\" data-scaytid=\"945\">todo<\/span> el <span data-scayt_word=\"Estado\" data-scaytid=\"868\">Estado<\/span> en <span data-scayt_word=\"septiembre\" data-scaytid=\"947\">septiembre<\/span> de 2012, <span data-scayt_word=\"suscit\u00f3\" data-scaytid=\"948\">suscit\u00f3<\/span> en <span data-scayt_word=\"Ar\u00e1n\" data-scaytid=\"869\">Ar\u00e1n<\/span> un debate particular <span data-scayt_word=\"sobre\" data-scaytid=\"950\">sobre<\/span> la <span data-scayt_word=\"capacidad\" data-scaytid=\"951\">capacidad<\/span> <span data-scayt_word=\"jur\u00eddica\" data-scaytid=\"952\">jur\u00eddica<\/span> de <span data-scayt_word=\"sus\" data-scaytid=\"870\">sus<\/span> <span data-scayt_word=\"ciudadanos\" data-scaytid=\"954\">ciudadanos<\/span> <span data-scayt_word=\"para\" data-scaytid=\"871\">para<\/span> <span data-scayt_word=\"decidir\" data-scaytid=\"872\">decidir<\/span> en <span data-scayt_word=\"las\" data-scaytid=\"873\">las<\/span> <span data-scayt_word=\"urnas\" data-scaytid=\"958\">urnas<\/span> <span data-scayt_word=\"si\" data-scaytid=\"959\">si<\/span> <span data-scayt_word=\"quieren\" data-scaytid=\"960\">quieren<\/span> <span data-scayt_word=\"sumarse\" data-scaytid=\"961\">sumarse<\/span> a <span data-scayt_word=\"una\" data-scaytid=\"874\">una<\/span> <span data-scayt_word=\"hipot\u00e9tica\" data-scaytid=\"963\">hipot\u00e9tica<\/span> <span data-scayt_word=\"independencia\" data-scaytid=\"964\">independencia<\/span> de <span data-scayt_word=\"Catalu\u00f1a\" data-scaytid=\"875\">Catalu\u00f1a<\/span> o, <span data-scayt_word=\"por\" data-scaytid=\"876\">por<\/span> el <span data-scayt_word=\"contrario\" data-scaytid=\"967\">contrario<\/span>, <span data-scayt_word=\"prefieren\" data-scaytid=\"968\">prefieren<\/span> <span data-scayt_word=\"otras\" data-scaytid=\"969\">otras<\/span> <span data-scayt_word=\"opciones\" data-scaytid=\"970\">opciones<\/span> de <span data-scayt_word=\"futuro\" data-scaytid=\"877\">futuro<\/span>, en especial la <span data-scayt_word=\"permanencia\" data-scaytid=\"972\">permanencia<\/span> en <span data-scayt_word=\"Espa\u00f1a\" data-scaytid=\"878\">Espa\u00f1a<\/span>.<\/p>\n<p> \t\u00a0<\/p>\n<p> \tEl 11 de septiembre de 2013, con ocasi\u00f3n de la hist\u00f3rica <em>Diada<\/em> de Catalu\u00f1a en que mill\u00f3n y medio de personas atravesaron todo el territorio del <em>Principat<\/em> formando una cadena humana, Francesc Boya, secretario general de Unitat d&rsquo;Aran y senador por el Partit del Socialistes de Catalunya, abog\u00f3 por la realizaci\u00f3n de una consulta espec\u00edfica sobre el futuro del valle, que deber\u00eda celebrarse de modo simult\u00e1neo a la de los dem\u00e1s catalanes. Boya justific\u00f3 su propuesta en el respeto al \u00abv\u00ednculo libre&rdquo; de Ar\u00e1n &ldquo;con la Corona de Arag\u00f3n, el Principado de Catalu\u00f1a y el Reino de Espa\u00f1a\u00bb. Por supuesto, el pol\u00edtico aran\u00e9s defendi\u00f3 el compromiso de respetar la decisi\u00f3n de sus paisanos, fuera o no distinta a la adoptada por la mayor\u00eda de la ciudadan\u00eda catalana.<\/p>\n<p> \t\u00a0<\/p>\n<p> \tEn parecidos t\u00e9rminos se manifest\u00f3 a principios de 2014 el alcalde de Viella, \u00c0lex Moga, que a la saz\u00f3n es secretario general de Converg\u00e8ncia Democr\u00e0tica Aranesa y diputado del <em>Parlament<\/em> de Catalunya en el grupo parlamentario de Converg\u00e8ncia i Uni\u00f3. El mun\u00edcipe reivindic\u00f3 la capacidad legislativa de autodeterminaci\u00f3n para definir la futura relaci\u00f3n del valle con Catalu\u00f1a y Espa\u00f1a.<\/p>\n<p> \t\u00a0<\/p>\n<p> \t<strong>Araneses&hellip; \u00bfy catalanes?<\/strong><\/p>\n<p> \t\u00a0<\/p>\n<p> \tEstas exigencias, m\u00e1s o menos formales, parecen responder a un estado de opini\u00f3n ampliamente extendido entre los 10.000 habitantes de Ar\u00e1n. En l\u00edneas generales, los naturales del valle anteponen su sentimiento aranesista al v\u00ednculo con Catalu\u00f1a, sin que ello suponga rechazo. Adem\u00e1s, buena parte del censo est\u00e1 formado por inmigrantes, la mayor\u00eda espa\u00f1oles, llegados para trabajar en las dos principales actividades comarcales, la construcci\u00f3n y la hosteler\u00eda. Por \u00faltimo, el influyente sector empresarial teme que la ruptura entre Catalu\u00f1a y Espa\u00f1a prive al valle del numeroso turismo espa\u00f1ol (el 40 % de sus visitantes).<\/p>\n<p> \t\u00a0<\/p>\n<p> \tSeg\u00fan un estudio sociol\u00f3gico de Mireia Faure, <em>El sentiment de nacionalitat de la Val d&#8217;Aran<\/em> (2007), la mayor\u00eda de los habitantes del valle se siente aranesa (65 %) y desea mantener sus instituciones de gobierno propias, as\u00ed como la protecci\u00f3n de la lengua y las manifestaciones culturales aut\u00f3ctonas (el 95 % de la poblaci\u00f3n entiende el aran\u00e9s, y lo habla un 70 %). Sin embargo, a un nivel superior, la adscripci\u00f3n nacional espa\u00f1ola (43 %) supera a la catalana (35 %).<\/p>\n<p> \t\u00a0<\/p>\n<p> \t<strong>Responden los partidos<\/strong><\/p>\n<p> \t\u00a0<\/p>\n<p> \tEsta publicaci\u00f3n pidi\u00f3 la opini\u00f3n de los tres partidos pol\u00edticos representados en el Conselh Generau d&rsquo;Aran sobre la situaci\u00f3n pol\u00edtica y social del valle, y c\u00f3mo no, acerca de su hipot\u00e9tica autodeterminaci\u00f3n. Solo se recibi\u00f3 contestaci\u00f3n escrita de los dos partidos mayoritarios. Respondieron las secretarias de Organizaci\u00f3n de ambas fuerzas: Victoria Saurina, de Converg\u00e8ncia Democratica Aranesa, y Maria Verg\u00e9s, de Unitat d&rsquo;Aran.<\/p>\n<p> \t\u00a0<\/p>\n<p> \t<strong>Pregunta: \u00bfHay, a juicio de ustedes, un conflicto social entre las identidades catalana y aranesa? \u00bfSe siente Ar\u00e1n incluido en la naci\u00f3n catalana?<\/strong><\/p>\n<p> \t\u00a0<\/p>\n<p> \t<strong>CDA:<\/strong>No hay ning\u00fan conflicto entre identidades. M\u00e1s bien al contrario, hemos encontrado en la identidad catalana el mayor y mejor c\u00f3mplice para recuperar y preservar nuestra instituciones, nuestra cultura, nuestra lengua y nuestros derechos hist\u00f3ricos. Solo hay que ver lo que el <em>Parlament de Catalunya<\/em> nos ha devuelto en los \u00faltimos 35 a\u00f1os. \u00a1Aran es un pa\u00eds incluido en la naci\u00f3n catalana, con personalidad propia y un reconocimiento expl\u00edcito y singular, algo \u00fanico en toda Europa!<\/p>\n<p> \t\u00a0<\/p>\n<p> \t<strong>UA:<\/strong>De ninguna manera podemos hablar de un conflicto social entre las identidades catalana y aranesa, que llevan conviviendo m\u00e1s de 500 a\u00f1os. Otra cosa es el amplio desconocimiento del hecho diferencial aran\u00e9s por parte de la inmensa mayor\u00eda de los catalanes y catalanas, incluida la propia clase pol\u00edtica, debido a la ausencia por ambas partes de una labor de divulgaci\u00f3n pedag\u00f3gica. Ar\u00e1n es una realidad nacional dotada de l\u00edmites geogr\u00e1ficos concretos, de lengua, cultura e historia propias, y de la voluntad de seguir siendo la misma que quiere mantener y respetar los pactos seculares de convivencia con Catalu\u00f1a y Espa\u00f1a.<\/p>\n<p> \t\u00a0<\/p>\n<p> \t<strong>El valle cuenta con su propia ley administrativa, actualmente en fase de revisi\u00f3n. \u00bfLa consideran ustedes suficiente para las necesidades de Ar\u00e1n?<\/strong><\/p>\n<p> \t\u00a0<\/p>\n<p> \t<strong>CDA:<\/strong>Es el marco de desarrollo m\u00e1s grande posible en el actual Estatuto de Catalu\u00f1a y en la actual Constituci\u00f3n espa\u00f1ola. Con su revisi\u00f3n tendremos la mejor ley posible, que dar\u00e1 al valle un instrumento que permitir\u00e1 mejorar el estado del bienestar, ofrecer instrumentos para un mayor progreso, reforzar nuestra identidad y mostrarnos a Europa y al mundo como un ejemplo \u00fanico. Est\u00e1 en nuestras manos.<\/p>\n<p> \t\u00a0<\/p>\n<p> \t<strong>UA:<\/strong>La ley de r\u00e9gimen especial del Valle de Ar\u00e1n fue aprobada por el <em>Parlament<\/em> de Catalu\u00f1a en 1990, con diez a\u00f1os de retraso con respecto al mandato del <em>Estatut<\/em> de Sau, y deb\u00eda ser revisada y actualizada en el plazo de cuatro a\u00f1os, seg\u00fan la disposici\u00f3n adicional 5\u00aa del vigente Estatuto de Autonom\u00eda de 2006 (han transcurrido ocho a\u00f1os). Es claramente insuficiente para las necesidades de Ar\u00e1n, sobre todo por lo relativo a la financiaci\u00f3n de las competencias acordadas y en la reforma del sistema de elecci\u00f3n de consejeros, claramente antidemocr\u00e1tico y poco representativo.<\/p>\n<p> \t\u00a0<\/p>\n<p> \t<strong>\u00bfCu\u00e1les son las reivindicaciones econ\u00f3micas del valle ante la <em>Generalitat<\/em> catalana?<\/strong><\/p>\n<p> \t\u00a0<\/p>\n<p> \t<strong>CDA: <\/strong>Un marco estable que nos permita ejercer nuestro autogobierno, focalizando este en una mejora para la sociedad y las personas que la conformamos actualmente, y para las pr\u00f3ximas generaciones.<\/p>\n<p> \t\u00a0<\/p>\n<p> \t<strong>UA:<\/strong>Tal como se ha expresado en la pregunta anterior, es absolutamente imposible la implantaci\u00f3n de un autogobierno sin un sistema de financiaci\u00f3n estable e independiente de los vaivenes pol\u00edticos y de la voluntad o generosidad de una de las partes.<\/p>\n<p> \t\u00a0<\/p>\n<p> \t<strong>\u00bfLos recelos de la ciudadan\u00eda de Ar\u00e1n hacia la consulta catalana de autodeterminaci\u00f3n se deben en exclusiva a factores econ\u00f3micos (el temor por el cese de la afluencia del turismo espa\u00f1ol al valle)?<\/strong><\/p>\n<p> \t\u00a0<\/p>\n<p> \t<strong>CDA:<\/strong>\u00a1Sin duda! Pero tambi\u00e9n cabe hablar del sentimiento de muchos araneses que han nacido en otras partes de Espa\u00f1a. Hay que ser objetivo con los planteamientos: en las \u00faltimas elecciones al Parlamento Europeo, los partidos favorables al derecho a decidir sumaron en Ar\u00e1n un 49 % de los votos, frente al 51 % reunido por las fuerzas que rechazan este derecho. La situaci\u00f3n est\u00e1 cambiando. Pero estamos en un punto en que nada de eso se pone a debate, sino el futuro de nuestras generaciones venideras. Somos herederos de las historia de miles de araneses que lucharon por ser lo que somos y estar\u00e1n orgullosos de vernos luchar por lo que ellos so\u00f1aron y nosotros deseamos, como araneses y aranesas.<\/p>\n<p> \t\u00a0<\/p>\n<p> \t<strong>UA:<\/strong>La ciudadan\u00eda de Aran, como la ciudadan\u00eda de Catalu\u00f1a, es diversa y plural, y los recelos a los que alude en su pregunta pueden tener motivaciones diversas: personales, pol\u00edticas, identitarias, sociales y tambi\u00e9n econ\u00f3micas.<\/p>\n<p> \t\u00a0<\/p>\n<p> \t<strong>\u00bfDefienden ustedes la celebraci\u00f3n de una consulta aranesa en paralelo a la catalana?<\/strong><\/p>\n<p> \t\u00a0<\/p>\n<p> \t<strong>CDA:<\/strong>Como todos los pueblos, el Valle de Aran tiene derecho a decidir su futuro, y CDA lo defiende. Pero la sociedad aranesa no cuestiona su relaci\u00f3n con Catalu\u00f1a. Es Catalu\u00f1a la que cuestiona su relaci\u00f3n con Espa\u00f1a, y mezclar conceptos solo se debe a intereses partidistas que buscan la divisi\u00f3n del pueblo aran\u00e9s y ponen incluso en peligro nuestra supervivencia como pueblo hist\u00f3rico.<\/p>\n<p> \t\u00a0<\/p>\n<p> \t<strong>UA:<\/strong>En el <span data-scayt_word=\"bien\" data-scaytid=\"1363\">bien<\/span> <span data-scayt_word=\"entendido\" data-scaytid=\"1364\">entendido<\/span> de <span data-scayt_word=\"que\" data-scaytid=\"1336\">que<\/span>, <span data-scayt_word=\"como\" data-scaytid=\"1339\">como<\/span> <span data-scayt_word=\"dijo\" data-scaytid=\"1370\">dijo<\/span> en <span data-scayt_word=\"su\" data-scaytid=\"1341\">su<\/span> <span data-scayt_word=\"d\u00eda\" data-scaytid=\"1373\">d\u00eda<\/span> Juan <span data-scayt_word=\"XXIII\" data-scaytid=\"1374\">XXIII<\/span>, <span data-scayt_word=\"\u201caquel\" data-scaytid=\"1375\">&ldquo;aquel<\/span> <span data-scayt_word=\"que\" data-scaytid=\"1337\">que<\/span> <span data-scayt_word=\"tiene\" data-scaytid=\"1376\">tiene<\/span> <span data-scayt_word=\"determinados\" data-scaytid=\"1378\">determinados<\/span> <span data-scayt_word=\"derechos\" data-scaytid=\"1343\">derechos<\/span>, <span data-scayt_word=\"tiene\" data-scaytid=\"1377\">tiene<\/span> <span data-scayt_word=\"asimismo\" data-scaytid=\"1381\">asimismo<\/span> <span data-scayt_word=\"como\" data-scaytid=\"1340\">como<\/span> <span data-scayt_word=\"expresi\u00f3n\" data-scaytid=\"1382\">expresi\u00f3n<\/span> de <span data-scayt_word=\"su\" data-scaytid=\"1342\">su<\/span> <span data-scayt_word=\"dignidad\" data-scaytid=\"1383\">dignidad<\/span> la <span data-scayt_word=\"obligaci\u00f3n\" data-scaytid=\"1384\">obligaci\u00f3n<\/span> de <span data-scayt_word=\"reclamarlos\u201d\" data-scaytid=\"1385\">reclamarlos&rdquo;<\/span>, el pueblo <span data-scayt_word=\"catal\u00e1n\" data-scaytid=\"1345\">catal\u00e1n<\/span> y el pueblo <span data-scayt_word=\"aran\u00e9s\" data-scaytid=\"1346\">aran\u00e9s<\/span>, <span data-scayt_word=\"claramente\" data-scaytid=\"1388\">claramente<\/span> <span data-scayt_word=\"diferenciados\" data-scaytid=\"1389\">diferenciados<\/span>, <span data-scayt_word=\"tienen\" data-scaytid=\"1390\">tienen<\/span> los <span data-scayt_word=\"mismos\" data-scaytid=\"1391\">mismos<\/span> <span data-scayt_word=\"derechos\" data-scaytid=\"1344\">derechos<\/span>, <span data-scayt_word=\"que\" data-scaytid=\"1338\">que<\/span> <span data-scayt_word=\"pueden\" data-scaytid=\"1392\">pueden<\/span> o <span data-scayt_word=\"deban\" data-scaytid=\"1393\">deban<\/span> <span data-scayt_word=\"reclamarse\" data-scaytid=\"1394\">reclamarse<\/span> o, <span data-scayt_word=\"si\" data-scaytid=\"1347\">si<\/span> se <span data-scayt_word=\"quiere\" data-scaytid=\"1396\">quiere<\/span>, <span data-scayt_word=\"exigirse\" data-scaytid=\"1397\">exigirse<\/span> con <span data-scayt_word=\"arreglo\" data-scaytid=\"1398\">arreglo<\/span> a <span data-scayt_word=\"las\" data-scaytid=\"1348\">las<\/span> <span data-scayt_word=\"leyes\" data-scaytid=\"1350\">leyes<\/span> y con <span data-scayt_word=\"respeto\" data-scaytid=\"1403\">respeto<\/span> al <span data-scayt_word=\"ordenamiento\" data-scaytid=\"1404\">ordenamiento<\/span> <span data-scayt_word=\"jur\u00eddico\" data-scaytid=\"1352\">jur\u00eddico<\/span>, sin <span data-scayt_word=\"violentarlo\" data-scaytid=\"1406\">violentarlo<\/span>. Nos <span data-scayt_word=\"gustar\u00eda\" data-scaytid=\"1407\">gustar\u00eda<\/span> <span data-scayt_word=\"recordar\" data-scaytid=\"1408\">recordar<\/span> <span data-scayt_word=\"aqu\u00ed\" data-scaytid=\"1409\">aqu\u00ed<\/span> <span data-scayt_word=\"las\" data-scaytid=\"1349\">las<\/span> <span data-scayt_word=\"palabras\" data-scaytid=\"1410\">palabras<\/span> de <span data-scayt_word=\"despedida\" data-scaytid=\"1411\">despedida<\/span> a <span data-scayt_word=\"sus\" data-scaytid=\"1353\">sus<\/span> <span data-scayt_word=\"hijos\" data-scaytid=\"1415\">hijos<\/span> del general Domingo <span data-scayt_word=\"Batet\" data-scaytid=\"1416\">Batet<\/span>, <span data-scayt_word=\"fusilado\" data-scaytid=\"1417\">fusilado<\/span> <span data-scayt_word=\"por\" data-scaytid=\"1356\">por<\/span> el <span data-scayt_word=\"r\u00e9gimen\" data-scaytid=\"1420\">r\u00e9gimen<\/span> de Franco: &ldquo;Las <span data-scayt_word=\"naciones\" data-scaytid=\"1421\">naciones<\/span> <span data-scayt_word=\"sufren\" data-scaytid=\"1422\">sufren<\/span> <span data-scayt_word=\"mucho\" data-scaytid=\"1423\">mucho<\/span> <span data-scayt_word=\"por\" data-scaytid=\"1357\">por<\/span> no <span data-scayt_word=\"cumplirse\" data-scaytid=\"1425\">cumplirse<\/span> <span data-scayt_word=\"sus\" data-scaytid=\"1354\">sus<\/span> <span data-scayt_word=\"leyes\" data-scaytid=\"1351\">leyes<\/span> y el mal <span data-scayt_word=\"es\" data-scaytid=\"1358\">es<\/span> <span data-scayt_word=\"mucho\" data-scaytid=\"1424\">mucho<\/span> mayor <span data-scayt_word=\"cuando\" data-scaytid=\"1359\">cuando<\/span> <span data-scayt_word=\"faltan\" data-scaytid=\"1428\">faltan<\/span> a <span data-scayt_word=\"ellas\" data-scaytid=\"1360\">ellas<\/span> <span data-scayt_word=\"sus\" data-scaytid=\"1355\">sus<\/span> <span data-scayt_word=\"propios\" data-scaytid=\"1430\">propios<\/span> <span data-scayt_word=\"gobernantes\u201d\" data-scaytid=\"1431\">gobernantes&rdquo;<\/span>.<\/p>\n<p> \t\u00a0<\/p>\n<p> \t<strong>\u00bfQu\u00e9 pregunta creen ustedes que deber\u00eda formularse a los araneses, en esa consulta paralela?<\/strong><\/p>\n<p> \t\u00a0<\/p>\n<p> \t<strong>CDA:<\/strong>Si en alg\u00fan momento Catalu\u00f1a se comportara con el Valle de Ar\u00e1n como Espa\u00f1a se comporta con Catalu\u00f1a, ser\u00e1 el momento de ejercer un derecho (la consulta) que por lo que vemos alguien no est\u00e1 dispuesto a reconocer democr\u00e1ticamente.<\/p>\n<p> \t\u00a0<\/p>\n<p> \t<strong>UA:<\/strong>La o las preguntas a formular a los araneses deber\u00edan contemplar todas las posibilidades y establecer el modelo de relaci\u00f3n tanto con una hipot\u00e9tica Catalu\u00f1a independiente como con el Estado Espa\u00f1ol.<\/p>\n<p> \t\u00a0<\/p>\n<p> \t<strong>En caso de que Catalu\u00f1a alcanzara su independencia, \u00bfcontemplan ustedes la posibilidad de un Ar\u00e1n desgajado de Catalu\u00f1a, que permaneciera en el Estado espa\u00f1ol?<\/strong><\/p>\n<p> \t\u00a0<\/p>\n<p> \t<strong>CDA:<\/strong>\u00a1No! Nosotros defendemos que el Valle de Ar\u00e1n sea una Entidad Territorial Aut\u00f3noma con capacidad legislativa y ejecutiva, es decir, una autonom\u00eda avanzada. Hemos defendido y dise\u00f1ado el aranesismo moderno y hemos pautado los ejes estrat\u00e9gicos que permitir\u00e1n a todos los araneses y aranesas vivir en una sociedad m\u00e1s justa, con mejores servicios p\u00fablicos, con mayor progreso econ\u00f3mico y dentro de un pa\u00eds propio con los mejores instrumentos posibles para garantizar el desarrollo de las personas en plena libertad.<\/p>\n<p> \t\u00a0<\/p>\n<p> \t<strong>UA: <\/strong><span data-scayt_word=\"Esa\" data-scaytid=\"1716\">Esa<\/span> <span data-scayt_word=\"es\" data-scaytid=\"1717\">es<\/span> <span data-scayt_word=\"una\" data-scaytid=\"1718\">una<\/span> cuesti\u00f3n <span data-scayt_word=\"que\" data-scaytid=\"1719\">que<\/span> deber\u00edan <span data-scayt_word=\"decidir\" data-scaytid=\"1720\">decidir<\/span> los <span data-scayt_word=\"propios\" data-scaytid=\"1721\">propios<\/span> <span data-scayt_word=\"araneses\" data-scaytid=\"1722\">araneses<\/span> en esa <span data-scayt_word=\"hipot\u00e9tica\" data-scaytid=\"1723\">hipot\u00e9tica<\/span> circunstancia.<\/p>\n<p> \t\u00a0<\/p>\n<p> \t<strong>Del mismo modo, dada una hipot\u00e9tica independencia de Catalu\u00f1a, \u00bfcontemplan la posibilidad de un Ar\u00e1n independiente (como Andorra, por poner un ejemplo cercano)?<\/strong><\/p>\n<p> \t\u00a0<\/p>\n<p> \t<strong>CDA:<\/strong>Como partido aranesista, no nos ponemos l\u00edmites a nuestra ambici\u00f3n en favor del Valle de Ar\u00e1n y de sus ciudadanos. Pero hay que ser realista antes de poner sobre la mesa debates que pueden hacer m\u00e1s da\u00f1o que bien com\u00fan.<\/p>\n<p> \t\u00a0<\/p>\n<p> \t<strong>UA:<\/strong>Contemplamos todas las posibilidades expuestas, sin excluir otras tal vez m\u00e1s adecuadas a nuestra realidad, siempre sujetas a la voluntad libremente expresada de los araneses, sin olvidar por otra parte que la cuesti\u00f3n identitaria es importante, pero la realidad social y econ\u00f3mica de los araneses no lo es menos.<\/p>","protected":false},"excerpt":{"rendered":"<p>El Valle de Ar\u00e1n es una comarca catalana con personalidad hist\u00f3rica y cultural diferenciada, situaci\u00f3n que se materializa en una lengua propia, un estatuto jur\u00eddico particular y tambi\u00e9n, como respuesta al proceso soberanista catal\u00e1n, en la voluntad de decidir su propio futuro con respecto a Catalu\u00f1a y Espa\u00f1a. \u00a0 \u00a0 [&hellip;]<\/p>\n","protected":false},"author":1,"featured_media":0,"comment_status":"open","ping_status":"open","sticky":false,"template":"","format":"standard","meta":{"footnotes":""},"categories":[76],"tags":[],"class_list":["post-5946","post","type-post","status-publish","format-standard","hentry","category-barcelona"],"yoast_head":"<!-- This site is optimized with the Yoast SEO plugin v27.5 - https:\/\/yoast.com\/product\/yoast-seo-wordpress\/ -->\n<title>El Valle de Ar\u00e1n, la otra consulta catalana - Revista Rambla<\/title>\n<meta name=\"robots\" content=\"index, follow, max-snippet:-1, max-image-preview:large, max-video-preview:-1\" \/>\n<link rel=\"canonical\" href=\"https:\/\/www.revistarambla.com\/en\/el-valle-de-aran-la-otra-consulta-catalana\/\" \/>\n<meta property=\"og:locale\" content=\"en_GB\" \/>\n<meta property=\"og:type\" content=\"article\" \/>\n<meta property=\"og:title\" content=\"El Valle de Ar\u00e1n, la otra consulta catalana - Revista Rambla\" \/>\n<meta property=\"og:description\" content=\"El Valle de Ar\u00e1n es una comarca catalana con personalidad hist\u00f3rica y cultural diferenciada, situaci\u00f3n que se materializa en una lengua propia, un estatuto jur\u00eddico particular y tambi\u00e9n, como respuesta al proceso soberanista catal\u00e1n, en la voluntad de decidir su propio futuro con respecto a Catalu\u00f1a y Espa\u00f1a. \u00a0 \u00a0 [&hellip;]\" \/>\n<meta property=\"og:url\" content=\"https:\/\/www.revistarambla.com\/en\/el-valle-de-aran-la-otra-consulta-catalana\/\" \/>\n<meta property=\"og:site_name\" content=\"Revista Rambla\" \/>\n<meta property=\"article:publisher\" content=\"https:\/\/www.facebook.com\/revistarambla\/\" \/>\n<meta property=\"article:published_time\" content=\"2014-09-19T04:47:07+00:00\" \/>\n<meta property=\"og:image\" content=\"https:\/\/i1.wp.com\/www.revistarambla.com\/wp-content\/uploads\/2014\/09\/Aran-revistarambla_2.jpg?fit=682%2C430&ssl=1\" \/>\n\t<meta property=\"og:image:width\" content=\"682\" \/>\n\t<meta property=\"og:image:height\" content=\"430\" \/>\n\t<meta property=\"og:image:type\" content=\"image\/jpeg\" \/>\n<meta name=\"author\" content=\"admin\" \/>\n<meta name=\"twitter:card\" content=\"summary_large_image\" \/>\n<meta name=\"twitter:creator\" content=\"@revistarambla\" \/>\n<meta name=\"twitter:site\" content=\"@revistarambla\" \/>\n<meta name=\"twitter:label1\" content=\"Written by\" \/>\n\t<meta name=\"twitter:data1\" content=\"admin\" \/>\n\t<meta name=\"twitter:label2\" content=\"Estimated reading time\" \/>\n\t<meta name=\"twitter:data2\" content=\"14 minutes\" \/>\n<script type=\"application\/ld+json\" class=\"yoast-schema-graph\">{\"@context\":\"https:\\\/\\\/schema.org\",\"@graph\":[{\"@type\":\"Article\",\"@id\":\"https:\\\/\\\/www.revistarambla.com\\\/el-valle-de-aran-la-otra-consulta-catalana\\\/#article\",\"isPartOf\":{\"@id\":\"https:\\\/\\\/www.revistarambla.com\\\/el-valle-de-aran-la-otra-consulta-catalana\\\/\"},\"author\":{\"name\":\"admin\",\"@id\":\"https:\\\/\\\/www.revistarambla.com\\\/#\\\/schema\\\/person\\\/4a5652fc8c82df1f8593002d038cd79e\"},\"headline\":\"El Valle de Ar\u00e1n, la otra consulta catalana\",\"datePublished\":\"2014-09-19T04:47:07+00:00\",\"mainEntityOfPage\":{\"@id\":\"https:\\\/\\\/www.revistarambla.com\\\/el-valle-de-aran-la-otra-consulta-catalana\\\/\"},\"wordCount\":2819,\"commentCount\":0,\"publisher\":{\"@id\":\"https:\\\/\\\/www.revistarambla.com\\\/#organization\"},\"image\":{\"@id\":\"https:\\\/\\\/www.revistarambla.com\\\/el-valle-de-aran-la-otra-consulta-catalana\\\/#primaryimage\"},\"thumbnailUrl\":\"https:\\\/\\\/www.revistarambla.com\\\/wp-content\\\/uploads\\\/2014\\\/09\\\/Aran-revistarambla_2.jpg\",\"articleSection\":[\"Barcelona\"],\"inLanguage\":\"en-GB\",\"potentialAction\":[{\"@type\":\"CommentAction\",\"name\":\"Comment\",\"target\":[\"https:\\\/\\\/www.revistarambla.com\\\/el-valle-de-aran-la-otra-consulta-catalana\\\/#respond\"]}]},{\"@type\":\"WebPage\",\"@id\":\"https:\\\/\\\/www.revistarambla.com\\\/el-valle-de-aran-la-otra-consulta-catalana\\\/\",\"url\":\"https:\\\/\\\/www.revistarambla.com\\\/el-valle-de-aran-la-otra-consulta-catalana\\\/\",\"name\":\"El Valle de Ar\u00e1n, la otra consulta catalana - Revista Rambla\",\"isPartOf\":{\"@id\":\"https:\\\/\\\/www.revistarambla.com\\\/#website\"},\"primaryImageOfPage\":{\"@id\":\"https:\\\/\\\/www.revistarambla.com\\\/el-valle-de-aran-la-otra-consulta-catalana\\\/#primaryimage\"},\"image\":{\"@id\":\"https:\\\/\\\/www.revistarambla.com\\\/el-valle-de-aran-la-otra-consulta-catalana\\\/#primaryimage\"},\"thumbnailUrl\":\"https:\\\/\\\/www.revistarambla.com\\\/wp-content\\\/uploads\\\/2014\\\/09\\\/Aran-revistarambla_2.jpg\",\"datePublished\":\"2014-09-19T04:47:07+00:00\",\"breadcrumb\":{\"@id\":\"https:\\\/\\\/www.revistarambla.com\\\/el-valle-de-aran-la-otra-consulta-catalana\\\/#breadcrumb\"},\"inLanguage\":\"en-GB\",\"potentialAction\":[{\"@type\":\"ReadAction\",\"target\":[\"https:\\\/\\\/www.revistarambla.com\\\/el-valle-de-aran-la-otra-consulta-catalana\\\/\"]}]},{\"@type\":\"ImageObject\",\"inLanguage\":\"en-GB\",\"@id\":\"https:\\\/\\\/www.revistarambla.com\\\/el-valle-de-aran-la-otra-consulta-catalana\\\/#primaryimage\",\"url\":\"https:\\\/\\\/www.revistarambla.com\\\/wp-content\\\/uploads\\\/2014\\\/09\\\/Aran-revistarambla_2.jpg\",\"contentUrl\":\"https:\\\/\\\/www.revistarambla.com\\\/wp-content\\\/uploads\\\/2014\\\/09\\\/Aran-revistarambla_2.jpg\"},{\"@type\":\"BreadcrumbList\",\"@id\":\"https:\\\/\\\/www.revistarambla.com\\\/el-valle-de-aran-la-otra-consulta-catalana\\\/#breadcrumb\",\"itemListElement\":[{\"@type\":\"ListItem\",\"position\":1,\"name\":\"Portada\",\"item\":\"https:\\\/\\\/www.revistarambla.com\\\/\"},{\"@type\":\"ListItem\",\"position\":2,\"name\":\"El Valle de Ar\u00e1n, la otra consulta catalana\"}]},{\"@type\":\"WebSite\",\"@id\":\"https:\\\/\\\/www.revistarambla.com\\\/#website\",\"url\":\"https:\\\/\\\/www.revistarambla.com\\\/\",\"name\":\"Revista Rambla Barcelona\",\"description\":\"Periodismo independiente\",\"publisher\":{\"@id\":\"https:\\\/\\\/www.revistarambla.com\\\/#organization\"},\"potentialAction\":[{\"@type\":\"SearchAction\",\"target\":{\"@type\":\"EntryPoint\",\"urlTemplate\":\"https:\\\/\\\/www.revistarambla.com\\\/?s={search_term_string}\"},\"query-input\":{\"@type\":\"PropertyValueSpecification\",\"valueRequired\":true,\"valueName\":\"search_term_string\"}}],\"inLanguage\":\"en-GB\"},{\"@type\":\"Organization\",\"@id\":\"https:\\\/\\\/www.revistarambla.com\\\/#organization\",\"name\":\"Revista Rambla\",\"url\":\"https:\\\/\\\/www.revistarambla.com\\\/\",\"logo\":{\"@type\":\"ImageObject\",\"inLanguage\":\"en-GB\",\"@id\":\"https:\\\/\\\/www.revistarambla.com\\\/#\\\/schema\\\/logo\\\/image\\\/\",\"url\":\"https:\\\/\\\/www.revistarambla.com\\\/wp-content\\\/uploads\\\/2020\\\/09\\\/banner_rambla_1900x600_BB.png\",\"contentUrl\":\"https:\\\/\\\/www.revistarambla.com\\\/wp-content\\\/uploads\\\/2020\\\/09\\\/banner_rambla_1900x600_BB.png\",\"width\":1900,\"height\":600,\"caption\":\"Revista Rambla\"},\"image\":{\"@id\":\"https:\\\/\\\/www.revistarambla.com\\\/#\\\/schema\\\/logo\\\/image\\\/\"},\"sameAs\":[\"https:\\\/\\\/www.facebook.com\\\/revistarambla\\\/\",\"https:\\\/\\\/x.com\\\/revistarambla\",\"https:\\\/\\\/www.instagram.com\\\/revista_rambla\",\"https:\\\/\\\/es.linkedin.com\\\/company\\\/revista-rambla\"]},{\"@type\":\"Person\",\"@id\":\"https:\\\/\\\/www.revistarambla.com\\\/#\\\/schema\\\/person\\\/4a5652fc8c82df1f8593002d038cd79e\",\"name\":\"admin\"}]}<\/script>\n<!-- \/ Yoast SEO plugin. -->","yoast_head_json":{"title":"El Valle de Ar\u00e1n, la otra consulta catalana - Revista Rambla","robots":{"index":"index","follow":"follow","max-snippet":"max-snippet:-1","max-image-preview":"max-image-preview:large","max-video-preview":"max-video-preview:-1"},"canonical":"https:\/\/www.revistarambla.com\/en\/el-valle-de-aran-la-otra-consulta-catalana\/","og_locale":"en_GB","og_type":"article","og_title":"El Valle de Ar\u00e1n, la otra consulta catalana - Revista Rambla","og_description":"El Valle de Ar\u00e1n es una comarca catalana con personalidad hist\u00f3rica y cultural diferenciada, situaci\u00f3n que se materializa en una lengua propia, un estatuto jur\u00eddico particular y tambi\u00e9n, como respuesta al proceso soberanista catal\u00e1n, en la voluntad de decidir su propio futuro con respecto a Catalu\u00f1a y Espa\u00f1a. \u00a0 \u00a0 [&hellip;]","og_url":"https:\/\/www.revistarambla.com\/en\/el-valle-de-aran-la-otra-consulta-catalana\/","og_site_name":"Revista Rambla","article_publisher":"https:\/\/www.facebook.com\/revistarambla\/","article_published_time":"2014-09-19T04:47:07+00:00","og_image":[{"width":682,"height":430,"url":"https:\/\/i1.wp.com\/www.revistarambla.com\/wp-content\/uploads\/2014\/09\/Aran-revistarambla_2.jpg?fit=682%2C430&ssl=1","type":"image\/jpeg"}],"author":"admin","twitter_card":"summary_large_image","twitter_creator":"@revistarambla","twitter_site":"@revistarambla","twitter_misc":{"Written by":"admin","Estimated reading time":"14 minutes"},"schema":{"@context":"https:\/\/schema.org","@graph":[{"@type":"Article","@id":"https:\/\/www.revistarambla.com\/el-valle-de-aran-la-otra-consulta-catalana\/#article","isPartOf":{"@id":"https:\/\/www.revistarambla.com\/el-valle-de-aran-la-otra-consulta-catalana\/"},"author":{"name":"admin","@id":"https:\/\/www.revistarambla.com\/#\/schema\/person\/4a5652fc8c82df1f8593002d038cd79e"},"headline":"El Valle de Ar\u00e1n, la otra consulta catalana","datePublished":"2014-09-19T04:47:07+00:00","mainEntityOfPage":{"@id":"https:\/\/www.revistarambla.com\/el-valle-de-aran-la-otra-consulta-catalana\/"},"wordCount":2819,"commentCount":0,"publisher":{"@id":"https:\/\/www.revistarambla.com\/#organization"},"image":{"@id":"https:\/\/www.revistarambla.com\/el-valle-de-aran-la-otra-consulta-catalana\/#primaryimage"},"thumbnailUrl":"https:\/\/www.revistarambla.com\/wp-content\/uploads\/2014\/09\/Aran-revistarambla_2.jpg","articleSection":["Barcelona"],"inLanguage":"en-GB","potentialAction":[{"@type":"CommentAction","name":"Comment","target":["https:\/\/www.revistarambla.com\/el-valle-de-aran-la-otra-consulta-catalana\/#respond"]}]},{"@type":"WebPage","@id":"https:\/\/www.revistarambla.com\/el-valle-de-aran-la-otra-consulta-catalana\/","url":"https:\/\/www.revistarambla.com\/el-valle-de-aran-la-otra-consulta-catalana\/","name":"El Valle de Ar\u00e1n, la otra consulta catalana - Revista Rambla","isPartOf":{"@id":"https:\/\/www.revistarambla.com\/#website"},"primaryImageOfPage":{"@id":"https:\/\/www.revistarambla.com\/el-valle-de-aran-la-otra-consulta-catalana\/#primaryimage"},"image":{"@id":"https:\/\/www.revistarambla.com\/el-valle-de-aran-la-otra-consulta-catalana\/#primaryimage"},"thumbnailUrl":"https:\/\/www.revistarambla.com\/wp-content\/uploads\/2014\/09\/Aran-revistarambla_2.jpg","datePublished":"2014-09-19T04:47:07+00:00","breadcrumb":{"@id":"https:\/\/www.revistarambla.com\/el-valle-de-aran-la-otra-consulta-catalana\/#breadcrumb"},"inLanguage":"en-GB","potentialAction":[{"@type":"ReadAction","target":["https:\/\/www.revistarambla.com\/el-valle-de-aran-la-otra-consulta-catalana\/"]}]},{"@type":"ImageObject","inLanguage":"en-GB","@id":"https:\/\/www.revistarambla.com\/el-valle-de-aran-la-otra-consulta-catalana\/#primaryimage","url":"https:\/\/www.revistarambla.com\/wp-content\/uploads\/2014\/09\/Aran-revistarambla_2.jpg","contentUrl":"https:\/\/www.revistarambla.com\/wp-content\/uploads\/2014\/09\/Aran-revistarambla_2.jpg"},{"@type":"BreadcrumbList","@id":"https:\/\/www.revistarambla.com\/el-valle-de-aran-la-otra-consulta-catalana\/#breadcrumb","itemListElement":[{"@type":"ListItem","position":1,"name":"Portada","item":"https:\/\/www.revistarambla.com\/"},{"@type":"ListItem","position":2,"name":"El Valle de Ar\u00e1n, la otra consulta catalana"}]},{"@type":"WebSite","@id":"https:\/\/www.revistarambla.com\/#website","url":"https:\/\/www.revistarambla.com\/","name":"Revista Rambla Barcelona","description":"Periodismo independiente","publisher":{"@id":"https:\/\/www.revistarambla.com\/#organization"},"potentialAction":[{"@type":"SearchAction","target":{"@type":"EntryPoint","urlTemplate":"https:\/\/www.revistarambla.com\/?s={search_term_string}"},"query-input":{"@type":"PropertyValueSpecification","valueRequired":true,"valueName":"search_term_string"}}],"inLanguage":"en-GB"},{"@type":"Organization","@id":"https:\/\/www.revistarambla.com\/#organization","name":"Revista Rambla","url":"https:\/\/www.revistarambla.com\/","logo":{"@type":"ImageObject","inLanguage":"en-GB","@id":"https:\/\/www.revistarambla.com\/#\/schema\/logo\/image\/","url":"https:\/\/www.revistarambla.com\/wp-content\/uploads\/2020\/09\/banner_rambla_1900x600_BB.png","contentUrl":"https:\/\/www.revistarambla.com\/wp-content\/uploads\/2020\/09\/banner_rambla_1900x600_BB.png","width":1900,"height":600,"caption":"Revista Rambla"},"image":{"@id":"https:\/\/www.revistarambla.com\/#\/schema\/logo\/image\/"},"sameAs":["https:\/\/www.facebook.com\/revistarambla\/","https:\/\/x.com\/revistarambla","https:\/\/www.instagram.com\/revista_rambla","https:\/\/es.linkedin.com\/company\/revista-rambla"]},{"@type":"Person","@id":"https:\/\/www.revistarambla.com\/#\/schema\/person\/4a5652fc8c82df1f8593002d038cd79e","name":"admin"}]}},"_links":{"self":[{"href":"https:\/\/www.revistarambla.com\/en\/wp-json\/wp\/v2\/posts\/5946","targetHints":{"allow":["GET"]}}],"collection":[{"href":"https:\/\/www.revistarambla.com\/en\/wp-json\/wp\/v2\/posts"}],"about":[{"href":"https:\/\/www.revistarambla.com\/en\/wp-json\/wp\/v2\/types\/post"}],"author":[{"embeddable":true,"href":"https:\/\/www.revistarambla.com\/en\/wp-json\/wp\/v2\/users\/1"}],"replies":[{"embeddable":true,"href":"https:\/\/www.revistarambla.com\/en\/wp-json\/wp\/v2\/comments?post=5946"}],"version-history":[{"count":0,"href":"https:\/\/www.revistarambla.com\/en\/wp-json\/wp\/v2\/posts\/5946\/revisions"}],"wp:attachment":[{"href":"https:\/\/www.revistarambla.com\/en\/wp-json\/wp\/v2\/media?parent=5946"}],"wp:term":[{"taxonomy":"category","embeddable":true,"href":"https:\/\/www.revistarambla.com\/en\/wp-json\/wp\/v2\/categories?post=5946"},{"taxonomy":"post_tag","embeddable":true,"href":"https:\/\/www.revistarambla.com\/en\/wp-json\/wp\/v2\/tags?post=5946"}],"curies":[{"name":"wp","href":"https:\/\/api.w.org\/{rel}","templated":true}]}}