{"id":594,"date":"2010-11-23T10:19:12","date_gmt":"2010-11-23T09:19:12","guid":{"rendered":"https:\/\/www.revistarambla.com\/museos-de-carton-piedra\/"},"modified":"2021-12-08T20:34:52","modified_gmt":"2021-12-08T19:34:52","slug":"museos-de-carton-piedra","status":"publish","type":"post","link":"https:\/\/www.revistarambla.com\/en\/museos-de-carton-piedra\/","title":{"rendered":"Museos de cart\u00f3n piedra"},"content":{"rendered":"<p><a href=\"https:\/\/www.revistarambla.com\/wp-content\/uploads\/2010\/11\/42883378040_2ea3b9a6b6_b.jpg\"><img decoding=\"async\" class=\"alignright\" src=\"https:\/\/www.revistarambla.com\/wp-content\/uploads\/2010\/11\/42883378040_2ea3b9a6b6_b.jpg\" alt=\"sede del mnac\" width=\"402\" height=\"302\" \/><\/a>Todos hemos imaginado, alguna vez, como ser\u00eda la casa de nuestros sue\u00f1os. Las paredes vestidas en crema, el suelo de un parqu\u00e9 color miel, la chimenea de le\u00f1a en el coraz\u00f3n del comedor. De peque\u00f1os, la habremos dibujado mil y una veces. Qu\u00e9 divertido habr\u00eda sido poder construirla tambi\u00e9n. La ma\u00f1ana del domingo, fueron muchos los ni\u00f1os que pudieron hacerlo, crear una mezcla de la casa ideal y del museo perfecto. El <a href=\"https:\/\/www.revistarambla.com\/en\/antoni-fabres-el-pintor-catalan-que-claudico-ante-diego-rivera-y-sus-amigos\/\">Museu Nacional d\u2019Art de Catalunya<\/a> (MNAC) prest\u00f3, por cuarto a\u00f1o consecutivo, su sala oval para realizar la iniciativa <em>Construint a la Sala<\/em>. Tijeras en mano e ideas en mente, un total de seiscientos participantes de entre siete y doce a\u00f1os crearon sus propios museos, peque\u00f1as maquetas de 40 cm x 40 cm con ladrillos de cart\u00f3n y Super Glue a modo de cemento.<\/p>\n<p style=\"text-align: left;\">\u00bfLa finalidad de la construcci\u00f3n? Destapar el lado m\u00e1s creativo y la capacidad de dar forma tridimensional a una idea. Antes de empezar a cortar y recortar, cada ni\u00f1o escog\u00eda la fotograf\u00eda de la pintura o escultura que m\u00e1s le gustaba de entre las propuestas, todas ellas presentes en marco y tela entre las colecciones del MNAC. Una vez la imagen entre las manos, tocaba poner en marcha los engranajes de la imaginaci\u00f3n para idear un dise\u00f1o original que materializar en cartulina. \u00bfY por qu\u00e9 el de un museo y no el de un rascacielos? Porqu\u00e9 es \u00e9ste el hogar ideal para toda obra de arte. De este modo, con la excusa de albergar un cuadro de <a href=\"https:\/\/es.wikipedia.org\/wiki\/Ram%C3%B3n_Casas\">Ramon Casas<\/a> o de Caravaggio, la iniciativa pretend\u00eda que los participantes descubrieran la estrecha relaci\u00f3n entre arquitectura y arte.<\/p>\n<p style=\"text-align: left;\">C\u00e1psulas de caf\u00e9, tapones de corcho, rollos de papel higi\u00e9nico, pajitas de pl\u00e1stico, hueveras de cart\u00f3n, tarrinas de queso de Burgos. Una infinidad de materiales, la mayor\u00eda reciclados, y todo tipo de herramientas inundaban cada mesa, aut\u00e9nticos talleres de creaci\u00f3n espont\u00e1nea. Todo cortes\u00eda de la asociaci\u00f3n Construint a la Sala, encargada de la organizaci\u00f3n del evento. Convertidos en dise\u00f1adores y constructores por un d\u00eda, los peque\u00f1os fueron dibujando, montando, pegando y despegando piezas, con la ayuda de los monitores, gran parte de ellos aut\u00e9nticos arquitectos. Los organizadores de la actividad, que empez\u00f3 a realizarse\u00a0 en el MNAC en 2007, tomaron la idea de \u00c1msterdam, d\u00f3nde hace catorce a\u00f1os que el edificio de la bolsa acoge esta iniciativa. La mejor manera de hacer amigos a la vez que manualidades y de aprender a dar volumen a una idea con la ayuda de los expertos.<\/p>","protected":false},"excerpt":{"rendered":"<p>Todos hemos imaginado, alguna vez, como ser\u00eda la casa de nuestros sue\u00f1os. Las paredes vestidas en crema, el suelo de un parqu\u00e9 color miel, la chimenea de le\u00f1a en el coraz\u00f3n del comedor. De peque\u00f1os, la habremos dibujado mil y una veces. Qu\u00e9 divertido habr\u00eda sido poder construirla tambi\u00e9n. La [&hellip;]<\/p>\n","protected":false},"author":39,"featured_media":19070,"comment_status":"open","ping_status":"open","sticky":false,"template":"","format":"standard","meta":{"footnotes":""},"categories":[64,4],"tags":[],"class_list":["post-594","post","type-post","status-publish","format-standard","has-post-thumbnail","hentry","category-arte","category-cultura"],"yoast_head":"<!-- This site is optimized with the Yoast SEO plugin v27.5 - https:\/\/yoast.com\/product\/yoast-seo-wordpress\/ -->\n<title>MNAC: Museos de cart\u00f3n piedra - Revista Rambla<\/title>\n<meta name=\"description\" content=\"El Museu Nacional d\u2019Art de Catalunya (MNAC) prest\u00f3, por cuarto a\u00f1o consecutivo, su sala oval para realizar la iniciativa Construint a la Sala. Tijeras en...\" \/>\n<meta name=\"robots\" content=\"index, follow, max-snippet:-1, max-image-preview:large, max-video-preview:-1\" \/>\n<link rel=\"canonical\" href=\"https:\/\/www.revistarambla.com\/en\/museos-de-carton-piedra\/\" \/>\n<meta property=\"og:locale\" content=\"en_GB\" \/>\n<meta property=\"og:type\" content=\"article\" \/>\n<meta property=\"og:title\" content=\"MNAC: Museos de cart\u00f3n piedra - Revista Rambla\" \/>\n<meta property=\"og:description\" content=\"El Museu Nacional d\u2019Art de Catalunya (MNAC) prest\u00f3, por cuarto a\u00f1o consecutivo, su sala oval para realizar la iniciativa Construint a la Sala. Tijeras en...\" \/>\n<meta property=\"og:url\" content=\"https:\/\/www.revistarambla.com\/en\/museos-de-carton-piedra\/\" \/>\n<meta property=\"og:site_name\" content=\"Revista Rambla\" \/>\n<meta property=\"article:publisher\" content=\"https:\/\/www.facebook.com\/revistarambla\/\" \/>\n<meta property=\"article:published_time\" content=\"2010-11-23T09:19:12+00:00\" \/>\n<meta property=\"article:modified_time\" content=\"2021-12-08T19:34:52+00:00\" \/>\n<meta property=\"og:image\" content=\"https:\/\/www.revistarambla.com\/wp-content\/uploads\/2010\/11\/42883378040_2ea3b9a6b6_b.jpg\" \/>\n\t<meta property=\"og:image:width\" content=\"1024\" \/>\n\t<meta property=\"og:image:height\" content=\"768\" \/>\n\t<meta property=\"og:image:type\" content=\"image\/jpeg\" \/>\n<meta name=\"author\" content=\"Blanca Mendiguren Gomila\" \/>\n<meta name=\"twitter:card\" content=\"summary_large_image\" \/>\n<meta name=\"twitter:creator\" content=\"@BlancaGomila\" \/>\n<meta name=\"twitter:site\" content=\"@revistarambla\" \/>\n<meta name=\"twitter:label1\" content=\"Written by\" \/>\n\t<meta name=\"twitter:data1\" content=\"Blanca Mendiguren Gomila\" \/>\n\t<meta name=\"twitter:label2\" content=\"Estimated reading time\" \/>\n\t<meta name=\"twitter:data2\" content=\"3 minutes\" \/>\n<script type=\"application\/ld+json\" class=\"yoast-schema-graph\">{\"@context\":\"https:\\\/\\\/schema.org\",\"@graph\":[{\"@type\":\"Article\",\"@id\":\"https:\\\/\\\/www.revistarambla.com\\\/museos-de-carton-piedra\\\/#article\",\"isPartOf\":{\"@id\":\"https:\\\/\\\/www.revistarambla.com\\\/museos-de-carton-piedra\\\/\"},\"author\":{\"name\":\"Blanca Mendiguren Gomila\",\"@id\":\"https:\\\/\\\/www.revistarambla.com\\\/#\\\/schema\\\/person\\\/ef3b07dd258f83e19609a57611e756c9\"},\"headline\":\"Museos de cart\u00f3n piedra\",\"datePublished\":\"2010-11-23T09:19:12+00:00\",\"dateModified\":\"2021-12-08T19:34:52+00:00\",\"mainEntityOfPage\":{\"@id\":\"https:\\\/\\\/www.revistarambla.com\\\/museos-de-carton-piedra\\\/\"},\"wordCount\":457,\"commentCount\":0,\"publisher\":{\"@id\":\"https:\\\/\\\/www.revistarambla.com\\\/#organization\"},\"image\":{\"@id\":\"https:\\\/\\\/www.revistarambla.com\\\/museos-de-carton-piedra\\\/#primaryimage\"},\"thumbnailUrl\":\"https:\\\/\\\/www.revistarambla.com\\\/wp-content\\\/uploads\\\/2010\\\/11\\\/42883378040_2ea3b9a6b6_b.jpg\",\"articleSection\":[\"Arte\",\"Cultura\"],\"inLanguage\":\"en-GB\",\"potentialAction\":[{\"@type\":\"CommentAction\",\"name\":\"Comment\",\"target\":[\"https:\\\/\\\/www.revistarambla.com\\\/museos-de-carton-piedra\\\/#respond\"]}]},{\"@type\":\"WebPage\",\"@id\":\"https:\\\/\\\/www.revistarambla.com\\\/museos-de-carton-piedra\\\/\",\"url\":\"https:\\\/\\\/www.revistarambla.com\\\/museos-de-carton-piedra\\\/\",\"name\":\"MNAC: Museos de cart\u00f3n piedra - Revista Rambla\",\"isPartOf\":{\"@id\":\"https:\\\/\\\/www.revistarambla.com\\\/#website\"},\"primaryImageOfPage\":{\"@id\":\"https:\\\/\\\/www.revistarambla.com\\\/museos-de-carton-piedra\\\/#primaryimage\"},\"image\":{\"@id\":\"https:\\\/\\\/www.revistarambla.com\\\/museos-de-carton-piedra\\\/#primaryimage\"},\"thumbnailUrl\":\"https:\\\/\\\/www.revistarambla.com\\\/wp-content\\\/uploads\\\/2010\\\/11\\\/42883378040_2ea3b9a6b6_b.jpg\",\"datePublished\":\"2010-11-23T09:19:12+00:00\",\"dateModified\":\"2021-12-08T19:34:52+00:00\",\"description\":\"El Museu Nacional d\u2019Art de Catalunya (MNAC) prest\u00f3, por cuarto a\u00f1o consecutivo, su sala oval para realizar la iniciativa Construint a la Sala. Tijeras en...\",\"breadcrumb\":{\"@id\":\"https:\\\/\\\/www.revistarambla.com\\\/museos-de-carton-piedra\\\/#breadcrumb\"},\"inLanguage\":\"en-GB\",\"potentialAction\":[{\"@type\":\"ReadAction\",\"target\":[\"https:\\\/\\\/www.revistarambla.com\\\/museos-de-carton-piedra\\\/\"]}]},{\"@type\":\"ImageObject\",\"inLanguage\":\"en-GB\",\"@id\":\"https:\\\/\\\/www.revistarambla.com\\\/museos-de-carton-piedra\\\/#primaryimage\",\"url\":\"https:\\\/\\\/www.revistarambla.com\\\/wp-content\\\/uploads\\\/2010\\\/11\\\/42883378040_2ea3b9a6b6_b.jpg\",\"contentUrl\":\"https:\\\/\\\/www.revistarambla.com\\\/wp-content\\\/uploads\\\/2010\\\/11\\\/42883378040_2ea3b9a6b6_b.jpg\",\"width\":1024,\"height\":768,\"caption\":\"Museu Nacional d'Art de Catalunya (MNAC)\"},{\"@type\":\"BreadcrumbList\",\"@id\":\"https:\\\/\\\/www.revistarambla.com\\\/museos-de-carton-piedra\\\/#breadcrumb\",\"itemListElement\":[{\"@type\":\"ListItem\",\"position\":1,\"name\":\"Portada\",\"item\":\"https:\\\/\\\/www.revistarambla.com\\\/\"},{\"@type\":\"ListItem\",\"position\":2,\"name\":\"Museos de cart\u00f3n piedra\"}]},{\"@type\":\"WebSite\",\"@id\":\"https:\\\/\\\/www.revistarambla.com\\\/#website\",\"url\":\"https:\\\/\\\/www.revistarambla.com\\\/\",\"name\":\"Revista Rambla Barcelona\",\"description\":\"Periodismo independiente\",\"publisher\":{\"@id\":\"https:\\\/\\\/www.revistarambla.com\\\/#organization\"},\"potentialAction\":[{\"@type\":\"SearchAction\",\"target\":{\"@type\":\"EntryPoint\",\"urlTemplate\":\"https:\\\/\\\/www.revistarambla.com\\\/?s={search_term_string}\"},\"query-input\":{\"@type\":\"PropertyValueSpecification\",\"valueRequired\":true,\"valueName\":\"search_term_string\"}}],\"inLanguage\":\"en-GB\"},{\"@type\":\"Organization\",\"@id\":\"https:\\\/\\\/www.revistarambla.com\\\/#organization\",\"name\":\"Revista Rambla\",\"url\":\"https:\\\/\\\/www.revistarambla.com\\\/\",\"logo\":{\"@type\":\"ImageObject\",\"inLanguage\":\"en-GB\",\"@id\":\"https:\\\/\\\/www.revistarambla.com\\\/#\\\/schema\\\/logo\\\/image\\\/\",\"url\":\"https:\\\/\\\/www.revistarambla.com\\\/wp-content\\\/uploads\\\/2020\\\/09\\\/banner_rambla_1900x600_BB.png\",\"contentUrl\":\"https:\\\/\\\/www.revistarambla.com\\\/wp-content\\\/uploads\\\/2020\\\/09\\\/banner_rambla_1900x600_BB.png\",\"width\":1900,\"height\":600,\"caption\":\"Revista Rambla\"},\"image\":{\"@id\":\"https:\\\/\\\/www.revistarambla.com\\\/#\\\/schema\\\/logo\\\/image\\\/\"},\"sameAs\":[\"https:\\\/\\\/www.facebook.com\\\/revistarambla\\\/\",\"https:\\\/\\\/x.com\\\/revistarambla\",\"https:\\\/\\\/www.instagram.com\\\/revista_rambla\",\"https:\\\/\\\/es.linkedin.com\\\/company\\\/revista-rambla\"]},{\"@type\":\"Person\",\"@id\":\"https:\\\/\\\/www.revistarambla.com\\\/#\\\/schema\\\/person\\\/ef3b07dd258f83e19609a57611e756c9\",\"name\":\"Blanca Mendiguren Gomila\",\"description\":\"Periodista.\",\"sameAs\":[\"https:\\\/\\\/x.com\\\/BlancaGomila\"]}]}<\/script>\n<!-- \/ Yoast SEO plugin. -->","yoast_head_json":{"title":"MNAC: Museos de cart\u00f3n piedra - Revista Rambla","description":"El Museu Nacional d\u2019Art de Catalunya (MNAC) prest\u00f3, por cuarto a\u00f1o consecutivo, su sala oval para realizar la iniciativa Construint a la Sala. Tijeras en...","robots":{"index":"index","follow":"follow","max-snippet":"max-snippet:-1","max-image-preview":"max-image-preview:large","max-video-preview":"max-video-preview:-1"},"canonical":"https:\/\/www.revistarambla.com\/en\/museos-de-carton-piedra\/","og_locale":"en_GB","og_type":"article","og_title":"MNAC: Museos de cart\u00f3n piedra - Revista Rambla","og_description":"El Museu Nacional d\u2019Art de Catalunya (MNAC) prest\u00f3, por cuarto a\u00f1o consecutivo, su sala oval para realizar la iniciativa Construint a la Sala. Tijeras en...","og_url":"https:\/\/www.revistarambla.com\/en\/museos-de-carton-piedra\/","og_site_name":"Revista Rambla","article_publisher":"https:\/\/www.facebook.com\/revistarambla\/","article_published_time":"2010-11-23T09:19:12+00:00","article_modified_time":"2021-12-08T19:34:52+00:00","og_image":[{"width":1024,"height":768,"url":"https:\/\/www.revistarambla.com\/wp-content\/uploads\/2010\/11\/42883378040_2ea3b9a6b6_b.jpg","type":"image\/jpeg"}],"author":"Blanca Mendiguren Gomila","twitter_card":"summary_large_image","twitter_creator":"@BlancaGomila","twitter_site":"@revistarambla","twitter_misc":{"Written by":"Blanca Mendiguren Gomila","Estimated reading time":"3 minutes"},"schema":{"@context":"https:\/\/schema.org","@graph":[{"@type":"Article","@id":"https:\/\/www.revistarambla.com\/museos-de-carton-piedra\/#article","isPartOf":{"@id":"https:\/\/www.revistarambla.com\/museos-de-carton-piedra\/"},"author":{"name":"Blanca Mendiguren Gomila","@id":"https:\/\/www.revistarambla.com\/#\/schema\/person\/ef3b07dd258f83e19609a57611e756c9"},"headline":"Museos de cart\u00f3n piedra","datePublished":"2010-11-23T09:19:12+00:00","dateModified":"2021-12-08T19:34:52+00:00","mainEntityOfPage":{"@id":"https:\/\/www.revistarambla.com\/museos-de-carton-piedra\/"},"wordCount":457,"commentCount":0,"publisher":{"@id":"https:\/\/www.revistarambla.com\/#organization"},"image":{"@id":"https:\/\/www.revistarambla.com\/museos-de-carton-piedra\/#primaryimage"},"thumbnailUrl":"https:\/\/www.revistarambla.com\/wp-content\/uploads\/2010\/11\/42883378040_2ea3b9a6b6_b.jpg","articleSection":["Arte","Cultura"],"inLanguage":"en-GB","potentialAction":[{"@type":"CommentAction","name":"Comment","target":["https:\/\/www.revistarambla.com\/museos-de-carton-piedra\/#respond"]}]},{"@type":"WebPage","@id":"https:\/\/www.revistarambla.com\/museos-de-carton-piedra\/","url":"https:\/\/www.revistarambla.com\/museos-de-carton-piedra\/","name":"MNAC: Museos de cart\u00f3n piedra - Revista Rambla","isPartOf":{"@id":"https:\/\/www.revistarambla.com\/#website"},"primaryImageOfPage":{"@id":"https:\/\/www.revistarambla.com\/museos-de-carton-piedra\/#primaryimage"},"image":{"@id":"https:\/\/www.revistarambla.com\/museos-de-carton-piedra\/#primaryimage"},"thumbnailUrl":"https:\/\/www.revistarambla.com\/wp-content\/uploads\/2010\/11\/42883378040_2ea3b9a6b6_b.jpg","datePublished":"2010-11-23T09:19:12+00:00","dateModified":"2021-12-08T19:34:52+00:00","description":"El Museu Nacional d\u2019Art de Catalunya (MNAC) prest\u00f3, por cuarto a\u00f1o consecutivo, su sala oval para realizar la iniciativa Construint a la Sala. Tijeras en...","breadcrumb":{"@id":"https:\/\/www.revistarambla.com\/museos-de-carton-piedra\/#breadcrumb"},"inLanguage":"en-GB","potentialAction":[{"@type":"ReadAction","target":["https:\/\/www.revistarambla.com\/museos-de-carton-piedra\/"]}]},{"@type":"ImageObject","inLanguage":"en-GB","@id":"https:\/\/www.revistarambla.com\/museos-de-carton-piedra\/#primaryimage","url":"https:\/\/www.revistarambla.com\/wp-content\/uploads\/2010\/11\/42883378040_2ea3b9a6b6_b.jpg","contentUrl":"https:\/\/www.revistarambla.com\/wp-content\/uploads\/2010\/11\/42883378040_2ea3b9a6b6_b.jpg","width":1024,"height":768,"caption":"Museu Nacional d'Art de Catalunya (MNAC)"},{"@type":"BreadcrumbList","@id":"https:\/\/www.revistarambla.com\/museos-de-carton-piedra\/#breadcrumb","itemListElement":[{"@type":"ListItem","position":1,"name":"Portada","item":"https:\/\/www.revistarambla.com\/"},{"@type":"ListItem","position":2,"name":"Museos de cart\u00f3n piedra"}]},{"@type":"WebSite","@id":"https:\/\/www.revistarambla.com\/#website","url":"https:\/\/www.revistarambla.com\/","name":"Revista Rambla Barcelona","description":"Periodismo independiente","publisher":{"@id":"https:\/\/www.revistarambla.com\/#organization"},"potentialAction":[{"@type":"SearchAction","target":{"@type":"EntryPoint","urlTemplate":"https:\/\/www.revistarambla.com\/?s={search_term_string}"},"query-input":{"@type":"PropertyValueSpecification","valueRequired":true,"valueName":"search_term_string"}}],"inLanguage":"en-GB"},{"@type":"Organization","@id":"https:\/\/www.revistarambla.com\/#organization","name":"Revista Rambla","url":"https:\/\/www.revistarambla.com\/","logo":{"@type":"ImageObject","inLanguage":"en-GB","@id":"https:\/\/www.revistarambla.com\/#\/schema\/logo\/image\/","url":"https:\/\/www.revistarambla.com\/wp-content\/uploads\/2020\/09\/banner_rambla_1900x600_BB.png","contentUrl":"https:\/\/www.revistarambla.com\/wp-content\/uploads\/2020\/09\/banner_rambla_1900x600_BB.png","width":1900,"height":600,"caption":"Revista Rambla"},"image":{"@id":"https:\/\/www.revistarambla.com\/#\/schema\/logo\/image\/"},"sameAs":["https:\/\/www.facebook.com\/revistarambla\/","https:\/\/x.com\/revistarambla","https:\/\/www.instagram.com\/revista_rambla","https:\/\/es.linkedin.com\/company\/revista-rambla"]},{"@type":"Person","@id":"https:\/\/www.revistarambla.com\/#\/schema\/person\/ef3b07dd258f83e19609a57611e756c9","name":"Blanca Mendiguren Gomila","description":"Periodista.","sameAs":["https:\/\/x.com\/BlancaGomila"]}]}},"_links":{"self":[{"href":"https:\/\/www.revistarambla.com\/en\/wp-json\/wp\/v2\/posts\/594","targetHints":{"allow":["GET"]}}],"collection":[{"href":"https:\/\/www.revistarambla.com\/en\/wp-json\/wp\/v2\/posts"}],"about":[{"href":"https:\/\/www.revistarambla.com\/en\/wp-json\/wp\/v2\/types\/post"}],"author":[{"embeddable":true,"href":"https:\/\/www.revistarambla.com\/en\/wp-json\/wp\/v2\/users\/39"}],"replies":[{"embeddable":true,"href":"https:\/\/www.revistarambla.com\/en\/wp-json\/wp\/v2\/comments?post=594"}],"version-history":[{"count":0,"href":"https:\/\/www.revistarambla.com\/en\/wp-json\/wp\/v2\/posts\/594\/revisions"}],"wp:featuredmedia":[{"embeddable":true,"href":"https:\/\/www.revistarambla.com\/en\/wp-json\/wp\/v2\/media\/19070"}],"wp:attachment":[{"href":"https:\/\/www.revistarambla.com\/en\/wp-json\/wp\/v2\/media?parent=594"}],"wp:term":[{"taxonomy":"category","embeddable":true,"href":"https:\/\/www.revistarambla.com\/en\/wp-json\/wp\/v2\/categories?post=594"},{"taxonomy":"post_tag","embeddable":true,"href":"https:\/\/www.revistarambla.com\/en\/wp-json\/wp\/v2\/tags?post=594"}],"curies":[{"name":"wp","href":"https:\/\/api.w.org\/{rel}","templated":true}]}}