{"id":5930,"date":"2014-09-15T07:30:54","date_gmt":"2014-09-15T07:30:54","guid":{"rendered":"https:\/\/www.revistarambla.com\/espero-que-las-gentes-de-bien-desprecien-la-caridad-de-los-xenofobos\/"},"modified":"2014-09-15T07:30:54","modified_gmt":"2014-09-15T07:30:54","slug":"espero-que-las-gentes-de-bien-desprecien-la-caridad-de-los-xenofobos","status":"publish","type":"post","link":"https:\/\/www.revistarambla.com\/en\/espero-que-las-gentes-de-bien-desprecien-la-caridad-de-los-xenofobos\/","title":{"rendered":"\u201cEspero que las gentes de bien desprecien la caridad de los xen\u00f3fobos\u201d"},"content":{"rendered":"<p> \t\u00a0<\/p>\n<p class=\"MsoNormal\" style=\"margin-bottom:0cm;margin-bottom:.0001pt;text-align:justify;text-justify:inter-ideograph;line-height:150%\"> \t\u00a0<\/p>\n<p> \t<img decoding=\"async\" class=\"alignleft size-full wp-image-5928\" alt=\"alt\" src=\"https:\/\/www.revistarambla.com\/wp-content\/uploads\/2014\/09\/estevan_ivarra_revistarambla_01.jpg\" style=\"width: 682px; height: 431px; margin-left: 9px; margin-right: 9px; float: left;\" width=\"682\" height=\"431\" srcset=\"https:\/\/www.revistarambla.com\/wp-content\/uploads\/2014\/09\/estevan_ivarra_revistarambla_01.jpg 682w, https:\/\/www.revistarambla.com\/wp-content\/uploads\/2014\/09\/estevan_ivarra_revistarambla_01-300x190.jpg 300w, https:\/\/www.revistarambla.com\/wp-content\/uploads\/2014\/09\/estevan_ivarra_revistarambla_01-500x316.jpg 500w\" sizes=\"(max-width: 682px) 100vw, 682px\" \/>Ante <span data-scayt_word=\"las\" data-scaytid=\"1\">las<\/span> <span data-scayt_word=\"nuevas\" data-scaytid=\"2\">nuevas<\/span> <span data-scayt_word=\"estrategias\" data-scaytid=\"3\">estrategias<\/span> <span data-scayt_word=\"propagand\u00edsticas\" data-scaytid=\"4\">propagand\u00edsticas<\/span> de los <span data-scayt_word=\"grupos\" data-scaytid=\"5\">grupos<\/span> <span data-scayt_word=\"ultraderechistas\" data-scaytid=\"6\">ultraderechistas<\/span>, <span data-scayt_word=\"como\" data-scaytid=\"7\">como<\/span> <span data-scayt_word=\"por\" data-scaytid=\"8\">por<\/span> <span data-scayt_word=\"ejemplo\" data-scaytid=\"9\">ejemplo<\/span> la <span data-scayt_word=\"caridad\" data-scaytid=\"10\">caridad<\/span> solo <span data-scayt_word=\"para\" data-scaytid=\"11\">para<\/span> <span data-scayt_word=\"espa\u00f1oles\" data-scaytid=\"12\">espa\u00f1oles<\/span>, Esteban <span data-scayt_word=\"Ibarra\" data-scaytid=\"13\">Ibarra<\/span>, <span data-scayt_word=\"fundador\" data-scaytid=\"14\">fundador<\/span> y <span data-scayt_word=\"presidente\" data-scaytid=\"15\">presidente<\/span> del <span data-scayt_word=\"Movimiento\" data-scaytid=\"16\">Movimiento<\/span> contra la <span data-scayt_word=\"Intolerancia\" data-scaytid=\"17\">Intolerancia<\/span>, <span data-scayt_word=\"manifiesta\" data-scaytid=\"18\">manifiesta<\/span><\/p>\n<p> \t\u00a0<\/p>\n<p> \t\u00a0<\/p>\n<p> \t\u00a0<\/p>\n<p> \t\u00a0<\/p>\n<p>  <!--more-->  <\/p>\n<p> \t\u00a0<\/p>\n<p> \t<strong>Ante <span data-scayt_word=\"las\" data-scaytid=\"19\">las<\/span> <span data-scayt_word=\"nuevas\" data-scaytid=\"20\">nuevas<\/span> <span data-scayt_word=\"estrategias\" data-scaytid=\"21\">estrategias<\/span> <span data-scayt_word=\"propagand\u00edsticas\" data-scaytid=\"22\">propagand\u00edsticas<\/span> de los <span data-scayt_word=\"grupos\" data-scaytid=\"23\">grupos<\/span> <span data-scayt_word=\"ultraderechistas\" data-scaytid=\"24\">ultraderechistas<\/span>, <span data-scayt_word=\"como\" data-scaytid=\"25\">como<\/span> <span data-scayt_word=\"por\" data-scaytid=\"26\">por<\/span> <span data-scayt_word=\"ejemplo\" data-scaytid=\"27\">ejemplo<\/span> la <span data-scayt_word=\"caridad\" data-scaytid=\"28\">caridad<\/span> solo <span data-scayt_word=\"para\" data-scaytid=\"29\">para<\/span> <span data-scayt_word=\"espa\u00f1oles\" data-scaytid=\"30\">espa\u00f1oles<\/span>, Esteban <span data-scayt_word=\"Ibarra\" data-scaytid=\"31\">Ibarra<\/span>, <span data-scayt_word=\"fundador\" data-scaytid=\"32\">fundador<\/span> y <span data-scayt_word=\"presidente\" data-scaytid=\"33\">presidente<\/span> del <span data-scayt_word=\"Movimiento\" data-scaytid=\"34\">Movimiento<\/span> contra la <span data-scayt_word=\"Intolerancia\" data-scaytid=\"35\">Intolerancia<\/span>, <span data-scayt_word=\"manifiesta\" data-scaytid=\"36\">manifiesta<\/span> <span data-scayt_word=\"su\" data-scaytid=\"55\">su<\/span> <span data-scayt_word=\"confianza\" data-scaytid=\"56\">confianza<\/span> en el <span data-scayt_word=\"poder\" data-scaytid=\"57\">poder<\/span> de la <span data-scayt_word=\"educaci\u00f3n\" data-scaytid=\"58\">educaci\u00f3n<\/span> y los <span data-scayt_word=\"sentimientos\" data-scaytid=\"59\">sentimientos<\/span> <span data-scayt_word=\"humanitarios\" data-scaytid=\"60\">humanitarios<\/span>.<\/strong><\/p>\n<p> \t\u00a0<\/p>\n<p> \t<img decoding=\"async\" class=\"alignleft size-full wp-image-5929\" alt=\"alt\" data-temp=\"true\" src=\"https:\/\/www.revistarambla.com\/wp-content\/uploads\/2014\/09\/estevan_ivarra_revistarambla_02.jpg\" style=\"width: 324px; height: 645px; margin-left: 9px; margin-right: 9px; float: left;\" width=\"324\" height=\"645\" srcset=\"https:\/\/www.revistarambla.com\/wp-content\/uploads\/2014\/09\/estevan_ivarra_revistarambla_02.jpg 324w, https:\/\/www.revistarambla.com\/wp-content\/uploads\/2014\/09\/estevan_ivarra_revistarambla_02-151x300.jpg 151w\" sizes=\"(max-width: 324px) 100vw, 324px\" \/><\/p>\n<p> \t<span data-scayt_word=\"Desde\" data-scaytid=\"71\">Desde<\/span> <span data-scayt_word=\"principios\" data-scaytid=\"72\">principios<\/span> de la <span data-scayt_word=\"d\u00e9cada\" data-scaytid=\"73\">d\u00e9cada<\/span> de 1990, el <span data-scayt_word=\"Movimiento\" data-scaytid=\"61\">Movimiento<\/span> contra la <span data-scayt_word=\"Intolerancia\" data-scaytid=\"62\">Intolerancia<\/span> ha <span data-scayt_word=\"trabajado\" data-scaytid=\"76\">trabajado<\/span> <span data-scayt_word=\"por\" data-scaytid=\"63\">por<\/span> la <span data-scayt_word=\"difusi\u00f3n\" data-scaytid=\"79\">difusi\u00f3n<\/span> de <span data-scayt_word=\"una\" data-scaytid=\"80\">una<\/span> <span data-scayt_word=\"cultura\" data-scaytid=\"81\">cultura<\/span> de la <span data-scayt_word=\"paz\" data-scaytid=\"82\">paz<\/span> y la <span data-scayt_word=\"convivencia\" data-scaytid=\"83\">convivencia<\/span>, y contra los <span data-scayt_word=\"mensajes\" data-scaytid=\"84\">mensajes<\/span> y <span data-scayt_word=\"conductas\" data-scaytid=\"85\">conductas<\/span> de <span data-scayt_word=\"odio\" data-scaytid=\"86\">odio<\/span>, <span data-scayt_word=\"racismo\" data-scaytid=\"87\">racismo<\/span> y <span data-scayt_word=\"xenofobia\" data-scaytid=\"90\">xenofobia<\/span> <span data-scayt_word=\"que\" data-scaytid=\"91\">que<\/span> <span data-scayt_word=\"siguen\" data-scaytid=\"94\">siguen<\/span> <span data-scayt_word=\"afectando\" data-scaytid=\"95\">afectando<\/span> a la <span data-scayt_word=\"sociedad\" data-scaytid=\"96\">sociedad<\/span> <span data-scayt_word=\"espa\u00f1ola\" data-scaytid=\"97\">espa\u00f1ola<\/span>. Su <span data-scayt_word=\"presidente\" data-scaytid=\"65\">presidente<\/span>, Esteban <span data-scayt_word=\"Ibarra\" data-scaytid=\"66\">Ibarra<\/span>, <span data-scayt_word=\"analiza\" data-scaytid=\"100\">analiza<\/span> en <span data-scayt_word=\"esta\" data-scaytid=\"101\">esta<\/span> <span data-scayt_word=\"entrevista\" data-scaytid=\"102\">entrevista<\/span> <span data-scayt_word=\"diferentes\" data-scaytid=\"103\">diferentes<\/span> <span data-scayt_word=\"cuestiones\" data-scaytid=\"104\">cuestiones<\/span> de <span data-scayt_word=\"actualidad\" data-scaytid=\"105\">actualidad<\/span> <span data-scayt_word=\"relacionadas\" data-scaytid=\"106\">relacionadas<\/span> con <span data-scayt_word=\"las\" data-scaytid=\"67\">las<\/span> <span data-scayt_word=\"actividades\" data-scaytid=\"110\">actividades<\/span> de <span data-scayt_word=\"su\" data-scaytid=\"70\">su<\/span> <span data-scayt_word=\"organizaci\u00f3n\" data-scaytid=\"112\">organizaci\u00f3n<\/span>, y con los <span data-scayt_word=\"nuevos\" data-scaytid=\"113\">nuevos<\/span> <span data-scayt_word=\"retos\" data-scaytid=\"114\">retos<\/span> <span data-scayt_word=\"pol\u00edticos\" data-scaytid=\"115\">pol\u00edticos<\/span> y <span data-scayt_word=\"sociales\" data-scaytid=\"116\">sociales<\/span> a <span data-scayt_word=\"que\" data-scaytid=\"92\">que<\/span> <span data-scayt_word=\"deben\" data-scaytid=\"117\">deben<\/span> <span data-scayt_word=\"enfrentarse\" data-scaytid=\"118\">enfrentarse<\/span> los <span data-scayt_word=\"defensores\" data-scaytid=\"119\">defensores<\/span> de la <span data-scayt_word=\"tolerancia\" data-scaytid=\"120\">tolerancia<\/span>.<\/p>\n<p> \t\u00a0<\/p>\n<p> \t<strong><span data-scayt_word=\"Cuando\" data-scaytid=\"121\">Cuando<\/span> <span data-scayt_word=\"yo\" data-scaytid=\"122\">yo<\/span> era <span data-scayt_word=\"ni\u00f1o\" data-scaytid=\"123\">ni\u00f1o<\/span> <span data-scayt_word=\"\u2013corr\u00edan\" data-scaytid=\"124\">&ndash;corr\u00edan<\/span> los <span data-scayt_word=\"a\u00f1os\" data-scaytid=\"125\">a\u00f1os<\/span> <span data-scayt_word=\"setenta\u2013\" data-scaytid=\"126\">setenta&ndash;<\/span> y <span data-scayt_word=\"por\" data-scaytid=\"64\">por<\/span> <span data-scayt_word=\"las\" data-scaytid=\"68\">las<\/span> <span data-scayt_word=\"calles\" data-scaytid=\"127\">calles<\/span> <span data-scayt_word=\"apenas\" data-scaytid=\"128\">apenas<\/span> se <span data-scayt_word=\"paseaban\" data-scaytid=\"129\">paseaban<\/span> <span data-scayt_word=\"unos\" data-scaytid=\"130\">unos<\/span> <span data-scayt_word=\"cuantos\" data-scaytid=\"131\">cuantos<\/span> <span data-scayt_word=\"guineanos\" data-scaytid=\"132\">guineanos<\/span>, <span data-scayt_word=\"sol\u00eda\" data-scaytid=\"133\">sol\u00eda<\/span> <span data-scayt_word=\"decirse\" data-scaytid=\"134\">decirse<\/span> <span data-scayt_word=\"que\" data-scaytid=\"93\">que<\/span> en <span data-scayt_word=\"Espa\u00f1a\" data-scaytid=\"135\">Espa\u00f1a<\/span> no <span data-scayt_word=\"hab\u00eda\" data-scaytid=\"136\">hab\u00eda<\/span> <span data-scayt_word=\"racismo\" data-scaytid=\"88\">racismo<\/span>. Las <span data-scayt_word=\"tornas\" data-scaytid=\"137\">tornas<\/span> <span data-scayt_word=\"han\" data-scaytid=\"138\">han<\/span> <span data-scayt_word=\"cambiado\" data-scaytid=\"139\">cambiado<\/span> en <span data-scayt_word=\"las\" data-scaytid=\"69\">las<\/span> dos <span data-scayt_word=\"\u00faltimas\" data-scaytid=\"140\">\u00faltimas<\/span> <span data-scayt_word=\"d\u00e9cadas\" data-scaytid=\"141\">d\u00e9cadas<\/span>, con <span data-scayt_word=\"ocasi\u00f3n\" data-scaytid=\"142\">ocasi\u00f3n<\/span> de la <span data-scayt_word=\"gran\" data-scaytid=\"143\">gran<\/span> <span data-scayt_word=\"afluencia\" data-scaytid=\"144\">afluencia<\/span> de <span data-scayt_word=\"emigrantes\" data-scaytid=\"145\">emigrantes<\/span>. \u00bf<span data-scayt_word=\"Resultan\" data-scaytid=\"146\">Resultan<\/span> <span data-scayt_word=\"inevitables\" data-scaytid=\"147\">inevitables<\/span> el <span data-scayt_word=\"choque\" data-scaytid=\"148\">choque<\/span> cultural y <span data-scayt_word=\"sus\" data-scaytid=\"149\">sus<\/span> <span data-scayt_word=\"peores\" data-scaytid=\"150\">peores<\/span> <span data-scayt_word=\"efectos\" data-scaytid=\"151\">efectos<\/span>, la <span data-scayt_word=\"intolerancia\" data-scaytid=\"152\">intolerancia<\/span> y el <span data-scayt_word=\"racismo\" data-scaytid=\"89\">racismo<\/span>?<\/strong><\/p>\n<p> \t\u00a0<\/p>\n<p> \t<span data-scayt_word=\"Cuando\" data-scaytid=\"235\">Cuando<\/span> <span data-scayt_word=\"t\u00fa\" data-scaytid=\"500\">t\u00fa<\/span> eras <span data-scayt_word=\"ni\u00f1o\" data-scaytid=\"236\">ni\u00f1o<\/span> <span data-scayt_word=\"tambi\u00e9n\" data-scaytid=\"502\">tambi\u00e9n<\/span> <span data-scayt_word=\"hab\u00eda\" data-scaytid=\"237\">hab\u00eda<\/span> <span data-scayt_word=\"racismo\" data-scaytid=\"238\">racismo<\/span>, <span data-scayt_word=\"siempre\" data-scaytid=\"507\">siempre<\/span> ha <span data-scayt_word=\"existido\" data-scaytid=\"509\">existido<\/span> con los <span data-scayt_word=\"gitanos\" data-scaytid=\"510\">gitanos<\/span>, y <span data-scayt_word=\"tambi\u00e9n\" data-scaytid=\"503\">tambi\u00e9n<\/span> <span data-scayt_word=\"intolerancia\" data-scaytid=\"240\">intolerancia<\/span>, y no <span data-scayt_word=\"te\" data-scaytid=\"513\">te<\/span> <span data-scayt_word=\"digo\" data-scaytid=\"514\">digo<\/span> nada en la <span data-scayt_word=\"\u00e9poca\" data-scaytid=\"515\">\u00e9poca<\/span> de la <span data-scayt_word=\"dictadura\" data-scaytid=\"516\">dictadura<\/span> <span data-scayt_word=\"franquista\" data-scaytid=\"517\">franquista<\/span>. <span data-scayt_word=\"Pero\" data-scaytid=\"518\">Pero<\/span> <span data-scayt_word=\"es\" data-scaytid=\"519\">es<\/span> <span data-scayt_word=\"evitable\" data-scaytid=\"521\">evitable<\/span> en <span data-scayt_word=\"muchas\" data-scaytid=\"522\">muchas<\/span> <span data-scayt_word=\"ocasiones\" data-scaytid=\"523\">ocasiones<\/span> o al <span data-scayt_word=\"menos\" data-scaytid=\"524\">menos<\/span> <span data-scayt_word=\"podemos\" data-scaytid=\"525\">podemos<\/span> <span data-scayt_word=\"disminuir\" data-scaytid=\"526\">disminuir<\/span> <span data-scayt_word=\"su\" data-scaytid=\"242\">su<\/span> <span data-scayt_word=\"efecto\" data-scaytid=\"528\">efecto<\/span>, <span data-scayt_word=\"siempre\" data-scaytid=\"508\">siempre<\/span> <span data-scayt_word=\"que\" data-scaytid=\"243\">que<\/span> <span data-scayt_word=\"consideremos\" data-scaytid=\"533\">consideremos<\/span> la <span data-scayt_word=\"diversidad\" data-scaytid=\"534\">diversidad<\/span> cultural y <span data-scayt_word=\"humana\" data-scaytid=\"536\">humana<\/span>. No <span data-scayt_word=\"tiene\" data-scaytid=\"537\">tiene<\/span> <span data-scayt_word=\"que\" data-scaytid=\"244\">que<\/span> <span data-scayt_word=\"haber\" data-scaytid=\"538\">haber<\/span> <span data-scayt_word=\"choque\" data-scaytid=\"247\">choque<\/span>, la <span data-scayt_word=\"Declaraci\u00f3n\" data-scaytid=\"540\">Declaraci\u00f3n<\/span> <span data-scayt_word=\"Moderna\" data-scaytid=\"541\">Moderna<\/span> de <span data-scayt_word=\"Tolerancia\" data-scaytid=\"542\">Tolerancia<\/span> (UNESCO) anima a <span data-scayt_word=\"promover\" data-scaytid=\"543\">promover<\/span> <span data-scayt_word=\"ese\" data-scaytid=\"544\">ese<\/span> valor <span data-scayt_word=\"que\" data-scaytid=\"245\">que<\/span> <span data-scayt_word=\"implica\" data-scaytid=\"545\">implica<\/span> <span data-scayt_word=\"respetar\" data-scaytid=\"546\">respetar<\/span>, <span data-scayt_word=\"aceptar\" data-scaytid=\"547\">aceptar<\/span> y <span data-scayt_word=\"apreciar\" data-scaytid=\"548\">apreciar<\/span> la <span data-scayt_word=\"diversidad\" data-scaytid=\"535\">diversidad<\/span> de <span data-scayt_word=\"las\" data-scaytid=\"248\">las<\/span> personas.<\/p>\n<p> \t\u00a0<\/p>\n<p> \t<strong>Aunque los <span data-scayt_word=\"jerifaltes\" data-scaytid=\"553\">jerifaltes<\/span> de la <span data-scayt_word=\"Uni\u00f3n\" data-scaytid=\"554\">Uni\u00f3n<\/span> <span data-scayt_word=\"Europea\" data-scaytid=\"555\">Europea<\/span> <span data-scayt_word=\"tiendan\" data-scaytid=\"556\">tiendan<\/span> a <span data-scayt_word=\"confundir\" data-scaytid=\"557\">confundir<\/span> y <span data-scayt_word=\"homologar\" data-scaytid=\"558\">homologar<\/span> <span data-scayt_word=\"las\" data-scaytid=\"249\">las<\/span> <span data-scayt_word=\"posiciones\" data-scaytid=\"559\">posiciones<\/span> <span data-scayt_word=\"reaccionarias\" data-scaytid=\"560\">reaccionarias<\/span> y el <span data-scayt_word=\"racismo\" data-scaytid=\"239\">racismo<\/span> con <span data-scayt_word=\"cualquier\" data-scaytid=\"561\">cualquier<\/span> <span data-scayt_word=\"movimiento\" data-scaytid=\"562\">movimiento<\/span> de <span data-scayt_word=\"repulsa\" data-scaytid=\"563\">repulsa<\/span> <span data-scayt_word=\"hacia\" data-scaytid=\"564\">hacia<\/span> la actual <span data-scayt_word=\"conformaci\u00f3n\" data-scaytid=\"565\">conformaci\u00f3n<\/span> de la <span data-scayt_word=\"misma\" data-scaytid=\"566\">misma<\/span>, <span data-scayt_word=\"es\" data-scaytid=\"520\">es<\/span> <span data-scayt_word=\"cierto\" data-scaytid=\"567\">cierto<\/span> <span data-scayt_word=\"que\" data-scaytid=\"246\">que<\/span> <span data-scayt_word=\"las\" data-scaytid=\"250\">las<\/span> <span data-scayt_word=\"\u00faltimas\" data-scaytid=\"251\">\u00faltimas<\/span> <span data-scayt_word=\"elecciones\" data-scaytid=\"569\">elecciones<\/span> <span data-scayt_word=\"continentales\" data-scaytid=\"570\">continentales<\/span> <span data-scayt_word=\"han\" data-scaytid=\"252\">han<\/span> <span data-scayt_word=\"asistido\" data-scaytid=\"572\">asistido<\/span> a un <span data-scayt_word=\"rebrote\" data-scaytid=\"573\">rebrote<\/span> de la <span data-scayt_word=\"intolerancia\" data-scaytid=\"241\">intolerancia<\/span> <span data-scayt_word=\"\u00e9tnica\" data-scaytid=\"574\">\u00e9tnica<\/span>, <span data-scayt_word=\"euroesc\u00e9ptica\" data-scaytid=\"575\">euroesc\u00e9ptica<\/span> <span data-scayt_word=\"pero\" data-scaytid=\"576\">pero<\/span> a la par <span data-scayt_word=\"eurocentrista\" data-scaytid=\"577\">eurocentrista<\/span> en el <span data-scayt_word=\"plano\" data-scaytid=\"578\">plano<\/span> <span data-scayt_word=\"\u00e9tnico\" data-scaytid=\"579\">\u00e9tnico<\/span>.<\/strong><\/p>\n<p> \t\u00a0<\/p>\n<p> \tEs verdad, crece la intolerancia y crece sobre todo una de sus manifestaciones: la xenofobia. Y por el desastre que vivimos en Europa, tambi\u00e9n crece la eurofobia, subyaciendo algo muy peligroso que es el renacimiento de organizaciones neonazis y de extrema derecha, algunas de ellas con resultados inquietantes en las \u00faltimas elecciones europeas.<\/p>\n<p> \t\u00a0<\/p>\n<p> \t<strong>Seg\u00fan los informes y estad\u00edsticas que maneja vuestra organizaci\u00f3n, \u00bfen qu\u00e9 posici\u00f3n se sit\u00faa Espa\u00f1a dentro del ranking de la intolerancia europea? Dicho de otro modo: \u00bfsomos m\u00e1s intolerantes que en otros pa\u00edses del continente o por el estilo?<\/strong><\/p>\n<p> \t\u00a0<\/p>\n<p> \tEn general, las encuestas nos sit\u00faan en una zona de mayor respeto a la diversidad y tolerancia solidaria. Un par\u00e1metro que puede servir de ejemplo es la no existencia de partidos xen\u00f3fobos con representaci\u00f3n institucional significativa, salvo Plataforma per Catalunya, que tiene en esta comunidad aut\u00f3noma 65 concejales y 75.000 votos. Y esa ausencia de representaci\u00f3n institucional es debida a causas m\u00faltiples, desde la memoria de la dictadura hasta la existencia de la diversidad\u00a0 tur\u00edstica (m\u00e1s de 60 millones de personas por a\u00f1o), que nos hace m\u00e1s abiertos, pasando por la propia diversidad end\u00f3gena y la absorci\u00f3n del posible voto xen\u00f3fobo por parte de alg\u00fan partido convencional. Pero todo puede cambiar.<\/p>\n<p> \t\u00a0<\/p>\n<p> \t<strong>En el colegio de mis hijos hay chinos, magreb\u00edes, eslavos&hellip; Algo habitual en la escuela p\u00fablica. \u00bfLa convivencia en las aulas desde la edad m\u00e1s temprana no contribuye a la aceptaci\u00f3n de personas de otras culturas? <\/strong><\/p>\n<p> \t\u00a0<\/p>\n<p> \tContribuye porque nuestros ni\u00f1os y ni\u00f1as crecen en diversidad cultural y lo ven como algo natural. En mi \u00e9poca nunca vi a un negro en la escuela, incluso cuando comenz\u00f3 el Movimiento contra la Intolerancia, hace casi 25 a\u00f1os, llev\u00e1bamos a los colegios a un educador negro y los cr\u00edos le tocaban la piel para ver si era pintura. Es necesaria la Educaci\u00f3n en los Derechos Humanos, en la Tolerancia e Interculturalidad, en acercarnos como semejantes, como humanos fraternos.<\/p>\n<p> \t\u00a0<\/p>\n<p> \t<strong>\u00bfCrees que la desaparici\u00f3n de la asignatura de <em>Formaci\u00f3n para la ciudadan\u00eda<\/em> puede contribuir negativamente a la difusi\u00f3n de la tolerancia entre los estudiantes?<\/strong><\/p>\n<p> \t\u00a0<\/p>\n<p> \tEs un grave error. Necesitamos esa asignatura y m\u00e1s. Necesitamos que se aborde transversalmente y otras complementarias. La educaci\u00f3n es el tesoro de la convivencia y sin ella no ser\u00e1 posible. Van a dejar indefensas frente a la manipulaci\u00f3n, la intolerancia y el fanatismo a generaciones de adolescentes. Es un error muy grave.<\/p>\n<p> \t\u00a0<\/p>\n<p> \t<strong>\u00bfDesarroll\u00e1is actividades espec\u00edficas en centros de ense\u00f1anza para el fomento de la tolerancia y los derechos humanos? \u00bfDe qu\u00e9 tipo son esas actividades?<\/strong><\/p>\n<p> \t\u00a0<\/p>\n<p> \tFundamentalmente de sensibilizaci\u00f3n preventiva frente a la violencia, el odio, la discriminaci\u00f3n y la intolerancia. Tambi\u00e9n realizamos jornadas escolares, talleres de Radio Intercultural, celebramos los d\u00edas internacionales contra el racismo, por los derechos humanos&hellip; Trabajamos con profesores y padres, y ofrecemos a v\u00edctimas de acoso por intolerancia (racismo, homofobia, discriminaci\u00f3n, etc.) un asesoramiento jur\u00eddico desde nuestra entidad.<\/p>\n<p> \t\u00a0<\/p>\n<p> \t<strong>Aparte de esas actividades dirigidas a escolares, manten\u00e9is foros p\u00fablicos y una Oficina de Solidaridad con las V\u00edctimas de la Intolerancia, organiz\u00e1is actos p\u00fablicos, edit\u00e1is trabajos de investigaci\u00f3n social&hellip; \u00bfC\u00f3mo se financia todo ello?<\/strong><\/p>\n<p> \t\u00a0<\/p>\n<p> \tTodo ello y m\u00e1s. Nos personamos como Acusaci\u00f3n Popular en defensa de las v\u00edctimas en procedimientos judiciales, realizamos monitorizaci\u00f3n e investigaci\u00f3n de incidentes y delitos de odio, asesoramos legislaciones (cuando nos escuchan) como la Ley contra el Racismo y la Intolerancia en el Deporte&hellip; Y lo hacemos con financiaci\u00f3n p\u00fablica (subvenciones) y lo que no nos financian con dinero p\u00fablico, buscamos ayudas y donativos con campa\u00f1as para conseguirlo.<\/p>\n<p> \t\u00a0<\/p>\n<p> \t<strong>Nuestros gobernantes se lamentan de la ca\u00edda de la tasa de natalidad, pero a la vez se obstinan en impedir o limitar la entrada de j\u00f3venes y ni\u00f1os de otras etnias. \u00bfNo es ese un peligroso &ndash;aunque disimulado&ndash; mensaje racista?<\/strong><\/p>\n<p> \t\u00a0<\/p>\n<p> \tEs una obstinaci\u00f3n de car\u00e1cter ideol\u00f3gico-cultural. Es absurdo. Tenemos un problema grav\u00edsimo de natalidad, somos un pa\u00eds envejecido, todos ganar\u00edamos, los ni\u00f1os, las familias, la sociedad, el Estado. En muchas casos existe una mentalidad conservadora que hace ascos a la libertad o autonom\u00eda de la persona y nos impide avanzar por el sentido com\u00fan.<\/p>\n<p> \t\u00a0<\/p>\n<p> \t<strong>\u00bfLa actual legislaci\u00f3n espa\u00f1ola es insuficiente en cuanto a la protecci\u00f3n de las v\u00edctimas de la intolerancia ideol\u00f3gica? \u00bfPor qu\u00e9? En este sentido, \u00bfqu\u00e9 nuevas medidas consider\u00e1is imprescindibles?<\/strong><\/p>\n<p> \t\u00a0<\/p>\n<p> \tEs limitada, en cuanto a la intolerancia en general y en todas sus formas (racismo, xenofobia, antigitanismo, homofobia, antisemitismo, islamofobia&hellip;), as\u00ed como en sus manifestaciones de odio, discriminaci\u00f3n y violencia por estos motivos. Es imprescindible que el Estatuto de la Victima incorpore lo establecido en la Directiva Europea que iguala en protecci\u00f3n y derechos\u00a0 a las v\u00edctimas del terrorismo, de la violencia de g\u00e9nero y de los cr\u00edmenes de odio (que son la expresi\u00f3n m\u00e1s terrible de intolerancia).<\/p>\n<p> \t\u00a0<\/p>\n<p> \t<strong>\u00bfTemes que la llamada &ldquo;Ley Mordaza&rdquo; del ministro Fern\u00e1ndez D\u00edaz pueda recortar vuestra capacidad de actuaci\u00f3n? \u00bfNo es tal ordenamiento una muestra m\u00e1s de intolerancia, esta vez gubernamental?<\/strong><\/p>\n<p> \t\u00a0<\/p>\n<p> \tEn verdad que es una respuesta desde el miedo a la movilizaci\u00f3n de una sociedad que est\u00e1 muy enfadada por todo lo que est\u00e1 pasando, sus penurias y sufrimientos mientras otros se lucran y sacan provecho de una crisis que beneficia a los poderosos.\u00a0 El recorte de derechos a los m\u00e1s vulnerables supone una falta de respeto a su dignidad, amparada por la Declaraci\u00f3n de Derechos Humanos, y por tanto hay intolerancia institucional. Esperemos poder navegar e ir reconstruyendo\u00a0 espacios de libertad.<\/p>\n<p> \t\u00a0<\/p>\n<p> \t<strong>&ldquo;Mister \u00c9bola solucionar\u00eda el problema de la emigraci\u00f3n&rdquo;. Algo as\u00ed dijo Jean-Marie Le Pen. Este tipo de declaraciones, \u00bfno deber\u00edan ser juzgadas por un tribunal penal internacional, por lo que representan de desprecio activo a la vida humana?<\/strong><\/p>\n<p> \t\u00a0<\/p>\n<p> \tEste sujeto es un fascista y pronazi, y su declaraci\u00f3n es una apolog\u00eda del genocidio. En Espa\u00f1a, yo personalmente habr\u00eda tardado diez segundos en poner una denuncia a trav\u00e9s de nuestra asociaci\u00f3n, \u00a0justo el tiempo necesario para realizar una llamada de tel\u00e9fono a nuestro Departamento Jur\u00eddico. Hace tiempo que falta determinaci\u00f3n en Francia frente a este problema.<\/p>\n<p> \t\u00a0<\/p>\n<p> \t<strong>Otra perla reciente, esta vez del alcalde de Vitoria, Javier Maroto: los magreb\u00edes se aprovechan de las ayudas sociales para no trabajar. Y es que todo el mundo sabe que la generosa cuant\u00eda de las ayudas sociales, en Espa\u00f1a, elevan al necesitado a la condici\u00f3n de clase media-alta&hellip;<\/strong><\/p>\n<p> \t\u00a0<\/p>\n<p> \tSus declaraciones no se ajustan a la verdad y tras denuncias de organizaciones no gubernamentales, el fiscal ha incoado diligencias por sus palabras sobre los inmigrantes. Espero, sinceramente y por el bien de la convivencia, que cada vez se consientan menos este tipo de declaraciones que conllevan xenofobia.<\/p>\n<p> \t\u00a0<\/p>\n<p> \t<strong>Est\u00e1 proliferando la caridad ultraderechista: solo para espa\u00f1oles. \u00bfCrees que el invento les funciona, a efectos de simpat\u00edas y proselitismo ideol\u00f3gico?<\/strong><\/p>\n<p> \t\u00a0<\/p>\n<p> \tEs una estrategia implementada en Grecia, Italia, Hungr\u00eda&hellip; y ahora en nuestro pa\u00eds. Algunos lo realizan desde centros &ldquo;okupas&rdquo; neofascistas, persiguiendo dividir al barrio\u00a0 con la comida solo para &ldquo;espa\u00f1oles&rdquo;. Buscan propaganda, conflicto, alentar la discriminaci\u00f3n xen\u00f3foba y romper la convivencia. En Grecia y en contextos muy duros han logrado cierto resultado, pero espero que el valor de la solidaridad universal y el principio de igualdad de trato prevalezcan, que estos valores se ense\u00f1en en escuelas y medios de comunicaci\u00f3n, y que las gentes de bien desprecien estas pr\u00e1cticas de discriminaci\u00f3n xen\u00f3foba que en muchos caso pueden incurrir en delito y deben ser perseguidas por la Fiscal\u00eda de Delitos de Odio y Discriminaci\u00f3n.<\/p>\n<p> \t\u00a0<\/p>\n<p> \t<strong>No hay que confundir la islamofobia con la lucha legal contra formas violentas como el yihadismo. \u00bfVuestra organizaci\u00f3n contempla o desarrolla actuaciones preventivas frente a este problema, que sin duda es tambi\u00e9n una manifestaci\u00f3n de intolerancia radical?<\/strong><\/p>\n<p> \t\u00a0<\/p>\n<p> \tClaro que no hay que confundir la islamofobia, que es el rechazo y la denigraci\u00f3n del islam, con el yihadismo integrista, que es una manifestaci\u00f3n violenta y alejada de las lecturas de paz musulmanas mayoritarias. Todo integrismo violento debe ser erradicado. Lo que estamos viendo con Al Qaeda, Boko Haram, el Estado Isl\u00e1mico, todo ello es terror\u00edfico, y a su vez habr\u00eda que preguntarse qui\u00e9n les apoya financiera y militarmente para que quiebren estados y avancen con arsenales muy costosos. Nuestra entidad denuncia esta realidad y trabaja en las escuelas para que los adolescentes practiquen la tolerancia con la diversidad religiosa, no dej\u00e1ndose enga\u00f1ar por ning\u00fan fanatismo.<\/p>\n<p> \t\u00a0<\/p>\n<p> \t<strong>T\u00fa has sido deportista profesional; en concreto, jugador y entrenador de baloncesto. \u00bfNo son los valores del deporte &ndash;el aprecio por el propio esfuerzo, la cooperaci\u00f3n entre individuos con diferentes roles, el respeto al rival&ndash; la ant\u00edtesis de la intolerancia?<\/strong><\/p>\n<p> \t\u00a0<\/p>\n<p> \tEs verdad, lo he sido durante muchos a\u00f1os. Estos valores son muy importantes, pero a veces la competitividad desmedida, el deseo de ganar por encima de todo, la mercantilizaci\u00f3n del deporte y el estrellato publicitario, hacen tanto da\u00f1o que necesitamos complementar los valores de origen deportivos con una cultura neoilustrada que descanse en la dignidad intr\u00ednseca de la persona, recupere la libertad, igualdad y fraternidad universal, y haga de los Derechos Humanos el c\u00f3digo de conducta integral. Con todo ello, creo, podemos competir y ganar a las perversiones en el deporte, pero hay que recorrer mucho camino. Me apasiona este debate.<\/p>\n<p> \t\u00a0<\/p>\n<p> \t<strong>&ldquo;Yo tambi\u00e9n pienso que Esteban Ibarra debe morir&rdquo;. As\u00ed se titulaba un grupo de Facebook creado en 2010. \u00bfEl gobierno actual, tan sensibilizado con los mensajes insertos en las redes sociales, se preocupa por este tipo de amenazas directas a las personas que defienden los derechos humanos?<\/strong><\/p>\n<p> \t\u00a0<\/p>\n<p> \tTengo varias denuncias judiciales por agresiones y en marcha varios procesos por este caso; tambi\u00e9n por el juego titulado &ldquo;Mata a Esteban Ibarra&rdquo; y otras barbaridades que me han realizado los neonazis, incluyendo agresiones y amenazas a mi familia.\u00a0 No hay suficiente sensibilidad. Promuevo una consigna: &ldquo;Lo que es ilegal fuera de la Red, tambi\u00e9n lo es en Internet&rdquo;. Y creo que hay que llevarlo a la pr\u00e1ctica, e invito a quien sea v\u00edctima a denunciar. La sensibilidad se alcanza si denunciamos, si luchamos, si rompemos la indolencia institucional&hellip;<\/p>\n<p> \t\u00a0<\/p>\n<p> \t<strong>Por cierto, al creador del antedicho grupo de FB, \u00bfle alcanz\u00f3 la acci\u00f3n de la justicia?<\/strong><\/p>\n<p> \t\u00a0<\/p>\n<p> \tYa os digo, hay procedimientos penales abiertos, lentos como es la justicia en nuestro pa\u00eds, pero firmes porque yo no voy a desistir. Todav\u00eda est\u00e1n a la espera de juicio, pero todo llegar\u00e1.<\/p>\n<p> \t\u00a0<\/p>\n<p> \t<strong>Para acabar, cambio de tercio. El segundo punto de vuestro programa es &ldquo;La erradicaci\u00f3n de la violencia para la soluci\u00f3n de conflictos&rdquo;. El Movimiento contra la Intolerancia ha condenado la violencia de ETA, pero no parece demasiado interesado en el proceso de paz que se desarrolla actualmente en Euskadi.<\/strong><\/p>\n<p> \t\u00a0<\/p>\n<p> \tCreo que el Movimiento contra la Intolerancia jug\u00f3 un gran papel desde la conciencia pacifista y humanista movilizando a la ciudadan\u00eda. Estamos orgullosos de ello, incluso sufrimos un atentado de un paquete bomba en aquel contexto, por parte de un grupo antisistema que nos odiaba por movilizar por la paz. Tambi\u00e9n otros grupos, como Denon Artean, Gesto por la Paz&hellip;, fueron muy importantes, yo dir\u00eda que imprescindibles, para condenar el terrorismo, respetar al pueblo vasco y no dar espacio a grupos antidemocr\u00e1ticos. Ahora estamos en un momento donde le toca hablar a la pol\u00edtica, y tienen que ser los ciudadanos y sus representantes quienes concreten el avance del proceso de paz.<\/p>","protected":false},"excerpt":{"rendered":"<p>\u00a0 \u00a0 Ante las nuevas estrategias propagand\u00edsticas de los grupos ultraderechistas, como por ejemplo la caridad solo para espa\u00f1oles, Esteban Ibarra, fundador y presidente del Movimiento contra la Intolerancia, manifiesta \u00a0 \u00a0 \u00a0 \u00a0<\/p>","protected":false},"author":1,"featured_media":0,"comment_status":"open","ping_status":"open","sticky":false,"template":"","format":"standard","meta":{"footnotes":""},"categories":[58],"tags":[],"class_list":["post-5930","post","type-post","status-publish","format-standard","hentry","category-estado-espanol"],"yoast_head":"<!-- This site is optimized with the Yoast SEO plugin v27.5 - https:\/\/yoast.com\/product\/yoast-seo-wordpress\/ -->\n<title>\u201cEspero que las gentes de bien desprecien la caridad de los xen\u00f3fobos\u201d - Revista Rambla<\/title>\n<meta name=\"robots\" content=\"index, follow, max-snippet:-1, max-image-preview:large, max-video-preview:-1\" \/>\n<link rel=\"canonical\" href=\"https:\/\/www.revistarambla.com\/en\/espero-que-las-gentes-de-bien-desprecien-la-caridad-de-los-xenofobos\/\" \/>\n<meta property=\"og:locale\" content=\"en_GB\" \/>\n<meta property=\"og:type\" content=\"article\" \/>\n<meta property=\"og:title\" content=\"\u201cEspero que las gentes de bien desprecien la caridad de los xen\u00f3fobos\u201d - Revista Rambla\" \/>\n<meta property=\"og:description\" content=\"\u00a0 \u00a0 Ante las nuevas estrategias propagand\u00edsticas de los grupos ultraderechistas, como por ejemplo la caridad solo para espa\u00f1oles, Esteban Ibarra, fundador y presidente del Movimiento contra la Intolerancia, manifiesta \u00a0 \u00a0 \u00a0 \u00a0\" \/>\n<meta property=\"og:url\" content=\"https:\/\/www.revistarambla.com\/en\/espero-que-las-gentes-de-bien-desprecien-la-caridad-de-los-xenofobos\/\" \/>\n<meta property=\"og:site_name\" content=\"Revista Rambla\" \/>\n<meta property=\"article:publisher\" content=\"https:\/\/www.facebook.com\/revistarambla\/\" \/>\n<meta property=\"article:published_time\" content=\"2014-09-15T07:30:54+00:00\" \/>\n<meta property=\"og:image\" content=\"https:\/\/i1.wp.com\/www.revistarambla.com\/wp-content\/uploads\/2014\/09\/estevan_ivarra_revistarambla_01.jpg?fit=682%2C431&ssl=1\" \/>\n\t<meta property=\"og:image:width\" content=\"682\" \/>\n\t<meta property=\"og:image:height\" content=\"431\" \/>\n\t<meta property=\"og:image:type\" content=\"image\/jpeg\" \/>\n<meta name=\"author\" content=\"admin\" \/>\n<meta name=\"twitter:card\" content=\"summary_large_image\" \/>\n<meta name=\"twitter:creator\" content=\"@revistarambla\" \/>\n<meta name=\"twitter:site\" content=\"@revistarambla\" \/>\n<meta name=\"twitter:label1\" content=\"Written by\" \/>\n\t<meta name=\"twitter:data1\" content=\"admin\" \/>\n\t<meta name=\"twitter:label2\" content=\"Estimated reading time\" \/>\n\t<meta name=\"twitter:data2\" content=\"12 minutes\" \/>\n<script type=\"application\/ld+json\" class=\"yoast-schema-graph\">{\"@context\":\"https:\\\/\\\/schema.org\",\"@graph\":[{\"@type\":\"Article\",\"@id\":\"https:\\\/\\\/www.revistarambla.com\\\/espero-que-las-gentes-de-bien-desprecien-la-caridad-de-los-xenofobos\\\/#article\",\"isPartOf\":{\"@id\":\"https:\\\/\\\/www.revistarambla.com\\\/espero-que-las-gentes-de-bien-desprecien-la-caridad-de-los-xenofobos\\\/\"},\"author\":{\"name\":\"admin\",\"@id\":\"https:\\\/\\\/www.revistarambla.com\\\/#\\\/schema\\\/person\\\/4a5652fc8c82df1f8593002d038cd79e\"},\"headline\":\"\u201cEspero que las gentes de bien desprecien la caridad de los xen\u00f3fobos\u201d\",\"datePublished\":\"2014-09-15T07:30:54+00:00\",\"mainEntityOfPage\":{\"@id\":\"https:\\\/\\\/www.revistarambla.com\\\/espero-que-las-gentes-de-bien-desprecien-la-caridad-de-los-xenofobos\\\/\"},\"wordCount\":2409,\"commentCount\":0,\"publisher\":{\"@id\":\"https:\\\/\\\/www.revistarambla.com\\\/#organization\"},\"image\":{\"@id\":\"https:\\\/\\\/www.revistarambla.com\\\/espero-que-las-gentes-de-bien-desprecien-la-caridad-de-los-xenofobos\\\/#primaryimage\"},\"thumbnailUrl\":\"https:\\\/\\\/www.revistarambla.com\\\/wp-content\\\/uploads\\\/2014\\\/09\\\/estevan_ivarra_revistarambla_01.jpg\",\"articleSection\":[\"Estado Espa\u00f1ol\"],\"inLanguage\":\"en-GB\",\"potentialAction\":[{\"@type\":\"CommentAction\",\"name\":\"Comment\",\"target\":[\"https:\\\/\\\/www.revistarambla.com\\\/espero-que-las-gentes-de-bien-desprecien-la-caridad-de-los-xenofobos\\\/#respond\"]}]},{\"@type\":\"WebPage\",\"@id\":\"https:\\\/\\\/www.revistarambla.com\\\/espero-que-las-gentes-de-bien-desprecien-la-caridad-de-los-xenofobos\\\/\",\"url\":\"https:\\\/\\\/www.revistarambla.com\\\/espero-que-las-gentes-de-bien-desprecien-la-caridad-de-los-xenofobos\\\/\",\"name\":\"\u201cEspero que las gentes de bien desprecien la caridad de los xen\u00f3fobos\u201d - Revista Rambla\",\"isPartOf\":{\"@id\":\"https:\\\/\\\/www.revistarambla.com\\\/#website\"},\"primaryImageOfPage\":{\"@id\":\"https:\\\/\\\/www.revistarambla.com\\\/espero-que-las-gentes-de-bien-desprecien-la-caridad-de-los-xenofobos\\\/#primaryimage\"},\"image\":{\"@id\":\"https:\\\/\\\/www.revistarambla.com\\\/espero-que-las-gentes-de-bien-desprecien-la-caridad-de-los-xenofobos\\\/#primaryimage\"},\"thumbnailUrl\":\"https:\\\/\\\/www.revistarambla.com\\\/wp-content\\\/uploads\\\/2014\\\/09\\\/estevan_ivarra_revistarambla_01.jpg\",\"datePublished\":\"2014-09-15T07:30:54+00:00\",\"breadcrumb\":{\"@id\":\"https:\\\/\\\/www.revistarambla.com\\\/espero-que-las-gentes-de-bien-desprecien-la-caridad-de-los-xenofobos\\\/#breadcrumb\"},\"inLanguage\":\"en-GB\",\"potentialAction\":[{\"@type\":\"ReadAction\",\"target\":[\"https:\\\/\\\/www.revistarambla.com\\\/espero-que-las-gentes-de-bien-desprecien-la-caridad-de-los-xenofobos\\\/\"]}]},{\"@type\":\"ImageObject\",\"inLanguage\":\"en-GB\",\"@id\":\"https:\\\/\\\/www.revistarambla.com\\\/espero-que-las-gentes-de-bien-desprecien-la-caridad-de-los-xenofobos\\\/#primaryimage\",\"url\":\"https:\\\/\\\/www.revistarambla.com\\\/wp-content\\\/uploads\\\/2014\\\/09\\\/estevan_ivarra_revistarambla_01.jpg\",\"contentUrl\":\"https:\\\/\\\/www.revistarambla.com\\\/wp-content\\\/uploads\\\/2014\\\/09\\\/estevan_ivarra_revistarambla_01.jpg\"},{\"@type\":\"BreadcrumbList\",\"@id\":\"https:\\\/\\\/www.revistarambla.com\\\/espero-que-las-gentes-de-bien-desprecien-la-caridad-de-los-xenofobos\\\/#breadcrumb\",\"itemListElement\":[{\"@type\":\"ListItem\",\"position\":1,\"name\":\"Portada\",\"item\":\"https:\\\/\\\/www.revistarambla.com\\\/\"},{\"@type\":\"ListItem\",\"position\":2,\"name\":\"\u201cEspero que las gentes de bien desprecien la caridad de los xen\u00f3fobos\u201d\"}]},{\"@type\":\"WebSite\",\"@id\":\"https:\\\/\\\/www.revistarambla.com\\\/#website\",\"url\":\"https:\\\/\\\/www.revistarambla.com\\\/\",\"name\":\"Revista Rambla Barcelona\",\"description\":\"Periodismo independiente\",\"publisher\":{\"@id\":\"https:\\\/\\\/www.revistarambla.com\\\/#organization\"},\"potentialAction\":[{\"@type\":\"SearchAction\",\"target\":{\"@type\":\"EntryPoint\",\"urlTemplate\":\"https:\\\/\\\/www.revistarambla.com\\\/?s={search_term_string}\"},\"query-input\":{\"@type\":\"PropertyValueSpecification\",\"valueRequired\":true,\"valueName\":\"search_term_string\"}}],\"inLanguage\":\"en-GB\"},{\"@type\":\"Organization\",\"@id\":\"https:\\\/\\\/www.revistarambla.com\\\/#organization\",\"name\":\"Revista Rambla\",\"url\":\"https:\\\/\\\/www.revistarambla.com\\\/\",\"logo\":{\"@type\":\"ImageObject\",\"inLanguage\":\"en-GB\",\"@id\":\"https:\\\/\\\/www.revistarambla.com\\\/#\\\/schema\\\/logo\\\/image\\\/\",\"url\":\"https:\\\/\\\/www.revistarambla.com\\\/wp-content\\\/uploads\\\/2020\\\/09\\\/banner_rambla_1900x600_BB.png\",\"contentUrl\":\"https:\\\/\\\/www.revistarambla.com\\\/wp-content\\\/uploads\\\/2020\\\/09\\\/banner_rambla_1900x600_BB.png\",\"width\":1900,\"height\":600,\"caption\":\"Revista Rambla\"},\"image\":{\"@id\":\"https:\\\/\\\/www.revistarambla.com\\\/#\\\/schema\\\/logo\\\/image\\\/\"},\"sameAs\":[\"https:\\\/\\\/www.facebook.com\\\/revistarambla\\\/\",\"https:\\\/\\\/x.com\\\/revistarambla\",\"https:\\\/\\\/www.instagram.com\\\/revista_rambla\",\"https:\\\/\\\/es.linkedin.com\\\/company\\\/revista-rambla\"]},{\"@type\":\"Person\",\"@id\":\"https:\\\/\\\/www.revistarambla.com\\\/#\\\/schema\\\/person\\\/4a5652fc8c82df1f8593002d038cd79e\",\"name\":\"admin\"}]}<\/script>\n<!-- \/ Yoast SEO plugin. -->","yoast_head_json":{"title":"\u201cEspero que las gentes de bien desprecien la caridad de los xen\u00f3fobos\u201d - Revista Rambla","robots":{"index":"index","follow":"follow","max-snippet":"max-snippet:-1","max-image-preview":"max-image-preview:large","max-video-preview":"max-video-preview:-1"},"canonical":"https:\/\/www.revistarambla.com\/en\/espero-que-las-gentes-de-bien-desprecien-la-caridad-de-los-xenofobos\/","og_locale":"en_GB","og_type":"article","og_title":"\u201cEspero que las gentes de bien desprecien la caridad de los xen\u00f3fobos\u201d - Revista Rambla","og_description":"\u00a0 \u00a0 Ante las nuevas estrategias propagand\u00edsticas de los grupos ultraderechistas, como por ejemplo la caridad solo para espa\u00f1oles, Esteban Ibarra, fundador y presidente del Movimiento contra la Intolerancia, manifiesta \u00a0 \u00a0 \u00a0 \u00a0","og_url":"https:\/\/www.revistarambla.com\/en\/espero-que-las-gentes-de-bien-desprecien-la-caridad-de-los-xenofobos\/","og_site_name":"Revista Rambla","article_publisher":"https:\/\/www.facebook.com\/revistarambla\/","article_published_time":"2014-09-15T07:30:54+00:00","og_image":[{"width":682,"height":431,"url":"https:\/\/i1.wp.com\/www.revistarambla.com\/wp-content\/uploads\/2014\/09\/estevan_ivarra_revistarambla_01.jpg?fit=682%2C431&ssl=1","type":"image\/jpeg"}],"author":"admin","twitter_card":"summary_large_image","twitter_creator":"@revistarambla","twitter_site":"@revistarambla","twitter_misc":{"Written by":"admin","Estimated reading time":"12 minutes"},"schema":{"@context":"https:\/\/schema.org","@graph":[{"@type":"Article","@id":"https:\/\/www.revistarambla.com\/espero-que-las-gentes-de-bien-desprecien-la-caridad-de-los-xenofobos\/#article","isPartOf":{"@id":"https:\/\/www.revistarambla.com\/espero-que-las-gentes-de-bien-desprecien-la-caridad-de-los-xenofobos\/"},"author":{"name":"admin","@id":"https:\/\/www.revistarambla.com\/#\/schema\/person\/4a5652fc8c82df1f8593002d038cd79e"},"headline":"\u201cEspero que las gentes de bien desprecien la caridad de los xen\u00f3fobos\u201d","datePublished":"2014-09-15T07:30:54+00:00","mainEntityOfPage":{"@id":"https:\/\/www.revistarambla.com\/espero-que-las-gentes-de-bien-desprecien-la-caridad-de-los-xenofobos\/"},"wordCount":2409,"commentCount":0,"publisher":{"@id":"https:\/\/www.revistarambla.com\/#organization"},"image":{"@id":"https:\/\/www.revistarambla.com\/espero-que-las-gentes-de-bien-desprecien-la-caridad-de-los-xenofobos\/#primaryimage"},"thumbnailUrl":"https:\/\/www.revistarambla.com\/wp-content\/uploads\/2014\/09\/estevan_ivarra_revistarambla_01.jpg","articleSection":["Estado Espa\u00f1ol"],"inLanguage":"en-GB","potentialAction":[{"@type":"CommentAction","name":"Comment","target":["https:\/\/www.revistarambla.com\/espero-que-las-gentes-de-bien-desprecien-la-caridad-de-los-xenofobos\/#respond"]}]},{"@type":"WebPage","@id":"https:\/\/www.revistarambla.com\/espero-que-las-gentes-de-bien-desprecien-la-caridad-de-los-xenofobos\/","url":"https:\/\/www.revistarambla.com\/espero-que-las-gentes-de-bien-desprecien-la-caridad-de-los-xenofobos\/","name":"\u201cEspero que las gentes de bien desprecien la caridad de los xen\u00f3fobos\u201d - Revista Rambla","isPartOf":{"@id":"https:\/\/www.revistarambla.com\/#website"},"primaryImageOfPage":{"@id":"https:\/\/www.revistarambla.com\/espero-que-las-gentes-de-bien-desprecien-la-caridad-de-los-xenofobos\/#primaryimage"},"image":{"@id":"https:\/\/www.revistarambla.com\/espero-que-las-gentes-de-bien-desprecien-la-caridad-de-los-xenofobos\/#primaryimage"},"thumbnailUrl":"https:\/\/www.revistarambla.com\/wp-content\/uploads\/2014\/09\/estevan_ivarra_revistarambla_01.jpg","datePublished":"2014-09-15T07:30:54+00:00","breadcrumb":{"@id":"https:\/\/www.revistarambla.com\/espero-que-las-gentes-de-bien-desprecien-la-caridad-de-los-xenofobos\/#breadcrumb"},"inLanguage":"en-GB","potentialAction":[{"@type":"ReadAction","target":["https:\/\/www.revistarambla.com\/espero-que-las-gentes-de-bien-desprecien-la-caridad-de-los-xenofobos\/"]}]},{"@type":"ImageObject","inLanguage":"en-GB","@id":"https:\/\/www.revistarambla.com\/espero-que-las-gentes-de-bien-desprecien-la-caridad-de-los-xenofobos\/#primaryimage","url":"https:\/\/www.revistarambla.com\/wp-content\/uploads\/2014\/09\/estevan_ivarra_revistarambla_01.jpg","contentUrl":"https:\/\/www.revistarambla.com\/wp-content\/uploads\/2014\/09\/estevan_ivarra_revistarambla_01.jpg"},{"@type":"BreadcrumbList","@id":"https:\/\/www.revistarambla.com\/espero-que-las-gentes-de-bien-desprecien-la-caridad-de-los-xenofobos\/#breadcrumb","itemListElement":[{"@type":"ListItem","position":1,"name":"Portada","item":"https:\/\/www.revistarambla.com\/"},{"@type":"ListItem","position":2,"name":"\u201cEspero que las gentes de bien desprecien la caridad de los xen\u00f3fobos\u201d"}]},{"@type":"WebSite","@id":"https:\/\/www.revistarambla.com\/#website","url":"https:\/\/www.revistarambla.com\/","name":"Revista Rambla Barcelona","description":"Periodismo independiente","publisher":{"@id":"https:\/\/www.revistarambla.com\/#organization"},"potentialAction":[{"@type":"SearchAction","target":{"@type":"EntryPoint","urlTemplate":"https:\/\/www.revistarambla.com\/?s={search_term_string}"},"query-input":{"@type":"PropertyValueSpecification","valueRequired":true,"valueName":"search_term_string"}}],"inLanguage":"en-GB"},{"@type":"Organization","@id":"https:\/\/www.revistarambla.com\/#organization","name":"Revista Rambla","url":"https:\/\/www.revistarambla.com\/","logo":{"@type":"ImageObject","inLanguage":"en-GB","@id":"https:\/\/www.revistarambla.com\/#\/schema\/logo\/image\/","url":"https:\/\/www.revistarambla.com\/wp-content\/uploads\/2020\/09\/banner_rambla_1900x600_BB.png","contentUrl":"https:\/\/www.revistarambla.com\/wp-content\/uploads\/2020\/09\/banner_rambla_1900x600_BB.png","width":1900,"height":600,"caption":"Revista Rambla"},"image":{"@id":"https:\/\/www.revistarambla.com\/#\/schema\/logo\/image\/"},"sameAs":["https:\/\/www.facebook.com\/revistarambla\/","https:\/\/x.com\/revistarambla","https:\/\/www.instagram.com\/revista_rambla","https:\/\/es.linkedin.com\/company\/revista-rambla"]},{"@type":"Person","@id":"https:\/\/www.revistarambla.com\/#\/schema\/person\/4a5652fc8c82df1f8593002d038cd79e","name":"admin"}]}},"_links":{"self":[{"href":"https:\/\/www.revistarambla.com\/en\/wp-json\/wp\/v2\/posts\/5930","targetHints":{"allow":["GET"]}}],"collection":[{"href":"https:\/\/www.revistarambla.com\/en\/wp-json\/wp\/v2\/posts"}],"about":[{"href":"https:\/\/www.revistarambla.com\/en\/wp-json\/wp\/v2\/types\/post"}],"author":[{"embeddable":true,"href":"https:\/\/www.revistarambla.com\/en\/wp-json\/wp\/v2\/users\/1"}],"replies":[{"embeddable":true,"href":"https:\/\/www.revistarambla.com\/en\/wp-json\/wp\/v2\/comments?post=5930"}],"version-history":[{"count":0,"href":"https:\/\/www.revistarambla.com\/en\/wp-json\/wp\/v2\/posts\/5930\/revisions"}],"wp:attachment":[{"href":"https:\/\/www.revistarambla.com\/en\/wp-json\/wp\/v2\/media?parent=5930"}],"wp:term":[{"taxonomy":"category","embeddable":true,"href":"https:\/\/www.revistarambla.com\/en\/wp-json\/wp\/v2\/categories?post=5930"},{"taxonomy":"post_tag","embeddable":true,"href":"https:\/\/www.revistarambla.com\/en\/wp-json\/wp\/v2\/tags?post=5930"}],"curies":[{"name":"wp","href":"https:\/\/api.w.org\/{rel}","templated":true}]}}