{"id":5926,"date":"2014-09-13T06:23:28","date_gmt":"2014-09-13T06:23:28","guid":{"rendered":"https:\/\/www.revistarambla.com\/joan-gallego-ccoo-nosotros-queremos-decidirlo-todo-en-lo-social-tambien\/"},"modified":"2014-09-13T06:23:28","modified_gmt":"2014-09-13T06:23:28","slug":"joan-gallego-ccoo-nosotros-queremos-decidirlo-todo-en-lo-social-tambien","status":"publish","type":"post","link":"https:\/\/www.revistarambla.com\/en\/joan-gallego-ccoo-nosotros-queremos-decidirlo-todo-en-lo-social-tambien\/","title":{"rendered":"Joan Gallego, CCOO: \u201cNosotros queremos decidirlo todo, en lo social tambi\u00e9n\u201d"},"content":{"rendered":"<p> \t<img decoding=\"async\" class=\"alignleft size-full wp-image-5924\" alt=\"alt\" src=\"https:\/\/www.revistarambla.com\/wp-content\/uploads\/2014\/09\/dida_revistarambla_01.jpg\" style=\"width: 682px; height: 430px; margin-left: 9px; margin-right: 9px; float: left;\" width=\"682\" height=\"430\" srcset=\"https:\/\/www.revistarambla.com\/wp-content\/uploads\/2014\/09\/dida_revistarambla_01.jpg 682w, https:\/\/www.revistarambla.com\/wp-content\/uploads\/2014\/09\/dida_revistarambla_01-300x189.jpg 300w, https:\/\/www.revistarambla.com\/wp-content\/uploads\/2014\/09\/dida_revistarambla_01-500x315.jpg 500w\" sizes=\"(max-width: 682px) 100vw, 682px\" \/>Las <span data-scayt_word=\"organizaciones\" data-scaytid=\"1\">organizaciones<\/span> <span data-scayt_word=\"que\" data-scaytid=\"2\">que<\/span> <span data-scayt_word=\"apoyan\" data-scaytid=\"4\">apoyan<\/span> la <span data-scayt_word=\"campa\u00f1a\" data-scaytid=\"5\">campa\u00f1a<\/span> <span data-scayt_word=\"\u201cPor\" data-scaytid=\"6\">&ldquo;Por<\/span> <span data-scayt_word=\"una\" data-scaytid=\"7\">una<\/span> <span data-scayt_word=\"Catalunya\" data-scaytid=\"9\">Catalunya<\/span> Social&rdquo; se <span data-scayt_word=\"hicieron\" data-scaytid=\"10\">hicieron<\/span> <span data-scayt_word=\"o\u00edr\" data-scaytid=\"11\">o\u00edr<\/span> en la <span data-scayt_word=\"V\u00eda\" data-scaytid=\"12\">V\u00eda<\/span> <span data-scayt_word=\"Catalana\" data-scaytid=\"13\">Catalana<\/span> 2014. La <span data-scayt_word=\"camiseta\" data-scaytid=\"14\">camiseta<\/span> <span data-scayt_word=\"roja\" data-scaytid=\"15\">roja<\/span> de la V se <span data-scayt_word=\"mezclaba\" data-scaytid=\"16\">mezclaba<\/span> con <span data-scayt_word=\"las\" data-scaytid=\"17\">las<\/span> de la <span data-scayt_word=\"marea\" data-scaytid=\"20\">marea<\/span> <span data-scayt_word=\"amarilla\" data-scaytid=\"21\">amarilla<\/span> <span data-scayt_word=\"por\" data-scaytid=\"22\">por<\/span> <span data-scayt_word=\"una\" data-scaytid=\"8\">una<\/span> <span data-scayt_word=\"escuela\" data-scaytid=\"24\">escuela<\/span> <span data-scayt_word=\"p\u00fablica\" data-scaytid=\"25\">p\u00fablica<\/span> y contra los <span data-scayt_word=\"recortes\" data-scaytid=\"26\">recortes<\/span>, <span data-scayt_word=\"las\" data-scaytid=\"18\">las<\/span> de la <span data-scayt_word=\"Plataforma\" data-scaytid=\"27\">Plataforma<\/span> de <span data-scayt_word=\"Afectados\" data-scaytid=\"28\">Afectados<\/span> <span data-scayt_word=\"por\" data-scaytid=\"23\">por<\/span> la <span data-scayt_word=\"Hipoteca\" data-scaytid=\"29\">Hipoteca<\/span> o <span data-scayt_word=\"las\" data-scaytid=\"19\">las<\/span> <span data-scayt_word=\"que\" data-scaytid=\"3\">que<\/span><\/p>\n<p> \t\u00a0<\/p>\n<p> \t\u00a0<\/p>\n<p>  <!--more-->  <\/p>\n<p> \t<strong>Las <span data-scayt_word=\"organizaciones\" data-scaytid=\"30\">organizaciones<\/span> <span data-scayt_word=\"que\" data-scaytid=\"31\">que<\/span> <span data-scayt_word=\"apoyan\" data-scaytid=\"34\">apoyan<\/span> la <span data-scayt_word=\"campa\u00f1a\" data-scaytid=\"35\">campa\u00f1a<\/span> <span data-scayt_word=\"\u201cPor\" data-scaytid=\"36\">&ldquo;Por<\/span> <span data-scayt_word=\"una\" data-scaytid=\"37\">una<\/span> <span data-scayt_word=\"Catalunya\" data-scaytid=\"39\">Catalunya<\/span> Social&rdquo; se <span data-scayt_word=\"hicieron\" data-scaytid=\"40\">hicieron<\/span> <span data-scayt_word=\"o\u00edr\" data-scaytid=\"41\">o\u00edr<\/span> en la <span data-scayt_word=\"V\u00eda\" data-scaytid=\"42\">V\u00eda<\/span> <span data-scayt_word=\"Catalana\" data-scaytid=\"43\">Catalana<\/span> 2014. La <span data-scayt_word=\"camiseta\" data-scaytid=\"44\">camiseta<\/span> <span data-scayt_word=\"roja\" data-scaytid=\"45\">roja<\/span> de la V se <span data-scayt_word=\"mezclaba\" data-scaytid=\"46\">mezclaba<\/span> con <span data-scayt_word=\"las\" data-scaytid=\"47\">las<\/span> de la <span data-scayt_word=\"marea\" data-scaytid=\"50\">marea<\/span> <span data-scayt_word=\"amarilla\" data-scaytid=\"51\">amarilla<\/span> <span data-scayt_word=\"por\" data-scaytid=\"52\">por<\/span> <span data-scayt_word=\"una\" data-scaytid=\"38\">una<\/span> <span data-scayt_word=\"escuela\" data-scaytid=\"54\">escuela<\/span> <span data-scayt_word=\"p\u00fablica\" data-scaytid=\"55\">p\u00fablica<\/span> y contra los <span data-scayt_word=\"recortes\" data-scaytid=\"56\">recortes<\/span>, <span data-scayt_word=\"las\" data-scaytid=\"48\">las<\/span> de la <span data-scayt_word=\"Plataforma\" data-scaytid=\"58\">Plataforma<\/span> de <span data-scayt_word=\"Afectados\" data-scaytid=\"59\">Afectados<\/span> <span data-scayt_word=\"por\" data-scaytid=\"53\">por<\/span> la <span data-scayt_word=\"Hipoteca\" data-scaytid=\"60\">Hipoteca<\/span> o <span data-scayt_word=\"las\" data-scaytid=\"49\">las<\/span> <span data-scayt_word=\"que\" data-scaytid=\"32\">que<\/span> <span data-scayt_word=\"mostraban\" data-scaytid=\"121\">mostraban<\/span> <span data-scayt_word=\"unas\" data-scaytid=\"122\">unas<\/span> <span data-scayt_word=\"tijeras\" data-scaytid=\"123\">tijeras<\/span> <span data-scayt_word=\"entre\" data-scaytid=\"124\">entre<\/span> la <span data-scayt_word=\"se\u00f1al\" data-scaytid=\"125\">se\u00f1al<\/span> de <span data-scayt_word=\"tr\u00e1fico\" data-scaytid=\"126\">tr\u00e1fico<\/span> de <span data-scayt_word=\"prohibido\" data-scaytid=\"127\">prohibido<\/span> el <span data-scayt_word=\"paso\" data-scaytid=\"128\">paso<\/span>, <span data-scayt_word=\"se\u00f1a\" data-scaytid=\"129\">se\u00f1a<\/span> de <span data-scayt_word=\"identidad\" data-scaytid=\"130\">identidad<\/span> del <span data-scayt_word=\"movimiento\" data-scaytid=\"131\">movimiento<\/span> contra los <span data-scayt_word=\"recortes\" data-scaytid=\"57\">recortes<\/span> en <span data-scayt_word=\"gastos\" data-scaytid=\"132\">gastos<\/span> <span data-scayt_word=\"sociales\" data-scaytid=\"133\">sociales<\/span> <span data-scayt_word=\"que\" data-scaytid=\"33\">que<\/span>, <span data-scayt_word=\"tanto\" data-scaytid=\"134\">tanto<\/span> el <span data-scayt_word=\"gobierno\" data-scaytid=\"135\">gobierno<\/span> del PP y el de <span data-scayt_word=\"CiU\" data-scaytid=\"136\">CiU<\/span>, <span data-scayt_word=\"est\u00e1n\" data-scaytid=\"137\">est\u00e1n<\/span> <span data-scayt_word=\"llevando\" data-scaytid=\"138\">llevando<\/span> a <span data-scayt_word=\"cabo\" data-scaytid=\"139\">cabo<\/span>.<\/strong><\/p>\n<p> \t\u00a0<\/p>\n<p> \t<img decoding=\"async\" class=\"size-full wp-image-5925\" alt=\"alt\" data-temp=\"true\" src=\"https:\/\/www.revistarambla.com\/wp-content\/uploads\/2014\/09\/dida_revistarambla_02.jpg\" style=\"width: 700px; height: 441px;\" width=\"700\" height=\"441\" srcset=\"https:\/\/www.revistarambla.com\/wp-content\/uploads\/2014\/09\/dida_revistarambla_02.jpg 700w, https:\/\/www.revistarambla.com\/wp-content\/uploads\/2014\/09\/dida_revistarambla_02-300x189.jpg 300w, https:\/\/www.revistarambla.com\/wp-content\/uploads\/2014\/09\/dida_revistarambla_02-500x315.jpg 500w\" sizes=\"(max-width: 700px) 100vw, 700px\" \/><\/p>\n<p> \t\u00a0<\/p>\n<p> \t<span data-scayt_word=\"Tras\" data-scaytid=\"271\">Tras<\/span> el <span data-scayt_word=\"masivo\" data-scaytid=\"272\">masivo<\/span> <span data-scayt_word=\"\u00e9xito\" data-scaytid=\"273\">\u00e9xito<\/span> de la <span data-scayt_word=\"festiva\" data-scaytid=\"274\">festiva<\/span> y <span data-scayt_word=\"reivindicativa\" data-scaytid=\"275\">reivindicativa<\/span> <span data-scayt_word=\"V\u00eda\" data-scaytid=\"140\">V\u00eda<\/span> <span data-scayt_word=\"Catalana\" data-scaytid=\"141\">Catalana<\/span> 2014, <span data-scayt_word=\"muchos\" data-scaytid=\"278\">muchos<\/span> se <span data-scayt_word=\"hacen\" data-scaytid=\"279\">hacen<\/span> la <span data-scayt_word=\"pregunta\" data-scaytid=\"280\">pregunta<\/span>: <strong>\u00bf<span data-scayt_word=\"ahora\" data-scaytid=\"281\">ahora<\/span> <span data-scayt_word=\"qu\u00e9\" data-scaytid=\"282\">qu\u00e9<\/span>?,<\/strong> dirigida <span data-scayt_word=\"tanto\" data-scaytid=\"553\">tanto<\/span> al <span data-scayt_word=\"gobierno\" data-scaytid=\"554\">gobierno<\/span> del PP como al <span data-scayt_word=\"gobierno\" data-scaytid=\"555\">gobierno<\/span> de la Generalitat. Nadie puede <span data-scayt_word=\"negar\" data-scaytid=\"556\">negar<\/span> la transversalidad del <span data-scayt_word=\"movimiento\" data-scaytid=\"557\">movimiento<\/span> soberanista; se equivocan los <span data-scayt_word=\"que\" data-scaytid=\"559\">que<\/span> vean a &ldquo;peligrosos&rdquo; separatistas imbuidos de un ancestral odio a <span data-scayt_word=\"Espa\u00f1a\" data-scaytid=\"566\">Espa\u00f1a<\/span> en este <span data-scayt_word=\"movimiento\" data-scaytid=\"558\">movimiento<\/span>, los hay y son <span data-scayt_word=\"una\" data-scaytid=\"567\">una<\/span> parte muy peque\u00f1a del mismo, o los <span data-scayt_word=\"que\" data-scaytid=\"560\">que<\/span> piensan \u00a0<span data-scayt_word=\"que\" data-scaytid=\"561\">que<\/span> la votaci\u00f3n y, llegado el caso, la <span data-scayt_word=\"independencia\" data-scaytid=\"572\">independencia<\/span>, ser\u00e1 un cheque en blanco para <span data-scayt_word=\"que\" data-scaytid=\"562\">que<\/span> la oligarqu\u00eda catalana haga y deshaga como lo viene haciendo con la oligarqu\u00eda espa\u00f1ola de la <span data-scayt_word=\"que\" data-scaytid=\"563\">que<\/span> forma parte fundamental y fundacional. Desde la sociedad civil, desde los movimientos antidesahucios, <span data-scayt_word=\"por\" data-scaytid=\"573\">por<\/span> la <span data-scayt_word=\"escuela\" data-scaytid=\"576\">escuela<\/span> y la sanidad <span data-scayt_word=\"p\u00fablica\" data-scaytid=\"577\">p\u00fablica<\/span>, <span data-scayt_word=\"por\" data-scaytid=\"574\">por<\/span> la regeneraci\u00f3n democr\u00e1tica de <span data-scayt_word=\"una\" data-scaytid=\"568\">una<\/span> pol\u00edtica lastrada <span data-scayt_word=\"por\" data-scaytid=\"575\">por<\/span> <span data-scayt_word=\"una\" data-scaytid=\"569\">una<\/span> corrupci\u00f3n sist\u00e9mica, etc., se lucha para llenar de contenido rupturista\u00a0 de <span data-scayt_word=\"una\" data-scaytid=\"570\">una<\/span> democracia participativa al proceso soberanista. Esto es lo <span data-scayt_word=\"que\" data-scaytid=\"564\">que<\/span> <span data-scayt_word=\"hacen\" data-scaytid=\"578\">hacen<\/span> <span data-scayt_word=\"las\" data-scaytid=\"579\">las<\/span> <span data-scayt_word=\"organizaciones\" data-scaytid=\"580\">organizaciones<\/span> <span data-scayt_word=\"que\" data-scaytid=\"565\">que<\/span> forman parte de la <span data-scayt_word=\"campa\u00f1a\" data-scaytid=\"581\">campa\u00f1a<\/span> <strong><span data-scayt_word=\"\u201cPor\" data-scaytid=\"582\">&ldquo;Por<\/span> <span data-scayt_word=\"una\" data-scaytid=\"571\">una<\/span> <span data-scayt_word=\"Catalunya\" data-scaytid=\"583\">Catalunya<\/span> Social&rdquo;.<\/strong> Sindicatos como la UGT, CCOO, la Federaci\u00f3n de Asociaciones de Vecinos de Barcelona, el Consejo Nacional de la Juventud de Catalunya, la Plataforma por el Derecho a la Salud, la Federaci\u00f3n de Asociaciones de Padres y Madres de Alumnos de Catalunya, en Pie por la Salud P\u00fablica, y partidos que firmaron el manifiesto <strong>&ldquo;Prioridad por una Catalunya Social&rdquo;<\/strong>.<\/p>\n<p> \t\u00a0<\/p>\n<p> \t<strong>Los tramos 57 y <\/strong><strong data-temp=\"true\">58<\/strong>de uno de los brazos de la V fue el lugar de encuentro de millares de ciudadanos, entre ellos los que est\u00e1n en las organizaciones que forman parte de la campa\u00f1a Por una Catalunya Social. Situados entre la calle Balmes y Rambla de Catalunya (no confundir con Las Ramblas), el <strong>teatro-cine Coliseum <\/strong>de la Gran V\u00eda mostraba un cartel que, en el contexto del d\u00eda, formaba una imagen de <strong>gran carga po\u00e9tica<\/strong>. El anuncio del espect\u00e1culo de <strong>El Mago Pop<\/strong> rezaba: <strong>&ldquo;La gran ilusi\u00f3n&rdquo;<\/strong>. \u00c9ste redactor recogi\u00f3 las declaraciones del <strong>Secretario General<\/strong> <strong>de la<\/strong> <strong>UGT de Catalunya<\/strong>, <strong>Josep Mar\u00eda \u00c1lvarez<\/strong>, que se ha posicionado por el derecho a decidir y votar el 9 N para <strong>&ldquo;salir del pozo&rdquo;<\/strong>, cosa que no todo el mundo comparte en su sindicato.<\/p>\n<p> \t\u00a0<\/p>\n<p> \t<strong>Entonces, \u00bfsu sindicato llama a votar el 9 N?<\/strong><\/p>\n<p> \t\u00a0<\/p>\n<p> \tEsta Diada es un clamor para exigir el derecho a votar, el derecho a poder decidir el futuro de los catalanes. Pero tambi\u00e9n es una Diada con fuerte contenido social. Si de verdad hay recuperaci\u00f3n econ\u00f3mica y estamos saliendo de la crisis, eso debe ir a los que tienen menos. No hay avance nacional sin\u00a0 avance social, y deben devolvernos los derechos sociales que se nos han quitado a los trabajadores. Y tambi\u00e9n no debemos olvidar la lucha contra la corrupci\u00f3n y le regeneraci\u00f3n democr\u00e1tica.<\/p>\n<p> \t\u00a0<\/p>\n<p> \tM\u00e1s all\u00e1 del discurso sabido y de tan repetido vac\u00edo de contenido, parece que s\u00ed, que la UGT particip\u00f3 en la Diada, entre otras cosas, porque defienden el derecho a decidir. Unos pocos metros m\u00e1s all\u00e1 me encuentro con la figura bonachona de <strong>Joan Carles Gallego<\/strong>, a la saz\u00f3n <strong>Secretario General de CCOO de Catalunya<\/strong>:<\/p>\n<p> \t\u00a0<\/p>\n<p> \t<strong>Algunos de los partidos que lideran el proceso soberanista, como la coalici\u00f3n de CiU, dan y han dado su apoyo a la pol\u00edtica de los recortes, y\u00a0 la practican. \u00bfQu\u00e9 tiene que decir?<\/strong><\/p>\n<p> \t\u00a0<\/p>\n<p> \tEvidentemente, hay diversidad de posiciones pol\u00edticas en el movimiento soberanista. A nosotros nos preocupa mucho que la direcci\u00f3n pol\u00edtica de este proceso sea con aquellos que defienden las pol\u00edticas neoliberales y los recortes, por eso estamos en la calle para dejar claro que el debate nacional y el debate social deben ir en paralelo. La respuesta pol\u00edtica al conflicto nacional, en forma de democracia, en forma al derecho a decidir, es v\u00e1lida tambi\u00e9n para el conflicto social. Nosotros queremos decidir, pero queremos decidirlo todo, en lo social tambi\u00e9n. Queremos decidir una mejor relaci\u00f3n de Catalunya con Espa\u00f1a para superar un modelo que est\u00e1 agotado, pero queremos decidir tambi\u00e9n los modelos sociales que nos est\u00e1n imponiendo, con recortes de derechos que est\u00e1n generando pobreza y desigualdad. Si lo social no se pone en primera l\u00ednea, la gente se va a cansar.<\/p>\n<p> \t\u00a0<\/p>\n<p> \t<strong>\u00bfY qu\u00e9 opinan de todo esto sus compa\u00f1eros de Madrid, por ejemplo?<\/strong><\/p>\n<p> \t\u00a0<\/p>\n<p> \tCon los compa\u00f1eros de Comisiones Obreras en el \u00e1mbito estatal tenemos una coincidencia en el diagnostico y en el an\u00e1lisis. Coincidimos que el actual modelo constitucional no da respuesta a los problemas de relaci\u00f3n entre Catalunya y Espa\u00f1a, pero tampoco con el conjunto del Estado de las Autonom\u00edas. Las pol\u00edtica del PP son muy centralizadoras, y esto no es bueno porque el autogobierno cercano a la gente siempre es mejor. Esto lo compartimos con los compa\u00f1eros de CCOO del resto del Estado, y despu\u00e9s respetan que estemos con la mayor\u00eda social de Catalunya que exige que este conflicto se resuelva con el derecho democr\u00e1tico a decidir. Tambi\u00e9n coincidimos en que hay abordar una reforma constitucional profunda que de repuesta a la movilizaci\u00f3n y reivindicaciones sociales de hoy.<\/p>\n<p> \t\u00a0<\/p>\n<p> \tDejo a Gallego que portaba una camiseta amarilla con la leyenda: <strong>&ldquo;SOS, ense\u00f1anza p\u00fablica y de calidad&rdquo;<\/strong>, camiseta que coincid\u00eda con las que portaban los diputados de ICV-EUiA, Dolors Camats y Joan Herrera, el diputado del mismo grupo parlamentario, Ricard Gom\u00e0, coincid\u00eda en el color de la camiseta, pero no en la leyenda, la suya dec\u00eda: <strong>&ldquo;Catalonia is not CiU&rdquo;<\/strong>. ICV-EUiU no particip\u00f3 en la Cadena Humana de la Diada del a\u00f1o pasado por considerar que ten\u00eda un perfil claramente independentista. Dolors Camats tom\u00f3 la palabra para dirigirse a los medios all\u00ed destacados:<\/p>\n<p> \t\u00a0<\/p>\n<p> \t&ldquo;La exhibici\u00f3n de la potencia de la V es el mejor argumento de la movilizaci\u00f3n popular, social y c\u00edvica que exige que nos dejen votar el 9 N. Es esta fuerza ciudadana la que est\u00e1 impulsando este proceso que estamos viviendo en Catalunya.\u00a0 Un proceso que tiene un grito de democracia, de poder decidir, de ser soberanos para poder decir. En este tramo de la V, donde est\u00e1n las organizaciones sociales, vecinales, juveniles, tiene el anhelo de hacer pa\u00eds y decir qu\u00e9 pa\u00eds queremos desde el punto de vista nacional y social. Los que niegan la democracia del derecho a decidir, y la capacidad de la gente de decidir sobre sus vidas, o que manera de pueblo, pa\u00eds o naci\u00f3n queremos o podemos ser, se encuentran con la voluntad y la movilizaci\u00f3n de la gente. Ser\u00eda bueno que tomaran nota los que hablan de legalidades, leyes, de parlamentos, de asambleas, de que hay un clamor en la calle y aqu\u00ed estamos&rdquo;. Mientras habla la diputada, se arreciaron los gritos de independencia entre la gente cercana.<\/p>\n<p> \t\u00a0<\/p>\n<p> \t<strong>\u00bfQu\u00e9 opina Dolors Camats?<\/strong><\/p>\n<p> \t\u00a0<\/p>\n<p> \tEs evidente que en una movilizaci\u00f3n por el derecho a decidir hay gente que reclama la independencia, pero sobre todo hay gente que reclama el poder votar el 9 N, que se exprese la voluntad de lo que quiera la gente. La calle es hoy el punto de encuentro de los que queremos m\u00e1s democracia y poder decidir.<\/p>\n<p> \t\u00a0<\/p>\n<p> \tLas <em><span data-scayt_word=\"senyeres\" data-scaytid=\"363\">senyeres<\/span> <\/em>y <span data-scayt_word=\"las\" data-scaytid=\"283\">las<\/span> <em><span data-scayt_word=\"esteladas\" data-scaytid=\"369\">esteladas<\/span> <\/em>(<span data-scayt_word=\"\u00e9stas\" data-scaytid=\"370\">\u00e9stas<\/span> <span data-scayt_word=\"\u00faltimas\" data-scaytid=\"371\">\u00faltimas<\/span> <span data-scayt_word=\"eran\" data-scaytid=\"372\">eran<\/span> <span data-scayt_word=\"mayor\u00eda\" data-scaytid=\"373\">mayor\u00eda<\/span>)se <span data-scayt_word=\"unen\" data-scaytid=\"374\">unen<\/span> con <span data-scayt_word=\"las\" data-scaytid=\"284\">las<\/span> <span data-scayt_word=\"banderas\" data-scaytid=\"375\">banderas<\/span> de <span data-scayt_word=\"Escocia\" data-scaytid=\"378\">Escocia<\/span>, de Galicia, con <span data-scayt_word=\"las\" data-scaytid=\"285\">las<\/span> <span data-scayt_word=\"ikurri\u00f1as\" data-scaytid=\"379\">ikurri\u00f1as<\/span>, con <span data-scayt_word=\"banderas\" data-scaytid=\"376\">banderas<\/span> de <span data-scayt_word=\"Andaluc\u00eda\" data-scaytid=\"380\">Andaluc\u00eda<\/span> y <span data-scayt_word=\"otras\" data-scaytid=\"381\">otras<\/span> <span data-scayt_word=\"comunidades\" data-scaytid=\"382\">comunidades<\/span> de <span data-scayt_word=\"Espa\u00f1a\" data-scaytid=\"383\">Espa\u00f1a<\/span>, o con <span data-scayt_word=\"las\" data-scaytid=\"286\">las<\/span> <span data-scayt_word=\"camisetas\" data-scaytid=\"385\">camisetas<\/span> de un <span data-scayt_word=\"grupo\" data-scaytid=\"386\">grupo<\/span> de <span data-scayt_word=\"j\u00f3venes\" data-scaytid=\"387\">j\u00f3venes<\/span> <span data-scayt_word=\"que\" data-scaytid=\"288\">que<\/span> <span data-scayt_word=\"reclaman\" data-scaytid=\"396\">reclaman<\/span> la <span data-scayt_word=\"independencia\" data-scaytid=\"397\">independencia<\/span> de <span data-scayt_word=\"C\u00f3rcega\" data-scaytid=\"398\">C\u00f3rcega<\/span>. <span data-scayt_word=\"Todos\" data-scaytid=\"399\">Todos<\/span>, <span data-scayt_word=\"independientes\" data-scaytid=\"400\">independientes<\/span> de <span data-scayt_word=\"sus\" data-scaytid=\"401\">sus<\/span> ideas <span data-scayt_word=\"pol\u00edticas\" data-scaytid=\"403\">pol\u00edticas<\/span>, <span data-scayt_word=\"participaron\" data-scaytid=\"404\">participaron<\/span> de <span data-scayt_word=\"una\" data-scaytid=\"296\">una<\/span> <span data-scayt_word=\"jornada\" data-scaytid=\"406\">jornada<\/span> <span data-scayt_word=\"que\" data-scaytid=\"289\">que<\/span> <span data-scayt_word=\"nadie\" data-scaytid=\"407\">nadie<\/span> <span data-scayt_word=\"podr\u00e1\" data-scaytid=\"408\">podr\u00e1<\/span> <span data-scayt_word=\"negar\" data-scaytid=\"409\">negar<\/span> <span data-scayt_word=\"que\" data-scaytid=\"290\">que<\/span> <span data-scayt_word=\"fue\" data-scaytid=\"410\">fue<\/span> <span data-scayt_word=\"festiva\" data-scaytid=\"297\">festiva<\/span>, <span data-scayt_word=\"alegre\" data-scaytid=\"412\">alegre<\/span> y <span data-scayt_word=\"carente\" data-scaytid=\"413\">carente<\/span> de <span data-scayt_word=\"incidentes\" data-scaytid=\"414\">incidentes<\/span> <span data-scayt_word=\"destacables\" data-scaytid=\"415\">destacables<\/span>. <span data-scayt_word=\"Pese\" data-scaytid=\"416\">Pese<\/span> a <span data-scayt_word=\"que\" data-scaytid=\"291\">que<\/span>, <span data-scayt_word=\"seg\u00fan\" data-scaytid=\"417\">seg\u00fan<\/span> nos <span data-scayt_word=\"cuentan\" data-scaytid=\"418\">cuentan<\/span>, el <span data-scayt_word=\"consulado\" data-scaytid=\"419\">consulado<\/span> de <span data-scayt_word=\"EEUU\" data-scaytid=\"420\">EEUU<\/span> en Barcelona <span data-scayt_word=\"hab\u00eda\" data-scaytid=\"421\">hab\u00eda<\/span> <span data-scayt_word=\"advertido\" data-scaytid=\"422\">advertido<\/span> a <span data-scayt_word=\"sus\" data-scaytid=\"402\">sus<\/span> <span data-scayt_word=\"nacionales\" data-scaytid=\"423\">nacionales<\/span> <span data-scayt_word=\"que\" data-scaytid=\"292\">que<\/span> no se <span data-scayt_word=\"acercaran\" data-scaytid=\"424\">acercaran<\/span> <span data-scayt_word=\"por\" data-scaytid=\"298\">por<\/span> <span data-scayt_word=\"las\" data-scaytid=\"287\">las<\/span> <span data-scayt_word=\"movilizaciones\" data-scaytid=\"427\">movilizaciones<\/span>, <span data-scayt_word=\"algo\" data-scaytid=\"428\">algo<\/span> <span data-scayt_word=\"imposible\" data-scaytid=\"429\">imposible<\/span> <span data-scayt_word=\"cuando\" data-scaytid=\"430\">cuando<\/span> <span data-scayt_word=\"todo\" data-scaytid=\"431\">todo<\/span> el <span data-scayt_word=\"centro\" data-scaytid=\"433\">centro<\/span> de la <span data-scayt_word=\"ciudad\" data-scaytid=\"434\">ciudad<\/span> era un <span data-scayt_word=\"marea\" data-scaytid=\"300\">marea<\/span> de <span data-scayt_word=\"gente\" data-scaytid=\"436\">gente<\/span> con <span data-scayt_word=\"banderas\" data-scaytid=\"377\">banderas<\/span> <span data-scayt_word=\"catalanas\" data-scaytid=\"437\">catalanas<\/span>, y <span data-scayt_word=\"todo\" data-scaytid=\"432\">todo<\/span> <span data-scayt_word=\"ello\" data-scaytid=\"438\">ello<\/span> <span data-scayt_word=\"por\" data-scaytid=\"299\">por<\/span> <span data-scayt_word=\"miedo\" data-scaytid=\"439\">miedo<\/span> a un <span data-scayt_word=\"atentado\" data-scaytid=\"440\">atentado<\/span> <span data-scayt_word=\"yihadista\" data-scaytid=\"441\">yihadista<\/span> al <span data-scayt_word=\"coincidir\" data-scaytid=\"442\">coincidir<\/span> la <span data-scayt_word=\"fecha\" data-scaytid=\"443\">fecha<\/span> con el 11 S y la <span data-scayt_word=\"presencia\" data-scaytid=\"444\">presencia<\/span> de la <span data-scayt_word=\"selecci\u00f3n\" data-scaytid=\"445\">selecci\u00f3n<\/span> <span data-scayt_word=\"norteamericana\" data-scaytid=\"446\">norteamericana<\/span> de <span data-scayt_word=\"baloncesto\" data-scaytid=\"447\">baloncesto<\/span> en <span data-scayt_word=\"Espa\u00f1a\" data-scaytid=\"384\">Espa\u00f1a<\/span>. Los <span data-scayt_word=\"mossos\" data-scaytid=\"448\">mossos<\/span> <span data-scayt_word=\"confirmaron\" data-scaytid=\"449\">confirmaron<\/span> <span data-scayt_word=\"que\" data-scaytid=\"293\">que<\/span> <span data-scayt_word=\"existi\u00f3\" data-scaytid=\"450\">existi\u00f3<\/span> la <span data-scayt_word=\"advertencia\" data-scaytid=\"451\">advertencia<\/span> e <span data-scayt_word=\"incluso\" data-scaytid=\"452\">incluso<\/span> <span data-scayt_word=\"adoptaron\" data-scaytid=\"453\">adoptaron<\/span> <span data-scayt_word=\"unos\" data-scaytid=\"454\">unos<\/span> <span data-scayt_word=\"protocolos\" data-scaytid=\"455\">protocolos<\/span> <span data-scayt_word=\"que\" data-scaytid=\"294\">que<\/span>, al final, no <span data-scayt_word=\"tuvieron\" data-scaytid=\"456\">tuvieron<\/span> <span data-scayt_word=\"que\" data-scaytid=\"295\">que<\/span> <span data-scayt_word=\"aplicarse\" data-scaytid=\"457\">aplicarse<\/span>.<\/p>\n<p> \t\u00a0<\/p>\n<p> \t<span class=\"editlinktip hasTip\">{morfeo 726} <\/span><\/p>\n<p> \t\u00a0<\/p>","protected":false},"excerpt":{"rendered":"<p>Las organizaciones que apoyan la campa\u00f1a &ldquo;Por una Catalunya Social&rdquo; se hicieron o\u00edr en la V\u00eda Catalana 2014. La camiseta roja de la V se mezclaba con las de la marea amarilla por una escuela p\u00fablica y contra los recortes, las de la Plataforma de Afectados por la Hipoteca o [&hellip;]<\/p>\n","protected":false},"author":1,"featured_media":0,"comment_status":"open","ping_status":"open","sticky":false,"template":"","format":"standard","meta":{"footnotes":""},"categories":[76],"tags":[],"class_list":["post-5926","post","type-post","status-publish","format-standard","hentry","category-barcelona"],"yoast_head":"<!-- This site is optimized with the Yoast SEO plugin v27.5 - https:\/\/yoast.com\/product\/yoast-seo-wordpress\/ -->\n<title>Joan Gallego, CCOO: \u201cNosotros queremos decidirlo todo, en lo social tambi\u00e9n\u201d - Revista Rambla<\/title>\n<meta name=\"robots\" content=\"index, follow, max-snippet:-1, max-image-preview:large, max-video-preview:-1\" \/>\n<link rel=\"canonical\" href=\"https:\/\/www.revistarambla.com\/en\/joan-gallego-ccoo-nosotros-queremos-decidirlo-todo-en-lo-social-tambien\/\" \/>\n<meta property=\"og:locale\" content=\"en_GB\" \/>\n<meta property=\"og:type\" content=\"article\" \/>\n<meta property=\"og:title\" content=\"Joan Gallego, CCOO: \u201cNosotros queremos decidirlo todo, en lo social tambi\u00e9n\u201d - Revista Rambla\" \/>\n<meta property=\"og:description\" content=\"Las organizaciones que apoyan la campa\u00f1a &ldquo;Por una Catalunya Social&rdquo; se hicieron o\u00edr en la V\u00eda Catalana 2014. La camiseta roja de la V se mezclaba con las de la marea amarilla por una escuela p\u00fablica y contra los recortes, las de la Plataforma de Afectados por la Hipoteca o [&hellip;]\" \/>\n<meta property=\"og:url\" content=\"https:\/\/www.revistarambla.com\/en\/joan-gallego-ccoo-nosotros-queremos-decidirlo-todo-en-lo-social-tambien\/\" \/>\n<meta property=\"og:site_name\" content=\"Revista Rambla\" \/>\n<meta property=\"article:publisher\" content=\"https:\/\/www.facebook.com\/revistarambla\/\" \/>\n<meta property=\"article:published_time\" content=\"2014-09-13T06:23:28+00:00\" \/>\n<meta property=\"og:image\" content=\"https:\/\/i1.wp.com\/www.revistarambla.com\/wp-content\/uploads\/2014\/09\/dida_revistarambla_01.jpg?fit=682%2C430&ssl=1\" \/>\n\t<meta property=\"og:image:width\" content=\"682\" \/>\n\t<meta property=\"og:image:height\" content=\"430\" \/>\n\t<meta property=\"og:image:type\" content=\"image\/jpeg\" \/>\n<meta name=\"author\" content=\"admin\" \/>\n<meta name=\"twitter:card\" content=\"summary_large_image\" \/>\n<meta name=\"twitter:creator\" content=\"@revistarambla\" \/>\n<meta name=\"twitter:site\" content=\"@revistarambla\" \/>\n<meta name=\"twitter:label1\" content=\"Written by\" \/>\n\t<meta name=\"twitter:data1\" content=\"admin\" \/>\n\t<meta name=\"twitter:label2\" content=\"Estimated reading time\" \/>\n\t<meta name=\"twitter:data2\" content=\"8 minutes\" \/>\n<script type=\"application\/ld+json\" class=\"yoast-schema-graph\">{\"@context\":\"https:\\\/\\\/schema.org\",\"@graph\":[{\"@type\":\"Article\",\"@id\":\"https:\\\/\\\/www.revistarambla.com\\\/joan-gallego-ccoo-nosotros-queremos-decidirlo-todo-en-lo-social-tambien\\\/#article\",\"isPartOf\":{\"@id\":\"https:\\\/\\\/www.revistarambla.com\\\/joan-gallego-ccoo-nosotros-queremos-decidirlo-todo-en-lo-social-tambien\\\/\"},\"author\":{\"name\":\"admin\",\"@id\":\"https:\\\/\\\/www.revistarambla.com\\\/#\\\/schema\\\/person\\\/4a5652fc8c82df1f8593002d038cd79e\"},\"headline\":\"Joan Gallego, CCOO: \u201cNosotros queremos decidirlo todo, en lo social tambi\u00e9n\u201d\",\"datePublished\":\"2014-09-13T06:23:28+00:00\",\"mainEntityOfPage\":{\"@id\":\"https:\\\/\\\/www.revistarambla.com\\\/joan-gallego-ccoo-nosotros-queremos-decidirlo-todo-en-lo-social-tambien\\\/\"},\"wordCount\":1577,\"commentCount\":0,\"publisher\":{\"@id\":\"https:\\\/\\\/www.revistarambla.com\\\/#organization\"},\"image\":{\"@id\":\"https:\\\/\\\/www.revistarambla.com\\\/joan-gallego-ccoo-nosotros-queremos-decidirlo-todo-en-lo-social-tambien\\\/#primaryimage\"},\"thumbnailUrl\":\"https:\\\/\\\/www.revistarambla.com\\\/wp-content\\\/uploads\\\/2014\\\/09\\\/dida_revistarambla_01.jpg\",\"articleSection\":[\"Barcelona\"],\"inLanguage\":\"en-GB\",\"potentialAction\":[{\"@type\":\"CommentAction\",\"name\":\"Comment\",\"target\":[\"https:\\\/\\\/www.revistarambla.com\\\/joan-gallego-ccoo-nosotros-queremos-decidirlo-todo-en-lo-social-tambien\\\/#respond\"]}]},{\"@type\":\"WebPage\",\"@id\":\"https:\\\/\\\/www.revistarambla.com\\\/joan-gallego-ccoo-nosotros-queremos-decidirlo-todo-en-lo-social-tambien\\\/\",\"url\":\"https:\\\/\\\/www.revistarambla.com\\\/joan-gallego-ccoo-nosotros-queremos-decidirlo-todo-en-lo-social-tambien\\\/\",\"name\":\"Joan Gallego, CCOO: \u201cNosotros queremos decidirlo todo, en lo social tambi\u00e9n\u201d - Revista Rambla\",\"isPartOf\":{\"@id\":\"https:\\\/\\\/www.revistarambla.com\\\/#website\"},\"primaryImageOfPage\":{\"@id\":\"https:\\\/\\\/www.revistarambla.com\\\/joan-gallego-ccoo-nosotros-queremos-decidirlo-todo-en-lo-social-tambien\\\/#primaryimage\"},\"image\":{\"@id\":\"https:\\\/\\\/www.revistarambla.com\\\/joan-gallego-ccoo-nosotros-queremos-decidirlo-todo-en-lo-social-tambien\\\/#primaryimage\"},\"thumbnailUrl\":\"https:\\\/\\\/www.revistarambla.com\\\/wp-content\\\/uploads\\\/2014\\\/09\\\/dida_revistarambla_01.jpg\",\"datePublished\":\"2014-09-13T06:23:28+00:00\",\"breadcrumb\":{\"@id\":\"https:\\\/\\\/www.revistarambla.com\\\/joan-gallego-ccoo-nosotros-queremos-decidirlo-todo-en-lo-social-tambien\\\/#breadcrumb\"},\"inLanguage\":\"en-GB\",\"potentialAction\":[{\"@type\":\"ReadAction\",\"target\":[\"https:\\\/\\\/www.revistarambla.com\\\/joan-gallego-ccoo-nosotros-queremos-decidirlo-todo-en-lo-social-tambien\\\/\"]}]},{\"@type\":\"ImageObject\",\"inLanguage\":\"en-GB\",\"@id\":\"https:\\\/\\\/www.revistarambla.com\\\/joan-gallego-ccoo-nosotros-queremos-decidirlo-todo-en-lo-social-tambien\\\/#primaryimage\",\"url\":\"https:\\\/\\\/www.revistarambla.com\\\/wp-content\\\/uploads\\\/2014\\\/09\\\/dida_revistarambla_01.jpg\",\"contentUrl\":\"https:\\\/\\\/www.revistarambla.com\\\/wp-content\\\/uploads\\\/2014\\\/09\\\/dida_revistarambla_01.jpg\"},{\"@type\":\"BreadcrumbList\",\"@id\":\"https:\\\/\\\/www.revistarambla.com\\\/joan-gallego-ccoo-nosotros-queremos-decidirlo-todo-en-lo-social-tambien\\\/#breadcrumb\",\"itemListElement\":[{\"@type\":\"ListItem\",\"position\":1,\"name\":\"Portada\",\"item\":\"https:\\\/\\\/www.revistarambla.com\\\/\"},{\"@type\":\"ListItem\",\"position\":2,\"name\":\"Joan Gallego, CCOO: \u201cNosotros queremos decidirlo todo, en lo social tambi\u00e9n\u201d\"}]},{\"@type\":\"WebSite\",\"@id\":\"https:\\\/\\\/www.revistarambla.com\\\/#website\",\"url\":\"https:\\\/\\\/www.revistarambla.com\\\/\",\"name\":\"Revista Rambla Barcelona\",\"description\":\"Periodismo independiente\",\"publisher\":{\"@id\":\"https:\\\/\\\/www.revistarambla.com\\\/#organization\"},\"potentialAction\":[{\"@type\":\"SearchAction\",\"target\":{\"@type\":\"EntryPoint\",\"urlTemplate\":\"https:\\\/\\\/www.revistarambla.com\\\/?s={search_term_string}\"},\"query-input\":{\"@type\":\"PropertyValueSpecification\",\"valueRequired\":true,\"valueName\":\"search_term_string\"}}],\"inLanguage\":\"en-GB\"},{\"@type\":\"Organization\",\"@id\":\"https:\\\/\\\/www.revistarambla.com\\\/#organization\",\"name\":\"Revista Rambla\",\"url\":\"https:\\\/\\\/www.revistarambla.com\\\/\",\"logo\":{\"@type\":\"ImageObject\",\"inLanguage\":\"en-GB\",\"@id\":\"https:\\\/\\\/www.revistarambla.com\\\/#\\\/schema\\\/logo\\\/image\\\/\",\"url\":\"https:\\\/\\\/www.revistarambla.com\\\/wp-content\\\/uploads\\\/2020\\\/09\\\/banner_rambla_1900x600_BB.png\",\"contentUrl\":\"https:\\\/\\\/www.revistarambla.com\\\/wp-content\\\/uploads\\\/2020\\\/09\\\/banner_rambla_1900x600_BB.png\",\"width\":1900,\"height\":600,\"caption\":\"Revista Rambla\"},\"image\":{\"@id\":\"https:\\\/\\\/www.revistarambla.com\\\/#\\\/schema\\\/logo\\\/image\\\/\"},\"sameAs\":[\"https:\\\/\\\/www.facebook.com\\\/revistarambla\\\/\",\"https:\\\/\\\/x.com\\\/revistarambla\",\"https:\\\/\\\/www.instagram.com\\\/revista_rambla\",\"https:\\\/\\\/es.linkedin.com\\\/company\\\/revista-rambla\"]},{\"@type\":\"Person\",\"@id\":\"https:\\\/\\\/www.revistarambla.com\\\/#\\\/schema\\\/person\\\/4a5652fc8c82df1f8593002d038cd79e\",\"name\":\"admin\"}]}<\/script>\n<!-- \/ Yoast SEO plugin. -->","yoast_head_json":{"title":"Joan Gallego, CCOO: \u201cNosotros queremos decidirlo todo, en lo social tambi\u00e9n\u201d - Revista Rambla","robots":{"index":"index","follow":"follow","max-snippet":"max-snippet:-1","max-image-preview":"max-image-preview:large","max-video-preview":"max-video-preview:-1"},"canonical":"https:\/\/www.revistarambla.com\/en\/joan-gallego-ccoo-nosotros-queremos-decidirlo-todo-en-lo-social-tambien\/","og_locale":"en_GB","og_type":"article","og_title":"Joan Gallego, CCOO: \u201cNosotros queremos decidirlo todo, en lo social tambi\u00e9n\u201d - Revista Rambla","og_description":"Las organizaciones que apoyan la campa\u00f1a &ldquo;Por una Catalunya Social&rdquo; se hicieron o\u00edr en la V\u00eda Catalana 2014. La camiseta roja de la V se mezclaba con las de la marea amarilla por una escuela p\u00fablica y contra los recortes, las de la Plataforma de Afectados por la Hipoteca o [&hellip;]","og_url":"https:\/\/www.revistarambla.com\/en\/joan-gallego-ccoo-nosotros-queremos-decidirlo-todo-en-lo-social-tambien\/","og_site_name":"Revista Rambla","article_publisher":"https:\/\/www.facebook.com\/revistarambla\/","article_published_time":"2014-09-13T06:23:28+00:00","og_image":[{"width":682,"height":430,"url":"https:\/\/i1.wp.com\/www.revistarambla.com\/wp-content\/uploads\/2014\/09\/dida_revistarambla_01.jpg?fit=682%2C430&ssl=1","type":"image\/jpeg"}],"author":"admin","twitter_card":"summary_large_image","twitter_creator":"@revistarambla","twitter_site":"@revistarambla","twitter_misc":{"Written by":"admin","Estimated reading time":"8 minutes"},"schema":{"@context":"https:\/\/schema.org","@graph":[{"@type":"Article","@id":"https:\/\/www.revistarambla.com\/joan-gallego-ccoo-nosotros-queremos-decidirlo-todo-en-lo-social-tambien\/#article","isPartOf":{"@id":"https:\/\/www.revistarambla.com\/joan-gallego-ccoo-nosotros-queremos-decidirlo-todo-en-lo-social-tambien\/"},"author":{"name":"admin","@id":"https:\/\/www.revistarambla.com\/#\/schema\/person\/4a5652fc8c82df1f8593002d038cd79e"},"headline":"Joan Gallego, CCOO: \u201cNosotros queremos decidirlo todo, en lo social tambi\u00e9n\u201d","datePublished":"2014-09-13T06:23:28+00:00","mainEntityOfPage":{"@id":"https:\/\/www.revistarambla.com\/joan-gallego-ccoo-nosotros-queremos-decidirlo-todo-en-lo-social-tambien\/"},"wordCount":1577,"commentCount":0,"publisher":{"@id":"https:\/\/www.revistarambla.com\/#organization"},"image":{"@id":"https:\/\/www.revistarambla.com\/joan-gallego-ccoo-nosotros-queremos-decidirlo-todo-en-lo-social-tambien\/#primaryimage"},"thumbnailUrl":"https:\/\/www.revistarambla.com\/wp-content\/uploads\/2014\/09\/dida_revistarambla_01.jpg","articleSection":["Barcelona"],"inLanguage":"en-GB","potentialAction":[{"@type":"CommentAction","name":"Comment","target":["https:\/\/www.revistarambla.com\/joan-gallego-ccoo-nosotros-queremos-decidirlo-todo-en-lo-social-tambien\/#respond"]}]},{"@type":"WebPage","@id":"https:\/\/www.revistarambla.com\/joan-gallego-ccoo-nosotros-queremos-decidirlo-todo-en-lo-social-tambien\/","url":"https:\/\/www.revistarambla.com\/joan-gallego-ccoo-nosotros-queremos-decidirlo-todo-en-lo-social-tambien\/","name":"Joan Gallego, CCOO: \u201cNosotros queremos decidirlo todo, en lo social tambi\u00e9n\u201d - Revista Rambla","isPartOf":{"@id":"https:\/\/www.revistarambla.com\/#website"},"primaryImageOfPage":{"@id":"https:\/\/www.revistarambla.com\/joan-gallego-ccoo-nosotros-queremos-decidirlo-todo-en-lo-social-tambien\/#primaryimage"},"image":{"@id":"https:\/\/www.revistarambla.com\/joan-gallego-ccoo-nosotros-queremos-decidirlo-todo-en-lo-social-tambien\/#primaryimage"},"thumbnailUrl":"https:\/\/www.revistarambla.com\/wp-content\/uploads\/2014\/09\/dida_revistarambla_01.jpg","datePublished":"2014-09-13T06:23:28+00:00","breadcrumb":{"@id":"https:\/\/www.revistarambla.com\/joan-gallego-ccoo-nosotros-queremos-decidirlo-todo-en-lo-social-tambien\/#breadcrumb"},"inLanguage":"en-GB","potentialAction":[{"@type":"ReadAction","target":["https:\/\/www.revistarambla.com\/joan-gallego-ccoo-nosotros-queremos-decidirlo-todo-en-lo-social-tambien\/"]}]},{"@type":"ImageObject","inLanguage":"en-GB","@id":"https:\/\/www.revistarambla.com\/joan-gallego-ccoo-nosotros-queremos-decidirlo-todo-en-lo-social-tambien\/#primaryimage","url":"https:\/\/www.revistarambla.com\/wp-content\/uploads\/2014\/09\/dida_revistarambla_01.jpg","contentUrl":"https:\/\/www.revistarambla.com\/wp-content\/uploads\/2014\/09\/dida_revistarambla_01.jpg"},{"@type":"BreadcrumbList","@id":"https:\/\/www.revistarambla.com\/joan-gallego-ccoo-nosotros-queremos-decidirlo-todo-en-lo-social-tambien\/#breadcrumb","itemListElement":[{"@type":"ListItem","position":1,"name":"Portada","item":"https:\/\/www.revistarambla.com\/"},{"@type":"ListItem","position":2,"name":"Joan Gallego, CCOO: \u201cNosotros queremos decidirlo todo, en lo social tambi\u00e9n\u201d"}]},{"@type":"WebSite","@id":"https:\/\/www.revistarambla.com\/#website","url":"https:\/\/www.revistarambla.com\/","name":"Revista Rambla Barcelona","description":"Periodismo independiente","publisher":{"@id":"https:\/\/www.revistarambla.com\/#organization"},"potentialAction":[{"@type":"SearchAction","target":{"@type":"EntryPoint","urlTemplate":"https:\/\/www.revistarambla.com\/?s={search_term_string}"},"query-input":{"@type":"PropertyValueSpecification","valueRequired":true,"valueName":"search_term_string"}}],"inLanguage":"en-GB"},{"@type":"Organization","@id":"https:\/\/www.revistarambla.com\/#organization","name":"Revista Rambla","url":"https:\/\/www.revistarambla.com\/","logo":{"@type":"ImageObject","inLanguage":"en-GB","@id":"https:\/\/www.revistarambla.com\/#\/schema\/logo\/image\/","url":"https:\/\/www.revistarambla.com\/wp-content\/uploads\/2020\/09\/banner_rambla_1900x600_BB.png","contentUrl":"https:\/\/www.revistarambla.com\/wp-content\/uploads\/2020\/09\/banner_rambla_1900x600_BB.png","width":1900,"height":600,"caption":"Revista Rambla"},"image":{"@id":"https:\/\/www.revistarambla.com\/#\/schema\/logo\/image\/"},"sameAs":["https:\/\/www.facebook.com\/revistarambla\/","https:\/\/x.com\/revistarambla","https:\/\/www.instagram.com\/revista_rambla","https:\/\/es.linkedin.com\/company\/revista-rambla"]},{"@type":"Person","@id":"https:\/\/www.revistarambla.com\/#\/schema\/person\/4a5652fc8c82df1f8593002d038cd79e","name":"admin"}]}},"_links":{"self":[{"href":"https:\/\/www.revistarambla.com\/en\/wp-json\/wp\/v2\/posts\/5926","targetHints":{"allow":["GET"]}}],"collection":[{"href":"https:\/\/www.revistarambla.com\/en\/wp-json\/wp\/v2\/posts"}],"about":[{"href":"https:\/\/www.revistarambla.com\/en\/wp-json\/wp\/v2\/types\/post"}],"author":[{"embeddable":true,"href":"https:\/\/www.revistarambla.com\/en\/wp-json\/wp\/v2\/users\/1"}],"replies":[{"embeddable":true,"href":"https:\/\/www.revistarambla.com\/en\/wp-json\/wp\/v2\/comments?post=5926"}],"version-history":[{"count":0,"href":"https:\/\/www.revistarambla.com\/en\/wp-json\/wp\/v2\/posts\/5926\/revisions"}],"wp:attachment":[{"href":"https:\/\/www.revistarambla.com\/en\/wp-json\/wp\/v2\/media?parent=5926"}],"wp:term":[{"taxonomy":"category","embeddable":true,"href":"https:\/\/www.revistarambla.com\/en\/wp-json\/wp\/v2\/categories?post=5926"},{"taxonomy":"post_tag","embeddable":true,"href":"https:\/\/www.revistarambla.com\/en\/wp-json\/wp\/v2\/tags?post=5926"}],"curies":[{"name":"wp","href":"https:\/\/api.w.org\/{rel}","templated":true}]}}